{"id":16291,"date":"2023-06-10T20:57:29","date_gmt":"2023-06-10T18:57:29","guid":{"rendered":"https:\/\/www.freidenker.org\/?p=16291"},"modified":"2023-07-08T13:30:29","modified_gmt":"2023-07-08T11:30:29","slug":"der-blasen-kanzler","status":"publish","type":"post","link":"https:\/\/www.freidenker.org\/?p=16291","title":{"rendered":"Der Blasen-Kanzler"},"content":{"rendered":"<h3>Kaum trifft Olaf Scholz auf echte Menschen, flippt er aus<\/h3>\n<p><strong>Bei einem Europafest der SPD erfuhr Kanzler Olaf Scholz (SPD) heftige Widerworte. Als &#8222;Kriegstreiber&#8220; wurde er beschimpft, kombiniert mit Rufen wie &#8222;Wir sind das Volk&#8220; und &#8222;Frieden schaffen ohne Waffen&#8220;. Daraufhin flippte der Kanzler regelrecht aus. Daf\u00fcr muss man aber Verst\u00e4ndnis aufbringen. <\/strong><\/p>\n<p><em>Von<\/em>\u00a0<strong><em>Tom J. Wellbrock<\/em><\/strong><\/p>\n<p><span style=\"font-size: 10pt;\">Erstver\u00f6ffentlichung am 06.06.2023 auf <a href=\"https:\/\/freeassange.rtde.life\/meinung\/171948-blasen-kanzler-kaum-trifft-olaf\/\" target=\"_blank\" rel=\"noopener\">RT DE<\/a><\/span><\/p>\n<div class=\"EmbedBlock-root EmbedBlock-all\">\n<div class=\"AllEmbed\"><iframe loading=\"lazy\" title=\"Der Blasen-Kanzler: Kaum trifft Olaf Scholz auf echte Menschen, flippt er aus\" src=\"https:\/\/www.podbean.com\/player-v2\/?i=asjbh-142c0af-pb&amp;from=pb6admin&amp;share=1&amp;download=1&amp;rtl=0&amp;fonts=Arial&amp;skin=1&amp;font-color=auto&amp;logo_link=episode_page&amp;btn-skin=7\" width=\"100%\" height=\"150\" scrolling=\"no\" data-name=\"pb-iframe-player\" data-mce-fragment=\"1\"><\/iframe><\/div>\n<\/div>\n<p>Sawsan Chebli (SPD) ist bekannt f\u00fcr ihren unerm\u00fcdlichen Kampf gegen Hass und Hetze. K\u00fcrzlich hat sie sogar ein Buch mit dem Titel &#8222;Laut&#8220; herausgebracht, das seitdem viel diskutiert wird \u2013 vor allem von Chebli selbst. Sie wird nicht m\u00fcde, die Wichtigkeit ihres Buches anzupreisen, das sich auf Amazon die stolze Bewertung mit einem Stern und Kommentare wie &#8222;Kann weg&#8220; oder &#8222;Leider nur Hirn-Vakuum&#8220; eingefangen hat.<\/p>\n<p>Wie auch immer, mit Hass und Hetze kennt sich Chebli aus, und daher wei\u00df sie auch, wann wir es ausdr\u00fccklich nicht mit Hetze zu tun haben. Etwa dann, wenn der Bundeskanzler B\u00fcrger beschimpft, die wollen, dass der Ukraine-Krieg endlich endet. Auf Twitter teilte sie eine zusammenfassende Video-Sequenz mit den pr\u00e4gnantesten Stellen der Schreierei von Scholz und zwitscherte dazu:<\/p>\n<blockquote><p>&#8222;<em>Also ich mag es, wenn unser Kanzler Emotionen zeigt.&#8220;<\/em><\/p><\/blockquote>\n<p>Hass und Hetze? Ja, schon, aber nicht, wenn beides von Olaf Scholz ausgeht.<\/p>\n<p>F\u00fcr diesen unterirdischen Tweet kriegt Chebli leider wieder nur einen Stern.<\/p>\n<h5>Woher kommen Emotionen beim Kanzler Scholz?<\/h5>\n<p>Es war nicht der erste Auftritt von Scholz, bei dem er munter auf das Volk hernieder br\u00fcllte, weil das Volk schon wieder doofe Sachen sagte. Immer, wenn er sich sch\u00f6ne Reden zurechtlegt, kommen ein paar Unbelehrbare um die Ecke und machen alles kaputt. Da kann man schon mal so emotional werden, dass Sawsan Chebli in Tweets ihre entz\u00fcckte Begeisterung ausdr\u00fcckt.<\/p>\n<p>Doch des R\u00e4tsels L\u00f6sung scheint mir recht einfach zu sein. Olaf Scholz ist st\u00e4ndiger Bewohner seiner kleinen Gedankenwelt, einer Blase bestehend aus Kollegen, Lakaien, Fans, Stiefelleckern und nicht zuletzt der Chefetage in Washington. Wenn er schimpft wie ein Rohrspatz (rein optisch erinnert es an einen computeranimierten Gartenzwerg aus dem Hause &#8222;Fixel&#8220;), dann nur deshalb, weil er pl\u00f6tzlich und unerwartet ein echtes Feedback vom Volk erh\u00e4lt.<\/p>\n<p>Man muss das verstehen, mit dem Volk hat Scholz weder etwas am Hut noch etwas zu tun.<\/p>\n<h5>Berlin Inside<\/h5>\n<p>Die Distanz zur Bev\u00f6lkerung ist nur auf den ersten Blick komfortabel. Sicher, man muss sich nicht mit den wirren Gedanken der B\u00fcrger herumschlagen. Kriegsangst, Armutsangst, Klimaangst, Coronaangst, Angstangst und was es noch so alles gibt. Das ist nat\u00fcrlich nicht sehr sch\u00f6n, viel sch\u00f6ner ist es, sich auf dem Dach des Reichstages eine oder vier Stunden in die Sonne zu legen. Der gemeine B\u00fcrger ist empfindlich, mosert st\u00e4ndig rum, will gut leben und eine vern\u00fcnftige Rente haben. Das stresst, zumal dann, wenn man das daf\u00fcr notwendige Geld f\u00fcr den geopolitischen Suizid vorgesehen hat.<\/p>\n<p>Andererseits kommt es aufgrund dieser Blasenbildung im engen Kreis schnell zu Missverst\u00e4ndnissen, wenn man als Kanzler mal vors Volk tritt und die Priorit\u00e4ten erl\u00e4utern will. F\u00fcr einen Moment die Blase schwebend verlassen und mit dem P\u00f6bel in Kontakt zu treten, birgt unangenehme \u00dcberraschungen in sich. W\u00e4hrend der Kanzler bisher nur entscheiden musste, wann Waffen, Panzer, Kampfjets und Uranmunition gen Ukraine wandern, muss er bei Begegnungen mit den Schreih\u00e4lsen pl\u00f6tzlich die Erfahrung machen, dass die \u00fcberhaupt nix davon wollen. Das k\u00f6nnte zartbesaitete Pers\u00f6nlichkeiten in Trauer versetzen. Bei klein geratenen Leuten, die, wenn sie etwa Leute treffen, die wom\u00f6glich auch noch Amerikaner sind, st\u00e4ndig nach oben schauen m\u00fcssen, k\u00f6nnen solche Erfahrungen auch in unkontrollierten Wutausbr\u00fcchen enden.<\/p>\n<h5>Zur\u00fcck in der Box<\/h5>\n<p>Olaf Scholz hat es \u00fcberstanden. Er befindet sich jetzt wieder in seinem gesch\u00fctzten Rahmen, labt sich in seiner pers\u00f6nlichen Box an Speisen und Getr\u00e4nken und kann weiter an Ideen arbeiten, um die faschistische Ukraine mit &#8222;demokratisch-milit\u00e4rischen&#8220; Mitteln zu verteidigen. Diesen Wahnsinn nach au\u00dfen hin als coole Aktion zur Verteidigung von allem, was heilig ist, zu verkaufen, ist faktisch nicht m\u00f6glich, wie Reaktionen in der Bev\u00f6lkerung wiederholt zeigen. Aber fernab von Krakeelern, Schreih\u00e4lsen und Putin-Begreifern gelingt das Kunstst\u00fcck m\u00fchelos.<\/p>\n<p>Kein Wunder! Kommunikativ befindet sich Olaf Scholz auf Augenh\u00f6he mit dem d\u00f6senden Joe Biden, der stammelnden Annalena Baerbock oder dem in Richtung Volk leise vor sich hin furzenden Robert Habeck. Da gibt es keine Missverst\u00e4ndnisse.<\/p>\n<p style=\"text-align: right;\"><em>Tom J. Wellbrock ist Texter und Sprecher und betrieb gemeinsam mit Jens Berger den Blog Spiegelfechter. Aktuell betreibt er gemeinsam mit Roberto J. De Lapuente den Blog <a href=\"https:\/\/www.neulandrebellen.de\/\" target=\"_blank\" rel=\"noopener\">Neulandrebellen.de<\/a> sowie den Telegram-Kanal &#8222;<a href=\"https:\/\/t.me\/Randnotizen_aus_der_Mitte\" target=\"_blank\" rel=\"noopener\">Randnotizen aus der Mitte<\/a>&#8222;<\/em><\/p>\n<hr \/>\n<p><span style=\"font-size: 10pt;\">Bild: <\/span><span class=\"mw-mmv-title\"><span style=\"font-size: 10pt;\">Wahlplakat zu den Bundestagswahlen 2021 in Berlin (Ausschnitt)<\/span><br \/>\n<span style=\"font-size: 10pt;\">Foto: IgorCalzone1, <a href=\"https:\/\/creativecommons.org\/licenses\/by-sa\/4.0\" target=\"_blank\" rel=\"noopener\">CC BY-SA 4.0<\/a><\/span><br \/>\n<span style=\"font-size: 10pt;\">Quelle: <a href=\"https:\/\/commons.wikimedia.org\/w\/index.php?curid=112712568\" target=\"_blank\" rel=\"noopener\">https:\/\/commons.wikimedia.org\/w\/index.php?curid=112712568<\/a><\/span><br \/>\n<\/span><\/p>\n<p>&nbsp;<\/p>\n","protected":false},"excerpt":{"rendered":"<p><b>Kaum trifft Olaf Scholz auf echte Menschen, flippt er aus<\/b><br \/>\n<b>Von\u00a0Tom J. Wellbrock<\/b><br \/>\nSawsan Chebli (SPD) ist bekannt f\u00fcr ihren unerm\u00fcdlichen Kampf gegen Hass und Hetze. K\u00fcrzlich hat sie sogar ein Buch mit dem Titel &#8222;Laut&#8220; herausgebracht, das seitdem viel diskutiert wird \u2013 vor allem von Chebli selbst. Sie wird nicht m\u00fcde, die Wichtigkeit ihres Buches anzupreisen, das sich auf Amazon die stolze Bewertung mit einem Stern und Kommentare wie &#8222;Kann weg&#8220; oder &#8222;Leider nur Hirn-Vakuum&#8220; eingefangen hat.<br \/>\nWie auch immer, mit Hass und Hetze kennt sich Chebli aus, und daher wei\u00df sie auch, wann wir es ausdr\u00fccklich nicht mit Hetze zu tun haben. Etwa dann, wenn der Bundeskanzler B\u00fcrger beschimpft, die wollen, dass der Ukraine-Krieg endlich endet. <\/p>\n","protected":false},"author":3,"featured_media":16292,"comment_status":"closed","ping_status":"closed","sticky":false,"template":"","format":"standard","meta":{"colormag_page_container_layout":"default_layout","colormag_page_sidebar_layout":"default_layout","advanced_seo_description":"","jetpack_seo_html_title":"","jetpack_seo_noindex":false,"jetpack_post_was_ever_published":false,"footnotes":""},"categories":[12],"tags":[1463,335,188,395,1662,815,1525],"class_list":["post-16291","post","type-post","status-publish","format-standard","has-post-thumbnail","hentry","category-demokratie-medien-aufklaerung","tag-bundeskanzler","tag-frieden","tag-krieg","tag-meinungsfreiheit","tag-olaf-scholz","tag-spd","tag-waffenlieferungen"],"jetpack_featured_media_url":"https:\/\/i0.wp.com\/www.freidenker.org\/fw17\/wp-content\/uploads\/2023\/06\/Wahlplakat_Wahlen_2021_Olaf_Scholz_800x450.jpg?fit=800%2C450&ssl=1","jetpack_shortlink":"https:\/\/wp.me\/p9stpK-4eL","jetpack-related-posts":[{"id":17654,"url":"https:\/\/www.freidenker.org\/?p=17654","url_meta":{"origin":16291,"position":0},"title":"Die L\u00fcgenrede von Scholz auf dem SPD-Parteitag","author":"Webredaktion","date":"13. Dezember 2023","format":false,"excerpt":"Beitrag von Anti-Spiegel (d.i. Thomas R\u00f6per) Wie schon bei seiner Regierungserkl\u00e4rung vor einigen Tagen zum Urteil des Verfassungsgerichtes, dass die Haushaltspolitik der Scholz-Regierung als verfassungswidrig eingestuft und damit die Haushaltskrise ausgel\u00f6st hat, hat Scholz auch die Rede beim SPD-Parteitag damit begonnen, dass er und seine Regierung an allen Problemen in\u2026","rel":"","context":"In &quot;Demokratie \u2013 Medien \u2013 Aufkl\u00e4rung&quot;","block_context":{"text":"Demokratie \u2013 Medien \u2013 Aufkl\u00e4rung","link":"https:\/\/www.freidenker.org\/?cat=12"},"img":{"alt_text":"","src":"https:\/\/i0.wp.com\/www.freidenker.org\/fw17\/wp-content\/uploads\/2023\/12\/scholz_nase_800x450.jpg?fit=797%2C449&ssl=1&resize=350%2C200","width":350,"height":200,"srcset":"https:\/\/i0.wp.com\/www.freidenker.org\/fw17\/wp-content\/uploads\/2023\/12\/scholz_nase_800x450.jpg?fit=797%2C449&ssl=1&resize=350%2C200 1x, https:\/\/i0.wp.com\/www.freidenker.org\/fw17\/wp-content\/uploads\/2023\/12\/scholz_nase_800x450.jpg?fit=797%2C449&ssl=1&resize=525%2C300 1.5x, https:\/\/i0.wp.com\/www.freidenker.org\/fw17\/wp-content\/uploads\/2023\/12\/scholz_nase_800x450.jpg?fit=797%2C449&ssl=1&resize=700%2C400 2x"},"classes":[]},{"id":17496,"url":"https:\/\/www.freidenker.org\/?p=17496","url_meta":{"origin":16291,"position":1},"title":"Israelischer Plan zur ethnischen S\u00e4uberung Pal\u00e4stinas \u2013 Hilfestellung durch Kanzler Scholz?","author":"Webredaktion","date":"8. November 2023","format":false,"excerpt":"Beitrag von Rainer Rupp Am 29. Oktober erschien im Internet ein durchgesickertes Memo des rechtsradikalen, religi\u00f6s-rassistischen Regimes in Israel, das nicht nur bei Pal\u00e4stinensern, sondern rund um die Welt von Internetnutzern mit Emp\u00f6rung und Abscheu aufgenommen wurde. Angeblich handelt es sich dabei um ein vom israelischen Geheimdienstministerium konzipiertes Dokument \u00fcber\u2026","rel":"","context":"In &quot;Demokratie \u2013 Medien \u2013 Aufkl\u00e4rung&quot;","block_context":{"text":"Demokratie \u2013 Medien \u2013 Aufkl\u00e4rung","link":"https:\/\/www.freidenker.org\/?cat=12"},"img":{"alt_text":"","src":"https:\/\/i0.wp.com\/www.freidenker.org\/fw17\/wp-content\/uploads\/2023\/11\/olaf-scholz-8107262_800x450.jpg?fit=800%2C450&ssl=1&resize=350%2C200","width":350,"height":200,"srcset":"https:\/\/i0.wp.com\/www.freidenker.org\/fw17\/wp-content\/uploads\/2023\/11\/olaf-scholz-8107262_800x450.jpg?fit=800%2C450&ssl=1&resize=350%2C200 1x, https:\/\/i0.wp.com\/www.freidenker.org\/fw17\/wp-content\/uploads\/2023\/11\/olaf-scholz-8107262_800x450.jpg?fit=800%2C450&ssl=1&resize=525%2C300 1.5x, https:\/\/i0.wp.com\/www.freidenker.org\/fw17\/wp-content\/uploads\/2023\/11\/olaf-scholz-8107262_800x450.jpg?fit=800%2C450&ssl=1&resize=700%2C400 2x"},"classes":[]},{"id":18909,"url":"https:\/\/www.freidenker.org\/?p=18909","url_meta":{"origin":16291,"position":2},"title":"Die vergessene Aufkl\u00e4rung: Wie in Deutschland Kants 300. Geburtstag instrumentalisiert wird","author":"Webredaktion","date":"30. April 2024","format":false,"excerpt":"Beitrag von Gert Ewen Ungar Immanuel Kant hatte Geburtstag. W\u00fcrde er noch leben, h\u00e4tte er gestern seinen 300. Geburtstag feiern k\u00f6nnen. Er ist jedoch tot, feiert daher nicht mehr, kann sich aber vor allem nun auch nicht mehr gegen Vereinnahmung wehren. Kant wurde anl\u00e4sslich seines Geburtstages massiv instrumentalisiert. Einer, der\u2026","rel":"","context":"In &quot;Demokratie \u2013 Medien \u2013 Aufkl\u00e4rung&quot;","block_context":{"text":"Demokratie \u2013 Medien \u2013 Aufkl\u00e4rung","link":"https:\/\/www.freidenker.org\/?cat=12"},"img":{"alt_text":"","src":"https:\/\/i0.wp.com\/www.freidenker.org\/fw17\/wp-content\/uploads\/2024\/04\/kant_grab_44965531381_fb426147a8_c_800x450.jpg?fit=800%2C450&ssl=1&resize=350%2C200","width":350,"height":200,"srcset":"https:\/\/i0.wp.com\/www.freidenker.org\/fw17\/wp-content\/uploads\/2024\/04\/kant_grab_44965531381_fb426147a8_c_800x450.jpg?fit=800%2C450&ssl=1&resize=350%2C200 1x, https:\/\/i0.wp.com\/www.freidenker.org\/fw17\/wp-content\/uploads\/2024\/04\/kant_grab_44965531381_fb426147a8_c_800x450.jpg?fit=800%2C450&ssl=1&resize=525%2C300 1.5x, https:\/\/i0.wp.com\/www.freidenker.org\/fw17\/wp-content\/uploads\/2024\/04\/kant_grab_44965531381_fb426147a8_c_800x450.jpg?fit=800%2C450&ssl=1&resize=700%2C400 2x"},"classes":[]},{"id":18845,"url":"https:\/\/www.freidenker.org\/?p=18845","url_meta":{"origin":16291,"position":3},"title":"&#8222;Gerechter Friede&#8220;?","author":"Webredaktion","date":"20. April 2024","format":false,"excerpt":"Scholz ist das Problem, nicht die L\u00f6sung \u2013 Kanzler blitzt in China ab Beitrag von Gert Ewen Ungar Es gehe ihm um einen gerechten Frieden, behauptet Scholz, wenn er \u00fcber die Ukraine spricht. \"Gerechter Frieden f\u00fcr die Ukraine\" ist die neue rhetorische Verpackung f\u00fcr das immer gleiche Ziel: Der Ukraine\u2026","rel":"","context":"In &quot;Demokratie \u2013 Medien \u2013 Aufkl\u00e4rung&quot;","block_context":{"text":"Demokratie \u2013 Medien \u2013 Aufkl\u00e4rung","link":"https:\/\/www.freidenker.org\/?cat=12"},"img":{"alt_text":"","src":"https:\/\/i0.wp.com\/www.freidenker.org\/fw17\/wp-content\/uploads\/2024\/04\/Scholz_in_Slowenien_53612855283_Ausschnitt_800x450.jpg?fit=800%2C450&ssl=1&resize=350%2C200","width":350,"height":200,"srcset":"https:\/\/i0.wp.com\/www.freidenker.org\/fw17\/wp-content\/uploads\/2024\/04\/Scholz_in_Slowenien_53612855283_Ausschnitt_800x450.jpg?fit=800%2C450&ssl=1&resize=350%2C200 1x, https:\/\/i0.wp.com\/www.freidenker.org\/fw17\/wp-content\/uploads\/2024\/04\/Scholz_in_Slowenien_53612855283_Ausschnitt_800x450.jpg?fit=800%2C450&ssl=1&resize=525%2C300 1.5x, https:\/\/i0.wp.com\/www.freidenker.org\/fw17\/wp-content\/uploads\/2024\/04\/Scholz_in_Slowenien_53612855283_Ausschnitt_800x450.jpg?fit=800%2C450&ssl=1&resize=700%2C400 2x"},"classes":[]},{"id":14954,"url":"https:\/\/www.freidenker.org\/?p=14954","url_meta":{"origin":16291,"position":4},"title":"Kanzler Scholz, vor aller Welt gedeckelt","author":"Webredaktion","date":"7. Januar 2023","format":false,"excerpt":"Von Friedhelm Klinkhammer und Volker Br\u00e4utigam 60 Tage lang konnte Olaf Scholz erfolgversprechend so tun, als sei er Kanzler eines souver\u00e4nen Deutschlands. Er gab in seinen ersten Amtstagen sogar vor, er f\u00fchle sich mitverantwortlich f\u00fcr den Frieden in Europa. Am 7. Februar 2022 war dann Schluss mit lustig. Scholz musste\u2026","rel":"","context":"In &quot;Demokratie \u2013 Medien \u2013 Aufkl\u00e4rung&quot;","block_context":{"text":"Demokratie \u2013 Medien \u2013 Aufkl\u00e4rung","link":"https:\/\/www.freidenker.org\/?cat=12"},"img":{"alt_text":"","src":"https:\/\/i0.wp.com\/www.freidenker.org\/fw17\/wp-content\/uploads\/2023\/01\/Scholz_Wahlkampf_NRW_2022_800x450.jpg?fit=800%2C450&ssl=1&resize=350%2C200","width":350,"height":200,"srcset":"https:\/\/i0.wp.com\/www.freidenker.org\/fw17\/wp-content\/uploads\/2023\/01\/Scholz_Wahlkampf_NRW_2022_800x450.jpg?fit=800%2C450&ssl=1&resize=350%2C200 1x, https:\/\/i0.wp.com\/www.freidenker.org\/fw17\/wp-content\/uploads\/2023\/01\/Scholz_Wahlkampf_NRW_2022_800x450.jpg?fit=800%2C450&ssl=1&resize=525%2C300 1.5x, https:\/\/i0.wp.com\/www.freidenker.org\/fw17\/wp-content\/uploads\/2023\/01\/Scholz_Wahlkampf_NRW_2022_800x450.jpg?fit=800%2C450&ssl=1&resize=700%2C400 2x"},"classes":[]},{"id":17808,"url":"https:\/\/www.freidenker.org\/?p=17808","url_meta":{"origin":16291,"position":5},"title":"Ricarda Lang: Die Wasserverdr\u00e4ngerin","author":"Webredaktion","date":"8. Januar 2024","format":false,"excerpt":"Beitrag von Tom J. Wellbrock Hochwasser eignet sich f\u00fcr Politiker historisch bedingt (gemeint ist Gerhard Schr\u00f6der, dem seine Gummistiefel eine weitere Amtszeit bescherten) perfekt, um sich als mitf\u00fchlendes Lebewesen zu zeigen. Nachdem sich Kanzler Olaf Scholz (SPD) in Jeans und Riesenschuhen gezeigt und ein zerknirschtes Gesicht gemacht hatte, darf man\u2026","rel":"","context":"In &quot;Arbeit &amp; Soziales&quot;","block_context":{"text":"Arbeit &amp; Soziales","link":"https:\/\/www.freidenker.org\/?cat=11"},"img":{"alt_text":"","src":"https:\/\/i0.wp.com\/www.freidenker.org\/fw17\/wp-content\/uploads\/2024\/01\/WahlkampfRicarda_Lang_NRW_2022-05-13-4497_800x450.jpg?fit=800%2C450&ssl=1&resize=350%2C200","width":350,"height":200,"srcset":"https:\/\/i0.wp.com\/www.freidenker.org\/fw17\/wp-content\/uploads\/2024\/01\/WahlkampfRicarda_Lang_NRW_2022-05-13-4497_800x450.jpg?fit=800%2C450&ssl=1&resize=350%2C200 1x, https:\/\/i0.wp.com\/www.freidenker.org\/fw17\/wp-content\/uploads\/2024\/01\/WahlkampfRicarda_Lang_NRW_2022-05-13-4497_800x450.jpg?fit=800%2C450&ssl=1&resize=525%2C300 1.5x, https:\/\/i0.wp.com\/www.freidenker.org\/fw17\/wp-content\/uploads\/2024\/01\/WahlkampfRicarda_Lang_NRW_2022-05-13-4497_800x450.jpg?fit=800%2C450&ssl=1&resize=700%2C400 2x"},"classes":[]}],"_links":{"self":[{"href":"https:\/\/www.freidenker.org\/index.php?rest_route=\/wp\/v2\/posts\/16291","targetHints":{"allow":["GET"]}}],"collection":[{"href":"https:\/\/www.freidenker.org\/index.php?rest_route=\/wp\/v2\/posts"}],"about":[{"href":"https:\/\/www.freidenker.org\/index.php?rest_route=\/wp\/v2\/types\/post"}],"author":[{"embeddable":true,"href":"https:\/\/www.freidenker.org\/index.php?rest_route=\/wp\/v2\/users\/3"}],"replies":[{"embeddable":true,"href":"https:\/\/www.freidenker.org\/index.php?rest_route=%2Fwp%2Fv2%2Fcomments&post=16291"}],"version-history":[{"count":0,"href":"https:\/\/www.freidenker.org\/index.php?rest_route=\/wp\/v2\/posts\/16291\/revisions"}],"wp:featuredmedia":[{"embeddable":true,"href":"https:\/\/www.freidenker.org\/index.php?rest_route=\/wp\/v2\/media\/16292"}],"wp:attachment":[{"href":"https:\/\/www.freidenker.org\/index.php?rest_route=%2Fwp%2Fv2%2Fmedia&parent=16291"}],"wp:term":[{"taxonomy":"category","embeddable":true,"href":"https:\/\/www.freidenker.org\/index.php?rest_route=%2Fwp%2Fv2%2Fcategories&post=16291"},{"taxonomy":"post_tag","embeddable":true,"href":"https:\/\/www.freidenker.org\/index.php?rest_route=%2Fwp%2Fv2%2Ftags&post=16291"}],"curies":[{"name":"wp","href":"https:\/\/api.w.org\/{rel}","templated":true}]}}