{"id":16280,"date":"2023-06-09T21:59:29","date_gmt":"2023-06-09T19:59:29","guid":{"rendered":"https:\/\/www.freidenker.org\/?p=16280"},"modified":"2023-07-08T13:30:04","modified_gmt":"2023-07-08T11:30:04","slug":"prorussische-friedensaktivistin-elena-kolbasnikowa-von-koelner-strafgericht-verurteilt","status":"publish","type":"post","link":"https:\/\/www.freidenker.org\/?p=16280","title":{"rendered":"Prorussische Friedensaktivistin Elena Kolbasnikowa von K\u00f6lner Strafgericht verurteilt"},"content":{"rendered":"<p><strong>In der Urteilsbegr\u00fcndung f\u00fchrte die Richterin aus, weshalb Elena Kolbasnikowa wegen Billigung einer Straftat zu verurteilen sei. Es sei zu untersuchen gewesen, ob es sich bei dem Krieg in der Ukraine um das Verbrechen eines russischen Angriffskrieges handele, das die Angeklagte widerrechtlich gebilligt haben k\u00f6nnte. Das K\u00f6lner Gericht entschied, dass &#8222;Putin&#8220; einen rechtswidrigen Angriffskrieg f\u00fchre.<\/strong><\/p>\n<p><em>Von <\/em><strong><em>Felicitas Rabe<\/em><\/strong><\/p>\n<p><span style=\"font-size: 10pt;\">Erstver\u00f6ffentlichung am 06.06.2023 auf <a href=\"https:\/\/freeassange.rtde.life\/inland\/172013-prorussische-friedensaktivistin-elena-kolbasnikowa-von\/\" target=\"_blank\" rel=\"noopener\">RT DE<\/a><\/span><\/p>\n<p><iframe loading=\"lazy\" id=\"odysee-iframe\" src=\"https:\/\/odysee.com\/$\/embed\/@RTDE:e\/ukrainische-friedensaktivistin-von-k\u00f6lner-gericht-zu-geldstrafe-verurteilt-ein-schlechter-tag-f\u00fcr-die-meinungsfreiheit:2?r=EuEiaLSh3RdaJKY44TL888k26iEAHfB3\" width=\"560\" height=\"315\" allowfullscreen=\"allowfullscreen\"><\/iframe><\/p>\n<p><span style=\"font-size: 10pt;\"><span class=\"Cover-caption\"><span class=\"Cover-captionItem\">Video: Elena Kolbasnikowa nach dem Prozess im K\u00f6lner Amtsgericht, 6. Juni 2023. <\/span><\/span><span class=\"Cover-source\"><span class=\"Cover-captionItem\">\u00a9 Felicitas Rabe<br \/>\n<a href=\"https:\/\/odysee.com\/$\/download\/ukrainische-friedensaktivistin-von-k\u00f6lner-gericht-zu-geldstrafe-verurteilt-ein-schlechter-tag-f\u00fcr-die-meinungsfreiheit\/28487828e7b674de7072309c53a9ac9e042c70ea\" target=\"_blank\" rel=\"noopener\">Direktlink<\/a> zum Video auf odyssee.com<\/span><\/span><\/span><\/p>\n<p>Am Dienstag wurde die Friedensaktivistin Elena Kolbasnikowa von der Richterin Dr. Fuchs-Kaninski beim K\u00f6lner Amtsgericht zu einer Strafe von 30 Tagen Gef\u00e4ngnis oder 30 Tagess\u00e4tzen zu jeweils 30 Euro verurteilt. Die aus der Ukraine stammende Aktivistin Kolbasnikowa hatte bei einer prorussischen Autokorso-Demonstration anl\u00e4sslich des Tages des Sieges \u00fcber den Faschismus am 8. Mai 2022 gegen\u00fcber der <em>Bild-<\/em>Zeitung in einem Interview ge\u00e4u\u00dfert:<\/p>\n<blockquote><p><em>&#8222;Russland ist kein Aggressor. Russland hilft zurzeit, Krieg in der Ukraine zu beenden.&#8220;<\/em><\/p><\/blockquote>\n<p>Wegen angeblicher prorussischer Propaganda musste sie sich deshalb am 6. Juni vor dem K\u00f6lner Strafgericht verantworten. Der Prozess erregte hohes mediales Interesse, sodass ein Gro\u00dfteil der 30 Zuschauerpl\u00e4tze von Pressevertretern belegt wurde. Infolgedessen wurden viele angereiste Zuschauer von dem \u00f6ffentlich gef\u00fchrten Prozess ausgeschlossen.<\/p>\n<p>In ihrer Urteilsbegr\u00fcndung f\u00fchrte die Richterin aus, warum die Angeklagte nach Auffassung des Gerichts mit ihrer Aussage einen v\u00f6lkerrechtswidrigen Angriffskrieg unterst\u00fctzt habe und damit nach \u00a7 140 Strafgesetzbuch wegen &#8222;Belohnung und Billigung von Straftaten&#8220; als schuldig zu befinden sei. Im Absatz 2 des Paragrafen 140 Absatz 2 hei\u00dft es: Wer rechtswidrige Taten &#8222;in einer Weise, die geeignet ist, den \u00f6ffentlichen Frieden zu st\u00f6ren, \u00f6ffentlich, in einer Versammlung oder durch Verbreiten eines Inhalts (\u00a7 11 Absatz 3) billigt, wird mit Freiheitsstrafe bis zu drei Jahren oder mit Geldstrafe bestraft&#8220;.<\/p>\n<p>Mit ihrer Billigung eines russischen Angriffskrieges w\u00fcrde die Angeklagte den Straftatbestand erf\u00fcllen, erkl\u00e4rte die Richterin. Ausf\u00fchrlich erl\u00e4uterte sie ihre strafrechtliche Bewertung des Krieges in der Ukraine. So habe &#8222;Putin&#8220; bei seinem Angriffskrieg die Souver\u00e4nit\u00e4t der Ukraine und die Unabh\u00e4ngigkeit der Ukraine verletzt. &#8222;Putin&#8220; verfolge damit das Ziel, ukrainische Regionen zu annektieren. Der russische Angriff w\u00fcrde mit unterschiedlichen konventionellen Waffengattungen und schwerer Artillerie sowie mittels der Marine, mit Bodentruppen und aus der Luft gef\u00fchrt.<\/p>\n<p>Ein Selbstverteidigungsrecht k\u00f6nne Russland nicht zugestanden werden. Bei den Regionen Lugansk und Donezk handele es sich um international anerkannte Gebiete der Ukraine. Zudem w\u00fcrde Russland laut Angaben der OSZE bereits seit 2014 Gr\u00e4ueltaten an Ukrainern ver\u00fcben, bewertete die Richterin die Ereignisse in der Ukraine seit 2014. Bei einer UN-Sondersitzung sei am 2. M\u00e4rz 2022 au\u00dferdem in einer Resolution\u00a0festgestellt\u00a0worden, dass Russland einen Angriffskrieg gegen die Ukraine f\u00fchre.<\/p>\n<p>Und somit handele es sich bei Kolbasnikowas Aussage um die Billigung eines russischen Angriffskrieges, res\u00fcmierte die Richterin die Kriegsbewertung seitens des K\u00f6lner Gerichts. Die Aussage sei auch nicht von der Meinungsfreiheit gedeckt, denn die Meinungsfreiheit decke in Deutschland nicht alles. Ihre Straftat sei geeignet gewesen, den \u00f6ffentlichen Frieden zu st\u00f6ren, weil mit der Anerkennung eines Aggressionsverbrechens Verbrechen gegen die Menschheit als Ganzes toleriert w\u00fcrden und ein Klima geschaffen w\u00fcrde, um das Gewaltverbot auszuschalten.<\/p>\n<p>Die Angeklagte habe vors\u00e4tzlich gehandelt, denn sie sei sich des Ausma\u00dfes ihrer Aussage bewusst. Sie habe gewusst, dass es &#8222;Putin&#8220; darauf ankomme, in der Ukraine ein russlandfreundliches Regime zu installieren.<\/p>\n<p>Kolbasnikowa und ihr Anwalt erkl\u00e4rten, Revision gegen das Urteil einlegen zu wollen.<\/p>\n<p>In den Tagen vor der Verhandlung ver\u00f6ffentlichten mutma\u00dflich Aktivisten aus dem &#8222;linken Spektrum&#8220; Drohungen gegen Elena Kolbasnikowa im Internet. Sie bezeichneten sie als Putin-Propagandistin und Nazi-Netzwerkerin.<\/p>\n<p>Die Drohungen w\u00fcrden aus Solidarit\u00e4t mit der Antifa-Ost ausgesprochen, hie\u00df es in dem <a href=\"https:\/\/de.indymedia.org\/node\/282790\">Beitrag<\/a> auf <em>Indymedia.<\/em>\u00a0Dort wurden Kolbaniskowas Adressdaten ver\u00f6ffentlicht, und zwar in Kombination mit der Aufforderung: &#8222;Schlagt die Faschisten, wo Ihr sie trefft, auf den Stra\u00dfen, an ihren Arbeitspl\u00e4tzen, in ihren Kneipen, Wohnungen und H\u00e4usern.&#8220;<\/p>\n<p>Auch vor dem Amtsgericht in K\u00f6ln wurde Kolbasnikowa erneut verbal bedroht. Demonstranten riefen, man solle sie t\u00f6ten. Weitere Demonstranten wenige Meter vor dem Haupteingang des Gerichts hielten ein Banner mit der Aufschrift:<\/p>\n<blockquote><p><em>&#8222;Putin und seine Nazis t\u00f6ten.&#8220;<\/em><\/p><\/blockquote>\n<figure style=\"width: 643px\" class=\"wp-caption alignnone\"><img data-recalc-dims=\"1\" loading=\"lazy\" decoding=\"async\" class=\"Picture-root Picture-original lazyautosizes lazyloaded\" src=\"https:\/\/i0.wp.com\/mf.b37mrtl.ru\/deutsch\/images\/2023.06\/original\/647f7272b480cc5b8b1868fc.png?resize=643%2C375&#038;ssl=1\" sizes=\"auto, 912px\" alt=\"\" width=\"643\" height=\"375\" data-sizes=\"auto\" data-src=\"https:\/\/mf.b37mrtl.ru\/deutsch\/images\/2023.06\/original\/647f7272b480cc5b8b1868fc.png\" \/><figcaption class=\"wp-caption-text\"><span style=\"font-size: 10pt;\">Banner vor dem Haupteingang des K\u00f6lner Amtsgerichts, 6.06.2023, Foto: Felicitas Rabe<\/span><\/figcaption><\/figure>\n<p style=\"text-align: right;\"><em>Felicitas Rabe ist freie Journalistin. Am 29. Mai 2023 berichtete die Autorin \u00fcber die\u00a0<a href=\"https:\/\/www.freidenker.org\/?p=16200\">Konferenz der Weltunion der Freidenker<\/a><\/em><\/p>\n<hr \/>\n<p><span style=\"font-size: 10pt;\">Bild oben: <span class=\"Cover-caption\"><span class=\"Cover-captionItem\"> Elena Kolbasnikowa nach dem Prozess im K\u00f6lner Amtsgericht, 6. Juni 2023. <\/span><\/span><span class=\"Cover-source\"><span class=\"Cover-captionItem\">\u00a9 Felicitas Rabe<\/span><\/span><\/span><br \/>\n<span style=\"font-size: 10pt;\">(Screenshot aus dem Video)<\/span><\/p>\n","protected":false},"excerpt":{"rendered":"<p><b>Beitrag von Felicitas Rabe<\/b><br \/>\nAm Dienstag wurde die Friedensaktivistin Elena Kolbasnikowa von der Richterin Dr. Fuchs-Kaninski beim K\u00f6lner Amtsgericht zu einer Strafe von 30 Tagen Gef\u00e4ngnis oder 30 Tagess\u00e4tzen zu jeweils 30 Euro verurteilt. Die aus der Ukraine stammende Aktivistin Kolbasnikowa hatte bei einer prorussischen Autokorso-Demonstration anl\u00e4sslich des Tages des Sieges \u00fcber den Faschismus am 8. Mai 2022 gegen\u00fcber der Bild-Zeitung in einem Interview ge\u00e4u\u00dfert: &#8222;Russland ist kein Aggressor. Russland hilft zurzeit, Krieg in der Ukraine zu beenden.&#8220; Wegen angeblicher prorussischer Propaganda musste sie sich deshalb am 6. Juni vor dem K\u00f6lner Strafgericht verantworten. <\/p>\n","protected":false},"author":3,"featured_media":16281,"comment_status":"closed","ping_status":"closed","sticky":false,"template":"","format":"standard","meta":{"colormag_page_container_layout":"default_layout","colormag_page_sidebar_layout":"default_layout","advanced_seo_description":"","jetpack_seo_html_title":"","jetpack_seo_noindex":false,"jetpack_post_was_ever_published":false,"footnotes":""},"categories":[13],"tags":[1255,1412,395,222,344,639],"class_list":["post-16280","post","type-post","status-publish","format-standard","has-post-thumbnail","hentry","category-frieden-antifaschismus-solidaritaet","tag-gerichtsprozess","tag-gerichtsurteil","tag-meinungsfreiheit","tag-russland","tag-solidaritaet","tag-ukraine-konflikt"],"jetpack_featured_media_url":"https:\/\/i0.wp.com\/www.freidenker.org\/fw17\/wp-content\/uploads\/2023\/06\/elena_kolbaschnikowa__800x450_v2.jpg?fit=800%2C450&ssl=1","jetpack_shortlink":"https:\/\/wp.me\/p9stpK-4eA","jetpack-related-posts":[{"id":22612,"url":"https:\/\/www.freidenker.org\/?p=22612","url_meta":{"origin":16280,"position":0},"title":"Protestcamp des B\u00fcndnisses &#8222;Rheinmetall Entwaffnen&#8220; wird gerichtlich verboten","author":"Webredaktion","date":"19. August 2025","format":false,"excerpt":"Beitrag von Felicitas Rabe Dieses Jahr wurde das Protestcamp \"Rheinmetall Entwaffnen\" vom 26. bis zum 31. August in K\u00f6ln angemeldet. Wie die Aktivisten der gleichnamigen Initiative in der vergangenen Woche auf ihrer Webseite mitteilten, wurde das mehrt\u00e4gige Camp im K\u00f6lner Gr\u00fcng\u00fcrtel von der K\u00f6lner Polizei verboten. Die Verbotsverf\u00fcgung sei mit\u2026","rel":"","context":"In &quot;Demokratie \u2013 Medien \u2013 Aufkl\u00e4rung&quot;","block_context":{"text":"Demokratie \u2013 Medien \u2013 Aufkl\u00e4rung","link":"https:\/\/www.freidenker.org\/?cat=12"},"img":{"alt_text":"","src":"https:\/\/i0.wp.com\/www.freidenker.org\/fw17\/wp-content\/uploads\/2025\/08\/yes_we_camp_preko2025_800x450.jpg?fit=800%2C450&ssl=1&resize=350%2C200","width":350,"height":200,"srcset":"https:\/\/i0.wp.com\/www.freidenker.org\/fw17\/wp-content\/uploads\/2025\/08\/yes_we_camp_preko2025_800x450.jpg?fit=800%2C450&ssl=1&resize=350%2C200 1x, https:\/\/i0.wp.com\/www.freidenker.org\/fw17\/wp-content\/uploads\/2025\/08\/yes_we_camp_preko2025_800x450.jpg?fit=800%2C450&ssl=1&resize=525%2C300 1.5x, https:\/\/i0.wp.com\/www.freidenker.org\/fw17\/wp-content\/uploads\/2025\/08\/yes_we_camp_preko2025_800x450.jpg?fit=800%2C450&ssl=1&resize=700%2C400 2x"},"classes":[]},{"id":17545,"url":"https:\/\/www.freidenker.org\/?p=17545","url_meta":{"origin":16280,"position":1},"title":"Zunehmende Verfolgung von Meinungsdelikten","author":"Webredaktion","date":"20. November 2023","format":false,"excerpt":"Interview von Felicitas Rabe mit Dirk Sattelmaier K\u00fcrzlich k\u00fcndigte die bayrische Generalstaatsanwaltschaft an, Nutzer des Slogans \"From the River to the Sea, Palestine will be free!\" (Vom Fluss bis zum Meer \u2013 Pal\u00e4stina wird frei sein!) ab sofort strafrechtlich zu verfolgen. Nach Ansicht der Generalstaatsanwaltschaft sei die \"kontextlose Verwendung\" des\u2026","rel":"","context":"In &quot;Demokratie \u2013 Medien \u2013 Aufkl\u00e4rung&quot;","block_context":{"text":"Demokratie \u2013 Medien \u2013 Aufkl\u00e4rung","link":"https:\/\/www.freidenker.org\/?cat=12"},"img":{"alt_text":"","src":"https:\/\/i0.wp.com\/www.freidenker.org\/fw17\/wp-content\/uploads\/2023\/11\/stgb_Muenchkomm_800x450.jpg?fit=800%2C450&ssl=1&resize=350%2C200","width":350,"height":200,"srcset":"https:\/\/i0.wp.com\/www.freidenker.org\/fw17\/wp-content\/uploads\/2023\/11\/stgb_Muenchkomm_800x450.jpg?fit=800%2C450&ssl=1&resize=350%2C200 1x, https:\/\/i0.wp.com\/www.freidenker.org\/fw17\/wp-content\/uploads\/2023\/11\/stgb_Muenchkomm_800x450.jpg?fit=800%2C450&ssl=1&resize=525%2C300 1.5x, https:\/\/i0.wp.com\/www.freidenker.org\/fw17\/wp-content\/uploads\/2023\/11\/stgb_Muenchkomm_800x450.jpg?fit=800%2C450&ssl=1&resize=700%2C400 2x"},"classes":[]},{"id":19335,"url":"https:\/\/www.freidenker.org\/?p=19335","url_meta":{"origin":16280,"position":2},"title":"Walter Weber im Maskenprozess: Richterin sehr erstaunt, wie der Staat mit \u00c4rzten umgegangen ist","author":"Webredaktion","date":"13. Juni 2024","format":false,"excerpt":"Richterin sehr erstaunt, wie der Staat mit \u00c4rzten umgegangen ist Beitrag von Felicitas Rabe Seit Anfang Mai l\u00e4uft der Gerichtsprozess gegen den Internisten Dr. Walter Weber vor dem Landgericht Hamburg. Dem Gr\u00fcnder der \"\u00c4rzte f\u00fcr Aufkl\u00e4rung\" wird zur Last gelegt, er habe in 57 F\u00e4llen sogenannte falsche Maskenbefreiungsatteste ausgestellt. F\u00fcr\u2026","rel":"","context":"In &quot;Demokratie \u2013 Medien \u2013 Aufkl\u00e4rung&quot;","block_context":{"text":"Demokratie \u2013 Medien \u2013 Aufkl\u00e4rung","link":"https:\/\/www.freidenker.org\/?cat=12"},"img":{"alt_text":"","src":"https:\/\/i0.wp.com\/www.freidenker.org\/fw17\/wp-content\/uploads\/2024\/06\/corona-5216333_800x450.jpg?fit=800%2C450&ssl=1&resize=350%2C200","width":350,"height":200,"srcset":"https:\/\/i0.wp.com\/www.freidenker.org\/fw17\/wp-content\/uploads\/2024\/06\/corona-5216333_800x450.jpg?fit=800%2C450&ssl=1&resize=350%2C200 1x, https:\/\/i0.wp.com\/www.freidenker.org\/fw17\/wp-content\/uploads\/2024\/06\/corona-5216333_800x450.jpg?fit=800%2C450&ssl=1&resize=525%2C300 1.5x, https:\/\/i0.wp.com\/www.freidenker.org\/fw17\/wp-content\/uploads\/2024\/06\/corona-5216333_800x450.jpg?fit=800%2C450&ssl=1&resize=700%2C400 2x"},"classes":[]},{"id":21934,"url":"https:\/\/www.freidenker.org\/?p=21934","url_meta":{"origin":16280,"position":3},"title":"Wie unabh\u00e4ngig ist die deutsche Strafjustiz? Entscheidet die Politik, wer verurteilt wird?","author":"Webredaktion","date":"26. Mai 2025","format":false,"excerpt":"Beitrag von Felicitas Rabe Am Donnerstagabend (22.05.2025) gaben die Rechtsanw\u00e4lte Viktoria Dannenmaier, Dirk Sattelmaier und Markus Haintz bei einer Vortragsveranstaltung in Bochum Einblicke in die deutsche Strafjustiz. Sie berichteten \u00fcber ihre Erfahrungen als Strafverteidiger an deutschen Amts- und Landgerichten und bewerteten den aktuellen Umgang mit Gesetzen und Rechtsnormen in unserem\u2026","rel":"","context":"In &quot;Demokratie \u2013 Medien \u2013 Aufkl\u00e4rung&quot;","block_context":{"text":"Demokratie \u2013 Medien \u2013 Aufkl\u00e4rung","link":"https:\/\/www.freidenker.org\/?cat=12"},"img":{"alt_text":"","src":"https:\/\/i0.wp.com\/www.freidenker.org\/fw17\/wp-content\/uploads\/2025\/05\/strafjustiz_bochum_02_800x450.jpg?fit=800%2C450&ssl=1&resize=350%2C200","width":350,"height":200,"srcset":"https:\/\/i0.wp.com\/www.freidenker.org\/fw17\/wp-content\/uploads\/2025\/05\/strafjustiz_bochum_02_800x450.jpg?fit=800%2C450&ssl=1&resize=350%2C200 1x, https:\/\/i0.wp.com\/www.freidenker.org\/fw17\/wp-content\/uploads\/2025\/05\/strafjustiz_bochum_02_800x450.jpg?fit=800%2C450&ssl=1&resize=525%2C300 1.5x, https:\/\/i0.wp.com\/www.freidenker.org\/fw17\/wp-content\/uploads\/2025\/05\/strafjustiz_bochum_02_800x450.jpg?fit=800%2C450&ssl=1&resize=700%2C400 2x"},"classes":[]},{"id":19209,"url":"https:\/\/www.freidenker.org\/?p=19209","url_meta":{"origin":16280,"position":4},"title":"Der Denunziant als neuer Held \u2013 Die Wiederbelebung einer deutschen Tradition","author":"Webredaktion","date":"27. Mai 2024","format":false,"excerpt":"Beitrag von Felicitas Rabe Lange Zeit waren Menschen, die andere bei der Obrigkeit anschw\u00e4rzten \u2013 wenn es sich nicht gerade um Kapitalverbrechen handelt \u2013, von der Gesellschaft eher schlecht angesehen. Insbesondere in Deutschland, wo die Bespitzelung und Denunzierung Andersdenkender durch Blockwarte, Verfassungsschutz- und Stasi-Agenten als langj\u00e4hrige deutsche Negativtradition gebrandmarkt ist.\u2026","rel":"","context":"In &quot;Demokratie \u2013 Medien \u2013 Aufkl\u00e4rung&quot;","block_context":{"text":"Demokratie \u2013 Medien \u2013 Aufkl\u00e4rung","link":"https:\/\/www.freidenker.org\/?cat=12"},"img":{"alt_text":"","src":"https:\/\/i0.wp.com\/www.freidenker.org\/fw17\/wp-content\/uploads\/2024\/05\/man-4085657_800x450.jpg?fit=800%2C450&ssl=1&resize=350%2C200","width":350,"height":200,"srcset":"https:\/\/i0.wp.com\/www.freidenker.org\/fw17\/wp-content\/uploads\/2024\/05\/man-4085657_800x450.jpg?fit=800%2C450&ssl=1&resize=350%2C200 1x, https:\/\/i0.wp.com\/www.freidenker.org\/fw17\/wp-content\/uploads\/2024\/05\/man-4085657_800x450.jpg?fit=800%2C450&ssl=1&resize=525%2C300 1.5x, https:\/\/i0.wp.com\/www.freidenker.org\/fw17\/wp-content\/uploads\/2024\/05\/man-4085657_800x450.jpg?fit=800%2C450&ssl=1&resize=700%2C400 2x"},"classes":[]},{"id":19703,"url":"https:\/\/www.freidenker.org\/?p=19703","url_meta":{"origin":16280,"position":5},"title":"Friedensaktivist Heinrich B\u00fccker \u00fcber seinen Strafprozess und Anfeindungen aus linken Kreisen","author":"Webredaktion","date":"13. August 2024","format":false,"excerpt":"Beitrag von Felicitas Rabe Vor zwei Jahren, am 22. Juni 2022, hielt der Berliner Friedensaktivist Heinrich B\u00fccker am 81. Jahrestags des deutschen Einmarsches nach Russland\u00a0eine Rede vor dem sowjetischen Ehrenmal\u00a0im Treptower Park in Berlin. Die\u00a0Berliner Friedenskoordination\u00a0hatte die Gedenkveranstaltung organisiert, um an die Opfer des Unternehmens Barbarossa zu erinnern. Infolge seiner\u2026","rel":"","context":"In &quot;Frieden - Antifaschismus - Solidarit\u00e4t&quot;","block_context":{"text":"Frieden - Antifaschismus - Solidarit\u00e4t","link":"https:\/\/www.freidenker.org\/?cat=13"},"img":{"alt_text":"","src":"https:\/\/i0.wp.com\/www.freidenker.org\/fw17\/wp-content\/uploads\/2024\/08\/heinrich_buecker_800x450.jpg?fit=800%2C450&ssl=1&resize=350%2C200","width":350,"height":200,"srcset":"https:\/\/i0.wp.com\/www.freidenker.org\/fw17\/wp-content\/uploads\/2024\/08\/heinrich_buecker_800x450.jpg?fit=800%2C450&ssl=1&resize=350%2C200 1x, https:\/\/i0.wp.com\/www.freidenker.org\/fw17\/wp-content\/uploads\/2024\/08\/heinrich_buecker_800x450.jpg?fit=800%2C450&ssl=1&resize=525%2C300 1.5x, https:\/\/i0.wp.com\/www.freidenker.org\/fw17\/wp-content\/uploads\/2024\/08\/heinrich_buecker_800x450.jpg?fit=800%2C450&ssl=1&resize=700%2C400 2x"},"classes":[]}],"_links":{"self":[{"href":"https:\/\/www.freidenker.org\/index.php?rest_route=\/wp\/v2\/posts\/16280","targetHints":{"allow":["GET"]}}],"collection":[{"href":"https:\/\/www.freidenker.org\/index.php?rest_route=\/wp\/v2\/posts"}],"about":[{"href":"https:\/\/www.freidenker.org\/index.php?rest_route=\/wp\/v2\/types\/post"}],"author":[{"embeddable":true,"href":"https:\/\/www.freidenker.org\/index.php?rest_route=\/wp\/v2\/users\/3"}],"replies":[{"embeddable":true,"href":"https:\/\/www.freidenker.org\/index.php?rest_route=%2Fwp%2Fv2%2Fcomments&post=16280"}],"version-history":[{"count":0,"href":"https:\/\/www.freidenker.org\/index.php?rest_route=\/wp\/v2\/posts\/16280\/revisions"}],"wp:featuredmedia":[{"embeddable":true,"href":"https:\/\/www.freidenker.org\/index.php?rest_route=\/wp\/v2\/media\/16281"}],"wp:attachment":[{"href":"https:\/\/www.freidenker.org\/index.php?rest_route=%2Fwp%2Fv2%2Fmedia&parent=16280"}],"wp:term":[{"taxonomy":"category","embeddable":true,"href":"https:\/\/www.freidenker.org\/index.php?rest_route=%2Fwp%2Fv2%2Fcategories&post=16280"},{"taxonomy":"post_tag","embeddable":true,"href":"https:\/\/www.freidenker.org\/index.php?rest_route=%2Fwp%2Fv2%2Ftags&post=16280"}],"curies":[{"name":"wp","href":"https:\/\/api.w.org\/{rel}","templated":true}]}}