{"id":16272,"date":"2023-06-09T21:59:19","date_gmt":"2023-06-09T19:59:19","guid":{"rendered":"https:\/\/www.freidenker.org\/?p=16272"},"modified":"2023-07-08T13:29:46","modified_gmt":"2023-07-08T11:29:46","slug":"mit-ard-aktuell-ist-ganzjaehrig-1-april","status":"publish","type":"post","link":"https:\/\/www.freidenker.org\/?p=16272","title":{"rendered":"Mit ARD-aktuell ist ganzj\u00e4hrig 1. April"},"content":{"rendered":"<p><strong>Die \u201eSchallangriffe auf US-Diplomaten\u201c waren ein Hirngespinst. F\u00fcr die Tagesschau bleiben sie \u201eein R\u00e4tsel\u201c<\/strong><\/p>\n<p><em>Von <strong>Friedhelm Klinkhammer<\/strong> und <strong>Volker Br\u00e4utigam<\/strong><\/em><\/p>\n<p><strong>Das Staatsgebilde der US-Amerikaner gilt \u2013 wer wollte das bestreiten \u2013 als das\u00a0Allerwichtigste auf dieser Welt. Deshalb wird ihm\u00a0hierzulande mehr journalistische Aufmerksamkeit gewidmet als der restlichen Menschheit. Als das State Department in Washington vor fast sechs Jahren behauptete, wertvolle US-Diplomaten in Havanna seien Opfer eines omin\u00f6sen \u201eSchallangriffs\u201c geworden, grabschten die <em>Faktenfinder<\/em> der Tagesschau begeistert nach diesem Giftk\u00f6der der CIA-Schwadron Psychologische Kriegsf\u00fchrung. Seither erz\u00e4hlten ARD-aktuell-Redakteure das Ammenm\u00e4rchen dutzendmal, in unterschiedlichen Varianten. Oft genug, zuletzt im M\u00e4rz 2023, wurde dem n\u00fcchternen Betrachter deutlich, dass die Geschichte purer Humbug war. Die Hamburger Volljournalisten aber machen damit weiter.<\/strong><\/p>\n<p>Unter dem Titel<\/p>\n<p style=\"padding-left: 40px;\"><strong><em>USA weisen zwei kubanische Diplomaten aus<\/em><\/strong><\/p>\n<p>hatte Tagesschau.de am 10. August 2017 noch halbwegs trocken gemeldet<\/p>\n<p style=\"padding-left: 40px;\"><em>\u2026 Mehrere Mitarbeiter der US-Botschaft in Havanna wurden krank. Warum, ist nicht klar. Die USA reagieren, indem sie zwei kubanische Diplomaten des Landes verwiesen. Den Zusammenhang k\u00f6nnen sie nicht so recht erkl\u00e4ren. <a href=\"#_edn1\" name=\"_ednref1\"><strong>[1]<\/strong><\/a><\/em><\/p>\n<p>Zwei Wochen sp\u00e4ter aber langten dann die \u201eFaktenfinder\u201c der ARD-aktuell zu:<\/p>\n<p style=\"padding-left: 40px;\"><strong><em>US-Diplomaten in Kuba: Krank durch Schallwaffen?<\/em><\/strong><\/p>\n<p style=\"padding-left: 40px;\"><em>Mehrere US-Botschaftsangeh\u00f6rige in Kuba hatten laut State Department pl\u00f6tzlich k\u00f6rperliche Beschwerden. \u2026 Als Ursache werden \u201eakustische Angriffe\u201c vermutet.<\/em><a href=\"#_edn2\" name=\"_ednref2\">[2]<\/a><\/p>\n<p>Die Zentralredaktion h\u00e4tte es bei diesem Eumel belassen k\u00f6nnen. Auch sowas versendet sich. ARD-aktuell aber schob die R\u00e4uberpistole nicht unauff\u00e4llig ins Archiv, sondern legte einen Monat sp\u00e4ter nach:<\/p>\n<p style=\"padding-left: 40px;\"><strong><em>USA erw\u00e4gen Schlie\u00dfung der Botschaft in Kuba<\/em><\/strong><\/p>\n<p style=\"padding-left: 40px;\"><em>Die USA reagieren auf mutma\u00dfliche Akustikattacken gegen ihre Botschaftsmitarbeiter in der kubanischen Hauptstadt Havanna. Insgesamt 16 Mitarbeiter wiesen gesundheitliche Sch\u00e4den auf, die laut US-Angaben durch mysteri\u00f6se akustische Attacken hervorgerufen worden sein sollen. <a href=\"#_edn3\" name=\"_ednref3\"><strong>[3]<\/strong><\/a><\/em><\/p>\n<p>Die Amis veranlassten tats\u00e4chlich eine \u201ewissenschaftliche Untersuchung der mysteri\u00f6sen Erkrankungsf\u00e4lle\u201c. Daraufhin setzte die Tagesschau ebenfalls ihre Fehlleistung fort, letztlich \u00fcber Jahre. Zun\u00e4chst fuhr das <em>ARD-Studio Washington<\/em> im Februar 2018 auf einen Artikel ab, der in der medizinischen Fachzeitschrift <em>Journal of the American Medical Association <\/em><a href=\"#_edn4\" name=\"_ednref4\">[4]<\/a> erschien und von denkbaren Sch\u00e4del-Hirn-Traumata der angeblichen \u201eOpfer\u201c handelte:<\/p>\n<p style=\"padding-left: 40px;\"><strong><em>Kranke US-Diplomaten in Kuba: Wie nach einer Gehirnersch\u00fctterung<\/em><\/strong><em> <a href=\"#_edn5\" name=\"_ednref5\"><strong>[5]<\/strong><\/a><\/em><\/p>\n<p>Der Chefredakteur und seine Vizes denken aber gar nicht dran, evidenten Bl\u00f6dsinn wenigstens nachtr\u00e4glich und \u00f6ffentlichkeitswirksam zu korrigieren. Auch dummdreiste Propaganda beeinflusst schlie\u00dflich Michels Meinung in gew\u00fcnscht prowestlichem Sinne.<\/p>\n<p>Die nachfolgenden Zitate sind dem oben erw\u00e4hnten \u201eGehirnersch\u00fctterung\u201c-Artikel entnommen. Er war eine gute Weile in der Mediathek der <em>Tagesschau.de <\/em>nachzulesen, ehe er erkl\u00e4rungslos entfernt wurde.<a href=\"#_edn6\" name=\"_ednref6\">[6]<\/a> Im allgemeinen Webarchiv (<a href=\"https:\/\/web.archive.org\/\">https:\/\/web.archive.org<\/a>) findet man das edle Teil trotzdem, wenn man den erblindeten Link in die Suche-Zeile eingibt.<a href=\"#_edn7\" name=\"_ednref7\">[7]<\/a> Ausz\u00fcge:<\/p>\n<p style=\"padding-left: 40px;\"><em>2017 klagten 21 Mitarbeiter der US-Botschaft in Kuba \u00fcber Beschwerden, die auf einen mutma\u00dflichen akustischen Angriff hindeuten. \u2026\u00a0Schwindel, Kopfschmerzen, Konzentrationsschwierigkeiten, Schlafst\u00f6rungen und Tinnitus geh\u00f6rten zu den Symptomen, die die Mitarbeiter beeintr\u00e4chtigten. \u2026 Forscher der <\/em>University of Pennsylvania<em> stellen \u2026 fest, dass die Beschwerden am ehesten denen nach einer Gehirnersch\u00fctterung gleichen \u2013 ohne dass es je eine Ersch\u00fctterung gegeben habe. Die meisten Betroffenen hatten ein durchdringendes Ger\u00e4usch, wie ein Brummen oder Quietschen geh\u00f6rt, einige au\u00dferdem von ungewohntem Druck und Vibrationen gesprochen. Ohren zuhalten hatte dagegen nicht geholfen. Das hatte Spekulationen \u00fcber einen gezielten Angriff ausgel\u00f6st.<\/em><\/p>\n<p>Es folgen weitere Details \u00fcber die entsetzlichen Qualen, denen jene armen US-Diplomaten (niemand sonst!) angeblich ausgesetzt waren. Schlussfolgerungen:<\/p>\n<p style=\"padding-left: 40px;\"><em>Das Ger\u00e4usch selbst halten die Experten als Ursache f\u00fcr unwahrscheinlich. \u2026 h\u00f6rbare Ger\u00e4usche w\u00fcrden in der Regel keine Hirnverletzungen ausl\u00f6sen. \u2026 <\/em><em>Auch eine Art Massenhysterie halten die Forscher f\u00fcr unwahrscheinlich.<\/em> (ebd.)<\/p>\n<p>Okay, wenn schon US-Wissenschaftler ihre Landsleute von Massenhysterie freisprechen, dann ist f\u00fcr die Tagesschau nat\u00fcrlich auch alles sauber. Pures Pech, dass die Tonaufzeichnungen von den mysteri\u00f6sen, angeblich gesundheitssch\u00e4digenden Ger\u00e4uschen nichts Verwertbares hergaben, obwohl sie von den \u201eOpfern\u201c selbst mitgeschnitten worden waren.<\/p>\n<p>Wir haben es demnach mit richtig fiesem Schall zu tun, der nur von US-Diplomaten wahrgenommen werden kann, von anderen Menschen nicht; auch handels\u00fcbliche Mikrofone sprechen nicht drauf an. Der <em>homo sapiens americanus<\/em> <em>diplomaticus <\/em>kriegt davon aber Hirnsch\u00e4den: <em>akut<\/em> <em>spinnose Stupiditose<\/em>, eine Krankheit, die nicht mal im medizinischen Nachschlagewerk <em>Pschyrembel <\/em><a href=\"#_edn8\" name=\"_ednref8\">[8]<\/a> verzeichnet ist, so speziell und elit\u00e4r US-amerikanisch ist sie.<\/p>\n<p>Eine solche Sensation \u2013 <em>Kubanische Schall-Attacke, viele US-Opfer!<\/em> \u2013 zu vermelden, ist Tagesschau-Pflicht. \u201eWat mutt, dat mutt\u201c, sagt der gebildete Qualit\u00e4tsvolljournalist. Dass Schallwaffen, die pr\u00e4zise zwischen US-amerikanischen Trommelfellen und denen von anderer, geringerwertiger Nationalit\u00e4t unterscheiden, nur im Reich einer kranken Fantasie existieren, f\u00e4llt ihm nicht auf.<\/p>\n<p>Na gut, na sch\u00f6n. Hat alles seine zwei Seiten. Je mehr Schwachsinniges die Hamburger Luxus-Nachrichtenredakteure absondern, desto h\u00e4rter im Nehmen wird ihr Publikum.<\/p>\n<p>Immerhin wagten diese Edelfedern eine spekulative Zwischen\u00fcberschrift, wenn auch nur mit Fragezeichen:<\/p>\n<p style=\"padding-left: 40px;\"><strong><em>Zirpen einer Grille?<\/em><\/strong><\/p>\n<p style=\"padding-left: 40px;\"><em>Kubanische Experten hatten nach Abh\u00f6ren einer Aufnahme des Ger\u00e4uschs erkl\u00e4rt, es k\u00f6nne sich um das Zirpen einer Grille handeln. Die amerikanischen Mediziner sehen dagegen keine Anzeichen f\u00fcr eine Simulation.<\/em> (ebd.)<\/p>\n<p>Kubanische Experten haben ja keine Ahnung von dem, was US-Diplomaten alles h\u00f6ren k\u00f6nnen. Grillen sollen das gewesen sein? Lachhaft! Mindestens Urknall war das \u2026<\/p>\n<p>Und deshalb bot <em>Tagesschau.de<\/em> den sagenhaften Bl\u00f6dsinn zus\u00e4tzlich in der ARD-Mediathek als Audio-Clip an, unter dem Titel<\/p>\n<p style=\"padding-left: 40px;\"><strong><em>US-Botschaft in Kuba: Symptome der Mitarbeiter bleiben weiter medizinisches R\u00e4tsel <\/em><\/strong><a href=\"#_edn9\" name=\"_ednref9\"><em><strong>[9]<\/strong><\/em><\/a><\/p>\n<p>Inzwischen wurde er dort allerdings ebenfalls gel\u00f6scht, und zwar so gr\u00fcndlich, dass er nicht einmal mehr mit der <em>waybackmachine<\/em><a href=\"#_edn10\" name=\"_ednref10\">[10]<\/a> zur\u00fcckzuholen ist.<\/p>\n<p>Der \u00f6ffentlich-rechtliche Rundfunk ist nicht nur zum Angebot von Bildungs- und Informationsprogrammen verpflichtet, sondern hat auch einen Unterhaltungsauftrag. Aber besoffen machen sollten seine Nachrichtenangebote eigentlich nicht. Zu bedenken w\u00e4re au\u00dferdem: Was einmal als angeblicher Fakt ins kollektive Hirn der \u00d6ffentlichkeit gedengelt wurde, l\u00e4sst sich nicht mehr ausbeulen.<a href=\"#_edn11\" name=\"_ednref11\">[11]<\/a><sup>, <a href=\"#_edn12\" name=\"_ednref12\">[12]<\/a>, <a href=\"#_edn13\" name=\"_ednref13\">[13]<\/a><\/sup> Es kann sp\u00e4ter noch so oft widerrufen und richtiggestellt werden, das urspr\u00fcnglich Geh\u00f6rte beziehungsweise Gelesene wird nicht restlos aus dem Ged\u00e4chtnis gel\u00f6scht. Sein Einfluss aufs Unterbewusstsein bleibt bestehen.<\/p>\n<p>Die dummdreiste antikubanische\/antikommunistische Propagandanummer der USA fand international Aufmerksamkeit (Deppen-Fernsehen wird ja nicht nur in Deutschland geboten).\u00a0Solcher Erfolg macht s\u00fcchtig: Die Washingtoner \u201e<em>spin doctors\u201c\u00a0<\/em>spulten ihr Idiotenst\u00fcck deshalb noch mehrere Male andernorts ab. Als n\u00e4chste waren, im Juni 2018, die Chinesen dran.<\/p>\n<p style=\"padding-left: 40px;\"><strong><em>Vorf\u00e4lle in China: R\u00e4tselhafte Erkrankung von US-Diplomaten<\/em><\/strong><a href=\"#_edn14\" name=\"_ednref14\"><em><strong>[14]<\/strong><\/em><\/a><\/p>\n<p>Abermals assistierten die begnadeten Qualit\u00e4tsjournalisten der ARD-aktuell:<\/p>\n<p style=\"padding-left: 40px;\"><em>\u00c4rzte untersuchen Erkrankungen von US-Diplomaten in China. Zuletzt erkrankten US-Diplomaten in Kuba an einem mysteri\u00f6sen Ohrenleiden und l\u00f6sten eine diplomatische Krise aus. Jetzt melden US-Beh\u00f6rden \u00e4hnliche Vorf\u00e4lle aus China \u2026<strong>\u00a0<\/strong><\/em>(ebd.)<\/p>\n<p>Erkrankt, Tatsache. Hypochonder und Simulanten mit Ami-Pass gibt es f\u00fcr die Tagesschau n\u00e4mlich nicht. Nachrichten aus den USA \u00fcbernimmt die deutsche Elitejournaille ungepr\u00fcft. Das sch\u00fctzt den Restbestand an grauen Zellen des ARD-aktuell-Redakteurs vor Gebrauchsspuren und verbessert seine Karriereaussichten.<\/p>\n<p style=\"padding-left: 40px;\"><strong><em>\u00c4hnliche Vorf\u00e4lle wie in Kuba<\/em><\/strong><\/p>\n<p style=\"padding-left: 40px;\"><em>Aus US-Regierungskreisen verlautete, die aus China eingeflogenen Amerikaner w\u00fcrden an der <\/em>University of Pennsylvania<em> behandelt. \u2026 Dabei solle auch herausgefunden werden, ob es Zusammenh\u00e4nge zu den Vorf\u00e4llen auf Kuba gebe.<\/em> (ebd.)<\/p>\n<p>Zusammenh\u00e4nge \u201ezu\u201c. Mieses Deutsch, auch das noch. Volle Tagesschau-Dr\u00f6hnung, Fakten, nichts als Fakten:<\/p>\n<p style=\"padding-left: 40px;\"><em>In der kubanischen Hauptstadt Havanna waren seit November 2016 mehr als 20 Botschaftsmitarbeiter an mysteri\u00f6sen Ohrenleiden erkrankt.\u00a0Einige der Betroffenen verloren dauerhaft ihr Geh\u00f6r. <\/em>(ebd.)<\/p>\n<p>Kein \u201eangeblich\u201c. Kein \u201ewie es hei\u00dft\u201c. Nein, die reine Grundwahrheit:<\/p>\n<p style=\"padding-left: 40px;\"><em>Betroffene verloren dauerhaft ihr Geh\u00f6r.\u00a0<\/em><\/p>\n<p>Futsch. F\u00fcr immer taub. Telefonisch nicht mehr erreichbar.<\/p>\n<p>Bezweifeln, infrage stellen, die Unglaubw\u00fcrdigkeit solcher abenteuerlichen Behauptungen bemerken? Nicht Sache der Tagesschau. Sie machte weiter auf der nach oben offenen Verbl\u00f6dungsskala:<\/p>\n<p style=\"padding-left: 40px;\"><em>Im Mai gaben die USA eine Gesundheitswarnung f\u00fcr die Diplomaten heraus.<\/em> (ebd.)<\/p>\n<p>Wirklich kalorienreich, dieser Quatsch mit So\u00dfe. Das <em>State Department<\/em> gibt auch Warnungen vor Gesundheit raus. Das meldet dann die Tagesschau. Zuviel Gesundheit ist ungesund.<\/p>\n<p>Sprache ist der Schl\u00fcssel des Denkens. Sie offenbart auch, wer damit die T\u00fcr nicht zukriegt.<\/p>\n<p>ARD-aktuell denkt nicht daran, auf das Offenkundige hinzuweisen: dass die Regierung in Washington den Flohzirkus auf dem Trommelfell ihrer Auslandsvertreter zun\u00e4chst haupts\u00e4chlich f\u00fcr den Hausgebrauch veranstaltet haben d\u00fcrfte. Schlie\u00dflich hatten viele US-B\u00fcrger die von Obama eingeleitete kurze Entspannungsphase<a href=\"#_edn15\" name=\"_ednref15\">[15]<\/a> genutzt und g\u00fcnstige Reisen nach Kuba unternommen.<\/p>\n<p>Nach Kuba! Zu den Kommunisten! Das geht gar nicht. Da hatte dringend was geschehen m\u00fcssen. Also:<\/p>\n<p style=\"padding-left: 40px;\"><strong><em>Mysteri\u00f6se \u201eSchallattacken\u201c: USA warnen vor Reisen nach Kuba<\/em><\/strong><\/p>\n<p style=\"padding-left: 40px;\"><em>Wer ist f\u00fcr die mutma\u00dflichen \u201eSchallattacken\u201c auf US-Diplomaten in Kuba verantwortlich? Die Frage ist weiter offen. Die US-Regierung zieht nun mehr als die H\u00e4lfte ihres Botschaftspersonals ab. Zudem gab sie eine Reisewarnung heraus.<a href=\"#_edn16\" name=\"_ednref16\"><strong>[16]<\/strong><\/a><\/em><\/p>\n<p>Nach der Gesundheitswarnung kommt die Reisewarnung. Und nach dem Hals der abwaschbare Gummikragen. Wer solche ARD-Nachrichtenredakteure hat, braucht sich um die Zukunft der Realsatire nicht zu sorgen.<\/p>\n<p>\u201eMutma\u00dfliche\u201c Schallattacken hei\u00dft: Es ist anzunehmen, dass es die gab. Es handelte sich also nicht blo\u00df um \u201evorgebliche\u201c Schallattacken oder allenfalls um \u201eangebliche\u201c? Ach was, ein ARD-aktuell-Redakteur pfeift auf sprachliche Genauigkeit, denn<\/p>\n<p style=\"padding-left: 40px;\"><em>Die Frage ist weiter offen. <\/em>(ebd.)<\/p>\n<p>So offen wie Hirnriss.<\/p>\n<p>Mit dem Havanna-Syndrom im Schlepp hielt das ARD-\u201eFlaggschiff\u201c jahrelang AgitProp-Kurs. Keine Rede davon, dass US-amerikanische und britische Wissenschaftler die Seifenblase vom Schallangriff \u201eschon\u201c ein Jahr sp\u00e4ter hatten platzen lassen. Im Januar 2019:<\/p>\n<p style=\"padding-left: 40px;\"><em>Die Wissenschaftler verglichen die Aufzeichnungen der Ger\u00e4usche, die von ehemaligen Mitarbeitern der Botschaft vorgelegt worden waren, mit dem Zirpen von Grillen der Art <\/em>Anurogryllus celerinictus<em>, bekannt als <\/em>Indische Kurzschwanzgrille<em>. \u201eSie stimmt bis ins Detail mit der Aufzeichnung \u00fcberein, und zwar in Dauer, Pulsfolgefrequenz, Leistungsspektrum, Pulsfrequenzstabilit\u00e4t und Schwingungen pro Puls.\u201c<a href=\"#_edn17\" name=\"_ednref17\"><strong>[17]<\/strong><\/a><\/em><\/p>\n<p>Die <em>New York Times<\/em> titelte:<\/p>\n<p style=\"padding-left: 40px;\"><strong><em>Die Ger\u00e4usche, die die US-Diplomaten in Kuba heimsuchten? Liebeskranke Grillen, sagen die Wissenschaftler.<a href=\"#_edn18\" name=\"_ednref18\">[18]<\/a><\/em><\/strong> (\u00dcbers. d. Verf.)<\/p>\n<p>Der Artikel geht gut zur Sache:<\/p>\n<p style=\"padding-left: 40px;\"><em>\u2026 Aufnahme von beunruhigenden Ger\u00e4uschen, die von amerikanischen Diplomaten in Kuba gemacht wurden, in Wirklichkeit von einer sehr lauten Grillenart stammen k\u00f6nnte. <\/em>(ebd.)<\/p>\n<p>In einer anderen Quelle im April 2019:<\/p>\n<p style=\"padding-left: 40px;\">\u201e<em>Die Ger\u00e4usche stammten von Grillen, die in der Umgebung der Botschaft vorkommen. Die Studie<\/em>,<em>\u00a0die auf der\u00a0Konferenz\u00a0der US-amerikanischen <\/em>Society for Integrative and Comparative Biology (SICB)<em> vorgestellt wurde, best\u00e4tigt, dass die Ger\u00e4usche, die Diplomaten und Beamte der US-Botschaft angeben geh\u00f6rt zu haben, mit dem Zirpen \u2026\u00a0\u00fcbereinstimmt.\u201c<a href=\"#_edn19\" name=\"_ednref19\"><strong>[19]<\/strong><\/a><\/em><\/p>\n<p>Treffer, versenkt? Aber nicht doch, nein! Soo leicht geht das \u201eFlaggschiff der ARD\u201c nicht unter. Die <em>Tagesschau<\/em> lief trotz des schweren Einschlags weiter volle Fahrt. Im Oktober 2021 erschien dieser Titel auf <em>Tagesschau.de<\/em>:<\/p>\n<p style=\"padding-left: 40px;\"><strong><em>Havanna-Syndrom-Gesetz<\/em><\/strong><em> <a href=\"#_edn20\" name=\"_ednref20\"><strong>[20]<\/strong><\/a><\/em><\/p>\n<p>Darunter neue \u201eFakten\u201c, versteht sich, wieder nichts als Fakten:<\/p>\n<p style=\"padding-left: 40px;\"><em>Mehr als 200 US-Botschaftsmitarbeiter leiden am \u201eHavanna-Syndrom\u201c \u2026 Es klingt fast wie in einem Agentenfilm: Mitarbeiter in US-Botschaften klagen \u00fcber mysteri\u00f6se Symptome wie Schwindel, H\u00f6r- und Sehst\u00f6rungen, Migr\u00e4ne und Ged\u00e4chtnisverlust. \u2026 Ursache \u2026 sind offenbar Verletzungen des Gehirns, mutma\u00dflich verursacht durch sch\u00e4dliche Funkwellen unbekannten Ursprungs.\u00a0<\/em><\/p>\n<p>\u201eFast wie in einem Agentenfilm\u201c: Der Vergleich lag nahe, denn im August 2021 war auch Berlin in den Blick geraten, Schauplatz f\u00fcr viele Spionage-Thriller und tats\u00e4chlich Spielwiese zahlreicher Geheimdienste:<\/p>\n<p style=\"padding-left: 40px;\"><strong><em>Havanna-Syndrom bei US-Diplomaten in Berlin<\/em><\/strong><\/p>\n<p style=\"padding-left: 40px;\"><em>Mehrere Besch\u00e4ftigte der US-Botschaft in Berlin zeigen offenbar Symptome des \u201eHavanna-Syndroms\u201c. Medienberichten zufolge haben sich mindestens zwei US-Vertreter in \u00e4rztliche Behandlung begeben. <a href=\"#_edn21\" name=\"_ednref21\"><strong>[21]<\/strong><\/a><\/em><\/p>\n<p>Die Quellenangabe \u201eMedienberichten zufolge\u201c taugt nichts. Aber wenn der Tagesschau-Redakteur in Berlin nun schon mal beim Schmuddeln ist, kann er auch gleich eine Portion antirussische Hetze untermischen. Daran hatte es im Zusammenhang mit den Schallwaffen noch gemangelt.<\/p>\n<p style=\"padding-left: 40px;\"><strong><em>Forschung an Akustik-Waffe?<\/em><\/strong><\/p>\n<p style=\"padding-left: 40px;\"><em>US-Diplomaten r\u00e4umten ein, dass es in der Vergangenheit bereits \u00e4hnlich F\u00e4lle in anderen europ\u00e4ischen Staaten gegeben habe. Manche der Opfer seien Offiziere der Nachrichtendienste, die sich vor allem mit Russland befasst h\u00e4tten.<\/em><\/p>\n<p>Edle \u201emit Russland befasste\u201c CIA-Offiziere hatten Ohrensausen? Diese Russen sind aber wirklich sowas von gemein!<\/p>\n<p style=\"padding-left: 40px;\"><em>Brisant ist in diesem Zusammenhang, dass Russland nach Recherchen des <\/em>\u201aSpiegel\u2018<em> und der schwedischen Plattform <\/em>\u201aBellingcat\u2018<em> an einer Methode arbeiten soll, aus der Ferne gef\u00e4hrliche Wellen an eine Zielperson zu senden. <\/em>(ebd.)<\/p>\n<p>Russland \u201esoll\u201c an einer Methode arbeiten. Nix Genaues wei\u00df man nicht. Schlimm, dieser Putin.<\/p>\n<p>Der <em>Spiegel<\/em> war \u00fcbrigens mal ein Nachrichtenmagazin, lang, lang ist\u2019s her. <em>Bellingcat<\/em> hingegen ist noch immer keine \u201eschwedische\u201c Plattform, sondern britisch. Eigentlich auch keine \u201ePlattform\u201c, sondern CIA-geschmierte \u201eNicht-Regierungs-Organisation\u201c mit Sitz in London.<a href=\"#_edn22\" name=\"_ednref22\">[22]<\/a> Dass sie haupts\u00e4chlich Falschnachrichten transatlantischer Geheimdienste verbreitet <a href=\"#_edn23\" name=\"_ednref23\">[23]<\/a><sup>, <a href=\"#_edn24\" name=\"_ednref24\">[24]<\/a><\/sup>, sollte ein Tagesschau-Redakteur eigentlich wissen.<a href=\"#_edn25\" name=\"_ednref25\">[25]<\/a><sup>, <a href=\"#_edn26\" name=\"_ednref26\">[26]<\/a>, <a href=\"#_edn27\" name=\"_ednref27\">[27]<\/a><\/sup><\/p>\n<p>Mit dem Respekt vor den \u201eanerkannten journalistischen Grunds\u00e4tzen\u201c ist es bei der Tagesschau allerdings nicht weit her. Und deshalb treibt sie ihre Hetze auch ungeniert auf die Spitze:<\/p>\n<p style=\"padding-left: 40px;\"><strong><em>Verdacht gegen Russland <\/em><\/strong><\/p>\n<p style=\"padding-left: 40px;\"><em>Vertreter aus der US-Regierung \u00e4u\u00dferten in der Vergangenheit den Verdacht, russische Geheimdienste h\u00e4tten ihr Botschaftspersonal angegriffen. Die US-Geheimdienstkoordinatorin Avril Haines musste allerdings Anfang August einr\u00e4umen, dass die Ursache des &#8222;Havanna-Syndroms&#8220; noch immer nicht gefunden sei.<\/em> (ebd.)<\/p>\n<p>Klar doch, der Russe provoziert, rund um den Globus. Und deshalb vermeldete die Tagesschau im Oktober 2021, ein paar Wochen nach dem Avril-Haines-Klops:<\/p>\n<p style=\"padding-left: 40px;\"><strong><em>Havanna-Syndrom nun auch in Kolumbien<\/em><\/strong><\/p>\n<p style=\"padding-left: 40px;\"><em>\u2026 im Umfeld der US-Botschaft in Kolumbiens Hauptstadt Bogot\u00e1 Menschen erkrankt.<a href=\"#_edn28\" name=\"_ednref28\"><strong>[28]<\/strong><\/a><\/em><\/p>\n<p>Machen wir einen Zeitsprung. Im M\u00e4rz 2023 bestand die vorerst letzte Chance f\u00fcr die Tagesschau, zu journalistischem Anstand zur\u00fcckzufinden. Und wieder kriegte sie die Kurve nicht:<\/p>\n<p style=\"padding-left: 40px;\"><strong><em>Havanna-Syndrom bleibt ein R\u00e4tsel<\/em><\/strong><\/p>\n<p style=\"padding-left: 40px;\"><em>Ein nun ver\u00f6ffentlichter Bericht der Geheimdienste stellt lange gehegte Verd\u00e4chtigungen von Betroffenen infrage, sie k\u00f6nnten Ziel einer globalen Kampagne Russlands oder eines anderen Landes geworden sein \u2026 Stattdessen hie\u00df es in dem Bericht, es gebe mehr Beweise daf\u00fcr, dass das Ausland <strong>nicht<\/strong> beteiligt war.\u00a0<a href=\"#_edn29\" name=\"_ednref29\"><strong>[29]<\/strong><\/a><\/em>\u00a0(Hervorhebung d. Verf.)<\/p>\n<p>Die US-Geheimdienste h\u00f6chstselbst haben also ihrer Story die Luft rausgelassen und machten einen R\u00fcckzieher. Aber die Tagesschau macht weiter, dass die Schwarte kracht:<\/p>\n<p style=\"padding-left: 40px;\"><em>Havanna-Syndrom bleibt ein R\u00e4tsel. <\/em>(ebd.)<\/p>\n<p><strong>Eine notwendige Klarstellung<\/strong>. Mikrowellen- und Schallkanonen gibt es wirklich. Sie wurden in Deutschland entwickelt, von <em>Rheinmetall DE-TEE<\/em> (D\u00fcsseldorf) und <em>Diehl BGT Defence<\/em> (N\u00fcrnberg). Dar\u00fcber kam nichts in der Tagesschau. Nat\u00fcrlich nicht. Und wer hat diesen Dreck gekauft und als Erster eingesetzt? Die USA. Nat\u00fcrlich doch. Schon vor 20 Jahren, in ihrem v\u00f6lkerrechtswidrigen Irakkrieg.<a href=\"#_edn30\" name=\"_ednref30\">[30]<\/a><sup>, <a href=\"#_edn31\" name=\"_ednref31\">[31]<\/a>, <a href=\"#_edn32\" name=\"_ednref32\">[32]<\/a><\/sup><\/p>\n<p>Falls Ihnen, verehrter Leser, demn\u00e4chst ein ARD-aktuell-Redakteur \u00fcber den Weg laufen sollte: sch\u00f6ne Gr\u00fc\u00dfe von der Indischen Kurzschwanzgrille. Sie habe sich sehr \u00fcber die mediale Aufmerksamkeit gefreut.<\/p>\n<p style=\"text-align: right;\"><em>Friedhelm Klinkhammer und Volker Br\u00e4utigam sind Mitglieder des Beirates des Deutschen Freidenker-Verbandes<\/em><\/p>\n<p>&nbsp;<\/p>\n<p><a href=\"#_ednref1\" name=\"_edn1\"><\/a><strong>Quellen:<\/strong><\/p>\n<p>[1] <a href=\"https:\/\/web.archive.org\/web\/20170810160013\/https:\/www.tagesschau.de\/ausland\/kuba-diplomaten-101.html\">https:\/\/web.archive.org\/web\/20170810160013\/https:\/\/www.tagesschau.de\/ausland\/kuba-diplomaten-101.html<\/a><\/p>\n<p><a href=\"#_ednref2\" name=\"_edn2\">[2]<\/a> <a href=\"https:\/\/web.archive.org\/web\/20180225032102\/http:\/faktenfinder.tagesschau.de\/ausland\/kuba-usa-schallwaffen-101.html\">https:\/\/web.archive.org\/web\/20180225032102\/http:\/\/faktenfinder.tagesschau.de\/ausland\/kuba-usa-schallwaffen-101.html<\/a><\/p>\n<p><a href=\"#_ednref3\" name=\"_edn3\">[3]<\/a> <a href=\"https:\/\/www.tagesschau.de\/ausland\/usbotschaft-kuba-101.html\">https:\/\/www.tagesschau.de\/ausland\/usbotschaft-kuba-101.html<\/a><\/p>\n<p><a href=\"#_ednref4\" name=\"_edn4\">[4]<\/a> <a href=\"https:\/\/www.ama-assn.org\/about\/publications-newsletters\/concussion-symptoms-found-us-personnel-cuba\">https:\/\/www.ama-assn.org\/about\/publications-newsletters\/concussion-symptoms-found-us-personnel-cuba<\/a><\/p>\n<p><a href=\"#_ednref5\" name=\"_edn5\">[5]<\/a> <a href=\"https:\/\/web.archive.org\/web\/20180219195714\/https:\/www.tagesschau.de\/ausland\/kuba-usa-109.html\">https:\/\/web.archive.org\/web\/20180219195714\/https:\/\/www.tagesschau.de\/ausland\/kuba-usa-109.html<\/a><\/p>\n<p><a href=\"#_ednref6\" name=\"_edn6\">[6]<\/a> <a href=\"http:\/\/www.tagesschau.de\/ausland\/kuba-usa-109.htm\">www.tagesschau.de\/ausland\/kuba-usa-109.htm<\/a><\/p>\n<p><a href=\"#_ednref7\" name=\"_edn7\">[7]<\/a> <a href=\"https:\/\/web.archive.org\/web\/20180219195714\/https:\/\/www.tagesschau.de\/ausland\/kuba-usa-109.html\" target=\"_blank\" rel=\"noopener\">https:\/\/web.archive.org\/web\/20180219195714\/https:\/\/www.tagesschau.de\/ausland\/kuba-usa-109.html<\/a><\/p>\n<p><a href=\"#_ednref8\" name=\"_edn8\">[8]<\/a> <a href=\"https:\/\/www.lehmanns.de\/shop\/medizin-pharmazie\/54023367-9783110683257-pschyrembel-klinisches-woerterbuch\" target=\"_blank\" rel=\"noopener\">https:\/\/www.lehmanns.de\/shop\/medizin-pharmazie\/54023367-9783110683257-pschyrembel-klinisches-woerterbuch<\/a><\/p>\n<p><a href=\"#_ednref9\" name=\"_edn9\">[9]<\/a> <a href=\"https:\/\/web.archive.org\/web\/20180220181018\/http:\/\/www.tagesschau.de\/multimedia\/audio\/audio-52599.html\" target=\"_blank\" rel=\"noopener\">https:\/\/web.archive.org\/web\/20180220181018\/http:\/\/www.tagesschau.de\/multimedia\/audio\/audio-52599.html<\/a><\/p>\n<p><a href=\"#_ednref10\" name=\"_edn10\">[10]<\/a> <a href=\"https:\/\/archive.org\/web\/web.php\" target=\"_blank\" rel=\"noopener\">https:\/\/archive.org\/web\/web.php<\/a><\/p>\n<p><a href=\"#_ednref11\" name=\"_edn11\">[11]<\/a> <a href=\"https:\/\/www.hu-berlin.de\/de\/pr\/nachrichten\/januar-2019\/nr_190109_01\">https:\/\/www.hu-berlin.de\/de\/pr\/nachrichten\/januar-2019\/nr_190109_01<\/a><\/p>\n<p><a href=\"#_ednref12\" name=\"_edn12\">[12]<\/a> <a href=\"https:\/\/karrierebibel.de\/urbane-legenden\/#Urbane-Legenden-Wiederholungen-sind-maechtiger-als-die-Wahrheit\">https:\/\/karrierebibel.de\/urbane-legenden\/#Urbane-Legenden-Wiederholungen-sind-maechtiger-als-die-Wahrheit<\/a><\/p>\n<p><a href=\"#_ednref13\" name=\"_edn13\">[13]<\/a> <a href=\"https:\/\/psycnet.apa.org\/record\/1945-01987-001\">https:\/\/psycnet.apa.org\/record\/1945-01987-001<\/a><\/p>\n<p><a href=\"#_ednref14\" name=\"_edn14\">[14]<\/a> <a href=\"https:\/\/web.archive.org\/web\/20180607105448\/https:\/\/www.tagesschau.de\/ausland\/china-us-botschaft-101.html\" target=\"_blank\" rel=\"noopener\">https:\/\/web.archive.org\/web\/20180607105448\/https:\/\/www.tagesschau.de\/ausland\/china-us-botschaft-101.html<\/a><\/p>\n<p><a href=\"#_ednref15\" name=\"_edn15\">[15]<\/a> <a href=\"https:\/\/www.tagesspiegel.de\/politik\/us-botschaft-in-kuba-wiedereroeffnet-sternenbanner-ueber-havanna\/12191016.html\" target=\"_blank\" rel=\"noopener\">https:\/\/www.tagesspiegel.de\/politik\/us-botschaft-in-kuba-wiedereroeffnet-sternenbanner-ueber-havanna\/12191016.html<\/a><\/p>\n<p><a href=\"#_ednref16\" name=\"_edn16\">[16]<\/a> <a href=\"https:\/\/web.archive.org\/web\/20170929195305\/https:\/\/www.tagesschau.de\/ausland\/kuba-usa-107.html\" target=\"_blank\" rel=\"noopener\">https:\/\/web.archive.org\/web\/20170929195305\/https:\/\/www.tagesschau.de\/ausland\/kuba-usa-107.html<\/a><\/p>\n<p><a href=\"#_ednref17\" name=\"_edn17\">[17]<\/a> <a href=\"https:\/\/www.heise.de\/tp\/features\/US-Diplomaten-in-Havanna-offenbar-Opfer-von-Grillengezirpe-4266630.html?wt_mc=nl.tp-aktuell.taeglich\">https:\/\/www.heise.de\/tp\/features\/US-Diplomaten-in-Havanna-offenbar-Opfer-von-Grillengezirpe-4266630.html?wt_mc=nl.tp-aktuell.taeglich<\/a><\/p>\n<p><a href=\"#_ednref18\" name=\"_edn18\">[18]<\/a> <a href=\"https:\/\/archive.is\/aC2pD\" target=\"_blank\" rel=\"noopener\">https:\/\/archive.is\/aC2pD<\/a><\/p>\n<p><a href=\"#_ednref19\" name=\"_edn19\">[19]<\/a> <a href=\"https:\/\/www.biorxiv.org\/content\/early\/2019\/01\/04\/510834\" target=\"_blank\" rel=\"noopener\">https:\/\/www.biorxiv.org\/content\/early\/2019\/01\/04\/510834<\/a><\/p>\n<p><a href=\"#_ednref20\" name=\"_edn20\">[20]<\/a> <a href=\"https:\/\/www.tagesschau.de\/ausland\/amerika\/havanna-syndrom-101.html\">https:\/\/www.tagesschau.de\/ausland\/amerika\/havanna-syndrom-101.html<\/a><\/p>\n<p><a href=\"#_ednref21\" name=\"_edn21\">[21]<\/a> <a href=\"https:\/\/www.tagesschau.de\/inland\/innenpolitik\/berlin-usa-botschaft-havanna-syndrom-101.html\" target=\"_blank\" rel=\"noopener\">https:\/\/www.tagesschau.de\/inland\/innenpolitik\/berlin-usa-botschaft-havanna-syndrom-101.html<\/a><\/p>\n<p><a href=\"#_ednref22\" name=\"_edn22\">[22]<\/a> <a href=\"https:\/\/de.bellingcat.com\/kontakt\/\" target=\"_blank\" rel=\"noopener\">https:\/\/de.bellingcat.com\/kontakt\/<\/a><\/p>\n<p><a href=\"#_ednref23\" name=\"_edn23\">[23]<\/a> <a href=\"https:\/\/www.rnd.de\/politik\/nordstream-sprengung-was-ueber-boot-taeter-und-ihr-vorgehen-bekannt-ist-UGI4SNP6VNGU5HK7AWATJRHQHM.html\" target=\"_blank\" rel=\"noopener\">https:\/\/www.rnd.de\/politik\/nordstream-sprengung-was-ueber-boot-taeter-und-ihr-vorgehen-bekannt-ist-UGI4SNP6VNGU5HK7AWATJRHQHM.html<\/a><\/p>\n<p><a href=\"#_ednref24\" name=\"_edn24\">[24]<\/a> <a href=\"https:\/\/euvsdisinfo.eu\/report\/bellingcat-navalny-poisoning-aimed-destroy-nord-stream-2\/\" target=\"_blank\" rel=\"noopener\">https:\/\/euvsdisinfo.eu\/report\/bellingcat-navalny-poisoning-aimed-destroy-nord-stream-2\/<\/a><\/p>\n<p><a href=\"#_ednref25\" name=\"_edn25\">[25]<\/a> <a href=\"https:\/\/www.mintpressnews.com\/?s=Bellingcat\">https:\/\/www.mintpressnews.com\/?s=Bellingcat<\/a><\/p>\n<p><a href=\"#_ednref26\" name=\"_edn26\">[26]<\/a> <a href=\"https:\/\/www.youtube.com\/watch?v=QDs9KY7uRbo\">https:\/\/www.youtube.com\/watch?v=QDs9KY7uRbo<\/a><\/p>\n<p><a href=\"#_ednref27\" name=\"_edn27\">[27]<\/a> <a href=\"https:\/\/thegrayzone.com\/2023\/05\/19\/elon-musk-bellingcat-western-psy-op\/\">https:\/\/thegrayzone.com\/2023\/05\/19\/elon-musk-bellingcat-western-psy-op\/<\/a><\/p>\n<p><a href=\"#_ednref28\" name=\"_edn28\">[28]<\/a> <a href=\"https:\/\/www.tagesschau.de\/ausland\/kolumbien-havanna-syndrom-101.html\" target=\"_blank\" rel=\"noopener\">https:\/\/www.tagesschau.de\/ausland\/kolumbien-havanna-syndrom-101.html<\/a><\/p>\n<p><a href=\"#_ednref29\" name=\"_edn29\">[29]<\/a> <a href=\"https:\/\/www.tagesschau.de\/ausland\/amerika\/usa-havana-syndrom-geheimdienste-ursache-101.html\">https:\/\/www.tagesschau.de\/ausland\/amerika\/usa-havana-syndrom-geheimdienste-ursache-101.html<\/a><\/p>\n<p><a href=\"#_ednref30\" name=\"_edn30\">[30]<\/a> <a href=\"https:\/\/www.telepolis.de\/news\/Armee-in-Honduras-setzt-Schallkanonen-ein-1990657.html\" target=\"_blank\" rel=\"noopener\">https:\/\/www.telepolis.de\/news\/Armee-in-Honduras-setzt-Schallkanonen-ein-1990657.html<\/a><\/p>\n<p><a href=\"#_ednref31\" name=\"_edn31\">[31]<\/a> <a href=\"https:\/\/www.epochtimes.de\/politik\/ausland\/griechenland-will-mit-ohrenbetaeubenden-schallkanonen-fluechtlinge-abschrecken-a3530087.html\" target=\"_blank\" rel=\"noopener\">https:\/\/www.epochtimes.de\/politik\/ausland\/griechenland-will-mit-ohrenbetaeubenden-schallkanonen-fluechtlinge-abschrecken-a3530087.html<\/a><\/p>\n<p><a href=\"#_ednref32\" name=\"_edn32\">[32]<\/a> <a href=\"https:\/\/wissenschaft-und-frieden.de\/artikel\/gegen-das-volk-geruestet\/\" target=\"_blank\" rel=\"noopener\">https:\/\/wissenschaft-und-frieden.de\/artikel\/gegen-das-volk-geruestet\/<\/a><\/p>\n<p>&nbsp;<\/p>\n<p><span style=\"font-size: 10pt;\">Der Beitrag wurde am 05.06.2023 auch ver\u00f6ffentlicht auf <a href=\"https:\/\/publikumskonferenz.de\/blog\/2023\/06\/05\/mit-ard-aktuell-ist-ganzjaehrig-1-april\/\" target=\"_blank\" rel=\"noopener\">publikumskonferenz.de<\/a><\/span><\/p>\n<hr \/>\n<p><span style=\"font-size: 10pt;\">Bild oben: Collage von Ralf Lux unter Verwendung von:<\/span><\/p>\n<p><span style=\"font-size: 10pt;\"><span class=\"mw-mmv-title\">Weibliche Steppengrille (Gryllus assimilis)<\/span><\/span><br \/>\n<span style=\"font-size: 10pt;\">Foto: Philipp Weigell, <a href=\"https:\/\/creativecommons.org\/licenses\/by\/3.0\" target=\"_blank\" rel=\"noopener\">CC BY 3.0<\/a><\/span><br \/>\n<span style=\"font-size: 10pt;\">Quelle: <a href=\"https:\/\/commons.wikimedia.org\/w\/index.php?curid=2953872\" target=\"_blank\" rel=\"noopener\">https:\/\/commons.wikimedia.org\/w\/index.php?curid=2953872<\/a><\/span><\/p>\n<p>&nbsp;<\/p>\n","protected":false},"excerpt":{"rendered":"<p><b>Beitrag von Friedhelm Klinkhammer und Volker Br\u00e4utigam<\/b><br \/>\nDas Staatsgebilde der US-Amerikaner gilt \u2013 wer wollte das bestreiten \u2013 als das\u00a0Allerwichtigste auf dieser Welt. Deshalb wird ihm\u00a0hierzulande mehr journalistische Aufmerksamkeit gewidmet als der restlichen Menschheit. Als das State Department in Washington vor fast sechs Jahren behauptete, wertvolle US-Diplomaten in Havanna seien Opfer eines omin\u00f6sen \u201eSchallangriffs\u201c geworden, grabschten die Faktenfinder der Tagesschau begeistert nach diesem Giftk\u00f6der der CIA-Schwadron Psychologische Kriegsf\u00fchrung. Seither erz\u00e4hlten ARD-aktuell-Redakteure das Ammenm\u00e4rchen dutzendmal, in unterschiedlichen Varianten. Oft genug, zuletzt im M\u00e4rz 2023, wurde dem n\u00fcchternen Betrachter deutlich, dass die Geschichte purer Humbug war. Die Hamburger Volljournalisten aber machen damit weiter.<\/p>\n","protected":false},"author":3,"featured_media":16274,"comment_status":"closed","ping_status":"closed","sticky":false,"template":"","format":"standard","meta":{"colormag_page_container_layout":"default_layout","colormag_page_sidebar_layout":"default_layout","advanced_seo_description":"","jetpack_seo_html_title":"","jetpack_seo_noindex":false,"jetpack_post_was_ever_published":false,"footnotes":""},"categories":[12],"tags":[571,1094,1239,1406,759,1730,392,741,222,1126,185,1416],"class_list":["post-16272","post","type-post","status-publish","format-standard","has-post-thumbnail","hentry","category-demokratie-medien-aufklaerung","tag-antikommunismus","tag-ard","tag-biologische-waffen","tag-diplomatie","tag-geheimdienste","tag-insekten","tag-kuba","tag-psychologische-kriegsfuehrung","tag-russland","tag-tagesschau","tag-usa","tag-waffen"],"jetpack_featured_media_url":"https:\/\/i0.wp.com\/www.freidenker.org\/fw17\/wp-content\/uploads\/2023\/06\/Kuba-Grille_800x450.jpg?fit=800%2C450&ssl=1","jetpack_shortlink":"https:\/\/wp.me\/p9stpK-4es","jetpack-related-posts":[{"id":5998,"url":"https:\/\/www.freidenker.org\/?p=5998","url_meta":{"origin":16272,"position":0},"title":"Venezuela \u2013 Pfeif auf Grundgesetz und V\u00f6lkerrecht","author":"Webredaktion","date":"7. M\u00e4rz 2019","format":false,"excerpt":"Beitrag von Friedhelm Klinkhammer und Volker Br\u00e4utigam. Deutsche Politik in Bezug auf Venezuela und das V\u00f6lkerrecht \u2013 gibt es da nichts Problematisches, nichts Anst\u00f6\u00dfiges? Nichts von nachrichtlichem Wert? Sind ein Bruch mit der UN-Charta und grundgesetzwidrige Politik kein Thema f\u00fcr die Tagesschau? Die Bundesregierung hat wie zahlreiche andere Staaten einen\u2026","rel":"","context":"In &quot;Frieden - Antifaschismus - Solidarit\u00e4t&quot;","block_context":{"text":"Frieden - Antifaschismus - Solidarit\u00e4t","link":"https:\/\/www.freidenker.org\/?cat=13"},"img":{"alt_text":"","src":"https:\/\/i0.wp.com\/www.freidenker.org\/fw17\/wp-content\/uploads\/2019\/03\/Venezuela_800x445.jpg?fit=800%2C445&ssl=1&resize=350%2C200","width":350,"height":200,"srcset":"https:\/\/i0.wp.com\/www.freidenker.org\/fw17\/wp-content\/uploads\/2019\/03\/Venezuela_800x445.jpg?fit=800%2C445&ssl=1&resize=350%2C200 1x, https:\/\/i0.wp.com\/www.freidenker.org\/fw17\/wp-content\/uploads\/2019\/03\/Venezuela_800x445.jpg?fit=800%2C445&ssl=1&resize=525%2C300 1.5x, https:\/\/i0.wp.com\/www.freidenker.org\/fw17\/wp-content\/uploads\/2019\/03\/Venezuela_800x445.jpg?fit=800%2C445&ssl=1&resize=700%2C400 2x"},"classes":[]},{"id":5649,"url":"https:\/\/www.freidenker.org\/?p=5649","url_meta":{"origin":16272,"position":1},"title":"USA k\u00fcndigen INF-Vertrag &#8211; &#8222;die Russen sind an allem schuld&#8220;","author":"Webredaktion","date":"20. Dezember 2018","format":false,"excerpt":"Beitrag von Friedhelm Klinkhammer und Volker Br\u00e4utigam USA und NATO orchestrieren die Gef\u00e4hrdung des Weltfriedens sorgf\u00e4ltig: Kaum nimmt das Kriegspotential in einem Konfliktherd etwas ab \u2013 Beispiele: Libyen, Syrien, Ukraine \u2013 schon liegt an anderer Stelle die Lunte am Pulverfass. Jetzt drohen die USA, den INF-Vertrag \u00fcber das Verbot nuklearer\u2026","rel":"","context":"In &quot;Frieden - Antifaschismus - Solidarit\u00e4t&quot;","block_context":{"text":"Frieden - Antifaschismus - Solidarit\u00e4t","link":"https:\/\/www.freidenker.org\/?cat=13"},"img":{"alt_text":"","src":"https:\/\/i0.wp.com\/www.freidenker.org\/fw17\/wp-content\/uploads\/2018\/12\/usa_russland_coll.jpg?fit=800%2C450&ssl=1&resize=350%2C200","width":350,"height":200,"srcset":"https:\/\/i0.wp.com\/www.freidenker.org\/fw17\/wp-content\/uploads\/2018\/12\/usa_russland_coll.jpg?fit=800%2C450&ssl=1&resize=350%2C200 1x, https:\/\/i0.wp.com\/www.freidenker.org\/fw17\/wp-content\/uploads\/2018\/12\/usa_russland_coll.jpg?fit=800%2C450&ssl=1&resize=525%2C300 1.5x, https:\/\/i0.wp.com\/www.freidenker.org\/fw17\/wp-content\/uploads\/2018\/12\/usa_russland_coll.jpg?fit=800%2C450&ssl=1&resize=700%2C400 2x"},"classes":[]},{"id":11929,"url":"https:\/\/www.freidenker.org\/?p=11929","url_meta":{"origin":16272,"position":2},"title":"Ene mene muh und raus bist du: RT DE","author":"Webredaktion","date":"4. Januar 2022","format":false,"excerpt":"Beitrag von Friedhelm Klinkhammer und Volker Br\u00e4utigam Wie hochgesinnt es doch klingt, unser wunderbares Grundgesetz: \u201eDie Pressefreiheit und die Freiheit der Berichterstattung durch Rundfunk und Film werden gew\u00e4hrleistet. Eine Zensur findet nicht statt.\u201c (1) Selbstzensur ist hingegen nicht nur statthaft, sie ist den Regierenden auch hochwillkommen. \u00a0Die Schmocks der Redaktion\u2026","rel":"","context":"In &quot;Demokratie \u2013 Medien \u2013 Aufkl\u00e4rung&quot;","block_context":{"text":"Demokratie \u2013 Medien \u2013 Aufkl\u00e4rung","link":"https:\/\/www.freidenker.org\/?cat=12"},"img":{"alt_text":"","src":"https:\/\/i0.wp.com\/www.freidenker.org\/fw17\/wp-content\/uploads\/2022\/01\/rt_de_800x450_v2.jpg?fit=800%2C450&ssl=1&resize=350%2C200","width":350,"height":200,"srcset":"https:\/\/i0.wp.com\/www.freidenker.org\/fw17\/wp-content\/uploads\/2022\/01\/rt_de_800x450_v2.jpg?fit=800%2C450&ssl=1&resize=350%2C200 1x, https:\/\/i0.wp.com\/www.freidenker.org\/fw17\/wp-content\/uploads\/2022\/01\/rt_de_800x450_v2.jpg?fit=800%2C450&ssl=1&resize=525%2C300 1.5x, https:\/\/i0.wp.com\/www.freidenker.org\/fw17\/wp-content\/uploads\/2022\/01\/rt_de_800x450_v2.jpg?fit=800%2C450&ssl=1&resize=700%2C400 2x"},"classes":[]},{"id":11453,"url":"https:\/\/www.freidenker.org\/?p=11453","url_meta":{"origin":16272,"position":3},"title":"ARD-aktuell, die Armut und die Zukunftsangst","author":"Webredaktion","date":"24. Oktober 2021","format":false,"excerpt":"Ein Beitrag von Friedhelm Klinkhammer und Volker Br\u00e4utigam. Langsam, aber stetig geht es abw\u00e4rts. Jeder, der nicht mit einem goldenen L\u00f6ffel im Mund geboren wurde (oder aus weniger harmlosen Gr\u00fcnden zur Million\u00e4rskaste geh\u00f6rt), sp\u00fcrt es schon: Inflation\u00e4re Preisentwicklung f\u00fcr Waren und Dienstleistungen des Alltagsbedarfs lassen unsere materiellen Lebensgrundlagen erodieren. Der\u2026","rel":"","context":"In &quot;Arbeit &amp; Soziales&quot;","block_context":{"text":"Arbeit &amp; Soziales","link":"https:\/\/www.freidenker.org\/?cat=11"},"img":{"alt_text":"","src":"https:\/\/i0.wp.com\/www.freidenker.org\/fw17\/wp-content\/uploads\/2021\/10\/wallet-3548021_800x450.jpg?fit=800%2C450&ssl=1&resize=350%2C200","width":350,"height":200,"srcset":"https:\/\/i0.wp.com\/www.freidenker.org\/fw17\/wp-content\/uploads\/2021\/10\/wallet-3548021_800x450.jpg?fit=800%2C450&ssl=1&resize=350%2C200 1x, https:\/\/i0.wp.com\/www.freidenker.org\/fw17\/wp-content\/uploads\/2021\/10\/wallet-3548021_800x450.jpg?fit=800%2C450&ssl=1&resize=525%2C300 1.5x, https:\/\/i0.wp.com\/www.freidenker.org\/fw17\/wp-content\/uploads\/2021\/10\/wallet-3548021_800x450.jpg?fit=800%2C450&ssl=1&resize=700%2C400 2x"},"classes":[]},{"id":12930,"url":"https:\/\/www.freidenker.org\/?p=12930","url_meta":{"origin":16272,"position":4},"title":"McTagesschau-Burger, blaugelb verpackt","author":"Webredaktion","date":"29. April 2022","format":false,"excerpt":"Beitrag von Friedhelm Klinkhammer und Volker Br\u00e4utigam Die ARD-Tagesschau hat die meisten Zuschauer. McDonald hat die meisten Besucher. Das Erfolgsrezept: Fastfood. Es macht denkfaul, fett und\u00a0satt. Ist allerdings gesundheitssch\u00e4dlich, mental und physisch. Besonders\u00a0der aktuelle McTagesschau-Billigburger, die antirussische Kriegshetze in blau-gelber Verpackung, ist zum Speien. Das Angebot f\u00fcllt\u00a0aber seit\u00a0Wochen gut die\u2026","rel":"","context":"In &quot;Demokratie \u2013 Medien \u2013 Aufkl\u00e4rung&quot;","block_context":{"text":"Demokratie \u2013 Medien \u2013 Aufkl\u00e4rung","link":"https:\/\/www.freidenker.org\/?cat=12"},"img":{"alt_text":"","src":"https:\/\/i0.wp.com\/www.freidenker.org\/fw17\/wp-content\/uploads\/2022\/04\/hamburger-207295_800x450_v2-1.jpg?fit=800%2C450&ssl=1&resize=350%2C200","width":350,"height":200,"srcset":"https:\/\/i0.wp.com\/www.freidenker.org\/fw17\/wp-content\/uploads\/2022\/04\/hamburger-207295_800x450_v2-1.jpg?fit=800%2C450&ssl=1&resize=350%2C200 1x, https:\/\/i0.wp.com\/www.freidenker.org\/fw17\/wp-content\/uploads\/2022\/04\/hamburger-207295_800x450_v2-1.jpg?fit=800%2C450&ssl=1&resize=525%2C300 1.5x, https:\/\/i0.wp.com\/www.freidenker.org\/fw17\/wp-content\/uploads\/2022\/04\/hamburger-207295_800x450_v2-1.jpg?fit=800%2C450&ssl=1&resize=700%2C400 2x"},"classes":[]},{"id":10682,"url":"https:\/\/www.freidenker.org\/?p=10682","url_meta":{"origin":16272,"position":5},"title":"Moskau: \u201eDer n\u00e4chste Eindringling wird versenkt\u201c","author":"Webredaktion","date":"6. Juli 2021","format":false,"excerpt":"Beitrag von Friedhelm Klinkhammer und Volker Br\u00e4utigam Achtung Realsatire, die Tagesschau macht Handstand auf der Zunge: \u201cMilit\u00e4rische Auseinandersetzungen sind f\u00fcr Russland seit Jahren ein bew\u00e4hrtes Mittel, sich Geltung und Mitsprache zu verschaffen\u201d, behauptet sie frech, obwohl die Politik mit Bomben und Granaten doch das Markenzeichen der USA ist. Die Spitzenjournalisten\u2026","rel":"","context":"In &quot;Demokratie \u2013 Medien \u2013 Aufkl\u00e4rung&quot;","block_context":{"text":"Demokratie \u2013 Medien \u2013 Aufkl\u00e4rung","link":"https:\/\/www.freidenker.org\/?cat=12"},"img":{"alt_text":"","src":"https:\/\/i0.wp.com\/www.freidenker.org\/fw17\/wp-content\/uploads\/2021\/07\/HMS_Defender_D36_800x450.jpg?fit=800%2C450&ssl=1&resize=350%2C200","width":350,"height":200,"srcset":"https:\/\/i0.wp.com\/www.freidenker.org\/fw17\/wp-content\/uploads\/2021\/07\/HMS_Defender_D36_800x450.jpg?fit=800%2C450&ssl=1&resize=350%2C200 1x, https:\/\/i0.wp.com\/www.freidenker.org\/fw17\/wp-content\/uploads\/2021\/07\/HMS_Defender_D36_800x450.jpg?fit=800%2C450&ssl=1&resize=525%2C300 1.5x, https:\/\/i0.wp.com\/www.freidenker.org\/fw17\/wp-content\/uploads\/2021\/07\/HMS_Defender_D36_800x450.jpg?fit=800%2C450&ssl=1&resize=700%2C400 2x"},"classes":[]}],"_links":{"self":[{"href":"https:\/\/www.freidenker.org\/index.php?rest_route=\/wp\/v2\/posts\/16272","targetHints":{"allow":["GET"]}}],"collection":[{"href":"https:\/\/www.freidenker.org\/index.php?rest_route=\/wp\/v2\/posts"}],"about":[{"href":"https:\/\/www.freidenker.org\/index.php?rest_route=\/wp\/v2\/types\/post"}],"author":[{"embeddable":true,"href":"https:\/\/www.freidenker.org\/index.php?rest_route=\/wp\/v2\/users\/3"}],"replies":[{"embeddable":true,"href":"https:\/\/www.freidenker.org\/index.php?rest_route=%2Fwp%2Fv2%2Fcomments&post=16272"}],"version-history":[{"count":0,"href":"https:\/\/www.freidenker.org\/index.php?rest_route=\/wp\/v2\/posts\/16272\/revisions"}],"wp:featuredmedia":[{"embeddable":true,"href":"https:\/\/www.freidenker.org\/index.php?rest_route=\/wp\/v2\/media\/16274"}],"wp:attachment":[{"href":"https:\/\/www.freidenker.org\/index.php?rest_route=%2Fwp%2Fv2%2Fmedia&parent=16272"}],"wp:term":[{"taxonomy":"category","embeddable":true,"href":"https:\/\/www.freidenker.org\/index.php?rest_route=%2Fwp%2Fv2%2Fcategories&post=16272"},{"taxonomy":"post_tag","embeddable":true,"href":"https:\/\/www.freidenker.org\/index.php?rest_route=%2Fwp%2Fv2%2Ftags&post=16272"}],"curies":[{"name":"wp","href":"https:\/\/api.w.org\/{rel}","templated":true}]}}