{"id":16238,"date":"2023-06-07T23:11:49","date_gmt":"2023-06-07T21:11:49","guid":{"rendered":"https:\/\/www.freidenker.org\/?p=16238"},"modified":"2023-07-08T13:29:08","modified_gmt":"2023-07-08T11:29:08","slug":"alles-fuers-klima-fleischlos-in-den-abgrund","status":"publish","type":"post","link":"https:\/\/www.freidenker.org\/?p=16238","title":{"rendered":"Alles f\u00fcrs Klima: Fleischlos in den Abgrund"},"content":{"rendered":"<p><strong>Wir befinden uns in einem Transformationsprozess, wie ihn die Welt noch nie gesehen hat. Und w\u00e4hrend Annalena Baerbock um den Globus reist, um es mit m\u00f6glichst vielen L\u00e4ndern zu versauen, arbeiten Cem \u00d6zdemir (Die Gr\u00fcnen) und seine Komplizen an einem Fleischverbot. <\/strong><\/p>\n<p><em>von <strong>Tom J. Wellbrock<\/strong><\/em><\/p>\n<p><span style=\"font-size: 10pt;\">Erstver\u00f6ffentlichung am 25.05.2023 auf <a href=\"https:\/\/freeassange.rtde.live\/meinung\/170974-alles-fuers-klima-fleischlos-in\/\" target=\"_blank\" rel=\"noopener\">RT DE<\/a><\/span><\/p>\n<div class=\"EmbedBlock-root EmbedBlock-all\">\n<div class=\"AllEmbed\"><iframe loading=\"lazy\" title=\"Alles f\u00fcrs Klima: Fleischlos in den Abgrund\" src=\"https:\/\/www.podbean.com\/player-v2\/?i=gfzar-141bed0-pb&amp;from=pb6admin&amp;share=1&amp;download=1&amp;rtl=0&amp;fonts=Arial&amp;skin=1&amp;font-color=&amp;logo_link=episode_page&amp;btn-skin=7\" width=\"100%\" height=\"150\" scrolling=\"no\" data-name=\"pb-iframe-player\" data-mce-fragment=\"1\"><\/iframe><\/div>\n<\/div>\n<p>Fleischverbot? Da war doch was. Vor der Bundestagswahl 2013 waren es die Gr\u00fcnen, die sich mit der Forderung nach einem &#8222;Veggietag&#8220; mehr oder weniger l\u00e4cherlich machten. Und als h\u00e4tten sie es sich gemerkt und Rache geschworen, kommt das Thema der Fleischlosigkeit jetzt wieder auf den Tisch. Allerdings in einer Form, die einem die Haare zu Berge stehen l\u00e4sst.<\/p>\n<h4>Gegen den Hunger, gegen den Klimaschock, gegen alles!<\/h4>\n<p>Im <a href=\"https:\/\/www.bmel.de\/SharedDocs\/Downloads\/DE\/_Ernaehrung\/ernaehrungsstrategie-eckpunktepapier.pdf?__blob=publicationFile&amp;v=4\">Eckpunktepapier <\/a>des Bundesministeriums f\u00fcr Ern\u00e4hrung und Landwirtschaft ist Folgendes zu finden:<\/p>\n<blockquote><p><em>&#8222;Sichere Ern\u00e4hrung ist eines der Grundbed\u00fcrfnisse der Menschen und doch mehr als nur die reine Nahrungsaufnahme. Mit dem Essen k\u00f6nnen Genuss, Verbundenheit, Tradition und Miteinander verkn\u00fcpft sein. Ern\u00e4hrung kann Mittel zur Selbstverwirklichung oder Teil einer Kultur und eines Lebensgef\u00fchls sein. Wie und was wir essen, hat aber auch weiterreichende Auswirkungen: Auf Umwelt, Artenvielfalt und Klima in Deutschland und weltweit, auf Tiere als unsere Mitwesen, auf die Agrar- und Ern\u00e4hrungswirtschaft und nicht zuletzt auf unsere Gesundheit und unser Wohlbefinden.&#8220;<\/em><\/p><\/blockquote>\n<div class=\"ReadMore-root Section-root Section-is1to3-xs_is1to1\" data-widgets=\"ReadMore\" data-has-alias=\"\">\n<div class=\"Section-container Section-isRow-isTop-isWrap\">\n<article class=\"Card-root Card-is1to1 \">\n<div class=\"Card-imageWrap\"><\/div>\n<\/article>\n<\/div>\n<\/div>\n<p>Schon diese auf den ersten Blick wom\u00f6glich harmlos erscheinenden Worte sollten s\u00e4mtliche Alarmglocken schrillen lassen. Denn &#8222;wie und was wir essen&#8220;, wird vermutlich k\u00fcnftig nicht mehr unsere Entscheidung sein. Wir lesen weiter:<\/p>\n<blockquote><p><em>&#8222;Unsere Ern\u00e4hrung stellt einen wichtigen Aspekt bei der Transformation zu einem ressourcen- und klimaschonenden sowie nachhaltigen Wirtschaften dar. Die Transformation des gesamten Ern\u00e4hrungssystems hin zu einer pflanzenbetonten Ern\u00e4hrungsweise ist die wichtigste Stellschraube im Ern\u00e4hrungsbereich, um unsere nationalen und internationalen Klima-Biodiversit\u00e4t, s- und Nachhaltigkeitsziele zu erreichen. Wie und was wir essen, wirkt sich auf das Klima und die Lebensbedingungen aller Lebewesen auf unserem Planeten aus. Wir m\u00fcssen in den planetaren Belastungsgrenzen wirtschaften und leben, damit wir und nachfolgende<\/em><em>Generationen auch weiter ein gesundes und qualitativ hochwertiges Leben auf der Erde f\u00fchren k\u00f6nnen.&#8220;<\/em><\/p><\/blockquote>\n<p>Und immer wieder geht es um das Klima, Biodiversit\u00e4t und Nachhaltigkeit. Wenn man es nur sauber genug verpackt, l\u00e4sst sich jeder Dreck begr\u00fcnden. Der <em><a href=\"https:\/\/pleiteticker.de\/ernaehrungsstrategie-fuer-deutschland-bundesregierung-plant-fleischrationierung-durch-die-hintertuer\/\">Pleiteticker<\/a><\/em>\u00a0formuliert es weniger subtil und schreibt:<\/p>\n<blockquote><p><em>&#8222;Vertretern der Lebensmittelbranche sind bereits konkrete Ma\u00dfnahmen, mit denen die neuen Ern\u00e4hrungsziele erreicht werden sollen, bekannt. &#8218; So soll der empfohlene Tagesbedarf Gefl\u00fcgel k\u00fcnftig bei weniger als ein Gramm liegen \u2013 und das, obwohl die DGE wei\u00dfes Fleisch bisher zu Recht empfiehlt&#8216;, \u00e4u\u00dferte sich Wiebke von Seggern, Leiterin Nachhaltigkeit beim Zentralverband der Deutschen Gefl\u00fcgelwirtschaft (ZDG) gegen\u00fcber der Lebensmittelzeitung (LZ). Eckhard Heuser vom Milchindustrie-Verband spricht gegen\u00fcber der LZ von &#8218;angedachten 10 Gramm Fleisch pro Tag&#8216;. Und kommentiert: &#8218;Das entspr\u00e4che einer Currywurst im Monat!'&#8220;<\/em><\/p>\n<p><em>Die Zahlen stammen laut\u00a0LZ\u00a0aus einem Erkl\u00e4rvideo, das die DGE Vertretern der Lebensmittelbranche w\u00e4hrend der Konsultationsphase zur \u00dcberarbeitung ihrer Empfehlungen zur Verf\u00fcgung gestellt hat. Die neuen DGE-Empfehlungen sind Dreh- und Angelpunkt der geplanten Ern\u00e4hrungsstrategie des BMEL.&#8220;<\/em><\/p><\/blockquote>\n<p>Das besagte Video lie\u00df sich nicht finden (falls die Leser hier mehr Informationen haben, w\u00fcrde ich mich \u00fcber eine Mail freuen). Und aus den &#8222;angedachten 10 Gramm Fleisch pro Tag&#8220; wird vermutlich ein Kompromiss werden, so ist das ja immer. Dennoch ist die Richtung klar: Hier soll die Ern\u00e4hrung bis ins Detail vorgeschrieben und kontrolliert werden.<\/p>\n<h4>F\u00fcr die Armen und Hungrigen<\/h4>\n<p>Insbesondere Menschen mit geringen Einkommen leiden unter den gestiegenen Lebensmittelpreisen in erheblichem Ausma\u00df. Doch diese h\u00f6heren Preise fallen nicht vom Himmel, sondern sind das Ergebnis einer desastr\u00f6sen Politik. Die Armutssituation in Deutschland ist seit Jahren skandal\u00f6s, heute ist jedes f\u00fcnfte Kind &#8222;<a href=\"https:\/\/www.sueddeutsche.de\/politik\/kinder-armut-deutschland-1.5739340\">armutsgef\u00e4hrdet<\/a>&#8222;, was letztlich der Armut gleichkommt. K\u00fcrzlich war die Kindergrundsicherung in aller Munde, die jedoch durch den Finanzminister Christian Lindner (FDP) eine Absage erhielt. Es sei daf\u00fcr einfach kein Geld da, sagte der Minister, der daf\u00fcr verantwortlich zeichnet, 100 Milliarden Euro in den Krieg zu investieren.<\/p>\n<p>Doch zum Thema gesunde Ern\u00e4hrung reicht ohnehin ein Blick auf die Macht der Lebensmittelindustrie, die alles M\u00f6gliche im Sinn hat, aber ganz sicher nicht die Gesundheit ihrer Konsumenten. Bislang sah die Politik allerdings kaum Anl\u00e4sse, etwas gegen die Macht krankmachender Lebensmittel zu unternehmen.<\/p>\n<p>Dem gegen\u00fcber steht das wohlige Geschwafel des Eckpunktepapiers:<\/p>\n<blockquote><p><em>&#8222;Der leichte und gerechte Zugang zu einer nachhaltigen und gesunden Ern\u00e4hrung soll allen<\/em><em>Bev\u00f6lkerungsgruppen erm\u00f6glicht werden. Insbesondere armutsgef\u00e4hrdete Kinder und Jugendliche und solche aus bildungsfernen Haushalten verzehren h\u00e4ufiger Lebensmittel, die f\u00fcr eine ausgewogene Ern\u00e4hrung ung\u00fcnstig sind. Preissteigerungen bei Lebensmitteln treffen u. a. Familien mit geringem Einkommen aufgrund des h\u00f6heren Konsumanteils am Einkommen besonders. Um Ern\u00e4hrungsarmut entgegen zu wirken, sollen deshalb die aktuell erheblichen Preissteigerungen bei Lebensmitteln in den Blick genommen werden. Hierbei kommen insbesondere sozialpolitische Ma\u00dfnahmen in Betracht. Auch der Gemeinschaftsverpflegung kommt eine wesentliche Rolle zu. Nachhaltige und gesunde Ern\u00e4hrungsweise ist in besonderem Ma\u00dfe auch von Umgebungsfaktoren wie Exposition und Ern\u00e4hrungsverhalten in der Gesamtgesellschaft abh\u00e4ngig. Je besser diese Umgebungsfaktoren gestaltet sind, desto weniger h\u00e4ngt nachhaltige und gesunde Ern\u00e4hrung von den individuellen Ressourcen ab, ob finanziell oder nichtmonet\u00e4r.&#8220;<\/em><\/p><\/blockquote>\n<p>Was nach Sorge und F\u00fcrsorge klingt, d\u00fcrfte eher mit einer kollektiven Bevormundung erkl\u00e4rbar sein. Das wird deutlich, wenn man den folgenden Absatz liest:<\/p>\n<blockquote><p><em>&#8222;In Deutschland liegt der Fleischkonsum deutlich \u00fcber dem ern\u00e4hrungsphysiologisch empfohlenen. Zudem ben\u00f6tigt die Erzeugung tierischer Lebensmittel teilweise ein Mehrfaches der darin enthaltenen Energie in Form von Futterpflanzen und ist mit hohen Treibhausgasemissionen und Umweltbelastungen verbunden. Dies geht mit einem hohen Einsatz begrenzter Ressourcen wie Wasser, fossiler Energien und B\u00f6den (landwirtschaftlicher Fl\u00e4chen) einher, die k\u00fcnftig auch verst\u00e4rkt f\u00fcr den Ausbau nat\u00fcrlicher CO\u2082-Senken ben\u00f6tigt werden, und es tr\u00e4gt erheblich zum R\u00fcckgang der biologischen Vielfalt bei. Gleichzeitig erschlie\u00dft jedoch eine an die nat\u00fcrlichen Bedingungen angepasste Tierhaltung wertvolle Dauergr\u00fcnlandfl\u00e4chen f\u00fcr die menschliche Ern\u00e4hrung. Sie kann ein sinnvoller Teil einer \u00f6kologisch angepassten Kreislaufwirtschaft durch Zurverf\u00fcgungstellung organischer D\u00fcnger sein. Ziel ist es insoweit, eine pflanzenbetonte Ern\u00e4hrung mit einem hohen Anteil an m\u00f6glichst unverarbeitetem Gem\u00fcse und Obst sowie ballaststoffreichen Getreideprodukten und H\u00fclsenfr\u00fcchten und N\u00fcssen einfacher zug\u00e4nglich zu machen. Gleicherma\u00dfen soll die Reduzierung des Konsums tierischer Lebensmittel auf ein nachhaltiges und gesundheitsf\u00f6rderndes Ma\u00df unterst\u00fctzt werden.&#8220;<\/em><\/p><\/blockquote>\n<p>Das hat eine andere Qualit\u00e4t als der Veggietag im Jahr 2013, der nicht mehrheitsf\u00e4hig war.<\/p>\n<h4>Immer das richtige Argument<\/h4>\n<p>Der Schrecken des Klimawandels hat sich weitgehend kollektiv in das gesellschaftliche Hirn eingebrannt. Die teilweise als v\u00f6llig angstgest\u00f6rt zu bezeichnenden Aktivisten der &#8222;Letzten Generation&#8220; sind nur der radikalste Ausdruck dieses Einbrennens. Deren Angst ist gr\u00f6\u00dfer, auch wegen ihres Alters und der nicht abgeschlossenen geistigen Entwicklung, die sie noch vollziehen. Aber sie sitzt in vielen K\u00f6pfen und Herzen, auch wenn die sich deswegen nicht auf der Stra\u00dfe festkleben.<\/p>\n<p>Das Prinzip ist das gleiche wie bei Corona oder dem Ukraine-Krieg: Wer sich den unumst\u00f6\u00dflichen Vorgaben der &#8222;richtigen&#8220; Argumente nicht unterordnet, wird zum Feind erkl\u00e4rt. Der Klimawandel hat den Vorteil, sich auf Szenarien berufen zu k\u00f6nnen, die in recht weiter zeitlichen Ferne liegen. Die der Politik folgenden und konformen Modellrechnungen sind unterm Strich nicht viel wert, insbesondere bei einem so komplexen Thema wie dem Klima. Doch es hat sich religionsgleich der Glaube etabliert, dass es schon stimmt, was uns da erz\u00e4hlt wird. Und die &#8222;Klimakleber&#8220; sind das perfekte Medium, um diesen Glauben zu verfestigen. Sicher auch deshalb wird vieles von dem, was die Klimafetischisten tun, eher gn\u00e4dig behandelt, transportieren sie doch die Botschaften, aus denen Angst entsteht, die in den K\u00f6pfen fest installiert werden kann.<\/p>\n<p>Wir sind an einem Punkt, an dem der Klimawandel f\u00fcr nahezu jede Tat als Begr\u00fcndung herangezogen werden kann. Corona war ein tempor\u00e4res Ereignis, der Ukraine-Krieg l\u00e4sst sich dank der Kriegstreiber noch eine Weile hinziehen, ist aber ebenfalls ein vor\u00fcbergehendes Ereignis. Aber das Klima, ja, das Klima, das ist ein Dauerbrenner, auf dessen Grundlage alles M\u00f6gliche beschlossen werden kann.<\/p>\n<p>Bei all dem, auch bei der &#8222;Ern\u00e4hrungsberatung&#8220; der Bundesregierung, geht es nicht um die Verbesserung des Lebens, das wird klar, wenn man sich anschaut, wie tief wir bereits jetzt im Graben des wirtschaftlichen und sozialen Untergangs stecken. Armut, das Wohnungsdesaster, privatisierte Renten, ein auf Rendite getrimmtes Gesundheitssystem (das krank macht), ein strunzdummes Bildungssystem, das Sch\u00fcler und Lehrer gleicherma\u00dfen in den Wahnsinn treibt, eine faktische Kriegswirtschaft, die die Finanzen des Landes dominiert, eine stiefelleckende H\u00f6rigkeit gegen\u00fcber den Vereinigten Staaten, Korruption, Filz, Bestechung, Lobbyismus, marode Br\u00fccken, schmutzige Klos und ein Wirtschaftsminister, der die Bev\u00f6lkerung dazu zwingt, diese Klos zu putzen, nachdem er sie verunreinigt hat \u2013 all das steht f\u00fcr einen kollektiven Abstieg Deutschlands.<\/p>\n<p>Wer allen Ernstes glaubt, dass diese Bundesregierung den Plan hat, gesunde Ern\u00e4hrung zu f\u00f6rdern, den Hunger auf der Welt zu beenden und den Planeten mit gr\u00fcnen Wiesen zu bepflastern, der glaubt vermutlich auch, dass Annalena Baerbock eine ausgezeichnete Diplomatin ist.<\/p>\n<p style=\"text-align: right;\"><em>Tom J. Wellbrock ist Texter und Sprecher und betrieb gemeinsam mit Jens Berger den Blog Spiegelfechter. Aktuell betreibt er den Blog <a href=\"https:\/\/www.neulandrebellen.de\/\" target=\"_blank\" rel=\"noopener\">Neulandrebellen.de<\/a>\u00a0 (gemeinsam mit Roberto J. De Lapuente) sowie den Telegram-Kanal &#8222;<a href=\"https:\/\/t.me\/Randnotizen_aus_der_Mitte\" target=\"_blank\" rel=\"noopener\">Randnotizen aus der Mitte<\/a>&#8222;. <\/em><\/p>\n<hr \/>\n<p><span style=\"font-size: 10pt;\">Bild: <span class=\"mw-mmv-title\">Landwirtschaftsminister Cem \u00d6zdemir spricht nach der Pr\u00e4sentation von Forderungen an ihn auf bei den j\u00e4hrlichen Protesten von Wir haben es satt in Berlin. (2022)<br \/>\nFoto: Leonhard Lenz, <a href=\"http:\/\/creativecommons.org\/publicdomain\/zero\/1.0\/deed.en\" target=\"_blank\" rel=\"noopener\">CC0<\/a><br \/>\n<\/span>Quelle: <a href=\"https:\/\/commons.wikimedia.org\/w\/index.php?curid=114579235\" target=\"_blank\" rel=\"noopener\">https:\/\/commons.wikimedia.org\/w\/index.php?curid=114579235<\/a><\/span><\/p>\n","protected":false},"excerpt":{"rendered":"<p><b>Beitrag von Tom J. Wellbrock<\/b><br \/>\nWir befinden uns in einem Transformationsprozess, wie ihn die Welt noch nie gesehen hat. Und w\u00e4hrend Annalena Baerbock um den Globus reist, um es mit m\u00f6glichst vielen L\u00e4ndern zu versauen, arbeiten Cem \u00d6zdemir (Die Gr\u00fcnen) und seine Komplizen an einem Fleischverbot.<br \/>\nFleischverbot? Da war doch was. Vor der Bundestagswahl 2013 waren es die Gr\u00fcnen, die sich mit der Forderung nach einem &#8222;Veggietag&#8220; mehr oder weniger l\u00e4cherlich machten. Und als h\u00e4tten sie es sich gemerkt und Rache geschworen, kommt das Thema der Fleischlosigkeit jetzt wieder auf den Tisch. Allerdings in einer Form, die einem die Haare zu Berge stehen l\u00e4sst.<\/p>\n","protected":false},"author":3,"featured_media":16249,"comment_status":"closed","ping_status":"closed","sticky":false,"template":"","format":"standard","meta":{"colormag_page_container_layout":"default_layout","colormag_page_sidebar_layout":"default_layout","advanced_seo_description":"","jetpack_seo_html_title":"","jetpack_seo_noindex":false,"jetpack_post_was_ever_published":false,"footnotes":""},"categories":[12],"tags":[1477,1282,84,94,1213,1369,71,1728],"class_list":["post-16238","post","type-post","status-publish","format-standard","has-post-thumbnail","hentry","category-demokratie-medien-aufklaerung","tag-ernaehrung","tag-gruene","tag-klima","tag-klimawandel","tag-landwirtschaft","tag-lebensmittel","tag-nachhaltigkeit","tag-vegetarisch"],"jetpack_featured_media_url":"https:\/\/i0.wp.com\/www.freidenker.org\/fw17\/wp-content\/uploads\/2023\/06\/Cem_Oezdemir_at_Wir_haben_es_satt_protest_Berlin_at_BMEL_2022-01-22_76_800x450.jpg?fit=800%2C450&ssl=1","jetpack_shortlink":"https:\/\/wp.me\/p9stpK-4dU","jetpack-related-posts":[{"id":15961,"url":"https:\/\/www.freidenker.org\/?p=15961","url_meta":{"origin":16238,"position":0},"title":"Annalena Baerbock: Nicht dumm, nur narzisstisch?","author":"Webredaktion","date":"6. Mai 2023","format":false,"excerpt":"Beitrag von Tom J. Wellbrock Eines vorweg: Tim Kellner geh\u00f6rt nicht zu der Kategorie Blogger, die ich verehren w\u00fcrde. Eher das Gegenteil ist der Fall. Seine politischen \u00dcberzeugungen sind mit meinen nur schwer zu vereinbaren, seine Witze finde ich eher flach, seine Art des Vortrages erzeugt in mir nur wenig\u2026","rel":"","context":"In &quot;Demokratie \u2013 Medien \u2013 Aufkl\u00e4rung&quot;","block_context":{"text":"Demokratie \u2013 Medien \u2013 Aufkl\u00e4rung","link":"https:\/\/www.freidenker.org\/?cat=12"},"img":{"alt_text":"","src":"https:\/\/i0.wp.com\/www.freidenker.org\/fw17\/wp-content\/uploads\/2023\/05\/Baerbock-2021-09-09_E4677_800x450.jpg?fit=800%2C450&ssl=1&resize=350%2C200","width":350,"height":200,"srcset":"https:\/\/i0.wp.com\/www.freidenker.org\/fw17\/wp-content\/uploads\/2023\/05\/Baerbock-2021-09-09_E4677_800x450.jpg?fit=800%2C450&ssl=1&resize=350%2C200 1x, https:\/\/i0.wp.com\/www.freidenker.org\/fw17\/wp-content\/uploads\/2023\/05\/Baerbock-2021-09-09_E4677_800x450.jpg?fit=800%2C450&ssl=1&resize=525%2C300 1.5x, https:\/\/i0.wp.com\/www.freidenker.org\/fw17\/wp-content\/uploads\/2023\/05\/Baerbock-2021-09-09_E4677_800x450.jpg?fit=800%2C450&ssl=1&resize=700%2C400 2x"},"classes":[]},{"id":10463,"url":"https:\/\/www.freidenker.org\/?p=10463","url_meta":{"origin":16238,"position":1},"title":"Denke ich an ein \u201eGr\u00fcnes\u201c Deutschland in der Nacht","author":"Webredaktion","date":"30. Mai 2021","format":false,"excerpt":"Kommentar von Rainer Rupp Vor allem der Albtraum von Annalena Baerbock als Bundeskanzlerin und Gr\u00fcnen Chef Robert Habeck als Au\u00dfenminister schreckt viele Menschen in Angstschwei\u00df gebadet auf. Denn die Ergebnisse der letzten Landtagswahlen und die begleitenden Umfragen haben wegen verschiedener Koalitionsm\u00f6glichkeiten das grauenhafte Menetekel einer Kanzlerin Baerbock an die Wand\u2026","rel":"","context":"In &quot;Demokratie \u2013 Medien \u2013 Aufkl\u00e4rung&quot;","block_context":{"text":"Demokratie \u2013 Medien \u2013 Aufkl\u00e4rung","link":"https:\/\/www.freidenker.org\/?cat=12"},"img":{"alt_text":"","src":"https:\/\/i0.wp.com\/www.freidenker.org\/fw17\/wp-content\/uploads\/2021\/05\/Annalena_Baerbock_42271074832_800x450.jpg?fit=800%2C450&ssl=1&resize=350%2C200","width":350,"height":200,"srcset":"https:\/\/i0.wp.com\/www.freidenker.org\/fw17\/wp-content\/uploads\/2021\/05\/Annalena_Baerbock_42271074832_800x450.jpg?fit=800%2C450&ssl=1&resize=350%2C200 1x, https:\/\/i0.wp.com\/www.freidenker.org\/fw17\/wp-content\/uploads\/2021\/05\/Annalena_Baerbock_42271074832_800x450.jpg?fit=800%2C450&ssl=1&resize=525%2C300 1.5x, https:\/\/i0.wp.com\/www.freidenker.org\/fw17\/wp-content\/uploads\/2021\/05\/Annalena_Baerbock_42271074832_800x450.jpg?fit=800%2C450&ssl=1&resize=700%2C400 2x"},"classes":[]},{"id":15571,"url":"https:\/\/www.freidenker.org\/?p=15571","url_meta":{"origin":16238,"position":2},"title":"Sehr geehrte Damen und Herren, liebe Indianer \u2013 Habeck macht den L\u00fcbke","author":"Webredaktion","date":"22. M\u00e4rz 2023","format":false,"excerpt":"Beitrag von Gert Ewen Ungar Der zweite deutsche Bundespr\u00e4sident Heinrich L\u00fcbke war f\u00fcr seine skurrilen \u00c4u\u00dferungen bekannt. So soll L\u00fcbke bei einem Staatsbesuch in Liberia im Jahr 1962 die Anwesenden mit \"Sehr geehrte Damen und Herren, liebe Neger\" begr\u00fc\u00dft haben. Da es damals weder Internet noch Smartphones gab, ist die\u2026","rel":"","context":"In &quot;Arbeit &amp; Soziales&quot;","block_context":{"text":"Arbeit &amp; Soziales","link":"https:\/\/www.freidenker.org\/?cat=11"},"img":{"alt_text":"","src":"https:\/\/i0.wp.com\/www.freidenker.org\/fw17\/wp-content\/uploads\/2023\/03\/amazon-indians-69589_800x450.jpg?fit=800%2C450&ssl=1&resize=350%2C200","width":350,"height":200,"srcset":"https:\/\/i0.wp.com\/www.freidenker.org\/fw17\/wp-content\/uploads\/2023\/03\/amazon-indians-69589_800x450.jpg?fit=800%2C450&ssl=1&resize=350%2C200 1x, https:\/\/i0.wp.com\/www.freidenker.org\/fw17\/wp-content\/uploads\/2023\/03\/amazon-indians-69589_800x450.jpg?fit=800%2C450&ssl=1&resize=525%2C300 1.5x, https:\/\/i0.wp.com\/www.freidenker.org\/fw17\/wp-content\/uploads\/2023\/03\/amazon-indians-69589_800x450.jpg?fit=800%2C450&ssl=1&resize=700%2C400 2x"},"classes":[]},{"id":18409,"url":"https:\/\/www.freidenker.org\/?p=18409","url_meta":{"origin":16238,"position":3},"title":"Es ist dem Westen egal, ob der Ukraine-Krieg endet","author":"Webredaktion","date":"28. Februar 2024","format":false,"excerpt":"von Tom J. Wellbrock Annalena Baerbock (Die Gr\u00fcnen) erz\u00e4hlt seit zwei Jahren die immer gleiche Geschichte: \"Und deswegen ist das, was wir tun m\u00fcssen, maximalen Druck international aufbauen \u2013 auf L\u00e4nder wie China oder auch Iran und Nordkorea. Und solange Putin diesen Krieg nicht beendet \u2013 er k\u00f6nnte ihn morgen\u2026","rel":"","context":"In &quot;Demokratie \u2013 Medien \u2013 Aufkl\u00e4rung&quot;","block_context":{"text":"Demokratie \u2013 Medien \u2013 Aufkl\u00e4rung","link":"https:\/\/www.freidenker.org\/?cat=12"},"img":{"alt_text":"","src":"https:\/\/i0.wp.com\/www.freidenker.org\/fw17\/wp-content\/uploads\/2024\/02\/Annalena_Baerbock_in_Berlin_2024_800x450.jpg?fit=800%2C450&ssl=1&resize=350%2C200","width":350,"height":200,"srcset":"https:\/\/i0.wp.com\/www.freidenker.org\/fw17\/wp-content\/uploads\/2024\/02\/Annalena_Baerbock_in_Berlin_2024_800x450.jpg?fit=800%2C450&ssl=1&resize=350%2C200 1x, https:\/\/i0.wp.com\/www.freidenker.org\/fw17\/wp-content\/uploads\/2024\/02\/Annalena_Baerbock_in_Berlin_2024_800x450.jpg?fit=800%2C450&ssl=1&resize=525%2C300 1.5x, https:\/\/i0.wp.com\/www.freidenker.org\/fw17\/wp-content\/uploads\/2024\/02\/Annalena_Baerbock_in_Berlin_2024_800x450.jpg?fit=800%2C450&ssl=1&resize=700%2C400 2x"},"classes":[]},{"id":16115,"url":"https:\/\/www.freidenker.org\/?p=16115","url_meta":{"origin":16238,"position":4},"title":"Baerbocks Wahn und ihr Kampf gegen die &#8222;bedingungslose Normalisierung&#8220;","author":"Webredaktion","date":"21. Mai 2023","format":false,"excerpt":"Beitrag von Tom J. Wellbrock\u00a0 Es ist nicht \u00fcberliefert, ob die \"regelbasierten Werte\" Baerbocks im Handgep\u00e4ck Platz fanden oder am Flughafen aufgegeben werden mussten. Das ist jedoch kein Wunder, denn ebenso unbeantwortet wie diese Frage ist die, was genau diese Werte eigentlich ausmacht. Entschieden wird nach Tagesform, Laune und dem\u2026","rel":"","context":"In &quot;Demokratie \u2013 Medien \u2013 Aufkl\u00e4rung&quot;","block_context":{"text":"Demokratie \u2013 Medien \u2013 Aufkl\u00e4rung","link":"https:\/\/www.freidenker.org\/?cat=12"},"img":{"alt_text":"","src":"https:\/\/i0.wp.com\/www.freidenker.org\/fw17\/wp-content\/uploads\/2023\/05\/Baerbock_Landtagswahl_NRW_2022_05-07-3204.jpg?fit=800%2C450&ssl=1&resize=350%2C200","width":350,"height":200,"srcset":"https:\/\/i0.wp.com\/www.freidenker.org\/fw17\/wp-content\/uploads\/2023\/05\/Baerbock_Landtagswahl_NRW_2022_05-07-3204.jpg?fit=800%2C450&ssl=1&resize=350%2C200 1x, https:\/\/i0.wp.com\/www.freidenker.org\/fw17\/wp-content\/uploads\/2023\/05\/Baerbock_Landtagswahl_NRW_2022_05-07-3204.jpg?fit=800%2C450&ssl=1&resize=525%2C300 1.5x, https:\/\/i0.wp.com\/www.freidenker.org\/fw17\/wp-content\/uploads\/2023\/05\/Baerbock_Landtagswahl_NRW_2022_05-07-3204.jpg?fit=800%2C450&ssl=1&resize=700%2C400 2x"},"classes":[]},{"id":11176,"url":"https:\/\/www.freidenker.org\/?p=11176","url_meta":{"origin":16238,"position":5},"title":"Annalena und die verdr\u00e4ngte Wahrheit \u00fcber Rot-Gr\u00fcn","author":"Webredaktion","date":"5. September 2021","format":false,"excerpt":"Beitrag von Dagmar Henn Sich \u00fcber die Kanzlerkandidatin der Gr\u00fcnen Annalena Baerbock lustig zu machen, erfordert nicht viel M\u00fche. Schlie\u00dflich reichen Aufnahmen ihrer zahlreichen Versprecher oder Lebensl\u00e4ufe. Manchmal allerdings sagt sie Dinge, die nicht schlicht mit einem \u00fcberforderten Verstand erkl\u00e4rt werden k\u00f6nnen. Wie jetzt wieder. Baerbock redet \u00fcber den Pflegenotstand\u2026","rel":"","context":"In &quot;Arbeit &amp; Soziales&quot;","block_context":{"text":"Arbeit &amp; Soziales","link":"https:\/\/www.freidenker.org\/?cat=11"},"img":{"alt_text":"","src":"https:\/\/i0.wp.com\/www.freidenker.org\/fw17\/wp-content\/uploads\/2021\/09\/baerbock_jeck_auf_gruen_92bd0b6b02_c_800x450.jpg?fit=799%2C450&ssl=1&resize=350%2C200","width":350,"height":200,"srcset":"https:\/\/i0.wp.com\/www.freidenker.org\/fw17\/wp-content\/uploads\/2021\/09\/baerbock_jeck_auf_gruen_92bd0b6b02_c_800x450.jpg?fit=799%2C450&ssl=1&resize=350%2C200 1x, https:\/\/i0.wp.com\/www.freidenker.org\/fw17\/wp-content\/uploads\/2021\/09\/baerbock_jeck_auf_gruen_92bd0b6b02_c_800x450.jpg?fit=799%2C450&ssl=1&resize=525%2C300 1.5x, https:\/\/i0.wp.com\/www.freidenker.org\/fw17\/wp-content\/uploads\/2021\/09\/baerbock_jeck_auf_gruen_92bd0b6b02_c_800x450.jpg?fit=799%2C450&ssl=1&resize=700%2C400 2x"},"classes":[]}],"_links":{"self":[{"href":"https:\/\/www.freidenker.org\/index.php?rest_route=\/wp\/v2\/posts\/16238","targetHints":{"allow":["GET"]}}],"collection":[{"href":"https:\/\/www.freidenker.org\/index.php?rest_route=\/wp\/v2\/posts"}],"about":[{"href":"https:\/\/www.freidenker.org\/index.php?rest_route=\/wp\/v2\/types\/post"}],"author":[{"embeddable":true,"href":"https:\/\/www.freidenker.org\/index.php?rest_route=\/wp\/v2\/users\/3"}],"replies":[{"embeddable":true,"href":"https:\/\/www.freidenker.org\/index.php?rest_route=%2Fwp%2Fv2%2Fcomments&post=16238"}],"version-history":[{"count":0,"href":"https:\/\/www.freidenker.org\/index.php?rest_route=\/wp\/v2\/posts\/16238\/revisions"}],"wp:featuredmedia":[{"embeddable":true,"href":"https:\/\/www.freidenker.org\/index.php?rest_route=\/wp\/v2\/media\/16249"}],"wp:attachment":[{"href":"https:\/\/www.freidenker.org\/index.php?rest_route=%2Fwp%2Fv2%2Fmedia&parent=16238"}],"wp:term":[{"taxonomy":"category","embeddable":true,"href":"https:\/\/www.freidenker.org\/index.php?rest_route=%2Fwp%2Fv2%2Fcategories&post=16238"},{"taxonomy":"post_tag","embeddable":true,"href":"https:\/\/www.freidenker.org\/index.php?rest_route=%2Fwp%2Fv2%2Ftags&post=16238"}],"curies":[{"name":"wp","href":"https:\/\/api.w.org\/{rel}","templated":true}]}}