{"id":16231,"date":"2023-06-03T23:25:20","date_gmt":"2023-06-03T21:25:20","guid":{"rendered":"https:\/\/www.freidenker.org\/?p=16231"},"modified":"2023-07-08T13:28:52","modified_gmt":"2023-07-08T11:28:52","slug":"lugansk-2014-wie-der-krieg-dort-einzog","status":"publish","type":"post","link":"https:\/\/www.freidenker.org\/?p=16231","title":{"rendered":"Lugansk 2014: Wie der Krieg dort einzog \u2013"},"content":{"rendered":"<h4>&#8211; und wie deutsche Medien ihn verschwinden lie\u00dfen<\/h4>\n<p><strong>Der 2. Juni 2014 ist ein weiterer der vielen schrecklichen Momente des B\u00fcrgerkriegs im Donbass, und ein weiterer Moment, der in Deutschland verschwiegen wurde. Dabei gen\u00fcgen die Aufnahmen dieses Tages, um der Formel vom &#8222;unprovozierten russischen Angriffskrieg&#8220; den Garaus zu machen.<\/strong><\/p>\n<p><em>Von <strong>Dagmar Henn<\/strong><\/em><\/p>\n<p><span style=\"font-size: 10pt;\">Erstver\u00f6ffentlichung am 02.06.2023 auf <a href=\"https:\/\/pressefreiheit.rtde.live\/meinung\/171665-wie-krieg-in-lugansk-einzog\/\" target=\"_blank\" rel=\"noopener\">RT DE<\/a><\/span><\/p>\n<p>Heute ist wieder einer jener Tage, an dem man einen Blick zur\u00fcck auf die Entwicklung des Krieges in der Ukraine werfen sollte. Am 2. Juni 2014 geschah der Luftangriff auf die Regionalverwaltung in Lugansk, und er zeigte ein weiteres Mal, wie sich der Umgang des Westens mit dem B\u00fcrgerkrieg in den folgenden Jahren gestalten sollte.<\/p>\n<p>Nicht der Angriff, aber dessen unmittelbare Folgen waren wieder Teil eines Livestreams; der Streamer hatte zuvor einen Versuch, die Kaserne der Grenzpolizei zu st\u00fcrmen, begleitet und eilte dann zur\u00fcck in die Innenstadt, als er von dem Angriff erfuhr. Die ukrainische Armee hatte das Geb\u00e4ude der Regionalverwaltung mit Raketen beschossen, vermutlich in der Erwartung, die in diesem Geb\u00e4ude tagende F\u00fchrung der Volksrepublik Lugansk auszul\u00f6schen (in Donezk gab es an diesem Tag einen Anschlag mit einer Autobombe). Stattdessen wurden Mitarbeiter der Verwaltung und B\u00fcrger get\u00f6tet, die sich zu diesem Zeitpunkt vor dem Geb\u00e4ude aufhielten.<\/p>\n<p>Als der Streamer dort eintraf, war zuerst nur klar, dass reihenweise blutende Menschen am Boden lagen und die B\u00e4ume des Parks von Splittern getroffen waren. Im Original dieses Streams <a href=\"https:\/\/youtu.be\/pooFkZzmtNc\">h\u00f6rt<\/a> man den Filmenden nur laut fluchen (diesmal ist die Warnung von Youtube wirklich berechtigt); sein Entsetzen angesichts dieses Anblicks war un\u00fcberh\u00f6rbar. In einem Augenblick filmt er eine Frau, die ihn bittet, ihr ihr Handy zu geben, weil sie ihre Tochter anrufen wollte; kurz darauf war diese Frau tot, der Angriff hatte ihr die Beine abgerissen.<\/p>\n<p>In Deutschland war nichts davon zu sehen oder zu h\u00f6ren. Die Kiewer Regierung bestritt, einen Angriff geflogen zu haben. Die Erz\u00e4hlung, die sie sich einfallen lie\u00df, war: Da haben einige Separatisten mit MANPADS versehentlich den Bau beschossen, und die Geschosse seien von der Klimaanlage angezogen worden.<\/p>\n<p>Die deutschen Medien \u00fcbernahmen dieses M\u00e4rchen, ungeachtet der Tatsache, dass ein einziger Blick auf ein Foto dieser Regionalverwaltung gezeigt h\u00e4tte, dass dort gar keine Klimaanlagen waren, also auch keine Hitzequellen f\u00fcr diesen imaginierten Fehlschuss. Der Streamer hatte \u00fcbrigens anschlie\u00dfend den Park abgesucht und tats\u00e4chlich noch eine im Boden stecken gebliebene Rakete gefilmt, aber solches Material fand sich nie in deutschen Sendungen.<\/p>\n<p>Der kleine Park vor der Regionalverwaltung wurde allerdings von einer Webcam \u00fcberblickt, und die Aufnahmen dieser Webcam <a href=\"https:\/\/youtu.be\/dIznum2-aa0\">zeigten<\/a> eindeutig, wie der Bau mit Raketen beschossen wurde. Am Folgetag kam dann auch das Gest\u00e4ndnis aus Kiew: Ja, wir haben das Geb\u00e4ude beschossen. In Deutschland kam diese Korrektur jedoch niemals an.<\/p>\n<p>Anders damals noch bei der OSZE. Deren Bericht <a href=\"http:\/\/www.osce.org\/node\/119479\">las<\/a> sich wie folgt:<\/p>\n<blockquote><p><em>&#8222;In Lugansk blieb die Lage volatil. Am 2. Juni, kurz nach 15 Uhr, trafen Raketen das besetzte Geb\u00e4ude der Regionalverwaltung. Nach den begrenzten Beobachtungen der SMM (special monitoring mission \/ besondere Beobachtungsmission) waren diese Schl\u00e4ge das Ergebnis ungelenkter Raketen, die aus einem Flugzeug abgeschossen wurden. Die Zahl der Opfer ist unbekannt.&#8220;<\/em><\/p><\/blockquote>\n<p>Auch <em>CNN<\/em>\u00a0<a href=\"https:\/\/edition.cnn.com\/2014\/06\/03\/world\/europe\/ukraine-luhansk-building-attack\/index.html\">berichtete<\/a> noch. In einem Tonfall, den man sp\u00e4ter, bezogen auf die Bev\u00f6lkerung des Donbass, nie wieder h\u00f6ren sollte:<\/p>\n<blockquote><p><em>&#8222;Blutbeflecktes Pflaster, die Puderdose einer Frau, eine zersplitterte Brille, ein einzelner, staubbedeckter Schuh waren unter den Tr\u00fcmmern, die eine zerst\u00f6rerische Serie von Explosionen hinterlie\u00df, die das Hauptquartier der pro-russischen Separatisten in der ostukrainischen Stadt Lugansk am Montag traf.<\/em><\/p>\n<p><em>Das Gemetzel war pl\u00f6tzlich, unerwartet. Das war die Mitte einer Stadt, ein Geb\u00e4ude neben einem schattigen Platz, wo Zivilisten entlanggingen und arbeiteten. Acht Menschen wurden get\u00f6tet, f\u00fcnf Frauen und drei M\u00e4nner, der selbsterkl\u00e4rten Lugansker Volksrepublik zufolge; die Kiewer Beh\u00f6rden melden die gleiche Opferzahl.&#8220;<\/em><\/p><\/blockquote>\n<p>Und dann wurden die beiden Varianten der Erkl\u00e4rung benannt, auch die Kiewer Ausreden f\u00fcr dieses Kriegsverbrechen: &#8222;Die Kiewer Beh\u00f6rden bestritten, dass ihre Flugzeuge beteiligt waren. Anf\u00e4nglich sagte die Antiterroroperation, die Explosion h\u00e4tte im Inneren des Geb\u00e4udes stattgefunden, dann, dass Flugabwehrraketen der Separatisten daneben getroffen h\u00e4tten, angezogen von der Hitze einer Klimaanlage au\u00dferhalb des Geb\u00e4udes.&#8220;<\/p>\n<p>Wie man sehen kann, ist hier auch die Version zitiert, die es in die deutsche <em>Tagesschau<\/em> schaffte. Aber der Text geht weiter: &#8222;Eine Untersuchung von <em>CNN<\/em> in Lugansk fand klare Belege daf\u00fcr, dass, welche Explosionen auch immer das Geb\u00e4ude und den danebenliegenden Park trafen, aus der Luft gekommen waren. Die Spitzen der B\u00e4ume waren gesplittert, und eine Reihe von kleinen Kratern \u2013 etwa ein Dutzend \u2013 war in einer geraden Linie entstanden, im Park beginnend, bis zur Wand des Geb\u00e4udes.&#8220; Dann wird ein Experte zitiert, der vermutet, dass 30-Millimeter-Munition entweder aus einer Su-25 oder einer Su-27 abgefeuert wurde.<\/p>\n<p>Acht Tote und \u00fcber 20 Verletzte an dem Tag, an dem das Gemetzel in Lugansk Einzug hielt. So wie einige Tage zuvor mit dem Beschuss des Donezker Flughafens f\u00fcr Donezk wurde an diesem Tag auch in Lugansk aus einer politischen Auseinandersetzung ein B\u00fcrgerkrieg. In beiden F\u00e4llen geschah das durch Eins\u00e4tze der ukrainischen Luftwaffe. In beiden F\u00e4llen gab es noch etwas Berichterstattung im Westen, wie die obigen <em>CNN<\/em>-Zitate belegen \u2013 aber nicht in der deutschen Presse, den deutschen Fernsehsendern, die zu jenem Zeitpunkt durchaus noch Personal in der Gegend hatten. Kein Bild, kein Ton, nur ein Foto der angekohlten Fassade mit dem Kiewer M\u00e4rchen vom MANPADS. Und das, obwohl der Beschuss dieses Geb\u00e4udes eindeutig ein Verbrechen war; diesmal, im Gegensatz zu Odessa oder selbst Mariupol, eines, das nur auf Kiewer Befehl geschehen konnte.<\/p>\n<p>Wenn man das damalige deutsche Schweigen betrachtet, das trotz der geografischen N\u00e4he weitaus fr\u00fcher das heutige Ausma\u00df annahm als beispielsweise in den Vereinigten Staaten, dann kommt man zu der Vermutung, dass zumindest zu diesem Zeitpunkt das Interesse der deutschen Politik an der Entstehung dieses B\u00fcrgerkriegs noch ausgepr\u00e4gter war als das der Vereinigten Staaten. So wie zuvor das Massaker von Odessa und der Einfall der Nationalgarde in Mariupol wurde auch dieser Luftangriff auf Lugansk vom Schweigen verschluckt. Das Entsetzen, mit dem der Streamer den Beginn des Krieges gegen seine Stadt zeigt, hat deutsche Ohren nie erreicht (von einigen kleinen Webseiten und ein paar Konten auf Facebook abgesehen).<\/p>\n<p>Und auch bei diesen Bildern stellt sich wieder die Frage: W\u00e4re es heute denkbar, die Geschichte von der demokratischen Ukraine zu verkaufen und vom unprovozierten russischen Angriffskrieg zu reden, wenn der Augenblick, in dem die verblutende Frau den Filmer um ihr Handy bittet, ebenso in den deutschen Ged\u00e4chtnissen verankert w\u00e4re wie in den russischen?<\/p>\n<p>Vielleicht ist der Unterschied die Perspektive\u00a0\u2012 der Stream aus Donezk einige Tage zuvor (ja, auch dort gab es einen) war nicht so nahe dran am Zielpunkt der Raketen; aber die Aufnahmen von diesem 2. Juni 2014 lassen sich \u00fcbertragen auf das andere historische Datum dieses Monats, den Beginn des Unternehmens Barbarossas, des deutschen \u00dcberfalls auf die Sowjetunion am 22. Juni 1941.<\/p>\n<p>Die Tiefe des Schreckens, die in dem Video so hautnah ist, dieses pl\u00f6tzliche Entsetzen mitten in einer friedlichen Stadt, die aus ihrem Alltag herausgerissen wird und in den Krieg gest\u00fcrzt, so, genau so muss das damals auch gewesen sein. Viele der sowjetischen und auch der russischen Filme versuchen, diesen Moment einzufangen, aber nirgends ist das so pr\u00e4zise und so ersch\u00fctternd wie in den Aufnahmen aus Lugansk vom 2. Juni 2014.<\/p>\n<p>Die Tatsache, dass dieser Schrecken in Deutschland so gr\u00fcndlich verh\u00fcllt wurde, zeigt, dass es in diesem Krieg neben dem Kiewer Regime und der transatlantischen R\u00e4ubertruppe namens NATO noch einen weiteren Schuldigen gibt: die Medien, die heute in Deutschland mindestens ebenso sehr zur Schaffung von Kriegen beitragen, wie sie einst zu den Zeiten des Vietnamkriegs dazu beitrugen, die Wahrheit \u00fcber den Schrecken zu enth\u00fcllen.<\/p>\n<p style=\"text-align: right;\"><em>Dagmar Henn ist Mitglied des Deutschen Freidenker-Verbandes<\/em><\/p>\n<hr \/>\n<p><span style=\"font-size: 10pt;\">Bild oben: <span class=\"Cover-caption\"><span class=\"Cover-captionItem\">Einweihung des Denkmals f\u00fcr die Opfer des 02.06.2014 in Lugansk, 02.06.2015.<\/span><\/span><\/span><br \/>\n<span class=\"Cover-imageSource\" style=\"font-size: 10pt;\"><span class=\"Cover-captionItem\">Quelle: Sputnik <\/span><span class=\"Cover-captionItem\">\u00a9 Juri Kramorenko<\/span><\/span><br \/>\n<span style=\"font-size: 10pt;\">\u00fcbernommen von <a href=\"https:\/\/pressefreiheit.rtde.live\/meinung\/171665-wie-krieg-in-lugansk-einzog\/\" target=\"_blank\" rel=\"noopener\">RT DE<\/a><\/span><\/p>\n","protected":false},"excerpt":{"rendered":"<p><b>Beitrag von Dagmar Henn<\/b><br \/>\nHeute ist wieder einer jener Tage, an dem man einen Blick zur\u00fcck auf die Entwicklung des Krieges in der Ukraine werfen sollte. Am 2. Juni 2014 geschah der Luftangriff auf die Regionalverwaltung in Lugansk, und er zeigte ein weiteres Mal, wie sich der Umgang des Westens mit dem B\u00fcrgerkrieg in den folgenden Jahren gestalten sollte. Nicht der Angriff, aber dessen unmittelbare Folgen waren wieder Teil eines Livestreams; der Streamer hatte zuvor einen Versuch, die Kaserne der Grenzpolizei zu st\u00fcrmen, begleitet und eilte dann zur\u00fcck in die Innenstadt, als er von dem Angriff erfuhr. Die ukrainische Armee hatte das Geb\u00e4ude der Regionalverwaltung mit Raketen beschossen &#8230;<\/p>\n","protected":false},"author":3,"featured_media":16232,"comment_status":"closed","ping_status":"closed","sticky":false,"template":"","format":"standard","meta":{"colormag_page_container_layout":"default_layout","colormag_page_sidebar_layout":"default_layout","advanced_seo_description":"","jetpack_seo_html_title":"","jetpack_seo_noindex":false,"jetpack_post_was_ever_published":false,"footnotes":""},"categories":[13],"tags":[1679,1121,1072,188,1497,743,56,1692,1126,639],"class_list":["post-16231","post","type-post","status-publish","format-standard","has-post-thumbnail","hentry","category-frieden-antifaschismus-solidaritaet","tag-angriffskrieg","tag-donbass","tag-donezk","tag-krieg","tag-lugansk","tag-medienluegen","tag-nato","tag-odessa","tag-tagesschau","tag-ukraine-konflikt"],"jetpack_featured_media_url":"https:\/\/i0.wp.com\/www.freidenker.org\/fw17\/wp-content\/uploads\/2023\/06\/Denkmal_Lugansk_2015_800x450.jpg?fit=800%2C450&ssl=1","jetpack_shortlink":"https:\/\/wp.me\/p9stpK-4dN","jetpack-related-posts":[{"id":12367,"url":"https:\/\/www.freidenker.org\/?p=12367","url_meta":{"origin":16231,"position":0},"title":"Erkl\u00e4rung der GRH","author":"Webredaktion","date":"4. M\u00e4rz 2022","format":false,"excerpt":"Erkl\u00e4rung der GRH - Gesellschaft zur Rechtlichen und Humanit\u00e4ren Unterst\u00fctzung e.V. Seit dem 24.2. 2022 herrscht in der Ukraine Krieg. Der russische Pr\u00e4sident Putin hatte den Befehl zu einer Milit\u00e4roperation gegeben. Unmittelbarer Anlass f\u00fcr diese Entscheidung war eine Zuspitzung der Situation um die beiden Republiken des Donbass Donezk und Lugansk.\u2026","rel":"","context":"In &quot;Frieden - Antifaschismus - Solidarit\u00e4t&quot;","block_context":{"text":"Frieden - Antifaschismus - Solidarit\u00e4t","link":"https:\/\/www.freidenker.org\/?cat=13"},"img":{"alt_text":"","src":"https:\/\/i0.wp.com\/www.freidenker.org\/fw17\/wp-content\/uploads\/2022\/03\/grh-erklaerung_800x450.jpg?fit=800%2C450&ssl=1&resize=350%2C200","width":350,"height":200,"srcset":"https:\/\/i0.wp.com\/www.freidenker.org\/fw17\/wp-content\/uploads\/2022\/03\/grh-erklaerung_800x450.jpg?fit=800%2C450&ssl=1&resize=350%2C200 1x, https:\/\/i0.wp.com\/www.freidenker.org\/fw17\/wp-content\/uploads\/2022\/03\/grh-erklaerung_800x450.jpg?fit=800%2C450&ssl=1&resize=525%2C300 1.5x, https:\/\/i0.wp.com\/www.freidenker.org\/fw17\/wp-content\/uploads\/2022\/03\/grh-erklaerung_800x450.jpg?fit=800%2C450&ssl=1&resize=700%2C400 2x"},"classes":[]},{"id":14513,"url":"https:\/\/www.freidenker.org\/?p=14513","url_meta":{"origin":16231,"position":1},"title":"Ukraine: Seit acht Jahren ist Bruderkrieg \u2013 &#8222;Die Welt&#8220; entdeckt ihn heute","author":"Webredaktion","date":"24. Oktober 2022","format":false,"excerpt":"Beitrag von Dagmar Henn Die Welt hat die Erkl\u00e4rung des Kriegsrechts in den vier neuen, nach Referenden der Russischen F\u00f6deration beigetretenen Gebieten mit der interessanten \u00dcberschrift versehen \"Warum Putin jetzt Ukrainer zwingt, gegen ihre eigenen Landsleute zu k\u00e4mpfen\". Das klingt besonders schlimm. Wie kann man das tun, soll der deutsche\u2026","rel":"","context":"In &quot;Frieden - Antifaschismus - Solidarit\u00e4t&quot;","block_context":{"text":"Frieden - Antifaschismus - Solidarit\u00e4t","link":"https:\/\/www.freidenker.org\/?cat=13"},"img":{"alt_text":"","src":"https:\/\/i0.wp.com\/www.freidenker.org\/fw17\/wp-content\/uploads\/2022\/10\/Denkmal_Saur-Mogila_800x450.jpg?fit=800%2C450&ssl=1&resize=350%2C200","width":350,"height":200,"srcset":"https:\/\/i0.wp.com\/www.freidenker.org\/fw17\/wp-content\/uploads\/2022\/10\/Denkmal_Saur-Mogila_800x450.jpg?fit=800%2C450&ssl=1&resize=350%2C200 1x, https:\/\/i0.wp.com\/www.freidenker.org\/fw17\/wp-content\/uploads\/2022\/10\/Denkmal_Saur-Mogila_800x450.jpg?fit=800%2C450&ssl=1&resize=525%2C300 1.5x, https:\/\/i0.wp.com\/www.freidenker.org\/fw17\/wp-content\/uploads\/2022\/10\/Denkmal_Saur-Mogila_800x450.jpg?fit=800%2C450&ssl=1&resize=700%2C400 2x"},"classes":[]},{"id":19048,"url":"https:\/\/www.freidenker.org\/?p=19048","url_meta":{"origin":16231,"position":2},"title":"Vor zehn Jahren: Ukrainische Soldaten beschie\u00dfen Demonstration zum 9. Mai und Polizei-Zentrale in Mariupol","author":"Webredaktion","date":"11. Mai 2024","format":false,"excerpt":"Beitrag von Ulrich Heyden Der Angriff ukrainischer Soldaten, Nationalgardisten und Asow-Mitglieder auf eine Demonstration zum Tag des Sieges \u00fcber Hitler-Deutschland am 9. Mai 2014 in Mariupol und die Beschie\u00dfung der \u00f6rtlichen Polizeizentrale, wo sich meuternde Polizisten verbarrikadiert hatten, am gleichen Tag waren nach dem Brand des Gewerkschaftshauses in Odessa ein\u2026","rel":"","context":"In &quot;Demokratie \u2013 Medien \u2013 Aufkl\u00e4rung&quot;","block_context":{"text":"Demokratie \u2013 Medien \u2013 Aufkl\u00e4rung","link":"https:\/\/www.freidenker.org\/?cat=12"},"img":{"alt_text":"","src":"https:\/\/i0.wp.com\/www.freidenker.org\/fw17\/wp-content\/uploads\/2024\/05\/Burnt-out_police_station_in_Mariupol_800x450.jpg?fit=800%2C450&ssl=1&resize=350%2C200","width":350,"height":200,"srcset":"https:\/\/i0.wp.com\/www.freidenker.org\/fw17\/wp-content\/uploads\/2024\/05\/Burnt-out_police_station_in_Mariupol_800x450.jpg?fit=800%2C450&ssl=1&resize=350%2C200 1x, https:\/\/i0.wp.com\/www.freidenker.org\/fw17\/wp-content\/uploads\/2024\/05\/Burnt-out_police_station_in_Mariupol_800x450.jpg?fit=800%2C450&ssl=1&resize=525%2C300 1.5x, https:\/\/i0.wp.com\/www.freidenker.org\/fw17\/wp-content\/uploads\/2024\/05\/Burnt-out_police_station_in_Mariupol_800x450.jpg?fit=800%2C450&ssl=1&resize=700%2C400 2x"},"classes":[]},{"id":12595,"url":"https:\/\/www.freidenker.org\/?p=12595","url_meta":{"origin":16231,"position":3},"title":"Freidenker zu den Osterm\u00e4rschen 2022","author":"Webredaktion","date":"10. April 2022","format":false,"excerpt":"Anl\u00e4sslich der bevorstehenden Osterm\u00e4rsche hat der Deutsche Freidenker-Verband ein Faltblatt herausgegeben. Wir ver\u00f6ffentlichen hier den einleitenden Text und bieten das gesamte Faltblatt zum Download an. Ukraine: Nein zu Faschismus und Krieg Wann begann der Krieg in der Ukraine? Von \u201eQualit\u00e4tsmedien\u201c und NATO-Politikern, selbst aus der Friedensbewegung h\u00f6ren wir von einem\u2026","rel":"","context":"In &quot;Frieden - Antifaschismus - Solidarit\u00e4t&quot;","block_context":{"text":"Frieden - Antifaschismus - Solidarit\u00e4t","link":"https:\/\/www.freidenker.org\/?cat=13"},"img":{"alt_text":"","src":"https:\/\/i0.wp.com\/www.freidenker.org\/fw17\/wp-content\/uploads\/2022\/04\/Faltblatt_grafik_800x450.jpg?fit=800%2C450&ssl=1&resize=350%2C200","width":350,"height":200,"srcset":"https:\/\/i0.wp.com\/www.freidenker.org\/fw17\/wp-content\/uploads\/2022\/04\/Faltblatt_grafik_800x450.jpg?fit=800%2C450&ssl=1&resize=350%2C200 1x, https:\/\/i0.wp.com\/www.freidenker.org\/fw17\/wp-content\/uploads\/2022\/04\/Faltblatt_grafik_800x450.jpg?fit=800%2C450&ssl=1&resize=525%2C300 1.5x, https:\/\/i0.wp.com\/www.freidenker.org\/fw17\/wp-content\/uploads\/2022\/04\/Faltblatt_grafik_800x450.jpg?fit=800%2C450&ssl=1&resize=700%2C400 2x"},"classes":[]},{"id":12842,"url":"https:\/\/www.freidenker.org\/?p=12842","url_meta":{"origin":16231,"position":4},"title":"Der Krieg in der Ukraine und wir","author":"Webredaktion","date":"17. April 2022","format":false,"excerpt":"Beitrag von Klaus Hartmann aus FREIDENKER 1-22 Von Anbeginn ist die Freidenkerbewegung f\u00fcr ihre entschiedene Kriegsgegnerschaft bekannt, und wir sind stolz auf die Frie\u00addensnobelpreistr\u00e4gerin aus unseren Reihen, Bertha von Suttner, mit dem Verm\u00e4chtnis \u201eDie Waffen nieder!\u201c, Titel ihres 1889 er\u00adschienenen Romans. Die Ablehnung des im\u00adperialistischen Krieges kennzeichnet die Akti\u00advit\u00e4ten der\u2026","rel":"","context":"In &quot;Frieden - Antifaschismus - Solidarit\u00e4t&quot;","block_context":{"text":"Frieden - Antifaschismus - Solidarit\u00e4t","link":"https:\/\/www.freidenker.org\/?cat=13"},"img":{"alt_text":"","src":"https:\/\/i0.wp.com\/www.freidenker.org\/fw17\/wp-content\/uploads\/2022\/04\/aktion_burg_05_800x448.jpg?fit=800%2C448&ssl=1&resize=350%2C200","width":350,"height":200,"srcset":"https:\/\/i0.wp.com\/www.freidenker.org\/fw17\/wp-content\/uploads\/2022\/04\/aktion_burg_05_800x448.jpg?fit=800%2C448&ssl=1&resize=350%2C200 1x, https:\/\/i0.wp.com\/www.freidenker.org\/fw17\/wp-content\/uploads\/2022\/04\/aktion_burg_05_800x448.jpg?fit=800%2C448&ssl=1&resize=525%2C300 1.5x, https:\/\/i0.wp.com\/www.freidenker.org\/fw17\/wp-content\/uploads\/2022\/04\/aktion_burg_05_800x448.jpg?fit=800%2C448&ssl=1&resize=700%2C400 2x"},"classes":[]},{"id":11657,"url":"https:\/\/www.freidenker.org\/?p=11657","url_meta":{"origin":16231,"position":5},"title":"Maas, Le Drian, ein Briefwechsel mit Lawrow und die Wahrheit","author":"Webredaktion","date":"22. November 2021","format":false,"excerpt":"Beitrag von Dagmar Henn Vor wenigen Wochen wurde \u2013 auch vom Au\u00dfenminister Heiko Maas \u2013 laut verk\u00fcndet, wie wichtig doch mal wieder ein Treffen im Normandie-Format (Russland, Deutschland, Frankreich, Ukraine) w\u00e4re, um einer L\u00f6sung im Donbass n\u00e4herzukommen. Nachdem dieser Wunsch ge\u00e4u\u00dfert worden war, schrieb der russische Au\u00dfenminister am 29. Oktober\u2026","rel":"","context":"In &quot;Frieden - Antifaschismus - Solidarit\u00e4t&quot;","block_context":{"text":"Frieden - Antifaschismus - Solidarit\u00e4t","link":"https:\/\/www.freidenker.org\/?cat=13"},"img":{"alt_text":"","src":"https:\/\/i0.wp.com\/www.freidenker.org\/fw17\/wp-content\/uploads\/2021\/11\/Lavrov_Maas_MSK_2019_800x450.jpg?fit=800%2C450&ssl=1&resize=350%2C200","width":350,"height":200,"srcset":"https:\/\/i0.wp.com\/www.freidenker.org\/fw17\/wp-content\/uploads\/2021\/11\/Lavrov_Maas_MSK_2019_800x450.jpg?fit=800%2C450&ssl=1&resize=350%2C200 1x, https:\/\/i0.wp.com\/www.freidenker.org\/fw17\/wp-content\/uploads\/2021\/11\/Lavrov_Maas_MSK_2019_800x450.jpg?fit=800%2C450&ssl=1&resize=525%2C300 1.5x, https:\/\/i0.wp.com\/www.freidenker.org\/fw17\/wp-content\/uploads\/2021\/11\/Lavrov_Maas_MSK_2019_800x450.jpg?fit=800%2C450&ssl=1&resize=700%2C400 2x"},"classes":[]}],"_links":{"self":[{"href":"https:\/\/www.freidenker.org\/index.php?rest_route=\/wp\/v2\/posts\/16231","targetHints":{"allow":["GET"]}}],"collection":[{"href":"https:\/\/www.freidenker.org\/index.php?rest_route=\/wp\/v2\/posts"}],"about":[{"href":"https:\/\/www.freidenker.org\/index.php?rest_route=\/wp\/v2\/types\/post"}],"author":[{"embeddable":true,"href":"https:\/\/www.freidenker.org\/index.php?rest_route=\/wp\/v2\/users\/3"}],"replies":[{"embeddable":true,"href":"https:\/\/www.freidenker.org\/index.php?rest_route=%2Fwp%2Fv2%2Fcomments&post=16231"}],"version-history":[{"count":0,"href":"https:\/\/www.freidenker.org\/index.php?rest_route=\/wp\/v2\/posts\/16231\/revisions"}],"wp:featuredmedia":[{"embeddable":true,"href":"https:\/\/www.freidenker.org\/index.php?rest_route=\/wp\/v2\/media\/16232"}],"wp:attachment":[{"href":"https:\/\/www.freidenker.org\/index.php?rest_route=%2Fwp%2Fv2%2Fmedia&parent=16231"}],"wp:term":[{"taxonomy":"category","embeddable":true,"href":"https:\/\/www.freidenker.org\/index.php?rest_route=%2Fwp%2Fv2%2Fcategories&post=16231"},{"taxonomy":"post_tag","embeddable":true,"href":"https:\/\/www.freidenker.org\/index.php?rest_route=%2Fwp%2Fv2%2Ftags&post=16231"}],"curies":[{"name":"wp","href":"https:\/\/api.w.org\/{rel}","templated":true}]}}