{"id":16210,"date":"2023-05-31T00:46:59","date_gmt":"2023-05-30T22:46:59","guid":{"rendered":"https:\/\/www.freidenker.org\/?p=16210"},"modified":"2023-06-15T23:13:13","modified_gmt":"2023-06-15T21:13:13","slug":"die-guten-sind-keine-rassisten","status":"publish","type":"post","link":"https:\/\/www.freidenker.org\/?p=16210","title":{"rendered":"\u201eDie Guten\u201c sind keine Rassisten"},"content":{"rendered":"<p><em>von\u00a0<strong>Gregor Gasse<\/strong><\/em><\/p>\n<p>Spr\u00fcche 14, 15 (EB*)<\/p>\n<blockquote><p><em>\u201eDer Einf\u00e4ltige glaubt jedem Wort, aber der Kluge achtet auf seinen Schritt.\u201c<\/em><\/p><\/blockquote>\n<p>Deutung (Extrakt):<\/p>\n<p>Wie es dem Einf\u00e4ltigen geht, liest du darin, was in den \u00dcberschriften steht! Eine emotionale Reise, die von Widerspruch zu Widerspruch geht, wenn es erwartet und ausgerufen wird. <em>\u201eWelches Ende w\u00fcnsche ich mir, und welches f\u00fcrchte ich? Ich w\u00fcnsche mir einen totalen und vernichtenden Sieg f\u00fcr die Ukraine, und zwar aus mehreren Gr\u00fcnden: Unter Putin wird Russland nicht verhandeln. Seine Worte k\u00f6nnten blo\u00dfes Machogehabe sein, doch hat er mehrfach angedeutet, dass er einen totalen (das hei\u00dft atomaren) Krieg jeder Verhandlungsl\u00f6sung vorzieht. Ich w\u00fcnsche mir einen totalen und vernichtenden Sieg f\u00fcr die Ukraine, weil die Russen t\u00e4glich Verbrechen gegen die Menschlichkeit ver\u00fcben, die nicht unges\u00fchnt bleiben d\u00fcrfen. Nicht zuletzt w\u00fcnsche ich mir, dass Russland vernichtend geschlagen wird, weil Putin die ideellen Werte Europas bedroht\u201c<\/em>, Eva Illouz (Professorin f\u00fcr Soziologie an der Hebr\u00e4ischen Universit\u00e4t in Jerusalem) in einem \u201eZeit\u201c- Gastkommentar; die Nazi-Rhetorik und Sieg-Heil-Attit\u00fcde wird hier billigend in Kauf genommen, alles ist berechtigt, wenn es sich nur gegen den ausgerufenen Feind richtet!<\/p>\n<p>Wir sind partout gegen Rassismus, wenn sein Ziel nicht gerade unser Feind, das B\u00f6se ist. Dann sind wir auf \u00fcbelste Art und Weise rassistisch, wobei es bei uns dann kein Rassismus ist, sondern der Widerstand gegen b\u00f6sartige Regime, gegen das B\u00f6se, welches aber grunds\u00e4tzlich durch andere bezeichnet wird. Gleiche Rhetorik, Gedanken, Taten bedeuten nicht gleiche Konsequenzen! W\u00fcrde ein anderer dasselbe sagen oder machen wie wir, wir w\u00fcrden ihn lauthals als Rassisten beschimpfen und in unseren Medien an den Pranger stellen. Aber wir sind ja die Guten, und die Guten waren keine Rassisten, wenngleich sie sich wie solche auff\u00fchrten.<\/p>\n<p>Das beobachtet man gegenw\u00e4rtig oder eigentlich schon l\u00e4nger in der Ukraine. Die vermeintlich kulturellen Emanzipationsbem\u00fchungen verenden im Rassismus. Russische B\u00fccher werden geschreddert, die russische Sprache verboten, linke Parteien mit dem Verdacht auf russische Sympathie zerschlagen, die Medien gleichgeschaltet und unter Beobachtung gestellt\u2026 Was mit dem Einmarsch der russischen Armee begr\u00fcndet wird, dabei gab es diese Bestrebungen schon viel fr\u00fcher. Der ukrainische Pr\u00e4sident und seine Gefolgsleute setzen auf den Rassismus (Bandera-Verehrung, Asow-Batallion, gesch\u00fcrter Russenhass\u2026), um dar\u00fcber vermeintlich eine eigene kulturelle Identit\u00e4t zu schaffen. Dieses Ph\u00e4nomen kann man \u00fcberall auf der Welt beobachten. Aber kulturelle Identit\u00e4t entsteht nicht durch Abgrenzung, sprich Rassismus, sondern \u00fcber Assimilation und Neugestaltung!<\/p>\n<p>Wir sprechen von \u201eder Ukraine\u201c und \u00fcbernehmen das Bild, welches uns ihr Pr\u00e4sident und seine Regierung \u00fcbermittelte. Dabei hat das ukrainische Volk zum einem Gutteil famili\u00e4re Beziehungen zu Russen, die russische Sprache ist h\u00e4ufig ihre Muttersprache, ganze Landesteile der Ukraine f\u00fchlen sich mehr Russland zugeh\u00f6rig als \u201eder Ukraine\u201c. Was seit Jahren zu einem blutigen Konflikt zwischen diesen unterschiedlichen Parteien f\u00fchrte. \u201eDie Ukraine\u201c ist nicht \u201edie\u201c Ukraine, was weder die Gewalt der einen noch der anderen Seite berechtigte! Es geht um ein Ende des Massenmordes, der nicht zur Freiheit oder irgendwelchen vermeintlichen Werten f\u00fchrte, sondern einzig zu Massenmord!<\/p>\n<p>Die Unterst\u00fctzung der Einf\u00e4ltigen gegen\u00fcber der Kriegspropaganda und dem Massenmord lag unter anderem gewiss an dem weiterhin \u201eerfolgreichen\u201c Feindbild des \u201eb\u00f6sen Russen\u201c. W\u00e4hrend Russland mit Dostojewski, Tschechow, Tolstoi, Gorki, Puschkin, Mussorgski, Tschaikowski, Kropotkin, Wygotski\u2026 lockte, bot Nordamerika Popkultur, seichte Hollywoodunterhaltung, die \u201eSocialmedia-Revolution\u201c. Die nordamerikanische Kultur war in allem viel massentauglicher,\u00a0bestimmt auch stumpfsinniger und oberfl\u00e4chlicher, aber unweigerlich zug\u00e4nglicher. Der Mensch sehnte sich im unbewussten Zustand nicht nach intellektueller Tiefe, sondern nach scheinbarer Leichtigkeit, Lebensfreude, Teilhabe an der Illusion der Massenprodukte.<\/p>\n<p>Hier\u00fcber wurde nat\u00fcrlich das Welt- und Menschenverst\u00e4ndnis der Menschen nachhaltig beeinflusst. \u201eDen Russen\u201c kannten wir zumeist nur aus Hollywoodfilmen oder als James-Bond-Schurken, wenngleich die russische Spionin h\u00e4ufig attraktiv war. Etwas, was die russische Kultur bisher als Waffe im Krieg um die K\u00f6pfe noch nicht recht eingesetzt hatte. Vielleicht wird es irgendwann die russische Sch\u00f6nheit sein, die Nordamerika von dem Thron der erfolgreichen Massenbeeinflussung st\u00fcrzte?! Die Tiefe, die Melancholie, die Herzlichkeit, Gastfreundschaft, das religi\u00f6se Erleben und die besonders ausgepr\u00e4gte Form, den Menschen wahrzunehmen und zu verstehen, die die russische Kultur pr\u00e4gen und die uns ihre Denker und Dichter geschenkt haben, ist f\u00fcr die meisten Menschen nichts, was sie mit Russland in Verbindung bringen konnten.<\/p>\n<p>So musste es nicht verwundern, dass die meisten Menschen der russischen Kultur skeptisch gegen\u00fcberstanden, sie hatten einfach kein selbstgebildetes Verst\u00e4ndnis von ihr, sondern dieses durch Hollywoodproduktionen und britische Seifenopern erhalten und dort war der Russe ein Schurke, das B\u00f6se, welches das B\u00f6se einzig aufgrund dessen verfolgte, weil es b\u00f6se war und alles in Frage zu stellen suchte, was man in den USA und der EU nicht weniger vergeblich suchte. W\u00e4re da nicht dieser \u00e4u\u00dferst skrupellose Feind, der den Blick derart beschr\u00e4nkte, dass man im allgemeinen gar nicht mehr zur Frage gelangte, was genau das sein soll, was man mit \u201ewestlichen Werten\u201c bezeichnete?<\/p>\n<p>Wieder einmal wollte man etwas exportieren, was man gar nicht hatte. Weder \u201eWerte\u201c noch \u201eDemokratie\u201c, weshalb man wohl auf Zwang zur\u00fcckgreifen musste, der bedauerlicherweise nicht den erw\u00fcnschten Effekt hatte. Was in der Geschichte der Sanktionen noch nie wirklich funktionierte. Sanktionen waren lediglich dazu da, dass andere Volk leiden zu lassen, aber die verfolgten Ziele lie\u00dfen sich zumeist nicht erreichen. Warum sollte ich jenen lieben, der mein Leben verschlechterte, wenngleich er mich davon zu \u00fcberzeugen suchte, dass das zum Besten f\u00fcr mich w\u00e4re?! Das kannten die Menschen in allen L\u00e4ndern der Welt schon durch ihre Regierungen, was sollte der Austausch des Unterdr\u00fcckers f\u00fcr die Unterdr\u00fcckten Gutes bedeuten?!<\/p>\n<p>Wie man es nun sehen konnte und musste, die Sanktionen f\u00fchrten nicht dazu, dass die Menschen in Russland den westlichen F\u00fchrern glaubten, sie w\u00fcrden ihnen etwas Gutes, etwas anderes bringen. Obwohl es unter jungen Menschen gewiss ein Bestreben zum Westen hin gab, weil sie Opfer der Propaganda wurden, die ihnen erz\u00e4hlte, dass sie im Westen frei leben k\u00f6nnten, alle unter dem Regenbogen, solange sie die allgemeine Propaganda guthie\u00dfen und befolgten. Und w\u00e4re nicht der ausufernde Rassismus in den K\u00f6pfen und Medien, w\u00fcrden gewiss noch mehr Menschen f\u00fcr die vermeintliche Freiheit im Westen auf die Stra\u00dfe gehen.<\/p>\n<p>Man wei\u00df nicht, was soll man den Russen w\u00fcnschen? Freiheit von ihrem F\u00fchrer zugunsten ausl\u00e4ndischer Gro\u00dfkonzerne und Banken? Denn so w\u00fcrde ihre Zukunft aussehen! Das war die Freiheit, f\u00fcr die \u201edie Ukrainer\u201c k\u00e4mpften, die letztlich um ihre kulturelle Identit\u00e4t betrogen werden, da sie sich den allgemeinen Vorgaben unterwerfen m\u00fcssen, um Teil vom \u201eGuten\u201c zu werden. &#8211; Oder sollen sie sich von Europa isolieren? Kann man sich das als aufgekl\u00e4rter Europ\u00e4er w\u00fcnschen? Sollten wir uns nicht eher miteinander solidarisieren, ich spreche hier von allen V\u00f6lkern, mag diese Position in der allgemeinen Propaganda auch nicht existieren, und jene von ihren Posten vertreiben, die Grenzen zwischen Menschen setzen, die \u00fcberhaupt nicht existieren?! Ist es nicht Frieden, den wir uns alle w\u00fcnschen sollten?! Wem n\u00fctzt das Massenmorden, einzig Gro\u00dfkonzernen und Banken, also jene, die uns durch ihre Medien gegeneinander aufhetzen. Doch kein toter Russe, kein toter Ukrainer, keiner der Millionen und Milliarden der Armen auf der Welt werden zur Freiheit, zum Frieden, zur Menschenw\u00fcrde gelangen. Wir sind einzig \u201eHumankapital\u201c in ihrer Sucht nach neuen Milliarden, neuen Gebieten, die man ausbeuten und abfressen konnte. W\u00e4hrend man alsbald den Menschen gekr\u00fcmmt in all der Zerst\u00f6rung gehen sehen konnte, in seinen leeren Augen die unbeantwortete Frage, wof\u00fcr ganz genau man eigentlich gek\u00e4mpft hatte?! Dem Elend vor dem Krieg folgte das Elend nach dem Krieg!<\/p>\n<p>Die Geschichte liest sich immer gleich, weil sich Einf\u00e4ltige und Narren demgem\u00e4\u00df auszeichnen, dass sie die selben Fehler st\u00e4ndig wiederholen und doch fest daran glauben, es w\u00fcrde etwas anderes daraus folgen! Wie sie es gegenw\u00e4rtig wieder praktizieren, dem gleichen Verhalten sollte eine andere Konsequenz folgen, schlie\u00dflich waren sie \u201edie Guten\u201c, und dem musste sich alles andere unterordnen. So waren die Einf\u00e4ltigen und Narren, sie glaubten wirklich, was sie tagt\u00e4glich unter die Leute und durch sich verbreiteten!<\/p>\n<p>Der Krieg wird den Krieg beenden und aus den Tr\u00fcmmern der Zivilisation wird das Licht eines neuen Morgens erstrahlen und man sieht Kinder, Familien, Alte freudig lachend in der Sonne spielen und die V\u00f6gel musizierten Lieder der Freiheit und alle Menschen waren gleich, hatten genug und erlebten <em>\u201edas tausendj\u00e4hrige Reich\u201c<\/em>\u2026<\/p>\n<p>Diese goldene Zukunft w\u00fcrde alle \u201eGuten\u201c erwarten, wenn wir erst die Russen aus der Ukraine vertrieben haben, dann nat\u00fcrlich die Chinesen in ihrem Drang nach der Weltherrschaft aufhalten, schlie\u00dflich nur noch den Iran, Afghanistan, Syrien, Venezuela, Kuba, Wei\u00dfrussland, Nordkorea\u2026 \u201ebefreien\u201c mussten und dann konnten wir endlich in Frieden leben! Der Weg zum Aufgang der Menschheit f\u00fchrt im verqueren Denken \u00fcber jede Menge Leichen, wobei sie ihre Zukunftsvision so weit nicht durchdenken, sie glauben wirklich, mit dem <em>\u201etotalen Sieg\u201c<\/em> etwas anderes als die Vorbereitung auf den n\u00e4chsten Krieg zu erreichen!<\/p>\n<p style=\"text-align: right;\"><em>Gregor Gasse bet\u00e4tigt sich seit \u00fcber zwei Jahrzehnten als Autor von philosophischen, psychologischen, sozialkritischen Texten und B\u00fcchern, die sich mit den Missst\u00e4nden der Herrschaftssysteme und dem Versuch, L\u00f6sungen daf\u00fcr zu formulieren, auseinandersetzen.<\/em><\/p>\n<p>* EB = Elberfelder Bibel<\/p>\n<p><span style=\"font-size: 10pt;\">Wir danken dem Autor f\u00fcr die Genehmigung zur Ver\u00f6ffentlichung seines Textes.<\/span><\/p>\n<hr \/>\n<p><img data-recalc-dims=\"1\" loading=\"lazy\" decoding=\"async\" data-attachment-id=\"1076\" data-permalink=\"https:\/\/www.freidenker.org\/?attachment_id=1076\" data-orig-file=\"https:\/\/i0.wp.com\/www.freidenker.org\/fw17\/wp-content\/uploads\/2017\/10\/pdf_icon-2.png?fit=32%2C32&amp;ssl=1\" data-orig-size=\"32,32\" data-comments-opened=\"0\" data-image-meta=\"{&quot;aperture&quot;:&quot;0&quot;,&quot;credit&quot;:&quot;&quot;,&quot;camera&quot;:&quot;&quot;,&quot;caption&quot;:&quot;&quot;,&quot;created_timestamp&quot;:&quot;0&quot;,&quot;copyright&quot;:&quot;&quot;,&quot;focal_length&quot;:&quot;0&quot;,&quot;iso&quot;:&quot;0&quot;,&quot;shutter_speed&quot;:&quot;0&quot;,&quot;title&quot;:&quot;&quot;,&quot;orientation&quot;:&quot;0&quot;}\" data-image-title=\"pdf_icon\" data-image-description=\"\" data-image-caption=\"\" data-large-file=\"https:\/\/i0.wp.com\/www.freidenker.org\/fw17\/wp-content\/uploads\/2017\/10\/pdf_icon-2.png?fit=32%2C32&amp;ssl=1\" class=\"alignnone size-full wp-image-1076\" src=\"https:\/\/i0.wp.com\/www.freidenker.org\/fw17\/wp-content\/uploads\/2017\/10\/pdf_icon-2.png?resize=32%2C32&#038;ssl=1\" alt=\"\" width=\"32\" height=\"32\" \/>\u00a0Den <a href=\"https:\/\/www.freidenker.org\/fw17\/wp-content\/uploads\/2022\/11\/Der-Mensch-ohne-Identitaet.pdf\" target=\"_blank\" rel=\"noopener\">Text als PDF-Datei<\/a> ansehen oder herunterladen (PDF-Dokument, ca. 43 KB)<\/p>\n<hr \/>\n<p><span style=\"font-size: 10pt;\">Bild oben: &#8222;Das heutige Europa&#8220; &#8211; satirische Karte von 1887<\/span><br \/>\n<span style=\"font-size: 10pt;\">Verlag von Caesar Schmidt, Z\u00fcrich, Gemeinfrei<\/span><br \/>\n<span style=\"font-size: 10pt;\">Quelle: Library of Congress Prints and Photographs Division Washington &#8211; <a href=\"https:\/\/www.loc.gov\/pictures\/item\/2009631645\/\" target=\"_blank\" rel=\"noopener\">https:\/\/www.loc.gov\/pictures\/item\/2009631645\/<\/a><\/span><\/p>\n","protected":false},"excerpt":{"rendered":"<p><b>Beitrag von\u00a0Gregor Gasse<\/b><br \/>\nWie es dem Einf\u00e4ltigen geht, liest du darin, was in den \u00dcberschriften steht! Eine emotionale Reise, die von Widerspruch zu Widerspruch geht, wenn es erwartet und ausgerufen wird. &#8230;<br \/>\nWir sind partout gegen Rassismus, wenn sein Ziel nicht gerade unser Feind, das B\u00f6se ist. Dann sind wir auf \u00fcbelste Art und Weise rassistisch, wobei es bei uns dann kein Rassismus ist, sondern der Widerstand gegen b\u00f6sartige Regime, gegen das B\u00f6se, welches aber grunds\u00e4tzlich durch andere bezeichnet wird. Gleiche Rhetorik, Gedanken, Taten bedeuten nicht gleiche Konsequenzen! W\u00fcrde ein anderer dasselbe sagen oder machen wie wir, wir w\u00fcrden ihn lauthals als Rassisten beschimpfen und in unseren Medien an den Pranger stellen. Aber wir sind ja die Guten, und die Guten waren keine Rassisten, wenngleich sie sich wie solche auff\u00fchrten.<\/p>\n","protected":false},"author":3,"featured_media":16211,"comment_status":"closed","ping_status":"closed","sticky":false,"template":"","format":"standard","meta":{"colormag_page_container_layout":"default_layout","colormag_page_sidebar_layout":"default_layout","advanced_seo_description":"","jetpack_seo_html_title":"","jetpack_seo_noindex":false,"jetpack_post_was_ever_published":false,"footnotes":""},"categories":[16],"tags":[635,491,1531,188,223,653,222,1168,1111,639,1157],"class_list":["post-16210","post","type-post","status-publish","format-standard","has-post-thumbnail","hentry","category-weltanschauung-philosophie","tag-feindbild","tag-geschichte","tag-gleichschaltung","tag-krieg","tag-putin","tag-rassismus","tag-russland","tag-russophobie","tag-ukraine","tag-ukraine-konflikt","tag-widersprueche"],"jetpack_featured_media_url":"https:\/\/i0.wp.com\/www.freidenker.org\/fw17\/wp-content\/uploads\/2023\/05\/das_heutige_europa_v2_800x450.jpg?fit=800%2C450&ssl=1","jetpack_shortlink":"https:\/\/wp.me\/p9stpK-4ds","jetpack-related-posts":[{"id":18449,"url":"https:\/\/www.freidenker.org\/?p=18449","url_meta":{"origin":16210,"position":0},"title":"Deutschland vor dem drohenden Krieg \u2013 ein Trauerspiel","author":"Webredaktion","date":"3. M\u00e4rz 2024","format":false,"excerpt":"Beitrag von Wolfgang Bittner Seit einigen Monaten muss ich mich vorsehen, nicht depressiv zu werden. Wenn ich in die Zeitungen schaue, Rundfunk h\u00f6re oder den Fernseher anstelle, \u00fcberkommt mich ein Gef\u00fchl des Ausgeliefertseins an dunklen M\u00e4chte, die ich mittlerweile benennen kann. Aber dar\u00fcber vermag ich nur noch mit wenigen Menschen\u2026","rel":"","context":"In &quot;Frieden - Antifaschismus - Solidarit\u00e4t&quot;","block_context":{"text":"Frieden - Antifaschismus - Solidarit\u00e4t","link":"https:\/\/www.freidenker.org\/?cat=13"},"img":{"alt_text":"","src":"https:\/\/i0.wp.com\/www.freidenker.org\/fw17\/wp-content\/uploads\/2024\/03\/German_army_soldiers_Noble_Partner_18_at_Georgia_800x450.jpg?fit=800%2C450&ssl=1&resize=350%2C200","width":350,"height":200,"srcset":"https:\/\/i0.wp.com\/www.freidenker.org\/fw17\/wp-content\/uploads\/2024\/03\/German_army_soldiers_Noble_Partner_18_at_Georgia_800x450.jpg?fit=800%2C450&ssl=1&resize=350%2C200 1x, https:\/\/i0.wp.com\/www.freidenker.org\/fw17\/wp-content\/uploads\/2024\/03\/German_army_soldiers_Noble_Partner_18_at_Georgia_800x450.jpg?fit=800%2C450&ssl=1&resize=525%2C300 1.5x, https:\/\/i0.wp.com\/www.freidenker.org\/fw17\/wp-content\/uploads\/2024\/03\/German_army_soldiers_Noble_Partner_18_at_Georgia_800x450.jpg?fit=800%2C450&ssl=1&resize=700%2C400 2x"},"classes":[]},{"id":18128,"url":"https:\/\/www.freidenker.org\/?p=18128","url_meta":{"origin":16210,"position":1},"title":"\u201ePutin \u00e4hnelt f\u00fcr mich bis aufs Haar Hitler\u201c","author":"Webredaktion","date":"10. Februar 2024","format":false,"excerpt":"Ein polnisch-deutscher Dialog zur politischen Lage \u2013 der Briefwechsel eines polnischen Wissenschaftlers mit dem Schriftsteller Wolfgang Bittner. Zur Einordnung dieses Briefwechsels schreibt Wolfgang Bittner: \u201eAus der Zeit, als ich Gastprofessor in Polen war, gibt es noch einige Kontakte. Sie sind leider br\u00fcchig geworden, weil die Indoktrination der Bev\u00f6lkerung auch vor\u2026","rel":"","context":"In &quot;Demokratie \u2013 Medien \u2013 Aufkl\u00e4rung&quot;","block_context":{"text":"Demokratie \u2013 Medien \u2013 Aufkl\u00e4rung","link":"https:\/\/www.freidenker.org\/?cat=12"},"img":{"alt_text":"","src":"https:\/\/i0.wp.com\/www.freidenker.org\/fw17\/wp-content\/uploads\/2024\/02\/Poster_Heil_Putler_Prague_800x450.jpg?fit=800%2C450&ssl=1&resize=350%2C200","width":350,"height":200,"srcset":"https:\/\/i0.wp.com\/www.freidenker.org\/fw17\/wp-content\/uploads\/2024\/02\/Poster_Heil_Putler_Prague_800x450.jpg?fit=800%2C450&ssl=1&resize=350%2C200 1x, https:\/\/i0.wp.com\/www.freidenker.org\/fw17\/wp-content\/uploads\/2024\/02\/Poster_Heil_Putler_Prague_800x450.jpg?fit=800%2C450&ssl=1&resize=525%2C300 1.5x, https:\/\/i0.wp.com\/www.freidenker.org\/fw17\/wp-content\/uploads\/2024\/02\/Poster_Heil_Putler_Prague_800x450.jpg?fit=800%2C450&ssl=1&resize=700%2C400 2x"},"classes":[]},{"id":19152,"url":"https:\/\/www.freidenker.org\/?p=19152","url_meta":{"origin":16210,"position":2},"title":"Besuch in Kiew: Baerbocks Wille zum totalen Krieg","author":"Webredaktion","date":"22. Mai 2024","format":false,"excerpt":"Beitrag von Gert Ewen Ungar Au\u00dfenministerin Annalena Baerbock ist zu einem Besuch in Kiew eingetroffen. F\u00fcr ihre Unterst\u00fctzung wurde ihr von Wladimir Selenskij ein Orden verliehen. Das ist zynisch, denn Baerbocks \"Unterst\u00fctzung\" beschr\u00e4nkt sich darauf, den Krieg zu verl\u00e4ngern. Auf der Website des Ausw\u00e4rtigen Amts ist zum Besuch ein Beitrag\u2026","rel":"","context":"In &quot;Demokratie \u2013 Medien \u2013 Aufkl\u00e4rung&quot;","block_context":{"text":"Demokratie \u2013 Medien \u2013 Aufkl\u00e4rung","link":"https:\/\/www.freidenker.org\/?cat=12"},"img":{"alt_text":"","src":"https:\/\/i0.wp.com\/www.freidenker.org\/fw17\/wp-content\/uploads\/2024\/05\/Selenskij_Baerbock_2024_800x450.jpg?fit=800%2C450&ssl=1&resize=350%2C200","width":350,"height":200,"srcset":"https:\/\/i0.wp.com\/www.freidenker.org\/fw17\/wp-content\/uploads\/2024\/05\/Selenskij_Baerbock_2024_800x450.jpg?fit=800%2C450&ssl=1&resize=350%2C200 1x, https:\/\/i0.wp.com\/www.freidenker.org\/fw17\/wp-content\/uploads\/2024\/05\/Selenskij_Baerbock_2024_800x450.jpg?fit=800%2C450&ssl=1&resize=525%2C300 1.5x, https:\/\/i0.wp.com\/www.freidenker.org\/fw17\/wp-content\/uploads\/2024\/05\/Selenskij_Baerbock_2024_800x450.jpg?fit=800%2C450&ssl=1&resize=700%2C400 2x"},"classes":[]},{"id":15191,"url":"https:\/\/www.freidenker.org\/?p=15191","url_meta":{"origin":16210,"position":3},"title":"Ausgrenzung und Gleichschaltung","author":"Webredaktion","date":"9. Februar 2023","format":false,"excerpt":"Kommentar von Evelyn Hecht-Galinski Am Montag, 30. Januar 2023, j\u00e4hrte sich die Machtergreifung der Nazis und Hitler. Ein Datum, was mir st\u00e4ndig in den Sinn kommt, wenn ich das Jahr 1933 und den Januar verfolge. Immer mehr sehe ich die schrecklichen Parallelen. Es macht mich so fassungslos und zugleich w\u00fctend\u2026","rel":"","context":"In &quot;Demokratie \u2013 Medien \u2013 Aufkl\u00e4rung&quot;","block_context":{"text":"Demokratie \u2013 Medien \u2013 Aufkl\u00e4rung","link":"https:\/\/www.freidenker.org\/?cat=12"},"img":{"alt_text":"","src":"https:\/\/i0.wp.com\/www.freidenker.org\/fw17\/wp-content\/uploads\/2023\/02\/briefkasten-5226142_800x450.jpg?fit=800%2C450&ssl=1&resize=350%2C200","width":350,"height":200,"srcset":"https:\/\/i0.wp.com\/www.freidenker.org\/fw17\/wp-content\/uploads\/2023\/02\/briefkasten-5226142_800x450.jpg?fit=800%2C450&ssl=1&resize=350%2C200 1x, https:\/\/i0.wp.com\/www.freidenker.org\/fw17\/wp-content\/uploads\/2023\/02\/briefkasten-5226142_800x450.jpg?fit=800%2C450&ssl=1&resize=525%2C300 1.5x, https:\/\/i0.wp.com\/www.freidenker.org\/fw17\/wp-content\/uploads\/2023\/02\/briefkasten-5226142_800x450.jpg?fit=800%2C450&ssl=1&resize=700%2C400 2x"},"classes":[]},{"id":15107,"url":"https:\/\/www.freidenker.org\/?p=15107","url_meta":{"origin":16210,"position":4},"title":"Ehemalige NVA-Generale warnen vor weiteren Waffenlieferungen an die Ukraine","author":"Webredaktion","date":"1. Februar 2023","format":false,"excerpt":"Stellungnahmen von Manfred Gr\u00e4tz, Generalleutnant a.D. und Sebald Daum, Generalmajor a.D. Gerne ver\u00f6ffentlichen wir die nachfolgenden Stellungnahmen, die uns vom befreundeten Verband zur Pflege der Traditionen der Nationalen Volksarmee und der Grenztruppen der DDR erreicht haben. [Auszug Gr\u00e4tz:] Es ist wieder so weit. Von ungez\u00e4hlten Menschen bef\u00fcrchtet, von einer geschichtsvergessenen\u2026","rel":"","context":"In &quot;Frieden - Antifaschismus - Solidarit\u00e4t&quot;","block_context":{"text":"Frieden - Antifaschismus - Solidarit\u00e4t","link":"https:\/\/www.freidenker.org\/?cat=13"},"img":{"alt_text":"","src":"https:\/\/i0.wp.com\/www.freidenker.org\/fw17\/wp-content\/uploads\/2023\/02\/ukrainische_haubitze_800x450.jpg?fit=800%2C450&ssl=1&resize=350%2C200","width":350,"height":200,"srcset":"https:\/\/i0.wp.com\/www.freidenker.org\/fw17\/wp-content\/uploads\/2023\/02\/ukrainische_haubitze_800x450.jpg?fit=800%2C450&ssl=1&resize=350%2C200 1x, https:\/\/i0.wp.com\/www.freidenker.org\/fw17\/wp-content\/uploads\/2023\/02\/ukrainische_haubitze_800x450.jpg?fit=800%2C450&ssl=1&resize=525%2C300 1.5x, https:\/\/i0.wp.com\/www.freidenker.org\/fw17\/wp-content\/uploads\/2023\/02\/ukrainische_haubitze_800x450.jpg?fit=800%2C450&ssl=1&resize=700%2C400 2x"},"classes":[]},{"id":14121,"url":"https:\/\/www.freidenker.org\/?p=14121","url_meta":{"origin":16210,"position":5},"title":"\u201ePutins Angriff auf Deutschland\u201c?","author":"Webredaktion","date":"4. September 2022","format":false,"excerpt":"von Evelyn Hecht-Galinski Dieser Titel einer Presse-Kolumne hat mich \u00fcberrascht. Hatte ich etwas verpasst? Hat Russland uns angegriffen? War nicht der 24. Februar vor sechs Monaten der Tag, als Putin keine andere M\u00f6glichkeit sah, als sich gegen die Ukraine zu wehren und seine\u00a0 \u201eSpezialoperation\u201c zu beginnen? Aber ein Angriff gegen\u2026","rel":"","context":"In &quot;Demokratie \u2013 Medien \u2013 Aufkl\u00e4rung&quot;","block_context":{"text":"Demokratie \u2013 Medien \u2013 Aufkl\u00e4rung","link":"https:\/\/www.freidenker.org\/?cat=12"},"img":{"alt_text":"","src":"https:\/\/i0.wp.com\/www.freidenker.org\/fw17\/wp-content\/uploads\/2022\/09\/Putins-Angriffs_krieg3_800x450.jpg?fit=800%2C450&ssl=1&resize=350%2C200","width":350,"height":200,"srcset":"https:\/\/i0.wp.com\/www.freidenker.org\/fw17\/wp-content\/uploads\/2022\/09\/Putins-Angriffs_krieg3_800x450.jpg?fit=800%2C450&ssl=1&resize=350%2C200 1x, https:\/\/i0.wp.com\/www.freidenker.org\/fw17\/wp-content\/uploads\/2022\/09\/Putins-Angriffs_krieg3_800x450.jpg?fit=800%2C450&ssl=1&resize=525%2C300 1.5x, https:\/\/i0.wp.com\/www.freidenker.org\/fw17\/wp-content\/uploads\/2022\/09\/Putins-Angriffs_krieg3_800x450.jpg?fit=800%2C450&ssl=1&resize=700%2C400 2x"},"classes":[]}],"_links":{"self":[{"href":"https:\/\/www.freidenker.org\/index.php?rest_route=\/wp\/v2\/posts\/16210","targetHints":{"allow":["GET"]}}],"collection":[{"href":"https:\/\/www.freidenker.org\/index.php?rest_route=\/wp\/v2\/posts"}],"about":[{"href":"https:\/\/www.freidenker.org\/index.php?rest_route=\/wp\/v2\/types\/post"}],"author":[{"embeddable":true,"href":"https:\/\/www.freidenker.org\/index.php?rest_route=\/wp\/v2\/users\/3"}],"replies":[{"embeddable":true,"href":"https:\/\/www.freidenker.org\/index.php?rest_route=%2Fwp%2Fv2%2Fcomments&post=16210"}],"version-history":[{"count":0,"href":"https:\/\/www.freidenker.org\/index.php?rest_route=\/wp\/v2\/posts\/16210\/revisions"}],"wp:featuredmedia":[{"embeddable":true,"href":"https:\/\/www.freidenker.org\/index.php?rest_route=\/wp\/v2\/media\/16211"}],"wp:attachment":[{"href":"https:\/\/www.freidenker.org\/index.php?rest_route=%2Fwp%2Fv2%2Fmedia&parent=16210"}],"wp:term":[{"taxonomy":"category","embeddable":true,"href":"https:\/\/www.freidenker.org\/index.php?rest_route=%2Fwp%2Fv2%2Fcategories&post=16210"},{"taxonomy":"post_tag","embeddable":true,"href":"https:\/\/www.freidenker.org\/index.php?rest_route=%2Fwp%2Fv2%2Ftags&post=16210"}],"curies":[{"name":"wp","href":"https:\/\/api.w.org\/{rel}","templated":true}]}}