{"id":16197,"date":"2023-05-29T21:16:31","date_gmt":"2023-05-29T19:16:31","guid":{"rendered":"https:\/\/www.freidenker.org\/?p=16197"},"modified":"2023-06-15T23:12:50","modified_gmt":"2023-06-15T21:12:50","slug":"die-eu-kommissionspraesidentin-ihr-mann-und-die-mrna-impfstoffe","status":"publish","type":"post","link":"https:\/\/www.freidenker.org\/?p=16197","title":{"rendered":"Die EU-Kommissionspr\u00e4sidentin, ihr Mann und die mRNA-Impfstoffe"},"content":{"rendered":"<p><strong>Ursula von der Leyen verweigert weiterhin Ausk\u00fcnfte \u00fcber die auf WhatsApp mit dem Pfizer-Chef ausgek\u00fcngelte Bestellung von Covid-Impfstoffen f\u00fcr mehr als 70 Milliarden Euro. \u00dcbrigens, so ein Zufall, verdient auch ihr Mann an der mRNA-Technologie.<\/strong><\/p>\n<p><em>von <strong>Anti-Spiegel<\/strong> (d.i. <strong>Thomas R\u00f6per<\/strong>)<\/em><\/p>\n<p><span style=\"font-size: 10pt;\">Erstver\u00f6ffentlichung am 28.05.2023 auf <a href=\"https:\/\/www.anti-spiegel.ru\/2023\/die-eu-kommissionspraesidentin-ihr-mann-und-die-mrna-impfstoffe\/\" target=\"_blank\" rel=\"noopener\">anti-spiegel.ru<\/a><\/span><\/p>\n<p>Dass Ursula von der Leyen \u00fcber 70 Milliarden Euro f\u00fcr die Bestellung von Impfstoffen gegen Covid-19 ausgegeben hat, ist nicht neu. Sie hat <a href=\"https:\/\/www.welt.de\/politik\/plus244944678\/Ueberschuss-in-der-EU-Neun-Impfdosen-pro-EU-Buerger-Unmut-ueber-Milliarden-Vertraege-mit-Pfizer-Co.html\" target=\"_blank\" rel=\"noreferrer noopener\">4,2 Milliarden Impfdosen<\/a> (fast ausschlie\u00dflich bei Pfizer) bestellt. Das ist genug, um jeden EU-B\u00fcrger neun Mal gegen die <a href=\"https:\/\/www.anti-spiegel.ru\/2022\/neue-enthuellungen-die-vor-geschichte-der-entstehung-von-sars-cov-2-und-der-pandemie\/\" target=\"_blank\" rel=\"noreferrer noopener\">von der US-Regierung geschaffene<\/a> \u201echinesische Erk\u00e4ltung\u201c zu impfen.<\/p>\n<h5>70-Milliardenbestellung per WhatsApp-Chat<\/h5>\n<p>Die Bestellung hat Ursula von der Leyen mit dem Chef von Pfizer auf WhatsApp ausgehandelt und als Fragen \u00fcber den Deal und seine Einzelheiten gestellt wurden, hat von der Leyen den Chatverlauf illegal gel\u00f6scht. Aber das interessiert die westlichen Medien nicht. Die New York Times hat zwar mal <a href=\"https:\/\/www.anti-spiegel.ru\/2023\/new-times-fordert-freigabe-der-korrespondenz-zum-kauf-der-covid-19-impfstoffe\/\" target=\"_blank\" rel=\"noreferrer noopener\">eine offizielle Anfrage gestellt<\/a>, um Einsicht in den Chat zu bekommen, die jedoch ergebnislos geblieben ist, ohne dass die deutschen Medien darin einen Skandal erkennen, \u00fcber den sie ihre Leser informieren sollten. In Deutschland gab es dar\u00fcber kaum Meldungen und das Thema wurde von den Medien schnell unter den Teppich gekehrt.<\/p>\n<p>Faktisch hat von der Leyen dem US-Konzern Pfizer mit ihrem Chat-Deal eine Monopolstellung in der EU verschafft, denn sie hat schon im Mai 2021 erkl\u00e4rt, die EU werde ausschlie\u00dflich den Pfizer-Impfstoff bestellen. Von den vollmundigen Bekenntnissen der Kommission zu Transparenz und Wettbewerb ist bei dem Pfizer-Deal nichts zu bemerken.<\/p>\n<p>Die Vertr\u00e4ge sind weiterhin geheim und sogar EU-Parlamentarier bekommen nur geschw\u00e4rzte Exemplare zu sehen. Auch ihnen wird die Einsicht verweigert. Ebenso wird, siehe die Anfrage der New York Times, mit Anfragen von Journalisten verfahren. Sie bekommen von der EU-Kommission keine Antwort. Aber nicht nur gegen\u00fcber der New York Times h\u00fcllt sich die EU-Kommission in Schweigen, auch die EU-Staatsanwaltschaft, die EU-B\u00fcrgerbeauftragte und der Europ\u00e4ische Rechnungshof erhalten keine Auskunft, <a href=\"https:\/\/lostineu.eu\/pfizer-affaere-1-3-ist-von-der-leyen-immun-gegen-kritik\/\" target=\"_blank\" rel=\"noreferrer noopener\">berichtet Eric Bonse<\/a> auf seinem Blog Lost in Europe.<\/p>\n<p>Das alles ist nach meiner pers\u00f6nlichen <a href=\"https:\/\/www.anti-spiegel.ru\/2022\/grenzenlos-die-korruption-der-ursula-von-der-leyen\/\" target=\"_blank\" rel=\"noreferrer noopener\">Rangliste der Korruptionsskandale<\/a> der EU-Kommissionspr\u00e4sidentin von der Leyen der zweitgr\u00f6\u00dfte ihrer Skandale. Von der Leyen ignoriert auch die Rechtslage in der EU, indem die Ausk\u00fcnfte und Einzelheiten der \u201eVertragsverhandlungen\u201c verweigert.<\/p>\n<h5>Uschis Mann verdient an der mRNA-Technologie<\/h5>\n<p>Heiko von der Leyen, der Mann der EU-Kommissionspr\u00e4sidentin, ist <a href=\"https:\/\/orgenesis.com\/team\" target=\"_blank\" rel=\"noreferrer noopener\">Medizinischer Direktor bei der Pharma-Firma Orgenesis<\/a>, die sich auf die Entwicklung von Zell- und Gentherapien <a href=\"https:\/\/deutsche-wirtschafts-nachrichten.de\/514567\/Ursula-von-der-Leyens-Ehemann-ist-seit-dem-Corona-Jahr-Direktor-eines-Biopharma-Unternehmens\" target=\"_blank\" rel=\"noreferrer noopener\">spezialisiert hat<\/a>. Dazu geh\u00f6rt auch die mRNA-Technologie, die von der EU-Kommission salonf\u00e4hig gemacht wurde.<\/p>\n<p>Zur Erinnerung: Die mRNA-Technologie wurde schon 1990 entdeckt und die Pharma-Industrie hat danach 30 Jahre lang erfolglos versucht, Medikamente mit dieser Technologie zuzulassen, weil die Nebenwirkungen nicht absehbar sind. Diese Technologie wurde dann im Zuge der Pandemie durchgepeitscht, und wegen einer Krankheit, an der etwa ein Prozent der Infizierten stirbt, wurden Milliarden Menschen mit einer experimentellen Gentherapie \u201egeimpft\u201c, denn die Covid-Impfstoffe von Pfizer sind <a href=\"https:\/\/www.anti-spiegel.ru\/2021\/eine-frage-der-definition-sind-mrna-impfstoffe-eine-gentherapie\/\" target=\"_blank\" rel=\"noreferrer noopener\">per Definition eine Gentherapie<\/a>.<\/p>\n<p>Das ist nicht meine Unterstellung, das sagen die Herrschaften ganz offen, wenn sie unter sich sind. Stefan Oelrich, Mitglied des Vorstands der Bayer AG und Leiter der Division Pharmaceuticals, hielt bei der Er\u00f6ffnung des j\u00e4hrlichen World Health Summit am 24. Oktober 2021 in Berlin eine Rede, in der er sagte (im <a href=\"https:\/\/www.youtube.com\/watch?v=OJFKBritLlc&amp;t=5844s\" target=\"_blank\" rel=\"noreferrer noopener\">Video<\/a> ab Minute 1.37.40):<\/p>\n<blockquote class=\"wp-block-quote\"><p>\u201eDie mRNA-Impfungen sind ein Beispiel f\u00fcr Zell- und Gentherapie. H\u00e4tten wir vor zwei Jahren eine \u00f6ffentliche Umfrage gemacht und gefragt, wer bereit dazu ist, eine Gen- oder Zelltherapie in Anspruch zu nehmen und sich in den K\u00f6rper injizieren zu lassen, dann h\u00e4tten das wahrscheinlich 95 Prozent der Menschen abgelehnt.\u201c<\/p><\/blockquote>\n<p>Ursula von der Leyen hat einer experimentellen Technologie zum Durchbruch verholfen, an der die Firma, f\u00fcr die ihr Mann arbeitet, Geld verdient. Mehr noch: Seine Firma hat sogar Forschungsgelder von der EU-Kommission bekommen.<\/p>\n<h5>Kein Interessenkonflikt?<\/h5>\n<p>Am 15. November 2022 hat die italienische EU-Abgeordnete Rosa D\u2019Amato bei der EU-Kommission eine offizielle <a href=\"https:\/\/www.europarl.europa.eu\/doceo\/document\/E-9-2022-003717_EN.html\" target=\"_blank\" rel=\"noreferrer noopener\">Anfrage<\/a> dazu gestellt, die ich komplett \u00fcbersetze:<\/p>\n<p style=\"padding-left: 40px;\"><em>\u201eHeiko von der Leyen, Arzt und wissenschaftlicher Direktor des US-amerikanischen Biotech-Unternehmens Orgenesis, das sich auf Zell- und Gentherapien spezialisiert hat und bei der Entwicklung von RNA-COVID-Impfstoffen f\u00fchrend ist, ist an der Stiftung beteiligt, die am 8. Juni 2022 von der Universit\u00e4t Padua gegr\u00fcndet wurde, um die Forschung im Bereich RNA-Gentherapie und Arzneimittel zu leiten. Dieses Projekt wird im Rahmen des Nationalen Konjunkturprogramms Italiens mit 320 Mio. EUR finanziert, die an das italienische Ministerium f\u00fcr Universit\u00e4ten gezahlt werden.<br \/>\nDie ordentliche Mitgliederversammlung der Stiftung mit der Bezeichnung \u201eNationales Zentrum f\u00fcr Forschung und Entwicklung von Gentherapie und Pharmazeutika unter Verwendung der RNA-Technologie\u201c, auf der die Vertreter der Leitungsgremien gew\u00e4hlt wurden, fand am 30. September 2022 in Padua statt.<br \/>\nDas Forschungsprogramm wird um eine Struktur herum entwickelt, die aus einem Knotenpunkt \u2013 der Universit\u00e4t Padua \u2013 und Speichen besteht, die sich aus 49 Einrichtungen zusammensetzen, darunter die Universit\u00e4ten von Siena, Modena, Rom und Mailand, das Italienische Technologieinstitut, das Krankenhaus Bambin Ges\u00f9 in Rom und drei Privatunternehmen.<br \/>\nVon der Leyen vertritt das Unternehmen Orgenesis, das zu den Gr\u00fcndern des Projekts geh\u00f6rt und j\u00e4hrlich 200 000 Euro an Beitr\u00e4gen erhalten wird.<br \/>\nIst die Kommission nicht der Ansicht, dass ein potenzieller Interessenkonflikt bei Pr\u00e4sidentin von der Leyen besteht, die bereits von der EPPO wegen des Kaufs von COVID-19-Impfstoffen untersucht wird?\u201c<\/em><\/p>\n<p>Nat\u00fcrlich ist die EU-Kommission nicht der Ansicht, dass ein \u201epotenzieller Interessenkonflikt bei Pr\u00e4sidentin von der Leyen besteht\u201c. Vera Jourova, Vizepr\u00e4sidentin der EU-Kommission f\u00fcr \u201eWerte und Transparenz\u201c, ein Posten, der in der Sowjetunion wohl die Bezeichnung \u201eOberster Politkommissar\u201c getragen h\u00e4tte, ist in der EU f\u00fcr die Versch\u00e4rfung der Zensur zust\u00e4ndig, wie ich oft <a href=\"https:\/\/www.anti-spiegel.ru\/2023\/die-eu-arbeitet-an-einer-weiteren-verschaerfung-der-zensur\/\" target=\"_blank\" rel=\"noreferrer noopener\">berichtet<\/a> habe. Und Jourova hat am 11. April 2023 \u2013 auf Antworten der Kommission m\u00fcssen Abgeordnete offenbar f\u00fcnf Monate warten \u2013 auf die Anfrage aus dem EU-Parlament <a href=\"https:\/\/www.europarl.europa.eu\/doceo\/document\/E-9-2022-003717-ASW_EN.html\" target=\"_blank\" rel=\"noreferrer noopener\">geantwortet<\/a>:<\/p>\n<p style=\"padding-left: 40px;\"><em>\u201eBei dem von der ehrenwerten Abgeordneten angesprochenen Projekt in Italien handelt es sich um ein Projekt, das im Rahmen einer Ausschreibung von den italienischen Beh\u00f6rden ausgew\u00e4hlt wurde. Die Kommission und ihre Pr\u00e4sidentin waren weder an der Verwaltung des betreffenden Ausschreibungsverfahrens noch an der Auswahl- oder Vergabeentscheidung beteiligt. Daher kann jeder Interessenkonflikt der Pr\u00e4sidentin ausgeschlossen werden.<br \/>\nWas die Aussage der ehrenwerten Abgeordneten in Bezug auf die Europ\u00e4ische Staatsanwaltschaft (EPPO) betrifft, so m\u00f6chte die Kommission auf die Pressemitteilung der EPPO verweisen und feststellen, dass dort keine Person erw\u00e4hnt wird, gegen die ermittelt wird.\u201c<\/em><\/p>\n<p>Nat\u00fcrlich wird von der EPPO nicht ermittelt, denn die EU-Kommissionschefin genie\u00dft Immunit\u00e4t und solange die nicht aufgehoben wird, darf kein Staatsanwalt Ermittlungsverfahren gegen von der Leyen er\u00f6ffnen.<\/p>\n<p>Aber die westlichen Medien interessieren sich f\u00fcr all das nicht.<\/p>\n<p style=\"text-align: right;\"><em>Thomas R\u00f6per, geboren 1971, lebt seit \u00fcber 15 Jahren in Russland. Die Schwerpunkte seiner medienkritischen Arbeit sind das (mediale) Russlandbild in Deutschland, Kritik an der Berichterstattung westlicher Medien im Allgemeinen und die Themen (Geo-)Politik und Wirtschaft.<\/em><\/p>\n<hr \/>\n<p><span style=\"font-size: 10pt;\">Bild oben: Collage von Ralf Lux unter Verwendung von:<\/span><\/p>\n<p><span style=\"font-size: 10pt;\"><span class=\"mw-page-title-main\">Ursula von der Leyen in Br\u00fcssel, 2022<br \/>\n<\/span>Foto: Von gov.si &#8211; <a href=\"https:\/\/www.flickr.com\/photos\/141163381@N04\/52102606258\" target=\"_blank\" rel=\"noopener\">https:\/\/www.flickr.com\/photos\/141163381@N04\/52102606258<\/a>\/, <a href=\"https:\/\/creativecommons.org\/publicdomain\/mark\/1.0\/\" target=\"_blank\" rel=\"noopener\">PDM-owner<\/a>, <\/span><br \/>\n<span style=\"font-size: 10pt;\">Quelle: <a href=\"https:\/\/commons.wikimedia.org\/w\/index.php?curid=118801588\" target=\"_blank\" rel=\"noopener\">https:\/\/commons.wikimedia.org\/w\/index.php?curid=118801588<\/a><\/span><\/p>\n","protected":false},"excerpt":{"rendered":"<p><b>Beitrag von Anti-Spiegel (d.i. Thomas R\u00f6per)<\/b><br \/>\nDass Ursula von der Leyen \u00fcber 70 Milliarden Euro f\u00fcr die Bestellung von Impfstoffen gegen Covid-19 ausgegeben hat, ist nicht neu. Sie hat 4,2 Milliarden Impfdosen (fast ausschlie\u00dflich bei Pfizer) bestellt. Das ist genug, um jeden EU-B\u00fcrger neun Mal gegen die von der US-Regierung geschaffene \u201echinesische Erk\u00e4ltung\u201c zu impfen. Die Bestellung hat Ursula von der Leyen mit dem Chef von Pfizer auf WhatsApp ausgehandelt und als Fragen \u00fcber den Deal und seine Einzelheiten gestellt wurden, hat von der Leyen den Chatverlauf illegal gel\u00f6scht. Aber das interessiert die westlichen Medien nicht. Die New York Times hat zwar mal eine offizielle Anfrage gestellt, um Einsicht in den Chat zu bekommen, die jedoch ergebnislos geblieben ist, ohne dass die deutschen Medien darin einen Skandal erkennen, \u00fcber den sie ihre Leser informieren sollten. <\/p>\n","protected":false},"author":3,"featured_media":16207,"comment_status":"closed","ping_status":"closed","sticky":false,"template":"","format":"standard","meta":{"colormag_page_container_layout":"default_layout","colormag_page_sidebar_layout":"default_layout","advanced_seo_description":"","jetpack_seo_html_title":"","jetpack_seo_noindex":false,"jetpack_post_was_ever_published":false,"footnotes":""},"categories":[12],"tags":[1256,182,1357,1816,1384,1196,1257,1632],"class_list":["post-16197","post","type-post","status-publish","format-standard","has-post-thumbnail","hentry","category-demokratie-medien-aufklaerung","tag-corona-virus","tag-eu","tag-impfpflicht","tag-impfstoff","tag-korruption","tag-monopole","tag-pandemie","tag-von-der-leyen"],"jetpack_featured_media_url":"https:\/\/i0.wp.com\/www.freidenker.org\/fw17\/wp-content\/uploads\/2023\/05\/von-der-leyen_pfizer_800x450.jpg?fit=800%2C450&ssl=1","jetpack_shortlink":"https:\/\/wp.me\/p9stpK-4df","jetpack-related-posts":[{"id":20881,"url":"https:\/\/www.freidenker.org\/?p=20881","url_meta":{"origin":16197,"position":0},"title":"Wer ist die radikal anti-russische Kaja Kallas?","author":"Webredaktion","date":"1. Februar 2025","format":false,"excerpt":"Kommentar von\u00a0Thomas R\u00f6per. Wenn Kaja Kallas in den letzten Jahren durch etwas aufgefallen ist, dann vor allem durch ihre radikal anti-russische Haltung und die Horrorgeschichten, die sie westlichen Medien gerne \u00fcber das Leid erz\u00e4hlt, das ihre Familie in der Zeit der Sowjetunion angeblich durchleben musste. Schon daran sieht man allerdings,\u2026","rel":"","context":"In &quot;Demokratie \u2013 Medien \u2013 Aufkl\u00e4rung&quot;","block_context":{"text":"Demokratie \u2013 Medien \u2013 Aufkl\u00e4rung","link":"https:\/\/www.freidenker.org\/?cat=12"},"img":{"alt_text":"","src":"https:\/\/i0.wp.com\/www.freidenker.org\/fw17\/wp-content\/uploads\/2025\/01\/Kaja_Kallas_21_December_2024_Finland_63_800x450.jpg?fit=800%2C450&ssl=1&resize=350%2C200","width":350,"height":200,"srcset":"https:\/\/i0.wp.com\/www.freidenker.org\/fw17\/wp-content\/uploads\/2025\/01\/Kaja_Kallas_21_December_2024_Finland_63_800x450.jpg?fit=800%2C450&ssl=1&resize=350%2C200 1x, https:\/\/i0.wp.com\/www.freidenker.org\/fw17\/wp-content\/uploads\/2025\/01\/Kaja_Kallas_21_December_2024_Finland_63_800x450.jpg?fit=800%2C450&ssl=1&resize=525%2C300 1.5x, https:\/\/i0.wp.com\/www.freidenker.org\/fw17\/wp-content\/uploads\/2025\/01\/Kaja_Kallas_21_December_2024_Finland_63_800x450.jpg?fit=800%2C450&ssl=1&resize=700%2C400 2x"},"classes":[]},{"id":15112,"url":"https:\/\/www.freidenker.org\/?p=15112","url_meta":{"origin":16197,"position":1},"title":"Die Tiefschattenseite der EU-Sonnenk\u00f6nigin v. d. Leyen","author":"Webredaktion","date":"1. Februar 2023","format":false,"excerpt":"Beitrag von Friedhelm Klinkhammer und Volker Br\u00e4utigam Ursula von der Leyen, Pr\u00e4sidentin der EU-Kommission, ohne Charisma und mit Spitznamen (in Deutschland) \u201eFlinten-Uschi\u201c, ist unheilbar \u201ekrank\u201c. Das Kriegsfieber hat sie gepackt, ein b\u00f6sartiges Symptom der russophoben Hirnhautreizung. Gegen die politische Enzephalitis gibt es keine Therapie. Zur Begrenzung der Ansteckungsgefahr w\u00e4ren Amtsenthebung\u2026","rel":"","context":"In &quot;Demokratie \u2013 Medien \u2013 Aufkl\u00e4rung&quot;","block_context":{"text":"Demokratie \u2013 Medien \u2013 Aufkl\u00e4rung","link":"https:\/\/www.freidenker.org\/?cat=12"},"img":{"alt_text":"","src":"https:\/\/i0.wp.com\/www.freidenker.org\/fw17\/wp-content\/uploads\/2023\/02\/vonderleyen_sonnenkoenigin_v2_800x450.jpg?fit=800%2C450&ssl=1&resize=350%2C200","width":350,"height":200,"srcset":"https:\/\/i0.wp.com\/www.freidenker.org\/fw17\/wp-content\/uploads\/2023\/02\/vonderleyen_sonnenkoenigin_v2_800x450.jpg?fit=800%2C450&ssl=1&resize=350%2C200 1x, https:\/\/i0.wp.com\/www.freidenker.org\/fw17\/wp-content\/uploads\/2023\/02\/vonderleyen_sonnenkoenigin_v2_800x450.jpg?fit=800%2C450&ssl=1&resize=525%2C300 1.5x, https:\/\/i0.wp.com\/www.freidenker.org\/fw17\/wp-content\/uploads\/2023\/02\/vonderleyen_sonnenkoenigin_v2_800x450.jpg?fit=800%2C450&ssl=1&resize=700%2C400 2x"},"classes":[]},{"id":23108,"url":"https:\/\/www.freidenker.org\/?p=23108","url_meta":{"origin":16197,"position":2},"title":"Verk\u00f6rperung des Niedergangs der EU","author":"Webredaktion","date":"13. Oktober 2025","format":false,"excerpt":"Ein Kommentar von\u00a0Rainer Rupp. Das Europ\u00e4ische Parlament pr\u00fcfte diese Woche gleich zwei Misstrauensantr\u00e4ge gegen die abgehobene, aber inkompetente Frau an der Spitze der EU-Kommission. Obwohl beide Antr\u00e4ge scheiterten, wird europaweit dennoch die Frage gestellt, wie lange sie sich noch in ihrer Position halten kann und ob die zunehmende Kritik an\u2026","rel":"","context":"In &quot;Demokratie \u2013 Medien \u2013 Aufkl\u00e4rung&quot;","block_context":{"text":"Demokratie \u2013 Medien \u2013 Aufkl\u00e4rung","link":"https:\/\/www.freidenker.org\/?cat=12"},"img":{"alt_text":"","src":"https:\/\/i0.wp.com\/www.freidenker.org\/fw17\/wp-content\/uploads\/2025\/10\/Ursula_von_der_Leyen_in_Scotland_July_27_2025_800x450.jpg?fit=800%2C450&ssl=1&resize=350%2C200","width":350,"height":200,"srcset":"https:\/\/i0.wp.com\/www.freidenker.org\/fw17\/wp-content\/uploads\/2025\/10\/Ursula_von_der_Leyen_in_Scotland_July_27_2025_800x450.jpg?fit=800%2C450&ssl=1&resize=350%2C200 1x, https:\/\/i0.wp.com\/www.freidenker.org\/fw17\/wp-content\/uploads\/2025\/10\/Ursula_von_der_Leyen_in_Scotland_July_27_2025_800x450.jpg?fit=800%2C450&ssl=1&resize=525%2C300 1.5x, https:\/\/i0.wp.com\/www.freidenker.org\/fw17\/wp-content\/uploads\/2025\/10\/Ursula_von_der_Leyen_in_Scotland_July_27_2025_800x450.jpg?fit=800%2C450&ssl=1&resize=700%2C400 2x"},"classes":[]},{"id":18064,"url":"https:\/\/www.freidenker.org\/?p=18064","url_meta":{"origin":16197,"position":3},"title":"Corona-Politik: Impfungen sollten nie vor Infektion sch\u00fctzen, 2G war sinnlos","author":"Webredaktion","date":"30. Januar 2024","format":false,"excerpt":"Beitrag von Anti-Spiegel (d.i. Thomas R\u00f6per) Die Corona-Politik der westlichen Regierungen hat sich als vollkommen sinnlos erwiesen, denn inzwischen hat die Europ\u00e4ische Arzneimittel Agentur (EMA) mitgeteilt, dass die sogenannten Covid-19-Impfstoffe \u201enicht zur Verhinderung der \u00dcbertragung von einer Person auf eine andere zugelassen\u201c wurden. Damit waren alle von den Regierungen eingef\u00fchrten\u2026","rel":"","context":"In &quot;Demokratie \u2013 Medien \u2013 Aufkl\u00e4rung&quot;","block_context":{"text":"Demokratie \u2013 Medien \u2013 Aufkl\u00e4rung","link":"https:\/\/www.freidenker.org\/?cat=12"},"img":{"alt_text":"","src":"https:\/\/i0.wp.com\/www.freidenker.org\/fw17\/wp-content\/uploads\/2024\/01\/covid-6808678_800x450.jpg?fit=800%2C450&ssl=1&resize=350%2C200","width":350,"height":200,"srcset":"https:\/\/i0.wp.com\/www.freidenker.org\/fw17\/wp-content\/uploads\/2024\/01\/covid-6808678_800x450.jpg?fit=800%2C450&ssl=1&resize=350%2C200 1x, https:\/\/i0.wp.com\/www.freidenker.org\/fw17\/wp-content\/uploads\/2024\/01\/covid-6808678_800x450.jpg?fit=800%2C450&ssl=1&resize=525%2C300 1.5x, https:\/\/i0.wp.com\/www.freidenker.org\/fw17\/wp-content\/uploads\/2024\/01\/covid-6808678_800x450.jpg?fit=800%2C450&ssl=1&resize=700%2C400 2x"},"classes":[]},{"id":23747,"url":"https:\/\/www.freidenker.org\/?p=23747","url_meta":{"origin":16197,"position":4},"title":"Was der Korruptionsfall in der EU mit dem \u201eReparationskredit\u201c f\u00fcr Kiew zu tun hat","author":"Webredaktion","date":"8. Dezember 2025","format":false,"excerpt":"Machtk\u00e4mpfe und Korruption von Anti-Spiegel Ich habe es bereits in der letzten Tacheles-Sendung gesagt, komme aber erst jetzt dazu, dar\u00fcber zu schreiben und es ausf\u00fchrlich zu begr\u00fcnden: Die Bem\u00fchungen der EU-Kommission, die in der EU eingefrorenen russischen Verm\u00f6genswerte zu enteignen und f\u00fcr einen \u201eReparationskredit\u201c f\u00fcr die Ukraine zu benutzen, stehen\u2026","rel":"","context":"In &quot;Demokratie \u2013 Medien \u2013 Aufkl\u00e4rung&quot;","block_context":{"text":"Demokratie \u2013 Medien \u2013 Aufkl\u00e4rung","link":"https:\/\/www.freidenker.org\/?cat=12"},"img":{"alt_text":"","src":"https:\/\/i0.wp.com\/www.freidenker.org\/fw17\/wp-content\/uploads\/2025\/12\/Federica_Mogherini_12_800x450.jpg?fit=800%2C450&ssl=1&resize=350%2C200","width":350,"height":200,"srcset":"https:\/\/i0.wp.com\/www.freidenker.org\/fw17\/wp-content\/uploads\/2025\/12\/Federica_Mogherini_12_800x450.jpg?fit=800%2C450&ssl=1&resize=350%2C200 1x, https:\/\/i0.wp.com\/www.freidenker.org\/fw17\/wp-content\/uploads\/2025\/12\/Federica_Mogherini_12_800x450.jpg?fit=800%2C450&ssl=1&resize=525%2C300 1.5x, https:\/\/i0.wp.com\/www.freidenker.org\/fw17\/wp-content\/uploads\/2025\/12\/Federica_Mogherini_12_800x450.jpg?fit=800%2C450&ssl=1&resize=700%2C400 2x"},"classes":[]},{"id":6719,"url":"https:\/\/www.freidenker.org\/?p=6719","url_meta":{"origin":16197,"position":5},"title":"Ursula von der Leyen &#8211; Geburtshelferin eines militarisierten Europas","author":"Webredaktion","date":"17. Juli 2019","format":false,"excerpt":"In der Rubrik Tagesdosis wurde am 06.07.2019 bei KenFM der Beitrag \u201eGeburtshelferin eines militarisierten Europas\u201c von Hermann Ploppa ver\u00f6ffentlicht. Die Europ\u00e4ische Union bleibt ihrem in Jahrzehnten m\u00fchsam erarbeiteten Ruf treu. Als kafkaeske Superbeh\u00f6rde steht sie \u00fcber den Niederungen nationaler Auseinandersetzungen und setzt selbstherrlich ihre Beschl\u00fcsse durch. So auch wieder geschehen\u2026","rel":"","context":"In &quot;Demokratie \u2013 Medien \u2013 Aufkl\u00e4rung&quot;","block_context":{"text":"Demokratie \u2013 Medien \u2013 Aufkl\u00e4rung","link":"https:\/\/www.freidenker.org\/?cat=12"},"img":{"alt_text":"","src":"https:\/\/i0.wp.com\/www.freidenker.org\/fw17\/wp-content\/uploads\/2019\/07\/VonDerLeyen_Mueller_MSC2014_800x445.jpg?fit=800%2C445&ssl=1&resize=350%2C200","width":350,"height":200,"srcset":"https:\/\/i0.wp.com\/www.freidenker.org\/fw17\/wp-content\/uploads\/2019\/07\/VonDerLeyen_Mueller_MSC2014_800x445.jpg?fit=800%2C445&ssl=1&resize=350%2C200 1x, https:\/\/i0.wp.com\/www.freidenker.org\/fw17\/wp-content\/uploads\/2019\/07\/VonDerLeyen_Mueller_MSC2014_800x445.jpg?fit=800%2C445&ssl=1&resize=525%2C300 1.5x, https:\/\/i0.wp.com\/www.freidenker.org\/fw17\/wp-content\/uploads\/2019\/07\/VonDerLeyen_Mueller_MSC2014_800x445.jpg?fit=800%2C445&ssl=1&resize=700%2C400 2x"},"classes":[]}],"_links":{"self":[{"href":"https:\/\/www.freidenker.org\/index.php?rest_route=\/wp\/v2\/posts\/16197","targetHints":{"allow":["GET"]}}],"collection":[{"href":"https:\/\/www.freidenker.org\/index.php?rest_route=\/wp\/v2\/posts"}],"about":[{"href":"https:\/\/www.freidenker.org\/index.php?rest_route=\/wp\/v2\/types\/post"}],"author":[{"embeddable":true,"href":"https:\/\/www.freidenker.org\/index.php?rest_route=\/wp\/v2\/users\/3"}],"replies":[{"embeddable":true,"href":"https:\/\/www.freidenker.org\/index.php?rest_route=%2Fwp%2Fv2%2Fcomments&post=16197"}],"version-history":[{"count":0,"href":"https:\/\/www.freidenker.org\/index.php?rest_route=\/wp\/v2\/posts\/16197\/revisions"}],"wp:featuredmedia":[{"embeddable":true,"href":"https:\/\/www.freidenker.org\/index.php?rest_route=\/wp\/v2\/media\/16207"}],"wp:attachment":[{"href":"https:\/\/www.freidenker.org\/index.php?rest_route=%2Fwp%2Fv2%2Fmedia&parent=16197"}],"wp:term":[{"taxonomy":"category","embeddable":true,"href":"https:\/\/www.freidenker.org\/index.php?rest_route=%2Fwp%2Fv2%2Fcategories&post=16197"},{"taxonomy":"post_tag","embeddable":true,"href":"https:\/\/www.freidenker.org\/index.php?rest_route=%2Fwp%2Fv2%2Ftags&post=16197"}],"curies":[{"name":"wp","href":"https:\/\/api.w.org\/{rel}","templated":true}]}}