{"id":16194,"date":"2023-05-29T21:16:02","date_gmt":"2023-05-29T19:16:02","guid":{"rendered":"https:\/\/www.freidenker.org\/?p=16194"},"modified":"2023-06-15T23:12:38","modified_gmt":"2023-06-15T21:12:38","slug":"braune-bande-rosten-nicht","status":"publish","type":"post","link":"https:\/\/www.freidenker.org\/?p=16194","title":{"rendered":"Braune Bande rosten nicht!"},"content":{"rendered":"<h3>Oder wie weit deutsche Anschleimerei gehen kann<\/h3>\n<p><strong>Kommentar vom Hochblauen<\/strong><\/p>\n<p><em>von <strong>Evelyn Hecht-Galinski<\/strong><\/em><\/p>\n<p><span style=\"font-size: 10pt;\">Erstver\u00f6ffentlichung am 17.05.2023 im Blog\u00a0<a href=\"https:\/\/sicht-vom-hochblauen.de\/braune-bande-rosten-nicht-oder-wie-weit-deutsche-anschleimerei-gehen-kann-von-evelyn-hecht-galinski-kommentar-vom-hochblauen\/\" target=\"_blank\" rel=\"noopener\">Sicht vom Hochblauen<\/a><\/span><\/p>\n<p>Was sich am letzten Wochenende in Berlin und Aachen abspielte, war so exemplarisch f\u00fcr die sogenannte \u201eZeitenwende\u201c, die in Wirklichkeit nichts anderes ist als eine transatlantische Arschleckerei schleimender Funktionstr\u00e4ger und Ampel-Regierender, die sich durch alle Parteien zieht. Es war geradezu erschreckend, wie schon im Vorfeld des Besuches geradezu gefiebert wurde, ob der \u201ewahre Freund\u201c, der ukrainische Verteidiger \u201eunserer demokratischen Werte und der Freiheit\u201c kommt. Diese Interpretation ist genauso verlogen, wie die Verleihung des Karlspreises \u201ef\u00fcr europ\u00e4ische Verdienste\u201c an Selenskyj und das Volk der Ukraine.<\/p>\n<h5>Selenskyj in Aachen mit Sachsenschl\u00e4chter-Preis ausgezeichnet<\/h5>\n<p>Karl der Gro\u00dfe, der Namensgeber dieses verbrannten Preises, ist auch als \u201eSachsenschl\u00e4chter\u201c bekannt. Er war nicht umsonst eines der Idole und Symbole f\u00fcr Adolf Hitler und seiner Nazischergen. Man f\u00fchlt sich geradezu \u201enostalgisch\u201c zur\u00fcckversetzt in braune Zeiten, mit Namen von Nazi-Panzern, von Puma bis Leopard, dazwischen die triefende Heldenverehrung einer Republik, die sich im v\u00f6lligen Selenskyj-Ukraine-Rausch befindet. FDP-\u201eKriegsspezialistin\u201c Strack Zimmermann pries schon im morgendlichen DLF-Interview die \u201eBew\u00e4hrtheit\u201c der Panzer in Weltkriegen an. Wie sich eine mediale Propaganda inzwischen so uneingeschr\u00e4nkt dieser ekelhaften Politik unterordnet, nein vielmehr begeistert einstimmt in diesen unverbr\u00fcchlichen Freundschaftschor der Ukraine Huldigung, ist unfassbar.<\/p>\n<p>Als der hei\u00dfersehnte Selenskyj dann endlich in Berlin gelandet war, traf er sich nach einem Fr\u00fchst\u00fcck im Schloss Bellevue mit seinem neuem Freund Steinmeier, der Selenskyj in seiner Expansionspolitik quasi noch best\u00e4rkte und meinte, er k\u00f6nnte \u201esehr stolz auf sich sein\u201c. Dann endlich das langersehnte Treffen mit Scholz, der ihn schon sehns\u00fcchtig erwartete. Man sp\u00fcrte f\u00f6rmlich, wie sich dieser gl\u00fccklose Kanzler danach sehnte, endlich etwas vom Medienglanz f\u00fcr Selenskyj abzubekommen.<\/p>\n<p>Hatte Scholz doch so viel beigesteuert, um endlich auch geliebt zu werden. So hatte die Ampel p\u00fcnktlich zum Selenskyj Besuch ein neues milit\u00e4risches Hilfspaket im Wert von 2,7 Milliarden Euro geschn\u00fcrt, damit der teure Gast auch wirklich kommt. So hatten verschiedene Medien propagandistisch aufgebauscht berichtet, dass dem Gast der Besuch nicht leichtgefallen war, aber dank Kriegsminister Pistorius Unterst\u00fctzung mit diesem neuerlichen Milliardengeschenk der Besuch schmackhaft gemacht wurde. Schlie\u00dflich wollte man nicht mit leeren H\u00e4nden als Willkommensgru\u00df dastehen.<\/p>\n<h5>Kanzler Scholz: mit \u201cDU\u201d belohnt<\/h5>\n<p>Danach kam auch die Belohnung f\u00fcr den Kanzler: ein Du zwischen dem \u201elieben Olaf und dem lieben Wolodymir\u201c, ganz nach dem Motto, \u201ekein Blatt Papier passt mehr zwischen uns\u201c und \u201ePiep, piep, piep, was haben wir uns beide lieb\u201c. Es war sicher das teuerste \u201eDu\u201c aller Zeiten f\u00fcr Deutschland. Hauptsache der Kanzler kann endlich zeigen, wie er gemocht wird.<\/p>\n<p>Was schert da, dass die zuk\u00fcnftigen Steuersch\u00e4tzungen eingebrochen sind und wenig Gutes versprechen \u2013 Hauptsache wir \u201estehen geschlossen und solidarisch an der Seite der Ukraine\u201c. Dass Deutschland inzwischen nach den USA der zweitgr\u00f6\u00dfte Waffenlieferant ist, ist sicher nur der eine Etappe auf dem Weg an die Spitze der Garnison. Allerdings blieb der Wunsch nach Kampfjets von Deutschland noch unerf\u00fcllt. Aber wer wei\u00df, wann Scholz umsteuern wird und in ein paar Wochen an den neuen Freund liefert. Noch ist die Angst zu gro\u00df, dass Selenskyj seine Versprechungen nicht einh\u00e4lt und versucht, Russland auf eigenem Territorium anzugreifen \u2013 was ihm sicher nicht anzuraten ist, angesichts der zu erwartenden Antwort, die uns alle treffen w\u00fcrde.<\/p>\n<p>Allerdings war der Niederl\u00e4nder R\u00fctte schon bereit, F16 an die Ukraine zu liefern. Und Frankreich, Gro\u00dfbritannien\u00a0 und Belgien sind auch dabei, allerdings mangels Jets, stehen sie nur f\u00fcr die Ausbildung der Ukrainer an Jets bereit.<\/p>\n<h5>Kanzler Scholz st\u00f6\u00dft in der Nazizeit verbrannten Jubelruf aus: Slava Ukraine \u2013 Ruhm der Ukraine<\/h5>\n<p>Als Olaf und Wolodymyr dann gemeinsam sehr versp\u00e4tet in Aachen zur Preisverleihung eintrafen, war das Stunden in stickiger Rathausluft wartende Publikum so begeistert von diesen Helden, dass sie mit tr\u00e4nenden Augen und stehenden Ovationen aufsprangen. Als Scholz dann zur \u201eSchleimrede\u201c auf Wolodymir ansetzte \u2013 mit den \u00fcblichen Versprechungen auf unsere Kosten \u2013 war der Schluss der Rede der Endpunkt deutscher \u201eWerte\u201c. Er rief dem Gast doch tats\u00e4chlich sein \u201eSlava Ukraine\u201c zu (Ruhm der Ukraine). Allerdings verschwiegen Medien diesen Endpunkt schamhaft, warum wohl? W\u00e4hrend v.d. Leyen sich diesmal verkniff, diesen aus der \u201eNazizeit verbrannten Jubelruf\u201c auszusto\u00dfen, in ihrer inszenierten Ansprache. Selenskyj und Ursula, stehen sich in\u00a0 puncto Peinlichkeit in nichts nach! Dazu huldigte der polnische \u201ePIS Pole\u201c-Ministerpr\u00e4sident Morawiecki dem Preistr\u00e4ger.<\/p>\n<p>W\u00e4hrend Selenskyj vor Berlin in Rom bei den faschistischen Freunden warme Unterst\u00fctzung fand, zeigte er sich von Papst Franziskus nicht verstanden. Da der Papst zwischen den Kriegsparteien vermitteln will, dagegen Selenskyj siegen und alles zur\u00fcckerobern will, fiel Franziskus als Vermittler aus. Zudem zeigte Selenskyj seine fehlende Erziehung. Er setzte sich tats\u00e4chlich vor dem Papst hin, und beim Eintreffen weiterer W\u00fcrdentr\u00e4ger stand er zur Begr\u00fc\u00dfung nicht auf. Nachdem sich der Papst nach l\u00e4ngerem Stehen Hinsetzte und Wolodymyr seinen \u201eSpickzettel\u201c auspackte, war es sicher kein erbauliches Gespr\u00e4ch. Der fordernde \u201eSchnorrer vom Dienst\u201c flog danach nach Paris und London, um dort weitere Waffenlieferungen zu ergattern und eine Flugallianz aufzubauen.<\/p>\n<p>Krieg ist furchtbar, aber Staatsf\u00fchrer wie Selenskyj, die nicht bereit sind, Friedensverhandlungen mit Putin aufzunehmen, aber von R\u00fcckeroberung der Krim und\u00a0 vom Kampf, bis der \u201eletzte Russe\u201c die Ukraine verlassen hat, schwadronieren, sind gewissenlose Hasardeure. Auch er wird sich schlie\u00dflich der Realit\u00e4t stellen m\u00fcssen: territoriale Ver\u00e4nderungen hinnehmen und den Nato-Beitritt vergessen und im besten Fall ein neutrales Mitglied Europas werden. Aber alle anderen \u201eGr\u00f6fatz-Phantasien\u201c sind so gr\u00f6\u00dfenwahnsinnig wie dieser ehemalige \u201eSchmieren-Komiker\u201c. Vom \u201eDiener des Volkes\u201c zum \u201eDezimierer des Volkes\u201c. Es ist ein gro\u00dfer Fehler, Russland als Atommacht und Putin zu untersch\u00e4tzen!<\/p>\n<h5>\u201cFalsches Feiern\u201d f\u00fchrt zu Konsequenzen<\/h5>\n<p>Wer es wagt, wie der Ex-Kanzler Gerhard Schr\u00f6der mit Russland und Putin befreundet zu sein, wird zum Paria. Noch schlimmer traf es jetzt seine Ehefrau Frau Schr\u00f6der-Kim. Ihr wurde von der landeseigenen NRW-Global-Business-Gesellschaft fristlos gek\u00fcndigt \u2013 aufgrund ihrer Gedenkteilnahme in der russischen Botschaft in Berlin. \u201eMit ihrer Teilnahme an einer Party in der russischen Botschaft hat So-yeon Schr\u00f6der Kim das Fass zum \u00dcberlaufen gebracht\u201c (K\u00f6lner Stadtanzeiger). H\u00e4tte Schr\u00f6der-Kim in der ukrainischen Botschaft gefeiert, w\u00e4re sie sicher nicht rausgeschmissen worden, und ihr w\u00e4re die \u201epolitische Bet\u00e4tigung\u201c nicht \u00fcbelgenommen worden. Merke in Deutschland f\u00fchrt das \u201efalsche Feiern\u201c zu Konsequenzen.<\/p>\n<p>Wie weit es mit der hysterischen Selenskyj- und Ukraine-Verehrung schon gekommen ist, sieht man exemplarisch an dem Beispiel des DFB-Vize-Boss Winkler, der es \u201egewagt\u201c hatte, in einem Tweet\u201c Selenskyj als \u201eehemaligen ukrainischen Schauspieler\u201c zu betiteln. Unverz\u00fcglich kam der Shitstorm der Kollegen: \u201eEine Pers\u00f6nlichkeit wie einen Staatpr\u00e4sidenten greift man nicht so an, unsere Werte sind andere\u201c. Sogar der ehemalige Ostbeauftragte und CDU-Kollege Wanderwitz forderte, der \u201eDFB t\u00e4te gut daran, hier klar Schiff zu machen\u201c. Klar-Schiff-machen tut gut daran, endlich nicht populistisch zu versuchen, \u201eregierungstreu\u201c zu agieren. Hatten wir das nicht alles schon einmal? Gerade der DFB t\u00e4te gut daran, diese Vergangenheit nicht zu vergessen und nicht wieder \u201eWerte\u201c mit Doppelstandards zu bewerten.<\/p>\n<p>\u201eWerte\u201c gilt es zu verteidigen, wenn Geschichtsklitterung betrieben wird. Denken wir nur an das missgl\u00fcckte und mehr als peinliche Theater zum Befreiungstag-Desaster des 8\/9. Mai, als Demonstranten versuchten, den russischen Botschafter daran zu hindern, am 9. Mai einen Kranz am Ehrenmal f\u00fcr die sowjetischen Toten niederzulegen. Vom Russland-Flaggenverbot bis zum Umgang mit w\u00fcrdigem Gedenken an die sowjetischen Rotarmisten war es an Peinlichkeit und Geschichtsverdrehung nicht zu \u00fcberbieten, was sich in Berlin abspielte. Auch dass der neue CDU-Regierende-B\u00fcrgermeister zusammen mit dem ukrainischen Botschafter an der Neuen Wache, der deutschen Gedenkst\u00e4tte f\u00fcr ALLE Toten, auftrat, war mehr als geschmacklos. So viel Undankbarkeit wird die Geschichte nicht vergessen. Sie wirft ein bezeichnendes Bild auf das deutsche \u201eGeschichtsverst\u00e4ndnis-Verdrehung\u201c.<\/p>\n<h5>Geschichtsvergessenes Land unter transatlantischer Fuchtel<\/h5>\n<p>Auch das sch\u00e4ndlichen Nakba-Gedenkverbot zum 14. Mai und der Umgang mit Tausenden von Pal\u00e4stinensern in Berlin ist durch nichts zu rechtfertigen. W\u00e4hrend dem 75. Jahrestag zur Gr\u00fcndung des \u201ej\u00fcdischen Staats\u201c im Bundestag gedacht wurde, einem Tag der Vertreibung und Enteignung Pal\u00e4stinas und seiner B\u00fcrger, der Nakba, der Katastrophe, blieben diese au\u00dfen vor. Diese Verf\u00e4lschung wird als weitere Schuld in die Annalen der deutschen Geschichte eingehen. Da k\u00f6nnen deutsche gleichgeschaltete \u201eLeitmedien\u201c noch so sehr versuchen, uns die einseitige Propaganda einzuh\u00e4mmern und jedes Abweichen, Andersdenken, Nachdenken zu diffamieren.<\/p>\n<p>Was ist nur aus Deutschland geworden! Ein geschichtsvergessenes Land unter transatlantischer Fuchtel. Braune Bande rosten eben nicht, und die deutsche Anschleimerei geht immer weiter\u2026<\/p>\n<p style=\"text-align: right;\"><em>Evelyn Hecht-Galinski ist Mitglied des Deutschen Freidenker-Verbandes<\/em><\/p>\n<p><span style=\"font-size: 10pt;\">Auch ver\u00f6ffentlicht in der Neuen Rheinischen Zeitung (NRhZ) <a href=\"http:\/\/www.nrhz.de\/flyer\/beitrag.php?id=28618\" target=\"_blank\" rel=\"noopener\">Ausgabe 811 vom 17.05.2023<\/a><\/span><\/p>\n<hr \/>\n<p><span style=\"font-size: 10pt;\">Bild oben: Pressekonferenz von Volodymyr Selenskyj und Olaf Scholz am 14.05.2023<\/span><br \/>\n<span style=\"font-size: 10pt;\">Screenshot aus einem Video von\u00a0<a class=\"yt-simple-endpoint style-scope yt-formatted-string\" dir=\"auto\" spellcheck=\"false\" href=\"https:\/\/www.youtube.com\/@UkrinformTV\">Ukrinform TV<\/a>,\u00a0<a class=\"extiw\" title=\"w:en:Creative Commons\" href=\"https:\/\/en.wikipedia.org\/wiki\/en:Creative_Commons\">Creative Commons<\/a> <a class=\"external text\" href=\"https:\/\/creativecommons.org\/licenses\/by\/3.0\/deed.en\" rel=\"nofollow\">Attribution 3.0 Unported<\/a><\/span><br \/>\n<span style=\"font-size: 10pt;\">Quelle: <a href=\"https:\/\/www.youtube.com\/watch?v=U_iWjVb0Cjs\" target=\"_blank\" rel=\"noopener\">https:\/\/www.youtube.com\/watch?v=U_iWjVb0Cjs<\/a> und\u00a0 <a href=\"https:\/\/commons.wikimedia.org\/wiki\/File:%D0%9F%D1%80%D0%B5%D1%81%D0%BA%D0%BE%D0%BD%D1%84%D0%B5%D1%80%D0%B5%D0%BD%D1%86%D1%96%D1%8F_%D0%92%D0%BE%D0%BB%D0%BE%D0%B4%D0%B8%D0%BC%D0%B8%D1%80%D0%B0_%D0%97%D0%B5%D0%BB%D0%B5%D0%BD%D1%81%D1%8C%D0%BA%D0%BE%D0%B3%D0%BE_%D1%82%D0%B0_%D0%9E%D0%BB%D0%B0%D1%84%D0%B0_%D0%A8%D0%BE%D0%BB%D1%8C%D1%86%D0%B0.webm\" target=\"_blank\" rel=\"noopener\">https:\/\/commons.wikimedia.org\/<\/a><\/span><\/p>\n<p>&nbsp;<\/p>\n","protected":false},"excerpt":{"rendered":"<p><b>Kommentar von Evelyn Hecht-Galinski<\/b><br \/>\nWas sich am letzten Wochenende in Berlin und Aachen abspielte, war so exemplarisch f\u00fcr die sogenannte \u201eZeitenwende\u201c, die in Wirklichkeit nichts anderes ist als eine transatlantische Arschleckerei schleimender Funktionstr\u00e4ger und Ampel-Regierender, die sich durch alle Parteien zieht. Es war geradezu erschreckend, wie schon im Vorfeld des Besuches geradezu gefiebert wurde, ob der \u201ewahre Freund\u201c, der ukrainische Verteidiger \u201eunserer demokratischen Werte und der Freiheit\u201c kommt. Diese Interpretation ist genauso verlogen, wie die Verleihung des Karlspreises \u201ef\u00fcr europ\u00e4ische Verdienste\u201c an Selenskyj und das Volk der Ukraine. Karl der Gro\u00dfe, der Namensgeber dieses verbrannten Preises, ist auch als \u201eSachsenschl\u00e4chter\u201c bekannt. Er war nicht umsonst eines der Idole und Symbole f\u00fcr Adolf Hitler und seiner Nazischergen.<\/p>\n","protected":false},"author":3,"featured_media":16208,"comment_status":"closed","ping_status":"closed","sticky":false,"template":"","format":"standard","meta":{"colormag_page_container_layout":"default_layout","colormag_page_sidebar_layout":"default_layout","advanced_seo_description":"","jetpack_seo_html_title":"","jetpack_seo_noindex":false,"jetpack_post_was_ever_published":false,"footnotes":""},"categories":[12],"tags":[451,491,1192,1814,188,807,1662,390,1815,639],"class_list":["post-16194","post","type-post","status-publish","format-standard","has-post-thumbnail","hentry","category-demokratie-medien-aufklaerung","tag-faschismus","tag-geschichte","tag-geschichtsrevisionismus","tag-karlspreis","tag-krieg","tag-nakba","tag-olaf-scholz","tag-papst","tag-selenskyj","tag-ukraine-konflikt"],"jetpack_featured_media_url":"https:\/\/i0.wp.com\/www.freidenker.org\/fw17\/wp-content\/uploads\/2023\/05\/selenski_scholz_800x450.jpg?fit=800%2C450&ssl=1","jetpack_shortlink":"https:\/\/wp.me\/p9stpK-4dc","jetpack-related-posts":[{"id":15692,"url":"https:\/\/www.freidenker.org\/?p=15692","url_meta":{"origin":16194,"position":0},"title":"Mit propagandistischem Bombenhagel in Bombenstimmung?","author":"Webredaktion","date":"5. April 2023","format":false,"excerpt":"Kommentar vom Evelyn Hecht-Galinski Es ist unfassbar, wie sich der mediale Propagandakrieg parallel zum anhaltenden Krieg in der Ukraine entwickelt. Nicht nur, dass die deutsche Regierung Steuer-Milliarden und \u201cSonderverm\u00f6gen\u201d in die korrupte Nazi-Ukraine geradezu hineinschmei\u00dft, sondern auch die Selbstverst\u00e4ndlichkeit, mit der das geschieht, macht so zornig. Nichts mehr ist geblieben\u2026","rel":"","context":"In &quot;Frieden - Antifaschismus - Solidarit\u00e4t&quot;","block_context":{"text":"Frieden - Antifaschismus - Solidarit\u00e4t","link":"https:\/\/www.freidenker.org\/?cat=13"},"img":{"alt_text":"","src":"https:\/\/i0.wp.com\/www.freidenker.org\/fw17\/wp-content\/uploads\/2023\/04\/building-7051359_800x450.jpg?fit=800%2C450&ssl=1&resize=350%2C200","width":350,"height":200,"srcset":"https:\/\/i0.wp.com\/www.freidenker.org\/fw17\/wp-content\/uploads\/2023\/04\/building-7051359_800x450.jpg?fit=800%2C450&ssl=1&resize=350%2C200 1x, https:\/\/i0.wp.com\/www.freidenker.org\/fw17\/wp-content\/uploads\/2023\/04\/building-7051359_800x450.jpg?fit=800%2C450&ssl=1&resize=525%2C300 1.5x, https:\/\/i0.wp.com\/www.freidenker.org\/fw17\/wp-content\/uploads\/2023\/04\/building-7051359_800x450.jpg?fit=800%2C450&ssl=1&resize=700%2C400 2x"},"classes":[]},{"id":19793,"url":"https:\/\/www.freidenker.org\/?p=19793","url_meta":{"origin":16194,"position":1},"title":"Existenzrecht? F\u00fcr Besatzung, Vertreibung und V\u00f6lkermord? Freiheit vom Fluss bis zum Meer!","author":"Webredaktion","date":"1. August 2024","format":false,"excerpt":"Kommentar von Evelyn Hecht-Galinski Es ist erschreckend, mit welch blindem Aktionismus nicht nur die Politik und ihre Vertreter versuchen, diesen schrecklichen Solinger Anschlag daf\u00fcr missbrauchen zu wollen, um daraus den Honig f\u00fcr Wahlgewinne oder Sympathiekundgebungen zu saugen. Es ist aber noch verwerflicher, wie christliche und j\u00fcdische \u201eW\u00fcrdentr\u00e4ger\u201c und Funktion\u00e4re diesen\u2026","rel":"","context":"In &quot;Frieden - Antifaschismus - Solidarit\u00e4t&quot;","block_context":{"text":"Frieden - Antifaschismus - Solidarit\u00e4t","link":"https:\/\/www.freidenker.org\/?cat=13"},"img":{"alt_text":"","src":"https:\/\/i0.wp.com\/www.freidenker.org\/fw17\/wp-content\/uploads\/2024\/09\/gaza-6782232_800x450.jpg?fit=800%2C450&ssl=1&resize=350%2C200","width":350,"height":200,"srcset":"https:\/\/i0.wp.com\/www.freidenker.org\/fw17\/wp-content\/uploads\/2024\/09\/gaza-6782232_800x450.jpg?fit=800%2C450&ssl=1&resize=350%2C200 1x, https:\/\/i0.wp.com\/www.freidenker.org\/fw17\/wp-content\/uploads\/2024\/09\/gaza-6782232_800x450.jpg?fit=800%2C450&ssl=1&resize=525%2C300 1.5x, https:\/\/i0.wp.com\/www.freidenker.org\/fw17\/wp-content\/uploads\/2024\/09\/gaza-6782232_800x450.jpg?fit=800%2C450&ssl=1&resize=700%2C400 2x"},"classes":[]},{"id":15435,"url":"https:\/\/www.freidenker.org\/?p=15435","url_meta":{"origin":16194,"position":2},"title":"Deutschlands Regierung tanzt auf dem Vulkan","author":"Webredaktion","date":"4. M\u00e4rz 2023","format":false,"excerpt":"Kommentar von Evelyn Hecht-Galinski Unfassbar, ja geradezu obsz\u00f6n erscheint es, wenn sich eine gr\u00fcne so genannte Au\u00dfenministerin ma\u00dflos auf Steuerzahler-Kosten camoufliert, um sich einen \u201ebraunen Kriegsfarbton\u201c gr\u00fcn zu \u00fcberschminken. Diese Republik ist ja schon viel gewohnt mittlerweile. In 16 Jahren \u201eMutti Merkel\u201c-Herrschaft, in der auch sie immense Friseurkosten und Schminkkosten\u2026","rel":"","context":"In &quot;Demokratie \u2013 Medien \u2013 Aufkl\u00e4rung&quot;","block_context":{"text":"Demokratie \u2013 Medien \u2013 Aufkl\u00e4rung","link":"https:\/\/www.freidenker.org\/?cat=12"},"img":{"alt_text":"","src":"https:\/\/i0.wp.com\/www.freidenker.org\/fw17\/wp-content\/uploads\/2023\/03\/vulkan_new-zealand-3018634_800x450.jpg?fit=800%2C450&ssl=1&resize=350%2C200","width":350,"height":200,"srcset":"https:\/\/i0.wp.com\/www.freidenker.org\/fw17\/wp-content\/uploads\/2023\/03\/vulkan_new-zealand-3018634_800x450.jpg?fit=800%2C450&ssl=1&resize=350%2C200 1x, https:\/\/i0.wp.com\/www.freidenker.org\/fw17\/wp-content\/uploads\/2023\/03\/vulkan_new-zealand-3018634_800x450.jpg?fit=800%2C450&ssl=1&resize=525%2C300 1.5x, https:\/\/i0.wp.com\/www.freidenker.org\/fw17\/wp-content\/uploads\/2023\/03\/vulkan_new-zealand-3018634_800x450.jpg?fit=800%2C450&ssl=1&resize=700%2C400 2x"},"classes":[]},{"id":15843,"url":"https:\/\/www.freidenker.org\/?p=15843","url_meta":{"origin":16194,"position":3},"title":"Deutschland und sein ideologischer Ballast","author":"Webredaktion","date":"22. April 2023","format":false,"excerpt":"Kommentar von Evelyn Hecht-Galinski War es bis dato nur historischer Ballast, mit dem Deutschland zu leben hatte, so hat sich dieser Zustand massiv gewandelt. Wir sind in das Zeitalter der ideologischen Kriegsf\u00fchrung eingetreten. Was wir jetzt an geopolitischer Hassstrategie des Westens erleben, hat sich infolge gr\u00fcner Kriegswut unter US-Anleitung zu\u2026","rel":"","context":"In &quot;Demokratie \u2013 Medien \u2013 Aufkl\u00e4rung&quot;","block_context":{"text":"Demokratie \u2013 Medien \u2013 Aufkl\u00e4rung","link":"https:\/\/www.freidenker.org\/?cat=12"},"img":{"alt_text":"","src":"https:\/\/i0.wp.com\/www.freidenker.org\/fw17\/wp-content\/uploads\/2023\/04\/deutschland_terror-1545012_800x450.jpg?fit=800%2C450&ssl=1&resize=350%2C200","width":350,"height":200,"srcset":"https:\/\/i0.wp.com\/www.freidenker.org\/fw17\/wp-content\/uploads\/2023\/04\/deutschland_terror-1545012_800x450.jpg?fit=800%2C450&ssl=1&resize=350%2C200 1x, https:\/\/i0.wp.com\/www.freidenker.org\/fw17\/wp-content\/uploads\/2023\/04\/deutschland_terror-1545012_800x450.jpg?fit=800%2C450&ssl=1&resize=525%2C300 1.5x, https:\/\/i0.wp.com\/www.freidenker.org\/fw17\/wp-content\/uploads\/2023\/04\/deutschland_terror-1545012_800x450.jpg?fit=800%2C450&ssl=1&resize=700%2C400 2x"},"classes":[]},{"id":14838,"url":"https:\/\/www.freidenker.org\/?p=14838","url_meta":{"origin":16194,"position":4},"title":"Sch\u00f6n war die Zeit","author":"Webredaktion","date":"17. Dezember 2022","format":false,"excerpt":"Kommentar von\u00a0Evelyn Hecht-Galinski Als wir noch nicht Tag und Nacht mit Propaganda-Nachrichten \u00fcberrollt wurden, die das Feindbild Russland mit seinem Pr\u00e4sidenten an die Wand malten, unter Auslassung wichtiger Informationen zur Ursache des Krieges in der Ukraine. Und als die deutsche Bev\u00f6lkerung noch nicht zu 82 Prozent Angst hatte, den Mund\u2026","rel":"","context":"In &quot;Demokratie \u2013 Medien \u2013 Aufkl\u00e4rung&quot;","block_context":{"text":"Demokratie \u2013 Medien \u2013 Aufkl\u00e4rung","link":"https:\/\/www.freidenker.org\/?cat=12"},"img":{"alt_text":"","src":"https:\/\/i0.wp.com\/www.freidenker.org\/fw17\/wp-content\/uploads\/2022\/12\/russland_deutschland_haende_800x450.jpg?fit=800%2C450&ssl=1&resize=350%2C200","width":350,"height":200,"srcset":"https:\/\/i0.wp.com\/www.freidenker.org\/fw17\/wp-content\/uploads\/2022\/12\/russland_deutschland_haende_800x450.jpg?fit=800%2C450&ssl=1&resize=350%2C200 1x, https:\/\/i0.wp.com\/www.freidenker.org\/fw17\/wp-content\/uploads\/2022\/12\/russland_deutschland_haende_800x450.jpg?fit=800%2C450&ssl=1&resize=525%2C300 1.5x, https:\/\/i0.wp.com\/www.freidenker.org\/fw17\/wp-content\/uploads\/2022\/12\/russland_deutschland_haende_800x450.jpg?fit=800%2C450&ssl=1&resize=700%2C400 2x"},"classes":[]},{"id":18518,"url":"https:\/\/www.freidenker.org\/?p=18518","url_meta":{"origin":16194,"position":5},"title":"Nichts aus der Geschichte gelernt \u2013 Isoliert am moralischen Abgrund","author":"Webredaktion","date":"9. M\u00e4rz 2024","format":false,"excerpt":"Kommentar von Evelyn Hecht-Galinski Was haben die F\u00fchrer der Ukraine und des \u201ej\u00fcdischen Staats\u201c gemeinsam? Beide sind machthungrig und beide sind skrupellos, wenn es um das Erreichen ihrer m\u00f6rderischen Ziele geht. W\u00e4hrend Wolodomyr Selenskyj Abend f\u00fcr Abend \u2013 um Hilfe schnorrend, immer werbetechnisch \u201ekriegerisch-olivgr\u00fcn\u201c perfekt gestylt und seinem so bescheiden\u2026","rel":"","context":"In &quot;Demokratie \u2013 Medien \u2013 Aufkl\u00e4rung&quot;","block_context":{"text":"Demokratie \u2013 Medien \u2013 Aufkl\u00e4rung","link":"https:\/\/www.freidenker.org\/?cat=12"},"img":{"alt_text":"","src":"https:\/\/i0.wp.com\/www.freidenker.org\/fw17\/wp-content\/uploads\/2024\/03\/existenz-3-galinski3_800x450.jpg?fit=800%2C450&ssl=1&resize=350%2C200","width":350,"height":200,"srcset":"https:\/\/i0.wp.com\/www.freidenker.org\/fw17\/wp-content\/uploads\/2024\/03\/existenz-3-galinski3_800x450.jpg?fit=800%2C450&ssl=1&resize=350%2C200 1x, https:\/\/i0.wp.com\/www.freidenker.org\/fw17\/wp-content\/uploads\/2024\/03\/existenz-3-galinski3_800x450.jpg?fit=800%2C450&ssl=1&resize=525%2C300 1.5x, https:\/\/i0.wp.com\/www.freidenker.org\/fw17\/wp-content\/uploads\/2024\/03\/existenz-3-galinski3_800x450.jpg?fit=800%2C450&ssl=1&resize=700%2C400 2x"},"classes":[]}],"_links":{"self":[{"href":"https:\/\/www.freidenker.org\/index.php?rest_route=\/wp\/v2\/posts\/16194","targetHints":{"allow":["GET"]}}],"collection":[{"href":"https:\/\/www.freidenker.org\/index.php?rest_route=\/wp\/v2\/posts"}],"about":[{"href":"https:\/\/www.freidenker.org\/index.php?rest_route=\/wp\/v2\/types\/post"}],"author":[{"embeddable":true,"href":"https:\/\/www.freidenker.org\/index.php?rest_route=\/wp\/v2\/users\/3"}],"replies":[{"embeddable":true,"href":"https:\/\/www.freidenker.org\/index.php?rest_route=%2Fwp%2Fv2%2Fcomments&post=16194"}],"version-history":[{"count":0,"href":"https:\/\/www.freidenker.org\/index.php?rest_route=\/wp\/v2\/posts\/16194\/revisions"}],"wp:featuredmedia":[{"embeddable":true,"href":"https:\/\/www.freidenker.org\/index.php?rest_route=\/wp\/v2\/media\/16208"}],"wp:attachment":[{"href":"https:\/\/www.freidenker.org\/index.php?rest_route=%2Fwp%2Fv2%2Fmedia&parent=16194"}],"wp:term":[{"taxonomy":"category","embeddable":true,"href":"https:\/\/www.freidenker.org\/index.php?rest_route=%2Fwp%2Fv2%2Fcategories&post=16194"},{"taxonomy":"post_tag","embeddable":true,"href":"https:\/\/www.freidenker.org\/index.php?rest_route=%2Fwp%2Fv2%2Ftags&post=16194"}],"curies":[{"name":"wp","href":"https:\/\/api.w.org\/{rel}","templated":true}]}}