{"id":16183,"date":"2023-05-27T03:30:53","date_gmt":"2023-05-27T01:30:53","guid":{"rendered":"https:\/\/www.freidenker.org\/?p=16183"},"modified":"2023-06-15T23:12:07","modified_gmt":"2023-06-15T21:12:07","slug":"bundestagsabgeordnete-blickt-von-ganz-unten","status":"publish","type":"post","link":"https:\/\/www.freidenker.org\/?p=16183","title":{"rendered":"Bundestagsabgeordnete blickt von \u201eganz unten\u201c"},"content":{"rendered":"<p><em>Rezension von <strong>Diether Dehm <\/strong>zu <strong>\u017baklin Nasti\u0107: <\/strong>&#8222;Aus die Maus \u2013 Der Blick von unten auf die da oben&#8220;<\/em><\/p>\n<p>Was macht DAS mit uns?\u201c ist ein bl\u00f6der Neusprech. Als ob \u201eDAS\u201c ein h\u00f6heres Wesen sei, nichts Menschgemachtes!<\/p>\n<p>Vom Auflehnen einer Abgeordneten gegen \u201eDAS\u201c Bundestag erz\u00e4hlt dieses Buch ziemlich authentisch, oft auch \u201eproletarisch\u201c. Weshalb der Titel \u201eAus die Maus\u201c durchaus Menschgemachtes verspricht; besonders im Untertitel: \u201eDer Blick von unten auf die da oben\u201c.<\/p>\n<p>Als polnische Migrantin mit Arbeiter\u00adherkunft ist Nasti\u0107 nun in der zweiten Legislatur. Aber so \u201eganz unten\u201c blieb sie in \u201eDAS\u201c Bundestag \u2013 beim besten Willen \u2013 auch nicht. (Bei mir jedenfalls hatten subkutane Anpassungs-Mechanismen gegrif\u00adfen, die ich erst begriff mit kritischen Ge\u00adnossen \u2013 von au\u00dferhalb des Parlaments.)<\/p>\n<p>Das Buch macht Bundestagsinterna ein\u00adsehbarer, vornehmlich f\u00fcr solche Au\u00dfen\u00adstehende, denen das Plenum immer so leer erscheint und die es darum in toto verurteilen. Was f\u00fcr demokratiefeindlichen Populismus anf\u00e4llig macht. Besonders gegen\u00fcber medial verbellten Sitz-Vernachl\u00e4ssigungen von Unliebsamen \u2013 wie Sahra Wagenknecht.<\/p>\n<p>Auch die Nasti\u0107 fehlte am 27.4.2023 bei der namentlichen Abstimmung \u00fcber den Eva\u00adkuierungs-Einsatz der Bundeswehr im Sudan. Die Fraktion hatte sich zuvor &#8230; \u201everst\u00e4ndigt\u201c auf: blo\u00df keine Gegenstimme. MdB Nasti\u0107 hatte intern noch f\u00fcr ein Nein votiert, was in Parteiprogramm und Tradition der Links\u00adfraktion auch so vorgesehen war.<\/p>\n<p>Oft macht das Buch solcherlei komische Verstrickungen des parlamentarischen Innen\u00adlebens transparenter. Was ja auch dringend geboten ist. Gerade jetzt, wo eine neue Sahra-Partei wie ein wei\u00dfer Nebel-Elefant in der W\u00e4hler-Luft h\u00e4ngt. Wie w\u00e4re k\u00fcnftig kriti\u00adscher umzugehen mit Fraktionszwang und \u00e4hnlichen parlamentaristischen Einschleifun\u00ad<\/p>\n<p>gen von oben. Oder mit Mainstream-Medien und Lobbyisten? Und: wie kann dagegen der \u201eBlick von unten auf die da oben\u201c bewahrt und gesch\u00e4rft bleiben? Um nicht noch einmal so zu enden wie die 2005 mit enormer Euphorie gestartete Linkspartei?<\/p>\n<p>Dazu liefert das B\u00fcchlein einiges. Wenn auch manchmal, wo es spannend wird, vielleicht zu viel Geschichtslektionen. Nicht so bei den Serben, die von deutschen Eliten unter Kaiser-, Hakenkreuz und Regenbogen-Flagge seit jeher in den Dreck gebombt wurden. Da wirkt der Blick der Autorin \u201evon unten\u201c am w\u00e4rmsten und menschlichsten. Sicher auch, weil \u201eder Vater meiner Kinder Serbe ist\u201c.<\/p>\n<p>\u017baklin Nasti\u0107 hat mehrfach den Nahen Osten unter wenig privilegierten Reiseum\u00adst\u00e4nden besucht und kann manchen Deutsch-Medien-Sprech \u00fcber die \u201eSchurken\u201cstaaten Iran, Irak, Syrien und Afghanistan mit eigenerworbenen Beobachtungen widerlegen. Mit ihrem j\u00fcdischen Hintergrund (von dem sie erst als erwachsene Frau erfuhr) bereiste sie auch \u201ePal\u00e4stinenser-Gebiete\u201c. Und h\u00e4lt mit Kritik am Terror israelischer Siedler und deren Regimes nicht hinterm Berg.<\/p>\n<p>Zwar w\u00e4re die Geschichte des 1965 hingemetzelten indonesischen Antiimperialis\u00admus auch googlebar, aber nach der Lekt\u00fcre ihres Buchs gelingt das Weiterlesen im Netz zielorientierter. Auch zum Pan-Islamismus der Uiguren, der Lieblingschinesen von ARD und ZDF. Die Autorin liefert Gegen-Infos, die hilfreich sind und sonst \u2013 wenn \u00fcberhaupt \u2013 bestenfalls auf den hinteren R\u00e4ngen bei Google und Wikipedia landen.<\/p>\n<p>Gew\u00fcrzt wird das Ganze mit Anfragen und Zwischenrufen einer Abgeordneten, die aus dem talentlosen Mittelma\u00df jener Gl\u00fccks-Ritter und -Ritterinnen ragt, welche den Bundestag ansonsten befallen und auch DIE LINKE seit Jahren beschlichen haben. Durch ihre Anfrage konnte die \u00d6ffentlichkeit erfahren, dass Deutschland \u2013 immerhin nach Einsch\u00e4tzung des Wissenschaftlichen Dien\u00adstes des Bundestags \u2013 durch das Training ukrainischer Milizen an deutschen Waffen selbst zur Kriegspartei geworden war.<\/p>\n<p>\u201eEinf\u00fchlen ist inzwischen vielen meiner Mitstreiter abhanden gekommen\u201c, schreibt die Autorin. Aber mit Einf\u00fchlung geizt sie selber. Zum Beispiel: mit Details zum inner\u00adparteilichen Kampf in der karrierezer\u00adfressenen Hamburger Linkspartei um ihren eigenen Aufstieg als medial mehrfach de\u00adnunzierte \u201eWagenknechtIn\u201c. Dazu w\u00e4re die eine oder andere Zeile Eigenerleben anschau\u00adlich gewesen. Zumal der Umschlag damit wirbt, \u00fcber \u201eSch\u00f6nf\u00e4rberei und Tatsachen\u00adverdrehungen selbst in den eigenen Reihen\u201c aufzukl\u00e4ren. Aber konkret wie, warum und wer sich so zur Manipulation manipulieren l\u00e4sst, dazu schweigt der Dichterin H\u00f6flichkeit zuweilen. \u201eWas macht DAS mit uns?\u201c \u201eSowas hat Name und Hausnummer!\u201c schreibt Brecht. Im Buch steht da zu oft: \u201eman\u201c. Alleine auf Seite 30 kommt \u201eman\u201c dreimal. Am Ende \u201e\u00fcberzeugte man mich\u201c zu kandidieren. Worauf die Autorin dann \u201efrei von Ehrgeiz\u201c bald darauf \u201enach Berlin musste&#8230;\u201c. Kein gutes Gef\u00fchl beim Aufstieg \u201evon ganz unten\u201c? Stattdessen wird ihr neues MdB-Mandat in aller Demut dargestellt als \u201enur ein neues pers\u00f6nliches Problem\u201c. Null Freude, sich von unten gegen die Wagenknecht-Basher von \u201eganz oben\u201c durchgesetzt zu haben. Der Titel des lehrreichen Buches verspricht zwar nicht zuviel \u2013 nur was leicht andres.<\/p>\n<p><strong>\u017baklin Nasti\u0107, Aus die Maus \u2013 Der Blick von unten auf die da oben; Verlag Das Neue Berlin, 191 Seiten; 16.- \u20ac<\/strong><\/p>\n<p style=\"text-align: right;\"><em>\u017baklin Nasti\u0107 ist Mitglied des Deutschen Bundestages f\u00fcr Die Linke und Mitglied des Deutschen Freidenker-Verbandes<\/em><\/p>\n<p style=\"text-align: right;\"><em>Dr. Diether Dehm ist Mitglied des Deutschen Freidenker-Verbandes und seines Beirats<\/em><\/p>\n<hr \/>\n<p><span style=\"font-size: 10pt;\">Bild oben: Collage von Ralf Lux unter Verwendung des Buchcovers<\/span><\/p>\n","protected":false},"excerpt":{"rendered":"<p><b>Rezension von Diether Dehm zu \u017baklin Nasti\u0107: &#8222;Aus die Maus \u2013 Der Blick von unten auf die da oben&#8220;<\/b><br \/>\nWas macht DAS mit uns?\u201c ist ein bl\u00f6der Neusprech. Als ob \u201eDAS\u201c ein h\u00f6heres Wesen sei, nichts Menschgemachtes! Vom Auflehnen einer Abgeordneten gegen \u201eDAS\u201c Bundestag erz\u00e4hlt dieses Buch ziemlich authentisch, oft auch \u201eproletarisch\u201c. Weshalb der Titel \u201eAus die Maus\u201c durchaus Menschgemachtes verspricht; besonders im Untertitel: \u201eDer Blick von unten auf die da oben\u201c. &#8230; Das Buch macht Bundestagsinterna ein\u00adsehbarer, vornehmlich f\u00fcr solche Au\u00dfen\u00adstehende, denen das Plenum immer so leer erscheint und die es darum in toto verurteilen. Was f\u00fcr demokratiefeindlichen Populismus anf\u00e4llig macht. Besonders gegen\u00fcber medial verbellten Sitz-Vernachl\u00e4ssigungen von Unliebsamen \u2013 wie Sahra Wagenknecht.<\/p>\n","protected":false},"author":3,"featured_media":16184,"comment_status":"closed","ping_status":"closed","sticky":false,"template":"","format":"standard","meta":{"colormag_page_container_layout":"default_layout","colormag_page_sidebar_layout":"default_layout","advanced_seo_description":"","jetpack_seo_html_title":"","jetpack_seo_noindex":false,"jetpack_post_was_ever_published":false,"footnotes":""},"categories":[12,6],"tags":[1115,477,447,1812,917,1811,1150,1813],"class_list":["post-16183","post","type-post","status-publish","format-standard","has-post-thumbnail","hentry","category-demokratie-medien-aufklaerung","category-publikationen-fuer-freidenker","tag-buch","tag-bundestag","tag-hamburg","tag-kampf","tag-linkspartei","tag-neusprech","tag-parlament","tag-wagenknecht"],"jetpack_featured_media_url":"https:\/\/i0.wp.com\/www.freidenker.org\/fw17\/wp-content\/uploads\/2023\/05\/Nastic_800x450.jpg?fit=800%2C450&ssl=1","jetpack_shortlink":"https:\/\/wp.me\/p9stpK-4d1","jetpack-related-posts":[{"id":18514,"url":"https:\/\/www.freidenker.org\/?p=18514","url_meta":{"origin":16183,"position":0},"title":"Lisa Fitz &#8211; Politiker au\u00dfer Rand und Band","author":"Webredaktion","date":"9. M\u00e4rz 2024","format":false,"excerpt":"Video von\u00a0Lisa Fitz In ihrem neuen St\u00fcck f\u00fcr die NachDenkSeiten besch\u00e4ftigt sich Lisa Fitz mit Verbalinjurien und sonstigen Ausf\u00e4llen, mit Cholerikern, P\u00f6beleien im Bundestag und mit sogenannten \u201eEmotionsdilettanten\u201c. Statt Contenance zu wahren, bes\u00e4\u00dfen manche nur emotionale Inkontinenz. Teilweise hat diese Unart in j\u00fcngster Zeit auch sie selbst betroffen. Lisa Fitz\u2026","rel":"","context":"In &quot;Demokratie \u2013 Medien \u2013 Aufkl\u00e4rung&quot;","block_context":{"text":"Demokratie \u2013 Medien \u2013 Aufkl\u00e4rung","link":"https:\/\/www.freidenker.org\/?cat=12"},"img":{"alt_text":"","src":"https:\/\/i0.wp.com\/www.freidenker.org\/fw17\/wp-content\/uploads\/2024\/03\/Lisa_Fitz_Politiker_ausser_Rand_und_Band_800x450.jpg?fit=800%2C450&ssl=1&resize=350%2C200","width":350,"height":200,"srcset":"https:\/\/i0.wp.com\/www.freidenker.org\/fw17\/wp-content\/uploads\/2024\/03\/Lisa_Fitz_Politiker_ausser_Rand_und_Band_800x450.jpg?fit=800%2C450&ssl=1&resize=350%2C200 1x, https:\/\/i0.wp.com\/www.freidenker.org\/fw17\/wp-content\/uploads\/2024\/03\/Lisa_Fitz_Politiker_ausser_Rand_und_Band_800x450.jpg?fit=800%2C450&ssl=1&resize=525%2C300 1.5x, https:\/\/i0.wp.com\/www.freidenker.org\/fw17\/wp-content\/uploads\/2024\/03\/Lisa_Fitz_Politiker_ausser_Rand_und_Band_800x450.jpg?fit=800%2C450&ssl=1&resize=700%2C400 2x"},"classes":[]},{"id":16376,"url":"https:\/\/www.freidenker.org\/?p=16376","url_meta":{"origin":16183,"position":1},"title":"FREIDENKER Nr. 2-23 \u2013 Kampf um Demokratie 1848\/49 und heute","author":"Webredaktion","date":"29. Juni 2023","format":false,"excerpt":"Die Ausgabe 2-23 des Verbandsorgans FREIDENKER hat das Schwerpunkt-Thema \u201eKampf um Demokratie 1848\/49 und heute\u201c und enth\u00e4lt u.a. folgende Beitr\u00e4ge: - Wolfgang Sch\u00fcrer: Revolutionen f\u00fcr Freiheit und Demokratie - Friedrich Engels: Revolution, die unvollendete - Hartmut Barth-Engelbart: Die erneute Niederschlagung der 1848er Revolution - Corinna Oesch: 1848: Wie sieht es\u2026","rel":"","context":"In &quot;Geschichte&quot;","block_context":{"text":"Geschichte","link":"https:\/\/www.freidenker.org\/?cat=1162"},"img":{"alt_text":"","src":"https:\/\/i0.wp.com\/www.freidenker.org\/fw17\/wp-content\/uploads\/2023\/06\/FD_2023-02_Titel_mR.jpg?fit=800%2C445&ssl=1&resize=350%2C200","width":350,"height":200,"srcset":"https:\/\/i0.wp.com\/www.freidenker.org\/fw17\/wp-content\/uploads\/2023\/06\/FD_2023-02_Titel_mR.jpg?fit=800%2C445&ssl=1&resize=350%2C200 1x, https:\/\/i0.wp.com\/www.freidenker.org\/fw17\/wp-content\/uploads\/2023\/06\/FD_2023-02_Titel_mR.jpg?fit=800%2C445&ssl=1&resize=525%2C300 1.5x, https:\/\/i0.wp.com\/www.freidenker.org\/fw17\/wp-content\/uploads\/2023\/06\/FD_2023-02_Titel_mR.jpg?fit=800%2C445&ssl=1&resize=700%2C400 2x"},"classes":[]},{"id":13111,"url":"https:\/\/www.freidenker.org\/?p=13111","url_meta":{"origin":16183,"position":2},"title":"Brisantes Bundestagsgutachten: Deutschland ist Kriegspartei","author":"Webredaktion","date":"14. Mai 2022","format":false,"excerpt":"Durch eine mutige und fokussierte Anfrage der Abgeordenten \u017baklin Nasti\u0107 (Verteidigungsausschuss) beim Wissenschaftlichen Dienst des Bundestages wurde zutage gebracht, was Medien seit Tagen zu verschwurbeln suchen: Deutschland ist Kriegspartei. Und zwar nicht durch Lieferung von schwerem Kriegsger\u00e4t (was schon schlimm genug ist), sondern dadurch, dass Deutschland den ukrainischen Soldaten an\u2026","rel":"","context":"In &quot;Frieden - Antifaschismus - Solidarit\u00e4t&quot;","block_context":{"text":"Frieden - Antifaschismus - Solidarit\u00e4t","link":"https:\/\/www.freidenker.org\/?cat=13"},"img":{"alt_text":"","src":"https:\/\/i0.wp.com\/www.freidenker.org\/fw17\/wp-content\/uploads\/2022\/05\/zaklin_nastic_28940622278_800x450.jpg?fit=800%2C450&ssl=1&resize=350%2C200","width":350,"height":200,"srcset":"https:\/\/i0.wp.com\/www.freidenker.org\/fw17\/wp-content\/uploads\/2022\/05\/zaklin_nastic_28940622278_800x450.jpg?fit=800%2C450&ssl=1&resize=350%2C200 1x, https:\/\/i0.wp.com\/www.freidenker.org\/fw17\/wp-content\/uploads\/2022\/05\/zaklin_nastic_28940622278_800x450.jpg?fit=800%2C450&ssl=1&resize=525%2C300 1.5x, https:\/\/i0.wp.com\/www.freidenker.org\/fw17\/wp-content\/uploads\/2022\/05\/zaklin_nastic_28940622278_800x450.jpg?fit=800%2C450&ssl=1&resize=700%2C400 2x"},"classes":[]},{"id":23712,"url":"https:\/\/www.freidenker.org\/?p=23712","url_meta":{"origin":16183,"position":3},"title":"Generaldebatte im Bundestag: Abschied der deutschen Politik von der Realit\u00e4t","author":"Webredaktion","date":"5. Dezember 2025","format":false,"excerpt":"Beitrag von Gert Ewen Ungar Die Generaldebatte im Deutschen Bundestag hinterl\u00e4sst einen starken Eindruck. Dieser starke Eindruck besteht vor allem darin, dass sich die Bundesregierung, allen voran der Bundeskanzler, aber auch ein Gro\u00dfteil der Abgeordneten, von der Realit\u00e4t l\u00e4ngst verabschiedet hat. Sie leben in einer Parallelwelt, in der andere, n\u00e4mlich\u2026","rel":"","context":"In &quot;Demokratie \u2013 Medien \u2013 Aufkl\u00e4rung&quot;","block_context":{"text":"Demokratie \u2013 Medien \u2013 Aufkl\u00e4rung","link":"https:\/\/www.freidenker.org\/?cat=12"},"img":{"alt_text":"","src":"https:\/\/i0.wp.com\/www.freidenker.org\/fw17\/wp-content\/uploads\/2025\/12\/CPAC_Hungary_2025_147_800x450.jpg?fit=800%2C450&ssl=1&resize=350%2C200","width":350,"height":200,"srcset":"https:\/\/i0.wp.com\/www.freidenker.org\/fw17\/wp-content\/uploads\/2025\/12\/CPAC_Hungary_2025_147_800x450.jpg?fit=800%2C450&ssl=1&resize=350%2C200 1x, https:\/\/i0.wp.com\/www.freidenker.org\/fw17\/wp-content\/uploads\/2025\/12\/CPAC_Hungary_2025_147_800x450.jpg?fit=800%2C450&ssl=1&resize=525%2C300 1.5x, https:\/\/i0.wp.com\/www.freidenker.org\/fw17\/wp-content\/uploads\/2025\/12\/CPAC_Hungary_2025_147_800x450.jpg?fit=800%2C450&ssl=1&resize=700%2C400 2x"},"classes":[]},{"id":16907,"url":"https:\/\/www.freidenker.org\/?p=16907","url_meta":{"origin":16183,"position":4},"title":"C40 und Zwangsveganismus oder wie Milliard\u00e4re St\u00e4dte lenken","author":"Webredaktion","date":"12. September 2023","format":false,"excerpt":"Beitrag von Dagmar Henn Das unschuldig wirkende B\u00fcrgermeisternetzwerk \"C40\" ist ein ziemlich gutes Beispiel daf\u00fcr, welche Tricks genutzt werden, um Themen erst von oben her zu verankern und dann, nach langem Vorlauf, die Grundlagen f\u00fcr massive Eingriffe zu schaffen. Solche Netzwerke von St\u00e4dten gibt es viele, und sie werden gerne\u2026","rel":"","context":"In &quot;Arbeit &amp; Soziales&quot;","block_context":{"text":"Arbeit &amp; Soziales","link":"https:\/\/www.freidenker.org\/?cat=11"},"img":{"alt_text":"","src":"https:\/\/i0.wp.com\/www.freidenker.org\/fw17\/wp-content\/uploads\/2023\/09\/clothesline-2556058_800x450.jpg?fit=800%2C450&ssl=1&resize=350%2C200","width":350,"height":200,"srcset":"https:\/\/i0.wp.com\/www.freidenker.org\/fw17\/wp-content\/uploads\/2023\/09\/clothesline-2556058_800x450.jpg?fit=800%2C450&ssl=1&resize=350%2C200 1x, https:\/\/i0.wp.com\/www.freidenker.org\/fw17\/wp-content\/uploads\/2023\/09\/clothesline-2556058_800x450.jpg?fit=800%2C450&ssl=1&resize=525%2C300 1.5x, https:\/\/i0.wp.com\/www.freidenker.org\/fw17\/wp-content\/uploads\/2023\/09\/clothesline-2556058_800x450.jpg?fit=800%2C450&ssl=1&resize=700%2C400 2x"},"classes":[]},{"id":19477,"url":"https:\/\/www.freidenker.org\/?p=19477","url_meta":{"origin":16183,"position":5},"title":"Was ist los mit dem B\u00fcndnis Sahra Wagenknecht?","author":"Webredaktion","date":"9. Juli 2024","format":false,"excerpt":"Beitrag von Anneliese Fikentscher und Andreas Neumann und Widerspruch aus dem LV NRW Die Abgeordneten zweier Parteien sind dem Auftritt von Wolodymyr Selenskyj im Bundestag am 11. Juni 2024 ferngeblieben: AfD und BSW. Die AfD-Fraktion ist mit folgender Begr\u00fcndung ihrer Fraktionsvorsitzenden Alice Weidel und Tino Chrupalla dem Auftritt von Selenskyj\u2026","rel":"","context":"In &quot;Demokratie \u2013 Medien \u2013 Aufkl\u00e4rung&quot;","block_context":{"text":"Demokratie \u2013 Medien \u2013 Aufkl\u00e4rung","link":"https:\/\/www.freidenker.org\/?cat=12"},"img":{"alt_text":"","src":"https:\/\/i0.wp.com\/www.freidenker.org\/fw17\/wp-content\/uploads\/2024\/07\/Wagenknecht._Nein_zu_Kriegen_2023_03_800x450.jpg?fit=800%2C450&ssl=1&resize=350%2C200","width":350,"height":200,"srcset":"https:\/\/i0.wp.com\/www.freidenker.org\/fw17\/wp-content\/uploads\/2024\/07\/Wagenknecht._Nein_zu_Kriegen_2023_03_800x450.jpg?fit=800%2C450&ssl=1&resize=350%2C200 1x, https:\/\/i0.wp.com\/www.freidenker.org\/fw17\/wp-content\/uploads\/2024\/07\/Wagenknecht._Nein_zu_Kriegen_2023_03_800x450.jpg?fit=800%2C450&ssl=1&resize=525%2C300 1.5x, https:\/\/i0.wp.com\/www.freidenker.org\/fw17\/wp-content\/uploads\/2024\/07\/Wagenknecht._Nein_zu_Kriegen_2023_03_800x450.jpg?fit=800%2C450&ssl=1&resize=700%2C400 2x"},"classes":[]}],"_links":{"self":[{"href":"https:\/\/www.freidenker.org\/index.php?rest_route=\/wp\/v2\/posts\/16183","targetHints":{"allow":["GET"]}}],"collection":[{"href":"https:\/\/www.freidenker.org\/index.php?rest_route=\/wp\/v2\/posts"}],"about":[{"href":"https:\/\/www.freidenker.org\/index.php?rest_route=\/wp\/v2\/types\/post"}],"author":[{"embeddable":true,"href":"https:\/\/www.freidenker.org\/index.php?rest_route=\/wp\/v2\/users\/3"}],"replies":[{"embeddable":true,"href":"https:\/\/www.freidenker.org\/index.php?rest_route=%2Fwp%2Fv2%2Fcomments&post=16183"}],"version-history":[{"count":0,"href":"https:\/\/www.freidenker.org\/index.php?rest_route=\/wp\/v2\/posts\/16183\/revisions"}],"wp:featuredmedia":[{"embeddable":true,"href":"https:\/\/www.freidenker.org\/index.php?rest_route=\/wp\/v2\/media\/16184"}],"wp:attachment":[{"href":"https:\/\/www.freidenker.org\/index.php?rest_route=%2Fwp%2Fv2%2Fmedia&parent=16183"}],"wp:term":[{"taxonomy":"category","embeddable":true,"href":"https:\/\/www.freidenker.org\/index.php?rest_route=%2Fwp%2Fv2%2Fcategories&post=16183"},{"taxonomy":"post_tag","embeddable":true,"href":"https:\/\/www.freidenker.org\/index.php?rest_route=%2Fwp%2Fv2%2Ftags&post=16183"}],"curies":[{"name":"wp","href":"https:\/\/api.w.org\/{rel}","templated":true}]}}