{"id":16180,"date":"2023-05-27T03:30:40","date_gmt":"2023-05-27T01:30:40","guid":{"rendered":"https:\/\/www.freidenker.org\/?p=16180"},"modified":"2023-06-15T23:11:58","modified_gmt":"2023-06-15T21:11:58","slug":"diether-dehms-neues-album-arbeiterlieder-aus-mehr-als-anderthalb-jahrhunderten","status":"publish","type":"post","link":"https:\/\/www.freidenker.org\/?p=16180","title":{"rendered":"Diether Dehms neues Album \u2013 Arbeiterlieder aus mehr als anderthalb Jahrhunderten"},"content":{"rendered":"<div class=\"elementor-element elementor-element-76f27b4 elementor-widget elementor-widget-theme-post-content\" data-id=\"76f27b4\" data-element_type=\"widget\" data-widget_type=\"theme-post-content.default\">\n<div class=\"elementor-widget-container\">\n<p><em>Rezension von <strong>Eugen Zentner<\/strong><\/em><\/p>\n<p><span style=\"font-size: 10pt;\">Erstver\u00f6ffentlichung am 16.05.2023 auf <a href=\"https:\/\/paulbrandenburg.com\/rezension\/diether-dehms-neues-album-arbeiterlieder-aus-mehr-als-anderthalb-jahrhunderten\/\" target=\"_blank\" rel=\"noopener\">paulbrandenburg.com<\/a><\/span><\/p>\n<p><strong><em>Er ist nicht nur Politiker, sondern auch Musiker. Diether Dehm geh\u00f6rt zu jenen Alt-Linken, die die Werte der Arbeiterbewegung hochhalten. Sein neues Album bringt das ein weiteres Mal zum Ausdruck.<\/em><\/strong><\/p>\n<p>Die politische und kulturelle Linke befindet sich in einer Sinnkrise. Von den alten Glaubenss\u00e4tzen und \u00dcberzeugungen ist kaum noch etwas \u00fcbriggeblieben. Anstatt sich um die N\u00f6te der sozial Abgeh\u00e4ngten zu k\u00fcmmern, geht es um woke Identit\u00e4tspolitik. Gendersprache, Selbstbestimmungsrechte f\u00fcr Transsexuelle oder der Kampf gegen toxische M\u00e4nnlichkeit stehen h\u00f6her im Kurs als die Belange der Arbeiterschaft. Die antikapitalistische Haltung wurde durch Marktkonformit\u00e4t ersetzt. Doch es gibt sie noch \u2013 die Vertreter der alten Garde, Linke wie Diether Dehm. Der ehemalige Abgeordnete und Musikproduzent hat nun ein Album ver\u00f6ffentlicht, das die Werte der Arbeiterbewegung hochh\u00e4lt. \u201eDa\u00df ein gutes Deutschland bl\u00fche!\u201c hei\u00dft es und schl\u00e4gt einen Bogen vom 19. Jahrhundert bis zur Gegenwart.<\/p>\n<p>Vierzehn Lieder sind es insgesamt, teilweise \u00e4ltere St\u00fccke wie \u201eBet und Arbeit\u201c, das seine Urspr\u00fcnge im Jahr 1863 hat. Es markiert zugleich den Beginn der Arbeiterbewegung. Ferdinand Lassalle gab es damals beim Stardichter Georg Herwegh f\u00fcr die Gr\u00fcndung des \u201eAllgemeinen Deutschen Arbeitervereins\u201c als \u201eBundeslied\u201c in Auftrag. Zun\u00e4chst entstand es als Gedicht, wurde dann aber auch musikalisch umgesetzt. Hans von B\u00fclow komponierte zum Liedtext einen vierstimmigen Chorsatz mit unterschiedlicher Ausf\u00fchrung f\u00fcr alle Strophen. Um 1900 wurde es schlie\u00dflich vereinfacht. Peter Heinz komponierte f\u00fcr alle Strophen die gleiche Melodie. Auf Dehms Album findet sich eine moderne Version von Michael Letz, der das \u201eBundeslied\u201c zu einer Kantate umgestaltet hat.<\/p>\n<h5>Punk-Rock und Techno<\/h5>\n<p>J\u00fcngeren Datums ist das Lied \u201eIf I Had a Hammer\u201c. Pete Seeger und Lee Hays f\u00fchrten es zum ersten Mal am 3. Juni 1949 bei einer Fest-Veranstaltung der Kommunistischen Partei der USA in der Nicholas-Arena in New York auf. F\u00fcr \u201eDa\u00df ein gutes Deutschland bl\u00fche!\u201c wurde es als Punk-Rock-St\u00fcck arrangiert. Genauso energisch kommt das St\u00fcck \u201eDie s\u00fc\u00dfesten Fr\u00fcchte\u201c daher, das die Arbeiter- quasi mit der Techno-Bewegung verschmelzen l\u00e4sst. Der Electro-Sound peppt einen Text auf, den die italienische S\u00e4ngerin Nilla Pizzi 1952 schrieb. Peter Alexander hat das italienische Original sp\u00e4ter gecovert. 1983 erg\u00e4nzte Diether Dehm dessen Song um eine weitere Strophe, \u201ein der die \u201akleinen Tiere\u2018 doch an die s\u00fc\u00dfen Fr\u00fcchte rankommen\u201c, wie es in dem sehr informativen Booklet hei\u00dft. Nicht fehlen durfte auf dem Album auch der Klassiker \u201eBella Ciao\u201c. Dehm hat die deutsche \u00dcbersetzung neu geschrieben und den Urkonflikt wieder ins Zentrum ger\u00fcckt: einer sch\u00f6nen Frau \u201eAdieu\u201c sagen zu m\u00fcssen, um in den antifaschistischen Untergrund zu gehen.<\/p>\n<p>Zu den vielen Neuarrangements und Umgestaltungen der alten Arbeiterlieder bringt der Linken-Politiker seine Stimme zum Einsatz, mal kr\u00e4ftig, mal emotional. Einige Songs stammen aber auch aus seiner Feder, so wie das St\u00fcck \u201eWas wollen wir trinken, 7 Tage lang\u201c oder \u201eDas weiche Wasser\u201c. Letzteres war in den fr\u00fchen 1980ern als mitsingbares Lied f\u00fcr die damalige Friedensbewegung gedacht. Die Sto\u00dfrichtung \u00e4nderte sich jedoch, als Willy Brand das St\u00fcck h\u00f6rte. Er bat Dehm, das Lied f\u00fcr die 125-Jahr-Feier der SPD umzuschreiben. Daraufhin wurde es zun\u00e4chst auf allen Parteitagen gesungen, bis die sp\u00e4tere SPD-F\u00fchrung dieses Ritual abschaffte.<\/p>\n<p>Der wohl originellste Song auf dem Album ist \u201eIch nur sie\u201c, in dem es um eine Streikf\u00fchrerin von Amazon geht. Dehm verarbeitet darin anhand einer Auseinandersetzung die \u00fcblen Arbeitsbedingungen bei Amazon und dessen Ausbeutungspraxis, streut aber auch ein wenig Kritik am \u00fcbersteigerten Moralismus woker Ideologen hinein, indem er den Konflikt um das Modethema Sexismus gestaltet. Es ist eine poppige Ballade, deren Geschichte das Zeug zu einer modern-proletarischen Love-Story hat. Sie rundet ein Album ab, das die Stimmung der Arbeiterbewegung wiederbelebt und in ein Zeitalter voller Traditionsbr\u00fcche rettet. Erschienen ist es bei dem Online-Magazin NachDenkSeiten. Weil sie k\u00fcrzlich die Gemeinn\u00fctzigkeit aberkannt bekamen, soll ihnen der Erl\u00f6s des Tontr\u00e4gers in vollem Umfang zukommen.<\/p>\n<p><strong>Diether Dehm: \u201cDa\u00df ein gutes Deutschland bl\u00fche!\u201d<br \/>\n<\/strong>Bestellungen unter <a href=\"mailto:shop@weltnetz.tv\" target=\"_blank\" rel=\"noopener\">shop@weltnetz.tv<\/a><\/p>\n<hr \/>\n<p>Die Lieder der CD wurden am 30. April in einem Konzert vorgestellt. Siehe dazu folgende Beitr\u00e4ge:<\/p>\n<hr \/>\n<h4>Das etwas andere Pleisweiler Gespr\u00e4ch mit Liedern von Diether Dehm war ein Experiment \u2026<\/h4>\n<p>\u2026 und es ist ein sch\u00f6nes Experiment geworden. Am 30. April trafen sich Freundinnen und Freunde der Pleisweiler Gespr\u00e4che und an der Musik von Diether Dehm Interessierte. Diether Dehm trug \u2013 begleitet von Michael Letz und Frau \u2013 Lieder seiner neuen CD vor. Die Diskussion mit den Teilnehmern des Gespr\u00e4chs wurde erg\u00e4nzt von Peter Brandt und dem IG-Metaller und MdB Alexander Ulrich. Die Mischung aus Musik und Wortbeitr\u00e4gen hatte etwas sehr Angenehmes und Anregendes an sich. Der Erl\u00f6s beim Verkauf der CDs geht an die NachDenkSeiten. &#8230; Die CD gibt es unter der Mail-Adresse: <a href=\"mailto:shop@weltnetz.tv\">shop@weltnetz.tv<\/a> oder <a href=\"mailto:Arbeiterlieder@edition-musikant.de\">Arbeiterlieder@edition-musikant.de<\/a>. 15.- zuz\u00fcgl. 2.- Versand. Ab 5 bestellten CDs: 70.- Pauschal.<\/p>\n<p><span style=\"font-size: 10pt;\">(Text von <a href=\"https:\/\/www.nachdenkseiten.de\/?p=97125\" target=\"_blank\" rel=\"noopener\">nachdenkseiten.de<\/a>)<\/span><\/p>\n<hr \/>\n<h4 class=\"style-scope ytd-watch-metadata\">CD-Ver\u00f6ffentlichung: \u201eDa\u00df ein gutes Deutschland bl\u00fche! \u2013 Arbeiterlieder von damals und jetzt\u201c<\/h4>\n<p><span class=\"yt-core-attributed-string yt-core-attributed-string--white-space-pre-wrap\">In der Pfalz fand am 30. April 2023 das Pleisweiler Konzert statt\u2013 eine Abwandlung der legend\u00e4ren \u201ePleisweiler Gespr\u00e4che\u201c. Mit Albrecht M\u00fcller, Alexander Ullrich, Peter Brandt, Michael und Welislawa Letz und Diether Dehm war eine echte Aufbauarbeit f\u00fcr revolution\u00e4r-\u00e4sthetischen Verstand. in diesen finsteren Zeiten! Sicherlich, wie die stehende Ovation am Ende zeigt, nicht nur f\u00fcr uns auf der B\u00fchne. Die CD ist ab jetzt bestellbar (Erl\u00f6s geht an die Nachdenkseiten) <a href=\"mailto:shop@Weltnetz.tv\">shop@Weltnetz.tv<\/a> Konzerte sind buchbar \u00fcber <a href=\"mailto:arbeiterlieder@edition-musikant.de\">arbeiterlieder@edition-musikant.de<\/a><\/span><\/p>\n<p><span style=\"font-size: 10pt;\">(Text der Video-Ver\u00f6ffentlichung von <a href=\"https:\/\/www.youtube.com\/watch?v=ILbnv8yRl90\" target=\"_blank\" rel=\"noopener\">weltnetz.tv<\/a> auf YouTube)<\/span><\/p>\n<div class=\"jetpack-video-wrapper\"><span class=\"embed-youtube\" style=\"text-align:center; display: block;\"><iframe loading=\"lazy\" class=\"youtube-player\" width=\"800\" height=\"450\" src=\"https:\/\/www.youtube.com\/embed\/ILbnv8yRl90?version=3&#038;rel=1&#038;showsearch=0&#038;showinfo=1&#038;iv_load_policy=1&#038;fs=1&#038;hl=de-DE&#038;autohide=2&#038;wmode=transparent\" allowfullscreen=\"true\" style=\"border:0;\" sandbox=\"allow-scripts allow-same-origin allow-popups allow-presentation allow-popups-to-escape-sandbox\"><\/iframe><\/span><\/div>\n<p><span style=\"font-size: 10pt;\">Direktlink zum Video von weltnetz.tv auf YouTube: <a href=\"https:\/\/www.youtube.com\/watch?v=ILbnv8yRl90\" target=\"_blank\" rel=\"noopener\">https:\/\/www.youtube.com\/watch?v=ILbnv8yRl90<\/a><\/span><\/p>\n<hr \/>\n<p><span style=\"font-size: 10pt;\">Bild oben: CD-Cover von Diether Dehm<\/span><\/p>\n<\/div>\n<\/div>\n","protected":false},"excerpt":{"rendered":"<p><b>Rezension von Eugen Zentner<\/b> sowie ein <b>Video von weltnetz.tv<\/b><br \/>\nDie politische und kulturelle Linke befindet sich in einer Sinnkrise. Von den alten Glaubenss\u00e4tzen und \u00dcberzeugungen ist kaum noch etwas \u00fcbriggeblieben. Anstatt sich um die N\u00f6te der sozial Abgeh\u00e4ngten zu k\u00fcmmern, geht es um woke Identit\u00e4tspolitik. Gendersprache, Selbstbestimmungsrechte f\u00fcr Transsexuelle oder der Kampf gegen toxische M\u00e4nnlichkeit stehen h\u00f6her im Kurs als die Belange der Arbeiterschaft. Die antikapitalistische Haltung wurde durch Marktkonformit\u00e4t ersetzt. Doch es gibt sie noch \u2013 die Vertreter der alten Garde, Linke wie Diether Dehm. Der ehemalige Abgeordnete und Musikproduzent hat nun ein Album ver\u00f6ffentlicht, das die Werte der Arbeiterbewegung hochh\u00e4lt. <\/p>\n","protected":false},"author":3,"featured_media":16181,"comment_status":"closed","ping_status":"closed","sticky":false,"template":"","format":"standard","meta":{"colormag_page_container_layout":"default_layout","colormag_page_sidebar_layout":"default_layout","advanced_seo_description":"","jetpack_seo_html_title":"","jetpack_seo_noindex":false,"jetpack_post_was_ever_published":false,"footnotes":""},"categories":[913],"tags":[1057,43,1030,939,1007,825,1810,1505],"class_list":["post-16180","post","type-post","status-publish","format-standard","has-post-thumbnail","hentry","category-kultur-kunst","tag-arbeiterbewegung","tag-friedensbewegung","tag-linke","tag-musik","tag-politischer-streik","tag-politisches-lied","tag-sinnkrise","tag-sozialabbau"],"jetpack_featured_media_url":"https:\/\/i0.wp.com\/www.freidenker.org\/fw17\/wp-content\/uploads\/2023\/05\/dehm_arbeiterlieder_800x450.jpg?fit=800%2C450&ssl=1","jetpack_shortlink":"https:\/\/wp.me\/p9stpK-4cY","jetpack-related-posts":[{"id":16183,"url":"https:\/\/www.freidenker.org\/?p=16183","url_meta":{"origin":16180,"position":0},"title":"Bundestagsabgeordnete blickt von \u201eganz unten\u201c","author":"Webredaktion","date":"27. Mai 2023","format":false,"excerpt":"Rezension von Diether Dehm zu \u017baklin Nasti\u0107: \"Aus die Maus \u2013 Der Blick von unten auf die da oben\" Was macht DAS mit uns?\u201c ist ein bl\u00f6der Neusprech. Als ob \u201eDAS\u201c ein h\u00f6heres Wesen sei, nichts Menschgemachtes! Vom Auflehnen einer Abgeordneten gegen \u201eDAS\u201c Bundestag erz\u00e4hlt dieses Buch ziemlich authentisch, oft\u2026","rel":"","context":"In &quot;Demokratie \u2013 Medien \u2013 Aufkl\u00e4rung&quot;","block_context":{"text":"Demokratie \u2013 Medien \u2013 Aufkl\u00e4rung","link":"https:\/\/www.freidenker.org\/?cat=12"},"img":{"alt_text":"","src":"https:\/\/i0.wp.com\/www.freidenker.org\/fw17\/wp-content\/uploads\/2023\/05\/Nastic_800x450.jpg?fit=800%2C450&ssl=1&resize=350%2C200","width":350,"height":200,"srcset":"https:\/\/i0.wp.com\/www.freidenker.org\/fw17\/wp-content\/uploads\/2023\/05\/Nastic_800x450.jpg?fit=800%2C450&ssl=1&resize=350%2C200 1x, https:\/\/i0.wp.com\/www.freidenker.org\/fw17\/wp-content\/uploads\/2023\/05\/Nastic_800x450.jpg?fit=800%2C450&ssl=1&resize=525%2C300 1.5x, https:\/\/i0.wp.com\/www.freidenker.org\/fw17\/wp-content\/uploads\/2023\/05\/Nastic_800x450.jpg?fit=800%2C450&ssl=1&resize=700%2C400 2x"},"classes":[]},{"id":3204,"url":"https:\/\/www.freidenker.org\/?p=3204","url_meta":{"origin":16180,"position":1},"title":"Linker Liedersommer gegen Ausbeutung und Krieg","author":"Webredaktion","date":"18. Juni 2010","format":false,"excerpt":"Dokumentiert: Interviews und Berichte vom Linken Liedersommer 2010 von jW und UZ Der linke Liedersommer auf der legend\u00e4ren Burg Waldeck im Hunsr\u00fcck stand am Wochenende unter dem Motto \u00bbLinke Lieder gegen Ausbeutung und Krieg\u00ab. In sp\u00e4teren Stunden mangelte es nicht an Lagerfeuerromantik, gepr\u00e4gt aber war die Veranstaltung von Aufkl\u00e4rungs- und\u2026","rel":"","context":"In &quot;Kultur &amp; Kunst&quot;","block_context":{"text":"Kultur &amp; Kunst","link":"https:\/\/www.freidenker.org\/?cat=913"},"img":{"alt_text":"","src":"https:\/\/i0.wp.com\/www.freidenker.org\/fw17\/wp-content\/uploads\/2010\/06\/2010-06-12-1-0151_800x445.jpg?fit=800%2C445&ssl=1&resize=350%2C200","width":350,"height":200,"srcset":"https:\/\/i0.wp.com\/www.freidenker.org\/fw17\/wp-content\/uploads\/2010\/06\/2010-06-12-1-0151_800x445.jpg?fit=800%2C445&ssl=1&resize=350%2C200 1x, https:\/\/i0.wp.com\/www.freidenker.org\/fw17\/wp-content\/uploads\/2010\/06\/2010-06-12-1-0151_800x445.jpg?fit=800%2C445&ssl=1&resize=525%2C300 1.5x, https:\/\/i0.wp.com\/www.freidenker.org\/fw17\/wp-content\/uploads\/2010\/06\/2010-06-12-1-0151_800x445.jpg?fit=800%2C445&ssl=1&resize=700%2C400 2x"},"classes":[]},{"id":4968,"url":"https:\/\/www.freidenker.org\/?p=4968","url_meta":{"origin":16180,"position":2},"title":"Skandal im NATO-Sperrbezirk","author":"Webredaktion","date":"7. April 2018","format":false,"excerpt":"Diether Dehm sei Dank: Seine Rede beim Berliner Ostermarsch sorgte daf\u00fcr, dass die Medienberichterstattung nicht auf Lokalnachrichten oder \u00fcberregional den pflichtschuldigen Nachdruck von Agenturmeldungen beschr\u00e4nkt blieb. ... Voila, da haben wir den Skandal. Was erregt nun bundesweit so viele Gem\u00fcter? Nein, nicht die \u00c4u\u00dferungen von Herrn Maas zu Russland. Nein,\u2026","rel":"","context":"In &quot;Frieden - Antifaschismus - Solidarit\u00e4t&quot;","block_context":{"text":"Frieden - Antifaschismus - Solidarit\u00e4t","link":"https:\/\/www.freidenker.org\/?cat=13"},"img":{"alt_text":"","src":"https:\/\/i0.wp.com\/www.freidenker.org\/fw17\/wp-content\/uploads\/2018\/04\/dieter_dehm_om2018_800x445.jpg?fit=800%2C445&ssl=1&resize=350%2C200","width":350,"height":200,"srcset":"https:\/\/i0.wp.com\/www.freidenker.org\/fw17\/wp-content\/uploads\/2018\/04\/dieter_dehm_om2018_800x445.jpg?fit=800%2C445&ssl=1&resize=350%2C200 1x, https:\/\/i0.wp.com\/www.freidenker.org\/fw17\/wp-content\/uploads\/2018\/04\/dieter_dehm_om2018_800x445.jpg?fit=800%2C445&ssl=1&resize=525%2C300 1.5x, https:\/\/i0.wp.com\/www.freidenker.org\/fw17\/wp-content\/uploads\/2018\/04\/dieter_dehm_om2018_800x445.jpg?fit=800%2C445&ssl=1&resize=700%2C400 2x"},"classes":[]},{"id":11451,"url":"https:\/\/www.freidenker.org\/?p=11451","url_meta":{"origin":16180,"position":3},"title":"Das zwangsl\u00e4ufige Debakel der Linken","author":"Webredaktion","date":"24. Oktober 2021","format":false,"excerpt":"Ein Kommentar von Rainer Rupp. ... In den letzten Tagen bin ich immer wieder gefragt worden, was in der \u201eLinken\u201c los ist, warum operiert die F\u00fchrung immer wieder derart selbstzerst\u00f6rerisch, sodass man schon Absicht dahinter vermuten k\u00f6nnte. Gefragt wird auch, warum die wenigen noch in der Partei verblieben Pers\u00f6nlichkeiten, die\u2026","rel":"","context":"In &quot;Demokratie \u2013 Medien \u2013 Aufkl\u00e4rung&quot;","block_context":{"text":"Demokratie \u2013 Medien \u2013 Aufkl\u00e4rung","link":"https:\/\/www.freidenker.org\/?cat=12"},"img":{"alt_text":"","src":"https:\/\/i0.wp.com\/www.freidenker.org\/fw17\/wp-content\/uploads\/2021\/10\/Linke_Wissler_Jalousie_800x450.jpg?fit=800%2C450&ssl=1&resize=350%2C200","width":350,"height":200,"srcset":"https:\/\/i0.wp.com\/www.freidenker.org\/fw17\/wp-content\/uploads\/2021\/10\/Linke_Wissler_Jalousie_800x450.jpg?fit=800%2C450&ssl=1&resize=350%2C200 1x, https:\/\/i0.wp.com\/www.freidenker.org\/fw17\/wp-content\/uploads\/2021\/10\/Linke_Wissler_Jalousie_800x450.jpg?fit=800%2C450&ssl=1&resize=525%2C300 1.5x, https:\/\/i0.wp.com\/www.freidenker.org\/fw17\/wp-content\/uploads\/2021\/10\/Linke_Wissler_Jalousie_800x450.jpg?fit=800%2C450&ssl=1&resize=700%2C400 2x"},"classes":[]},{"id":6511,"url":"https:\/\/www.freidenker.org\/?p=6511","url_meta":{"origin":16180,"position":4},"title":"\u201eSchwarz-gr\u00fcne Katze in rot-gr\u00fcnem Sack\u201c","author":"Webredaktion","date":"4. Juni 2019","format":false,"excerpt":"Interview von Marcel Joppa mit Dieter Dehm Die Europawahl 2019 hat die deutsche Parteienlandschaft durchgesch\u00fcttelt. W\u00e4hrend CDU und SPD mit tollk\u00fchnen Pl\u00e4nen reagieren, geht auch die Linke intern auf Fehlersuche. Der Bundestagsabgeordnete Diether Dehm warnt in dem Zusammenhang vor einer Ann\u00e4herung an die Gr\u00fcnen. Auch macht er seiner linken Parteif\u00fchrung\u2026","rel":"","context":"In &quot;Demokratie \u2013 Medien \u2013 Aufkl\u00e4rung&quot;","block_context":{"text":"Demokratie \u2013 Medien \u2013 Aufkl\u00e4rung","link":"https:\/\/www.freidenker.org\/?cat=12"},"img":{"alt_text":"","src":"https:\/\/i0.wp.com\/www.freidenker.org\/fw17\/wp-content\/uploads\/2019\/06\/cat-1223188_800x445.jpg?fit=800%2C445&ssl=1&resize=350%2C200","width":350,"height":200,"srcset":"https:\/\/i0.wp.com\/www.freidenker.org\/fw17\/wp-content\/uploads\/2019\/06\/cat-1223188_800x445.jpg?fit=800%2C445&ssl=1&resize=350%2C200 1x, https:\/\/i0.wp.com\/www.freidenker.org\/fw17\/wp-content\/uploads\/2019\/06\/cat-1223188_800x445.jpg?fit=800%2C445&ssl=1&resize=525%2C300 1.5x, https:\/\/i0.wp.com\/www.freidenker.org\/fw17\/wp-content\/uploads\/2019\/06\/cat-1223188_800x445.jpg?fit=800%2C445&ssl=1&resize=700%2C400 2x"},"classes":[]},{"id":4683,"url":"https:\/\/www.freidenker.org\/?p=4683","url_meta":{"origin":16180,"position":5},"title":"Bratanovic in der Offensive?","author":"Webredaktion","date":"1. September 2015","format":false,"excerpt":"Beitrag von Klaus Hartmann Am 03.08.15 hat Daniel Bratanovic in der \u201ejungen Welt\u201c ein Pamphlet mit dem Titel \"Aus der Defensive - Wolfgang Gehrckes Schrift zum Antisemitismusvorwurf gegen Linke\" ver\u00f6ffentlicht. Die gew\u00e4hlte Form einer Buchbesprechung erscheint als Vorwand f\u00fcr eine Abrechnung, denn \u00fcber den Inhalt des Buches erf\u00e4hrt man wenig\u2026","rel":"","context":"In &quot;Demokratie \u2013 Medien \u2013 Aufkl\u00e4rung&quot;","block_context":{"text":"Demokratie \u2013 Medien \u2013 Aufkl\u00e4rung","link":"https:\/\/www.freidenker.org\/?cat=12"},"img":{"alt_text":"","src":"https:\/\/i0.wp.com\/www.freidenker.org\/fw17\/wp-content\/uploads\/2015\/12\/Klartext_Bratanovic_v2.jpg?fit=800%2C445&ssl=1&resize=350%2C200","width":350,"height":200,"srcset":"https:\/\/i0.wp.com\/www.freidenker.org\/fw17\/wp-content\/uploads\/2015\/12\/Klartext_Bratanovic_v2.jpg?fit=800%2C445&ssl=1&resize=350%2C200 1x, https:\/\/i0.wp.com\/www.freidenker.org\/fw17\/wp-content\/uploads\/2015\/12\/Klartext_Bratanovic_v2.jpg?fit=800%2C445&ssl=1&resize=525%2C300 1.5x, https:\/\/i0.wp.com\/www.freidenker.org\/fw17\/wp-content\/uploads\/2015\/12\/Klartext_Bratanovic_v2.jpg?fit=800%2C445&ssl=1&resize=700%2C400 2x"},"classes":[]}],"_links":{"self":[{"href":"https:\/\/www.freidenker.org\/index.php?rest_route=\/wp\/v2\/posts\/16180","targetHints":{"allow":["GET"]}}],"collection":[{"href":"https:\/\/www.freidenker.org\/index.php?rest_route=\/wp\/v2\/posts"}],"about":[{"href":"https:\/\/www.freidenker.org\/index.php?rest_route=\/wp\/v2\/types\/post"}],"author":[{"embeddable":true,"href":"https:\/\/www.freidenker.org\/index.php?rest_route=\/wp\/v2\/users\/3"}],"replies":[{"embeddable":true,"href":"https:\/\/www.freidenker.org\/index.php?rest_route=%2Fwp%2Fv2%2Fcomments&post=16180"}],"version-history":[{"count":0,"href":"https:\/\/www.freidenker.org\/index.php?rest_route=\/wp\/v2\/posts\/16180\/revisions"}],"wp:featuredmedia":[{"embeddable":true,"href":"https:\/\/www.freidenker.org\/index.php?rest_route=\/wp\/v2\/media\/16181"}],"wp:attachment":[{"href":"https:\/\/www.freidenker.org\/index.php?rest_route=%2Fwp%2Fv2%2Fmedia&parent=16180"}],"wp:term":[{"taxonomy":"category","embeddable":true,"href":"https:\/\/www.freidenker.org\/index.php?rest_route=%2Fwp%2Fv2%2Fcategories&post=16180"},{"taxonomy":"post_tag","embeddable":true,"href":"https:\/\/www.freidenker.org\/index.php?rest_route=%2Fwp%2Fv2%2Ftags&post=16180"}],"curies":[{"name":"wp","href":"https:\/\/api.w.org\/{rel}","templated":true}]}}