{"id":16142,"date":"2023-05-27T03:31:12","date_gmt":"2023-05-27T01:31:12","guid":{"rendered":"https:\/\/www.freidenker.org\/?p=16142"},"modified":"2023-06-15T23:12:19","modified_gmt":"2023-06-15T21:12:19","slug":"freidenker-gegen-us-dominierte-weltordnung","status":"publish","type":"post","link":"https:\/\/www.freidenker.org\/?p=16142","title":{"rendered":"Freidenker gegen US-dominierte Weltordnung"},"content":{"rendered":"<h4><a id=\"top\"><\/a>Bericht vom 50. Kongress der Weltunion der Freidenker<\/h4>\n<hr \/>\n<p><span style=\"text-decoration: underline;\">Navigation<\/span><\/p>\n<p>\u2193 <a href=\"#Bericht\"><strong>Bericht\u00a0<\/strong><\/a><\/p>\n<p>\u2193 <a href=\"#Galerie\"><strong>Galerie<\/strong><\/a><\/p>\n<p>\u2193\u00a0<a href=\"#Hartmann\">Rede von Klaus Hartmann<\/a>: <strong>\u201eZeitenwende\u201c zwischen Krieg und Frieden<\/strong><\/p>\n<p>\u2193\u00a0<a href=\"#Celan\">Gedicht von\u00a0Paul Celan<\/a>: <strong>Espenbaum<\/strong><\/p>\n<p>\u2193 <a href=\"#Krsljanin\">Rede von Vladimir Kr\u0161ljanin<\/a>: <strong>Von der NATO-Aggression gegen Jugoslawien im Jahr 1999 zum Krieg gegen Russland<\/strong><\/p>\n<p>\u2193 <a href=\"#Bahlo\">Rede von Sebastian Bahlo<\/a>: <strong><span dir=\"ltr\" role=\"presentation\">Was sind die gegenw\u00e4rtigen Aufgaben der Freidenkerbewegung?<\/span><\/strong><\/p>\n<hr \/>\n<h4><a id=\"Bericht\"><\/a>Bericht<\/h4>\n<p>Am 18. Mai 2023 hatte die Weltunion der Freidenker zu ihrem 50. Kongress nach Frankfurt am Main eingeladen. Klaus Hartmann, Pr\u00e4sident der Weltunion, begr\u00fc\u00dfte \u00fcber 80 Teilnehmer im B\u00fcrgerhaus Bornheim und wies darauf hin, dass die Freidenker heute in der Tradition der 1880 gegr\u00fcndeten Freidenker-Internationale st\u00fcnden, aber die damals zentrale Auseinandersetzung mit Religion und Kirche sei vom Kampf gegen die Manipulation und Gleichschaltung durch die \u201ewestlichen\u201c Medien abgel\u00f6st worden. Manche fr\u00fcheren Weggef\u00e4hrten huldigten immer noch dem \u201eKirchenkampf\u201c, andere wandelten sich zu \u201eHumanisten\u201c, um in der Gesellschaft wohlgelitten zu sein, manche streben als \u201eFreie Tr\u00e4ger\u201c im Sozialbereich nach der Finanzierung aus Steuergeldern, und schlie\u00dflich g\u00e4be es gar solche, die das Nachbeten von NATO-Propaganda als \u201ezeitgem\u00e4\u00dfes Freidenkertum\u201c verst\u00fcnden.<\/p>\n<p>Zum Konferenzthema \u201e<strong>Freies Denken und die neue multipolare Weltordnung<\/strong>\u201c sprachen Rednerinnen und Redner aus Deutschland, \u00d6sterreich, Serbien, Luxemburg und der Schweiz, besondere Akzente setzten allerdings auch die kulturellen Beitr\u00e4ge: Als demonstratives Zeichen gegen die Verbannung russischer Kultur spielte die Pianistin Ekaterina Frank Klavierst\u00fccke von Sergej Rachmaninow und sang u.a. das Lied von den Kranichen. Der S\u00e4nger Ernesto Schwarz, bekannt f\u00fcr neue Texte zu bekannten Liedern, trug neben anderen \u201eDie Russen sind an allem schuld\u201c vor, und der britische S\u00e4nger Guy Dawson begeisterte besonders mit seinem \u201eAmi go home!\u201c.<\/p>\n<p><strong><img data-recalc-dims=\"1\" loading=\"lazy\" decoding=\"async\" data-attachment-id=\"16174\" data-permalink=\"https:\/\/www.freidenker.org\/?attachment_id=16174\" data-orig-file=\"https:\/\/i0.wp.com\/www.freidenker.org\/fw17\/wp-content\/uploads\/2023\/05\/WUF-Kongress_2023_vig_Hartmann_2.jpg?fit=200%2C279&amp;ssl=1\" data-orig-size=\"200,279\" data-comments-opened=\"0\" data-image-meta=\"{&quot;aperture&quot;:&quot;0&quot;,&quot;credit&quot;:&quot;&quot;,&quot;camera&quot;:&quot;&quot;,&quot;caption&quot;:&quot;&quot;,&quot;created_timestamp&quot;:&quot;0&quot;,&quot;copyright&quot;:&quot;&quot;,&quot;focal_length&quot;:&quot;0&quot;,&quot;iso&quot;:&quot;0&quot;,&quot;shutter_speed&quot;:&quot;0&quot;,&quot;title&quot;:&quot;&quot;,&quot;orientation&quot;:&quot;1&quot;}\" data-image-title=\"WUF-Kongress_2023_vig_Hartmann_2\" data-image-description=\"\" data-image-caption=\"\" data-large-file=\"https:\/\/i0.wp.com\/www.freidenker.org\/fw17\/wp-content\/uploads\/2023\/05\/WUF-Kongress_2023_vig_Hartmann_2.jpg?fit=200%2C279&amp;ssl=1\" class=\"wp-image-16174 size-full alignleft\" src=\"https:\/\/i0.wp.com\/www.freidenker.org\/fw17\/wp-content\/uploads\/2023\/05\/WUF-Kongress_2023_vig_Hartmann_2.jpg?resize=200%2C279&#038;ssl=1\" alt=\"\" width=\"200\" height=\"279\" \/>Klaus Hartmann<\/strong> ging in seiner Rede \u201e\u201aZeitenwende\u2018 zwischen Krieg und Frieden\u201c auf den 8. und 9. Mai ein: In diesem Jahr 2023 sind die Stimmen jener besonders vernehmbar geworden, die zwar nicht die Befreiung vom Faschismus als solche \u00f6ffentlich bedauern, die aber insbesondere der Sowjetunion ihre Befreiungstat ver\u00fcbeln. In vielen St\u00e4dten, allen voran in der deutschen Hauptstadt Berlin, waren antifaschistische Symbole wie das St. Georgsband verboten, sogar die sowjetische Fahne und die Fahne des Sieges, die Fahne der Russischen F\u00f6deration \u2013 aber selbstverst\u00e4ndlich nicht die ukrainische Fahne. Fahnen des Kriegsverb\u00fcndeten werden nat\u00fcrlich hochgehalten, Jugendliche mit russischen Fahnen am Sowjetischen Ehrenmal in Berlin-Treptow wurden von Polizisten gejagt und zur Strecke gebracht.\u201c<\/p>\n<p>Dies nannte er eine \u201eeiner Diktatur w\u00fcrdigen Praxis\u201c, die auch in der ber\u00fcchtigten \u201eZeitenwende-Rede\u201c von Bundeskanzler Scholz wurzele, in der der Kriegsbeginn in der Ukraine von 2014 auf 2022 verlegt wurde, um Russland eines \u201eAngriffskriegs\u201c beschuldigen zu k\u00f6nnen. \u201eDie deutschen Faschisten stellten das H\u00f6ren von Feindsendern unter Strafe, die EU verbietet russische Medien wegen \u201aDesinformation\u2018. Der \u201eVolksempf\u00e4nger\u201c der Nazis war vergleichsweise primitiv gegen\u00fcber der transatlantischen Gleichschaltung im fadenscheinigen Gewand des Pluralismus. Das s\u00e4chsische Elbe Tal um Dresden wurde fr\u00fcher sp\u00f6ttisch \u201aTal der Ahnungslosen\u2018 genannt, weil dort kein \u201aWestfernsehen\u2018 zu empfangen war. Heute gibt es vom Bodensee bis R\u00fcgen nur noch \u201aWestfernsehen\u2018 \u2013 damit haben wir den Titel \u201aLand der Ahnungslosen\u2018 verdient.<\/p>\n<p>Wenn Ursula von der Leyen verk\u00fcndet, die Ukraine k\u00e4mpfe f\u00fcr \u201eunsere Werte\u201c, stehen in der EU m\u00f6glicherweise auch das Verbot aller oppositioneller Parteien und Medien wie in der Ukraine bevor, die Erkl\u00e4rung von Nazis zu Nationalhelden und der Abriss von Denkm\u00e4lern f\u00fcr die Befreier vom Faschismus. W\u00e4hrend Kriegsgegner als \u201erechts\u201c oder \u201eNazis\u201c beschimpft werden, wird im EU-Parlament wie von Kanzler Scholz der Faschisten-Gru\u00df \u201eSlawa Ukraini\u201c ausgebracht. Diese Linie der Geschichtsverf\u00e4lschung wurde in der Resolution des EU-Parlaments sichtbar, als der Sowjetunion mindestens die gleiche Schuld wie Hitlerdeutschland am 2. Weltkrieg zugewiesen wurde, und als der Deutsche Bundestag die Hungersnot in der Sowjetunion zum \u201eV\u00f6lkermord an der Ukraine\u201c umgef\u00e4lschte. Die Autorin Marie Rotkopf hat in ihrem Essay \u201eDie deutsche Mentalit\u00e4t und der Krieg\u201c diesen Geschichtsrevisionismus auf den Punkt gebracht: \u201eBald wird es nicht mehr die Rote Armee sein, die Auschwitz befreit hat, sondern das Asow-Bataillon\u201c.<\/p>\n<p>Klaus Hartmann: \u201eUnterst\u00fctzen wir den Kampf gegen den Neofaschismus, und erteilen wir den Pseudoantifaschisten von der Transatlantifa eine klare Absage. Ringen wir um den Zusammenschluss mit den Bewegungen f\u00fcr Demokratie und f\u00fcr Meinungsfreiheit. St\u00e4rken wir die Friedenskr\u00e4fte, die Internationale Solidarit\u00e4t, die Zusammenarbeit zwischen den V\u00f6lkern f\u00fcr die multipolare Weltordnung auf Grundlage der Gleichheit und Souver\u00e4nit\u00e4t. Verteidigen wir die Solidarit\u00e4t und Freundschaft mit der Russischen F\u00f6deration und der Volksrepublik China!\u201c<\/p>\n<p><strong><img data-recalc-dims=\"1\" loading=\"lazy\" decoding=\"async\" data-attachment-id=\"16169\" data-permalink=\"https:\/\/www.freidenker.org\/?attachment_id=16169\" data-orig-file=\"https:\/\/i0.wp.com\/www.freidenker.org\/fw17\/wp-content\/uploads\/2023\/05\/WUF-Kongress_2023_vig_Krisljanin.jpg?fit=200%2C287&amp;ssl=1\" data-orig-size=\"200,287\" data-comments-opened=\"0\" data-image-meta=\"{&quot;aperture&quot;:&quot;0&quot;,&quot;credit&quot;:&quot;&quot;,&quot;camera&quot;:&quot;&quot;,&quot;caption&quot;:&quot;&quot;,&quot;created_timestamp&quot;:&quot;0&quot;,&quot;copyright&quot;:&quot;&quot;,&quot;focal_length&quot;:&quot;0&quot;,&quot;iso&quot;:&quot;0&quot;,&quot;shutter_speed&quot;:&quot;0&quot;,&quot;title&quot;:&quot;&quot;,&quot;orientation&quot;:&quot;1&quot;}\" data-image-title=\"WUF-Kongress_2023_vig_Krisljanin\" data-image-description=\"\" data-image-caption=\"\" data-large-file=\"https:\/\/i0.wp.com\/www.freidenker.org\/fw17\/wp-content\/uploads\/2023\/05\/WUF-Kongress_2023_vig_Krisljanin.jpg?fit=200%2C287&amp;ssl=1\" class=\"alignleft wp-image-16169 size-full\" src=\"https:\/\/i0.wp.com\/www.freidenker.org\/fw17\/wp-content\/uploads\/2023\/05\/WUF-Kongress_2023_vig_Krisljanin.jpg?resize=200%2C287&#038;ssl=1\" alt=\"\" width=\"200\" height=\"287\" \/>Vladimir Kr\u0161ljanin<\/strong> aus Belgrad spannte den Bogen \u201eVon der NATO-Aggression 1999 gegen Jugoslawien zum Krieg gegen Russland\u201c. Angesichts zweier europ\u00e4ischer Kriege fragte er, was das so Besondere an den Russen und Serben und neuerdings auch an den Chinesen sei, dass sie zur Hauptzielscheibe der Anti-Zivilisation werden. Dabei verwies er auf die gemeinsame Erfahrung im antifaschistischen Kampf und beim Aufbau des Sozialismus, aber auch auf die spirituellen Quellen des orthodoxen Christentums und des Konfuzianismus sowie auf die Geschichte des byzantinischen Reiches, das der Westen zu zerst\u00f6ren trachtete.<\/p>\n<p>Nach Kr\u0161ljanin hei\u00dft es \u201ef\u00fcr die westlichen Megakriminellen: entweder wir regieren die Welt \u2013 oder gar nichts! Erinnern Sie sich nur an die vielen Millionen Menschen, die in den Kreuzz\u00fcgen, Kolonialkriegen, Weltkriegen, US\/NATO-Aggressionen im Nahen Osten bis hin zu den j\u00fcngsten europ\u00e4ischen Kriegen gegen die Serben und Russen get\u00f6tet wurden. Mit der F\u00fchrung der USA in der westlichen Welt hat sich der Westen vom wichtigsten zerst\u00f6rerischen und aggressiven Faktor zu einer b\u00f6sartigen Macht entwickelt.\u201c Mit Blick auf Serbien hob er hervor, \u201ewir blieben unbesiegt, da wir von Slobodan Milo\u0161evi\u0107 gef\u00fchrt wurden \u2013 einem Mann, der ein Symbol des Antiglobalismus war, wie er von Alexander Sinowjew charakterisiert wurde. Die Politik Serbiens unter Milo\u0161evi\u0107 entsprach in jeder Hinsicht der Politik, die Russland und China heute betreiben \u2013 der Politik der Neuen Welt.\u201c<\/p>\n<p>Der Stellvertreterkrieg in der ehemaligen Ukraine sei der letzte und verzweifelte Versuch der Megakriminellen, mit den gleichen Methoden, aber ohne Aussicht auf Erfolg, die Geschichte umzudrehen. Es g\u00e4be nur zwei m\u00f6gliche Ergebnisse: der Sieg Russlands (und der Neuen Welt) oder die Vernichtung des Lebens auf der Erde. Doch Russland, China und die Mehrheit der Menschheit werden die westliche aggressive Hegemonie beseitigen und ihre Verbrechen bestrafen.<\/p>\n<p>Vladimir Kr\u0161ljanin: \u201eDer gegenw\u00e4rtige Krieg zeigt deutlich, dass der Geschichtsrevisionismus ein Werkzeug der Faschisten, ihrer Komplizen und F\u00f6rderer ist, f\u00fcr das es keine Rechtfertigung geben kann. Deshalb m\u00fcssen wir uns organisieren, k\u00e4mpfen und die neue Welt begr\u00fc\u00dfen &#8211; eine gerechte, multipolare und multilaterale Welt, die auf dem V\u00f6lkerrecht, Gleichheit, Zusammenarbeit, sozialer Gerechtigkeit und wahrer Demokratie beruht. Und das ist die Schicksalsgemeinschaft der Menschheit. Wir laden die westlichen V\u00f6lker, die immer mehr zu Opfern ihrer Oligarchie werden, in die Neue Welt ein und w\u00fcnschen ihnen eine baldige Befreiung! Stehen wir also zusammen f\u00fcr den schnellen, totalen und endg\u00fcltigen Sieg der Neuen Welt \u00fcber Faschismus und Antihumanismus!\u201c<\/p>\n<p><img data-recalc-dims=\"1\" loading=\"lazy\" decoding=\"async\" data-attachment-id=\"16170\" data-permalink=\"https:\/\/www.freidenker.org\/?attachment_id=16170\" data-orig-file=\"https:\/\/i0.wp.com\/www.freidenker.org\/fw17\/wp-content\/uploads\/2023\/05\/WUF-Kongress_2023_vig_Jacoby.jpg?fit=200%2C253&amp;ssl=1\" data-orig-size=\"200,253\" data-comments-opened=\"0\" data-image-meta=\"{&quot;aperture&quot;:&quot;5.2&quot;,&quot;credit&quot;:&quot;&quot;,&quot;camera&quot;:&quot;FinePix S2960&quot;,&quot;caption&quot;:&quot;&quot;,&quot;created_timestamp&quot;:&quot;1684411520&quot;,&quot;copyright&quot;:&quot;&quot;,&quot;focal_length&quot;:&quot;28.3&quot;,&quot;iso&quot;:&quot;800&quot;,&quot;shutter_speed&quot;:&quot;0.017857142857143&quot;,&quot;title&quot;:&quot;&quot;,&quot;orientation&quot;:&quot;1&quot;}\" data-image-title=\"WUF-Kongress_2023_vig_Jacoby\" data-image-description=\"\" data-image-caption=\"\" data-large-file=\"https:\/\/i0.wp.com\/www.freidenker.org\/fw17\/wp-content\/uploads\/2023\/05\/WUF-Kongress_2023_vig_Jacoby.jpg?fit=200%2C253&amp;ssl=1\" class=\"wp-image-16170 size-full alignleft\" src=\"https:\/\/i0.wp.com\/www.freidenker.org\/fw17\/wp-content\/uploads\/2023\/05\/WUF-Kongress_2023_vig_Jacoby.jpg?resize=200%2C253&#038;ssl=1\" alt=\"\" width=\"200\" height=\"253\" \/>Der Generalsekret\u00e4r der Weltunion, <strong>Jean-Marie Jacoby<\/strong> aus Luxemburg, f\u00fchrte in seinem Vortrag \u201eDer Welten Lage \u00e4ndert sich\u201c aus: \u201eDie Weltherrschaft der USA geht zu Ende. Der Hegemon f\u00e4llt und ein Riese der f\u00e4llt, kann Schaden anrichten beim Aufprall. Fix aber ist, da\u00df nur mehr 35 L\u00e4nder dem Hegemon gehorchen \u2013 das ist die Zahl der L\u00e4nder, die bereit waren, sich selbst wirtschaftlich zu sch\u00e4digen mit antirussischen Sanktionen. Wirtschaftlich wie politisch aber ist das Trio USA \u2013 NATO \u2013 EU l\u00e4ngst \u00fcberholt worden von BRICS, die sich nicht in die Innenpolitik der jeweiligen L\u00e4nder einmischt, was inzwischen zu 19 Beitrittskandidaten gef\u00fchrt hat.\u201c Den USA werde jetzt der Finanzierungsstecker gezogen, indem der Dollar nicht mehr die Welthandelsw\u00e4hrung ist. Im Jahr 2000 wurde noch 66% des Welthandels in US-Dollar abgewickelt, 2022 waren es nur noch 47%, im ersten Trimester 2023 sank das weiter ab auf 40%, gleichzeitig seien die Devisenreserven in Dollar in 20 Jahren von 71% auf 60% zur\u00fcckgegangen.<\/p>\n<p>Jacoby verwies auf die immense US-Staatsschuld von 31,4 Billionen Dollar, die 120% des k\u00fcnstlich (durch die Finanzindustrie) aufgeblasenen BIP ausmache, gleichzeitig sei das Kriegsbudget 1.000 Mrd. Dollar schwer, wobei der Gro\u00dfteil auf Logistik und Unterhalt der 800 Milit\u00e4rst\u00fctzpunkte weltweit draufgehe. Der milit\u00e4risch-industrielle Komplex der USA bestehe aus Privatfirmen, deren erstes Ziel Profit ist, nicht optimale Waffensysteme, in China wie Russland erziele man mit Staatsfirmen mit viel weniger Geld erheblich bessere Ergebnisse \u2013 aktuell ganz besonders beim Hyperschall. So habe die die russische Armee kein Nachschubproblem bei Munition, w\u00e4hrende ein US-Viersterne-General warnte, man h\u00e4tte bei einem Krieg mit China nur Munition f\u00fcr 7 Tage Munition, und deutsche Gener\u00e4le warnten, es reiche nur noch f\u00fcr 2 Tage Krieg.<\/p>\n<p>In der Konsequenz bleibe den USA nicht die die M\u00f6glichkeit eines konventionellen Weltkriegs, nur noch des kollektiven Selbstmords, von dem aber auch das internationale Finanzkapital, das mittlerweile sowohl die US- wie die EU-Administration an der kurzen Leine f\u00fchrt, nichts habe. Die EU-Mitgliedsl\u00e4nder fahren mit antirussischen Sanktionen die Wirtschaft an die Mauer, nachdem sie sich auf Befehl der USA von g\u00fcnstigen russischen Energietr\u00e4gern und Rohstoffen abgeschnitten haben, drohen Verlust der Wettbewerbsf\u00e4higkeit und Deindustrialisierung. \u201eDas l\u00e4sst sich nur \u00e4ndern mit \u201aAmi go home and take your NATO with you\u2018 als Basis f\u00fcr Frieden und V\u00f6lkerfreundschaft mit allen V\u00f6lkern Eurasiens, auch mit Russen und Chinesen\u201c, schloss Jacoby.<\/p>\n<p><strong><img data-recalc-dims=\"1\" loading=\"lazy\" decoding=\"async\" data-attachment-id=\"16171\" data-permalink=\"https:\/\/www.freidenker.org\/?attachment_id=16171\" data-orig-file=\"https:\/\/i0.wp.com\/www.freidenker.org\/fw17\/wp-content\/uploads\/2023\/05\/WUF-Kongress_2023_vig_Oesch.jpg?fit=200%2C253&amp;ssl=1\" data-orig-size=\"200,253\" data-comments-opened=\"0\" data-image-meta=\"{&quot;aperture&quot;:&quot;0&quot;,&quot;credit&quot;:&quot;&quot;,&quot;camera&quot;:&quot;&quot;,&quot;caption&quot;:&quot;&quot;,&quot;created_timestamp&quot;:&quot;0&quot;,&quot;copyright&quot;:&quot;&quot;,&quot;focal_length&quot;:&quot;0&quot;,&quot;iso&quot;:&quot;0&quot;,&quot;shutter_speed&quot;:&quot;0&quot;,&quot;title&quot;:&quot;&quot;,&quot;orientation&quot;:&quot;1&quot;}\" data-image-title=\"WUF-Kongress_2023_vig_Oesch\" data-image-description=\"\" data-image-caption=\"\" data-large-file=\"https:\/\/i0.wp.com\/www.freidenker.org\/fw17\/wp-content\/uploads\/2023\/05\/WUF-Kongress_2023_vig_Oesch.jpg?fit=200%2C253&amp;ssl=1\" class=\"wp-image-16171 size-full alignleft\" src=\"https:\/\/i0.wp.com\/www.freidenker.org\/fw17\/wp-content\/uploads\/2023\/05\/WUF-Kongress_2023_vig_Oesch.jpg?resize=200%2C253&#038;ssl=1\" alt=\"\" width=\"200\" height=\"253\" \/>Dr. Corinna Oesch<\/strong> aus Wien erinnerte an die historische Situation, in der es zu den demokratischen Revolutionen in Europa und der Revolution 1848\/49 in Deutschland gekommen ist. Ausgehend von der Franz\u00f6sischen Revolution und einer Abfolge von Reaktion und neuerlichem Aufbegehren kulminierte die Demokratiebewegung letztlich in der Deutschen Nationalversammlung, die am 18. Mai 1848, also genau vor 175 Jahren, in der Frankfurter Paulskirche er\u00f6ffnet wurde. Statt eines \u201eehrf\u00fcrchtigen, sterilen\u201c Gedenkens an den Jahrestag komme es darauf an, sich zu vergegenw\u00e4rtigen, f\u00fcr welche Rechte Frauen und M\u00e4nner in der Revolution von 1848 gek\u00e4mpft haben, welche Rechte sie kurze Zeit innehatten, bevor die Reaktion die Errungenschaften der Revolution wieder zerschlug.<\/p>\n<p>Unterbelichtet bis heute bleibt die Rolle der Frau in der Revolution. Alle Abgeordneten in der Paulskirche waren M\u00e4nner, f\u00fcr die interessierten Frauen musste die \u201eDamengalerie\u201c erweitert werden. Auf den Stra\u00dfen engagierten sich allerdings Frauen in gro\u00dfer Zahl k\u00e4mpferisch f\u00fcr die Demokratie. Die allgemein als \u201eerste demokratische Verfassung\u201c gefeierte Paulskirchenverfassung \u00e4nderte allerdings nichts daran, dass F\u00fcrsten, Herz\u00f6ge und K\u00f6nige in den Einzelstaaten weiteramtierten. Als Staatsform sollte eine \u201ekonstitutionelle Monarchie\u201c sein, mit einem Kaiser als deutsches Staatsoberhaupt, der diesen Titel vererben konnte. Kennzeichnend f\u00fcr das heutige Gedenken: es stehe au\u00dfer Zweifel, dass unser heutiges \u201edas beste Deutschland (oder \u00d6sterreich) aller Zeiten\u201c sei. Man komme aber nicht umhin, das heutige politische System mit seinen globalen Verstrickungen kritisch zu betrachten.<\/p>\n<p>Es gehe darum, so Corinna Oesch, das heuchlerische Gedenken an 1848 von offizieller Seite mit einer ehrlichen Auseinandersetzung zu konfrontieren. Dies bedeutet insbesondere, Bez\u00fcge zwischen dem Kampf um Freiheitsrechte von 1848 und der heutigen Demokratiebewegung (Aufkl\u00e4rungs- und Verfassungsbewegung) herzustellen. Das d\u00fcrfe die Frage nicht aussparen, welche Grundrechte \u201ew\u00e4hrend der Pandemie\u201c au\u00dfer Kraft gesetzt wurden bzw. heute weiterhin ausgeh\u00f6hlt sind. Ebenso bedarf es eines wachen Blickes auf Bedrohungen in der Zukunft, die sich z.B. unter dem Stichwort \u201eWHO-Komplex\u201c anbahnen.<\/p>\n<p><strong><img data-recalc-dims=\"1\" loading=\"lazy\" decoding=\"async\" data-attachment-id=\"16172\" data-permalink=\"https:\/\/www.freidenker.org\/?attachment_id=16172\" data-orig-file=\"https:\/\/i0.wp.com\/www.freidenker.org\/fw17\/wp-content\/uploads\/2023\/05\/WUF-Kongress_2023_vig_Berger.jpg?fit=200%2C258&amp;ssl=1\" data-orig-size=\"200,258\" data-comments-opened=\"0\" data-image-meta=\"{&quot;aperture&quot;:&quot;0&quot;,&quot;credit&quot;:&quot;&quot;,&quot;camera&quot;:&quot;&quot;,&quot;caption&quot;:&quot;&quot;,&quot;created_timestamp&quot;:&quot;0&quot;,&quot;copyright&quot;:&quot;&quot;,&quot;focal_length&quot;:&quot;0&quot;,&quot;iso&quot;:&quot;0&quot;,&quot;shutter_speed&quot;:&quot;0&quot;,&quot;title&quot;:&quot;&quot;,&quot;orientation&quot;:&quot;1&quot;}\" data-image-title=\"WUF-Kongress_2023_vig_Berger\" data-image-description=\"\" data-image-caption=\"\" data-large-file=\"https:\/\/i0.wp.com\/www.freidenker.org\/fw17\/wp-content\/uploads\/2023\/05\/WUF-Kongress_2023_vig_Berger.jpg?fit=200%2C258&amp;ssl=1\" class=\"alignleft wp-image-16172 size-full\" src=\"https:\/\/i0.wp.com\/www.freidenker.org\/fw17\/wp-content\/uploads\/2023\/05\/WUF-Kongress_2023_vig_Berger.jpg?resize=200%2C258&#038;ssl=1\" alt=\"\" width=\"200\" height=\"258\" \/>Peter Berger<\/strong> aus der Schweiz wies zu \u201eNeutralit\u00e4t und multipolare Weltordnung\u201c auf die notwendige Unterscheidung zwischen Neutralit\u00e4t und Neutralit\u00e4tspolitik hin. Neutralit\u00e4t hei\u00dfe nur, dass keine fremden Truppen im eigenen Land stehen und man sich an keinen Kriegen beteiligt, bei der Neutralit\u00e4tspolitik um die eine mehr aktive oder passive Rolle \u2013 die Debatte dar\u00fcber habe sich seit der Ukraine-Krise versch\u00e4rft.\u00a0 Der \u00f6sterreichische Bundeskanzler Nehammer (\u00d6VP) deutete, die \u00f6sterreichische Neutralit\u00e4t sei \u201eunter einem Druckszenario zustandegekommen\u201c \u2013 den Abzug der sowjetischen Truppen und den Staatsvertrag 1955 h\u00e4tte es nur unter der Neutralit\u00e4ts-Bedingung gegeben.<\/p>\n<p>\u201eIn der Schweiz ist ein durchgeknallter Au\u00dfenminister am Werk, ein 150%-Atlantiker\u201c, so Berger, der unter anderem damit aufgefallen ist, dass er die Zahlungen an das pal\u00e4stinensische Hilfswerk der Uno, UNRWA, eingestellt hat. Seinen Traum von einer Vermittler-Rolle der Schweiz im Ukraine-Konflikt musste er nach einer kalten Dusche aus Moskau begraben, da das Land die Sanktionspakete gegen Russland \u00fcbernommen hatte. Dies hat der Glaubw\u00fcrdigkeit der schweizerischen Neutralit\u00e4tspolitik einen unermesslichen Schaden zugef\u00fcgt. Als der sozialdemokratische Regierungschef Berset bei einer Verschrottungsaktion von Waffen (statt sie an die Ukraine zu liefern) auf die Neutralit\u00e4tsverpflichtung hinwies, und \u201ein gewissen Kreisen\u201c einen \u201eKriegsrausch\u00bb\u201c feststellte, kanzelte ihn der eigene Parteivorsitzender ab, man stehe in diesem Krieg \u201ein einem Konflikt zwischen der freien Welt und einem autorit\u00e4ren Regime\u201c, und: \u201eWir haben mit Russland eine imperialistische, ich w\u00fcrde sogar meinen, protofaschistische Macht\u201c.<\/p>\n<p>Nun will die national-konservative Schweizerische Volkspartei mit einer Volksinitiative die Neutralit\u00e4t sowie das Verbot \u201enichtmilit\u00e4rischer Zwangsmassnahmen gegen kriegf\u00fchrende Staaten\u201c in der Bundesverfassung verankern lassen, derzeit l\u00e4uft die Unterschriftensammlung. Die \u201eNATO-Linke\u201c wird ablehnen, die \u00fcbrigen stehen vor einer neuen Gewissensfrage einer Unterst\u00fctzung, obwohl die Initiative von der \u201erechten SVP\u201c kommt. Der in der italienischsprachigen Schweiz verankerte Partito comunista sowie die Partei der Arbeit Basel beteiligen sich unterdessen an der Unterschriftensammlung.<\/p>\n<p>Abschlie\u00dfend stellte Peter Berger fest, dass viele einem \u201eNeutralit\u00e4ts-Mythos\u201c anhingen, obwohl dieser Status der Schweiz auf dem Wiener Kongress 1815 von den Gro\u00dfm\u00e4chten verordnet wurde. Heute k\u00f6nne man \u00fcber Neutralit\u00e4t nicht ohne Bezug zur Souver\u00e4nit\u00e4t des Staates sprechen. \u201eSolange die Schweiz wie auch \u00d6sterreich kapitalistische Staaten sind, wird der Staat als \u00dcberbau ihrer Volkswirtschaften seine Politik, auch die Neutralit\u00e4tspolitik in den Dienst des Kapitals stellen. Aber vielleicht er\u00f6ffnet die neue multipolare Weltordnung auch hier neue Perspektiven f\u00fcr eine Ver\u00e4nderung.\u201c<\/p>\n<p><img data-recalc-dims=\"1\" loading=\"lazy\" decoding=\"async\" data-attachment-id=\"16173\" data-permalink=\"https:\/\/www.freidenker.org\/?attachment_id=16173\" data-orig-file=\"https:\/\/i0.wp.com\/www.freidenker.org\/fw17\/wp-content\/uploads\/2023\/05\/WUF-Kongress_2023_vig_Bahlo.jpg?fit=200%2C267&amp;ssl=1\" data-orig-size=\"200,267\" data-comments-opened=\"0\" data-image-meta=\"{&quot;aperture&quot;:&quot;5.3&quot;,&quot;credit&quot;:&quot;&quot;,&quot;camera&quot;:&quot;FinePix S2960&quot;,&quot;caption&quot;:&quot;&quot;,&quot;created_timestamp&quot;:&quot;1684426664&quot;,&quot;copyright&quot;:&quot;&quot;,&quot;focal_length&quot;:&quot;33&quot;,&quot;iso&quot;:&quot;400&quot;,&quot;shutter_speed&quot;:&quot;0.011764705882353&quot;,&quot;title&quot;:&quot;&quot;,&quot;orientation&quot;:&quot;1&quot;}\" data-image-title=\"WUF-Kongress_2023_vig_Bahlo\" data-image-description=\"\" data-image-caption=\"\" data-large-file=\"https:\/\/i0.wp.com\/www.freidenker.org\/fw17\/wp-content\/uploads\/2023\/05\/WUF-Kongress_2023_vig_Bahlo.jpg?fit=200%2C267&amp;ssl=1\" class=\"alignleft wp-image-16173 size-full\" src=\"https:\/\/i0.wp.com\/www.freidenker.org\/fw17\/wp-content\/uploads\/2023\/05\/WUF-Kongress_2023_vig_Bahlo.jpg?resize=200%2C267&#038;ssl=1\" alt=\"\" width=\"200\" height=\"267\" \/>\u201eDie gegenw\u00e4rtigen Aufgaben der Freidenkerbewegung\u201c stellte zum Abschluss der Konferenz der Vorsitzende des Deutschen Freidenker-Verbandes, <strong>Sebastian Bahlo<\/strong>, zur Diskussion. Es bleibe beim historischen Ziel der \u00dcberwindung einer durch die Klassengesellschaft bedingten Selbstentfremdung des Menschen, dem untergeordnet seien Teilziele wie die Propagierung der Aufkl\u00e4rung, Religionskritik und Kampf gegen die gesellschaftliche Macht der Kirchen, ebenso der Kampf gegen \u00f6konomische Ausbeutung und f\u00fcr politische Freiheit.<\/p>\n<p>Im Gegensatz zu b\u00fcrgerlichen Atheisten und Religionskritikern sehen Freidenker, dass Religion eine fortschrittliche oder reaktion\u00e4re Rolle spielen, je nachdem, ob sie als wesentlich kollektivistische Ideologie nur zur Bem\u00e4ntelung des degenerativen Individualismus dient, oder ob sie eine echte Quelle des Kollektivismus darstellt. \u201eBei der Zusammenarbeit mit religi\u00f6sen Kr\u00e4ften f\u00fcr fortschrittliche Zwecke sollten wir uns keinerlei Beschr\u00e4nkungen auferlegen\u201c, so Bahlo.<\/p>\n<p>Heute finde der Klassenkampf zwischen den Monopolkapitalisten der imperialistischen Nationen und den werkt\u00e4tigen Massen der antiimperialistischen Nationen statt. \u201eUnd deshalb ist es auch ganz richtig, in der gegenw\u00e4rtigen Herausbildung der multipolaren Weltordnung einen revolution\u00e4ren Prozess zu sehen. An dieser Stelle ist es geboten, Wladimir Putin zu zitieren: \u201aDer Westen ist nicht in der Lage, die Menschheit im Alleingang zu f\u00fchren, versucht es aber verzweifelt, und die meisten V\u00f6lker der Welt wollen sich das nicht l\u00e4nger gefallen lassen. Das ist der Hauptwiderspruch der neuen Epoche. Um es mit den Worten eines Klassikers zu sagen, die Situation ist gewisserma\u00dfen revolution\u00e4r: die oben k\u00f6nnen nicht mehr, und die unten wollen nicht mehr\u2018\u201c.<\/p>\n<p>Dieser unfreiwillige Abgang des Imperialismus von der Weltb\u00fchne gestaltet sich sehr unangenehm: immer weitere Eskalation in der Ukraine, beispielloser Wirtschaftskrieg, Dauerpropaganda, Gleichschaltung von Staat und Medien, Kriminalisierung von Protest. Man m\u00fcsse den Skandal anprangern, \u201edass eine Meinungs\u00e4u\u00dferung \u00fcber einen Krieg zwischen zwei fremden L\u00e4ndern strafbar sein soll, das ist eine eklatante Verletzung des Grundrechts auf freie Meinungs\u00e4u\u00dferung, das wir verteidigen m\u00fcssen.\u201c Als Freidenker m\u00fcssen wir \u201eunser Selbstverst\u00e4ndnis als antifaschistische Organisation erneuern und den antifaschistischen Kampf auf die zeitgem\u00e4\u00dfen Erscheinungsformen des Faschismus und seiner Vorstufen fokussieren. Wir lassen es uns auch nicht nehmen, die gr\u00fcne Partei als Speerspitze der Kriegspolitik und Faschisierung herauszustellen und zu bek\u00e4mpfen, und wir wirken mit bei der Propagierung der Losung \u201aWer Gr\u00fcn w\u00e4hlt, w\u00e4hlt den Krieg\u2018. Seien wir lieber jetzt mutig, solange uns nur Geld- oder Gef\u00e4ngnisstrafen drohen, bevor Widerstand wieder lebensgef\u00e4hrlich ist.\u201c<\/p>\n<p><span style=\"font-size: 10pt;\"><a href=\"#top\">\u2191 nach oben<\/a><\/span><\/p>\n<hr \/>\n<h4><a id=\"Galerie\"><\/a>Galerie<\/h4>\n<div class=\"tiled-gallery type-rectangular tiled-gallery-unresized\" data-original-width=\"800\" data-carousel-extra='{&quot;blog_id&quot;:1,&quot;permalink&quot;:&quot;https:\\\/\\\/www.freidenker.org\\\/?p=16142&quot;,&quot;likes_blog_id&quot;:139773280}' itemscope itemtype=\"http:\/\/schema.org\/ImageGallery\" > <div class=\"gallery-row\" style=\"width: 800px; height: 384px;\" data-original-width=\"800\" data-original-height=\"384\" > <div class=\"gallery-group images-1\" style=\"width: 511px; height: 384px;\" data-original-width=\"511\" data-original-height=\"384\" > <div class=\"tiled-gallery-item tiled-gallery-item-large\" itemprop=\"associatedMedia\" itemscope itemtype=\"http:\/\/schema.org\/ImageObject\"> <a href=\"https:\/\/www.freidenker.org\/?attachment_id=16148\" border=\"0\" itemprop=\"url\"> <meta itemprop=\"width\" content=\"507\"> <meta itemprop=\"height\" content=\"380\"> <img decoding=\"async\" class=\"\" data-attachment-id=\"16148\" data-orig-file=\"https:\/\/www.freidenker.org\/fw17\/wp-content\/uploads\/2023\/05\/WUF-Kongess_2023_Praesidium.jpg\" data-orig-size=\"1600,1200\" data-comments-opened=\"\" data-image-meta=\"{&quot;aperture&quot;:&quot;3.1&quot;,&quot;credit&quot;:&quot;&quot;,&quot;camera&quot;:&quot;FinePix S2960&quot;,&quot;caption&quot;:&quot;&quot;,&quot;created_timestamp&quot;:&quot;1684420092&quot;,&quot;copyright&quot;:&quot;&quot;,&quot;focal_length&quot;:&quot;5&quot;,&quot;iso&quot;:&quot;200&quot;,&quot;shutter_speed&quot;:&quot;0.011111111111111&quot;,&quot;title&quot;:&quot;&quot;,&quot;orientation&quot;:&quot;1&quot;}\" data-image-title=\"WUF-Kongess_2023_Pr\u00e4sidium\" data-image-description=\"\" data-medium-file=\"https:\/\/i0.wp.com\/www.freidenker.org\/fw17\/wp-content\/uploads\/2023\/05\/WUF-Kongess_2023_Praesidium.jpg?fit=300%2C225&#038;ssl=1\" data-large-file=\"https:\/\/i0.wp.com\/www.freidenker.org\/fw17\/wp-content\/uploads\/2023\/05\/WUF-Kongess_2023_Praesidium.jpg?fit=800%2C600&#038;ssl=1\" src=\"https:\/\/i0.wp.com\/www.freidenker.org\/fw17\/wp-content\/uploads\/2023\/05\/WUF-Kongess_2023_Praesidium.jpg?w=507&#038;h=380&#038;ssl=1\" srcset=\"https:\/\/i0.wp.com\/www.freidenker.org\/fw17\/wp-content\/uploads\/2023\/05\/WUF-Kongess_2023_Praesidium.jpg?w=1600&amp;ssl=1 1600w, https:\/\/i0.wp.com\/www.freidenker.org\/fw17\/wp-content\/uploads\/2023\/05\/WUF-Kongess_2023_Praesidium.jpg?resize=300%2C225&amp;ssl=1 300w, https:\/\/i0.wp.com\/www.freidenker.org\/fw17\/wp-content\/uploads\/2023\/05\/WUF-Kongess_2023_Praesidium.jpg?resize=1024%2C768&amp;ssl=1 1024w, https:\/\/i0.wp.com\/www.freidenker.org\/fw17\/wp-content\/uploads\/2023\/05\/WUF-Kongess_2023_Praesidium.jpg?resize=768%2C576&amp;ssl=1 768w, https:\/\/i0.wp.com\/www.freidenker.org\/fw17\/wp-content\/uploads\/2023\/05\/WUF-Kongess_2023_Praesidium.jpg?resize=1536%2C1152&amp;ssl=1 1536w\" width=\"507\" height=\"380\" loading=\"lazy\" data-original-width=\"507\" data-original-height=\"380\" itemprop=\"http:\/\/schema.org\/image\" title=\"WUF-Kongess_2023_Pr\u00e4sidium\" alt=\"Blick auf das Pr\u00e4sidium. Stehend Klaus Hartmann, im Hintergrund Vladimir Kr\u0161ljanin, per Video aus Belgrad (Foto: K.-R. Landau)\" style=\"width: 507px; height: 380px;\" \/> <\/a> <div class=\"tiled-gallery-caption\" itemprop=\"caption description\"> Blick auf das Pr\u00e4sidium. Stehend Klaus Hartmann, im Hintergrund Vladimir Kr\u0161ljanin, per Video aus Belgrad (Foto: K.-R. Landau) <\/div> <\/div> <\/div> <!-- close group --> <div class=\"gallery-group images-1\" style=\"width: 289px; height: 384px;\" data-original-width=\"289\" data-original-height=\"384\" > <div class=\"tiled-gallery-item tiled-gallery-item-large\" itemprop=\"associatedMedia\" itemscope itemtype=\"http:\/\/schema.org\/ImageObject\"> <a href=\"https:\/\/www.freidenker.org\/?attachment_id=16153\" border=\"0\" itemprop=\"url\"> <meta itemprop=\"width\" content=\"285\"> <meta itemprop=\"height\" content=\"380\"> <img decoding=\"async\" class=\"\" data-attachment-id=\"16153\" data-orig-file=\"https:\/\/www.freidenker.org\/fw17\/wp-content\/uploads\/2023\/05\/WUF-Kongress_2023_Jacoby.jpg\" data-orig-size=\"1200,1600\" data-comments-opened=\"\" data-image-meta=\"{&quot;aperture&quot;:&quot;5.2&quot;,&quot;credit&quot;:&quot;&quot;,&quot;camera&quot;:&quot;FinePix S2960&quot;,&quot;caption&quot;:&quot;&quot;,&quot;created_timestamp&quot;:&quot;1684411520&quot;,&quot;copyright&quot;:&quot;&quot;,&quot;focal_length&quot;:&quot;28.3&quot;,&quot;iso&quot;:&quot;800&quot;,&quot;shutter_speed&quot;:&quot;0.017857142857143&quot;,&quot;title&quot;:&quot;&quot;,&quot;orientation&quot;:&quot;1&quot;}\" data-image-title=\"WUF-Kongress_2023_Jacoby\" data-image-description=\"\" data-medium-file=\"https:\/\/i0.wp.com\/www.freidenker.org\/fw17\/wp-content\/uploads\/2023\/05\/WUF-Kongress_2023_Jacoby.jpg?fit=225%2C300&#038;ssl=1\" data-large-file=\"https:\/\/i0.wp.com\/www.freidenker.org\/fw17\/wp-content\/uploads\/2023\/05\/WUF-Kongress_2023_Jacoby.jpg?fit=768%2C1024&#038;ssl=1\" src=\"https:\/\/i0.wp.com\/www.freidenker.org\/fw17\/wp-content\/uploads\/2023\/05\/WUF-Kongress_2023_Jacoby.jpg?w=285&#038;h=380&#038;ssl=1\" srcset=\"https:\/\/i0.wp.com\/www.freidenker.org\/fw17\/wp-content\/uploads\/2023\/05\/WUF-Kongress_2023_Jacoby.jpg?w=1200&amp;ssl=1 1200w, https:\/\/i0.wp.com\/www.freidenker.org\/fw17\/wp-content\/uploads\/2023\/05\/WUF-Kongress_2023_Jacoby.jpg?resize=225%2C300&amp;ssl=1 225w, https:\/\/i0.wp.com\/www.freidenker.org\/fw17\/wp-content\/uploads\/2023\/05\/WUF-Kongress_2023_Jacoby.jpg?resize=768%2C1024&amp;ssl=1 768w, https:\/\/i0.wp.com\/www.freidenker.org\/fw17\/wp-content\/uploads\/2023\/05\/WUF-Kongress_2023_Jacoby.jpg?resize=1152%2C1536&amp;ssl=1 1152w\" width=\"285\" height=\"380\" loading=\"lazy\" data-original-width=\"285\" data-original-height=\"380\" itemprop=\"http:\/\/schema.org\/image\" title=\"WUF-Kongress_2023_Jacoby\" alt=\"Jean-Marie Jacoby, Luxemburg, Generalsekret\u00e4r der Weltunion (Foto: K.-R. Landau)\" style=\"width: 285px; height: 380px;\" \/> <\/a> <div class=\"tiled-gallery-caption\" itemprop=\"caption description\"> Jean-Marie Jacoby, Luxemburg, Generalsekret\u00e4r der Weltunion (Foto: K.-R. Landau) <\/div> <\/div> <\/div> <!-- close group --> <\/div> <!-- close row --> <div class=\"gallery-row\" style=\"width: 800px; height: 265px;\" data-original-width=\"800\" data-original-height=\"265\" > <div class=\"gallery-group images-1\" style=\"width: 200px; height: 265px;\" data-original-width=\"200\" data-original-height=\"265\" > <div class=\"tiled-gallery-item tiled-gallery-item-small\" itemprop=\"associatedMedia\" itemscope itemtype=\"http:\/\/schema.org\/ImageObject\"> <a href=\"https:\/\/www.freidenker.org\/?attachment_id=16149\" border=\"0\" itemprop=\"url\"> <meta itemprop=\"width\" content=\"196\"> <meta itemprop=\"height\" content=\"261\"> <img decoding=\"async\" class=\"\" data-attachment-id=\"16149\" data-orig-file=\"https:\/\/www.freidenker.org\/fw17\/wp-content\/uploads\/2023\/05\/WUF-Kongress_2023_Bahlo.jpg\" data-orig-size=\"1200,1600\" data-comments-opened=\"\" data-image-meta=\"{&quot;aperture&quot;:&quot;5.3&quot;,&quot;credit&quot;:&quot;&quot;,&quot;camera&quot;:&quot;FinePix S2960&quot;,&quot;caption&quot;:&quot;&quot;,&quot;created_timestamp&quot;:&quot;1684426664&quot;,&quot;copyright&quot;:&quot;&quot;,&quot;focal_length&quot;:&quot;33&quot;,&quot;iso&quot;:&quot;400&quot;,&quot;shutter_speed&quot;:&quot;0.011764705882353&quot;,&quot;title&quot;:&quot;&quot;,&quot;orientation&quot;:&quot;1&quot;}\" data-image-title=\"WUF-Kongress_2023_Bahlo\" data-image-description=\"\" data-medium-file=\"https:\/\/i0.wp.com\/www.freidenker.org\/fw17\/wp-content\/uploads\/2023\/05\/WUF-Kongress_2023_Bahlo.jpg?fit=225%2C300&#038;ssl=1\" data-large-file=\"https:\/\/i0.wp.com\/www.freidenker.org\/fw17\/wp-content\/uploads\/2023\/05\/WUF-Kongress_2023_Bahlo.jpg?fit=768%2C1024&#038;ssl=1\" src=\"https:\/\/i0.wp.com\/www.freidenker.org\/fw17\/wp-content\/uploads\/2023\/05\/WUF-Kongress_2023_Bahlo.jpg?w=196&#038;h=261&#038;ssl=1\" srcset=\"https:\/\/i0.wp.com\/www.freidenker.org\/fw17\/wp-content\/uploads\/2023\/05\/WUF-Kongress_2023_Bahlo.jpg?w=1200&amp;ssl=1 1200w, https:\/\/i0.wp.com\/www.freidenker.org\/fw17\/wp-content\/uploads\/2023\/05\/WUF-Kongress_2023_Bahlo.jpg?resize=225%2C300&amp;ssl=1 225w, https:\/\/i0.wp.com\/www.freidenker.org\/fw17\/wp-content\/uploads\/2023\/05\/WUF-Kongress_2023_Bahlo.jpg?resize=768%2C1024&amp;ssl=1 768w, https:\/\/i0.wp.com\/www.freidenker.org\/fw17\/wp-content\/uploads\/2023\/05\/WUF-Kongress_2023_Bahlo.jpg?resize=1152%2C1536&amp;ssl=1 1152w\" width=\"196\" height=\"261\" loading=\"lazy\" data-original-width=\"196\" data-original-height=\"261\" itemprop=\"http:\/\/schema.org\/image\" title=\"WUF-Kongress_2023_Bahlo\" alt=\"Sebastian Bahlo, Bundesvorsitzender des Deutschen Freidenker-Verbandes (Foto: K.-R. Landau)\" style=\"width: 196px; height: 261px;\" \/> <\/a> <div class=\"tiled-gallery-caption\" itemprop=\"caption description\"> Sebastian Bahlo, Bundesvorsitzender des Deutschen Freidenker-Verbandes (Foto: K.-R. Landau) <\/div> <\/div> <\/div> <!-- close group --> <div class=\"gallery-group images-1\" style=\"width: 200px; height: 265px;\" data-original-width=\"200\" data-original-height=\"265\" > <div class=\"tiled-gallery-item tiled-gallery-item-small\" itemprop=\"associatedMedia\" itemscope itemtype=\"http:\/\/schema.org\/ImageObject\"> <a href=\"https:\/\/www.freidenker.org\/?attachment_id=16150\" border=\"0\" itemprop=\"url\"> <meta itemprop=\"width\" content=\"196\"> <meta itemprop=\"height\" content=\"261\"> <img decoding=\"async\" class=\"\" data-attachment-id=\"16150\" data-orig-file=\"https:\/\/www.freidenker.org\/fw17\/wp-content\/uploads\/2023\/05\/WUF-Kongress_2023_Berger.jpg\" data-orig-size=\"1200,1600\" data-comments-opened=\"\" data-image-meta=\"{&quot;aperture&quot;:&quot;5.2&quot;,&quot;credit&quot;:&quot;&quot;,&quot;camera&quot;:&quot;FinePix S2960&quot;,&quot;caption&quot;:&quot;&quot;,&quot;created_timestamp&quot;:&quot;1684423294&quot;,&quot;copyright&quot;:&quot;&quot;,&quot;focal_length&quot;:&quot;28.3&quot;,&quot;iso&quot;:&quot;800&quot;,&quot;shutter_speed&quot;:&quot;0.0125&quot;,&quot;title&quot;:&quot;&quot;,&quot;orientation&quot;:&quot;1&quot;}\" data-image-title=\"WUF-Kongress_2023_Berger\" data-image-description=\"\" data-medium-file=\"https:\/\/i0.wp.com\/www.freidenker.org\/fw17\/wp-content\/uploads\/2023\/05\/WUF-Kongress_2023_Berger.jpg?fit=225%2C300&#038;ssl=1\" data-large-file=\"https:\/\/i0.wp.com\/www.freidenker.org\/fw17\/wp-content\/uploads\/2023\/05\/WUF-Kongress_2023_Berger.jpg?fit=768%2C1024&#038;ssl=1\" src=\"https:\/\/i0.wp.com\/www.freidenker.org\/fw17\/wp-content\/uploads\/2023\/05\/WUF-Kongress_2023_Berger.jpg?w=196&#038;h=261&#038;ssl=1\" srcset=\"https:\/\/i0.wp.com\/www.freidenker.org\/fw17\/wp-content\/uploads\/2023\/05\/WUF-Kongress_2023_Berger.jpg?w=1200&amp;ssl=1 1200w, https:\/\/i0.wp.com\/www.freidenker.org\/fw17\/wp-content\/uploads\/2023\/05\/WUF-Kongress_2023_Berger.jpg?resize=225%2C300&amp;ssl=1 225w, https:\/\/i0.wp.com\/www.freidenker.org\/fw17\/wp-content\/uploads\/2023\/05\/WUF-Kongress_2023_Berger.jpg?resize=768%2C1024&amp;ssl=1 768w, https:\/\/i0.wp.com\/www.freidenker.org\/fw17\/wp-content\/uploads\/2023\/05\/WUF-Kongress_2023_Berger.jpg?resize=1152%2C1536&amp;ssl=1 1152w\" width=\"196\" height=\"261\" loading=\"lazy\" data-original-width=\"196\" data-original-height=\"261\" itemprop=\"http:\/\/schema.org\/image\" title=\"WUF-Kongress_2023_Berger\" alt=\"Peter Berger, Schweiz, Schatzmeister der Weltunion (Foto: K.-R. Landau)\" style=\"width: 196px; height: 261px;\" \/> <\/a> <div class=\"tiled-gallery-caption\" itemprop=\"caption description\"> Peter Berger, Schweiz, Schatzmeister der Weltunion (Foto: K.-R. Landau) <\/div> <\/div> <\/div> <!-- close group --> <div class=\"gallery-group images-1\" style=\"width: 200px; height: 265px;\" data-original-width=\"200\" data-original-height=\"265\" > <div class=\"tiled-gallery-item tiled-gallery-item-small\" itemprop=\"associatedMedia\" itemscope itemtype=\"http:\/\/schema.org\/ImageObject\"> <a href=\"https:\/\/www.freidenker.org\/?attachment_id=16151\" border=\"0\" itemprop=\"url\"> <meta itemprop=\"width\" content=\"196\"> <meta itemprop=\"height\" content=\"261\"> <img decoding=\"async\" class=\"\" data-attachment-id=\"16151\" data-orig-file=\"https:\/\/www.freidenker.org\/fw17\/wp-content\/uploads\/2023\/05\/WUF-Kongress_2023_Dawson.jpg\" data-orig-size=\"1200,1600\" data-comments-opened=\"\" data-image-meta=\"{&quot;aperture&quot;:&quot;5.6&quot;,&quot;credit&quot;:&quot;&quot;,&quot;camera&quot;:&quot;FinePix S2960&quot;,&quot;caption&quot;:&quot;&quot;,&quot;created_timestamp&quot;:&quot;1684422677&quot;,&quot;copyright&quot;:&quot;&quot;,&quot;focal_length&quot;:&quot;42.9&quot;,&quot;iso&quot;:&quot;400&quot;,&quot;shutter_speed&quot;:&quot;0.011111111111111&quot;,&quot;title&quot;:&quot;&quot;,&quot;orientation&quot;:&quot;1&quot;}\" data-image-title=\"WUF-Kongress_2023_Dawson\" data-image-description=\"\" data-medium-file=\"https:\/\/i0.wp.com\/www.freidenker.org\/fw17\/wp-content\/uploads\/2023\/05\/WUF-Kongress_2023_Dawson.jpg?fit=225%2C300&#038;ssl=1\" data-large-file=\"https:\/\/i0.wp.com\/www.freidenker.org\/fw17\/wp-content\/uploads\/2023\/05\/WUF-Kongress_2023_Dawson.jpg?fit=768%2C1024&#038;ssl=1\" src=\"https:\/\/i0.wp.com\/www.freidenker.org\/fw17\/wp-content\/uploads\/2023\/05\/WUF-Kongress_2023_Dawson.jpg?w=196&#038;h=261&#038;ssl=1\" srcset=\"https:\/\/i0.wp.com\/www.freidenker.org\/fw17\/wp-content\/uploads\/2023\/05\/WUF-Kongress_2023_Dawson.jpg?w=1200&amp;ssl=1 1200w, https:\/\/i0.wp.com\/www.freidenker.org\/fw17\/wp-content\/uploads\/2023\/05\/WUF-Kongress_2023_Dawson.jpg?resize=225%2C300&amp;ssl=1 225w, https:\/\/i0.wp.com\/www.freidenker.org\/fw17\/wp-content\/uploads\/2023\/05\/WUF-Kongress_2023_Dawson.jpg?resize=768%2C1024&amp;ssl=1 768w, https:\/\/i0.wp.com\/www.freidenker.org\/fw17\/wp-content\/uploads\/2023\/05\/WUF-Kongress_2023_Dawson.jpg?resize=1152%2C1536&amp;ssl=1 1152w\" width=\"196\" height=\"261\" loading=\"lazy\" data-original-width=\"196\" data-original-height=\"261\" itemprop=\"http:\/\/schema.org\/image\" title=\"WUF-Kongress_2023_Dawson\" alt=\"S\u00e4nger Guy Dawson (Foto: K.-R. Landau)\" style=\"width: 196px; height: 261px;\" \/> <\/a> <div class=\"tiled-gallery-caption\" itemprop=\"caption description\"> S\u00e4nger Guy Dawson (Foto: K.-R. Landau) <\/div> <\/div> <\/div> <!-- close group --> <div class=\"gallery-group images-1\" style=\"width: 200px; height: 265px;\" data-original-width=\"200\" data-original-height=\"265\" > <div class=\"tiled-gallery-item tiled-gallery-item-small\" itemprop=\"associatedMedia\" itemscope itemtype=\"http:\/\/schema.org\/ImageObject\"> <a href=\"https:\/\/www.freidenker.org\/?attachment_id=16152\" border=\"0\" itemprop=\"url\"> <meta itemprop=\"width\" content=\"196\"> <meta itemprop=\"height\" content=\"261\"> <img decoding=\"async\" class=\"\" data-attachment-id=\"16152\" data-orig-file=\"https:\/\/www.freidenker.org\/fw17\/wp-content\/uploads\/2023\/05\/WUF-Kongress_2023_Ernesto.jpg\" data-orig-size=\"1200,1600\" data-comments-opened=\"\" data-image-meta=\"{&quot;aperture&quot;:&quot;5.2&quot;,&quot;credit&quot;:&quot;&quot;,&quot;camera&quot;:&quot;FinePix S2960&quot;,&quot;caption&quot;:&quot;&quot;,&quot;created_timestamp&quot;:&quot;1684415339&quot;,&quot;copyright&quot;:&quot;&quot;,&quot;focal_length&quot;:&quot;28.3&quot;,&quot;iso&quot;:&quot;800&quot;,&quot;shutter_speed&quot;:&quot;0.013333333333333&quot;,&quot;title&quot;:&quot;&quot;,&quot;orientation&quot;:&quot;1&quot;}\" data-image-title=\"WUF-Kongress_2023_Ernesto\" data-image-description=\"\" data-medium-file=\"https:\/\/i0.wp.com\/www.freidenker.org\/fw17\/wp-content\/uploads\/2023\/05\/WUF-Kongress_2023_Ernesto.jpg?fit=225%2C300&#038;ssl=1\" data-large-file=\"https:\/\/i0.wp.com\/www.freidenker.org\/fw17\/wp-content\/uploads\/2023\/05\/WUF-Kongress_2023_Ernesto.jpg?fit=768%2C1024&#038;ssl=1\" src=\"https:\/\/i0.wp.com\/www.freidenker.org\/fw17\/wp-content\/uploads\/2023\/05\/WUF-Kongress_2023_Ernesto.jpg?w=196&#038;h=261&#038;ssl=1\" srcset=\"https:\/\/i0.wp.com\/www.freidenker.org\/fw17\/wp-content\/uploads\/2023\/05\/WUF-Kongress_2023_Ernesto.jpg?w=1200&amp;ssl=1 1200w, https:\/\/i0.wp.com\/www.freidenker.org\/fw17\/wp-content\/uploads\/2023\/05\/WUF-Kongress_2023_Ernesto.jpg?resize=225%2C300&amp;ssl=1 225w, https:\/\/i0.wp.com\/www.freidenker.org\/fw17\/wp-content\/uploads\/2023\/05\/WUF-Kongress_2023_Ernesto.jpg?resize=768%2C1024&amp;ssl=1 768w, https:\/\/i0.wp.com\/www.freidenker.org\/fw17\/wp-content\/uploads\/2023\/05\/WUF-Kongress_2023_Ernesto.jpg?resize=1152%2C1536&amp;ssl=1 1152w\" width=\"196\" height=\"261\" loading=\"lazy\" data-original-width=\"196\" data-original-height=\"261\" itemprop=\"http:\/\/schema.org\/image\" title=\"WUF-Kongress_2023_Ernesto\" alt=\"S\u00e4nger Ernesto Schwarz (Foto: K.-R. Landau)\" style=\"width: 196px; height: 261px;\" \/> <\/a> <div class=\"tiled-gallery-caption\" itemprop=\"caption description\"> S\u00e4nger Ernesto Schwarz (Foto: K.-R. Landau) <\/div> <\/div> <\/div> <!-- close group --> <\/div> <!-- close row --> <div class=\"gallery-row\" style=\"width: 800px; height: 577px;\" data-original-width=\"800\" data-original-height=\"577\" > <div class=\"gallery-group images-1\" style=\"width: 434px; height: 577px;\" data-original-width=\"434\" data-original-height=\"577\" > <div class=\"tiled-gallery-item tiled-gallery-item-large\" itemprop=\"associatedMedia\" itemscope itemtype=\"http:\/\/schema.org\/ImageObject\"> <a href=\"https:\/\/www.freidenker.org\/?attachment_id=16147\" border=\"0\" itemprop=\"url\"> <meta itemprop=\"width\" content=\"430\"> <meta itemprop=\"height\" content=\"573\"> <img decoding=\"async\" class=\"\" data-attachment-id=\"16147\" data-orig-file=\"https:\/\/www.freidenker.org\/fw17\/wp-content\/uploads\/2023\/05\/WUF-Kongess_2023_Frank.jpg\" data-orig-size=\"1200,1600\" data-comments-opened=\"\" data-image-meta=\"{&quot;aperture&quot;:&quot;5.3&quot;,&quot;credit&quot;:&quot;&quot;,&quot;camera&quot;:&quot;FinePix S2960&quot;,&quot;caption&quot;:&quot;&quot;,&quot;created_timestamp&quot;:&quot;1684420021&quot;,&quot;copyright&quot;:&quot;&quot;,&quot;focal_length&quot;:&quot;33&quot;,&quot;iso&quot;:&quot;800&quot;,&quot;shutter_speed&quot;:&quot;0.0083333333333333&quot;,&quot;title&quot;:&quot;&quot;,&quot;orientation&quot;:&quot;1&quot;}\" data-image-title=\"WUF-Kongess_2023_Frank\" data-image-description=\"\" data-medium-file=\"https:\/\/i0.wp.com\/www.freidenker.org\/fw17\/wp-content\/uploads\/2023\/05\/WUF-Kongess_2023_Frank.jpg?fit=225%2C300&#038;ssl=1\" data-large-file=\"https:\/\/i0.wp.com\/www.freidenker.org\/fw17\/wp-content\/uploads\/2023\/05\/WUF-Kongess_2023_Frank.jpg?fit=768%2C1024&#038;ssl=1\" src=\"https:\/\/i0.wp.com\/www.freidenker.org\/fw17\/wp-content\/uploads\/2023\/05\/WUF-Kongess_2023_Frank.jpg?w=430&#038;h=573&#038;ssl=1\" srcset=\"https:\/\/i0.wp.com\/www.freidenker.org\/fw17\/wp-content\/uploads\/2023\/05\/WUF-Kongess_2023_Frank.jpg?w=1200&amp;ssl=1 1200w, https:\/\/i0.wp.com\/www.freidenker.org\/fw17\/wp-content\/uploads\/2023\/05\/WUF-Kongess_2023_Frank.jpg?resize=225%2C300&amp;ssl=1 225w, https:\/\/i0.wp.com\/www.freidenker.org\/fw17\/wp-content\/uploads\/2023\/05\/WUF-Kongess_2023_Frank.jpg?resize=768%2C1024&amp;ssl=1 768w, https:\/\/i0.wp.com\/www.freidenker.org\/fw17\/wp-content\/uploads\/2023\/05\/WUF-Kongess_2023_Frank.jpg?resize=1152%2C1536&amp;ssl=1 1152w\" width=\"430\" height=\"573\" loading=\"lazy\" data-original-width=\"430\" data-original-height=\"573\" itemprop=\"http:\/\/schema.org\/image\" title=\"WUF-Kongess_2023_Frank\" alt=\"Ekaterina Frank (Foto: K.-R. Landau)\" style=\"width: 430px; height: 573px;\" \/> <\/a> <div class=\"tiled-gallery-caption\" itemprop=\"caption description\"> Ekaterina Frank (Foto: K.-R. Landau) <\/div> <\/div> <\/div> <!-- close group --> <div class=\"gallery-group images-3\" style=\"width: 366px; height: 577px;\" data-original-width=\"366\" data-original-height=\"577\" > <div class=\"tiled-gallery-item tiled-gallery-item-large\" itemprop=\"associatedMedia\" itemscope itemtype=\"http:\/\/schema.org\/ImageObject\"> <a href=\"https:\/\/www.freidenker.org\/?attachment_id=16154\" border=\"0\" itemprop=\"url\"> <meta itemprop=\"width\" content=\"362\"> <meta itemprop=\"height\" content=\"182\"> <img decoding=\"async\" class=\"\" data-attachment-id=\"16154\" data-orig-file=\"https:\/\/www.freidenker.org\/fw17\/wp-content\/uploads\/2023\/05\/WUF-Kongress_2023_gB_Praesidium02.jpg\" data-orig-size=\"1600,803\" data-comments-opened=\"\" data-image-meta=\"{&quot;aperture&quot;:&quot;0&quot;,&quot;credit&quot;:&quot;&quot;,&quot;camera&quot;:&quot;&quot;,&quot;caption&quot;:&quot;&quot;,&quot;created_timestamp&quot;:&quot;0&quot;,&quot;copyright&quot;:&quot;&quot;,&quot;focal_length&quot;:&quot;0&quot;,&quot;iso&quot;:&quot;0&quot;,&quot;shutter_speed&quot;:&quot;0&quot;,&quot;title&quot;:&quot;&quot;,&quot;orientation&quot;:&quot;1&quot;}\" data-image-title=\"WUF-Kongress_2023_gB_Pr\u00e4sidium02\" data-image-description=\"\" data-medium-file=\"https:\/\/i0.wp.com\/www.freidenker.org\/fw17\/wp-content\/uploads\/2023\/05\/WUF-Kongress_2023_gB_Praesidium02.jpg?fit=300%2C151&#038;ssl=1\" data-large-file=\"https:\/\/i0.wp.com\/www.freidenker.org\/fw17\/wp-content\/uploads\/2023\/05\/WUF-Kongress_2023_gB_Praesidium02.jpg?fit=800%2C402&#038;ssl=1\" src=\"https:\/\/i0.wp.com\/www.freidenker.org\/fw17\/wp-content\/uploads\/2023\/05\/WUF-Kongress_2023_gB_Praesidium02.jpg?w=362&#038;h=182&#038;ssl=1\" srcset=\"https:\/\/i0.wp.com\/www.freidenker.org\/fw17\/wp-content\/uploads\/2023\/05\/WUF-Kongress_2023_gB_Praesidium02.jpg?w=1600&amp;ssl=1 1600w, https:\/\/i0.wp.com\/www.freidenker.org\/fw17\/wp-content\/uploads\/2023\/05\/WUF-Kongress_2023_gB_Praesidium02.jpg?resize=300%2C151&amp;ssl=1 300w, https:\/\/i0.wp.com\/www.freidenker.org\/fw17\/wp-content\/uploads\/2023\/05\/WUF-Kongress_2023_gB_Praesidium02.jpg?resize=1024%2C514&amp;ssl=1 1024w, https:\/\/i0.wp.com\/www.freidenker.org\/fw17\/wp-content\/uploads\/2023\/05\/WUF-Kongress_2023_gB_Praesidium02.jpg?resize=768%2C385&amp;ssl=1 768w, https:\/\/i0.wp.com\/www.freidenker.org\/fw17\/wp-content\/uploads\/2023\/05\/WUF-Kongress_2023_gB_Praesidium02.jpg?resize=1536%2C771&amp;ssl=1 1536w\" width=\"362\" height=\"182\" loading=\"lazy\" data-original-width=\"362\" data-original-height=\"182\" itemprop=\"http:\/\/schema.org\/image\" title=\"WUF-Kongress_2023_gB_Pr\u00e4sidium02\" alt=\"Blick auf das Pr\u00e4sidium\" style=\"width: 362px; height: 182px;\" \/> <\/a> <div class=\"tiled-gallery-caption\" itemprop=\"caption description\"> Blick auf das Pr\u00e4sidium <\/div> <\/div> <div class=\"tiled-gallery-item tiled-gallery-item-large\" itemprop=\"associatedMedia\" itemscope itemtype=\"http:\/\/schema.org\/ImageObject\"> <a href=\"https:\/\/www.freidenker.org\/?attachment_id=16156\" border=\"0\" itemprop=\"url\"> <meta itemprop=\"width\" content=\"362\"> <meta itemprop=\"height\" content=\"192\"> <img decoding=\"async\" class=\"\" data-attachment-id=\"16156\" data-orig-file=\"https:\/\/www.freidenker.org\/fw17\/wp-content\/uploads\/2023\/05\/WUF-Kongress_2023_gB_Hartmann04.jpg\" data-orig-size=\"1600,846\" data-comments-opened=\"\" data-image-meta=\"{&quot;aperture&quot;:&quot;0&quot;,&quot;credit&quot;:&quot;&quot;,&quot;camera&quot;:&quot;&quot;,&quot;caption&quot;:&quot;&quot;,&quot;created_timestamp&quot;:&quot;0&quot;,&quot;copyright&quot;:&quot;&quot;,&quot;focal_length&quot;:&quot;0&quot;,&quot;iso&quot;:&quot;0&quot;,&quot;shutter_speed&quot;:&quot;0&quot;,&quot;title&quot;:&quot;&quot;,&quot;orientation&quot;:&quot;1&quot;}\" data-image-title=\"WUF-Kongress_2023_gB_Hartmann04\" data-image-description=\"\" data-medium-file=\"https:\/\/i0.wp.com\/www.freidenker.org\/fw17\/wp-content\/uploads\/2023\/05\/WUF-Kongress_2023_gB_Hartmann04.jpg?fit=300%2C159&#038;ssl=1\" data-large-file=\"https:\/\/i0.wp.com\/www.freidenker.org\/fw17\/wp-content\/uploads\/2023\/05\/WUF-Kongress_2023_gB_Hartmann04.jpg?fit=800%2C423&#038;ssl=1\" src=\"https:\/\/i0.wp.com\/www.freidenker.org\/fw17\/wp-content\/uploads\/2023\/05\/WUF-Kongress_2023_gB_Hartmann04.jpg?w=362&#038;h=192&#038;ssl=1\" srcset=\"https:\/\/i0.wp.com\/www.freidenker.org\/fw17\/wp-content\/uploads\/2023\/05\/WUF-Kongress_2023_gB_Hartmann04.jpg?w=1600&amp;ssl=1 1600w, https:\/\/i0.wp.com\/www.freidenker.org\/fw17\/wp-content\/uploads\/2023\/05\/WUF-Kongress_2023_gB_Hartmann04.jpg?resize=300%2C159&amp;ssl=1 300w, https:\/\/i0.wp.com\/www.freidenker.org\/fw17\/wp-content\/uploads\/2023\/05\/WUF-Kongress_2023_gB_Hartmann04.jpg?resize=1024%2C541&amp;ssl=1 1024w, https:\/\/i0.wp.com\/www.freidenker.org\/fw17\/wp-content\/uploads\/2023\/05\/WUF-Kongress_2023_gB_Hartmann04.jpg?resize=768%2C406&amp;ssl=1 768w, https:\/\/i0.wp.com\/www.freidenker.org\/fw17\/wp-content\/uploads\/2023\/05\/WUF-Kongress_2023_gB_Hartmann04.jpg?resize=1536%2C812&amp;ssl=1 1536w\" width=\"362\" height=\"192\" loading=\"lazy\" data-original-width=\"362\" data-original-height=\"192\" itemprop=\"http:\/\/schema.org\/image\" title=\"WUF-Kongress_2023_gB_Hartmann04\" alt=\"Klaus Hartmann, Pr\u00e4sident der Weltunion der Freidenker\" style=\"width: 362px; height: 192px;\" \/> <\/a> <div class=\"tiled-gallery-caption\" itemprop=\"caption description\"> Klaus Hartmann, Pr\u00e4sident der Weltunion der Freidenker <\/div> <\/div> <div class=\"tiled-gallery-item tiled-gallery-item-large\" itemprop=\"associatedMedia\" itemscope itemtype=\"http:\/\/schema.org\/ImageObject\"> <a href=\"https:\/\/www.freidenker.org\/?attachment_id=16157\" border=\"0\" itemprop=\"url\"> <meta itemprop=\"width\" content=\"362\"> <meta itemprop=\"height\" content=\"191\"> <img decoding=\"async\" class=\"\" data-attachment-id=\"16157\" data-orig-file=\"https:\/\/www.freidenker.org\/fw17\/wp-content\/uploads\/2023\/05\/WUF-Kongress_2023_gB_Hartmann05.jpg\" data-orig-size=\"1600,844\" data-comments-opened=\"\" data-image-meta=\"{&quot;aperture&quot;:&quot;0&quot;,&quot;credit&quot;:&quot;&quot;,&quot;camera&quot;:&quot;&quot;,&quot;caption&quot;:&quot;&quot;,&quot;created_timestamp&quot;:&quot;0&quot;,&quot;copyright&quot;:&quot;&quot;,&quot;focal_length&quot;:&quot;0&quot;,&quot;iso&quot;:&quot;0&quot;,&quot;shutter_speed&quot;:&quot;0&quot;,&quot;title&quot;:&quot;&quot;,&quot;orientation&quot;:&quot;1&quot;}\" data-image-title=\"WUF-Kongress_2023_gB_Hartmann05\" data-image-description=\"\" data-medium-file=\"https:\/\/i0.wp.com\/www.freidenker.org\/fw17\/wp-content\/uploads\/2023\/05\/WUF-Kongress_2023_gB_Hartmann05.jpg?fit=300%2C158&#038;ssl=1\" data-large-file=\"https:\/\/i0.wp.com\/www.freidenker.org\/fw17\/wp-content\/uploads\/2023\/05\/WUF-Kongress_2023_gB_Hartmann05.jpg?fit=800%2C422&#038;ssl=1\" src=\"https:\/\/i0.wp.com\/www.freidenker.org\/fw17\/wp-content\/uploads\/2023\/05\/WUF-Kongress_2023_gB_Hartmann05.jpg?w=362&#038;h=191&#038;ssl=1\" srcset=\"https:\/\/i0.wp.com\/www.freidenker.org\/fw17\/wp-content\/uploads\/2023\/05\/WUF-Kongress_2023_gB_Hartmann05.jpg?w=1600&amp;ssl=1 1600w, https:\/\/i0.wp.com\/www.freidenker.org\/fw17\/wp-content\/uploads\/2023\/05\/WUF-Kongress_2023_gB_Hartmann05.jpg?resize=300%2C158&amp;ssl=1 300w, https:\/\/i0.wp.com\/www.freidenker.org\/fw17\/wp-content\/uploads\/2023\/05\/WUF-Kongress_2023_gB_Hartmann05.jpg?resize=1024%2C540&amp;ssl=1 1024w, https:\/\/i0.wp.com\/www.freidenker.org\/fw17\/wp-content\/uploads\/2023\/05\/WUF-Kongress_2023_gB_Hartmann05.jpg?resize=768%2C405&amp;ssl=1 768w, https:\/\/i0.wp.com\/www.freidenker.org\/fw17\/wp-content\/uploads\/2023\/05\/WUF-Kongress_2023_gB_Hartmann05.jpg?resize=1536%2C810&amp;ssl=1 1536w, https:\/\/i0.wp.com\/www.freidenker.org\/fw17\/wp-content\/uploads\/2023\/05\/WUF-Kongress_2023_gB_Hartmann05.jpg?resize=390%2C205&amp;ssl=1 390w\" width=\"362\" height=\"191\" loading=\"lazy\" data-original-width=\"362\" data-original-height=\"191\" itemprop=\"http:\/\/schema.org\/image\" title=\"WUF-Kongress_2023_gB_Hartmann05\" alt=\"Klaus Hartmann, Pr\u00e4sident der Weltunion der Freidenker\" style=\"width: 362px; height: 191px;\" \/> <\/a> <div class=\"tiled-gallery-caption\" itemprop=\"caption description\"> Klaus Hartmann, Pr\u00e4sident der Weltunion der Freidenker <\/div> <\/div> <\/div> <!-- close group --> <\/div> <!-- close row --> <div class=\"gallery-row\" style=\"width: 800px; height: 586px;\" data-original-width=\"800\" data-original-height=\"586\" > <div class=\"gallery-group images-1\" style=\"width: 455px; height: 586px;\" data-original-width=\"455\" data-original-height=\"586\" > <div class=\"tiled-gallery-item tiled-gallery-item-large\" itemprop=\"associatedMedia\" itemscope itemtype=\"http:\/\/schema.org\/ImageObject\"> <a href=\"https:\/\/www.freidenker.org\/?attachment_id=16159\" border=\"0\" itemprop=\"url\"> <meta itemprop=\"width\" content=\"451\"> <meta itemprop=\"height\" content=\"582\"> <img decoding=\"async\" class=\"\" data-attachment-id=\"16159\" data-orig-file=\"https:\/\/www.freidenker.org\/fw17\/wp-content\/uploads\/2023\/05\/WUF-Kongress_2023_kB_berger.jpg\" data-orig-size=\"408,526\" data-comments-opened=\"\" data-image-meta=\"{&quot;aperture&quot;:&quot;0&quot;,&quot;credit&quot;:&quot;&quot;,&quot;camera&quot;:&quot;&quot;,&quot;caption&quot;:&quot;&quot;,&quot;created_timestamp&quot;:&quot;0&quot;,&quot;copyright&quot;:&quot;&quot;,&quot;focal_length&quot;:&quot;0&quot;,&quot;iso&quot;:&quot;0&quot;,&quot;shutter_speed&quot;:&quot;0&quot;,&quot;title&quot;:&quot;&quot;,&quot;orientation&quot;:&quot;0&quot;}\" data-image-title=\"WUF-Kongress_2023_kB_berger\" data-image-description=\"\" data-medium-file=\"https:\/\/i0.wp.com\/www.freidenker.org\/fw17\/wp-content\/uploads\/2023\/05\/WUF-Kongress_2023_kB_berger.jpg?fit=233%2C300&#038;ssl=1\" data-large-file=\"https:\/\/i0.wp.com\/www.freidenker.org\/fw17\/wp-content\/uploads\/2023\/05\/WUF-Kongress_2023_kB_berger.jpg?fit=408%2C526&#038;ssl=1\" src=\"https:\/\/i0.wp.com\/www.freidenker.org\/fw17\/wp-content\/uploads\/2023\/05\/WUF-Kongress_2023_kB_berger.jpg?w=451&#038;h=582&#038;ssl=1\" srcset=\"https:\/\/i0.wp.com\/www.freidenker.org\/fw17\/wp-content\/uploads\/2023\/05\/WUF-Kongress_2023_kB_berger.jpg?w=408&amp;ssl=1 408w, https:\/\/i0.wp.com\/www.freidenker.org\/fw17\/wp-content\/uploads\/2023\/05\/WUF-Kongress_2023_kB_berger.jpg?resize=233%2C300&amp;ssl=1 233w\" width=\"451\" height=\"582\" loading=\"lazy\" data-original-width=\"451\" data-original-height=\"582\" itemprop=\"http:\/\/schema.org\/image\" title=\"WUF-Kongress_2023_kB_berger\" alt=\"Peter Berger, Schweiz, Schatzmeister der Weltunion\" style=\"width: 451px; height: 582px;\" \/> <\/a> <div class=\"tiled-gallery-caption\" itemprop=\"caption description\"> Peter Berger, Schweiz, Schatzmeister der Weltunion <\/div> <\/div> <\/div> <!-- close group --> <div class=\"gallery-group images-2\" style=\"width: 345px; height: 586px;\" data-original-width=\"345\" data-original-height=\"586\" > <div class=\"tiled-gallery-item tiled-gallery-item-large\" itemprop=\"associatedMedia\" itemscope itemtype=\"http:\/\/schema.org\/ImageObject\"> <a href=\"https:\/\/www.freidenker.org\/?attachment_id=16165\" border=\"0\" itemprop=\"url\"> <meta itemprop=\"width\" content=\"341\"> <meta itemprop=\"height\" content=\"369\"> <img decoding=\"async\" class=\"\" data-attachment-id=\"16165\" data-orig-file=\"https:\/\/www.freidenker.org\/fw17\/wp-content\/uploads\/2023\/05\/WUF-Kongress_2023_kB_Ruegemer.jpg\" data-orig-size=\"352,381\" data-comments-opened=\"\" data-image-meta=\"{&quot;aperture&quot;:&quot;0&quot;,&quot;credit&quot;:&quot;&quot;,&quot;camera&quot;:&quot;&quot;,&quot;caption&quot;:&quot;&quot;,&quot;created_timestamp&quot;:&quot;0&quot;,&quot;copyright&quot;:&quot;&quot;,&quot;focal_length&quot;:&quot;0&quot;,&quot;iso&quot;:&quot;0&quot;,&quot;shutter_speed&quot;:&quot;0&quot;,&quot;title&quot;:&quot;&quot;,&quot;orientation&quot;:&quot;0&quot;}\" data-image-title=\"WUF-Kongress_2023_kB_R\u00fcgemer\" data-image-description=\"\" data-medium-file=\"https:\/\/i0.wp.com\/www.freidenker.org\/fw17\/wp-content\/uploads\/2023\/05\/WUF-Kongress_2023_kB_Ruegemer.jpg?fit=277%2C300&#038;ssl=1\" data-large-file=\"https:\/\/i0.wp.com\/www.freidenker.org\/fw17\/wp-content\/uploads\/2023\/05\/WUF-Kongress_2023_kB_Ruegemer.jpg?fit=352%2C381&#038;ssl=1\" src=\"https:\/\/i0.wp.com\/www.freidenker.org\/fw17\/wp-content\/uploads\/2023\/05\/WUF-Kongress_2023_kB_Ruegemer.jpg?w=341&#038;h=369&#038;ssl=1\" srcset=\"https:\/\/i0.wp.com\/www.freidenker.org\/fw17\/wp-content\/uploads\/2023\/05\/WUF-Kongress_2023_kB_Ruegemer.jpg?w=352&amp;ssl=1 352w, https:\/\/i0.wp.com\/www.freidenker.org\/fw17\/wp-content\/uploads\/2023\/05\/WUF-Kongress_2023_kB_Ruegemer.jpg?resize=277%2C300&amp;ssl=1 277w\" width=\"341\" height=\"369\" loading=\"lazy\" data-original-width=\"341\" data-original-height=\"369\" itemprop=\"http:\/\/schema.org\/image\" title=\"WUF-Kongress_2023_kB_R\u00fcgemer\" alt=\"Dr. Werner R\u00fcgemer, Sprecher des Beirats des Deutschen Freidenker-Verbandes\" style=\"width: 341px; height: 369px;\" \/> <\/a> <div class=\"tiled-gallery-caption\" itemprop=\"caption description\"> Dr. Werner R\u00fcgemer, Sprecher des Beirats des Deutschen Freidenker-Verbandes <\/div> <\/div> <div class=\"tiled-gallery-item tiled-gallery-item-large\" itemprop=\"associatedMedia\" itemscope itemtype=\"http:\/\/schema.org\/ImageObject\"> <a href=\"https:\/\/www.freidenker.org\/?attachment_id=16163\" border=\"0\" itemprop=\"url\"> <meta itemprop=\"width\" content=\"341\"> <meta itemprop=\"height\" content=\"209\"> <img decoding=\"async\" class=\"\" data-attachment-id=\"16163\" data-orig-file=\"https:\/\/www.freidenker.org\/fw17\/wp-content\/uploads\/2023\/05\/WUF-Kongress_2023_kB_krsljanin.jpg\" data-orig-size=\"370,227\" data-comments-opened=\"\" data-image-meta=\"{&quot;aperture&quot;:&quot;0&quot;,&quot;credit&quot;:&quot;&quot;,&quot;camera&quot;:&quot;&quot;,&quot;caption&quot;:&quot;&quot;,&quot;created_timestamp&quot;:&quot;0&quot;,&quot;copyright&quot;:&quot;&quot;,&quot;focal_length&quot;:&quot;0&quot;,&quot;iso&quot;:&quot;0&quot;,&quot;shutter_speed&quot;:&quot;0&quot;,&quot;title&quot;:&quot;&quot;,&quot;orientation&quot;:&quot;0&quot;}\" data-image-title=\"WUF-Kongress_2023_kB_krsljanin\" data-image-description=\"\" data-medium-file=\"https:\/\/i0.wp.com\/www.freidenker.org\/fw17\/wp-content\/uploads\/2023\/05\/WUF-Kongress_2023_kB_krsljanin.jpg?fit=300%2C184&#038;ssl=1\" data-large-file=\"https:\/\/i0.wp.com\/www.freidenker.org\/fw17\/wp-content\/uploads\/2023\/05\/WUF-Kongress_2023_kB_krsljanin.jpg?fit=370%2C227&#038;ssl=1\" src=\"https:\/\/i0.wp.com\/www.freidenker.org\/fw17\/wp-content\/uploads\/2023\/05\/WUF-Kongress_2023_kB_krsljanin.jpg?w=341&#038;h=209&#038;ssl=1\" srcset=\"https:\/\/i0.wp.com\/www.freidenker.org\/fw17\/wp-content\/uploads\/2023\/05\/WUF-Kongress_2023_kB_krsljanin.jpg?w=370&amp;ssl=1 370w, https:\/\/i0.wp.com\/www.freidenker.org\/fw17\/wp-content\/uploads\/2023\/05\/WUF-Kongress_2023_kB_krsljanin.jpg?resize=300%2C184&amp;ssl=1 300w\" width=\"341\" height=\"209\" loading=\"lazy\" data-original-width=\"341\" data-original-height=\"209\" itemprop=\"http:\/\/schema.org\/image\" title=\"WUF-Kongress_2023_kB_krsljanin\" alt=\"Vladimir Kr\u0161ljanin, per Video aus Belgrad\" style=\"width: 341px; height: 209px;\" \/> <\/a> <div class=\"tiled-gallery-caption\" itemprop=\"caption description\"> Vladimir Kr\u0161ljanin, per Video aus Belgrad <\/div> <\/div> <\/div> <!-- close group --> <\/div> <!-- close row --> <div class=\"gallery-row\" style=\"width: 800px; height: 608px;\" data-original-width=\"800\" data-original-height=\"608\" > <div class=\"gallery-group images-3\" style=\"width: 243px; height: 608px;\" data-original-width=\"243\" data-original-height=\"608\" > <div class=\"tiled-gallery-item tiled-gallery-item-small\" itemprop=\"associatedMedia\" itemscope itemtype=\"http:\/\/schema.org\/ImageObject\"> <a href=\"https:\/\/www.freidenker.org\/?attachment_id=16164\" border=\"0\" itemprop=\"url\"> <meta itemprop=\"width\" content=\"239\"> <meta itemprop=\"height\" content=\"231\"> <img decoding=\"async\" class=\"\" data-attachment-id=\"16164\" data-orig-file=\"https:\/\/www.freidenker.org\/fw17\/wp-content\/uploads\/2023\/05\/WUF-Kongress_2023_kB_oesch.jpg\" data-orig-size=\"483,466\" data-comments-opened=\"\" data-image-meta=\"{&quot;aperture&quot;:&quot;0&quot;,&quot;credit&quot;:&quot;&quot;,&quot;camera&quot;:&quot;&quot;,&quot;caption&quot;:&quot;&quot;,&quot;created_timestamp&quot;:&quot;0&quot;,&quot;copyright&quot;:&quot;&quot;,&quot;focal_length&quot;:&quot;0&quot;,&quot;iso&quot;:&quot;0&quot;,&quot;shutter_speed&quot;:&quot;0&quot;,&quot;title&quot;:&quot;&quot;,&quot;orientation&quot;:&quot;0&quot;}\" data-image-title=\"WUF-Kongress_2023_kB_oesch\" data-image-description=\"\" data-medium-file=\"https:\/\/i0.wp.com\/www.freidenker.org\/fw17\/wp-content\/uploads\/2023\/05\/WUF-Kongress_2023_kB_oesch.jpg?fit=300%2C289&#038;ssl=1\" data-large-file=\"https:\/\/i0.wp.com\/www.freidenker.org\/fw17\/wp-content\/uploads\/2023\/05\/WUF-Kongress_2023_kB_oesch.jpg?fit=483%2C466&#038;ssl=1\" src=\"https:\/\/i0.wp.com\/www.freidenker.org\/fw17\/wp-content\/uploads\/2023\/05\/WUF-Kongress_2023_kB_oesch.jpg?w=239&#038;h=231&#038;ssl=1\" srcset=\"https:\/\/i0.wp.com\/www.freidenker.org\/fw17\/wp-content\/uploads\/2023\/05\/WUF-Kongress_2023_kB_oesch.jpg?w=483&amp;ssl=1 483w, https:\/\/i0.wp.com\/www.freidenker.org\/fw17\/wp-content\/uploads\/2023\/05\/WUF-Kongress_2023_kB_oesch.jpg?resize=300%2C289&amp;ssl=1 300w\" width=\"239\" height=\"231\" loading=\"lazy\" data-original-width=\"239\" data-original-height=\"231\" itemprop=\"http:\/\/schema.org\/image\" title=\"WUF-Kongress_2023_kB_oesch\" alt=\"Dr. Corinna Oesch, Wien\" style=\"width: 239px; height: 231px;\" \/> <\/a> <div class=\"tiled-gallery-caption\" itemprop=\"caption description\"> Dr. Corinna Oesch, Wien <\/div> <\/div> <div class=\"tiled-gallery-item tiled-gallery-item-small\" itemprop=\"associatedMedia\" itemscope itemtype=\"http:\/\/schema.org\/ImageObject\"> <a href=\"https:\/\/www.freidenker.org\/?attachment_id=16155\" border=\"0\" itemprop=\"url\"> <meta itemprop=\"width\" content=\"239\"> <meta itemprop=\"height\" content=\"127\"> <img decoding=\"async\" class=\"\" data-attachment-id=\"16155\" data-orig-file=\"https:\/\/www.freidenker.org\/fw17\/wp-content\/uploads\/2023\/05\/WUF-Kongress_2023_gB_Frank02.jpg\" data-orig-size=\"1600,849\" data-comments-opened=\"\" data-image-meta=\"{&quot;aperture&quot;:&quot;0&quot;,&quot;credit&quot;:&quot;&quot;,&quot;camera&quot;:&quot;&quot;,&quot;caption&quot;:&quot;&quot;,&quot;created_timestamp&quot;:&quot;0&quot;,&quot;copyright&quot;:&quot;&quot;,&quot;focal_length&quot;:&quot;0&quot;,&quot;iso&quot;:&quot;0&quot;,&quot;shutter_speed&quot;:&quot;0&quot;,&quot;title&quot;:&quot;&quot;,&quot;orientation&quot;:&quot;1&quot;}\" data-image-title=\"WUF-Kongress_2023_gB_Frank02\" data-image-description=\"\" data-medium-file=\"https:\/\/i0.wp.com\/www.freidenker.org\/fw17\/wp-content\/uploads\/2023\/05\/WUF-Kongress_2023_gB_Frank02.jpg?fit=300%2C159&#038;ssl=1\" data-large-file=\"https:\/\/i0.wp.com\/www.freidenker.org\/fw17\/wp-content\/uploads\/2023\/05\/WUF-Kongress_2023_gB_Frank02.jpg?fit=800%2C424&#038;ssl=1\" src=\"https:\/\/i0.wp.com\/www.freidenker.org\/fw17\/wp-content\/uploads\/2023\/05\/WUF-Kongress_2023_gB_Frank02.jpg?w=239&#038;h=127&#038;ssl=1\" srcset=\"https:\/\/i0.wp.com\/www.freidenker.org\/fw17\/wp-content\/uploads\/2023\/05\/WUF-Kongress_2023_gB_Frank02.jpg?w=1600&amp;ssl=1 1600w, https:\/\/i0.wp.com\/www.freidenker.org\/fw17\/wp-content\/uploads\/2023\/05\/WUF-Kongress_2023_gB_Frank02.jpg?resize=300%2C159&amp;ssl=1 300w, https:\/\/i0.wp.com\/www.freidenker.org\/fw17\/wp-content\/uploads\/2023\/05\/WUF-Kongress_2023_gB_Frank02.jpg?resize=1024%2C543&amp;ssl=1 1024w, https:\/\/i0.wp.com\/www.freidenker.org\/fw17\/wp-content\/uploads\/2023\/05\/WUF-Kongress_2023_gB_Frank02.jpg?resize=768%2C408&amp;ssl=1 768w, https:\/\/i0.wp.com\/www.freidenker.org\/fw17\/wp-content\/uploads\/2023\/05\/WUF-Kongress_2023_gB_Frank02.jpg?resize=1536%2C815&amp;ssl=1 1536w, https:\/\/i0.wp.com\/www.freidenker.org\/fw17\/wp-content\/uploads\/2023\/05\/WUF-Kongress_2023_gB_Frank02.jpg?resize=390%2C205&amp;ssl=1 390w\" width=\"239\" height=\"127\" loading=\"lazy\" data-original-width=\"239\" data-original-height=\"127\" itemprop=\"http:\/\/schema.org\/image\" title=\"WUF-Kongress_2023_gB_Frank02\" alt=\"Ekaterina Frank\" style=\"width: 239px; height: 127px;\" \/> <\/a> <div class=\"tiled-gallery-caption\" itemprop=\"caption description\"> Ekaterina Frank <\/div> <\/div> <div class=\"tiled-gallery-item tiled-gallery-item-small\" itemprop=\"associatedMedia\" itemscope itemtype=\"http:\/\/schema.org\/ImageObject\"> <a href=\"https:\/\/www.freidenker.org\/?attachment_id=16160\" border=\"0\" itemprop=\"url\"> <meta itemprop=\"width\" content=\"239\"> <meta itemprop=\"height\" content=\"238\"> <img decoding=\"async\" class=\"\" data-attachment-id=\"16160\" data-orig-file=\"https:\/\/www.freidenker.org\/fw17\/wp-content\/uploads\/2023\/05\/WUF-Kongress_2023_kB_dawson.jpg\" data-orig-size=\"512,511\" data-comments-opened=\"\" data-image-meta=\"{&quot;aperture&quot;:&quot;0&quot;,&quot;credit&quot;:&quot;&quot;,&quot;camera&quot;:&quot;&quot;,&quot;caption&quot;:&quot;&quot;,&quot;created_timestamp&quot;:&quot;0&quot;,&quot;copyright&quot;:&quot;&quot;,&quot;focal_length&quot;:&quot;0&quot;,&quot;iso&quot;:&quot;0&quot;,&quot;shutter_speed&quot;:&quot;0&quot;,&quot;title&quot;:&quot;&quot;,&quot;orientation&quot;:&quot;0&quot;}\" data-image-title=\"WUF-Kongress_2023_kB_dawson\" data-image-description=\"\" data-medium-file=\"https:\/\/i0.wp.com\/www.freidenker.org\/fw17\/wp-content\/uploads\/2023\/05\/WUF-Kongress_2023_kB_dawson.jpg?fit=300%2C300&#038;ssl=1\" data-large-file=\"https:\/\/i0.wp.com\/www.freidenker.org\/fw17\/wp-content\/uploads\/2023\/05\/WUF-Kongress_2023_kB_dawson.jpg?fit=512%2C511&#038;ssl=1\" src=\"https:\/\/i0.wp.com\/www.freidenker.org\/fw17\/wp-content\/uploads\/2023\/05\/WUF-Kongress_2023_kB_dawson.jpg?w=239&#038;h=238&#038;ssl=1\" srcset=\"https:\/\/i0.wp.com\/www.freidenker.org\/fw17\/wp-content\/uploads\/2023\/05\/WUF-Kongress_2023_kB_dawson.jpg?w=512&amp;ssl=1 512w, https:\/\/i0.wp.com\/www.freidenker.org\/fw17\/wp-content\/uploads\/2023\/05\/WUF-Kongress_2023_kB_dawson.jpg?resize=300%2C300&amp;ssl=1 300w, https:\/\/i0.wp.com\/www.freidenker.org\/fw17\/wp-content\/uploads\/2023\/05\/WUF-Kongress_2023_kB_dawson.jpg?resize=150%2C150&amp;ssl=1 150w\" width=\"239\" height=\"238\" loading=\"lazy\" data-original-width=\"239\" data-original-height=\"238\" itemprop=\"http:\/\/schema.org\/image\" title=\"WUF-Kongress_2023_kB_dawson\" alt=\"S\u00e4nger Guy Dawson\" style=\"width: 239px; height: 238px;\" \/> <\/a> <div class=\"tiled-gallery-caption\" itemprop=\"caption description\"> S\u00e4nger Guy Dawson <\/div> <\/div> <\/div> <!-- close group --> <div class=\"gallery-group images-1\" style=\"width: 557px; height: 608px;\" data-original-width=\"557\" data-original-height=\"608\" > <div class=\"tiled-gallery-item tiled-gallery-item-large\" itemprop=\"associatedMedia\" itemscope itemtype=\"http:\/\/schema.org\/ImageObject\"> <a href=\"https:\/\/www.freidenker.org\/?attachment_id=16161\" border=\"0\" itemprop=\"url\"> <meta itemprop=\"width\" content=\"553\"> <meta itemprop=\"height\" content=\"604\"> <img decoding=\"async\" class=\"\" data-attachment-id=\"16161\" data-orig-file=\"https:\/\/www.freidenker.org\/fw17\/wp-content\/uploads\/2023\/05\/WUF-Kongress_2023_kB_Ernesto.jpg\" data-orig-size=\"503,550\" data-comments-opened=\"\" data-image-meta=\"{&quot;aperture&quot;:&quot;0&quot;,&quot;credit&quot;:&quot;&quot;,&quot;camera&quot;:&quot;&quot;,&quot;caption&quot;:&quot;&quot;,&quot;created_timestamp&quot;:&quot;0&quot;,&quot;copyright&quot;:&quot;&quot;,&quot;focal_length&quot;:&quot;0&quot;,&quot;iso&quot;:&quot;0&quot;,&quot;shutter_speed&quot;:&quot;0&quot;,&quot;title&quot;:&quot;&quot;,&quot;orientation&quot;:&quot;0&quot;}\" data-image-title=\"WUF-Kongress_2023_kB_Ernesto\" data-image-description=\"\" data-medium-file=\"https:\/\/i0.wp.com\/www.freidenker.org\/fw17\/wp-content\/uploads\/2023\/05\/WUF-Kongress_2023_kB_Ernesto.jpg?fit=274%2C300&#038;ssl=1\" data-large-file=\"https:\/\/i0.wp.com\/www.freidenker.org\/fw17\/wp-content\/uploads\/2023\/05\/WUF-Kongress_2023_kB_Ernesto.jpg?fit=503%2C550&#038;ssl=1\" src=\"https:\/\/i0.wp.com\/www.freidenker.org\/fw17\/wp-content\/uploads\/2023\/05\/WUF-Kongress_2023_kB_Ernesto.jpg?w=553&#038;h=604&#038;ssl=1\" srcset=\"https:\/\/i0.wp.com\/www.freidenker.org\/fw17\/wp-content\/uploads\/2023\/05\/WUF-Kongress_2023_kB_Ernesto.jpg?w=503&amp;ssl=1 503w, https:\/\/i0.wp.com\/www.freidenker.org\/fw17\/wp-content\/uploads\/2023\/05\/WUF-Kongress_2023_kB_Ernesto.jpg?resize=274%2C300&amp;ssl=1 274w\" width=\"553\" height=\"604\" loading=\"lazy\" data-original-width=\"553\" data-original-height=\"604\" itemprop=\"http:\/\/schema.org\/image\" title=\"WUF-Kongress_2023_kB_Ernesto\" alt=\"S\u00e4nger Ernesto Schwarz\" style=\"width: 553px; height: 604px;\" \/> <\/a> <div class=\"tiled-gallery-caption\" itemprop=\"caption description\"> S\u00e4nger Ernesto Schwarz <\/div> <\/div> <\/div> <!-- close group --> <\/div> <!-- close row --> <div class=\"gallery-row\" style=\"width: 800px; height: 333px;\" data-original-width=\"800\" data-original-height=\"333\" > <div class=\"gallery-group images-1\" style=\"width: 800px; height: 333px;\" data-original-width=\"800\" data-original-height=\"333\" > <div class=\"tiled-gallery-item tiled-gallery-item-large\" itemprop=\"associatedMedia\" itemscope itemtype=\"http:\/\/schema.org\/ImageObject\"> <a href=\"https:\/\/www.freidenker.org\/?attachment_id=16162\" border=\"0\" itemprop=\"url\"> <meta itemprop=\"width\" content=\"796\"> <meta itemprop=\"height\" content=\"329\"> <img decoding=\"async\" class=\"\" data-attachment-id=\"16162\" data-orig-file=\"https:\/\/www.freidenker.org\/fw17\/wp-content\/uploads\/2023\/05\/WUF-Kongress_2023_kB_hartmann_glitscher-bailey.jpg\" data-orig-size=\"1265,523\" data-comments-opened=\"\" data-image-meta=\"{&quot;aperture&quot;:&quot;0&quot;,&quot;credit&quot;:&quot;&quot;,&quot;camera&quot;:&quot;&quot;,&quot;caption&quot;:&quot;&quot;,&quot;created_timestamp&quot;:&quot;0&quot;,&quot;copyright&quot;:&quot;&quot;,&quot;focal_length&quot;:&quot;0&quot;,&quot;iso&quot;:&quot;0&quot;,&quot;shutter_speed&quot;:&quot;0&quot;,&quot;title&quot;:&quot;&quot;,&quot;orientation&quot;:&quot;0&quot;}\" data-image-title=\"WUF-Kongress_2023_kB_hartmann_glitscher-bailey\" data-image-description=\"\" data-medium-file=\"https:\/\/i0.wp.com\/www.freidenker.org\/fw17\/wp-content\/uploads\/2023\/05\/WUF-Kongress_2023_kB_hartmann_glitscher-bailey.jpg?fit=300%2C124&#038;ssl=1\" data-large-file=\"https:\/\/i0.wp.com\/www.freidenker.org\/fw17\/wp-content\/uploads\/2023\/05\/WUF-Kongress_2023_kB_hartmann_glitscher-bailey.jpg?fit=800%2C330&#038;ssl=1\" src=\"https:\/\/i0.wp.com\/www.freidenker.org\/fw17\/wp-content\/uploads\/2023\/05\/WUF-Kongress_2023_kB_hartmann_glitscher-bailey.jpg?w=796&#038;h=329&#038;ssl=1\" srcset=\"https:\/\/i0.wp.com\/www.freidenker.org\/fw17\/wp-content\/uploads\/2023\/05\/WUF-Kongress_2023_kB_hartmann_glitscher-bailey.jpg?w=1265&amp;ssl=1 1265w, https:\/\/i0.wp.com\/www.freidenker.org\/fw17\/wp-content\/uploads\/2023\/05\/WUF-Kongress_2023_kB_hartmann_glitscher-bailey.jpg?resize=300%2C124&amp;ssl=1 300w, https:\/\/i0.wp.com\/www.freidenker.org\/fw17\/wp-content\/uploads\/2023\/05\/WUF-Kongress_2023_kB_hartmann_glitscher-bailey.jpg?resize=1024%2C423&amp;ssl=1 1024w, https:\/\/i0.wp.com\/www.freidenker.org\/fw17\/wp-content\/uploads\/2023\/05\/WUF-Kongress_2023_kB_hartmann_glitscher-bailey.jpg?resize=768%2C318&amp;ssl=1 768w\" width=\"796\" height=\"329\" loading=\"lazy\" data-original-width=\"796\" data-original-height=\"329\" itemprop=\"http:\/\/schema.org\/image\" title=\"WUF-Kongress_2023_kB_hartmann_glitscher-bailey\" alt=\"Klaus Hartmann, Pr\u00e4sident der Weltunion und Vera Glitscher-Bailey, Delegierte des Deutschen Freidenker-Verbandes im Internationalen Rat der Weltunion der Freidenker\" style=\"width: 796px; height: 329px;\" \/> <\/a> <div class=\"tiled-gallery-caption\" itemprop=\"caption description\"> Klaus Hartmann, Pr\u00e4sident der Weltunion und Vera Glitscher-Bailey, Delegierte des Deutschen Freidenker-Verbandes im Internationalen Rat der Weltunion der Freidenker <\/div> <\/div> <\/div> <!-- close group --> <\/div> <!-- close row --> <\/div>\n<p><span style=\"font-size: 10pt;\"><a href=\"#top\">\u2191 nach oben<\/a><\/span><\/p>\n<hr \/>\n<h4><strong><a id=\"Hartmann\"><\/a>\u201eZeitenwende\u201c zwischen Krieg und Frieden<\/strong><\/h4>\n<p><em>Rede von <strong>Klaus Hartmann<\/strong><\/em><\/p>\n<p><span style=\"font-size: 10pt;\">Gehalten auf dem 50. Kongress der Weltunion der Freidenker am 18.05.2023 in Frankfurt am Main<\/span><\/p>\n<p><img data-recalc-dims=\"1\" loading=\"lazy\" decoding=\"async\" data-attachment-id=\"16168\" data-permalink=\"https:\/\/www.freidenker.org\/?attachment_id=16168\" data-orig-file=\"https:\/\/i0.wp.com\/www.freidenker.org\/fw17\/wp-content\/uploads\/2023\/05\/WUF-Kongress_2023_vig_Hartmann.jpg?fit=200%2C226&amp;ssl=1\" data-orig-size=\"200,226\" data-comments-opened=\"0\" data-image-meta=\"{&quot;aperture&quot;:&quot;0&quot;,&quot;credit&quot;:&quot;&quot;,&quot;camera&quot;:&quot;&quot;,&quot;caption&quot;:&quot;&quot;,&quot;created_timestamp&quot;:&quot;0&quot;,&quot;copyright&quot;:&quot;&quot;,&quot;focal_length&quot;:&quot;0&quot;,&quot;iso&quot;:&quot;0&quot;,&quot;shutter_speed&quot;:&quot;0&quot;,&quot;title&quot;:&quot;&quot;,&quot;orientation&quot;:&quot;1&quot;}\" data-image-title=\"WUF-Kongress_2023_vig_Hartmann\" data-image-description=\"\" data-image-caption=\"\" data-large-file=\"https:\/\/i0.wp.com\/www.freidenker.org\/fw17\/wp-content\/uploads\/2023\/05\/WUF-Kongress_2023_vig_Hartmann.jpg?fit=200%2C226&amp;ssl=1\" class=\"alignleft wp-image-16168 size-full\" src=\"https:\/\/i0.wp.com\/www.freidenker.org\/fw17\/wp-content\/uploads\/2023\/05\/WUF-Kongress_2023_vig_Hartmann.jpg?resize=200%2C226&#038;ssl=1\" alt=\"\" width=\"200\" height=\"226\" \/>Ununterbrochen leben wir in Wendezeiten, wenn wir den Politansagern Glauben schenken, sozusagen von Wende zu Wende. Als es mit der DDR 1989 zu Ende ging und mit ihr der erste deutsche Friedensstaat, wurde das als \u201eWende\u201c sch\u00f6ngeredet. Der sp\u00e4tere Bundeskanzler Helmut Kohl versprach im Bundestagswahlkampf 1980 eine \u201egeistig-moralische Wende\u201c, <a href=\"#_ftn1\" name=\"_ftnref1\">[1]<\/a> und die kam mit dem Abbau sozialer Leistungen, das sollte die \u201eEigenverantwortung\u201c st\u00e4rken, jeder sollte \u201eseines Gl\u00fcckes Schmied\u201c sein, Sch\u00fcler und Studenten nicht mehr politisieren, sondern ihre Karriere vorbereiten, und zu allem wurde das Hohelied vom Individualismus gesungen.<\/p>\n<p>Das Ende des 2. Weltkriegs wird oft als \u201eWendepunkt f\u00fcr die ganze Welt\u201c deklariert, wobei es den einen als Befreiung, den anderen als Niederlage galt. In diesem Jahr 2023 sind die Stimmen jener besonders vernehmbar geworden, die zwar nicht die Befreiung vom Faschismus als solche \u00f6ffentlich bedauern, die aber insbesondere der Sowjetunion ihre Befreiungstat ver\u00fcbeln. In vielen St\u00e4dten, allen voran in der deutschen Hauptstadt Berlin, waren antifaschistische Symbole wie das St. Georgsband verboten, sogar die sowjetische Fahne und die Fahne des Sieges, die Fahne der Russischen F\u00f6deration \u2013 aber selbstverst\u00e4ndlich nicht die ukrainische Fahne. Fahnen des Kriegsverb\u00fcndeten werden nat\u00fcrlich hochgehalten, Jugendliche mit russischen Fahnen am Sowjetischen Ehrenmal in Berlin-Treptow wurden von Polizisten gejagt und zur Strecke gebracht.<a href=\"#_ftn2\" name=\"_ftnref2\">[2]<\/a> <a href=\"#_ftn3\" name=\"_ftnref3\">[3]<\/a> <a href=\"#_ftn4\" name=\"_ftnref4\">[4]<\/a><\/p>\n<p>Diese einer Diktatur w\u00fcrdigen Praxis hat ihre Ursache in einer anderen Wende, die der deutsche Bundeskanzler Olaf Scholz in seiner Regierungserkl\u00e4rung am 27. Februar 2022 ausgerufen hat:<em> \u201eDer 24. Februar 2022 markiert eine Zeitenwende in der Geschichte unseres Kontinents. Mit dem \u00dcberfall auf die Ukraine hat der russische Pr\u00e4sident Putin kaltbl\u00fctig einen Angriffskrieg vom Zaun gebrochen \u2026\u201c<\/em><a href=\"#_ftn5\" name=\"_ftnref5\"><em><strong>[5]<\/strong><\/em><\/a><\/p>\n<p>Dass der Krieg bereits seit 2014 andauert, das wird systematisch verschwiegen, weil es nicht zur Erz\u00e4hlung vom russischen Angriffskrieg passen w\u00fcrde. Der Krieg begann im April 2014, als die Kiewer Putschisten unter \u201e\u00dcbergangspr\u00e4sident\u201c Oleksandr Turtschynow Truppen und Nazi-Bataillone zu einer sogenannten \u201eAntiterroristischen Aktion\u201c gegen die aufst\u00e4ndischen Bewohner im Donbass in Marsch setzten.<a href=\"#_ftn6\" name=\"_ftnref6\">[6]<\/a><\/p>\n<p>Dass dies keine \u201erussische Propaganda\u201c ist, wie darauf oft entgegengehalten wird, daf\u00fcr gibt es zwei prominente Zeugen: der NATO-Generalsekret\u00e4r Stoltenberg erkl\u00e4rte am 13.02.2023 vor dem NATO-Ministerrat in Br\u00fcssel \u201eDer Krieg hat nicht im Februar letzten Jahres begonnen. Er begann im Jahr 2014.\u201c<a href=\"#_ftn7\" name=\"_ftnref7\">[7]<\/a><\/p>\n<p>Und Walerij Saluschnyj, ukrainischer Oberbefehlshaber, erkl\u00e4rte am 15.05.2023 gegen\u00fcber t-online: \u201eF\u00fcr die ukrainische Armee hat dieser Krieg schon im Sommer 2014 begonnen\u201c.<a href=\"#_ftn8\" name=\"_ftnref8\">[8]<\/a><\/p>\n<p>Scholzens Zeitenwende markiert den \u00dcbergang der jahrzehntelangen Politik der Einkreisung und Umzingelung Russlands durch die NATO zum direkten Krieg. An ihm soll Russland auch noch schuld sein. In seinem aktuellen Flugblatt schreibt der Deutsche Freidenker-Verband: Wenn die NATO selbst weit entfernte L\u00e4nder v\u00f6lkerrechtswidrig \u00fcberf\u00e4llt, bevorzugt sie f\u00fcr ihre Aggressionskriege die Bezeichnung \u201eIntervention\u201c, besser noch \u201ehumanit\u00e4re Intervention\u201c. Wenn hingegen die Russische F\u00f6deration in einen seit acht Jahren dauernden Krieg an ihrer Grenze interveniert, soll es ein \u201eAngriffskrieg\u201c sein.<a href=\"#_ftn9\" name=\"_ftnref9\">[9]<\/a><\/p>\n<p>Alle, die nicht der NATO-Linie folgen, werden diffamiert, ausgegrenzt und niedergemacht, mit Vernichtung ihrer sozialen Existenz bedroht. Inzwischen wird das Strafgesetzbuch wegen \u201eBilligung einer Straftat\u201c oder \u201eVolksverhetzung\u201c gegen Friedensdemonstranten geschwungen. Die Anti-Russenhetze bleibt erlaubt, aber Widerspruch dagegen kann bestraft werden.<\/p>\n<p>Wer nicht der Kriegspropaganda der Regierung huldigt, soll \u201erechts\u201c oder gar \u201eNazi\u201c sein \u2013 diese verkehrte Welt, diese Umwertung der Werte ist sp\u00e4testens seit 1999 in Mode, als Deutschland zum dritten Mal im selben Jahrhundert Jugoslawien \u00fcberfiel, unter einer SPD\/ Gr\u00fcnen-Regierung, deren Au\u00dfenminister Joseph Fischer verk\u00fcndete, dort m\u00fcsse \u201eein neues Auschwitz verhindert werden\u201c.<a href=\"#_ftn10\" name=\"_ftnref10\">[10]<\/a><\/p>\n<p>Die deutschen Faschisten stellten das H\u00f6ren von Feindsendern unter Strafe, die EU verbietet russische Medien wegen \u201eDesinformation\u201c. Der \u201eVolksempf\u00e4nger\u201c war vergleichsweise primitiv gegen\u00fcber der transatlantischen Gleichschaltung im fadenscheinigen Gewand des Pluralismus. Das s\u00e4chsische Elbe Tal um Dresden wurde fr\u00fcher sp\u00f6ttisch \u201eTal der Ahnungslosen\u201c genannt, weil dort kein \u201eWestfernsehen\u201c zu empfangen war. Heute gibt es vom Bodensee bis R\u00fcgen nur noch \u201eWestfernsehen\u201c \u2013 damit haben wir den Titel \u201eLand der Ahnungslosen\u201c verdient. Fr\u00fcher gab es einen Sender, der \u201eStimme Amerikas\u201c hie\u00df, heute sind alle Sender einstimmig angels\u00e4chsisch.<\/p>\n<p>Zumindest bei Linken stand fr\u00fcher \u201edie Freiheit der Andersdenkenden\u201c hoch im Kurs und wurde mit Zitaten von Rosa Luxemburg bis Voltaire hochgehalten. Noch bis vor zehn Jahren gab es in Deutschland einen j\u00e4hrlichen \u201eQuerdenker-Award\u201c f\u00fcr \u201ebesonders kreative Vordenker\u201c<a href=\"#_ftn11\" name=\"_ftnref11\">[11]<\/a>, inzwischen gilt das Gegenteil, n\u00e4mlich der Konformismus als Tugend und Querdenker als Schimpfwort. Schon wer an der offiziellen Klimaerz\u00e4hlung zweifelte, war schnell als \u201eKlimaleugner\u201c entlarvt, es folgten die \u201eCorona-Leugner\u201c. Wer irre Ministeraussagen oder idiotische Ma\u00dfnahmen kritisierte, wurde als \u201eCovidiot\u201c ge\u00e4chtet.<a href=\"#_ftn12\" name=\"_ftnref12\">[12]<\/a> In dem Titel des Leugners wird das Religi\u00f6se der jeweiligen Lehre deutlich, was wir Freidenker als notorische \u201eGottesleugner\u201c seit langem kennen.<\/p>\n<p>Ursula von der Leyen verk\u00fcndete, die Ukraine k\u00e4mpft f\u00fcr \u201eunsere Werte\u201c,<a href=\"#_ftn13\" name=\"_ftnref13\">[13]<\/a> sie gibt eine bedrohliche Vorahnung davon, was uns noch bevorsteht: Alle Oppositionsparteien sind in der Ukraine verboten, die Arbeiterrechte abgeschafft, Medien in Opposition zum Regierungskurs sind auch verboten. Nazis werden zu Nationalhelden erkl\u00e4rt, und Denkm\u00e4ler f\u00fcr die Befreier vom Faschismus abgerissen. 7.600 mit der Sowjetunion und Russland verbundene Ortsnamen sind getilgt, 28 Denkm\u00e4ler f\u00fcr Alexander Puschkin, neun f\u00fcr Maxim Gorki demontiert, 20 Millionen russischsprachige B\u00fccher aus den Bibliotheken entfernt.<a href=\"#_ftn14\" name=\"_ftnref14\">[14]<\/a><\/p>\n<p>Einstweilen verbieten sie hier nur russische und sowjetische Fahnen, aber in vielen St\u00e4dten sind an \u00f6ffentlichen Geb\u00e4uden bereits die blau-gelben ukrainischen Flaggen aufgezogen. Das werden manche f\u00fcr falsch oder widerlich, aber auch irgendwie f\u00fcr harmlos halten \u2013 das ist es aber nicht. Der bulgarische Autor, unser Freund Germinal Civikov \u2013 er beobachtete in Den Haag den NATO-Femeprozess gegen den jugoslawischen Pr\u00e4sidenten Slobodan Milo\u0161evi\u0107 \u2013 schrieb j\u00fcngst einen Artikel \u00fcber das \u201eLand der Werte\u201c. Darin geht es um eine Begegnung zwischen dem Lektor des Frankfurter Suhrkamp Verlags, Klaus Reichert, im September 1965 mit dem Dichter Paul Celan (Reichert gab 2020 das Buch \u201ePaul Celan. Erinnerungen und Briefe\u201c heraus). Darin enthalten ist die Episode \u00fcber einen feucht-fr\u00f6hlichen Abend in Frankfurt am Main: \u201eUnd pl\u00f6tzlich \u2013 es sind bald Bundestagswahlen \u2013 stehen sie vor einer riesigen blaugelben Plakatwand der FDP. Reichert: \u201aCelan zuckt zusammen, erstarrt, zu Tode erschrocken, und ruft entsetzt: Um Gottes Willen, das sind die Farben der ukrainischen Faschisten.\u2018 Der Dichter sah nicht die Parteifahne der deutschen FDP, sondern die des ukrainischen Faschistenf\u00fchrers Stepan Bandera.\u201c Civikov schreibt: \u201eMan m\u00f6ge Nachsicht haben mit den \u00c4ngsten eines deutschsprachigen Juden aus Czernowitz vor einer Flagge, die 1941 in seiner Bukowiner Heimat geflattert hat und heute mehrere stattliche Geb\u00e4ude in den EU-Metropolen schm\u00fcckt.\u201c<a href=\"#_ftn15\" name=\"_ftnref15\">[15]<\/a><\/p>\n<p>W\u00e4hrend Kriegsgegner als \u201erechts\u201c oder \u201eNazis\u201c gelten sollen, finden die Qualit\u00e4tsmedien nichts dabei, wenn der \u201eblutige Clown\u201c Selenskij (wie ihn k\u00fcrzlich ein Ostermarsch-Redner aus der Ukraine nannte)<a href=\"#_ftn16\" name=\"_ftnref16\">[16]<\/a> zum Besuch in Italien einen Pullover mit Nazi-Symbol tr\u00e4gt, dem Abzeichen der \u201eOrganisation ukrainischer Nationalisten\u201c (OUN). Sie finden auch nichts dabei, wenn im EU-Parlament der Ruf \u201eSlawa Ukraini\u201c (deutsch: Ruhm der Ukraine) erschallt, und international plappern es Politiker nach. Auch der Zeitenwende-Scholz beendete seine Laudatio zur Verleihung des Karlspreises an den ukrainischen Pr\u00e4sidenten Wolodimir Selenskij am 14.05.2023 in Aachen mit dem Schlachtruf \u201eSlawa Ukraini<em>\u201c.<\/em><em> Zw\u00f6lfmal f\u00e4llt bei der Veranstaltung das Wort \u201eZeitenwende\u201c, aber alle Reden wurden mit dem Faschisten-Gru\u00df beendet.<\/em><a href=\"#_ftn17\" name=\"_ftnref17\">[17]<\/a><\/p>\n<p>Dieser Gru\u00df, vergleichbar mit \u201eHeil Hitler\u201c, stammt von der \u201eOrganisation ukrainischer Nationalisten\u201c (OUN), die w\u00e4hrend der Besatzung der Ukrainischen Sozialistischen Sowjetrepublik durch die deutsche Wehrmacht an zahlreichen schweren Kriegsverbrechen beteiligt war. Ihr milit\u00e4rischer Arm UPA besetzte Teile der polnischen Gebiete Polesien und Wolhynien und ver\u00fcbte dort Massaker an der polnischen Zivilbev\u00f6lkerung. Die OUN stellte SS-Freiwilligenbataillone und kooperierte mit den deutschen Faschisten bei der Verfolgung und Ermordung von Juden, Polen, Roma und Sinti, Russen und insbesondere Angeh\u00f6rigen der Roten Armee.<a href=\"#_ftn18\" name=\"_ftnref18\">[18]<\/a> <em>Die Losung \u201eSlawa Ukraini\u201c wurde als ihre offizielle Gru\u00dfformel im Jahr 1939 festgelegt, sp\u00e4ter kam die Geste in Form einer ausgestreckten rechten Hand und die Antwort \u201eGerojam slawa\u201c hinzu. Genauso haben Banderas Kollaborateure die Verb\u00e4nde der Wehrmacht begr\u00fc\u00dft. <\/em><\/p>\n<p>Am 9. Mai 2023 sagte ich auf dem Frankfurter Hauptfriedhof an den Gr\u00e4bern der sowjetischen Kriegsopfer: Diese Linie der Geschichtsverf\u00e4lschung wurde in der Resolution des EU-Parlaments sichtbar, als der Sowjetunion mindestens die gleiche Schuld wie Hitlerdeutschland am 2. Weltkrieg zugewiesen wurde. Sie wurde wieder sichtbar im Deutschen Bundestag, als die Hungersnot in der Sowjetunion zum \u201eV\u00f6lkermord an der Ukraine\u201c umgef\u00e4lscht wurde.<a href=\"#_ftn19\" name=\"_ftnref19\">[19]<\/a> Und sie wird aktuell sichtbar, wenn anl\u00e4sslich der Feiern zum 8. und 9. Mai das Zeigen von Flaggen und antifaschistischen Symbolen verboten wird.<\/p>\n<p>Die Autorin Marie Rotkopf hat gerade das 1915 erschienene Buch des franz\u00f6sischen Soziologen \u00c9mile Durkheim mit dem Titel \u201eDeutschland \u00fcber alles\u201c neu herausgegeben, und dazu einen Essay \u201eDie deutsche Mentalit\u00e4t und der Krieg\u201c geschrieben. Darin bringt sie die Umdeutung der Geschichte mit dem Satz auf den Punkt: \u201eBald wird es nicht mehr die Rote Armee sein, die Auschwitz befreit hat, sondern das Asow-Bataillon\u201c.<a href=\"#_ftn20\" name=\"_ftnref20\">[20]<\/a><\/p>\n<p>Die fortschreitende Renazifizierung muss gestoppt werden, sie erfordert eine Entnazifizierung. Die Freidenkerbewegung, selbst von den Faschisten bek\u00e4mpft und verfolgt, einige namhaft im Widerstand aktiv, sollte sich dieser Aufgabe annehmen und alle Aktivit\u00e4ten in dieser Richtung unterst\u00fctzen.<\/p>\n<p>Dr. Wolfgang Schacht kommentierte: Wir befinden uns in der Phase des allgemein geistigen, politischen und wirtschaftlichen Niedergangs. Auf der Grundlage einer seit Jahren anhaltenden DDR-Phobie und Russophobie haben uns die herrschenden Kr\u00e4fte des Establishments mit Hilfe ihrer Medien das alte und neue nazistische Gedankengut von einer \u00dcberlegenheit ihrer Ideologie, Politik, Wirtschaft und Kultur in Verbindung mit einer Flut von absurden L\u00fcgen und obskuren Erfindungen im wahrsten Sinne des Wortes tagt\u00e4glich ins Gehirn gebrannt. Die Aussage des Au\u00dfenministers und Chefideologen der EU am 13. Oktober 2022 \u201eEuropa ist ein Garten und der Rest der Welt ist ein Dschungel\u201c, ist nur die Spitze des rassistischen Eisberges in der nazistischen Welt<em>.<\/em><a href=\"#_ftn21\" name=\"_ftnref21\">[21]<\/a><\/p>\n<p>Als philosophische Materialisten wissen Freidenker: Rassistische und faschistische Ideologien wurzeln nicht in der geistigen Sph\u00e4re, sondern in der materiellen Basis, und der Niedergang hat in erster Linie \u00f6konomische Ursachen. Die Weltfinanzkrise ab 2007 hat einer gr\u00f6\u00dferen \u00d6ffentlichkeit die krisenhafte Wirtschaftsentwicklung ins Bewusstsein gerufen, leider ohne sp\u00fcrbare Konsequenzen. Den zyklischen \u00dcberproduktionskrisen im Kapitalismus folgen \u00dcberakkumulationskrisen, \u00dcberkapazit\u00e4ten und Preissteigerungen werden mit h\u00f6heren Zinsen bek\u00e4mpft, die Folge sind stark fallende Kurse von Wertpapieren, damit werden die Sicherheiten f\u00fcr Kredite notleidend, die Einlagesicherungen der Banken schmelzen dahin, die n\u00e4chste \u201eBankenkrise\u201c ist f\u00e4llig.<\/p>\n<p>Die zur Rettung gedachte Niedrigzinspolitik und Flutung mit frischem Geld hat nur kurzfristig den erw\u00fcnschten Effekt, man kauft Zeit, setzt das Karussell aber erneut in Bewegung. Das nicht mehr durch die Notenpresse, sondern per Mouseklick geschaffene \u201eGeld\u201c ist durch keinen wirtschaftlichen Gegenwert gedeckt und wandert mangels profitabler Anlagem\u00f6glichkeit im Produktionssektor \u00fcberwiegend ins Casino. Solange das fiktive Geld in den Spekulationsblasen bleibt, richtet es keinen gr\u00f6\u00dferen Schaden an, wenn aber Corona-Ausgleichzahlungen und der Wirtschaftskrieg gegen Russland die Inflation antreiben, m\u00fcssen die Zinsen wieder anziehen, damit die Bev\u00f6lkerungsmehrheit f\u00fcr die Schulden bezahlt. Nachdem zw\u00f6lf Jahre lang ein Zinssatz von 0,00 Prozent galt, hat die Fed der USA den Leitzins zwischen M\u00e4rz und Dezember 2022 von 0,25 auf 4,5 Prozent angehoben \u2014 so hoch war er zuletzt vor der Weltwirtschaftskrise 2007\/08, mittlerweile liegt er bei 5,25%. \u2013 Ergebnis: ein rapider Wertverlust der US-Staatsanleihen, ein Run auf die Banken.<a href=\"#_ftn22\" name=\"_ftnref22\">[22]<\/a> Die ersten Opfer hei\u00dfen Silicon Valley Bank, Cr\u00e9dit Suisse und First Republic Bank in den USA.<a href=\"#_ftn23\" name=\"_ftnref23\">[23]<\/a> Schon sehen wir die Immobilienfinanzierer in Schieflage, denen sich die Baubranche anschlie\u00dft: Die Zahl der Baugenehmigungen sank im April so stark wie seit 16 Jahren nicht mehr.<a href=\"#_ftn24\" name=\"_ftnref24\">[24]<\/a><\/p>\n<p>Die USA sind gemessen am Bruttoinlandsprodukt zwar vor der VR China weiterhin die gr\u00f6\u00dfte Volkswirtschaft der Welt, aber nur, weil darin Industrieproduktion, Landwirtschaft und Dienstleistungen einflie\u00dfen.<a href=\"#_ftn25\" name=\"_ftnref25\">[25]<\/a> Es ist nur dieser Dienstleistungssektor, und hier besonders die Finanzindustrie, die den USA den ersten Platz sichert, bei der Industrieproduktion hat China die USA schon vor \u00fcber zehn Jahren \u00fcberholt. Es gibt aber noch einen gr\u00f6\u00dferen Pferdefu\u00df bei der Statistik: Das BIP wird in absoluten Zahlen angegeben und die Berechnungsgrundlage ist die Kaufkraft des US-Dollars \u2013 in den USA. Zahlen, die in anderen L\u00e4ndern nicht von Bedeutung sind, wenn sie nicht in den USA einkaufen. Deshalb gibt es eine aussagekr\u00e4ftigere Statistik, n\u00e4mlich des BIP nach Kaufkraftparit\u00e4t. Und hier steht die VR China deutlich vor den USA, und nach Indien und Japan folgen Deutschland und Russland auf den Pl\u00e4tzen 5 und 6.<a href=\"#_ftn26\" name=\"_ftnref26\">[26]<\/a><\/p>\n<p>Alle \u201eRettungsma\u00dfnahmen\u201c nach dem Jahr 2008 hatten die Dominanz des US-Dollars zur Voraussetzung. Aufgrund der Politisierung der W\u00e4hrung durch die US-Regierung und den inzwischen mehr als 10.000 v\u00f6lkerrechtswidrigen westlichen Sanktionen gegen Russland suchen die L\u00e4nder des globalen S\u00fcdens verst\u00e4rkt nach einer Alternative zur Abh\u00e4ngigkeit von der US-W\u00e4hrung. Die Entdollarisierierung des Welthandels, also die Abl\u00f6sung des US-Dollars als Reservew\u00e4hrung schreitet immer schneller voran, was den politischen Einfluss der USA mindert.<a href=\"#_ftn27\" name=\"_ftnref27\">[27]<\/a> Nach Russland und China trennen sich jetzt Japan und andere L\u00e4nder im gro\u00dfen Stil von US-Schuldverschreibungen, und immer mehr wickeln ihren Handel in ihren jeweiligen W\u00e4hrungen, mit Gold- oder Rohstoffdeckung oder in chinesischen Yuan ab.<a href=\"#_ftn28\" name=\"_ftnref28\">[28]<\/a> Laut<em> Financial Times<\/em> hat der US-Dollar im Jahr 2022 zehnmal schneller Marktanteile verloren als in den Jahren zuvor. Auch sein Anteil an den weltweiten Devisenreserven ist in den vergangenen Jahrzehnten deutlich gesunken \u2013 von 72 Prozent im Jahr 1999 auf derzeit rund 50 Prozent.<a href=\"#_ftn29\" name=\"_ftnref29\">[29]<\/a><\/p>\n<p>Die krisenhafte wirtschaftliche Entwicklung der westlichen L\u00e4nder des Staatsmonopolistischen Kapitalismus schafft den Sumpf, aus dem die giftigen faschistischen Blasen aufsteigen. Erkennbar ist der heutige Westen nicht mehr Anf\u00fchrer der menschlichen Zivilisation. Seine gesteigerte und unverhohlene Aggressivit\u00e4t entspringt dem Bem\u00fchen, seinen Untergang aufzuhalten, Russland soll besiegt werden, um sich anschlie\u00dfend auf China zu st\u00fcrzen.<\/p>\n<p>Am 30.03.2023 warf die Pr\u00e4sidentin der EU-Kommission von der Leyen am Mercator-Institut f\u00fcr Chinastudien in einer Grundsatzrede China vor, \u201eseine eigene neue Weltordnung f\u00f6rdern zu wollen, die mit dem derzeitigen globalen System konkurrieren w\u00fcrde\u201c, dass \u201ePekings Imperativ von mehr Kontrolle und Sicherheit die Logik der freien M\u00e4rkte und des offenen Handels zerbrechen wird\u201c, schlie\u00dflich kritisierte sie \u201edas chinesische System des Staatskapitalismus\u201c. Das st\u00e4rkste \u00c4rgernis sowohl f\u00fcr Br\u00fcssel als auch f\u00fcr Washington ist aber der Kurs der uneingeschr\u00e4nkten Partnerschaft zwischen China und Russland, den Besuch des Chinesischen Staatschefs in Russland bezeichnete sie in diesem Zusammenhang ver\u00e4chtlich als \u201eFreundschaftsshow in Moskau\u201c.<a href=\"#_ftn30\" name=\"_ftnref30\">[30]<\/a><\/p>\n<p>An Stelle der internationalen Rechtsordnung, die nach dem Sieg \u00fcber den Faschismus 1945 vereinbart wurde, propagiert der \u201eWertewesten\u201c seine sogenannte \u201eregelbasierte Weltordnung\u201c, deren Regeln er nat\u00fcrlich selbst bestimmt, und die eine klare neokolonialistische Ausrichtung hat. Aber das postkoloniale Modell der \u00fcberlegenen Entwicklung des Westens funktioniert nicht mehr, sein \u201eAu\u00dfergew\u00f6hnlichkeitssyndrom\u201c beeindruckt immer weniger.<\/p>\n<p>Der russische Au\u00dfenminister Sergej Lawrow sagte am 29.04.2023, die Entwicklung hin zu einer globalen Multipolarit\u00e4t sei inzwischen eine Tatsache und eine geopolitische Realit\u00e4t, \u201efolgerichtig erleben die Anstrengungen Washingtons und seiner Satelliten, den Gang der Geschichte r\u00fcckw\u00e4rts zu drehen und die internationale Gemeinschaft zu zwingen, nach einer frei erfundenen \u201aregelbasierten\u2018 Ordnung zu leben, ein volles Fiasko.\u201c<a href=\"#_ftn31\" name=\"_ftnref31\">[31]<\/a><\/p>\n<p>In dieser Situation haben die Freidenker eine vordringliche Aufgabe: Aufkl\u00e4rung, Aufkl\u00e4rung, Aufkl\u00e4rung. Gehen wir auf die Menschen zu, die schon in Bewegung gekommen sind, die an den offiziellen Erz\u00e4hlungen von Politikern und Mainstream-Medien zweifeln.<\/p>\n<p>Unterst\u00fctzen wir den Kampf gegen den Neofaschismus, und erteilen wir den Pseudoantifaschisten von der Transatlantifa eine klare Absage. Ringen wir um den Zusammenschluss mit den Bewegungen f\u00fcr Demokratie und f\u00fcr Meinungsfreiheit.<\/p>\n<p>St\u00e4rken wir die Friedenskr\u00e4fte, die Internationale Solidarit\u00e4t, die Zusammenarbeit zwischen den V\u00f6lkern f\u00fcr die multipolare Weltordnung auf Grundlage der Gleichheit und Souver\u00e4nit\u00e4t. Verteidigen wir die Solidarit\u00e4t und Freundschaft mit der Russischen F\u00f6deration und der Volksrepublik China.<\/p>\n<p style=\"text-align: right;\"><em>Klaus Hartmann ist Pr\u00e4sident der Weltunion der Freidenker<\/em><\/p>\n<p><strong>Quellen<\/strong><\/p>\n<p><a href=\"#_ftnref1\" name=\"_ftn1\">[1]<\/a> <a href=\"https:\/\/www.spiegel.de\/spiegel\/helmut-kohl-ein-grosser-kanzler-war-er-nicht-ein-widerspruch-a-1153425.html\">https:\/\/www.spiegel.de\/spiegel\/helmut-kohl-ein-grosser-kanzler-war-er-nicht-ein-widerspruch-a-1153425.html<\/a><\/p>\n<p><a href=\"#_ftnref2\" name=\"_ftn2\">[2]<\/a> <a href=\"https:\/\/www.rbb24.de\/panorama\/beitrag\/2023\/05\/ovg-verbot-russische-fahnen-gedenktage-berlin.html\">https:\/\/www.rbb24.de\/panorama\/beitrag\/2023\/05\/ovg-verbot-russische-fahnen-gedenktage-berlin.html<\/a><\/p>\n<p><a href=\"#_ftnref3\" name=\"_ftn3\">[3]<\/a> <a href=\"https:\/\/www.morgenpost.de\/berlin\/article238355825\/weltkriegsgedenken-auseinandersetzungen-treptower-park-polizei-nachtwoelfe.html\">https:\/\/www.morgenpost.de\/berlin\/article238355825\/weltkriegsgedenken-auseinandersetzungen-treptower-park-polizei-nachtwoelfe.html<\/a><\/p>\n<p><a href=\"#_ftnref4\" name=\"_ftn4\">[4]<\/a>\u00b0<a href=\"https:\/\/www.berliner-zeitung.de\/en-US\/mensch-metropole\/symbolverbot-zum-8-9-mai-unwuerdig-demuetigend-uebertrieben-undemokratisch-li.347099\">https:\/\/www.berliner-zeitung.de\/en-US\/mensch-metropole\/symbolverbot-zum-8-9-mai-unwuerdig-demuetigend-uebertrieben-undemokratisch-li.347099<\/a><\/p>\n<p><a href=\"#_ftnref5\" name=\"_ftn5\">[5]<\/a> <a href=\"https:\/\/www.bundesregierung.de\/breg-de\/aktuelles\/regierungserklaerung-von-bundeskanzler-olaf-scholz-am-27-februar-2022-2008356\">https:\/\/www.bundesregierung.de\/breg-de\/aktuelles\/regierungserklaerung-von-bundeskanzler-olaf-scholz-am-27-februar-2022-2008356<\/a><\/p>\n<p><a href=\"#_ftnref6\" name=\"_ftn6\">[6]<\/a> <a href=\"https:\/\/ulrich-heyden.de\/article\/rechte-freiwilligenbataillone-westliche-sicherheitsfirmen-und-geheimdienste-der-ukraine\">https:\/\/ulrich-heyden.de\/article\/rechte-freiwilligenbataillone-westliche-sicherheitsfirmen-und-geheimdienste-der-ukraine<\/a><\/p>\n<p><a href=\"#_ftnref7\" name=\"_ftn7\">[7]<\/a> <a href=\"https:\/\/www.berliner-zeitung.de\/politik-gesellschaft\/es-begann-2014-wie-die-nato-den-krieg-russlands-in-der-ukraine-sieht-li.317773\">https:\/\/www.berliner-zeitung.de\/politik-gesellschaft\/es-begann-2014-wie-die-nato-den-krieg-russlands-in-der-ukraine-sieht-li.317773<\/a><\/p>\n<p><a href=\"#_ftnref8\" name=\"_ftn8\">[8]<\/a> <a href=\"https:\/\/www.t-online.de\/nachrichten\/ukraine\/id_100176184\/ukraine-krieg-ukrainischer-armeechef-will-alles-zurueck-auch-die-krim-.html\">https:\/\/www.t-online.de\/nachrichten\/ukraine\/id_100176184\/ukraine-krieg-ukrainischer-armeechef-will-alles-zurueck-auch-die-krim-.html<\/a><\/p>\n<p><a href=\"#_ftnref9\" name=\"_ftn9\">[9]<\/a> <a href=\"https:\/\/www.freidenker.org\/?p=15703\">https:\/\/www.freidenker.org\/?p=15703<\/a><\/p>\n<p><a href=\"#_ftnref10\" name=\"_ftn10\">[10]<\/a> <a href=\"https:\/\/de.wikipedia.org\/wiki\/Rede_Joschka_Fischers_zum_NATO-Einsatz_im_Kosovo\">https:\/\/de.wikipedia.org\/wiki\/Rede_Joschka_Fischers_zum_NATO-Einsatz_im_Kosovo<\/a><\/p>\n<p><a href=\"#_ftnref11\" name=\"_ftn11\">[11]<\/a> <a href=\"https:\/\/encyclopaedia.fandom.com\/de\/wiki\/Querdenker-Award\">https:\/\/encyclopaedia.fandom.com\/de\/wiki\/Querdenker-Award<\/a><\/p>\n<p><a href=\"#_ftnref12\" name=\"_ftn12\">[12]<\/a> <a href=\"https:\/\/www.t-online.de\/nachrichten\/deutschland\/parteien\/id_88504532\/spd-saskia-esken-verfahren-wegen-covidioten-aeusserung-eingestellt.html\">https:\/\/www.t-online.de\/nachrichten\/deutschland\/parteien\/id_88504532\/spd-saskia-esken-verfahren-wegen-covidioten-aeusserung-eingestellt.html<\/a><\/p>\n<p><a href=\"#_ftnref13\" name=\"_ftn13\">[13]<\/a> <a href=\"https:\/\/germany.representation.ec.europa.eu\/news\/eu-kommissionsprasidentin-von-der-leyen-ukraine-verteidigt-beeindruckend-unsere-werte-2022-05-20_de\">https:\/\/germany.representation.ec.europa.eu\/news\/eu-kommissionsprasidentin-von-der-leyen-ukraine-verteidigt-beeindruckend-unsere-werte-2022-05-20_de<\/a><\/p>\n<p><a href=\"#_ftnref14\" name=\"_ftn14\">[14]<\/a> Freidenker 1-2023, Editorial <a href=\"https:\/\/www.freidenker.org\/?p=15624\">https:\/\/www.freidenker.org\/?p=15624<\/a><\/p>\n<p><a href=\"#_ftnref15\" name=\"_ftn15\">[15]<\/a> <a href=\"https:\/\/keinzustand.at\/germinal-civikov\/land-der-werte\/\">https:\/\/keinzustand.at\/germinal-civikov\/land-der-werte\/<\/a><\/p>\n<p><a href=\"#_ftnref16\" name=\"_ftn16\">[16]<\/a> <a href=\"https:\/\/www.freidenker.org\/?p=15752#simonow\">https:\/\/www.freidenker.org\/?p=15752#simonow<\/a><\/p>\n<p><a href=\"#_ftnref17\" name=\"_ftn17\">[17]<\/a> <a href=\"https:\/\/www.zeit.de\/kultur\/2023-05\/karlspreis-verleihung-wolodymyr-selenskyj-ukraine\/komplettansicht\">https:\/\/www.zeit.de\/kultur\/2023-05\/karlspreis-verleihung-wolodymyr-selenskyj-ukraine\/komplettansicht<\/a><\/p>\n<p><a href=\"#_ftnref18\" name=\"_ftn18\">[18]<\/a> <a href=\"https:\/\/zeitungderarbeit.at\/international\/slawa-ukrajini-der-faschistische-gruss-erobert-die-welt\/\">https:\/\/zeitungderarbeit.at\/international\/slawa-ukrajini-der-faschistische-gruss-erobert-die-welt\/<\/a><\/p>\n<p><a href=\"#_ftnref19\" name=\"_ftn19\">[19]<\/a> <a href=\"https:\/\/www.freidenker.org\/?p=16017\">https:\/\/www.freidenker.org\/?p=16017<\/a><\/p>\n<p><a href=\"#_ftnref20\" name=\"_ftn20\">[20]<\/a> <a href=\"https:\/\/keinzustand.at\/peter-nowak\/nationale-revision\/\">https:\/\/keinzustand.at\/peter-nowak\/nationale-revision\/<\/a><\/p>\n<p><a href=\"#_ftnref21\" name=\"_ftn21\">[21]<\/a> <a href=\"https:\/\/www.freidenker.org\/?p=15989\">https:\/\/www.freidenker.org\/?p=15989<\/a><\/p>\n<p><a href=\"#_ftnref22\" name=\"_ftn22\">[22]<\/a> <a href=\"https:\/\/www.faz.net\/aktuell\/wirtschaft\/fed-erhoeht-leitzins-so-stuetzt-die-bankenkrise-die-geldpolitik-18866188.html\">https:\/\/www.faz.net\/aktuell\/wirtschaft\/fed-erhoeht-leitzins-so-stuetzt-die-bankenkrise-die-geldpolitik-18866188.html<\/a><\/p>\n<p><a href=\"#_ftnref23\" name=\"_ftn23\">[23]<\/a> <a href=\"https:\/\/perspektive-online.net\/2023\/05\/weltwirtschaft-kommt-jetzt-der-crash\/\">https:\/\/perspektive-online.net\/2023\/05\/weltwirtschaft-kommt-jetzt-der-crash\/<\/a><\/p>\n<p><a href=\"#_ftnref24\" name=\"_ftn24\">[24]<\/a> Ntv-Nachrichten, 17.05.2023<\/p>\n<p><a href=\"#_ftnref25\" name=\"_ftn25\">[25]<\/a> <a href=\"https:\/\/de.statista.com\/statistik\/daten\/studie\/157841\/umfrage\/ranking-der-20-laender-mit-dem-groessten-bruttoinlandsprodukt\/\">https:\/\/de.statista.com\/statistik\/daten\/studie\/157841\/umfrage\/ranking-der-20-laender-mit-dem-groessten-bruttoinlandsprodukt\/<\/a><\/p>\n<p><a href=\"#_ftnref26\" name=\"_ftn26\">[26]<\/a> <a href=\"https:\/\/de.wikipedia.org\/wiki\/Liste_der_L\u00e4nder_nach_Bruttoinlandsprodukt\">https:\/\/de.wikipedia.org\/wiki\/Liste_der_L\u00e4nder_nach_Bruttoinlandsprodukt<\/a><\/p>\n<p><a href=\"#_ftnref27\" name=\"_ftn27\">[27]<\/a> <a href=\"https:\/\/www.goldreporter.de\/warum-kaufen-zahlreiche-zentralbanken-so-viel-gold\/gastartikel\/112623\/\">https:\/\/www.goldreporter.de\/warum-kaufen-zahlreiche-zentralbanken-so-viel-gold\/gastartikel\/112623\/<\/a><\/p>\n<p><a href=\"#_ftnref28\" name=\"_ftn28\">[28]<\/a> <a href=\"https:\/\/www.freidenker.org\/?p=16073\">https:\/\/www.freidenker.org\/?p=16073<\/a><\/p>\n<p><a href=\"#_ftnref29\" name=\"_ftn29\">[29]<\/a> <a href=\"https:\/\/www.pressenza.com\/de\/2023\/05\/yuan-als-dollar-alternative-erfolge-und-hindernisse-auf-dem-weg-zur-neuen-weltwaehrung\/\">https:\/\/www.pressenza.com\/de\/2023\/05\/yuan-als-dollar-alternative-erfolge-und-hindernisse-auf-dem-weg-zur-neuen-weltwaehrung\/<\/a><\/p>\n<p><a href=\"#_ftnref30\" name=\"_ftn30\">[30]<\/a> <a href=\"https:\/\/www.anti-spiegel.ru\/2023\/die-kriegserklaerung-der-eu-an-china\/\">https:\/\/www.anti-spiegel.ru\/2023\/die-kriegserklaerung-der-eu-an-china\/<\/a><\/p>\n<p><a href=\"#_ftnref31\" name=\"_ftn31\">[31]<\/a> <a href=\"https:\/\/test.rtde.tech\/international\/168848-aussenminister-lawrow-westliche-politik-zu\/\">https:\/\/test.rtde.tech\/international\/168848-aussenminister-lawrow-westliche-politik-zu\/<\/a><\/p>\n<p><span style=\"font-size: 10pt;\"><a href=\"#top\">\u2191 nach oben<\/a><\/span><\/p>\n<hr \/>\n<h5><strong><a id=\"Celan\"><\/a>Paul Celan: <\/strong><\/h5>\n<h4><strong>Espenbaum<\/strong><\/h4>\n<p>Espenbaum, dein Laub blickt wei\u00df ins Dunkel.<br \/>\nMeiner Mutter Haar ward nimmer wei\u00df.<br \/>\nL\u00f6wenzahn, so gr\u00fcn ist die Ukraine.<br \/>\nMeine blonde Mutter kam nicht heim.<br \/>\nRegenwolke, s\u00e4umst du an den Brunnen?<br \/>\nMeine leise Mutter weint f\u00fcr alle.<br \/>\nRunder Stern, du schlingst die goldne Schleife.<br \/>\nMeiner Mutter Herz ward wund von Blei.<br \/>\nEichne T\u00fcr, wer hob dich aus den Angeln?<br \/>\nMeine sanfte Mutter kann nicht kommen.<\/p>\n<p><span style=\"font-size: 10pt;\">Aus: <em>Mohn und Ged\u00e4chtnis<\/em>, Stuttgart 1952<\/span><\/p>\n<p><span style=\"font-size: 10pt;\"><a href=\"#top\">\u2191 nach oben<\/a><\/span><\/p>\n<hr \/>\n<h4><strong><a id=\"Krsljanin\"><\/a>Von der NATO-Aggression gegen Jugoslawien im Jahr 1999 zum Krieg gegen Russland<\/strong><\/h4>\n<p><em>Rede von <strong>Vladimir Kr\u0161ljanin<\/strong><\/em><\/p>\n<p><span style=\"font-size: 10pt;\">Gehalten in englischer Sprache per Video auf dem 50. Kongress der Weltunion der Freidenker am 18.05.2023 in Frankfurt am Main<\/span><\/p>\n<p><a href=\"https:\/\/cloud.mail.ru\/stock\/jvQVUSLRCjghGgNKuWRDP9y1\" target=\"_blank\" rel=\"noopener\"><img data-recalc-dims=\"1\" loading=\"lazy\" decoding=\"async\" data-attachment-id=\"16143\" data-permalink=\"https:\/\/www.freidenker.org\/?attachment_id=16143\" data-orig-file=\"https:\/\/i0.wp.com\/www.freidenker.org\/fw17\/wp-content\/uploads\/2023\/05\/Vladimir-Krsljanin_800px.jpg?fit=800%2C450&amp;ssl=1\" data-orig-size=\"800,450\" data-comments-opened=\"0\" data-image-meta=\"{&quot;aperture&quot;:&quot;0&quot;,&quot;credit&quot;:&quot;&quot;,&quot;camera&quot;:&quot;&quot;,&quot;caption&quot;:&quot;&quot;,&quot;created_timestamp&quot;:&quot;0&quot;,&quot;copyright&quot;:&quot;&quot;,&quot;focal_length&quot;:&quot;0&quot;,&quot;iso&quot;:&quot;0&quot;,&quot;shutter_speed&quot;:&quot;0&quot;,&quot;title&quot;:&quot;&quot;,&quot;orientation&quot;:&quot;1&quot;}\" data-image-title=\"Vladimir Kr\u0161ljanin_800px\" data-image-description=\"\" data-image-caption=\"\" data-large-file=\"https:\/\/i0.wp.com\/www.freidenker.org\/fw17\/wp-content\/uploads\/2023\/05\/Vladimir-Krsljanin_800px.jpg?fit=800%2C450&amp;ssl=1\" class=\"alignnone wp-image-16143 size-full\" src=\"https:\/\/i0.wp.com\/www.freidenker.org\/fw17\/wp-content\/uploads\/2023\/05\/Vladimir-Krsljanin_800px.jpg?resize=800%2C450&#038;ssl=1\" alt=\"\" width=\"800\" height=\"450\" srcset=\"https:\/\/i0.wp.com\/www.freidenker.org\/fw17\/wp-content\/uploads\/2023\/05\/Vladimir-Krsljanin_800px.jpg?w=800&amp;ssl=1 800w, https:\/\/i0.wp.com\/www.freidenker.org\/fw17\/wp-content\/uploads\/2023\/05\/Vladimir-Krsljanin_800px.jpg?resize=300%2C169&amp;ssl=1 300w, https:\/\/i0.wp.com\/www.freidenker.org\/fw17\/wp-content\/uploads\/2023\/05\/Vladimir-Krsljanin_800px.jpg?resize=768%2C432&amp;ssl=1 768w\" sizes=\"auto, (max-width: 800px) 100vw, 800px\" \/><\/a><\/p>\n<p><img data-recalc-dims=\"1\" loading=\"lazy\" decoding=\"async\" data-attachment-id=\"5427\" data-permalink=\"https:\/\/www.freidenker.org\/?attachment_id=5427\" data-orig-file=\"https:\/\/i0.wp.com\/www.freidenker.org\/fw17\/wp-content\/uploads\/2018\/09\/video_icon_32x32.jpg?fit=32%2C32&amp;ssl=1\" data-orig-size=\"32,32\" data-comments-opened=\"0\" data-image-meta=\"{&quot;aperture&quot;:&quot;0&quot;,&quot;credit&quot;:&quot;&quot;,&quot;camera&quot;:&quot;&quot;,&quot;caption&quot;:&quot;&quot;,&quot;created_timestamp&quot;:&quot;0&quot;,&quot;copyright&quot;:&quot;&quot;,&quot;focal_length&quot;:&quot;0&quot;,&quot;iso&quot;:&quot;0&quot;,&quot;shutter_speed&quot;:&quot;0&quot;,&quot;title&quot;:&quot;&quot;,&quot;orientation&quot;:&quot;1&quot;}\" data-image-title=\"video_icon_32x32\" data-image-description=\"\" data-image-caption=\"\" data-large-file=\"https:\/\/i0.wp.com\/www.freidenker.org\/fw17\/wp-content\/uploads\/2018\/09\/video_icon_32x32.jpg?fit=32%2C32&amp;ssl=1\" class=\"alignnone size-full wp-image-5427\" src=\"https:\/\/i0.wp.com\/www.freidenker.org\/fw17\/wp-content\/uploads\/2018\/09\/video_icon_32x32.jpg?resize=32%2C32&#038;ssl=1\" alt=\"\" width=\"32\" height=\"32\" \/> <span style=\"font-size: 10pt;\">Watch the speech as a video: <a href=\"https:\/\/cloud.mail.ru\/stock\/jvQVUSLRCjghGgNKuWRDP9y1\" target=\"_blank\" rel=\"noopener\">https:\/\/cloud.mail.ru\/stock\/jvQVUSLRCjghGgNKuWRDP9y1<\/a><\/span><\/p>\n<p>Verehrte Genossen und Freunde,<\/p>\n<p>Heute sind wir alle, ob freiwillig oder unfreiwillig, Teil der entscheidenden Schlacht der Weltgeschichte \u2013 der Schlacht um die Neue Welt.<\/p>\n<p>Die Frage ist, ob die menschliche Zivilisation \u00fcberleben (und gewinnen) kann oder ob die Menschheit unter der Last einer kriminellen oligarchischen Diktatur untergehen wird. F\u00fcr uns alle ist nur die erste Antwort m\u00f6glich.<\/p>\n<p>Die neue Welt wird von Russland und China angef\u00fchrt. Und es ist nat\u00fcrlich eine sozialistische Welt. Russland und China haben den Westen in allen Belangen \u00fcberrannt, ohne Kolonisierung oder Krieg, in nur wenigen Jahrzehnten. Sie haben die besten Errungenschaften der menschlichen Zivilisation gelernt, entwickelt und angewandt. Sie wurden zu einer Emanation der menschlichen Kreativit\u00e4t, die ein kollektiver Akt ist und in harmonischer Zusammenarbeit sicherlich effektiver ist als in Konkurrenz und Sklavenarbeit. Ihr Hauptvorteil sind spirituelle und moralische Werte im Gegensatz zum kriminellen System, das die menschlichen Schw\u00e4chen missbraucht und die Konflikte \u00fcberall ausbreitet. Ihr Sieg ist also total und ewig. Der jahrhundertealte Glaube der Menschen, dass die sozialistische Gesellschaft in allem \u00fcberlegen sein wird, wird vor unseren Augen verwirklicht.<\/p>\n<p>Die einzige verzweifelte Antwort der westlichen Oligarchie ist Krieg! So sind wir bereits mit zwei europ\u00e4ischen Kriegen konfrontiert \u2013 gegen die Serben in den 1990er Jahren und gegen die Russen jetzt.<\/p>\n<p>Die allgemeinen Bedingungen dieser europ\u00e4ischen Kriege stehen im Zusammenhang mit dem jahrhundertelangen Versuch des Westens, das B\u00f6se zu legitimieren und ein k\u00fcnstliches Gleichgewicht zwischen Gut und B\u00f6se zu schaffen. Die konkreten Bedingungen der letzten Jahrzehnte stehen im Zusammenhang mit den am weitesten entwickelten und angewandten Technologien zur Manipulation des menschlichen Bewusstseins.<\/p>\n<p>Was ist so besonders an den Russen und Serben (und neuerdings auch an den Chinesen), dass sie zur Hauptzielscheibe der Anti-Zivilisation werden? Liebe, Solidarit\u00e4t, Kollektivgeist und Gemeinwohl sind die wichtigsten Prinzipien des urspr\u00fcnglichen Christentums und auch des Konfuzianismus. Au\u00dferdem gibt es eine gemeinsame Erfahrung im antifaschistischen Kampf und beim Aufbau des Sozialismus. Das orthodoxe Christentum kommt dem Urchristentum am n\u00e4chsten. Und es beinhaltet auch Erfahrungen mit Kultur, Nation und Staatsaufbau. Das orthodoxe Konzept der Nation ist viel \u00e4lter und spiritueller als das westliche. Serben und Russen sind die Nationen des Testaments. Mit dem Erscheinen ihrer autokephalen Kirchen im 13. bis 15. Jahrhundert definieren sich Serben und Russen viel mehr in geistigen (und moralischen) Begriffen als in rechtlichen, genetischen, materiellen oder territorialen. Au\u00dferdem waren ihre Staaten Nachfolger des byzantinischen Reiches, das der Westen zu zerst\u00f6ren versuchte. Das serbische Reich auf dem Balkan im 14. Jahrhundert erwies sich als eine vor\u00fcbergehende historische Episode, aber das Russische Reich\/UdSSR\/Russische F\u00f6deration blieb bis heute das gr\u00f6\u00dfte Land der Weltgeschichte. Serben und Russen haben in allen dramatischen Momenten der europ\u00e4ischen Geschichte miteinander zu tun gehabt.<\/p>\n<p>Kurz gesagt, \u00fcber viele Jahrhunderte hinweg wurde die Welt der effektiven menschlichen Werte und in erster Linie die orthodoxe christliche Welt zur gr\u00f6\u00dften, existenziellen Herausforderung f\u00fcr die westliche oligarchische Diktatur oder Anti-Zivilisation. Allein die Existenz Russlands (und Serbiens und Chinas) macht die westliche Vorherrschaft unm\u00f6glich. F\u00fcr die westlichen Megakriminellen hei\u00dft es: entweder wir regieren die Welt \u2013 oder gar nichts! Und sie haben Recht. Ihre Mega-Verbrechen sind so gro\u00df, dass sie in keinem echten Rechtssystem \u00fcberleben k\u00f6nnen. Erinnern Sie sich nur an die vielen Millionen Menschen, die in den Kreuzz\u00fcgen, Kolonialkriegen, Weltkriegen, US\/NATO-Aggressionen im Nahen Osten bis hin zu den j\u00fcngsten europ\u00e4ischen Kriegen gegen die Serben und Russen get\u00f6tet wurden. Mit der F\u00fchrung der USA in der westlichen Welt hat sich der Westen vom wichtigsten zerst\u00f6rerischen und aggressiven Faktor zu einer b\u00f6sartigen Macht entwickelt.<\/p>\n<p>Der Einsatz von Faschismus, Terrorismus, Subversion und Medienkrieg, kombiniert mit Geschichtsrevisionismus und dem Missbrauch internationaler Organisationen und der internationalen Justiz, waren die Methoden, die der Westen bei der Aufl\u00f6sung Jugoslawiens und der NATO-Aggression in den 1990er Jahren gegen die Serben einsetzte. Au\u00dferdem trainierten sie Europa bereits darin, gegen sich selbst vorzugehen (man denke nur an die Unterbrechung des Donauverkehrs durch die Zerst\u00f6rung mehrerer Br\u00fccken). Trotzdem blieben wir unbesiegt, da wir von Slobodan Milo\u0161evi\u0107 gef\u00fchrt wurden \u2013 einem Mann, der ein Symbol des Antiglobalismus war, wie er von Alexander Sinowjew beschrieben wurde. Die Politik Serbiens unter Milosevic entsprach in jeder Hinsicht der Politik, die Russland und China heute betreiben \u2013 der Politik der Neuen Welt. Deshalb sollten wir uns immer an das serbische Heldentum und die Errungenschaften von damals erinnern und sie weiter erforschen und f\u00f6rdern, und mehr noch, wir sollten die ganze Welt, einschlie\u00dflich der Serben selbst, st\u00e4ndig an die Bedeutung ihres Widerstands erinnern, der bereits als \u201eZweite Kosovo-Schlacht\u201c bezeichnet wurde. Zu diesem Zweck sollten wir die Aktivit\u00e4ten des Internationalen Milosevic-Komitees st\u00e4rker unterst\u00fctzen.<\/p>\n<p>Der Stellvertreterkrieg in der ehemaligen Ukraine ist also der letzte und verzweifelte Versuch der Megakriminellen, die Geschichte zur\u00fcckzudrehen, und zwar mit den gleichen Methoden, aber ohne Aussicht auf Erfolg. Und wie im Zweiten Weltkrieg haben sie uns, die Europ\u00e4er, ihren menschenfeindlichen Gel\u00fcsten geopfert. Es gibt nur zwei m\u00f6gliche Ergebnisse: 1) der Sieg Russlands (und der Neuen Welt) oder 2) die Vernichtung des Lebens auf der Erde. Und es scheint, dass es an allen anst\u00e4ndigen Menschen und auch an uns, den Europ\u00e4ern, liegt, das erste Ergebnis zu unterst\u00fctzen und die Menschheit zu retten, und das zweite Ergebnis unm\u00f6glich zu machen.<\/p>\n<p>Der gr\u00f6\u00dfte und vielleicht einzige globale Konsens in der Geschichte der Menschheit wurde bei der Verurteilung des Faschismus erreicht. Der Sieg \u00fcber den Faschismus pr\u00e4gte das allgemein g\u00fcltige System des V\u00f6lkerrechts und der internationalen Beziehungen.<\/p>\n<p>Heute haben wir, wie in den 90er Jahren, eine politische Konfrontation zwischen zwei st\u00e4ndigen Mitgliedern des UN-Sicherheitsrates \u2013 Russland und China, die das auf dem Sieg \u00fcber den Faschismus basierende System bewahren wollen, und den \u00fcbrigen drei \u2013 den USA, Gro\u00dfbritannien und Frankreich, in denen ein Teil der herrschenden Oligarchie den Sieg \u00fcber den Faschismus abwertet, mit den Faschisten zusammenarbeitet und versucht, den faschistischen Krieg gegen Serbien und Russland fortzusetzen. Zwischen dem Krieg in den 90er Jahren und dem heutigen gibt es jedoch einen wichtigen Unterschied. Im ersten europ\u00e4ischen Krieg, im ehemaligen Jugoslawien, gelang es den Serben, von der unvergleichlich milit\u00e4risch st\u00e4rkeren NATO unbesiegt zu bleiben, und das zur Zeit des Unipolarismus. Im zweiten europ\u00e4ischen Krieg, in der ehemaligen Ukraine, wird Russland jedoch die NATO besiegen, und zwar in der Zeit des Multipolarismus. Russland, China und die Mehrheit der Menschheit werden die westliche aggressive Hegemonie beseitigen und ihre Verbrechen bestrafen.<\/p>\n<p>Wir m\u00fcssen auch gegen den Geschichtsrevisionismus k\u00e4mpfen. Der gegenw\u00e4rtige Krieg zeigt deutlich, dass der Geschichtsrevisionismus ein Werkzeug der Faschisten, ihrer Komplizen und F\u00f6rderer ist, f\u00fcr das es keine Rechtfertigung geben kann.<\/p>\n<p>Deshalb m\u00fcssen wir uns organisieren, k\u00e4mpfen und die neue Welt begr\u00fc\u00dfen \u2013 eine gerechte, multipolare und multilaterale Welt, die auf dem V\u00f6lkerrecht, Gleichheit, Zusammenarbeit, sozialer Gerechtigkeit und wahrer Demokratie beruht. Und das ist die Schicksalsgemeinschaft der Menschheit.<\/p>\n<p>In der neuen Welt gedeiht die Mehrheit der Menschheit und kn\u00fcpft Verbindungen, w\u00e4hrend die westliche Oligarchie, die sich ihr widersetzt, sich selbst und ihre V\u00f6lker ruiniert. Die neue, freie Welt akkumuliert die positive Erfahrung der gesamten Menschheit. Und sie hat einen Platz f\u00fcr alle! Wir laden die westlichen V\u00f6lker, die immer mehr zu Opfern ihrer Oligarchie werden, in die Neue Welt ein und w\u00fcnschen ihnen eine baldige Befreiung!<\/p>\n<p>Die neue Welt ist eine starke und organisierte Herrschaft des Guten \u00fcber das B\u00f6se!<\/p>\n<p>Stehen wir also zusammen f\u00fcr den schnellen, totalen und endg\u00fcltigen Sieg der Neuen Welt \u00fcber Faschismus und Antihumanismus!<\/p>\n<p>Bis zum Triumph!<\/p>\n<p><span style=\"font-size: 10pt;\">\u00dcbersetzung: <a href=\"https:\/\/www.libres-penseurs.net\/from-nato-aggression-in-1999-against-yugoslavia-to-war-against-russia\/\" target=\"_blank\" rel=\"noopener\">www.libres-penseurs.net<\/a><\/span><\/p>\n<p><span style=\"font-size: 10pt;\"><a href=\"#top\">\u2191 nach oben<\/a><\/span><\/p>\n<hr \/>\n<h4><a id=\"Bahlo\"><\/a>Was sind die gegenw\u00e4rtigen Aufgaben der Freidenkerbewegung?<\/h4>\n<p><em>Rede von <strong>Sebastian Bahlo<\/strong><\/em><\/p>\n<p><span style=\"font-size: 10pt;\">Gehalten auf dem 50. Kongress der Weltunion der Freidenker am 18.05.2023 in Frankfurt am Main<\/span><\/p>\n<p><img data-recalc-dims=\"1\" loading=\"lazy\" decoding=\"async\" data-attachment-id=\"16260\" data-permalink=\"https:\/\/www.freidenker.org\/?attachment_id=16260\" data-orig-file=\"https:\/\/i0.wp.com\/www.freidenker.org\/fw17\/wp-content\/uploads\/2023\/05\/WUF-Kongress_2023_vig2_Bahlo.jpg?fit=200%2C223&amp;ssl=1\" data-orig-size=\"200,223\" data-comments-opened=\"0\" data-image-meta=\"{&quot;aperture&quot;:&quot;5.3&quot;,&quot;credit&quot;:&quot;&quot;,&quot;camera&quot;:&quot;FinePix S2960&quot;,&quot;caption&quot;:&quot;&quot;,&quot;created_timestamp&quot;:&quot;1684426664&quot;,&quot;copyright&quot;:&quot;&quot;,&quot;focal_length&quot;:&quot;33&quot;,&quot;iso&quot;:&quot;400&quot;,&quot;shutter_speed&quot;:&quot;0.011764705882353&quot;,&quot;title&quot;:&quot;&quot;,&quot;orientation&quot;:&quot;1&quot;}\" data-image-title=\"WUF-Kongress_2023_vig2_Bahlo\" data-image-description=\"\" data-image-caption=\"\" data-large-file=\"https:\/\/i0.wp.com\/www.freidenker.org\/fw17\/wp-content\/uploads\/2023\/05\/WUF-Kongress_2023_vig2_Bahlo.jpg?fit=200%2C223&amp;ssl=1\" class=\"wp-image-16260 size-full alignleft\" src=\"https:\/\/i0.wp.com\/www.freidenker.org\/fw17\/wp-content\/uploads\/2023\/05\/WUF-Kongress_2023_vig2_Bahlo.jpg?resize=200%2C223&#038;ssl=1\" alt=\"\" width=\"200\" height=\"223\" \/>Die Frage impliziert, da\u00df sich die Aufgaben der Freidenkerbewegung mit der Zeit ge\u00e4ndert haben. Nicht ge\u00e4ndert haben sich die allgemeinen Ziele der Freidenker \u2013 und ich verstehe das Wort immer synonym mit sozialistischen Freidenkern, denn mit den b\u00fcrgerlichen Atheisten und Religionskritikern kann es \u00fcber punktuelle Zusammenarbeit hinaus keine dauerhafte gemeinsame theoretische und strategische Grundlage geben \u2013 das oberste Ziel war und ist die \u00dcberwindung der durch die Klassengesellschaft bedingten Selbstentfremdung des Menschen, darunter ordnen sich die Teilziele Propagierung der Aufkl\u00e4rung, Religionskritik, Kampf gegen die gesellschaftliche Macht der Kirchen, Kampf gegen \u00f6konomische Ausbeutung, f\u00fcr politische Freiheit, Kultivierung eines Vereinslebens, das die Mitglieder geistig und kulturell erf\u00fcllt und ihnen Freundschaft und Geselligkeit bietet. Diese Ziele bleiben, aber auf welchem Weg wir den gr\u00f6\u00dften Beitrag zur Erreichung dieser Ziele leisten k\u00f6nnen, variiert in Abh\u00e4ngigkeit von \u00e4u\u00dferen Umst\u00e4nden. Es \u00e4ndert sich mit dem gesellschaftlichen Bewu\u00dftsein, und dieses h\u00e4ngt von der allgemeinen Entwicklung der Menschheit ab. Es k\u00f6nnte scheinen, da\u00df einige Ziele der Freidenkerbewegung hier in Westeuropa zu einem solch hohen Grad verwirklicht sind, da\u00df wir geradezu \u00fcberfl\u00fcssig geworden sind: Die Rolle der Religion wird zusehends schw\u00e4cher, und \u00fcber naturwissenschaftliche Thesen wird selbst der Bildungsfernste schon vom Fr\u00fchst\u00fccksfernsehen informiert. Aber dieser Schein tr\u00fcgt ganz gewaltig.<\/p>\n<p>Ich will die Frage in einen historischen Zusammenhang stellen, der gerade das Thema dieser Konferenz betrifft. Mit der Entwicklung des Kapitalismus zum Imperialismus trat in den entwickelten kapitalistischen L\u00e4ndern allm\u00e4hlich eine Degeneration der Arbeiterklasse ein, die Friedrich Engels in bezug auf England mit den Worten erkl\u00e4rte: \u201edie Arbeiter zehren flott mit von dem Weltmarkts- und Kolonialmonopol Englands\u201c. Der Klassenkampf begann sich in diesen L\u00e4ndern tendenziell immer weniger darum zu drehen, den Kapitalisten einen Teil des selbst geschaffenen Produkts abzutrotzen, und immer mehr darum, mit ihnen um die Dividende der imperialistischen Ausbeutung zu feilschen. Nach dem Zweiten Weltkrieg verst\u00e4rkte sich diese Tendenz noch weiter, da die innerimperialistischen Gegens\u00e4tze langfristig eingefroren wurden, (wenn auch nat\u00fcrlich nicht absolut), und ein recht einheitlicher imperialistischer Block unter F\u00fchrung der USA die Welt dominierte. Eine auf den ersten Blick \u00e4hnliche Tendenz l\u00e4\u00dft sich aber auch in vielen ausgebeuteten L\u00e4ndern erkennen: Um unter den Bedingungen des Imperialismus \u00fcberhaupt als Nationalstaaten existieren zu k\u00f6nnen, oder gar aktiv ihre Souver\u00e4nit\u00e4t zu verteidigen, ben\u00f6tigen sie ein klassen\u00fcbergreifendes nationales B\u00fcndnis. Auch hier liegt h\u00e4ufig eine Abschw\u00e4chung des nationalen Klassenkampfes vor. Diese letztere Abschw\u00e4chung ist aber ganz anderer Natur als die Abschw\u00e4chung des Klassenkampfes in den imperialistischen L\u00e4ndern. W\u00e4hrend in den imperialistischen L\u00e4ndern die Abschw\u00e4chung \u00f6konomisch bedingt ist und eine Degeneration des politischen Bewu\u00dftseins hin zum Individualismus mit sich bringt, ist sie in den ausgebeuteten L\u00e4ndern politisch bedingt und wird von einer Hebung des Massenbewu\u00dftseins im Sinne einer nationalen und kollektivistischen Ideologie getragen. Dies ist sozusagen eine Gesetzm\u00e4\u00dfigkeit des Imperialismus, die nat\u00fcrlich nie in Reinform in Erscheinung tritt. Insbesondere die Existenz sozialistischer L\u00e4nder ist hier der Einfachheit halber nicht ber\u00fccksichtigt, macht das Gesagte aber nicht ung\u00fcltig. Zum Begriff \u201eAbschw\u00e4chung\u201c: Dieser Begriff ist nicht ganz gl\u00fccklich und sollte wenn m\u00f6glich durch einen besseren ersetzt werden. Gemeint ist, da\u00df der Klassenkampf auf das \u00f6konomische Feld beschr\u00e4nkt bleibt und nicht zu politischer Unruhe f\u00fchrt. Ein einfaches Beispiel bietet China: In China ist der Kapitalismus unstreitig die dominierende Wirtschaftsform. Es gibt daher in China auch Klassenkampf, der auch offen ausgetragen wird, einschlie\u00dflich Streiks. Aber allen Beteiligten ist klar, da\u00df die politische Stabilit\u00e4t des chinesischen Staates den unverr\u00fcckbaren Rahmen f\u00fcr diesen rein \u00f6konomischen Klassenkampf bilden mu\u00df. Kommt nun jemand und sagt: China ist kapitalistisch, ergo ben\u00f6tigt China eine neue sozialistische Revolution zur politischen Machtergreifung der Arbeiterklasse \u2013 solche Idioten machen sich objektiv zu sich superlinks f\u00fchlenden Lakaien des Imperialismus.<\/p>\n<p>Offenbar ber\u00fchrt die Frage die Imperialismustheorie und die Frage, wie ein imperialistisches Land zu definieren ist. Es gibt Leute, die setzen stillschweigend die Definition voraus, da\u00df ein gro\u00dfes kapitalistisches Land automatisch als imperialistisch anzusprechen ist und glauben sich dabei auf Lenin berufen zu k\u00f6nnen \u2013 allein, bei Lenin steht nichts dergleichen, es gibt eher Formulierungen, die darauf hindeuten, da\u00df er eine solche Definition abgelehnt haben w\u00fcrde. Zu Lenins Zeit war es allerdings keine Streitfrage, welche L\u00e4nder imperialistisch waren und die Notwendigkeit einer Definition wurde nicht gef\u00fchlt. Das ist heute anders. F\u00fcr die Frage, ob ein bestimmtes Land als imperialistisch anzusehen ist, schlage ich wenigstens als ein Kriterium vor, ob in seine Politik vom nationalen Interesse oder von den Interessen des Finanzkapitals dominiert wird.<\/p>\n<p>Es ist noch eine Erl\u00e4uterung angebracht: Auch in den imperialistischen L\u00e4ndern kann eine bewu\u00dfte Wahrnehmung nationaler Interessen durchaus fortschrittlich sein. So sind alle Bestrebungen f\u00fcr einen deutschen NATO-Austritt und f\u00fcr die Verteidigung nationaler Souver\u00e4nit\u00e4t gegen die EU fortschrittlich. Ja selbst in der imperialistischen F\u00fchrungsmacht, den USA, sehe ich die Losung \u201eAmerica First\u201c als \u00fcberwiegend fortschrittlich an, weil sie sich im Kern gegen die Aufgabe nationaler Interessen zugunsten des imperialistischen B\u00fcndnisgeflechts richtet. W\u00fcrde ein solcher nationaler Standpunkt aber im Land bestimmend werden, w\u00fcrde er bald die eigentlichen Profiteure des Imperialismus blo\u00dfstellen und paradoxerweise die falsche, nur scheinbare nationale Einheit zerrei\u00dfen.<\/p>\n<p>Das Herausstellen des Gegensatzes zwischen einer degenerativen nationalen Einigung und einer fortschrittlichen nationalen Einigung erleichtert die Entscheidung, ob eine gesellschaftliche Erscheinung \u00fcberwiegend fortschrittlich oder \u00fcberwiegend reaktion\u00e4r ist. Und ein f\u00fcr uns Freidenker naheliegender Anwendungsfall ist nat\u00fcrlich die Religion. Die Religion \u2013 und \u00fcbrigens sogar ein-und-dieselbe Religion \u2013\u00a0 kann eine fortschrittliche oder reaktion\u00e4re Rolle spielen, je nachdem ob sie als wesentlich kollektivistische Ideologie nur zur Bem\u00e4ntelung des degenerativen Individualismus dient, oder ob sie eine echte Quelle des Kollektivismus darstellt. Ja, selbst die religi\u00f6se \u00dcberzeugung eines einzigen Individuums kann beide Tendenzen aufweisen. Der Papst kann vormittags etwas fortschrittliches und nachmittags etwas reaktion\u00e4res tun. Wir sollten uns deutlich von der Auffassung abgrenzen, da\u00df die Freidenker sich entscheidend durch ihre Gegnerschaft zur Religion definieren. Unsere Weltanschauung hat einen positiven Gehalt, sie bedarf nicht eines Gegenst\u00fccks, dessen Nichtsein sie w\u00e4re. Unsere kritische Erkenntnis der Religion als eines historisch bedingten, beschr\u00e4nkten und verg\u00e4nglichen Ph\u00e4nomens darf uns nicht hindern, sie als langlebiges reales Ph\u00e4nomen zu respektieren und insbesondere ihre fortschrittlichen \u00c4u\u00dferungsformen zu erkennen. Bei der Zusammenarbeit mit religi\u00f6sen Kr\u00e4ften f\u00fcr fortschrittliche Zwecke sollten wir uns keinerlei Beschr\u00e4nkungen auferlegen. Wir sollten uns auch noch mehr f\u00fcr religi\u00f6se Mitglieder \u00f6ffnen. Innere religi\u00f6se \u00dcberzeugung ist mit einer materialistischen Weltanschauung nicht grunds\u00e4tzlich unvereinbar.<\/p>\n<p>Der \u00dcbergang zur multipolaren Weltordnung, \u00fcber den wir heute ausf\u00fchrlich gesprochen haben, wirkt sich auch auf das Bet\u00e4tigungsfeld der Freidenker aus.<\/p>\n<p>Ich habe vorhin gesagt, da\u00df es eine Gesetzm\u00e4\u00dfigkeit des Imperialismus ist, da\u00df der nationale Klassenkampf sowohl in den imperialistischen als auch in den ausgebeuteten L\u00e4ndern abgeschw\u00e4cht wird, wobei es sich um zwei ganz verschiedene Arten von Abschw\u00e4chung handelt. In der Tat ist es nun so, da\u00df der Gegensatz zwischen imperialistischen und sich gegen den Imperialismus behauptenden Nationen nur die Transformation des Klassenkampfes auf einer gr\u00f6\u00dferen B\u00fchne ist, die Hauptantagonisten sind die Monopolkapitalisten der imperialistischen Nationen und die werkt\u00e4tigen Massen der antiimperialistischen Nationen. Und deshalb ist es auch ganz richtig, in der gegenw\u00e4rtigen Herausbildung der multipolaren Weltordnung einen revolution\u00e4ren Proze\u00df zu sehen. An dieser Stelle ist es geboten, Wladimir Putin zu zitieren: \u201eDer Westen ist nicht in der Lage, die Menschheit im Alleingang zu f\u00fchren, versucht es aber verzweifelt, und die meisten V\u00f6lker der Welt wollen sich das nicht l\u00e4nger gefallen lassen. Das ist der Hauptwiderspruch der neuen Epoche. Um es mit den Worten eines Klassikers zu sagen, die Situation ist gewisserma\u00dfen revolution\u00e4r: die oben k\u00f6nnen nicht mehr, und die unten wollen nicht mehr.\u201c<\/p>\n<p>Die oben k\u00f6nnen nicht mehr, sie wollen aber ja noch. Und dieser unfreiwillige Abgang des Imperialismus von der Weltb\u00fchne gestaltet sich sehr unangenehm.<\/p>\n<p>Immer weitere Eskalation in der Ukraine, beispielloser Wirtschaftskrieg, Dauerpropaganda, Gleichschaltung von Staat und Medien, Kriminalisierung von Protest. Wobei alle diese Dinge in irgendeiner Form schon vor Jahren begonnen wurden, aber seit letztem Jahr treten ihre faschistischen Tendenzen klar zutage. Und das erfordert, unser Selbstverst\u00e4ndnis als antifaschistische Organisation zu erneuern und den antifaschistischen Kampf auf die zeitgem\u00e4\u00dfen Erscheinungsformen des Faschismus und seiner Vorstufen zu fokussieren. Dies schlie\u00dft auch den Kampf gegen den Pseudoantifaschismus ein, der eine Herrschaftsideologie ist.<\/p>\n<p>Es ist klar, da\u00df ein Freidenkerverband sich selbst bis zur v\u00f6lligen Handlungsunf\u00e4higkeit l\u00e4hmen w\u00fcrde, der in seiner Mitgliedschaft einen Ausgleich zwischen diametral gegens\u00e4tzlichen Ansichten zum Krieg im Donbass herstellen wollte. In dieser Frage m\u00fcssen wir unverr\u00fcckbar unsere Position vertreten, auf die Gefahr hin, da\u00df Einzelne uns verlassen \u2013 was nach unserer Erfahrung im Deutschen Freidenker-Verband keine bedeutende Rolle spielt und durch die Menschen, die gerade wegen unserer klaren Positionierung neu zu uns kommen, mehr als aufgewogen wird.<\/p>\n<p>Wir lassen es uns auch nicht nehmen, die gr\u00fcne Partei als Speerspitze der Kriegspolitik und Faschisierung herauszustellen und zu bek\u00e4mpfen, und wir wirken mit bei der Propagierung der Losung \u201eWer Gr\u00fcn w\u00e4hlt, w\u00e4hlt den Krieg\u201c.<\/p>\n<p>Der Kampf f\u00fcr Meinungsfreiheit ist gerade akut notwendig, wo Politik und Staatsanwaltschaften versuchen, kritische Meinungs\u00e4u\u00dferungen zum Krieg zwischen Ru\u00dfland und der Ukraine als \u201eBilligung von Straftaten\u201c zu verfolgen. In einigen F\u00e4llen hielt dieser Vorwurf vor Gericht nicht stand, es soll wohl haupts\u00e4chlich Angst gemacht werden. Ich sagte neulich beim Unsterblichen Regiment: \u201eSeien wir lieber jetzt mutig, solange uns nur Geld- oder Gef\u00e4ngnisstrafen drohen, bevor Widerstand wieder lebensgef\u00e4hrlich ist\u201c. Es ist aber \u00fcberhaupt der Skandal anzuprangern, da\u00df eine Meinungs\u00e4u\u00dferung \u00fcber einen Krieg zwischen zwei fremden L\u00e4ndern strafbar sein soll, das ist eine eklatante Verletzung des Grundrechts auf freie Meinungs\u00e4u\u00dferung, das wir verteidigen m\u00fcssen.<\/p>\n<p>Es w\u00e4re also eine Illusion zu glauben, da\u00df man die Freidenkerbewegung zusammenhalten k\u00f6nnte, indem man um die heiklen, historisch entscheidenden Fragen einen Bogen macht \u2013 nein, damit f\u00fchrt man die Bewegung nur der Bedeutungslosigkeit entgegen. Es gibt aber durchaus Fragen, zu denen man sich indifferent verhalten kann und \u00fcber die man den internen Streit aushalten mu\u00df. Das sind oft gerade die Fragen mit dem gr\u00f6\u00dften Spaltungspotenzial. So kann in unserem Verband offen dar\u00fcber diskutiert werden, wie gef\u00e4hrlich ein bestimmtes Virus ist und welche politischen Ma\u00dfnahmen dagegen ergriffen werden sollten oder nicht ergriffen werden d\u00fcrfen. Auch \u00fcber die wissenschaftliche Hypothese der menschengemachten Erderw\u00e4rmung haben wir entgegengesetzte Positionen. Nicht da\u00df ich der Meinung w\u00e4re, es g\u00e4be keine oder mehrere Wahrheiten \u2013 aber es herrscht nun einmal Streit dar\u00fcber, was die Wahrheit ist, und hier handelt es sich um Fragen, in denen die Toleranz gegen\u00fcber gegens\u00e4tzlichen Positionen den Verband zusammenh\u00e4lt und st\u00e4rkt. Ich unterstreiche, was Guy Dawson vorhin (in bezug auf die Coronapolitik) gesagt hat: Das schlimmste war die Spaltung! Ja, auch ich habe meine Meinung dar\u00fcber, ob das Virus oder die Ma\u00dfnahmen mehr Opfer gefordert haben, aber was unseren Verband auszeichnet, ist, da\u00df man bei uns miteinander reden kann, auch wenn man hierzu gegens\u00e4tzliche Positionen hat, w\u00e4hrend anderswo Familien dar\u00fcber zerrissen sind. Jeder zog sich in seine jeweilige Blase zur\u00fcck, niemand wollte sich die Denkweise der jeweils anderen auch nur anh\u00f6ren. Da\u00df wir es geschafft haben, uns dieser Spaltung zu widersetzen, war eine Leistung, die sich gelohnt hat.<\/p>\n<p>Ich weise vorsichtshalber darauf hin, da\u00df ich hier keinen Anspruch auf vollst\u00e4ndige Aufz\u00e4hlung aller Aufgaben der Freidenkerbewegung erhebe, und ich die Aufgaben, die ich nicht genannt habe, nicht etwa f\u00fcr gegenstandslos halte. Selbstverst\u00e4ndlich bleiben Aufgaben wie Interessenvertretung nichtreligi\u00f6ser und\u00a0 \u2013 wie es in Deutschland hei\u00dft \u2013 Konfessionsfreier, Forderung der Trennung von Staat und Kirche, Weiterentwicklung weltlicher Fest- und Trauerkultur und manches andere bestehen. Nur sollte es nie isoliert betrieben werden, man mu\u00df von der Welt, in der es geschieht, ein deutliches Bild haben.<\/p>\n<p>Ich bin \u00fcberzeugt, da\u00df die Freidenkerbewegung, wenn sie den genannten Aufgaben gerecht wird und sich ein zeitgem\u00e4\u00dfes Selbstverst\u00e4ndnis aneignet, in der gegenw\u00e4rtigen Umbruchphase eine wichtige Rolle spielt und erheblich an Bedeutung und Gr\u00f6\u00dfe gewinnen wird.<\/p>\n<p style=\"text-align: right;\"><em>Sebastian Bahlo ist Vorsitzender des Deutschen Freidenker-Verbandes<\/em><\/p>\n<p><span style=\"font-size: 10pt;\"><a href=\"#top\">\u2191 nach oben<\/a><\/span><\/p>\n<hr \/>\n<p><span style=\"font-size: 10pt;\">Bild oben: Klaus Hartmann, Pr\u00e4sident der Weltunion der Freidenker w\u00e4hrend seiner Rede auf dem Kongress der Weltunion der Freidenker<\/span><\/p>\n","protected":false},"excerpt":{"rendered":"<p><b>Bericht\u00a0vom 50. Kongress der Weltunion der Freidenker<\/b><br \/>\nAm 18. Mai 2023 hatte die Weltunion der Freidenker zu ihrem 50. Kongress nach Frankfurt am Main eingeladen. Klaus Hartmann, Pr\u00e4sident der Weltunion, begr\u00fc\u00dfte \u00fcber 80 Teilnehmer im B\u00fcrgerhaus Bornheim und wies darauf hin, dass die Freidenker heute in der Tradition der 1880 gegr\u00fcndeten Freidenker-Internationale st\u00fcnden, aber die damals zentrale Auseinandersetzung mit Religion und Kirche sei vom Kampf gegen die Manipulation und Gleichschaltung durch die \u201ewestlichen\u201c Medien abgel\u00f6st worden.<br \/>\nWir ver\u00f6ffentlichen einen Bericht vom Kongress mit Bildergalerie und dokumentieren die Reden von Klaus Hartmann und Vladimir Kr\u0161ljanin<\/p>\n","protected":false},"author":3,"featured_media":16179,"comment_status":"closed","ping_status":"closed","sticky":false,"template":"","format":"standard","meta":{"colormag_page_container_layout":"default_layout","colormag_page_sidebar_layout":"default_layout","advanced_seo_description":"","jetpack_seo_html_title":"","jetpack_seo_noindex":false,"jetpack_post_was_ever_published":false,"footnotes":""},"categories":[13,20],"tags":[1426,613,413,26,572,1809,339,56,1168,639,726,1624],"class_list":["post-16142","post","type-post","status-publish","format-standard","has-post-thumbnail","hentry","category-frieden-antifaschismus-solidaritaet","category-zentrale-veranstaltungen","tag-andersdenkende","tag-befreiung-vom-faschismus","tag-china","tag-freidenker","tag-geschichtsfaelschung","tag-kongress","tag-kriegspropaganda","tag-nato","tag-russophobie","tag-ukraine-konflikt","tag-weltunion-der-freidenker","tag-werte"],"jetpack_featured_media_url":"https:\/\/i0.wp.com\/www.freidenker.org\/fw17\/wp-content\/uploads\/2023\/05\/WUF-Kongress_2023_KH_mB_800x450.jpg?fit=800%2C450&ssl=1","jetpack_shortlink":"https:\/\/wp.me\/p9stpK-4cm","jetpack-related-posts":[{"id":15798,"url":"https:\/\/www.freidenker.org\/?p=15798","url_meta":{"origin":16142,"position":0},"title":"Freies Denken und die neue multipolare Weltordnung","author":"Webredaktion","date":"19. April 2023","format":false,"excerpt":"50. Kongress der Weltunion der Freidenker Donnerstag, 18.05.2023, 11 - 17 Uhr, Saalbau Bornheim, Arnsburger Str. 24, 60385 Frankfurt am Main Vortr\u00e4ge: \u201eZeitenwende\u201c zwischen Krieg und Frieden (Klaus Hartmann, Offenbach am Main), Der Welten Lage \u00e4ndert sich (Jean-Marie Jacoby, Luxemburg), Von der NATO-Aggression 1999 gegen Jugoslawien zum Krieg gegen Russland\u2026","rel":"","context":"In &quot;Zentrale Veranstaltungen&quot;","block_context":{"text":"Zentrale Veranstaltungen","link":"https:\/\/www.freidenker.org\/?cat=20"},"img":{"alt_text":"","src":"https:\/\/i0.wp.com\/www.freidenker.org\/fw17\/wp-content\/uploads\/2023\/04\/multipolar_800x450.jpg?fit=800%2C450&ssl=1&resize=350%2C200","width":350,"height":200,"srcset":"https:\/\/i0.wp.com\/www.freidenker.org\/fw17\/wp-content\/uploads\/2023\/04\/multipolar_800x450.jpg?fit=800%2C450&ssl=1&resize=350%2C200 1x, https:\/\/i0.wp.com\/www.freidenker.org\/fw17\/wp-content\/uploads\/2023\/04\/multipolar_800x450.jpg?fit=800%2C450&ssl=1&resize=525%2C300 1.5x, https:\/\/i0.wp.com\/www.freidenker.org\/fw17\/wp-content\/uploads\/2023\/04\/multipolar_800x450.jpg?fit=800%2C450&ssl=1&resize=700%2C400 2x"},"classes":[]},{"id":3060,"url":"https:\/\/www.freidenker.org\/?p=3060","url_meta":{"origin":16142,"position":1},"title":"44. Kongress der Freidenker-Weltunion","author":"Webredaktion","date":"26. Juni 2013","format":false,"excerpt":"Bericht vom 44. Kongress der Weltunion der Freidenker vom 24. bis 26. Mai 2013 in Mannheim Im Mittelpunkt der Tagung stand das Verh\u00e4ltnis des Freien Denkens zur Politik: Der Vorstellung, die Freidenker sollten sich auf Themen der Religions- und Kirchenkritik beschr\u00e4nken, hielt Klaus Hartmann in seinem Referat entgegen: \u201eFreidenker k\u00e4mpften\u2026","rel":"","context":"In &quot;Zentrale Veranstaltungen&quot;","block_context":{"text":"Zentrale Veranstaltungen","link":"https:\/\/www.freidenker.org\/?cat=20"},"img":{"alt_text":"","src":"https:\/\/i0.wp.com\/www.freidenker.org\/fw17\/wp-content\/uploads\/2013\/06\/pansy-2541492_800x445.jpg?fit=800%2C445&ssl=1&resize=350%2C200","width":350,"height":200,"srcset":"https:\/\/i0.wp.com\/www.freidenker.org\/fw17\/wp-content\/uploads\/2013\/06\/pansy-2541492_800x445.jpg?fit=800%2C445&ssl=1&resize=350%2C200 1x, https:\/\/i0.wp.com\/www.freidenker.org\/fw17\/wp-content\/uploads\/2013\/06\/pansy-2541492_800x445.jpg?fit=800%2C445&ssl=1&resize=525%2C300 1.5x, https:\/\/i0.wp.com\/www.freidenker.org\/fw17\/wp-content\/uploads\/2013\/06\/pansy-2541492_800x445.jpg?fit=800%2C445&ssl=1&resize=700%2C400 2x"},"classes":[]},{"id":17936,"url":"https:\/\/www.freidenker.org\/?p=17936","url_meta":{"origin":16142,"position":2},"title":"Galerie: Max-Sievers-Ehrung","author":"Webredaktion","date":"22. Januar 2024","format":false,"excerpt":"Bericht der Webredaktion Vor 80 Jahren haben die deutschen Faschisten den Vorsitzenden des Deutschen Freidenker-Verbandes im Zuchthaus Brandenburg-G\u00f6rden mit dem Fallbeil ermordet. Aus diesem Anlass trafen sich Freidenker aus Berlin, Brandenburg und Hessen zu einem ehrenden Gedenken am 17. Januar 2024 auf dem Urnenfriedhof Wedding in Berlin, wo sich das\u2026","rel":"","context":"In &quot;Geschichte&quot;","block_context":{"text":"Geschichte","link":"https:\/\/www.freidenker.org\/?cat=1162"},"img":{"alt_text":"","src":"https:\/\/i0.wp.com\/www.freidenker.org\/fw17\/wp-content\/uploads\/2024\/01\/Sievers-Ehrung_2024_154236_800x450.jpg?fit=800%2C450&ssl=1&resize=350%2C200","width":350,"height":200,"srcset":"https:\/\/i0.wp.com\/www.freidenker.org\/fw17\/wp-content\/uploads\/2024\/01\/Sievers-Ehrung_2024_154236_800x450.jpg?fit=800%2C450&ssl=1&resize=350%2C200 1x, https:\/\/i0.wp.com\/www.freidenker.org\/fw17\/wp-content\/uploads\/2024\/01\/Sievers-Ehrung_2024_154236_800x450.jpg?fit=800%2C450&ssl=1&resize=525%2C300 1.5x, https:\/\/i0.wp.com\/www.freidenker.org\/fw17\/wp-content\/uploads\/2024\/01\/Sievers-Ehrung_2024_154236_800x450.jpg?fit=800%2C450&ssl=1&resize=700%2C400 2x"},"classes":[]},{"id":3062,"url":"https:\/\/www.freidenker.org\/?p=3062","url_meta":{"origin":16142,"position":3},"title":"44. Kongress der Weltunion der Freidenker, 24. bis 26. Mai 2013","author":"Webredaktion","date":"20. Mai 2013","format":false,"excerpt":"Veranstaltungshinweis Der 44. Kongress der Weltunion der Freidenker findet vom 24. bis 26. Mai 2013 in Mannheim, B\u00fcrgerhaus Neckarstadt, Lutherstra\u00dfe 15-17 statt. Das Motto lautet \"Freies Denken und die Bereiche von Wirtschaft, Gesellschaft, Politik\". Zur Teilnahme am Samstag, 25.05.2013 seid ihr herzlich eingeladen. Am Sonntag, 26. Mai 2013 findet um\u2026","rel":"","context":"In &quot;Zentrale Veranstaltungen&quot;","block_context":{"text":"Zentrale Veranstaltungen","link":"https:\/\/www.freidenker.org\/?cat=20"},"img":{"alt_text":"","src":"https:\/\/i0.wp.com\/www.freidenker.org\/fw17\/wp-content\/uploads\/2013\/05\/heidelberg-2726936_800x445.jpg?fit=800%2C445&ssl=1&resize=350%2C200","width":350,"height":200,"srcset":"https:\/\/i0.wp.com\/www.freidenker.org\/fw17\/wp-content\/uploads\/2013\/05\/heidelberg-2726936_800x445.jpg?fit=800%2C445&ssl=1&resize=350%2C200 1x, https:\/\/i0.wp.com\/www.freidenker.org\/fw17\/wp-content\/uploads\/2013\/05\/heidelberg-2726936_800x445.jpg?fit=800%2C445&ssl=1&resize=525%2C300 1.5x, https:\/\/i0.wp.com\/www.freidenker.org\/fw17\/wp-content\/uploads\/2013\/05\/heidelberg-2726936_800x445.jpg?fit=800%2C445&ssl=1&resize=700%2C400 2x"},"classes":[]},{"id":18765,"url":"https:\/\/www.freidenker.org\/?p=18765","url_meta":{"origin":16142,"position":4},"title":"Von der Aggression gegen Jugoslawien zum NATO-Krieg gegen Russland","author":"Webredaktion","date":"14. April 2024","format":false,"excerpt":"Rede von Klaus Hartmann, gehalten am 22. M\u00e4rz 2024 auf der Konferenz \"Von der Aggression zu einer neuen gerechten Ordnung\" in Belgrad Im Jahr 2022 hat die deutsche Bundesregierung eine \u201eZeitenwende\u201c, eine \u201eneue \u00c4ra\u201c proklamiert \u2013 um damit die Russische F\u00f6deration anzuklagen, unter Bruch des V\u00f6lkerrechts einen Angriffskrieg begonnen zu\u2026","rel":"","context":"In &quot;Demokratie \u2013 Medien \u2013 Aufkl\u00e4rung&quot;","block_context":{"text":"Demokratie \u2013 Medien \u2013 Aufkl\u00e4rung","link":"https:\/\/www.freidenker.org\/?cat=12"},"img":{"alt_text":"","src":"https:\/\/i0.wp.com\/www.freidenker.org\/fw17\/wp-content\/uploads\/2024\/04\/beoforum_2024_Hartmann_800x450.jpg?fit=800%2C450&ssl=1&resize=350%2C200","width":350,"height":200,"srcset":"https:\/\/i0.wp.com\/www.freidenker.org\/fw17\/wp-content\/uploads\/2024\/04\/beoforum_2024_Hartmann_800x450.jpg?fit=800%2C450&ssl=1&resize=350%2C200 1x, https:\/\/i0.wp.com\/www.freidenker.org\/fw17\/wp-content\/uploads\/2024\/04\/beoforum_2024_Hartmann_800x450.jpg?fit=800%2C450&ssl=1&resize=525%2C300 1.5x, https:\/\/i0.wp.com\/www.freidenker.org\/fw17\/wp-content\/uploads\/2024\/04\/beoforum_2024_Hartmann_800x450.jpg?fit=800%2C450&ssl=1&resize=700%2C400 2x"},"classes":[]},{"id":16200,"url":"https:\/\/www.freidenker.org\/?p=16200","url_meta":{"origin":16142,"position":5},"title":"Freidenkerkongress: &#8222;Bildung der neuen multipolaren Weltordnung ist ein revolution\u00e4rer Prozess&#8220;","author":"Webredaktion","date":"29. Mai 2023","format":false,"excerpt":"Analyse von Felicitas Rabe Am 18. Mai 2023 hatte die Weltunion der Freidenker zu ihrem Kongress nach Frankfurt am Main eingeladen. Klaus Hartmann, der\u00a0Pr\u00e4sident der Weltunion, begr\u00fc\u00dfte die \u00fcber 80 Teilnehmer im B\u00fcrgerhaus Bornheim. Er wies darauf hin, dass die Freidenker heute in der Tradition der 1880 gegr\u00fcndeten Freidenker-Internationale stehen\u2026","rel":"","context":"In &quot;Demokratie \u2013 Medien \u2013 Aufkl\u00e4rung&quot;","block_context":{"text":"Demokratie \u2013 Medien \u2013 Aufkl\u00e4rung","link":"https:\/\/www.freidenker.org\/?cat=12"},"img":{"alt_text":"","src":"https:\/\/i0.wp.com\/www.freidenker.org\/fw17\/wp-content\/uploads\/2023\/05\/WUF-Kongress_2023_SB_mB_800x450.jpg?fit=800%2C450&ssl=1&resize=350%2C200","width":350,"height":200,"srcset":"https:\/\/i0.wp.com\/www.freidenker.org\/fw17\/wp-content\/uploads\/2023\/05\/WUF-Kongress_2023_SB_mB_800x450.jpg?fit=800%2C450&ssl=1&resize=350%2C200 1x, https:\/\/i0.wp.com\/www.freidenker.org\/fw17\/wp-content\/uploads\/2023\/05\/WUF-Kongress_2023_SB_mB_800x450.jpg?fit=800%2C450&ssl=1&resize=525%2C300 1.5x, https:\/\/i0.wp.com\/www.freidenker.org\/fw17\/wp-content\/uploads\/2023\/05\/WUF-Kongress_2023_SB_mB_800x450.jpg?fit=800%2C450&ssl=1&resize=700%2C400 2x"},"classes":[]}],"_links":{"self":[{"href":"https:\/\/www.freidenker.org\/index.php?rest_route=\/wp\/v2\/posts\/16142","targetHints":{"allow":["GET"]}}],"collection":[{"href":"https:\/\/www.freidenker.org\/index.php?rest_route=\/wp\/v2\/posts"}],"about":[{"href":"https:\/\/www.freidenker.org\/index.php?rest_route=\/wp\/v2\/types\/post"}],"author":[{"embeddable":true,"href":"https:\/\/www.freidenker.org\/index.php?rest_route=\/wp\/v2\/users\/3"}],"replies":[{"embeddable":true,"href":"https:\/\/www.freidenker.org\/index.php?rest_route=%2Fwp%2Fv2%2Fcomments&post=16142"}],"version-history":[{"count":0,"href":"https:\/\/www.freidenker.org\/index.php?rest_route=\/wp\/v2\/posts\/16142\/revisions"}],"wp:featuredmedia":[{"embeddable":true,"href":"https:\/\/www.freidenker.org\/index.php?rest_route=\/wp\/v2\/media\/16179"}],"wp:attachment":[{"href":"https:\/\/www.freidenker.org\/index.php?rest_route=%2Fwp%2Fv2%2Fmedia&parent=16142"}],"wp:term":[{"taxonomy":"category","embeddable":true,"href":"https:\/\/www.freidenker.org\/index.php?rest_route=%2Fwp%2Fv2%2Fcategories&post=16142"},{"taxonomy":"post_tag","embeddable":true,"href":"https:\/\/www.freidenker.org\/index.php?rest_route=%2Fwp%2Fv2%2Ftags&post=16142"}],"curies":[{"name":"wp","href":"https:\/\/api.w.org\/{rel}","templated":true}]}}