{"id":16100,"date":"2023-05-23T01:55:47","date_gmt":"2023-05-22T23:55:47","guid":{"rendered":"https:\/\/www.freidenker.org\/?p=16100"},"modified":"2023-06-24T10:38:35","modified_gmt":"2023-06-24T08:38:35","slug":"propaganda-machen-immer-die-anderen","status":"publish","type":"post","link":"https:\/\/www.freidenker.org\/?p=16100","title":{"rendered":"Propaganda machen immer die anderen&#8230;"},"content":{"rendered":"<h5><span id=\"page71R_mcid6\" class=\"markedContent\"><span dir=\"ltr\" role=\"presentation\">Zum Themenabend in der Villa Leon laden wir herzlich ein.<\/span><\/span><\/h5>\n<p><em><span id=\"page71R_mcid9\" class=\"markedContent\"><span dir=\"ltr\" role=\"presentation\">Mit <strong>Prof. Dr. Sabine Schiffer<\/strong>, <\/span><\/span><span id=\"page71R_mcid10\" class=\"markedContent\"><span dir=\"ltr\" role=\"presentation\">Medienwissenschaftlerin<\/span><\/span><\/em><\/p>\n<p><strong>Freitag, 16. Juni 2023, 19:30 Uhr<\/strong><br \/>\n<strong>Villa Leon N\u00fcrnberg, Kleiner Saal 1. OG<\/strong><br \/>\nPhilipp-Koerber-Weg 1, 90439 N\u00fcrnberg<br \/>\n(U2, Rothenburger Str.)<\/p>\n<p>Auf einen Gegenstand, eine Situation, ein Ereignis blicken verschiedene Menschen aus unterschiedlichen Perspektiven. Demokratischer Meinungsdiskurs kann helfen die Realit\u00e4t zu verstehen und des \u201ePudels Kern\u201c zu finden, so sollte man meinen. Was aber, wenn statt Erkenntnis und Aufkl\u00e4rung Anfeindung, Aggression und Stigmatisierung erlebt werden? Wo und wie k\u00f6nnen wir eine systematische Medienanalyse sowie Methoden und Kompetenzen erlernen, die f\u00fcr eine kritische Auseinandersetzung mit Meinungsbildungsprozessen in der Demokratie dringend gebraucht werden?<\/p>\n<p>Schnell ist man dabei, &#8222;den Russen&#8220;, &#8222;der &#8230;Lobby&#8220; oder &#8222;den Medien&#8220; Propaganda zu unterstellen. Tats\u00e4chlich gibt es vielf\u00e4ltige Einflussm\u00f6glichkeiten auf \u00f6ffentliche Diskurse. Daf\u00fcr m\u00fcssen auch Medienmachende mehr Bewusstsein erlangen, denn sie sind als Vehikel f\u00fcr Propaganda fest eingeplant. Journalistische Medien veredeln gewisserma\u00dfen das, was Think Tanks, Lobbygruppen oder andere Akteure verbreiten m\u00f6chten, wenn sie es als Bericht weitergeben und die Quelle nicht offen legen. Und so schleichen sich auch Werbebotschaften und manchmal Falschnachrichten in die Berichterstattung. Fakt ist, dass FakeNews kein reines Internet-Ph\u00e4nomen sind. Mehr Wissen \u00fcber journalistische Standards und die Arbeitsweise in Medien, wie auch in der professionellen Public Relations, kann helfen Mythen abzubauen &#8211; und gleichzeitig Mittel an die Hand geben, echte Verschw\u00f6rungen aufzudecken.<\/p>\n<p><span style=\"font-size: 10pt;\"><strong>Veranstalter: <\/strong><\/span><br \/>\n<span style=\"font-size: 10pt;\">Deutscher Freidenker-Verband e.V.<\/span><br \/>\n<span style=\"font-size: 10pt;\">Ortsverband Franken\/N\u00fcrnberg<\/span><\/p>\n<hr \/>\n<p><strong>Download<\/strong><\/p>\n<p><img data-recalc-dims=\"1\" loading=\"lazy\" decoding=\"async\" data-attachment-id=\"1076\" data-permalink=\"https:\/\/www.freidenker.org\/?attachment_id=1076\" data-orig-file=\"https:\/\/i0.wp.com\/www.freidenker.org\/fw17\/wp-content\/uploads\/2017\/10\/pdf_icon-2.png?fit=32%2C32&amp;ssl=1\" data-orig-size=\"32,32\" data-comments-opened=\"0\" data-image-meta=\"{&quot;aperture&quot;:&quot;0&quot;,&quot;credit&quot;:&quot;&quot;,&quot;camera&quot;:&quot;&quot;,&quot;caption&quot;:&quot;&quot;,&quot;created_timestamp&quot;:&quot;0&quot;,&quot;copyright&quot;:&quot;&quot;,&quot;focal_length&quot;:&quot;0&quot;,&quot;iso&quot;:&quot;0&quot;,&quot;shutter_speed&quot;:&quot;0&quot;,&quot;title&quot;:&quot;&quot;,&quot;orientation&quot;:&quot;0&quot;}\" data-image-title=\"pdf_icon\" data-image-description=\"\" data-image-caption=\"\" data-large-file=\"https:\/\/i0.wp.com\/www.freidenker.org\/fw17\/wp-content\/uploads\/2017\/10\/pdf_icon-2.png?fit=32%2C32&amp;ssl=1\" class=\"alignnone size-full wp-image-1076\" src=\"https:\/\/i0.wp.com\/www.freidenker.org\/fw17\/wp-content\/uploads\/2017\/10\/pdf_icon-2.png?resize=32%2C32&#038;ssl=1\" alt=\"\" width=\"32\" height=\"32\" \/> <a href=\"https:\/\/www.freidenker.org\/fw17\/wp-content\/uploads\/2023\/05\/EINLADUNG-06-23-Schiffer_v2.pdf\" target=\"_blank\" rel=\"noopener\">Flyer zur Veranstaltung<\/a>\u00a0(PDF-Dokument, ca. 160 KB)<\/p>\n<hr \/>\n<p><span style=\"font-size: 10pt;\">Bild oben: <a href=\"https:\/\/pixabay.com\/de\/photos\/propaganda-revolution-menschen-3543257\/\" target=\"_blank\" rel=\"noopener\">pixabay.com<\/a> \/ <a class=\"hover_opacity\" href=\"https:\/\/pixabay.com\/de\/users\/tayebmezahdia-4194100\/\">TayebMEZAHDIA<\/a> \/ <a href=\"https:\/\/pixabay.com\/de\/service\/terms\/\">Inhaltslizenz<\/a><\/span><\/p>\n","protected":false},"excerpt":{"rendered":"<p><b> Themenabend mit Prof. Dr. Sabine Schiffer<\/b><br \/>\nFreitag, 16. Juni 2023, 19:30 Uhr, Villa Leon N\u00fcrnberg, Kleiner Saal 1. OG<br \/>\nAuf einen Gegenstand, eine Situation, ein Ereignis blicken verschiedene Menschen aus unterschiedlichen Perspektiven. Demokratischer Meinungsdiskurs kann helfen die Realit\u00e4t zu verstehen und des \u201ePudels Kern\u201c zu finden, so sollte man meinen. Was aber, wenn statt Erkenntnis und Aufkl\u00e4rung Anfeindung, Aggression und Stigmatisierung erlebt werden? Wo und wie k\u00f6nnen wir eine systematische Medienanalyse sowie Methoden und Kompetenzen erlernen, die f\u00fcr eine kritische Auseinandersetzung mit Meinungsbildungsprozessen in der Demokratie dringend gebraucht werden?<\/p>\n","protected":false},"author":3,"featured_media":16102,"comment_status":"closed","ping_status":"closed","sticky":false,"template":"","format":"standard","meta":{"colormag_page_container_layout":"default_layout","colormag_page_sidebar_layout":"default_layout","advanced_seo_description":"","jetpack_seo_html_title":"","jetpack_seo_noindex":false,"jetpack_post_was_ever_published":false,"footnotes":""},"categories":[19],"tags":[465,602,1315,1451,121,1450,1456,506,637,640],"class_list":["post-16100","post","type-post","status-publish","format-standard","has-post-thumbnail","hentry","category-veranstaltungen-in-den-dfv-landesverbaenden","tag-erkenntnis","tag-fake-news","tag-journalismus","tag-lv-bayern","tag-medien","tag-medienanalyse","tag-meinungsbildung","tag-nuernberg","tag-propaganda","tag-verschwoerung"],"jetpack_featured_media_url":"https:\/\/i0.wp.com\/www.freidenker.org\/fw17\/wp-content\/uploads\/2023\/05\/propaganda-3543257_800x450.jpg?fit=800%2C450&ssl=1","jetpack_shortlink":"https:\/\/wp.me\/p9stpK-4bG","jetpack-related-posts":[{"id":11513,"url":"https:\/\/www.freidenker.org\/?p=11513","url_meta":{"origin":16100,"position":0},"title":"26. Linke Literaturmesse in N\u00fcrnberg mit Buchvorstellung &#8222;Medienanalyse&#8220; von Sabine Schiffer","author":"Webredaktion","date":"30. Oktober 2021","format":false,"excerpt":"Veranstaltungshinweis 26. Linke Literaturmesse - Freitag, den 05.11. bis Sonntag, den 07.11.21, Kulturwerkstatt auf AEG, F\u00fcrther Str. 244d, N\u00fcrnberg. Wie jedes Jahr wieder mit: Buchvorstellungen \u2013 Lesungen \u2013 Verkaufsmesse --- Medienanalyse - Sabine Schiffer stellt ihr neues Buch vor Samstag, 6. November 2021, 19 Uhr, kleiner Saal auf AEG N\u00fcrnberg\u2026","rel":"","context":"In &quot;Publikationen von Freidenkern&quot;","block_context":{"text":"Publikationen von Freidenkern","link":"https:\/\/www.freidenker.org\/?cat=7"},"img":{"alt_text":"","src":"https:\/\/i0.wp.com\/www.freidenker.org\/fw17\/wp-content\/uploads\/2021\/10\/LITMESSE_2021_800x450.jpg?fit=800%2C450&ssl=1&resize=350%2C200","width":350,"height":200,"srcset":"https:\/\/i0.wp.com\/www.freidenker.org\/fw17\/wp-content\/uploads\/2021\/10\/LITMESSE_2021_800x450.jpg?fit=800%2C450&ssl=1&resize=350%2C200 1x, https:\/\/i0.wp.com\/www.freidenker.org\/fw17\/wp-content\/uploads\/2021\/10\/LITMESSE_2021_800x450.jpg?fit=800%2C450&ssl=1&resize=525%2C300 1.5x, https:\/\/i0.wp.com\/www.freidenker.org\/fw17\/wp-content\/uploads\/2021\/10\/LITMESSE_2021_800x450.jpg?fit=800%2C450&ssl=1&resize=700%2C400 2x"},"classes":[]},{"id":15927,"url":"https:\/\/www.freidenker.org\/?p=15927","url_meta":{"origin":16100,"position":1},"title":"Buchbesprechung: Kriegsfolgen &#8211; Wie der Krieg um die Ukraine die Welt ver\u00e4ndert","author":"Webredaktion","date":"2. Mai 2023","format":false,"excerpt":"Buchbesprechung mit Hannes Hofbauer Freitag, 05. Mai 2023, 19:30 Uhr, Villa Leon N\u00fcrnberg, Kleiner Saal 1. OG Die blau-gelbe Fahne steht f\u00fcr Freiheit, das omin\u00f6se russische Zeichen \u201eZ\u201c f\u00fcr Unterdr\u00fcckung. So einfach ist der Krieg um die Ukraine nicht erkl\u00e4rbar, obwohl sich unter europ\u00e4ischen Staatskanzleien und Leitmedien nur diese eine\u2026","rel":"","context":"In &quot;Veranstaltungen in den DFV-Landesverb\u00e4nden&quot;","block_context":{"text":"Veranstaltungen in den DFV-Landesverb\u00e4nden","link":"https:\/\/www.freidenker.org\/?cat=19"},"img":{"alt_text":"","src":"https:\/\/i0.wp.com\/www.freidenker.org\/fw17\/wp-content\/uploads\/2023\/05\/hofbauer_kriegsfolgen_800x450.jpg?fit=800%2C450&ssl=1&resize=350%2C200","width":350,"height":200,"srcset":"https:\/\/i0.wp.com\/www.freidenker.org\/fw17\/wp-content\/uploads\/2023\/05\/hofbauer_kriegsfolgen_800x450.jpg?fit=800%2C450&ssl=1&resize=350%2C200 1x, https:\/\/i0.wp.com\/www.freidenker.org\/fw17\/wp-content\/uploads\/2023\/05\/hofbauer_kriegsfolgen_800x450.jpg?fit=800%2C450&ssl=1&resize=525%2C300 1.5x, https:\/\/i0.wp.com\/www.freidenker.org\/fw17\/wp-content\/uploads\/2023\/05\/hofbauer_kriegsfolgen_800x450.jpg?fit=800%2C450&ssl=1&resize=700%2C400 2x"},"classes":[]},{"id":8658,"url":"https:\/\/www.freidenker.org\/?p=8658","url_meta":{"origin":16100,"position":2},"title":"\u201eSagen wird man \u00fcber unsre Tage\u2026\u201c \u2013 Gina Pietsch und Bardo Henning","author":"Webredaktion","date":"23. September 2020","format":false,"excerpt":"Matin\u00e9e in der Villa Leon mit Gina Pietsch und Bardo Henning \u201eSagen wird man \u00fcber unsre Tage\u2026\u201c - Sonntag, 4. Oktober 2020, 11 Uhr - Villa Leon, gro\u00dfer Saal - Phillip-Koerber-Weg 1, 90439 N\u00fcrnberg - Eintritt frei (Spenden willkommen) Am 7. Oktober 2019 w\u00e4re sie 70 geworden die DDR \u2026\u2026","rel":"","context":"In &quot;Kultur &amp; Kunst&quot;","block_context":{"text":"Kultur &amp; Kunst","link":"https:\/\/www.freidenker.org\/?cat=913"},"img":{"alt_text":"","src":"https:\/\/i0.wp.com\/www.freidenker.org\/fw17\/wp-content\/uploads\/2020\/09\/ginapietsch_04102020_nbrg.jpg?fit=800%2C445&ssl=1&resize=350%2C200","width":350,"height":200,"srcset":"https:\/\/i0.wp.com\/www.freidenker.org\/fw17\/wp-content\/uploads\/2020\/09\/ginapietsch_04102020_nbrg.jpg?fit=800%2C445&ssl=1&resize=350%2C200 1x, https:\/\/i0.wp.com\/www.freidenker.org\/fw17\/wp-content\/uploads\/2020\/09\/ginapietsch_04102020_nbrg.jpg?fit=800%2C445&ssl=1&resize=525%2C300 1.5x, https:\/\/i0.wp.com\/www.freidenker.org\/fw17\/wp-content\/uploads\/2020\/09\/ginapietsch_04102020_nbrg.jpg?fit=800%2C445&ssl=1&resize=700%2C400 2x"},"classes":[]},{"id":14585,"url":"https:\/\/www.freidenker.org\/?p=14585","url_meta":{"origin":16100,"position":3},"title":"Marx und Engels \u00fcber das Verh\u00e4ltnis von Mensch und Natur","author":"Webredaktion","date":"4. November 2022","format":false,"excerpt":"Themenabend - Freitag, 11. November 2022 um 19.30 Uhr, Villa Leon, N\u00fcrnberg Referent: Richard Dollinger \u201eUns so werden wir mit jedem Schritt daran erinnert, da\u00df wir keineswegs die Natur beherrschen, wie ein Eroberer ein fremdes Volk beherrscht, wie jemand der au\u00dferhalb der Natur steht.\u201c [Friedrich Engels, Dialektik der Natur] Der\u2026","rel":"","context":"In &quot;Veranstaltungen in den DFV-Landesverb\u00e4nden&quot;","block_context":{"text":"Veranstaltungen in den DFV-Landesverb\u00e4nden","link":"https:\/\/www.freidenker.org\/?cat=19"},"img":{"alt_text":"","src":"https:\/\/i0.wp.com\/www.freidenker.org\/fw17\/wp-content\/uploads\/2022\/11\/Berlin_-_Marx-Engels-Forum_1_800x450.jpg?fit=800%2C450&ssl=1&resize=350%2C200","width":350,"height":200,"srcset":"https:\/\/i0.wp.com\/www.freidenker.org\/fw17\/wp-content\/uploads\/2022\/11\/Berlin_-_Marx-Engels-Forum_1_800x450.jpg?fit=800%2C450&ssl=1&resize=350%2C200 1x, https:\/\/i0.wp.com\/www.freidenker.org\/fw17\/wp-content\/uploads\/2022\/11\/Berlin_-_Marx-Engels-Forum_1_800x450.jpg?fit=800%2C450&ssl=1&resize=525%2C300 1.5x, https:\/\/i0.wp.com\/www.freidenker.org\/fw17\/wp-content\/uploads\/2022\/11\/Berlin_-_Marx-Engels-Forum_1_800x450.jpg?fit=800%2C450&ssl=1&resize=700%2C400 2x"},"classes":[]},{"id":13078,"url":"https:\/\/www.freidenker.org\/?p=13078","url_meta":{"origin":16100,"position":4},"title":"Neues aus Cuba &#8211; Menschlichkeit trotz Wirtschaftskrieg","author":"Webredaktion","date":"10. Mai 2022","format":false,"excerpt":"Veranstaltung\u00a0mit der kubanischen Botschafterin Juana Martinez Gonzales Freitag, 13.05.2022, 19.30 Uhr \/ Villa Leon, Philipp-Koerber-Weg 1, 90439 N\u00fcrnberg Im Januar 2022 verabschiedete sich Ramon Ripoll Diaz, der 4 Jahre lang als Botschafter sein Land Cuba in Berlin vertrat. Beim Abschied rief er zum Kampf gegen die seit mehr als 60\u2026","rel":"","context":"In &quot;Frieden - Antifaschismus - Solidarit\u00e4t&quot;","block_context":{"text":"Frieden - Antifaschismus - Solidarit\u00e4t","link":"https:\/\/www.freidenker.org\/?cat=13"},"img":{"alt_text":"","src":"https:\/\/i0.wp.com\/www.freidenker.org\/fw17\/wp-content\/uploads\/2022\/05\/Cuba_unblock_800x450.jpg?fit=800%2C450&ssl=1&resize=350%2C200","width":350,"height":200,"srcset":"https:\/\/i0.wp.com\/www.freidenker.org\/fw17\/wp-content\/uploads\/2022\/05\/Cuba_unblock_800x450.jpg?fit=800%2C450&ssl=1&resize=350%2C200 1x, https:\/\/i0.wp.com\/www.freidenker.org\/fw17\/wp-content\/uploads\/2022\/05\/Cuba_unblock_800x450.jpg?fit=800%2C450&ssl=1&resize=525%2C300 1.5x, https:\/\/i0.wp.com\/www.freidenker.org\/fw17\/wp-content\/uploads\/2022\/05\/Cuba_unblock_800x450.jpg?fit=800%2C450&ssl=1&resize=700%2C400 2x"},"classes":[]},{"id":18383,"url":"https:\/\/www.freidenker.org\/?p=18383","url_meta":{"origin":16100,"position":5},"title":"F\u00e4llt aus: Themenabend Internationaler Frauentag &#8211; Die Waffen nieder!","author":"Webredaktion","date":"27. Februar 2024","format":false,"excerpt":"Deutscher Freidenker-Verband e.V. - Ortsverband Franken\/N\u00fcrnberg Themenabend mit Karin Leukefeld, (Journalistin, Nahost-Expertin): - Die Waffen nieder! - Die Lage der Frauen im Gaza - Akteure und Interessen im Nahost-Konflikt Freitag, 08. M\u00e4rz 2024 um 19.30 Uhr, \"Dialog der Kulturen\", N\u00fcrnberg","rel":"","context":"In &quot;Veranstaltungen in den DFV-Landesverb\u00e4nden&quot;","block_context":{"text":"Veranstaltungen in den DFV-Landesverb\u00e4nden","link":"https:\/\/www.freidenker.org\/?cat=19"},"img":{"alt_text":"","src":"https:\/\/i0.wp.com\/www.freidenker.org\/fw17\/wp-content\/uploads\/2024\/02\/Leukefeld_Frauen-im-Gaza_Ausfall_800x450.jpg?fit=800%2C445&ssl=1&resize=350%2C200","width":350,"height":200,"srcset":"https:\/\/i0.wp.com\/www.freidenker.org\/fw17\/wp-content\/uploads\/2024\/02\/Leukefeld_Frauen-im-Gaza_Ausfall_800x450.jpg?fit=800%2C445&ssl=1&resize=350%2C200 1x, https:\/\/i0.wp.com\/www.freidenker.org\/fw17\/wp-content\/uploads\/2024\/02\/Leukefeld_Frauen-im-Gaza_Ausfall_800x450.jpg?fit=800%2C445&ssl=1&resize=525%2C300 1.5x, https:\/\/i0.wp.com\/www.freidenker.org\/fw17\/wp-content\/uploads\/2024\/02\/Leukefeld_Frauen-im-Gaza_Ausfall_800x450.jpg?fit=800%2C445&ssl=1&resize=700%2C400 2x"},"classes":[]}],"_links":{"self":[{"href":"https:\/\/www.freidenker.org\/index.php?rest_route=\/wp\/v2\/posts\/16100","targetHints":{"allow":["GET"]}}],"collection":[{"href":"https:\/\/www.freidenker.org\/index.php?rest_route=\/wp\/v2\/posts"}],"about":[{"href":"https:\/\/www.freidenker.org\/index.php?rest_route=\/wp\/v2\/types\/post"}],"author":[{"embeddable":true,"href":"https:\/\/www.freidenker.org\/index.php?rest_route=\/wp\/v2\/users\/3"}],"replies":[{"embeddable":true,"href":"https:\/\/www.freidenker.org\/index.php?rest_route=%2Fwp%2Fv2%2Fcomments&post=16100"}],"version-history":[{"count":0,"href":"https:\/\/www.freidenker.org\/index.php?rest_route=\/wp\/v2\/posts\/16100\/revisions"}],"wp:featuredmedia":[{"embeddable":true,"href":"https:\/\/www.freidenker.org\/index.php?rest_route=\/wp\/v2\/media\/16102"}],"wp:attachment":[{"href":"https:\/\/www.freidenker.org\/index.php?rest_route=%2Fwp%2Fv2%2Fmedia&parent=16100"}],"wp:term":[{"taxonomy":"category","embeddable":true,"href":"https:\/\/www.freidenker.org\/index.php?rest_route=%2Fwp%2Fv2%2Fcategories&post=16100"},{"taxonomy":"post_tag","embeddable":true,"href":"https:\/\/www.freidenker.org\/index.php?rest_route=%2Fwp%2Fv2%2Ftags&post=16100"}],"curies":[{"name":"wp","href":"https:\/\/api.w.org\/{rel}","templated":true}]}}