{"id":16091,"date":"2023-05-18T03:52:33","date_gmt":"2023-05-18T01:52:33","guid":{"rendered":"https:\/\/www.freidenker.org\/?p=16091"},"modified":"2023-06-15T23:10:26","modified_gmt":"2023-06-15T21:10:26","slug":"75-jahre-nakba-75-jahre-zionistische-kolonisation-palaestinas","status":"publish","type":"post","link":"https:\/\/www.freidenker.org\/?p=16091","title":{"rendered":"75 Jahre Nakba \u2013 75 Jahre zionistische Kolonisation Pal\u00e4stinas"},"content":{"rendered":"<p><span style=\"font-size: 10pt;\">Erstver\u00f6ffentlichung am 14.05.2023 auf <a href=\"https:\/\/kommunistische-organisation.de\/stellungnahme\/75-jahre-nakba-75-jahre-zionistische-kolonisation-palaestinas\/\" target=\"_blank\" rel=\"noopener\">kommunistische-organisation.de<\/a><\/span><\/p>\n<h5>Anhaltende Nakba: 1948 bis heute<\/h5>\n<p>W\u00e4hrend die europ\u00e4isch-zionistische Siedlerkolonie Israel am 15. Mai 2023 ihr 75-j\u00e4hriges Bestehen feiert, erinnern Pal\u00e4stinenserinnen und Pal\u00e4stinenser an die seit 75 Jahren anhaltende ethnische S\u00e4uberung ihrer Heimat. Die zionistischen Kolonialherren und ihre europ\u00e4ischen Partner planten bereits lange vor der Nakba, Pal\u00e4stina von \u201eden Arabern zu befreien\u201c, was ihnen sp\u00e4testens an diesem historischen Tag \u00fcberwiegend gelang.\u00a0<a href=\"https:\/\/kommunistische-organisation.de\/allgemein\/74-jahre-widerstand-gegen-die-andauernde-nakba\/\"><u>Mehr als die H\u00e4lfte aller urspr\u00fcnglichen Bewohner Pal\u00e4stinas wurde vertrieben, \u00fcber 500 D\u00f6rfer zerst\u00f6rt und ihr Land und Besitz geraubt.<\/u><\/a><sup>\u00a0<\/sup>Bis heute leben Pal\u00e4stinenser in Fl\u00fcchtlingscamps in der Westbank, im Gazastreifen, Libanon, in Syrien, Jordanien und im Irak sowie auf der ganzen Welt verstreut im Exil und warten nun schon in dritter, vierter und f\u00fcnfter Generation ein Dreivierteljahrhundert auf die R\u00fcckkehr in ihre Heimat. Diejenigen von ihnen, die auf dem historischen Gebiet Pal\u00e4stina bleiben konnten, sind t\u00e4glichem Terror, Entrechtung und Ausbeutung ausgesetzt. Als Tagel\u00f6hner arbeiten sie ohne Arbeitsschutz auf Land, das ihnen geraubt wurde und dienen der Besatzungsindustrie gleichzeitig zum Lohndumping sowie als industrielle Reserve. Diese historische Ungerechtigkeit betreibt der \u201ej\u00fcdische Staat\u201c bis heute. Mit Vertreibungen, weiterem Landraub, Mord und Terror \u00fcbers\u00e4t die letzte Siedlerkolonie des Westens Pal\u00e4stina. Wir sagen ganz klar: Kolonien haben kein Existenzrecht! Sie und all ihre Partner zu bek\u00e4mpfen ist unsere Aufgabe.<\/p>\n<h5>Aktuelle Intifada<\/h5>\n<p>Seit ein paar Jahren regt sich von neuem der pal\u00e4stinensische Widerstand gegen den zionistischen Terror. Diese\u00a0<a href=\"https:\/\/kommunistische-organisation.de\/stellungnahme\/intifada-bis-zum-sieg\/\">dritte Intifada<\/a>\u00a0hat das Potential, die Lage in Pal\u00e4stina nachhaltig zu ver\u00e4ndern. Trotz der zahlreichen Verluste, der Inhaftierung und Ermordung f\u00fchrender Pers\u00f6nlichkeiten des Widerstandes, wie Tamer Al-Kilani, Mohammed Al-Azizi und vieler weiterer, bleibt dieser ungebrochen. Im Gegensatz zur\u00a0Pal\u00e4stinensischen Autonomiebeh\u00f6rde\u00a0dr\u00e4ngt der Widerstand zur nationalen Einheit und \u00fcberwindet hierbei immer mehr ideologische Differenzen. Die zahlreichen Widerstandsgruppen \u2013\u00a0Hamas, Pal\u00e4stinensischer Islamischer Jihad, PFLP, DFLP, Al-Aqsa-M\u00e4rtyrerbrigaden, Arin al-Usud und weitere \u2013\u00a0f\u00fchren gemeinsame Milit\u00e4roperationen gegen das zionistische Regime durch, gratulieren und kondolieren einander, ehren die M\u00e4rtyrer der jeweils anderen und stehen geeinter als je zuvor im Kampf gegen das Besatzungsregime. Hierbei torpedieren sie immer wieder die Sicherheitskooperation der\u00a0Pal\u00e4stinensischen Autonomiebeh\u00f6rde\u00a0mit ihren israelischen Kolonialherren. Viele der Widerstandsgruppen unterhalten zudem Kontakte zu strategischen Partnern im Iran, Libanon und Syrien<sup> <a id=\"sdendnote1anc\" href=\"#sdendnote1sym\">[1]<\/a><\/sup>.\u00a0Der bewaffnete Kampf bleibt in all seinen Formen der Kern des Widerstandes des pal\u00e4stinensischen Volkes.\u00a0Er ist die notwendige Bedingung f\u00fcr die Perspektive eines befreiten Pal\u00e4stinas vom Jordan bis zum Mittelmeer. Er ist legitim und\u00a0zu unterst\u00fctzen\u00a0und vor der Diffamierung durch den deutschen Staat und seine Medienlandschaft zu verteidigen. Israel \u00fcbt als Vorposten des Westens seit 75 Jahren anhaltend seine Terrorherrschaft \u00fcber Pal\u00e4stina und die Region aus, daher ist es auch unser erkl\u00e4rter Feind.<\/p>\n<h5>Situation in Israel<\/h5>\n<p>Die aktuellen, sich gegen die Regierung Netanyahu richtenden Proteste in Israel besitzen keinen progressiven, antizionistischen oder antiimperialistischen Charakter. Denn es gibt in Israel keine relevante antizionistische Kraft, die ein befreites Pal\u00e4stina fordert. Die Proteste sind Ausdruck von innerzionistischen Verteilungsk\u00e4mpfen zwischen verschiedenen Fraktionen der mittlerweile fast ausschlie\u00dflich \u201erechts-konservativen\u201c bis faschistischen zionistischen Eliten um die von den Pal\u00e4stinensern geraubte Beute in einer wirtschaftlich und politisch kriselnden Siedlerkolonie. Faschisten wie Smotrich und Ben-Gvir dr\u00e4ngen zur schnelleren Vollendung der andauernden Nakba. Die rechte Opposition auf den Stra\u00dfen will zur\u00fcck zum Status quo von Unterdr\u00fcckung, Ausbeutung und langsamer Vertreibung der Pal\u00e4stinenser. Anders als bisher in der Vergangenheit lassen sich die innerzionistischen Differenzen nicht mehr so leicht durch einen Krieg \u00fcberwinden. Der Widerstand scheint die M\u00f6glichkeiten Israels einzuschr\u00e4nken und die zionistische F\u00fchrung z\u00f6gert, an einer zweiten Front neben der Westbank einen offenen Krieg gegen Gaza, Libanon oder Syrien zu f\u00fchren.<\/p>\n<p>F\u00fcr die Pal\u00e4stinenser in der Westbank und im Gazastreifen bleibt die Lage die gleiche, lediglich die Maskerade ihrer Kolonialherren sehen sie zerbr\u00f6seln, die Peitschenhiebe dagegen knallen wie zuvor. Wir sagen, in egal welcher Form: Der Zionismus bleibt ein Verbrechen und er muss bek\u00e4mpft werden.<\/p>\n<h5>Repression in Deutschland<\/h5>\n<p>Deutsche Kommunen, deutsche Medien, deutsche Politiker und der deutsche Staat gehen gemeinsam mit zionistischen Lobbyorganisationen gegen alles Pal\u00e4stinensische und Pal\u00e4stina-Solidarische vor. Ob gegen Kulturschaffende, gegen Pal\u00e4stina-solidarische Vereine, gegen Journalisten mit pal\u00e4stinensischen Wurzeln, gegen Veranstaltungen zu Pal\u00e4stina im Allgemeinen, gegen deutsch-pal\u00e4stinensische Wissenschaftler, gegen Pal\u00e4stinenser selbst oder auch gegen Demonstrationen f\u00fcr Pal\u00e4stina oder von Pal\u00e4stinensern \u2013 es wird diffamiert, gelogen und entlassen, es werden Konten verweigert, \u00f6ffentliche R\u00e4ume entzogen, es wird \u00fcberwacht, Einreisen werden untersagt, Versammlungen verboten und Aktivisten gewaltsam festgenommen. In Deutschland soll alles Pal\u00e4stinensische unsichtbar gemacht werden. Dagegen anzuk\u00e4mpfen ist unsere internationalistische Pflicht!<\/p>\n<p>Pal\u00e4stinensische Gefl\u00fcchtete in der Diaspora d\u00fcrfen nicht mundtot gemacht werden und der heutzutage weitverbreitete antipal\u00e4stinensische Rassismus muss als solcher benannt und bek\u00e4mpft werden. Versammlungen, Meinungs\u00e4u\u00dferungen und Vereinigungen von Pal\u00e4stinensern in Deutschland m\u00fcssen unterst\u00fctzt und vor jeder Repression gesch\u00fctzt werden. Der gegen Pal\u00e4stinenser, Muslime und Kommunisten missbrauchte Antisemitismus-Begriff darf uns nicht beeindrucken oder zur\u00fcckweichen lassen. Es ist unsere Aufgabe, uns vehement gegen die Gleichsetzung von Zionismus und Judentum zu wehren. Als Kommunisten dulden wir weder antimuslimischen noch antipal\u00e4stinensischen oder antij\u00fcdischen Rassismus.<\/p>\n<h5>Notwendigkeit der Debatte in der kommunistischen Bewegung<\/h5>\n<p>Deutschland will sich durch die Unterst\u00fctzung des zionistischen Kolonialstaates und die Erhebung der \u201eSicherheitsinteressen\u201c Israels zur \u201eStaatsdoktrin\u201c von seiner faschistischen Vergangenheit reinwaschen. Sie unterst\u00fctzen also eine rassistische Kolonialbewegung, wie den Zionismus, den sie mit dem Judentum gleichsetzen, um sich selbst als gel\u00e4uterte Demokratie darzustellen, die sich von Rassismus und Faschismus losgesagt habe. Das ist der notwendige ideologische Boden, auf dem aus \u201edeutscher Schuld\u201c kurzerhand \u201edeutsche Verantwortung\u201c gebastelt wurde. Der erste deutsche Angriffskrieg nach 1945 (gegen Jugoslawien im Jahre 1999) wurde schon mit dieser Art \u201eVerantwortung\u201c legitimiert <sup><a id=\"sdendnote2anc\" href=\"#sdendnote2sym\">[2]<\/a><\/sup>. Zahlreiche Kriegseins\u00e4tze der BRD mit dieser Begr\u00fcndung folgten auf der ganzen Welt. Die kommunistische Bewegung Deutschlands muss sich also notwendigerweise mit Pal\u00e4stina besch\u00e4ftigen, um ihren strategischen Hauptfeind, den deutschen Imperialismus, und seine Strategie und Taktik zu verstehen.<\/p>\n<p>Vor diesem Hintergrund f\u00e4llt besonders auf, dass Pal\u00e4stina in der deutschen kommunistischen Bewegung seit L\u00e4ngerem kaum Thema ist. Die meisten haben sich von der pal\u00e4stinensischen Befreiungsbewegung abgewandt, halten offiziell an einer Zwei-Staaten-L\u00f6sung fest oder formulieren widerspr\u00fcchliche Positionen zur Thematik <sup><a id=\"sdendnote3anc\" href=\"#sdendnote3sym\">[3]<\/a><\/sup>. Auch wir als KO haben es trotz unserer Aktivit\u00e4t und unseres offensiven Auftretens in der Pal\u00e4stina-Frage bisher nicht zu einer notwendigen kollektiven Positionierung in den grundlegenden Fragen zum Thema geschafft. Daher werden wir in naher Zukunft eine interne Debatte f\u00fchren und die Ergebnisse als Thesen in die Bewegung geben. Wir rufen alle deutschen Kommunisten dazu auf, zu diesen kritisch Stellung zu beziehen und ihre eigenen Positionen in der Sache Pal\u00e4stinas zur Debatte zu stellen.<\/p>\n<p><strong>Vom Jordan bis zum Mittelmeer: Pal\u00e4stina wird frei sein!<br \/>\nLang lebe der pal\u00e4stinensische Widerstand!<\/strong><\/p>\n<p><a id=\"sdendnote1sym\" href=\"#sdendnote1anc\">[1]<\/a>\u00a0Noel Bamen: Mit Pal\u00e4stina-solidarischen Vors\u00e4tzen in die zionistische H\u00f6lle,\u00a0<a href=\"https:\/\/kommunistische-organisation.de\/artikel\/mit-palaestina-solidarischen-vorsaetzen-in-die-zionistische-hoelle-eine-kritik-an-den-grundlinien-der-mlpd-zum-palaestinensischen-befreiungskampf\/\">https:\/\/kommunistische-organisation.de\/artikel\/mit-palaestina-solidarischen-vorsaetzen-in-die-zionistische-hoelle-eine-kritik-an-den-grundlinien-der-mlpd-zum-palaestinensischen-befreiungskampf\/<\/a>.<\/p>\n<p><a id=\"sdendnote2sym\" href=\"#sdendnote2anc\">[2]<\/a>\u00a0Klara Bina: Der BRD-Imperialismus unter Druck!,\u00a0<a href=\"https:\/\/kommunistische-organisation.de\/allgemein\/mit-palaestina-solidarischen-vorsaetzen-in-die-zionistische-hoelle-eine-kritik-an-den-grundlinien-der-mlpd-zum-palaestinensischen-befreiungskampf\/%23sdendnote22sym\">https:\/\/kommunistische-organisation.de\/allgemein\/mit-palaestina-solidarischen-vorsaetzen-in-die-zionistische-hoelle-eine-kritik-an-den-grundlinien-der-mlpd-zum-palaestinensischen-befreiungskampf\/#sdendnote22sym<\/a>.<\/p>\n<p><a id=\"sdendnote3sym\" href=\"#sdendnote3anc\">[3]<\/a>\u00a0Bamen: Mit Pal\u00e4stina-solidarischen Vors\u00e4tzen in die zionistische H\u00f6lle.<\/p>\n<p>&nbsp;<\/p>\n<p><span style=\"font-size: 12pt;\">Wir danken der Redaktion von\u00a0<a href=\"https:\/\/kommunistische-organisation.de\/stellungnahme\/75-jahre-nakba-75-jahre-zionistische-kolonisation-palaestinas\/\" target=\"_blank\" rel=\"noopener\">kommunistische-organisation.de<\/a>\u00a0f\u00fcr das Recht zur Ver\u00f6ffentlichung des Beitrags<\/span><\/p>\n<p><span style=\"font-size: 10pt;\">Link zur Erstver\u00f6ffentlichung: <a href=\"https:\/\/kommunistische-organisation.de\/stellungnahme\/75-jahre-nakba-75-jahre-zionistische-kolonisation-palaestinas\/\" target=\"_blank\" rel=\"noopener\">https:\/\/kommunistische-organisation.de\/stellungnahme\/75-jahre-nakba-75-jahre-zionistische-kolonisation-palaestinas\/<\/a><\/span><\/p>\n<hr \/>\n<h5>Download<\/h5>\n<p><img data-recalc-dims=\"1\" loading=\"lazy\" decoding=\"async\" data-attachment-id=\"1076\" data-permalink=\"https:\/\/www.freidenker.org\/?attachment_id=1076\" data-orig-file=\"https:\/\/i0.wp.com\/www.freidenker.org\/fw17\/wp-content\/uploads\/2017\/10\/pdf_icon-2.png?fit=32%2C32&amp;ssl=1\" data-orig-size=\"32,32\" data-comments-opened=\"0\" data-image-meta=\"{&quot;aperture&quot;:&quot;0&quot;,&quot;credit&quot;:&quot;&quot;,&quot;camera&quot;:&quot;&quot;,&quot;caption&quot;:&quot;&quot;,&quot;created_timestamp&quot;:&quot;0&quot;,&quot;copyright&quot;:&quot;&quot;,&quot;focal_length&quot;:&quot;0&quot;,&quot;iso&quot;:&quot;0&quot;,&quot;shutter_speed&quot;:&quot;0&quot;,&quot;title&quot;:&quot;&quot;,&quot;orientation&quot;:&quot;0&quot;}\" data-image-title=\"pdf_icon\" data-image-description=\"\" data-image-caption=\"\" data-large-file=\"https:\/\/i0.wp.com\/www.freidenker.org\/fw17\/wp-content\/uploads\/2017\/10\/pdf_icon-2.png?fit=32%2C32&amp;ssl=1\" class=\"alignnone size-full wp-image-1076\" src=\"https:\/\/i0.wp.com\/www.freidenker.org\/fw17\/wp-content\/uploads\/2017\/10\/pdf_icon-2.png?resize=32%2C32&#038;ssl=1\" alt=\"\" width=\"32\" height=\"32\" \/>\u00a0Den <a href=\"https:\/\/www.freidenker.org\/fw17\/wp-content\/uploads\/2023\/05\/230514_STN-Nakba.pdf\" target=\"_blank\" rel=\"noopener\">Beitrag als PDF-Dokument<\/a> ansehen oder herunterladen (PDF-Dokument, ca. 341 KB)<\/p>\n<hr \/>\n<p><span style=\"font-size: 10pt;\">Bild oben: Demonstranten mit dem &#8222;Schl\u00fcssel zur R\u00fcckkehr&#8220; am 14.05.2022 in London<\/span><br \/>\n<span style=\"font-size: 10pt;\">Foto: Alisdare Hickson , <a href=\"https:\/\/creativecommons.org\/licenses\/by-sa\/2.0\" target=\"_blank\" rel=\"noopener\">CC BY-SA 2.0<\/a><\/span><br \/>\n<span style=\"font-size: 10pt;\">Quelle: <a href=\"https:\/\/commons.wikimedia.org\/w\/index.php?curid=123984083\" target=\"_blank\" rel=\"noopener\">https:\/\/commons.wikimedia.org\/w\/index.php?curid=123984083<\/a><\/span><\/p>\n","protected":false},"excerpt":{"rendered":"<p><b>Beitrag von kommunistische-organisation.de<\/b><br \/>\nW\u00e4hrend die europ\u00e4isch-zionistische Siedlerkolonie Israel am 15. Mai 2023 ihr 75-j\u00e4hriges Bestehen feiert, erinnern Pal\u00e4stinenserinnen und Pal\u00e4stinenser an die seit 75 Jahren anhaltende ethnische S\u00e4uberung ihrer Heimat. Die zionistischen Kolonialherren und ihre europ\u00e4ischen Partner planten bereits lange vor der Nakba, Pal\u00e4stina von \u201eden Arabern zu befreien\u201c, was ihnen sp\u00e4testens an diesem historischen Tag \u00fcberwiegend gelang.\u00a0Mehr als die H\u00e4lfte aller urspr\u00fcnglichen Bewohner Pal\u00e4stinas wurde vertrieben, \u00fcber 500 D\u00f6rfer zerst\u00f6rt und ihr Land und Besitz geraubt.\u00a0Bis heute leben Pal\u00e4stinenser in Fl\u00fcchtlingscamps in der Westbank, im Gazastreifen, Libanon, in Syrien, Jordanien und im Irak sowie auf der ganzen Welt verstreut im Exil und warten nun schon in dritter, vierter und f\u00fcnfter Generation ein Dreivierteljahrhundert auf die R\u00fcckkehr in ihre Heimat.<\/p>\n","protected":false},"author":3,"featured_media":16095,"comment_status":"closed","ping_status":"closed","sticky":false,"template":"","format":"standard","meta":{"colormag_page_container_layout":"default_layout","colormag_page_sidebar_layout":"default_layout","advanced_seo_description":"","jetpack_seo_html_title":"","jetpack_seo_noindex":false,"jetpack_post_was_ever_published":false,"footnotes":""},"categories":[13],"tags":[452,451,491,393,807,394,489,579],"class_list":["post-16091","post","type-post","status-publish","format-standard","has-post-thumbnail","hentry","category-frieden-antifaschismus-solidaritaet","tag-deutschland","tag-faschismus","tag-geschichte","tag-israel","tag-nakba","tag-palaestina","tag-widerstand","tag-zionismus"],"jetpack_featured_media_url":"https:\/\/i0.wp.com\/www.freidenker.org\/fw17\/wp-content\/uploads\/2023\/05\/The_key_of_return_52081830136_800x450.jpg?fit=800%2C450&ssl=1","jetpack_shortlink":"https:\/\/wp.me\/p9stpK-4bx","jetpack-related-posts":[{"id":8093,"url":"https:\/\/www.freidenker.org\/?p=8093","url_meta":{"origin":16091,"position":0},"title":"Die Befreiung Pal\u00e4stinas steht noch aus","author":"Webredaktion","date":"15. Mai 2020","format":false,"excerpt":"Beitrag von Evelyn Hecht-Galinski Am 8. Mai 2020, dem 75. Jahrestag des Kriegsendes, und dem Tag der Befreiung vom Faschismus durch die Rote Armee, hielt Bundespr\u00e4sident Steinmeier seine obligatorische Rede und brachte es fertig, mit keinem Wort die tapferen Soldaten der Roten Armee als Befreier zu erw\u00e4hnen. ... Das wirft\u2026","rel":"","context":"In &quot;Frieden - Antifaschismus - Solidarit\u00e4t&quot;","block_context":{"text":"Frieden - Antifaschismus - Solidarit\u00e4t","link":"https:\/\/www.freidenker.org\/?cat=13"},"img":{"alt_text":"","src":"https:\/\/i0.wp.com\/www.freidenker.org\/fw17\/wp-content\/uploads\/2020\/05\/nakba_plakat_ausschn_800x450.jpg?fit=800%2C450&ssl=1&resize=350%2C200","width":350,"height":200,"srcset":"https:\/\/i0.wp.com\/www.freidenker.org\/fw17\/wp-content\/uploads\/2020\/05\/nakba_plakat_ausschn_800x450.jpg?fit=800%2C450&ssl=1&resize=350%2C200 1x, https:\/\/i0.wp.com\/www.freidenker.org\/fw17\/wp-content\/uploads\/2020\/05\/nakba_plakat_ausschn_800x450.jpg?fit=800%2C450&ssl=1&resize=525%2C300 1.5x, https:\/\/i0.wp.com\/www.freidenker.org\/fw17\/wp-content\/uploads\/2020\/05\/nakba_plakat_ausschn_800x450.jpg?fit=800%2C450&ssl=1&resize=700%2C400 2x"},"classes":[]},{"id":22575,"url":"https:\/\/www.freidenker.org\/?p=22575","url_meta":{"origin":16091,"position":1},"title":"Stoppt Rassismus! Stoppt Israels V\u00f6lkermord in Gaza!","author":"Webredaktion","date":"7. August 2025","format":false,"excerpt":"Pressemitteilung des Landesverbands Nordrhein-Westfalen im Deutschen Freidenker-Verband, 6. August 2025 Der Freidenker-Landesverband NRW bezieht Stellung zu den Geschehnissen in Pal\u00e4stina. Was sich dort vollzieht, ist eine extreme Form von Rassismus - exekutiert von den zionistischen Kr\u00e4ften Israels und gebilligt insbesondere von den Regierungsparteien der BRD. Der von Israel in Gaza\u2026","rel":"","context":"In &quot;Frieden - Antifaschismus - Solidarit\u00e4t&quot;","block_context":{"text":"Frieden - Antifaschismus - Solidarit\u00e4t","link":"https:\/\/www.freidenker.org\/?cat=13"},"img":{"alt_text":"","src":"https:\/\/i0.wp.com\/www.freidenker.org\/fw17\/wp-content\/uploads\/2025\/08\/Palestina_spricht_Munich_2023-10-09_5074_800x450.jpg?fit=800%2C450&ssl=1&resize=350%2C200","width":350,"height":200,"srcset":"https:\/\/i0.wp.com\/www.freidenker.org\/fw17\/wp-content\/uploads\/2025\/08\/Palestina_spricht_Munich_2023-10-09_5074_800x450.jpg?fit=800%2C450&ssl=1&resize=350%2C200 1x, https:\/\/i0.wp.com\/www.freidenker.org\/fw17\/wp-content\/uploads\/2025\/08\/Palestina_spricht_Munich_2023-10-09_5074_800x450.jpg?fit=800%2C450&ssl=1&resize=525%2C300 1.5x, https:\/\/i0.wp.com\/www.freidenker.org\/fw17\/wp-content\/uploads\/2025\/08\/Palestina_spricht_Munich_2023-10-09_5074_800x450.jpg?fit=800%2C450&ssl=1&resize=700%2C400 2x"},"classes":[]},{"id":3174,"url":"https:\/\/www.freidenker.org\/?p=3174","url_meta":{"origin":16091,"position":2},"title":"Verwaltungsgericht: Stadt Freiburg muss abgesagte Nakba-Ausstellung zeigen","author":"Webredaktion","date":"10. November 2010","format":false,"excerpt":"Nach urspr\u00fcnglicher Zusage verweigerte die Stadt Freiburg kurzfristig die R\u00e4ume f\u00fcr die Ausstellung \u201eDie Nakba \u2013 Flucht und Vertreibung der Pal\u00e4stinenser 1948\u201c\u2013 auf Druck dubioser \u201eIsrael-Freunde\u201c. Auf Antrag des veranstaltenden Freiburger \"Caf\u00e9 Palestine\" wies das Verwaltungsgericht die Stadt an, die Ausstellung doch stattfinden zu lassen. Die Ausstellung versto\u00dfe inhaltlich nicht\u2026","rel":"","context":"In &quot;Frieden - Antifaschismus - Solidarit\u00e4t&quot;","block_context":{"text":"Frieden - Antifaschismus - Solidarit\u00e4t","link":"https:\/\/www.freidenker.org\/?cat=13"},"img":{"alt_text":"","src":"https:\/\/i0.wp.com\/www.freidenker.org\/fw17\/wp-content\/uploads\/2010\/11\/Oldman_girl_nakba_800x445.jpg?fit=800%2C445&ssl=1&resize=350%2C200","width":350,"height":200,"srcset":"https:\/\/i0.wp.com\/www.freidenker.org\/fw17\/wp-content\/uploads\/2010\/11\/Oldman_girl_nakba_800x445.jpg?fit=800%2C445&ssl=1&resize=350%2C200 1x, https:\/\/i0.wp.com\/www.freidenker.org\/fw17\/wp-content\/uploads\/2010\/11\/Oldman_girl_nakba_800x445.jpg?fit=800%2C445&ssl=1&resize=525%2C300 1.5x, https:\/\/i0.wp.com\/www.freidenker.org\/fw17\/wp-content\/uploads\/2010\/11\/Oldman_girl_nakba_800x445.jpg?fit=800%2C445&ssl=1&resize=700%2C400 2x"},"classes":[]},{"id":22790,"url":"https:\/\/www.freidenker.org\/?p=22790","url_meta":{"origin":16091,"position":3},"title":"Israels Griff nach ganz Pal\u00e4stina vom Fluss zum Meer","author":"Webredaktion","date":"11. September 2025","format":false,"excerpt":"Beitrag von Arn Strohmeyer Immer mehr Staaten erkennen Pal\u00e4stina als Staat an. Der israelische Finanzminister Smotrich drohte daraufhin, als Reaktion werde Israel das Westjordanland annektieren. Die Rechtfertigung f\u00fcr diesen Schritt ist die Behauptung der Zionisten, Pal\u00e4stina sei die \u201eUrheimat der Juden\u201c, aus diesem Grund h\u00e4tten sie einen selbstverst\u00e4ndlichen Anspruch auf\u2026","rel":"","context":"In &quot;Demokratie \u2013 Medien \u2013 Aufkl\u00e4rung&quot;","block_context":{"text":"Demokratie \u2013 Medien \u2013 Aufkl\u00e4rung","link":"https:\/\/www.freidenker.org\/?cat=12"},"img":{"alt_text":"","src":"https:\/\/i0.wp.com\/www.freidenker.org\/fw17\/wp-content\/uploads\/2025\/09\/Hugo_Herrmann_Birds_eye_view_of_Palestine_01-map_FL33253930_3431402_800x450.jpg?fit=800%2C450&ssl=1&resize=350%2C200","width":350,"height":200,"srcset":"https:\/\/i0.wp.com\/www.freidenker.org\/fw17\/wp-content\/uploads\/2025\/09\/Hugo_Herrmann_Birds_eye_view_of_Palestine_01-map_FL33253930_3431402_800x450.jpg?fit=800%2C450&ssl=1&resize=350%2C200 1x, https:\/\/i0.wp.com\/www.freidenker.org\/fw17\/wp-content\/uploads\/2025\/09\/Hugo_Herrmann_Birds_eye_view_of_Palestine_01-map_FL33253930_3431402_800x450.jpg?fit=800%2C450&ssl=1&resize=525%2C300 1.5x, https:\/\/i0.wp.com\/www.freidenker.org\/fw17\/wp-content\/uploads\/2025\/09\/Hugo_Herrmann_Birds_eye_view_of_Palestine_01-map_FL33253930_3431402_800x450.jpg?fit=800%2C450&ssl=1&resize=700%2C400 2x"},"classes":[]},{"id":10366,"url":"https:\/\/www.freidenker.org\/?p=10366","url_meta":{"origin":16091,"position":4},"title":"Stoppt den Krieg und die Vertreibung, bestraft Kriegsverbrecher!","author":"Webredaktion","date":"25. Mai 2021","format":false,"excerpt":"Das Aktionsb\u00fcndnis \"Pal\u00e4stina spricht\" hatte zum 15.05.2020 zu deutschlandweiten Demonstrationen unter dem Motto \"Ongoing Nakba Action Days\" aufgerufen, die in Berlin, K\u00f6ln, Stuttgart, Frankfurt a.M., Freiburg, Hamburg und Kassel stattfanden. Dem Aufruf waren Tausende Menschen gefolgt, darunter viele Freidenker. Wir dokumentieren hier die Rede von Annette Groth, ehem. MdB und\u2026","rel":"","context":"In &quot;Frieden - Antifaschismus - Solidarit\u00e4t&quot;","block_context":{"text":"Frieden - Antifaschismus - Solidarit\u00e4t","link":"https:\/\/www.freidenker.org\/?cat=13"},"img":{"alt_text":"","src":"https:\/\/i0.wp.com\/www.freidenker.org\/fw17\/wp-content\/uploads\/2021\/05\/nakba_2021-05-15_800x450.jpg?fit=800%2C450&ssl=1&resize=350%2C200","width":350,"height":200,"srcset":"https:\/\/i0.wp.com\/www.freidenker.org\/fw17\/wp-content\/uploads\/2021\/05\/nakba_2021-05-15_800x450.jpg?fit=800%2C450&ssl=1&resize=350%2C200 1x, https:\/\/i0.wp.com\/www.freidenker.org\/fw17\/wp-content\/uploads\/2021\/05\/nakba_2021-05-15_800x450.jpg?fit=800%2C450&ssl=1&resize=525%2C300 1.5x, https:\/\/i0.wp.com\/www.freidenker.org\/fw17\/wp-content\/uploads\/2021\/05\/nakba_2021-05-15_800x450.jpg?fit=800%2C450&ssl=1&resize=700%2C400 2x"},"classes":[]},{"id":17410,"url":"https:\/\/www.freidenker.org\/?p=17410","url_meta":{"origin":16091,"position":5},"title":"Wer ist die Hamas?","author":"Webredaktion","date":"4. November 2023","format":false,"excerpt":"Wer den Konflikt in Nahost verstehen will, muss seine Geschichte kennen Beitrag von Karin Leukefeld Die Hamas ist heute politisch, sozial und milit\u00e4risch die gr\u00f6\u00dfte und st\u00e4rkste pal\u00e4stinensische Partei sowohl im Gazastreifen als auch in den von Israel besetzten Gebieten im Westjordanland. Die Organisation, die von Israel und ihren Partnern\u2026","rel":"","context":"In &quot;Frieden - Antifaschismus - Solidarit\u00e4t&quot;","block_context":{"text":"Frieden - Antifaschismus - Solidarit\u00e4t","link":"https:\/\/www.freidenker.org\/?cat=13"},"img":{"alt_text":"","src":"https:\/\/i0.wp.com\/www.freidenker.org\/fw17\/wp-content\/uploads\/2023\/11\/hamas_29817104853_ba2535ef96_c_800x450.jpg?fit=800%2C450&ssl=1&resize=350%2C200","width":350,"height":200,"srcset":"https:\/\/i0.wp.com\/www.freidenker.org\/fw17\/wp-content\/uploads\/2023\/11\/hamas_29817104853_ba2535ef96_c_800x450.jpg?fit=800%2C450&ssl=1&resize=350%2C200 1x, https:\/\/i0.wp.com\/www.freidenker.org\/fw17\/wp-content\/uploads\/2023\/11\/hamas_29817104853_ba2535ef96_c_800x450.jpg?fit=800%2C450&ssl=1&resize=525%2C300 1.5x, https:\/\/i0.wp.com\/www.freidenker.org\/fw17\/wp-content\/uploads\/2023\/11\/hamas_29817104853_ba2535ef96_c_800x450.jpg?fit=800%2C450&ssl=1&resize=700%2C400 2x"},"classes":[]}],"_links":{"self":[{"href":"https:\/\/www.freidenker.org\/index.php?rest_route=\/wp\/v2\/posts\/16091","targetHints":{"allow":["GET"]}}],"collection":[{"href":"https:\/\/www.freidenker.org\/index.php?rest_route=\/wp\/v2\/posts"}],"about":[{"href":"https:\/\/www.freidenker.org\/index.php?rest_route=\/wp\/v2\/types\/post"}],"author":[{"embeddable":true,"href":"https:\/\/www.freidenker.org\/index.php?rest_route=\/wp\/v2\/users\/3"}],"replies":[{"embeddable":true,"href":"https:\/\/www.freidenker.org\/index.php?rest_route=%2Fwp%2Fv2%2Fcomments&post=16091"}],"version-history":[{"count":0,"href":"https:\/\/www.freidenker.org\/index.php?rest_route=\/wp\/v2\/posts\/16091\/revisions"}],"wp:featuredmedia":[{"embeddable":true,"href":"https:\/\/www.freidenker.org\/index.php?rest_route=\/wp\/v2\/media\/16095"}],"wp:attachment":[{"href":"https:\/\/www.freidenker.org\/index.php?rest_route=%2Fwp%2Fv2%2Fmedia&parent=16091"}],"wp:term":[{"taxonomy":"category","embeddable":true,"href":"https:\/\/www.freidenker.org\/index.php?rest_route=%2Fwp%2Fv2%2Fcategories&post=16091"},{"taxonomy":"post_tag","embeddable":true,"href":"https:\/\/www.freidenker.org\/index.php?rest_route=%2Fwp%2Fv2%2Ftags&post=16091"}],"curies":[{"name":"wp","href":"https:\/\/api.w.org\/{rel}","templated":true}]}}