{"id":16085,"date":"2023-05-17T01:48:54","date_gmt":"2023-05-16T23:48:54","guid":{"rendered":"https:\/\/www.freidenker.org\/?p=16085"},"modified":"2023-06-15T23:09:49","modified_gmt":"2023-06-15T21:09:49","slug":"deutschland-schafft-angeblich-sein-klimaziel","status":"publish","type":"post","link":"https:\/\/www.freidenker.org\/?p=16085","title":{"rendered":"Deutschland schafft angeblich sein Klimaziel&#8230;\u00a0"},"content":{"rendered":"<h3>Wie passt das mit dem IPCC\u2013Bericht zusammen?<\/h3>\n<p><em>von <strong>Dr. Helmut Selinger<\/strong><\/em><\/p>\n<p><span style=\"font-size: 10pt;\">Zuerst ver\u00f6ffentlicht per E-Mail am 13. Mai 2023<\/span><\/p>\n<table style=\"width: 100%; border-collapse: collapse; background-color: #ebd9b7;\" cellpadding=\"1\">\n<tbody>\n<tr>\n<td style=\"width: 100%;\"><span style=\"font-size: 10pt;\"><strong>Hinweis<\/strong>: Die wissenschaftliche Frage der menschengemachten Erderw\u00e4rmung wird im Deutschen Freidenker-Verband nicht als entschieden betrachtet und offen diskutiert. Die hierzu ge\u00e4u\u00dferte Position des Autors gibt nicht notwendig die Meinung des Gesamtverbands wieder. Entscheidend ist f\u00fcr uns als Freidenker die Enth\u00fcllung, dass mit dem sch\u00f6nen Wort &#8222;Klimaschutz&#8220; der Widerstand gegen reaktion\u00e4rste politische Ma\u00dfnahmen gebrochen werden soll und ein irrationales Angstklima in der Gesellschaft erzeugt wird.<\/span><\/td>\n<\/tr>\n<\/tbody>\n<\/table>\n<h5>SZ-Meldung \u201eDeutschland schafft sein Klimaziel\u201c<\/h5>\n<p>In einem kleinen Artikel der S\u00fcddeutschen Zeitung (SZ) vom M\u00e4rz 2023 gab es folgenden Text:<\/p>\n<p style=\"padding-left: 40px;\">\u201e<em>Die deutsche Industrie hat im vergangenen Jahr deutlich weniger Treibhausgas-Emissionen verursacht.<\/em><\/p>\n<p style=\"padding-left: 40px;\"><em>Weil in der Industrie die Treibhausgas (THG)-Emissionen stark eingebrochen sind, hat Deutschland 2022 sein Klimaziel erreicht. Durch die gestiegenen Energiepreise in der Folge des russischen Angriffskriegs in der Ukraine sparten die Unternehmen bei Strom, Gas und \u00d6l, einige Branchen drosselten ihre Produktion.<\/em><\/p>\n<p style=\"padding-left: 40px;\"><em>Nach einer Prognose des Umweltbundesamts (UBA), die jetzt vorgestellt wurde, gingen dadurch die Emissionen in Deutschland insgesamt im Vergleich zum Vorjahr um 1,9 Prozent zur\u00fcck auf 746 Millionen Tonnen sogenannter Kohlendioxid (CO\u2082)-\u00c4quivalente. Das sind zehn Millionen Tonnen weniger als das Klimaschutzgesetz als Obergrenze festgelegt hat.\u201c<\/em><\/p>\n<p>Immerhin erw\u00e4hnt der Text<\/p>\n<p style=\"padding-left: 40px;\"><em>\u201eIm Sinne des Klimaschutzes sieht es in den anderen Sektoren weniger rosig aus. In der Energiewirtschaft stiegen die Emissionen durch den erh\u00f6hten Einsatz der Kohle wie erwartet an. Der Geb\u00e4udebereich konnte zwar den Aussto\u00df senken, liegt aber wie im Vorjahr \u00fcber seinem Ziel. Problemkind der deutschen Klimapolitik bleibt der Verkehr. Hier stiegen die Emissionen sogar an, der Bereich von Minister Volker Wissing (FDP) lag neun Millionen Tonnen \u00fcber der Zielmarke.\u201c<\/em><\/p>\n<p>Au\u00dferdem wird der Pr\u00e4sident des Umweltbundesamts (UBA) Dirk Messner zitiert, dass sich die Klimaziele in den kommenden Jahren versch\u00e4rfen:<\/p>\n<p style=\"padding-left: 40px;\"><em>&#8222;Um die Ziele der Bundesregierung bis 2030 zu erreichen, m\u00fcssen nun pro Jahr sechs Prozent Emissionen gemindert werden. Seit 2010 waren es im Schnitt nicht einmal zwei Prozent&#8220;, sagte er. Die Bundesrepublik liegt nun 40,4 Prozent unterhalb des Wertes von 1990, bis 2030 sollen die Treibhausgase um 65 Prozent sinken. 2045 soll das Land laut Gesetz klimaneutral\u00a0 sein.\u201c<\/em><\/p>\n<p>Soweit einmal wieder ein kurzer Artikel in der sog. \u201cQualit\u00e4tszeitung SZ\u201c zum Problem Treibhausgas-Emissionen in Deutschland.<\/p>\n<p>Da wir in Deutschland ja immerhin seit 2021 ein <strong>Klimaschutzgesetz (KSG)<\/strong> haben und sich die Gesamt-Emissionen der THG sogar im Rahmen des dort einmal festgelegten Korridors befinden, gibt es laut SZ und UBA zwar in einigen Detailbereichen (Verkehr, Geb\u00e4ude) einige Probleme, aber insgesamt stimmt f\u00fcr den geneigten SZ-Leser doch die Richtung, zumal ja auch in der Regierungskoalition eine gr\u00fcne Partei mit einem gr\u00fcnen Wirtschaftsminister und einer gr\u00fcnen Umweltministerin vertreten ist.<\/p>\n<p>So k\u00f6nnte man also denken&#8230;\u00a0 &#8211;\u00a0 ist diese Sichtweise aber wirklich gerechtfertigt und in Ordnung?<\/p>\n<p>Nein, denn neben den oben richtig angesprochenen Problemen in den Bereichen Verkehr und Geb\u00e4ude liegen die gro\u00dfen Probleme der Klimapolitik in Deutschland erheblich tiefer und werden durch die oben dargestellte Berichterstattung in keiner Weise ad\u00e4quat behandelt.<\/p>\n<h5>IPCC Synthesebericht<\/h5>\n<p>Andererseits ver\u00f6ffentlichte am 20.M\u00e4rz 2023 der <strong>Weltklimarat (IPCC) das finale Synthesedokument <a href=\"#_ftn1\" name=\"_ftnref1\">[1]<\/a> des \u201e 6. Sachstandszyklus (AR6) 2021\/2022<\/strong>\u201c.<\/p>\n<p>Dort wird zum wiederholten Mal festgestellt, dass<\/p>\n<ul>\n<li>\u201edas Tempo und der Umfang der bisherigen Ma\u00dfnahmen, sowie die derzeitigen Pl\u00e4ne weltweit unzureichend sind, um den Klimawandel zu bek\u00e4mpfen.\u201c<\/li>\n<\/ul>\n<p>Weiter wird betont:<\/p>\n<ul>\n<li>\u201e<strong>Ohne drastische Minderungen der klimasch\u00e4dlichen globalen Treibhausgas-Emissionen noch in diesem Jahrzehnt wird das 1,5 Grad-Ziel der Erderw\u00e4rmung bereits in den 2030-er Jahren \u00fcberschritten.<\/strong>\u201c<\/li>\n<\/ul>\n<p>Einige wenige weitere Aussagen aus dem Bericht:<\/p>\n<ul>\n<li>\u201eDie projizierten CO2-Emissionen aus der bestehenden Infrastruktur f\u00fcr fossile Brennstoffe ohne zus\u00e4tzliche Vermeidungsma\u00dfnahmen werden <strong>das verbleibende Kohlenstoffbudget f\u00fcr 1,5 \u00b0C<\/strong> \u00fcberschreiten.\u201c<\/li>\n<li>\u201eWenn die Klimaziele erreicht werden sollen, m\u00fcsste <strong>die Finanzierung<\/strong> sowohl f\u00fcr Anpassung als auch f\u00fcr die Minderung des Klimawandels um ein Vielfaches steigen.\u201c<\/li>\n<\/ul>\n<p>Der geneigte SZ-Leser k\u00f6nnte nun meinen, dass diese dramatischen Warnungen und Aufforderungen des IPCC in erster Linie die anderen gro\u00dfen Emittenden von Treibhausgasen und \u00fcberhaupt die vielen Staaten des globalen S\u00fcdens betreffen w\u00fcrde und nicht Deutschland, das ja nach der obigen SZ-Meldung sein \u201eKlimaziel\u201c insgesamt erreicht habe\u201c.<\/p>\n<h5>Deutschland hat aber sein CO2-Budget von 1990 schon seit Jahren v\u00f6llig ausgesch\u00f6pft !<\/h5>\n<p>Bei dieser Betrachtung l\u00fcgt man sich jedoch in die Tasche: Denn Deutschland geh\u00f6rt zu den L\u00e4ndern weltweit, die \u2013 selbst bei einer moderaten historischen Betrachtung der CO2-Emissionen erst seit 1990 \u2013 das ihnen zustehende CO2-Budget <a href=\"#_ftn2\" name=\"_ftnref2\">[2]<\/a>, um das Pariser Klimaziel einzuhalten, schon seit fast 2 Jahrzehnten v\u00f6llig ausgesch\u00f6pft haben <a href=\"#_ftn3\" name=\"_ftnref3\">[3]<\/a> und t\u00e4glich permanent weiter \u00fcberschreiten!<\/p>\n<p>Dass diese Tatsache \u00fcberhaupt nicht im deutschen Klimaschutzgesetz ber\u00fccksichtigt wird, kann man formal der Vorg\u00e4ngerregierung unter Merkel anlasten, da dieses Gesetz im Jahr 2021 verabschiedet wurde. Aber auch die gr\u00fcne Partei, die ja jetzt in der Regierung ist, hat noch nie offiziell mit einem Satz auf diese historische Klimaschuld hingewiesen und sie macht auch keinerlei Anstalten, diese Thematik in ihrer Klimapolitik anzusprechen, denn sonst w\u00e4re ein v\u00f6llig anderes Auftreten u.a. auch im au\u00dfenpolitischen Kontext gegen\u00fcber dem globalen S\u00fcden angebracht (s.u.).<\/p>\n<p>Also mit anderen Worten, das Klimaschutzgesetz von Deutschland, das auch von der gr\u00fcnen Partei widerspruchslos akzeptiert wird, geht von vorneherein schon von einem <strong>viel zu hohen Treibhausgas-Budget<\/strong> aus, das unserem Land noch zur Verf\u00fcgung st\u00fcnde.<br \/>\nAber selbst diese fragw\u00fcrdige und grob besch\u00f6nigende Denk- und Berechnungsmethode, die im Klimaschutzgesetz grunds\u00e4tzlich die Basis der Berechnungen und der Klimaziele darstellt, ist inzwischen nur schwer einzuhalten, da ja selbst die besonders treibhausgasintensive Kohleverstromung nach oben gefahren wird und selbst das aus \u00f6kologischer Sicht eigentlich mehrfach unm\u00f6gliche, uns\u00e4gliche und schmutzigste US-Frackinggas in gro\u00dfen Mengen das russische Pipelinegas ersetzt und so unter einem gr\u00fcnen Wirtschaftsminister fr\u00f6hliche Urst\u00e4nde feiert.<\/p>\n<p>Im Grunde kann man diese ganze politische Mainstream-Diskussion, bei der sowohl die Presse aber auch die gr\u00fcne Partei mitmacht , als ein gro\u00dfes Zirkusspiel betrachten, bei dem die breite Masse der B\u00fcrger, die ja nicht vergessen hat, dass es generell ein ernstes Klimaproblem gibt, mit Nachrichten in der obigen SZ-Art gef\u00fcttert, besch\u00e4ftigt und dabei aber komplett in die Irre gef\u00fchrt wird.<\/p>\n<p>Das Komplizierte in dieser Situation ist, dass die Berichterstattung und Diskussion im Detail und auf der Ebene der verschiedenen Sektoren durchaus wichtig ist, aber eben insgesamt auf einer v\u00f6llig falschen Grundlage basiert.<\/p>\n<p>So ist es richtig, den FDP-Minister Wissing, der f\u00fcr den Verkehrsbereich zust\u00e4ndig ist, hart daf\u00fcr zu kritisieren, dass die &#8211; selbst nach dem KSG sehr harmlosen Reduktionsanforderungen in keiner Weise ber\u00fccksichtigt werden. Noch nicht einmal ein kostenloses Tempolimit auf Autobahnen wird in Betracht gezogen. In analoger Weise muss man im Detail auch die mangelnde Geschwindigkeit im Bausektor kritisieren.<\/p>\n<p>Dies alles darf aber nicht den Blick verstellen \u2013 wie oben schon erw\u00e4hnt \u2013 dass Deutschland aufgrund seiner historischen Klimaschuld im globalen Zusammenhang die Verantwortung hat, darauf hinzuwirken, dass all die reichen L\u00e4nder, die eine \u00e4hnliche <strong>Klimaschuld<\/strong> haben, diese anerkennen und <strong>angemessene Reparationsleistungen (Gr\u00f6\u00dfenordnung <a href=\"#_ftn4\" name=\"_ftnref4\">[4]<\/a>: 16 Billionen $) in einen internationalen Klimafonds<\/strong> zu zahlen haben. Aus einem solchen UN-Klimafonds sollten z.B. alle fossilistischen Energie-Projekte, die es heute immer noch im globalen S\u00fcden mit erheblichen Subventionen und auch mit Finanzen aus der fossilistischen Gro\u00df-Industrie (Kohle-, \u00d6l-, Gas und generell Energie- und Finanzkonzerne) gibt, konsequent durch Projekte auf regenerativer Basis ersetzt und finanziert werden.<\/p>\n<h5>Versagen der Gr\u00fcnen<\/h5>\n<p>F\u00fcr derartige drastische Ma\u00dfnahmen liefert der neueste IPCC-Synthesebericht die wissenschaftlich fundierten Grundlagen. Es ist eine Schande, das die gr\u00fcne Partei in der Regierung ein Schauspiel auf der Detailebene der Klimapolitik mitmacht bzw. bef\u00f6rdert. Sie spekuliert wohl darauf, dass sie sich damit in der Regierungskoalition als konsequente \u00f6kologische Kraft profilieren kann. Im Grunde versagt sie aber v\u00f6llig, wenn die Ma\u00dfst\u00e4be des IPCC und dessen dringendste Aufrufe (s.o.) zugrunde gelegt werden.<\/p>\n<p>Insbesondere hat auch die Au\u00dfenmisterin Annalena Baerbock ma\u00dflos entt\u00e4uscht. Nach ihrem Regierungsantritt Ende 2021 gab es Hoffnungen auf eine grunds\u00e4tzlich neue strategische Ausrichtung der deutschen Klimaau\u00dfenpolitik, da sie die Zust\u00e4ndigkeit f\u00fcr internationale Klimapolitik in das Au\u00dfenministerium geholt hat und auch mit Jennifer Morgan, der ehemaligen Gesch\u00e4ftsf\u00fchrerin von Greenpeace International, eine hoffnungsvolle Besetzung als Staatssekret\u00e4rin vorgenommen hatte. Leider hat sich diese Hoffnung v\u00f6llig zerschlagen, denn es ist \u00fcberhaupt keine angemessene Initiative im Hinblick auf eine Neuausrichtung <a href=\"#_ftn5\" name=\"_ftnref5\">[5]<\/a> der deutschen Klima-Au\u00dfenpolitik und der Klimaverhandlungen im o.g. Sinne festzustellen.<\/p>\n<p style=\"text-align: right;\"><em>Dr. Helmut Selinger ist Mitglied des Ortsvorstandes M\u00fcnchen des Deutschen Freidenker-Verbandes<\/em><\/p>\n<p><strong>Quellen<\/strong><\/p>\n<p><a href=\"#_ftnref1\" name=\"_ftn1\">[1]<\/a> <a href=\"https:\/\/www.ipcc.ch\/report\/sixth-assessment-report-cycle\/\" target=\"_blank\" rel=\"noopener\">https:\/\/www.ipcc.ch\/report\/sixth-assessment-report-cycle\/<\/a><\/p>\n<p><a href=\"#_ftnref2\" name=\"_ftn2\">[2]<\/a> Selinger H. 25.9.2010\u00a0\u00a0 <a href=\"https:\/\/www.isw-muenchen.de\/online-publikationen\/texte-artikel\/312-11eine-gerechte-verhandlungsgrundlage-fuer-den-un-weltklimagipfel-in-cancun-ist-moeglich\">https:\/\/www.isw-muenchen.de\/online-publikationen\/texte-artikel\/312-11eine-gerechte-verhandlungsgrundlage-fuer-den-un-weltklimagipfel-in-cancun-ist-moeglich<\/a><\/p>\n<p><a href=\"#_ftnref3\" name=\"_ftn3\">[3]<\/a> Selinger H.\u00a0 23.11.2021\u00a0\u00a0 <a href=\"https:\/\/www.isw-muenchen.de\/online-publikationen\/texte-artikel\/312-11eine-gerechte-verhandlungsgrundlage-fuer-den-un-weltklimagipfel-in-cancun-ist-moeglich\">\u00a0https:\/\/www.isw-muenchen.de\/online-publikationen\/texte-artikel\/4304-3verlauf-von-glasgow-konferenz-zeigt-voellig-andere-art-klimakonferenz-noetig-fuer-bewaeltigung-der-klimakrise <\/a><\/p>\n<p><a href=\"#_ftnref4\" name=\"_ftn4\">[4]<\/a> Autorenkollektiv, Juli 2022,\u00a0 ISW Report 129 \u201cRio Erdgipfel\u201d bis Glasgow: 30 Jahre in Etappen in die Klimakatastrophe <a href=\"https:\/\/www.isw-muenchen.de\/broschueren\/reports\/6-report-129\">https:\/\/www.isw-muenchen.de\/broschueren\/reports\/6-report-129<\/a><br \/>\ndort: Selinger H. Kap. 4, S. 11-17 Neuausrichtung der Klimaverhandlungen, Berechnungsmodell konkreter Klimaschulden<\/p>\n<p><a href=\"#_ftnref5\" name=\"_ftn5\">[5]<\/a> Selinger H., 05. Dezember 2022\u00a0\u00a0 <a href=\"https:\/\/www.isw-muenchen.de\/online-publikationen\/texte-artikel\/4970-69klimagipfel-cop27-in-sharm-el-sheikh-internationale-klimapolitik-braucht-prinzipielle-neuausrichtung\">https:\/\/www.isw-muenchen.de\/online-publikationen\/texte-artikel\/4970-69klimagipfel-cop27-in-sharm-el-sheikh-internationale-klimapolitik-braucht-prinzipielle-neuausrichtung<\/a><\/p>\n<hr \/>\n<p><span style=\"font-size: 10pt;\">Bild oben: <a href=\"https:\/\/pixabay.com\/de\/photos\/windr%c3%a4der-windm%c3%bchlen-energie-klima-4530053\/\" target=\"_blank\" rel=\"noopener\">pixabay.com<\/a> \/ <a class=\"hover_opacity\" href=\"https:\/\/pixabay.com\/de\/users\/eniemela-13852903\/\">ENiemela<\/a> \/ <a href=\"https:\/\/pixabay.com\/de\/service\/terms\/\">Inhaltslizenz<\/a><\/span><\/p>\n","protected":false},"excerpt":{"rendered":"<p><b>Beitrag von Dr. Helmut Selinger<\/b><br \/>\n&#8230; Da wir in Deutschland ja immerhin seit 2021 ein Klimaschutzgesetz (KSG) haben und sich die Gesamt-Emissionen der THG sogar im Rahmen des dort einmal festgelegten Korridors befinden, gibt es laut SZ und UBA zwar in einigen Detailbereichen (Verkehr, Geb\u00e4ude) einige Probleme, aber insgesamt stimmt f\u00fcr den geneigten SZ-Leser doch die Richtung, zumal ja auch in der Regierungskoalition eine gr\u00fcne Partei mit einem gr\u00fcnen Wirtschaftsminister und einer gr\u00fcnen Umweltministerin vertreten ist. So k\u00f6nnte man also denken&#8230;\u00a0 &#8211;\u00a0 ist diese Sichtweise aber wirklich gerechtfertigt und in Ordnung? Nein, denn neben den oben richtig angesprochenen Problemen in den Bereichen Verkehr und Geb\u00e4ude liegen die gro\u00dfen Probleme der Klimapolitik in Deutschland erheblich tiefer &#8230;<\/p>\n","protected":false},"author":3,"featured_media":16089,"comment_status":"closed","ping_status":"closed","sticky":false,"template":"","format":"standard","meta":{"colormag_page_container_layout":"default_layout","colormag_page_sidebar_layout":"default_layout","advanced_seo_description":"","jetpack_seo_html_title":"","jetpack_seo_noindex":false,"jetpack_post_was_ever_published":false,"footnotes":""},"categories":[12],"tags":[699,1170,1282,84,1804,1803,1782],"class_list":["post-16085","post","type-post","status-publish","format-standard","has-post-thumbnail","hentry","category-demokratie-medien-aufklaerung","tag-aussenpolitik","tag-co2","tag-gruene","tag-klima","tag-klimapolitik","tag-klimaziele","tag-treibhausemissionen"],"jetpack_featured_media_url":"https:\/\/i0.wp.com\/www.freidenker.org\/fw17\/wp-content\/uploads\/2023\/05\/hd-wallpaper-4530053_800x450.jpg?fit=800%2C450&ssl=1","jetpack_shortlink":"https:\/\/wp.me\/p9stpK-4br","jetpack-related-posts":[{"id":21496,"url":"https:\/\/www.freidenker.org\/?p=21496","url_meta":{"origin":16085,"position":0},"title":"S\u00fcddeutsche Zeitung (SZ): Vom liberalen Intelligenzblatt zur Propagandapostille","author":"Webredaktion","date":"16. April 2025","format":false,"excerpt":"Standpunkt von Wolfgang Effenberger Am 4. April 2025 best\u00e4tigte die SZ, dass sie inzwischen endg\u00fcltig zum Sprachrohr der westlichen Kriegstreiber-Elite verkommen ist. Direkt aus dem Newskanal der Deutschen Presse-Agentur (dpa) \u00fcbernahm sie den Propaganda-Artikel \"Kommandeur: Deutschland w\u00e4re Drehscheibe f\u00fcr Aufmarsch\", samt Bild, wobei der Leser ehrenwerter weise dar\u00fcber nicht im\u2026","rel":"","context":"In &quot;Demokratie \u2013 Medien \u2013 Aufkl\u00e4rung&quot;","block_context":{"text":"Demokratie \u2013 Medien \u2013 Aufkl\u00e4rung","link":"https:\/\/www.freidenker.org\/?cat=12"},"img":{"alt_text":"","src":"https:\/\/i0.wp.com\/www.freidenker.org\/fw17\/wp-content\/uploads\/2025\/04\/sz_newspaper-346162_800x450.jpg?fit=800%2C450&ssl=1&resize=350%2C200","width":350,"height":200,"srcset":"https:\/\/i0.wp.com\/www.freidenker.org\/fw17\/wp-content\/uploads\/2025\/04\/sz_newspaper-346162_800x450.jpg?fit=800%2C450&ssl=1&resize=350%2C200 1x, https:\/\/i0.wp.com\/www.freidenker.org\/fw17\/wp-content\/uploads\/2025\/04\/sz_newspaper-346162_800x450.jpg?fit=800%2C450&ssl=1&resize=525%2C300 1.5x, https:\/\/i0.wp.com\/www.freidenker.org\/fw17\/wp-content\/uploads\/2025\/04\/sz_newspaper-346162_800x450.jpg?fit=800%2C450&ssl=1&resize=700%2C400 2x"},"classes":[]},{"id":12232,"url":"https:\/\/www.freidenker.org\/?p=12232","url_meta":{"origin":16085,"position":1},"title":"Deutsche Welle jagt &#8222;Antisemitismus&#8220;","author":"Webredaktion","date":"20. Februar 2022","format":false,"excerpt":"Von Karin Leukefeld Die Deutsche Welle (DW) hat f\u00fcnf Mitarbeiter der arabischen Redaktion entlassen. Ihnen wird vorgeworfen, sich privat in \u201esozialen Medien\u201c \u201eanti-semitisch\u201c und \u201eisrael-feindlich\u201c ge\u00e4u\u00dfert zu haben. Die \u00c4u\u00dferungen liegen bis zu 10 Jahre zur\u00fcck und wurden teilweise vor Jahren gel\u00f6scht, doch der Reporter MB von der S\u00fcddeutschen Zeitung\u2026","rel":"","context":"In &quot;Zeit der Verleumder - Freidenker f\u00fcr Klartext&quot;","block_context":{"text":"Zeit der Verleumder - Freidenker f\u00fcr Klartext","link":"https:\/\/www.freidenker.org\/?cat=937"},"img":{"alt_text":"","src":"https:\/\/i0.wp.com\/www.freidenker.org\/fw17\/wp-content\/uploads\/2022\/02\/klartext_mundhalten_v2_800x450.jpg?fit=800%2C450&ssl=1&resize=350%2C200","width":350,"height":200,"srcset":"https:\/\/i0.wp.com\/www.freidenker.org\/fw17\/wp-content\/uploads\/2022\/02\/klartext_mundhalten_v2_800x450.jpg?fit=800%2C450&ssl=1&resize=350%2C200 1x, https:\/\/i0.wp.com\/www.freidenker.org\/fw17\/wp-content\/uploads\/2022\/02\/klartext_mundhalten_v2_800x450.jpg?fit=800%2C450&ssl=1&resize=525%2C300 1.5x, https:\/\/i0.wp.com\/www.freidenker.org\/fw17\/wp-content\/uploads\/2022\/02\/klartext_mundhalten_v2_800x450.jpg?fit=800%2C450&ssl=1&resize=700%2C400 2x"},"classes":[]},{"id":22860,"url":"https:\/\/www.freidenker.org\/?p=22860","url_meta":{"origin":16085,"position":2},"title":"Friedensbr\u00fccke, die n\u00e4chste \u2012 jetzt wird eine Spionagegeschichte gesponnen","author":"Webredaktion","date":"16. September 2025","format":false,"excerpt":"Beitrag von Dagmar Henn Als Roman oder als Kinofilm w\u00e4re das sicher unterhaltsamer, dann m\u00fcsste man auch nicht eine kleine Hilfsorganisation bel\u00e4stigen. Die tolle Recherche mehrerer Leitmedien ist jetzt beim Spionagevorwurf gelandet. Und landet selbst knietief im Nachrichtendienstsumpf. Immerhin, der WDR nahm zumindest Erwachsene f\u00fcr das Thema. Bei der S\u00fcddeutschen\u2026","rel":"","context":"In &quot;Demokratie \u2013 Medien \u2013 Aufkl\u00e4rung&quot;","block_context":{"text":"Demokratie \u2013 Medien \u2013 Aufkl\u00e4rung","link":"https:\/\/www.freidenker.org\/?cat=12"},"img":{"alt_text":"","src":"https:\/\/i0.wp.com\/www.freidenker.org\/fw17\/wp-content\/uploads\/2025\/09\/Hilfsgueter_gallery4_800x450.jpg?fit=800%2C450&ssl=1&resize=350%2C200","width":350,"height":200,"srcset":"https:\/\/i0.wp.com\/www.freidenker.org\/fw17\/wp-content\/uploads\/2025\/09\/Hilfsgueter_gallery4_800x450.jpg?fit=800%2C450&ssl=1&resize=350%2C200 1x, https:\/\/i0.wp.com\/www.freidenker.org\/fw17\/wp-content\/uploads\/2025\/09\/Hilfsgueter_gallery4_800x450.jpg?fit=800%2C450&ssl=1&resize=525%2C300 1.5x, https:\/\/i0.wp.com\/www.freidenker.org\/fw17\/wp-content\/uploads\/2025\/09\/Hilfsgueter_gallery4_800x450.jpg?fit=800%2C450&ssl=1&resize=700%2C400 2x"},"classes":[]},{"id":24154,"url":"https:\/\/www.freidenker.org\/?p=24154","url_meta":{"origin":16085,"position":3},"title":"Deutschland 2026 \u2013 Ein Wiederholungst\u00e4ter?","author":"Webredaktion","date":"9. Januar 2026","format":false,"excerpt":"Beitrag von Hans Bauer \u201eDeutschland ist wieder zur\u00fcck auf der internationalen B\u00fchne\u201c ist die frohe Botschaft von Bundeskanzler Friedrich Merz in seiner j\u00fcngsten Regierungserkl\u00e4rung. Wer auf der B\u00fchne mitspielt, muss b\u00fchnenreif sein. Ist Deutschland \u201eb\u00fchnenreif\u201c? Im Allgemeinen ist \u201eb\u00fchnenreif\u201c, wer hohe Qualit\u00e4t mit positiver Ausstrahlung liefert. Global gesehen hie\u00dfe das,\u2026","rel":"","context":"In &quot;Demokratie \u2013 Medien \u2013 Aufkl\u00e4rung&quot;","block_context":{"text":"Demokratie \u2013 Medien \u2013 Aufkl\u00e4rung","link":"https:\/\/www.freidenker.org\/?cat=12"},"img":{"alt_text":"","src":"https:\/\/i0.wp.com\/www.freidenker.org\/fw17\/wp-content\/uploads\/2026\/01\/germany-9243902_800x450.jpg?fit=800%2C450&ssl=1&resize=350%2C200","width":350,"height":200,"srcset":"https:\/\/i0.wp.com\/www.freidenker.org\/fw17\/wp-content\/uploads\/2026\/01\/germany-9243902_800x450.jpg?fit=800%2C450&ssl=1&resize=350%2C200 1x, https:\/\/i0.wp.com\/www.freidenker.org\/fw17\/wp-content\/uploads\/2026\/01\/germany-9243902_800x450.jpg?fit=800%2C450&ssl=1&resize=525%2C300 1.5x, https:\/\/i0.wp.com\/www.freidenker.org\/fw17\/wp-content\/uploads\/2026\/01\/germany-9243902_800x450.jpg?fit=800%2C450&ssl=1&resize=700%2C400 2x"},"classes":[]},{"id":17049,"url":"https:\/\/www.freidenker.org\/?p=17049","url_meta":{"origin":16085,"position":4},"title":"Nochmal zum \u201eFall Aiwanger\u201c","author":"Webredaktion","date":"23. September 2023","format":false,"excerpt":"Beitrag von Klaus Hartmann Sebastian Bahlo hat unter der \u00dcberschrift \u201eSie haben Zeitungen und Druckereien\u2026\u201c \u201edie von der S\u00fcddeutschen Zeitung (SZ) losgetretene und inzwischen konzertiert wirkende Hetzkampagne gegen den Wahlk\u00e4mpfer Hubert Aiwanger\u201c kritisiert, als \u201eSchmierenjournalismus der untersten Kategorie\u201c bezeichnet und als Anma\u00dfung, \u201emit ihrer d\u00fcrren \u201aEnth\u00fcllung\u2018 faktisch in den bayerischen\u2026","rel":"","context":"In &quot;Zeit der Verleumder - Freidenker f\u00fcr Klartext&quot;","block_context":{"text":"Zeit der Verleumder - Freidenker f\u00fcr Klartext","link":"https:\/\/www.freidenker.org\/?cat=937"},"img":{"alt_text":"","src":"https:\/\/i0.wp.com\/www.freidenker.org\/fw17\/wp-content\/uploads\/2023\/09\/klartext_Hubert_Aiwanger_1651_800x450.jpg?fit=800%2C450&ssl=1&resize=350%2C200","width":350,"height":200,"srcset":"https:\/\/i0.wp.com\/www.freidenker.org\/fw17\/wp-content\/uploads\/2023\/09\/klartext_Hubert_Aiwanger_1651_800x450.jpg?fit=800%2C450&ssl=1&resize=350%2C200 1x, https:\/\/i0.wp.com\/www.freidenker.org\/fw17\/wp-content\/uploads\/2023\/09\/klartext_Hubert_Aiwanger_1651_800x450.jpg?fit=800%2C450&ssl=1&resize=525%2C300 1.5x, https:\/\/i0.wp.com\/www.freidenker.org\/fw17\/wp-content\/uploads\/2023\/09\/klartext_Hubert_Aiwanger_1651_800x450.jpg?fit=800%2C450&ssl=1&resize=700%2C400 2x"},"classes":[]},{"id":17540,"url":"https:\/\/www.freidenker.org\/?p=17540","url_meta":{"origin":16085,"position":5},"title":"Thunberg: Vom Ende falscher Helden","author":"Webredaktion","date":"20. November 2023","format":false,"excerpt":"Beitrag von Dagmar Henn Die moderne Version von Heldensagen, wie sie von Hollywood geboten wird, ist meistens unvollst\u00e4ndig. Sie zeigt die Phase, die den Helden zum Helden macht, aber sie verzichtet auf das Ende der Geschichte \u2013 ehe sie unsterblich werden, werden Helden n\u00e4mlich \u00fcblicherweise irgendjemandem l\u00e4stig und in der\u2026","rel":"","context":"In &quot;Demokratie \u2013 Medien \u2013 Aufkl\u00e4rung&quot;","block_context":{"text":"Demokratie \u2013 Medien \u2013 Aufkl\u00e4rung","link":"https:\/\/www.freidenker.org\/?cat=12"},"img":{"alt_text":"","src":"https:\/\/i0.wp.com\/www.freidenker.org\/fw17\/wp-content\/uploads\/2023\/11\/greta_thunberg-4695145_800x450.jpg?fit=800%2C450&ssl=1&resize=350%2C200","width":350,"height":200,"srcset":"https:\/\/i0.wp.com\/www.freidenker.org\/fw17\/wp-content\/uploads\/2023\/11\/greta_thunberg-4695145_800x450.jpg?fit=800%2C450&ssl=1&resize=350%2C200 1x, https:\/\/i0.wp.com\/www.freidenker.org\/fw17\/wp-content\/uploads\/2023\/11\/greta_thunberg-4695145_800x450.jpg?fit=800%2C450&ssl=1&resize=525%2C300 1.5x, https:\/\/i0.wp.com\/www.freidenker.org\/fw17\/wp-content\/uploads\/2023\/11\/greta_thunberg-4695145_800x450.jpg?fit=800%2C450&ssl=1&resize=700%2C400 2x"},"classes":[]}],"_links":{"self":[{"href":"https:\/\/www.freidenker.org\/index.php?rest_route=\/wp\/v2\/posts\/16085","targetHints":{"allow":["GET"]}}],"collection":[{"href":"https:\/\/www.freidenker.org\/index.php?rest_route=\/wp\/v2\/posts"}],"about":[{"href":"https:\/\/www.freidenker.org\/index.php?rest_route=\/wp\/v2\/types\/post"}],"author":[{"embeddable":true,"href":"https:\/\/www.freidenker.org\/index.php?rest_route=\/wp\/v2\/users\/3"}],"replies":[{"embeddable":true,"href":"https:\/\/www.freidenker.org\/index.php?rest_route=%2Fwp%2Fv2%2Fcomments&post=16085"}],"version-history":[{"count":0,"href":"https:\/\/www.freidenker.org\/index.php?rest_route=\/wp\/v2\/posts\/16085\/revisions"}],"wp:featuredmedia":[{"embeddable":true,"href":"https:\/\/www.freidenker.org\/index.php?rest_route=\/wp\/v2\/media\/16089"}],"wp:attachment":[{"href":"https:\/\/www.freidenker.org\/index.php?rest_route=%2Fwp%2Fv2%2Fmedia&parent=16085"}],"wp:term":[{"taxonomy":"category","embeddable":true,"href":"https:\/\/www.freidenker.org\/index.php?rest_route=%2Fwp%2Fv2%2Fcategories&post=16085"},{"taxonomy":"post_tag","embeddable":true,"href":"https:\/\/www.freidenker.org\/index.php?rest_route=%2Fwp%2Fv2%2Ftags&post=16085"}],"curies":[{"name":"wp","href":"https:\/\/api.w.org\/{rel}","templated":true}]}}