{"id":16079,"date":"2023-05-17T01:49:05","date_gmt":"2023-05-16T23:49:05","guid":{"rendered":"https:\/\/www.freidenker.org\/?p=16079"},"modified":"2023-06-15T23:10:09","modified_gmt":"2023-06-15T21:10:09","slug":"kleben-fuer-den-frieden","status":"publish","type":"post","link":"https:\/\/www.freidenker.org\/?p=16079","title":{"rendered":"Kleben f\u00fcr den Frieden"},"content":{"rendered":"<p>Wie RT berichtet (<a class=\"moz-txt-link-freetext\" href=\"https:\/\/pressefreiheit.rtde.live\/inland\/169980-wer-gruen-waehlt-waehlt-krieg\/\" target=\"_blank\" rel=\"noopener\">https:\/\/rtde.tech\/inland\/169980-wer-gruen-waehlt-waehlt-krieg\/<\/a>), erhielt der AfD-Bundestagsabgeordnete Carsten Hilse k\u00fcrzlich einen Ordnungsruf von Bundestagsvizepr\u00e4sidentin G\u00f6ring-Eckhardt (Gr\u00fcne), weil er den hier abgebildeten Aufkleber auf seine Mappe und seinen Computer geklebt hatte. Der getroffene Hund bellt, kann man da sagen, denn die Aussage des Aufklebers ist auf mehreren Ebenen zutreffend. &#8222;Wer Gr\u00fcn w\u00e4hlt, w\u00e4hlt den Krieg&#8220;, ist inhaltlich zun\u00e4chst fast eine reine Tatsachenfeststellung, war doch der gr\u00fcne Au\u00dfenminister Joseph Fischer eine treibende Kraft, um Deutschland in den ersten Angriffskrieg seit 1945 zu f\u00fchren, und ist es die gr\u00fcne Au\u00dfenministerin Annalena Baerbock, die im Europarat erkl\u00e4rt, sich im Krieg mit Russland zu sehen. Mahnend prangen im \u00e4u\u00dferen Kreis des Aufklebers die gr\u00fcnen Schandtaten: &#8222;Jugoslawien 1999 &#8212; Afghanistan 2001 &#8212; Ukraine 2023&#8220;.<\/p>\n<p>Doch dar\u00fcber hinaus stellt die Formulierung auch einen wichtigen historischen Bezug her. Bei der Wahl des deutschen Reichspr\u00e4sidenten im Jahr 1932 hatte die SPD auf einen eigenen Kandidaten verzichtet und sich f\u00fcr die Wiederwahl Hindenburgs ausgesprochen, weil der das kleinere \u00dcbel gegen\u00fcber dem ebenfalls kandidierenden Hitler sei. Gegen diese politische Kurzsichtigkeit warb die KPD f\u00fcr ihren Kandidaten Th\u00e4lmann mit der Losung: &#8222;Wer Hindenburg w\u00e4hlt, w\u00e4hlt Hitler, wer Hitler w\u00e4hlt, w\u00e4hlt den Krieg.&#8220; Eine Voraussage, die sich exakt erf\u00fcllen sollte.<\/p>\n<p>Kann man eine Analogie zwischen Hitler und den Gr\u00fcnen herstellen? Alle historischen Vergleiche hinken grunds\u00e4tzlich. Aber ins Auge springen die v\u00f6llige Skrupellosigkeit gr\u00fcner Politik, sei es beim Spielen mit dem atomaren Weltenbrand oder mit der Deindustrialisierung und Deelektrisierung Deutschlands, und die intellektuelle Schlichtheit und Wahnhaftigkeit gr\u00fcner Propaganda, die willk\u00fcrliche Mittel als alternativlos zur Erreichung heiliger Zwecke diktiert und jede Diskussion dar\u00fcber im Keim zu ersticken trachtet. Hier gibt es eine unabweisbare Parallele zu Hitler, der vorgeblich zur Rettung Deutschlands die Machtvollkommenheit beanspruchte, mit der er Deutschlands Untergang herbeif\u00fchrte.<\/p>\n<p>Die Losung &#8222;Wer Gr\u00fcn w\u00e4hlt, w\u00e4hlt den Krieg&#8220; hat das Potenzial, das einigende Symbol einer Volksfront zu werden, die sich gegen die Zerst\u00f6rung Deutschlands und Europas herausbildet. Die Gr\u00fcnen als die gef\u00e4hrlichste Kraft herauszustellen, hindert nicht, sondern erleichtert es, auch die mit ihnen sympathisierenden Elemente in allen anderen Parteien von AfD bis Die Linke zu isolieren.<\/p>\n<p style=\"text-align: right;\"><em> Webredaktion<\/em><\/p>\n<figure id=\"attachment_16080\" aria-describedby=\"caption-attachment-16080\" style=\"width: 1000px\" class=\"wp-caption alignnone\"><img data-recalc-dims=\"1\" loading=\"lazy\" decoding=\"async\" data-attachment-id=\"16080\" data-permalink=\"https:\/\/www.freidenker.org\/?attachment_id=16080\" data-orig-file=\"https:\/\/i0.wp.com\/www.freidenker.org\/fw17\/wp-content\/uploads\/2023\/05\/sticker_wer-gruen-waehlt.jpg?fit=1000%2C1000&amp;ssl=1\" data-orig-size=\"1000,1000\" data-comments-opened=\"0\" data-image-meta=\"{&quot;aperture&quot;:&quot;0&quot;,&quot;credit&quot;:&quot;&quot;,&quot;camera&quot;:&quot;&quot;,&quot;caption&quot;:&quot;&quot;,&quot;created_timestamp&quot;:&quot;0&quot;,&quot;copyright&quot;:&quot;&quot;,&quot;focal_length&quot;:&quot;0&quot;,&quot;iso&quot;:&quot;0&quot;,&quot;shutter_speed&quot;:&quot;0&quot;,&quot;title&quot;:&quot;&quot;,&quot;orientation&quot;:&quot;1&quot;}\" data-image-title=\"sticker_wer gr\u00fcn w\u00e4hlt\" data-image-description=\"\" data-image-caption=\"\" data-large-file=\"https:\/\/i0.wp.com\/www.freidenker.org\/fw17\/wp-content\/uploads\/2023\/05\/sticker_wer-gruen-waehlt.jpg?fit=800%2C800&amp;ssl=1\" class=\"wp-image-16080 size-full\" src=\"https:\/\/i0.wp.com\/www.freidenker.org\/fw17\/wp-content\/uploads\/2023\/05\/sticker_wer-gruen-waehlt.jpg?resize=800%2C800&#038;ssl=1\" alt=\"\" width=\"800\" height=\"800\" srcset=\"https:\/\/i0.wp.com\/www.freidenker.org\/fw17\/wp-content\/uploads\/2023\/05\/sticker_wer-gruen-waehlt.jpg?w=1000&amp;ssl=1 1000w, https:\/\/i0.wp.com\/www.freidenker.org\/fw17\/wp-content\/uploads\/2023\/05\/sticker_wer-gruen-waehlt.jpg?resize=300%2C300&amp;ssl=1 300w, https:\/\/i0.wp.com\/www.freidenker.org\/fw17\/wp-content\/uploads\/2023\/05\/sticker_wer-gruen-waehlt.jpg?resize=150%2C150&amp;ssl=1 150w, https:\/\/i0.wp.com\/www.freidenker.org\/fw17\/wp-content\/uploads\/2023\/05\/sticker_wer-gruen-waehlt.jpg?resize=768%2C768&amp;ssl=1 768w\" sizes=\"auto, (max-width: 800px) 100vw, 800px\" \/><figcaption id=\"caption-attachment-16080\" class=\"wp-caption-text\"><span style=\"font-size: 10pt;\">Dieser Klebeprotest k\u00f6nnte die Menschheit vor ihrer Selbstzerst\u00f6rung bewahren. Bildverwendung mit freundlicher Genehmigung von <a href=\"https:\/\/harlekinshop.com\/collections\/aufkleber-sticker\" target=\"_blank\" rel=\"noopener\">harlekin.shop<\/a><\/span><\/figcaption><\/figure>\n<hr \/>\n<h4>Bestellung<\/h4>\n<p><img data-recalc-dims=\"1\" loading=\"lazy\" decoding=\"async\" data-attachment-id=\"13977\" data-permalink=\"https:\/\/www.freidenker.org\/?attachment_id=13977\" data-orig-file=\"https:\/\/i0.wp.com\/www.freidenker.org\/fw17\/wp-content\/uploads\/2022\/08\/External_Link_24px.jpg?fit=24%2C24&amp;ssl=1\" data-orig-size=\"24,24\" data-comments-opened=\"0\" data-image-meta=\"{&quot;aperture&quot;:&quot;0&quot;,&quot;credit&quot;:&quot;&quot;,&quot;camera&quot;:&quot;&quot;,&quot;caption&quot;:&quot;&quot;,&quot;created_timestamp&quot;:&quot;0&quot;,&quot;copyright&quot;:&quot;&quot;,&quot;focal_length&quot;:&quot;0&quot;,&quot;iso&quot;:&quot;0&quot;,&quot;shutter_speed&quot;:&quot;0&quot;,&quot;title&quot;:&quot;&quot;,&quot;orientation&quot;:&quot;1&quot;}\" data-image-title=\"External_Link_24px icon\" data-image-description=\"\" data-image-caption=\"\" data-large-file=\"https:\/\/i0.wp.com\/www.freidenker.org\/fw17\/wp-content\/uploads\/2022\/08\/External_Link_24px.jpg?fit=24%2C24&amp;ssl=1\" class=\"alignnone size-full wp-image-13977\" src=\"https:\/\/i0.wp.com\/www.freidenker.org\/fw17\/wp-content\/uploads\/2022\/08\/External_Link_24px.jpg?resize=24%2C24&#038;ssl=1\" alt=\"\" width=\"24\" height=\"24\" \/>\u00a0Die Sticker k\u00f6nnen hier bestellt werden: <a href=\"https:\/\/harlekinshop.com\/collections\/aufkleber-sticker\/products\/grosse-sticker-aufkleber-10-stk-wer-grun-wahlt-wahlt-den-krieg\" target=\"_blank\" rel=\"noopener\">https:\/\/harlekinshop.com\/collections\/aufkleber-sticker\/products\/grosse-sticker-aufkleber-10-stk-wer-grun-wahlt-wahlt-den-krieg<\/a><\/p>\n<hr \/>\n<p><span style=\"font-size: 10pt;\">Bild oben: Aufkleber von <a href=\"https:\/\/harlekinshop.com\/collections\/aufkleber-sticker\" target=\"_blank\" rel=\"noopener\">harlekin.shop<\/a><\/span><\/p>\n","protected":false},"excerpt":{"rendered":"<p>Wie RT berichtet, erhielt der AfD-Bundestagsabgeordnete Carsten Hilse k\u00fcrzlich einen Ordnungsruf von Bundestagsvizepr\u00e4sidentin G\u00f6ring-Eckhardt (Gr\u00fcne), weil er den hier abgebildeten Aufkleber auf seine Mappe und seinen Computer geklebt hatte. Der getroffene Hund bellt, kann man da sagen, denn die Aussage des Aufklebers ist auf mehreren Ebenen zutreffend. &#8222;Wer Gr\u00fcn w\u00e4hlt, w\u00e4hlt den Krieg&#8220;, ist inhaltlich zun\u00e4chst fast eine reine Tatsachenfeststellung, war doch der gr\u00fcne Au\u00dfenminister Joseph Fischer eine treibende Kraft, um Deutschland in den ersten Angriffskrieg seit 1945 zu f\u00fchren, und ist es die gr\u00fcne Au\u00dfenministerin Annalena Baerbock, die im Europarat erkl\u00e4rt, sich im Krieg mit Russland zu sehen.<\/p>\n","protected":false},"author":3,"featured_media":16082,"comment_status":"closed","ping_status":"closed","sticky":false,"template":"","format":"standard","meta":{"colormag_page_container_layout":"default_layout","colormag_page_sidebar_layout":"default_layout","advanced_seo_description":"","jetpack_seo_html_title":"","jetpack_seo_noindex":false,"jetpack_post_was_ever_published":false,"footnotes":""},"categories":[13],"tags":[1031,823,477,1642,1282,590,1802,1111],"class_list":["post-16079","post","type-post","status-publish","format-standard","has-post-thumbnail","hentry","category-frieden-antifaschismus-solidaritaet","tag-afd","tag-afghanistan","tag-bundestag","tag-deindustrialisierung","tag-gruene","tag-jugoslawien","tag-sticker","tag-ukraine"],"jetpack_featured_media_url":"https:\/\/i0.wp.com\/www.freidenker.org\/fw17\/wp-content\/uploads\/2023\/05\/sticker_wer-gruen-waehlt_800x450.jpg?fit=800%2C450&ssl=1","jetpack_shortlink":"https:\/\/wp.me\/p9stpK-4bl","jetpack-related-posts":[{"id":18049,"url":"https:\/\/www.freidenker.org\/?p=18049","url_meta":{"origin":16079,"position":0},"title":"Offener Brief an pax christi","author":"Webredaktion","date":"29. Januar 2024","format":false,"excerpt":"Am 26.01.2024 verteilte die katholische Friedensorganisation \"pax christi\" eine E-Mail mit folgendem Inhalt: pax christi - Deutsche Sektion e.V. ruft mit auf: Schlie\u00df dich der Brandmauer gegen Rechts an!\u00a0Gegen Spaltung - F\u00fcr Demokratie Jetzt sind wir alle gefragt: Es ist unsere gemeinsame Verantwortung, als Zivilgesellschaft ein solidarisches Miteinander zu verteidigen.\u2026","rel":"","context":"In &quot;Frieden - Antifaschismus - Solidarit\u00e4t&quot;","block_context":{"text":"Frieden - Antifaschismus - Solidarit\u00e4t","link":"https:\/\/www.freidenker.org\/?cat=13"},"img":{"alt_text":"","src":"https:\/\/i0.wp.com\/www.freidenker.org\/fw17\/wp-content\/uploads\/2024\/01\/Plakat_auf_der_Demo_-Gemeinsam_gegen_Rechts-_08_800x450.jpg?fit=800%2C450&ssl=1&resize=350%2C200","width":350,"height":200,"srcset":"https:\/\/i0.wp.com\/www.freidenker.org\/fw17\/wp-content\/uploads\/2024\/01\/Plakat_auf_der_Demo_-Gemeinsam_gegen_Rechts-_08_800x450.jpg?fit=800%2C450&ssl=1&resize=350%2C200 1x, https:\/\/i0.wp.com\/www.freidenker.org\/fw17\/wp-content\/uploads\/2024\/01\/Plakat_auf_der_Demo_-Gemeinsam_gegen_Rechts-_08_800x450.jpg?fit=800%2C450&ssl=1&resize=525%2C300 1.5x, https:\/\/i0.wp.com\/www.freidenker.org\/fw17\/wp-content\/uploads\/2024\/01\/Plakat_auf_der_Demo_-Gemeinsam_gegen_Rechts-_08_800x450.jpg?fit=800%2C450&ssl=1&resize=700%2C400 2x"},"classes":[]},{"id":21104,"url":"https:\/\/www.freidenker.org\/?p=21104","url_meta":{"origin":16079,"position":1},"title":"Wer die Wahl hat, hat die Qual, \u2026?","author":"Webredaktion","date":"7. M\u00e4rz 2025","format":false,"excerpt":"Beitrag von Thomas Loch Wer die Wahl hat, hat die Qual, allein schon weil Freiheit nicht in der M\u00f6glichkeit der Wahl steckt, sondern in der bewussten, der Einsicht in die Notwendigkeit geschuldeten, Tat begr\u00fcndet. Das spielt in einer irrationalistischen Denkweise, wie sie heutzutage in der bundesdeutschen Gesellschaft vorrangig anzutreffen, keine\u2026","rel":"","context":"In &quot;Demokratie \u2013 Medien \u2013 Aufkl\u00e4rung&quot;","block_context":{"text":"Demokratie \u2013 Medien \u2013 Aufkl\u00e4rung","link":"https:\/\/www.freidenker.org\/?cat=12"},"img":{"alt_text":"","src":"https:\/\/i0.wp.com\/www.freidenker.org\/fw17\/wp-content\/uploads\/2025\/03\/Zusammenstellung_wahl_loch_800x450.jpg?fit=800%2C450&ssl=1&resize=350%2C200","width":350,"height":200,"srcset":"https:\/\/i0.wp.com\/www.freidenker.org\/fw17\/wp-content\/uploads\/2025\/03\/Zusammenstellung_wahl_loch_800x450.jpg?fit=800%2C450&ssl=1&resize=350%2C200 1x, https:\/\/i0.wp.com\/www.freidenker.org\/fw17\/wp-content\/uploads\/2025\/03\/Zusammenstellung_wahl_loch_800x450.jpg?fit=800%2C450&ssl=1&resize=525%2C300 1.5x, https:\/\/i0.wp.com\/www.freidenker.org\/fw17\/wp-content\/uploads\/2025\/03\/Zusammenstellung_wahl_loch_800x450.jpg?fit=800%2C450&ssl=1&resize=700%2C400 2x"},"classes":[]},{"id":18125,"url":"https:\/\/www.freidenker.org\/?p=18125","url_meta":{"origin":16079,"position":2},"title":"Gemeinsam f\u00fcr den Frieden","author":"Webredaktion","date":"10. Februar 2024","format":false,"excerpt":"Video-Interview von\u00a0Dr. Diether Dehm\u00a0mit\u00a0Dr. Mona Aranea \u00dcber die Partei dieBasis und die Wichtigkeit breiter B\u00fcndnisse f\u00fcr den Frieden . Dr. Aranea: \"Ich glaube wir m\u00fcssen gerade in der Friedensfrage aber auch in der Frage der C*-Aufarbeitung \u00fcber Parteigrenzen hinweg, lager\u00fcbergreifend zusammenarbeiten.\"","rel":"","context":"In &quot;Frieden - Antifaschismus - Solidarit\u00e4t&quot;","block_context":{"text":"Frieden - Antifaschismus - Solidarit\u00e4t","link":"https:\/\/www.freidenker.org\/?cat=13"},"img":{"alt_text":"","src":"https:\/\/i0.wp.com\/www.freidenker.org\/fw17\/wp-content\/uploads\/2024\/02\/Dehm_Aranea_Moats_800x450.jpg?fit=800%2C450&ssl=1&resize=350%2C200","width":350,"height":200,"srcset":"https:\/\/i0.wp.com\/www.freidenker.org\/fw17\/wp-content\/uploads\/2024\/02\/Dehm_Aranea_Moats_800x450.jpg?fit=800%2C450&ssl=1&resize=350%2C200 1x, https:\/\/i0.wp.com\/www.freidenker.org\/fw17\/wp-content\/uploads\/2024\/02\/Dehm_Aranea_Moats_800x450.jpg?fit=800%2C450&ssl=1&resize=525%2C300 1.5x, https:\/\/i0.wp.com\/www.freidenker.org\/fw17\/wp-content\/uploads\/2024\/02\/Dehm_Aranea_Moats_800x450.jpg?fit=800%2C450&ssl=1&resize=700%2C400 2x"},"classes":[]},{"id":20898,"url":"https:\/\/www.freidenker.org\/?p=20898","url_meta":{"origin":16079,"position":3},"title":"W\u00e4hlen? Aber wen?","author":"Webredaktion","date":"4. Februar 2025","format":false,"excerpt":"Beitrag von Klaus Hartmann Wahlaufrufe oder -empfehlungen wird es vom Deutschen Freidenker-Verband nicht geben, auch nicht zu den bevorstehenden Bundestagswahlen. Grund daf\u00fcr ist nicht, dass es \u201eegal\u201c ist, f\u00fcr wen gestimmt wird, dass \u00fcberhaupt nichts W\u00e4hlbares kandidiert oder einer Nichtbeteiligung an der Wahl das Wort geredet werden soll \u2013 der\u2026","rel":"","context":"In &quot;Demokratie \u2013 Medien \u2013 Aufkl\u00e4rung&quot;","block_context":{"text":"Demokratie \u2013 Medien \u2013 Aufkl\u00e4rung","link":"https:\/\/www.freidenker.org\/?cat=12"},"img":{"alt_text":"","src":"https:\/\/i0.wp.com\/www.freidenker.org\/fw17\/wp-content\/uploads\/2025\/02\/wahlen_2025_1600x450_v2-1.jpg?fit=1200%2C675&ssl=1&resize=350%2C200","width":350,"height":200,"srcset":"https:\/\/i0.wp.com\/www.freidenker.org\/fw17\/wp-content\/uploads\/2025\/02\/wahlen_2025_1600x450_v2-1.jpg?fit=1200%2C675&ssl=1&resize=350%2C200 1x, https:\/\/i0.wp.com\/www.freidenker.org\/fw17\/wp-content\/uploads\/2025\/02\/wahlen_2025_1600x450_v2-1.jpg?fit=1200%2C675&ssl=1&resize=525%2C300 1.5x, https:\/\/i0.wp.com\/www.freidenker.org\/fw17\/wp-content\/uploads\/2025\/02\/wahlen_2025_1600x450_v2-1.jpg?fit=1200%2C675&ssl=1&resize=700%2C400 2x, https:\/\/i0.wp.com\/www.freidenker.org\/fw17\/wp-content\/uploads\/2025\/02\/wahlen_2025_1600x450_v2-1.jpg?fit=1200%2C675&ssl=1&resize=1050%2C600 3x"},"classes":[]},{"id":24190,"url":"https:\/\/www.freidenker.org\/?p=24190","url_meta":{"origin":16079,"position":4},"title":"Quo vadis, AfD?","author":"Webredaktion","date":"13. Januar 2026","format":false,"excerpt":"Friedenspartei? Koalitionspartner f\u00fcr Kriegstreiber? Vortrag von Klaus Hartmann bei der Videokonferenz des Gespr\u00e4chskreises \u201eDie Rot-Weisen\u201c am 12.12.2025 In \u00dcberlegungen zur notwenigen politischen und sozialen Verbreiterung der Friedensbewegung kommt die Diskussion auch immer wieder auf die Parteien. Zu den kriegsbef\u00fcrwortenden, kriegsert\u00fcchtigenden, das Feindbild Russland und Bedrohungsl\u00fcgen propagierenden Parteien ist der Fall\u2026","rel":"","context":"In &quot;Frieden - Antifaschismus - Solidarit\u00e4t&quot;","block_context":{"text":"Frieden - Antifaschismus - Solidarit\u00e4t","link":"https:\/\/www.freidenker.org\/?cat=13"},"img":{"alt_text":"","src":"https:\/\/i0.wp.com\/www.freidenker.org\/fw17\/wp-content\/uploads\/2026\/01\/Klaus_Hartmann_Quo_vadis_800x450.jpg?fit=800%2C450&ssl=1&resize=350%2C200","width":350,"height":200,"srcset":"https:\/\/i0.wp.com\/www.freidenker.org\/fw17\/wp-content\/uploads\/2026\/01\/Klaus_Hartmann_Quo_vadis_800x450.jpg?fit=800%2C450&ssl=1&resize=350%2C200 1x, https:\/\/i0.wp.com\/www.freidenker.org\/fw17\/wp-content\/uploads\/2026\/01\/Klaus_Hartmann_Quo_vadis_800x450.jpg?fit=800%2C450&ssl=1&resize=525%2C300 1.5x, https:\/\/i0.wp.com\/www.freidenker.org\/fw17\/wp-content\/uploads\/2026\/01\/Klaus_Hartmann_Quo_vadis_800x450.jpg?fit=800%2C450&ssl=1&resize=700%2C400 2x"},"classes":[]},{"id":12907,"url":"https:\/\/www.freidenker.org\/?p=12907","url_meta":{"origin":16079,"position":5},"title":"&#8222;Entscheidung auf dem Schlachtfeld&#8220;? Das klingt wie 1944","author":"Webredaktion","date":"25. April 2022","format":false,"excerpt":"Beitrag von Willy Wimmer Die Tonlagen aus Berlin, Br\u00fcssel und Washington wecken Erinnerungen. W\u00e4hrend in Deutschland jeder, der nicht auf Mainstream geschaltet ist, jederzeit mit dem Vorwurf rechnen muss, dass er Extremist und schlimmstenfalls Nazi ist, klingen die \u00f6ffentlichen Erkl\u00e4rungen aus der jeweiligen F\u00fchrungsetage so, wie es 1944 oder 1945\u2026","rel":"","context":"In &quot;Frieden - Antifaschismus - Solidarit\u00e4t&quot;","block_context":{"text":"Frieden - Antifaschismus - Solidarit\u00e4t","link":"https:\/\/www.freidenker.org\/?cat=13"},"img":{"alt_text":"","src":"https:\/\/i0.wp.com\/www.freidenker.org\/fw17\/wp-content\/uploads\/2022\/04\/mariupol_6261953548fbef4bfd3c97ec_800x450.jpg?fit=800%2C450&ssl=1&resize=350%2C200","width":350,"height":200,"srcset":"https:\/\/i0.wp.com\/www.freidenker.org\/fw17\/wp-content\/uploads\/2022\/04\/mariupol_6261953548fbef4bfd3c97ec_800x450.jpg?fit=800%2C450&ssl=1&resize=350%2C200 1x, https:\/\/i0.wp.com\/www.freidenker.org\/fw17\/wp-content\/uploads\/2022\/04\/mariupol_6261953548fbef4bfd3c97ec_800x450.jpg?fit=800%2C450&ssl=1&resize=525%2C300 1.5x, https:\/\/i0.wp.com\/www.freidenker.org\/fw17\/wp-content\/uploads\/2022\/04\/mariupol_6261953548fbef4bfd3c97ec_800x450.jpg?fit=800%2C450&ssl=1&resize=700%2C400 2x"},"classes":[]}],"_links":{"self":[{"href":"https:\/\/www.freidenker.org\/index.php?rest_route=\/wp\/v2\/posts\/16079","targetHints":{"allow":["GET"]}}],"collection":[{"href":"https:\/\/www.freidenker.org\/index.php?rest_route=\/wp\/v2\/posts"}],"about":[{"href":"https:\/\/www.freidenker.org\/index.php?rest_route=\/wp\/v2\/types\/post"}],"author":[{"embeddable":true,"href":"https:\/\/www.freidenker.org\/index.php?rest_route=\/wp\/v2\/users\/3"}],"replies":[{"embeddable":true,"href":"https:\/\/www.freidenker.org\/index.php?rest_route=%2Fwp%2Fv2%2Fcomments&post=16079"}],"version-history":[{"count":0,"href":"https:\/\/www.freidenker.org\/index.php?rest_route=\/wp\/v2\/posts\/16079\/revisions"}],"wp:featuredmedia":[{"embeddable":true,"href":"https:\/\/www.freidenker.org\/index.php?rest_route=\/wp\/v2\/media\/16082"}],"wp:attachment":[{"href":"https:\/\/www.freidenker.org\/index.php?rest_route=%2Fwp%2Fv2%2Fmedia&parent=16079"}],"wp:term":[{"taxonomy":"category","embeddable":true,"href":"https:\/\/www.freidenker.org\/index.php?rest_route=%2Fwp%2Fv2%2Fcategories&post=16079"},{"taxonomy":"post_tag","embeddable":true,"href":"https:\/\/www.freidenker.org\/index.php?rest_route=%2Fwp%2Fv2%2Ftags&post=16079"}],"curies":[{"name":"wp","href":"https:\/\/api.w.org\/{rel}","templated":true}]}}