{"id":16068,"date":"2023-05-14T13:45:31","date_gmt":"2023-05-14T11:45:31","guid":{"rendered":"https:\/\/www.freidenker.org\/?p=16068"},"modified":"2023-06-15T23:09:19","modified_gmt":"2023-06-15T21:09:19","slug":"kundgebung-demokratiebewegung-von-1848-49-wieder-modern-oder-schon-ueberholt","status":"publish","type":"post","link":"https:\/\/www.freidenker.org\/?p=16068","title":{"rendered":"Kundgebung: Demokratiebewegung von 1848\/49 &#8211; wieder modern oder schon \u00fcberholt?"},"content":{"rendered":"<p>Die hessischen Freidenker unterst\u00fctzten den Aufruf zur Kundgebung:<\/p>\n<div>\n<h4 align=\"center\">KUNDGEBUNG FRANKFURT\/H\u00dcHNERMARKT &#8211; 17.05.2023 &#8211; 15.00 &#8211; 19.00 UHR<\/h4>\n<p align=\"center\">Vom 17. bis 21.05.23 wird in #Frankfurt der Demokratiebewegung Mitte des 19. Jahrhunderts gedacht. 175 Jahre Nationalversammlung Paulskirche. Ein Anlass, den die Demokratie- und Friedensbewegung der 2020er Jahre nicht nur geladenen G\u00e4sten \u00fcberlassen m\u00f6chte!<\/p>\n<p align=\"center\"><strong><i>Weg mit der Zensur! Meinungs-, Presse- und Versammlungsfreiheit! Verbriefte Grundrechte in einer vom Volk angenommenen Verfassung! Ein gleiches und allgemeines Wahlrecht!<\/i><\/strong><\/p>\n<p align=\"center\">2023 leben wir in einer Scheindemokratie. Die Macht geht nicht l\u00e4nger vom Volk, sondern von Big Tech, Big Pharma und Big Data aus. Die totale \u00dcberwachung und die Konzentration des Reichtums in der Hand weniger Oligarchen verhindern eine wahre Demokratie. Wir protestieren initiativen\u00fcbergreifend gegen das verlogene Gedenken an 1848, bei dem die Paulskirche f\u00fcr unsereins verschlossen bleibt.<\/p>\n<p align=\"center\"><strong>Sei dabei! MITTWOCH, 17.05.23, 15 bis 19.00 Uhr. Frankfurt\/Main, Am H\u00fchnermarkt in der &#8222;neuen Altstadt&#8220;.<\/strong><\/p>\n<p align=\"center\"><strong>Die Wahrheit findet immer ihren Weg zu unseren Mitmenschen.<\/strong><\/p>\n<p align=\"center\"><img data-recalc-dims=\"1\" loading=\"lazy\" decoding=\"async\" data-attachment-id=\"16069\" data-permalink=\"https:\/\/www.freidenker.org\/?attachment_id=16069\" data-orig-file=\"https:\/\/i0.wp.com\/www.freidenker.org\/fw17\/wp-content\/uploads\/2023\/05\/Kundegebung_1848er_Revolution.png?fit=600%2C516&amp;ssl=1\" data-orig-size=\"600,516\" data-comments-opened=\"0\" data-image-meta=\"{&quot;aperture&quot;:&quot;0&quot;,&quot;credit&quot;:&quot;&quot;,&quot;camera&quot;:&quot;&quot;,&quot;caption&quot;:&quot;&quot;,&quot;created_timestamp&quot;:&quot;0&quot;,&quot;copyright&quot;:&quot;&quot;,&quot;focal_length&quot;:&quot;0&quot;,&quot;iso&quot;:&quot;0&quot;,&quot;shutter_speed&quot;:&quot;0&quot;,&quot;title&quot;:&quot;&quot;,&quot;orientation&quot;:&quot;0&quot;}\" data-image-title=\"Kundegebung_1848er_Revolution\" data-image-description=\"\" data-image-caption=\"\" data-large-file=\"https:\/\/i0.wp.com\/www.freidenker.org\/fw17\/wp-content\/uploads\/2023\/05\/Kundegebung_1848er_Revolution.png?fit=600%2C516&amp;ssl=1\" class=\"alignnone wp-image-16069 size-full\" src=\"https:\/\/i0.wp.com\/www.freidenker.org\/fw17\/wp-content\/uploads\/2023\/05\/Kundegebung_1848er_Revolution.png?resize=600%2C516&#038;ssl=1\" alt=\"\" width=\"600\" height=\"516\" srcset=\"https:\/\/i0.wp.com\/www.freidenker.org\/fw17\/wp-content\/uploads\/2023\/05\/Kundegebung_1848er_Revolution.png?w=600&amp;ssl=1 600w, https:\/\/i0.wp.com\/www.freidenker.org\/fw17\/wp-content\/uploads\/2023\/05\/Kundegebung_1848er_Revolution.png?resize=300%2C258&amp;ssl=1 300w\" sizes=\"auto, (max-width: 600px) 100vw, 600px\" \/><\/p>\n<hr \/>\n<p style=\"text-align: left;\" align=\"center\"><span style=\"font-size: 10pt;\">Bild oben: Das Frankfurter Parlament in der Frankfurter Paulskirche im Jahr 1848\/49. Kolorierter, originaler Kupferstich von Ludwig von Elliot\u00a0<\/span><br \/>\n<span style=\"font-size: 10pt;\">Foto: JoJan, aufgenommen auf einer Ausstellung 2011 im Deutschen Dom, Berlin, <a href=\"https:\/\/creativecommons.org\/licenses\/by\/3.0\" target=\"_blank\" rel=\"noopener\">CC BY 3.0<\/a><\/span><br \/>\n<span style=\"font-size: 10pt;\">Quelle: <a href=\"https:\/\/commons.wikimedia.org\/w\/index.php?curid=17611623\" target=\"_blank\" rel=\"noopener\">https:\/\/commons.wikimedia.org\/w\/index.php?curid=17611623<\/a><\/span><\/p>\n<\/div>\n","protected":false},"excerpt":{"rendered":"<p>Die hessischen Freidenker unterst\u00fctzten den Aufruf zur Kundgebung:<br \/>\nKUNDGEBUNG FRANKFURT\/H\u00dcHNERMARKT &#8211; 17.05.2023 &#8211; 15.00 &#8211; 19.00 UHR<br \/>\nVom 17. bis 21.05.23 wird in #Frankfurt der Demokratiebewegung Mitte des 19. Jahrhunderts gedacht. 175 Jahre Nationalversammlung Paulskirche. Ein Anlass, den die Demokratie- und Friedensbewegung der 2020er Jahre nicht nur geladenen G\u00e4sten \u00fcberlassen m\u00f6chte!<\/p>\n<p>Weg mit der Zensur! Meinungs-, Presse- und Versammlungsfreiheit! Verbriefte Grundrechte in einer vom Volk angenommenen Verfassung! Ein gleiches und allgemeines Wahlrecht!<\/p>\n","protected":false},"author":3,"featured_media":16071,"comment_status":"closed","ping_status":"closed","sticky":false,"template":"","format":"standard","meta":{"colormag_page_container_layout":"default_layout","colormag_page_sidebar_layout":"default_layout","advanced_seo_description":"","jetpack_seo_html_title":"","jetpack_seo_noindex":false,"jetpack_post_was_ever_published":false,"footnotes":""},"categories":[19],"tags":[162,433,335,395,596],"class_list":["post-16068","post","type-post","status-publish","format-standard","has-post-thumbnail","hentry","category-veranstaltungen-in-den-dfv-landesverbaenden","tag-demokratie","tag-frankfurt-am-main","tag-frieden","tag-meinungsfreiheit","tag-pressefreiheit"],"jetpack_featured_media_url":"https:\/\/i0.wp.com\/www.freidenker.org\/fw17\/wp-content\/uploads\/2023\/05\/nationalversammlung_frankfurt_800x450.jpg?fit=800%2C450&ssl=1","jetpack_shortlink":"https:\/\/wp.me\/p9stpK-4ba","jetpack-related-posts":[{"id":5891,"url":"https:\/\/www.freidenker.org\/?p=5891","url_meta":{"origin":16068,"position":0},"title":"Kundgebung: Weltweite Solidarit\u00e4t mit Nicol\u00e1s Maduro","author":"Webredaktion","date":"21. Februar 2019","format":false,"excerpt":"Weltweite Solidarit\u00e4t mit dem einzig legitim gew\u00e4hlten Pr\u00e4sident der Bolivarischen Republik Venezuela, Nicolas Maduro! - Kundgebung am Samstag, 23.02.2019, von 16:30 - 19:00 Uhr in Frankfurt am Main Venezuelas Pr\u00e4sident Nicol\u00e1s Maduro ist am Donnerstag, 10.01.2019, vor dem Obersten Gerichtshof in Caracas f\u00fcr eine neue Amtszeit vereidigt worden. Auf \u00bbBol\u00edvar,\u2026","rel":"","context":"In &quot;Frieden - Antifaschismus - Solidarit\u00e4t&quot;","block_context":{"text":"Frieden - Antifaschismus - Solidarit\u00e4t","link":"https:\/\/www.freidenker.org\/?cat=13"},"img":{"alt_text":"","src":"https:\/\/i0.wp.com\/www.freidenker.org\/fw17\/wp-content\/uploads\/2019\/02\/maduro_mitLogo_800x445.jpg?fit=800%2C445&ssl=1&resize=350%2C200","width":350,"height":200,"srcset":"https:\/\/i0.wp.com\/www.freidenker.org\/fw17\/wp-content\/uploads\/2019\/02\/maduro_mitLogo_800x445.jpg?fit=800%2C445&ssl=1&resize=350%2C200 1x, https:\/\/i0.wp.com\/www.freidenker.org\/fw17\/wp-content\/uploads\/2019\/02\/maduro_mitLogo_800x445.jpg?fit=800%2C445&ssl=1&resize=525%2C300 1.5x, https:\/\/i0.wp.com\/www.freidenker.org\/fw17\/wp-content\/uploads\/2019\/02\/maduro_mitLogo_800x445.jpg?fit=800%2C445&ssl=1&resize=700%2C400 2x"},"classes":[]},{"id":21649,"url":"https:\/\/www.freidenker.org\/?p=21649","url_meta":{"origin":16068,"position":1},"title":"Veranstaltungen: 80 Jahre Befreiung von Faschismus und Krieg","author":"Webredaktion","date":"2. Mai 2025","format":false,"excerpt":"Bis 1985 hat es in der Alt-BRD gedauert, bis der Jahrestag nicht mehr als Tag der Niederlage und der Schmach, sondernd der Befreiung galt. 2025 scheint das nicht mehr zu gelten. Dem Ende des 2. Weltkriegs wollen Bundesregierung und die EU ohne Befreier gedenken, Vertreter der Russischen F\u00f6deration und von\u2026","rel":"","context":"In &quot;Frieden - Antifaschismus - Solidarit\u00e4t&quot;","block_context":{"text":"Frieden - Antifaschismus - Solidarit\u00e4t","link":"https:\/\/www.freidenker.org\/?cat=13"},"img":{"alt_text":"","src":"https:\/\/i0.wp.com\/www.freidenker.org\/fw17\/wp-content\/uploads\/2025\/05\/Unsterbliches_Regiment_dfm_03_800x450.jpg?fit=800%2C450&ssl=1&resize=350%2C200","width":350,"height":200,"srcset":"https:\/\/i0.wp.com\/www.freidenker.org\/fw17\/wp-content\/uploads\/2025\/05\/Unsterbliches_Regiment_dfm_03_800x450.jpg?fit=800%2C450&ssl=1&resize=350%2C200 1x, https:\/\/i0.wp.com\/www.freidenker.org\/fw17\/wp-content\/uploads\/2025\/05\/Unsterbliches_Regiment_dfm_03_800x450.jpg?fit=800%2C450&ssl=1&resize=525%2C300 1.5x, https:\/\/i0.wp.com\/www.freidenker.org\/fw17\/wp-content\/uploads\/2025\/05\/Unsterbliches_Regiment_dfm_03_800x450.jpg?fit=800%2C450&ssl=1&resize=700%2C400 2x"},"classes":[]},{"id":14209,"url":"https:\/\/www.freidenker.org\/?p=14209","url_meta":{"origin":16068,"position":2},"title":"Diese Regierungspolitik ist irrational und wahnhaft","author":"Webredaktion","date":"21. September 2022","format":false,"excerpt":"Rede von Sebastian Bahlo auf einer Kundgebung des Verbandes der Russlanddeutschen in Hessen in Frankfurt a.M. am 18.09.2022. Die Politik der Bundesregierung ist irrational und wahnhaft, aber diese Charakterisierung ist noch nicht ausreichend: Man mu\u00df auch klar sagen, da\u00df sie verbrecherisch ist. Sie schadet Deutschland und der deutschen Bev\u00f6lkerung massiv,\u2026","rel":"","context":"In &quot;Frieden - Antifaschismus - Solidarit\u00e4t&quot;","block_context":{"text":"Frieden - Antifaschismus - Solidarit\u00e4t","link":"https:\/\/www.freidenker.org\/?cat=13"},"img":{"alt_text":"","src":"https:\/\/i0.wp.com\/www.freidenker.org\/fw17\/wp-content\/uploads\/2022\/09\/bahlo_demo_fam_2022-09-18_800x450.jpg?fit=800%2C450&ssl=1&resize=350%2C200","width":350,"height":200,"srcset":"https:\/\/i0.wp.com\/www.freidenker.org\/fw17\/wp-content\/uploads\/2022\/09\/bahlo_demo_fam_2022-09-18_800x450.jpg?fit=800%2C450&ssl=1&resize=350%2C200 1x, https:\/\/i0.wp.com\/www.freidenker.org\/fw17\/wp-content\/uploads\/2022\/09\/bahlo_demo_fam_2022-09-18_800x450.jpg?fit=800%2C450&ssl=1&resize=525%2C300 1.5x, https:\/\/i0.wp.com\/www.freidenker.org\/fw17\/wp-content\/uploads\/2022\/09\/bahlo_demo_fam_2022-09-18_800x450.jpg?fit=800%2C450&ssl=1&resize=700%2C400 2x"},"classes":[]},{"id":24883,"url":"https:\/\/www.freidenker.org\/?p=24883","url_meta":{"origin":16068,"position":3},"title":"Osterm\u00e4rsche 2026 in Hessen","author":"Webredaktion","date":"18. April 2026","format":false,"excerpt":"Wir berichten von einigen Veranstaltungen anl\u00e4sslich der Osterm\u00e4rsche in Hessen, an denen auch zahlreiche Mitglieder unseres Verbandes teilnahmen und mitwirkten. Der traditionelle Start der Hessischen Osterm\u00e4rsche fand auch diesmal mit dem Ostermarsch der Friedenplattform Hanau 2026 am Karfreitag (3.4.26) in Bruchk\u00f6bel statt. Die Kundgebung begann um 14:00 Uhr und stand\u2026","rel":"","context":"In &quot;Aktuelles&quot;","block_context":{"text":"Aktuelles","link":"https:\/\/www.freidenker.org\/?cat=574"},"img":{"alt_text":"","src":"https:\/\/i0.wp.com\/www.freidenker.org\/fw17\/wp-content\/uploads\/2026\/04\/OM26-Frankfurt-133056_800x450.jpg?fit=800%2C450&ssl=1&resize=350%2C200","width":350,"height":200,"srcset":"https:\/\/i0.wp.com\/www.freidenker.org\/fw17\/wp-content\/uploads\/2026\/04\/OM26-Frankfurt-133056_800x450.jpg?fit=800%2C450&ssl=1&resize=350%2C200 1x, https:\/\/i0.wp.com\/www.freidenker.org\/fw17\/wp-content\/uploads\/2026\/04\/OM26-Frankfurt-133056_800x450.jpg?fit=800%2C450&ssl=1&resize=525%2C300 1.5x, https:\/\/i0.wp.com\/www.freidenker.org\/fw17\/wp-content\/uploads\/2026\/04\/OM26-Frankfurt-133056_800x450.jpg?fit=800%2C450&ssl=1&resize=700%2C400 2x"},"classes":[]},{"id":3166,"url":"https:\/\/www.freidenker.org\/?p=3166","url_meta":{"origin":16068,"position":4},"title":"H\u00e4nde weg von Libyen!","author":"Webredaktion","date":"18. M\u00e4rz 2011","format":false,"excerpt":"Erkl\u00e4rung des Deutschen Freidenker-Verbandes Die Propagandamaschine l\u00e4uft auf Hochtouren, um schnell ein paar \"ehrenhafte\" Kriegsgr\u00fcnde vorzuschieben - Libyens Revolutionsf\u00fchrer Muammar al-Ghaddafi ist \" auch in den deutschen Massenmedien \" vom Diktator zum \"irren Schl\u00e4chter\" und \"V\u00f6lkerm\u00f6rder\" bef\u00f6rdert worden. Die von den Kriegstreibern ausger\u00fcstete monarchistische Rebellenarmee wird als \"Demokratiebewegung\" geadelt. Ein\u2026","rel":"","context":"In &quot;Frieden - Antifaschismus - Solidarit\u00e4t&quot;","block_context":{"text":"Frieden - Antifaschismus - Solidarit\u00e4t","link":"https:\/\/www.freidenker.org\/?cat=13"},"img":{"alt_text":"","src":"https:\/\/i0.wp.com\/www.freidenker.org\/fw17\/wp-content\/uploads\/2011\/03\/peace-2131207_800x445_v2.jpg?fit=800%2C445&ssl=1&resize=350%2C200","width":350,"height":200,"srcset":"https:\/\/i0.wp.com\/www.freidenker.org\/fw17\/wp-content\/uploads\/2011\/03\/peace-2131207_800x445_v2.jpg?fit=800%2C445&ssl=1&resize=350%2C200 1x, https:\/\/i0.wp.com\/www.freidenker.org\/fw17\/wp-content\/uploads\/2011\/03\/peace-2131207_800x445_v2.jpg?fit=800%2C445&ssl=1&resize=525%2C300 1.5x, https:\/\/i0.wp.com\/www.freidenker.org\/fw17\/wp-content\/uploads\/2011\/03\/peace-2131207_800x445_v2.jpg?fit=800%2C445&ssl=1&resize=700%2C400 2x"},"classes":[]},{"id":13846,"url":"https:\/\/www.freidenker.org\/?p=13846","url_meta":{"origin":16068,"position":5},"title":"100 Milliarden f\u00fcr uns statt f\u00fcr ihre Kriege!","author":"Webredaktion","date":"24. Juli 2022","format":false,"excerpt":"Rede von Sebastian Bahlo auf der Kundgebung \"100 Milliarden f\u00fcr uns statt f\u00fcr ihre Kriege!\" am 23.07.2022 in Frankfurt am Main Wir protestieren gegen die unvern\u00fcnftige, sch\u00e4dliche und gef\u00e4hrliche Konfrontationspolitik der Bundesregierung gegen Ru\u00dfland. Wir protestieren gegen einen 100-Milliarden-Kriegskredit, den wir in Form von Steuererh\u00f6hungen zur\u00fcckzahlen sollen. Wir protestieren gegen\u2026","rel":"","context":"In &quot;Frieden - Antifaschismus - Solidarit\u00e4t&quot;","block_context":{"text":"Frieden - Antifaschismus - Solidarit\u00e4t","link":"https:\/\/www.freidenker.org\/?cat=13"},"img":{"alt_text":"","src":"https:\/\/i0.wp.com\/www.freidenker.org\/fw17\/wp-content\/uploads\/2022\/07\/Kundgebung-23.07.2022-800x445-1.jpg?fit=800%2C445&ssl=1&resize=350%2C200","width":350,"height":200,"srcset":"https:\/\/i0.wp.com\/www.freidenker.org\/fw17\/wp-content\/uploads\/2022\/07\/Kundgebung-23.07.2022-800x445-1.jpg?fit=800%2C445&ssl=1&resize=350%2C200 1x, https:\/\/i0.wp.com\/www.freidenker.org\/fw17\/wp-content\/uploads\/2022\/07\/Kundgebung-23.07.2022-800x445-1.jpg?fit=800%2C445&ssl=1&resize=525%2C300 1.5x, https:\/\/i0.wp.com\/www.freidenker.org\/fw17\/wp-content\/uploads\/2022\/07\/Kundgebung-23.07.2022-800x445-1.jpg?fit=800%2C445&ssl=1&resize=700%2C400 2x"},"classes":[]}],"_links":{"self":[{"href":"https:\/\/www.freidenker.org\/index.php?rest_route=\/wp\/v2\/posts\/16068","targetHints":{"allow":["GET"]}}],"collection":[{"href":"https:\/\/www.freidenker.org\/index.php?rest_route=\/wp\/v2\/posts"}],"about":[{"href":"https:\/\/www.freidenker.org\/index.php?rest_route=\/wp\/v2\/types\/post"}],"author":[{"embeddable":true,"href":"https:\/\/www.freidenker.org\/index.php?rest_route=\/wp\/v2\/users\/3"}],"replies":[{"embeddable":true,"href":"https:\/\/www.freidenker.org\/index.php?rest_route=%2Fwp%2Fv2%2Fcomments&post=16068"}],"version-history":[{"count":0,"href":"https:\/\/www.freidenker.org\/index.php?rest_route=\/wp\/v2\/posts\/16068\/revisions"}],"wp:featuredmedia":[{"embeddable":true,"href":"https:\/\/www.freidenker.org\/index.php?rest_route=\/wp\/v2\/media\/16071"}],"wp:attachment":[{"href":"https:\/\/www.freidenker.org\/index.php?rest_route=%2Fwp%2Fv2%2Fmedia&parent=16068"}],"wp:term":[{"taxonomy":"category","embeddable":true,"href":"https:\/\/www.freidenker.org\/index.php?rest_route=%2Fwp%2Fv2%2Fcategories&post=16068"},{"taxonomy":"post_tag","embeddable":true,"href":"https:\/\/www.freidenker.org\/index.php?rest_route=%2Fwp%2Fv2%2Ftags&post=16068"}],"curies":[{"name":"wp","href":"https:\/\/api.w.org\/{rel}","templated":true}]}}