{"id":16002,"date":"2023-05-11T01:52:25","date_gmt":"2023-05-10T23:52:25","guid":{"rendered":"https:\/\/www.freidenker.org\/?p=16002"},"modified":"2023-06-15T23:08:19","modified_gmt":"2023-06-15T21:08:19","slug":"der-journalist-neuer-song-von-lisa-fitz","status":"publish","type":"post","link":"https:\/\/www.freidenker.org\/?p=16002","title":{"rendered":"&#8222;Der Journalist&#8220; &#8211; Neuer Song von Lisa Fitz"},"content":{"rendered":"<p><em>Video von <strong>Lisa Fitz<\/strong><\/em><\/p>\n<p><span style=\"font-size: 10pt;\">Erstver\u00f6ffentlichung am 10.05.2023 auf <a href=\"https:\/\/www.nachdenkseiten.de\/?p=97479\" target=\"_blank\" rel=\"noopener\">nachdenkseiten.de<\/a><\/span><\/p>\n<p><a href=\"https:\/\/youtu.be\/rIIMbcQS9vE\">Hier ist der Link<\/a> zum neuen St\u00fcck von Lisa Fitz. Der Song hat heute Premiere. Er ist leider sehr aktuell. Dennoch, es gibt auch die anderen, die tapferen, mutigen Journalisten. Diesen ist der Song gewidmet.- Der Text ist als Lauftext auf dem Video wiedergegeben. Und zum leichteren Lesen im Folgenden angef\u00fcgt.<br \/>\n<span id=\"more-97479\"><\/span><\/p>\n<hr \/>\n<div class=\"jetpack-video-wrapper\"><span class=\"embed-youtube\" style=\"text-align:center; display: block;\"><iframe loading=\"lazy\" class=\"youtube-player\" width=\"800\" height=\"450\" src=\"https:\/\/www.youtube.com\/embed\/rIIMbcQS9vE?version=3&#038;rel=1&#038;showsearch=0&#038;showinfo=1&#038;iv_load_policy=1&#038;fs=1&#038;hl=de-DE&#038;autohide=2&#038;wmode=transparent\" allowfullscreen=\"true\" style=\"border:0;\" sandbox=\"allow-scripts allow-same-origin allow-popups allow-presentation allow-popups-to-escape-sandbox\"><\/iframe><\/span><\/div>\n<p><span style=\"font-size: 10pt;\">Direktlink zum Video von Lisa Fitz auf YouTube: <a href=\"https:\/\/www.youtube.com\/watch?v=rIIMbcQS9vE\" target=\"_blank\" rel=\"noopener\">https:\/\/www.youtube.com\/watch?v=rIIMbcQS9vE<\/a><\/span><\/p>\n<p style=\"text-align: right;\"><em>Lisa Fitz ist Beiratsmitglied des Deutschen Freidenker-Verbandes<\/em><\/p>\n<hr \/>\n<h5>DER JOURNALIST \u2013 der neue Song von Lisa Fitz, hochaktuell und auf den Punkt.<\/h5>\n<p><em>(Text: Lisa Fitz ; Produzent: Reinhold Hoffmann)<\/em><\/p>\n<p>Es war ein tapferer Journalist,<br \/>\nder wollte nicht mehr schweigen,<br \/>\nein ganz normaler Journalist,<br \/>\nwollt\u2019 endlich Flagge zeigen.<\/p>\n<p>Was war von ihm noch geblieben,<br \/>\nvon seinem Geist und der Schl\u00e4ue?<br \/>\nVerloren, verschimmelt und fermentiert,<br \/>\nals Perlen vor die S\u00e4ue.<\/p>\n<p>Er schrieb, was gew\u00fcnscht und sah jeden Tag<br \/>\ndie Wahrheit im Staube verrecken.<br \/>\nUnd war es leid, dem Narrativ,<br \/>\ndem verlog\u00b4nen, die Stiefel zu lecken.<\/p>\n<p>Der tapfere, mutige Journalist,<br \/>\nder wollte nicht mehr kriechen,<br \/>\ner konnte den ganzen stinkenden Mief<br \/>\nder Feigheit nicht mehr riechen.<\/p>\n<p>In der Redaktion verstaubt,<br \/>\nder sich selber nix mehr glaubt<br \/>\nals korrumpierter Kritzelwurm \u2013<br \/>\nWurm, oh Wurm!<\/p>\n<p>DER JOURNALIST, DER JOURNALIST,<br \/>\nDER JOURNALIST IST, WAS ER IST!<br \/>\nDER JOURNALIST, DER JOURNALIST,<br \/>\nDER JOURNALIST IST, WAS ER IST!<\/p>\n<p>Der tapfere, gute Journalist,<br \/>\nder wollte sich nicht mehr b\u00fccken<br \/>\nEr wollte wieder aufrecht stehen,<br \/>\nmit stolzem, geradem R\u00fccken.<\/p>\n<p>Nach all den vielen Jahren<br \/>\nals bezahlter Auftrags-Clown,<br \/>\nwollt er sich endlich \u2013 endlich! \u2013<br \/>\nwieder stolz im Spiegel anschauen.<\/p>\n<p>Und die Kollegen staunten nicht schlecht,<br \/>\nda war auf einmal zu lesen<br \/>\nwas zu denken sie schon nicht mehr gewagt,<br \/>\naus dem Giftschrank die Thesen.<\/p>\n<p>Unser mutiger Journalist<br \/>\nwar nicht mehr klein, sondern gro\u00df,<br \/>\nsein Hirn und Herz war\u2019n auf einmal so licht,<br \/>\ndoch \u2013 den Job war er los.<\/p>\n<p>Die Wahrheit macht einsam und frei \u2013<br \/>\nGeldnot zieht an dir wie Blei<br \/>\nMan ging an ihm vorbei.<br \/>\nHallooo, is\u00b4 da jemand\u2026<\/p>\n<p>DER JOURNALIST, DER JOURNALIST,<br \/>\nDER JOURNALIST IST, WAS ER IST!<br \/>\nDER JOURNALIST, DER JOURNALIST,<br \/>\nDER JOURNALIST IST, WAS ER IST!<\/p>\n<p>(SOLO)<\/p>\n<p>Doooch \u2026 er fand eine neue Community<br \/>\nund neue Auftraggeber<br \/>\nEr trank nun auch nicht mehr so viel,<br \/>\ndas dankte ihm seine Leber.<\/p>\n<p>Und die Moral von der Geschicht:<br \/>\nSteh\u2019 aufrecht, verrat\u2018 dich nicht!<br \/>\nKlar in der Botschaft \u2013 ohne Zorn<br \/>\nschau nach vorn, schau nach vorn!<\/p>\n<p>Bleib nicht liegen, liegen<br \/>\nlass\u00b4 dir nicht die Seele verbiegen,<br \/>\nlerne, L\u00fcgner das F\u00fcrchten zu lehren \u2013<br \/>\nund sei ein Optimist.<\/p>\n<p>DER JOURNALIST, DER JOURNALIST,<br \/>\nDER JOURNALIST IST, WAS ER IST!<br \/>\nJa, was isser denn\u2026??<br \/>\nDER JOURNALIST, DER JOURNALIST,<br \/>\nDER JOURNALIST \u2026EIN OPTIMIST!<br \/>\nEs gibt so viele gute, investigative, mutige \u2026<br \/>\nDER JOURNALIST, DER JOURNALIST,<br \/>\nDER JOURNALIST IST, WAS ER IST!<br \/>\nReden ist Silber, Schweigen ist Blech und Schreiben \u2013 ist Gold<br \/>\nDER JOURNALIST, DER JOURNALIST,<br \/>\nDER JOURNALIST \u2013 EIN OPTIMIST!<\/p>\n<hr \/>\n<p><span style=\"font-size: 10pt;\">Bild oben: Screenshot aus dem <a href=\"https:\/\/www.youtube.com\/watch?v=rIIMbcQS9vE\" target=\"_blank\" rel=\"noopener\">Video von Lisa Fitz<\/a><\/span><\/p>\n","protected":false},"excerpt":{"rendered":"<p><b>Video von Lisa Fitz<\/b><br \/>\nDer Song &#8230; ist leider sehr aktuell. Dennoch, es gibt auch die anderen, die tapferen, mutigen Journalisten. Diesen ist der Song gewidmet.- Der Text ist als Lauftext auf dem Video wiedergegeben. Und zum leichteren Lesen im Folgenden angef\u00fcgt.<br \/>\n[Text:] Es war ein tapferer Journalist, \/ der wollte nicht mehr schweigen, \/ ein ganz normaler Journalist, \/ wollt\u2019 endlich Flagge zeigen.<br \/>\nWas war von ihm noch geblieben, \/ von seinem Geist und der Schl\u00e4ue? \/ Verloren, verschimmelt und fermentiert, \/ als Perlen vor die S\u00e4ue.<br \/>\nEr schrieb, was gew\u00fcnscht und sah jeden Tag \/ die Wahrheit im Staube verrecken. \/ Und war es leid, dem Narrativ, \/ dem verlog\u00b4nen, die Stiefel zu lecken.<\/p>\n","protected":false},"author":3,"featured_media":16005,"comment_status":"closed","ping_status":"closed","sticky":false,"template":"","format":"standard","meta":{"colormag_page_container_layout":"default_layout","colormag_page_sidebar_layout":"default_layout","advanced_seo_description":"","jetpack_seo_html_title":"","jetpack_seo_noindex":false,"jetpack_post_was_ever_published":false,"footnotes":""},"categories":[913],"tags":[1315,743,939,825,619,717,527],"class_list":["post-16002","post","type-post","status-publish","format-standard","has-post-thumbnail","hentry","category-kultur-kunst","tag-journalismus","tag-medienluegen","tag-musik","tag-politisches-lied","tag-satire","tag-wahrheit","tag-zensur"],"jetpack_featured_media_url":"https:\/\/i0.wp.com\/www.freidenker.org\/fw17\/wp-content\/uploads\/2023\/05\/lisa_fitz_journalist_v2_800x450.jpg?fit=800%2C450&ssl=1","jetpack_shortlink":"https:\/\/wp.me\/p9stpK-4a6","jetpack-related-posts":[{"id":18357,"url":"https:\/\/www.freidenker.org\/?p=18357","url_meta":{"origin":16002,"position":0},"title":"Lisa Fitz &#8211; Batterien","author":"Webredaktion","date":"25. Februar 2024","format":false,"excerpt":"Video von\u00a0Lisa Fitz \u201eJa, es ist keine einfache Zeit im Moment, aber\u2026 denken Sie immer dran: JETZT ist die Zeit, von der Sie sp\u00e4ter mal sagen werden: Das war noch die gute alte Zeit!\u201c. So beginnt das neue St\u00fcck von Lisa Fitz. Ein ziemlich deprimierendes St\u00fcck. Mit einem P.S. kommentiert\u2026","rel":"","context":"In &quot;Demokratie \u2013 Medien \u2013 Aufkl\u00e4rung&quot;","block_context":{"text":"Demokratie \u2013 Medien \u2013 Aufkl\u00e4rung","link":"https:\/\/www.freidenker.org\/?cat=12"},"img":{"alt_text":"","src":"https:\/\/i0.wp.com\/www.freidenker.org\/fw17\/wp-content\/uploads\/2024\/02\/Lisa_Fitz_Batterien_v2_800x450.jpg?fit=800%2C450&ssl=1&resize=350%2C200","width":350,"height":200,"srcset":"https:\/\/i0.wp.com\/www.freidenker.org\/fw17\/wp-content\/uploads\/2024\/02\/Lisa_Fitz_Batterien_v2_800x450.jpg?fit=800%2C450&ssl=1&resize=350%2C200 1x, https:\/\/i0.wp.com\/www.freidenker.org\/fw17\/wp-content\/uploads\/2024\/02\/Lisa_Fitz_Batterien_v2_800x450.jpg?fit=800%2C450&ssl=1&resize=525%2C300 1.5x, https:\/\/i0.wp.com\/www.freidenker.org\/fw17\/wp-content\/uploads\/2024\/02\/Lisa_Fitz_Batterien_v2_800x450.jpg?fit=800%2C450&ssl=1&resize=700%2C400 2x"},"classes":[]},{"id":16399,"url":"https:\/\/www.freidenker.org\/?p=16399","url_meta":{"origin":16002,"position":1},"title":"Lisa Fitz: Moni, Markus, Hubert &#038; die teure Pumpe","author":"Webredaktion","date":"30. Juni 2023","format":false,"excerpt":"Video von Lisa Fitz Hier ein neues St\u00fcck von Lisa Fitz f\u00fcr die NachDenkSeiten. Es geht um die W\u00e4rmepumpe und im Zusammenhang damit auch um die Demonstration in Erding und die mediale Wahrnehmung dieser Vorg\u00e4nge.","rel":"","context":"In &quot;Arbeit &amp; Soziales&quot;","block_context":{"text":"Arbeit &amp; Soziales","link":"https:\/\/www.freidenker.org\/?cat=11"},"img":{"alt_text":"","src":"https:\/\/i0.wp.com\/www.freidenker.org\/fw17\/wp-content\/uploads\/2023\/06\/LisaFitz_TeurePumpe_800x450.jpg?fit=800%2C450&ssl=1&resize=350%2C200","width":350,"height":200,"srcset":"https:\/\/i0.wp.com\/www.freidenker.org\/fw17\/wp-content\/uploads\/2023\/06\/LisaFitz_TeurePumpe_800x450.jpg?fit=800%2C450&ssl=1&resize=350%2C200 1x, https:\/\/i0.wp.com\/www.freidenker.org\/fw17\/wp-content\/uploads\/2023\/06\/LisaFitz_TeurePumpe_800x450.jpg?fit=800%2C450&ssl=1&resize=525%2C300 1.5x, https:\/\/i0.wp.com\/www.freidenker.org\/fw17\/wp-content\/uploads\/2023\/06\/LisaFitz_TeurePumpe_800x450.jpg?fit=800%2C450&ssl=1&resize=700%2C400 2x"},"classes":[]},{"id":24465,"url":"https:\/\/www.freidenker.org\/?p=24465","url_meta":{"origin":16002,"position":2},"title":"Lisa Fitz \u2013 Geschichte ist die Politik von gestern","author":"Webredaktion","date":"21. Februar 2026","format":false,"excerpt":"Video von Lisa Fitz Geschichte war gestern. Und es lohnt sich, bissl R\u00fcckschau zu halten \u2026 Weil Geschichte ist ja die Politik von gestern, die zum Heute gef\u00fchrt hat. Heute gibt\u2019s \u00fcberall Alarm! Ganz Europa ist m\u00fcde. M\u00fcde vom Denken, vom Erinnern, vom eigenen Dasein.\u00a0","rel":"","context":"In &quot;Kultur &amp; Kunst&quot;","block_context":{"text":"Kultur &amp; Kunst","link":"https:\/\/www.freidenker.org\/?cat=913"},"img":{"alt_text":"","src":"https:\/\/i0.wp.com\/www.freidenker.org\/fw17\/wp-content\/uploads\/2026\/02\/Lisa_Fitz_Geschichte_ist_Politik_von_gestern_800x450.jpg?fit=800%2C450&ssl=1&resize=350%2C200","width":350,"height":200,"srcset":"https:\/\/i0.wp.com\/www.freidenker.org\/fw17\/wp-content\/uploads\/2026\/02\/Lisa_Fitz_Geschichte_ist_Politik_von_gestern_800x450.jpg?fit=800%2C450&ssl=1&resize=350%2C200 1x, https:\/\/i0.wp.com\/www.freidenker.org\/fw17\/wp-content\/uploads\/2026\/02\/Lisa_Fitz_Geschichte_ist_Politik_von_gestern_800x450.jpg?fit=800%2C450&ssl=1&resize=525%2C300 1.5x, https:\/\/i0.wp.com\/www.freidenker.org\/fw17\/wp-content\/uploads\/2026\/02\/Lisa_Fitz_Geschichte_ist_Politik_von_gestern_800x450.jpg?fit=800%2C450&ssl=1&resize=700%2C400 2x"},"classes":[]},{"id":18514,"url":"https:\/\/www.freidenker.org\/?p=18514","url_meta":{"origin":16002,"position":3},"title":"Lisa Fitz &#8211; Politiker au\u00dfer Rand und Band","author":"Webredaktion","date":"9. M\u00e4rz 2024","format":false,"excerpt":"Video von\u00a0Lisa Fitz In ihrem neuen St\u00fcck f\u00fcr die NachDenkSeiten besch\u00e4ftigt sich Lisa Fitz mit Verbalinjurien und sonstigen Ausf\u00e4llen, mit Cholerikern, P\u00f6beleien im Bundestag und mit sogenannten \u201eEmotionsdilettanten\u201c. Statt Contenance zu wahren, bes\u00e4\u00dfen manche nur emotionale Inkontinenz. Teilweise hat diese Unart in j\u00fcngster Zeit auch sie selbst betroffen. Lisa Fitz\u2026","rel":"","context":"In &quot;Demokratie \u2013 Medien \u2013 Aufkl\u00e4rung&quot;","block_context":{"text":"Demokratie \u2013 Medien \u2013 Aufkl\u00e4rung","link":"https:\/\/www.freidenker.org\/?cat=12"},"img":{"alt_text":"","src":"https:\/\/i0.wp.com\/www.freidenker.org\/fw17\/wp-content\/uploads\/2024\/03\/Lisa_Fitz_Politiker_ausser_Rand_und_Band_800x450.jpg?fit=800%2C450&ssl=1&resize=350%2C200","width":350,"height":200,"srcset":"https:\/\/i0.wp.com\/www.freidenker.org\/fw17\/wp-content\/uploads\/2024\/03\/Lisa_Fitz_Politiker_ausser_Rand_und_Band_800x450.jpg?fit=800%2C450&ssl=1&resize=350%2C200 1x, https:\/\/i0.wp.com\/www.freidenker.org\/fw17\/wp-content\/uploads\/2024\/03\/Lisa_Fitz_Politiker_ausser_Rand_und_Band_800x450.jpg?fit=800%2C450&ssl=1&resize=525%2C300 1.5x, https:\/\/i0.wp.com\/www.freidenker.org\/fw17\/wp-content\/uploads\/2024\/03\/Lisa_Fitz_Politiker_ausser_Rand_und_Band_800x450.jpg?fit=800%2C450&ssl=1&resize=700%2C400 2x"},"classes":[]},{"id":11234,"url":"https:\/\/www.freidenker.org\/?p=11234","url_meta":{"origin":16002,"position":4},"title":"Video: Der gro\u00dfe Wahlplakat-Check","author":"Webredaktion","date":"24. September 2021","format":false,"excerpt":"Video von Lisa Fitz Lisa Fitz wagt den gro\u00dfen Wahlplakat-Check: Sie analysiert die bundesweiten Aush\u00e4nge der gro\u00dfen Parteien und st\u00f6\u00dft dabei auf die Frage: M\u00f6chte sie von diesen Menschen wirklich regiert werden?","rel":"","context":"In &quot;Demokratie \u2013 Medien \u2013 Aufkl\u00e4rung&quot;","block_context":{"text":"Demokratie \u2013 Medien \u2013 Aufkl\u00e4rung","link":"https:\/\/www.freidenker.org\/?cat=12"},"img":{"alt_text":"","src":"https:\/\/i0.wp.com\/www.freidenker.org\/fw17\/wp-content\/uploads\/2021\/09\/Lisa_Fitz_Wahlen_3_800x450.jpg?fit=800%2C450&ssl=1&resize=350%2C200","width":350,"height":200,"srcset":"https:\/\/i0.wp.com\/www.freidenker.org\/fw17\/wp-content\/uploads\/2021\/09\/Lisa_Fitz_Wahlen_3_800x450.jpg?fit=800%2C450&ssl=1&resize=350%2C200 1x, https:\/\/i0.wp.com\/www.freidenker.org\/fw17\/wp-content\/uploads\/2021\/09\/Lisa_Fitz_Wahlen_3_800x450.jpg?fit=800%2C450&ssl=1&resize=525%2C300 1.5x, https:\/\/i0.wp.com\/www.freidenker.org\/fw17\/wp-content\/uploads\/2021\/09\/Lisa_Fitz_Wahlen_3_800x450.jpg?fit=800%2C450&ssl=1&resize=700%2C400 2x"},"classes":[]},{"id":11758,"url":"https:\/\/www.freidenker.org\/?p=11758","url_meta":{"origin":16002,"position":5},"title":"Video: Lisa Fitz zur Debatte \u00fcber political correctness","author":"Webredaktion","date":"5. Dezember 2021","format":false,"excerpt":"Video von\u00a0Lisa Fitz Lisa Fitz arbeitet seit Jahrzehnten in der politischen Satire, sie kennt sich aus mit Menschen, die die Welt verbessern wollen. Dass so etwas aus ihrer Sicht manchmal aber auch Bl\u00fcten treiben kann, erkennt sie an Internet-Stars und Gendersternchen.","rel":"","context":"In &quot;Kultur &amp; Kunst&quot;","block_context":{"text":"Kultur &amp; Kunst","link":"https:\/\/www.freidenker.org\/?cat=913"},"img":{"alt_text":"","src":"https:\/\/i0.wp.com\/www.freidenker.org\/fw17\/wp-content\/uploads\/2021\/12\/Lisa_Fitz_Correctness_800x450.jpg?fit=800%2C450&ssl=1&resize=350%2C200","width":350,"height":200,"srcset":"https:\/\/i0.wp.com\/www.freidenker.org\/fw17\/wp-content\/uploads\/2021\/12\/Lisa_Fitz_Correctness_800x450.jpg?fit=800%2C450&ssl=1&resize=350%2C200 1x, https:\/\/i0.wp.com\/www.freidenker.org\/fw17\/wp-content\/uploads\/2021\/12\/Lisa_Fitz_Correctness_800x450.jpg?fit=800%2C450&ssl=1&resize=525%2C300 1.5x, https:\/\/i0.wp.com\/www.freidenker.org\/fw17\/wp-content\/uploads\/2021\/12\/Lisa_Fitz_Correctness_800x450.jpg?fit=800%2C450&ssl=1&resize=700%2C400 2x"},"classes":[]}],"_links":{"self":[{"href":"https:\/\/www.freidenker.org\/index.php?rest_route=\/wp\/v2\/posts\/16002","targetHints":{"allow":["GET"]}}],"collection":[{"href":"https:\/\/www.freidenker.org\/index.php?rest_route=\/wp\/v2\/posts"}],"about":[{"href":"https:\/\/www.freidenker.org\/index.php?rest_route=\/wp\/v2\/types\/post"}],"author":[{"embeddable":true,"href":"https:\/\/www.freidenker.org\/index.php?rest_route=\/wp\/v2\/users\/3"}],"replies":[{"embeddable":true,"href":"https:\/\/www.freidenker.org\/index.php?rest_route=%2Fwp%2Fv2%2Fcomments&post=16002"}],"version-history":[{"count":0,"href":"https:\/\/www.freidenker.org\/index.php?rest_route=\/wp\/v2\/posts\/16002\/revisions"}],"wp:featuredmedia":[{"embeddable":true,"href":"https:\/\/www.freidenker.org\/index.php?rest_route=\/wp\/v2\/media\/16005"}],"wp:attachment":[{"href":"https:\/\/www.freidenker.org\/index.php?rest_route=%2Fwp%2Fv2%2Fmedia&parent=16002"}],"wp:term":[{"taxonomy":"category","embeddable":true,"href":"https:\/\/www.freidenker.org\/index.php?rest_route=%2Fwp%2Fv2%2Fcategories&post=16002"},{"taxonomy":"post_tag","embeddable":true,"href":"https:\/\/www.freidenker.org\/index.php?rest_route=%2Fwp%2Fv2%2Ftags&post=16002"}],"curies":[{"name":"wp","href":"https:\/\/api.w.org\/{rel}","templated":true}]}}