{"id":15989,"date":"2023-05-08T23:51:04","date_gmt":"2023-05-08T21:51:04","guid":{"rendered":"https:\/\/www.freidenker.org\/?p=15989"},"modified":"2023-06-15T23:07:42","modified_gmt":"2023-06-15T21:07:42","slug":"die-deutsch-russische-freundschaft-liegt-uns-immer-am-herzen","status":"publish","type":"post","link":"https:\/\/www.freidenker.org\/?p=15989","title":{"rendered":"Die Deutsch-Russische-Freundschaft liegt uns immer am Herzen"},"content":{"rendered":"<p><em>von\u00a0<strong>Dr. Wolfgang Schacht<\/strong><\/em><\/p>\n<p><span style=\"font-size: 10pt;\">Zuerst ver\u00f6ffentlicht am 25.04.2023 auf der <a href=\"https:\/\/www.dr-schacht.com\" target=\"_blank\" rel=\"noopener\">Webseite des Autors<\/a>\u00a0<\/span><\/p>\n<p>Die Gr\u00fcndung der Gesellschaft f\u00fcr Deutsch-Sowjetische-Freundschaft (DSF) am 30. Juni 1947 auf dem Territorium der sowjetischen Besatzungszone war nach dem heldenhaften Sieg der Roten Armee \u00fcber den Hitlerfaschismus in Europa eine \u00e4u\u00dferst humane Reaktion fortschrittlicher Kr\u00e4fte auf die grausame und verbrecherische Ausrottung (Genozid) von mehr als 20 Millionen sowjetischer Menschen durch die deutschen Nazis in der Sowjetunion von 1941 \u2013 1945 (siehe N\u00fcrnberger Kriegsverbrecherprozess von 1946 bis 1949 <a href=\"https:\/\/ru.wikipedia.org\/wiki\/\u041d\u044e\u0440\u043d\u0431\u0435\u0440\u0433\u0441\u043a\u0438\u0439_\u043f\u0440\u043e\u0446\u0435\u0441\u0441\">[<\/a><a href=\"https:\/\/ru.wikipedia.org\/wiki\/\u041d\u044e\u0440\u043d\u0431\u0435\u0440\u0433\u0441\u043a\u0438\u0439_\u043f\u0440\u043e\u0446\u0435\u0441\u0441\">1<\/a><a href=\"https:\/\/ru.wikipedia.org\/wiki\/\u041d\u044e\u0440\u043d\u0431\u0435\u0440\u0433\u0441\u043a\u0438\u0439_\u043f\u0440\u043e\u0446\u0435\u0441\u0441\">]<\/a>). Es war der Versuch, durch die Begegnung mit der sowjetischen Kunst, Kultur, Musik, Literatur, Bildung, Lebensweise und mit den Traditionen ihrer 194 V\u00f6lker die grenzenlose Gier nach Macht und Profit, den ma\u00dflosen Egoismus, die beispiellose Arroganz und \u00dcberheblichkeit , d.h. die verh\u00e4ngnisvolle kolonial \u2013 nazistische Ideologie der deutschen Herrenrasse ein f\u00fcr alle Mal zu \u00fcberwinden.<\/p>\n<p>40 Jahre Deutsche Demokratische Republik (DDR) und 40 Jahre enge Freundschaft und Zusammenarbeit mit der Sowjetunion haben \u2013 ob es den amerikanischen Kriegstreibern und ihren europ\u00e4ischen Vasallen gef\u00e4llt oder nicht \u2013 tiefe Spuren bei uns hinterlassen. Wir haben durch das Lernen der russischen Sprache, durch das Lesen russischer B\u00fccher, durch das H\u00f6ren ihrer phantastischen Musik und ihrer vielen Tausend wunderbaren Lieder und nicht zuletzt durch unsere engen pers\u00f6nlichen Kontakte einen Einblick in ihre gro\u00dfe Kultur, in ihre Sitten und Br\u00e4uche, in ihre grenzenlose Sorge und Solidarit\u00e4t mit ihren V\u00f6lkern und Menschen erhalten. Eine Welt ohne dieses gro\u00dfe und wunderbare Russland ist deshalb f\u00fcr uns unvorstellbar!<\/p>\n<p>Im Zusammenhang mit der Speziellen milit\u00e4rischen Operation Russlands in der Ukraine, \u00fcber deren Ursachen, Auswirkungen, Wahrheiten und L\u00fcgen wir in unseren Beitr\u00e4gen <a href=\"https:\/\/www.dr-schacht.com\/assets\/pdfdoc\/Artikel_von_Medwedew_vom_11_10_2021.pdf\">[<\/a><a href=\"https:\/\/www.dr-schacht.com\/assets\/pdfdoc\/Artikel_von_Medwedew_vom_11_10_2021.pdf\">2<\/a><a href=\"https:\/\/www.dr-schacht.com\/assets\/pdfdoc\/Artikel_von_Medwedew_vom_11_10_2021.pdf\">,<\/a> <a href=\"https:\/\/www.dr-schacht.com\/assets\/pdfdoc\/Was_hat_Russland_fuer_seine_Nachbarn_getan.pdf\">3<\/a><a href=\"https:\/\/www.dr-schacht.com\/assets\/pdfdoc\/Was_hat_Russland_fuer_seine_Nachbarn_getan.pdf\">,<\/a> <a href=\"https:\/\/www.dr-schacht.com\/assets\/pdfdoc\/Das_Projekt_Anti-Russland_wird_scheitern.pdf\">4<\/a><a href=\"https:\/\/www.dr-schacht.com\/assets\/pdfdoc\/Das_Projekt_Anti-Russland_wird_scheitern.pdf\">,<\/a> <a href=\"https:\/\/www.dr-schacht.com\/assets\/Russland_Ukraine_23_Maerz_2022.mp4\">5<\/a><a href=\"https:\/\/www.dr-schacht.com\/assets\/Russland_Ukraine_23_Maerz_2022.mp4\">,<\/a> <a href=\"https:\/\/www.dr-schacht.com\/assets\/pdfdoc\/Warum_Russland_siegen_wird.pdf\">6<\/a><a href=\"https:\/\/www.dr-schacht.com\/assets\/pdfdoc\/Warum_Russland_siegen_wird.pdf\">,<\/a> <a href=\"https:\/\/www.dr-schacht.com\/assets\/pdfdoc\/Aufruf_ist_weit_mehr_als_nur_eine_Botschaft.pdf\">7<\/a><a href=\"https:\/\/www.dr-schacht.com\/assets\/pdfdoc\/Aufruf_ist_weit_mehr_als_nur_eine_Botschaft.pdf\">,<\/a> <a href=\"https:\/\/www.dr-schacht.com\/assets\/pdfdoc\/Der_Anfang_vom_Ende_April_2022.pdf\">8<\/a><a href=\"https:\/\/www.dr-schacht.com\/assets\/pdfdoc\/Der_Anfang_vom_Ende_April_2022.pdf\">,<\/a> <a href=\"https:\/\/www.dr-schacht.com\/assets\/pdfdoc\/Die_Ukraine_ist_keinen_nuklearen_Holocaust_wert.pdf\">9<\/a><a href=\"https:\/\/www.dr-schacht.com\/assets\/pdfdoc\/Die_Ukraine_ist_keinen_nuklearen_Holocaust_wert.pdf\">,<\/a> <a href=\"https:\/\/www.dr-schacht.com\/assets\/pdfdoc\/Warum_Europa_Angst_vor_der_Wahrheit_hat.pdf\">10<\/a><a href=\"https:\/\/www.dr-schacht.com\/assets\/pdfdoc\/Warum_Europa_Angst_vor_der_Wahrheit_hat.pdf\">,<\/a> <a href=\"https:\/\/www.dr-schacht.com\/assets\/pdfdoc\/Beginnen_wir_in_Europa_mit_der_Denazifizierung.pdf\">11<\/a><a href=\"https:\/\/www.dr-schacht.com\/assets\/pdfdoc\/Beginnen_wir_in_Europa_mit_der_Denazifizierung.pdf\">,<\/a> <a href=\"https:\/\/www.dr-schacht.com\/assets\/pdfdoc\/Egoistische_Aussenpolitik_der_USA.pdf\">12<\/a><a href=\"https:\/\/www.dr-schacht.com\/assets\/pdfdoc\/Egoistische_Aussenpolitik_der_USA.pdf\">,<\/a> <a href=\"https:\/\/www.dr-schacht.com\/assets\/pdfdoc\/Warum_wir_Bulgakow_lesen_sollten.pdf\">13<\/a><a href=\"https:\/\/www.dr-schacht.com\/assets\/pdfdoc\/Warum_wir_Bulgakow_lesen_sollten.pdf\">,<\/a> <a href=\"https:\/\/www.dr-schacht.com\/assets\/pdfdoc\/Sind_die_Nazis_in_Deutschland_wieder_an_der_Macht.pdf\">14<\/a><a href=\"https:\/\/www.dr-schacht.com\/assets\/pdfdoc\/Sind_die_Nazis_in_Deutschland_wieder_an_der_Macht.pdf\">,<\/a> <a href=\"https:\/\/www.dr-schacht.com\/assets\/pdfdoc\/Was_uns_die_Leningrader_Symphonie_sagen_will.pdf\">15<\/a><a href=\"https:\/\/www.dr-schacht.com\/assets\/pdfdoc\/Was_uns_die_Leningrader_Symphonie_sagen_will.pdf\">,<\/a> <a href=\"https:\/\/www.dr-schacht.com\/assets\/pdfdoc\/Nicht_nur_Karl_Liebknecht_haben_wir_es_geschworen.pdf\">16<\/a><a href=\"https:\/\/www.dr-schacht.com\/assets\/pdfdoc\/Nicht_nur_Karl_Liebknecht_haben_wir_es_geschworen.pdf\">,<\/a> <a href=\"https:\/\/www.dr-schacht.com\/assets\/pdfdoc\/Mit_Putin_bin_ich_fertig_-_Offener_Brief.pdf\">17<\/a><a href=\"https:\/\/www.dr-schacht.com\/assets\/pdfdoc\/Mit_Putin_bin_ich_fertig_-_Offener_Brief.pdf\">,<\/a> <a href=\"https:\/\/www.dr-schacht.com\/assets\/pdfdoc\/Ein_Aufschrei_aus_einer_v%F6llig_fremden_Welt.pdf\">18<\/a><a href=\"https:\/\/www.dr-schacht.com\/assets\/pdfdoc\/Ein_Aufschrei_aus_einer_v%F6llig_fremden_Welt.pdf\">,<\/a> <a href=\"https:\/\/www.dr-schacht.com\/assets\/pdfdoc\/Die_L%FCge_und_der_Verrat_geh%F6ren_schon_immer_zu_ihrem_Programm.pdf\">19<\/a><a href=\"https:\/\/www.dr-schacht.com\/assets\/pdfdoc\/Die_L%FCge_und_der_Verrat_geh%F6ren_schon_immer_zu_ihrem_Programm.pdf\">,<\/a> <a href=\"https:\/\/www.dr-schacht.com\/assets\/pdfdoc\/Die_Angelsachsen_und_Europ%E4er_wollen_Russland_erneut_vernichten.pdf\">20<\/a><a href=\"https:\/\/www.dr-schacht.com\/assets\/pdfdoc\/Die_Angelsachsen_und_Europ%E4er_wollen_Russland_erneut_vernichten.pdf\">,<\/a> <a href=\"https:\/\/www.dr-schacht.com\/assets\/pdfdoc\/Ein_solches_Land_braucht_keine_Kinder.pdf\">21<\/a><a href=\"https:\/\/www.dr-schacht.com\/assets\/pdfdoc\/Ein_solches_Land_braucht_keine_Kinder.pdf\">,<\/a> <a href=\"https:\/\/www.dr-schacht.com\/assets\/Ich_bin_ein_Russe_1.MP4\">22<\/a><a href=\"https:\/\/www.dr-schacht.com\/assets\/Ich_bin_ein_Russe_1.MP4\">,<\/a> <a href=\"http:\/\/www.dr-schacht.com\/assets\/pdfdoc\/Die_NATO_wird_mit_ihrem_Krieg_gegen_Russland_scheitern.pdf\">23<\/a><a href=\"http:\/\/www.dr-schacht.com\/assets\/pdfdoc\/Die_NATO_wird_mit_ihrem_Krieg_gegen_Russland_scheitern.pdf\">]<\/a> bereits ausf\u00fchrlich berichtet haben, wird auch die weitere Existenz des \u201eVierten Deutschen Reiches\u201c mit seinem kolonial \u2013 nazistischen Gesellschaftssystem grunds\u00e4tzlich in Frage gestellt. Denkende und nach Wahrheit suchende Menschen brauchen die USA und ihre Vasallen nicht. Es ist sicher kein Zufall, dass zur bewussten Verbl\u00f6dung der heranwachsenden<\/p>\n<p>Generationen die Frage der Freundschaft zwischen Deutschland und Russland unter Bezugnahme auf die DSF mit allen nur denkbaren Mitteln diskriminiert, auf eine \u201eVerordnete Freundschaft\u201c und auf eine \u201eFreundschaft in Zahlen\u201c reduziert wird <a href=\"https:\/\/www.jugendwerkhoftreffen.de\/CMS_FILES_2.1\/images\/content\/doku\/organisation_ddr\/DSF.pdf\">[<\/a><a href=\"https:\/\/www.jugendwerkhoftreffen.de\/CMS_FILES_2.1\/images\/content\/doku\/organisation_ddr\/DSF.pdf\">24<\/a><a href=\"https:\/\/www.jugendwerkhoftreffen.de\/CMS_FILES_2.1\/images\/content\/doku\/organisation_ddr\/DSF.pdf\">,<\/a> <a href=\"https:\/\/www.mdr.de\/nachrichten\/welt\/osteuropa\/land-leute\/russland-deutschland-freundschaft-100.pdf\">25<\/a><a href=\"https:\/\/www.mdr.de\/nachrichten\/welt\/osteuropa\/land-leute\/russland-deutschland-freundschaft-100.pdf\">]<\/a>.<\/p>\n<p>Allein die Tatsache, dass die Bundesrepublik Deutschland (BRD) die Gesellschaft f\u00fcr Deutsch-Sowjetische-Freundschaft (DSF) bereits 1956 in ihrem Land offiziell verboten hat, spricht B\u00e4nde. Die vielen Nazis in allen F\u00fchrungsebenen der BRD lie\u00dfen diesem Land keine andere Wahl. Zur Vernichtung jedes Freundschaftsgedankens mit Russland im Keim mussten sie uns zun\u00e4chst annektieren und dann \u2026 jeden Gedanken ausradieren!<\/p>\n<p>Nach der sehr erfolgreichen Annexion der DDR durch die BRD im Jahre 1990 und nach dem Untergang der UdSSR durch den Verrat von Gorbatschow und Jelzin verlor in dem entstandenen politischen Vakuum auch die DSF, die im Juni 1987 (am 40. Jahrestag ihrer Gr\u00fcndung) noch ca. 6,3 Millionen Mitglieder hatte, sehr schnell den Charakter einer Massenbewegung.<\/p>\n<p>Angesichts<\/p>\n<ul>\n<li>der beispiellosen Propaganda (die USA wurden als Sieger des \u201eKalten Krieges\u201c gefeiert und offiziell zur allumfassend herrschenden Weltmacht deklariert);<\/li>\n<li>der widerw\u00e4rtigen Euphorie durch die unbegrenzten Kauf- und Reisem\u00f6glichkeiten vieler DDR-B\u00fcrger und<\/li>\n<li>der v\u00f6llig unmenschlichen ideologischen, politischen, wirtschaftlichen und moralischen Arbeits- und Lebensbedingungen<\/li>\n<\/ul>\n<p>traten zwangsl\u00e4ufig viele Fragen des Erhalts und der Fortf\u00fchrung der DSF v\u00f6llig in den Hintergrund. Von den ca. 300.000 verbleibenden Mitgliedern (Mitte 1990) setzten sich erfreulicher Weise noch einige Tausend f\u00fcr ihren Erhalt, ihre Fortf\u00fchrung und Erneuerung ein (siehe Kongress der DSF im Januar 1990 in Schwerin) <a href=\"https:\/\/www.stiftung-woeb.de\/wp-content\/uploads\/2021\/04\/Endfassung-Kurz-Gr%FCndungsgeschicht.pdf\">[<\/a><a href=\"https:\/\/www.stiftung-woeb.de\/wp-content\/uploads\/2021\/04\/Endfassung-Kurz-Gr%FCndungsgeschicht.pdf\">26<\/a><a href=\"https:\/\/www.stiftung-woeb.de\/wp-content\/uploads\/2021\/04\/Endfassung-Kurz-Gr%FCndungsgeschicht.pdf\">]<\/a>.<\/p>\n<p>Im \u201eNeuen Deutschland\u201c vom 24. November 1992 lesen wir (Bild 1):<\/p>\n<figure id=\"attachment_15991\" aria-describedby=\"caption-attachment-15991\" style=\"width: 608px\" class=\"wp-caption alignnone\"><img data-recalc-dims=\"1\" loading=\"lazy\" decoding=\"async\" data-attachment-id=\"15991\" data-permalink=\"https:\/\/www.freidenker.org\/?attachment_id=15991\" data-orig-file=\"https:\/\/i0.wp.com\/www.freidenker.org\/fw17\/wp-content\/uploads\/2023\/05\/schacht_dsf.jpg?fit=608%2C675&amp;ssl=1\" data-orig-size=\"608,675\" data-comments-opened=\"0\" data-image-meta=\"{&quot;aperture&quot;:&quot;0&quot;,&quot;credit&quot;:&quot;&quot;,&quot;camera&quot;:&quot;&quot;,&quot;caption&quot;:&quot;&quot;,&quot;created_timestamp&quot;:&quot;0&quot;,&quot;copyright&quot;:&quot;&quot;,&quot;focal_length&quot;:&quot;0&quot;,&quot;iso&quot;:&quot;0&quot;,&quot;shutter_speed&quot;:&quot;0&quot;,&quot;title&quot;:&quot;&quot;,&quot;orientation&quot;:&quot;1&quot;}\" data-image-title=\"schacht_dsf\" data-image-description=\"\" data-image-caption=\"\" data-large-file=\"https:\/\/i0.wp.com\/www.freidenker.org\/fw17\/wp-content\/uploads\/2023\/05\/schacht_dsf.jpg?fit=608%2C675&amp;ssl=1\" class=\"wp-image-15991 size-full\" src=\"https:\/\/i0.wp.com\/www.freidenker.org\/fw17\/wp-content\/uploads\/2023\/05\/schacht_dsf.jpg?resize=608%2C675&#038;ssl=1\" alt=\"\" width=\"608\" height=\"675\" srcset=\"https:\/\/i0.wp.com\/www.freidenker.org\/fw17\/wp-content\/uploads\/2023\/05\/schacht_dsf.jpg?w=608&amp;ssl=1 608w, https:\/\/i0.wp.com\/www.freidenker.org\/fw17\/wp-content\/uploads\/2023\/05\/schacht_dsf.jpg?resize=270%2C300&amp;ssl=1 270w\" sizes=\"auto, (max-width: 608px) 100vw, 608px\" \/><figcaption id=\"caption-attachment-15991\" class=\"wp-caption-text\">Bild 1<\/figcaption><\/figure>\n<p>Die DSF-Mitglieder waren keine Demokraten? Wie bitte! Das soll wohl ein schlechter Witz sein! Oder leben wir tats\u00e4chlich schon seit 1992 wieder in einer kolonial-nazistischen Demokratie?<\/p>\n<p>Die 1993\/1994 gegr\u00fcndete \u201eStiftung West-\u00f6stliche Begegnungen\u201c dient jetzt zur\u00a0 Erf\u00fcllung des Stiftungszweckes \u201eF\u00f6rderung der V\u00f6lkerverst\u00e4ndigung und des Friedens durch Vertiefung und Ausweitung von gutnachbarlichen Beziehungen und Kontakten zwischen den Menschen der Bundesrepublik Deutschland und den Menschen, <strong>die in den<\/strong> <strong>Staaten auf dem Gebiet der<\/strong> <strong>ehemaligen Sowjetunion<\/strong> <strong>sowie<\/strong> <strong>den baltischen Staaten<\/strong> leben\u201c <a href=\"https:\/\/www.stiftung-woeb.de\/wp-content\/uploads\/2021\/04\/Endfassung-Kurz-Gr%FCndungsgeschicht.pdf\">[<\/a><a href=\"https:\/\/www.stiftung-woeb.de\/wp-content\/uploads\/2021\/04\/Endfassung-Kurz-Gr%FCndungsgeschicht.pdf\">26<\/a><a href=\"https:\/\/www.stiftung-woeb.de\/wp-content\/uploads\/2021\/04\/Endfassung-Kurz-Gr%FCndungsgeschicht.pdf\">]<\/a>.<\/p>\n<p>Damit Sie, verehrte Leserinnen und Leser, begreifen, warum wir eine Gesellschaft f\u00fcr Deutsch-Russische Freundschaft vom Typ DSF brauchen, informieren wir Sie nochmals \u00fcber einen Brief eines russischen Zeugens, der die Okkupation der deutschen Nazis in der Sowjetunion noch ausgezeichnet in Erinnerung hat <a href=\"https:\/\/glav.su\/forum\/threads\/1382265\">[<\/a><a href=\"https:\/\/glav.su\/forum\/threads\/1382265\">27<\/a><a href=\"https:\/\/glav.su\/forum\/threads\/1382265\">]<\/a>. Seine bewegenden Worte helfen uns, die verkommene Moral und Ethik \u201eunserer\u201c kolonial-nazistischen Demokratie in der BRD zu entlarven.<\/p>\n<p>Bitte lesen Sie selbst:<\/p>\n<p style=\"padding-left: 40px;\">\u201e<em>Verehrte Abgeordnete des Deutschen Bundestages! Heute habe ich ein wahres Wunder erlebt.<\/em> <em>Dieses Wunder ist die Bundesrepublik Deutschland. Ich bin zu Ihnen gekommen und habe die sch\u00f6nen<\/em> <em>Berliner Stra\u00dfen gesehen, auf die Menschen geschaut und die bedeutenden Denkm\u00e4ler der Architektur<\/em> <em>bewundert. Jetzt stehe ich vor Ihnen und schaue auf Sie! Und ich verstehe endlich, dass dies alles ein<\/em> <em>wahres Wunder ist. <\/em><\/p>\n<p style=\"padding-left: 40px;\"><em>Das gr\u00f6\u00dfte Wunder ist die Tatsache, dass Sie auf die Welt gekommen sind und in<\/em> <em>Deutschland leben! Sie fragen sich, warum ich so dar\u00fcber denke? Weil ich genau wei\u00df, dass angesichts<\/em> <em>der ungeheuerlichen Verbrechen die Eure Soldaten in den von Euch okkupierten sowjetischen Gebieten<\/em> <em>ver\u00fcbt haben, die Rote Armee das moralische Recht besa\u00df, das gesamte deutsche Volk zu vernichten<\/em> <em>und anstelle von Deutschland ein verbranntes St\u00fcck Erde zu hinterlassen, von dem nur die Ruinen und<\/em> <em>wenige Zeilen in den Geschichtsb\u00fcchern davon Kenntnis geben, dass es irgendwann ein derart<\/em> <em>schreckliches faschistisches Monster gegeben hat. Sie erinnern sich wahrscheinlich nicht mehr an alle<\/em> <em>Details der Okkupation. Das ist auch nicht notwendig! Denn ich erinnere mich noch sehr gut daran, was<\/em> <em>die Soldaten der Wehrmacht und der SS mit unseren Kindern gemacht haben. Sie haben sie einfach<\/em> <em>erschossen! Oft vor den Augen ihrer <\/em><\/p>\n<p style=\"padding-left: 40px;\"><em>Eltern! Oder umgekehrt \u2013 erst wurden die V\u00e4ter und M\u00fctter<\/em> <em>erschossen, dann ihre Kinder! Eure Soldaten haben unsere Kinder vergewaltigt! Ihr habt unsere Kinder<\/em> <em>sogar lebendig verbrannt! Ihr habt sie in die Konzentrationslager geschickt! Dort habt Ihr das Blut<\/em> <em>unserer Kinder gesammelt und als Blutkonserven zu Euren Soldaten an die Front geschickt! <\/em><\/p>\n<p style=\"padding-left: 40px;\"><em>Unsere<\/em> <em>Kinder starben vor Hunger! Tot wurden sie Euren Hunden zum Fra\u00df vorgeworfen! Unsere Kinder<\/em> <em>wurden als Zielscheibe verwendet, tierisch gequ\u00e4lt einfach so \u2013 aus Spa\u00df und Vergn\u00fcgen! Nur zwei<\/em> <em>Beispiele:\u00a0 <\/em><\/p>\n<ol>\n<li style=\"list-style-type: none;\">\n<ol>\n<li><em>Einem Offizier der Wehrmacht st\u00f6rte das Weinen eines Kleinkindes beim Einschlafen. Er<\/em> <em>packte das Kind an den F\u00fc\u00dfen und schlug es mit dem Kopf an den Ofen! <\/em><\/li>\n<li><em>Eure Piloten bombardierten<\/em> <em>einen Zug, in dem sowjetische Kinder ins Hinterland transportiert wurden. Eure Asse machten Jagd auf<\/em> <em>die davonlaufenden erschrockenen Kinder. Mehr als 2.000 Kinder haben die Faschisten zielstrebig<\/em> <em>erschossen! <\/em><\/li>\n<\/ol>\n<\/li>\n<\/ol>\n<p style=\"padding-left: 40px;\"><em>Ich wiederhole: Allein daf\u00fcr, was Ihr mit unseren Kindern gemacht habt, hatte die Rote<\/em> <em>Armee das moralische Recht, Euer Land mit allen Einwohnern zu vernichten! Aber sie hat es nicht getan!<\/em> <em>Bereue ich das? Nein, nat\u00fcrlich bereue ich das nicht! Ich verneige mich vor dem eisernen Willen der<\/em> <em>\u00e4lteren sowjetischen Kommandeure, welche die unwahrscheinliche Kraft fanden, sich nicht auf das<\/em> <em>verbrecherische Niveau der deutschen Wehrmacht und SS ziehen zu lassen. Auf der<\/em> <em>G\u00fcrtelschnalle der deutschen Soldaten stand geschrieben \u201eGOTT MIT UNS\u201c. Doch sie waren<\/em> <em>teuflische<\/em> <em>Ausgeburten der H\u00f6lle und haben den Satan in unser Land gebracht! Die Soldaten der Roten Armee<\/em> <em>waren Komsomolzen und Kommunisten, erwiesen sich jedoch als bessere Christen, als die Einwohner<\/em> <em>des aufgekl\u00e4rten religi\u00f6sen Europas. Wir haben uns nicht ger\u00e4cht! Nein! Mit teuflischen Handlungen<\/em> <em>l\u00e4sst sich die H\u00f6lle nicht besiegen! Ihr braucht uns nicht um Entschuldigung zu bitten, denn pers\u00f6nlich<\/em> <em>tragt Ihr keine Schuld! F\u00fcr die Schandtaten Eurer Gro\u00dfv\u00e4ter und Urgro\u00dfv\u00e4ter seid Ihr nicht<\/em> <em>verantwortlich. Verzeihen kann ihnen nur der liebe Gott! Aber ich sage Euch ganz ehrlich, f\u00fcr mich sind<\/em> <em>die Deutschen ein sehr fremdes und abartiges Volk! Nicht weil Sie pers\u00f6nlich schlechte Menschen sind,<\/em> <em>sondern weil in meiner Seele der Schmerz der von Eurer Wehrmacht erschossenen und verbrannten<\/em> <em>Kinder schreit. Weil wir uns an die Auszeichnungen unserer V\u00e4ter, an ihre schweren Verwundungen, an<\/em> <em>den Tod ihrer Frontkameraden noch sehr gut erinnern k\u00f6nnen, m\u00fcsst Ihr uns so zur Kenntnis nehmen \u2013 ob<\/em> <em>Ihr wollt oder nicht. Was in den kommenden Generationen passiert, wei\u00df ich nicht! Vielleicht kommen nach uns solche Dummk\u00f6pfe, die alles vergessen. \u2026 Nat\u00fcrlich m\u00fcssen die<\/em> <em>Russen mit den Deutschen zusammenarbeiten. Nur gemeinsam k\u00f6nnen wir die anstehenden Probleme<\/em> <em>l\u00f6sen! Wir k\u00e4mpfen gegen den Terrorismus und bauen Gasleitungen! Ihr &#8230; Doch eines muss Ihnen klar<\/em> <em>sein: Wir werden uns niemals f\u00fcr unseren gro\u00dfen Sieg im Kampf gegen den Faschismus in Europa<\/em> <em>entschuldigen! Niemals! Besonders nicht vor Euch! Denn wir haben Euch und uns gerettet.\u201c<\/em><\/p>\n<p>Mit gro\u00dfem Interesse und mit gro\u00dfer Aufmerksamkeit haben wir den Beitrag unseres\u00a0Generalsekret\u00e4rs des ZK der SED und Vorsitzenden des Staatsrates des DDR \u201eBr\u00fcskierung der Ostdeutschen\u201c vom 14. April 2023 gelesen <a href=\"https:\/\/www.jungewelt.de\/artikel\/449460.exklusiv-egon-krenz-br%FCskierung-der-ostdeutschen.html\">[<\/a><a href=\"https:\/\/www.jungewelt.de\/artikel\/449460.exklusiv-egon-krenz-br%FCskierung-der-ostdeutschen.html\">28<\/a><a href=\"https:\/\/www.jungewelt.de\/artikel\/449460.exklusiv-egon-krenz-br%FCskierung-der-ostdeutschen.html\">]<\/a>. Im Zusammenhang mit der Lieferung von sowjetischer Milit\u00e4rtechnik aus der DDR an den heutigen NATO-Staat Polen (d.h. defacto an die nazistische Ukraine, d. V.) spricht er von einer<\/p>\n<blockquote><p><em>Br\u00fcskierung jener Ostdeutschen, die sich an die Friedenspolitik der DDR erinnern<\/em>. <em>Ins kollektive Ged\u00e4chtnis des russischen Volkes wird es als unfreundlicher Akt der Bundesrepublik Deutschland eingehen . <\/em><\/p><\/blockquote>\n<p>Wir meinen, dass die o.g. Lieferungen nicht als \u201e<em>unfreundlicher Akt der BRD ins kollektive Ged\u00e4chtnis des russischen Volkes\u201c<\/em> eingehen werden, sondern als <strong>Fortsetzung des kolonial-nazistischen Krieges von Europa gegen die Sowjetunion<\/strong>, der am 22. Juni\u00a01941 begann! Der Faschismus in Europa lebt und tr\u00e4umt von einer Revanche!<\/p>\n<p>Russland wird siegen, die Kriegsverbrecher \u00f6ffentlich anklagen und verurteilen.<\/p>\n<p>Wir nutzen diese Gelegenheit und gratulieren Ihnen <strong>am Vorabend des 78. Jahrestages des Sieges der Sowjetunion im Gro\u00dfen Vaterl\u00e4ndischen Krieg 1941 \u2013 1945 zur Befreiung Deutschlands und Europas vom Nazismus<\/strong>!!!<\/p>\n<p>\u0456Venceremos!<br \/>\n\u041c\u044b \u043f\u043e\u0431\u0435\u0434\u0438\u043c!<br \/>\nWir werden siegen!<\/p>\n<p>Dr. Wolfgang Schacht, 25. April 2023<\/p>\n<p>via E-Mail am 06.05.2023<\/p>\n<p>&nbsp;<\/p>\n<p style=\"text-align: right;\"><em>Dr. Wolfgang Schacht lebt in Wandlitz bei Berlin<\/em><\/p>\n<p><strong>Literaturquellen:<\/strong><\/p>\n<ol>\n<li>N\u00fcrnberger Kriegsverbrecherprozess (russisch)<br \/>\n<a href=\"https:\/\/ru.wikipedia.org\/wiki\/\u041d\u044e\u0440\u043d\u0431\u0435\u0440\u0433\u0441\u043a\u0438\u0439_\u043f\u0440\u043e\u0446\u0435\u0441\u0441\">https:\/\/ru.wikipedia.org\/wiki\/\u041d\u044e\u0440\u043d\u0431\u0435\u0440\u0433\u0441\u043a\u0438\u0439<\/a><a href=\"https:\/\/ru.wikipedia.org\/wiki\/\u041d\u044e\u0440\u043d\u0431\u0435\u0440\u0433\u0441\u043a\u0438\u0439_\u043f\u0440\u043e\u0446\u0435\u0441\u0441\">_<\/a><a href=\"https:\/\/ru.wikipedia.org\/wiki\/\u041d\u044e\u0440\u043d\u0431\u0435\u0440\u0433\u0441\u043a\u0438\u0439_\u043f\u0440\u043e\u0446\u0435\u0441\u0441\">\u043f\u0440\u043e\u0446\u0435\u0441\u0441<\/a><\/li>\n<li>\u201eWarum Kontakte mit der gegenw\u00e4rtigen ukrainischen F\u00fchrung v\u00f6llig sinnlos sind\u201c<br \/>\n<a href=\"https:\/\/www.dr-schacht.com\/assets\/pdfdoc\/Artikel_von_Medwedew_vom_11_10_2021.pdf\">https:\/\/www.dr<\/a><a href=\"https:\/\/www.dr-schacht.com\/assets\/pdfdoc\/Artikel_von_Medwedew_vom_11_10_2021.pdf\">&#8211;<\/a><a href=\"https:\/\/www.dr-schacht.com\/assets\/pdfdoc\/Artikel_von_Medwedew_vom_11_10_2021.pdf\">com\/assets\/pdfdoc\/Artikel_von_Medwedew_vom_11_10_2021.pdf<\/a><\/li>\n<li>\u201eWas hat Russland f\u00fcr seine Nachbarn getan\u201d<br \/>\n<a href=\"https:\/\/www.dr-schacht.com\/assets\/pdfdoc\/Was_hat_Russland_fuer_seine_Nachbarn_getan.pdf\">https:\/\/www.dr<\/a><a href=\"https:\/\/www.dr-schacht.com\/assets\/pdfdoc\/Was_hat_Russland_fuer_seine_Nachbarn_getan.pdf\">&#8211;<\/a><a href=\"https:\/\/www.dr-schacht.com\/assets\/pdfdoc\/Was_hat_Russland_fuer_seine_Nachbarn_getan.pdf\">schacht.com\/assets\/pdfdoc\/Was_hat_Russland_fuer_seine_Nachbarn_getan.pdf<\/a><\/li>\n<li>\u201eDas Projekt \u201aAnti-Russland\u2018 wird scheitern\u201c<br \/>\n<a href=\"https:\/\/www.dr-schacht.com\/assets\/pdfdoc\/Das_Projekt_Anti-Russland_wird_scheitern.pdf\">https:\/\/www.dr<\/a><a href=\"https:\/\/www.dr-schacht.com\/assets\/pdfdoc\/Das_Projekt_Anti-Russland_wird_scheitern.pdf\">&#8211;<\/a><a href=\"https:\/\/www.dr-schacht.com\/assets\/pdfdoc\/Das_Projekt_Anti-Russland_wird_scheitern.pdf\">com\/assets\/pdfdoc\/Das_Projekt_Anti<\/a><a href=\"https:\/\/www.dr-schacht.com\/assets\/pdfdoc\/Das_Projekt_Anti-Russland_wird_scheitern.pdf\">&#8211;<\/a><a href=\"https:\/\/www.dr-schacht.com\/assets\/pdfdoc\/Das_Projekt_Anti-Russland_wird_scheitern.pdf\">Russland_wird_scheitern.pdf<\/a><\/li>\n<li>\u201eDie spezielle milit\u00e4rische Aktion Russlands aus der Sicht der VR China\u201c<br \/>\n<a href=\"https:\/\/www.dr-schacht.com\/assets\/Russland_Ukraine_23_Maerz_2022.mp4\">https:\/\/www.dr<\/a><a href=\"https:\/\/www.dr-schacht.com\/assets\/Russland_Ukraine_23_Maerz_2022.mp4\">&#8211;<\/a><a href=\"https:\/\/www.dr-schacht.com\/assets\/Russland_Ukraine_23_Maerz_2022.mp4\">com\/assets\/Russland_Ukraine_23_Maerz_2022.mp4<\/a><\/li>\n<li>\u201eWarum Russland siegen wird\u201c<br \/>\n<a href=\"https:\/\/www.dr-schacht.com\/assets\/pdfdoc\/Warum_Russland_siegen_wird.pdf\">https:\/\/www.dr<\/a><a href=\"https:\/\/www.dr-schacht.com\/assets\/pdfdoc\/Warum_Russland_siegen_wird.pdf\">&#8211;<\/a><a href=\"https:\/\/www.dr-schacht.com\/assets\/pdfdoc\/Warum_Russland_siegen_wird.pdf\">com\/assets\/pdfdoc\/Warum_Russland_siegen_wird.pdf<\/a><\/li>\n<li>\u201eDer Aufruf der Veteranen und Kriegskinder des Gro\u00dfen Vaterl\u00e4ndischen Krieges ist weit mehr als nur eine Botschaft\u201c<br \/>\n<a href=\"https:\/\/www.dr-schacht.com\/assets\/pdfdoc\/Aufruf_ist_weit_mehr_als_nur_eine_Botschaft.pdf\">https:\/\/www.dr<\/a><a href=\"https:\/\/www.dr-schacht.com\/assets\/pdfdoc\/Aufruf_ist_weit_mehr_als_nur_eine_Botschaft.pdf\">&#8211;<\/a><a href=\"https:\/\/www.dr-schacht.com\/assets\/pdfdoc\/Aufruf_ist_weit_mehr_als_nur_eine_Botschaft.pdf\">com\/assets\/pdfdoc\/Aufruf_ist_weit_mehr_als_nur_eine_Botschaft.pdf<\/a><\/li>\n<li>\u201eUngl\u00fccklich das Land, das solche Helden n\u00f6tig hat\u201c<br \/>\n<a href=\"https:\/\/www.dr-schacht.com\/assets\/pdfdoc\/Der_Anfang_vom_Ende_April_2022.pdf\">https:\/\/www.dr<\/a><a href=\"https:\/\/www.dr-schacht.com\/assets\/pdfdoc\/Der_Anfang_vom_Ende_April_2022.pdf\">&#8211;<\/a><a href=\"https:\/\/www.dr-schacht.com\/assets\/pdfdoc\/Der_Anfang_vom_Ende_April_2022.pdf\">com\/assets\/pdfdoc\/Der_Anfang_vom_Ende_April_2022.pdf<\/a><\/li>\n<li>\u201eDie Ukraine ist keinen nuklearen Holocaust wert\u201c<br \/>\n<a href=\"https:\/\/www.dr-schacht.com\/assets\/pdfdoc\/Die_Ukraine_ist_keinen_nuklearen_Holocaust_wert.pdf\">https:\/\/www.dr<\/a><a href=\"https:\/\/www.dr-schacht.com\/assets\/pdfdoc\/Die_Ukraine_ist_keinen_nuklearen_Holocaust_wert.pdf\">&#8211;<\/a><a href=\"https:\/\/www.dr-schacht.com\/assets\/pdfdoc\/Die_Ukraine_ist_keinen_nuklearen_Holocaust_wert.pdf\">com\/assets\/pdfdoc\/Die_Ukraine_ist_keinen_nuklearen_Holocaust_wert.pdf<\/a><\/li>\n<li>\u201eWarum Europa Angst vor der Wahrheit des Zweiten Weltkrieges hat\u201c<br \/>\n<a href=\"https:\/\/www.dr-schacht.com\/assets\/pdfdoc\/Warum_Europa_Angst_vor_der_Wahrheit_hat.pdf\">https:\/\/www.dr<\/a><a href=\"https:\/\/www.dr-schacht.com\/assets\/pdfdoc\/Warum_Europa_Angst_vor_der_Wahrheit_hat.pdf\">&#8211;<\/a><a href=\"https:\/\/www.dr-schacht.com\/assets\/pdfdoc\/Warum_Europa_Angst_vor_der_Wahrheit_hat.pdf\">com\/assets\/pdfdoc\/Warum_Europa_Angst_vor_der_Wahrheit_hat.pdf<\/a><\/li>\n<li>\u201eBeginnen wir in Europa mit der Denazifizierung\u201c<br \/>\n<a href=\"https:\/\/www.dr-schacht.com\/assets\/pdfdoc\/Beginnen_wir_in_Europa_mit_der_Denazifizierung.pdf\">https:\/\/www.dr<\/a><a href=\"https:\/\/www.dr-schacht.com\/assets\/pdfdoc\/Beginnen_wir_in_Europa_mit_der_Denazifizierung.pdf\">&#8211;<\/a><a href=\"https:\/\/www.dr-schacht.com\/assets\/pdfdoc\/Beginnen_wir_in_Europa_mit_der_Denazifizierung.pdf\">com\/assets\/pdfdoc\/Beginnen_wir_in_Europa_mit_der_Denazifizierung.pdf<\/a><\/li>\n<li>\u201eDie Modernisierung der Aufr\u00fcstung der USA in der Ukraine zeigt ihre egoistische Au\u00dfenpolitik\u201c<br \/>\n<a href=\"https:\/\/www.dr-schacht.com\/assets\/pdfdoc\/Egoistische_Aussenpolitik_der_USA.pdf\">https:\/\/www.dr<\/a><a href=\"https:\/\/www.dr-schacht.com\/assets\/pdfdoc\/Egoistische_Aussenpolitik_der_USA.pdf\">&#8211;<\/a><a href=\"https:\/\/www.dr-schacht.com\/assets\/pdfdoc\/Egoistische_Aussenpolitik_der_USA.pdf\">com\/assets\/pdfdoc\/Egoistische_Aussenpolitik_der_USA.pdf<\/a><\/li>\n<li>\u201eWarum wir Bulgakow lesen sollten\u201c<br \/>\n<a href=\"https:\/\/www.dr-schacht.com\/assets\/pdfdoc\/Warum_wir_Bulgakow_lesen_sollten.pdf\">https:\/\/www.dr<\/a><a href=\"https:\/\/www.dr-schacht.com\/assets\/pdfdoc\/Warum_wir_Bulgakow_lesen_sollten.pdf\">&#8211;<\/a><a href=\"https:\/\/www.dr-schacht.com\/assets\/pdfdoc\/Warum_wir_Bulgakow_lesen_sollten.pdf\">com\/assets\/pdfdoc\/Warum_wir_Bulgakow_lesen_sollten.pdf<\/a><\/li>\n<li>\u201eSind die Nazis in Deutschland wieder an der Macht?\u201c<br \/>\n<a href=\"https:\/\/www.dr-schacht.com\/assets\/pdfdoc\/Sind_die_Nazis_in_Deutschland_wieder_an_der_Macht.pdf\">https:\/\/www.dr<\/a><a href=\"https:\/\/www.dr-schacht.com\/assets\/pdfdoc\/Sind_die_Nazis_in_Deutschland_wieder_an_der_Macht.pdf\">&#8211;<\/a><a href=\"https:\/\/www.dr-schacht.com\/assets\/pdfdoc\/Sind_die_Nazis_in_Deutschland_wieder_an_der_Macht.pdf\">com\/assets\/pdfdoc\/Sind_die_Nazis_in_Deutschland_wieder_an_der_Macht.pdf<\/a><\/li>\n<li>\u201eWas uns die Leningrader Symphonie sagen will\u201c<br \/>\n<a href=\"https:\/\/www.dr-schacht.com\/assets\/pdfdoc\/Was_uns_die_Leningrader_Symphonie_sagen_will.pdf\">https:\/\/www.dr<\/a><a href=\"https:\/\/www.dr-schacht.com\/assets\/pdfdoc\/Was_uns_die_Leningrader_Symphonie_sagen_will.pdf\">&#8211;<\/a><a href=\"https:\/\/www.dr-schacht.com\/assets\/pdfdoc\/Was_uns_die_Leningrader_Symphonie_sagen_will.pdf\">com\/assets\/pdfdoc\/Was_uns_die_Leningrader_Symphonie_sagen_will.pdf<\/a><\/li>\n<li>\u201eNicht nur Karl Liebknecht haben wir\u2019s geschworen\u201c<br \/>\n<a href=\"https:\/\/www.dr-schacht.com\/assets\/pdfdoc\/Nicht_nur_Karl_Liebknecht_haben_wir_es_geschworen.pdf\">https:\/\/www.dr<\/a><a href=\"https:\/\/www.dr-schacht.com\/assets\/pdfdoc\/Nicht_nur_Karl_Liebknecht_haben_wir_es_geschworen.pdf\">&#8211;<\/a><a href=\"https:\/\/www.dr-schacht.com\/assets\/pdfdoc\/Nicht_nur_Karl_Liebknecht_haben_wir_es_geschworen.pdf\">com\/assets\/pdfdoc\/Nicht_nur_Karl_Liebknecht_haben_wir_es_geschworen.pdf<\/a><\/li>\n<li>\u201eMit Putin bin ich fertig \u2013 Offener Brief an Herrn Dr. Gysi\u201c<br \/>\n<a href=\"https:\/\/www.dr-schacht.com\/assets\/pdfdoc\/Mit_Putin_bin_ich_fertig_-_Offener_Brief.pdf\">https:\/\/www.dr<\/a><a href=\"https:\/\/www.dr-schacht.com\/assets\/pdfdoc\/Mit_Putin_bin_ich_fertig_-_Offener_Brief.pdf\">&#8211;<\/a><a href=\"https:\/\/www.dr-schacht.com\/assets\/pdfdoc\/Mit_Putin_bin_ich_fertig_-_Offener_Brief.pdf\">schacht.com\/assets\/pdfdoc\/Mit_Putin_bin_ich_fertig_<\/a><a href=\"https:\/\/www.dr-schacht.com\/assets\/pdfdoc\/Mit_Putin_bin_ich_fertig_-_Offener_Brief.pdf\">&#8211;<\/a><a href=\"https:\/\/www.dr-schacht.com\/assets\/pdfdoc\/Mit_Putin_bin_ich_fertig_-_Offener_Brief.pdf\">_Offener_Brief.pdf<\/a><\/li>\n<li>\u201eEin Aufschrei aus einer v\u00f6llig fremden Welt\u201c<br \/>\n<a href=\"https:\/\/www.dr-schacht.com\/assets\/pdfdoc\/Ein_Aufschrei_aus_einer_v%F6llig_fremden_Welt.pdf\">https:\/\/www.dr<\/a><a href=\"https:\/\/www.dr-schacht.com\/assets\/pdfdoc\/Ein_Aufschrei_aus_einer_v%F6llig_fremden_Welt.pdf\">&#8211;<\/a><a href=\"https:\/\/www.dr-schacht.com\/assets\/pdfdoc\/Ein_Aufschrei_aus_einer_v%F6llig_fremden_Welt.pdf\">com\/assets\/pdfdoc\/Ein_Aufschrei_aus_einer_v\u00f6llig_fremden_Welt.pdf<\/a><\/li>\n<li>\u201eDie L\u00fcge und der Verrat geh\u00f6ren schon immer zu ihrem Programm\u201c <a href=\"https:\/\/www.dr-schacht.com\/assets\/pdfdoc\/Die_L%FCge_und_der_Verrat_geh%F6ren_schon_immer_zu_ihrem_Programm.pdf\">https:\/\/www.dr<\/a><a href=\"https:\/\/www.dr-schacht.com\/assets\/pdfdoc\/Die_L%FCge_und_der_Verrat_geh%F6ren_schon_immer_zu_ihrem_Programm.pdf\">schacht.com\/assets\/pdfdoc\/Die_L\u00fcge_und_der_Verrat_geh\u00f6ren_schon_immer_zu_ihrem_Programm.pdf<\/a><\/li>\n<li>\u201eDie Angelsachsen und Europ\u00e4er wollen Russland erneut vernichten\u201c <a href=\"https:\/\/www.dr-schacht.com\/assets\/pdfdoc\/Die_Angelsachsen_und_Europ%E4er_wollen_Russland_erneut_vernichten.pdf\">https:\/\/www.dr<\/a><a href=\"https:\/\/www.dr-schacht.com\/assets\/pdfdoc\/Die_Angelsachsen_und_Europ%E4er_wollen_Russland_erneut_vernichten.pdf\">schacht.com\/assets\/pdfdoc\/Die_Angelsachsen_und_Europ\u00e4er_wollen_Russland_erneut_vernichten.pdf<\/a><\/li>\n<li>\u201eEin solches Land braucht keine Kinder\u201c<br \/>\n<a href=\"https:\/\/www.dr-schacht.com\/assets\/pdfdoc\/Ein_solches_Land_braucht_keine_Kinder.pdf\">https:\/\/www.dr<\/a><a href=\"https:\/\/www.dr-schacht.com\/assets\/pdfdoc\/Ein_solches_Land_braucht_keine_Kinder.pdf\">&#8211;<\/a><a href=\"https:\/\/www.dr-schacht.com\/assets\/pdfdoc\/Ein_solches_Land_braucht_keine_Kinder.pdf\">com\/assets\/pdfdoc\/Ein_solches_Land_braucht_keine_Kinder.pdf<\/a><\/li>\n<li>\u201eEin Lied gegen die Russophobie geht um die Welt\u201c<br \/>\n<a href=\"https:\/\/www.dr-schacht.com\/assets\/Ich_bin_ein_Russe_1.MP4\">https:\/\/www.dr<\/a><a href=\"https:\/\/www.dr-schacht.com\/assets\/Ich_bin_ein_Russe_1.MP4\">&#8211;<\/a><a href=\"https:\/\/www.dr-schacht.com\/assets\/Ich_bin_ein_Russe_1.MP4\">com\/assets\/Ich_bin_ein_Russe_1.MP4<\/a><\/li>\n<li>\u201eDie NATO wird mit ihrem Krieg gegen Russland scheitern\u201c<br \/>\n<a href=\"https:\/\/www.dr-schacht.com\/assets\/pdfdoc\/Die_NATO_wird_mit_ihrem_Krieg_gegen_Russland_scheitern.pdf\">https:\/\/www.dr<\/a><a href=\"https:\/\/www.dr-schacht.com\/assets\/pdfdoc\/Die_NATO_wird_mit_ihrem_Krieg_gegen_Russland_scheitern.pdf\">&#8211;<\/a><a href=\"https:\/\/www.dr-schacht.com\/assets\/pdfdoc\/Die_NATO_wird_mit_ihrem_Krieg_gegen_Russland_scheitern.pdf\">schacht.com\/assets\/pdfdoc\/Die_NATO_wird_mit_ihrem_Krieg_gegen_Russland_scheitern.pdf<\/a><\/li>\n<li>Stiftung Archiv der Parteien und Massenorganisationen der DDR im Bundesarchiv<br \/>\nGesellschaft f\u00fcr Deutsch-Sowjetische Freundschaft (DSF) 1947 \u2013 1992, Berlin 206 <a href=\"https:\/\/www.jugendwerkhoftreffen.de\/CMS_FILES_2.1\/images\/content\/doku\/organisation_ddr\/DSF.pdf\">https:\/\/www.jugendwerkhoftreffen.de\/CMS_FILES_2.1\/images\/content\/doku\/organisation_ddr\/DSF.pdf<\/a><\/li>\n<li>Deutschland und Russland \u2013 eine Freundschaft in Zahlen<br \/>\n<a href=\"https:\/\/www.mdr.de\/nachrichten\/welt\/osteuropa\/land-leute\/russland-deutschland-freundschaft-100.pdf\">https:\/\/www.mdr.de\/nachrichten\/welt\/osteuropa\/land<\/a><a href=\"https:\/\/www.mdr.de\/nachrichten\/welt\/osteuropa\/land-leute\/russland-deutschland-freundschaft-100.pdf\">&#8211;<\/a><a href=\"https:\/\/www.mdr.de\/nachrichten\/welt\/osteuropa\/land-leute\/russland-deutschland-freundschaft-100.pdf\">leute\/russland<\/a><a href=\"https:\/\/www.mdr.de\/nachrichten\/welt\/osteuropa\/land-leute\/russland-deutschland-freundschaft-100.pdf\">&#8211;<\/a><a href=\"https:\/\/www.mdr.de\/nachrichten\/welt\/osteuropa\/land-leute\/russland-deutschland-freundschaft-100.pdf\">deutschland<\/a><a href=\"https:\/\/www.mdr.de\/nachrichten\/welt\/osteuropa\/land-leute\/russland-deutschland-freundschaft-100.pdf\">&#8211;<\/a><a href=\"https:\/\/www.mdr.de\/nachrichten\/welt\/osteuropa\/land-leute\/russland-deutschland-freundschaft-100.pdf\">freundschaft<\/a><a href=\"https:\/\/www.mdr.de\/nachrichten\/welt\/osteuropa\/land-leute\/russland-deutschland-freundschaft-100.pdf\">&#8211;<\/a><a href=\"https:\/\/www.mdr.de\/nachrichten\/welt\/osteuropa\/land-leute\/russland-deutschland-freundschaft-100.pdf\">100.pdf<\/a><\/li>\n<li>DSF \u2013 Endfassung-Kurz-Gr\u00fcndungsgeschichte<br \/>\n<a href=\"https:\/\/www.stiftung-woeb.de\/wp-content\/uploads\/2021\/04\/Endfassung-Kurz-Gr%FCndungsgeschicht.pdf\">https:\/\/www.stiftung<\/a><a href=\"https:\/\/www.stiftung-woeb.de\/wp-content\/uploads\/2021\/04\/Endfassung-Kurz-Gr%FCndungsgeschicht.pdf\">&#8211;<\/a><a href=\"https:\/\/www.stiftung-woeb.de\/wp-content\/uploads\/2021\/04\/Endfassung-Kurz-Gr%FCndungsgeschicht.pdf\">woeb.de\/wp<\/a><a href=\"https:\/\/www.stiftung-woeb.de\/wp-content\/uploads\/2021\/04\/Endfassung-Kurz-Gr%FCndungsgeschicht.pdf\">&#8211;<\/a><a href=\"https:\/\/www.stiftung-woeb.de\/wp-content\/uploads\/2021\/04\/Endfassung-Kurz-Gr%FCndungsgeschicht.pdf\">content\/uploads\/2021\/04\/Endfassung<\/a><a href=\"https:\/\/www.stiftung-woeb.de\/wp-content\/uploads\/2021\/04\/Endfassung-Kurz-Gr%FCndungsgeschicht.pdf\">&#8211;<\/a><a href=\"https:\/\/www.stiftung-woeb.de\/wp-content\/uploads\/2021\/04\/Endfassung-Kurz-Gr%FCndungsgeschicht.pdf\">Kurz<\/a><a href=\"https:\/\/www.stiftung-woeb.de\/wp-content\/uploads\/2021\/04\/Endfassung-Kurz-Gr%FCndungsgeschicht.pdf\">&#8211;<\/a><a href=\"https:\/\/www.stiftung-woeb.de\/wp-content\/uploads\/2021\/04\/Endfassung-Kurz-Gr%FCndungsgeschicht.pdf\">Gr\u00fcndungsgeschicht.pdf<\/a><\/li>\n<li>Wenn ich im Bundestag auftreten m\u00fcsste \u2026 (russisch)<br \/>\n<a href=\"https:\/\/glav.su\/forum\/threads\/1382265\">https:\/\/glav.su\/forum\/threads\/1382265<\/a><\/li>\n<li>Egon Krenz \u201eBr\u00fcskierung der Ostdeutschen\u201c, Junge Welt vom 14. 04. 2023<br \/>\n<a href=\"https:\/\/www.jungewelt.de\/artikel\/449460.exklusiv-egon-krenz-br%FCskierung-der-ostdeutschen.html\">https:\/\/www.jungewelt.de\/artikel\/449460.exklusiv<\/a><a href=\"https:\/\/www.jungewelt.de\/artikel\/449460.exklusiv-egon-krenz-br%FCskierung-der-ostdeutschen.html\">&#8211;<\/a><a href=\"https:\/\/www.jungewelt.de\/artikel\/449460.exklusiv-egon-krenz-br%FCskierung-der-ostdeutschen.html\">egon<\/a><a href=\"https:\/\/www.jungewelt.de\/artikel\/449460.exklusiv-egon-krenz-br%FCskierung-der-ostdeutschen.html\">&#8211;<\/a><a href=\"https:\/\/www.jungewelt.de\/artikel\/449460.exklusiv-egon-krenz-br%FCskierung-der-ostdeutschen.html\">krenz<\/a><a href=\"https:\/\/www.jungewelt.de\/artikel\/449460.exklusiv-egon-krenz-br%FCskierung-der-ostdeutschen.html\">&#8211;<\/a><a href=\"https:\/\/www.jungewelt.de\/artikel\/449460.exklusiv-egon-krenz-br%FCskierung-der-ostdeutschen.html\">br\u00fcskierung<\/a><a href=\"https:\/\/www.jungewelt.de\/artikel\/449460.exklusiv-egon-krenz-br%FCskierung-der-ostdeutschen.html\">&#8211;<\/a><a href=\"https:\/\/www.jungewelt.de\/artikel\/449460.exklusiv-egon-krenz-br%FCskierung-der-ostdeutschen.html\">der<\/a><a href=\"https:\/\/www.jungewelt.de\/artikel\/449460.exklusiv-egon-krenz-br%FCskierung-der-ostdeutschen.html\">&#8211;<\/a><a href=\"https:\/\/www.jungewelt.de\/artikel\/449460.exklusiv-egon-krenz-br%FCskierung-der-ostdeutschen.html\">ostdeutschen.html<\/a><\/li>\n<\/ol>\n<hr \/>\n<h5>Download<\/h5>\n<p><img data-recalc-dims=\"1\" loading=\"lazy\" decoding=\"async\" data-attachment-id=\"1076\" data-permalink=\"https:\/\/www.freidenker.org\/?attachment_id=1076\" data-orig-file=\"https:\/\/i0.wp.com\/www.freidenker.org\/fw17\/wp-content\/uploads\/2017\/10\/pdf_icon-2.png?fit=32%2C32&amp;ssl=1\" data-orig-size=\"32,32\" data-comments-opened=\"0\" data-image-meta=\"{&quot;aperture&quot;:&quot;0&quot;,&quot;credit&quot;:&quot;&quot;,&quot;camera&quot;:&quot;&quot;,&quot;caption&quot;:&quot;&quot;,&quot;created_timestamp&quot;:&quot;0&quot;,&quot;copyright&quot;:&quot;&quot;,&quot;focal_length&quot;:&quot;0&quot;,&quot;iso&quot;:&quot;0&quot;,&quot;shutter_speed&quot;:&quot;0&quot;,&quot;title&quot;:&quot;&quot;,&quot;orientation&quot;:&quot;0&quot;}\" data-image-title=\"pdf_icon\" data-image-description=\"\" data-image-caption=\"\" data-large-file=\"https:\/\/i0.wp.com\/www.freidenker.org\/fw17\/wp-content\/uploads\/2017\/10\/pdf_icon-2.png?fit=32%2C32&amp;ssl=1\" class=\"alignnone size-full wp-image-1076\" src=\"https:\/\/i0.wp.com\/www.freidenker.org\/fw17\/wp-content\/uploads\/2017\/10\/pdf_icon-2.png?resize=32%2C32&#038;ssl=1\" alt=\"\" width=\"32\" height=\"32\" \/>\u00a0Den <a href=\"https:\/\/www.freidenker.org\/fw17\/wp-content\/uploads\/2023\/05\/Die_Deutsch-Russische-Freundschaft_liegt_uns_immer_am_Herzen.pdf\" target=\"_blank\" rel=\"noopener\">Beitrag als PDF-Dokument<\/a> lesen oder herunterladen (PDF-Dokument, ca. 420 KB)<\/p>\n<p><img data-recalc-dims=\"1\" loading=\"lazy\" decoding=\"async\" data-attachment-id=\"1076\" data-permalink=\"https:\/\/www.freidenker.org\/?attachment_id=1076\" data-orig-file=\"https:\/\/i0.wp.com\/www.freidenker.org\/fw17\/wp-content\/uploads\/2017\/10\/pdf_icon-2.png?fit=32%2C32&amp;ssl=1\" data-orig-size=\"32,32\" data-comments-opened=\"0\" data-image-meta=\"{&quot;aperture&quot;:&quot;0&quot;,&quot;credit&quot;:&quot;&quot;,&quot;camera&quot;:&quot;&quot;,&quot;caption&quot;:&quot;&quot;,&quot;created_timestamp&quot;:&quot;0&quot;,&quot;copyright&quot;:&quot;&quot;,&quot;focal_length&quot;:&quot;0&quot;,&quot;iso&quot;:&quot;0&quot;,&quot;shutter_speed&quot;:&quot;0&quot;,&quot;title&quot;:&quot;&quot;,&quot;orientation&quot;:&quot;0&quot;}\" data-image-title=\"pdf_icon\" data-image-description=\"\" data-image-caption=\"\" data-large-file=\"https:\/\/i0.wp.com\/www.freidenker.org\/fw17\/wp-content\/uploads\/2017\/10\/pdf_icon-2.png?fit=32%2C32&amp;ssl=1\" class=\"alignnone size-full wp-image-1076\" src=\"https:\/\/i0.wp.com\/www.freidenker.org\/fw17\/wp-content\/uploads\/2017\/10\/pdf_icon-2.png?resize=32%2C32&#038;ssl=1\" alt=\"\" width=\"32\" height=\"32\" \/> Den <a href=\"https:\/\/www.dr-schacht.com\/assets\/pdfdoc\/Die_Deutsch-Russische-Freundschaft_liegt_uns_immer_am_Herzen_russ.pdf\" target=\"_blank\" rel=\"noopener\">Beitrag in russischer Sprache<\/a> lesen (externe Quelle)<\/p>\n<hr \/>\n<p><span style=\"font-size: 10pt;\">Bild oben: Archiv Dr. Schacht<\/span><\/p>\n","protected":false},"excerpt":{"rendered":"<p><b>Beitrag von\u00a0Dr. Wolfgang Schacht<\/b><br \/>\nDie Gr\u00fcndung der Gesellschaft f\u00fcr Deutsch-Sowjetische-Freundschaft (DSF) am 30. Juni 1947 auf dem Territorium der sowjetischen Besatzungszone war nach dem heldenhaften Sieg der Roten Armee \u00fcber den Hitlerfaschismus in Europa eine \u00e4u\u00dferst humane Reaktion fortschrittlicher Kr\u00e4fte auf die grausame und verbrecherische Ausrottung (Genozid) von mehr als 20 Millionen sowjetischer Menschen durch die deutschen Nazis in der Sowjetunion von 1941 \u2013 1945. Es war der Versuch, durch die Begegnung mit der sowjetischen Kunst, Kultur, Musik, Literatur, Bildung, Lebensweise und mit den Traditionen ihrer 194 V\u00f6lker die grenzenlose Gier nach Macht und Profit, den ma\u00dflosen Egoismus, die beispiellose Arroganz und \u00dcberheblichkeit , d.h. die verh\u00e4ngnisvolle kolonial \u2013 nazistische Ideologie der deutschen Herrenrasse ein f\u00fcr alle Mal zu \u00fcberwinden.\u00a0\u00a0\u00a0\u00a0\u00a0\u00a0\u00a0\u00a0\u00a0\u00a0\u00a0\u00a0\u00a0<\/p>\n","protected":false},"author":3,"featured_media":15992,"comment_status":"closed","ping_status":"closed","sticky":false,"template":"","format":"standard","meta":{"colormag_page_container_layout":"default_layout","colormag_page_sidebar_layout":"default_layout","advanced_seo_description":"","jetpack_seo_html_title":"","jetpack_seo_noindex":false,"jetpack_post_was_ever_published":false,"footnotes":""},"categories":[12,1162],"tags":[648,455,454,1794,960,1136,1165,430,639,185],"class_list":["post-15989","post","type-post","status-publish","format-standard","has-post-thumbnail","hentry","category-demokratie-medien-aufklaerung","category-geschichte","tag-2-weltkrieg","tag-brd","tag-ddr","tag-dsf","tag-faschistischer-ueberfall-auf-die-sowjetunion","tag-friedenspolitik","tag-kalter-krieg","tag-sowjetunion","tag-ukraine-konflikt","tag-usa"],"jetpack_featured_media_url":"https:\/\/i0.wp.com\/www.freidenker.org\/fw17\/wp-content\/uploads\/2023\/05\/schacht_pravda_800x450.jpg?fit=800%2C450&ssl=1","jetpack_shortlink":"https:\/\/wp.me\/p9stpK-49T","jetpack-related-posts":[{"id":19763,"url":"https:\/\/www.freidenker.org\/?p=19763","url_meta":{"origin":15989,"position":0},"title":"Der deutsch-sowjetische Nichtangriffsvertrag vom 23. August 1939","author":"Webredaktion","date":"23. August 2024","format":false,"excerpt":"Historischer \u00dcberblick von Wolfgang Sch\u00fcrer [...] Am 18. April 1939 bot die Sowjetunion den beiden Westm\u00e4chten eine Abwehr-Allianz gegen Deutschland an, f\u00fcr den Fall eines deutschen Angriffs auf Polen, f\u00fcr den Fall eines deutschen Angriffs auf Frankreich, und f\u00fcr den Fall eines deutschen Angriffs auf die Sowjetunion, unter Umgehung Polens,\u2026","rel":"","context":"In &quot;Geschichte&quot;","block_context":{"text":"Geschichte","link":"https:\/\/www.freidenker.org\/?cat=1162"},"img":{"alt_text":"","src":"https:\/\/i0.wp.com\/www.freidenker.org\/fw17\/wp-content\/uploads\/2024\/08\/Sowjetisch-deutscher_Nichtangriffspakt_800x450.jpg?fit=800%2C450&ssl=1&resize=350%2C200","width":350,"height":200,"srcset":"https:\/\/i0.wp.com\/www.freidenker.org\/fw17\/wp-content\/uploads\/2024\/08\/Sowjetisch-deutscher_Nichtangriffspakt_800x450.jpg?fit=800%2C450&ssl=1&resize=350%2C200 1x, https:\/\/i0.wp.com\/www.freidenker.org\/fw17\/wp-content\/uploads\/2024\/08\/Sowjetisch-deutscher_Nichtangriffspakt_800x450.jpg?fit=800%2C450&ssl=1&resize=525%2C300 1.5x, https:\/\/i0.wp.com\/www.freidenker.org\/fw17\/wp-content\/uploads\/2024\/08\/Sowjetisch-deutscher_Nichtangriffspakt_800x450.jpg?fit=800%2C450&ssl=1&resize=700%2C400 2x"},"classes":[]},{"id":6850,"url":"https:\/\/www.freidenker.org\/?p=6850","url_meta":{"origin":15989,"position":1},"title":"80 Jahre Deutsch-Sowjetischer Nichtangriffsvertrag","author":"Webredaktion","date":"23. August 2019","format":false,"excerpt":"Beitrag von Wolfgang Sch\u00fcrer Vor 80 Jahren, am 24. August 1939 (Ortszeit) unterzeichneten der sowjetische Au\u00dfenminister W. M. Molotow und der deutsche Au\u00dfenminister von Ribbentrop in Moskau den deutsch-sowjetischen Nichtangriffsvertrag. Er trat mit Datum vom 23.8.1939 in Kraft. Noch heute wird der Vertrag bis in linke Kreise als \"Hitler-Stalin-Pakt\" verunglimpft,\u2026","rel":"","context":"In &quot;Geschichte&quot;","block_context":{"text":"Geschichte","link":"https:\/\/www.freidenker.org\/?cat=1162"},"img":{"alt_text":"","src":"https:\/\/i0.wp.com\/www.freidenker.org\/fw17\/wp-content\/uploads\/2019\/08\/Bundesarchiv_Bild_183-H27337_800x445.jpg?fit=800%2C445&ssl=1&resize=350%2C200","width":350,"height":200,"srcset":"https:\/\/i0.wp.com\/www.freidenker.org\/fw17\/wp-content\/uploads\/2019\/08\/Bundesarchiv_Bild_183-H27337_800x445.jpg?fit=800%2C445&ssl=1&resize=350%2C200 1x, https:\/\/i0.wp.com\/www.freidenker.org\/fw17\/wp-content\/uploads\/2019\/08\/Bundesarchiv_Bild_183-H27337_800x445.jpg?fit=800%2C445&ssl=1&resize=525%2C300 1.5x, https:\/\/i0.wp.com\/www.freidenker.org\/fw17\/wp-content\/uploads\/2019\/08\/Bundesarchiv_Bild_183-H27337_800x445.jpg?fit=800%2C445&ssl=1&resize=700%2C400 2x"},"classes":[]},{"id":22258,"url":"https:\/\/www.freidenker.org\/?p=22258","url_meta":{"origin":15989,"position":2},"title":"Von der DDR bis heute \u2013 \u00fcber die Pflege Jahrzehnte w\u00e4hrender deutsch-russischer Freundschaften","author":"Webredaktion","date":"30. Juni 2025","format":false,"excerpt":"Interview von Felicitas Rabe mit Hans Bauer Am 22. Juni um 4 Uhr morgens trafen sich die Freunde Russlands am Sowjetischen Ehrenmal Berlin-Treptower Park zu einem stillen Gedenken. Anl\u00e4sslich des 84. Jahrestages des deutschen \u00dcberfalls auf die Sowjetunion hatte die Gesellschaft f\u00fcr \"Deutsch-Russische- Freundschaft\" im Morgengrauen zu dieser Veranstaltung eingeladen.\u2026","rel":"","context":"In &quot;Frieden - Antifaschismus - Solidarit\u00e4t&quot;","block_context":{"text":"Frieden - Antifaschismus - Solidarit\u00e4t","link":"https:\/\/www.freidenker.org\/?cat=13"},"img":{"alt_text":"","src":"https:\/\/i0.wp.com\/www.freidenker.org\/fw17\/wp-content\/uploads\/2025\/06\/gedenken_ueberfall_treptower_park_2025_800x450.jpg?fit=800%2C450&ssl=1&resize=350%2C200","width":350,"height":200,"srcset":"https:\/\/i0.wp.com\/www.freidenker.org\/fw17\/wp-content\/uploads\/2025\/06\/gedenken_ueberfall_treptower_park_2025_800x450.jpg?fit=800%2C450&ssl=1&resize=350%2C200 1x, https:\/\/i0.wp.com\/www.freidenker.org\/fw17\/wp-content\/uploads\/2025\/06\/gedenken_ueberfall_treptower_park_2025_800x450.jpg?fit=800%2C450&ssl=1&resize=525%2C300 1.5x, https:\/\/i0.wp.com\/www.freidenker.org\/fw17\/wp-content\/uploads\/2025\/06\/gedenken_ueberfall_treptower_park_2025_800x450.jpg?fit=800%2C450&ssl=1&resize=700%2C400 2x"},"classes":[]},{"id":16329,"url":"https:\/\/www.freidenker.org\/?p=16329","url_meta":{"origin":15989,"position":3},"title":"Unvergessene Helden des Gro\u00dfen Vaterl\u00e4ndischen Krieges von 1941 &#8211; 1945","author":"Webredaktion","date":"13. Juni 2023","format":false,"excerpt":"Beitrag von\u00a0Dr. Wolfgang Schacht In dem beeindruckenden Buch \u201eAuszeichnung \u2013 Medaille \u201aGoldener Stern\u2018 \u201c werden von dem jungen Forschungsenthusiasten Mikhail Valentinovitsch Sinoviev die Erinnerungen an 28 noch lebende bzw. unl\u00e4ngst verstorbene Tr\u00e4ger des Ordens \u201eHeld der Sowjetunion\u201c im Gro\u00dfen Vaterl\u00e4ndischen Krieg (1941- 1945) in Form von Interviews ungeschminkt dargestellt. Das\u2026","rel":"","context":"In &quot;Geschichte&quot;","block_context":{"text":"Geschichte","link":"https:\/\/www.freidenker.org\/?cat=1162"},"img":{"alt_text":"","src":"https:\/\/i0.wp.com\/www.freidenker.org\/fw17\/wp-content\/uploads\/2023\/06\/Schacht_Helden_800x445.jpg?fit=800%2C445&ssl=1&resize=350%2C200","width":350,"height":200,"srcset":"https:\/\/i0.wp.com\/www.freidenker.org\/fw17\/wp-content\/uploads\/2023\/06\/Schacht_Helden_800x445.jpg?fit=800%2C445&ssl=1&resize=350%2C200 1x, https:\/\/i0.wp.com\/www.freidenker.org\/fw17\/wp-content\/uploads\/2023\/06\/Schacht_Helden_800x445.jpg?fit=800%2C445&ssl=1&resize=525%2C300 1.5x, https:\/\/i0.wp.com\/www.freidenker.org\/fw17\/wp-content\/uploads\/2023\/06\/Schacht_Helden_800x445.jpg?fit=800%2C445&ssl=1&resize=700%2C400 2x"},"classes":[]},{"id":23659,"url":"https:\/\/www.freidenker.org\/?p=23659","url_meta":{"origin":15989,"position":4},"title":"Gedenken als Widerstand gegen Kriegstreiberei und Geschichtsf\u00e4lschung","author":"Webredaktion","date":"30. November 2025","format":false,"excerpt":"Bericht von Tilo Gr\u00e4ser Vor 80 Jahren, am 20. November 1945, begann im Saal 600 des N\u00fcrnberger Justizpalastes der erste Prozess gegen die deutschen faschistischen Kriegsverbrecher. Das Internationale Milit\u00e4rtribunal begann an dem Tag seine Arbeit und f\u00e4llte am 30. September und 1. Oktober 1946 seine Urteile gegen 21 f\u00fchrende Vertreter\u2026","rel":"","context":"In &quot;Demokratie \u2013 Medien \u2013 Aufkl\u00e4rung&quot;","block_context":{"text":"Demokratie \u2013 Medien \u2013 Aufkl\u00e4rung","link":"https:\/\/www.freidenker.org\/?cat=12"},"img":{"alt_text":"","src":"https:\/\/i0.wp.com\/www.freidenker.org\/fw17\/wp-content\/uploads\/2025\/11\/Graeser_Gedenken_00_800x450.jpg?fit=800%2C450&ssl=1&resize=350%2C200","width":350,"height":200,"srcset":"https:\/\/i0.wp.com\/www.freidenker.org\/fw17\/wp-content\/uploads\/2025\/11\/Graeser_Gedenken_00_800x450.jpg?fit=800%2C450&ssl=1&resize=350%2C200 1x, https:\/\/i0.wp.com\/www.freidenker.org\/fw17\/wp-content\/uploads\/2025\/11\/Graeser_Gedenken_00_800x450.jpg?fit=800%2C450&ssl=1&resize=525%2C300 1.5x, https:\/\/i0.wp.com\/www.freidenker.org\/fw17\/wp-content\/uploads\/2025\/11\/Graeser_Gedenken_00_800x450.jpg?fit=800%2C450&ssl=1&resize=700%2C400 2x"},"classes":[]},{"id":12801,"url":"https:\/\/www.freidenker.org\/?p=12801","url_meta":{"origin":15989,"position":5},"title":"Symbolischer Jahrestag: 100 Jahre Rapallo","author":"Webredaktion","date":"16. April 2022","format":false,"excerpt":"Beitrag von Wolfgang Sch\u00fcrer W\u00e4hrend der Weltwirtschaftskonferenz von Genua (10. April bis 19. Mai 1922) schlossen und ver\u00f6ffentlichten Deutschland und Sowjetrussland am 16. April 1922 in Rapallo (der Ort liegt s\u00fcd\u00f6stlich von Genua;) einen Vertrag, der die Wiederaufnahme der diplomatischen Beziehungen bestimmte und alle gegenseitigen Anspr\u00fcche aus der Zeit des\u2026","rel":"","context":"In &quot;Geschichte&quot;","block_context":{"text":"Geschichte","link":"https:\/\/www.freidenker.org\/?cat=1162"},"img":{"alt_text":"","src":"https:\/\/i0.wp.com\/www.freidenker.org\/fw17\/wp-content\/uploads\/2022\/04\/Bundesarchiv_Bild_183-R14433_Vertrag_von_Rapallo_800x450.jpg?fit=800%2C450&ssl=1&resize=350%2C200","width":350,"height":200,"srcset":"https:\/\/i0.wp.com\/www.freidenker.org\/fw17\/wp-content\/uploads\/2022\/04\/Bundesarchiv_Bild_183-R14433_Vertrag_von_Rapallo_800x450.jpg?fit=800%2C450&ssl=1&resize=350%2C200 1x, https:\/\/i0.wp.com\/www.freidenker.org\/fw17\/wp-content\/uploads\/2022\/04\/Bundesarchiv_Bild_183-R14433_Vertrag_von_Rapallo_800x450.jpg?fit=800%2C450&ssl=1&resize=525%2C300 1.5x, https:\/\/i0.wp.com\/www.freidenker.org\/fw17\/wp-content\/uploads\/2022\/04\/Bundesarchiv_Bild_183-R14433_Vertrag_von_Rapallo_800x450.jpg?fit=800%2C450&ssl=1&resize=700%2C400 2x"},"classes":[]}],"_links":{"self":[{"href":"https:\/\/www.freidenker.org\/index.php?rest_route=\/wp\/v2\/posts\/15989","targetHints":{"allow":["GET"]}}],"collection":[{"href":"https:\/\/www.freidenker.org\/index.php?rest_route=\/wp\/v2\/posts"}],"about":[{"href":"https:\/\/www.freidenker.org\/index.php?rest_route=\/wp\/v2\/types\/post"}],"author":[{"embeddable":true,"href":"https:\/\/www.freidenker.org\/index.php?rest_route=\/wp\/v2\/users\/3"}],"replies":[{"embeddable":true,"href":"https:\/\/www.freidenker.org\/index.php?rest_route=%2Fwp%2Fv2%2Fcomments&post=15989"}],"version-history":[{"count":0,"href":"https:\/\/www.freidenker.org\/index.php?rest_route=\/wp\/v2\/posts\/15989\/revisions"}],"wp:featuredmedia":[{"embeddable":true,"href":"https:\/\/www.freidenker.org\/index.php?rest_route=\/wp\/v2\/media\/15992"}],"wp:attachment":[{"href":"https:\/\/www.freidenker.org\/index.php?rest_route=%2Fwp%2Fv2%2Fmedia&parent=15989"}],"wp:term":[{"taxonomy":"category","embeddable":true,"href":"https:\/\/www.freidenker.org\/index.php?rest_route=%2Fwp%2Fv2%2Fcategories&post=15989"},{"taxonomy":"post_tag","embeddable":true,"href":"https:\/\/www.freidenker.org\/index.php?rest_route=%2Fwp%2Fv2%2Ftags&post=15989"}],"curies":[{"name":"wp","href":"https:\/\/api.w.org\/{rel}","templated":true}]}}