{"id":15985,"date":"2023-05-07T20:33:38","date_gmt":"2023-05-07T18:33:38","guid":{"rendered":"https:\/\/www.freidenker.org\/?p=15985"},"modified":"2023-06-15T23:07:34","modified_gmt":"2023-06-15T21:07:34","slug":"china-und-die-neue-multipolare-weltordnung","status":"publish","type":"post","link":"https:\/\/www.freidenker.org\/?p=15985","title":{"rendered":"China und die neue multipolare Weltordnung"},"content":{"rendered":"<p class=\"style-scope ytd-watch-metadata\"><em>Vortrag von <strong>Petra Lehmann<\/strong><\/em><\/p>\n<p class=\"style-scope ytd-watch-metadata\"><span style=\"font-size: 10pt;\">Aufgenommen am 14.03.2023 in Berlin<\/span><\/p>\n<p>Ein Vortrag auf freundliche Einladung des Landesverband Berlin im Deutschen Freidenker-Verband e.V. :<\/p>\n<p>Petra Lehmann, die Vorsitzende des Deutsch-Chinesischen Freundschaftsverein e.V. Ludwigsfelde, stellt bei den Berliner Freidenkern den Verein vor und beleuchtet die dramatischen welthistorischen Umbr\u00fcche, die mit der Entwicklung des Sozialismus in der Volksrepublik China verbunden sind.<\/p>\n<div class=\"jetpack-video-wrapper\"><span class=\"embed-youtube\" style=\"text-align:center; display: block;\"><iframe loading=\"lazy\" class=\"youtube-player\" width=\"800\" height=\"450\" src=\"https:\/\/www.youtube.com\/embed\/imYHZ_RncUc?version=3&#038;rel=1&#038;showsearch=0&#038;showinfo=1&#038;iv_load_policy=1&#038;fs=1&#038;hl=de-DE&#038;autohide=2&#038;wmode=transparent\" allowfullscreen=\"true\" style=\"border:0;\" sandbox=\"allow-scripts allow-same-origin allow-popups allow-presentation allow-popups-to-escape-sandbox\"><\/iframe><\/span><\/div>\n<p><span style=\"font-size: 10pt;\">Direktlink zum Video des Deutsch-Chinesischen Freundschaftsverein e.V. auf YouTube: <a href=\"https:\/\/www.youtube.com\/watch?v=imYHZ_RncUc\" target=\"_blank\" rel=\"noopener\">https:\/\/www.youtube.com\/watch?v=imYHZ_RncUc<\/a><\/span><\/p>\n<hr \/>\n<p><span style=\"font-size: 10pt;\">Bild oben: Screenshot aus dem Video des Deutsch-Chinesischen Freundschaftsverein e.V.<\/span><\/p>\n","protected":false},"excerpt":{"rendered":"<p><b>Video eines Vortrages von Petra Lehmann<\/b><br \/>\nAufgenommen am 14.03.2023 in Berlin. Ein Vortrag auf freundliche Einladung des Landesverband Berlin im Deutschen Freidenker-Verband e.V. :<br \/>\nPetra Lehmann, die Vorsitzende des Deutsch-Chinesischen Freundschaftsverein e.V. Ludwigsfelde, stellt bei den Berliner Freidenkern den Verein vor und beleuchtet die dramatischen welthistorischen Umbr\u00fcche, die mit der Entwicklung des Sozialismus in der Volksrepublik China verbunden sind.<\/p>\n","protected":false},"author":3,"featured_media":15987,"comment_status":"closed","ping_status":"closed","sticky":false,"template":"","format":"standard","meta":{"colormag_page_container_layout":"default_layout","colormag_page_sidebar_layout":"default_layout","advanced_seo_description":"","jetpack_seo_html_title":"","jetpack_seo_noindex":false,"jetpack_post_was_ever_published":false,"footnotes":""},"categories":[19],"tags":[413,1226,1619,138,564,1673,1524],"class_list":["post-15985","post","type-post","status-publish","format-standard","has-post-thumbnail","hentry","category-veranstaltungen-in-den-dfv-landesverbaenden","tag-china","tag-lv-berlin","tag-multipolare-welt","tag-revolution","tag-sozialismus","tag-video","tag-vortrag"],"jetpack_featured_media_url":"https:\/\/i0.wp.com\/www.freidenker.org\/fw17\/wp-content\/uploads\/2023\/05\/petra_lehmann_china_800x450.jpg?fit=800%2C450&ssl=1","jetpack_shortlink":"https:\/\/wp.me\/p9stpK-49P","jetpack-related-posts":[{"id":1479,"url":"https:\/\/www.freidenker.org\/?p=1479","url_meta":{"origin":15985,"position":0},"title":"Die b\u00f6sen Befreier von Zarismus, Faschismus und Kolonialismus","author":"Webredaktion","date":"1. Dezember 2008","format":false,"excerpt":"Buchver\u00f6ffentlichung im Eigenverlag des Deutschen Freidenker-Verbandes e.V. Materialien der Wissenschaftlichen Konferenz aus Anlass des 90. Jahrestages der Oktoberrevolution 1917 in Russland am 20. Oktober 2007 in Berlin Mit Beitr\u00e4gen von Eberhard Schinck, Klaus Hartmann, Dr. Arnold Sch\u00f6lzel, Prof. Dr. Wolfgang Richter, RA Hans Bauer, Prof. Dr. Erich Hahn, Dr. Wolf-Dieter\u2026","rel":"","context":"In &quot;B\u00fccher des Verbandes&quot;","block_context":{"text":"B\u00fccher des Verbandes","link":"https:\/\/www.freidenker.org\/?cat=5"},"img":{"alt_text":"","src":"https:\/\/i0.wp.com\/www.freidenker.org\/fw17\/wp-content\/uploads\/2017\/12\/FD_Buch_2008_Boese-Befreier.jpg?fit=800%2C445&ssl=1&resize=350%2C200","width":350,"height":200,"srcset":"https:\/\/i0.wp.com\/www.freidenker.org\/fw17\/wp-content\/uploads\/2017\/12\/FD_Buch_2008_Boese-Befreier.jpg?fit=800%2C445&ssl=1&resize=350%2C200 1x, https:\/\/i0.wp.com\/www.freidenker.org\/fw17\/wp-content\/uploads\/2017\/12\/FD_Buch_2008_Boese-Befreier.jpg?fit=800%2C445&ssl=1&resize=525%2C300 1.5x, https:\/\/i0.wp.com\/www.freidenker.org\/fw17\/wp-content\/uploads\/2017\/12\/FD_Buch_2008_Boese-Befreier.jpg?fit=800%2C445&ssl=1&resize=700%2C400 2x"},"classes":[]},{"id":23450,"url":"https:\/\/www.freidenker.org\/?p=23450","url_meta":{"origin":15985,"position":1},"title":"Video: Chinas Gegenentwurf &#8211; Ein aktueller Bericht \u00fcber die Lage in China","author":"Webredaktion","date":"4. November 2025","format":false,"excerpt":"Buchvorstellung von Uwe Behrens zu \"Chinas Gegenentwurf - Ein Weg in die Zukunft\" Der Ortsverband M\u00fcnchen hat am 24.10.2025 als Mitveranstalter eine Veranstaltung mit Uwe Behrens zu China durchgef\u00fchrt.\u00a0Uwe Behrens beschrieb und analysierte die Gegenwart in China und gr\u00fcndete darauf seine Prognose. Zugleich warf er einen Blick zur\u00fcck und beantwortete\u2026","rel":"","context":"In &quot;Demokratie \u2013 Medien \u2013 Aufkl\u00e4rung&quot;","block_context":{"text":"Demokratie \u2013 Medien \u2013 Aufkl\u00e4rung","link":"https:\/\/www.freidenker.org\/?cat=12"},"img":{"alt_text":"","src":"https:\/\/i0.wp.com\/www.freidenker.org\/fw17\/wp-content\/uploads\/2025\/11\/Uwe_Behrens_Muenchen_800x450.jpg?fit=800%2C450&ssl=1&resize=350%2C200","width":350,"height":200,"srcset":"https:\/\/i0.wp.com\/www.freidenker.org\/fw17\/wp-content\/uploads\/2025\/11\/Uwe_Behrens_Muenchen_800x450.jpg?fit=800%2C450&ssl=1&resize=350%2C200 1x, https:\/\/i0.wp.com\/www.freidenker.org\/fw17\/wp-content\/uploads\/2025\/11\/Uwe_Behrens_Muenchen_800x450.jpg?fit=800%2C450&ssl=1&resize=525%2C300 1.5x, https:\/\/i0.wp.com\/www.freidenker.org\/fw17\/wp-content\/uploads\/2025\/11\/Uwe_Behrens_Muenchen_800x450.jpg?fit=800%2C450&ssl=1&resize=700%2C400 2x"},"classes":[]},{"id":18866,"url":"https:\/\/www.freidenker.org\/?p=18866","url_meta":{"origin":15985,"position":2},"title":"Videos und Galerie: Konferenz Deindustrialisierung","author":"Webredaktion","date":"25. April 2024","format":false,"excerpt":"Am 20.04.2024 fand in Retgendorf bei Schwerin die Konferenz Deindustrialisierung des Deutschen Freidenker-Verbandes statt. Bruno Jeup vom Landesverband Berlin hat die Veranstaltung im Video dokumentiert. Wir ver\u00f6ffentlichen hier die Videos der vier Referate von Klaus Hartmann (\"\"Die Ideologie der Produktivkraftvernichtung\"), Dr. Manfred Sohn (\"Der Abstieg von 'Made in Germany'\"), Dr.\u2026","rel":"","context":"In &quot;Demokratie \u2013 Medien \u2013 Aufkl\u00e4rung&quot;","block_context":{"text":"Demokratie \u2013 Medien \u2013 Aufkl\u00e4rung","link":"https:\/\/www.freidenker.org\/?cat=12"},"img":{"alt_text":"","src":"https:\/\/i0.wp.com\/www.freidenker.org\/fw17\/wp-content\/uploads\/2024\/04\/Retgendorf_Totale_20240420_142853.jpg?fit=800%2C450&ssl=1&resize=350%2C200","width":350,"height":200,"srcset":"https:\/\/i0.wp.com\/www.freidenker.org\/fw17\/wp-content\/uploads\/2024\/04\/Retgendorf_Totale_20240420_142853.jpg?fit=800%2C450&ssl=1&resize=350%2C200 1x, https:\/\/i0.wp.com\/www.freidenker.org\/fw17\/wp-content\/uploads\/2024\/04\/Retgendorf_Totale_20240420_142853.jpg?fit=800%2C450&ssl=1&resize=525%2C300 1.5x, https:\/\/i0.wp.com\/www.freidenker.org\/fw17\/wp-content\/uploads\/2024\/04\/Retgendorf_Totale_20240420_142853.jpg?fit=800%2C450&ssl=1&resize=700%2C400 2x"},"classes":[]},{"id":6596,"url":"https:\/\/www.freidenker.org\/?p=6596","url_meta":{"origin":15985,"position":3},"title":"Videos: Linker Liedersommer 2019","author":"Webredaktion","date":"6. Juli 2019","format":false,"excerpt":"Vom 21. bis 23. Juni 2019 fand im Naturfreundehaus Rahnenhof bei Hertlingshausen in der Pfalz das 8. Kulturseminar (\"Linker Liedersommer\") des Deutschen Freidenker-Verbandes statt. Die folgenden Videos des YouTube-Kanals von Newscan vermitteln einige Eindr\u00fccke von dieser Veranstaltung. Zu sehen u.a. Ausschnitte aus: - Liederabend am Lagerfeuer - Programme von Dieter\u2026","rel":"","context":"In &quot;Kultur &amp; Kunst&quot;","block_context":{"text":"Kultur &amp; Kunst","link":"https:\/\/www.freidenker.org\/?cat=913"},"img":{"alt_text":"","src":"https:\/\/i0.wp.com\/www.freidenker.org\/fw17\/wp-content\/uploads\/2019\/07\/Liedersommer.jpg?fit=800%2C445&ssl=1&resize=350%2C200","width":350,"height":200,"srcset":"https:\/\/i0.wp.com\/www.freidenker.org\/fw17\/wp-content\/uploads\/2019\/07\/Liedersommer.jpg?fit=800%2C445&ssl=1&resize=350%2C200 1x, https:\/\/i0.wp.com\/www.freidenker.org\/fw17\/wp-content\/uploads\/2019\/07\/Liedersommer.jpg?fit=800%2C445&ssl=1&resize=525%2C300 1.5x, https:\/\/i0.wp.com\/www.freidenker.org\/fw17\/wp-content\/uploads\/2019\/07\/Liedersommer.jpg?fit=800%2C445&ssl=1&resize=700%2C400 2x"},"classes":[]},{"id":23348,"url":"https:\/\/www.freidenker.org\/?p=23348","url_meta":{"origin":15985,"position":4},"title":"Dr. Artur Pech: Marx &#038; Engels \u00fcber Migration","author":"Webredaktion","date":"29. Oktober 2025","format":false,"excerpt":"oder Klassenanalyse vs. b\u00fcrgerlicher Moralismus - Einf\u00fchrung f\u00fcr den politischen Gebrauch Video eines Vortrages von Dr. Artur Pech, gehalten auf einer Veranstaltung des Deutschen Freidenker-Verbandes e.V. - Ortsverband N\u00fcrnberg\/Franken am 10. Oktober 2025 in N\u00fcrnberg Solidarit\u00e4t mit Menschen, die migrieren, bleibt unsere Position. Damit ist die Frage nach Ursachen und\u2026","rel":"","context":"In &quot;Frieden - Antifaschismus - Solidarit\u00e4t&quot;","block_context":{"text":"Frieden - Antifaschismus - Solidarit\u00e4t","link":"https:\/\/www.freidenker.org\/?cat=13"},"img":{"alt_text":"","src":"https:\/\/i0.wp.com\/www.freidenker.org\/fw17\/wp-content\/uploads\/2025\/10\/pech_migration_cropped_800x450.jpg?fit=800%2C450&ssl=1&resize=350%2C200","width":350,"height":200,"srcset":"https:\/\/i0.wp.com\/www.freidenker.org\/fw17\/wp-content\/uploads\/2025\/10\/pech_migration_cropped_800x450.jpg?fit=800%2C450&ssl=1&resize=350%2C200 1x, https:\/\/i0.wp.com\/www.freidenker.org\/fw17\/wp-content\/uploads\/2025\/10\/pech_migration_cropped_800x450.jpg?fit=800%2C450&ssl=1&resize=525%2C300 1.5x, https:\/\/i0.wp.com\/www.freidenker.org\/fw17\/wp-content\/uploads\/2025\/10\/pech_migration_cropped_800x450.jpg?fit=800%2C450&ssl=1&resize=700%2C400 2x"},"classes":[]},{"id":16106,"url":"https:\/\/www.freidenker.org\/?p=16106","url_meta":{"origin":15985,"position":5},"title":"Gestrandet in Moskau: Liane Kilinc","author":"Webredaktion","date":"18. Mai 2023","format":false,"excerpt":"Videointerview von Ulrich Heyden mit Liane Kilinc Die Vorsitzende des Vereins \"Friedensbr\u00fccke-Kriegsopferhilfe e.V.\", Liane Kilinc, war in der zweiten April-H\u00e4lfte 16 Tage in der Volksrepublik Donezk, um die Verteilung Spenden-finanzierte humanit\u00e4rer Hilfe, die ihre Organisation mit organisiert zu begutachten und den Kontakt zu den \u00f6rtlichen Verwaltungen und freiwilligen Helfern zu\u2026","rel":"","context":"In &quot;Frieden - Antifaschismus - Solidarit\u00e4t&quot;","block_context":{"text":"Frieden - Antifaschismus - Solidarit\u00e4t","link":"https:\/\/www.freidenker.org\/?cat=13"},"img":{"alt_text":"","src":"https:\/\/i0.wp.com\/www.freidenker.org\/fw17\/wp-content\/uploads\/2023\/05\/kilinc_heyden_v2_800x450.jpg?fit=800%2C450&ssl=1&resize=350%2C200","width":350,"height":200,"srcset":"https:\/\/i0.wp.com\/www.freidenker.org\/fw17\/wp-content\/uploads\/2023\/05\/kilinc_heyden_v2_800x450.jpg?fit=800%2C450&ssl=1&resize=350%2C200 1x, https:\/\/i0.wp.com\/www.freidenker.org\/fw17\/wp-content\/uploads\/2023\/05\/kilinc_heyden_v2_800x450.jpg?fit=800%2C450&ssl=1&resize=525%2C300 1.5x, https:\/\/i0.wp.com\/www.freidenker.org\/fw17\/wp-content\/uploads\/2023\/05\/kilinc_heyden_v2_800x450.jpg?fit=800%2C450&ssl=1&resize=700%2C400 2x"},"classes":[]}],"_links":{"self":[{"href":"https:\/\/www.freidenker.org\/index.php?rest_route=\/wp\/v2\/posts\/15985","targetHints":{"allow":["GET"]}}],"collection":[{"href":"https:\/\/www.freidenker.org\/index.php?rest_route=\/wp\/v2\/posts"}],"about":[{"href":"https:\/\/www.freidenker.org\/index.php?rest_route=\/wp\/v2\/types\/post"}],"author":[{"embeddable":true,"href":"https:\/\/www.freidenker.org\/index.php?rest_route=\/wp\/v2\/users\/3"}],"replies":[{"embeddable":true,"href":"https:\/\/www.freidenker.org\/index.php?rest_route=%2Fwp%2Fv2%2Fcomments&post=15985"}],"version-history":[{"count":0,"href":"https:\/\/www.freidenker.org\/index.php?rest_route=\/wp\/v2\/posts\/15985\/revisions"}],"wp:featuredmedia":[{"embeddable":true,"href":"https:\/\/www.freidenker.org\/index.php?rest_route=\/wp\/v2\/media\/15987"}],"wp:attachment":[{"href":"https:\/\/www.freidenker.org\/index.php?rest_route=%2Fwp%2Fv2%2Fmedia&parent=15985"}],"wp:term":[{"taxonomy":"category","embeddable":true,"href":"https:\/\/www.freidenker.org\/index.php?rest_route=%2Fwp%2Fv2%2Fcategories&post=15985"},{"taxonomy":"post_tag","embeddable":true,"href":"https:\/\/www.freidenker.org\/index.php?rest_route=%2Fwp%2Fv2%2Ftags&post=15985"}],"curies":[{"name":"wp","href":"https:\/\/api.w.org\/{rel}","templated":true}]}}