{"id":15979,"date":"2023-05-07T20:33:17","date_gmt":"2023-05-07T18:33:17","guid":{"rendered":"https:\/\/www.freidenker.org\/?p=15979"},"modified":"2023-06-15T23:07:23","modified_gmt":"2023-06-15T21:07:23","slug":"meinungsfreiheit-demokratie-in-deutschland-oder-in-ungarn","status":"publish","type":"post","link":"https:\/\/www.freidenker.org\/?p=15979","title":{"rendered":"Meinungsfreiheit, Demokratie \u2013 in Deutschland oder in Ungarn?"},"content":{"rendered":"<p>Auf Empfehlung der Freidenkergruppe Ungarn ver\u00f6ffentlichen wir Ausz\u00fcge aus dem Magazin der <a href=\"https:\/\/www.budapester.hu\/\" target=\"_blank\" rel=\"noopener\"><em>Budapester Zeitung<\/em><\/a> (Nr. 9-2023).<\/p>\n<p style=\"text-align: right;\"><em>Webredaktion<\/em><\/p>\n<hr \/>\n<p><em><strong>Anna Berg,<\/strong> eine lebenslustige Th\u00fcringerin, lebt wegen der als immer unertr\u00e4glicher empfundenen Zust\u00e4nde in Deutschland seit anderthalb Jahren in einem kleinen Ort am Balaton unweit von Keszthely. Mit ihrem ungarischen Mann zog sie Ende der 1980er Jahre von Ungarn nach Th\u00fcringen, und nun wieder zur\u00fcck. Mit <strong>Rita Solym\u00e1r<\/strong> spricht sie \u00fcber ihre Motive:<\/em><\/p>\n<figure id=\"attachment_15980\" aria-describedby=\"caption-attachment-15980\" style=\"width: 291px\" class=\"wp-caption alignleft\"><img data-recalc-dims=\"1\" loading=\"lazy\" decoding=\"async\" data-attachment-id=\"15980\" data-permalink=\"https:\/\/www.freidenker.org\/?attachment_id=15980\" data-orig-file=\"https:\/\/i0.wp.com\/www.freidenker.org\/fw17\/wp-content\/uploads\/2023\/05\/anna_berg.png?fit=520%2C536&amp;ssl=1\" data-orig-size=\"520,536\" data-comments-opened=\"0\" data-image-meta=\"{&quot;aperture&quot;:&quot;0&quot;,&quot;credit&quot;:&quot;&quot;,&quot;camera&quot;:&quot;&quot;,&quot;caption&quot;:&quot;&quot;,&quot;created_timestamp&quot;:&quot;0&quot;,&quot;copyright&quot;:&quot;&quot;,&quot;focal_length&quot;:&quot;0&quot;,&quot;iso&quot;:&quot;0&quot;,&quot;shutter_speed&quot;:&quot;0&quot;,&quot;title&quot;:&quot;&quot;,&quot;orientation&quot;:&quot;0&quot;}\" data-image-title=\"anna_berg\" data-image-description=\"\" data-image-caption=\"\" data-large-file=\"https:\/\/i0.wp.com\/www.freidenker.org\/fw17\/wp-content\/uploads\/2023\/05\/anna_berg.png?fit=520%2C536&amp;ssl=1\" class=\"wp-image-15980 size-medium\" src=\"https:\/\/i0.wp.com\/www.freidenker.org\/fw17\/wp-content\/uploads\/2023\/05\/anna_berg.png?resize=291%2C300&#038;ssl=1\" alt=\"\" width=\"291\" height=\"300\" srcset=\"https:\/\/i0.wp.com\/www.freidenker.org\/fw17\/wp-content\/uploads\/2023\/05\/anna_berg.png?resize=291%2C300&amp;ssl=1 291w, https:\/\/i0.wp.com\/www.freidenker.org\/fw17\/wp-content\/uploads\/2023\/05\/anna_berg.png?w=520&amp;ssl=1 520w\" sizes=\"auto, (max-width: 291px) 100vw, 291px\" \/><figcaption id=\"caption-attachment-15980\" class=\"wp-caption-text\"><span style=\"font-size: 10pt;\">Anna Berg<\/span><\/figcaption><\/figure>\n<p>(\u2026) Dann kam die Pandemie und die damit verbundenen staatlich verordneten Eingriffe in die Privatsph\u00e4re der B\u00fcrger. Dabei wurde mir einmal mehr bewusst, dass in Deutschland kritisches, vom allgemeinen Mainstream abweichendes Denken nicht mehr erw\u00fcnscht ist. Andersdenkende werden diffamiert, Fragen zu stellen und Vorschriften zu hinterfragen gilt als verwerflich. Ich war einfach geschockt, als mir klar wurde, dass ich wieder \u00fcberlegen musste, mit wem ich wor\u00fcber sprechen kann. Und das in einer Demokratie?!<\/p>\n<p>Die ach so hochgelobte Diskussionskultur der Deutschen blieb irgendwann auf der Strecke, diskutiert wird nur so lange, wie alle ins gleiche Horn sto\u00dfen. Jede Meinung, die abseits des Mainstreams liegt, ist schlichtweg inakzeptabel und nat\u00fcrlich unwahr. Wer sich traut, abweichende Gedanken zu \u00e4u\u00dfern, wird bestenfalls nur mundtot gemacht und als Querdenker abgestempelt.<\/p>\n<p>Aber was bedeutet eigentlich Querdenken? Sucht man zum Beispiel in W\u00f6rterb\u00fcchern (heutzutage nat\u00fcrlich online) nach dem Begriff, bekommt man fast ausschlie\u00dflich Erkl\u00e4rungen, die Querdenker als renitente Corona-Leugner und Impfgegner beschreiben. Sucht man jedoch lange genug, so kann man auch lesen, dass das Querdenken im urspr\u00fcnglichen Sinne ganz und gar nicht negativ behaftet ist, denn Neues im Denken entsteht nur, wenn man sich von der allgemein herrschenden Meinung l\u00f6st und einen Gegenstand oder ein Problem aus einer anderen Perspektive betrachtet.<\/p>\n<p>Querdenken ist also n\u00fctzlich, ja sogar notwendig. Ber\u00fchmte Wissenschaftler wie Nikolaus Kopernikus, Charles Darwin und Sigmund Freud waren Querdenker. Nicht umsonst gelten sie als Begr\u00fcnder unseres modernen Weltbildes, sie stellten sich quer zu den Dogmen ihrer jeweiligen Zeit, misstrauten dem Schein und den allgemeinen Denkmustern. So gesehen muss es sogar Querdenker geben, um bei der Suche nach der Wahrheit voranzukommen.<\/p>\n<p>Leider hat dieser Begriff seit der Corona-Zeit einen absolut negativen Klang. Ja, Querdenker k\u00f6nnen unbequem sein, aber steter Tropfen h\u00f6hlt bekanntlich den Stein, man sollte sich also immer Geh\u00f6r verschaffen, wenn man anderer Meinung ist. Irgendwann werden auch unterdr\u00fcckte Ansichten ans Tageslicht kommen.<\/p>\n<p>Was bei mir letztendlich das sprich-w\u00f6rtliche Fass zum \u00dcberlaufen brachte, war die Tatsache, dass keiner meiner Autorenkollegen im Autorenverband, dessen Mitglied ich war, die Stimme gegen die Corona-Ma\u00dfnahmen erhob oder sich zumindest kritisch dazu \u00e4u\u00dferte. Ich war ma\u00dflos entt\u00e4uscht. Das traf mich so sehr, dass ich sogar meinen Facebook-Account l\u00f6schte. Das Netzwerk, dem ich angeh\u00f6rte, brachte mir nichts mehr, denn ich konnte nicht sein, was ich bin. In dem Moment stand f\u00fcr mich fest, dass ich in meiner alten Heimat samt ihrer unterw\u00fcrfigen, verbohrten B\u00fcrger nicht mehr leben will.<\/p>\n<p>Hier in Ungarn darf ich wiederum so sein, wie ich bin, und sagen, was ich denke \u2013 dar\u00fcber bin ich sehr froh. Ich lebe jetzt seit November 2021 in Ungarn und f\u00fchle mich hier rundum wohl. Ich habe lauter nette hilfsbereite Nachbarn, habe fast ausschlie\u00dflich gute Erfahrungen gemacht und eine Reihe interessante liebenswerte Menschen kennengelernt. Ich habe das Gef\u00fchl, zu Hause angekommen zu sein. Und wenn mich jemand fragt, kann ich ruhigen Gewissens sagen: Ich habe meine Entscheidung nicht bereut!<\/p>\n<p>&nbsp;<\/p>\n<hr \/>\n<h5><strong>Wer untergr\u00e4bt die Demokratie?<\/strong><\/h5>\n<p><em>Tagein, tagaus rauscht es im Bl\u00e4tterwald, \u00fcber die \u201egef\u00e4hrdete Demokratie\u201c in Ungarn, eine autorit\u00e4re Regierung und Sanktionen der EU, die n\u00f6tig seien, das Land wieder auf \u201erechtsstaatlichen Kurs\u201c zu bringen. In einem Interview nimmt die ungarische Justizministerin <strong>Judit Varga<\/strong> dazu Stellung (Ausz\u00fcge):<\/em><\/p>\n<figure id=\"attachment_15981\" aria-describedby=\"caption-attachment-15981\" style=\"width: 300px\" class=\"wp-caption alignleft\"><img data-recalc-dims=\"1\" loading=\"lazy\" decoding=\"async\" data-attachment-id=\"15981\" data-permalink=\"https:\/\/www.freidenker.org\/?attachment_id=15981\" data-orig-file=\"https:\/\/i0.wp.com\/www.freidenker.org\/fw17\/wp-content\/uploads\/2023\/05\/judit_varga.png?fit=628%2C631&amp;ssl=1\" data-orig-size=\"628,631\" data-comments-opened=\"0\" data-image-meta=\"{&quot;aperture&quot;:&quot;0&quot;,&quot;credit&quot;:&quot;&quot;,&quot;camera&quot;:&quot;&quot;,&quot;caption&quot;:&quot;&quot;,&quot;created_timestamp&quot;:&quot;0&quot;,&quot;copyright&quot;:&quot;&quot;,&quot;focal_length&quot;:&quot;0&quot;,&quot;iso&quot;:&quot;0&quot;,&quot;shutter_speed&quot;:&quot;0&quot;,&quot;title&quot;:&quot;&quot;,&quot;orientation&quot;:&quot;0&quot;}\" data-image-title=\"judit_varga\" data-image-description=\"\" data-image-caption=\"\" data-large-file=\"https:\/\/i0.wp.com\/www.freidenker.org\/fw17\/wp-content\/uploads\/2023\/05\/judit_varga.png?fit=628%2C631&amp;ssl=1\" class=\"wp-image-15981 size-medium\" src=\"https:\/\/i0.wp.com\/www.freidenker.org\/fw17\/wp-content\/uploads\/2023\/05\/judit_varga.png?resize=300%2C300&#038;ssl=1\" alt=\"\" width=\"300\" height=\"300\" srcset=\"https:\/\/i0.wp.com\/www.freidenker.org\/fw17\/wp-content\/uploads\/2023\/05\/judit_varga.png?resize=300%2C300&amp;ssl=1 300w, https:\/\/i0.wp.com\/www.freidenker.org\/fw17\/wp-content\/uploads\/2023\/05\/judit_varga.png?resize=150%2C150&amp;ssl=1 150w, https:\/\/i0.wp.com\/www.freidenker.org\/fw17\/wp-content\/uploads\/2023\/05\/judit_varga.png?w=628&amp;ssl=1 628w\" sizes=\"auto, (max-width: 300px) 100vw, 300px\" \/><figcaption id=\"caption-attachment-15981\" class=\"wp-caption-text\"><span style=\"font-size: 10pt;\">Judit Varga<\/span><\/figcaption><\/figure>\n<p>Die EU-Kommissarin Vera Jourov\u00e1 hat ein Konzept namens \u201eEuropean Democracy Action Plan\u201c ausget\u00fcftelt \u2013 die \u00c4hnlichkeit mit jener \u201eAction for Democracy\u201c aus den USA, die der ungarischen Opposition illegale Gelder im Wahlkampf zuflie\u00dfen lie\u00df, sticht ins Auge.<\/p>\n<p>Offiziell will die Initiative aus Br\u00fcssel \u00fcbrigens erreichen, dass in den europ\u00e4ischen Gesellschaften die Zivilsph\u00e4re, genauer gesagt die Einflussnahme von NGOs auf das \u00f6ffentliche Leben gest\u00e4rkt werden soll. Dabei widerspricht das allem, was wir bislang \u00fcber die Demokratie wussten und dachten.<\/p>\n<p>Wer Menschen repr\u00e4sentieren will, muss bei Wahlen antreten, die Parteien m\u00fcssen strengen und transparenten Finanzierungsregeln gerecht werden, \u00fcber die sie Rechenschaft abzulegen haben. Eine Parlamentsh\u00fcrde verdeutlicht den Ernst dieses Unterfangens, und Einmischungen aus dem Ausland sind allgemein unerw\u00fcnscht.<\/p>\n<p>In einem Rechtsstaat braucht es Garantien, dass externe Akteure den W\u00e4hlerwillen nicht beeinflussen. Wer Einfluss nehmen will, der muss bei den Wahlen antreten und deren Spielregeln einhalten. Die von den linksliberalen Medien in den Vordergrund ger\u00fcckten internationalen NGOs unterwerfen sich keiner Kontrolle und nehmen doch Einfluss auf die W\u00e4hler. Dabei legen sie kaum etwas \u00fcber sich offen.<\/p>\n<p>Die Vizepr\u00e4sidentin der EU-Kommission beruft sich hinterh\u00e4ltig auf B\u00fcrgerrechte und Demokratie, w\u00e4hrend sie f\u00fcr die Finanzierung von internationalen Organisationen sorgt, die politischen Zielen dienen und keinerlei demokratische Vollmachten mitbringen. So wurde die Finanzierung des Themas \u201eEurop\u00e4ische Rechte und Werte\u201c verdoppelt, wo NGOs an Staaten vorbei mit Geldern ausstaffiert werden. Um diese gut anderthalb Milliarden Euro k\u00f6nnen sich jene bewerben, die \u00fcber beste Kontakte zur EU-Zentrale verf\u00fcgen und ihr Netzwerk \u00fcber m\u00f6glichst viele Mitgliedstaaten ausdehnen.<\/p>\n<p>Immer h\u00e4ufiger verstecken sich Geldgeber hinter dem scheinbar neutralen Antlitz einer NGO, um letztlich aber doch ihren knallharten politischen Willen durchzusetzen. Wir m\u00fcssen verstehen, dass es hier nicht um die gesellschaftliche Kontrolle im guten Glauben oder aber um T\u00e4tigkeiten geht, mit denen die staatliche Pr\u00e4senz erg\u00e4nzt wird, wie beispielsweise beim Tierschutz. Schritt f\u00fcr Schritt wird sogar die Arbeit der EU-Kommission an internationale NGO-Netzwerke ausgelagert. An die Stelle einer indirekt oder auf direktem Wege gew\u00e4hlten politischen F\u00fchrung treten die Agenten von Organisationen, die im Wesentlichen f\u00fcr nichts Verantwortung tragen m\u00fcssen. Deshalb fordern wir pausenlos, Europa muss wieder die Demokratie der Demokratien werden.<\/p>\n<p>Als die EU-Kommission mit uns im Rahmen des Rechtsstaatsverfahrens das Gesetzespaket zum Justizwesen verhandelte, st\u00fctzte sich Br\u00fcssel \u2013 um die Arbeitsweise der ungarischen Gerichtsverwaltung beurteilen zu k\u00f6nnen \u2013 nicht etwa auf die dreitausend ungarischen Richter und deren Vereinigungen, sondern auf Amnesty International, Transparency International und das Ungarische Helsinki-Komitee.<\/p>\n<p>Frau Jourov\u00e1 meinte wiederum, sie werde erst Ruhe geben, wenn sie das Paket auf einer Budapester Konferenz gemeinsam mit den Vertretern dieser NGOs zerlegen oder halt billigen kann. Es zeugt von einem extrem merkw\u00fcrdigen Rechtsverst\u00e4ndnis, wenn eine mit dem Willen der B\u00fcrger regierende Partei bei der Gestaltung von Gesetzen nicht die Meinung der von der Exekutive im \u00dcbrigen unabh\u00e4ngigen Richter ber\u00fccksichtigen soll, sondern sich dem angeblichen Fachverstand von aus dem Ausland bezahlten NGOs zu unterwerfen hat. Das ist Nonsens!<\/p>\n<p>Die Lage stellt sich jedoch vollkommen anders dar, wenn Br\u00fcssel uns Korrekturen gest\u00fctzt auf die Meinung international finanzierter NGOs vorschreiben will. Noch ist die Europ\u00e4ische Union eine Gemeinschaft souver\u00e4ner Nationen und nicht ein Imperium, das aus einem \u00fcber den Nationen stehenden Zentrum gelenkt wird.<\/p>\n<p>In Br\u00fcssel ist die Hungarophobie mittlerweile Usus. In den internationalen Medien wurde eine unglaubliche Diskreditierungskampagne gestartet; was Jupiter erlaubt ist, daran d\u00fcrfen wir nicht einmal denken. So bezeichnete einst Judith Sargentini [EU-Abgeordnete der Niederlande] die Aufstellung von Verwaltungsgerichten in Ungarn als einen gegen die Rechtsstaatlichkeit gerichteten Akt. In der Slowakei wurden solche Gerichte erst k\u00fcrzlich eingef\u00fchrt, unter anderem um an Gelder in Koh\u00e4sionst\u00f6pfen zu gelangen. Hier geht es nicht um juristische oder fachliche Fragen, hier findet eine politische Hexenjagd statt.<\/p>\n<p>Ein riesiges Geflecht aus Politikern und Experten arbeitet in Br\u00fcssel daran, dass es den Ungarn so schlecht wie m\u00f6glich gehen m\u00f6ge. Seit Jahren erlebe ich, dass in Dokumenten der Kommission die gleichen Formulierungen auftauchen, wie sie von unserer Opposition daheim benutzt werden. Es werden konkret Texte abgestimmt, den Stift in Br\u00fcssel f\u00fchrt h\u00e4ufig eine ungarische Hand. Ich \u00fcbertreibe hier keinesfalls. Ohne ungarisches Zutun w\u00fcrde dieses Programm gar nicht zur Auff\u00fchrung gelangen.<\/p>\n<p>Wir m\u00fcssen uns nicht moralisch rechtfertigen und dem Druck der internationalen Medien nachgeben, das Parlament muss zuallererst die ungarischen Interessen zur Geltung bringen. Wir sind es leid, dass die als \u201edie Guten\u201c deklarierten Demokratien den nicht gef\u00e4lligen souver\u00e4nen L\u00e4ndern laufend vom hohen Ross aus diktieren wollen! Mit welchem Recht tun sie das? Wir lassen nicht so mit uns umspringen! Ungarns Regierung besitzt ausreichende Vollmachten und Stabilit\u00e4t, um ihre abweichende Meinung kundzutun.<\/p>\n<p>Nehmen wir die Richter, die im Magazin \u201ePolitico\u201c nahezu t\u00e4glich lesen m\u00fcssen, sie seien nicht unabh\u00e4ngig. Was denken sich diese Leute eigentlich, wer sie sind? Wie k\u00f6nnen Politiker eines Landes, wo die Regierung den Generalstaatsanwalt ernennt, eine mangelnde Unabh\u00e4ngigkeit der ungarischen Justiz beklagen?<\/p>\n<p style=\"text-align: right;\"><em>Judit Varga, Jahrgang 1980, ist seit Juli 2019 ungarische Justizministerin.<\/em><\/p>\n<p>Wir danken Herrn Jan Mainka, Herausgeber und Chefredakteur der Budapester Zeitung, f\u00fcr die Genehmigung der Text\u00fcbernahme.<\/p>\n<hr \/>\n<p><span style=\"font-size: 10pt;\">Bild oben: Collage von Ralf Lux unter Verwendung lizenzfreier Bilder von pixabay.com<\/span><\/p>\n","protected":false},"excerpt":{"rendered":"<p>Auf Empfehlung der Freidenkergruppe Ungarn ver\u00f6ffentlichen wir Ausz\u00fcge aus dem Magazin der Budapester Zeitung (Nr. 9-2023).<br \/>\n<b>Anna Berg<\/b>, eine lebenslustige Th\u00fcringerin, lebt wegen der als immer unertr\u00e4glicher empfundenen Zust\u00e4nde in Deutschland seit anderthalb Jahren in einem kleinen Ort am Balaton unweit von Keszthely. Mit ihrem ungarischen Mann zog sie Ende der 1980er Jahre von Ungarn nach Th\u00fcringen, und nun wieder zur\u00fcck. Mit <b>Rita Solym\u00e1r<\/b> spricht sie \u00fcber ihre Motive.<br \/>\nTagein, tagaus rauscht es im Bl\u00e4tterwald, \u00fcber die \u201egef\u00e4hrdete Demokratie\u201c in Ungarn, eine autorit\u00e4re Regierung und Sanktionen der EU, die n\u00f6tig seien, das Land wieder auf \u201erechtsstaatlichen Kurs\u201c zu bringen. In einem Interview nimmt die ungarische Justizministerin <b>Judit Varga<\/b> dazu Stellung.<\/p>\n","protected":false},"author":3,"featured_media":15983,"comment_status":"closed","ping_status":"closed","sticky":false,"template":"","format":"standard","meta":{"colormag_page_container_layout":"default_layout","colormag_page_sidebar_layout":"default_layout","advanced_seo_description":"","jetpack_seo_html_title":"","jetpack_seo_noindex":false,"jetpack_post_was_ever_published":false,"footnotes":""},"categories":[12],"tags":[162,182,213,1390,1793,1146,1333,794,1292,1313],"class_list":["post-15979","post","type-post","status-publish","format-standard","has-post-thumbnail","hentry","category-demokratie-medien-aufklaerung","tag-demokratie","tag-eu","tag-freies-denken","tag-literatur","tag-mainstream","tag-parteien","tag-querdenker","tag-rechtsstaatlichkeit","tag-ungarn","tag-wahlen"],"jetpack_featured_media_url":"https:\/\/i0.wp.com\/www.freidenker.org\/fw17\/wp-content\/uploads\/2023\/05\/Ungarn_Deutschland_800x450.jpg?fit=800%2C450&ssl=1","jetpack_shortlink":"https:\/\/wp.me\/p9stpK-49J","jetpack-related-posts":[{"id":24460,"url":"https:\/\/www.freidenker.org\/?p=24460","url_meta":{"origin":15979,"position":0},"title":"Wie der Spiegel die ukrainische \u00d6lblockade Ungarns und der Slowakei vertuscht","author":"Webredaktion","date":"21. Februar 2026","format":false,"excerpt":"Beitrag von Anti-Spiegel (d.i. Thomas R\u00f6per) Die Ukraine hat die Lieferungen von russischem \u00d6l nach Ungarn und damit auch in die Slowakei eingestellt, um vor den Wahlen in Ungarn eine Krise herbeizuf\u00fchren, wobei Kiew von der EU unterst\u00fctzt wird. Der Spiegel verschweigt die Zusammenh\u00e4nge und suggeriert, Russland sei an allem\u2026","rel":"","context":"In &quot;Demokratie \u2013 Medien \u2013 Aufkl\u00e4rung&quot;","block_context":{"text":"Demokratie \u2013 Medien \u2013 Aufkl\u00e4rung","link":"https:\/\/www.freidenker.org\/?cat=12"},"img":{"alt_text":"","src":"https:\/\/i0.wp.com\/www.freidenker.org\/fw17\/wp-content\/uploads\/2026\/02\/Mazir-Druzsba_800x450.jpg?fit=800%2C450&ssl=1&resize=350%2C200","width":350,"height":200,"srcset":"https:\/\/i0.wp.com\/www.freidenker.org\/fw17\/wp-content\/uploads\/2026\/02\/Mazir-Druzsba_800x450.jpg?fit=800%2C450&ssl=1&resize=350%2C200 1x, https:\/\/i0.wp.com\/www.freidenker.org\/fw17\/wp-content\/uploads\/2026\/02\/Mazir-Druzsba_800x450.jpg?fit=800%2C450&ssl=1&resize=525%2C300 1.5x, https:\/\/i0.wp.com\/www.freidenker.org\/fw17\/wp-content\/uploads\/2026\/02\/Mazir-Druzsba_800x450.jpg?fit=800%2C450&ssl=1&resize=700%2C400 2x"},"classes":[]},{"id":20258,"url":"https:\/\/www.freidenker.org\/?p=20258","url_meta":{"origin":15979,"position":1},"title":"Europas Weg in den Ersten Weltkrieg","author":"Webredaktion","date":"10. November 2024","format":false,"excerpt":"Historischer \u00dcberblick von\u00a0Wolfgang Sch\u00fcrer Die 22 Staaten in Europa 1914: 6 Staaten waren Gro\u00dfm\u00e4chte: Das Vereinigtes K\u00f6nigreich (mit dem Empire), Deutschland (mit Kolonien), Russland (Vielv\u00f6lkerstaat), Frankreich (mit Kolonien), \u00d6sterreich-Ungarn (Vielv\u00f6lkerstaat), Italien (mit Kolonien). Die T\u00fcrkei (damals das Osmanische Reich, ein Vielv\u00f6lkerstaat) und Spanien waren ehemalige Gro\u00dfm\u00e4chte. Die Niederlande, Belgien und\u2026","rel":"","context":"In &quot;Geschichte&quot;","block_context":{"text":"Geschichte","link":"https:\/\/www.freidenker.org\/?cat=1162"},"img":{"alt_text":"","src":"https:\/\/i0.wp.com\/www.freidenker.org\/fw17\/wp-content\/uploads\/2024\/11\/Der_Weltkrieg__Zigarettenalbum_6_800x450.jpg?fit=800%2C450&ssl=1&resize=350%2C200","width":350,"height":200,"srcset":"https:\/\/i0.wp.com\/www.freidenker.org\/fw17\/wp-content\/uploads\/2024\/11\/Der_Weltkrieg__Zigarettenalbum_6_800x450.jpg?fit=800%2C450&ssl=1&resize=350%2C200 1x, https:\/\/i0.wp.com\/www.freidenker.org\/fw17\/wp-content\/uploads\/2024\/11\/Der_Weltkrieg__Zigarettenalbum_6_800x450.jpg?fit=800%2C450&ssl=1&resize=525%2C300 1.5x, https:\/\/i0.wp.com\/www.freidenker.org\/fw17\/wp-content\/uploads\/2024\/11\/Der_Weltkrieg__Zigarettenalbum_6_800x450.jpg?fit=800%2C450&ssl=1&resize=700%2C400 2x"},"classes":[]},{"id":8203,"url":"https:\/\/www.freidenker.org\/?p=8203","url_meta":{"origin":15979,"position":2},"title":"Viktor Orb\u00e1n: Ungarn zuerst! \u2013 Konzeptionelle Hintergr\u00fcnde seiner Politik","author":"Webredaktion","date":"14. Juni 2020","format":false,"excerpt":"Beitrag von Prof. Dr. Anton Latzo Unter Pr\u00e4sident Viktor Orb\u00e1n vollzieht Ungarn eine politische Neuausrichtung. Ohne sich vom Westen abzukoppeln, will Orb\u00e1n engere Beziehungen zu Russland und China. Dagegen stemmt sich Deutschland mit seinem wirtschaftlichen Einfluss. In den vergangenen 30 Jahren haben in Ungarn vor allem zwei politische Kr\u00e4ftegruppierungen die\u2026","rel":"","context":"In &quot;Frieden - Antifaschismus - Solidarit\u00e4t&quot;","block_context":{"text":"Frieden - Antifaschismus - Solidarit\u00e4t","link":"https:\/\/www.freidenker.org\/?cat=13"},"img":{"alt_text":"","src":"https:\/\/i0.wp.com\/www.freidenker.org\/fw17\/wp-content\/uploads\/2020\/06\/orban_putin_v2_800x450.jpg?fit=800%2C450&ssl=1&resize=350%2C200","width":350,"height":200,"srcset":"https:\/\/i0.wp.com\/www.freidenker.org\/fw17\/wp-content\/uploads\/2020\/06\/orban_putin_v2_800x450.jpg?fit=800%2C450&ssl=1&resize=350%2C200 1x, https:\/\/i0.wp.com\/www.freidenker.org\/fw17\/wp-content\/uploads\/2020\/06\/orban_putin_v2_800x450.jpg?fit=800%2C450&ssl=1&resize=525%2C300 1.5x, https:\/\/i0.wp.com\/www.freidenker.org\/fw17\/wp-content\/uploads\/2020\/06\/orban_putin_v2_800x450.jpg?fit=800%2C450&ssl=1&resize=700%2C400 2x"},"classes":[]},{"id":19443,"url":"https:\/\/www.freidenker.org\/?p=19443","url_meta":{"origin":15979,"position":3},"title":"Wenn ein deutscher &#8222;nicht-bin\u00e4rer&#8220; Schl\u00e4ger versehentlich in Ungarn landet","author":"Webredaktion","date":"3. Juli 2024","format":false,"excerpt":"Beitrag von Dagmar Henn Eigentlich ist das, was aktuell geschehen ist, eher eine Farce: Da gibt es aus Ungarn einen Auslieferungsantrag gegen eine Deutsche (wobei die besagte Person, das betonen alle Presseberichte, \"nicht-bin\u00e4r\" sein soll, also ebenso gut m\u00e4nnlich sein kann) und das Berliner Kammergericht entscheidet, dass die Auslieferung zul\u00e4ssig\u2026","rel":"","context":"In &quot;Demokratie \u2013 Medien \u2013 Aufkl\u00e4rung&quot;","block_context":{"text":"Demokratie \u2013 Medien \u2013 Aufkl\u00e4rung","link":"https:\/\/www.freidenker.org\/?cat=12"},"img":{"alt_text":"","src":"https:\/\/i0.wp.com\/www.freidenker.org\/fw17\/wp-content\/uploads\/2024\/07\/gewalt_generative-ai-8400311_800x450.jpg?fit=800%2C450&ssl=1&resize=350%2C200","width":350,"height":200,"srcset":"https:\/\/i0.wp.com\/www.freidenker.org\/fw17\/wp-content\/uploads\/2024\/07\/gewalt_generative-ai-8400311_800x450.jpg?fit=800%2C450&ssl=1&resize=350%2C200 1x, https:\/\/i0.wp.com\/www.freidenker.org\/fw17\/wp-content\/uploads\/2024\/07\/gewalt_generative-ai-8400311_800x450.jpg?fit=800%2C450&ssl=1&resize=525%2C300 1.5x, https:\/\/i0.wp.com\/www.freidenker.org\/fw17\/wp-content\/uploads\/2024\/07\/gewalt_generative-ai-8400311_800x450.jpg?fit=800%2C450&ssl=1&resize=700%2C400 2x"},"classes":[]},{"id":17321,"url":"https:\/\/www.freidenker.org\/?p=17321","url_meta":{"origin":15979,"position":4},"title":"Droht Ungarn eine Farbrevolution?","author":"Webredaktion","date":"24. Oktober 2023","format":false,"excerpt":"Beitrag von Dagmar Henn Seit dem Treffen des ungarischen Ministerpr\u00e4sidenten Viktor Orb\u00e1n erschienen eine Reihe von Artikeln, in denen betont wird, wie verwerflich diese Begegnung doch gewesen sei. Die Vorhaltungen sind dabei irgendwo zwischen zynisch und komisch, wenn man die aktuelle Weltlage mit in Blick nimmt, aber sie sind vor\u2026","rel":"","context":"In &quot;Demokratie \u2013 Medien \u2013 Aufkl\u00e4rung&quot;","block_context":{"text":"Demokratie \u2013 Medien \u2013 Aufkl\u00e4rung","link":"https:\/\/www.freidenker.org\/?cat=12"},"img":{"alt_text":"","src":"https:\/\/i0.wp.com\/www.freidenker.org\/fw17\/wp-content\/uploads\/2023\/10\/Vladimir_Putin_and_Viktor_Orban_2017-08-28_800x450.jpg?fit=800%2C450&ssl=1&resize=350%2C200","width":350,"height":200,"srcset":"https:\/\/i0.wp.com\/www.freidenker.org\/fw17\/wp-content\/uploads\/2023\/10\/Vladimir_Putin_and_Viktor_Orban_2017-08-28_800x450.jpg?fit=800%2C450&ssl=1&resize=350%2C200 1x, https:\/\/i0.wp.com\/www.freidenker.org\/fw17\/wp-content\/uploads\/2023\/10\/Vladimir_Putin_and_Viktor_Orban_2017-08-28_800x450.jpg?fit=800%2C450&ssl=1&resize=525%2C300 1.5x, https:\/\/i0.wp.com\/www.freidenker.org\/fw17\/wp-content\/uploads\/2023\/10\/Vladimir_Putin_and_Viktor_Orban_2017-08-28_800x450.jpg?fit=800%2C450&ssl=1&resize=700%2C400 2x"},"classes":[]},{"id":24906,"url":"https:\/\/www.freidenker.org\/?p=24906","url_meta":{"origin":15979,"position":5},"title":"Orban wankte \u2013 und fiel","author":"Webredaktion","date":"18. April 2026","format":false,"excerpt":"Ungarn hat gew\u00e4hlt. Viele hoffen, dass die EU ihre Probleme l\u00f6st \u2013 ein m\u00f6glicher Irrtum Ein Kommentar von Tilo Gr\u00e4ser \u201eOrban wankt\u201c habe ich im Juni vergangenen Jahres nach einem meiner Aufenthalte in Ungarn geschrieben. In dem Beitrag habe ich auf eine Stimmung in dem Land an Donau und Thei\u00df\u2026","rel":"","context":"In &quot;Aktuelles&quot;","block_context":{"text":"Aktuelles","link":"https:\/\/www.freidenker.org\/?cat=574"},"img":{"alt_text":"","src":"https:\/\/i0.wp.com\/www.freidenker.org\/fw17\/wp-content\/uploads\/2026\/04\/1280px-Viktor_Orban_2025.06.26_03_800x450.jpg?fit=800%2C450&ssl=1&resize=350%2C200","width":350,"height":200,"srcset":"https:\/\/i0.wp.com\/www.freidenker.org\/fw17\/wp-content\/uploads\/2026\/04\/1280px-Viktor_Orban_2025.06.26_03_800x450.jpg?fit=800%2C450&ssl=1&resize=350%2C200 1x, https:\/\/i0.wp.com\/www.freidenker.org\/fw17\/wp-content\/uploads\/2026\/04\/1280px-Viktor_Orban_2025.06.26_03_800x450.jpg?fit=800%2C450&ssl=1&resize=525%2C300 1.5x, https:\/\/i0.wp.com\/www.freidenker.org\/fw17\/wp-content\/uploads\/2026\/04\/1280px-Viktor_Orban_2025.06.26_03_800x450.jpg?fit=800%2C450&ssl=1&resize=700%2C400 2x"},"classes":[]}],"_links":{"self":[{"href":"https:\/\/www.freidenker.org\/index.php?rest_route=\/wp\/v2\/posts\/15979","targetHints":{"allow":["GET"]}}],"collection":[{"href":"https:\/\/www.freidenker.org\/index.php?rest_route=\/wp\/v2\/posts"}],"about":[{"href":"https:\/\/www.freidenker.org\/index.php?rest_route=\/wp\/v2\/types\/post"}],"author":[{"embeddable":true,"href":"https:\/\/www.freidenker.org\/index.php?rest_route=\/wp\/v2\/users\/3"}],"replies":[{"embeddable":true,"href":"https:\/\/www.freidenker.org\/index.php?rest_route=%2Fwp%2Fv2%2Fcomments&post=15979"}],"version-history":[{"count":0,"href":"https:\/\/www.freidenker.org\/index.php?rest_route=\/wp\/v2\/posts\/15979\/revisions"}],"wp:featuredmedia":[{"embeddable":true,"href":"https:\/\/www.freidenker.org\/index.php?rest_route=\/wp\/v2\/media\/15983"}],"wp:attachment":[{"href":"https:\/\/www.freidenker.org\/index.php?rest_route=%2Fwp%2Fv2%2Fmedia&parent=15979"}],"wp:term":[{"taxonomy":"category","embeddable":true,"href":"https:\/\/www.freidenker.org\/index.php?rest_route=%2Fwp%2Fv2%2Fcategories&post=15979"},{"taxonomy":"post_tag","embeddable":true,"href":"https:\/\/www.freidenker.org\/index.php?rest_route=%2Fwp%2Fv2%2Ftags&post=15979"}],"curies":[{"name":"wp","href":"https:\/\/api.w.org\/{rel}","templated":true}]}}