{"id":15971,"date":"2023-05-07T20:33:06","date_gmt":"2023-05-07T18:33:06","guid":{"rendered":"https:\/\/www.freidenker.org\/?p=15971"},"modified":"2023-06-15T23:07:16","modified_gmt":"2023-06-15T21:07:16","slug":"deutsche-gewerkschaften-schweigen-zu-nazi-terror-gedenken-an-opfer-im-gewerkschaftshaus-in-odessa","status":"publish","type":"post","link":"https:\/\/www.freidenker.org\/?p=15971","title":{"rendered":"Deutsche Gewerkschaften schweigen zu Nazi-Terror \u2013 Gedenken an Opfer im Gewerkschaftshaus in Odessa"},"content":{"rendered":"<p><strong>&#8222;2. Mai 1933 Deutschland \u2013 2. Mai 2014 Ukraine \u2013 Nazis gegen Gewerkschaftsh\u00e4user&#8220;: Anl\u00e4sslich des Gedenkens an die Opfer der Nazigewalt gegen ukrainische Regierungskritiker am 2. Mai 2014 in Odessa organisierten die Freidenker in Offenbach eine <a href=\"https:\/\/www.freidenker.org\/?p=15791\">Vorf\u00fchrung des Films &#8222;Remember Odessa&#8220;<\/a>. In der Diskussion bekannten Zuschauer, dass sie bis dahin vieles nicht gewusst h\u00e4tten.<\/strong><\/p>\n<p><em>Von <strong>Felicitas Rabe<\/strong><\/em><\/p>\n<p><span style=\"font-size: 10pt;\">Erstver\u00f6ffentlichung am 04.05.2023 auf <a href=\"https:\/\/pressefreiheit.rtde.live\/international\/169284-deutsche-gewerkschaften-schweigen-zu-nazi\/\" target=\"_blank\" rel=\"noopener\">RT DE<\/a><\/span><\/p>\n<p><span style=\"font-size: 10pt;\">\u2193 Beachte auch das <a href=\"#video\">Video von dieser Veranstaltung<\/a><\/span><\/p>\n<p>Die hessischen Freidenker luden am Abend des 2. Mai 2023 zu einer Vorf\u00fchrung des Dokumentarfilms <a href=\"https:\/\/rumble.com\/vvyu4r-remember-odessa-wir-vergessen-nicht-wir-vergeben-nicht-dokumentarfilm-i-201.html\">&#8222;Remember Odessa&#8220;<\/a>\u00a0ein mit anschlie\u00dfender Diskussion \u00fcber den Hintergrund des Massakers und \u00fcber die politische Entwicklung in der Ukraine. Anl\u00e4sslich des Jahrestages des Massenmords im Gewerkschaftshaus in der s\u00fcdwestukrainischen Stadt Odessa wollten sie der Opfer gedenken. An der Podiumsdiskussion nahmen neben dem <a href=\"https:\/\/www.eulenspiegel.com\/autoren\/autor\/1437-wilhelm-domke-schulz.html\">Filmregisseur <\/a>und Publizisten Wilhelm Domke-Schulz auch der Gr\u00fcnder des Youtube-Kanals <a href=\"https:\/\/www.youtube.com\/@druschbafm6305\">Druschba FM<\/a>, Sergey Filbert, sowie Jan Veil von den<a href=\"https:\/\/magma-magazin.su\/2022\/10\/freie-linke-zukunft\/zwei-jahre-freie-linke-vergangenheit-gegenwart-zukunft\/\"> Freien Linken<\/a>\u00a0und der Pr\u00e4sident der Weltunion der <a href=\"https:\/\/www.freidenker.org\/\">Freidenker<\/a>, Klaus Hartmann, teil.<\/p>\n<p>In der Veranstaltungsbeschreibung der Freidenker werden die schrecklichen Ereignisse vom Mai 2014 in Odessa zusammengefasst:<\/p>\n<p>&#8222;Nach dem Staatsstreich in Kiew kommt es im Osten und S\u00fcden der Ukraine zu massiven Gegenprotesten, Odessa wird zum wichtigsten Zentrum des zivilen Widerstandes. Zehntausende Menschen protestieren Woche f\u00fcr Woche gegen das illegitime Regime in Kiew. Am 2. Mai 2014 st\u00fcrmen mehrere Hundert radikaler Nationalisten und Bewaffnete des faschistischen Asow-Regiments das Protestlager. Die Regierungsgegner fl\u00fcchten in das dahinter liegende Gewerkschaftshaus, das dann von den Nazis in Brand gesetzt wurde. 48 Menschen wurden bei lebendigem Leib verbrannt, wer durch die Fenster ins Freie fl\u00fcchten konnte, wurde mit Kn\u00fcppeln erschlagen. Der Film f\u00fchrt uns an den Ort des bis heute unges\u00fchnten, furchtbaren Verbrechens, die M\u00f6rder von Odessa sind bis heute auf freiem Fu\u00df.&#8220;<\/p>\n<p>Der Pr\u00e4sident der Weltunion der Freidenker, Klaus Hartmann, erinnerte im Rahmen der Gedenkveranstaltung an die St\u00fcrmung der Gewerkschaftsh\u00e4user durch die SA-Horden am 2. Mai 1933. Anschlie\u00dfend habe die Gleichschaltung der Gewerkschaften in Nazi-Deutschland begonnen. Im Februar 2023 verurteilte der DGB in einer gemeinsamen Erkl\u00e4rung mit dem deutschen Arbeitgeberverband die &#8222;kriegerische Aggression&#8220; Russlands. Zum Verbrechen im Gewerkschaftshaus in Odessa w\u00fcrden die deutschen Gewerkschaftsspitzen bis heute schweigen.<\/p>\n<p>Vor der Filmvorf\u00fchrung begr\u00fc\u00dfte der Filmemacher Wilhelm Domke-Schulz die rund 70 Zuschauer, die sich in der kleinen Ortschaft Offenbach-Bieber zum Gedenktag im Wiener Hof eingefunden hatten. Zur Zeit seiner Ausbildung habe man sich an der Filmhochschule Babelsberg intensiv mit dem Faschismus und der Ideologie des Faschismus auseinandergesetzt, erkl\u00e4rte Domke-Schulz.<\/p>\n<p>In der ehemaligen DDR habe es zum Ideal eines Filmemachers geh\u00f6rt, sich mit seinen Werken gegen den Faschismus zu engagieren. Die Ehrung von Anti-Faschisten sei Bestandteil seiner Sozialisation gewesen, insbesondere auch deshalb, weil zu DDR-Zeiten viele Stra\u00dfen nach Anti-Faschisten benannt wurden. Nach der Wende habe man diese Stra\u00dfennamen ausgetauscht.<\/p>\n<p>Bei den Maidan-Ereignissen in Kiew im Jahr 2014 sei er vom ersten bis zum letzten Tag mit Filmteams dabei gewesen. Die Berichterstattung \u00fcber die nach offiziellen Angaben 48 toten Regierungsgegner habe in der westlichen Presse nur drei Tage angehalten. Am Ende seien die Morde russischen Agenten in die Schuhe geschoben worden.<\/p>\n<p>Das Filmwerk l\u00e4sst den Zuschauer unmittelbar in die Ereignisse in Odessa im Mai 2014 eintauchen. Mit Originalbildern und -zeitzeugen werden die politischen K\u00e4mpfe zwischen den ukrainischen Nationalisten und den traditionell multikulturell eingestellten Regierungsgegnern in der Stadt am Schwarzen Meer nachvollziehbar wiedergegeben.<\/p>\n<p>Dabei werden den Zuschauern auch Originalaufnahmen von den Gr\u00e4ueltaten der Nationalisten an den Regierungsgegnern zugemutet, die damals von Zeugen gefilmt wurden. Im Film werden die schrecklichen Verbrechen und die politischen Auseinandersetzungen, die in Odessa bis heute andauern, auf eine Weise rekonstruiert, dass der Zuschauer schlie\u00dflich die Entwicklung in der Ukraine insgesamt nachvollziehen kann.<\/p>\n<p>Angeh\u00f6rige beklagen ungef\u00e4hr hundert Menschen, die an dem Tag im Gewerkschaftshaus durch Br\u00e4nde und Gasvergiftungen get\u00f6tet wurden. Einige starben auch bei einem Sprung aus dem Fenster, wurden erschossen oder zu Tode gepr\u00fcgelt. Bis heute gibt es weder eine politische noch gerichtliche Aufarbeitung der Verbrechen. Weitere 100 Personen werden seit jenem Tag vermisst. International bleibt es bei der Zahl von 48 Opfern \u2013 denn bei mehr als 50 Toten m\u00fcsse eine internationale Untersuchung einberufen werden, erkl\u00e4rte Sergey Filbert.<\/p>\n<p>W\u00e4hrend die Regierungsgegner bis heute der Opfer im Gewerkschaftshaus gedenken, feiern die Nationalisten diesen Tag als Tag des Sieges f\u00fcr die Helden der Ukraine, macht der deutsch-russische Friedensaktivist von Druschba FM den Zuschauern in der Diskussion noch einmal deutlich. Selbst &#8222;gestandene Linke&#8220; w\u00fcrden es ablehnen, \u00fcber den Donbass und das Gewerkschaftshaus in Odessa zu diskutieren.<\/p>\n<p>Jan Veil von den Freien Linken geht davon aus, dass man die Regierungsgegner am 2. Mai zwecks Abschreckung planm\u00e4\u00dfig umgebracht habe:<\/p>\n<blockquote><p><em>&#8222;Es war geplant, dass es viele Tote gibt, damit der Widerstand gegen die Nazis abgeschreckt wird.&#8220;<br \/>\n<\/em><\/p><\/blockquote>\n<p>Schlie\u00dflich seien in Odessa massenhaft Regierungsgegner in den Widerstand gegangen, das wollte man damit beenden, so Veil. Es sei ihm bislang nicht bekannt gewesen, dass es in Kiew auch so einen gro\u00dfen, friedlichen Anti-Maidan gegeben h\u00e4tte, bekannte ein Zuschauer nach dem Film. Und ein anderer Zuschauer stellte fest, man k\u00f6nne in den Originalaufnahmen des Films sehr gut erkennen,<\/p>\n<blockquote><p><em>dass es sich tats\u00e4chlich um Nazis handele, die gegen die Regierungsgegner k\u00e4mpften \u2013 an ihren Slogans zur Banderaverehrung und an ihren verachtenden Aussagen gegen\u00fcber Juden.\u00a0<\/em><\/p><\/blockquote>\n<p>Dieser Film m\u00fcsse unbedingt in die Kinos, pl\u00e4dierten am Ende gleich mehrere Zuschauer.<\/p>\n<p style=\"text-align: right;\"><em>Felicitas Rabe interviewte u.a. bereits Diether Dehm (<a class=\"moz-txt-link-freetext\" href=\"https:\/\/www.freidenker.org\/?p=15713\">https:\/\/www.freidenker.org\/?p=15713<\/a>), Karin Leukefeld (<a class=\"moz-txt-link-freetext\" href=\"https:\/\/www.freidenker.org\/?p=14867\">https:\/\/www.freidenker.org\/?p=14867<\/a>) und Klaus Hartmann (<a class=\"moz-txt-link-freetext\" href=\"https:\/\/www.freidenker.org\/?p=14852\">https:\/\/www.freidenker.org\/?p=14852<\/a>).<\/em><\/p>\n<hr \/>\n<h4><a id=\"video\"><\/a>Video<\/h4>\n<p>Von der anschlie\u00dfenden Diskussion gibt es ein Video von KCSB.TV<\/p>\n<p><iframe loading=\"lazy\" id=\"odysee-iframe\" src=\"https:\/\/odysee.com\/$\/embed\/@KCSB.TV:a\/Freidenker_RememberOdessa_Gespraech:4?r=EuEiaLSh3RdaJKY44TL888k26iEAHfB3\" width=\"560\" height=\"315\" allowfullscreen=\"allowfullscreen\"><\/iframe><\/p>\n<p><span style=\"font-size: 10pt;\">Direktlink zum Video: <a href=\"https:\/\/odysee.com\/@KCSB.TV:a\/Freidenker_RememberOdessa_Gespraech:4\" target=\"_blank\" rel=\"noopener\">https:\/\/odysee.com\/@KCSB.TV:a\/Freidenker_RememberOdessa_Gespraech:4<\/a><\/span><\/p>\n<hr \/>\n<p><em>Veranstaltungen zum Gedenken an den Tag der Befreiung vom Faschismus, an denen der deutsche Freidenker-Verband sich beteiligt:<\/em><\/p>\n<p><em>Sonntag, 7. Mai um 11 Uhr auf dem Opernplatz in Frankfurt a. M., Teilnahme am &#8222;Unsterblichen Regiment&#8220;<\/em><br \/>\n<em> Montag, 8. Mai um 16 Uhr in Offenbach an der Flamme f\u00fcr die Opfer des Naziterrors vor dem Rathaus eine Gedenkstunde zum Tag der Befreiung vom Faschismus<br \/>\nDienstag, 9. Mai um 11 Uhr, Frankfurter Hauptfriedhof, Teilnahme an der Kranzniederlegung zum Tag des Sieges am Denkmal f\u00fcr die sowjetischen Kriegsopfer<\/em><\/p>\n<hr \/>\n<p><span style=\"font-size: 10pt;\">Bild oben: Aus dem Veranstaltungsflyer der Offenbacher Freidenker<\/span><\/p>\n","protected":false},"excerpt":{"rendered":"<p><b>Bericht von Felicitas Rabe \u00fcber eine Veranstaltung der hessischen Freidenker<\/b> sowie ein <b>Video von KCSB.TV<\/b><br \/>\nDie hessischen Freidenker luden am Abend des 2. Mai 2023 zu einer Vorf\u00fchrung des Dokumentarfilms &#8222;Remember Odessa&#8220;\u00a0ein mit anschlie\u00dfender Diskussion \u00fcber den Hintergrund des Massakers und \u00fcber die politische Entwicklung in der Ukraine. Anl\u00e4sslich des Jahrestages des Massenmords im Gewerkschaftshaus in der s\u00fcdwestukrainischen Stadt Odessa wollten sie der Opfer gedenken. An der Podiumsdiskussion nahmen neben dem Filmregisseur und Publizisten Wilhelm Domke-Schulz auch der Gr\u00fcnder des Youtube-Kanals Druschba FM, Sergey Filbert, sowie Jan Veil von den Freien Linken\u00a0und der Pr\u00e4sident der Weltunion der Freidenker, Klaus Hartmann, teil.<\/p>\n","protected":false},"author":3,"featured_media":15795,"comment_status":"closed","ping_status":"closed","sticky":false,"template":"","format":"standard","meta":{"colormag_page_container_layout":"default_layout","colormag_page_sidebar_layout":"default_layout","advanced_seo_description":"","jetpack_seo_html_title":"","jetpack_seo_noindex":false,"jetpack_post_was_ever_published":false,"footnotes":""},"categories":[13,19],"tags":[451,665,358,188,1067,1692,1103,639,1050],"class_list":["post-15971","post","type-post","status-publish","format-standard","has-post-thumbnail","hentry","category-frieden-antifaschismus-solidaritaet","category-veranstaltungen-in-den-dfv-landesverbaenden","tag-faschismus","tag-filmkunst","tag-gewerkschaft","tag-krieg","tag-lv-hessen","tag-odessa","tag-putsch","tag-ukraine-konflikt","tag-veranstaltung"],"jetpack_featured_media_url":"https:\/\/i0.wp.com\/www.freidenker.org\/fw17\/wp-content\/uploads\/2023\/04\/remeber_odessa_800x450.jpg?fit=800%2C450&ssl=1","jetpack_shortlink":"https:\/\/wp.me\/p9stpK-49B","jetpack-related-posts":[{"id":15791,"url":"https:\/\/www.freidenker.org\/?p=15791","url_meta":{"origin":15971,"position":0},"title":"Film: Remember Odessa","author":"Webredaktion","date":"19. April 2023","format":false,"excerpt":"Filmvorf\u00fchrung mit anschlie\u00dfender Diskussion Dienstag, 02.05.2023, 19 Uhr, Gastst\u00e4tte Wiener Hof, Langener Stra\u00dfe 23, 63073 Offenbach Bieber Der Dokumentarfilm des Filmemachers Wilhelm Domke-Schulz zeigt die drama\u00adtischen Ereignisse am 1. und 2. Mai 2014 in der Hafenstadt Odessa am Schwarzen Meer. Nach dem Staatstreich in Kiew kommt es im Osten und\u2026","rel":"","context":"In &quot;Veranstaltungen in den DFV-Landesverb\u00e4nden&quot;","block_context":{"text":"Veranstaltungen in den DFV-Landesverb\u00e4nden","link":"https:\/\/www.freidenker.org\/?cat=19"},"img":{"alt_text":"","src":"https:\/\/i0.wp.com\/www.freidenker.org\/fw17\/wp-content\/uploads\/2023\/04\/remeber_odessa_800x450.jpg?fit=800%2C450&ssl=1&resize=350%2C200","width":350,"height":200,"srcset":"https:\/\/i0.wp.com\/www.freidenker.org\/fw17\/wp-content\/uploads\/2023\/04\/remeber_odessa_800x450.jpg?fit=800%2C450&ssl=1&resize=350%2C200 1x, https:\/\/i0.wp.com\/www.freidenker.org\/fw17\/wp-content\/uploads\/2023\/04\/remeber_odessa_800x450.jpg?fit=800%2C450&ssl=1&resize=525%2C300 1.5x, https:\/\/i0.wp.com\/www.freidenker.org\/fw17\/wp-content\/uploads\/2023\/04\/remeber_odessa_800x450.jpg?fit=800%2C450&ssl=1&resize=700%2C400 2x"},"classes":[]},{"id":13009,"url":"https:\/\/www.freidenker.org\/?p=13009","url_meta":{"origin":15971,"position":1},"title":"Erinnerung an das Massaker in Odessa","author":"Webredaktion","date":"4. Mai 2022","format":false,"excerpt":"Vor acht Jahren am 2. Mai 2014 starben \u00fcber 40 Menschen durch rechte faschistische Gewalt. Aus diesem Anlass fand am 2.Mai 2022 eine Mahnwache am Brandenburger Tor in Berlin statt. Wir dokumentieren hier die Rede von Liane Kilinc, Vorsitzende des Vereins \"Friedensbr\u00fccke-Kriegsopferhilfe e.V.\" und Mitglied des Deutschen Freidenker-Verbandes in Berlin.\u00a0\u2026","rel":"","context":"In &quot;Frieden - Antifaschismus - Solidarit\u00e4t&quot;","block_context":{"text":"Frieden - Antifaschismus - Solidarit\u00e4t","link":"https:\/\/www.freidenker.org\/?cat=13"},"img":{"alt_text":"","src":"https:\/\/i0.wp.com\/www.freidenker.org\/fw17\/wp-content\/uploads\/2022\/05\/LIane_Kilinc_2022-05-02.jpg?fit=800%2C450&ssl=1&resize=350%2C200","width":350,"height":200,"srcset":"https:\/\/i0.wp.com\/www.freidenker.org\/fw17\/wp-content\/uploads\/2022\/05\/LIane_Kilinc_2022-05-02.jpg?fit=800%2C450&ssl=1&resize=350%2C200 1x, https:\/\/i0.wp.com\/www.freidenker.org\/fw17\/wp-content\/uploads\/2022\/05\/LIane_Kilinc_2022-05-02.jpg?fit=800%2C450&ssl=1&resize=525%2C300 1.5x, https:\/\/i0.wp.com\/www.freidenker.org\/fw17\/wp-content\/uploads\/2022\/05\/LIane_Kilinc_2022-05-02.jpg?fit=800%2C450&ssl=1&resize=700%2C400 2x"},"classes":[]},{"id":10180,"url":"https:\/\/www.freidenker.org\/?p=10180","url_meta":{"origin":15971,"position":2},"title":"Gedenken an Odessa &#8211; 2. Mai 2014","author":"Webredaktion","date":"4. Mai 2021","format":false,"excerpt":"Anl\u00e4sslich des 7. Jahrestages des Massakers von Odessa fanden am 2. Mai 2021 zwei Gedenkkundgebungen in Berlin statt; eine vor der ukrainischen Botschaft und eine am Brandenburger Tor. Am 2. Mai 2014 \u00fcberfielen ukrainische Faschisten in Odessa ein Anti-Maidan-Protestcamp, ... Die Antifaschisten fl\u00fcchteten sich ins Gewerkschaftshaus, das von den Faschisten\u2026","rel":"","context":"In &quot;Frieden - Antifaschismus - Solidarit\u00e4t&quot;","block_context":{"text":"Frieden - Antifaschismus - Solidarit\u00e4t","link":"https:\/\/www.freidenker.org\/?cat=13"},"img":{"alt_text":"","src":"https:\/\/i0.wp.com\/www.freidenker.org\/fw17\/wp-content\/uploads\/2021\/05\/odessa_P1040477_800x450.jpg?fit=800%2C450&ssl=1&resize=350%2C200","width":350,"height":200,"srcset":"https:\/\/i0.wp.com\/www.freidenker.org\/fw17\/wp-content\/uploads\/2021\/05\/odessa_P1040477_800x450.jpg?fit=800%2C450&ssl=1&resize=350%2C200 1x, https:\/\/i0.wp.com\/www.freidenker.org\/fw17\/wp-content\/uploads\/2021\/05\/odessa_P1040477_800x450.jpg?fit=800%2C450&ssl=1&resize=525%2C300 1.5x, https:\/\/i0.wp.com\/www.freidenker.org\/fw17\/wp-content\/uploads\/2021\/05\/odessa_P1040477_800x450.jpg?fit=800%2C450&ssl=1&resize=700%2C400 2x"},"classes":[]},{"id":18929,"url":"https:\/\/www.freidenker.org\/?p=18929","url_meta":{"origin":15971,"position":3},"title":"Vor zehn Jahren brannte das Gewerkschaftshaus von Odessa","author":"Webredaktion","date":"3. Mai 2024","format":false,"excerpt":"Es war eines der Startsignale f\u00fcr einen blutigen B\u00fcrgerkrieg Beitrag von Ulrich Heyden Am 2. Mai 2014 starben 42 Menschen im Gewerkschaftshaus von Odessa. Ein nationalistischer Mob hatte das Geb\u00e4ude mit Molotow-Cocktails und Schl\u00e4gertrupps angegriffen. Der Angriff wurde von der Regierung in Kiew wohlwollend kommentiert, wenn nicht sogar organisiert, denn\u2026","rel":"","context":"In &quot;Demokratie \u2013 Medien \u2013 Aufkl\u00e4rung&quot;","block_context":{"text":"Demokratie \u2013 Medien \u2013 Aufkl\u00e4rung","link":"https:\/\/www.freidenker.org\/?cat=12"},"img":{"alt_text":"","src":"https:\/\/i0.wp.com\/www.freidenker.org\/fw17\/wp-content\/uploads\/2024\/05\/ukr-odessa-vertrocknete-blumen-vor-ausgebr-gewerk-haus-foto-heyden-2014_800x450.jpg?fit=800%2C450&ssl=1&resize=350%2C200","width":350,"height":200,"srcset":"https:\/\/i0.wp.com\/www.freidenker.org\/fw17\/wp-content\/uploads\/2024\/05\/ukr-odessa-vertrocknete-blumen-vor-ausgebr-gewerk-haus-foto-heyden-2014_800x450.jpg?fit=800%2C450&ssl=1&resize=350%2C200 1x, https:\/\/i0.wp.com\/www.freidenker.org\/fw17\/wp-content\/uploads\/2024\/05\/ukr-odessa-vertrocknete-blumen-vor-ausgebr-gewerk-haus-foto-heyden-2014_800x450.jpg?fit=800%2C450&ssl=1&resize=525%2C300 1.5x, https:\/\/i0.wp.com\/www.freidenker.org\/fw17\/wp-content\/uploads\/2024\/05\/ukr-odessa-vertrocknete-blumen-vor-ausgebr-gewerk-haus-foto-heyden-2014_800x450.jpg?fit=800%2C450&ssl=1&resize=700%2C400 2x"},"classes":[]},{"id":21815,"url":"https:\/\/www.freidenker.org\/?p=21815","url_meta":{"origin":15971,"position":4},"title":"Odessa &#8211; kein Vergessen","author":"Webredaktion","date":"13. Mai 2025","format":false,"excerpt":"Am 02.05.2025 fand in Berlin eine Gedenkveranstaltung \"Odessa - kein Vergessen\" statt. Wir dokumentieren die Reden von Ingrid Koschmieder und Dr. Hartmut K\u00f6nig und f\u00fcgen eine kleine Bildergalerie bei. Aus der Rede von Ingrid Koschmieder: Odessa ist ein Symbol f\u00fcr politisches Unrecht in der Ukraine geworden. Ein anderes Symbol sind\u2026","rel":"","context":"In &quot;Demokratie \u2013 Medien \u2013 Aufkl\u00e4rung&quot;","block_context":{"text":"Demokratie \u2013 Medien \u2013 Aufkl\u00e4rung","link":"https:\/\/www.freidenker.org\/?cat=12"},"img":{"alt_text":"","src":"https:\/\/i0.wp.com\/www.freidenker.org\/fw17\/wp-content\/uploads\/2025\/05\/Odessa_Gedenken_2025_IMG_0800_800x450.jpg?fit=800%2C450&ssl=1&resize=350%2C200","width":350,"height":200,"srcset":"https:\/\/i0.wp.com\/www.freidenker.org\/fw17\/wp-content\/uploads\/2025\/05\/Odessa_Gedenken_2025_IMG_0800_800x450.jpg?fit=800%2C450&ssl=1&resize=350%2C200 1x, https:\/\/i0.wp.com\/www.freidenker.org\/fw17\/wp-content\/uploads\/2025\/05\/Odessa_Gedenken_2025_IMG_0800_800x450.jpg?fit=800%2C450&ssl=1&resize=525%2C300 1.5x, https:\/\/i0.wp.com\/www.freidenker.org\/fw17\/wp-content\/uploads\/2025\/05\/Odessa_Gedenken_2025_IMG_0800_800x450.jpg?fit=800%2C450&ssl=1&resize=700%2C400 2x"},"classes":[]},{"id":15954,"url":"https:\/\/www.freidenker.org\/?p=15954","url_meta":{"origin":15971,"position":5},"title":"Kesseltreiben gegen die &#8222;Nicht-Mainstream-Konformen&#8220;","author":"Webredaktion","date":"6. Mai 2023","format":false,"excerpt":"Podcast \"Kontrafunk aktuell\" vom 23.03.2023, u.a. mit Sabiene Jahn In den letzten Jahren wurden alle, die nicht der Regierungs- und NATO-Linie sowie ihrer Medien huldigten, zu Objekten einer Hexenjagd. Der Kontrafunk zeigt dies an Beispielen auf und l\u00e4sst die Betroffenen zu Wort kommen. Der Journalist Ulrich Heyden berichtet regelm\u00e4\u00dfig aus\u2026","rel":"","context":"In &quot;Zeit der Verleumder - Freidenker f\u00fcr Klartext&quot;","block_context":{"text":"Zeit der Verleumder - Freidenker f\u00fcr Klartext","link":"https:\/\/www.freidenker.org\/?cat=937"},"img":{"alt_text":"","src":"https:\/\/i0.wp.com\/www.freidenker.org\/fw17\/wp-content\/uploads\/2023\/05\/klartext_Kontrafunk_800x450.jpg?fit=800%2C450&ssl=1&resize=350%2C200","width":350,"height":200,"srcset":"https:\/\/i0.wp.com\/www.freidenker.org\/fw17\/wp-content\/uploads\/2023\/05\/klartext_Kontrafunk_800x450.jpg?fit=800%2C450&ssl=1&resize=350%2C200 1x, https:\/\/i0.wp.com\/www.freidenker.org\/fw17\/wp-content\/uploads\/2023\/05\/klartext_Kontrafunk_800x450.jpg?fit=800%2C450&ssl=1&resize=525%2C300 1.5x, https:\/\/i0.wp.com\/www.freidenker.org\/fw17\/wp-content\/uploads\/2023\/05\/klartext_Kontrafunk_800x450.jpg?fit=800%2C450&ssl=1&resize=700%2C400 2x"},"classes":[]}],"_links":{"self":[{"href":"https:\/\/www.freidenker.org\/index.php?rest_route=\/wp\/v2\/posts\/15971","targetHints":{"allow":["GET"]}}],"collection":[{"href":"https:\/\/www.freidenker.org\/index.php?rest_route=\/wp\/v2\/posts"}],"about":[{"href":"https:\/\/www.freidenker.org\/index.php?rest_route=\/wp\/v2\/types\/post"}],"author":[{"embeddable":true,"href":"https:\/\/www.freidenker.org\/index.php?rest_route=\/wp\/v2\/users\/3"}],"replies":[{"embeddable":true,"href":"https:\/\/www.freidenker.org\/index.php?rest_route=%2Fwp%2Fv2%2Fcomments&post=15971"}],"version-history":[{"count":0,"href":"https:\/\/www.freidenker.org\/index.php?rest_route=\/wp\/v2\/posts\/15971\/revisions"}],"wp:featuredmedia":[{"embeddable":true,"href":"https:\/\/www.freidenker.org\/index.php?rest_route=\/wp\/v2\/media\/15795"}],"wp:attachment":[{"href":"https:\/\/www.freidenker.org\/index.php?rest_route=%2Fwp%2Fv2%2Fmedia&parent=15971"}],"wp:term":[{"taxonomy":"category","embeddable":true,"href":"https:\/\/www.freidenker.org\/index.php?rest_route=%2Fwp%2Fv2%2Fcategories&post=15971"},{"taxonomy":"post_tag","embeddable":true,"href":"https:\/\/www.freidenker.org\/index.php?rest_route=%2Fwp%2Fv2%2Ftags&post=15971"}],"curies":[{"name":"wp","href":"https:\/\/api.w.org\/{rel}","templated":true}]}}