{"id":15927,"date":"2023-05-02T01:21:25","date_gmt":"2023-05-01T23:21:25","guid":{"rendered":"https:\/\/www.freidenker.org\/?p=15927"},"modified":"2023-06-15T23:04:27","modified_gmt":"2023-06-15T21:04:27","slug":"buchbesprechung-kriegsfolgen-wie-der-krieg-um-die-ukraine-die-welt-veraendert","status":"publish","type":"post","link":"https:\/\/www.freidenker.org\/?p=15927","title":{"rendered":"Buchbesprechung: Kriegsfolgen &#8211; Wie der Krieg um die Ukraine die Welt ver\u00e4ndert"},"content":{"rendered":"<p>Zum Themenabend in der Villa Leon laden wir herzlich ein.<\/p>\n<p><em><span style=\"font-size: 14pt;\">Buchbesprechung mit <strong>Hannes Hofbauer<\/strong><\/span><\/em><\/p>\n<p>aus dem Buch<\/p>\n<h4><strong>Kriegsfolgen &#8211; Wie der Krieg um die Ukraine die Welt ver\u00e4ndert<\/strong><\/h4>\n<p>Mit Beitr\u00e4gen von <em>Olga Baysha, Ralph Bosshard, Erhard Crome, Eugen Drewermann, Thomas Fazi, Hannes Hofbauer, Andrej Hunko, Boris Kagarlitsky, Sabine Kebir, Andrea Komlosy, Stefan Kraft, Werner R\u00fcgemer, Sabine Schiffer, Jochen Scholz, Peter Wahl <\/em>und <em>Florian Warweg.<\/em><\/p>\n<p><strong>Freitag, 05. Mai 2023, 19:30 Uhr<\/strong><br \/>\n<strong>Villa Leon N\u00fcrnberg, Kleiner Saal 1. OG<\/strong><br \/>\nPhilipp-Koerber-Weg 1, 90439 N\u00fcrnberg<br \/>\n(U2, Rothenburger Str.)<\/p>\n<p>Die blau-gelbe Fahne steht f\u00fcr Freiheit, das omin\u00f6se russische Zeichen \u201eZ\u201c f\u00fcr Unterdr\u00fcckung. So einfach ist der Krieg um die Ukraine nicht erkl\u00e4rbar, obwohl sich unter europ\u00e4ischen Staatskanzleien und Leitmedien nur diese eine Erz\u00e4hlung festgesetzt hat. Der Band \u201eKriegsfolgen\u201c will jenseits von Propaganda die Motive und die Folgen dieser seit Generationen gef\u00e4hrlichsten Weltkrise durchleuchten.<\/p>\n<p>In mehreren Kapiteln werden die Vorgeschichte des Konflikts, der Kriegsgang selbst, die Beteiligung des westlichen B\u00fcndnisses \u00fcber Waffenlieferungen f\u00fcr die Ukraine und Sanktionen gegen Russland, das Erstarken der politischen Rechten in Kiew und Moskau sowie die Rolle der Medien im transatlantischen Raum durchleuchtet. Dem Vormarsch der NATO und dem wirtschaftlichen Ausgriff der EU in Richtung Osten steht das Konzept \u201erusski mir\u201c gegen\u00fcber, das die Zusammenf\u00fchrung der \u201erussischen Welt\u201c betreibt. Die Ukraine ist zwischen Ost und West \u2013 nicht zum ersten Mal in der Geschichte \u2013 zum Spielball im geopolitischen Ringen geworden.<\/p>\n<p>Die von Br\u00fcssel ausgerufene Parteinahme f\u00fcr Kiew hat in Windeseile zu einer russophoben Stimmung im Westen gef\u00fchrt, die selbst vor verstorbenen russischen K\u00fcnstlern \u2013 und erst recht vor lebenden \u2013 nicht Halt macht. Das Canceln russischer Kultur stellt der sogenannten \u201eWertegemeinschaft\u201c ein katastrophales Zeugnis aus und erinnert in Vielem an ein l\u00e4ngst \u00fcberwunden geglaubtes Feindbild Russland. Dem entgegenzutreten und die Hintergr\u00fcnde des Krieges vorurteilsfrei zu bewerten, haben sich die Autorinnen und Autoren dieses Bandes zur Aufgabe gemacht.<\/p>\n<p><strong>Veranstalter:<\/strong><\/p>\n<p>Deutscher Freidenker-Verband e.V.<br \/>\nOrtsverband Franken\/N\u00fcrnberg<br \/>\n<a href=\"mailto:dfv-franken-nuernberg@freidenker.org\">dfv-franken-nuernberg@freidenker.org<\/a><\/p>\n<p><strong><span style=\"font-size: 12pt;\">Diese Veranstaltung wird unterst\u00fctzt vom N\u00fcrnberger Friedensforum, von der Jungen Welt Leserinitiative N\u00fcrnberg und von der DKP N\u00fcrnberg<\/span><\/strong><\/p>\n<hr \/>\n<h5>Download<\/h5>\n<p><img data-recalc-dims=\"1\" loading=\"lazy\" decoding=\"async\" data-attachment-id=\"1076\" data-permalink=\"https:\/\/www.freidenker.org\/?attachment_id=1076\" data-orig-file=\"https:\/\/i0.wp.com\/www.freidenker.org\/fw17\/wp-content\/uploads\/2017\/10\/pdf_icon-2.png?fit=32%2C32&amp;ssl=1\" data-orig-size=\"32,32\" data-comments-opened=\"0\" data-image-meta=\"{&quot;aperture&quot;:&quot;0&quot;,&quot;credit&quot;:&quot;&quot;,&quot;camera&quot;:&quot;&quot;,&quot;caption&quot;:&quot;&quot;,&quot;created_timestamp&quot;:&quot;0&quot;,&quot;copyright&quot;:&quot;&quot;,&quot;focal_length&quot;:&quot;0&quot;,&quot;iso&quot;:&quot;0&quot;,&quot;shutter_speed&quot;:&quot;0&quot;,&quot;title&quot;:&quot;&quot;,&quot;orientation&quot;:&quot;0&quot;}\" data-image-title=\"pdf_icon\" data-image-description=\"\" data-image-caption=\"\" data-large-file=\"https:\/\/i0.wp.com\/www.freidenker.org\/fw17\/wp-content\/uploads\/2017\/10\/pdf_icon-2.png?fit=32%2C32&amp;ssl=1\" class=\"alignnone size-full wp-image-1076\" src=\"https:\/\/i0.wp.com\/www.freidenker.org\/fw17\/wp-content\/uploads\/2017\/10\/pdf_icon-2.png?resize=32%2C32&#038;ssl=1\" alt=\"\" width=\"32\" height=\"32\" \/> <a href=\"https:\/\/www.freidenker.org\/fw17\/wp-content\/uploads\/2023\/05\/Einladung-05-HannesHofbauer.pdf\" target=\"_blank\" rel=\"noopener\">Flyer zur Veranstaltung<\/a> (PDF-Dokument, ca. 185 KB)<\/p>\n<hr \/>\n<p><span style=\"font-size: 10pt;\">Bild oben: Buchtitel und Portr\u00e4t von Hannes Hofbauer<\/span><\/p>\n","protected":false},"excerpt":{"rendered":"<p><b>Buchbesprechung mit Hannes Hofbauer<\/b><br \/>\nFreitag, 05. Mai 2023, 19:30 Uhr, Villa Leon N\u00fcrnberg, Kleiner Saal 1. OG<br \/>\nDie blau-gelbe Fahne steht f\u00fcr Freiheit, das omin\u00f6se russische Zeichen \u201eZ\u201c f\u00fcr Unterdr\u00fcckung. So einfach ist der Krieg um die Ukraine nicht erkl\u00e4rbar, obwohl sich unter europ\u00e4ischen Staatskanzleien und Leitmedien nur diese eine Erz\u00e4hlung festgesetzt hat. Der Band \u201eKriegsfolgen\u201c will jenseits von Propaganda die Motive und die Folgen dieser seit Generationen gef\u00e4hrlichsten Weltkrise durchleuchten. In mehreren Kapiteln werden die Vorgeschichte des Konflikts, der Kriegsgang selbst, die Beteiligung des westlichen B\u00fcndnisses \u00fcber Waffenlieferungen f\u00fcr die Ukraine und Sanktionen gegen Russland, das Erstarken der politischen Rechten in Kiew und Moskau sowie die Rolle der Medien im transatlantischen Raum durchleuchtet. <\/p>\n","protected":false},"author":3,"featured_media":15930,"comment_status":"closed","ping_status":"closed","sticky":false,"template":"","format":"standard","meta":{"colormag_page_container_layout":"default_layout","colormag_page_sidebar_layout":"default_layout","advanced_seo_description":"","jetpack_seo_html_title":"","jetpack_seo_noindex":false,"jetpack_post_was_ever_published":false,"footnotes":""},"categories":[19],"tags":[1115,635,1314,188,1168,719,639,1525],"class_list":["post-15927","post","type-post","status-publish","format-standard","has-post-thumbnail","hentry","category-veranstaltungen-in-den-dfv-landesverbaenden","tag-buch","tag-feindbild","tag-geostrategie","tag-krieg","tag-russophobie","tag-sanktionen","tag-ukraine-konflikt","tag-waffenlieferungen"],"jetpack_featured_media_url":"https:\/\/i0.wp.com\/www.freidenker.org\/fw17\/wp-content\/uploads\/2023\/05\/hofbauer_kriegsfolgen_800x450.jpg?fit=800%2C450&ssl=1","jetpack_shortlink":"https:\/\/wp.me\/p9stpK-48T","jetpack-related-posts":[{"id":21356,"url":"https:\/\/www.freidenker.org\/?p=21356","url_meta":{"origin":15927,"position":0},"title":"Hannes Hofbauer &#8211; Wie funktionieren Wirtschaftssanktionen?","author":"Webredaktion","date":"2. April 2025","format":false,"excerpt":"Video-Interview von Sabine Kebir mit Hannes Hofbauer Sabine Kebir spricht mit Hannes Hofbauer vom Wiener Promedia Verlag \u00fcber Fakten und Thesen seines Buches, das haupts\u00e4chlich die Sanktionspolitik behandelt, die der Westen im Zusammenhang mit dem Ukrainekonflikt gegen Russland betreibt und wie sich Russland erfolgreich dagegen zur Wehr setzt. Um diese\u2026","rel":"","context":"In &quot;Demokratie \u2013 Medien \u2013 Aufkl\u00e4rung&quot;","block_context":{"text":"Demokratie \u2013 Medien \u2013 Aufkl\u00e4rung","link":"https:\/\/www.freidenker.org\/?cat=12"},"img":{"alt_text":"","src":"https:\/\/i0.wp.com\/www.freidenker.org\/fw17\/wp-content\/uploads\/2025\/04\/hofbauer_sanktionen_vorschaubild_800x450.jpg?fit=800%2C450&ssl=1&resize=350%2C200","width":350,"height":200,"srcset":"https:\/\/i0.wp.com\/www.freidenker.org\/fw17\/wp-content\/uploads\/2025\/04\/hofbauer_sanktionen_vorschaubild_800x450.jpg?fit=800%2C450&ssl=1&resize=350%2C200 1x, https:\/\/i0.wp.com\/www.freidenker.org\/fw17\/wp-content\/uploads\/2025\/04\/hofbauer_sanktionen_vorschaubild_800x450.jpg?fit=800%2C450&ssl=1&resize=525%2C300 1.5x, https:\/\/i0.wp.com\/www.freidenker.org\/fw17\/wp-content\/uploads\/2025\/04\/hofbauer_sanktionen_vorschaubild_800x450.jpg?fit=800%2C450&ssl=1&resize=700%2C400 2x"},"classes":[]},{"id":14541,"url":"https:\/\/www.freidenker.org\/?p=14541","url_meta":{"origin":15927,"position":1},"title":"&#8222;Meinungsfreiheit als S\u00e4ule der Gesellschaft ist weg&#8220;","author":"Webredaktion","date":"31. Oktober 2022","format":false,"excerpt":"Video-Interview von RT DE mit Hannes Hofbauer Der Volksverhetzungsparagraf 130 StGB wurde erweitert. Nun gilt auch das \"Leugnen von Kriegsverbrechen\" als Volksverhetzung. Offiziell wurden damit Nachbesserungsforderungen der EU-Kommission aus dem Jahr 2008 umgesetzt und es habe nichts mit dem Ukraine-Krieg zu tun. Doch Kritiker monieren, dass das Gesetz nun im\u2026","rel":"","context":"In &quot;Demokratie \u2013 Medien \u2013 Aufkl\u00e4rung&quot;","block_context":{"text":"Demokratie \u2013 Medien \u2013 Aufkl\u00e4rung","link":"https:\/\/www.freidenker.org\/?cat=12"},"img":{"alt_text":"","src":"https:\/\/i0.wp.com\/www.freidenker.org\/fw17\/wp-content\/uploads\/2022\/10\/Hofbauer_Video_800x450.jpg?fit=800%2C450&ssl=1&resize=350%2C200","width":350,"height":200,"srcset":"https:\/\/i0.wp.com\/www.freidenker.org\/fw17\/wp-content\/uploads\/2022\/10\/Hofbauer_Video_800x450.jpg?fit=800%2C450&ssl=1&resize=350%2C200 1x, https:\/\/i0.wp.com\/www.freidenker.org\/fw17\/wp-content\/uploads\/2022\/10\/Hofbauer_Video_800x450.jpg?fit=800%2C450&ssl=1&resize=525%2C300 1.5x, https:\/\/i0.wp.com\/www.freidenker.org\/fw17\/wp-content\/uploads\/2022\/10\/Hofbauer_Video_800x450.jpg?fit=800%2C450&ssl=1&resize=700%2C400 2x"},"classes":[]},{"id":13549,"url":"https:\/\/www.freidenker.org\/?p=13549","url_meta":{"origin":15927,"position":2},"title":"Dialog mit Nachbarn?","author":"Webredaktion","date":"18. Juni 2022","format":false,"excerpt":"Themenabend am Freitag, den 8. Juli 2022, 19:30 Uhr in der Villa Leon, N\u00fcrnberg Mit Karin Leukefeld und Sabine Schiffer Was steckt hinter der sch\u00f6n klingenden \u201eNachbarschaftspolitik\u201c, mit der die EU nach eigenen Angaben eine \u201eenge und partnerschaftliche Zusammenarbeit mit den unmittelbaren Nachbarn (\u2026) Stabilit\u00e4t, Wohlstand und Sicherheit an den\u2026","rel":"","context":"In &quot;Veranstaltungen in den DFV-Landesverb\u00e4nden&quot;","block_context":{"text":"Veranstaltungen in den DFV-Landesverb\u00e4nden","link":"https:\/\/www.freidenker.org\/?cat=19"},"img":{"alt_text":"","src":"https:\/\/i0.wp.com\/www.freidenker.org\/fw17\/wp-content\/uploads\/2022\/06\/dialog_mit_nachbarn_800x450-2.jpg?fit=800%2C450&ssl=1&resize=350%2C200","width":350,"height":200,"srcset":"https:\/\/i0.wp.com\/www.freidenker.org\/fw17\/wp-content\/uploads\/2022\/06\/dialog_mit_nachbarn_800x450-2.jpg?fit=800%2C450&ssl=1&resize=350%2C200 1x, https:\/\/i0.wp.com\/www.freidenker.org\/fw17\/wp-content\/uploads\/2022\/06\/dialog_mit_nachbarn_800x450-2.jpg?fit=800%2C450&ssl=1&resize=525%2C300 1.5x, https:\/\/i0.wp.com\/www.freidenker.org\/fw17\/wp-content\/uploads\/2022\/06\/dialog_mit_nachbarn_800x450-2.jpg?fit=800%2C450&ssl=1&resize=700%2C400 2x"},"classes":[]},{"id":16947,"url":"https:\/\/www.freidenker.org\/?p=16947","url_meta":{"origin":15927,"position":3},"title":"Themenabend: Der Schatten im Schatten","author":"Webredaktion","date":"14. September 2023","format":false,"excerpt":"Lesung mit\u00a0Beatrice Altmann-Schevitz aus ihrem Buch Der Schatten im Schatten -\u00a0Mein Leben als US-Amerikanerin und MfS-Spionin im Kalten Krieg 15. September 2023 um 19.30 Uhr \/ Villa Leon, N\u00fcrnberg \u00bbEin junges amerikanisches Ehepaar mit Baby spioniert in der BRD f\u00fcr die CIA\u00ab \u2013 so lautet die Legende, die Bea und\u2026","rel":"","context":"In &quot;Veranstaltungen in den DFV-Landesverb\u00e4nden&quot;","block_context":{"text":"Veranstaltungen in den DFV-Landesverb\u00e4nden","link":"https:\/\/www.freidenker.org\/?cat=19"},"img":{"alt_text":"","src":"https:\/\/i0.wp.com\/www.freidenker.org\/fw17\/wp-content\/uploads\/2023\/02\/altman-schevitz-b-schatten-im-schatten-325937251_800x450.jpg?fit=800%2C450&ssl=1&resize=350%2C200","width":350,"height":200,"srcset":"https:\/\/i0.wp.com\/www.freidenker.org\/fw17\/wp-content\/uploads\/2023\/02\/altman-schevitz-b-schatten-im-schatten-325937251_800x450.jpg?fit=800%2C450&ssl=1&resize=350%2C200 1x, https:\/\/i0.wp.com\/www.freidenker.org\/fw17\/wp-content\/uploads\/2023\/02\/altman-schevitz-b-schatten-im-schatten-325937251_800x450.jpg?fit=800%2C450&ssl=1&resize=525%2C300 1.5x, https:\/\/i0.wp.com\/www.freidenker.org\/fw17\/wp-content\/uploads\/2023\/02\/altman-schevitz-b-schatten-im-schatten-325937251_800x450.jpg?fit=800%2C450&ssl=1&resize=700%2C400 2x"},"classes":[]},{"id":20106,"url":"https:\/\/www.freidenker.org\/?p=20106","url_meta":{"origin":15927,"position":4},"title":"Der Wirtschaftskrieg gegen Russland","author":"Webredaktion","date":"18. Oktober 2024","format":false,"excerpt":"Einladung zur Autorenlesung und Diskussion mit Hannes Hofbauer, Wien Mittwoch, 30. Oktober 2024, 19.30 Uhr, Saalbau Dornbusch, Frankfurt am Main Die Instrumente eines Wirtschaftskrieges sind zahlreich. Sie reichen von Sanktionen gegen Personen, Unternehmen und ganze Branchen \u00fcber Embargos, Blockaden und Boykottma\u00dfnahmen bis zu physischen Angriffen auf Infrastruktureinrichtungen. Washington und Br\u00fcssel\u2026","rel":"","context":"In &quot;Veranstaltungen in den DFV-Landesverb\u00e4nden&quot;","block_context":{"text":"Veranstaltungen in den DFV-Landesverb\u00e4nden","link":"https:\/\/www.freidenker.org\/?cat=19"},"img":{"alt_text":"","src":"https:\/\/i0.wp.com\/www.freidenker.org\/fw17\/wp-content\/uploads\/2024\/10\/Hofbauer_Wirtschaftskrieg.jpg?fit=800%2C450&ssl=1&resize=350%2C200","width":350,"height":200,"srcset":"https:\/\/i0.wp.com\/www.freidenker.org\/fw17\/wp-content\/uploads\/2024\/10\/Hofbauer_Wirtschaftskrieg.jpg?fit=800%2C450&ssl=1&resize=350%2C200 1x, https:\/\/i0.wp.com\/www.freidenker.org\/fw17\/wp-content\/uploads\/2024\/10\/Hofbauer_Wirtschaftskrieg.jpg?fit=800%2C450&ssl=1&resize=525%2C300 1.5x, https:\/\/i0.wp.com\/www.freidenker.org\/fw17\/wp-content\/uploads\/2024\/10\/Hofbauer_Wirtschaftskrieg.jpg?fit=800%2C450&ssl=1&resize=700%2C400 2x"},"classes":[]},{"id":11513,"url":"https:\/\/www.freidenker.org\/?p=11513","url_meta":{"origin":15927,"position":5},"title":"26. Linke Literaturmesse in N\u00fcrnberg mit Buchvorstellung &#8222;Medienanalyse&#8220; von Sabine Schiffer","author":"Webredaktion","date":"30. Oktober 2021","format":false,"excerpt":"Veranstaltungshinweis 26. Linke Literaturmesse - Freitag, den 05.11. bis Sonntag, den 07.11.21, Kulturwerkstatt auf AEG, F\u00fcrther Str. 244d, N\u00fcrnberg. Wie jedes Jahr wieder mit: Buchvorstellungen \u2013 Lesungen \u2013 Verkaufsmesse --- Medienanalyse - Sabine Schiffer stellt ihr neues Buch vor Samstag, 6. November 2021, 19 Uhr, kleiner Saal auf AEG N\u00fcrnberg\u2026","rel":"","context":"In &quot;Publikationen von Freidenkern&quot;","block_context":{"text":"Publikationen von Freidenkern","link":"https:\/\/www.freidenker.org\/?cat=7"},"img":{"alt_text":"","src":"https:\/\/i0.wp.com\/www.freidenker.org\/fw17\/wp-content\/uploads\/2021\/10\/LITMESSE_2021_800x450.jpg?fit=800%2C450&ssl=1&resize=350%2C200","width":350,"height":200,"srcset":"https:\/\/i0.wp.com\/www.freidenker.org\/fw17\/wp-content\/uploads\/2021\/10\/LITMESSE_2021_800x450.jpg?fit=800%2C450&ssl=1&resize=350%2C200 1x, https:\/\/i0.wp.com\/www.freidenker.org\/fw17\/wp-content\/uploads\/2021\/10\/LITMESSE_2021_800x450.jpg?fit=800%2C450&ssl=1&resize=525%2C300 1.5x, https:\/\/i0.wp.com\/www.freidenker.org\/fw17\/wp-content\/uploads\/2021\/10\/LITMESSE_2021_800x450.jpg?fit=800%2C450&ssl=1&resize=700%2C400 2x"},"classes":[]}],"_links":{"self":[{"href":"https:\/\/www.freidenker.org\/index.php?rest_route=\/wp\/v2\/posts\/15927","targetHints":{"allow":["GET"]}}],"collection":[{"href":"https:\/\/www.freidenker.org\/index.php?rest_route=\/wp\/v2\/posts"}],"about":[{"href":"https:\/\/www.freidenker.org\/index.php?rest_route=\/wp\/v2\/types\/post"}],"author":[{"embeddable":true,"href":"https:\/\/www.freidenker.org\/index.php?rest_route=\/wp\/v2\/users\/3"}],"replies":[{"embeddable":true,"href":"https:\/\/www.freidenker.org\/index.php?rest_route=%2Fwp%2Fv2%2Fcomments&post=15927"}],"version-history":[{"count":0,"href":"https:\/\/www.freidenker.org\/index.php?rest_route=\/wp\/v2\/posts\/15927\/revisions"}],"wp:featuredmedia":[{"embeddable":true,"href":"https:\/\/www.freidenker.org\/index.php?rest_route=\/wp\/v2\/media\/15930"}],"wp:attachment":[{"href":"https:\/\/www.freidenker.org\/index.php?rest_route=%2Fwp%2Fv2%2Fmedia&parent=15927"}],"wp:term":[{"taxonomy":"category","embeddable":true,"href":"https:\/\/www.freidenker.org\/index.php?rest_route=%2Fwp%2Fv2%2Fcategories&post=15927"},{"taxonomy":"post_tag","embeddable":true,"href":"https:\/\/www.freidenker.org\/index.php?rest_route=%2Fwp%2Fv2%2Ftags&post=15927"}],"curies":[{"name":"wp","href":"https:\/\/api.w.org\/{rel}","templated":true}]}}