{"id":15911,"date":"2023-04-30T20:15:34","date_gmt":"2023-04-30T18:15:34","guid":{"rendered":"https:\/\/www.freidenker.org\/?p=15911"},"modified":"2023-06-24T10:38:47","modified_gmt":"2023-06-24T08:38:47","slug":"vortrag-klimagerechtigkeit-braucht-abruestung","status":"publish","type":"post","link":"https:\/\/www.freidenker.org\/?p=15911","title":{"rendered":"Vortrag: Klimagerechtigkeit braucht Abr\u00fcstung!"},"content":{"rendered":"<h5><strong>Vortrag von <\/strong><strong>Jacqueline Andres von der Informationsstelle Militarisierung e. V. <\/strong><\/h5>\n<p><strong>Dienstag, 20.06.2023, 19.00 Uhr<\/strong><br \/>\n<strong>EineWeltHaus M\u00fcnchen, Gro\u00dfer Saal<\/strong><br \/>\nSchwanthalerstr. 80, 80336 M\u00fcnchen<br \/>\nU-Bahn-Station Theresienwiese<\/p>\n<p>Frieden und Klimagerechtigkeit bedingen sich gegenseitig: Das Milit\u00e4r ist der gr\u00f6\u00dfte institutionelle Verursacher von Treibhausgasemissionen. Die weltweite Milit\u00e4rlogistik, die R\u00fcstungsindustrie sowie die laufenden Kriege verschlingen Unmengen an fossilen Brennstoffen und schaden der Umwelt langfristig. Gleichzeitig investieren die Staaten global etwa drei\u00dfig mal mehr in ihre Milit\u00e4rapparate, als in dringend gebrauchte Klimaschutzma\u00dfnahmen. Die NATO behauptet, bis 2050 klimaneutral zu werden, doch ein umweltfreundliches und &#8222;klimaneutrales&#8220; Milit\u00e4r kann es nicht geben. Der Vortrag zeigt auf, wie Milit\u00e4rapparate die Klimakrise versch\u00e4rfen und wie Streitkr\u00e4fte den Zugang zu Erd\u00f6l und -gas absichern und ihre Transportwege sch\u00fctzen. Um Frieden zu haben, brauchen wir Klimagerechtigkeit und Klimagerechtigkeit braucht Frieden.<\/p>\n<p>&nbsp;<\/p>\n<p>In Zusammenarbeit mit:<\/p>\n<p><img data-recalc-dims=\"1\" loading=\"lazy\" decoding=\"async\" data-attachment-id=\"15903\" data-permalink=\"https:\/\/www.freidenker.org\/?attachment_id=15903\" data-orig-file=\"https:\/\/i0.wp.com\/www.freidenker.org\/fw17\/wp-content\/uploads\/2023\/04\/MES_JW_Logo_800px.jpg?fit=800%2C156&amp;ssl=1\" data-orig-size=\"800,156\" data-comments-opened=\"0\" data-image-meta=\"{&quot;aperture&quot;:&quot;0&quot;,&quot;credit&quot;:&quot;&quot;,&quot;camera&quot;:&quot;&quot;,&quot;caption&quot;:&quot;&quot;,&quot;created_timestamp&quot;:&quot;0&quot;,&quot;copyright&quot;:&quot;&quot;,&quot;focal_length&quot;:&quot;0&quot;,&quot;iso&quot;:&quot;0&quot;,&quot;shutter_speed&quot;:&quot;0&quot;,&quot;title&quot;:&quot;&quot;,&quot;orientation&quot;:&quot;1&quot;}\" data-image-title=\"MES_JW_Logo_800px\" data-image-description=\"\" data-image-caption=\"\" data-large-file=\"https:\/\/i0.wp.com\/www.freidenker.org\/fw17\/wp-content\/uploads\/2023\/04\/MES_JW_Logo_800px.jpg?fit=800%2C156&amp;ssl=1\" class=\"alignnone wp-image-15903 size-medium\" src=\"https:\/\/i0.wp.com\/www.freidenker.org\/fw17\/wp-content\/uploads\/2023\/04\/MES_JW_Logo_800px.jpg?resize=300%2C59&#038;ssl=1\" alt=\"\" width=\"300\" height=\"59\" srcset=\"https:\/\/i0.wp.com\/www.freidenker.org\/fw17\/wp-content\/uploads\/2023\/04\/MES_JW_Logo_800px.jpg?resize=300%2C59&amp;ssl=1 300w, https:\/\/i0.wp.com\/www.freidenker.org\/fw17\/wp-content\/uploads\/2023\/04\/MES_JW_Logo_800px.jpg?resize=768%2C150&amp;ssl=1 768w, https:\/\/i0.wp.com\/www.freidenker.org\/fw17\/wp-content\/uploads\/2023\/04\/MES_JW_Logo_800px.jpg?w=800&amp;ssl=1 800w\" sizes=\"auto, (max-width: 300px) 100vw, 300px\" \/><\/p>\n<hr \/>\n<p>Download<\/p>\n<p><img data-recalc-dims=\"1\" loading=\"lazy\" decoding=\"async\" data-attachment-id=\"1076\" data-permalink=\"https:\/\/www.freidenker.org\/?attachment_id=1076\" data-orig-file=\"https:\/\/i0.wp.com\/www.freidenker.org\/fw17\/wp-content\/uploads\/2017\/10\/pdf_icon-2.png?fit=32%2C32&amp;ssl=1\" data-orig-size=\"32,32\" data-comments-opened=\"0\" data-image-meta=\"{&quot;aperture&quot;:&quot;0&quot;,&quot;credit&quot;:&quot;&quot;,&quot;camera&quot;:&quot;&quot;,&quot;caption&quot;:&quot;&quot;,&quot;created_timestamp&quot;:&quot;0&quot;,&quot;copyright&quot;:&quot;&quot;,&quot;focal_length&quot;:&quot;0&quot;,&quot;iso&quot;:&quot;0&quot;,&quot;shutter_speed&quot;:&quot;0&quot;,&quot;title&quot;:&quot;&quot;,&quot;orientation&quot;:&quot;0&quot;}\" data-image-title=\"pdf_icon\" data-image-description=\"\" data-image-caption=\"\" data-large-file=\"https:\/\/i0.wp.com\/www.freidenker.org\/fw17\/wp-content\/uploads\/2017\/10\/pdf_icon-2.png?fit=32%2C32&amp;ssl=1\" class=\"alignnone size-full wp-image-1076\" src=\"https:\/\/i0.wp.com\/www.freidenker.org\/fw17\/wp-content\/uploads\/2017\/10\/pdf_icon-2.png?resize=32%2C32&#038;ssl=1\" alt=\"\" width=\"32\" height=\"32\" \/> <a href=\"https:\/\/www.freidenker.org\/fw17\/wp-content\/uploads\/2023\/04\/IMI_Klima.pdf\" target=\"_blank\" rel=\"noopener\">Flyer zur Veranstaltung<\/a> (PDF-Dokument, ca. 355 KB)<\/p>\n<hr \/>\n<p><span style=\"font-size: 10pt;\">Foto oben:\u00a0US-Flugzeuge passieren die brennenden \u00d6lfelder in Kuwait. (Foto: U.S. Air Force, gemeinfrei, Public Domain) [1991]<br \/>\n<\/span><span style=\"font-size: 10pt;\">Quelle: <a href=\"https:\/\/commons.wikimedia.org\/w\/index.php?curid=2782935\" target=\"_blank\" rel=\"noopener\">https:\/\/commons.wikimedia.org\/w\/index.php?curid=2782935<\/a><\/span><\/p>\n","protected":false},"excerpt":{"rendered":"<p><b>Vortrag von Jacqueline Andres von der Informationsstelle Militarisierung e. V.<\/b><br \/>\nDienstag, 20.06.2023, 19.00 Uhr, EineWeltHaus M\u00fcnchen, Gro\u00dfer Saal<br \/>\nFrieden und Klimagerechtigkeit bedingen sich gegenseitig: Das Milit\u00e4r ist der gr\u00f6\u00dfte institutionelle Verursacher von Treibhausgasemissionen. Die weltweite Milit\u00e4rlogistik, die R\u00fcstungsindustrie sowie die laufenden Kriege verschlingen Unmengen an fossilen Brennstoffen und schaden der Umwelt langfristig. Gleichzeitig investieren die Staaten global etwa drei\u00dfig mal mehr in ihre Milit\u00e4rapparate, als in dringend gebrauchte Klimaschutzma\u00dfnahmen. Die NATO behauptet, bis 2050 klimaneutral zu werden, doch ein umweltfreundliches und &#8222;klimaneutrales&#8220; Milit\u00e4r kann es nicht geben.<\/p>\n","protected":false},"author":3,"featured_media":15912,"comment_status":"closed","ping_status":"closed","sticky":false,"template":"","format":"standard","meta":{"colormag_page_container_layout":"default_layout","colormag_page_sidebar_layout":"default_layout","advanced_seo_description":"","jetpack_seo_html_title":"","jetpack_seo_noindex":false,"jetpack_post_was_ever_published":false,"footnotes":""},"categories":[19],"tags":[335,1783,72,188,1265,1782,1653],"class_list":["post-15911","post","type-post","status-publish","format-standard","has-post-thumbnail","hentry","category-veranstaltungen-in-den-dfv-landesverbaenden","tag-frieden","tag-klimaneutralitaet","tag-klimaschutz","tag-krieg","tag-militarismus","tag-treibhausemissionen","tag-umwelt"],"jetpack_featured_media_url":"https:\/\/i0.wp.com\/www.freidenker.org\/fw17\/wp-content\/uploads\/2023\/04\/flugzeuge_golfkrieg_800x450.jpg?fit=800%2C450&ssl=1","jetpack_shortlink":"https:\/\/wp.me\/p9stpK-48D","jetpack-related-posts":[{"id":20823,"url":"https:\/\/www.freidenker.org\/?p=20823","url_meta":{"origin":15911,"position":0},"title":"Veranstaltung: Blackrock im Kanzleramt?","author":"Webredaktion","date":"24. Januar 2025","format":false,"excerpt":"Einladung einer Veranstaltung am 07.02.2025 um 17:Uhr in Berlin Teil 1: Vortrag von Werner R\u00fcgemer \/ Teil 2: Diskussion \u00fcber die Diagnose der Zust\u00e4nde in Deutschland sowie zu Vorschl\u00e4gen f\u00fcr demokratische Alternativen und Aktionen BlackRock (\"Schwarzer Fels\") ist der gr\u00f6\u00dfte wealth manager der Welt, also Reichtums-Manager der ohnehin schon Superreichen.\u2026","rel":"","context":"In &quot;Demokratie \u2013 Medien \u2013 Aufkl\u00e4rung&quot;","block_context":{"text":"Demokratie \u2013 Medien \u2013 Aufkl\u00e4rung","link":"https:\/\/www.freidenker.org\/?cat=12"},"img":{"alt_text":"","src":"https:\/\/i0.wp.com\/www.freidenker.org\/fw17\/wp-content\/uploads\/2025\/01\/Kanzleramt_Blackrock_800x450.jpg?fit=800%2C450&ssl=1&resize=350%2C200","width":350,"height":200,"srcset":"https:\/\/i0.wp.com\/www.freidenker.org\/fw17\/wp-content\/uploads\/2025\/01\/Kanzleramt_Blackrock_800x450.jpg?fit=800%2C450&ssl=1&resize=350%2C200 1x, https:\/\/i0.wp.com\/www.freidenker.org\/fw17\/wp-content\/uploads\/2025\/01\/Kanzleramt_Blackrock_800x450.jpg?fit=800%2C450&ssl=1&resize=525%2C300 1.5x, https:\/\/i0.wp.com\/www.freidenker.org\/fw17\/wp-content\/uploads\/2025\/01\/Kanzleramt_Blackrock_800x450.jpg?fit=800%2C450&ssl=1&resize=700%2C400 2x"},"classes":[]},{"id":14585,"url":"https:\/\/www.freidenker.org\/?p=14585","url_meta":{"origin":15911,"position":1},"title":"Marx und Engels \u00fcber das Verh\u00e4ltnis von Mensch und Natur","author":"Webredaktion","date":"4. November 2022","format":false,"excerpt":"Themenabend - Freitag, 11. November 2022 um 19.30 Uhr, Villa Leon, N\u00fcrnberg Referent: Richard Dollinger \u201eUns so werden wir mit jedem Schritt daran erinnert, da\u00df wir keineswegs die Natur beherrschen, wie ein Eroberer ein fremdes Volk beherrscht, wie jemand der au\u00dferhalb der Natur steht.\u201c [Friedrich Engels, Dialektik der Natur] Der\u2026","rel":"","context":"In &quot;Veranstaltungen in den DFV-Landesverb\u00e4nden&quot;","block_context":{"text":"Veranstaltungen in den DFV-Landesverb\u00e4nden","link":"https:\/\/www.freidenker.org\/?cat=19"},"img":{"alt_text":"","src":"https:\/\/i0.wp.com\/www.freidenker.org\/fw17\/wp-content\/uploads\/2022\/11\/Berlin_-_Marx-Engels-Forum_1_800x450.jpg?fit=800%2C450&ssl=1&resize=350%2C200","width":350,"height":200,"srcset":"https:\/\/i0.wp.com\/www.freidenker.org\/fw17\/wp-content\/uploads\/2022\/11\/Berlin_-_Marx-Engels-Forum_1_800x450.jpg?fit=800%2C450&ssl=1&resize=350%2C200 1x, https:\/\/i0.wp.com\/www.freidenker.org\/fw17\/wp-content\/uploads\/2022\/11\/Berlin_-_Marx-Engels-Forum_1_800x450.jpg?fit=800%2C450&ssl=1&resize=525%2C300 1.5x, https:\/\/i0.wp.com\/www.freidenker.org\/fw17\/wp-content\/uploads\/2022\/11\/Berlin_-_Marx-Engels-Forum_1_800x450.jpg?fit=800%2C450&ssl=1&resize=700%2C400 2x"},"classes":[]},{"id":13050,"url":"https:\/\/www.freidenker.org\/?p=13050","url_meta":{"origin":15911,"position":2},"title":"Vortrag: Der Krieg in der Ukraine und wir","author":"Webredaktion","date":"8. Mai 2022","format":false,"excerpt":"Vortrag und Diskussion mit Klaus Hartmann, stellv. Vorsitzender des Deutschen Freidenker-Verbandes Sonntag, 15.05.2022, 11:00 Uhr Kulturwerkstatt Beckingen, Nikolausstr. 6, 66701 Beckingen Schwerpunkte: Freidenker zu Krieg und Frieden \/ Milit\u00e4rische Gewalt und das V\u00f6lkerrecht \/ Wann begann der Krieg in der Ukraine? \/ Was will der \u201eWesten\u201c? \/ Die Ukraine seit\u2026","rel":"","context":"In &quot;Veranstaltungen in den DFV-Landesverb\u00e4nden&quot;","block_context":{"text":"Veranstaltungen in den DFV-Landesverb\u00e4nden","link":"https:\/\/www.freidenker.org\/?cat=19"},"img":{"alt_text":"","src":"https:\/\/i0.wp.com\/www.freidenker.org\/fw17\/wp-content\/uploads\/2022\/05\/Ukraine_und_wir_Vortrag_800x450.jpg?fit=800%2C450&ssl=1&resize=350%2C200","width":350,"height":200,"srcset":"https:\/\/i0.wp.com\/www.freidenker.org\/fw17\/wp-content\/uploads\/2022\/05\/Ukraine_und_wir_Vortrag_800x450.jpg?fit=800%2C450&ssl=1&resize=350%2C200 1x, https:\/\/i0.wp.com\/www.freidenker.org\/fw17\/wp-content\/uploads\/2022\/05\/Ukraine_und_wir_Vortrag_800x450.jpg?fit=800%2C450&ssl=1&resize=525%2C300 1.5x, https:\/\/i0.wp.com\/www.freidenker.org\/fw17\/wp-content\/uploads\/2022\/05\/Ukraine_und_wir_Vortrag_800x450.jpg?fit=800%2C450&ssl=1&resize=700%2C400 2x"},"classes":[]},{"id":23450,"url":"https:\/\/www.freidenker.org\/?p=23450","url_meta":{"origin":15911,"position":3},"title":"Video: Chinas Gegenentwurf &#8211; Ein aktueller Bericht \u00fcber die Lage in China","author":"Webredaktion","date":"4. November 2025","format":false,"excerpt":"Buchvorstellung von Uwe Behrens zu \"Chinas Gegenentwurf - Ein Weg in die Zukunft\" Der Ortsverband M\u00fcnchen hat am 24.10.2025 als Mitveranstalter eine Veranstaltung mit Uwe Behrens zu China durchgef\u00fchrt.\u00a0Uwe Behrens beschrieb und analysierte die Gegenwart in China und gr\u00fcndete darauf seine Prognose. Zugleich warf er einen Blick zur\u00fcck und beantwortete\u2026","rel":"","context":"In &quot;Demokratie \u2013 Medien \u2013 Aufkl\u00e4rung&quot;","block_context":{"text":"Demokratie \u2013 Medien \u2013 Aufkl\u00e4rung","link":"https:\/\/www.freidenker.org\/?cat=12"},"img":{"alt_text":"","src":"https:\/\/i0.wp.com\/www.freidenker.org\/fw17\/wp-content\/uploads\/2025\/11\/Uwe_Behrens_Muenchen_800x450.jpg?fit=800%2C450&ssl=1&resize=350%2C200","width":350,"height":200,"srcset":"https:\/\/i0.wp.com\/www.freidenker.org\/fw17\/wp-content\/uploads\/2025\/11\/Uwe_Behrens_Muenchen_800x450.jpg?fit=800%2C450&ssl=1&resize=350%2C200 1x, https:\/\/i0.wp.com\/www.freidenker.org\/fw17\/wp-content\/uploads\/2025\/11\/Uwe_Behrens_Muenchen_800x450.jpg?fit=800%2C450&ssl=1&resize=525%2C300 1.5x, https:\/\/i0.wp.com\/www.freidenker.org\/fw17\/wp-content\/uploads\/2025\/11\/Uwe_Behrens_Muenchen_800x450.jpg?fit=800%2C450&ssl=1&resize=700%2C400 2x"},"classes":[]},{"id":5874,"url":"https:\/\/www.freidenker.org\/?p=5874","url_meta":{"origin":15911,"position":4},"title":"Protest-Aufruf gegen die M\u00fcnchner Sicherheitskonferenz","author":"Webredaktion","date":"13. Februar 2019","format":false,"excerpt":"Der Deutsche Freidenker-Verband unterst\u00fctzt die Proteste gegen die M\u00fcnchner \"Sicherheitskonferenz\" und ruft alle zur Teilnahme an diesen Protesten auf. Kommt alle! Vom 15.-17. Februar 2019 findet in M\u00fcnchen die \u201eSicherheitskonferenz\u201c (SIKO) statt. Und Sicherheit k\u00f6nnten wir gut gebrauchen: Die Sicherheit, dass wir uns morgen noch unsere Miete leisten k\u00f6nnen, dass\u2026","rel":"","context":"In &quot;Frieden - Antifaschismus - Solidarit\u00e4t&quot;","block_context":{"text":"Frieden - Antifaschismus - Solidarit\u00e4t","link":"https:\/\/www.freidenker.org\/?cat=13"},"img":{"alt_text":"","src":"https:\/\/i0.wp.com\/www.freidenker.org\/fw17\/wp-content\/uploads\/2019\/02\/antisiko2019.png?fit=800%2C445&ssl=1&resize=350%2C200","width":350,"height":200,"srcset":"https:\/\/i0.wp.com\/www.freidenker.org\/fw17\/wp-content\/uploads\/2019\/02\/antisiko2019.png?fit=800%2C445&ssl=1&resize=350%2C200 1x, https:\/\/i0.wp.com\/www.freidenker.org\/fw17\/wp-content\/uploads\/2019\/02\/antisiko2019.png?fit=800%2C445&ssl=1&resize=525%2C300 1.5x, https:\/\/i0.wp.com\/www.freidenker.org\/fw17\/wp-content\/uploads\/2019\/02\/antisiko2019.png?fit=800%2C445&ssl=1&resize=700%2C400 2x"},"classes":[]},{"id":24364,"url":"https:\/\/www.freidenker.org\/?p=24364","url_meta":{"origin":15911,"position":5},"title":"14.02.2026 M\u00fcnchen: Den Frieden gewinnen, nicht den Krieg","author":"Webredaktion","date":"6. Februar 2026","format":false,"excerpt":"Aufruf zur Protestdemo gegen die \"M\u00fcnchner Sicherheitskonferenz\" 2026 Wir protestieren gegen den NATO-Kriegsrat, euphemistisch \u201eSicherheitskonferenz\u201c genannt, der vom 13. bis 15. Februar 2026 in M\u00fcnchen tagt. Am Samstag den 14. Februar tragen wir unseren Protest in M\u00fcnchen auf die Stra\u00dfe. Wer den Frieden will, muss den Kriegsministern laut und deutlich\u2026","rel":"","context":"In &quot;Frieden - Antifaschismus - Solidarit\u00e4t&quot;","block_context":{"text":"Frieden - Antifaschismus - Solidarit\u00e4t","link":"https:\/\/www.freidenker.org\/?cat=13"},"img":{"alt_text":"","src":"https:\/\/i0.wp.com\/www.freidenker.org\/fw17\/wp-content\/uploads\/2026\/02\/Siko_Muenchen_2026_1600x900.jpg?fit=1200%2C674&ssl=1&resize=350%2C200","width":350,"height":200,"srcset":"https:\/\/i0.wp.com\/www.freidenker.org\/fw17\/wp-content\/uploads\/2026\/02\/Siko_Muenchen_2026_1600x900.jpg?fit=1200%2C674&ssl=1&resize=350%2C200 1x, https:\/\/i0.wp.com\/www.freidenker.org\/fw17\/wp-content\/uploads\/2026\/02\/Siko_Muenchen_2026_1600x900.jpg?fit=1200%2C674&ssl=1&resize=525%2C300 1.5x, https:\/\/i0.wp.com\/www.freidenker.org\/fw17\/wp-content\/uploads\/2026\/02\/Siko_Muenchen_2026_1600x900.jpg?fit=1200%2C674&ssl=1&resize=700%2C400 2x, https:\/\/i0.wp.com\/www.freidenker.org\/fw17\/wp-content\/uploads\/2026\/02\/Siko_Muenchen_2026_1600x900.jpg?fit=1200%2C674&ssl=1&resize=1050%2C600 3x"},"classes":[]}],"_links":{"self":[{"href":"https:\/\/www.freidenker.org\/index.php?rest_route=\/wp\/v2\/posts\/15911","targetHints":{"allow":["GET"]}}],"collection":[{"href":"https:\/\/www.freidenker.org\/index.php?rest_route=\/wp\/v2\/posts"}],"about":[{"href":"https:\/\/www.freidenker.org\/index.php?rest_route=\/wp\/v2\/types\/post"}],"author":[{"embeddable":true,"href":"https:\/\/www.freidenker.org\/index.php?rest_route=\/wp\/v2\/users\/3"}],"replies":[{"embeddable":true,"href":"https:\/\/www.freidenker.org\/index.php?rest_route=%2Fwp%2Fv2%2Fcomments&post=15911"}],"version-history":[{"count":0,"href":"https:\/\/www.freidenker.org\/index.php?rest_route=\/wp\/v2\/posts\/15911\/revisions"}],"wp:featuredmedia":[{"embeddable":true,"href":"https:\/\/www.freidenker.org\/index.php?rest_route=\/wp\/v2\/media\/15912"}],"wp:attachment":[{"href":"https:\/\/www.freidenker.org\/index.php?rest_route=%2Fwp%2Fv2%2Fmedia&parent=15911"}],"wp:term":[{"taxonomy":"category","embeddable":true,"href":"https:\/\/www.freidenker.org\/index.php?rest_route=%2Fwp%2Fv2%2Fcategories&post=15911"},{"taxonomy":"post_tag","embeddable":true,"href":"https:\/\/www.freidenker.org\/index.php?rest_route=%2Fwp%2Fv2%2Ftags&post=15911"}],"curies":[{"name":"wp","href":"https:\/\/api.w.org\/{rel}","templated":true}]}}