{"id":15901,"date":"2023-04-30T20:15:20","date_gmt":"2023-04-30T18:15:20","guid":{"rendered":"https:\/\/www.freidenker.org\/?p=15901"},"modified":"2023-06-15T23:04:05","modified_gmt":"2023-06-15T21:04:05","slug":"buchvorstellung-wer-am-abgrund-tanzt","status":"publish","type":"post","link":"https:\/\/www.freidenker.org\/?p=15901","title":{"rendered":"Buchvorstellung: Wer am Abgrund tanzt"},"content":{"rendered":"<h5>Einladung zur Buchvorstellung<\/h5>\n<h4><strong>Wer am Abgrund tanzt \u2013 Notizen zu den M\u00fcnchner Jahren zwischen R\u00e4terepublik und Hitlerputsch \u2013\u00a01919 bis 1923<\/strong><\/h4>\n<h5>von G\u00fcnther Gerstenberg<\/h5>\n<h5>Es lesen: Cornelia Naumann, Robert Valentin Hoffmann und Wolfgang Rommerskirchen<\/h5>\n<p><strong>Mittwoch, 31.05.2023, 19.00 Uhr<\/strong><br \/>\n<strong>EineWeltHaus M\u00fcnchen<\/strong><br \/>\nSchwanthalerstr. 80, 80336 M\u00fcnchen<br \/>\nU-Bahn-Station Theresienwiese<\/p>\n<p>Nach der blutigen Liquidierung der M\u00fcnchner R\u00e4terepublik Anfang Mai 1919 wird\u00a0die bayrische Hauptstadt zu einem Hort revanchistischer, rechtsnationalistischer, antisemitischer und gewaltbereiter Gruppen, die Schritt f\u00fcr Schritt die Meinungsf\u00fchrerschaft und den \u00f6ffentlichen Raum zu erobern suchen. Die Arbeiterbewegung stemmt sich diesem Trend vergeblich entgegen. Im \u00bbau\u00dferbayrischen, feindlichen Ausland\u00ab \u00e4u\u00dfern 1921 angesehene Zeitungen wie die Karlsruher Zeitung, das amtliche Organ der badischen Staatsregierung, ihr Befremden \u00fcber die wei\u00df-blauen Zust\u00e4nde und erkennen die Gr\u00fcnde daf\u00fcr darin, dass \u00bbein nicht unerheblicher Bruchteil der Bev\u00f6lkerung von einer Rohheit des F\u00fchlens und Denkens ist, dass man sich versucht f\u00fchlt, den Aschanti-Neger im Vergleich mit diesen eigent\u00fcmlichen Bundesbr\u00fcdern als den Tr\u00e4ger der h\u00f6heren Zivilisation anzusprechen\u00ab. Und Kurt Tucholsky fordert in der Weltb\u00fchne: \u00bbReisende, meidet Bayern!\u00ab \u2013 M\u00fcnchen im Umbruch: Modernisierung, Not, Arbeitsk\u00e4mpfe, kalter B\u00fcrgerkrieg, der drohende Vorschein der Diktatur. Jahre sp\u00e4ter erh\u00e4lt M\u00fcnchen deshalb den \u00bbehrenvollen\u00ab Titel \u00bbHauptstadt der Bewegung\u00ab.<\/p>\n<p><strong>in Zusammenarbeit mit<\/strong><\/p>\n<p><img data-recalc-dims=\"1\" loading=\"lazy\" decoding=\"async\" data-attachment-id=\"15903\" data-permalink=\"https:\/\/www.freidenker.org\/?attachment_id=15903\" data-orig-file=\"https:\/\/i0.wp.com\/www.freidenker.org\/fw17\/wp-content\/uploads\/2023\/04\/MES_JW_Logo_800px.jpg?fit=800%2C156&amp;ssl=1\" data-orig-size=\"800,156\" data-comments-opened=\"0\" data-image-meta=\"{&quot;aperture&quot;:&quot;0&quot;,&quot;credit&quot;:&quot;&quot;,&quot;camera&quot;:&quot;&quot;,&quot;caption&quot;:&quot;&quot;,&quot;created_timestamp&quot;:&quot;0&quot;,&quot;copyright&quot;:&quot;&quot;,&quot;focal_length&quot;:&quot;0&quot;,&quot;iso&quot;:&quot;0&quot;,&quot;shutter_speed&quot;:&quot;0&quot;,&quot;title&quot;:&quot;&quot;,&quot;orientation&quot;:&quot;1&quot;}\" data-image-title=\"MES_JW_Logo_800px\" data-image-description=\"\" data-image-caption=\"\" data-large-file=\"https:\/\/i0.wp.com\/www.freidenker.org\/fw17\/wp-content\/uploads\/2023\/04\/MES_JW_Logo_800px.jpg?fit=800%2C156&amp;ssl=1\" class=\"alignnone wp-image-15903 size-medium\" src=\"https:\/\/i0.wp.com\/www.freidenker.org\/fw17\/wp-content\/uploads\/2023\/04\/MES_JW_Logo_800px.jpg?resize=300%2C59&#038;ssl=1\" alt=\"\" width=\"300\" height=\"59\" srcset=\"https:\/\/i0.wp.com\/www.freidenker.org\/fw17\/wp-content\/uploads\/2023\/04\/MES_JW_Logo_800px.jpg?resize=300%2C59&amp;ssl=1 300w, https:\/\/i0.wp.com\/www.freidenker.org\/fw17\/wp-content\/uploads\/2023\/04\/MES_JW_Logo_800px.jpg?resize=768%2C150&amp;ssl=1 768w, https:\/\/i0.wp.com\/www.freidenker.org\/fw17\/wp-content\/uploads\/2023\/04\/MES_JW_Logo_800px.jpg?w=800&amp;ssl=1 800w\" sizes=\"auto, (max-width: 300px) 100vw, 300px\" \/><\/p>\n<hr \/>\n<h5>Download<\/h5>\n<p><img data-recalc-dims=\"1\" loading=\"lazy\" decoding=\"async\" data-attachment-id=\"1076\" data-permalink=\"https:\/\/www.freidenker.org\/?attachment_id=1076\" data-orig-file=\"https:\/\/i0.wp.com\/www.freidenker.org\/fw17\/wp-content\/uploads\/2017\/10\/pdf_icon-2.png?fit=32%2C32&amp;ssl=1\" data-orig-size=\"32,32\" data-comments-opened=\"0\" data-image-meta=\"{&quot;aperture&quot;:&quot;0&quot;,&quot;credit&quot;:&quot;&quot;,&quot;camera&quot;:&quot;&quot;,&quot;caption&quot;:&quot;&quot;,&quot;created_timestamp&quot;:&quot;0&quot;,&quot;copyright&quot;:&quot;&quot;,&quot;focal_length&quot;:&quot;0&quot;,&quot;iso&quot;:&quot;0&quot;,&quot;shutter_speed&quot;:&quot;0&quot;,&quot;title&quot;:&quot;&quot;,&quot;orientation&quot;:&quot;0&quot;}\" data-image-title=\"pdf_icon\" data-image-description=\"\" data-image-caption=\"\" data-large-file=\"https:\/\/i0.wp.com\/www.freidenker.org\/fw17\/wp-content\/uploads\/2017\/10\/pdf_icon-2.png?fit=32%2C32&amp;ssl=1\" class=\"alignnone size-full wp-image-1076\" src=\"https:\/\/i0.wp.com\/www.freidenker.org\/fw17\/wp-content\/uploads\/2017\/10\/pdf_icon-2.png?resize=32%2C32&#038;ssl=1\" alt=\"\" width=\"32\" height=\"32\" \/> <a href=\"https:\/\/www.freidenker.org\/fw17\/wp-content\/uploads\/2023\/04\/flugblatt_A4_oder_A5__einseitig_freidenker2.pdf\" target=\"_blank\" rel=\"noopener\">Flyer zur Veranstaltung<\/a> (PDF-Dokument, ca. 508 KB)<\/p>\n<hr \/>\n<p><span style=\"font-size: 10pt;\">Bild oben: Collage aus:<\/span><br \/>\n<span style=\"font-size: 10pt;\">&#8211; KPD-Plakat, in der Nacht vom 26. auf den 27. Juli 2023 in M\u00fcnchen angeschlagen und am 27. Juli von der Polizei entfernt<\/span><br \/>\n<span style=\"font-size: 10pt;\">&#8211; Buchtitel des Buches von G\u00fcnther Gerstenberg<\/span><\/p>\n","protected":false},"excerpt":{"rendered":"<p><b>Einladung zur Buchvorstellung &#8222;Wer am Abgrund tanzt \u2013 Notizen zu den M\u00fcnchner Jahren zwischen R\u00e4terepublik und Hitlerputsch \u2013\u00a01919 bis 1923&#8220; von G\u00fcnther Gerstenberg<\/b><br \/>\nEs lesen: Cornelia Naumann, Robert Valentin Hoffmann und Wolfgang Rommerskirchen<br \/>\nMittwoch, 31.05.2023, 19.00 Uhr, EineWeltHaus M\u00fcnchen<br \/>\nNach der blutigen Liquidierung der M\u00fcnchner R\u00e4terepublik Anfang Mai 1919 wird\u00a0die bayrische Hauptstadt zu einem Hort revanchistischer, rechtsnationalistischer, antisemitischer und gewaltbereiter Gruppen, die Schritt f\u00fcr Schritt die Meinungsf\u00fchrerschaft und den \u00f6ffentlichen Raum zu erobern suchen. Die Arbeiterbewegung stemmt sich diesem Trend vergeblich entgegen.<\/p>\n","protected":false},"author":3,"featured_media":15905,"comment_status":"closed","ping_status":"closed","sticky":false,"template":"","format":"standard","meta":{"colormag_page_container_layout":"default_layout","colormag_page_sidebar_layout":"default_layout","advanced_seo_description":"","jetpack_seo_html_title":"","jetpack_seo_noindex":false,"jetpack_post_was_ever_published":false,"footnotes":""},"categories":[19],"tags":[1057,1043,451,1451,835,1103,1161],"class_list":["post-15901","post","type-post","status-publish","format-standard","has-post-thumbnail","hentry","category-veranstaltungen-in-den-dfv-landesverbaenden","tag-arbeiterbewegung","tag-bayern","tag-faschismus","tag-lv-bayern","tag-muenchen","tag-putsch","tag-raeterepublik"],"jetpack_featured_media_url":"https:\/\/i0.wp.com\/www.freidenker.org\/fw17\/wp-content\/uploads\/2023\/04\/wer_am_abgrund_tanzt.jpg?fit=800%2C450&ssl=1","jetpack_shortlink":"https:\/\/wp.me\/p9stpK-48t","jetpack-related-posts":[{"id":6497,"url":"https:\/\/www.freidenker.org\/?p=6497","url_meta":{"origin":15901,"position":0},"title":"FREIDENKER 2-19  \u2013 1919: R\u00e4terepublik in M\u00fcnchen","author":"Webredaktion","date":"16. Juni 2019","format":false,"excerpt":"Die Ausgabe 2-19 des Verbandsorgans FREIDENKER hat das Schwerpunkt-Thema \u201e1919: R\u00e4terepublik in M\u00fcnchen\u201c und enth\u00e4lt u.a. folgende Beitr\u00e4ge: - Hermann Kopp: Die Arbeiter an der Macht \u2013 Zur Geschichte der M\u00fcnchner R\u00e4terepublik - Herrmann Kopp: Der Kaiser ging, die Gener\u00e4le blieben - Tilo Gr\u00e4ser: Anfang und Ende eines bayrischen Wunders:\u2026","rel":"","context":"In &quot;Geschichte&quot;","block_context":{"text":"Geschichte","link":"https:\/\/www.freidenker.org\/?cat=1162"},"img":{"alt_text":"","src":"https:\/\/i0.wp.com\/www.freidenker.org\/fw17\/wp-content\/uploads\/2019\/06\/FD_2019-02_Titel_mR.jpg?fit=800%2C445&ssl=1&resize=350%2C200","width":350,"height":200,"srcset":"https:\/\/i0.wp.com\/www.freidenker.org\/fw17\/wp-content\/uploads\/2019\/06\/FD_2019-02_Titel_mR.jpg?fit=800%2C445&ssl=1&resize=350%2C200 1x, https:\/\/i0.wp.com\/www.freidenker.org\/fw17\/wp-content\/uploads\/2019\/06\/FD_2019-02_Titel_mR.jpg?fit=800%2C445&ssl=1&resize=525%2C300 1.5x, https:\/\/i0.wp.com\/www.freidenker.org\/fw17\/wp-content\/uploads\/2019\/06\/FD_2019-02_Titel_mR.jpg?fit=800%2C445&ssl=1&resize=700%2C400 2x"},"classes":[]},{"id":6545,"url":"https:\/\/www.freidenker.org\/?p=6545","url_meta":{"origin":15901,"position":1},"title":"Anfang und Ende eines bayrischen Wunders","author":"Webredaktion","date":"27. Juni 2019","format":false,"excerpt":"Beitrag von Tilo Gr\u00e4ser aus FREIDENKER 2-19 \u201eDie Revolution in Bayern verlief anders als im \u00fcbrigen Deutschland\u201c, betonte der Historiker Sebastian Haffner in seinem 1969 ver\u00f6ffentlichten Buch \u201eDie verratene Revolution\u201c \u00fcber die Ereignisse 1918\/19. \u201eAnders als in Berlin fiel die Revolution in M\u00fcnchen nicht von Anfang an in die H\u00e4nde\u2026","rel":"","context":"In &quot;Geschichte&quot;","block_context":{"text":"Geschichte","link":"https:\/\/www.freidenker.org\/?cat=1162"},"img":{"alt_text":"","src":"https:\/\/i0.wp.com\/www.freidenker.org\/fw17\/wp-content\/uploads\/2019\/06\/Declaration_of_the_MunichCouncilsRepublic_800x445.jpg?fit=800%2C445&ssl=1&resize=350%2C200","width":350,"height":200,"srcset":"https:\/\/i0.wp.com\/www.freidenker.org\/fw17\/wp-content\/uploads\/2019\/06\/Declaration_of_the_MunichCouncilsRepublic_800x445.jpg?fit=800%2C445&ssl=1&resize=350%2C200 1x, https:\/\/i0.wp.com\/www.freidenker.org\/fw17\/wp-content\/uploads\/2019\/06\/Declaration_of_the_MunichCouncilsRepublic_800x445.jpg?fit=800%2C445&ssl=1&resize=525%2C300 1.5x, https:\/\/i0.wp.com\/www.freidenker.org\/fw17\/wp-content\/uploads\/2019\/06\/Declaration_of_the_MunichCouncilsRepublic_800x445.jpg?fit=800%2C445&ssl=1&resize=700%2C400 2x"},"classes":[]},{"id":6539,"url":"https:\/\/www.freidenker.org\/?p=6539","url_meta":{"origin":15901,"position":2},"title":"Frauen in der Bayerischen Revolution und R\u00e4terepublik von 1918\/19","author":"Webredaktion","date":"27. Juni 2019","format":false,"excerpt":"Beitrag von Nadja Bennewitz aus FREIDENKER 2-19 \u201eWas sa\u00df denn da neben ... Kurt Eisner?\" ... Vor allem kriegsm\u00fcde Proletarierinnen, Frauen mit ausgelaugten Gesichtern, zerarbeiteten H\u00e4nden und entschlossenen Augen. Sie waren eigentlich die N\u00fcchternsten, die Mutigsten. ... Schon seit 1917 waren es haupts\u00e4chlich Hausfrauen, Arbeiterinnen und Jugendliche, die mit Hungerdemonstrationen\u2026","rel":"","context":"In &quot;Geschichte&quot;","block_context":{"text":"Geschichte","link":"https:\/\/www.freidenker.org\/?cat=1162"},"img":{"alt_text":"","src":"https:\/\/i0.wp.com\/www.freidenker.org\/fw17\/wp-content\/uploads\/2019\/06\/R%C3%A4terepublik_Frauen_v2.jpg?fit=800%2C447&ssl=1&resize=350%2C200","width":350,"height":200,"srcset":"https:\/\/i0.wp.com\/www.freidenker.org\/fw17\/wp-content\/uploads\/2019\/06\/R%C3%A4terepublik_Frauen_v2.jpg?fit=800%2C447&ssl=1&resize=350%2C200 1x, https:\/\/i0.wp.com\/www.freidenker.org\/fw17\/wp-content\/uploads\/2019\/06\/R%C3%A4terepublik_Frauen_v2.jpg?fit=800%2C447&ssl=1&resize=525%2C300 1.5x, https:\/\/i0.wp.com\/www.freidenker.org\/fw17\/wp-content\/uploads\/2019\/06\/R%C3%A4terepublik_Frauen_v2.jpg?fit=800%2C447&ssl=1&resize=700%2C400 2x"},"classes":[]},{"id":17072,"url":"https:\/\/www.freidenker.org\/?p=17072","url_meta":{"origin":15901,"position":3},"title":"Bj\u00f6rn H\u00f6cke und die AfD &#8211; Neue faschistische Gefahr?!","author":"Webredaktion","date":"25. September 2023","format":false,"excerpt":"Vortr\u00e4ge und Diskussion mit Wolfgang Veiglhuber und Prof. Dr. Klaus Weber Dienstag 26.09.2023, 19:00 Uhr, M\u00fcnchner Aidshilfe, Lindwurmstra\u00dfe 71, 80337 M\u00fcnchen H\u00f6ckes \u00bbsoziale\u00ab und \u00f6konomische Schwerpunkte liegen auf dem Lob der deutschen Marktwirtschaft (mit \u00bbschaffendem Kapital\u00ab gegen einen \u00bbinternationalen Kapitalismus\u00ab) sowie auf der Idee eines homogenen Volkes. Dieses deutsche Volk\u2026","rel":"","context":"In &quot;Veranstaltungen in den DFV-Landesverb\u00e4nden&quot;","block_context":{"text":"Veranstaltungen in den DFV-Landesverb\u00e4nden","link":"https:\/\/www.freidenker.org\/?cat=19"},"img":{"alt_text":"","src":"https:\/\/i0.wp.com\/www.freidenker.org\/fw17\/wp-content\/uploads\/2023\/09\/Hoecke_Veranst_Muenchen.jpg?fit=800%2C450&ssl=1&resize=350%2C200","width":350,"height":200,"srcset":"https:\/\/i0.wp.com\/www.freidenker.org\/fw17\/wp-content\/uploads\/2023\/09\/Hoecke_Veranst_Muenchen.jpg?fit=800%2C450&ssl=1&resize=350%2C200 1x, https:\/\/i0.wp.com\/www.freidenker.org\/fw17\/wp-content\/uploads\/2023\/09\/Hoecke_Veranst_Muenchen.jpg?fit=800%2C450&ssl=1&resize=525%2C300 1.5x, https:\/\/i0.wp.com\/www.freidenker.org\/fw17\/wp-content\/uploads\/2023\/09\/Hoecke_Veranst_Muenchen.jpg?fit=800%2C450&ssl=1&resize=700%2C400 2x"},"classes":[]},{"id":24364,"url":"https:\/\/www.freidenker.org\/?p=24364","url_meta":{"origin":15901,"position":4},"title":"14.02.2026 M\u00fcnchen: Den Frieden gewinnen, nicht den Krieg","author":"Webredaktion","date":"6. Februar 2026","format":false,"excerpt":"Aufruf zur Protestdemo gegen die \"M\u00fcnchner Sicherheitskonferenz\" 2026 Wir protestieren gegen den NATO-Kriegsrat, euphemistisch \u201eSicherheitskonferenz\u201c genannt, der vom 13. bis 15. Februar 2026 in M\u00fcnchen tagt. Am Samstag den 14. Februar tragen wir unseren Protest in M\u00fcnchen auf die Stra\u00dfe. Wer den Frieden will, muss den Kriegsministern laut und deutlich\u2026","rel":"","context":"In &quot;Frieden - Antifaschismus - Solidarit\u00e4t&quot;","block_context":{"text":"Frieden - Antifaschismus - Solidarit\u00e4t","link":"https:\/\/www.freidenker.org\/?cat=13"},"img":{"alt_text":"","src":"https:\/\/i0.wp.com\/www.freidenker.org\/fw17\/wp-content\/uploads\/2026\/02\/Siko_Muenchen_2026_1600x900.jpg?fit=1200%2C674&ssl=1&resize=350%2C200","width":350,"height":200,"srcset":"https:\/\/i0.wp.com\/www.freidenker.org\/fw17\/wp-content\/uploads\/2026\/02\/Siko_Muenchen_2026_1600x900.jpg?fit=1200%2C674&ssl=1&resize=350%2C200 1x, https:\/\/i0.wp.com\/www.freidenker.org\/fw17\/wp-content\/uploads\/2026\/02\/Siko_Muenchen_2026_1600x900.jpg?fit=1200%2C674&ssl=1&resize=525%2C300 1.5x, https:\/\/i0.wp.com\/www.freidenker.org\/fw17\/wp-content\/uploads\/2026\/02\/Siko_Muenchen_2026_1600x900.jpg?fit=1200%2C674&ssl=1&resize=700%2C400 2x, https:\/\/i0.wp.com\/www.freidenker.org\/fw17\/wp-content\/uploads\/2026\/02\/Siko_Muenchen_2026_1600x900.jpg?fit=1200%2C674&ssl=1&resize=1050%2C600 3x"},"classes":[]},{"id":15643,"url":"https:\/\/www.freidenker.org\/?p=15643","url_meta":{"origin":15901,"position":5},"title":"Skandal im Friedenslager","author":"Webredaktion","date":"29. M\u00e4rz 2023","format":false,"excerpt":"Beitrag von Dietrich Kittner aus FREIDENKER 1-23 Seit einigen Jahrzehnten trage ich einen Mitgliedsausweis mit mir herum. N\u00e4mlich den der Deutschen Friedensgesellschaft \u2013 Ver\u00adeinigte KriegsdienstgegnerInnen e.V. (DFG-VK). Daran liegt es, da\u00df ich lange gez\u00f6gert habe, diese Zeilen zu ver\u00f6ffentlichen. Im Stillen hatte ich gehofft, meine Emp\u00f6rung \u00fcber den nachfolgend geschilderten\u2026","rel":"","context":"In &quot;Frieden - Antifaschismus - Solidarit\u00e4t&quot;","block_context":{"text":"Frieden - Antifaschismus - Solidarit\u00e4t","link":"https:\/\/www.freidenker.org\/?cat=13"},"img":{"alt_text":"","src":"https:\/\/i0.wp.com\/www.freidenker.org\/fw17\/wp-content\/uploads\/2023\/03\/Kittner_FD_1-23_800x450.jpg?fit=800%2C450&ssl=1&resize=350%2C200","width":350,"height":200,"srcset":"https:\/\/i0.wp.com\/www.freidenker.org\/fw17\/wp-content\/uploads\/2023\/03\/Kittner_FD_1-23_800x450.jpg?fit=800%2C450&ssl=1&resize=350%2C200 1x, https:\/\/i0.wp.com\/www.freidenker.org\/fw17\/wp-content\/uploads\/2023\/03\/Kittner_FD_1-23_800x450.jpg?fit=800%2C450&ssl=1&resize=525%2C300 1.5x, https:\/\/i0.wp.com\/www.freidenker.org\/fw17\/wp-content\/uploads\/2023\/03\/Kittner_FD_1-23_800x450.jpg?fit=800%2C450&ssl=1&resize=700%2C400 2x"},"classes":[]}],"_links":{"self":[{"href":"https:\/\/www.freidenker.org\/index.php?rest_route=\/wp\/v2\/posts\/15901","targetHints":{"allow":["GET"]}}],"collection":[{"href":"https:\/\/www.freidenker.org\/index.php?rest_route=\/wp\/v2\/posts"}],"about":[{"href":"https:\/\/www.freidenker.org\/index.php?rest_route=\/wp\/v2\/types\/post"}],"author":[{"embeddable":true,"href":"https:\/\/www.freidenker.org\/index.php?rest_route=\/wp\/v2\/users\/3"}],"replies":[{"embeddable":true,"href":"https:\/\/www.freidenker.org\/index.php?rest_route=%2Fwp%2Fv2%2Fcomments&post=15901"}],"version-history":[{"count":0,"href":"https:\/\/www.freidenker.org\/index.php?rest_route=\/wp\/v2\/posts\/15901\/revisions"}],"wp:featuredmedia":[{"embeddable":true,"href":"https:\/\/www.freidenker.org\/index.php?rest_route=\/wp\/v2\/media\/15905"}],"wp:attachment":[{"href":"https:\/\/www.freidenker.org\/index.php?rest_route=%2Fwp%2Fv2%2Fmedia&parent=15901"}],"wp:term":[{"taxonomy":"category","embeddable":true,"href":"https:\/\/www.freidenker.org\/index.php?rest_route=%2Fwp%2Fv2%2Fcategories&post=15901"},{"taxonomy":"post_tag","embeddable":true,"href":"https:\/\/www.freidenker.org\/index.php?rest_route=%2Fwp%2Fv2%2Ftags&post=15901"}],"curies":[{"name":"wp","href":"https:\/\/api.w.org\/{rel}","templated":true}]}}