{"id":15890,"date":"2023-04-26T23:43:16","date_gmt":"2023-04-26T21:43:16","guid":{"rendered":"https:\/\/www.freidenker.org\/?p=15890"},"modified":"2023-05-07T23:25:54","modified_gmt":"2023-05-07T21:25:54","slug":"russland-unterstuetzt-angeblich-die-deutsche-friedensopposition","status":"publish","type":"post","link":"https:\/\/www.freidenker.org\/?p=15890","title":{"rendered":"Russland unterst\u00fctzt angeblich die deutsche Friedensopposition"},"content":{"rendered":"<h4>Wer sich nicht anpasst, wird ge\u00e4chtet<\/h4>\n<p><em>von <strong>Wolfgang Bittner<\/strong><\/em><\/p>\n<p>In seiner Regierungserkl\u00e4rung vom 28. Oktober 1969 gab Willy Brandt die Parole aus: \u201eWir wollen ein Volk der guten Nachbarn sein und werden, im Inneren und nach au\u00dfen.\u201c Das ist lange vorbei. Die Chancen, die sich damals er\u00f6ffnet hatten, wurden nicht genutzt und ebenso wenig das Angebot Putins, der 2001 in seiner denkw\u00fcrdigen Rede im Deutschen Bundestag von einem gemeinsamen Wirtschaftsraum von Wladiwostok bis Lissabon sprach. Das war damals noch m\u00f6glich.<\/p>\n<p>Wie w\u00fcrde Deutschland, wie w\u00fcrde Europa heute dastehen, wenn es zu diesem \u201eeurop\u00e4ischen Haus\u201c, von dem auch Michail Gorbatschow gesprochen hat, gekommen w\u00e4re? Aber das haben die USA verhindert. Und es ist auch nicht gelungen, das Chaos und die Konfusion, die sie der ganzen Welt gebracht haben, f\u00fcr Deutschland zu verhindern. Die Bev\u00f6lkerung ist tief gespalten in Kriegsbef\u00fcrworter und Kriegsgegner, Impffanatiker und Impfkritiker, Klimaaktivisten und Klimaskeptiker und so weiter \u2013 ein absurdes Theater. Der Wirtschaftsminister ist dabei, die deutsche Wirtschaft zu ruinieren, die Au\u00dfenministerin will Luftschutzbunker bauen und der Verteidigungsminister will noch mehr Geld f\u00fcr R\u00fcstung und noch mehr Waffen in die Ukraine liefern.<\/p>\n<p>Wir befinden uns in einer immer schnelleren Abw\u00e4rtsbewegung hin zu einem autorit\u00e4ren, die B\u00fcrgerrechte missachtenden Obrigkeitsstaat, der jegliche Kritik schon im Keim erstickt. Seine Helfer sind die Leitmedien und viele der sogenannten staatstragenden B\u00fcrger, die sich selber auch als solche verstehen, wie Abgeordnete, Journalisten, Beamte, Richter, Wissenschaftler und so weiter, die sich bereits w\u00e4hrend des Corona-Terrors hervorgetan haben.<\/p>\n<p>In der Bild-Zeitung lautete die Schlagzeile am 22. April 2023 \u2013 und man traute seinen Augen nicht: <em>\u201ePutins Putsch-Plan f\u00fcr Deutschland.\u201c<\/em> Und weiter: <em>\u201eSo plant Putin Revolution in Deutschland. Mit Wagenknecht und AfD! \u2026 Enth\u00fcllt: Der Kreml-F\u00fchrer will die Kontrolle \u00fcber Deutschland zur\u00fcck. Seine Kampftruppe: eine Einheits-Kolonne aus Linken und Rechten!\u201c<\/em>(1)<\/p>\n<p>Zugrunde lag ein Bericht der regierungsnahen US-Zeitung \u201eWashington-Post\u201c,(2) die sich nicht zum ersten Mal auf eine dubiose Geheimdienstinformation st\u00fctzt, wonach Wladimir Putin Deutschland zur\u00fcckerobern will, und zwar mit einem Putsch, <em>\u201eangef\u00fchrt von \u201eLinks-Ikone\u201c Sahra Wagenknecht (53) und den Rechtsau\u00dfen der AfD.\u201c <\/em>Die Washington Post berufe sich auf <em>\u201eKreml-Akten von Sommer und Herbst 2022, die ein EU-Nachrichtendienst \u201abeschafft\u2018 habe\u201c<\/em>, so die Bild-Zeitung. Die Rede ist von \u201eDokumenten\u201c, die jedoch nicht vorgelegt werden.<\/p>\n<p>Bereits tags zuvor wurde in der ARD-Tagesschau online unter dem Titel <em>\u201eBericht der \u201aWashington Post\u2018 \u2013 Kreml-Plan f\u00fcr deutsche \u201aQuerfront\u2018?\u201c<\/em> verbreitet, <em>\u201eBeamte und politische Strategen Russlands\u201c<\/em> h\u00e4tten gemeinsam Strategien erarbeitet, <em>\u201ewie in Deutschland eine Anti-Kriegs-Stimmung\u201c<\/em> erzeugt und die Unterst\u00fctzung der Ukraine geschw\u00e4cht werden k\u00f6nne. Der Kreml habe <em>\u201eDemonstrationen der deutschen Friedensbewegung aktiv unterst\u00fctzt\u201c<\/em>.(3) Zutiefst emp\u00f6rend ist auch die kolportierte Behauptung, der Washington Post l\u00e4gen \u201evertrauliche Dokumente\u201c vor, wonach <em>\u201eMoskau gezielt versucht haben soll, Einfluss auf die Politik in Deutschland zu nehmen, indem Russland das Bilden einer Allianz aus Wagenknecht, der extremen Linken und der AfD unterst\u00fctzt\u201c<\/em>.<\/p>\n<p>Ganz offensichtlich handelt es sich um den Versuch, die bekannteste deutsche Oppositionspolitikerin mit Unterstellungen und unbewiesenen Behauptungen zu diffamieren und unglaubw\u00fcrdig zu machen. Da hei\u00dft es zum Beispiel: <em>\u201eDie Dokumente enthalten kein Material, das die Kommunikation zwischen den russischen Strategen und irgendwelchen Verb\u00fcndeten in Deutschland aufzeichnet. Interviews zeigen jedoch, dass mindestens eine Wagenknecht nahestehende Person und mehrere AfD-Mitglieder zum Zeitpunkt der Ausarbeitung der Pl\u00e4ne mit russischen Beamten in Kontakt standen.\u201c<\/em>(4)<\/p>\n<p>Was f\u00fcr eine verlogene \u201eBerichterstattung\u201c! Keine echten Belege, nichts ist verifizierbar. Die Medien \u00fcbertreffen sich geradezu an Gemeinheiten. Gegen Russland wird nun schon seit Jahren gehetzt, aber auch Sahra Wagenknechts Eintreten f\u00fcr Friedensverhandlungen in der Ukraine sowie ihre Kritik an der Berliner Regierung sind seit Langem Anlass f\u00fcr ungebremste Aggressionen in Politik und Medien. Weil sie mittlerweile in gro\u00dfen Teilen der Bev\u00f6lkerung beliebt ist und nach Medienberichten die Gr\u00fcndung einer neuen Partei beabsichtigt, kommt sie der aus Washington gesteuerten Berliner Politik in die Quere. Mit einem Frontalangriff wird jetzt versucht, sie mundtot zu machen.<\/p>\n<p>Fast alle gro\u00dfen deutschen Medien berichteten in gleicher Weise, ohne irgendetwas zu recherchieren. Wagenknecht wird unter einem Vorwand mit nebul\u00f6sen Andeutungen, Unterstellungen und unbewiesenen Behauptungen diskreditiert und Russland als hinterh\u00e4ltig und b\u00f6sartig dargestellt. Und wer in den alternativen Medien, soweit sie noch nicht ausgeschaltet worden sind, gegen derartige Exzesse kritisch Stellung zu nehmen wagt, ist per se ein Extremist, Verschw\u00f6rungstheoretiker, Querdenker oder Putin-Freund. Das wird nicht mehr hinterfragt, diese Menschen sind als Extremisten abgestempelt und damit vogelfrei.\u00a0Wer nicht der Regierungs- und Medienpropaganda folgt, wird ge\u00e4chtet und aus der neu ausgerufenen \u201eVolksgemeinschaft\u201c ausgesto\u00dfen.\u00a0Wohin wir schauen: Bis zum Fanatismus gesteigerte Intoleranz, Kriegshetze und Militarismus.<\/p>\n<p>Es ist nicht mehr zu \u00fcbersehen, dass diese Entwicklung, die faschistisch genannt werden kann, von bestimmten Kr\u00e4ften gesteuert wird. Ich habe dazu in meinen B\u00fcchern \u201eAusnahmezustand\u201c und \u201eDeutschland \u2013 verraten und verkauft\u201c entsprechende Hintergrundinformationen gegeben. Die Situation, in der wir uns befinden, ist entsetzlich. Und die Berliner Regierung unternimmt nichts dagegen, sondern folgt bis ins Verderben den Vorgaben aus Washington, wo die Neokonservativen und ihre Hintergrundakteure immer noch auf den monopolaren Anspruch der USA setzen.<\/p>\n<p>Inzwischen ist offensichtlich, dass die Vereinigten Staaten auf einen Regime Change in Moskau hinarbeiten, durch Unterwanderung oder auch milit\u00e4risch. Man muss bedenken, dass dieses gr\u00f6\u00dfte Land der Welt \u00fcber enorme Ressourcen verf\u00fcgt. Seit langem wird schon versucht, Russland den wirtschaftlichen und geostrategischen Zielen des Westens zu \u00f6ffnen. Unter Boris Jelzin war es schon einmal zur Beute verkommen, doch dem hat Wladimir Putin seinerzeit Einhalt geboten.<\/p>\n<p>Jetzt wird Europa ruiniert und als Konkurrent der USA ausgeschaltet. Die US-Wirtschaft, die vor dem Zusammenbruch stand, erholt sich allm\u00e4hlich, w\u00e4hrend die deutsche Industrie zusehends schrumpft, viele Unternehmen abwandern oder insolvent gehen. Und der deutsche Bundeskanzler l\u00e4sst sich in Washington instruieren, der Wirtschaftsminister will nach einem Gespr\u00e4ch mit Joseph Biden in Europa \u201edienend f\u00fchren\u201c, die Au\u00dfenministerin will Russland im Einvernehmen mit Joseph Biden ruinieren. Die Haltung der Berliner Politiker ist an Inkompetenz und Devotion kaum noch zu \u00fcberbieten.<\/p>\n<p>Dabei liegt die Strategie der USA seit Langem offen und d\u00fcrfte unterdessen auch den deutschen Politikern und Journalisten bekannt sein. 2015 hatte der Direktor des einflussreichen Washingtoner Thinktanks Stratfor, George Friedman, in einer Rede gesagt, f\u00fcr die Vereinigten Staaten sei seit einem Jahrhundert die Hauptsorge, dass sich deutsches Kapital und deutsche Technologie mit russischen Rohstoff-Ressourcen und russischer Arbeitskraft verb\u00e4nden. Das sei eine Konkurrenz, wirtschaftlich wie milit\u00e4risch, die die USA nicht dulden w\u00fcrden. Deswegen habe man einen \u201eCordon Sanitaire\u201c, einen Sicherheitsg\u00fcrtel, um Russland herum aufgebaut.<\/p>\n<p>Soviel zur Langzeitstrategie der Vereinigten Staaten, die 1904 von ihrem Pr\u00e4sidenten Theodore Roosevelt pauschal zur Aus\u00fcbung einer \u201einternationalen Polizeigewalt\u201c und zur kompromisslosen Durchsetzung wirtschaftlicher und strategischer Interessen erm\u00e4chtigt wurden. Seine Devise war: \u201eSprich sanft und trage einen gro\u00dfen Kn\u00fcppel; dann wirst du weit kommen.\u201c Dass diese \u201eErm\u00e4chtigung\u201c auch heute noch gilt, hat sich offenkundig mit der Sprengung der Ostseepipelines erwiesen.<\/p>\n<p style=\"text-align: right;\"><em>Wolfgang Bittner, Jahrgang 1941, lebt als freier Schriftsteller in G\u00f6ttingen<\/em><\/p>\n<p><strong>Quellen<\/strong><\/p>\n<p>(1) Bild-Zeitung v. 22.4.2023, S. 1 und 3<\/p>\n<p>(2) Siehe: <a href=\"https:\/\/www.washingtonpost.com\/world\/2023\/04\/21\/germany-russia-interference-afd-wagenknecht\/\">https:\/\/www.washingtonpost.com\/world\/2023\/04\/21\/germany-russia-interference-afd-wagenknecht\/<\/a><\/p>\n<p>(3) Siehe: <a href=\"https:\/\/www.tagesschau.de\/ausland\/amerika\/washington-post-russland-deutschland-querfront-101.html\">https:\/\/www.tagesschau.de\/ausland\/amerika\/washington-post-russland-deutschland-querfront-101.html<\/a><\/p>\n<p>(4) Zit. nach <a href=\"https:\/\/www.washingtonpost.com\/world\/2023\/04\/21\/germany-russia-interference-afd-wagenknecht\/\">https:\/\/www.washingtonpost.com\/world\/2023\/04\/21\/germany-russia-interference-afd-wagenknecht\/<\/a><\/p>\n<hr \/>\n<p><img data-recalc-dims=\"1\" loading=\"lazy\" decoding=\"async\" data-attachment-id=\"15891\" data-permalink=\"https:\/\/www.freidenker.org\/?attachment_id=15891\" data-orig-file=\"https:\/\/i0.wp.com\/www.freidenker.org\/fw17\/wp-content\/uploads\/2023\/04\/bittner_ausnahmezustand_buchtitel.jpg?fit=374%2C599&amp;ssl=1\" data-orig-size=\"374,599\" data-comments-opened=\"0\" data-image-meta=\"{&quot;aperture&quot;:&quot;0&quot;,&quot;credit&quot;:&quot;&quot;,&quot;camera&quot;:&quot;&quot;,&quot;caption&quot;:&quot;&quot;,&quot;created_timestamp&quot;:&quot;0&quot;,&quot;copyright&quot;:&quot;&quot;,&quot;focal_length&quot;:&quot;0&quot;,&quot;iso&quot;:&quot;0&quot;,&quot;shutter_speed&quot;:&quot;0&quot;,&quot;title&quot;:&quot;&quot;,&quot;orientation&quot;:&quot;0&quot;}\" data-image-title=\"bittner_ausnahmezustand_buchtitel\" data-image-description=\"\" data-image-caption=\"\" data-large-file=\"https:\/\/i0.wp.com\/www.freidenker.org\/fw17\/wp-content\/uploads\/2023\/04\/bittner_ausnahmezustand_buchtitel.jpg?fit=374%2C599&amp;ssl=1\" class=\"alignnone wp-image-15891 size-medium\" src=\"https:\/\/i0.wp.com\/www.freidenker.org\/fw17\/wp-content\/uploads\/2023\/04\/bittner_ausnahmezustand_buchtitel.jpg?resize=187%2C300&#038;ssl=1\" alt=\"\" width=\"187\" height=\"300\" srcset=\"https:\/\/i0.wp.com\/www.freidenker.org\/fw17\/wp-content\/uploads\/2023\/04\/bittner_ausnahmezustand_buchtitel.jpg?resize=187%2C300&amp;ssl=1 187w, https:\/\/i0.wp.com\/www.freidenker.org\/fw17\/wp-content\/uploads\/2023\/04\/bittner_ausnahmezustand_buchtitel.jpg?w=374&amp;ssl=1 374w\" sizes=\"auto, (max-width: 187px) 100vw, 187px\" \/><\/p>\n<p><em>Von Wolfgang Bittner ist k\u00fcrzlich im Verlag zeitgeist das Buch \u201eAusnahmezustand \u2013 Geopolitische Einsichten und Analysen unter Ber\u00fccksichtigung des Ukraine-Konflikts\u201c erschienen.<\/em><\/p>\n<hr \/>\n<p><span style=\"font-size: 10pt;\">Bild oben: Faksimile der BILD-Zeitung vom 22.04.2023<\/span><\/p>\n","protected":false},"excerpt":{"rendered":"<p><b>Beitrag von Wolfgang Bittner<\/b><br \/>\nIn seiner Regierungserkl\u00e4rung vom 28. Oktober 1969 gab Willy Brandt die Parole aus: \u201eWir wollen ein Volk der guten Nachbarn sein und werden, im Inneren und nach au\u00dfen.\u201c Das ist lange vorbei. Die Chancen, die sich damals er\u00f6ffnet hatten, wurden nicht genutzt und ebenso wenig das Angebot Putins, der 2001 in seiner denkw\u00fcrdigen Rede im Deutschen Bundestag von einem gemeinsamen Wirtschaftsraum von Wladiwostok bis Lissabon sprach. Das war damals noch m\u00f6glich. Wie w\u00fcrde Deutschland, wie w\u00fcrde Europa heute dastehen, wenn es zu diesem \u201eeurop\u00e4ischen Haus\u201c, von dem auch Michail Gorbatschow gesprochen hat, gekommen w\u00e4re? Aber das haben die USA verhindert. Und es ist auch nicht gelungen, das Chaos und die Konfusion, die sie der ganzen Welt gebracht haben, f\u00fcr Deutschland zu verhindern.<\/p>\n","protected":false},"author":3,"featured_media":15892,"comment_status":"closed","ping_status":"closed","sticky":false,"template":"","format":"standard","meta":{"colormag_page_container_layout":"default_layout","colormag_page_sidebar_layout":"default_layout","advanced_seo_description":"","jetpack_seo_html_title":"","jetpack_seo_noindex":false,"jetpack_post_was_ever_published":false,"footnotes":""},"categories":[12],"tags":[1094,1405,452,1151,1635,43,1388,223,342,1154,222,185,122],"class_list":["post-15890","post","type-post","status-publish","format-standard","has-post-thumbnail","hentry","category-demokratie-medien-aufklaerung","tag-ard","tag-bericht","tag-deutschland","tag-europa","tag-faschisierung","tag-friedensbewegung","tag-presse","tag-putin","tag-querfront","tag-regime-change","tag-russland","tag-usa","tag-wirtschaft"],"jetpack_featured_media_url":"https:\/\/i0.wp.com\/www.freidenker.org\/fw17\/wp-content\/uploads\/2023\/04\/Putins_Putsch-Plan_800x450.jpg?fit=800%2C450&ssl=1","jetpack_shortlink":"https:\/\/wp.me\/p9stpK-48i","jetpack-related-posts":[{"id":16930,"url":"https:\/\/www.freidenker.org\/?p=16930","url_meta":{"origin":15890,"position":0},"title":"Nikolai und der Blutzoll, den Deutschland fordert","author":"Webredaktion","date":"14. September 2023","format":false,"excerpt":"Beitrag von Gert Ewen Ungar Ich habe mich heute \u00fcber einen Messengerdienst mit einem Bekannten unterhalten, den ich im vergangenen Jahr erst kennengelernt hatte. Ein Freund aus Russland fragte damals bei mir an, ob ich nicht jemandem aus der Ukraine Hilfestellung geben und vielleicht ein paar N\u00e4chte Unterschlupf gew\u00e4hren k\u00f6nnte.\u2026","rel":"","context":"In &quot;Frieden - Antifaschismus - Solidarit\u00e4t&quot;","block_context":{"text":"Frieden - Antifaschismus - Solidarit\u00e4t","link":"https:\/\/www.freidenker.org\/?cat=13"},"img":{"alt_text":"","src":"https:\/\/i0.wp.com\/www.freidenker.org\/fw17\/wp-content\/uploads\/2023\/09\/Hinweis_Ukraine-Fluechtlinge_Duesseldorf_2022_800x450.jpg?fit=800%2C450&ssl=1&resize=350%2C200","width":350,"height":200,"srcset":"https:\/\/i0.wp.com\/www.freidenker.org\/fw17\/wp-content\/uploads\/2023\/09\/Hinweis_Ukraine-Fluechtlinge_Duesseldorf_2022_800x450.jpg?fit=800%2C450&ssl=1&resize=350%2C200 1x, https:\/\/i0.wp.com\/www.freidenker.org\/fw17\/wp-content\/uploads\/2023\/09\/Hinweis_Ukraine-Fluechtlinge_Duesseldorf_2022_800x450.jpg?fit=800%2C450&ssl=1&resize=525%2C300 1.5x, https:\/\/i0.wp.com\/www.freidenker.org\/fw17\/wp-content\/uploads\/2023\/09\/Hinweis_Ukraine-Fluechtlinge_Duesseldorf_2022_800x450.jpg?fit=800%2C450&ssl=1&resize=700%2C400 2x"},"classes":[]},{"id":7830,"url":"https:\/\/www.freidenker.org\/?p=7830","url_meta":{"origin":15890,"position":1},"title":"Die BRD &#8211; ihre Stellung in Europa und ihr Verh\u00e4ltnis zu Russland","author":"Webredaktion","date":"27. M\u00e4rz 2020","format":false,"excerpt":"Beitrag von Prof. Dr. Anton Latzo Der ehemalige deutsche Reichskanzler Prinz Max von Baden schrieb in seinen Erinnerungen \u00fcber die Wirkung der Oktoberrevolution auf Deutschland, man habe das \u201eunheimliche Gef\u00fchl\u201c gehabt, dass der Sieg der Bolschewiki in Russland all denen in Deutschland den R\u00fccken st\u00e4rke, die den Krieg \u201est\u00f6ren\u201c wollen.\u2026","rel":"","context":"In &quot;Frieden - Antifaschismus - Solidarit\u00e4t&quot;","block_context":{"text":"Frieden - Antifaschismus - Solidarit\u00e4t","link":"https:\/\/www.freidenker.org\/?cat=13"},"img":{"alt_text":"","src":"https:\/\/i0.wp.com\/www.freidenker.org\/fw17\/wp-content\/uploads\/2020\/03\/Angela_Merkel_and_Vladimir_Putin_2019-06-29_800x450.jpg?fit=800%2C450&ssl=1&resize=350%2C200","width":350,"height":200,"srcset":"https:\/\/i0.wp.com\/www.freidenker.org\/fw17\/wp-content\/uploads\/2020\/03\/Angela_Merkel_and_Vladimir_Putin_2019-06-29_800x450.jpg?fit=800%2C450&ssl=1&resize=350%2C200 1x, https:\/\/i0.wp.com\/www.freidenker.org\/fw17\/wp-content\/uploads\/2020\/03\/Angela_Merkel_and_Vladimir_Putin_2019-06-29_800x450.jpg?fit=800%2C450&ssl=1&resize=525%2C300 1.5x, https:\/\/i0.wp.com\/www.freidenker.org\/fw17\/wp-content\/uploads\/2020\/03\/Angela_Merkel_and_Vladimir_Putin_2019-06-29_800x450.jpg?fit=800%2C450&ssl=1&resize=700%2C400 2x"},"classes":[]},{"id":14579,"url":"https:\/\/www.freidenker.org\/?p=14579","url_meta":{"origin":15890,"position":2},"title":"Inszenierung einer Bedrohung","author":"Webredaktion","date":"3. November 2022","format":false,"excerpt":"Beitrag von Wolfgang Bittner Immer mehr stellt sich heraus, dass die USA ihre seit mehr als einem Jahrhundert verfolgte Strategie der Schw\u00e4chung Deutschlands intensiv weiterf\u00fchren. Es gilt die Devise f\u00fcr die Unterdr\u00fcckung Deutschlands, die der erste Generalsekret\u00e4r der NATO, Baron Hastings Ismay, 1949 aufgestellt hatte, wonach die Mission des B\u00fcndnisses\u2026","rel":"","context":"In &quot;Frieden - Antifaschismus - Solidarit\u00e4t&quot;","block_context":{"text":"Frieden - Antifaschismus - Solidarit\u00e4t","link":"https:\/\/www.freidenker.org\/?cat=13"},"img":{"alt_text":"","src":"https:\/\/i0.wp.com\/www.freidenker.org\/fw17\/wp-content\/uploads\/2022\/11\/D-USA-Russ_v2_800x450.jpg?fit=800%2C450&ssl=1&resize=350%2C200","width":350,"height":200,"srcset":"https:\/\/i0.wp.com\/www.freidenker.org\/fw17\/wp-content\/uploads\/2022\/11\/D-USA-Russ_v2_800x450.jpg?fit=800%2C450&ssl=1&resize=350%2C200 1x, https:\/\/i0.wp.com\/www.freidenker.org\/fw17\/wp-content\/uploads\/2022\/11\/D-USA-Russ_v2_800x450.jpg?fit=800%2C450&ssl=1&resize=525%2C300 1.5x, https:\/\/i0.wp.com\/www.freidenker.org\/fw17\/wp-content\/uploads\/2022\/11\/D-USA-Russ_v2_800x450.jpg?fit=800%2C450&ssl=1&resize=700%2C400 2x"},"classes":[]},{"id":19780,"url":"https:\/\/www.freidenker.org\/?p=19780","url_meta":{"origin":15890,"position":3},"title":"Pawel Durow und Telegram: Der Westen l\u00e4sst die Masken fallen","author":"Webredaktion","date":"31. August 2024","format":false,"excerpt":"Beitrag von Gert Ewen Ungar Wir schreiben das Jahr 2018. Russland und Telegram liegen im Streit. Russland fordert vom Messengerdienst die Herausgabe der Schl\u00fcssel-Codes, denn die Sicherheitsbeh\u00f6rden m\u00f6chten gerne mitlesen. Nicht generell, aber ab und zu schon, versichern sie. In Syrien zum Beispiel, denn der IS kommuniziert dort \u00fcber Pawel\u2026","rel":"","context":"In &quot;Demokratie \u2013 Medien \u2013 Aufkl\u00e4rung&quot;","block_context":{"text":"Demokratie \u2013 Medien \u2013 Aufkl\u00e4rung","link":"https:\/\/www.freidenker.org\/?cat=12"},"img":{"alt_text":"","src":"https:\/\/i0.wp.com\/www.freidenker.org\/fw17\/wp-content\/uploads\/2024\/08\/telegram_smartphone-6977551_800x450.jpg?fit=800%2C450&ssl=1&resize=350%2C200","width":350,"height":200,"srcset":"https:\/\/i0.wp.com\/www.freidenker.org\/fw17\/wp-content\/uploads\/2024\/08\/telegram_smartphone-6977551_800x450.jpg?fit=800%2C450&ssl=1&resize=350%2C200 1x, https:\/\/i0.wp.com\/www.freidenker.org\/fw17\/wp-content\/uploads\/2024\/08\/telegram_smartphone-6977551_800x450.jpg?fit=800%2C450&ssl=1&resize=525%2C300 1.5x, https:\/\/i0.wp.com\/www.freidenker.org\/fw17\/wp-content\/uploads\/2024\/08\/telegram_smartphone-6977551_800x450.jpg?fit=800%2C450&ssl=1&resize=700%2C400 2x"},"classes":[]},{"id":16355,"url":"https:\/\/www.freidenker.org\/?p=16355","url_meta":{"origin":15890,"position":4},"title":"Unter Vormundschaft","author":"Webredaktion","date":"24. Juni 2023","format":false,"excerpt":"Kommentar von Wolfgang Bittner Die USA schaffen nach dem Prinzip \u201eteile und herrsche\u201c seit Jahrzehnten zerst\u00f6rte und zerst\u00fcckelte L\u00e4nder: Korea, Vietnam, Cypern, Jugoslawien, Libyen, Irak, Syrien \u2013 um nur einige zu nennen. Deutschland ist ein ganz spezieller Fall, seit 1945 nach der bedingungslosen Kapitulation in der Hand der USA. Wie\u2026","rel":"","context":"In &quot;Demokratie \u2013 Medien \u2013 Aufkl\u00e4rung&quot;","block_context":{"text":"Demokratie \u2013 Medien \u2013 Aufkl\u00e4rung","link":"https:\/\/www.freidenker.org\/?cat=12"},"img":{"alt_text":"","src":"https:\/\/i0.wp.com\/www.freidenker.org\/fw17\/wp-content\/uploads\/2023\/06\/Flags_USA_and_Germany_800x450.jpg?fit=800%2C450&ssl=1&resize=350%2C200","width":350,"height":200,"srcset":"https:\/\/i0.wp.com\/www.freidenker.org\/fw17\/wp-content\/uploads\/2023\/06\/Flags_USA_and_Germany_800x450.jpg?fit=800%2C450&ssl=1&resize=350%2C200 1x, https:\/\/i0.wp.com\/www.freidenker.org\/fw17\/wp-content\/uploads\/2023\/06\/Flags_USA_and_Germany_800x450.jpg?fit=800%2C450&ssl=1&resize=525%2C300 1.5x, https:\/\/i0.wp.com\/www.freidenker.org\/fw17\/wp-content\/uploads\/2023\/06\/Flags_USA_and_Germany_800x450.jpg?fit=800%2C450&ssl=1&resize=700%2C400 2x"},"classes":[]},{"id":14993,"url":"https:\/\/www.freidenker.org\/?p=14993","url_meta":{"origin":15890,"position":5},"title":"Was passiert wirklich im Donbass?","author":"Webredaktion","date":"11. Januar 2023","format":false,"excerpt":"Beitrag von Gert Ewen Ungar \"Wie geht es dir dort?\", schrieb ich und schickte die Nachricht an\u00a0Nikita. \"Hier ist es nat\u00fcrlich schrecklich. Man bombardiert uns st\u00e4ndig\", war die Antwort, die ich kurz darauf erhielt. Nikita war \u00fcber die Feiertage zur\u00fcck in seine Heimat gefahren, nach Donezk. Er hatte die Stadt\u2026","rel":"","context":"In &quot;Demokratie \u2013 Medien \u2013 Aufkl\u00e4rung&quot;","block_context":{"text":"Demokratie \u2013 Medien \u2013 Aufkl\u00e4rung","link":"https:\/\/www.freidenker.org\/?cat=12"},"img":{"alt_text":"","src":"https:\/\/i0.wp.com\/www.freidenker.org\/fw17\/wp-content\/uploads\/2023\/01\/HIMARS_DA-SD-07-43938_800x450.jpg?fit=800%2C450&ssl=1&resize=350%2C200","width":350,"height":200,"srcset":"https:\/\/i0.wp.com\/www.freidenker.org\/fw17\/wp-content\/uploads\/2023\/01\/HIMARS_DA-SD-07-43938_800x450.jpg?fit=800%2C450&ssl=1&resize=350%2C200 1x, https:\/\/i0.wp.com\/www.freidenker.org\/fw17\/wp-content\/uploads\/2023\/01\/HIMARS_DA-SD-07-43938_800x450.jpg?fit=800%2C450&ssl=1&resize=525%2C300 1.5x, https:\/\/i0.wp.com\/www.freidenker.org\/fw17\/wp-content\/uploads\/2023\/01\/HIMARS_DA-SD-07-43938_800x450.jpg?fit=800%2C450&ssl=1&resize=700%2C400 2x"},"classes":[]}],"_links":{"self":[{"href":"https:\/\/www.freidenker.org\/index.php?rest_route=\/wp\/v2\/posts\/15890","targetHints":{"allow":["GET"]}}],"collection":[{"href":"https:\/\/www.freidenker.org\/index.php?rest_route=\/wp\/v2\/posts"}],"about":[{"href":"https:\/\/www.freidenker.org\/index.php?rest_route=\/wp\/v2\/types\/post"}],"author":[{"embeddable":true,"href":"https:\/\/www.freidenker.org\/index.php?rest_route=\/wp\/v2\/users\/3"}],"replies":[{"embeddable":true,"href":"https:\/\/www.freidenker.org\/index.php?rest_route=%2Fwp%2Fv2%2Fcomments&post=15890"}],"version-history":[{"count":0,"href":"https:\/\/www.freidenker.org\/index.php?rest_route=\/wp\/v2\/posts\/15890\/revisions"}],"wp:featuredmedia":[{"embeddable":true,"href":"https:\/\/www.freidenker.org\/index.php?rest_route=\/wp\/v2\/media\/15892"}],"wp:attachment":[{"href":"https:\/\/www.freidenker.org\/index.php?rest_route=%2Fwp%2Fv2%2Fmedia&parent=15890"}],"wp:term":[{"taxonomy":"category","embeddable":true,"href":"https:\/\/www.freidenker.org\/index.php?rest_route=%2Fwp%2Fv2%2Fcategories&post=15890"},{"taxonomy":"post_tag","embeddable":true,"href":"https:\/\/www.freidenker.org\/index.php?rest_route=%2Fwp%2Fv2%2Ftags&post=15890"}],"curies":[{"name":"wp","href":"https:\/\/api.w.org\/{rel}","templated":true}]}}