{"id":15864,"date":"2023-04-26T23:43:04","date_gmt":"2023-04-26T21:43:04","guid":{"rendered":"https:\/\/www.freidenker.org\/?p=15864"},"modified":"2023-05-07T23:25:44","modified_gmt":"2023-05-07T21:25:44","slug":"torgau-friedensdemonstration-kundgebung-am-22-april-2023","status":"publish","type":"post","link":"https:\/\/www.freidenker.org\/?p=15864","title":{"rendered":"Torgau: Friedensdemonstration &#038; Kundgebung am 22. April 2023"},"content":{"rendered":"<p>Zum Tag der Begegnung der sowjetischen und US-amerikanischen Truppen, der sich dieses Jahr zum 78. Mal j\u00e4hrte, fand in Torgau wieder die traditionelle Demonstration statt, zu der auch der Deutsche Freidenker-Verband aufgerufen hatte. Die Forderungen nach Frieden mit Russland und einem NATO-Austritt Deutschlands beherrschten die Veranstaltung. Zur \u00dcberraschung vieler Teilnehmer gab es in diesem Jahr gleich zwei Demonstrationen zu diesem Anlass, sodass die \u00f6rtliche Presse 750 Demonstranten z\u00e4hlte und feststellte: &#8222;inhaltlich waren sie nicht weit voneinander entfernt&#8220;. Positiv ist zumindest festzuhalten, dass sich die Demonstrationen nicht &#8222;ins Gehege&#8220; kamen, es keine Distanzierungen voneinander gab, aber sich zahlreiche Teilnehmer bem\u00fchten, auch an der &#8222;anderen&#8220; Demontration zumindest zeitweise teilzunehmen.<br \/>\nAuf dem Marktplatz war wieder ein Freidenker-Infostand aufgebaut und unsere Pr\u00e4senz dank Fahne gut sichtbar. Freidenker trugen auch mit Text- und Kulturbeitr\u00e4gen zum Gelingen des Gedenktages bei.<\/p>\n<p>Wir dokumentieren hier die Reden bzw. Gru\u00dfworte von Mitgliedern des Freidenker-Verbandes sowie einen Bericht des Russischen Fernsehens von dieser Veranstaltung.<\/p>\n<p style=\"text-align: right;\"><i>Webredaktion<\/i><\/p>\n<hr \/>\n<h4>Rede von Liane Kilinc<\/h4>\n<p>Auf dem Marktplatz wurde die Rede von Liane Kilinc verlesen, die wir bereits ver\u00f6ffentlicht haben, siehe: <a href=\"https:\/\/www.freidenker.org\/?p=15854\">https:\/\/www.freidenker.org\/?p=15854<\/a><\/p>\n<p>F\u00fcr <a href=\"https:\/\/weltnetz.tv\/video\/2882-die-hauptrede-zum-78-jahrestag-der-begegnung\" target=\"_blank\" rel=\"noopener\">weltnetz.tv<\/a> hat Liane Kilinc ihre Rede auch vor dem Ernst-Th\u00e4lmann-Denkmal in Telmanowe (Donezk), gehalten:<\/p>\n<div class=\"jetpack-video-wrapper\"><span class=\"embed-youtube\" style=\"text-align:center; display: block;\"><iframe loading=\"lazy\" class=\"youtube-player\" width=\"800\" height=\"450\" src=\"https:\/\/www.youtube.com\/embed\/1xpqVrKxM2Y?version=3&#038;rel=1&#038;showsearch=0&#038;showinfo=1&#038;iv_load_policy=1&#038;fs=1&#038;hl=de-DE&#038;autohide=2&#038;wmode=transparent\" allowfullscreen=\"true\" style=\"border:0;\" sandbox=\"allow-scripts allow-same-origin allow-popups allow-presentation allow-popups-to-escape-sandbox\"><\/iframe><\/span><\/div>\n<p><span style=\"font-size: 10pt;\">Direktlink zum Video von <a href=\"https:\/\/weltnetz.tv\/video\/2882-die-hauptrede-zum-78-jahrestag-der-begegnung\" target=\"_blank\" rel=\"noopener\">weltnetz.tv<\/a> auf YouTube: <a href=\"https:\/\/www.youtube.com\/watch?v=1xpqVrKxM2Y\" target=\"_blank\" rel=\"noopener\">https:\/\/www.youtube.com\/watch?v=1xpqVrKxM2Y<\/a><\/span><\/p>\n<p style=\"text-align: right;\"><em>Liane Kilinc ist Vorsitzende des Vereins \u201eFriedensbr\u00fccke-Kriegsopferhilfe e.V.\u201c und Mitglied des Deutschen Freidenker-Verbandes<\/em><\/p>\n<hr \/>\n<h4>Rede von Diether Dehm sowie musikalischer Beitrag\u00a0 (mit Michael Letz)<\/h4>\n<div class=\"jetpack-video-wrapper\"><span class=\"embed-youtube\" style=\"text-align:center; display: block;\"><iframe loading=\"lazy\" class=\"youtube-player\" width=\"800\" height=\"450\" src=\"https:\/\/www.youtube.com\/embed\/WHc6MSLSJpE?version=3&#038;rel=1&#038;showsearch=0&#038;showinfo=1&#038;iv_load_policy=1&#038;fs=1&#038;hl=de-DE&#038;autohide=2&#038;wmode=transparent\" allowfullscreen=\"true\" style=\"border:0;\" sandbox=\"allow-scripts allow-same-origin allow-popups allow-presentation allow-popups-to-escape-sandbox\"><\/iframe><\/span><\/div>\n<p><span style=\"font-size: 10pt;\">Direktlink zum Video von antikriegTV auf YouTube: <a href=\"https:\/\/www.youtube.com\/watch?v=WHc6MSLSJpE\" target=\"_blank\" rel=\"noopener\">https:\/\/www.youtube.com\/watch?v=WHc6MSLSJpE<\/a><\/span><\/p>\n<p style=\"text-align: right;\"><em>Dr. Diether Dehm ist Mitglied des Deutschen Freidenker-Verbandes und seines Beirats<\/em><\/p>\n<hr \/>\n<h4>Gru\u00dfwort des Deutschen Freidenker-Verbandes<\/h4>\n<p><span style=\"font-size: 10pt;\">Das Gru\u00dfwort wurde von von Witold Fischer, Vorsitzender des Landesverbandes Sachsen-Anhalt, verlesen und wird hier im Wortlaut wiedergegeben.\u00a0<\/span><\/p>\n<figure id=\"attachment_15871\" aria-describedby=\"caption-attachment-15871\" style=\"width: 800px\" class=\"wp-caption alignnone\"><img data-recalc-dims=\"1\" loading=\"lazy\" decoding=\"async\" data-attachment-id=\"15871\" data-permalink=\"https:\/\/www.freidenker.org\/?attachment_id=15871\" data-orig-file=\"https:\/\/i0.wp.com\/www.freidenker.org\/fw17\/wp-content\/uploads\/2023\/04\/Torgau_2023_WA0008_800x600.jpg?fit=800%2C600&amp;ssl=1\" data-orig-size=\"800,600\" data-comments-opened=\"0\" data-image-meta=\"{&quot;aperture&quot;:&quot;0&quot;,&quot;credit&quot;:&quot;&quot;,&quot;camera&quot;:&quot;&quot;,&quot;caption&quot;:&quot;&quot;,&quot;created_timestamp&quot;:&quot;1682367659&quot;,&quot;copyright&quot;:&quot;&quot;,&quot;focal_length&quot;:&quot;0&quot;,&quot;iso&quot;:&quot;0&quot;,&quot;shutter_speed&quot;:&quot;0&quot;,&quot;title&quot;:&quot;&quot;,&quot;orientation&quot;:&quot;1&quot;}\" data-image-title=\"Torgau_2023_WA0008_800x600\" data-image-description=\"\" data-image-caption=\"\" data-large-file=\"https:\/\/i0.wp.com\/www.freidenker.org\/fw17\/wp-content\/uploads\/2023\/04\/Torgau_2023_WA0008_800x600.jpg?fit=800%2C600&amp;ssl=1\" class=\"wp-image-15871 size-full\" src=\"https:\/\/i0.wp.com\/www.freidenker.org\/fw17\/wp-content\/uploads\/2023\/04\/Torgau_2023_WA0008_800x600.jpg?resize=800%2C600&#038;ssl=1\" alt=\"\" width=\"800\" height=\"600\" srcset=\"https:\/\/i0.wp.com\/www.freidenker.org\/fw17\/wp-content\/uploads\/2023\/04\/Torgau_2023_WA0008_800x600.jpg?w=800&amp;ssl=1 800w, https:\/\/i0.wp.com\/www.freidenker.org\/fw17\/wp-content\/uploads\/2023\/04\/Torgau_2023_WA0008_800x600.jpg?resize=300%2C225&amp;ssl=1 300w, https:\/\/i0.wp.com\/www.freidenker.org\/fw17\/wp-content\/uploads\/2023\/04\/Torgau_2023_WA0008_800x600.jpg?resize=768%2C576&amp;ssl=1 768w\" sizes=\"auto, (max-width: 800px) 100vw, 800px\" \/><figcaption id=\"caption-attachment-15871\" class=\"wp-caption-text\"><span style=\"font-size: 10pt;\">Denkmal der Begegnung: Witold Fischer \u00fcberbringt das Gru\u00dfwort des Deutschen Freidenker-Verbandes. Die Freidenker-Fahne tr\u00e4gt Heike Cienskowski, Vorsitzende des Landesverbandes Th\u00fcringen. (Foto: Andreas Cienskowski)<\/span><\/figcaption><\/figure>\n<p>&nbsp;<\/p>\n<p>B\u00fcrgerinnen und B\u00fcrger, liebe Freunde und Genossen.<\/p>\n<p>Wie schon im vergangenen Jahr liegt \u00fcber diesem Jahrestag der Schatten des Krieges in der Ukraine. Der Gedanke der Vers\u00f6hnung und der V\u00f6lkerfreundschaft, f\u00fcr den dieser Tag symbolhaft steht, soll von einer wahnhaften Kriegshetze und Russophobie verdr\u00e4ngt und erschlagen werden.<\/p>\n<p>Der ukrainische Kriegsminister Resnikow bezeichnet die Ukraine als ein \u201eDe-facto-Mitglied der NATO\u201c. Am gestrigen Freitag tagte auf der pf\u00e4lzischen US-Luftwaffenbasis in Ramstein das Vereinte Oberkommando des Westens. Die Air Base Ramstein ist das Logistikzentrum f\u00fcr die US-amerikanische Kriegsunterst\u00fctzung der Ukraine und Kommandozentrale f\u00fcr die gegen Russland gerichteten Atomraketen-Abschusssysteme in Rum\u00e4nien und Polen.<\/p>\n<p>Die NATO-Staaten haben in Ramstein \u00fcber die Fortsetzung des Krieges gegen Russland beraten und mit ihrem Kriegsrat nochmals unter Beweis gestellt, dass sie Kriegsparteien sind. Dass die NATO unter dem Kommando Washingtons mit hunderttausenden Ukrainern als Kanonenfutter einen Stellvertreterkrieg f\u00fchrt, wird von den kriegsgeilen Medien gerne als \u201erussische Propaganda\u201c abgetan. Den Medienkonsumenten wird das regelm\u00e4\u00dfig mit der verlogenen Formel einer vorgeblichen Hilfe f\u00fcr die Ukraine verkauft.<\/p>\n<p>Es war aber der ukrainischen UK-Botschafter Vadym Prystaiko, der in aller Offenheit erkl\u00e4rte, dass die Ukraine einen Stellvertreterkrieg f\u00fchrt (in einem Interview mit Newsweek, publiziert am 7. Januar 2023):<\/p>\n<blockquote><p><em>&#8222;Der Westen hat eine einzigartige Chance. Auf der Welt gibt es nicht so viele Nationen, die es sich leisten k\u00f6nnten, so viele Leben, Gebiete und Jahrzehnte der Entwicklung f\u00fcr einen Sieg \u00fcber den Erzfeind zu opfern.&#8220; <\/em><\/p><\/blockquote>\n<p>Es geht also gegen den \u201eErzfeind\u201c. F\u00fcr die Freidenker steht fest: Der Krieg in der Ukraine begann nicht im Februar 2022 durch Russland. Er begann im April 2014, als die Putschisten in Kiew Armee und Nazi-Einheiten zu einer \u201eantiterroristischen Aktion\u201c gegen die Bev\u00f6lkerung im S\u00fcdosten der Ukraine in Marsch setzten, die gegen eine Machergreifung der Putschisten auf ihrem Territorium Widerstand leisteten.<\/p>\n<p>Hand in Hand mit dem immer aggressiveren Kriegs- und Konfrontationskurs gegen Russland geht der Abbau demokratischer Rechte. In der \u201eCorona-Politik\u201c wurde ge\u00fcbt, alle Zweifler an irren Ministeraussagen als \u201eCovidioten\u201c zu \u00e4chten und medial zu jagen\u2013 damals sprach man noch sachte von einer \u201eVerengung des Meinungskorridors\u201c. Im Krieg gegen Russland k\u00fcmmert man sich jetzt versch\u00e4rft um die Heimatfront.<\/p>\n<p>Die Nazis stellten das H\u00f6ren von Feindsendern unter Strafe, die EU verbietet russische Medien wegen \u201eDesinformation\u201c. Der \u201eVolksempf\u00e4nger\u201c war vergleichsweise primitiv gegen\u00fcber der transatlantischen Gleichschaltung im fadenscheinigen Gewand des Pluralismus.<\/p>\n<p>Seit Monaten versucht man, \u201eprorussische Demonstranten\u201c strafrechtlich zu belangen. In Berlin wurde Friedensk\u00e4mpfer Heinrich B\u00fccker wegen \u201eBilligung einer Straftat\u201c verurteilt. In mittern\u00e4chtlicher Abstimmung hat der Bundestag, zur Tarnung angeh\u00e4ngt an ein anderes Gesetz, den \u201eVolksverhetzungs\u201c-Strafparagraf versch\u00e4rft. Die Anti-Russenhetze bleibt erlaubt, aber Widerspruch und jede Abweichung vom NATO-Kurs kann bestraft werden.<\/p>\n<p>Alle, die nicht der Propaganda der Regierung und ihrer Medien glauben, alle die nicht der NATO-Linie folgen, werden niedergemacht, in die N\u00e4he von Landesverr\u00e4tern ger\u00fcckt, als \u201eRechte\u201c, gar \u201eNazis\u201c diffamiert. Zu diesem Zweck wird eine eigens installierte \u201eSystem-Antifa\u201c eingesetzt. Mit dem staatsoffiziellen \u201eKampf gegen rechts\u201c soll verdeckt werden, dass man nicht nur den realen wiederentstanden Neonazismus in der Ukraine negiert, sondern offen mit dem faschistischen Regime des blutigen Clowns Selenskij paktiert. Ukrainische Nazis sind gute Nazis, scheint ihr Leitmotiv.<\/p>\n<p>Das von uns finanzierte ZDF zeigt kommentarlos den Helm eines K\u00e4mpfers des nazistischen Azow-Bataillons mit SS-Runen. Ohne Beanstandung werden ukrainische Soldaten gezeigt, die Abzeichen der SS-Division Totenkopf tragen. Keine Kritik gab es, als Selenskij auf die Idee kam, eine ukrainische Brigade \u201eEdelwei\u00df\u201c zu nennen, nach der massenmordenden Gebirgsj\u00e4gerdivison der Wehrmacht im 2. Weltkrieg. In einem weiteren Interview nannte Kiews Botschafter in Gro\u00dfbritannien Pristaiko die russischen Streitkr\u00e4fte \u201edie Rote Armee\u201c. Damit bezeugen sie selbst, dass sie sich in der Tradition der Gegner der Befreier vom Faschismus sehen.<\/p>\n<p>Sind das alles Gr\u00fcnde f\u00fcr die st\u00e4ndig wiederholte Behauptung, dass die Ukraine f\u00fcr \u201eunsere Werte\u201c k\u00e4mpft? Welche Werte genau? Die Ersetzung der Rechte von Gewerkschaften und des Arbeitsrechts durch das Kriegsrecht? Das Verbot aller oppositionellen Parteien? Das Verbot der russischen Sprache, der russischen Medien und inzwischen auch aller nicht regierungsgehorsamen Medien? Die Erkl\u00e4rung von Nazis zu Nationalhelden? Der Abriss der Denkm\u00e4ler f\u00fcr die Befreier vom Faschismus? Die Tilgung von 7.600 mit der Sowjetunion und Russland verbundenen Ortsnamen? Die Demontage von bisher 28 Denkm\u00e4lern f\u00fcr Alexander Puschkin und neun f\u00fcr Maxim Gorki? Die Sperrung des Sitzes der Ukrainisch-Orthodoxen Kirche und Inhaftierung ihres Oberhaupts? Die Entfernung von 20 Millionen russischsprachigen B\u00fcchern aus den Bibliotheken?<\/p>\n<p>Wenn das alles die \u201ewestlichen Werte\u201c sein sollen, wissen wir ja, was uns noch bl\u00fchen kann. Unsere \u201eseltsam talentierte\u201c Au\u00dfenministerin Baerbock will \u201eRussland ruinieren\u201c und plappert ungeniert: \u201eWir f\u00fchren Krieg gegen Russland\u201c, der Kinderbuchautor Habeck bettelt bei US-Pr\u00e4sident Biden um eine \u201edienende F\u00fchrungsrolle\u201c f\u00fcr Deutschland und dreht der Raffinerie Schwedt den Hahn ab. Kanzler Scholz schweigt zu dem Kriegsakt des \u201eFreundes\u201c USA, die Nordstream-Pipelines zu sprengen. Auf Gehei\u00df der USA und zu ihrem Nutzen f\u00fchrt Deutschland einen beispiellosen Wirtschaftskrieg gegen Russland. Mit Habecks Verelendungs-Verordnungen kann die Parole \u201eRussland ruinieren\u201c bald gegen \u201eDeutschland ruinieren\u201c ausgetauscht werden.<\/p>\n<p>Deshalb bekr\u00e4ftigen Freidenker: Wir danken den Sowjetsoldaten \u2013 doch die Aufgabe \u201eNie wieder Faschismus\u201c gilt auch heute. Deshalb fordern wir:<\/p>\n<p><strong>Keinen Euro f\u00fcr den Krieg!<\/strong><strong><br \/>\n<\/strong><strong>Energiepreise und Inflation stoppen!<br \/>\nSchluss mit dem Wirtschaftskrieg und allen Sanktionen gegen Russland!<br \/>\nNord Stream 2 und Drushba ans Netz!<\/strong><\/p>\n<p><strong>Frieden mit Russland und China!<\/strong><\/p>\n<p style=\"text-align: right;\"><em><span style=\"font-size: 12pt;\">Witold Fischer ist Vorsitzender des Landesverbandes Sachsen-Anhalt des Deutschen Freidenker-Verbandes<\/span><\/em><\/p>\n<hr \/>\n<h4>Bericht des russischen Fernsehens von der Demonstration in Torgau<\/h4>\n<p><iframe loading=\"lazy\" src=\"https:\/\/rutube.ru\/play\/embed\/e0c6f7368c664d4b39c553996a0c63ea\" width=\"720\" height=\"405\" frameborder=\"0\" allowfullscreen=\"allowfullscreen\"><\/iframe><\/p>\n<p><strong>Sollte das Video bei Dir nicht in dem Fenster laufen, versuche es bitte mit diesem Direktlink zu rutube.ru:<\/strong><br \/>\n<strong><a href=\"https:\/\/rutube.ru\/video\/e0c6f7368c664d4b39c553996a0c63ea\" target=\"_blank\" rel=\"noopener\">https:\/\/rutube.ru\/video\/e0c6f7368c664d4b39c553996a0c63ea<\/a><\/strong><\/p>\n<p>Kommentar von Wolfram Fischer (DFV Sachsen): <em>Ein Hoch auf das russische Fernsehen! Ihm ist gelungen, zwei unn\u00f6tigerweise getrennte Demonstrationen zu vereinen. &#8222;Von der SU lernen, hei\u00dft Siegen lernen&#8220;, h\u00e4tte man fr\u00fcher gesagt.<\/em><\/p>\n<hr \/>\n<p><span style=\"font-size: 10pt;\">Bild oben: Vor Beginn der Demonstration &#8211; Andreas Cienskowski zwischen zwei Landesvorsitzenden: Links Birgit Ludwig (Bayern), rechts Heike Cienskowski (Th\u00fcringen)<br \/>\nFoto: n.n.<\/span><\/p>\n","protected":false},"excerpt":{"rendered":"<p><b>Beitrag der Webredaktion<\/b><br \/>\nZum Tag der Begegnung der sowjetischen und US-amerikanischen Truppen, der sich dieses Jahr zum 78. Mal j\u00e4hrte, fand in Torgau wieder die traditionelle Demonstration statt, zu der auch der Deutsche Freidenker-Verband aufgerufen hatte. Die Forderungen nach Frieden mit Russland und einem NATO-Austritt Deutschlands beherrschten die Veranstaltung. Zur \u00dcberraschung vieler Teilnehmer gab es in diesem Jahr gleich zwei Demonstrationen zu diesem Anlass, sodass die \u00f6rtliche Presse 750 Demonstranten z\u00e4hlte und feststellte: &#8222;inhaltlich waren sie nicht weit voneinander entfernt&#8220;. &#8230; Wir dokumentieren hier die Reden bzw. Gru\u00dfworte von Mitgliedern des Freidenker-Verbandes sowie einen Bericht des Russischen Fernsehens von dieser Veranstaltung.<\/p>\n","protected":false},"author":3,"featured_media":15873,"comment_status":"closed","ping_status":"closed","sticky":false,"template":"","format":"standard","meta":{"colormag_page_container_layout":"default_layout","colormag_page_sidebar_layout":"default_layout","advanced_seo_description":"","jetpack_seo_html_title":"","jetpack_seo_noindex":false,"jetpack_post_was_ever_published":false,"footnotes":""},"categories":[13],"tags":[648,335,924,925,431,222,430,687,1774,639,185],"class_list":["post-15864","post","type-post","status-publish","format-standard","has-post-thumbnail","hentry","category-frieden-antifaschismus-solidaritaet","tag-2-weltkrieg","tag-frieden","tag-gedenken","tag-kundgebung","tag-rote-armee","tag-russland","tag-sowjetunion","tag-tag-der-befreiung","tag-torgau","tag-ukraine-konflikt","tag-usa"],"jetpack_featured_media_url":"https:\/\/i0.wp.com\/www.freidenker.org\/fw17\/wp-content\/uploads\/2023\/04\/Torgau_2023_WA0011_800x450.jpg?fit=797%2C450&ssl=1","jetpack_shortlink":"https:\/\/wp.me\/p9stpK-47S","jetpack-related-posts":[{"id":21679,"url":"https:\/\/www.freidenker.org\/?p=21679","url_meta":{"origin":15864,"position":0},"title":"80 Jahre Begegnung an der Elbe","author":"Webredaktion","date":"5. Mai 2025","format":false,"excerpt":"Beitrag von Klaus Hartmann Stadt Torgau gestaltet einen Tag der W\u00fcrdelosigkeit - Am historischen Jahrestag des Zusammentreffens von Soldaten der Roten Armee und der US-Armee hat die Stadt Torgau auch 2025 zum Gedenken am Begegnungs-Denkmal geladen. Der \u201eElbe-Tag\u201c hei\u00dft inzwischen \u201eElbe Day\u201c, und auf gro\u00dffl\u00e4chigen Plakaten warb die Stadt: \u201eSchafft\u2026","rel":"","context":"In &quot;Frieden - Antifaschismus - Solidarit\u00e4t&quot;","block_context":{"text":"Frieden - Antifaschismus - Solidarit\u00e4t","link":"https:\/\/www.freidenker.org\/?cat=13"},"img":{"alt_text":"","src":"https:\/\/i0.wp.com\/www.freidenker.org\/fw17\/wp-content\/uploads\/2025\/05\/Torgau-2025_800x450.jpg?fit=800%2C450&ssl=1&resize=350%2C200","width":350,"height":200,"srcset":"https:\/\/i0.wp.com\/www.freidenker.org\/fw17\/wp-content\/uploads\/2025\/05\/Torgau-2025_800x450.jpg?fit=800%2C450&ssl=1&resize=350%2C200 1x, https:\/\/i0.wp.com\/www.freidenker.org\/fw17\/wp-content\/uploads\/2025\/05\/Torgau-2025_800x450.jpg?fit=800%2C450&ssl=1&resize=525%2C300 1.5x, https:\/\/i0.wp.com\/www.freidenker.org\/fw17\/wp-content\/uploads\/2025\/05\/Torgau-2025_800x450.jpg?fit=800%2C450&ssl=1&resize=700%2C400 2x"},"classes":[]},{"id":24934,"url":"https:\/\/www.freidenker.org\/?p=24934","url_meta":{"origin":15864,"position":1},"title":"Demonstration, Kundgebung und Konzert zum Tag der Begegnung am 25. April 2026 in Torgau","author":"Webredaktion","date":"20. April 2026","format":false,"excerpt":"Anl\u00e4sslich des 81. Jahrestages des Tages der Begegnung in Torgau finden mehrere Veranstaltungen statt. Die DKP und zahlreiche Unterst\u00fctzer, darunter der Deutsche Freidenker-Verband rufen auf zur Friedensdemonstration zum Tag der Begegnung, Torgau 1945-2026 am 25. April 2026, Beginn um 11.30 Uhr am Br\u00fcckenkopf Torgau. Aus dem Aufruf: Nie wieder Faschismus\u2026","rel":"","context":"In &quot;Frieden - Antifaschismus - Solidarit\u00e4t&quot;","block_context":{"text":"Frieden - Antifaschismus - Solidarit\u00e4t","link":"https:\/\/www.freidenker.org\/?cat=13"},"img":{"alt_text":"","src":"https:\/\/i0.wp.com\/www.freidenker.org\/fw17\/wp-content\/uploads\/2026\/04\/TdB_Torgau_2026_800x450.jpg?fit=800%2C450&ssl=1&resize=350%2C200","width":350,"height":200,"srcset":"https:\/\/i0.wp.com\/www.freidenker.org\/fw17\/wp-content\/uploads\/2026\/04\/TdB_Torgau_2026_800x450.jpg?fit=800%2C450&ssl=1&resize=350%2C200 1x, https:\/\/i0.wp.com\/www.freidenker.org\/fw17\/wp-content\/uploads\/2026\/04\/TdB_Torgau_2026_800x450.jpg?fit=800%2C450&ssl=1&resize=525%2C300 1.5x, https:\/\/i0.wp.com\/www.freidenker.org\/fw17\/wp-content\/uploads\/2026\/04\/TdB_Torgau_2026_800x450.jpg?fit=800%2C450&ssl=1&resize=700%2C400 2x"},"classes":[]},{"id":15812,"url":"https:\/\/www.freidenker.org\/?p=15812","url_meta":{"origin":15864,"position":2},"title":"Elbe Tag \u2013 Torgau 1945-2023","author":"Webredaktion","date":"20. April 2023","format":false,"excerpt":"78. Jahrestag der Begegnung - 82. Jahrestag des \u00dcberfalls Nazideutschlands auf die Sowjetunion Friedensdemonstration & Kundgebung am 22. April 2023, 12:00 Uhr am Br\u00fcckenkopf Torgau (Ostufer) Aus dem Aufruf: \u201eDer Schwur von Torgau muss lebendiges Zeugnis unseres Strebens nach einer Welt ohne Krieg bleiben!\u201c. Der Schwur der Soldaten der Roten\u2026","rel":"","context":"In &quot;Frieden - Antifaschismus - Solidarit\u00e4t&quot;","block_context":{"text":"Frieden - Antifaschismus - Solidarit\u00e4t","link":"https:\/\/www.freidenker.org\/?cat=13"},"img":{"alt_text":"","src":"https:\/\/i0.wp.com\/www.freidenker.org\/fw17\/wp-content\/uploads\/2023\/04\/Torgau_2023_800x450.jpg?fit=800%2C450&ssl=1&resize=350%2C200","width":350,"height":200,"srcset":"https:\/\/i0.wp.com\/www.freidenker.org\/fw17\/wp-content\/uploads\/2023\/04\/Torgau_2023_800x450.jpg?fit=800%2C450&ssl=1&resize=350%2C200 1x, https:\/\/i0.wp.com\/www.freidenker.org\/fw17\/wp-content\/uploads\/2023\/04\/Torgau_2023_800x450.jpg?fit=800%2C450&ssl=1&resize=525%2C300 1.5x, https:\/\/i0.wp.com\/www.freidenker.org\/fw17\/wp-content\/uploads\/2023\/04\/Torgau_2023_800x450.jpg?fit=800%2C450&ssl=1&resize=700%2C400 2x"},"classes":[]},{"id":10043,"url":"https:\/\/www.freidenker.org\/?p=10043","url_meta":{"origin":15864,"position":3},"title":"Elbe-Tag in Torgau 2021: Notbremse gegen Kriegstreiber!","author":"Webredaktion","date":"25. April 2021","format":false,"excerpt":"Mehr als 250 Friedensaktivistinnen und -aktivisten, darunter viele Freidenker, versammelten sich am 24. April 2021 in Torgau. 76 Jahre nach der Begegnung von Soldaten der Roten Armee und der US-Army am 25. April 1945 an der Elbe erinnerten sie an den \"Schwur von Torgau\u201c, f\u00fcr eine Welt des Friedens zu\u2026","rel":"","context":"In &quot;Frieden - Antifaschismus - Solidarit\u00e4t&quot;","block_context":{"text":"Frieden - Antifaschismus - Solidarit\u00e4t","link":"https:\/\/www.freidenker.org\/?cat=13"},"img":{"alt_text":"","src":"https:\/\/i0.wp.com\/www.freidenker.org\/fw17\/wp-content\/uploads\/2021\/04\/torgau_2021_v2_800x450.jpg?fit=800%2C450&ssl=1&resize=350%2C200","width":350,"height":200,"srcset":"https:\/\/i0.wp.com\/www.freidenker.org\/fw17\/wp-content\/uploads\/2021\/04\/torgau_2021_v2_800x450.jpg?fit=800%2C450&ssl=1&resize=350%2C200 1x, https:\/\/i0.wp.com\/www.freidenker.org\/fw17\/wp-content\/uploads\/2021\/04\/torgau_2021_v2_800x450.jpg?fit=800%2C450&ssl=1&resize=525%2C300 1.5x, https:\/\/i0.wp.com\/www.freidenker.org\/fw17\/wp-content\/uploads\/2021\/04\/torgau_2021_v2_800x450.jpg?fit=800%2C450&ssl=1&resize=700%2C400 2x"},"classes":[]},{"id":8743,"url":"https:\/\/www.freidenker.org\/?p=8743","url_meta":{"origin":15864,"position":4},"title":"Gedenken zum 75. Jahrestag des Elbe Day in Torgau","author":"Webredaktion","date":"6. Oktober 2020","format":false,"excerpt":"Am 25. April 1945 trafen sich in Torgau an der Elbe US-amerikanische und sowjetische Soldaten \u2013 ein Symbol f\u00fcr den milit\u00e4rischen Sieg der Streitkr\u00e4fte der Antihitlerkoalition \u00fcber den deutschen Faschismus. Die Soldaten der beiden Armeen versicherten sich, f\u00fcr die \u00c4chtung des Krieges und V\u00f6lkerfreundschaft einzutreten. Am 3. Oktober 2020 \u2013\u2026","rel":"","context":"In &quot;Frieden - Antifaschismus - Solidarit\u00e4t&quot;","block_context":{"text":"Frieden - Antifaschismus - Solidarit\u00e4t","link":"https:\/\/www.freidenker.org\/?cat=13"},"img":{"alt_text":"","src":"https:\/\/i0.wp.com\/www.freidenker.org\/fw17\/wp-content\/uploads\/2020\/10\/torgau_09_bea_800x450.jpg?fit=800%2C450&ssl=1&resize=350%2C200","width":350,"height":200,"srcset":"https:\/\/i0.wp.com\/www.freidenker.org\/fw17\/wp-content\/uploads\/2020\/10\/torgau_09_bea_800x450.jpg?fit=800%2C450&ssl=1&resize=350%2C200 1x, https:\/\/i0.wp.com\/www.freidenker.org\/fw17\/wp-content\/uploads\/2020\/10\/torgau_09_bea_800x450.jpg?fit=800%2C450&ssl=1&resize=525%2C300 1.5x, https:\/\/i0.wp.com\/www.freidenker.org\/fw17\/wp-content\/uploads\/2020\/10\/torgau_09_bea_800x450.jpg?fit=800%2C450&ssl=1&resize=700%2C400 2x"},"classes":[]},{"id":10098,"url":"https:\/\/www.freidenker.org\/?p=10098","url_meta":{"origin":15864,"position":5},"title":"Elbe Tag: Torgauer &#8222;Offizielle&#8220; nicht unter sich","author":"Webredaktion","date":"29. April 2021","format":false,"excerpt":"Nachdem am 24.04.2021 die gro\u00dfe Friedensdemonstration durch Auflagen der Versammlungsbeh\u00f6rde des Nordkreises Sachsen auf vier Kundgebungen reduziert wurde, fand am Sonntag, 25.04.2021 das \"staatsoffizielle\" Gedenken statt. Die Torgauer Zeitung hatte die Ank\u00fcndigung als 21-Zeilen-Meldung tief im Lokalteil versteckt, und das Gedenken \"als Minimalvariante\" angek\u00fcndigt, es w\u00fcrde \"nur im kleinen Rahmen\u2026","rel":"","context":"In &quot;Frieden - Antifaschismus - Solidarit\u00e4t&quot;","block_context":{"text":"Frieden - Antifaschismus - Solidarit\u00e4t","link":"https:\/\/www.freidenker.org\/?cat=13"},"img":{"alt_text":"","src":"https:\/\/i0.wp.com\/www.freidenker.org\/fw17\/wp-content\/uploads\/2021\/04\/torgau-2021_offiziell_v2_800x450.jpg?fit=800%2C450&ssl=1&resize=350%2C200","width":350,"height":200,"srcset":"https:\/\/i0.wp.com\/www.freidenker.org\/fw17\/wp-content\/uploads\/2021\/04\/torgau-2021_offiziell_v2_800x450.jpg?fit=800%2C450&ssl=1&resize=350%2C200 1x, https:\/\/i0.wp.com\/www.freidenker.org\/fw17\/wp-content\/uploads\/2021\/04\/torgau-2021_offiziell_v2_800x450.jpg?fit=800%2C450&ssl=1&resize=525%2C300 1.5x, https:\/\/i0.wp.com\/www.freidenker.org\/fw17\/wp-content\/uploads\/2021\/04\/torgau-2021_offiziell_v2_800x450.jpg?fit=800%2C450&ssl=1&resize=700%2C400 2x"},"classes":[]}],"_links":{"self":[{"href":"https:\/\/www.freidenker.org\/index.php?rest_route=\/wp\/v2\/posts\/15864","targetHints":{"allow":["GET"]}}],"collection":[{"href":"https:\/\/www.freidenker.org\/index.php?rest_route=\/wp\/v2\/posts"}],"about":[{"href":"https:\/\/www.freidenker.org\/index.php?rest_route=\/wp\/v2\/types\/post"}],"author":[{"embeddable":true,"href":"https:\/\/www.freidenker.org\/index.php?rest_route=\/wp\/v2\/users\/3"}],"replies":[{"embeddable":true,"href":"https:\/\/www.freidenker.org\/index.php?rest_route=%2Fwp%2Fv2%2Fcomments&post=15864"}],"version-history":[{"count":0,"href":"https:\/\/www.freidenker.org\/index.php?rest_route=\/wp\/v2\/posts\/15864\/revisions"}],"wp:featuredmedia":[{"embeddable":true,"href":"https:\/\/www.freidenker.org\/index.php?rest_route=\/wp\/v2\/media\/15873"}],"wp:attachment":[{"href":"https:\/\/www.freidenker.org\/index.php?rest_route=%2Fwp%2Fv2%2Fmedia&parent=15864"}],"wp:term":[{"taxonomy":"category","embeddable":true,"href":"https:\/\/www.freidenker.org\/index.php?rest_route=%2Fwp%2Fv2%2Fcategories&post=15864"},{"taxonomy":"post_tag","embeddable":true,"href":"https:\/\/www.freidenker.org\/index.php?rest_route=%2Fwp%2Fv2%2Ftags&post=15864"}],"curies":[{"name":"wp","href":"https:\/\/api.w.org\/{rel}","templated":true}]}}