{"id":15857,"date":"2023-04-24T00:24:24","date_gmt":"2023-04-23T22:24:24","guid":{"rendered":"https:\/\/www.freidenker.org\/?p=15857"},"modified":"2023-05-07T23:26:21","modified_gmt":"2023-05-07T21:26:21","slug":"unser-qualifiziertes-personal","status":"publish","type":"post","link":"https:\/\/www.freidenker.org\/?p=15857","title":{"rendered":"Unser qualifiziertes Personal"},"content":{"rendered":"<p><em>Zwei Beitr\u00e4ge von <strong>Dagmar Henn<\/strong><\/em><\/p>\n<p><strong>Unsere Autorin sucht nach Logik und Intelligenz in der medialen Putin-Berichterstattung und in Baerbocks Einlassungen im Bundestag &#8211; mit niederschmetterndem Ergebnis.<\/strong><\/p>\n<hr \/>\n<h4 class=\"HeadLine-root HeadLine-type_2 \">Einer nimmt Journalisten fest, der andere ist an der Front \u2013 das M\u00e4rchen vom doppelten Putin<\/h4>\n<p><strong>Der Besuch Wladimir Putins an der Front muss die westlichen Medien so ge\u00e4rgert haben, dass sie dankbar die ukrainische Erfindung \u00fcbernahmen, er sei in Wirklichkeit gar nicht dort gewesen. Ein Double sei an die Front geflogen, wird behauptet. <\/strong><\/p>\n<p><em>Von <strong>Dagmar Henn<\/strong><\/em><\/p>\n<p><span style=\"font-size: 10pt;\">Erstver\u00f6ffentlichung am 20.04.2023 auf <a href=\"https:\/\/gegenzensur.rtde.life\/meinung\/168150-der-doppelte-putin\/\" target=\"_blank\" rel=\"noopener\">RT DE<\/a><\/span><\/p>\n<p>Das ist eine der Arten, wie sich der Westen im Umgang mit Russland immer wieder selbst das Bein stellt: Geheimnisse zu suchen, wo keine sind. Die Begeisterung, mit der die deutsche Medienlandschaft die ukrainische Behauptung <a href=\"https:\/\/www.rnd.de\/politik\/putin-doppelgaenger-angeblicher-frontbesuch-soll-mit-double-durchgefuehrt-worden-sein-7HBK5CCIAVMV5JRU4YI4GLXHWU.html\">aufgegriffen<\/a> hat, es sei gar nicht Wladimir Putin selbst gewesen, der die russischen Truppen an der Front besucht habe, ist ein typisches Beispiel daf\u00fcr.<\/p>\n<p>Und der <em>Welt-Reporter<\/em> Christoph Wanner <a href=\"https:\/\/www.welt.de\/politik\/ausland\/video244898084\/Ein-grosses-Geheimnis-Besuchte-ein-Putin-Doppelgaenger-die-Front.html\">liefert<\/a> ein besonders nettes Exemplar: &#8222;Ich wei\u00df das letztlich auch nicht, ob da Doppelg\u00e4nger im Spiel sind, und ob der russische Pr\u00e4sident all diese ganzen Reisen ins Kriegsgebiet selbst gemacht hat. Das gro\u00dfe Problem, das wir haben, ist, dass wir da alle im Nebel stochern. Das Leben von Wladimir Putin ist de facto ein gro\u00dfes Geheimnis, da kommt man nicht ran.&#8220;<\/p>\n<p>Es ist zwar faktisch schwer vorstellbar, wenn man die vielen \u00f6ffentlichen Termine des russischen Pr\u00e4sidenten betrachtet, wo er in diesem Terminkalender noch Geheimnisse unterbringen soll \u2013 das einzige, das vielleicht noch Platz h\u00e4tte, w\u00e4re ein klein wenig Privatleben \u2013, aber es ist eine zentrale Vorstellung der gesamten Berichterstattung: Die russische Politik ist nicht das, was man sieht, sie besteht eigentlich nur aus der Person Putins, und darum muss diese Person ein Geheimnis sein.<\/p>\n<p>Diese Legende funktioniert, weil die wirklichen Reden Putins sowie die wirklichen politischen Beschl\u00fcsse des russischen Parlaments einfach nicht wiedergegeben werden; allerh\u00f6chstens ein, zwei S\u00e4tze, oft auch noch in ihrer Bedeutung verdreht, wie bei der vielfach vorgeworfenen &#8222;nuklearen Drohung&#8220;. W\u00e4re es anders, w\u00fcrde man entscheidende Reden nach wie vor im Original abdrucken, dann w\u00fcrde auffallen, dass zwischen den Aussagen und den Handlungen kein Widerspruch besteht. Was auch damit zu tun hat, dass diese Aussagen in der Regel sehr konkret sind; anders als das in Deutschland \u00fcbliche Wertegeschwalle, das die Kollision mit der Wirklichkeit durch maximale Unsch\u00e4rfe vermeidet.<\/p>\n<p>Es darf schlicht keine rationale, nachvollziehbare Politik sein. Schon gar keine Politik, die von einer breiten parlamentarischen Mehrheit getragen wird, die tats\u00e4chlich \u00fcber manche Themen \u00fcber Jahre debattiert. Der Antrag, die Donbassrepubliken anzuerkennen, wurde von der Kommunistischen Partei der Russischen F\u00f6deration (KPRF) acht Jahre lang immer wieder eingebracht, bis er letztlich beschlossen wurde. So viel politische Normalit\u00e4t steht dem Bild im Weg, das man zur Erschaffung eines Feindes braucht.<\/p>\n<p>Also muss alles Putin pers\u00f6nlich sein. So wie Au\u00dfenministerin Annalena Baerbock j\u00fcngst behauptete, Putin habe einen Journalisten festgenommen. Und weil alles Putin pers\u00f6nlich ist, es nicht einmal eine Mannschaft um ihn herum gibt (egal, wie laut sich Dmitri Medwedew zu Wort meldet), kann nat\u00fcrlich ein Putin nicht reichen. Schon allein deshalb nicht, weil der finstere, irre Diktator sich vor den Menschen f\u00fcrchten muss (eine Behauptung, die auch schon in Bezug auf Josef Stalin aufgestellt wurde und die letztlich auf Geschichten \u00fcber Iwan den Schrecklichen oder Grigori Rasputin zur\u00fcckgeht). Zw\u00f6lf Tage m\u00fcsse man in Quarant\u00e4ne, ehe man Putin treffen d\u00fcrfe, wird allen Ernstes behauptet. Auch wenn feststeht, dass weder der chinesische Verteidigungsminister noch andere Staatsg\u00e4ste der j\u00fcngsten Zeit zw\u00f6lf Tage Zeit hatten. Diese Idee ist vermutlich ein Relikt aus dem Jahr 2021, als der franz\u00f6sische Pr\u00e4sident Macron an diesen ganz langen Tisch gesetzt wurde. Das musste seinen Grund in irgendeiner Verr\u00fccktheit haben, denn der Westen ist gut und liebenswert &#8230;<\/p>\n<p>In der wirklichen Welt w\u00e4re Baerbock wesentlich leichter zu doubeln als Putin, denn niemand w\u00fcrde intelligente, kenntnisreiche Antworten erwarten. Wenn man einmal die j\u00e4hrliche Fragerunde von Putin gesehen hat, kann man sich nur schwer vorstellen, an seine Stelle jemanden zu setzen, der ihm nur \u00e4hnlich sieht. Das k\u00f6nnte nur funktionieren, wenn das Double gleicherma\u00dfen intelligent w\u00e4re.<\/p>\n<p>Intelligenz ist allerdings ein Stichwort, das in der ganzen Geschichte eine besondere Rolle spielt. Es ist n\u00e4mlich nicht so, dass besondere Intelligenz beliebt macht, nicht in Deutschland. Im Gegenteil, sie l\u00f6st bei vielen w\u00fcste \u00c4ngste aus, was sich dahinter verbergen k\u00f6nnte. Wie der Dunning-Kruger-Effekt daf\u00fcr sorgt, dass besonders dumme Menschen besonders selbstsicher sind, gibt es ein bisher unbenanntes Gegenst\u00fcck, nach dem besonders intelligenten Menschen unterstellt wird, stets andere als die ge\u00e4u\u00dferten Absichten zu verfolgen. Schlicht, weil die Dummen diese Absichten nicht nachvollziehen k\u00f6nnen, selbst wenn sie offen auf dem Tisch liegen.<\/p>\n<p>Nun ist das gesamte politische System des Westens mittlerweile eine Negativauslese, best\u00fcckt mit besonders eitlen, dummen, lenkbaren Personen. Sie halten ihr aufgeblasenes Geschwalle tats\u00e4chlich f\u00fcr politische Aussagen und unterstellen deshalb automatisch finstere Absichten, wenn diesem Muster nicht gefolgt wird. Und es gibt keinen Grad an Transparenz und Offenheit, der an dieser Reaktion etwas \u00e4ndern kann; nur, wenn sie auf ein Gegen\u00fcber treffen, das ebenso eitel, dumm und lenkbar ist, verstummt ihr Misstrauen. Das liegt schlicht daran, dass sie sp\u00fcren, dem anderen nicht das Wasser reichen zu k\u00f6nnen; man denke nur an die geradezu hasserf\u00fcllten Blicke, die Baerbock im Dezember 2021 auf Sergei Lawrow warf.<\/p>\n<p>Dass diese Mischung aus leeren K\u00f6pfen f\u00fcr den Westen steht, zeigt, dass das politische System nicht mehr angemessen funktioniert. Der Mechanismus, der das Personal f\u00fcr die f\u00fchrenden Stellen bestimmt, ist durch die langfristigen Folgen gepredigter politischer Apathie wie durch die Wirkung der Einfl\u00fcsse von Gro\u00dfspenden und der Ersetzung politischer Debatte durch Werbekampagnen so weit verzerrt, dass diejenigen, die nach oben gelangen, dies vor allem tun, weil sie sich fraglos in Vorgaben einpassen und sich die anderen Dummen von ihnen nicht bedroht f\u00fchlen. Die Funktion, die sie eigentlich erf\u00fcllen sollten, k\u00f6nnen sie nicht mehr erf\u00fcllen.<\/p>\n<p>Und die Medien? Sind so sehr im Gleichklang mit diesen politischen Chargen und so sehr daran gew\u00f6hnt, die wirkliche Arbeit der Vermittlung von Kenntnissen nicht mehr leisten zu m\u00fcssen, dass sie solche Wahnvorstellungen gerne aufgreifen und wiedergeben. Von Putin, dem finsteren Potentaten, dem ver\u00e4ngstigten Alleinherrscher, der seine Doppelg\u00e4nger schickt.<\/p>\n<p>Dabei w\u00e4re das entscheidende Motiv, Doppelg\u00e4nger einzusetzen, einzig die Propaganda. Die russische Medienlandschaft ist aber nicht halb so sehr auf Propaganda ausgerichtet wie die deutsche, von der ukrainischen ganz zu schweigen. Putins Besuch an der Front ist eine kurze Mitteilung, mehr nicht; niemand f\u00fchlt sich veranlasst, daraus Heldenges\u00e4nge zu zimmern, wie das regelm\u00e4\u00dfig um den ukrainischen Pr\u00e4sidentendarsteller geschieht. Aber nat\u00fcrlich bedroht die Tatsache, dass Putin ganz einfach dort aufschl\u00e4gt, die Erz\u00e4hlung, die man um die Kiewer Marionette gesponnen hat, die ja so unglaublich mutig ist. Also muss man mal wieder in die Kiste mit den Doppelg\u00e4ngern greifen.<\/p>\n<p>Dabei w\u00e4re es andernorts eine wirklich gute Idee. Ein oder zwei nicht demente Doppelg\u00e4nger f\u00fcr US-Pr\u00e4sident Joe Biden k\u00f6nnten der Welt unz\u00e4hlige Peinlichkeiten ersparen, und der Greis k\u00f6nnte seine Tage in einer Umgebung verbringen, die er kennt. Das w\u00e4re auch keine allzu gro\u00dfe Herausforderung \u2013 schlie\u00dflich m\u00fcssten sie nur \u00e4hnlich aussehen und ganze S\u00e4tze sagen k\u00f6nnen. Nachdem auch das Personal der US-Regierung auf dem Niveau der deutschen d\u00fcmpelt, k\u00f6nnte es sogar sein, dass ein solcher Austausch niemandem auffiele.<\/p>\n<p style=\"text-align: right;\"><em>Dagmar Henn ist Mitglied des Deutschen Freidenker-Verbandes<\/em><\/p>\n<hr \/>\n<h4 class=\"HeadLine-root HeadLine-type_2 \">Wirrwarr und gef\u00e4hrliche Ahnungslosigkeit \u2013 Baerbocks Befragung im Bundestag<\/h4>\n<h4><img data-recalc-dims=\"1\" loading=\"lazy\" decoding=\"async\" data-attachment-id=\"15860\" data-permalink=\"https:\/\/www.freidenker.org\/?attachment_id=15860\" data-orig-file=\"https:\/\/i0.wp.com\/www.freidenker.org\/fw17\/wp-content\/uploads\/2023\/04\/Annalena_Baerbock_GRUeNE_MdB_by_Olaf_Kosinsky_1797.jpg?fit=743%2C720&amp;ssl=1\" data-orig-size=\"743,720\" data-comments-opened=\"0\" data-image-meta=\"{&quot;aperture&quot;:&quot;0&quot;,&quot;credit&quot;:&quot;Olaf Kosinsky.info@kosinsky.eu&quot;,&quot;camera&quot;:&quot;&quot;,&quot;caption&quot;:&quot;&quot;,&quot;created_timestamp&quot;:&quot;0&quot;,&quot;copyright&quot;:&quot;Olaf Kosinsky \/\/ info@kosinsky.eu&quot;,&quot;focal_length&quot;:&quot;0&quot;,&quot;iso&quot;:&quot;0&quot;,&quot;shutter_speed&quot;:&quot;0&quot;,&quot;title&quot;:&quot;&quot;,&quot;orientation&quot;:&quot;0&quot;}\" data-image-title=\"Annalena_Baerbock_GR\u00dcNE_MdB_by_Olaf_Kosinsky_1797\" data-image-description=\"\" data-image-caption=\"\" data-large-file=\"https:\/\/i0.wp.com\/www.freidenker.org\/fw17\/wp-content\/uploads\/2023\/04\/Annalena_Baerbock_GRUeNE_MdB_by_Olaf_Kosinsky_1797.jpg?fit=743%2C720&amp;ssl=1\" class=\"alignnone wp-image-15860\" src=\"https:\/\/i0.wp.com\/www.freidenker.org\/fw17\/wp-content\/uploads\/2023\/04\/Annalena_Baerbock_GRUeNE_MdB_by_Olaf_Kosinsky_1797.jpg?resize=500%2C485&#038;ssl=1\" alt=\"\" width=\"500\" height=\"485\" srcset=\"https:\/\/i0.wp.com\/www.freidenker.org\/fw17\/wp-content\/uploads\/2023\/04\/Annalena_Baerbock_GRUeNE_MdB_by_Olaf_Kosinsky_1797.jpg?w=743&amp;ssl=1 743w, https:\/\/i0.wp.com\/www.freidenker.org\/fw17\/wp-content\/uploads\/2023\/04\/Annalena_Baerbock_GRUeNE_MdB_by_Olaf_Kosinsky_1797.jpg?resize=300%2C291&amp;ssl=1 300w\" sizes=\"auto, (max-width: 500px) 100vw, 500px\" \/><\/h4>\n<p><strong>Es ist schwer, ihren \u00c4u\u00dferungen zuzuh\u00f6ren, denn meist enden sie im Nichts. Noch schwerer ist es, das Denken dahinter nachzuvollziehen. Aber bei genauer Betrachtung verr\u00e4t die Bundesau\u00dfenministerin Baerbock vor allem etwas \u00fcber sich selbst.<\/strong><\/p>\n<p><em>von <strong>Dagmar Henn<\/strong><\/em><\/p>\n<p><span style=\"font-size: 10pt;\">Erstver\u00f6ffentlichung am 20.04.2023 auf <a href=\"https:\/\/gegenzensur.rtde.life\/meinung\/168127-baerbock-wird-befragt-durcheinander-und\/\" target=\"_blank\" rel=\"noopener\">RT DE<\/a><\/span><\/p>\n<p>Die Welt im Kopf von Bundesau\u00dfenministerin Annalena Baerbock ist eine seltsame; aber sie ist gut gegen ein Eindringen der Wirklichkeit abgesichert. Das hat die Befragung in der 96. Sitzung des Deutschen Bundestages am Mittwoch bewiesen. Was sie auch bewiesen hat: Im ganzen Deutschen Bundestag sieht es wohl \u00e4hnlich aus, wenn man von der AfD und Teilen der Linken absieht.<\/p>\n<p>Am wohlsten f\u00fchlte sie sich zu Beginn, als sie mit der Redezeit noch aus dem Vollen sch\u00f6pfen und mit endlosen, nicht gerade gelungenen Bandwurms\u00e4tzen ihre Vorstellungen ausbreiten konnte. So etwa, als sie auf die erste Frage aus der CDU, die noch mehr Unterst\u00fctzung f\u00fcr Taiwan forderte, ihre bekannte Position wiederholte und mit den Worten schloss: &#8222;&#8230; und was manchmal hier dann vielleicht in der Berichterstattung nicht ganz so deutlich gesehen worden ist: Als der franz\u00f6sische Pr\u00e4sident dort war, ist ja auch eine franz\u00f6sische Fregatte durch die Stra\u00dfe von Taiwan deutlich gefahren und hat damit deutlich gemacht, dass wir eben das Verst\u00e4ndnis mit Blick auf die Freiheit dieser so f\u00fcr den Welthandel wichtigen Route als Europ\u00e4er gemeinsam beieinanderstehen.&#8220;<\/p>\n<p>Nun ja. Im schriftlichen Protokoll wurde diese Passage \u2013 wie andere Baerbocksche Stolperer \u2013 so weit <a href=\"https:\/\/dserver.bundestag.de\/btp\/20\/20096.pdf\">redigiert<\/a>, dass ein grammatikalisch vollst\u00e4ndiger Satz daraus wurde, so wie auch alle anderen Wortneusch\u00f6pfungen diskret unterschlagen werden (Sellschaft statt Gesellschaft, Griff statt Begriff). So, wie sie tats\u00e4chlich gesagt wurden, enth\u00fcllen diese S\u00e4tze allerdings mehr.<\/p>\n<p>So ging es eine ganze Zeit lang weiter. Aus der SPD-Fraktion wurde dem G7-Mitglied Japan der Vorwurf gemacht, bisher nicht willig genug Russland sanktioniert zu haben, dem Baerbock mit einem weiteren Wortschwall widersprach. Wenn man halbe S\u00e4tze aus diesen Bandw\u00fcrmern herausschneidet, kann man zumindest so tun, als h\u00e4tte das Ganze einen Sinn gehabt.<\/p>\n<p>Nach der ersten Frage aus der AfD-Fraktion gelingt das dann nicht mehr. Befragt wurde Frau Baerbock nach einer E-Mail, die von einem Referat im deutschen Ausw\u00e4rtigen Amt an die Botschaft in Pakistan gegangen sein soll, damit dort auch in m\u00f6glicherweise gef\u00e4lschte afghanische P\u00e4sse Visa erteilt werden. Woraufhin Baerbock zwar mit besonders viel Pathos antwortete und mit Begriffen wie Rechtstaatlichkeit um sich warf, nur leider nicht beantwortete, ob es diese Mail gab oder nicht. Wenn man ihre langen Ausf\u00fchrungen h\u00f6rt, wird einem noch nicht einmal klar, ob sie das selbst \u00fcberhaupt wei\u00df. Aber auf jeden Fall meinte sie zu wissen, dass jetzt irgendwo das Stichwort Frauen und Kinder fallen muss. &#8222;Und deswegen habe ich mit den Pakistani eine Vereinbarung getroffen, dass Menschen \u00fcber ihre Grenze kommen k\u00f6nnen, auch wenn sie keine P\u00e4sse haben, weil P\u00e4sse dort nicht ausgestellt werden, wir k\u00f6nnen alle froh sein, dass wir Reisep\u00e4sse haben k\u00f6nnen, um zu reisen. Das funktioniert da nicht. Und deswegen haben wir daf\u00fcr gesorgt, dass Frauen und Kinder, insbesondere solche, oder Anw\u00e4ltinnen, Rechtsanw\u00e4ltinnen, schnellstm\u00f6glich aus Pakistan rauskommen k\u00f6nnen.&#8220;<\/p>\n<p>Wenn man versucht, Baerbockisch ins Deutsche zu \u00fcbersetzen, w\u00fcrde das hei\u00dfen: weil den Leuten keine P\u00e4sse ausgestellt werden, kommen sie ohne P\u00e4sse \u2013 was dann logisch ergeben w\u00fcrde, dass die P\u00e4sse, in denen dann Visa erteilt werden, nicht nur gef\u00e4lscht sein k\u00f6nnen, sondern geradezu gef\u00e4lscht sein m\u00fcssen (au\u00dfer, die afghanische Botschaft in Islamabad w\u00fcrde sich jedes Bein ausrei\u00dfen, um entschwindende Staatsangeh\u00f6rige ohne Papiere schnell noch mit ordentlichen Dokumenten auszustatten). Aber eben das hat sie nicht gesagt, sondern nur etwas, das man auf diese Art deuten kann, wenn man voraussetzt, es w\u00e4re wirklich ein Sinn in dieser Antwort zu finden.<\/p>\n<p>Sp\u00e4ter gab es eine Frage des \u2013 ehemals AfD \u2013 jetzt fraktionslosen Bundestagsabgeordneten Robert Farle. Der wollte von ihr wissen \u2013 angesichts der Verurteilung einseitiger Sanktionen durch die mit gro\u00dfer Mehrheit im UN-Menschenrechtsrat am 3. April angenommene Resolution: &#8222;Werden Sie jetzt Ihr vehementes Eintreten f\u00fcr st\u00e4ndig sch\u00e4rfere Sanktionen \u00fcberdenken und endlich das V\u00f6lkerrecht respektieren und den st\u00e4ndigen Bruch des V\u00f6lkerrechts beenden?&#8220;<\/p>\n<p>Daraufhin schwadronierte Baerbock etwas von Blockade des Sicherheitsrats durch Russland, und dass die Vollversammlung ja Russland als Angreifer benannt habe. Das \u00e4ndert aber erstens nichts an der Tatsache, dass dennoch nach geltendem V\u00f6lkerrecht einseitige Sanktionen illegal sind, und \u00fcbergeht zweitens den Punkt, dass die Lage im UN-Sicherheitsrat aufgrund der Vetorechte von Anbeginn so war und eben jener Punkt, dass Sanktionen dort nur verh\u00e4ngt werden k\u00f6nnen, wenn die Nuklearm\u00e4chte sich einig sind, Teil dieser Konstruktion ist. Es war eben niemals beabsichtigt, dass Sanktionen zu einem allt\u00e4glichen Mittel der Politik werden, die bestimmte L\u00e4nder nach ihrem Gutd\u00fcnken verh\u00e4ngen k\u00f6nnen.<\/p>\n<p>Aber das w\u00fcrde voraussetzen, dass Annalena Baerbock Ahnung von der Geschichte dieser m\u00fchsam nach dem Zweiten Weltkrieg errungenen Institutionen und ihrer Rechtsbegriffe h\u00e4tte und dass Sanktionen eben keine &#8222;zivilen Mittel&#8220; sind, sondern Ma\u00dfnahmen eines Wirtschaftskrieges. Die Folgen der Sanktionen gegen den Irak sind allgemein bekannt, ebenso wie die Aussage der damaligen US-Au\u00dfenministerin Albright dazu, sie seien eine halbe Million toter Kinder im Irak wert gewesen.<\/p>\n<p>Auch Sevim Da\u011fdelen von der Fraktion Die Linke fragte danach, was Baerbock denn zur Haltung des globalen S\u00fcdens sage. Und Baerbock antwortete nicht, sondern lenkte ab \u2013 es gebe ja auch andere afrikanische L\u00e4nder.<\/p>\n<p>Das deutlichste Beispiel, wie unzug\u00e4nglich Baerbock f\u00fcr eine sich ver\u00e4ndernde Wirklichkeit der Weltlage ist, war ihre Antwort auf die Frage von Petr Bystron (AfD). Er fragte kurz und b\u00fcndig: &#8222;Der Internationale W\u00e4hrungsfonds [IWF] prophezeit sogar eine St\u00e4rkung der russischen Wirtschaft. Ist das ein Scheitern Ihrer Politik, und welche Konsequenzen werden Sie daraus ziehen?&#8220;<\/p>\n<p>Die Antwort verr\u00e4t mehr, als der Au\u00dfenministerin lieb sein kann: &#8222;Mit Blick auf Russland und die Frage \u2013 diese Frage haben Sie mich ja schon \u00f6fter gestellt \u2013, ich empfehle das Lesen eines Wall-Street-Journals-Artikels \u00fcber die Auswirkungen der Sanktionen, der wirtschaftlichen Lage in Russland, leider wurde dieser Journalist vom russischen Pr\u00e4sidenten, den Sie ja offensichtlich unterst\u00fctzen, verhaftet, V\u00f6lkerrechtsbruch pur, ich kann nur an Sie appellieren, dass Sie vielleicht ihre guten Dr\u00e4hte nach Moskau nutzen, damit dieser Mensch wieder freikommt und wir solche Fakten \u00fcberall auf der Welt lesen k\u00f6nnen.&#8220;<\/p>\n<p>Diese Antwort zeigt zum einen, dass sie leidenschaftlich gerne Propagandageschichten lauscht; bei dem von ihr angesprochenen Journalisten kann es sich nur um den Journalisten f\u00fcr das <em>Wall Street Journal<\/em> (<em>WSJ<\/em>) handeln, der wegen Spionage festgenommen wurde. Das kommt vor, ist aber eine Frage des Strafrechts und nicht des V\u00f6lkerrechts, denn es gibt keine v\u00f6lkerrechtliche Regel, die Journalisten Immunit\u00e4t verleiht. Sie erz\u00e4hlt eine Geschichte, die den Eindruck erwecken soll, besagter Journalist sei verhaftet worden \u2013 und zwar von Putin pers\u00f6nlich \u2013, weil er die Wirksamkeit der Sanktionen best\u00e4tigt habe.<\/p>\n<p>Das ist in jeder Hinsicht eine R\u00e4uberpistole, und wenn sie die selbst glaubt, kann man sie nur bedauern. Aber auf der rein professionellen Ebene zeigt es, dass sie nicht wei\u00df, wie man Informationen bewerten muss. Weil sie glaubt, irgendein Artikel aus dem <em>WSJ<\/em> k\u00f6nne ein Argument gegen eine Einsch\u00e4tzung des IWF sein. Das ist, als wolle man mit einem Artikel aus dem <em>Osnabr\u00fccker Tagblatt<\/em> Zahlen des Statistischen Bundesamtes widerlegen \u2013 eine Studie des IWF steht zweifelsfrei qualitativ weit \u00fcber einem einzelnen journalistischen Artikel in einer einzelnen Zeitung. Wer v\u00f6llig unf\u00e4hig ist, Informationen nach ihrem Gewicht einzustufen, ist nach Belieben manipulierbar und vermag nicht wahrzunehmen, wenn die Wirklichkeit von der eigenen Vorstellung abweicht. F\u00fcr jedes politische Amt oberhalb der Kreisebene ist so jemand v\u00f6llig untauglich.<\/p>\n<p>Ersch\u00fctternd ist nur, dass sie f\u00fcr diese S\u00e4tze auch noch Beifall erhielt. Vermutlich, weil das Muster vom &#8222;b\u00f6sen Putin&#8220; gegen &#8222;freie Presse&#8220; bedient wurde, das fast alle dort Versammelten so lieben, egal, ob es wahr ist oder nicht. Eigentlich h\u00e4tte ihr Gel\u00e4chter entgegendr\u00f6hnen m\u00fcssen, schon allein wegen der Formulierung &#8222;wurde vom russischen Pr\u00e4sidenten verhaftet&#8220;. Als g\u00e4be es in Russland keine Polizei, keine Sicherheitskr\u00e4fte, jedes Mal m\u00fcsse der Pr\u00e4sident dann pers\u00f6nlich ran. Aber dahinter mag sich in der Umkehr ihre eigene Erwartung an ihre eigene Machtf\u00fclle verbergen; denn anders denn als individuelle Herrschaft, als pers\u00f6nliche Machtaus\u00fcbung vermag sie \u2013 das zeigt ihr Auftreten immer wieder \u2013 ihre eigene T\u00e4tigkeit nicht wahrzunehmen.<\/p>\n<p>So, wie sie nach wie vor auch v\u00f6llig \u00fcbergeht, dass sie an der Sabotage der Minsker Abkommen beteiligt war und damit pers\u00f6nlich Mitverantwortung an der Entwicklung in der Ukraine tr\u00e4gt. Das ist ihr vermutlich einfach beim Spielen so passiert.<\/p>\n<p>Es gab ja eine Reihe Autoren, die gern behaupteten, eine kindliche Sicht auf die Welt sei reiner und unschuldiger. Was wir hier serviert bekommen, ist eine kindliche Sicht aus einer fantasierten Position der \u00dcberlegenheit, und nichts daran ist noch rein und unschuldig. Wobei nicht klar ist, ob ihr permanentes Ablenken von den an sie gerichteten Fragen eine bewusste Reaktion ist oder ob sie einfach zeigt, wie ungeordnet Geschichtchen und Emotionen in diesem Kopf gelagert werden. Es gibt viele Politiker, die die Kunst beherrschen, sich auf R\u00fcckfragen hin in einen Pudding zu verwandeln, der sich beim besten Willen nicht an die Wand nageln l\u00e4sst. Bei Baerbock ist das keine Kunst. Der Pudding ist der Zustand; die einzig soliden Konstanten sind die transatlantischen Phrasen, die sie wohl \u2013 oder irgendwer mit ihr \u2013 regelm\u00e4\u00dfig \u00fcbt.<\/p>\n<p style=\"text-align: right;\"><em>Dagmar Henn ist Mitglied des Deutschen Freidenker-Verbandes<\/em><\/p>\n<hr \/>\n<p><span style=\"font-size: 10pt;\">Bild oben: Bildmontage unter Verwendung von:<br \/>\n<\/span><span style=\"font-size: 10pt;\">Wladimir Putin<\/span><br \/>\n<span style=\"font-size: 10pt;\">Foto Kremlin.ru, <a href=\"https:\/\/creativecommons.org\/licenses\/by\/4.0\" target=\"_blank\" rel=\"noopener\">CC BY 4.0<\/a><\/span><br \/>\n<span style=\"font-size: 10pt;\">Quelle: <a href=\"https:\/\/commons.wikimedia.org\/w\/index.php?curid=123431147\" target=\"_blank\" rel=\"noopener\">https:\/\/commons.wikimedia.org\/w\/index.php?curid=123431147<\/a><\/span><\/p>\n<p><span style=\"font-size: 10pt;\">Bild Mitte:<\/span><br \/>\n<span style=\"font-size: 10pt;\">Annalena Baerbock bei einer Plenarsitzung im Bundestag, 2019<\/span><br \/>\n<span style=\"font-size: 10pt;\">Foto: Olaf Kosinsky, <a href=\"https:\/\/creativecommons.org\/licenses\/by-sa\/3.0\/de\/deed.en\" target=\"_blank\" rel=\"noopener\">CC BY-SA 3.0 de<\/a><\/span><br \/>\n<span style=\"font-size: 10pt;\">Quelle: <a href=\"https:\/\/commons.wikimedia.org\/w\/index.php?curid=87560470\" target=\"_blank\" rel=\"noopener\">https:\/\/commons.wikimedia.org\/w\/index.php?curid=87560470<\/a><\/span><\/p>\n","protected":false},"excerpt":{"rendered":"<p><b>Zwei Beitr\u00e4ge von Dagmar Henn<\/b><br \/>\nUnsere Autorin sucht nach Logik und Intelligenz in der medialen Putin-Berichterstattung und in Baerbocks Einlassungen im Bundestag &#8211; mit niederschmetterndem Ergebnis.<br \/>\n<b>Einer nimmt Journalisten fest, der andere ist an der Front \u2013 das M\u00e4rchen vom doppelten Putin<\/b> &#8211; Der Besuch Wladimir Putins an der Front muss die westlichen Medien so ge\u00e4rgert haben, dass sie dankbar die ukrainische Erfindung \u00fcbernahmen, er sei in Wirklichkeit gar nicht dort gewesen. Ein Double sei an die Front geflogen, wird behauptet.<br \/>\n<b>Wirrwarr und gef\u00e4hrliche Ahnungslosigkeit \u2013 Baerbocks Befragung im Bundestag<\/b> &#8211; Es ist schwer, ihren \u00c4u\u00dferungen zuzuh\u00f6ren, denn meist enden sie im Nichts. Noch schwerer ist es, das Denken dahinter nachzuvollziehen. Aber bei genauer Betrachtung verr\u00e4t die Bundesau\u00dfenministerin Baerbock vor allem etwas \u00fcber sich selbst.<\/p>\n","protected":false},"author":3,"featured_media":15859,"comment_status":"closed","ping_status":"closed","sticky":false,"template":"","format":"standard","meta":{"colormag_page_container_layout":"default_layout","colormag_page_sidebar_layout":"default_layout","advanced_seo_description":"","jetpack_seo_html_title":"","jetpack_seo_noindex":false,"jetpack_post_was_ever_published":false,"footnotes":""},"categories":[12],"tags":[699,1423,477,1121,1781,121,124,223,222,719,639],"class_list":["post-15857","post","type-post","status-publish","format-standard","has-post-thumbnail","hentry","category-demokratie-medien-aufklaerung","tag-aussenpolitik","tag-baerbock","tag-bundestag","tag-donbass","tag-intelligenz","tag-medien","tag-politik","tag-putin","tag-russland","tag-sanktionen","tag-ukraine-konflikt"],"jetpack_featured_media_url":"https:\/\/i0.wp.com\/www.freidenker.org\/fw17\/wp-content\/uploads\/2023\/04\/Putin_doppelt_800x450.jpg?fit=797%2C450&ssl=1","jetpack_shortlink":"https:\/\/wp.me\/p9stpK-47L","jetpack-related-posts":[{"id":18730,"url":"https:\/\/www.freidenker.org\/?p=18730","url_meta":{"origin":15857,"position":0},"title":"&#8222;Vertreter Putins&#8220; im Bundestag? L\u00f6sen wir es doch per Quote!","author":"Webredaktion","date":"9. April 2024","format":false,"excerpt":"Beitrag von Dagmar Henn Jedem, der die Meldungen um das tschechische Portal \"Voice of Europe\" gelesen hat, war klar, dass damit eine Absicht verfolgt wird. Inzwischen ist auch deutlich, welche \u2013 man hat sich auf den AfD-Abgeordneten Petr Bystron eingeschossen, und jetzt soll sogar die Generalstaatsanwaltschaft M\u00fcnchen gegen ihn ermitteln,\u2026","rel":"","context":"In &quot;Demokratie \u2013 Medien \u2013 Aufkl\u00e4rung&quot;","block_context":{"text":"Demokratie \u2013 Medien \u2013 Aufkl\u00e4rung","link":"https:\/\/www.freidenker.org\/?cat=12"},"img":{"alt_text":"","src":"https:\/\/i0.wp.com\/www.freidenker.org\/fw17\/wp-content\/uploads\/2024\/04\/Petr_Bystron_25637917500_800x450.jpg?fit=800%2C450&ssl=1&resize=350%2C200","width":350,"height":200,"srcset":"https:\/\/i0.wp.com\/www.freidenker.org\/fw17\/wp-content\/uploads\/2024\/04\/Petr_Bystron_25637917500_800x450.jpg?fit=800%2C450&ssl=1&resize=350%2C200 1x, https:\/\/i0.wp.com\/www.freidenker.org\/fw17\/wp-content\/uploads\/2024\/04\/Petr_Bystron_25637917500_800x450.jpg?fit=800%2C450&ssl=1&resize=525%2C300 1.5x, https:\/\/i0.wp.com\/www.freidenker.org\/fw17\/wp-content\/uploads\/2024\/04\/Petr_Bystron_25637917500_800x450.jpg?fit=800%2C450&ssl=1&resize=700%2C400 2x"},"classes":[]},{"id":12356,"url":"https:\/\/www.freidenker.org\/?p=12356","url_meta":{"origin":15857,"position":1},"title":"Ein irrer Propagandafeldzug gegen Russland","author":"Webredaktion","date":"3. M\u00e4rz 2022","format":false,"excerpt":"Ein Kommentar von Wolfgang Bittner Putin sei ein M\u00f6rder, sagte Joe Biden im M\u00e4rz 2021, und Ronald Reagan hatte Russland 1983 kurzerhand zum ''Reich des B\u00f6sen'' erkl\u00e4rt. Damit lie\u00dfen sich alle Aggressionen und Sanktionen gegen ein europ\u00e4isches Land und dessen Pr\u00e4sidenten, der sich den Machtanspr\u00fcchen der USA widersetzte, vor den\u2026","rel":"","context":"In &quot;Demokratie \u2013 Medien \u2013 Aufkl\u00e4rung&quot;","block_context":{"text":"Demokratie \u2013 Medien \u2013 Aufkl\u00e4rung","link":"https:\/\/www.freidenker.org\/?cat=12"},"img":{"alt_text":"","src":"https:\/\/i0.wp.com\/www.freidenker.org\/fw17\/wp-content\/uploads\/2022\/03\/Collage_Screenshots_russland-hass_800x450-1.jpg?fit=800%2C445&ssl=1&resize=350%2C200","width":350,"height":200,"srcset":"https:\/\/i0.wp.com\/www.freidenker.org\/fw17\/wp-content\/uploads\/2022\/03\/Collage_Screenshots_russland-hass_800x450-1.jpg?fit=800%2C445&ssl=1&resize=350%2C200 1x, https:\/\/i0.wp.com\/www.freidenker.org\/fw17\/wp-content\/uploads\/2022\/03\/Collage_Screenshots_russland-hass_800x450-1.jpg?fit=800%2C445&ssl=1&resize=525%2C300 1.5x, https:\/\/i0.wp.com\/www.freidenker.org\/fw17\/wp-content\/uploads\/2022\/03\/Collage_Screenshots_russland-hass_800x450-1.jpg?fit=800%2C445&ssl=1&resize=700%2C400 2x"},"classes":[]},{"id":20409,"url":"https:\/\/www.freidenker.org\/?p=20409","url_meta":{"origin":15857,"position":2},"title":"Medien bereiten den Weg zum Krieg","author":"Webredaktion","date":"24. November 2024","format":false,"excerpt":"Beitrag von Thomas R\u00f6per Pr\u00e4sident Putin hat am Donnerstag in einer Rede angek\u00fcndigt, Russland sehe sich nach den Angriffen mit westlichen Waffen auf sein Gebiet berechtigt, Ziele in den L\u00e4ndern anzugreifen, die zu diesen Angriffen die Erlaubnis gegeben haben. Die deutschen Medien verschweigen das komplett. Ich bin von den deutschen\u2026","rel":"","context":"In &quot;Demokratie \u2013 Medien \u2013 Aufkl\u00e4rung&quot;","block_context":{"text":"Demokratie \u2013 Medien \u2013 Aufkl\u00e4rung","link":"https:\/\/www.freidenker.org\/?cat=12"},"img":{"alt_text":"","src":"https:\/\/i0.wp.com\/www.freidenker.org\/fw17\/wp-content\/uploads\/2024\/11\/Virtual_Studio_of_Tagesschau_800x450.jpg?fit=800%2C450&ssl=1&resize=350%2C200","width":350,"height":200,"srcset":"https:\/\/i0.wp.com\/www.freidenker.org\/fw17\/wp-content\/uploads\/2024\/11\/Virtual_Studio_of_Tagesschau_800x450.jpg?fit=800%2C450&ssl=1&resize=350%2C200 1x, https:\/\/i0.wp.com\/www.freidenker.org\/fw17\/wp-content\/uploads\/2024\/11\/Virtual_Studio_of_Tagesschau_800x450.jpg?fit=800%2C450&ssl=1&resize=525%2C300 1.5x, https:\/\/i0.wp.com\/www.freidenker.org\/fw17\/wp-content\/uploads\/2024\/11\/Virtual_Studio_of_Tagesschau_800x450.jpg?fit=800%2C450&ssl=1&resize=700%2C400 2x"},"classes":[]},{"id":22764,"url":"https:\/\/www.freidenker.org\/?p=22764","url_meta":{"origin":15857,"position":3},"title":"Bundeskanzler Merz, Putin und die Geografie","author":"Webredaktion","date":"7. September 2025","format":false,"excerpt":"Beitrag von Dagmar Henn Wom\u00f6glich l\u00f6st Bundeskanzler Friedrich Merz mit einer Aussage in seinem Interview mit dem franz\u00f6sischen Sender TF1 ganz andere Empfindungen aus, als er beabsichtigt. Denn neben seiner Betonung, er wolle wieder eine Wehrpflicht\u00a0\u2012 auch f\u00fcr Frauen \u2012, lieferte er auch noch eine eigenartige Begr\u00fcndung. So zitiert das\u2026","rel":"","context":"In &quot;Demokratie \u2013 Medien \u2013 Aufkl\u00e4rung&quot;","block_context":{"text":"Demokratie \u2013 Medien \u2013 Aufkl\u00e4rung","link":"https:\/\/www.freidenker.org\/?cat=12"},"img":{"alt_text":"","src":"https:\/\/i0.wp.com\/www.freidenker.org\/fw17\/wp-content\/uploads\/2025\/09\/Merz_Grenzen1937.jpg?fit=800%2C450&ssl=1&resize=350%2C200","width":350,"height":200,"srcset":"https:\/\/i0.wp.com\/www.freidenker.org\/fw17\/wp-content\/uploads\/2025\/09\/Merz_Grenzen1937.jpg?fit=800%2C450&ssl=1&resize=350%2C200 1x, https:\/\/i0.wp.com\/www.freidenker.org\/fw17\/wp-content\/uploads\/2025\/09\/Merz_Grenzen1937.jpg?fit=800%2C450&ssl=1&resize=525%2C300 1.5x, https:\/\/i0.wp.com\/www.freidenker.org\/fw17\/wp-content\/uploads\/2025\/09\/Merz_Grenzen1937.jpg?fit=800%2C450&ssl=1&resize=700%2C400 2x"},"classes":[]},{"id":17980,"url":"https:\/\/www.freidenker.org\/?p=17980","url_meta":{"origin":15857,"position":4},"title":"Die Bauernproteste in russischen Medien","author":"Webredaktion","date":"23. Januar 2024","format":false,"excerpt":"Beitrag von Gert Ewen Ungar Es wird Lenin zugeschrieben, gesagt zu haben, wenn die Deutschen einen Bahnhof st\u00fcrmen wollen, kaufen sie vorher eine Bahnsteigkarte. Mit umso mehr Erstaunen nahm man in Russland die Bauernproteste und ihren enormen Umfang zur Kenntnis. Russische Medien haben breit \u00fcber die landesweiten Aktionen berichtet. Die\u2026","rel":"","context":"In &quot;Demokratie \u2013 Medien \u2013 Aufkl\u00e4rung&quot;","block_context":{"text":"Demokratie \u2013 Medien \u2013 Aufkl\u00e4rung","link":"https:\/\/www.freidenker.org\/?cat=12"},"img":{"alt_text":"","src":"https:\/\/i0.wp.com\/www.freidenker.org\/fw17\/wp-content\/uploads\/2024\/01\/Bauernproteste_Nordhausen-6890_800x450.jpg?fit=800%2C450&ssl=1&resize=350%2C200","width":350,"height":200,"srcset":"https:\/\/i0.wp.com\/www.freidenker.org\/fw17\/wp-content\/uploads\/2024\/01\/Bauernproteste_Nordhausen-6890_800x450.jpg?fit=800%2C450&ssl=1&resize=350%2C200 1x, https:\/\/i0.wp.com\/www.freidenker.org\/fw17\/wp-content\/uploads\/2024\/01\/Bauernproteste_Nordhausen-6890_800x450.jpg?fit=800%2C450&ssl=1&resize=525%2C300 1.5x, https:\/\/i0.wp.com\/www.freidenker.org\/fw17\/wp-content\/uploads\/2024\/01\/Bauernproteste_Nordhausen-6890_800x450.jpg?fit=800%2C450&ssl=1&resize=700%2C400 2x"},"classes":[]},{"id":16353,"url":"https:\/\/www.freidenker.org\/?p=16353","url_meta":{"origin":15857,"position":5},"title":"Habeck im Bundestag: &#8222;Falschunterstellungen&#8220; und ein &#8222;erster russischer Angriffskrieg 2014&#8220;","author":"Webredaktion","date":"24. Juni 2023","format":false,"excerpt":"Beitrag von Dagmar Henn Bundeswirtschaftsminister Habeck wurde im Bundestag befragt und benahm sich wie \u00fcblich \u2013 Antworten nur, wenn die Frage entsprechend unterw\u00fcrfig gestellt wurde, auf massivere Kritik jedoch arrogant und ausfallend. Bis hin zu eigenen neuen Geschichtsf\u00e4lschungen. Auch wenn Bundeswirtschaftsminister Robert Habeck in der Fragestunde des Bundestags nur selten\u2026","rel":"","context":"In &quot;Demokratie \u2013 Medien \u2013 Aufkl\u00e4rung&quot;","block_context":{"text":"Demokratie \u2013 Medien \u2013 Aufkl\u00e4rung","link":"https:\/\/www.freidenker.org\/?cat=12"},"img":{"alt_text":"","src":"https:\/\/i0.wp.com\/www.freidenker.org\/fw17\/wp-content\/uploads\/2023\/06\/Habeck-2023-06-07_Event_Konferenz_re-publica_800x450.jpg?fit=800%2C450&ssl=1&resize=350%2C200","width":350,"height":200,"srcset":"https:\/\/i0.wp.com\/www.freidenker.org\/fw17\/wp-content\/uploads\/2023\/06\/Habeck-2023-06-07_Event_Konferenz_re-publica_800x450.jpg?fit=800%2C450&ssl=1&resize=350%2C200 1x, https:\/\/i0.wp.com\/www.freidenker.org\/fw17\/wp-content\/uploads\/2023\/06\/Habeck-2023-06-07_Event_Konferenz_re-publica_800x450.jpg?fit=800%2C450&ssl=1&resize=525%2C300 1.5x, https:\/\/i0.wp.com\/www.freidenker.org\/fw17\/wp-content\/uploads\/2023\/06\/Habeck-2023-06-07_Event_Konferenz_re-publica_800x450.jpg?fit=800%2C450&ssl=1&resize=700%2C400 2x"},"classes":[]}],"_links":{"self":[{"href":"https:\/\/www.freidenker.org\/index.php?rest_route=\/wp\/v2\/posts\/15857","targetHints":{"allow":["GET"]}}],"collection":[{"href":"https:\/\/www.freidenker.org\/index.php?rest_route=\/wp\/v2\/posts"}],"about":[{"href":"https:\/\/www.freidenker.org\/index.php?rest_route=\/wp\/v2\/types\/post"}],"author":[{"embeddable":true,"href":"https:\/\/www.freidenker.org\/index.php?rest_route=\/wp\/v2\/users\/3"}],"replies":[{"embeddable":true,"href":"https:\/\/www.freidenker.org\/index.php?rest_route=%2Fwp%2Fv2%2Fcomments&post=15857"}],"version-history":[{"count":0,"href":"https:\/\/www.freidenker.org\/index.php?rest_route=\/wp\/v2\/posts\/15857\/revisions"}],"wp:featuredmedia":[{"embeddable":true,"href":"https:\/\/www.freidenker.org\/index.php?rest_route=\/wp\/v2\/media\/15859"}],"wp:attachment":[{"href":"https:\/\/www.freidenker.org\/index.php?rest_route=%2Fwp%2Fv2%2Fmedia&parent=15857"}],"wp:term":[{"taxonomy":"category","embeddable":true,"href":"https:\/\/www.freidenker.org\/index.php?rest_route=%2Fwp%2Fv2%2Fcategories&post=15857"},{"taxonomy":"post_tag","embeddable":true,"href":"https:\/\/www.freidenker.org\/index.php?rest_route=%2Fwp%2Fv2%2Ftags&post=15857"}],"curies":[{"name":"wp","href":"https:\/\/api.w.org\/{rel}","templated":true}]}}