{"id":15854,"date":"2023-04-24T00:24:09","date_gmt":"2023-04-23T22:24:09","guid":{"rendered":"https:\/\/www.freidenker.org\/?p=15854"},"modified":"2023-05-07T23:25:25","modified_gmt":"2023-05-07T21:25:25","slug":"reden-erst-die-voelker-selber-werden-sie-schnell-einig-sein","status":"publish","type":"post","link":"https:\/\/www.freidenker.org\/?p=15854","title":{"rendered":"\u201eReden erst die V\u00f6lker selber, werden sie schnell einig sein.\u201c"},"content":{"rendered":"<p>Liane Kilinc hatte in den letzten Jahren bei den Gedenkveranstaltungen zum Elbe-Tag in Torgau mehrfach Reden gehalten. In diesem Jahr konnte sie bei der <a href=\"https:\/\/www.freidenker.org\/?p=15812\">Veranstaltung am 22. April<\/a> nicht dabei sein und sandte uns folgenden Text als Gru\u00dfadresse.<\/p>\n<p style=\"text-align: right;\"><em>Webredaktion<\/em><\/p>\n<hr \/>\n<h4>Zum 78. Jahrestag der Begegnung \u2013 Elbe Tag in Torgau<\/h4>\n<p><em>von <strong>Liane Kilinc<\/strong><\/em><\/p>\n<p>Liebe Genossinnen und Genossen, liebe Freunde,<\/p>\n<p>ich schreibe dieses Jahr aus der Ferne zu euch, aus Russland. Und auch, wenn ich es bedauere, nicht bei euch sein zu k\u00f6nnen, ist es gut, dass ich manche Dinge von au\u00dfen betrachten kann. Denn sehr vieles sieht dort anders aus, f\u00fcr die 85 Prozent der Menschheit, die nicht Teil des Westens sind.<\/p>\n<p>Als sich damals, 1945, die sowjetischen und die amerikanischen Soldaten begegneten, einte sie eine Sehnsucht nach einer Welt des Friedens, die sie sich erhofften. Eine Welt, in der f\u00fcr den niedergerungenen Nazismus kein Platz mehr ist. Eine Welt, die die V\u00f6lker in Frieden miteinander teilen.<\/p>\n<p>Wir alle wissen, dass diese Sehnsucht nach Frieden schon sehr bald von der Regierung der Vereinigten Staaten verraten wurde. Ein Verrat, der in Gestalt von Treffen der Gebr\u00fcder Dulles mit Vertretern der SS in der Schweiz angebahnt wurde, und der bald dazu f\u00fchrte, dass die besiegten Nazis in der amerikanischen Zone Sicherheit finden konnten; darunter auch die baltischen und ukrainischen Kollaborateure. Ein Verrat, der mit dem Abwurf der ersten Atombomben auf Hiroshima und Nagasaki f\u00fcr die ganze Welt sichtbar wurde; denn jeder wusste, dass dieses schreckliche Verbrechen ebenso sehr dazu diente, die Sowjetunion einzusch\u00fcchtern wie Japan zur Kapitulation zu zwingen.<\/p>\n<p>Es waren so wenige kostbare Wochen, in denen die Hoffnung von Torgau leben durfte. Und heute sehen wir uns weit hinter jenen Moment zur\u00fcckgeworfen, Selbst beim Gedenken an die Befreiung von Auschwitz werden die Vertreter Russlands nicht mehr eingeladen, nicht in Buchenwald, nicht in Mauthausen; im vergangenen Jahr wurden in Berlin in Treptow sowjetische Fahnen verboten, russische ebenso. Es wird mit allen Kr\u00e4ften daran gearbeitet, die Erinnerung an den Beitrag, den die Sowjetunion zur Niederringung des Faschismus leistete, aus dem Ged\u00e4chtnis zu l\u00f6schen. Und warum? Weil die politische Vorgabe lautet, mit der Ukraine solidarisch zu sein; einer Ukraine, die Nazi-Kollaborateure verherrlicht und selbst Ostereier mit Nazisymbolen dekoriert.<\/p>\n<p>Die Saat, die die Vereinigten Staaten aus der zusammenbrechenden Naziherrschaft retteten, ist aufgegangen. Deutschland liefert Waffen an das ukrainische Regime. Und diese Waffen werden so eingesetzt, wie man es von Kiew erwarten konnte. Deutschland lieferte unter anderem Himars-Raketenwerfer. Vor wenigen Tagen, in der Nacht des orthodoxen Osterfests, wurde einer dieser Raketenwerfer auf die Kathedrale von Donezk gerichtet. Weit und breit kein milit\u00e4risches Ziel. Eine Schwangere kam durch diesen Beschuss ums Leben, mehrere Menschen wurden schwer verletzt, mitten in der Osterandacht.<\/p>\n<p>Auch deutsche Minen wurden bereits in der Stadt gefunden. Alles, was in die Ukraine geschickt wird, dient dem Terror gegen die Zivilbev\u00f6lkerung im Donbass.<\/p>\n<p>Ich war gerade im September dort und ich bin gerade vor Ort, ich kann das bezeugen.<\/p>\n<p>Dieser Terror, dieser verschwiegen achtj\u00e4hrige Krieg ist den ukrainischen Truppen so wichtig, dass der Ort, aus dem Donezk beschossen wird, einer der am schwersten befestigten Orte in der ganzen Ukraine ist. Das wird in Deutschland nat\u00fcrlich nicht erz\u00e4hlt. Aber die Menschen im Donbass wissen, sie wissen es seit 2014, dass mit all dem Gerede \u00fcber die territoriale Integrit\u00e4t der Ukraine, die so wichtig war, dass das Minsker Abkommen nur ein Betrugsman\u00f6ver sein konnte, niemals sie gemeint waren, die Menschen, sondern immer nur der Grund und Boden, auf dem sie leben. Das hat ihnen der t\u00e4gliche Beschuss immer wieder bewiesen.<\/p>\n<p>Ich m\u00f6chte noch einmal an die Minsker Abkommen erinnern. Das waren nicht einfach unterschriebene St\u00fccke Papier; diese Abkommen wurden vom UN-Sicherheitsrat beschlossen, und das hei\u00dft, die beiden westlichen Garantiem\u00e4chte Deutschland und Frankreich hatten die v\u00f6lkerrechtliche Verpflichtung, diese Abkommen umzusetzen. Wir wissen heute, dass weder Deutschland noch Frankreich auch nur einen Handschlag unternahmen, um diesen m\u00f6glichen Weg zum Frieden in der Ukraine zu nutzen; wir wissen das aus den Aussagen von Francois Hollande und Angela Merkel, die beide zugegeben haben, sie wollten der Ukraine nur Zeit zur Aufr\u00fcstung verschaffen. Wir wissen aus dem Mund eines US-Generals, dass die USA w\u00e4hrenddessen in der Ukraine Munitionsdepots anlegten und den Angriff auf den Donbass planten. Es ist alles eingestanden, und dennoch wird in Deutschland immer noch so getan, als sei da im Februar vergangenen Jahres pl\u00f6tzlich aus dem Nichts ein Konflikt ausgebrochen.<\/p>\n<p>Aber der Blick von au\u00dfen erm\u00f6glicht es nicht nur, besser zu erkennen, wer wen angreift und wer was verteidigt. Er l\u00e4sst auch erkennen, was in der Welt geschieht, und das ist gro\u00df. Auch dar\u00fcber wird gern geschwiegen, oder es werden Geschichten gestrickt, wie heldenhaft unsere Au\u00dfenministerin \u00fcberall f\u00fcr Werte eintritt, wenn sie in Wirklichkeit nur von einem Land nach dem anderen fordert, die Seite der Vereinigten Staaten gegen Russland zu w\u00e4hlen. Sie hat wenig Erfolg damit.<\/p>\n<p>Warum? Weil die Menschen in den meisten L\u00e4ndern nicht nur erkennen, wie wenig Bedeutung die Stimme eines Landes hat, das sich von seinem engsten Verb\u00fcndeten die Energieversorgung wegbomben l\u00e4sst; sie erkennen auch, dass es dem Westen vor allem darum geht, die koloniale Ordnung zu erhalten. Diesen Zustand st\u00e4ndigen Unfriedens, in dem der Westen nach Belieben Regierungen st\u00fcrzt und Kriege entfacht, um seine Interessen zu sichern.<\/p>\n<p>Dieser Zustand kommt gerade an sein Ende. Und das geschieht so schnell, dass man fast meint, jenen Fr\u00fchlingstag des Jahres 1945 schon riechen zu k\u00f6nnen. Im Jemen ist pl\u00f6tzlich Frieden ausgebrochen, nachdem der Iran und Saudi-Arabien wieder miteinander reden. Nachdem das kleine Land jahrelang unter der brutalsten Blockade der Welt litt und Zehntausende an Hunger starben, mit dem Segen der USA.<\/p>\n<p>Syrien und die T\u00fcrkei verhandeln. Der saudische Au\u00dfenminister fliegt nach Damaskus. Das sind die ersten kleinen Nebenwirkungen einer Entwicklung, die gerade die US-amerikanische Macht beendet. Eine Macht, die damals, im April 1945, erst begann, die den Weltfrieden sabotierte, der die Sehnsucht der Menschen war, und die jetzt gerade ihre M\u00f6glichkeit verliert, es weiter zu tun.<\/p>\n<p>Ja, wenn man heute vom Wunsch nach Frieden spricht, sollte man diesen Wunsch nicht zu klein werden lassen.<\/p>\n<p>Die M\u00e4nner, die sich damals dort begegneten, wo ihr heute steht, die miteinander den nahen Sieg feierten, wussten, dass der Nazismus besiegt werden musste, damit Frieden m\u00f6glich war, und sie hofften, dass dieser Frieden der gro\u00dfe, wahre, umfassende Friede zwischen den V\u00f6lkern w\u00fcrde. Damals wurde die Hoffnung nicht wahr. Einer der Gr\u00fcnde daf\u00fcr ist, dass der Nazismus der Zwilling des Kolonialismus ist, und er immer wieder auferstehen kann, solange einige L\u00e4nder \u00fcber alle anderen herrschen.<\/p>\n<p>Aber heute kann man, muss man diese Hoffnung hegen, denn die Brandstifter, denen wir in den letzten Jahrzehnten so viele Kriege zu verdanken haben, die USA und die NATO, sie verlieren gerade. Nicht nur in der Ukraine; sie verlieren in Lateinamerika, in Afrika und in Asien. Sie verlieren, weil ganze Kontinente sich aus der Umklammerung l\u00f6sen, sich vom Dollar abwenden und neue Verbindungen untereinander pflegen, zwischen Gleichen. Sie verlieren, weil sie nur noch mehr Armut, mehr Unterdr\u00fcckung, mehr Elend zu bieten haben.<\/p>\n<p>Und auch f\u00fcr uns hier gilt der Satz aus dem Solidarit\u00e4tslied, der gerade rund um die Welt \u2013 zum gro\u00dfen Entsetzen der Frau Baerbock \u2013 Wirklichkeit wird: \u201ereden erst die V\u00f6lker selber, werden sie schnell einig sein.\u201c K\u00f6nnten wir selbst reden, selbst entscheiden, w\u00fcrden wir dann mit der Ukraine einen Krieg gegen Russland f\u00fchren? Ich denke nicht. W\u00fcrden wir eine Gesellschaft w\u00e4hlen, in der sich einzig die Interessen der Milliard\u00e4re durchsetzen? Nein, das w\u00fcrden wir nicht.<\/p>\n<p>Wenn erz\u00e4hlt wird, der Westen m\u00fcsse seine Werte verteidigen, gegen Russland und gegen China und Woche f\u00fcr Woche weitere L\u00e4nder, dann ist dieses Wort nur halb gelogen. Werte, ja. Werte, die an B\u00f6rsen notiert werden, in Immobilienfonds stecken, in Investmentfirmen und Versicherungen. Werte, die wir mit geschaffen haben, die uns aber nicht geh\u00f6ren, und f\u00fcr deren Wachstum auch unsere Mieten steigen und unsere L\u00f6hne sinken. Dieser Westen, er steht auch gegen uns. Nicht wir gewinnen, wenn er sich durchsetzt.<\/p>\n<p>Wir Deutschen m\u00fcssen, wie damals in jenem April 1945, erst wieder dahin kommen, selbst zu reden. Unsere Stimme h\u00f6rbar zu machen. Wir m\u00fcssen das Geraune von der transatlantischen Treue durchbrechen und unsere eigenen W\u00fcnsche und Interessen formulieren. Die nach wie vor lauten:<\/p>\n<p>Raus aus der NATO! Frieden mit Russland und China!<\/p>\n<p>Dann haben wir eine Chance, ein Teil dieser neuen Welt zu werden, in der die V\u00f6lker im Frieden leben und der Wunsch der sowjetischen und amerikanischen Soldaten, die sich in Torgau damals die H\u00e4nde reichten, endlich wahr wird.<\/p>\n<p>Liane Kilinc, 22.04.2023<\/p>\n<p style=\"text-align: right;\"><em>Liane Kilinc ist Vorsitzende des Vereins \u201eFriedensbr\u00fccke-Kriegsopferhilfe e.V.\u201c und Mitglied des Deutschen Freidenker-Verbandes<\/em><\/p>\n<hr \/>\n<p><span style=\"font-size: 10pt;\">Nachtrag 07.05.2023<\/span><\/p>\n<h4>Video<\/h4>\n<p>F\u00fcr <a href=\"https:\/\/weltnetz.tv\/video\/2882-die-hauptrede-zum-78-jahrestag-der-begegnung\" target=\"_blank\" rel=\"noopener\">weltnetz.tv<\/a> hat Liane Kilinc ihre Rede auch vor dem Ernst-Th\u00e4lmann-Denkmal in Telmanowe (Donezk), gehalten.<\/p>\n<div class=\"jetpack-video-wrapper\"><span class=\"embed-youtube\" style=\"text-align:center; display: block;\"><iframe loading=\"lazy\" class=\"youtube-player\" width=\"800\" height=\"450\" src=\"https:\/\/www.youtube.com\/embed\/1xpqVrKxM2Y?version=3&#038;rel=1&#038;showsearch=0&#038;showinfo=1&#038;iv_load_policy=1&#038;fs=1&#038;hl=de-DE&#038;autohide=2&#038;wmode=transparent\" allowfullscreen=\"true\" style=\"border:0;\" sandbox=\"allow-scripts allow-same-origin allow-popups allow-presentation allow-popups-to-escape-sandbox\"><\/iframe><\/span><\/div>\n<p><span style=\"font-size: 10pt;\">Direktlink zum Video von <a href=\"https:\/\/weltnetz.tv\/video\/2882-die-hauptrede-zum-78-jahrestag-der-begegnung\" target=\"_blank\" rel=\"noopener\">weltnetz.tv<\/a> auf YouTube: <a href=\"https:\/\/www.youtube.com\/watch?v=1xpqVrKxM2Y\" target=\"_blank\" rel=\"noopener\">https:\/\/www.youtube.com\/watch?v=1xpqVrKxM2Y<\/a><\/span><\/p>\n<hr \/>\n<p><span style=\"font-size: 10pt;\">Bild oben: Gedenktafel &#8222;Geist der Elbe&#8220; in Torgau<\/span><br \/>\n<span style=\"font-size: 10pt;\">Foto: RudolfSimon, <a href=\"https:\/\/creativecommons.org\/licenses\/by-sa\/3.0\" target=\"_blank\" rel=\"noopener\">CC BY-SA 3.0<\/a><\/span><br \/>\n<span style=\"font-size: 10pt;\">Quelle: <a href=\"https:\/\/commons.wikimedia.org\/w\/index.php?curid=52487504\" target=\"_blank\" rel=\"noopener\">https:\/\/commons.wikimedia.org\/w\/index.php?curid=52487504<\/a><\/span><\/p>\n","protected":false},"excerpt":{"rendered":"<p><b>Beitrag von Liane Kilinc<\/b><br \/>\nIch schreibe dieses Jahr aus der Ferne zu euch, aus Russland. Und auch, wenn ich es bedauere, nicht bei euch sein zu k\u00f6nnen, ist es gut, dass ich manche Dinge von au\u00dfen betrachten kann. Denn sehr vieles sieht dort anders aus, f\u00fcr die 85 Prozent der Menschheit, die nicht Teil des Westens sind. Als sich damals, 1945, die sowjetischen und die amerikanischen Soldaten begegneten, einte sie eine Sehnsucht nach einer Welt des Friedens, die sie sich erhofften. Eine Welt, in der f\u00fcr den niedergerungenen Nazismus kein Platz mehr ist. Eine Welt, die die V\u00f6lker in Frieden miteinander teilen. Wir alle wissen, dass diese Sehnsucht nach Frieden schon sehr bald von der Regierung der Vereinigten Staaten verraten wurde.<\/p>\n","protected":false},"author":3,"featured_media":15855,"comment_status":"closed","ping_status":"closed","sticky":false,"template":"","format":"standard","meta":{"colormag_page_container_layout":"default_layout","colormag_page_sidebar_layout":"default_layout","advanced_seo_description":"","jetpack_seo_html_title":"","jetpack_seo_noindex":false,"jetpack_post_was_ever_published":false,"footnotes":""},"categories":[13],"tags":[648,335,924,1155,925,431,222,430,687,1774,185],"class_list":["post-15854","post","type-post","status-publish","format-standard","has-post-thumbnail","hentry","category-frieden-antifaschismus-solidaritaet","tag-2-weltkrieg","tag-frieden","tag-gedenken","tag-hegemonie","tag-kundgebung","tag-rote-armee","tag-russland","tag-sowjetunion","tag-tag-der-befreiung","tag-torgau","tag-usa"],"jetpack_featured_media_url":"https:\/\/i0.wp.com\/www.freidenker.org\/fw17\/wp-content\/uploads\/2023\/04\/Geist_der_Elbe_Torgau_800x450.jpg?fit=800%2C450&ssl=1","jetpack_shortlink":"https:\/\/wp.me\/p9stpK-47I","jetpack-related-posts":[{"id":10043,"url":"https:\/\/www.freidenker.org\/?p=10043","url_meta":{"origin":15854,"position":0},"title":"Elbe-Tag in Torgau 2021: Notbremse gegen Kriegstreiber!","author":"Webredaktion","date":"25. April 2021","format":false,"excerpt":"Mehr als 250 Friedensaktivistinnen und -aktivisten, darunter viele Freidenker, versammelten sich am 24. April 2021 in Torgau. 76 Jahre nach der Begegnung von Soldaten der Roten Armee und der US-Army am 25. April 1945 an der Elbe erinnerten sie an den \"Schwur von Torgau\u201c, f\u00fcr eine Welt des Friedens zu\u2026","rel":"","context":"In &quot;Frieden - Antifaschismus - Solidarit\u00e4t&quot;","block_context":{"text":"Frieden - Antifaschismus - Solidarit\u00e4t","link":"https:\/\/www.freidenker.org\/?cat=13"},"img":{"alt_text":"","src":"https:\/\/i0.wp.com\/www.freidenker.org\/fw17\/wp-content\/uploads\/2021\/04\/torgau_2021_v2_800x450.jpg?fit=800%2C450&ssl=1&resize=350%2C200","width":350,"height":200,"srcset":"https:\/\/i0.wp.com\/www.freidenker.org\/fw17\/wp-content\/uploads\/2021\/04\/torgau_2021_v2_800x450.jpg?fit=800%2C450&ssl=1&resize=350%2C200 1x, https:\/\/i0.wp.com\/www.freidenker.org\/fw17\/wp-content\/uploads\/2021\/04\/torgau_2021_v2_800x450.jpg?fit=800%2C450&ssl=1&resize=525%2C300 1.5x, https:\/\/i0.wp.com\/www.freidenker.org\/fw17\/wp-content\/uploads\/2021\/04\/torgau_2021_v2_800x450.jpg?fit=800%2C450&ssl=1&resize=700%2C400 2x"},"classes":[]},{"id":8743,"url":"https:\/\/www.freidenker.org\/?p=8743","url_meta":{"origin":15854,"position":1},"title":"Gedenken zum 75. Jahrestag des Elbe Day in Torgau","author":"Webredaktion","date":"6. Oktober 2020","format":false,"excerpt":"Am 25. April 1945 trafen sich in Torgau an der Elbe US-amerikanische und sowjetische Soldaten \u2013 ein Symbol f\u00fcr den milit\u00e4rischen Sieg der Streitkr\u00e4fte der Antihitlerkoalition \u00fcber den deutschen Faschismus. Die Soldaten der beiden Armeen versicherten sich, f\u00fcr die \u00c4chtung des Krieges und V\u00f6lkerfreundschaft einzutreten. Am 3. Oktober 2020 \u2013\u2026","rel":"","context":"In &quot;Frieden - Antifaschismus - Solidarit\u00e4t&quot;","block_context":{"text":"Frieden - Antifaschismus - Solidarit\u00e4t","link":"https:\/\/www.freidenker.org\/?cat=13"},"img":{"alt_text":"","src":"https:\/\/i0.wp.com\/www.freidenker.org\/fw17\/wp-content\/uploads\/2020\/10\/torgau_09_bea_800x450.jpg?fit=800%2C450&ssl=1&resize=350%2C200","width":350,"height":200,"srcset":"https:\/\/i0.wp.com\/www.freidenker.org\/fw17\/wp-content\/uploads\/2020\/10\/torgau_09_bea_800x450.jpg?fit=800%2C450&ssl=1&resize=350%2C200 1x, https:\/\/i0.wp.com\/www.freidenker.org\/fw17\/wp-content\/uploads\/2020\/10\/torgau_09_bea_800x450.jpg?fit=800%2C450&ssl=1&resize=525%2C300 1.5x, https:\/\/i0.wp.com\/www.freidenker.org\/fw17\/wp-content\/uploads\/2020\/10\/torgau_09_bea_800x450.jpg?fit=800%2C450&ssl=1&resize=700%2C400 2x"},"classes":[]},{"id":12953,"url":"https:\/\/www.freidenker.org\/?p=12953","url_meta":{"origin":15854,"position":2},"title":"Elbe-Tag 2022 in Torgau","author":"Webredaktion","date":"8. Mai 2022","format":false,"excerpt":"Bericht von Klaus Hartmann und Rede von Liane Kilinc Zur j\u00e4hrlichen Erinnerung an die Begegnung sowjetischer und US-amerikanischer Truppen am 25.April 1945 fand am 23.04.2022 eine gro\u00dfe Friedensdemonstration statt, am 25.04.2022 folgte die Kranzniederlegung am Torgauer Denkmal der Begegnung. Der Deutsche Freidenker-Verband hatte ebenfalls zur Teilnahme aufgerufen. ... Leider hatten\u2026","rel":"","context":"In &quot;Frieden - Antifaschismus - Solidarit\u00e4t&quot;","block_context":{"text":"Frieden - Antifaschismus - Solidarit\u00e4t","link":"https:\/\/www.freidenker.org\/?cat=13"},"img":{"alt_text":"","src":"https:\/\/i0.wp.com\/www.freidenker.org\/fw17\/wp-content\/uploads\/2022\/05\/Torgau_2022_152815_800x450.jpg?fit=800%2C450&ssl=1&resize=350%2C200","width":350,"height":200,"srcset":"https:\/\/i0.wp.com\/www.freidenker.org\/fw17\/wp-content\/uploads\/2022\/05\/Torgau_2022_152815_800x450.jpg?fit=800%2C450&ssl=1&resize=350%2C200 1x, https:\/\/i0.wp.com\/www.freidenker.org\/fw17\/wp-content\/uploads\/2022\/05\/Torgau_2022_152815_800x450.jpg?fit=800%2C450&ssl=1&resize=525%2C300 1.5x, https:\/\/i0.wp.com\/www.freidenker.org\/fw17\/wp-content\/uploads\/2022\/05\/Torgau_2022_152815_800x450.jpg?fit=800%2C450&ssl=1&resize=700%2C400 2x"},"classes":[]},{"id":21305,"url":"https:\/\/www.freidenker.org\/?p=21305","url_meta":{"origin":15854,"position":3},"title":"Elbe-Tag: 80. Jahrestag der Begegnung","author":"Webredaktion","date":"30. M\u00e4rz 2025","format":false,"excerpt":"Demonstration am 26. April 2025 11:30 Uhr Br\u00fcckenkopf Torgau (anschl. 14:30 Uhr - Konzert mit Tino Eisbrenner und Ernesto Schwarz) Kein Ort an der Elbe \u2013 von Hamburg bis Dresden \u2013 hat mit seiner Symbolik am \u00a0Ende des faschistischen Krieges eine bis heute andauernde Aussagekraft und Wahrheit erlangt, die in\u2026","rel":"","context":"In &quot;Frieden - Antifaschismus - Solidarit\u00e4t&quot;","block_context":{"text":"Frieden - Antifaschismus - Solidarit\u00e4t","link":"https:\/\/www.freidenker.org\/?cat=13"},"img":{"alt_text":"","src":"https:\/\/i0.wp.com\/www.freidenker.org\/fw17\/wp-content\/uploads\/2025\/03\/Elbe-Tag_2025_800x450.jpg?fit=800%2C450&ssl=1&resize=350%2C200","width":350,"height":200,"srcset":"https:\/\/i0.wp.com\/www.freidenker.org\/fw17\/wp-content\/uploads\/2025\/03\/Elbe-Tag_2025_800x450.jpg?fit=800%2C450&ssl=1&resize=350%2C200 1x, https:\/\/i0.wp.com\/www.freidenker.org\/fw17\/wp-content\/uploads\/2025\/03\/Elbe-Tag_2025_800x450.jpg?fit=800%2C450&ssl=1&resize=525%2C300 1.5x, https:\/\/i0.wp.com\/www.freidenker.org\/fw17\/wp-content\/uploads\/2025\/03\/Elbe-Tag_2025_800x450.jpg?fit=800%2C450&ssl=1&resize=700%2C400 2x"},"classes":[]},{"id":21679,"url":"https:\/\/www.freidenker.org\/?p=21679","url_meta":{"origin":15854,"position":4},"title":"80 Jahre Begegnung an der Elbe","author":"Webredaktion","date":"5. Mai 2025","format":false,"excerpt":"Beitrag von Klaus Hartmann Stadt Torgau gestaltet einen Tag der W\u00fcrdelosigkeit - Am historischen Jahrestag des Zusammentreffens von Soldaten der Roten Armee und der US-Armee hat die Stadt Torgau auch 2025 zum Gedenken am Begegnungs-Denkmal geladen. Der \u201eElbe-Tag\u201c hei\u00dft inzwischen \u201eElbe Day\u201c, und auf gro\u00dffl\u00e4chigen Plakaten warb die Stadt: \u201eSchafft\u2026","rel":"","context":"In &quot;Frieden - Antifaschismus - Solidarit\u00e4t&quot;","block_context":{"text":"Frieden - Antifaschismus - Solidarit\u00e4t","link":"https:\/\/www.freidenker.org\/?cat=13"},"img":{"alt_text":"","src":"https:\/\/i0.wp.com\/www.freidenker.org\/fw17\/wp-content\/uploads\/2025\/05\/Torgau-2025_800x450.jpg?fit=800%2C450&ssl=1&resize=350%2C200","width":350,"height":200,"srcset":"https:\/\/i0.wp.com\/www.freidenker.org\/fw17\/wp-content\/uploads\/2025\/05\/Torgau-2025_800x450.jpg?fit=800%2C450&ssl=1&resize=350%2C200 1x, https:\/\/i0.wp.com\/www.freidenker.org\/fw17\/wp-content\/uploads\/2025\/05\/Torgau-2025_800x450.jpg?fit=800%2C450&ssl=1&resize=525%2C300 1.5x, https:\/\/i0.wp.com\/www.freidenker.org\/fw17\/wp-content\/uploads\/2025\/05\/Torgau-2025_800x450.jpg?fit=800%2C450&ssl=1&resize=700%2C400 2x"},"classes":[]},{"id":15864,"url":"https:\/\/www.freidenker.org\/?p=15864","url_meta":{"origin":15854,"position":5},"title":"Torgau: Friedensdemonstration &#038; Kundgebung am 22. April 2023","author":"Webredaktion","date":"26. April 2023","format":false,"excerpt":"Beitrag der Webredaktion Zum Tag der Begegnung der sowjetischen und US-amerikanischen Truppen, der sich dieses Jahr zum 78. Mal j\u00e4hrte, fand in Torgau wieder die traditionelle Demonstration statt, zu der auch der Deutsche Freidenker-Verband aufgerufen hatte. Die Forderungen nach Frieden mit Russland und einem NATO-Austritt Deutschlands beherrschten die Veranstaltung. Zur\u2026","rel":"","context":"In &quot;Frieden - Antifaschismus - Solidarit\u00e4t&quot;","block_context":{"text":"Frieden - Antifaschismus - Solidarit\u00e4t","link":"https:\/\/www.freidenker.org\/?cat=13"},"img":{"alt_text":"","src":"https:\/\/i0.wp.com\/www.freidenker.org\/fw17\/wp-content\/uploads\/2023\/04\/Torgau_2023_WA0011_800x450.jpg?fit=797%2C450&ssl=1&resize=350%2C200","width":350,"height":200,"srcset":"https:\/\/i0.wp.com\/www.freidenker.org\/fw17\/wp-content\/uploads\/2023\/04\/Torgau_2023_WA0011_800x450.jpg?fit=797%2C450&ssl=1&resize=350%2C200 1x, https:\/\/i0.wp.com\/www.freidenker.org\/fw17\/wp-content\/uploads\/2023\/04\/Torgau_2023_WA0011_800x450.jpg?fit=797%2C450&ssl=1&resize=525%2C300 1.5x, https:\/\/i0.wp.com\/www.freidenker.org\/fw17\/wp-content\/uploads\/2023\/04\/Torgau_2023_WA0011_800x450.jpg?fit=797%2C450&ssl=1&resize=700%2C400 2x"},"classes":[]}],"_links":{"self":[{"href":"https:\/\/www.freidenker.org\/index.php?rest_route=\/wp\/v2\/posts\/15854","targetHints":{"allow":["GET"]}}],"collection":[{"href":"https:\/\/www.freidenker.org\/index.php?rest_route=\/wp\/v2\/posts"}],"about":[{"href":"https:\/\/www.freidenker.org\/index.php?rest_route=\/wp\/v2\/types\/post"}],"author":[{"embeddable":true,"href":"https:\/\/www.freidenker.org\/index.php?rest_route=\/wp\/v2\/users\/3"}],"replies":[{"embeddable":true,"href":"https:\/\/www.freidenker.org\/index.php?rest_route=%2Fwp%2Fv2%2Fcomments&post=15854"}],"version-history":[{"count":0,"href":"https:\/\/www.freidenker.org\/index.php?rest_route=\/wp\/v2\/posts\/15854\/revisions"}],"wp:featuredmedia":[{"embeddable":true,"href":"https:\/\/www.freidenker.org\/index.php?rest_route=\/wp\/v2\/media\/15855"}],"wp:attachment":[{"href":"https:\/\/www.freidenker.org\/index.php?rest_route=%2Fwp%2Fv2%2Fmedia&parent=15854"}],"wp:term":[{"taxonomy":"category","embeddable":true,"href":"https:\/\/www.freidenker.org\/index.php?rest_route=%2Fwp%2Fv2%2Fcategories&post=15854"},{"taxonomy":"post_tag","embeddable":true,"href":"https:\/\/www.freidenker.org\/index.php?rest_route=%2Fwp%2Fv2%2Ftags&post=15854"}],"curies":[{"name":"wp","href":"https:\/\/api.w.org\/{rel}","templated":true}]}}