{"id":15845,"date":"2023-04-22T22:48:44","date_gmt":"2023-04-22T20:48:44","guid":{"rendered":"https:\/\/www.freidenker.org\/?p=15845"},"modified":"2023-05-07T23:25:14","modified_gmt":"2023-05-07T21:25:14","slug":"treffen-der-g7-aussenminister-der-berg-kreisste","status":"publish","type":"post","link":"https:\/\/www.freidenker.org\/?p=15845","title":{"rendered":"Treffen der G7-Au\u00dfenminister: Der Berg krei\u00dfte"},"content":{"rendered":"<p><strong>Das war einmal ein bedeutendes Treffen. Da sa\u00dfen sie beieinander und bestimmten, welche L\u00e4nder sie zerst\u00f6ren wollten, welche Regierungen zu st\u00fcrzen seien, und die Welt f\u00fcrchtete sich. Aber kaum etwas ist l\u00e4cherlicher als Rituale vergangener Macht. <\/strong><\/p>\n<p><em>Von <strong>Dagmar Henn<\/strong><\/em><\/p>\n<p><span style=\"font-size: 10pt;\">Erstver\u00f6ffentlichung am 19.04.2022 auf <a href=\"https:\/\/gegenzensur.rtde.life\/meinung\/167999-treffen-g7-aussenminister-berg-kreisste\/\" target=\"_blank\" rel=\"noopener\">RT DE<\/a><\/span><\/p>\n<p>Die Au\u00dfenminister der G7 treffen sich in Japan und <a href=\"https:\/\/www.diplomatie.gouv.fr\/en\/french-foreign-policy\/global-challenges\/news\/article\/g7-japan-2023-foreign-ministers-communique-april-18-2023\" target=\"_blank\" rel=\"noopener noreferrer\">g\u00f6nnten<\/a> sich eine lange Erkl\u00e4rung. Eine Erkl\u00e4rung, die belegt, dass die Ver\u00e4nderungen des letzten Jahres in dieser Gruppe noch nicht angekommen sind. Die G7 sind nicht mehr der Nabel der Welt und schon l\u00e4ngst nicht mehr die Staatengruppe, die allen anderen vorschreiben kann, wie sie sich zu verhalten haben.<\/p>\n<p>Das Ministerium von Bundesau\u00dfenministerin Annalena Baerbock hat die Erkl\u00e4rung bisher nicht einmal ver\u00f6ffentlicht; es hinkt der Wirklichkeit noch um zwei Tage hinterher, die neueste Meldung betrifft den Aufbruch der Ministerin nach China. Aber das franz\u00f6sische Au\u00dfenministerium ist so freundlich, den offiziellen Text der Erkl\u00e4rung komplett und sogar auf Englisch zu ver\u00f6ffentlichen. Nicht, dass die Lekt\u00fcre Vergn\u00fcgen bereitet; es ist ein z\u00e4hes und langes Dokument, das vor allem betonen will, man sei f\u00fcr alles zust\u00e4ndig und habe jedermann Ratschl\u00e4ge oder Ermahnungen zu erteilen.<\/p>\n<p>&#8222;Wir, die G7-Au\u00dfenminister aus Kanada, Frankreich, Deutschland, Italien, Japan, dem Vereinigten K\u00f6nigreich und den Vereinigten Staaten von Amerika, und der Hohe Vertreter der Europ\u00e4ischen Union, unterstreichen unser starkes Gef\u00fchl der Einheit, w\u00e4hrend die Welt sich durch ernste Bedrohungen des internationalen Systems bewegt, einschlie\u00dflich Russlands fortgesetzten Aggressionskrieg gegen die Ukraine.&#8220; Getragen und fundamental unehrlich seitens der Vertreter jener Gruppe von Staaten, die der Welt mit ihren Sanktionsorgien einen guten Teil besagter Bedrohung geschenkt haben, von der Vorgeschichte in der Ukraine ganz zu schweigen. &#8222;Wir werden weiter mit unseren Partnern arbeiten, um offene, transparente, resiliente und nachhaltige Gesellschaften zu f\u00f6rdern, die f\u00fcr Menschenrechte, Gerechtigkeit und W\u00fcrde eintreten und sich um die N\u00f6te der Verwundbarsten k\u00fcmmern.&#8220;<\/p>\n<p>Und schon geht es zum Thema Ukraine: &#8222;Russland muss alle Truppen und Ausr\u00fcstung sofort und bedingungslos aus der Ukraine abziehen.&#8220; Irgendwann, eines sch\u00f6nen Tages, begreifen sie vielleicht, dass man Suppen, die man sich einbrockt, auch ausl\u00f6ffeln muss, und dass der fundamentale Nachteil, wenn man sich angebotenen Verhandlungsl\u00f6sungen verweigert, darin besteht, dass Kriege auf dem Schlachtfeld entschieden werden, auf dem der ganze Trupp der G7 nicht viel zu bieten hat. Daran w\u00fcrden auch weitere zehn Sanktionspakete nichts \u00e4ndern.<\/p>\n<p>Aber Einsicht ist nicht zu erwarten. Ganz im Gegenteil, \u2013 man versucht, selbstverst\u00e4ndlich unter Umgehung der eigenen Beteiligung, v\u00f6llig neue Vorstellungen zu verbreiten: &#8222;Jede L\u00f6sung des Konflikts muss sicherstellen, dass Russland f\u00fcr den Schaden zahlt, den es verursacht hat.&#8220;<\/p>\n<p>Sie haben Humor, diese Au\u00dfenminister. Mal abgesehen von der Illusion, dass die Verlierer den Siegern Lasten auferlegen k\u00f6nnen \u2013 haben sie, ehe sie diese niedlichen S\u00e4tze schrieben, einmal nachgedacht, wie die Rechnung f\u00fcr die Vereinigten Staaten auss\u00e4he? Lassen wir mal die ganzen neueren Ruinenfelder beiseite, nehmen wir nur den Vietnamkrieg, der immerhin schon fast vierzig Jahre vor\u00fcber ist. Da reden wir von einem gigantischen Kriegsverbrechen, der gezielten Vergiftung Hunderttausender Menschen durch das Entlaubungsmittel Agent Orange \u2013 &#8222;Es\u00a0darf keine Straflosigkeit f\u00fcr Kriegsverbrechen und andere Gr\u00e4ueltaten geben (&#8230;)&#8220;?<\/p>\n<p>Nun denn, liebe G7, die vietnamesische Regierung ist sicher gerne bereit, eine vorl\u00e4ufige Rechnung aufzumachen; die Vereinigten Staaten k\u00f6nnten sofort ihre Hingabe f\u00fcr die Etablierung dieser neuen Regel beweisen, indem sie ein paar, sagen wir mal, Billionen US-Dollar, auf den Tisch legen. Danach k\u00f6nnte man sich langsam die Liste weiter voranrobben. Nicaragua w\u00fcrde sich sicher ebenfalls \u00fcber eine entsprechende Leistung freuen. Leider waren die USA so aktiv in diesem Gesch\u00e4ft, dass sie nie auch nur in die N\u00e4he von Afghanistan oder Syrien k\u00e4men, ehe sie bankrott sind. Aber das sollte es doch wert sein, wenn man danach mit dem Finger auf Russland zeigen kann, ohne sich v\u00f6llig l\u00e4cherlich zu machen.<\/p>\n<blockquote><p><em>&#8222;Russlands Gebrauch von Nahrung und Energieressourcen als Waffe hat wirtschaftliche Verwundbarkeiten verst\u00e4rkt, bereits ernste humanit\u00e4re Krisen verschlimmert und die globale Nahrungs- und Energieunsicherheit eskaliert. Wir werden weiter Hilfe leisten, einschlie\u00dflich Nahrungsmittelhilfe, um den betroffenen L\u00e4ndern und Bev\u00f6lkerungen zu helfen.&#8220;<\/em><\/p><\/blockquote>\n<p>Das klingt definitiv danach, dass der UNCTAD-Bericht, nach dem die H\u00e4lfte der Nahrungspreisinflation auf Spekulation zur\u00fcckgeht, in diesen Kreisen nicht gelesen wurde. Aber sie nehmen ja nicht einmal ihre eigenen Sanktionen wahr, die ganz besonders zur Energieunsicherheit beigetragen haben. Nun, es sind eben die G7. Ein Haufen unbelehrbarer Kolonialm\u00e4chte, die, ganz nebenbei, ihre tats\u00e4chlichen Lebensmittelhilfen im vergangenen Jahr heruntergefahren haben. Der Krieg in der Ukraine will schlie\u00dflich bezahlt sein.<\/p>\n<p>Freier und offener Indopazifik, das ist die erforderliche Camouflage des allgemein Guten und Sch\u00f6nen f\u00fcr die Einmischung in einer Weltgegend, die von der ganzen G7-Truppe allerh\u00f6chstens Japan etwas anginge. Die Staaten in dieser Gegend sind weder klein noch derart unterentwickelt, dass sie unbedingt die G7 br\u00e4uchten, um ihnen eine Richtung vorzugeben. Indien, Malaysia, Indonesien &#8230;<\/p>\n<p>China? &#8222;Wir wiederholen unseren Aufruf an China, als verantwortliches Mitglied der internationalen Gemeinschaft zu handeln.&#8220; Da ist wieder dieses Wort, mit dem sie immer so tun, als w\u00e4ren sie die Welt. Die internationale Gemeinschaft. Nein, China wird sich von diesen 15 Prozent der Welt nicht vorgeben lassen, was es darf und was nicht. &#8222;Wir stellen uns deutlich gegen jeden einseitigen Versuch, den Status quo durch Gewalt oder Zwang zu \u00e4ndern.&#8220; Jahrzehntelang gab es eine langsame, friedliche Entwicklung einer Ann\u00e4herung zwischen Taiwan und der Volksrepublik, bis der Westen entdeckte, China &#8222;einhegen&#8220; zu m\u00fcssen, und anfing, in Taiwan &#8222;Unabh\u00e4ngigkeitsbestrebungen&#8220; zu f\u00f6rdern. &#8222;Wir betonen erneut die Bedeutung von Frieden und Stabilit\u00e4t in der Stra\u00dfe von Taiwan als unverzichtbares Element von Sicherheit und Wohlstand in der internationalen Gemeinschaft und rufen zur friedlichen L\u00f6sung von Fragen \u00fcber diese Stra\u00dfe hinweg auf.&#8220;<\/p>\n<p>Weiter geht es. Die Liste der L\u00e4nder, die ermahnt und ger\u00fcgt werden, h\u00e4tte man vorab blind verfassen k\u00f6nnen. Nordkorea. Myanmar. Afghanistan. Iran. Jemen wird erw\u00e4hnt, aber das Thema wurde ganz ohne die G7 gel\u00f6st, so wie Syrien ebenfalls; trotzdem wird noch einmal betont, wie gerne man sich einmischen w\u00fcrde. Und dann g\u00f6nnt man sich eine ordentliche Portion Zynismus: &#8222;Wir stehen solidarisch mit den V\u00f6lkern der T\u00fcrkei und Syriens, die von den schrecklichen Erdbeben im Februar betroffen sind und planen, unsere Unterst\u00fctzung bei der Bew\u00e4ltigung der Folgen fortzusetzen.&#8220; Sagen die Au\u00dfenminister jener L\u00e4nder, die sich weigerten, die Sanktionen gegen Syrien wegen des Erdbebens auch nur vor\u00fcbergehend auszusetzen. Nun, es sind eben die G7.<\/p>\n<p>Zentralasien? Alles gegen Russland. G7-Afrika-Partnerschaft? Die b\u00f6sen Wagner-Truppen &#8230; Lateinamerika und Karibik? Venezuela ist nat\u00fcrlich nach wie vor b\u00f6se, nur Juan Guaid\u00f3 hat man unterwegs irgendwann verloren. Haiti will man gern weiter ruinieren. Und in Nicaragua wird die Zivilgesellschaft unterdr\u00fcckt.<\/p>\n<p>Die Pl\u00e4ne, die Regeln des UN-Sicherheitsrats zu \u00e4ndern, werden weiter verfolgt. Und China soll nat\u00fcrlich sein Nukleararsenal nicht modernisieren. Alles wie gehabt; es ist eine \u00fcberteuerte, \u00fcberfl\u00fcssige Variante von Dinner for One. Und nat\u00fcrlich wird der Anspruch betont, die Kontrolle \u00fcber die Information zu behalten, die den eigenen Bev\u00f6lkerungen zug\u00e4nglich ist. Ein ganzer Absatz ist der &#8222;Desinformation&#8220; gewidmet, &#8222;die darauf zielt, unsere demokratischen Prozesse zu unterbrechen, unsere Gesellschaften zu destabilisieren, unsere V\u00f6lker zu gef\u00e4hrden und unsere Institutionen und gemeinsamen Werte zu untergraben&#8220;. Jeder wei\u00df, wie dieser Satz zu lesen ist. Und die Buchstabenliste ist wieder etwas l\u00e4nger geworden: &#8222;Wir best\u00e4tigen die fortgesetzte globale F\u00fchrung der G7 bei der Geschlechtergleichheit und der F\u00f6rderung und dem Schutz der Rechte von Frauen und M\u00e4dchen in all ihrer Diversit\u00e4t wie auch von LGBTQIA+-Personen.&#8220; In Afrika wird man das sicher mit Begeisterung h\u00f6ren.<\/p>\n<p>Ach, nicht zu vergessen das Lieblingszitat der Westpresse: &#8222;Wir wiederholen unseren Aufruf an Dritte, Russlands Krieg nicht zu unterst\u00fctzen oder ernste Kosten zu tragen.&#8220;<\/p>\n<p>Es ist ein Jahr vergangen, in dem sich in der Welt vieles ge\u00e4ndert hat. Man sollte erwarten, dass sich die versammelten westlichen Au\u00dfenminister Gedanken machen, wie sie aus der Ecke wieder herauskommen, in die sie sich hineinman\u00f6vriert haben; vielleicht sogar, wie diese Kernl\u00e4nder des Westens mit einer Welt zurechtkommen k\u00f6nnen, in der sie nicht mehr das Sagen haben. Aber wenn diese Erkl\u00e4rung eines belegt, dann das v\u00f6llige Fehlen jeglicher Lernf\u00e4higkeit. Was in diesem Fall nicht das alleinige Verschulden von Annalena Baerbock sein kann.<\/p>\n<p>Gut vorstellbar, dass selbst im n\u00e4chsten Jahr noch ein Papier dieser Art produziert wird. Doch w\u00e4hrend die Drohungen, die darin ge\u00e4u\u00dfert werden, vor wenigen Jahren noch Schrecken ausl\u00f6sten, sind sie heuer schlicht nicht mehr relevant, und noch ein Jahr weiter wird man sie in den 85 Prozent der Welt vermutlich vortragen, wenn etwas zur Belustigung gebraucht wird. Eine Sache jedenfalls wird mit diesem Dokument \u00fcberdeutlich: Wenn ein Imperium nicht mehr im Stande ist, Ver\u00e4nderungen \u00fcberhaupt noch wahrzunehmen, dann ist seine Zeit in jeder Hinsicht abgelaufen.<\/p>\n<p style=\"text-align: right;\"><em>Dagmar Henn ist Mitglied des Deutschen Freidenker-Verbandes<\/em><\/p>\n<hr \/>\n<p><span style=\"font-size: 10pt;\">Bild: Die Au\u00dfenminister der sogen. G7-Staaten bei ihrem Treffen am 17.04.2023 in Karuizawa \/ Japan<\/span><br \/>\n<span style=\"font-size: 10pt;\">Foto: UK Government , <a href=\"https:\/\/creativecommons.org\/licenses\/by\/2.0\" target=\"_blank\" rel=\"noopener\">CC BY 2.0<\/a> <\/span><br \/>\n<span style=\"font-size: 10pt;\">Quelle: <a href=\"https:\/\/commons.wikimedia.org\/w\/index.php?curid=130835639\" target=\"_blank\" rel=\"noopener\">https:\/\/commons.wikimedia.org\/w\/index.php?curid=130835639<\/a><\/span><\/p>\n","protected":false},"excerpt":{"rendered":"<p><b>Beitrag von Dagmar Henn<\/b><br \/>\nDie Au\u00dfenminister der G7 treffen sich in Japan und g\u00f6nnten sich eine lange Erkl\u00e4rung. Eine Erkl\u00e4rung, die belegt, dass die Ver\u00e4nderungen des letzten Jahres in dieser Gruppe noch nicht angekommen sind. Die G7 sind nicht mehr der Nabel der Welt und schon l\u00e4ngst nicht mehr die Staatengruppe, die allen anderen vorschreiben kann, wie sie sich zu verhalten haben. Das Ministerium von Bundesau\u00dfenministerin Annalena Baerbock hat die Erkl\u00e4rung bisher nicht einmal ver\u00f6ffentlicht; es hinkt der Wirklichkeit noch um zwei Tage hinterher, die neueste Meldung betrifft den Aufbruch der Ministerin nach China. Aber das franz\u00f6sische Au\u00dfenministerium ist so freundlich, den offiziellen Text der Erkl\u00e4rung komplett und sogar auf Englisch zu ver\u00f6ffentlichen. Nicht, dass die Lekt\u00fcre Vergn\u00fcgen bereitet; es ist ein z\u00e4hes und langes Dokument, das vor allem betonen will, man sei f\u00fcr alles zust\u00e4ndig und habe jedermann Ratschl\u00e4ge oder Ermahnungen zu erteilen.<\/p>\n","protected":false},"author":3,"featured_media":15846,"comment_status":"closed","ping_status":"closed","sticky":false,"template":"","format":"standard","meta":{"colormag_page_container_layout":"default_layout","colormag_page_sidebar_layout":"default_layout","advanced_seo_description":"","jetpack_seo_html_title":"","jetpack_seo_noindex":false,"jetpack_post_was_ever_published":false,"footnotes":""},"categories":[12],"tags":[413,1593,1063,1443,563,1780,222,639,796,989],"class_list":["post-15845","post","type-post","status-publish","format-standard","has-post-thumbnail","hentry","category-demokratie-medien-aufklaerung","tag-china","tag-energiekrise","tag-g7-gipfel","tag-inflation","tag-menschenrechte","tag-nahrungsmittel","tag-russland","tag-ukraine-konflikt","tag-un-sicherheitsrat","tag-vietnamkrieg"],"jetpack_featured_media_url":"https:\/\/i0.wp.com\/www.freidenker.org\/fw17\/wp-content\/uploads\/2023\/04\/G7_in_Japan_day_2_-_52823264014_800x450.jpg?fit=800%2C450&ssl=1","jetpack_shortlink":"https:\/\/wp.me\/p9stpK-47z","jetpack-related-posts":[{"id":10581,"url":"https:\/\/www.freidenker.org\/?p=10581","url_meta":{"origin":15845,"position":0},"title":"Treffen der G7: Sch\u00f6ne Kulisse, gef\u00e4hrliche Beschl\u00fcsse","author":"Webredaktion","date":"22. Juni 2021","format":false,"excerpt":"Beitrag von Prof. Dr. Anton Latzo Es gilt nach wie vor die Erfahrung: W\u00fcnsche, auch Erfordernisse, soll man nie mit Realit\u00e4ten verwechseln! Zwischen den Erfordernissen einer internationalen Friedensordnung und den Zielen und Inhalten eines \"Ausscheidungskampf(es) zwischen Demokratien und Autokratien um die Zweckm\u00e4\u00dfigkeit der rivalisierenden Systeme im 21. Jahrhundert\", wie es\u2026","rel":"","context":"In &quot;Frieden - Antifaschismus - Solidarit\u00e4t&quot;","block_context":{"text":"Frieden - Antifaschismus - Solidarit\u00e4t","link":"https:\/\/www.freidenker.org\/?cat=13"},"img":{"alt_text":"","src":"https:\/\/i0.wp.com\/www.freidenker.org\/fw17\/wp-content\/uploads\/2021\/06\/The-Last-G7-Satirical-cartoon-mocking_800x450.jpg?fit=800%2C450&ssl=1&resize=350%2C200","width":350,"height":200,"srcset":"https:\/\/i0.wp.com\/www.freidenker.org\/fw17\/wp-content\/uploads\/2021\/06\/The-Last-G7-Satirical-cartoon-mocking_800x450.jpg?fit=800%2C450&ssl=1&resize=350%2C200 1x, https:\/\/i0.wp.com\/www.freidenker.org\/fw17\/wp-content\/uploads\/2021\/06\/The-Last-G7-Satirical-cartoon-mocking_800x450.jpg?fit=800%2C450&ssl=1&resize=525%2C300 1.5x, https:\/\/i0.wp.com\/www.freidenker.org\/fw17\/wp-content\/uploads\/2021\/06\/The-Last-G7-Satirical-cartoon-mocking_800x450.jpg?fit=800%2C450&ssl=1&resize=700%2C400 2x"},"classes":[]},{"id":15820,"url":"https:\/\/www.freidenker.org\/?p=15820","url_meta":{"origin":15845,"position":1},"title":"Klatschende Ohrfeige f\u00fcr Baerbock","author":"Webredaktion","date":"21. April 2023","format":false,"excerpt":"Beitrag von Gert Ewen Ungar Die deutsche Au\u00dfenministerin Annalena Baerbock (B\u00fcndnis 90\/Die Gr\u00fcnen) ist gerade auf Staatsbesuch in Japan. Dort trifft sie auf ihre Amtskollegen der G7-Staaten. In einem Tweet zum Treffen teilt sie erneut gegen China aus, das sie zuvor besucht und dort f\u00fcr einen diplomatischen Skandal gesorgt hat,\u2026","rel":"","context":"In &quot;Demokratie \u2013 Medien \u2013 Aufkl\u00e4rung&quot;","block_context":{"text":"Demokratie \u2013 Medien \u2013 Aufkl\u00e4rung","link":"https:\/\/www.freidenker.org\/?cat=12"},"img":{"alt_text":"","src":"https:\/\/i0.wp.com\/www.freidenker.org\/fw17\/wp-content\/uploads\/2023\/04\/Foreign_Secretary_James_Cleverly_attends_G7_in_Japan_day_2_-_800x450.jpg?fit=800%2C450&ssl=1&resize=350%2C200","width":350,"height":200,"srcset":"https:\/\/i0.wp.com\/www.freidenker.org\/fw17\/wp-content\/uploads\/2023\/04\/Foreign_Secretary_James_Cleverly_attends_G7_in_Japan_day_2_-_800x450.jpg?fit=800%2C450&ssl=1&resize=350%2C200 1x, https:\/\/i0.wp.com\/www.freidenker.org\/fw17\/wp-content\/uploads\/2023\/04\/Foreign_Secretary_James_Cleverly_attends_G7_in_Japan_day_2_-_800x450.jpg?fit=800%2C450&ssl=1&resize=525%2C300 1.5x, https:\/\/i0.wp.com\/www.freidenker.org\/fw17\/wp-content\/uploads\/2023\/04\/Foreign_Secretary_James_Cleverly_attends_G7_in_Japan_day_2_-_800x450.jpg?fit=800%2C450&ssl=1&resize=700%2C400 2x"},"classes":[]},{"id":10347,"url":"https:\/\/www.freidenker.org\/?p=10347","url_meta":{"origin":15845,"position":2},"title":"Der Westen zeigt das, was er ist: der Friedhof der Menschenrechte","author":"Webredaktion","date":"14. Mai 2021","format":false,"excerpt":"Ein Kommentar von Willy Wimmer. Vor wenigen Tagen trafen sich in London die Herren Au\u00dfenminister der sogenannten G7-M\u00e4chte der f\u00fchrenden globalen Industrie- und Wirtschaftsm\u00e4chte und selbsternannter Edeldemokratien. Es war das erste Treffen dieser Runde unter Hinzuziehung von S\u00fcdkorea, Indien und Australien. ... Es ging da weiter, wo der ehemalige Vizepr\u00e4sident\u2026","rel":"","context":"In &quot;Demokratie \u2013 Medien \u2013 Aufkl\u00e4rung&quot;","block_context":{"text":"Demokratie \u2013 Medien \u2013 Aufkl\u00e4rung","link":"https:\/\/www.freidenker.org\/?cat=12"},"img":{"alt_text":"","src":"https:\/\/i0.wp.com\/www.freidenker.org\/fw17\/wp-content\/uploads\/2021\/05\/G7_London_2021_800x450.jpg?fit=800%2C450&ssl=1&resize=350%2C200","width":350,"height":200,"srcset":"https:\/\/i0.wp.com\/www.freidenker.org\/fw17\/wp-content\/uploads\/2021\/05\/G7_London_2021_800x450.jpg?fit=800%2C450&ssl=1&resize=350%2C200 1x, https:\/\/i0.wp.com\/www.freidenker.org\/fw17\/wp-content\/uploads\/2021\/05\/G7_London_2021_800x450.jpg?fit=800%2C450&ssl=1&resize=525%2C300 1.5x, https:\/\/i0.wp.com\/www.freidenker.org\/fw17\/wp-content\/uploads\/2021\/05\/G7_London_2021_800x450.jpg?fit=800%2C450&ssl=1&resize=700%2C400 2x"},"classes":[]},{"id":5252,"url":"https:\/\/www.freidenker.org\/?p=5252","url_meta":{"origin":15845,"position":3},"title":"Gipfelst\u00fcrme(r): Trump als russischer Agent entlarvt","author":"Webredaktion","date":"15. Juni 2018","format":false,"excerpt":"In der Rubrik Tagesdosis wurde am 15.06.2018 bei KenFM der Beitrag \u201eGipfelst\u00fcrme(r): Trump als russischer Agent entlarvt\u201c von Klaus Hartmann, Vorsitzender des Deutschen Freidenker-Verbandes, ver\u00f6ffentlicht. Auch Genie\u00dfen will gelernt sein. Ohne M\u00fche und ohne exakte Information kommt man nicht ans Ziel. F\u00fcr nicht so Ge\u00fcbte bietet der j\u00fcngste \u201eG7\u201c-Gipfel im\u2026","rel":"","context":"In &quot;Frieden - Antifaschismus - Solidarit\u00e4t&quot;","block_context":{"text":"Frieden - Antifaschismus - Solidarit\u00e4t","link":"https:\/\/www.freidenker.org\/?cat=13"},"img":{"alt_text":"","src":"https:\/\/i0.wp.com\/www.freidenker.org\/fw17\/wp-content\/uploads\/2018\/06\/trump_800x445.jpg?fit=800%2C445&ssl=1&resize=350%2C200","width":350,"height":200,"srcset":"https:\/\/i0.wp.com\/www.freidenker.org\/fw17\/wp-content\/uploads\/2018\/06\/trump_800x445.jpg?fit=800%2C445&ssl=1&resize=350%2C200 1x, https:\/\/i0.wp.com\/www.freidenker.org\/fw17\/wp-content\/uploads\/2018\/06\/trump_800x445.jpg?fit=800%2C445&ssl=1&resize=525%2C300 1.5x, https:\/\/i0.wp.com\/www.freidenker.org\/fw17\/wp-content\/uploads\/2018\/06\/trump_800x445.jpg?fit=800%2C445&ssl=1&resize=700%2C400 2x"},"classes":[]},{"id":19397,"url":"https:\/\/www.freidenker.org\/?p=19397","url_meta":{"origin":15845,"position":4},"title":"Gipfel-Sturm","author":"Webredaktion","date":"1. Juli 2024","format":false,"excerpt":"Es soll niemand sagen, das Wochenende vom 14. Juni 2024 sei ereignislos verlaufen. Beitrag von Willy Wimmer Mitnichten, wie sich am Besuch des Papstes beim G7 Treffen im italienischen Apulien gezeigt hat. Der Papst traf die weltlichen Regenten aus verschiedenen Staaten und hatte etwas im Gep\u00e4ck, das ihn zumindest von\u2026","rel":"","context":"In &quot;Demokratie \u2013 Medien \u2013 Aufkl\u00e4rung&quot;","block_context":{"text":"Demokratie \u2013 Medien \u2013 Aufkl\u00e4rung","link":"https:\/\/www.freidenker.org\/?cat=12"},"img":{"alt_text":"","src":"https:\/\/i0.wp.com\/www.freidenker.org\/fw17\/wp-content\/uploads\/2024\/07\/2024-06-14_50th_G7_summit_000150318_800x450.jpg?fit=800%2C450&ssl=1&resize=350%2C200","width":350,"height":200,"srcset":"https:\/\/i0.wp.com\/www.freidenker.org\/fw17\/wp-content\/uploads\/2024\/07\/2024-06-14_50th_G7_summit_000150318_800x450.jpg?fit=800%2C450&ssl=1&resize=350%2C200 1x, https:\/\/i0.wp.com\/www.freidenker.org\/fw17\/wp-content\/uploads\/2024\/07\/2024-06-14_50th_G7_summit_000150318_800x450.jpg?fit=800%2C450&ssl=1&resize=525%2C300 1.5x, https:\/\/i0.wp.com\/www.freidenker.org\/fw17\/wp-content\/uploads\/2024\/07\/2024-06-14_50th_G7_summit_000150318_800x450.jpg?fit=800%2C450&ssl=1&resize=700%2C400 2x"},"classes":[]},{"id":21075,"url":"https:\/\/www.freidenker.org\/?p=21075","url_meta":{"origin":15845,"position":5},"title":"Auf dem Weg zu einer &#8222;Multipolaren Friedensordnung&#8220;?","author":"Webredaktion","date":"3. M\u00e4rz 2025","format":false,"excerpt":"Die beachtliche Rede des chinesischen Au\u00dfenministers Wang Yi auf der SiKo. Trump \u00fcbt sich im \"Echternacher Pilgerschritt\" und Deutschland st\u00f6\u00dft in die Kriegsfanfare. Standpunkt von Wolfgang Effenberger Die 61. M\u00fcnchner Sicherheitskonferenz fand vom 14. bis 16. Februar 2025 im Hotel Bayerischer Hof in M\u00fcnchen statt. W\u00e4hrend der Konferenz hielt der\u2026","rel":"","context":"In &quot;Demokratie \u2013 Medien \u2013 Aufkl\u00e4rung&quot;","block_context":{"text":"Demokratie \u2013 Medien \u2013 Aufkl\u00e4rung","link":"https:\/\/www.freidenker.org\/?cat=12"},"img":{"alt_text":"","src":"https:\/\/i0.wp.com\/www.freidenker.org\/fw17\/wp-content\/uploads\/2025\/03\/Wang_Yi_02_cropped_800x450.jpg?fit=800%2C450&ssl=1&resize=350%2C200","width":350,"height":200,"srcset":"https:\/\/i0.wp.com\/www.freidenker.org\/fw17\/wp-content\/uploads\/2025\/03\/Wang_Yi_02_cropped_800x450.jpg?fit=800%2C450&ssl=1&resize=350%2C200 1x, https:\/\/i0.wp.com\/www.freidenker.org\/fw17\/wp-content\/uploads\/2025\/03\/Wang_Yi_02_cropped_800x450.jpg?fit=800%2C450&ssl=1&resize=525%2C300 1.5x, https:\/\/i0.wp.com\/www.freidenker.org\/fw17\/wp-content\/uploads\/2025\/03\/Wang_Yi_02_cropped_800x450.jpg?fit=800%2C450&ssl=1&resize=700%2C400 2x"},"classes":[]}],"_links":{"self":[{"href":"https:\/\/www.freidenker.org\/index.php?rest_route=\/wp\/v2\/posts\/15845","targetHints":{"allow":["GET"]}}],"collection":[{"href":"https:\/\/www.freidenker.org\/index.php?rest_route=\/wp\/v2\/posts"}],"about":[{"href":"https:\/\/www.freidenker.org\/index.php?rest_route=\/wp\/v2\/types\/post"}],"author":[{"embeddable":true,"href":"https:\/\/www.freidenker.org\/index.php?rest_route=\/wp\/v2\/users\/3"}],"replies":[{"embeddable":true,"href":"https:\/\/www.freidenker.org\/index.php?rest_route=%2Fwp%2Fv2%2Fcomments&post=15845"}],"version-history":[{"count":0,"href":"https:\/\/www.freidenker.org\/index.php?rest_route=\/wp\/v2\/posts\/15845\/revisions"}],"wp:featuredmedia":[{"embeddable":true,"href":"https:\/\/www.freidenker.org\/index.php?rest_route=\/wp\/v2\/media\/15846"}],"wp:attachment":[{"href":"https:\/\/www.freidenker.org\/index.php?rest_route=%2Fwp%2Fv2%2Fmedia&parent=15845"}],"wp:term":[{"taxonomy":"category","embeddable":true,"href":"https:\/\/www.freidenker.org\/index.php?rest_route=%2Fwp%2Fv2%2Fcategories&post=15845"},{"taxonomy":"post_tag","embeddable":true,"href":"https:\/\/www.freidenker.org\/index.php?rest_route=%2Fwp%2Fv2%2Ftags&post=15845"}],"curies":[{"name":"wp","href":"https:\/\/api.w.org\/{rel}","templated":true}]}}