{"id":15843,"date":"2023-04-22T22:48:26","date_gmt":"2023-04-22T20:48:26","guid":{"rendered":"https:\/\/www.freidenker.org\/?p=15843"},"modified":"2023-05-07T23:24:44","modified_gmt":"2023-05-07T21:24:44","slug":"deutschland-und-sein-ideologischer-ballast","status":"publish","type":"post","link":"https:\/\/www.freidenker.org\/?p=15843","title":{"rendered":"Deutschland und sein ideologischer Ballast"},"content":{"rendered":"<p><strong>Kommentar vom Hochblauen<\/strong><\/p>\n<p><em>von <strong>Evelyn Hecht-Galinski<\/strong><\/em><\/p>\n<p><span style=\"font-size: 10pt;\">Erstver\u00f6ffentlichung am 18.04.2023 im Blog <a href=\"https:\/\/sicht-vom-hochblauen.de\/deutschland-und-sein-ideologischer-ballas-tvon-evelyn-hecht-galinski-kommentar-vom-hochblauen\/\" target=\"_blank\" rel=\"noopener\">Sicht vom Hochblauen<\/a><\/span><\/p>\n<p>War es bis dato nur historischer Ballast, mit dem Deutschland zu leben hatte, so hat sich dieser Zustand massiv gewandelt. Wir sind in das Zeitalter der ideologischen Kriegsf\u00fchrung eingetreten. Was wir jetzt an geopolitischer Hassstrategie des Westens erleben, hat sich infolge gr\u00fcner Kriegswut unter US-Anleitung zu einem Zustand in Deutschland verselbst\u00e4ndigt, den ich noch vor Ampel-Regierung und Ukraine Feldzug f\u00fcr unm\u00f6glich gehalten h\u00e4tte.<\/p>\n<h5>Zwischen Sendungsbewusstsein einer Sekte und Kriegsphilosophie<\/h5>\n<p>In einem atemberaubenden Tempo hat sich Deutschland zu einem gr\u00fcn-roten Ideologiestaat entwickelt, der zwischen Sendungsbewusstsein einer Sekte und Kriegsphilosophie angesiedelt scheint. Gibt es eigentlich noch ein Feld, das ideologiefrei vermittelt wird? Ist die Gr\u00fcnen-Partei nicht schon seit Zeiten von Ex-Au\u00dfenminister Joschka Fischer zu einer kriegsideologischen Partei umgestaltet worden? Freilich sch\u00e4mte er sich nicht, \u2013 nach rot-gr\u00fcner Regierungs\u00fcbernahme gerade erst ins Amt gekommen \u2013 den ersten Kriegseinsatz der Bundeswehr 1999 damit zu rechtfertigen, dass er auf einem gr\u00fcnen Sonderparteitag in Bielefeld \u201eNie wieder Auschwitz\u201c daf\u00fcr missbrauchte. Ich war schon damals entsetzt dar\u00fcber, ohne allerdings die ganze Tragweite dieses L\u00fcgengebildes zu \u00fcbersehen. Was wir damals unter der rot-gr\u00fcnen Konstellation erlebten, war die erste rot-gr\u00fcne L\u00fcgenkooperation, im Duo Joschka Fischer \/ Rudolf Scharping! Wie sich Kriegsminister Scharping und Au\u00dfenminister Fischer die transatlantischen \u201eHollywood-L\u00fcgen-B\u00e4lle\u201c zuwarfen, war zirkusreif. Scharping wiederum war sich nicht zu schade, mit US-L\u00fcgenbildern und L\u00fcgenpropaganda den Kriegsbeginn moralisch zu rechtfertigen. (1)<\/p>\n<p>Was damals in der Propaganda die Serben waren, sind heute die Russen. Wie sich die Bilder gleichen! \u00dcbrigens waren die Serben die einzigen auf dem Balkan, die j\u00fcdische B\u00fcrger vehement gegen Hitler-Schergen und ihre kroatische Ustascha verteidigten. (2) Das wurde genauso unter den Tisch gekehrt, wie es heute mit der Ukraine, ihren Asow Bataillonen und ihrer Nazi-Verehrung geschieht. Es ist eine historische Schande, wie damals und heute die Geschichte von Deutschland zum zweiten Mal gesch\u00e4ndet wird, um den Russlandhass und die Ukraine-Liebe zu begr\u00fcnden. Ich warte nur darauf, bis auch Selenskyj sich vom strahlenden westlichen Held in das verwandelt hat, was er eigentlich ist: ein korrupter (Panama-Papers) und gieriger UKra\/Nazi-Kollaborateur, der in Wirklichkeit vor den Internationalen Gerichtshof geh\u00f6rt. (3)(4)(5)<\/p>\n<p>Was sich in Deutschland, Europa und unter Regie der USA abspielt, wie diese Abl\u00e4ufe schon lange vor dem Ukraine-Krieg minuti\u00f6s geplant und abgestimmt wurden, kann einem nur die Sprache verschlagen. Wie die europ\u00e4ische US-Statthalterin Ursula von der Leyen die transatlantische \u00dcbernahme betrieb und die Sanktionen gegen Russland mit den USA vorbereitete, um Europa in die endg\u00fcltige Abh\u00e4ngigkeit zu treiben, ist be\u00e4ngstigend.\u00a0 Es war eine Macht\u00fcbernahme im Rahmen eines ausgekl\u00fcgelten Plans, um alle Br\u00fccken mit Russland zu zerst\u00f6ren, den Krieg und den Wirtschaftskrieg mit allen seinen Konsequenzen vorzubereiten. (6)<\/p>\n<h5>Zerst\u00f6rungskrieg \u2013 Gef\u00e4hrlich wie sch\u00e4ndlich<\/h5>\n<p>Es ist allerdings ein Zerst\u00f6rungskrieg, an dem sich die Ampel unter F\u00fchrung von Scholz und \u201eMitf\u00fchrung\u201c der transatlantischen gr\u00fcnen \u00dcberzeugungst\u00e4ter an der \u201eFront\u201c beteiligt \u2013 darunter nat\u00fcrlich Einsatzleiterin AA Baerbock und der dienernde \u201eM\u00e4rchenonkel\u201c Wirtschaftsminister \u2013 treffender Wirtschaftszerst\u00f6rer \u2013 Habeck. Wie diese Ampel es in so kurzer Zeit geschafft hat, von Russophobie in Chinaphobie zu wechseln und beide orchestral zu einem Missklang zu vereinen, ist so gef\u00e4hrlich wie sch\u00e4ndlich.<\/p>\n<p>Wie diese Regierenden uns suggerieren wollen, wie schlecht die Abh\u00e4ngigkeit von russischer Energie f\u00fcr uns war und wie falsch diese Politik war, beruht einzig und allein auf US-Zerst\u00f6rungswillen f\u00fcr Deutschland und Europa zum eigenen Selbstnutz und zur Wiederherstellung alter Macht. Die USA sieht nicht, wie die Wirklichkeit sich tats\u00e4chlich entwickelt. Auch mit Dollardruckerei und R\u00fcstungsindustrie-Zuw\u00e4chsen sind die USA langfristig auf dem absteigenden Ast. Wie viele Staaten und Erdteile sich schon abwenden und eigene Zusammenschl\u00fcsse planen, l\u00e4sst hoffnungsvoll in die Zukunft blicken. Sicher sind das beginnende Ver\u00e4nderungen mit neuen W\u00e4hrungen, die langfristig eine geopolitische Ver\u00e4nderung ungeahnten Ausma\u00dfes annehmen werden, von den gerade wir einmal profitieren k\u00f6nnen.<\/p>\n<p>Was die USA mit ihren unz\u00e4hligen Regimechange-Operationen und Putsch-Versuchen weltweit anrichten, ist einmalig. Warum hat bis jetzt niemand versucht, dagegen vorzugehen und diese zu verhindern? Wie schnell Feindbilder erschaffen werden und daraus schnell Kriegsgegner werden, ist ph\u00e4nomenal. In Jahrhunderten ist es den USA gelungen, mehr Unruhen und Kriege anzuzetteln, als eine \u201eFriedenspolitik\u201c zu zelebrieren. Das ist nat\u00fcrlich \u00fcberhaupt nicht auf der Agenda der USA. Wer nicht f\u00fcr sie ist, wird zum Gegner und davon gibt es inzwischen jede Menge. Der Westen hat es bis heute nicht verstanden, eine ehrliche Politik frei von kolonialem Gehabe mit V\u00f6lkern in Asien und Afrika zu betreiben. Solange sie spuren, ist alles in Ordnung, aber wehe sie melden eigene Interessen an oder wagen es, die eigenen Rohstoffe f\u00fcr sich selbst zu beanspruchen. Das geh\u00f6rt nicht zum westlichen \u201eWerte\u201c-Plan. Stattdessen ist Ausbeutung das wirkliche Ziel von EU unter zielstrebiger Leitung transatlantischer Kommissionspr\u00e4sidentschaft und NATO-Kriegsb\u00fcndnis unter US-Herrschaft.<\/p>\n<h5>Deutschland \u2013 zu unberechenbarem Faktor geworden<\/h5>\n<p>Deutschland ist infolge ideologischer Ampel-Politik und gr\u00fcner Hass- und \u00d6ko-Terror Politik zu einem unberechenbaren Faktor f\u00fcr uns alle geworden. Was da auf uns zukommt, will ich mir in seiner ganzen Tragweite gar nicht mehr ausmalen und werde es dank meines Alters sicher nicht mehr \u201evoll erleben\u201c. Was ist das f\u00fcr eine \u201eZeitenwende\u201c, aufgebaut auf deutsch-transatlantischem Vasallentum, kriegsl\u00fcstern und zerst\u00f6rerisch. Mit einer einseitigen Sanktionspolitik, die nichts gebracht hat, au\u00dfer die Falschen zu treffen.<\/p>\n<p>Nicht-staatskonforme Demonstrationen werden diffamiert und in den Schmutz gezogen. Das betrifft im Moment auch Demonstrationen, die die Freiheit pal\u00e4stinensischer Gefangener fordern wollten und die infolge deutsch-israelischer Kooperation verboten wurden. Ich betrachte das als einen Angriff auf das Recht, die Freiheit Pal\u00e4stinas zu fordern, und auf das Recht zum Protest gegen die illegale Besatzung Pal\u00e4stinas. Was hier abl\u00e4uft, ist besch\u00e4mend und f\u00fcr einen Gro\u00dfteil der j\u00fcdischen, muslimischen und christlichen Bev\u00f6lkerung in Deutschland und weltweit ein weiteres Verbrechen nach der Nakba.<\/p>\n<h5>Deutschland \u2013 erneut auf der falschen Seite der Geschichte<\/h5>\n<p>Solange sich Deutschland erneut auf der falschen Seite der Geschichte befindet, baut es eine neue Schuld auf, sowohl mit der bedingungslosen Unterst\u00fctzung des \u201ej\u00fcdischen Staats\u201c als Staatsr\u00e4son, wie auch mit der bedingungslosen transatlantischen Unterst\u00fctzung der Ukraine. Was wir brauchen, ist ein ehrlicher Umgang mit Russland und China, zu unserem Wohl. Solange der Westen nicht bereit ist, die Konfrontationspolitik gegen Russland und China aufzugeben, und Deutschland nicht bereit ist, eine eigenst\u00e4ndige stabile \u2013 weder feministische noch US-gesteuerte \u2013 Au\u00dfenpolitik zu betreiben, die endlich die Realit\u00e4ten anerkennt, wie sie ohne ideologische Brille existiert, solange werden wir immer tiefer in Kriegsgefahr geraten, was \u2013\u00a0 wenn es so weiterl\u00e4uft \u2013 auf einen Dritten Weltkrieg hinl\u00e4uft.<\/p>\n<p>Ein Deutschland, in dem politische \u201cQuerdenker\u201c, russische K\u00fcnstler, \u201cBoykott, Desinvestitionen und Sanktionen\u201c-(BDS)-Unterst\u00fctzer und \u201ePutin-Versteher\u201c zu Staatsfeinden erkl\u00e4rt werden, klimapolitisch Andersdenkende ausgegrenzt werden, ist ein Staat, der sich immer mehr in Richtung einer totalit\u00e4ren \u201cZeitenwende\u201c entwickelt. Das muss mit aller Macht verhindert werden. Diese gr\u00fcne Zwangspolitik ist f\u00fcr einen Gro\u00dfteil der Bev\u00f6lkerung unzumutbar und unerschwinglich. Aber sie wird \u00a0im Enddefekt jeden treffen \u2013 jeden Einzelnen von uns, einen mehr einen weniger, ob er will oder nicht. Wir werden politisch, medial und propagandistisch t\u00e4glich auf \u201eKurs gebracht\u201c. Nein danke! Schmei\u00dfen wir endlich den ideologischen Ballast ab und retten, was noch zu retten ist!<\/p>\n<p style=\"text-align: right;\"><em>Evelyn Hecht-Galinski ist Mitglied des Deutschen Freidenker-Verbandes<\/em><\/p>\n<p><strong>Fu\u00dfnoten:<\/strong><\/p>\n<p>(1) <a class=\"youtube responsive_lightbox\" href=\"https:\/\/www.youtube.com\/embed\/2B4COJPB1jY\">https:\/\/www.youtube.com\/watch?v=2B4COJPB1jY<\/a><\/p>\n<p>(2) <a href=\"https:\/\/www.infosperber.ch\/politik\/welt\/hashim-thaci-und-der-praezedenzfall-kosovo\/\">https:\/\/www.infosperber.ch\/politik\/welt\/hashim-thaci-und-der-praezedenzfall-kosovo\/<\/a><\/p>\n<p>(3) <a href=\"https:\/\/thegrayzone.com\/2022\/03\/31\/partnering-neo-nazis-ukraine-history\/\">https:\/\/thegrayzone.com\/2022\/03\/31\/partnering-neo-nazis-ukraine-history\/<\/a><\/p>\n<p>(4) <a href=\"https:\/\/thegrayzone.com\/2022\/03\/04\/nazis-ukrainian-war-russia\/\">https:\/\/thegrayzone.com\/2022\/03\/04\/nazis-ukrainian-war-russia\/<\/a><\/p>\n<p>(5) <a href=\"https:\/\/thegrayzone.com\/2022\/12\/23\/zelenskys-diaspora-hit-woman-ukraine\/\">https:\/\/thegrayzone.com\/2022\/12\/23\/zelenskys-diaspora-hit-woman-ukraine\/<\/a><\/p>\n<p>(6) <a href=\"https:\/\/www.politico.eu\/article\/europe-american-president-paradox-ursula-von-der-leyen\/\">https:\/\/www.politico.eu\/article\/europe-american-president-paradox-ursula-von-der-leyen\/<\/a><\/p>\n<p>&nbsp;<\/p>\n<p><span style=\"font-size: 10pt;\">Der Beitrag wurde auch ver\u00f6ffentlicht in der Neuen Rheinischen Zeitung (NRhZ) in Ausgabe 810 vom 19.04.2023 unter <a href=\"http:\/\/www.nrhz.de\/flyer\/beitrag.php?id=28563\">http:\/\/www.nrhz.de\/flyer\/beitrag.php?id=28563<\/a><\/span><\/p>\n<hr \/>\n<p><span style=\"font-size: 10pt;\">Bild: <a href=\"https:\/\/pixabay.com\/de\/illustrations\/terror-anschl%c3%a4ge-deutschland-stop-1545012\/\" target=\"_blank\" rel=\"noopener\">pixabay.com<\/a> \/ <a class=\"hover_opacity\" href=\"https:\/\/pixabay.com\/de\/users\/alexas_fotos-686414\/\">Alexas_Fotos<\/a> \/ <a href=\"https:\/\/pixabay.com\/de\/service\/terms\/\">Inhaltslizenz<\/a><\/span><\/p>\n","protected":false},"excerpt":{"rendered":"<p><b>Kommentar von Evelyn Hecht-Galinski<\/b><br \/>\nWar es bis dato nur historischer Ballast, mit dem Deutschland zu leben hatte, so hat sich dieser Zustand massiv gewandelt. Wir sind in das Zeitalter der ideologischen Kriegsf\u00fchrung eingetreten. Was wir jetzt an geopolitischer Hassstrategie des Westens erleben, hat sich infolge gr\u00fcner Kriegswut unter US-Anleitung zu einem Zustand in Deutschland verselbst\u00e4ndigt, den ich noch vor Ampel-Regierung und Ukraine Feldzug f\u00fcr unm\u00f6glich gehalten h\u00e4tte. In einem atemberaubenden Tempo hat sich Deutschland zu einem gr\u00fcn-roten Ideologiestaat entwickelt, der zwischen Sendungsbewusstsein einer Sekte und Kriegsphilosophie angesiedelt scheint. Gibt es eigentlich noch ein Feld, das ideologiefrei vermittelt wird?<\/p>\n","protected":false},"author":3,"featured_media":15848,"comment_status":"closed","ping_status":"closed","sticky":false,"template":"","format":"standard","meta":{"colormag_page_container_layout":"default_layout","colormag_page_sidebar_layout":"default_layout","advanced_seo_description":"","jetpack_seo_html_title":"","jetpack_seo_noindex":false,"jetpack_post_was_ever_published":false,"footnotes":""},"categories":[12],"tags":[699,1032,452,627,1282,1643,470,757,339,719],"class_list":["post-15843","post","type-post","status-publish","format-standard","has-post-thumbnail","hentry","category-demokratie-medien-aufklaerung","tag-aussenpolitik","tag-bundesregierung","tag-deutschland","tag-energiepolitik","tag-gruene","tag-hass","tag-ideologie","tag-judenvernichtung","tag-kriegspropaganda","tag-sanktionen"],"jetpack_featured_media_url":"https:\/\/i0.wp.com\/www.freidenker.org\/fw17\/wp-content\/uploads\/2023\/04\/deutschland_terror-1545012_800x450.jpg?fit=800%2C450&ssl=1","jetpack_shortlink":"https:\/\/wp.me\/p9stpK-47x","jetpack-related-posts":[{"id":15692,"url":"https:\/\/www.freidenker.org\/?p=15692","url_meta":{"origin":15843,"position":0},"title":"Mit propagandistischem Bombenhagel in Bombenstimmung?","author":"Webredaktion","date":"5. April 2023","format":false,"excerpt":"Kommentar vom Evelyn Hecht-Galinski Es ist unfassbar, wie sich der mediale Propagandakrieg parallel zum anhaltenden Krieg in der Ukraine entwickelt. Nicht nur, dass die deutsche Regierung Steuer-Milliarden und \u201cSonderverm\u00f6gen\u201d in die korrupte Nazi-Ukraine geradezu hineinschmei\u00dft, sondern auch die Selbstverst\u00e4ndlichkeit, mit der das geschieht, macht so zornig. Nichts mehr ist geblieben\u2026","rel":"","context":"In &quot;Frieden - Antifaschismus - Solidarit\u00e4t&quot;","block_context":{"text":"Frieden - Antifaschismus - Solidarit\u00e4t","link":"https:\/\/www.freidenker.org\/?cat=13"},"img":{"alt_text":"","src":"https:\/\/i0.wp.com\/www.freidenker.org\/fw17\/wp-content\/uploads\/2023\/04\/building-7051359_800x450.jpg?fit=800%2C450&ssl=1&resize=350%2C200","width":350,"height":200,"srcset":"https:\/\/i0.wp.com\/www.freidenker.org\/fw17\/wp-content\/uploads\/2023\/04\/building-7051359_800x450.jpg?fit=800%2C450&ssl=1&resize=350%2C200 1x, https:\/\/i0.wp.com\/www.freidenker.org\/fw17\/wp-content\/uploads\/2023\/04\/building-7051359_800x450.jpg?fit=800%2C450&ssl=1&resize=525%2C300 1.5x, https:\/\/i0.wp.com\/www.freidenker.org\/fw17\/wp-content\/uploads\/2023\/04\/building-7051359_800x450.jpg?fit=800%2C450&ssl=1&resize=700%2C400 2x"},"classes":[]},{"id":21433,"url":"https:\/\/www.freidenker.org\/?p=21433","url_meta":{"origin":15843,"position":1},"title":"Deutsche Machtpolitik: Die Herrschaft \u00fcber Europa steht wieder auf der Agenda","author":"Webredaktion","date":"11. April 2025","format":false,"excerpt":"Beitrag von Gert Ewen Ungar Die aktuelle deutsche Politikergeneration hat Deutschland von dem der Welt gegebenen Versprechen weggef\u00fchrt, man habe aus der deutschen Geschichte die richtigen Schl\u00fcsse gezogen. Das Versprechen, Deutschland habe aus seinen Fehlern gelernt und werde sie daher nicht wiederholen, kollidiert hart mit der realen Politik, die von\u2026","rel":"","context":"In &quot;Demokratie \u2013 Medien \u2013 Aufkl\u00e4rung&quot;","block_context":{"text":"Demokratie \u2013 Medien \u2013 Aufkl\u00e4rung","link":"https:\/\/www.freidenker.org\/?cat=12"},"img":{"alt_text":"","src":"https:\/\/i0.wp.com\/www.freidenker.org\/fw17\/wp-content\/uploads\/2025\/04\/Parliament_urges_the_EU_to_defend_its_interests_-_54430061870_800x450.jpg?fit=800%2C450&ssl=1&resize=350%2C200","width":350,"height":200,"srcset":"https:\/\/i0.wp.com\/www.freidenker.org\/fw17\/wp-content\/uploads\/2025\/04\/Parliament_urges_the_EU_to_defend_its_interests_-_54430061870_800x450.jpg?fit=800%2C450&ssl=1&resize=350%2C200 1x, https:\/\/i0.wp.com\/www.freidenker.org\/fw17\/wp-content\/uploads\/2025\/04\/Parliament_urges_the_EU_to_defend_its_interests_-_54430061870_800x450.jpg?fit=800%2C450&ssl=1&resize=525%2C300 1.5x, https:\/\/i0.wp.com\/www.freidenker.org\/fw17\/wp-content\/uploads\/2025\/04\/Parliament_urges_the_EU_to_defend_its_interests_-_54430061870_800x450.jpg?fit=800%2C450&ssl=1&resize=700%2C400 2x"},"classes":[]},{"id":14838,"url":"https:\/\/www.freidenker.org\/?p=14838","url_meta":{"origin":15843,"position":2},"title":"Sch\u00f6n war die Zeit","author":"Webredaktion","date":"17. Dezember 2022","format":false,"excerpt":"Kommentar von\u00a0Evelyn Hecht-Galinski Als wir noch nicht Tag und Nacht mit Propaganda-Nachrichten \u00fcberrollt wurden, die das Feindbild Russland mit seinem Pr\u00e4sidenten an die Wand malten, unter Auslassung wichtiger Informationen zur Ursache des Krieges in der Ukraine. Und als die deutsche Bev\u00f6lkerung noch nicht zu 82 Prozent Angst hatte, den Mund\u2026","rel":"","context":"In &quot;Demokratie \u2013 Medien \u2013 Aufkl\u00e4rung&quot;","block_context":{"text":"Demokratie \u2013 Medien \u2013 Aufkl\u00e4rung","link":"https:\/\/www.freidenker.org\/?cat=12"},"img":{"alt_text":"","src":"https:\/\/i0.wp.com\/www.freidenker.org\/fw17\/wp-content\/uploads\/2022\/12\/russland_deutschland_haende_800x450.jpg?fit=800%2C450&ssl=1&resize=350%2C200","width":350,"height":200,"srcset":"https:\/\/i0.wp.com\/www.freidenker.org\/fw17\/wp-content\/uploads\/2022\/12\/russland_deutschland_haende_800x450.jpg?fit=800%2C450&ssl=1&resize=350%2C200 1x, https:\/\/i0.wp.com\/www.freidenker.org\/fw17\/wp-content\/uploads\/2022\/12\/russland_deutschland_haende_800x450.jpg?fit=800%2C450&ssl=1&resize=525%2C300 1.5x, https:\/\/i0.wp.com\/www.freidenker.org\/fw17\/wp-content\/uploads\/2022\/12\/russland_deutschland_haende_800x450.jpg?fit=800%2C450&ssl=1&resize=700%2C400 2x"},"classes":[]},{"id":15012,"url":"https:\/\/www.freidenker.org\/?p=15012","url_meta":{"origin":15843,"position":3},"title":"Deutschland, ein rechtsfreier Raum","author":"Webredaktion","date":"20. Januar 2023","format":false,"excerpt":"Auszug aus dem Buch \u201eAusnahmezustand \u2013 Geopolitische Einsichten und Analysen unter Ber\u00fccksichtigung des Ukraine-Konflikts\" von Wolfgang Bittner Wer h\u00e4tte gedacht, dass in Deutschland eine Regierung an die Macht kommt, die den Ruin der Wirtschaft und die Verarmung weiter Teile der Gesellschaft betreibt? Wer h\u00e4tte sich vorstellen k\u00f6nnen, dass Grundrechte per\u2026","rel":"","context":"In &quot;Demokratie \u2013 Medien \u2013 Aufkl\u00e4rung&quot;","block_context":{"text":"Demokratie \u2013 Medien \u2013 Aufkl\u00e4rung","link":"https:\/\/www.freidenker.org\/?cat=12"},"img":{"alt_text":"","src":"https:\/\/i0.wp.com\/www.freidenker.org\/fw17\/wp-content\/uploads\/2023\/01\/bittner_ausnahmezustand_800x450.jpg?fit=800%2C450&ssl=1&resize=350%2C200","width":350,"height":200,"srcset":"https:\/\/i0.wp.com\/www.freidenker.org\/fw17\/wp-content\/uploads\/2023\/01\/bittner_ausnahmezustand_800x450.jpg?fit=800%2C450&ssl=1&resize=350%2C200 1x, https:\/\/i0.wp.com\/www.freidenker.org\/fw17\/wp-content\/uploads\/2023\/01\/bittner_ausnahmezustand_800x450.jpg?fit=800%2C450&ssl=1&resize=525%2C300 1.5x, https:\/\/i0.wp.com\/www.freidenker.org\/fw17\/wp-content\/uploads\/2023\/01\/bittner_ausnahmezustand_800x450.jpg?fit=800%2C450&ssl=1&resize=700%2C400 2x"},"classes":[]},{"id":17521,"url":"https:\/\/www.freidenker.org\/?p=17521","url_meta":{"origin":15843,"position":4},"title":"Israel darf ALLES","author":"Webredaktion","date":"12. November 2023","format":false,"excerpt":"Kommentar von Evelyn Hecht-Galinski Als ich 2012 mein Buch mit diesem Titel ver\u00f6ffentlichte, mit Kommentaren die die jahrzehntelangen Verbrechen Israels gegen die pal\u00e4stinensische Bev\u00f6lkerung beschrieben, konnte ich mir allerdings auch in meinen schlimmsten Vorstellungen nicht ausmalen, was wir gerade erleben m\u00fcssen. Ja, es war beispiellos, was sich am 7. Oktober\u2026","rel":"","context":"In &quot;Demokratie \u2013 Medien \u2013 Aufkl\u00e4rung&quot;","block_context":{"text":"Demokratie \u2013 Medien \u2013 Aufkl\u00e4rung","link":"https:\/\/www.freidenker.org\/?cat=12"},"img":{"alt_text":"","src":"https:\/\/i0.wp.com\/www.freidenker.org\/fw17\/wp-content\/uploads\/2023\/11\/palestine-8012395_800x450.jpg?fit=800%2C450&ssl=1&resize=350%2C200","width":350,"height":200,"srcset":"https:\/\/i0.wp.com\/www.freidenker.org\/fw17\/wp-content\/uploads\/2023\/11\/palestine-8012395_800x450.jpg?fit=800%2C450&ssl=1&resize=350%2C200 1x, https:\/\/i0.wp.com\/www.freidenker.org\/fw17\/wp-content\/uploads\/2023\/11\/palestine-8012395_800x450.jpg?fit=800%2C450&ssl=1&resize=525%2C300 1.5x, https:\/\/i0.wp.com\/www.freidenker.org\/fw17\/wp-content\/uploads\/2023\/11\/palestine-8012395_800x450.jpg?fit=800%2C450&ssl=1&resize=700%2C400 2x"},"classes":[]},{"id":17115,"url":"https:\/\/www.freidenker.org\/?p=17115","url_meta":{"origin":15843,"position":5},"title":"Politische Skrupellosigkeit","author":"Webredaktion","date":"29. September 2023","format":false,"excerpt":"Kommentar von Evelyn Hecht-Galinski Mit Fassungslosigkeit beobachte ich die aktuelle deutsche Politik und ihre Akteure. Niemals h\u00e4tte ich es f\u00fcr m\u00f6glich gehalten, dass wir nochmals gegen Russland Krieg f\u00fchren. Ja, wir f\u00fchren Krieg gegen Russland! Wir \u2013 unsere Politiker wollen uns zwar Glauben machen, dass wir nicht im Krieg gegen\u2026","rel":"","context":"In &quot;Demokratie \u2013 Medien \u2013 Aufkl\u00e4rung&quot;","block_context":{"text":"Demokratie \u2013 Medien \u2013 Aufkl\u00e4rung","link":"https:\/\/www.freidenker.org\/?cat=12"},"img":{"alt_text":"","src":"https:\/\/i0.wp.com\/www.freidenker.org\/fw17\/wp-content\/uploads\/2023\/09\/bundestag-2463236_800x450.jpg?fit=800%2C450&ssl=1&resize=350%2C200","width":350,"height":200,"srcset":"https:\/\/i0.wp.com\/www.freidenker.org\/fw17\/wp-content\/uploads\/2023\/09\/bundestag-2463236_800x450.jpg?fit=800%2C450&ssl=1&resize=350%2C200 1x, https:\/\/i0.wp.com\/www.freidenker.org\/fw17\/wp-content\/uploads\/2023\/09\/bundestag-2463236_800x450.jpg?fit=800%2C450&ssl=1&resize=525%2C300 1.5x, https:\/\/i0.wp.com\/www.freidenker.org\/fw17\/wp-content\/uploads\/2023\/09\/bundestag-2463236_800x450.jpg?fit=800%2C450&ssl=1&resize=700%2C400 2x"},"classes":[]}],"_links":{"self":[{"href":"https:\/\/www.freidenker.org\/index.php?rest_route=\/wp\/v2\/posts\/15843","targetHints":{"allow":["GET"]}}],"collection":[{"href":"https:\/\/www.freidenker.org\/index.php?rest_route=\/wp\/v2\/posts"}],"about":[{"href":"https:\/\/www.freidenker.org\/index.php?rest_route=\/wp\/v2\/types\/post"}],"author":[{"embeddable":true,"href":"https:\/\/www.freidenker.org\/index.php?rest_route=\/wp\/v2\/users\/3"}],"replies":[{"embeddable":true,"href":"https:\/\/www.freidenker.org\/index.php?rest_route=%2Fwp%2Fv2%2Fcomments&post=15843"}],"version-history":[{"count":0,"href":"https:\/\/www.freidenker.org\/index.php?rest_route=\/wp\/v2\/posts\/15843\/revisions"}],"wp:featuredmedia":[{"embeddable":true,"href":"https:\/\/www.freidenker.org\/index.php?rest_route=\/wp\/v2\/media\/15848"}],"wp:attachment":[{"href":"https:\/\/www.freidenker.org\/index.php?rest_route=%2Fwp%2Fv2%2Fmedia&parent=15843"}],"wp:term":[{"taxonomy":"category","embeddable":true,"href":"https:\/\/www.freidenker.org\/index.php?rest_route=%2Fwp%2Fv2%2Fcategories&post=15843"},{"taxonomy":"post_tag","embeddable":true,"href":"https:\/\/www.freidenker.org\/index.php?rest_route=%2Fwp%2Fv2%2Ftags&post=15843"}],"curies":[{"name":"wp","href":"https:\/\/api.w.org\/{rel}","templated":true}]}}