{"id":15820,"date":"2023-04-21T23:59:39","date_gmt":"2023-04-21T21:59:39","guid":{"rendered":"https:\/\/www.freidenker.org\/?p=15820"},"modified":"2023-05-07T23:24:05","modified_gmt":"2023-05-07T21:24:05","slug":"klatschende-ohrfeige-fuer-baerbock","status":"publish","type":"post","link":"https:\/\/www.freidenker.org\/?p=15820","title":{"rendered":"Klatschende Ohrfeige f\u00fcr Baerbock"},"content":{"rendered":"<h4>UN verurteilt Sanktionen als v\u00f6lkerrechtswidrig<\/h4>\n<p><strong>Der UN-Menschenrechtsrat hat mit gro\u00dfer Mehrheit die einseitigen Sanktionen des Westens verurteilt und auf ihren v\u00f6lkerrechtswidrigen Charakter hingewiesen. Sie verletzen zudem die universellen Menschenrechte. In Deutschland wird das Abwatschen westlicher Politik schlicht verschwiegen. <\/strong><\/p>\n<p><em>Von <strong>Gert Ewen Ungar<\/strong><\/em><\/p>\n<p><span style=\"font-size: 10pt;\">Erstver\u00f6ffentlichung am 17.03.2023 auf <a href=\"https:\/\/gegenzensur.rtde.life\/meinung\/167894-klatschende-ohrfeige-fuer-baerbock-un\/\" target=\"_blank\" rel=\"noopener\">RT DE<\/a><\/span><\/p>\n<div class=\"EmbedBlock-root EmbedBlock-all\">\n<div class=\"AllEmbed\"><iframe loading=\"lazy\" title=\"Klatschende Ohrfeige f\u00fcr Baerbock \u2013 UN verurteilt Sanktionen als v\u00f6lkerrechtswidrig\" src=\"https:\/\/www.podbean.com\/player-v2\/?i=hdydx-13e832b-pb&amp;from=pb6admin&amp;share=1&amp;download=1&amp;rtl=0&amp;fonts=Arial&amp;skin=1&amp;font-color=&amp;logo_link=episode_page&amp;btn-skin=7\" width=\"100%\" height=\"150\" scrolling=\"no\" allowfullscreen=\"allowfullscreen\" data-name=\"pb-iframe-player\" data-mce-fragment=\"1\"><\/iframe><\/div>\n<\/div>\n<p>Die deutsche Au\u00dfenministerin Annalena Baerbock (B\u00fcndnis 90\/Die Gr\u00fcnen) ist gerade auf Staatsbesuch in Japan. Dort trifft sie auf ihre Amtskollegen der G7-Staaten. In einem Tweet zum Treffen teilt sie erneut gegen China aus, das sie zuvor besucht und dort f\u00fcr einen diplomatischen Skandal gesorgt hat, der das Ansehen Deutschlands besch\u00e4digt hat. Obwohl sie in Deutschland f\u00fcr ihre klare Haltung gelobt wurde, hat sich Chinas Au\u00dfenminister die deutsche Besserwisserei verbeten.<\/p>\n<blockquote><p><em>Nun schreibt Baerbock auf Twitter: &#8222;Als G7 sind wir gemeinsam stark, weil wir genau wissen, wof\u00fcr wir eintreten: F\u00fcr eine internationale Ordnung, in der Rechtsstaatlichkeit &amp; V\u00f6lkerrecht Vorrang haben. F\u00fcr wirtschaftliche Beziehungen, die nicht auf Abh\u00e4ngigkeiten setzen, sondern Fairness und gemeinsame Regeln.<\/em><br \/>\n<em>Als Demokratien sind wir dann erfolgreich im Systemwettstreit mit autokratischen Kr\u00e4ften, wenn unsere Partner &amp; Freunde auf der ganzen Welt Vertrauen in uns haben. (\u2026)&#8220;<\/em><\/p><\/blockquote>\n<blockquote class=\"twitter-tweet\" data-width=\"550\" data-dnt=\"true\">\n<p lang=\"de\" dir=\"ltr\">Als <a href=\"https:\/\/twitter.com\/G7?ref_src=twsrc%5Etfw\">@G7<\/a> sind wir gemeinsam stark, weil wir genau wissen, wof\u00fcr wir eintreten: F\u00fcr eine internationale Ordnung, in der Rechtsstaatlichkeit &amp; V\u00f6lkerrecht Vorrang haben. F\u00fcr wirtschaftliche Beziehungen, die nicht auf Abh\u00e4ngigkeiten setzen, sondern Fairness und gemeinsame Regeln. 1\/3 <a href=\"https:\/\/t.co\/jROLYGHyQq\">pic.twitter.com\/jROLYGHyQq<\/a><\/p>\n<p>&mdash; Au\u00dfenministerin Annalena Baerbock (@ABaerbock) <a href=\"https:\/\/twitter.com\/ABaerbock\/status\/1647603603534667779?ref_src=twsrc%5Etfw\">April 16, 2023<\/a><\/p><\/blockquote>\n<p><script async src=\"https:\/\/platform.twitter.com\/widgets.js\" charset=\"utf-8\"><\/script><\/p>\n<p>&nbsp;<\/p>\n<p>Der Verweis auf das V\u00f6lkerrecht und die &#8222;regelbasierte Ordnung&#8220; geh\u00f6ren zu Baerbocks Standardfloskeln. Das klingt gut und macht einen verbindlichen Eindruck. Es klingt so, als ob sich Deutschland au\u00dfenpolitisch von einem klaren Wertesystem leiten lassen w\u00fcrde. Das ist nat\u00fcrlich nicht der Fall. Deutsche Au\u00dfenpolitik unter Baerbock agiert\u00a0nach Gutd\u00fcnken und ist nicht von Ethik, sondern von reiner Willk\u00fcr und transatlantischer Unterwerfung geleitet. Diese absolute Dissonanz zwischen Anspruch und Wirklichkeit wird in den politischen Debatten in Deutschland obendrein nicht zum Thema gemacht. Allerdings w\u00e4re genau das wichtig. Stattdessen aber pflegt man in deutschen Medien einen Personenkult und die Verherrlichung von Baerbock in einer Form, die man in totalit\u00e4ren Staaten erwarten w\u00fcrde.<\/p>\n<p>Um daf\u00fcr ein ganz konkretes Beispiel zu nennen:\u00a0Der UN-Menschenrechtsrat hat mit gro\u00dfer Mehrheit eine Resolution verabschiedet, in der das westliche Sanktionsregime verurteilt wird. Der Resolutionstext m\u00fcsste auch die deutsche Au\u00dfenministerin aufr\u00fctteln. Baerbock f\u00fchlt sich der feministischen Au\u00dfenpolitik verpflichtet und erhebt den Anspruch, unter ihrer F\u00fchrung w\u00fcrde die deutsche Au\u00dfenpolitik immer auch die Auswirkungen auf Frauen, sexuelle Minderheiten, Kinder und gesellschaftlich Diskriminierte mit im Blick haben. So die Theorie.<\/p>\n<p>In der Praxis zeigt sich der Menschenrechtsrat der UN nicht nur tief besorgt angesichts der negativen Auswirkungen der einseitigen Ma\u00dfnahmen auf das Recht zu leben, das Recht auf physische und psychische Unversehrtheit sowie auf andere fundamentale Rechte.\u00a0\u00a0Er zeigt sich auch beunruhigt \u00fcber die unverh\u00e4ltnism\u00e4\u00dfigen menschlichen Kosten der einseitigen Sanktionen angesichts ihrer negativen Auswirkungen auf die Zivilbev\u00f6lkerung, insbesondere auf Frauen und Kinder in den betroffenen L\u00e4ndern.<\/p>\n<p>Da fallen im Resolutionstext genau die Schlagworte, die Baerbock immer dann anf\u00fchrt, wenn sie den Begriff der feministischen Au\u00dfenpolitik zu umrei\u00dfen versucht. Der UN-Menschenrechtsrat fordert die Staaten auf, das Sanktionsregime zu beenden.<\/p>\n<p>Baerbock\u00a0bekommt von einem wichtigen Gremium der UN ganz deutlich gesagt, dass sie mit ihrer Politik in Konflikt mit ihren eigenen Grunds\u00e4tzen steht. Die einseitige westliche Sanktionspolitik trifft die Zivilbev\u00f6lkerung und dort zun\u00e4chst die Schw\u00e4chsten.<\/p>\n<p>Der Menschenrechtsrat verurteilt\u00a0die Sanktionen zudem als v\u00f6lkerrechtswidrig, denn sie wurden nicht durch die Vereinten Nationen legitimiert. Die EU gab sich vor einigen Jahren selbst das Recht, Sanktionen zu verh\u00e4ngen. Eine echte v\u00f6lkerrechtliche Grundlage gibt es daf\u00fcr nat\u00fcrlich nicht. Es ist das Recht des St\u00e4rkeren, das die EU aus\u00fcbt.<\/p>\n<p>Noch einmal zusammengefasst: Mit ihrer Sanktionspolitik versto\u00dfen die EU und auch Deutschland gegen das V\u00f6lkerrecht. Zudem trifft diese Politik die Zivilbev\u00f6lkerung und besonders hart Frauen und Kinder.<\/p>\n<p>Was passiert daraufhin in Deutschland? Die Antwort ist ganz einfach: nichts. Die Politik und die gro\u00dfen Medienh\u00e4user ignorieren die Resolution.\u00a0Die klatschende Ohrfeige f\u00fcr die westlichen L\u00e4nder und das Entlarven der scheinheiligen Rhetorik der deutschen Au\u00dfenministerin durch ein Gremium der UN bleibt in Deutschland einfach unerw\u00e4hnt.<\/p>\n<p>Das passt aber insgesamt ins Bild, das man im Ausland inzwischen von Deutschland hat. Mit einer ins Monstr\u00f6se aufgebl\u00e4hten moralischen Hybris versucht Deutschland die Tatsache zu verdecken, dass es im Hinblick auf die Ethik seines eigenen politischen Handelns ganz klar zu den Minderleistern im Kreis der Nationen geh\u00f6rt.\u00a0Deutschlands Au\u00dfenpolitik ist gerade gemessen am eigenen Ma\u00dfstab von einer erschreckenden Unmoral. Sie ist willk\u00fcrlich, rein ideologisch und in ihren Auswirkungen menschenverachtend.<\/p>\n<p>Dabei werden UN-Resolutionen regelm\u00e4\u00dfig mit medialer Aufmerksamkeit bedacht, zumindest dann, wenn es nur eines leichten Spins bedarf, sie ins herrschende Narrativ einzubauen. So wird eine Resolution der UN-Vollversammlung, die den russischen Angriffskrieg verurteilt und mit 141 Ja-Stimmen angenommen wurde, von deutschen Medien als Isolation Russlands gedeutet und entsprechend gefeiert.<\/p>\n<p>Dabei sagen die Ja-Stimmen lediglich, dass sie Russlands Einmarsch in die Ukraine f\u00fcr einen Versto\u00df gegen das V\u00f6lkerrecht halten. Sie sagen nichts dar\u00fcber aus, ob die L\u00e4nder der westlichen Auffassung folgen, dass Russland die alleinige Verantwortung daf\u00fcr tr\u00e4gt. Daraufhin befragt, machen sie sogar immer wieder deutlich, dass sie der westlichen Auffassung, Russland h\u00e4tte die Ukraine grundlos und unprovoziert \u00fcberfallen, nicht folgen. Auch kann nicht die Rede von einer Isolierung Russlands sein, denn die \u00fcbergro\u00dfe Mehrheit der L\u00e4nder tr\u00e4gt das westliche Sanktionsregime nicht mit.<\/p>\n<p>Die Resolution des UN-Menschenrechtsrats ist eine offene Verurteilung westlicher Politik. Dass sie in Deutschland schweigend \u00fcbergangen wird, liefert denjenigen ein neues, weiteres Argument, die die deutsche Au\u00dfenpolitik f\u00fcr im Kern kolonialistisch halten und die Baerbock vorwerfen, sie fordere die bedingungslose Unterordnung der Welt unter das westliche Regime.<\/p>\n<p>Baerbock w\u00fcrdigt das V\u00f6lkerrecht herab zum rhetorischen Mittel. Daran gebunden f\u00fchlt sich Deutschland nicht. Diese Ungleichheit der Nationen vor dem internationalen Recht muss dringend korrigiert werden. Es braucht eine Ordnung, die deutsche Politik in der Weise einhegt, dass sich auch Deutschland an die regelbasierte Ordnung h\u00e4lt, die es jetzt nur als wohlklingende Floskel im Munde f\u00fchrt.<\/p>\n<p style=\"text-align: right;\"><em>Gert-Ewen Ungar studierte Philosophie und Germanistik und arbeitet als P\u00e4dagoge in der Sozialpsychiatrie in Berlin<\/em><\/p>\n<hr \/>\n<p><span style=\"font-size: 10pt;\">Bild: Die Au\u00dfenminister der sogen. G7-Staaten bei ihrem Treffen am 17.04.2023 in Karuizawa \/ Japan<\/span><br \/>\n<span style=\"font-size: 10pt;\">Foto: UK Government, <a href=\"https:\/\/creativecommons.org\/licenses\/by\/2.0\" target=\"_blank\" rel=\"noopener\">CC BY 2.0<\/a><\/span><br \/>\n<span style=\"font-size: 10pt;\">Quelle: <a href=\"https:\/\/commons.wikimedia.org\/w\/index.php?curid=130835637\" target=\"_blank\" rel=\"noopener\">https:\/\/commons.wikimedia.org\/w\/index.php?curid=130835637<\/a><\/span><\/p>\n","protected":false},"excerpt":{"rendered":"<p><b>Beitrag von Gert Ewen Ungar<\/b><br \/>\nDie deutsche Au\u00dfenministerin Annalena Baerbock (B\u00fcndnis 90\/Die Gr\u00fcnen) ist gerade auf Staatsbesuch in Japan. Dort trifft sie auf ihre Amtskollegen der G7-Staaten. In einem Tweet zum Treffen teilt sie erneut gegen China aus, das sie zuvor besucht und dort f\u00fcr einen diplomatischen Skandal gesorgt hat, der das Ansehen Deutschlands besch\u00e4digt hat. Obwohl sie in Deutschland f\u00fcr ihre klare Haltung gelobt wurde, hat sich Chinas Au\u00dfenminister die deutsche Besserwisserei verbeten. Nun schreibt Baerbock auf Twitter: &#8222;Als G7 sind wir gemeinsam stark, weil wir genau wissen, wof\u00fcr wir eintreten: F\u00fcr eine internationale Ordnung, in der Rechtsstaatlichkeit &#038; V\u00f6lkerrecht Vorrang haben. &#8230;&#8220;<\/p>\n","protected":false},"author":3,"featured_media":15827,"comment_status":"closed","ping_status":"closed","sticky":false,"template":"","format":"standard","meta":{"colormag_page_container_layout":"default_layout","colormag_page_sidebar_layout":"default_layout","advanced_seo_description":"","jetpack_seo_html_title":"","jetpack_seo_noindex":false,"jetpack_post_was_ever_published":false,"footnotes":""},"categories":[12],"tags":[452,563,794,1649,1775,719,1120,345,1624],"class_list":["post-15820","post","type-post","status-publish","format-standard","has-post-thumbnail","hentry","category-demokratie-medien-aufklaerung","tag-deutschland","tag-menschenrechte","tag-rechtsstaatlichkeit","tag-regelbasierte-weltordnung","tag-resolution","tag-sanktionen","tag-uno","tag-voelkerrecht","tag-werte"],"jetpack_featured_media_url":"https:\/\/i0.wp.com\/www.freidenker.org\/fw17\/wp-content\/uploads\/2023\/04\/Foreign_Secretary_James_Cleverly_attends_G7_in_Japan_day_2_-_800x450.jpg?fit=800%2C450&ssl=1","jetpack_shortlink":"https:\/\/wp.me\/p9stpK-47a","jetpack-related-posts":[{"id":17706,"url":"https:\/\/www.freidenker.org\/?p=17706","url_meta":{"origin":15820,"position":0},"title":"Zeugnis des doppelten Standards: Baerbock im Interview","author":"Webredaktion","date":"29. Dezember 2023","format":false,"excerpt":"Beitrag von Gert Ewen Ungar Bez\u00fcglich des Ukraine-Konflikts werden die Deutschen fl\u00e4chendeckend von den verantwortlichen Politikern und von den mitverantwortlichen Medien des Mainstreams desinformiert. Dass die deutsche Au\u00dfenministerin da keine Ausnahme bildet, ist nicht \u00fcberraschend. Sie tut sich im Gegenteil seit Langem damit hervor, die Unwahrheiten besonders dick aufzutragen.\u00a0In einem\u2026","rel":"","context":"In &quot;Demokratie \u2013 Medien \u2013 Aufkl\u00e4rung&quot;","block_context":{"text":"Demokratie \u2013 Medien \u2013 Aufkl\u00e4rung","link":"https:\/\/www.freidenker.org\/?cat=12"},"img":{"alt_text":"","src":"https:\/\/i0.wp.com\/www.freidenker.org\/fw17\/wp-content\/uploads\/2023\/12\/BDK_Karlsruhe_Nov_2023_Annalena_Baerbock_11_800x450.jpg?fit=800%2C450&ssl=1&resize=350%2C200","width":350,"height":200,"srcset":"https:\/\/i0.wp.com\/www.freidenker.org\/fw17\/wp-content\/uploads\/2023\/12\/BDK_Karlsruhe_Nov_2023_Annalena_Baerbock_11_800x450.jpg?fit=800%2C450&ssl=1&resize=350%2C200 1x, https:\/\/i0.wp.com\/www.freidenker.org\/fw17\/wp-content\/uploads\/2023\/12\/BDK_Karlsruhe_Nov_2023_Annalena_Baerbock_11_800x450.jpg?fit=800%2C450&ssl=1&resize=525%2C300 1.5x, https:\/\/i0.wp.com\/www.freidenker.org\/fw17\/wp-content\/uploads\/2023\/12\/BDK_Karlsruhe_Nov_2023_Annalena_Baerbock_11_800x450.jpg?fit=800%2C450&ssl=1&resize=700%2C400 2x"},"classes":[]},{"id":16677,"url":"https:\/\/www.freidenker.org\/?p=16677","url_meta":{"origin":15820,"position":1},"title":"In ihrer geistigen Schlichtheit unheilvoll \u2013 die Weltsicht der Au\u00dfenministerin Baerbock","author":"Webredaktion","date":"18. Juli 2023","format":false,"excerpt":"Beitrag von Gert Ewen Ungar Dass Annalena Baerbock (B\u00fcndnis 90\/Die Gr\u00fcnen) Au\u00dfenministerin ist, ist sowohl f\u00fcr Deutschland als auch Europa und die Welt brandgef\u00e4hrlich. Baerbock ist mit dem Amt \u00fcberfordert, sch\u00e4tzt Entwicklungen falsch ein, denkt in einfachen Schwarz-Wei\u00df-Mustern und ist zur Differenzierung nicht in der Lage. Es fehlen ihr Basiskenntnisse\u2026","rel":"","context":"In &quot;Demokratie \u2013 Medien \u2013 Aufkl\u00e4rung&quot;","block_context":{"text":"Demokratie \u2013 Medien \u2013 Aufkl\u00e4rung","link":"https:\/\/www.freidenker.org\/?cat=12"},"img":{"alt_text":"","src":"https:\/\/i0.wp.com\/www.freidenker.org\/fw17\/wp-content\/uploads\/2023\/07\/Cleverly_meets_Baerbock_ausz_800x450.jpg?fit=800%2C450&ssl=1&resize=350%2C200","width":350,"height":200,"srcset":"https:\/\/i0.wp.com\/www.freidenker.org\/fw17\/wp-content\/uploads\/2023\/07\/Cleverly_meets_Baerbock_ausz_800x450.jpg?fit=800%2C450&ssl=1&resize=350%2C200 1x, https:\/\/i0.wp.com\/www.freidenker.org\/fw17\/wp-content\/uploads\/2023\/07\/Cleverly_meets_Baerbock_ausz_800x450.jpg?fit=800%2C450&ssl=1&resize=525%2C300 1.5x, https:\/\/i0.wp.com\/www.freidenker.org\/fw17\/wp-content\/uploads\/2023\/07\/Cleverly_meets_Baerbock_ausz_800x450.jpg?fit=800%2C450&ssl=1&resize=700%2C400 2x"},"classes":[]},{"id":20291,"url":"https:\/\/www.freidenker.org\/?p=20291","url_meta":{"origin":15820,"position":2},"title":"Das verlogene S\u00e4useln der Annalena Baerbock","author":"Webredaktion","date":"17. November 2024","format":false,"excerpt":"Beitrag von Gert Ewen Ungar Vor 140 Jahren, am 15. November 1884, begann in Berlin die Kongo-Konferenz, auf der die Kolonialm\u00e4chte die Aufteilung Afrikas beschlossen. Deutschlands Au\u00dfenministerin Annalena Baerbock (B\u00fcndnis 90\/Die Gr\u00fcnen) nimmt das Datum zum Anlass f\u00fcr einen Namensbeitrag in der Frankfurter Rundschau. ... Mit dem \u00fcblichen Betroffenheitsges\u00e4usel schl\u00e4fert\u2026","rel":"","context":"In &quot;Demokratie \u2013 Medien \u2013 Aufkl\u00e4rung&quot;","block_context":{"text":"Demokratie \u2013 Medien \u2013 Aufkl\u00e4rung","link":"https:\/\/www.freidenker.org\/?cat=12"},"img":{"alt_text":"","src":"https:\/\/i0.wp.com\/www.freidenker.org\/fw17\/wp-content\/uploads\/2024\/11\/Kongokonferenz_800x450.jpg?fit=800%2C450&ssl=1&resize=350%2C200","width":350,"height":200,"srcset":"https:\/\/i0.wp.com\/www.freidenker.org\/fw17\/wp-content\/uploads\/2024\/11\/Kongokonferenz_800x450.jpg?fit=800%2C450&ssl=1&resize=350%2C200 1x, https:\/\/i0.wp.com\/www.freidenker.org\/fw17\/wp-content\/uploads\/2024\/11\/Kongokonferenz_800x450.jpg?fit=800%2C450&ssl=1&resize=525%2C300 1.5x, https:\/\/i0.wp.com\/www.freidenker.org\/fw17\/wp-content\/uploads\/2024\/11\/Kongokonferenz_800x450.jpg?fit=800%2C450&ssl=1&resize=700%2C400 2x"},"classes":[]},{"id":18290,"url":"https:\/\/www.freidenker.org\/?p=18290","url_meta":{"origin":15820,"position":3},"title":"Baerbock: Diktatoren haben Angst vor Frauen","author":"Webredaktion","date":"23. Februar 2024","format":false,"excerpt":"Beitrag von Gert Ewen Ungar Die deutsche Au\u00dfenministerin Annalena Baerbock (B\u00fcndnis 90\/Die Gr\u00fcnen) leitet ihre Beitr\u00e4ge gern im Relotius-Stil ein: Einem unschuldigen jungen Menschen, wegen\u00a0Baerbocks Bekenntnis zur feministischen Au\u00dfenpolitik gern weiblich, geschieht aufgrund der politischen Situation im eigenen Land gro\u00dfes Unrecht. W\u00e4hrend Claas Relotius seine syrischen Protagonisten von Kanzlerin Angela\u2026","rel":"","context":"In &quot;Demokratie \u2013 Medien \u2013 Aufkl\u00e4rung&quot;","block_context":{"text":"Demokratie \u2013 Medien \u2013 Aufkl\u00e4rung","link":"https:\/\/www.freidenker.org\/?cat=12"},"img":{"alt_text":"","src":"https:\/\/i0.wp.com\/www.freidenker.org\/fw17\/wp-content\/uploads\/2024\/02\/BDK_Karlsruhe_Nov_2023_Annalena_Baerbock_6_800x450.jpg?fit=800%2C450&ssl=1&resize=350%2C200","width":350,"height":200,"srcset":"https:\/\/i0.wp.com\/www.freidenker.org\/fw17\/wp-content\/uploads\/2024\/02\/BDK_Karlsruhe_Nov_2023_Annalena_Baerbock_6_800x450.jpg?fit=800%2C450&ssl=1&resize=350%2C200 1x, https:\/\/i0.wp.com\/www.freidenker.org\/fw17\/wp-content\/uploads\/2024\/02\/BDK_Karlsruhe_Nov_2023_Annalena_Baerbock_6_800x450.jpg?fit=800%2C450&ssl=1&resize=525%2C300 1.5x, https:\/\/i0.wp.com\/www.freidenker.org\/fw17\/wp-content\/uploads\/2024\/02\/BDK_Karlsruhe_Nov_2023_Annalena_Baerbock_6_800x450.jpg?fit=800%2C450&ssl=1&resize=700%2C400 2x"},"classes":[]},{"id":17510,"url":"https:\/\/www.freidenker.org\/?p=17510","url_meta":{"origin":15820,"position":4},"title":"Israel und Russland: Deutsche Politik misst mit zweierlei Ma\u00df","author":"Webredaktion","date":"10. November 2023","format":false,"excerpt":"Beitrag von Gert Ewen Ungar In einer Hinsicht ist der Westen, sind seine Regierungen und die vom Westen dominierten Organisationen schon jetzt die gro\u00dfen Verlierer der aktuellen Konflikte in Nahost und in der Ukraine. Der Westen, verstanden als die Gemeinschaft der L\u00e4nder, die die US-gef\u00fchrte Hegemonie unterst\u00fctzen, hat inzwischen jede\u2026","rel":"","context":"In &quot;Demokratie \u2013 Medien \u2013 Aufkl\u00e4rung&quot;","block_context":{"text":"Demokratie \u2013 Medien \u2013 Aufkl\u00e4rung","link":"https:\/\/www.freidenker.org\/?cat=12"},"img":{"alt_text":"","src":"https:\/\/i0.wp.com\/www.freidenker.org\/fw17\/wp-content\/uploads\/2023\/11\/to-bake-3608450_800x450.jpg?fit=800%2C450&ssl=1&resize=350%2C200","width":350,"height":200,"srcset":"https:\/\/i0.wp.com\/www.freidenker.org\/fw17\/wp-content\/uploads\/2023\/11\/to-bake-3608450_800x450.jpg?fit=800%2C450&ssl=1&resize=350%2C200 1x, https:\/\/i0.wp.com\/www.freidenker.org\/fw17\/wp-content\/uploads\/2023\/11\/to-bake-3608450_800x450.jpg?fit=800%2C450&ssl=1&resize=525%2C300 1.5x, https:\/\/i0.wp.com\/www.freidenker.org\/fw17\/wp-content\/uploads\/2023\/11\/to-bake-3608450_800x450.jpg?fit=800%2C450&ssl=1&resize=700%2C400 2x"},"classes":[]},{"id":14037,"url":"https:\/\/www.freidenker.org\/?p=14037","url_meta":{"origin":15820,"position":5},"title":"F\u00fcr eine Au\u00dfenministerin gef\u00e4hrlich naiv \u2013 Baerbocks Rede in New York","author":"Webredaktion","date":"24. August 2022","format":false,"excerpt":"Beitrag von Gert Ewen Ungar Im Rahmen ihrer Nordamerikareise vom 01. bis zum 03. August hielt Au\u00dfenministerin Annalena Baerbock an der New School in New York eine Rede, in der sie die Leitlinien deutscher Au\u00dfenpolitik skizzierte.\u00a0Die New School ist eine f\u00fcr die deutsch-amerikanischen Beziehungen historisch wichtige Universit\u00e4t. An der Universit\u00e4t\u2026","rel":"","context":"In &quot;Demokratie \u2013 Medien \u2013 Aufkl\u00e4rung&quot;","block_context":{"text":"Demokratie \u2013 Medien \u2013 Aufkl\u00e4rung","link":"https:\/\/www.freidenker.org\/?cat=12"},"img":{"alt_text":"","src":"https:\/\/i0.wp.com\/www.freidenker.org\/fw17\/wp-content\/uploads\/2022\/08\/Blinken_Baerbock_Virtual_Press_Conference_2022_800x450.jpg?fit=800%2C450&ssl=1&resize=350%2C200","width":350,"height":200,"srcset":"https:\/\/i0.wp.com\/www.freidenker.org\/fw17\/wp-content\/uploads\/2022\/08\/Blinken_Baerbock_Virtual_Press_Conference_2022_800x450.jpg?fit=800%2C450&ssl=1&resize=350%2C200 1x, https:\/\/i0.wp.com\/www.freidenker.org\/fw17\/wp-content\/uploads\/2022\/08\/Blinken_Baerbock_Virtual_Press_Conference_2022_800x450.jpg?fit=800%2C450&ssl=1&resize=525%2C300 1.5x, https:\/\/i0.wp.com\/www.freidenker.org\/fw17\/wp-content\/uploads\/2022\/08\/Blinken_Baerbock_Virtual_Press_Conference_2022_800x450.jpg?fit=800%2C450&ssl=1&resize=700%2C400 2x"},"classes":[]}],"_links":{"self":[{"href":"https:\/\/www.freidenker.org\/index.php?rest_route=\/wp\/v2\/posts\/15820","targetHints":{"allow":["GET"]}}],"collection":[{"href":"https:\/\/www.freidenker.org\/index.php?rest_route=\/wp\/v2\/posts"}],"about":[{"href":"https:\/\/www.freidenker.org\/index.php?rest_route=\/wp\/v2\/types\/post"}],"author":[{"embeddable":true,"href":"https:\/\/www.freidenker.org\/index.php?rest_route=\/wp\/v2\/users\/3"}],"replies":[{"embeddable":true,"href":"https:\/\/www.freidenker.org\/index.php?rest_route=%2Fwp%2Fv2%2Fcomments&post=15820"}],"version-history":[{"count":0,"href":"https:\/\/www.freidenker.org\/index.php?rest_route=\/wp\/v2\/posts\/15820\/revisions"}],"wp:featuredmedia":[{"embeddable":true,"href":"https:\/\/www.freidenker.org\/index.php?rest_route=\/wp\/v2\/media\/15827"}],"wp:attachment":[{"href":"https:\/\/www.freidenker.org\/index.php?rest_route=%2Fwp%2Fv2%2Fmedia&parent=15820"}],"wp:term":[{"taxonomy":"category","embeddable":true,"href":"https:\/\/www.freidenker.org\/index.php?rest_route=%2Fwp%2Fv2%2Fcategories&post=15820"},{"taxonomy":"post_tag","embeddable":true,"href":"https:\/\/www.freidenker.org\/index.php?rest_route=%2Fwp%2Fv2%2Ftags&post=15820"}],"curies":[{"name":"wp","href":"https:\/\/api.w.org\/{rel}","templated":true}]}}