{"id":15818,"date":"2023-04-21T23:59:30","date_gmt":"2023-04-21T21:59:30","guid":{"rendered":"https:\/\/www.freidenker.org\/?p=15818"},"modified":"2023-05-07T23:23:55","modified_gmt":"2023-05-07T21:23:55","slug":"die-mediale-hysterie-und-was-die-medien-dabei-verschweigen","status":"publish","type":"post","link":"https:\/\/www.freidenker.org\/?p=15818","title":{"rendered":"Die mediale Hysterie und was die Medien dabei verschweigen"},"content":{"rendered":"<h4>Macrons Interviews zu China<\/h4>\n<p><strong>Der franz\u00f6sische Pr\u00e4sident Macron hat die EU nach seiner Chinareise in Interviews davor gewarnt, den USA blind zu folgen. Das hat zu einer geradezu hysterischen Reaktion der transatlantischen Medien gef\u00fchrt.<\/strong><\/p>\n<div class=\"hero article__hero article__hero--small\">\n<div class=\"hero__content\">\n<div class=\"hero__content--inner\">\n<div class=\"grid grid__ld--1\">\n<div class=\"article-meta\">\n<div class=\"authors article-meta__authors \"><em>von <strong>Anti-Spiegel<\/strong> (d.i. <strong>Thomas R\u00f6per<\/strong>)<\/em><\/div>\n<div><\/div>\n<div class=\"date-time article-meta__date-time after-title \"><span class=\"date-time__date\" style=\"font-size: 10pt;\">Erstver\u00f6ffentlichung am 12. April 2023 auf <a href=\"https:\/\/www.anti-spiegel.ru\/2023\/die-mediale-hysterie-und-was-die-medien-dabei-verschweigen\/?doing_wp_cron=1681902616.4685568809509277343750\" target=\"_blank\" rel=\"noopener\">anti-spiegel.ru<\/a><\/span><\/div>\n<\/div>\n<\/div>\n<\/div>\n<\/div>\n<\/div>\n<div class=\"article__content\">\n<p>Der franz\u00f6sische Pr\u00e4sident Macron hat auf dem R\u00fcckflug von der <a href=\"https:\/\/www.anti-spiegel.ru\/2023\/die-ziemlich-erfolglose-chinareise-von-macron-und-von-der-leyen\/\" target=\"_blank\" rel=\"noreferrer noopener\">Chinareise<\/a>, die er zusammen mit Ursula von der Leyen absolviert hat, die EU in Interviews davor gewarnt, den USA blind zu folgen und de facto eine eigene Chinapolitik der EU angemahnt. Die Forderung, eine eigene Politik zu machen, die auf eigenen Interessen basiert, anstatt auf den Interessen eines anderen Staates, sollte f\u00fcr souver\u00e4ne Staaten eine Selbstverst\u00e4ndlichkeit sein. Das ist aber nicht so, wenn man der Logik der transatlantischen Medien folgt.<\/p>\n<p><a href=\"https:\/\/www.spiegel.de\/ausland\/china-politik-scharfe-kritik-an-emmanuel-macron-nach-distanzierung-von-usa-a-61571aa0-5a38-443e-a371-cf0dc3813323\" target=\"_blank\" rel=\"noreferrer noopener\">Der Spiegel zum Beispiel zitierte Macrons Aussage wie folgt<\/a>:<\/p>\n<blockquote class=\"wp-block-quote\"><p>\u201eMacron pocht beim Konflikt um Taiwan auf ein eigenes europ\u00e4isches Tempo. \u00bbUnsere Priorit\u00e4t kann es nicht sein, uns der Agenda von anderen in allen Weltregionen anzupassen\u00ab, sagte Macron. Europa riskiere, \u00bbzu Vasallen zu werden, w\u00e4hrend wir der dritte Pol sein k\u00f6nnen, wenn wir ein paar Jahre Zeit haben, ihn aufzubauen\u00ab, sagte Macron.\u201c<\/p><\/blockquote>\n<p>Die Aussagen von Macron sind f\u00fcr den Staatschef eines souver\u00e4nen Landes vern\u00fcnftig, zumindest dann, wenn er sich zun\u00e4chst auf die Interessen des eigenen Landes konzentriert, anstatt auf die Interessen anderer L\u00e4nder. Und in sch\u00f6nen Erkl\u00e4rungen fordern auch europ\u00e4ische Politiker immer wieder, die EU solle eine eigenst\u00e4ndige Politik betreiben, wenn sie in der Weltpolitik noch eine Rolle spielen m\u00f6chte. Trotzdem (oder gerade deshalb) hat Macrons Aussage zu geradezu hysterischen Reaktionen deutscher Politiker und vor allem der transatlantischen deutschen Medien gef\u00fchrt.<\/p>\n<p>Offenbar ist es nicht gewollt, dass die EU eine eigenst\u00e4ndige Politik macht und sich zuerst auf ihre eigenen Interessen konzentriert, anstatt den Interessen der USA zu dienen. Anders l\u00e4sst sich die hysterische Reaktion auf Macrons vern\u00fcnftige Aussagen nicht erkl\u00e4ren.<\/p>\n<p>Hinzu kommt, dass es eigentlich keine objektiven Interessenkonflikte zwischen den Staaten der EU und China gibt, wie ich <a href=\"https:\/\/www.anti-spiegel.ru\/2023\/welche-interessenkonflikte-gibt-es-eigentlich-zwischen-der-eu-und-china\/\" target=\"_blank\" rel=\"noreferrer noopener\">hier aufgezeigt<\/a> habe. Die EU und China haben objektiv gesehen sogar gemeinsame Interessen, weil der gegenseitige Handel beiden Seiten Wohlstand bringt. Es sind die USA, die ein Problem mit China haben, weil China den Weltmachtanspruch der USA, den Washington unter der Bezeichnung \u201eworldwide dominance\u201c offen verk\u00fcndet, st\u00f6rt.<\/p>\n<p>Die politische F\u00fchrung der EU und der meisten EU-Staaten hat sich der US-Politik in Sachen China untergeordnet, und zwar zum eigenen Schaden. Als Trump seine Anti-China-Politik begann, war die Kritik aus der EU noch laut und deutlich, es war von \u201eProtektionismus\u201c die Rede, der dem Handel schade. Nachdem die Biden-Regierung Trumps Anti-China-Politik fortsetzt, hat sich die Rhetorik in der EU ge\u00e4ndert und die EU ist auf die US-Linie eingeschwenkt, obwohl objektiv gesehen \u2013 au\u00dfer dem Regierungswechsel in den USA \u2013 nichts passiert ist, China also nichts getan hat, was diesen politischen Kurswechsel der EU begr\u00fcnden w\u00fcrde.<\/p>\n<p>Wer die chinesische Neutralit\u00e4t im Ukraine-Konflikt als Grund f\u00fcr die Anti-China-Politik der EU anf\u00fchrt, liegt \u00fcbrigens falsch, denn zuerst kam nach Bidens Amtsantritt der Kurswechsel der China-Politik der EU, und erst ein Jahr sp\u00e4ter eskalierte der seit 2014 andauernde Ukraine-Krieg.<\/p>\n<h5>Die mediale Hysterie<\/h5>\n<p>Wie \u00fcblich nehme ich den Spiegel als Beispiel f\u00fcr die mediale Berichterstattung in Deutschland. Der Spiegel hat nach Macrons \u00c4u\u00dferungen \u00fcber China und seine Warnung, die EU solle den USA nicht blind folgen, unz\u00e4hlige Artikel zu dem Thema ver\u00f6ffentlicht. Der oben zitierte Spiegel-Artikel \u00fcber Macrons Aussagen trug zum Beispiel die \u00dcberschrift <em>\u201e\u00bbVon allen guten Geistern verlassen\u00ab \u2013 Deutsche Politiker \u00fcben scharfe Kritik an Macrons China-Aussagen\u201c<\/em>. Die \u00dcberschrift lautete urspr\u00fcnglich ganz sachlich <em>\u201eChina-Politik \u2013 Scharfe Kritik an Macron nach Distanzierung von USA\u201c<\/em>, wurde von der Spiegel-Redaktion dann aber versch\u00e4rft und emotionaler formuliert.<\/p>\n<p>Innerhalb von 24 Stunden folgten Spiegel-Artikel mit \u00dcberschriften wie \u201e<a href=\"https:\/\/www.spiegel.de\/ausland\/macron-und-seine-verfehlte-china-politik-kommentar-a-b0a4846f-3e82-42e9-8c35-71724271a36b\" target=\"_blank\" rel=\"noreferrer noopener\">Franz\u00f6sischer Pr\u00e4sident in Peking \u2013 Wer Taiwan so abtut, ist naiv oder ein Populist. Oder beides<\/a>\u201c oder \u201e<a href=\"https:\/\/www.spiegel.de\/ausland\/was-steckt-hinter-der-taiwan-aeusserung-des-franzoesischen-praesidenten-emmanuel-macron-a-0e62a7a4-6c47-40d1-9812-a8485081abf3\" target=\"_blank\" rel=\"noreferrer noopener\">Frankreichs Pr\u00e4sident Macron \u2013 Provokation oder diplomatischer Ausrutscher?<\/a>\u201e, um nur zwei Beispiele zu nennen.<\/p>\n<p>Schon die Formulierungen der \u00dcberschriften zeigen, dass es dem Spiegel nicht um Berichterstattung geht, sondern um Meinungsmache. Der Spiegel-Leser soll verstehen, dass Macron nicht nur falsch liegt, sondern <em>\u201enaiv\u201c<\/em> und ein <em>\u201ePopulist\u201c<\/em> ist, der eine <em>\u201eProvokation\u201c<\/em> veranstaltet hat. Eine Analyse der Gr\u00fcnde f\u00fcr Macrons Aussage findet sich im Spiegel hingegen nicht.<\/p>\n<p>Weitere Spiegel-Artikel, die parallel zu den schon genannten ver\u00f6ffentlicht wurden, tragen \u00dcberschriften wie \u201e<a href=\"https:\/\/www.spiegel.de\/politik\/deutschland\/annalena-baerbock-und-ihr-antrittsbesuch-in-china-sie-muss-die-scherben-zusammenkehren-a-37400889-b82e-4902-8c6f-39422a5af68c\" target=\"_blank\" rel=\"noreferrer noopener\">Heikler Peking-Besuch \u2013 Baerbock muss die Scherben zusammenkehren<\/a>\u201e, darauf komme ich noch, oder \u201e<a href=\"https:\/\/www.spiegel.de\/wirtschaft\/soziales\/taiwan-so-wichtig-ist-die-provinz-fuer-die-weltwirtschaft-a-10448adc-8591-4103-8f16-8135f6962bac\" target=\"_blank\" rel=\"noreferrer noopener\">Chinesische Drohgeb\u00e4rden \u2013 Deshalb ist Taiwan so wichtig f\u00fcr die Weltwirtschaft<\/a>\u201c oder \u201e<a href=\"https:\/\/www.spiegel.de\/ausland\/macron-aeusserungen-auf-china-reise-taiwan-bittet-frankreich-um-unterstuetzung-a-8a445be3-b9fe-4bba-b1bb-6e56caee5719\" target=\"_blank\" rel=\"noreferrer noopener\">Reaktion auf umstrittene Macron-\u00c4u\u00dferungen \u2013 Taiwan bittet Frankreich um Unterst\u00fctzung<\/a>\u201e. Da die Taiwan-Frage immer wieder thematisiert wird, schauen wir uns kurz an, worum es dabei geht.<\/p>\n<h5>Die Taiwan-Frage sachlich betrachtet<\/h5>\n<p>Die Streitfrage, auf die deutsche Politiker in den genannten Artikeln eingehen, ist Taiwan, das China angeblich Taiwan \u00fcberfallen will. Da lohnt sich ein Blick auf die offizielle v\u00f6lkerrechtliche Linie der EU und ihrer Mitgliedsstaaten.<\/p>\n<p>V\u00f6lkerrechtlich erkennt die EU (und \u00fcbrigens auch die USA) Taiwan nicht als eigenst\u00e4ndigen Staat an, sondern sie betrachten Taiwan als Teil Chinas. Das ist die sogenannte \u201eEin-China-Politik\u201c, auf die China besteht und die von der EU und den USA offiziell anerkannt wird. China sieht Taiwan als Teil seines Landes an und weder die EU noch die USA haben dem je offiziell widersprochen oder gar diplomatische Beziehungen zu Taiwan aufgenommen.<\/p>\n<p>Wenn die EU und die USA Taiwan offiziell als Teil Chinas ansehen (was sie tun, solange sie keine diplomatischen Beziehungen zu Taiwan aufnehmen), ist die Taiwan-Frage eine innerchinesische Angelegenheit, in die sich andere Staaten laut UN-Charta nicht einmischen d\u00fcrfen, weil die UN-Charta die \u00e4u\u00dfere Einmischung in die inneren Angelegenheiten anderer Staaten eindeutig verbietet.<\/p>\n<p>Man muss sich also zwangsl\u00e4ufig fragen, wo eigentlich das Problem ist. Die EU und die USA sollten sich in der Taiwan-Frage entweder an das v\u00f6lkerrechtliche Verbot der Einmischung in innere Angelegenheiten anderer Staaten halten und zur Taiwan-Frage schweigen, oder konsequent sein und Taiwan offiziell anerkennen. Das jedoch tun sie nicht, weil sie die chinesische Reaktion f\u00fcrchten. China d\u00fcrfte in dem Fall n\u00e4mlich, so h\u00e4lt China es generell, die diplomatischen Beziehungen zur EU und zu den USA abbrechen, inklusive aller damit verbundenen Folgen f\u00fcr den internationalen Handel.<\/p>\n<h5>Baerbock soll es richten?<\/h5>\n<p>Es ist schon kurios, dass der Spiegel in einem der oben genannten Artikel allen Ernstes darauf setzt, ausgerechnet Baerbock k\u00f6nne <em>\u201edie Scherben zusammenkehren\u201c<\/em>. Baerbock nimmt international niemand mehr ernst, auch wenn deutsche \u201eQualit\u00e4tsmedien\u201c das konsequent verschweigen. Das liegt nicht an ihrer Radikalit\u00e4t, sondern an ihrer Dummheit, die international Schlagzeilen macht, von deutschen Medien aber verschwiegen wird.<\/p>\n<p>In China hat man beobachtet, wie <a href=\"https:\/\/www.anti-spiegel.ru\/2022\/oelpreisdeckel-und-sanktionen-baerbock-blamiert-sich-in-indien\/\" target=\"_blank\" rel=\"noreferrer noopener\">Baerbock sich in Indien blamiert hat<\/a> und vom indischen Au\u00dfenminister vor laufenden Kameras eine \u2013 diplomatisch korrekt formulierte \u2013 Abfuhr erhalten hat. Man hat in China auch mitbekommen, dass Baerbock in ihrer offiziellen Position als Au\u00dfenministerin davon gesprochen hat, man f\u00fchre einen Krieg gegen Russland, was Kraft ihres Amtes faktisch eine Kriegserkl\u00e4rung an Russland war. Dessen ist diese Dame sich nicht einmal bewusst, womit sie ihre Unf\u00e4higkeit, das Amt der Au\u00dfenministerin zu bekleiden, \u00f6ffentlich zur Schau gestellt hat. <a href=\"https:\/\/www.anti-spiegel.ru\/2023\/die-vergeblichen-versuche-des-aussenministeriums-baerbocks-aeusserungen-zu-entschaerfen\/\" target=\"_blank\" rel=\"noreferrer noopener\">Die verzweifeltem Versuche des Au\u00dfenministeriums<\/a>, ihre Aussage irgendwie zu entsch\u00e4rfen, habe es nur schlimmer gemacht.<\/p>\n<p>Dass Baerbock auf dem G20-Gipfel der Au\u00dfenminister dann auch noch <a href=\"https:\/\/www.anti-spiegel.ru\/2023\/g20-lawrow-entschuldigt-sich-fuer-baerbock-benehmen\/\" target=\"_blank\" rel=\"noreferrer noopener\">zu einem Rundumschlag ausgeholt<\/a> hat, der den L\u00e4ndern des globalen S\u00fcdens sehr sauer aufgesto\u00dfen ist, kommt noch hinzu. Damit hat sie diese L\u00e4nder, die auf dem G20-Gipfel akute wirtschaftliche Probleme l\u00f6sen wollten, gegen sich aufgebracht und ein weiteres Mal best\u00e4tigt, dass sie fachlich nicht in der Lage ist, ihrem Amt gerecht zu werden.<\/p>\n<p>Auch <a href=\"https:\/\/www.anti-spiegel.ru\/2023\/360-gradwende-je-mehr-grad-desto-besser\/\" target=\"_blank\" rel=\"noreferrer noopener\">Baerbocks \u201e360-Gradwende\u201c<\/a> ist international bekannt und hat weltweit (au\u00dfer in den westlichen Medien) zu ausgesprochen ironischen Reaktionen gef\u00fchrt, die inzwischen zu Memes geworden sind und sich immer weiter ausbreiten. Politische Kommentatoren au\u00dferhalb der westlichen Medienblase empfehlen seitdem bei allen Gelegenheiten, man m\u00f6ge sich \u201eum 360 Grad wenden\u201c, vielleicht w\u00fcrde das bei der L\u00f6sung dieses oder jenes Problems helfen.<\/p>\n<p>Den letzten \u201eBock\u201c, \u00fcber den die internationale Presse gerade lacht, hat Baerbock erst k\u00fcrzlich geschossen, als sie Kenia zum energiepolitischen Vorbild f\u00fcr Deutschland erkl\u00e4rt hat, weil Kenia fast klimaneutral ist (in diesem <a href=\"https:\/\/www.youtube.com\/watch?v=vR5y2f-ucEs\" target=\"_blank\" rel=\"noreferrer noopener\">Video<\/a> ab Minute 18.00 zu sehen). Dass das f\u00fcr Kenia, das fast keine Industrie hat und in dem der Durchschnittslohn unter 200 Dollar pro Monat liegt, kein Problem ist, hat ihr anscheinend niemand erkl\u00e4rt. Jedenfalls l\u00e4stern internationale Kommentatoren seitdem, dass Baerbock nicht Kenia zum neuen Deutschland, sondern Deutschland zu einem neuen Kenia machen m\u00f6chte.<\/p>\n<p>Baerbock wird international nicht ernst genommen, im Gegenteil. Aber der Spiegel meint allen Ernstes, diese Dame solle irgendwelche <em>\u201eScherben zusammenkehren\u201c<\/em>.<\/p>\n<p>Aber es gibt Entwarnung. Der Spiegel meint nicht, dass sie die Wogen der Verstimmung zwischen der EU (inklusive Deutschland) und China gl\u00e4tten solle, er meint das Gegenteil. Barbock soll stattdessen laut Spiegel:<\/p>\n<blockquote class=\"wp-block-quote\"><p>\u201e\u2026 nicht nur ein Zeichen deutscher Entschlossenheit senden. Sie muss auch den von Macron arg besch\u00e4digten Eindruck europ\u00e4ischer und transatlantischer Geschlossenheit wiederherstellen, zumindest ansatzweise. Vom Bem\u00fchen um Schadensbegrenzung ist im Ausw\u00e4rtigen Amt die Rede.\u201c<\/p><\/blockquote>\n<p>Baerbock soll China also zeigen, wo der Hammer h\u00e4ngt und dass die EU trotz Macrons \u00c4u\u00dferungen voll auf der Linie der USA ist. Ob ihr das gelingt, wird man sehen, denn es gibt daran durchaus Zweifel, wie wir noch sehen werden.<\/p>\n<p>Aber wir d\u00fcrfen schon gespannt sein, ob es Baerbock in Peking gelingt, ihren blamablen Auftritt in Indien noch zu toppen.<\/p>\n<h5>Die \u201eLogik\u201c der Transatlantiker<\/h5>\n<p>Der Spiegel zitiert in seinem Artikeln ausf\u00fchrlich Norbert R\u00f6ttgen, einen der radikalsten Transatlantiker (also Vertreter der US-Politik), die Deutschland zu bieten hat. <a href=\"https:\/\/www.spiegel.de\/ausland\/china-politik-scharfe-kritik-an-emmanuel-macron-nach-distanzierung-von-usa-a-61571aa0-5a38-443e-a371-cf0dc3813323\" target=\"_blank\" rel=\"noreferrer noopener\">So schreibt der Spiegel zum Beispiel<\/a>:<\/p>\n<blockquote class=\"wp-block-quote\"><p>\u201e\u00bbW\u00e4hrend es Amerika ist und nicht Frankreich oder Deutschland, das die Ukraine ma\u00dfgeblich unterst\u00fctzt und damit Europa verteidigt, fordert Macron eine Abkehr von Amerika. W\u00e4hrend China gerade den Angriff auf Taiwan \u00fcbt, verlangt Macron eine Ann\u00e4herung an China\u00ab, wird R\u00f6ttgen zitiert.\u201c<\/p><\/blockquote>\n<p>Was der Spiegel verschweigt, ist, dass es den Ukraine-Krieg ohne die Einmischung der USA gar nicht gegeben h\u00e4tte. Ohne den von den USA orchestrierten Maidan-Putsch und den vom CIA-Chef pers\u00f6nlich angeordneten Angriff auf den Donbass 2014 h\u00e4tte es den Krieg (und damit Russland Eingreifen vor einem Jahr) nie gegeben. Sollte das f\u00fcr Sie nach \u201erussischer Propaganda\u201c klingen, empfehle ich Ihnen mein Buch \u00fcber die Ukraine-Krise 2014, in der ich im Detail und mit allen Quellen aufzeige, wie der Maidan organisiert wurde, wer ihn finanziert und gelenkt hat, warum das per Definition ein Putsch war, und dass der damalige CIA-Chef extra pers\u00f6nlich inkognito nach Kiew gereist ist und im Raum war, als der ukrainische Sicherheitsrat im April 2014 beschlossen hat, Panzer gegen die unbewaffneten Anti-Maidan-Demonstranten im Donbass zu schicken.<\/p>\n<p>Es ist das geopolitische Ziel der USA, Russland zu schw\u00e4chen. Und der Schl\u00fcssel dazu ist laut allen Geostrategen aus Washington, die Ukraine gegen Russland zu positionieren. Genau das haben die USA getan. H\u00e4tten die USA das nicht getan, g\u00e4be es keinen Krieg in dem Land und es g\u00e4be auch keinen Grund f\u00fcr die ruin\u00f6se Unterst\u00fctzung der Ukraine durch die EU-Staaten.<\/p>\n<p>Wenn R\u00f6ttgen den USA dankbar f\u00fcr ihre Unterst\u00fctzung der Ukraine ist, dann dankt er den USA de facto daf\u00fcr, dass sie der EU bei der \u201eL\u00f6sung\u201c eines Problems helfen, das sie selbst geschaffen haben. Dass diese \u201eL\u00f6sung\u201c in einer Verl\u00e4ngerung des Krieges durch Waffenlieferungen besteht, anstatt in Bem\u00fchungen um einen Waffenstillstand und eine diplomatische L\u00f6sung, kommt noch hinzu.<\/p>\n<p>Bevor Transatlantiker wie R\u00f6ttgen \u00fcber Taiwan fabulieren, sollten sie \u2013 wie gesehen \u2013 Taiwan zun\u00e4chst (mit allen daraus resultierenden Folgen) als unabh\u00e4ngigen Staat anerkennen. Dazu sind sie aber \u2013 aus gutem Grund \u2013 nicht bereit, weshalb man solche Aussagen zu Taiwan nicht ernst nehmen kann. Sie sind Teil der Stimmungsmache gegen China, aber keine ernstgemeinten politischen Aussagen. Sollte R\u00f6ttgen seine Aussagen wider Erwarten selbst ernst nehmen, w\u00fcrde er sich intellektuell auf eine Stufe mit Baerbock stellen.<\/p>\n<h5>Was deutsche Medien bei all dem verschweigen<\/h5>\n<p>Die deutschen \u201eQualit\u00e4tsmedien\u201c vermitteln den Eindruck, dass in der EU alle ganz entsetzt \u00fcber Macrons Aussagen zu China sind. Das jedoch ist offensichtlich nicht wahr, denn Charles Michel, der Pr\u00e4sident des Europ\u00e4ischen Rates, hat sich zu Macrons Aussagen ge\u00e4u\u00dfert und <a href=\"https:\/\/www.politico.eu\/article\/europe-warming-up-to-macrons-strategic-autonomy-push-says-charles-michel\/\" target=\"_blank\" rel=\"noreferrer noopener\">gesagt<\/a>:<\/p>\n<blockquote class=\"wp-block-quote\"><p>\u201eIn der Frage der Beziehungen zu den Vereinigten Staaten ist es klar, dass es am Tisch des Europ\u00e4ischen Rates Nuancen und Empfindlichkeiten geben kann. Einige europ\u00e4ische Staats- und Regierungschefs w\u00fcrden sich nicht so \u00e4u\u00dfern, wie Emmanuel Macron es getan hat \u2026 Ich glaube, einige denken wirklich wie Emmanuel Macron\u201c<\/p><\/blockquote>\n<p>Offenbar hat Macron nur ausgesprochen, was <em>\u201eeinige europ\u00e4ische Staats- und Regierungschefs\u201c<\/em> in Br\u00fcssel hinter vorgehaltener Hand sagen. Dar\u00fcber erf\u00e4hrt der Spiegel-Leser allerdings kein Wort, denn das w\u00fcrde das gewollte Bild der angeblichen Einheit in der EU st\u00f6ren\u2026<\/p>\n<p style=\"text-align: right;\"><em>Thomas R\u00f6per, geboren 1971, lebt seit \u00fcber 15 Jahren in Russland. Die Schwerpunkte seiner medienkritischen Arbeit sind das (mediale) Russlandbild in Deutschland, Kritik an der Berichterstattung westlicher Medien im Allgemeinen und die Themen (Geo-)Politik und Wirtschaft.<\/em><\/p>\n<p><span style=\"font-size: 10pt;\">Wir danken dem Autor f\u00fcr das Recht zur Ver\u00f6ffentlichung des Beitrages.<\/span><\/p>\n<hr \/>\n<p>Bild oben: <a href=\"https:\/\/pixabay.com\/de\/photos\/zeitung-nachrichten-medien-1595773\/\" target=\"_blank\" rel=\"noopener\">pixabay.com<\/a> \/ <a class=\"hover_opacity\" href=\"https:\/\/pixabay.com\/de\/users\/stevepb-282134\/\">stevepb<\/a> \/ <a href=\"https:\/\/pixabay.com\/de\/service\/terms\/\">Inhaltslizenz<\/a><\/p>\n<\/div>\n","protected":false},"excerpt":{"rendered":"<p><b>Beitrag von Anti-Spiegel (d.i. Thomas R\u00f6per)<\/b><br \/>\nDer franz\u00f6sische Pr\u00e4sident Macron hat auf dem R\u00fcckflug von der Chinareise, die er zusammen mit Ursula von der Leyen absolviert hat, die EU in Interviews davor gewarnt, den USA blind zu folgen und de facto eine eigene Chinapolitik der EU angemahnt. Die Forderung, eine eigene Politik zu machen, die auf eigenen Interessen basiert, anstatt auf den Interessen eines anderen Staates, sollte f\u00fcr souver\u00e4ne Staaten eine Selbstverst\u00e4ndlichkeit sein. Das ist aber nicht so, wenn man der Logik der transatlantischen Medien folgt. &#8230; Die Aussagen von Macron sind f\u00fcr den Staatschef eines souver\u00e4nen Landes vern\u00fcnftig, zumindest dann, wenn er sich zun\u00e4chst auf die Interessen des eigenen Landes konzentriert, anstatt auf die Interessen anderer L\u00e4nder. <\/p>\n","protected":false},"author":3,"featured_media":15829,"comment_status":"closed","ping_status":"closed","sticky":false,"template":"","format":"standard","meta":{"colormag_page_container_layout":"default_layout","colormag_page_sidebar_layout":"default_layout","advanced_seo_description":"","jetpack_seo_html_title":"","jetpack_seo_noindex":false,"jetpack_post_was_ever_published":false,"footnotes":""},"categories":[12],"tags":[699,1423,413,182,1027,1454,1063,1770,639,185],"class_list":["post-15818","post","type-post","status-publish","format-standard","has-post-thumbnail","hentry","category-demokratie-medien-aufklaerung","tag-aussenpolitik","tag-baerbock","tag-china","tag-eu","tag-frankreich","tag-g20-gipfel","tag-g7-gipfel","tag-macron","tag-ukraine-konflikt","tag-usa"],"jetpack_featured_media_url":"https:\/\/i0.wp.com\/www.freidenker.org\/fw17\/wp-content\/uploads\/2023\/04\/newspaper-1595773_960_800x450.jpg?fit=800%2C450&ssl=1","jetpack_shortlink":"https:\/\/wp.me\/p9stpK-478","jetpack-related-posts":[{"id":21316,"url":"https:\/\/www.freidenker.org\/?p=21316","url_meta":{"origin":15818,"position":0},"title":"Was Gro\u00dfbritanniens \u201eKoalition der Willigen\u201c in der Praxis bedeutet","author":"Webredaktion","date":"30. M\u00e4rz 2025","format":false,"excerpt":"Beitrag von Anti-Spiegel (d.i. Thomas R\u00f6per) Der franz\u00f6sische Pr\u00e4sident Macron und der britische Premierminister Starmer wollen eine \u201eKoalition der Willigen\u201c zur Entsendung von Truppen in die Ukraine bilden. Obwohl die Gespr\u00e4che dar\u00fcber laufen, sind bisher praktisch keine der daran beteiligten L\u00e4nder bereit, auch tats\u00e4chlich eigene Truppen in die Ukraine zu\u2026","rel":"","context":"In &quot;Demokratie \u2013 Medien \u2013 Aufkl\u00e4rung&quot;","block_context":{"text":"Demokratie \u2013 Medien \u2013 Aufkl\u00e4rung","link":"https:\/\/www.freidenker.org\/?cat=12"},"img":{"alt_text":"","src":"https:\/\/i0.wp.com\/www.freidenker.org\/fw17\/wp-content\/uploads\/2025\/03\/Starmer_in_Paris_54413422643_cropp_800x450.jpg?fit=800%2C450&ssl=1&resize=350%2C200","width":350,"height":200,"srcset":"https:\/\/i0.wp.com\/www.freidenker.org\/fw17\/wp-content\/uploads\/2025\/03\/Starmer_in_Paris_54413422643_cropp_800x450.jpg?fit=800%2C450&ssl=1&resize=350%2C200 1x, https:\/\/i0.wp.com\/www.freidenker.org\/fw17\/wp-content\/uploads\/2025\/03\/Starmer_in_Paris_54413422643_cropp_800x450.jpg?fit=800%2C450&ssl=1&resize=525%2C300 1.5x, https:\/\/i0.wp.com\/www.freidenker.org\/fw17\/wp-content\/uploads\/2025\/03\/Starmer_in_Paris_54413422643_cropp_800x450.jpg?fit=800%2C450&ssl=1&resize=700%2C400 2x"},"classes":[]},{"id":15741,"url":"https:\/\/www.freidenker.org\/?p=15741","url_meta":{"origin":15818,"position":1},"title":"Macron fordert mehr Souver\u00e4nit\u00e4t \u2013 Deutschland ist dagegen","author":"Webredaktion","date":"13. April 2023","format":false,"excerpt":"Beitrag von Gert Ewen Ungar Die USA suchen die Konfrontation mit China. Es folgt eine Provokation auf die n\u00e4chste. Der Wirtschaftskrieg wird immer weiter eskaliert, Taiwan wird von den USA aufger\u00fcstet, man zielt auf eine milit\u00e4rische Konfrontation. Eingekleidet wird die ganze Aggression der USA\u00a0mit dem typisch westlichen Demokratiegeschwurbel. Taiwan verteidige\u2026","rel":"","context":"In &quot;Demokratie \u2013 Medien \u2013 Aufkl\u00e4rung&quot;","block_context":{"text":"Demokratie \u2013 Medien \u2013 Aufkl\u00e4rung","link":"https:\/\/www.freidenker.org\/?cat=12"},"img":{"alt_text":"","src":"https:\/\/i0.wp.com\/www.freidenker.org\/fw17\/wp-content\/uploads\/2023\/04\/xi-jinpig_macron_2022_800x450.jpg?fit=800%2C450&ssl=1&resize=350%2C200","width":350,"height":200,"srcset":"https:\/\/i0.wp.com\/www.freidenker.org\/fw17\/wp-content\/uploads\/2023\/04\/xi-jinpig_macron_2022_800x450.jpg?fit=800%2C450&ssl=1&resize=350%2C200 1x, https:\/\/i0.wp.com\/www.freidenker.org\/fw17\/wp-content\/uploads\/2023\/04\/xi-jinpig_macron_2022_800x450.jpg?fit=800%2C450&ssl=1&resize=525%2C300 1.5x, https:\/\/i0.wp.com\/www.freidenker.org\/fw17\/wp-content\/uploads\/2023\/04\/xi-jinpig_macron_2022_800x450.jpg?fit=800%2C450&ssl=1&resize=700%2C400 2x"},"classes":[]},{"id":17052,"url":"https:\/\/www.freidenker.org\/?p=17052","url_meta":{"origin":15818,"position":2},"title":"An Selensky und der Ukraine war in der UNO kaum jemand interessiert","author":"Webredaktion","date":"23. September 2023","format":false,"excerpt":"Beitrag von Anti-Spiegel (d.i. Thomas R\u00f6per) Die UNO-Vollversammlung hat einmal mehr gezeigt, dass die Welt sowohl von dem Ukraine-Theater, das der Westen veranstaltet, die Nase voll hat, als auch, dass Deutschland unter der heutigen Bundesregierung international zu einem Zwerg geworden ist, dem niemand mehr zuh\u00f6rt. Beides hat Gr\u00fcnde: Die Staaten\u2026","rel":"","context":"In &quot;Demokratie \u2013 Medien \u2013 Aufkl\u00e4rung&quot;","block_context":{"text":"Demokratie \u2013 Medien \u2013 Aufkl\u00e4rung","link":"https:\/\/www.freidenker.org\/?cat=12"},"img":{"alt_text":"","src":"https:\/\/i0.wp.com\/www.freidenker.org\/fw17\/wp-content\/uploads\/2023\/09\/selenski_un71000647_800x450.jpg?fit=800%2C450&ssl=1&resize=350%2C200","width":350,"height":200,"srcset":"https:\/\/i0.wp.com\/www.freidenker.org\/fw17\/wp-content\/uploads\/2023\/09\/selenski_un71000647_800x450.jpg?fit=800%2C450&ssl=1&resize=350%2C200 1x, https:\/\/i0.wp.com\/www.freidenker.org\/fw17\/wp-content\/uploads\/2023\/09\/selenski_un71000647_800x450.jpg?fit=800%2C450&ssl=1&resize=525%2C300 1.5x, https:\/\/i0.wp.com\/www.freidenker.org\/fw17\/wp-content\/uploads\/2023\/09\/selenski_un71000647_800x450.jpg?fit=800%2C450&ssl=1&resize=700%2C400 2x"},"classes":[]},{"id":24172,"url":"https:\/\/www.freidenker.org\/?p=24172","url_meta":{"origin":15818,"position":3},"title":"Europa setzt weiter auf Krieg mit Russland","author":"Webredaktion","date":"12. Januar 2026","format":false,"excerpt":"Beitrag von Anti-Spiegel (d.i. Thomas R\u00f6per) Der Spiegel berichtet in mindestens vier fast schon euphorischen Artikeln \u00fcber das Treffen der \u201eKoalition der Willigen\u201c, das gestern in Paris stattgefunden hat und \u00fcber dessen Ergebnisse ich bereits berichtet habe. Im Kern sind die dort verk\u00fcndeten Entscheidungen f\u00fcr Russland inakzeptabel, denn die \u201eKoalition\u2026","rel":"","context":"In &quot;Demokratie \u2013 Medien \u2013 Aufkl\u00e4rung&quot;","block_context":{"text":"Demokratie \u2013 Medien \u2013 Aufkl\u00e4rung","link":"https:\/\/www.freidenker.org\/?cat=12"},"img":{"alt_text":"","src":"https:\/\/i0.wp.com\/www.freidenker.org\/fw17\/wp-content\/uploads\/2026\/01\/Coaltion_of_Willing_Meeting_press_conference_800x450.jpg?fit=800%2C450&ssl=1&resize=350%2C200","width":350,"height":200,"srcset":"https:\/\/i0.wp.com\/www.freidenker.org\/fw17\/wp-content\/uploads\/2026\/01\/Coaltion_of_Willing_Meeting_press_conference_800x450.jpg?fit=800%2C450&ssl=1&resize=350%2C200 1x, https:\/\/i0.wp.com\/www.freidenker.org\/fw17\/wp-content\/uploads\/2026\/01\/Coaltion_of_Willing_Meeting_press_conference_800x450.jpg?fit=800%2C450&ssl=1&resize=525%2C300 1.5x, https:\/\/i0.wp.com\/www.freidenker.org\/fw17\/wp-content\/uploads\/2026\/01\/Coaltion_of_Willing_Meeting_press_conference_800x450.jpg?fit=800%2C450&ssl=1&resize=700%2C400 2x"},"classes":[]},{"id":16368,"url":"https:\/\/www.freidenker.org\/?p=16368","url_meta":{"origin":15818,"position":4},"title":"&#8222;Der Mann ist das gr\u00f6\u00dfte Geschenk!&#8220;","author":"Webredaktion","date":"28. Juni 2023","format":false,"excerpt":"Das russische Fernsehen \u00fcber die Reaktion in Europa auf den Putschversuch von Anti-Spiegel (d.i. Thomas R\u00f6per) Der Putschversuch in Russland wurde weltweit genau beobachtet. Interessant ist, wie in Russland \u00fcber die Reaktion in Europa berichtet wurde. Wie jeden Sonntag war der Bericht des Deutschland-Korrespondenten einer der interessantesten im w\u00f6chentlichen Nachrichtenr\u00fcckblick\u2026","rel":"","context":"In &quot;Demokratie \u2013 Medien \u2013 Aufkl\u00e4rung&quot;","block_context":{"text":"Demokratie \u2013 Medien \u2013 Aufkl\u00e4rung","link":"https:\/\/www.freidenker.org\/?cat=12"},"img":{"alt_text":"","src":"https:\/\/i0.wp.com\/www.freidenker.org\/fw17\/wp-content\/uploads\/2023\/06\/rostow-panzer_800x450.jpg?fit=800%2C450&ssl=1&resize=350%2C200","width":350,"height":200,"srcset":"https:\/\/i0.wp.com\/www.freidenker.org\/fw17\/wp-content\/uploads\/2023\/06\/rostow-panzer_800x450.jpg?fit=800%2C450&ssl=1&resize=350%2C200 1x, https:\/\/i0.wp.com\/www.freidenker.org\/fw17\/wp-content\/uploads\/2023\/06\/rostow-panzer_800x450.jpg?fit=800%2C450&ssl=1&resize=525%2C300 1.5x, https:\/\/i0.wp.com\/www.freidenker.org\/fw17\/wp-content\/uploads\/2023\/06\/rostow-panzer_800x450.jpg?fit=800%2C450&ssl=1&resize=700%2C400 2x"},"classes":[]},{"id":22412,"url":"https:\/\/www.freidenker.org\/?p=22412","url_meta":{"origin":15818,"position":5},"title":"Waffenlieferung und 50 Tage: Was Trumps Erkl\u00e4rungen zum Ukraine-Krieg bedeuten","author":"Webredaktion","date":"17. Juli 2025","format":false,"excerpt":"Beitrag von Anti-Spiegel (d.i. Thomas R\u00f6per) US-Pr\u00e4sident Trump hat am Montag (14.07.2025) eine mit gro\u00dfem Tamtam angek\u00fcndigte \u201eErkl\u00e4rung zu Russland\u201c abgegeben. Da Trump sich vorher zusehends negativ \u00fcber Putin ge\u00e4u\u00dfert hatte, hofften die Falken im Westen, Trump w\u00fcrde sich voll hinter die Ukraine stellen und die harten Sanktionen ank\u00fcndigen, die\u2026","rel":"","context":"In &quot;Frieden - Antifaschismus - Solidarit\u00e4t&quot;","block_context":{"text":"Frieden - Antifaschismus - Solidarit\u00e4t","link":"https:\/\/www.freidenker.org\/?cat=13"},"img":{"alt_text":"","src":"https:\/\/i0.wp.com\/www.freidenker.org\/fw17\/wp-content\/uploads\/2025\/07\/Trump_Waffenverkaeufer_KI_800x450.jpg?fit=800%2C450&ssl=1&resize=350%2C200","width":350,"height":200,"srcset":"https:\/\/i0.wp.com\/www.freidenker.org\/fw17\/wp-content\/uploads\/2025\/07\/Trump_Waffenverkaeufer_KI_800x450.jpg?fit=800%2C450&ssl=1&resize=350%2C200 1x, https:\/\/i0.wp.com\/www.freidenker.org\/fw17\/wp-content\/uploads\/2025\/07\/Trump_Waffenverkaeufer_KI_800x450.jpg?fit=800%2C450&ssl=1&resize=525%2C300 1.5x, https:\/\/i0.wp.com\/www.freidenker.org\/fw17\/wp-content\/uploads\/2025\/07\/Trump_Waffenverkaeufer_KI_800x450.jpg?fit=800%2C450&ssl=1&resize=700%2C400 2x"},"classes":[]}],"_links":{"self":[{"href":"https:\/\/www.freidenker.org\/index.php?rest_route=\/wp\/v2\/posts\/15818","targetHints":{"allow":["GET"]}}],"collection":[{"href":"https:\/\/www.freidenker.org\/index.php?rest_route=\/wp\/v2\/posts"}],"about":[{"href":"https:\/\/www.freidenker.org\/index.php?rest_route=\/wp\/v2\/types\/post"}],"author":[{"embeddable":true,"href":"https:\/\/www.freidenker.org\/index.php?rest_route=\/wp\/v2\/users\/3"}],"replies":[{"embeddable":true,"href":"https:\/\/www.freidenker.org\/index.php?rest_route=%2Fwp%2Fv2%2Fcomments&post=15818"}],"version-history":[{"count":0,"href":"https:\/\/www.freidenker.org\/index.php?rest_route=\/wp\/v2\/posts\/15818\/revisions"}],"wp:featuredmedia":[{"embeddable":true,"href":"https:\/\/www.freidenker.org\/index.php?rest_route=\/wp\/v2\/media\/15829"}],"wp:attachment":[{"href":"https:\/\/www.freidenker.org\/index.php?rest_route=%2Fwp%2Fv2%2Fmedia&parent=15818"}],"wp:term":[{"taxonomy":"category","embeddable":true,"href":"https:\/\/www.freidenker.org\/index.php?rest_route=%2Fwp%2Fv2%2Fcategories&post=15818"},{"taxonomy":"post_tag","embeddable":true,"href":"https:\/\/www.freidenker.org\/index.php?rest_route=%2Fwp%2Fv2%2Ftags&post=15818"}],"curies":[{"name":"wp","href":"https:\/\/api.w.org\/{rel}","templated":true}]}}