{"id":15730,"date":"2023-04-08T01:27:48","date_gmt":"2023-04-07T23:27:48","guid":{"rendered":"https:\/\/www.freidenker.org\/?p=15730"},"modified":"2023-05-06T11:12:57","modified_gmt":"2023-05-06T09:12:57","slug":"fuers-klima-und-die-nato-die-manipulierte-ostermarschbewegung","status":"publish","type":"post","link":"https:\/\/www.freidenker.org\/?p=15730","title":{"rendered":"F\u00fcrs Klima und die NATO \u2013 Die manipulierte Ostermarschbewegung"},"content":{"rendered":"<p><strong>Die traditionelle Friedensbewegung schlie\u00dft sich der NATO-Verurteilung Russlands wie dem Klimarettungs-Narrativ des WEF an. In ihren Aufrufen verschweigt sie, dass sich inzwischen eine unabh\u00e4ngige Friedensbewegung entwickelt hat, die bundesweit eigene Osterm\u00e4rsche organisiert. Ausdr\u00fccklich will sich diese nicht f\u00fcr &#8222;transatlantische Interessen&#8220; kapern lassen.<\/strong><\/p>\n<p><em>Von <strong>Felicitas Rabe<\/strong><\/em><\/p>\n<p><span style=\"font-size: 10pt;\">Erstver\u00f6ffentlichung am 07.04.2023 auf <a href=\"https:\/\/pressefreiheit.rtde.live\/meinung\/167074-fuers-klima-und-die-nato-die-manipulierte-ostermarschbewegung\/\" target=\"_blank\" rel=\"noopener\">RT DE<\/a><\/span><\/p>\n<p>Orientiert man sich an der <a href=\"https:\/\/www.friedenskooperative.de\/termine?thema=69\">Website<\/a> der traditionellen deutschen Friedensbewegung, finden am kommenden Wochenende in Deutschland 123 angemeldete Osterm\u00e4rsche statt. Mit den vielen Friedensdemonstrationen wirkt die Planung der \u00f6sterlichen Aufz\u00fcge eher kleinteilig. Auch der \u00fcberregional bekannte <a href=\"http:\/\/s9y.ostermarsch-ruhr.de\/uploads\/flyer.pdf\">Ostermarsch Rhein-Ruhr<\/a> wird verteilt auf 14 Veranstaltungen stattfinden.<\/p>\n<p>Den Auftakt bildet in diesem Jahr ein Ostermarsch in Erfurt, der neben zwei weiteren M\u00e4rschen bereits am Gr\u00fcndonnerstag (6. April) stattfinden soll. Der Aufruf dazu wird auf der Webseite der <a href=\"https:\/\/www.die-linke-erfurt.de\/aktuelles\/termine\/detail-termine\/default-152405d330\/\">Erfurter Linken<\/a> ver\u00f6ffentlicht. Es sticht \u00fcberhaupt ins Auge, in welchem Ausma\u00df die Linkspartei in diesem Jahr geradezu wahlkampfartig in die Osterm\u00e4rsche der Friedenskooperative eingebunden ist.<\/p>\n<p>So wie Lara Herrlich von der Linkspartei auf der Ostermarschkundgebung in <a href=\"https:\/\/www.facebook.com\/people\/Friedensnetzwerk-Gie%C3%9Fen\/100080720960723\/\">Gie\u00dfen<\/a>, werden am Ostersamstag auch in Hannover, Wismar, Neum\u00fcnster, Kaiserslautern, Bielefeld, Potsdam und in vielen anderen St\u00e4dten Vertreter der Linkspartei zu den Friedensmarschierern sprechen. Mancherorts veranstalten die Linken den Ostermarsch direkt selbst, wie in\u00a0<a href=\"https:\/\/www.friedenskooperative.de\/sites\/default\/files\/datei\/ostermarsch-2023-in-wismar-5562.pdf\">Wismar,<\/a>\u00a0<a href=\"https:\/\/www.die-linke-gera.de\/startseite\/aktuelles\/detail\/gemeinsamer-ostermarsch-mit-dem-friedensbuendnis-gera-ev\/\">Gera<\/a> und weiteren St\u00e4dten.<\/p>\n<h5>Ostermarschierer werden auf NATO-kompatible Position gebracht<\/h5>\n<p>Dabei ist nicht nur die Linkspartei zur Frage der deutschen Waffenlieferungen an die Ukraine und zur Frage des Verst\u00e4ndnisses f\u00fcr Russland gespalten, was sich auch in der Spaltung der Osterm\u00e4rsche insgesamt widerspiegelt. Beispielsweise werden Friedensaktivisten auf der Kundgebung am 8. April in <a href=\"https:\/\/www.friedenskooperative.de\/ostermarsch-2023\/aufrufe\/mainz\">Mainz<\/a> laut Programm gleich zwei eindeutig antirussischen Reden lauschen. Gernot Lennert, Landesgesch\u00e4ftsf\u00fchrer der DFG-VK RLP, wird dort zum Thema &#8222;Nein zum russischen Angriffskrieg&#8220; sprechen und Franz Nadler von der Organisation Connection zum Thema &#8222;Kriegsdienstverweigerung in Russland&#8220;.<\/p>\n<p>Im Gespr\u00e4ch mit der Autorin erkl\u00e4rte der Pr\u00e4sident der <a href=\"https:\/\/www.libres-penseurs.net\/\">Freidenker-Weltunion<\/a> Klaus Hartmann am Mittwoch, die Aufrufe der traditionellen Osterm\u00e4rsche seien in diesem Jahr von Russland-Beschuldigungen gepr\u00e4gt. Hartmann stellte fest: &#8222;Die \u00fcberw\u00e4ltige Zahl der diesj\u00e4hrigen Ostermarsch-Aufrufe kommt nicht umhin, Russland zu beschuldigen, es habe die Ukraine \u00fcberfallen und f\u00fchre einen &#8218;<a href=\"https:\/\/friedensbuendnis-ka.de\/\">v\u00f6lkerrechtswidrigen Angriffskrieg<\/a>&#8218;.&#8220; Bei aller Kritik an Waffenlieferungen und der Aufr\u00fcstung in Deutschland seitens der Friedensbewegung so Hartmann, &#8222;folgt diese Erz\u00e4hlung der NATO-Erz\u00e4hlung, dass der Krieg im Februar 2022 begonnen habe und nicht bereits 2014, als der Angriff der Kiewer Putschisten auf den Donbass begann.&#8220;<\/p>\n<blockquote><p><em>&#8222;Und damit werden die Ostermarschierer am Ende des Tages doch auf eine NATO-kompatible Position gebracht!&#8220; <\/em><\/p><\/blockquote>\n<p>stellte der Vorsitzende der Freidenker-Weltunion fest.<\/p>\n<p>Die deutschen Freidenker verteilen zu Ostern einen <a href=\"https:\/\/www.freidenker.org\/?p=15703\">Flyer<\/a> mit eigener Bewertung der deutschen Russlandpolitik. Widerspr\u00fcchlich erscheint auch der Umgang mit Vertretern und Anh\u00e4ngern politischer Parteien bei den traditionellen Osterm\u00e4rschen. Obwohl Vertreter der Linkspartei h\u00e4ufig als Organisatoren oder Redner auftreten, wird den Teilnehmern vielen Aufrufen zufolge grunds\u00e4tzlich untersagt, Parteiabzeichen und -fahnen mitzuf\u00fchren. Offenbar will man damit den Eindruck der \u00dcberparteilichkeit der Friedensbewegung erwecken.<\/p>\n<h5>Scheinbare \u00dcberparteilichkeit bei Ausgrenzung von AfD-Vertretern und -W\u00e4hlern<\/h5>\n<p>Gleichzeitig wird \u00dcberparteilichkeit fast \u00fcberall klar <a href=\"http:\/\/www.attac-leipzig.de\/leipzig-gegen-krieg\/\">begrenzt<\/a>. Dazu hei\u00dft es sinngem\u00e4\u00df nicht nur im Aufruf des <a href=\"https:\/\/www.friedenskooperative.de\/ostermarsch-2023\/aufrufe\/rhein-ruhr\">Ostermarsches Rhein\/Ruhr<\/a>, dass man sich &#8222;den menschenfeindlichen Umtrieben von AfD (\u2026) und anderen rechten Ideologen entgegenstellen&#8220; werde. Auch im Aufruf zum <a href=\"http:\/\/www.rostocker-friedensbuendnis.de\/node\/581\">Rostocker Ostermarsch<\/a> wird &#8222;die Teilnahme von Mitgliedern und Anh\u00e4ngern der AfD sowie nationalistischen und rechtsradikalen Kr\u00e4ften nicht gestattet&#8220;.<\/p>\n<p>Selbst wer kein Fan der AfD ist, sollte realisiert haben, dass es die AfD war, die Waffenlieferungen in die Ukraine konsequent abgelehnt hat. Nach <a href=\"https:\/\/pressefreiheit.rtde.live\/inland\/166610-ehemaliger-un-diplomat-friedensfrage-ist\/\">Aussage<\/a> des ehemaligen UN-Diplomaten Michael von der Schulenburg hat die AfD genau wegen dieser Haltung so viel Zuspruch von Friedensaktivisten erhalten. Sie habe dadurch neue Anh\u00e4nger gewonnen, die keine typischen AfD-W\u00e4hler seien, erkl\u00e4rte von der Schulenburg erst k\u00fcrzlich bei einem Vortrag bei SPD-Senioren.<\/p>\n<p>Es scheint so, als habe man seitens der traditionellen Friedensbewegung ausgerechnet vor den Menschen Angst, die aus Sorge um eine Eskalation zu einem Dritten Weltkrieg eine Partei w\u00e4hlten, die sich am eindeutigsten gegen deutsche Waffenlieferungen ausspricht.<\/p>\n<p>Hingegen darf der <a href=\"https:\/\/innside-passau.de\/1-passauer-ostermarsch-ueberparteilicher-aufruf\/\">Ostermarsch in Passau<\/a>, wo laut Aufruf auch keine Parteiabzeichen und -fahnen akzeptiert werden, anscheinend problemlos vom stellvertretenden Vorsitzender der Gr\u00fcnen-Fraktion in Passau Karl Synek organisiert werden. Dabei haben sich die Gr\u00fcnen als Koalitionspartei f\u00fcr die Lieferung von deutschen Kampfpanzern an ein Land entschlossen, das im Zweiten Weltkrieg durch den deutschen Angriffskrieg 27 Millionen Tote zu beklagen gehabt hatte.<\/p>\n<p>Die Gr\u00fcnen liefern nun Kampfpanzer gegen Russland, obwohl sie in ihrem <a href=\"https:\/\/cms.gruene.de\/uploads\/documents\/Wahlprogramm-DIE-GRUENEN-Bundestagswahl-2021_barrierefrei.pdf\">Wahlprogramm<\/a> zur Bundestagswahl 2021 festgelegt hatten, Waffenlieferungen in Kriegsgebiete abzulehnen. Auf Seite 250 des Parteiprogramms hei\u00dft es unter dem Kapitel &#8222;Keine deutschen Waffen in Kriegsgebiete und Diktaturen&#8220;:<em><br \/>\n<\/em><\/p>\n<blockquote><p><em>&#8222;Exporte von Waffen und R\u00fcstungsg\u00fctern an Diktaturen, menschenrechtsverachtende Regime und in Kriegsgebiete verbieten sich.&#8220;<\/em><\/p><\/blockquote>\n<p>F\u00fcr traditionelle Friedensfunktion\u00e4re scheint es dennoch kein Problem zu sein, diese Partei, deren Mitglieder und deren Anh\u00e4nger auf den Osterm\u00e4rschen zu begr\u00fc\u00dfen.<\/p>\n<p>Als Teilnehmer an den Friedensm\u00e4rschen der Friedenskooperative muss man dar\u00fcber hinaus einige Kompromisse eingehen. Von den Veranstaltern wird mehrheitlich vorausgesetzt, dass Friedensaktivisten auch gleichzeitig Anh\u00e4nger des offiziellen &#8222;Klima-Narrativs&#8220; des <a href=\"https:\/\/www.weforum.org\/topics\/climate-change\/\">Weltwirtschaftsforums<\/a> (WEF) und der <a href=\"https:\/\/commission.europa.eu\/energy-climate-change-environment_de\">EU-Kommission<\/a> sind, wie man vielen <a href=\"https:\/\/www.friedenskooperative.de\/sites\/default\/files\/datei\/ostermarsch-2023-in-koeln-5513.pdf\">Aufrufen<\/a> entnehmen kann. In dieser Hinsicht folgt man den Aktivisten der &#8222;Letzten Generation&#8220;. Nach deren Vorstellung gehe die Welt, wenn ein paar L\u00e4nder des Westens nicht auf Atomkraft verzichteten und ihre Wirtschaft zusammenbrechen lie\u00dfen.<\/p>\n<div class=\"RTImage-image RTImage-original\">\n<figure id=\"attachment_15732\" aria-describedby=\"caption-attachment-15732\" style=\"width: 800px\" class=\"wp-caption alignnone\"><img data-recalc-dims=\"1\" loading=\"lazy\" decoding=\"async\" data-attachment-id=\"15732\" data-permalink=\"https:\/\/www.freidenker.org\/?attachment_id=15732\" data-orig-file=\"https:\/\/i0.wp.com\/www.freidenker.org\/fw17\/wp-content\/uploads\/2023\/04\/Karte_Verbot_Verbrennungsmotor_800px.jpg?fit=800%2C510&amp;ssl=1\" data-orig-size=\"800,510\" data-comments-opened=\"0\" data-image-meta=\"{&quot;aperture&quot;:&quot;0&quot;,&quot;credit&quot;:&quot;&quot;,&quot;camera&quot;:&quot;&quot;,&quot;caption&quot;:&quot;&quot;,&quot;created_timestamp&quot;:&quot;0&quot;,&quot;copyright&quot;:&quot;&quot;,&quot;focal_length&quot;:&quot;0&quot;,&quot;iso&quot;:&quot;0&quot;,&quot;shutter_speed&quot;:&quot;0&quot;,&quot;title&quot;:&quot;&quot;,&quot;orientation&quot;:&quot;1&quot;}\" data-image-title=\"Karte_Verbot_Verbrennungsmotor_800px\" data-image-description=\"\" data-image-caption=\"\" data-large-file=\"https:\/\/i0.wp.com\/www.freidenker.org\/fw17\/wp-content\/uploads\/2023\/04\/Karte_Verbot_Verbrennungsmotor_800px.jpg?fit=800%2C510&amp;ssl=1\" class=\"wp-image-15732 size-full\" src=\"https:\/\/i0.wp.com\/www.freidenker.org\/fw17\/wp-content\/uploads\/2023\/04\/Karte_Verbot_Verbrennungsmotor_800px.jpg?resize=800%2C510&#038;ssl=1\" alt=\"\" width=\"800\" height=\"510\" srcset=\"https:\/\/i0.wp.com\/www.freidenker.org\/fw17\/wp-content\/uploads\/2023\/04\/Karte_Verbot_Verbrennungsmotor_800px.jpg?w=800&amp;ssl=1 800w, https:\/\/i0.wp.com\/www.freidenker.org\/fw17\/wp-content\/uploads\/2023\/04\/Karte_Verbot_Verbrennungsmotor_800px.jpg?resize=300%2C191&amp;ssl=1 300w, https:\/\/i0.wp.com\/www.freidenker.org\/fw17\/wp-content\/uploads\/2023\/04\/Karte_Verbot_Verbrennungsmotor_800px.jpg?resize=768%2C490&amp;ssl=1 768w\" sizes=\"auto, (max-width: 800px) 100vw, 800px\" \/><figcaption id=\"caption-attachment-15732\" class=\"wp-caption-text\"><span style=\"font-size: 10pt;\">Wenige L\u00e4nder, die zur &#8222;Klimarettung&#8220; den Verbrennermotor verbieten wollen \/ Telegrammeldung vom 3.04.2023 <br \/>Screenshot Telegramkanal <a href=\"https:\/\/t.me\/kaiorak\/4613\"> https:\/\/t.me\/kaiorak\/4613<\/a><\/span><\/figcaption><\/figure>\n<\/div>\n<p>Dementsprechend lautet zum Beispiel das Motto des <a href=\"https:\/\/www.friedenskooperative.de\/ostermarsch-2023\/aufrufe\/landshut\">Landshuter Ostermarschs<\/a> &#8222;Gemeinsam f\u00fcr Frieden. Klima. Gerechtigkeit.&#8220;, und im Stuttgarter Flyer hei\u00dft es ebenfalls kurz und b\u00fcndig &#8222;Klima retten&#8220;. Im Aufruf des <a href=\"http:\/\/s9y.ostermarsch-ruhr.de\/uploads\/flyer.pdf\">Rhein\/Ruhr-Ostermarsches<\/a> liest man: &#8222;Die Klimarettung ist nur in einer gemeinsamen weltweiten Kraftanstrengung im Frieden m\u00f6glich.&#8220; Die angebliche Dringlichkeit einer Verbindung von Ostermarsch und Klimabewegung war bereits im Dezember auf dem <a href=\"https:\/\/archiv.frieden-und-zukunft.de\/userfiles\/pdf\/2022\/2022-10-22_solidarischer-herbst-flyer-web.pdf\">Kasseler Friedensratschlag<\/a> mehrfach betont worden und wurde tats\u00e4chlich in vielen Aufrufen umgesetzt.<\/p>\n<p>Infolgedessen wird Teilnehmern der traditionellen Osterm\u00e4rsche quasi unterstellt, sie seien f\u00fcr den Handel mit Klimazertifikaten, f\u00fcr die faktische Enteignung von Eigenheimbesitzern, gegen die weitere Nutzung von Verbrennermotoren, gegen den Erhalt des deutschen Mittelstands, f\u00fcr die zunehmende Nutzung von Stromenergie im Stra\u00dfenverkehr, gegen die Nutzung von Atomkraftwerken in Deutschland und f\u00fcr die Unterst\u00fctzung von Klimaaktivisten, Stra\u00dfenklebern und Museumsrandalierern.<\/p>\n<p>Am Ende unterst\u00fctzt man als Friedensaktivist der traditionellen Friedensbewegung eigentlich die <a href=\"https:\/\/www.youtube.com\/watch?v=pyIAXp31IGQ\">Vision<\/a> der allgemeinen Volksenteignung von WEF-Gr\u00fcnder Klaus Schwab und der neoliberalen Wirtschaftselite: &#8222;<a href=\"https:\/\/www.danisch.de\/blog\/2023\/02\/25\/ihr-werdet-nichts-besitzen-und-ihr-werdet-gluecklich-sein\/\">Ihr werdet nichts besitzen, und ihr werdet gl\u00fccklich sein<\/a>.&#8220;<\/p>\n<h5>Unterschlagung einer unabh\u00e4ngigen Friedensbewegung<\/h5>\n<p>Von den Organisatoren der Friedenskooperative wird versehentlich oder absichtlich unterschlagen, dass zu Ostern 2023 auch unabh\u00e4ngige Friedensdemonstrationen stattfinden. In M\u00fcnchen wird neben dem traditionellen Ostermarsch die <a href=\"http:\/\/macht-frieden.org\/\">gro\u00dfe zentrale Friedensdemo<\/a> des \u00fcberregionalen oppositionellen B\u00fcndnisses &#8222;Macht Frieden&#8220; organisiert. Die alternative Friedensbewegung ist aus der Bewegung f\u00fcr Grundrechte und den Corona-Protesten hervorgegangen. In deren Aufruf hei\u00dft es: &#8222;Wir machen ein Angebot an alle Menschen, die ehrlichen Herzens f\u00fcr den Frieden demonstrieren wollen&#8220;.<\/p>\n<p>W\u00e4hrend das <a href=\"https:\/\/www.muenchner-friedensbuendnis.de\/Ostermarsch-Muenchen-2023\">traditionelle M\u00fcnchner Friedensb\u00fcndnis<\/a> sich auf den &#8222;v\u00f6lkerrechtswidrigen Krieg Russlands&#8220; bezieht und die &#8222;Klimarettung&#8220; fordert, hei\u00dft es im <a href=\"https:\/\/twitter.com\/exrealo\/status\/1636451691275886603\">M\u00fcnchner Aufruf der neuen Friedensbewegung<\/a>:<\/p>\n<p>&#8222;Wir fordern die sofortige Reparatur der Nord-Stream-Gasleitungen und die l\u00fcckenlose Aufkl\u00e4rung des Anschlags auf europ\u00e4ische Energie-Infrastruktur in der Nordsee, der im September 2022 Teile der Gasleitungen zerst\u00f6rte. Unsere Haushalte und Industrie brauchen zuverl\u00e4ssige, bezahlbare Energie.&#8220; Dazu bedauern die neuen Friedensaktivisten die Kaperung traditioneller Osterm\u00e4rsche f\u00fcr transatlantische Interessen:<\/p>\n<blockquote><p><em>&#8222;Leider haben teilweise deutsche Regierungsparteien lokale Ostermarschgruppen f\u00fcr transatlantische Interessen gekapert und ihre Forderungen, Reden und Protestaktionen entsprechend weichgesp\u00fclt. Da machen wir nicht mit.&#8220;<\/em><\/p><\/blockquote>\n<p>&nbsp;<\/p>\n<p style=\"text-align: right;\"><em>Felicitas Rabe interviewte u.a. bereits Diether Dehm (<a class=\"moz-txt-link-freetext\" href=\"https:\/\/www.freidenker.org\/?p=15713\">https:\/\/www.freidenker.org\/?p=15713<\/a>), Karin Leukefeld (<a class=\"moz-txt-link-freetext\" href=\"https:\/\/www.freidenker.org\/?p=14867\">https:\/\/www.freidenker.org\/?p=14867<\/a>) und Klaus Hartmann (<a class=\"moz-txt-link-freetext\" href=\"https:\/\/www.freidenker.org\/?p=14852\">https:\/\/www.freidenker.org\/?p=14852<\/a>). <\/em><\/p>\n<p><span style=\"font-size: 10pt;\">Der im Text erw\u00e4hnte Flyer des Deutschen Freidenker-Verbandes ist hier zu finden: <a href=\"https:\/\/www.freidenker.org\/?p=15703\" target=\"_blank\" rel=\"noopener\">https:\/\/www.freidenker.org\/?p=15703<\/a><\/span><\/p>\n<hr \/>\n<p><span style=\"font-size: 10pt;\">Bild oben: <span class=\"Cover-imageSource\"><span class=\"Cover-captionItem\">\u00a9 Felicitas Rabe<\/span><\/span><\/span><\/p>\n<p>&nbsp;<\/p>\n","protected":false},"excerpt":{"rendered":"<p><b>Beitrag von Felicitas Rabe<\/b><br \/>\nOrientiert man sich an der Website der traditionellen deutschen Friedensbewegung, finden am kommenden Wochenende in Deutschland 123 angemeldete Osterm\u00e4rsche statt. Mit den vielen Friedensdemonstrationen wirkt die Planung der \u00f6sterlichen Aufz\u00fcge eher kleinteilig. Auch der \u00fcberregional bekannte Ostermarsch Rhein-Ruhr wird verteilt auf 14 Veranstaltungen stattfinden.<br \/>\nDen Auftakt bildet in diesem Jahr ein Ostermarsch in Erfurt, der neben zwei weiteren M\u00e4rschen bereits am Gr\u00fcndonnerstag (6. April) stattfinden soll. Der Aufruf dazu wird auf der Webseite der Erfurter Linken ver\u00f6ffentlicht. Es sticht \u00fcberhaupt ins Auge, in welchem Ausma\u00df die Linkspartei in diesem Jahr geradezu wahlkampfartig in die Osterm\u00e4rsche der Friedenskooperative eingebunden ist.<\/p>\n","protected":false},"author":3,"featured_media":15731,"comment_status":"closed","ping_status":"closed","sticky":false,"template":"","format":"standard","meta":{"colormag_page_container_layout":"default_layout","colormag_page_sidebar_layout":"default_layout","advanced_seo_description":"","jetpack_seo_html_title":"","jetpack_seo_noindex":false,"jetpack_post_was_ever_published":false,"footnotes":""},"categories":[13],"tags":[1031,43,1282,72,917,56,1317,695,222,639,345,1525],"class_list":["post-15730","post","type-post","status-publish","format-standard","has-post-thumbnail","hentry","category-frieden-antifaschismus-solidaritaet","tag-afd","tag-friedensbewegung","tag-gruene","tag-klimaschutz","tag-linkspartei","tag-nato","tag-nord-stream","tag-ostermaersche","tag-russland","tag-ukraine-konflikt","tag-voelkerrecht","tag-waffenlieferungen"],"jetpack_featured_media_url":"https:\/\/i0.wp.com\/www.freidenker.org\/fw17\/wp-content\/uploads\/2023\/04\/Friedensbewegung_Kapitalismuskritisch_800x450.jpg?fit=800%2C450&ssl=1","jetpack_shortlink":"https:\/\/wp.me\/p9stpK-45I","jetpack-related-posts":[{"id":21538,"url":"https:\/\/www.freidenker.org\/?p=21538","url_meta":{"origin":15730,"position":0},"title":"Falsche Redner eingeladen: Ostermarsch D\u00fcsseldorf von Friedensbewegung Rhein-Ruhr ausgegrenzt","author":"Webredaktion","date":"28. April 2025","format":false,"excerpt":"Beitrag von Felicitas Rabe Organisiert vom Friedensforum D\u00fcsseldorf fand am Samstag der traditionelle D\u00fcsseldorfer Ostermarsch statt. Unter dem Motto \"Kriegst\u00fcchtig? Nicht mit uns!\" beteiligten sich am Samstag rund 700 Friedensaktivisten am D\u00fcsseldorfer Ostermarsch, darunter Bef\u00fcrworter und Mitglieder der pal\u00e4stinensischen Allianz NRW, der Assange-Gruppe D\u00fcsseldorf, der DKP, des B\u00fcndnisses Sahra Wagenknecht,\u2026","rel":"","context":"In &quot;Demokratie \u2013 Medien \u2013 Aufkl\u00e4rung&quot;","block_context":{"text":"Demokratie \u2013 Medien \u2013 Aufkl\u00e4rung","link":"https:\/\/www.freidenker.org\/?cat=12"},"img":{"alt_text":"","src":"https:\/\/i0.wp.com\/www.freidenker.org\/fw17\/wp-content\/uploads\/2025\/04\/Ostermarsch-Duesseldorf-2025_800x450.jpg?fit=800%2C450&ssl=1&resize=350%2C200","width":350,"height":200,"srcset":"https:\/\/i0.wp.com\/www.freidenker.org\/fw17\/wp-content\/uploads\/2025\/04\/Ostermarsch-Duesseldorf-2025_800x450.jpg?fit=800%2C450&ssl=1&resize=350%2C200 1x, https:\/\/i0.wp.com\/www.freidenker.org\/fw17\/wp-content\/uploads\/2025\/04\/Ostermarsch-Duesseldorf-2025_800x450.jpg?fit=800%2C450&ssl=1&resize=525%2C300 1.5x, https:\/\/i0.wp.com\/www.freidenker.org\/fw17\/wp-content\/uploads\/2025\/04\/Ostermarsch-Duesseldorf-2025_800x450.jpg?fit=800%2C450&ssl=1&resize=700%2C400 2x"},"classes":[]},{"id":3070,"url":"https:\/\/www.freidenker.org\/?p=3070","url_meta":{"origin":15730,"position":1},"title":"Freidenker bei den Osterm\u00e4rschen 2013","author":"Webredaktion","date":"2. April 2013","format":false,"excerpt":"Nur 28 Sekunden berichtete die ARD-Tagesschau \u00fcber die diesj\u00e4hrigen Osterm\u00e4rsche, und zeigte dabei ein Freidenker-Pakat beim Ostermarsch in N\u00fcrnberg sowie Ernst Schwarz, singender Vorsitzender der Frankfurter Freidenker, auf der B\u00fchne am Frankfurter R\u00f6merberg.","rel":"","context":"In &quot;Frieden - Antifaschismus - Solidarit\u00e4t&quot;","block_context":{"text":"Frieden - Antifaschismus - Solidarit\u00e4t","link":"https:\/\/www.freidenker.org\/?cat=13"},"img":{"alt_text":"","src":"https:\/\/i0.wp.com\/www.freidenker.org\/fw17\/wp-content\/uploads\/2013\/04\/ostermarsch_potsdam_800x445.jpg?fit=800%2C445&ssl=1&resize=350%2C200","width":350,"height":200,"srcset":"https:\/\/i0.wp.com\/www.freidenker.org\/fw17\/wp-content\/uploads\/2013\/04\/ostermarsch_potsdam_800x445.jpg?fit=800%2C445&ssl=1&resize=350%2C200 1x, https:\/\/i0.wp.com\/www.freidenker.org\/fw17\/wp-content\/uploads\/2013\/04\/ostermarsch_potsdam_800x445.jpg?fit=800%2C445&ssl=1&resize=525%2C300 1.5x, https:\/\/i0.wp.com\/www.freidenker.org\/fw17\/wp-content\/uploads\/2013\/04\/ostermarsch_potsdam_800x445.jpg?fit=800%2C445&ssl=1&resize=700%2C400 2x"},"classes":[]},{"id":6075,"url":"https:\/\/www.freidenker.org\/?p=6075","url_meta":{"origin":15730,"position":2},"title":"Aufruf zum 18. Potsdamer Ostermarsch","author":"Webredaktion","date":"29. M\u00e4rz 2019","format":false,"excerpt":"Der Brandenburgische Freidenker-Verband ruft alle Friedensfreundinnen und Friedensfreunde zur aktiven Teilnahme an den Osterm\u00e4rschen der Friedensbewegung in diesem Jahr auf, welche traditionell in Potsdam seit vielen Jahren starten.","rel":"","context":"In &quot;Frieden - Antifaschismus - Solidarit\u00e4t&quot;","block_context":{"text":"Frieden - Antifaschismus - Solidarit\u00e4t","link":"https:\/\/www.freidenker.org\/?cat=13"},"img":{"alt_text":"","src":"https:\/\/i0.wp.com\/www.freidenker.org\/fw17\/wp-content\/uploads\/2019\/03\/fd_18.-potsdamer-ostermarsch-2019-800x445.jpg?fit=800%2C445&ssl=1&resize=350%2C200","width":350,"height":200,"srcset":"https:\/\/i0.wp.com\/www.freidenker.org\/fw17\/wp-content\/uploads\/2019\/03\/fd_18.-potsdamer-ostermarsch-2019-800x445.jpg?fit=800%2C445&ssl=1&resize=350%2C200 1x, https:\/\/i0.wp.com\/www.freidenker.org\/fw17\/wp-content\/uploads\/2019\/03\/fd_18.-potsdamer-ostermarsch-2019-800x445.jpg?fit=800%2C445&ssl=1&resize=525%2C300 1.5x, https:\/\/i0.wp.com\/www.freidenker.org\/fw17\/wp-content\/uploads\/2019\/03\/fd_18.-potsdamer-ostermarsch-2019-800x445.jpg?fit=800%2C445&ssl=1&resize=700%2C400 2x"},"classes":[]},{"id":21547,"url":"https:\/\/www.freidenker.org\/?p=21547","url_meta":{"origin":15730,"position":3},"title":"DGB-Ostermarsch-Erkl\u00e4rung l\u00e4sst staunen: Deutschland soll aufr\u00fcsten","author":"Webredaktion","date":"24. April 2025","format":false,"excerpt":"Beitrag von Felicitas Rabe Traditionell demonstriert die Friedensbewegung an den Osterfeiertagen landesweit gegen Aufr\u00fcstung und Krieg und f\u00fcr Diplomatie und Frieden. In seiner Erkl\u00e4rung zu den Osterm\u00e4rschen 2025 hat sich der Deutsche Gewerkschaftsbund (DGB) nun ganz aktuell f\u00fcr eine \"Aufr\u00fcstung zur Erh\u00f6hung der Verteidigungsf\u00e4higkeit\" ausgesprochen. Am Freitag kritisierte der Publizist\u2026","rel":"","context":"In &quot;Demokratie \u2013 Medien \u2013 Aufkl\u00e4rung&quot;","block_context":{"text":"Demokratie \u2013 Medien \u2013 Aufkl\u00e4rung","link":"https:\/\/www.freidenker.org\/?cat=12"},"img":{"alt_text":"","src":"https:\/\/i0.wp.com\/www.freidenker.org\/fw17\/wp-content\/uploads\/2025\/04\/PzD_Stalingrad_15_09_1942_800x450.jpg?fit=800%2C450&ssl=1&resize=350%2C200","width":350,"height":200,"srcset":"https:\/\/i0.wp.com\/www.freidenker.org\/fw17\/wp-content\/uploads\/2025\/04\/PzD_Stalingrad_15_09_1942_800x450.jpg?fit=800%2C450&ssl=1&resize=350%2C200 1x, https:\/\/i0.wp.com\/www.freidenker.org\/fw17\/wp-content\/uploads\/2025\/04\/PzD_Stalingrad_15_09_1942_800x450.jpg?fit=800%2C450&ssl=1&resize=525%2C300 1.5x, https:\/\/i0.wp.com\/www.freidenker.org\/fw17\/wp-content\/uploads\/2025\/04\/PzD_Stalingrad_15_09_1942_800x450.jpg?fit=800%2C450&ssl=1&resize=700%2C400 2x"},"classes":[]},{"id":2988,"url":"https:\/\/www.freidenker.org\/?p=2988","url_meta":{"origin":15730,"position":4},"title":"Freidenker-Brief 6-2015: Deutschland raus aus der NATO &#8211; NATO raus aus Deutschland","author":"Webredaktion","date":"27. August 2015","format":false,"excerpt":"W\u00e4hrend manche \"Institutionen\" der Friedensbewegung fortgesetzt die Diskussion \u201eWie weiter mit der Friedensbewegung?\u201c f\u00fchren, gibt es erfreulicherweise auch Friedenskr\u00e4fte, die angesichts der gef\u00e4hrlichen internationalen Entwicklung aktiv werden, die auf Aktionen und auf Klarheit dr\u00e4ngen: Einerseits die im \"AK Frieden \/ Internationales\" des Deutschen Freidenker-Verbandes erarbeitete programmatische Erkl\u00e4rung zu Fragen von\u2026","rel":"","context":"In &quot;Freidenker-Brief&quot;","block_context":{"text":"Freidenker-Brief","link":"https:\/\/www.freidenker.org\/?cat=341"},"img":{"alt_text":"","src":"https:\/\/i0.wp.com\/www.freidenker.org\/fw17\/wp-content\/uploads\/2015\/08\/Global_Hawk_800x445_mLogo.jpg?fit=800%2C445&ssl=1&resize=350%2C200","width":350,"height":200,"srcset":"https:\/\/i0.wp.com\/www.freidenker.org\/fw17\/wp-content\/uploads\/2015\/08\/Global_Hawk_800x445_mLogo.jpg?fit=800%2C445&ssl=1&resize=350%2C200 1x, https:\/\/i0.wp.com\/www.freidenker.org\/fw17\/wp-content\/uploads\/2015\/08\/Global_Hawk_800x445_mLogo.jpg?fit=800%2C445&ssl=1&resize=525%2C300 1.5x, https:\/\/i0.wp.com\/www.freidenker.org\/fw17\/wp-content\/uploads\/2015\/08\/Global_Hawk_800x445_mLogo.jpg?fit=800%2C445&ssl=1&resize=700%2C400 2x"},"classes":[]},{"id":4699,"url":"https:\/\/www.freidenker.org\/?p=4699","url_meta":{"origin":15730,"position":5},"title":"\u201eFormierte Gegenaufkl\u00e4rung\u201c &#8211; Anmerkungen","author":"Webredaktion","date":"2. April 2015","format":false,"excerpt":"Beitrag von Andreas Wehr In der Wochenendausgabe vom 21.\/22. M\u00e4rz 2015 ver\u00f6ffentlichte die Tageszeitung junge Welt unter der \u00dcberschrift \u201eFormierte Gegenaufkl\u00e4rung\u201c einen Artikel, der sich u. a. mit der Situation der Friedensbewegung und hier insbesondere mit den Montagsmahnwachen besch\u00e4ftigt. Autor ist der Redakteur der jungen Welt Sebastian Carlens. Der Artikel\u2026","rel":"","context":"In &quot;Demokratie \u2013 Medien \u2013 Aufkl\u00e4rung&quot;","block_context":{"text":"Demokratie \u2013 Medien \u2013 Aufkl\u00e4rung","link":"https:\/\/www.freidenker.org\/?cat=12"},"img":{"alt_text":"","src":"https:\/\/i0.wp.com\/www.freidenker.org\/fw17\/wp-content\/uploads\/2015\/04\/klartext_peace_800x445.jpg?fit=800%2C445&ssl=1&resize=350%2C200","width":350,"height":200,"srcset":"https:\/\/i0.wp.com\/www.freidenker.org\/fw17\/wp-content\/uploads\/2015\/04\/klartext_peace_800x445.jpg?fit=800%2C445&ssl=1&resize=350%2C200 1x, https:\/\/i0.wp.com\/www.freidenker.org\/fw17\/wp-content\/uploads\/2015\/04\/klartext_peace_800x445.jpg?fit=800%2C445&ssl=1&resize=525%2C300 1.5x, https:\/\/i0.wp.com\/www.freidenker.org\/fw17\/wp-content\/uploads\/2015\/04\/klartext_peace_800x445.jpg?fit=800%2C445&ssl=1&resize=700%2C400 2x"},"classes":[]}],"_links":{"self":[{"href":"https:\/\/www.freidenker.org\/index.php?rest_route=\/wp\/v2\/posts\/15730","targetHints":{"allow":["GET"]}}],"collection":[{"href":"https:\/\/www.freidenker.org\/index.php?rest_route=\/wp\/v2\/posts"}],"about":[{"href":"https:\/\/www.freidenker.org\/index.php?rest_route=\/wp\/v2\/types\/post"}],"author":[{"embeddable":true,"href":"https:\/\/www.freidenker.org\/index.php?rest_route=\/wp\/v2\/users\/3"}],"replies":[{"embeddable":true,"href":"https:\/\/www.freidenker.org\/index.php?rest_route=%2Fwp%2Fv2%2Fcomments&post=15730"}],"version-history":[{"count":0,"href":"https:\/\/www.freidenker.org\/index.php?rest_route=\/wp\/v2\/posts\/15730\/revisions"}],"wp:featuredmedia":[{"embeddable":true,"href":"https:\/\/www.freidenker.org\/index.php?rest_route=\/wp\/v2\/media\/15731"}],"wp:attachment":[{"href":"https:\/\/www.freidenker.org\/index.php?rest_route=%2Fwp%2Fv2%2Fmedia&parent=15730"}],"wp:term":[{"taxonomy":"category","embeddable":true,"href":"https:\/\/www.freidenker.org\/index.php?rest_route=%2Fwp%2Fv2%2Fcategories&post=15730"},{"taxonomy":"post_tag","embeddable":true,"href":"https:\/\/www.freidenker.org\/index.php?rest_route=%2Fwp%2Fv2%2Ftags&post=15730"}],"curies":[{"name":"wp","href":"https:\/\/api.w.org\/{rel}","templated":true}]}}