{"id":15719,"date":"2023-04-07T00:57:33","date_gmt":"2023-04-06T22:57:33","guid":{"rendered":"https:\/\/www.freidenker.org\/?p=15719"},"modified":"2023-05-06T11:12:36","modified_gmt":"2023-05-06T09:12:36","slug":"entzueckend-hoch-kreativ-marieluise-beck-und-ihre-liebe-zum-faschismus","status":"publish","type":"post","link":"https:\/\/www.freidenker.org\/?p=15719","title":{"rendered":"&#8222;Entz\u00fcckend, hoch kreativ&#8220; \u2013 Marieluise Beck und ihre Liebe zum Faschismus"},"content":{"rendered":"<p><strong>Auf einem Foto zeigt sich Marieluise Beck (B\u00fcndnis 90\/Die Gr\u00fcnen) als Leiterin eines einflussreichen Thinktanks mit Kateryna Prokopenko. Deren Mann Denys ist mittlerweile hochdekorierter Kommandeur einer Kompanie des Bataillons Asow. Der Fototermin ist ein offenes Bekenntnis von Beck zum Faschismus, ein \u00f6ffentlicher Aufschrei bleibt aus.<\/strong><\/p>\n<p><em>Von <strong>Gert Ewen Ungar<\/strong><\/em><\/p>\n<p><span style=\"font-size: 10pt;\">Erstver\u00f6ffentlichung am 04.04.2023 auf <a href=\"https:\/\/gegenzensur.rtde.life\/meinung\/166968-entzueckend-hoch-kreativ-marieluise-beck\/\" target=\"_blank\" rel=\"noopener\">RT DE<\/a><\/span><\/p>\n<p>Mit einem einzigen Tweet verdeutlicht die rechte, neokonservative Politikerin Marieluise Beck, was heute in Deutschland in der sogenannten &#8222;Mitte&#8220; der Gesellschaft schief l\u00e4uft: es fehlt dieser sich gern als linksliberal verstehenden &#8222;Mitte&#8220; an Resilienz gegen Faschismus.<\/p>\n<p>Marieluise Beck betreibt mit ihrem Mann Ralf F\u00fccks einen einflussreichen, staatsnahen Thinktank mit dem schwammigen Namen &#8222;Zentrum Liberale Moderne&#8220;, der auch aus Steuermitteln finanziert wird.\u00a0Beck ver\u00f6ffentlichte nun am 30. M\u00e4rz auf Twitter von sich ein Foto, an ihrer Seite eine Frau mit blondem Zopf, die sie als Kateryna P. vorstellt. Kateryna sei &#8222;eine entz\u00fcckende, hoch kreative junge Frau. Ihr Mann \u2013 Lehrer \u2013 k\u00e4mpfte mit Asow f\u00fcr ein Leben in Freiheit statt unter dumpfem russischem Terror&#8220;, l\u00e4sst sie die Twitter-Gemeinde wissen. Es geht um die Ukraine und \u2013 wie eigentlich immer bei einer Wortmeldung von Beck \u2013 darum, dass Russland und das, wof\u00fcr es steht, etwas ganz Schlimmes sei.<\/p>\n<blockquote class=\"twitter-tweet\" data-width=\"550\" data-dnt=\"true\">\n<p lang=\"de\" dir=\"ltr\"><a href=\"https:\/\/twitter.com\/hashtag\/Ukraine?src=hash&amp;ref_src=twsrc%5Etfw\">#Ukraine<\/a>:Kateryna P., eine entz\u00fcckende, hoch kreativen junge Frau. Ihr Mann &#8211; Lehrer &#8211; k\u00e4mpfte mit Asov f\u00fcr ein Leben in Freiheit statt unter dumpfem russischen Terror. Es sind oft die besten, die bereit sind ihr Leben f\u00fcr W\u00fcrde und Freiheit zu geben. Sie k\u00e4mpfen auch f\u00fcr uns. <a href=\"https:\/\/t.co\/bw4zwWwpLO\">pic.twitter.com\/bw4zwWwpLO<\/a><\/p>\n<p>&mdash; Marieluise Beck (@MarieluiseBeck) <a href=\"https:\/\/twitter.com\/MarieluiseBeck\/status\/1641458531818950657?ref_src=twsrc%5Etfw\">March 30, 2023<\/a><\/p><\/blockquote>\n<p><script async src=\"https:\/\/platform.twitter.com\/widgets.js\" charset=\"utf-8\"><\/script><\/p>\n<p>Kateryna ist tats\u00e4chlich die Frau von Denys Prokopenko, aber Prokopenko als Lehrer zu bezeichnen, ist infam. Schon ab 2014, unmittelbar nach dem Putsch in Kiew, begann er als 23-J\u00e4hriger, gegen die Befreiungsbewegung im Donbass und \u00fcbernahm sp\u00e4ter das Kommando \u00fcber eine Kompanie des offen faschistischen Bataillons Asow. Er hat den \u00fcberwiegenden Teil seines Berufslebens nicht als biederer &#8222;Lehrer&#8220; verbracht, sondern selbst get\u00f6tet und andere das T\u00f6ten gelehrt.<\/p>\n<p>Prokopenko ist ein waschechter Nazi, seine Frau ebenfalls. Sie stehen wie kaum ein anderes Paar f\u00fcr die tats\u00e4chlich gelebten sogenannten &#8222;Werte&#8220; in der heutigen Ukraine: Rassismus, Gewalt, Mord und Folter, Unterdr\u00fcckung und Repression. Sie sind beseelt von einem tief sitzenden, pathologischen Hass auf Russen und alles Russische.<\/p>\n<p>Was aber ist dann Marieluise Beck, die von diesem Ehepaar schw\u00e4rmt und behauptet, sie w\u00fcrden auch &#8222;f\u00fcr uns&#8220;, also f\u00fcr Deutschland und die Deutschen k\u00e4mpfen? Wof\u00fcr steht dann angeblich Deutschland, wenn das Ehepaar Prokopenko f\u00fcr Deutschland k\u00e4mpft? Die Verbindung zu Beck und zum &#8222;Zentrum Liberale Moderne&#8220; er\u00f6ffnet den Blick in einen typisch deutschen Abgrund der Gegenwart.<\/p>\n<p>Dass Beck ebenfalls von einem tiefen Hass auf Russen und alles Russische beseelt ist, bezeugte und bezeugt sie immer wieder in vielen \u00f6ffentlichen Statements und mit Beitr\u00e4gen auf der Website des Zentrums. Dieses Zentrum betreibt systematische Desinformation \u00fcber Russland. Kein Klischee \u00fcber Russland ist zu billig, um nicht von Beck und\u00a0ihren Mitarbeitern und Kooperationspartnern benutzt und als wahr behauptet zu werden. Beck und ihr Zentrum bedienen und f\u00fcttern ihr Publikum mit all den in Rassismus wurzelnden Vorurteilen \u00fcber Russland und &#8222;die Russen&#8220;.<\/p>\n<p>Insbesondere im Umfeld von B\u00fcndnis 90\/Die Gr\u00fcnen f\u00e4llt dieser typisch deutsche Rassismus auf fruchtbaren Boden. Kleptokratie, Korruption, Diktatur, Unterdr\u00fcckung \u2013\u00a0gern und ganz ohne eigene Anschauung glaubt man im &#8222;gr\u00fcnen&#8220; B\u00fcrgertum, was das Zentrum seinem unkritischen Publikum vorsetzt. Es sind allzu bequeme &#8222;Wahrheiten&#8220;: Deutschland ist besser. Der Russe ist unzivilisiert, ein Barbar und Sowjetmensch, der seine Unterdr\u00fccker liebt. Das Zentrum pr\u00e4sentiert die Geschichte von Herrenrasse und Untermensch in einer leicht modernisierten Form.<\/p>\n<p>Das deutsche Publikum ist inzwischen so gut mit Russenhass gef\u00fcttert, dass es auch \u00fcber die offenkundige Allianz einer deutschen Politikerin mit offen faschistischen Kr\u00e4ften in der Ukraine hinwegsieht.\u00a0Die b\u00fcrgerliche &#8222;linksliberale Mitte&#8220; beweist damit ihre v\u00f6llig fehlende Resilienz gegen\u00fcber tats\u00e4chlichem Faschismus. Die gleichen Personen, die zum Boykott der Vortr\u00e4ge von Daniele Ganser und der Konzerte von Roger Waters aufrufen, dieselben, die sich zur angeblichen &#8222;Verteidigung der Demokratie&#8220; zutiefst repressiver Mittel bedienen, schweigen ausgerechnet angesichts eines echten Bekenntnisses zu einer faschistischen Allianz.<\/p>\n<p>Das &#8222;Zentrum Liberale Moderne&#8220; ist aus guten Gr\u00fcnden in Russland verboten. Beck und ihr Umfeld sch\u00fcren Hass und betreiben offen die Abl\u00f6sung dessen, was sie das &#8222;System Putin&#8220; nennen. Sie f\u00f6rdern jegliche Versuche zum Putsch und Umsturz mit dem Ziel, ein vom Westen gef\u00fchrtes Marionettenregime zu errichten.<\/p>\n<p>Das Zentrum k\u00e4mpfe f\u00fcr die &#8222;Liberale Moderne&#8220; und gegen &#8222;Autokratien&#8220;, wollen Beck und ihre Mitstreiter ihrem Publikum weismachen. Nichts k\u00f6nnte mehr in die Irre f\u00fchren als diese Behauptung. Auch in Deutschland ist dieses Zentrum ein Hort der Feinde der Freiheit und der demokratischen Werte.<\/p>\n<p>Das Zentrum betreibt auch einen Internetpranger, der obendrein vom Steuerzahler finanziert wird. Dort werden Journalisten und Medien diffamiert, die sich kritisch gegen\u00fcber der Bundesregierung positionieren. Das &#8222;Zentrum Liberale Moderne&#8220; vertritt als Wert nicht die Freiheit des Liberalismus, sondern die Repression. Aus ihren \u00c4u\u00dferungen wird immer wieder deutlich: Beck ist Rassistin und zutiefst reaktion\u00e4r. Ihre Vision ist der autorit\u00e4re Staat, der seine B\u00fcrger g\u00e4ngelt, Vorschriften macht und abweichende Meinung unterdr\u00fcckt und bestraft.<\/p>\n<p>Das aber sind auch dieselben Vorstellungen, welche die &#8222;entz\u00fcckende, hoch kreative&#8220; Kateryna Prokopenko f\u00fcr die Ukraine hat. Es ist der gleiche faschistische Geist. Die beiden Frauen sind nicht nur Feinde der Freiheit, sondern auch Friedensfeinde. Die Deutsche und die Ukrainerin auf einem Bild versinnbildlichen das besondere Verh\u00e4ltnis des deutschen und des ukrainischen Faschismus. Sie bedingen und verst\u00e4rken sich in ihrer B\u00f6sartigkeit gegenseitig, sowohl historisch als auch gegenw\u00e4rtig. L\u00e4sst man sie gew\u00e4hren, wird diese neue Allianz Europa erneut in Schutt und Asche legen.<\/p>\n<p style=\"text-align: right;\"><em>Gert-Ewen Ungar studierte Philosophie und Germanistik und arbeitet als P\u00e4dagoge in der Sozialpsychiatrie in Berlin<\/em><\/p>\n<hr \/>\n<p><span style=\"font-size: 10pt;\">Bild oben: <span class=\"Cover-imageSource\"><span class=\"Cover-captionItem\">\u00a9 Screenshot: Twitter \/ Marieluise Beck<br \/>\n\u00dcbernommen von <a href=\"https:\/\/gegenzensur.rtde.life\/meinung\/166968-entzueckend-hoch-kreativ-marieluise-beck\/\" target=\"_blank\" rel=\"noopener\">RT DE<\/a><\/span><\/span><\/span><\/p>\n<div class=\"Text-root Text-type_5 ArticleView-text ViewText-root \">\n<div class=\"EmbedBlock-root EmbedBlock-all\"><\/div>\n<\/div>\n<p>&nbsp;<\/p>\n","protected":false},"excerpt":{"rendered":"<p><b>Beitrag von Gert Ewen Ungar<\/b><br \/>\nMit einem einzigen Tweet verdeutlicht die rechte, neokonservative Politikerin Marieluise Beck, was heute in Deutschland in der sogenannten &#8222;Mitte&#8220; der Gesellschaft schief l\u00e4uft: es fehlt dieser sich gern als linksliberal verstehenden &#8222;Mitte&#8220; an Resilienz gegen Faschismus.\u00a0Marieluise Beck betreibt mit ihrem Mann Ralf F\u00fccks einen einflussreichen, staatsnahen Thinktank mit dem schwammigen Namen &#8222;Zentrum Liberale Moderne&#8220;, der auch aus Steuermitteln finanziert wird.\u00a0Beck ver\u00f6ffentlichte nun am 30. M\u00e4rz auf Twitter von sich ein Foto, an ihrer Seite eine Frau mit blondem Zopf, die sie als Kateryna P. vorstellt. Kateryna sei &#8222;eine entz\u00fcckende, hoch kreative junge Frau. Ihr Mann \u2013 Lehrer \u2013 k\u00e4mpfte mit Asow f\u00fcr ein Leben in Freiheit statt unter dumpfem russischem Terror&#8220;, l\u00e4sst sie die Twitter-Gemeinde wissen. <\/p>\n","protected":false},"author":3,"featured_media":15720,"comment_status":"closed","ping_status":"closed","sticky":false,"template":"","format":"standard","meta":{"colormag_page_container_layout":"default_layout","colormag_page_sidebar_layout":"default_layout","advanced_seo_description":"","jetpack_seo_html_title":"","jetpack_seo_noindex":false,"jetpack_post_was_ever_published":false,"footnotes":""},"categories":[12],"tags":[1151,451,159,163,693,222,1168,1111,639,1591],"class_list":["post-15719","post","type-post","status-publish","format-standard","has-post-thumbnail","hentry","category-demokratie-medien-aufklaerung","tag-europa","tag-faschismus","tag-freiheit","tag-liberalismus","tag-neoliberalismus","tag-russland","tag-russophobie","tag-ukraine","tag-ukraine-konflikt","tag-wertewesten"],"jetpack_featured_media_url":"https:\/\/i0.wp.com\/www.freidenker.org\/fw17\/wp-content\/uploads\/2023\/04\/beck_642c408db480cc09e5495e4d_800x450.jpg?fit=800%2C450&ssl=1","jetpack_shortlink":"https:\/\/wp.me\/p9stpK-45x","jetpack-related-posts":[{"id":17177,"url":"https:\/\/www.freidenker.org\/?p=17177","url_meta":{"origin":15719,"position":0},"title":"Der Dammbruch: Deutschlands Pakt mit dem Faschismus","author":"Webredaktion","date":"6. Oktober 2023","format":false,"excerpt":"Beitrag von Gert Ewen Ungar Wenn es gegen Russland geht, dann wirft der kollektive Westen, dann wirft auch Deutschland alle Bedenken gegen\u00fcber Rechtsextremismus und Faschismus \u00fcber Bord. Wenn es gegen Russland geht, dann paktieren westliche Politik und Vertreter der Zivilgesellschaft mit Rechtsnationalisten und bekennenden Nazis. Der Damm ist l\u00e4ngst gebrochen,\u2026","rel":"","context":"In &quot;Demokratie \u2013 Medien \u2013 Aufkl\u00e4rung&quot;","block_context":{"text":"Demokratie \u2013 Medien \u2013 Aufkl\u00e4rung","link":"https:\/\/www.freidenker.org\/?cat=12"},"img":{"alt_text":"","src":"https:\/\/i0.wp.com\/www.freidenker.org\/fw17\/wp-content\/uploads\/2023\/10\/Bandera-Statue_800x450.jpg?fit=800%2C450&ssl=1&resize=350%2C200","width":350,"height":200,"srcset":"https:\/\/i0.wp.com\/www.freidenker.org\/fw17\/wp-content\/uploads\/2023\/10\/Bandera-Statue_800x450.jpg?fit=800%2C450&ssl=1&resize=350%2C200 1x, https:\/\/i0.wp.com\/www.freidenker.org\/fw17\/wp-content\/uploads\/2023\/10\/Bandera-Statue_800x450.jpg?fit=800%2C450&ssl=1&resize=525%2C300 1.5x, https:\/\/i0.wp.com\/www.freidenker.org\/fw17\/wp-content\/uploads\/2023\/10\/Bandera-Statue_800x450.jpg?fit=800%2C450&ssl=1&resize=700%2C400 2x"},"classes":[]},{"id":16012,"url":"https:\/\/www.freidenker.org\/?p=16012","url_meta":{"origin":15719,"position":1},"title":"Geschichtsrevisionismus made in Germany","author":"Webredaktion","date":"13. Mai 2023","format":false,"excerpt":"Beitrag von Gert Ewen Ungar In Russland sieht man Versuche des Westens deutlich, die Geschichte umschreiben zu wollen. Die Feierlichkeiten zum Tag des Siegs \u00fcber den Faschismus zeigten, Deutschland ist bei diesen Versuchen ganz vorn mit dabei. F\u00fcr Russland ist das ein aggressiver, feindseliger Akt. Ginge es nach der Bundesregierung,\u2026","rel":"","context":"In &quot;Demokratie \u2013 Medien \u2013 Aufkl\u00e4rung&quot;","block_context":{"text":"Demokratie \u2013 Medien \u2013 Aufkl\u00e4rung","link":"https:\/\/www.freidenker.org\/?cat=12"},"img":{"alt_text":"","src":"https:\/\/i0.wp.com\/www.freidenker.org\/fw17\/wp-content\/uploads\/2023\/05\/Reichtstag_Kuppel_Innen_Denis_Apel_9_800x450.jpg?fit=800%2C450&ssl=1&resize=350%2C200","width":350,"height":200,"srcset":"https:\/\/i0.wp.com\/www.freidenker.org\/fw17\/wp-content\/uploads\/2023\/05\/Reichtstag_Kuppel_Innen_Denis_Apel_9_800x450.jpg?fit=800%2C450&ssl=1&resize=350%2C200 1x, https:\/\/i0.wp.com\/www.freidenker.org\/fw17\/wp-content\/uploads\/2023\/05\/Reichtstag_Kuppel_Innen_Denis_Apel_9_800x450.jpg?fit=800%2C450&ssl=1&resize=525%2C300 1.5x, https:\/\/i0.wp.com\/www.freidenker.org\/fw17\/wp-content\/uploads\/2023\/05\/Reichtstag_Kuppel_Innen_Denis_Apel_9_800x450.jpg?fit=800%2C450&ssl=1&resize=700%2C400 2x"},"classes":[]},{"id":22283,"url":"https:\/\/www.freidenker.org\/?p=22283","url_meta":{"origin":15719,"position":2},"title":"FREIDENKER 2-25 \u2013 Faschismus: Formen, Wesen, Aktuelle Gefahren","author":"Webredaktion","date":"3. Juli 2025","format":false,"excerpt":"Die Ausgabe 2-25 des Verbandsorgans FREIDENKER hat das Schwerpunkt-Thema \u201eFaschismus \u2013 Formen, Wesen, Aktuelle Gefahren\u201c und enth\u00e4lt u.a. folgende Beitr\u00e4ge: - Tilo Graeser: In Moskau zum 80. Jahrestag des Sieges \u00fcber den Faschismus - Helmut Selinger: Ist die AfD als faschistisch zu charakterisieren? - Patrik Baab: \u00dcber Corona und Ukraine-Krieg\u2026","rel":"","context":"In &quot;Verbandsorgan FREIDENKER&quot;","block_context":{"text":"Verbandsorgan FREIDENKER","link":"https:\/\/www.freidenker.org\/?cat=8"},"img":{"alt_text":"","src":"https:\/\/i0.wp.com\/www.freidenker.org\/fw17\/wp-content\/uploads\/2025\/07\/FD_2025-02_Titel_mR.jpg?fit=800%2C445&ssl=1&resize=350%2C200","width":350,"height":200,"srcset":"https:\/\/i0.wp.com\/www.freidenker.org\/fw17\/wp-content\/uploads\/2025\/07\/FD_2025-02_Titel_mR.jpg?fit=800%2C445&ssl=1&resize=350%2C200 1x, https:\/\/i0.wp.com\/www.freidenker.org\/fw17\/wp-content\/uploads\/2025\/07\/FD_2025-02_Titel_mR.jpg?fit=800%2C445&ssl=1&resize=525%2C300 1.5x, https:\/\/i0.wp.com\/www.freidenker.org\/fw17\/wp-content\/uploads\/2025\/07\/FD_2025-02_Titel_mR.jpg?fit=800%2C445&ssl=1&resize=700%2C400 2x"},"classes":[]},{"id":7549,"url":"https:\/\/www.freidenker.org\/?p=7549","url_meta":{"origin":15719,"position":3},"title":"Kein Pakt mit Faschisten","author":"Webredaktion","date":"14. Februar 2020","format":false,"excerpt":"...auch nicht in der Ukraine, in Litauen, in Venezuela ! Neuer Flyer des Deutschen Freidenker-Verbandes Einen Bruch hat der Februar 2020 jedenfalls bewirkt: es wird wieder von Faschisten ge\u00adsprochen, nachdem das Verbrechersystem in Deutschland jahrzehntelang nur \u201eNational\u00adsozialismus\u201c genannt werden durfte. Emp\u00f6rung \u00fcber die R\u00e4nke mit der AfD ist wohlgelitten, unversehens\u2026","rel":"","context":"In &quot;Frieden - Antifaschismus - Solidarit\u00e4t&quot;","block_context":{"text":"Frieden - Antifaschismus - Solidarit\u00e4t","link":"https:\/\/www.freidenker.org\/?cat=13"},"img":{"alt_text":"","src":"https:\/\/i0.wp.com\/www.freidenker.org\/fw17\/wp-content\/uploads\/2020\/02\/kein_pakt.jpg?fit=800%2C445&ssl=1&resize=350%2C200","width":350,"height":200,"srcset":"https:\/\/i0.wp.com\/www.freidenker.org\/fw17\/wp-content\/uploads\/2020\/02\/kein_pakt.jpg?fit=800%2C445&ssl=1&resize=350%2C200 1x, https:\/\/i0.wp.com\/www.freidenker.org\/fw17\/wp-content\/uploads\/2020\/02\/kein_pakt.jpg?fit=800%2C445&ssl=1&resize=525%2C300 1.5x, https:\/\/i0.wp.com\/www.freidenker.org\/fw17\/wp-content\/uploads\/2020\/02\/kein_pakt.jpg?fit=800%2C445&ssl=1&resize=700%2C400 2x"},"classes":[]},{"id":13538,"url":"https:\/\/www.freidenker.org\/?p=13538","url_meta":{"origin":15719,"position":4},"title":"Tendenz der Faschisierung \u2013 vorbereitende Etappe &#8211; Faschismus an der Macht?","author":"Webredaktion","date":"18. Juni 2022","format":false,"excerpt":"Vortrag von Klaus Linder, gehalten am 14. Juni 2022 Der Faschismus hat eine hundertj\u00e4hrige Geschichte, deshalb sollten einige Begriffe wieder besehen werden. Da sich mit der Entwicklung des Faschismus auch der Antifaschismus nur schrittweise, \u00fcber Fehler und Korrekturen entwickelte, und da diesen Lehren das gro\u00dfe Cancel Culture unserer Gegner droht,\u2026","rel":"","context":"In &quot;Frieden - Antifaschismus - Solidarit\u00e4t&quot;","block_context":{"text":"Frieden - Antifaschismus - Solidarit\u00e4t","link":"https:\/\/www.freidenker.org\/?cat=13"},"img":{"alt_text":"","src":"https:\/\/i0.wp.com\/www.freidenker.org\/fw17\/wp-content\/uploads\/2022\/06\/dimitroff_v2_800x450.jpg?fit=800%2C450&ssl=1&resize=350%2C200","width":350,"height":200,"srcset":"https:\/\/i0.wp.com\/www.freidenker.org\/fw17\/wp-content\/uploads\/2022\/06\/dimitroff_v2_800x450.jpg?fit=800%2C450&ssl=1&resize=350%2C200 1x, https:\/\/i0.wp.com\/www.freidenker.org\/fw17\/wp-content\/uploads\/2022\/06\/dimitroff_v2_800x450.jpg?fit=800%2C450&ssl=1&resize=525%2C300 1.5x, https:\/\/i0.wp.com\/www.freidenker.org\/fw17\/wp-content\/uploads\/2022\/06\/dimitroff_v2_800x450.jpg?fit=800%2C450&ssl=1&resize=700%2C400 2x"},"classes":[]},{"id":11659,"url":"https:\/\/www.freidenker.org\/?p=11659","url_meta":{"origin":15719,"position":5},"title":"Zur Notwendigkeit breiter antifaschistischer B\u00fcndnisse","author":"Webredaktion","date":"22. November 2021","format":false,"excerpt":"Vortrag von Klaus Linder, gehalten in der Ortsgruppe Berlin-Marzahn des Rotfuchs-F\u00f6rdervereins Wir haben zu pr\u00fcfen: Was sind B\u00fcndnisse? Was ist antifaschistisch? Was ist Breite? Was ist Notwendigkeit? Zun\u00e4chst stellt sich die Frage nach dem Subjekt von B\u00fcndnissen. Ich sollte sagen: nach den Subjekten. Allerdings ist ein B\u00fcndnis der Versuch, in\u2026","rel":"","context":"In &quot;Frieden - Antifaschismus - Solidarit\u00e4t&quot;","block_context":{"text":"Frieden - Antifaschismus - Solidarit\u00e4t","link":"https:\/\/www.freidenker.org\/?cat=13"},"img":{"alt_text":"","src":"https:\/\/i0.wp.com\/www.freidenker.org\/fw17\/wp-content\/uploads\/2021\/11\/Linder_Rotfuchs._800x450jpg.jpg?fit=800%2C450&ssl=1&resize=350%2C200","width":350,"height":200,"srcset":"https:\/\/i0.wp.com\/www.freidenker.org\/fw17\/wp-content\/uploads\/2021\/11\/Linder_Rotfuchs._800x450jpg.jpg?fit=800%2C450&ssl=1&resize=350%2C200 1x, https:\/\/i0.wp.com\/www.freidenker.org\/fw17\/wp-content\/uploads\/2021\/11\/Linder_Rotfuchs._800x450jpg.jpg?fit=800%2C450&ssl=1&resize=525%2C300 1.5x, https:\/\/i0.wp.com\/www.freidenker.org\/fw17\/wp-content\/uploads\/2021\/11\/Linder_Rotfuchs._800x450jpg.jpg?fit=800%2C450&ssl=1&resize=700%2C400 2x"},"classes":[]}],"_links":{"self":[{"href":"https:\/\/www.freidenker.org\/index.php?rest_route=\/wp\/v2\/posts\/15719","targetHints":{"allow":["GET"]}}],"collection":[{"href":"https:\/\/www.freidenker.org\/index.php?rest_route=\/wp\/v2\/posts"}],"about":[{"href":"https:\/\/www.freidenker.org\/index.php?rest_route=\/wp\/v2\/types\/post"}],"author":[{"embeddable":true,"href":"https:\/\/www.freidenker.org\/index.php?rest_route=\/wp\/v2\/users\/3"}],"replies":[{"embeddable":true,"href":"https:\/\/www.freidenker.org\/index.php?rest_route=%2Fwp%2Fv2%2Fcomments&post=15719"}],"version-history":[{"count":0,"href":"https:\/\/www.freidenker.org\/index.php?rest_route=\/wp\/v2\/posts\/15719\/revisions"}],"wp:featuredmedia":[{"embeddable":true,"href":"https:\/\/www.freidenker.org\/index.php?rest_route=\/wp\/v2\/media\/15720"}],"wp:attachment":[{"href":"https:\/\/www.freidenker.org\/index.php?rest_route=%2Fwp%2Fv2%2Fmedia&parent=15719"}],"wp:term":[{"taxonomy":"category","embeddable":true,"href":"https:\/\/www.freidenker.org\/index.php?rest_route=%2Fwp%2Fv2%2Fcategories&post=15719"},{"taxonomy":"post_tag","embeddable":true,"href":"https:\/\/www.freidenker.org\/index.php?rest_route=%2Fwp%2Fv2%2Ftags&post=15719"}],"curies":[{"name":"wp","href":"https:\/\/api.w.org\/{rel}","templated":true}]}}