{"id":15688,"date":"2023-04-05T03:00:10","date_gmt":"2023-04-05T01:00:10","guid":{"rendered":"https:\/\/www.freidenker.org\/?p=15688"},"modified":"2023-05-06T11:11:13","modified_gmt":"2023-05-06T09:11:13","slug":"hat-die-ukraine-noch-eine-zukunft-oder-hat-der-verteilungskampf-schon-begonnen","status":"publish","type":"post","link":"https:\/\/www.freidenker.org\/?p=15688","title":{"rendered":"Hat die Ukraine noch eine Zukunft, oder hat der Verteilungskampf schon begonnen?"},"content":{"rendered":"<p><strong>Immer mehr Meldungen zeigen, dass der Kampf um die &#8222;Reste der Ukraine&#8220; hinter den Kulissen wohl schon begonnen hat. Das zeigen Meldungen aus Polen, Rum\u00e4nien und Moldawien.<\/strong><\/p>\n<p><em>von <strong>Anti-Spiegel<\/strong> (d.i. <strong>Thomas R\u00f6per<\/strong>)<\/em><\/p>\n<p><span style=\"font-size: 10pt;\">Erstver\u00f6ffentlichung am 28.03.2023 auf <a href=\"https:\/\/www.anti-spiegel.ru\/2023\/hat-die-ukraine-noch-eine-zukunft-oder-hat-der-verteilungskampf-schon-begonnen\/\" target=\"_blank\" rel=\"noopener\">anti-spiegel.ru<\/a><\/span><\/p>\n<p>Bisher redet noch niemand in der EU offen dar\u00fcber, dass die Tage der Ukraine gez\u00e4hlt sind, aber anscheinend hat hinter den Kulissen schon der Kampf um die \u201eReste der Ukraine\u201c begonnen. Ich will das vor allem Beispiel Rum\u00e4nien und Moldawien aufzeigen, wo die Lage besonders kompliziert ist. Anschlie\u00dfend kommen wir auch noch auf Polen zu sprechen.<\/p>\n<h5>Vereinigung mit Rum\u00e4nien?<\/h5>\n<p>Die moldawische Regierung unter der pro-westlichen Pr\u00e4sidentin Sandu f\u00f6rdert eine weitere Eskalation in dem Gebiet. Es gab einen versuchten Terroranschlag in Transnistrien und Proteste und Gegenproteste in Moldawien zur Frage eines Anschlusses an Rum\u00e4nien.<\/p>\n<p>Die Lage in dem kleinen Land Moldawien eskaliert weiter. Moldawien ist ein kleiner Vielv\u00f6lkerstaat, in dem es nach dem B\u00fcrgerkrieg Anfang der 90er Jahre ruhig war. Im Zuge des Zerfalls der Sowjetunion hat sich das mehrheitlich russisch besiedelte Transnistrien von Moldawien abgetrennt, was zu dem kurzen B\u00fcrgerkrieg gef\u00fchrt hat, den die russische Armee seinerzeit beendet hat. Seitdem stehen auf Grund eines Abkommens aller Beteiligten russische Friedenstruppen in Transnistrien und patrouillieren die Kontaktlinie gemeinsam mit moldawischen Soldaten.<\/p>\n<p>Der Grund f\u00fcr den B\u00fcrgerkrieg waren nationalistische Tendenzen in Moldawien, wo Nationalisten einen Anschluss des Landes an Rum\u00e4nien gefordert haben, was die Bev\u00f6lkerung Transnistriens nicht wollte. Zu der Vereinigung ist es (bisher) nicht gekommen, aber die Spaltung der moldawischen Gesellschaft bleibt bestehen.<\/p>\n<p>Der Wunsch nach einer Vereinigung von Moldawien und Rum\u00e4nien wird am h\u00e4ufigsten von rum\u00e4nischen Politikern ge\u00e4u\u00dfert, wo fast 68 Prozent der Bev\u00f6lkerung die Idee unterst\u00fctzen. In Moldawien bef\u00fcrwortet Umfragen zufolge nicht mehr als ein Drittel der Einwohner die Idee einer Vereinigung mit dem Nachbarland. Gleichzeitig bef\u00fcrwortet laut denselben Umfragen die Mehrheit der Moldawier die Beibehaltung der wirtschaftlichen, politischen und kulturellen Beziehungen zu Russland. Au\u00dferdem ist die Mehrheit der Moldawier daf\u00fcr, dass das Land \u2013 wie in seiner Verfassung festgeschrieben \u2013 neutral bleibt und sich nicht der NATO anschlie\u00dft, was die Regierung unter Pr\u00e4sidentin Sandu aber tun m\u00f6chte.<\/p>\n<p>Sandu hat gerade in einem verfassungsrechtlich <a href=\"https:\/\/www.anti-spiegel.ru\/2023\/das-pulverfass-moldawien\/\" target=\"_blank\" rel=\"noreferrer noopener\">sehr umstrittenen Verfahren<\/a> durchgesetzt, dass die Staatssprache in der Verfassung Moldawiens von \u201eMoldawisch\u201c in \u201eRum\u00e4nisch\u201c umbenannt wird, was zu Protesten gef\u00fchrt hat. Sandu sagt es nicht offen, weil es im Land unpopul\u00e4r ist, aber ihre Politik hat eindeutig Kurs auf eine Vereinigung mit Rum\u00e4nien genommen. Dabei w\u00fcrde sie \u2013 quasi nebenbei \u2013 auch ihre Hauptziele, n\u00e4mlich den Beitritt des Landes zu NATO und EU erreichen.<\/p>\n<p>Am Sonntag ist es in Moldawiens Hauptstadt <a href=\"https:\/\/tass.ru\/mezhdunarodnaya-panorama\/17372273\" target=\"_blank\" rel=\"noreferrer noopener\">zu Protesten und Gegenprotesten gekommen<\/a>, nachdem Sandu die Umbenennung der Staatssprache durchgesetzt hatte. Die Unionisten, wie die Bef\u00fcrworter der Vereinigung mit Rum\u00e4nien genannt werden, kamen mit rum\u00e4nischen Fahnen und Plakaten, die zur Vereinigung aufriefen. Sie skandierten Slogans wie \u201eGro\u00dfrum\u00e4nien!\u201c und \u201eBessarabien ist ein rum\u00e4nisches Land\u201c. Die Kundgebung verlief nicht ohne Provokation, als einige Demonstranten die Fahne des ukrainischen <a href=\"https:\/\/www.anti-spiegel.ru\/2022\/keine-nazis-die-glaubenssaetze-des-asow-bataillons\/\" target=\"_blank\" rel=\"noreferrer noopener\">Neonazi-Bataillons \u201eAsow\u201c<\/a> entrollten.<\/p>\n<p>Die Demonstration gegen die Unionisten wurde von Aktivisten der moldawischen Hayduk-Bewegung organisiert. Sie traten mit Parolen zur Unterst\u00fctzung der moldawischen Staatlichkeit und zur Verteidigung der moldawischen Sprache auf. \u201eWir gehen auf die Stra\u00dfe, um unser Land zu verteidigen. Die rum\u00e4nischen Separatisten wollen die Vereinigung mit Rum\u00e4nien, was die Abschaffung der moldawischen Staatlichkeit bedeutet\u201c, sagte der Anf\u00fchrer der Bewegung, Adrian Domentiuc, vor Journalisten. Er verurteilte die Entscheidung der Regierungspartei, die seiner Meinung nach Aufrufe nach der Aufl\u00f6sung des Staates unterst\u00fctzt, was von der \u00fcberw\u00e4ltigenden Mehrheit des Landes abgelehnt wird.<\/p>\n<p>Die Polizei musste die beiden Demonstrationen trennen, um Zusammenst\u00f6\u00dfe zu verhindern.<\/p>\n<h5>Transnistrien als Ausl\u00f6ser<\/h5>\n<p>Sandu hat inzwischen mehrmals den Abzug der russischen Friedenstruppen aus Transnistrien gefordert. Beobachter f\u00fcrchten jedoch, dass das zu einem Wiederaufflammen des B\u00fcrgerkrieges f\u00fchren w\u00fcrde. Die Kontaktlinie ist die ruhigste ihrer Art auf der Welt, es hat dort seit Jahrzehnten keine Vorf\u00e4lle mehr gegeben.<\/p>\n<p>Im Falle eines russischen Abzuges ist zu erwarten, dass Sandu versuchen k\u00f6nnte, Transnistrien gewaltsam wieder in Moldawien einzugliedern. Die Bev\u00f6lkerung in Transnistrien, die mehrheitlich aus ethnischen Russen besteht, will das jedoch nicht. Hinzu kommt, dass es in Transnistrien keine nationalistischen Tendenzen gibt, die man in Moldawien beobachten kann. In Transnistrien gibt es mehrere Amtssprachen und die ethnischen Gruppen (Russen, Ukrainer, Rum\u00e4nen) leben, anders als in Moldawien, wo die Regierungspolitik die Gr\u00e4ben gerade vertieft, friedlich zusammen.<\/p>\n<p>Wer an einer Eskalation der Situation interessiert ist, hat potenziell leichtes Spiel. Man m\u00fcsste nur den Streit um Transnistrien eskalieren, denn die russischen Friedenstruppen haben dort zwar das gr\u00f6\u00dfte Munitionslager Europas, sind von Russland aber abgeschnitten. W\u00fcrden ukrainische und moldawische Kr\u00e4fte Grenzzwischenf\u00e4lle provozieren, k\u00f6nnte sich der Krieg dort wieder anfachen lassen, wof\u00fcr man in der heutigen Zeit medial problemlos Russland die Schuld geben kann.<\/p>\n<h5>Provokationen<\/h5>\n<p>Die ukrainische Armee hat gemeldet, dass sie in der Grenzregion zu Transnistrien bereits Befestigungen ausbaut. Dass die Ukraine, deren gro\u00dfer Hunger nach Munition allgemein bekannt ist, ein Auge auf das riesige Munitionslager in Transnistrien geworfen hat, ist nicht \u00fcberraschend.<\/p>\n<p>F\u00fcr den 8. M\u00e4rz war ein gro\u00dfer <a href=\"https:\/\/t.me\/bloknot_rossiya\/29569\" target=\"_blank\" rel=\"noreferrer noopener\">Terroranschlag in der Hauptstadt von Transnistrien geplant<\/a>, der jedoch vom Geheimdienst verhindert wurde. Ein T\u00e4ter wurde festgenommen und hat ausgesagt. Der Plan war es, einen Gel\u00e4ndewagen mit Sprengstoff zu f\u00fcllen und zur Explosion zu bringen, wenn der transnistrische Regierungschef an dem Fahrzeug vorbeif\u00e4hrt. Offensichtlich war geplant, bei dem Anschlag auch eine Delegation der OSZE zu treffen.<\/p>\n<p>Zus\u00e4tzlich zum Sprengstoff sollten auch N\u00e4gel und Schrauben in dem Sprengsatz sein, um m\u00f6glichst viele Menschen zu verletzen. Der Radius der m\u00f6glichen Explosion, deren Kraft mit 14 Kilogramm TNT angegeben wird, wird auf 400 Meter gesch\u00e4tzt. Im belebten Stadtzentrum h\u00e4tte es also viele Opfer gegeben.<\/p>\n<p>Laut Aussagen des Verhafteten steckte der ukrainische Geheimdienst SBU hinter den Pl\u00e4nen. Der T\u00e4ter ist demnach zun\u00e4chst nach Moldawien gereist und hat die Grenze zu Transnistrien heimlich mit dem Sprengstoff \u00fcberquert. F\u00fcr seine Teilnahme an dem Anschlag habe er 2.500 Dollar bekommen. Seine Komplizen sind fl\u00fcchtig.<\/p>\n<p>Da in der OSZE-Delegation auch eine US-Amerikanerin vertreten ist, hat die Regierung von Transnistrien <a href=\"https:\/\/tass.ru\/mezhdunarodnaya-panorama\/17379673\" target=\"_blank\" rel=\"noreferrer noopener\">dem FBI angeboten<\/a>, es in die Ermittlungen einzubeziehen. Eine Reaktion aus den USA ist nicht bekannt.<\/p>\n<p>Der aufgeflogene Anschlag wurde von westlichen Medien ignoriert. W\u00e4re es zu der Explosion gekommen und w\u00e4re dabei auch die OSZE-Delegation zu Schaden gekommen, w\u00e4re wahrscheinlich breit berichtet worden und wir d\u00fcrfen dreimal raten, wen die westlichen Medien beschuldigt h\u00e4tten.<\/p>\n<p>In jedem Fall h\u00e4tte der Anschlag im Erfolgsfalle schwere politische Auswirkungen gehabt und h\u00e4tte als Startschuss daf\u00fcr dienen k\u00f6nnen, die Transnistrienfrage milit\u00e4risch zu kl\u00e4ren, wenn man Russland des Anschlages beschuldigt h\u00e4tte. Das w\u00e4re nebenbei auch eine willkommene Ablenkung von der T\u00e4terschaft der USA bei den Nord Streams gewesen, wenn man Russland eines schweren Terroranschlages h\u00e4tte beschuldigen k\u00f6nnen und das die Schlagzeilen beherrscht h\u00e4tte.<\/p>\n<h5>Die Landkarte neu zeichnen<\/h5>\n<p>Das offizielle Rum\u00e4nien h\u00e4lt sich mit Gebietsforderungen zur\u00fcck, aber die Angliederung von Moldawien (inklusive Transnistriens) ist ein mehr oder weniger heimlicher Wunsch der rum\u00e4nischen Politik. Hinzu kommt, dass es in der Ukraine eine rum\u00e4nische Minderheit gibt, die von Kiew unterdr\u00fcckt und diskriminiert wird, <a href=\"https:\/\/www.anti-spiegel.ru\/2023\/der-jahresbeginn-in-kiew-nazi-verehrung-und-neue-anti-demokratische-gesetze\/\" target=\"_blank\" rel=\"noreferrer noopener\">wogegen das offizielle Rum\u00e4nien immer wieder protestiert<\/a>.<\/p>\n<p>Vor einigen Tagen hat eine Hinterb\u00e4nklerin im rum\u00e4nischen Parlament einen <a href=\"https:\/\/www.anti-spiegel.ru\/2023\/rumaenische-abgeordnete-will-teile-der-ukraine-annektieren\/\" target=\"_blank\" rel=\"noreferrer noopener\">Gesetzentwurf eingebracht<\/a>, der die Aufhebung des Grenzvertrages mit der Ukraine und die Wiedereingliederung rum\u00e4nisch bewohnter ukrainischer Gebiete in den rum\u00e4nischen Staat fordert. Konkret geht es um die n\u00f6rdliche Bukowina, die Regionen Hertza, Bujak (Cahul, Bolgrad, Izmail), die historische Maramures und die Schlangeninsel.<\/p>\n<p>Das wird das rum\u00e4nische Parlament derzeit kaum offiziell beschlie\u00dfen, aber es zeigt, dass es bereits \u00dcberlegungen gibt, die Landkarte neu zu zeichnen. Und wer auf die Landkarte schaut, der stellt fest, dass Moldawien und Transnistrien danach praktisch von Rum\u00e4nien umschlossen w\u00e4ren, weshalb man nicht viel Fantasie braucht, um zu verstehen, welche Pl\u00e4ne man in Rum\u00e4nien wohl f\u00fcr Moldawien haben k\u00f6nnte.<\/p>\n<h5>Die Reste aufteilen<\/h5>\n<p>Dass auch Polen Gebietsanspr\u00fcche an die Ukraine hat, ist ein offenes Geheimnis. Die polnische Regierung, ebenfalls eine klar nationalistisch orientierte Regierung, tr\u00e4umt recht offen davon, die Grenzen zu verschieben und mindestens die polnischen Grenzen von vor dem Zweiten Weltkrieg wiederherzustellen, als Teile der heutigen Westukraine zu Polen geh\u00f6rten.<\/p>\n<p>Polen ist dabei bisher sehr geschickt vorgegangen, denn es hat eine Reihe von <a href=\"https:\/\/www.anti-spiegel.ru\/2022\/wie-polen-die-ukraine-schlucken-moechte\/\" target=\"_blank\" rel=\"noreferrer noopener\">Abkommen mit Kiew geschlossen<\/a>, die Polen bereits weitgehende Sonderrechte in der Ukraine einr\u00e4umen. Au\u00dferdem spielt sich Polen in der EU als der wichtigste Helfer der Ukraine auf, und m\u00f6chte auch beim \u201eWiederaufbau\u201c der Ukraine die F\u00fchrungsrolle \u00fcbernehmen.<\/p>\n<p>Seit Beginn der Eskalation des seit 2014 andauernden Ukraine-Krieges vor einem Jahr, testet Polen immer wieder die Entsendung von \u201eFriedenstruppen\u201c in die Westukraine aus, was faktisch deren Besetzung durch Polen bedeuten w\u00fcrde. Bisher schreckt Polen vor diesem Schritt zur\u00fcck, weil die USA deutlich zu verstehen geben, dass daraus resultierende milit\u00e4rische Zusammenst\u00f6\u00dfe mit der russischen Armee kein Fall f\u00fcr die NATO w\u00e4ren, Polen also alleine gegen Russland bestehen m\u00fcsste.<\/p>\n<p>Polen hat sich mit seinen Bem\u00fchungen trotzdem in eine fast perfekte Position man\u00f6vriert, wenn die Ukraine als Folge des Krieges auseinanderfallen sollte. Polens eigener Anspruch, eine Art Schutzmacht der Ukraine zu sein, w\u00e4re ein guter Vorwand, Teile der Ukraine im Falle ihres Auseinanderfallens \u2013 quasi zum \u201eSchutz\u201c der Menschen dort \u2013 zu \u00fcbernehmen.<\/p>\n<p>Aktuell hat der polnische Botschafter in Frankreich <a href=\"https:\/\/deutsch.rt.com\/europa\/165760-polnischer-botschafter-schliesst-direkten-zusammenstoss-mit-russland-nicht-aus\/\" target=\"_blank\" rel=\"noreferrer noopener\">in einem Interview gesagt<\/a>:<\/p>\n<blockquote class=\"wp-block-quote\"><p>\u201eWenn die Ukraine ihre Unabh\u00e4ngigkeit nicht verteidigt, haben wir keine andere Wahl, als in den Konflikt einzugreifen.\u201c<\/p><\/blockquote>\n<p>Die Aussage hat Wirbel gemacht und die polnische Regierung versuchte, die Aussage damit zu begr\u00fcnden, dass Russland nach einem Sieg in der Ukraine weiter nach Europa marschieren werde. Aber vor dem Hintergrund dessen, was ich hier ausgef\u00fchrt habe, d\u00fcrfte klar sein, was der Botschafter meinte: Sollte Russland gewinnen, muss Polen sich \u201eseine\u201c ukrainischen Gebiete notfalls mit Gewalt von den Russen zur\u00fcckholen.<\/p>\n<h5>Der Kampf bis zum letzten Ukrainer<\/h5>\n<p>Wie gesehen, kann man auch die rum\u00e4nische Position so \u00e4hnlich interpretieren, wie die polnische. Auch Rum\u00e4nien macht sich unauff\u00e4llig bereit, im Falle eines Falles zumindest die Teile der Ukraine zu \u00fcbernehmen, die fr\u00fcher mal rum\u00e4nisch waren und wo es rum\u00e4nische Bev\u00f6lkerungsgruppen gibt. Im Falle Rum\u00e4niens k\u00f6nnte der Funke daf\u00fcr in Transnistrien z\u00fcnden, jedenfalls bereitet die moldawische Pr\u00e4sidentin, die selbst f\u00fcr einen Anschluss Moldawiens an Rum\u00e4nien ist, daf\u00fcr den Weg.<\/p>\n<p>Dass derzeit Spezialeinheiten der NATO in Moldawien \u00dcbungen abhalten, passt perfekt ins Bild. Die gemeinsamen Milit\u00e4r\u00fcbungen von Spezialeinheiten der britischen, moldawischen, rum\u00e4nischen und US-amerikanischen Streitkr\u00e4fte in Moldawien tragen den sch\u00f6nen Namen Joint Combined Exchange Training und dauern bis zum 7. April, <a href=\"https:\/\/tass.ru\/mezhdunarodnaya-panorama\/17374405\" target=\"_blank\" rel=\"noreferrer noopener\">wie das moldawische Verteidigungsministerium mitteilte<\/a>.<\/p>\n<p>Kiew k\u00e4mpft derweil bis zum letzten Ukrainer gegen Russland und wird dabei von denen angefeuert, die selbst recht offen Appetit auf Teile der Ukraine haben. Daher ist die Frage, die russische Analysten oft stellen, n\u00e4mlich, ob es in zwei oder drei Jahren \u00fcberhaupt noch einen ukrainischen Staat geben wird, nicht unberechtigt.<\/p>\n<p style=\"text-align: right;\"><em>Thomas R\u00f6per, geboren 1971, lebt seit \u00fcber 15 Jahren in Russland. Die Schwerpunkte seiner medienkritischen Arbeit sind das (mediale) Russlandbild in Deutschland, Kritik an der Berichterstattung westlicher Medien im Allgemeinen und die Themen (Geo-)Politik und Wirtschaft.<\/em><\/p>\n<hr \/>\n<p><span style=\"font-size: 10pt;\">Bild oben: <a href=\"https:\/\/openclipart.org\/detail\/190459\/eu-ukraine\" target=\"_blank\" rel=\"noopener\">openclipart.org<\/a><\/span><\/p>\n<p>&nbsp;<\/p>\n","protected":false},"excerpt":{"rendered":"<p><b>Beitrag von Anti-Spiegel (d.i. Thomas R\u00f6per)<\/b><br \/>\nBisher redet noch niemand in der EU offen dar\u00fcber, dass die Tage der Ukraine gez\u00e4hlt sind, aber anscheinend hat hinter den Kulissen schon der Kampf um die \u201eReste der Ukraine\u201c begonnen. Ich will das vor allem Beispiel Rum\u00e4nien und Moldawien aufzeigen, wo die Lage besonders kompliziert ist. Anschlie\u00dfend kommen wir auch noch auf Polen zu sprechen. Die moldawische Regierung unter der pro-westlichen Pr\u00e4sidentin Sandu f\u00f6rdert eine weitere Eskalation in dem Gebiet. Es gab einen versuchten Terroranschlag in Transnistrien und Proteste und Gegenproteste in Moldawien zur Frage eines Anschlusses an Rum\u00e4nien. Die Lage in dem kleinen Land Moldawien eskaliert weiter. <\/p>\n","protected":false},"author":3,"featured_media":15690,"comment_status":"closed","ping_status":"closed","sticky":false,"template":"","format":"standard","meta":{"colormag_page_container_layout":"default_layout","colormag_page_sidebar_layout":"default_layout","advanced_seo_description":"","jetpack_seo_html_title":"","jetpack_seo_noindex":false,"jetpack_post_was_ever_published":false,"footnotes":""},"categories":[12],"tags":[1629,1136,1762,482,1311,1330,1210,222,1111,639,1525],"class_list":["post-15688","post","type-post","status-publish","format-standard","has-post-thumbnail","hentry","category-demokratie-medien-aufklaerung","tag-eskalation","tag-friedenspolitik","tag-gebietsansprueche","tag-nationalismus","tag-polen","tag-republik-moldau","tag-rumaenien","tag-russland","tag-ukraine","tag-ukraine-konflikt","tag-waffenlieferungen"],"jetpack_featured_media_url":"https:\/\/i0.wp.com\/www.freidenker.org\/fw17\/wp-content\/uploads\/2023\/04\/ukraine_eu_800x450.jpg?fit=800%2C450&ssl=1","jetpack_shortlink":"https:\/\/wp.me\/p9stpK-452","jetpack-related-posts":[{"id":21088,"url":"https:\/\/www.freidenker.org\/?p=21088","url_meta":{"origin":15688,"position":0},"title":"In Rum\u00e4nien erklimmt die EU-&#8222;Demokratie&#8220; ganz neue H\u00f6hen","author":"Webredaktion","date":"3. M\u00e4rz 2025","format":false,"excerpt":"Beitrag von Dagmar Henn Wie soll man das nennen, was gerade in Rum\u00e4nien geschieht? Wenn erst eine Wahl f\u00fcr ung\u00fcltig erkl\u00e4rt wird, und nun der Kandidat, der den EU-Granden in Br\u00fcssel nicht gef\u00e4llt, festgenommen und anschlie\u00dfend vorsorglich f\u00fcr die Zeit des Wahlkampfs in Hausarrest gesteckt und sogar an der Kommunikation\u2026","rel":"","context":"In &quot;Demokratie \u2013 Medien \u2013 Aufkl\u00e4rung&quot;","block_context":{"text":"Demokratie \u2013 Medien \u2013 Aufkl\u00e4rung","link":"https:\/\/www.freidenker.org\/?cat=12"},"img":{"alt_text":"","src":"https:\/\/i0.wp.com\/www.freidenker.org\/fw17\/wp-content\/uploads\/2025\/03\/Calin_Georgescu_discurs_Biserica_Penticostala_Jebel_800x450.jpg?fit=800%2C450&ssl=1&resize=350%2C200","width":350,"height":200,"srcset":"https:\/\/i0.wp.com\/www.freidenker.org\/fw17\/wp-content\/uploads\/2025\/03\/Calin_Georgescu_discurs_Biserica_Penticostala_Jebel_800x450.jpg?fit=800%2C450&ssl=1&resize=350%2C200 1x, https:\/\/i0.wp.com\/www.freidenker.org\/fw17\/wp-content\/uploads\/2025\/03\/Calin_Georgescu_discurs_Biserica_Penticostala_Jebel_800x450.jpg?fit=800%2C450&ssl=1&resize=525%2C300 1.5x, https:\/\/i0.wp.com\/www.freidenker.org\/fw17\/wp-content\/uploads\/2025\/03\/Calin_Georgescu_discurs_Biserica_Penticostala_Jebel_800x450.jpg?fit=800%2C450&ssl=1&resize=700%2C400 2x"},"classes":[]},{"id":19060,"url":"https:\/\/www.freidenker.org\/?p=19060","url_meta":{"origin":15688,"position":1},"title":"Rote Linien, Man\u00f6ver, Gerede von Truppen \u2013 was hat der Westen vor?","author":"Webredaktion","date":"12. Mai 2024","format":false,"excerpt":"Beitrag von Dagmar Henn Je br\u00fcchiger die Front im Donbass wird, desto nerv\u00f6ser scheinen alle Exponenten des Westens zu werden. Und desto tiefer verstricken sie sich in den Konflikt in der Ukraine, zumindest in Europa. Dabei sind die Ergebnisse noch alarmierender, wenn man verschiedene Ereignisse zusammenf\u00fcgt. Manchmal f\u00fcgen sich Informationen\u2026","rel":"","context":"In &quot;Demokratie \u2013 Medien \u2013 Aufkl\u00e4rung&quot;","block_context":{"text":"Demokratie \u2013 Medien \u2013 Aufkl\u00e4rung","link":"https:\/\/www.freidenker.org\/?cat=12"},"img":{"alt_text":"","src":"https:\/\/i0.wp.com\/www.freidenker.org\/fw17\/wp-content\/uploads\/2024\/05\/U.S_and_Romanian_Air_Defenders_800x450.jpg?fit=800%2C450&ssl=1&resize=350%2C200","width":350,"height":200,"srcset":"https:\/\/i0.wp.com\/www.freidenker.org\/fw17\/wp-content\/uploads\/2024\/05\/U.S_and_Romanian_Air_Defenders_800x450.jpg?fit=800%2C450&ssl=1&resize=350%2C200 1x, https:\/\/i0.wp.com\/www.freidenker.org\/fw17\/wp-content\/uploads\/2024\/05\/U.S_and_Romanian_Air_Defenders_800x450.jpg?fit=800%2C450&ssl=1&resize=525%2C300 1.5x, https:\/\/i0.wp.com\/www.freidenker.org\/fw17\/wp-content\/uploads\/2024\/05\/U.S_and_Romanian_Air_Defenders_800x450.jpg?fit=800%2C450&ssl=1&resize=700%2C400 2x"},"classes":[]},{"id":8470,"url":"https:\/\/www.freidenker.org\/?p=8470","url_meta":{"origin":15688,"position":2},"title":"Ring um Russland: Die Vereinigten Staaten militarisieren Rum\u00e4nien","author":"Webredaktion","date":"29. Juli 2020","format":false,"excerpt":"Beitrag von Prof. Dr. Anton Latzo Rum\u00e4nien wird immer mehr zu einem milit\u00e4rischen St\u00fctzpunkt der USA. Washington versucht das osteurop\u00e4ische Land in seine gegen Russland gerichtete Strategie zu integrieren. Somit regen sich auch in Rum\u00e4nien kritische Stimmen gegen diese Politik. ... Alle Welt spricht davon, dass sich die USA aus\u2026","rel":"","context":"In &quot;Frieden - Antifaschismus - Solidarit\u00e4t&quot;","block_context":{"text":"Frieden - Antifaschismus - Solidarit\u00e4t","link":"https:\/\/www.freidenker.org\/?cat=13"},"img":{"alt_text":"","src":"https:\/\/i0.wp.com\/www.freidenker.org\/fw17\/wp-content\/uploads\/2020\/07\/Rum%C3%A4nien_NATO_2_800x450.jpg?fit=800%2C450&ssl=1&resize=350%2C200","width":350,"height":200,"srcset":"https:\/\/i0.wp.com\/www.freidenker.org\/fw17\/wp-content\/uploads\/2020\/07\/Rum%C3%A4nien_NATO_2_800x450.jpg?fit=800%2C450&ssl=1&resize=350%2C200 1x, https:\/\/i0.wp.com\/www.freidenker.org\/fw17\/wp-content\/uploads\/2020\/07\/Rum%C3%A4nien_NATO_2_800x450.jpg?fit=800%2C450&ssl=1&resize=525%2C300 1.5x, https:\/\/i0.wp.com\/www.freidenker.org\/fw17\/wp-content\/uploads\/2020\/07\/Rum%C3%A4nien_NATO_2_800x450.jpg?fit=800%2C450&ssl=1&resize=700%2C400 2x"},"classes":[]},{"id":17792,"url":"https:\/\/www.freidenker.org\/?p=17792","url_meta":{"origin":15688,"position":3},"title":"Auch 2024 keine Aussichten auf Waffenstillstand in der Ukraine","author":"Webredaktion","date":"8. Januar 2024","format":false,"excerpt":"Beitrag von Rainer Rupp Am 30. November 2023, also vor etwas mehr als einem Monat, gab es in der renommierten britischen Zeitung The Times in London einen Artikel \u00fcber eine hochrangige Konferenz zu Fragen der Verteidigung in Berlin, \u00fcber deren Stattfinden und erst recht deren explosive Diskussionsinhalte die deutschen \"Qualit\u00e4tsmedien\"\u2026","rel":"","context":"In &quot;Demokratie \u2013 Medien \u2013 Aufkl\u00e4rung&quot;","block_context":{"text":"Demokratie \u2013 Medien \u2013 Aufkl\u00e4rung","link":"https:\/\/www.freidenker.org\/?cat=12"},"img":{"alt_text":"","src":"https:\/\/i0.wp.com\/www.freidenker.org\/fw17\/wp-content\/uploads\/2024\/01\/UA_Leopard_1A5_03_800x450.jpg?fit=800%2C450&ssl=1&resize=350%2C200","width":350,"height":200,"srcset":"https:\/\/i0.wp.com\/www.freidenker.org\/fw17\/wp-content\/uploads\/2024\/01\/UA_Leopard_1A5_03_800x450.jpg?fit=800%2C450&ssl=1&resize=350%2C200 1x, https:\/\/i0.wp.com\/www.freidenker.org\/fw17\/wp-content\/uploads\/2024\/01\/UA_Leopard_1A5_03_800x450.jpg?fit=800%2C450&ssl=1&resize=525%2C300 1.5x, https:\/\/i0.wp.com\/www.freidenker.org\/fw17\/wp-content\/uploads\/2024\/01\/UA_Leopard_1A5_03_800x450.jpg?fit=800%2C450&ssl=1&resize=700%2C400 2x"},"classes":[]},{"id":13277,"url":"https:\/\/www.freidenker.org\/?p=13277","url_meta":{"origin":15688,"position":4},"title":"Der n\u00e4chste Schritt: Polen will die Ukraine schlucken","author":"Webredaktion","date":"29. Mai 2022","format":false,"excerpt":"Beitrag von Anti-Spiegel (d.i. Thomas R\u00f6per) Polens Ambitionen, zur alten Gr\u00f6\u00dfe des mittelalterlichen Polens zur\u00fcckzukehren, machen Fortschritte. Faszinierend dabei ist, dass die deutschen Medien diese Ereignisse komplett verschweigen. Schon seit Beginn der russischen Milit\u00e4roperation dr\u00e4ngt Polen darauf, eigene \u201eFriedenstruppen\u201c in die Ukraine zu entsenden. Da die USA klar gemacht haben,\u2026","rel":"","context":"In &quot;Demokratie \u2013 Medien \u2013 Aufkl\u00e4rung&quot;","block_context":{"text":"Demokratie \u2013 Medien \u2013 Aufkl\u00e4rung","link":"https:\/\/www.freidenker.org\/?cat=12"},"img":{"alt_text":"","src":"https:\/\/i0.wp.com\/www.freidenker.org\/fw17\/wp-content\/uploads\/2022\/05\/Source_riviere_San_1_800x450.jpg?fit=800%2C450&ssl=1&resize=350%2C200","width":350,"height":200,"srcset":"https:\/\/i0.wp.com\/www.freidenker.org\/fw17\/wp-content\/uploads\/2022\/05\/Source_riviere_San_1_800x450.jpg?fit=800%2C450&ssl=1&resize=350%2C200 1x, https:\/\/i0.wp.com\/www.freidenker.org\/fw17\/wp-content\/uploads\/2022\/05\/Source_riviere_San_1_800x450.jpg?fit=800%2C450&ssl=1&resize=525%2C300 1.5x, https:\/\/i0.wp.com\/www.freidenker.org\/fw17\/wp-content\/uploads\/2022\/05\/Source_riviere_San_1_800x450.jpg?fit=800%2C450&ssl=1&resize=700%2C400 2x"},"classes":[]},{"id":19155,"url":"https:\/\/www.freidenker.org\/?p=19155","url_meta":{"origin":15688,"position":5},"title":"Die westliche \u00d6ffentlichkeit wird darauf vorbereitet, dass ihre S\u00f6hne in der Ukraine fallen werden","author":"Webredaktion","date":"24. Mai 2024","format":false,"excerpt":"Beitrag von Anti-Spiegel (d.i. Thomas R\u00f6per) Dass NATO-Soldaten bereits in der Ukraine aktiv sind, ist mittlerweile ein offenes Geheimnis. Offenbar sollen demn\u00e4chst ganz offiziell NATO-Soldaten als Ausbilder in die Ukraine geschickt werden und man ist sich im Westen dar\u00fcber klar, dass sie ein legitimes Ziel f\u00fcr russische Luftangriffe werden. Die\u2026","rel":"","context":"In &quot;Demokratie \u2013 Medien \u2013 Aufkl\u00e4rung&quot;","block_context":{"text":"Demokratie \u2013 Medien \u2013 Aufkl\u00e4rung","link":"https:\/\/www.freidenker.org\/?cat=12"},"img":{"alt_text":"","src":"https:\/\/i0.wp.com\/www.freidenker.org\/fw17\/wp-content\/uploads\/2024\/05\/soldiers-with-ukraines-1st-airmobile-battalion-79th-00dbd6_800x450.jpg?fit=800%2C450&ssl=1&resize=350%2C200","width":350,"height":200,"srcset":"https:\/\/i0.wp.com\/www.freidenker.org\/fw17\/wp-content\/uploads\/2024\/05\/soldiers-with-ukraines-1st-airmobile-battalion-79th-00dbd6_800x450.jpg?fit=800%2C450&ssl=1&resize=350%2C200 1x, https:\/\/i0.wp.com\/www.freidenker.org\/fw17\/wp-content\/uploads\/2024\/05\/soldiers-with-ukraines-1st-airmobile-battalion-79th-00dbd6_800x450.jpg?fit=800%2C450&ssl=1&resize=525%2C300 1.5x, https:\/\/i0.wp.com\/www.freidenker.org\/fw17\/wp-content\/uploads\/2024\/05\/soldiers-with-ukraines-1st-airmobile-battalion-79th-00dbd6_800x450.jpg?fit=800%2C450&ssl=1&resize=700%2C400 2x"},"classes":[]}],"_links":{"self":[{"href":"https:\/\/www.freidenker.org\/index.php?rest_route=\/wp\/v2\/posts\/15688","targetHints":{"allow":["GET"]}}],"collection":[{"href":"https:\/\/www.freidenker.org\/index.php?rest_route=\/wp\/v2\/posts"}],"about":[{"href":"https:\/\/www.freidenker.org\/index.php?rest_route=\/wp\/v2\/types\/post"}],"author":[{"embeddable":true,"href":"https:\/\/www.freidenker.org\/index.php?rest_route=\/wp\/v2\/users\/3"}],"replies":[{"embeddable":true,"href":"https:\/\/www.freidenker.org\/index.php?rest_route=%2Fwp%2Fv2%2Fcomments&post=15688"}],"version-history":[{"count":0,"href":"https:\/\/www.freidenker.org\/index.php?rest_route=\/wp\/v2\/posts\/15688\/revisions"}],"wp:featuredmedia":[{"embeddable":true,"href":"https:\/\/www.freidenker.org\/index.php?rest_route=\/wp\/v2\/media\/15690"}],"wp:attachment":[{"href":"https:\/\/www.freidenker.org\/index.php?rest_route=%2Fwp%2Fv2%2Fmedia&parent=15688"}],"wp:term":[{"taxonomy":"category","embeddable":true,"href":"https:\/\/www.freidenker.org\/index.php?rest_route=%2Fwp%2Fv2%2Fcategories&post=15688"},{"taxonomy":"post_tag","embeddable":true,"href":"https:\/\/www.freidenker.org\/index.php?rest_route=%2Fwp%2Fv2%2Ftags&post=15688"}],"curies":[{"name":"wp","href":"https:\/\/api.w.org\/{rel}","templated":true}]}}