{"id":15633,"date":"2023-03-29T20:23:50","date_gmt":"2023-03-29T18:23:50","guid":{"rendered":"https:\/\/www.freidenker.org\/?p=15633"},"modified":"2023-04-24T00:36:30","modified_gmt":"2023-04-23T22:36:30","slug":"kanzler-scholz-gibt-den-watschenmann","status":"publish","type":"post","link":"https:\/\/www.freidenker.org\/?p=15633","title":{"rendered":"Kanzler Scholz gibt den Watschenmann"},"content":{"rendered":"<h5>F\u00fcr die Rolle bestens geeignet \/ Zensur und Selbstzensur kaschieren das deutsche Elend, derweil die Rechtsstaatlichkeit schwindet<\/h5>\n<p><em>Von Friedhelm Klinkhammer und Volker Br\u00e4utigam<\/em><\/p>\n<p><strong>Deutschland, der Pausenhof: Big Joe knallt dem Olaf ein Ding an den Nischel, so einen Wumms h\u00e4lt kein Gasrohr aus. Olaf sieht Sterne und Streifen. Aber er versichert den Umstehenden: <em>\u201eUnsere Partnerschaft ist enger und vertrauensvoller denn je.\u201c<\/em><\/strong><a href=\"#_edn1\" name=\"_ednref1\">[1]<\/a> <strong>Big Joe bestellt den Olaf wenig sp\u00e4ter zu sich nach \u00dcbersee und fl\u00fcstert ihm was. Die ARD-aktuell aber macht daraus einen <em>\u201eBesuch bei Freunden\u201c.<\/em><\/strong><a href=\"#_edn2\" name=\"_ednref2\">[2]<\/a><strong> Manipulation geh\u00f6rt eben zur Tagesschau wie Mattscheibe zur Caren Miosga. Drei Tage sp\u00e4ter hei\u00dft es aus Hamburg, Big Joe habe dem Olaf \u00fcberhaupt keine reingehauen, sondern, ganz anders, einige pro-ukrainische R\u00fcpel<\/strong><a href=\"#_edn3\" name=\"_ednref3\">[3]<\/a><strong> h\u00e4tten mit einem Segelboot Knallfr\u00f6sche in Olafs Badewanne \u2026 Man verzeihe uns das Geschnodder, es soll darauf aufmerksam machen, dass die USA eine intellektuelle Flugverbotszone \u00fcber unser Land verh\u00e4ngt haben; deshalb liefern unsere Leit- und Konzernmedien Nachrichten vom hier dargestellten informationellen Gehalt. <\/strong><\/p>\n<p>Unser Gemeinwesen verkr\u00fcppelt unter solcher Deutungshoheit zusehends zu einem protofaschistischen US-Protektorat. Widerstandskr\u00e4fte dagegen entwickeln sich erst allm\u00e4hlich. Konkrete Erfahrungen mit realem Faschismus hat in Deutschland nur noch ein sehr kleiner Kreis von Hochbetagten, die Hitlers Drittes Reich erlebt haben. Die J\u00fcngeren m\u00fcssen erst selbst dahinterkommen, wo welche Gefahrenquellen f\u00fcr unseren Rechtsstaat sprudeln.<\/p>\n<p>Seine Ver\u00e4chter zeichnen sich durch ihren abgrundtiefen Zynismus und US-Konformismus aus. Selbstbestimmte Pers\u00f6nlichkeitsentfaltung, unabh\u00e4ngige Meinungsbildung, freies Denken und Reden sind ihnen zuwider. Ihr Ideal ist der Angepasste, der sich ihren Vorgaben unterordnet und ihnen besinnungslos nachbetet. Die einst \u00fcbliche Todesstrafe f\u00fcrs Abh\u00f6ren von \u201eFeindsendern\u201c brauchen sie f\u00fcr ihre Zwecke nicht mehr. Mit von elektronischer Datenverarbeitung unterst\u00fctzter Zensur sowie mit Agitation und Propaganda in Dauerschleife gelingt es schon jetzt, ein vollkommen verzerrtes Weltbild als Realit\u00e4t auszugeben und mehrheitlich akzeptabel zu machen. Rechtsnihilismus und Willk\u00fcrjustiz unterst\u00fctzen den Erfolg.<\/p>\n<p>Kein Nachrichtentag vergeht, ohne dass wir vom \u201e<em>brutalen russischen Angriffskrieg gegen die Ukraine<\/em>\u201c<a href=\"#_edn4\" name=\"_ednref4\">[4]<\/a> zu h\u00f6ren kriegen. Wer diese USA-NATO-EU-Sichtweise \u00f6ffentlich infrage stellt, ein Ende der gigantischen Waffenlieferungen an die Ukraine und die Aufnahme von Verhandlungen mit Russland fordert, lernt schnell deutsche Staatsanw\u00e4lte kennen. Die nennen soviel kritischen Widerspruch gegen die \u201eherrschende\u201c Meinung n\u00e4mlich<\/p>\n<blockquote><p>\u00a0<em>\u201eBilligung eines Angriffskrieges, die geeignet ist, den \u00f6ffentlichen Frieden zu st\u00f6ren\u201c<\/em>.<a href=\"#_edn5\" name=\"_ednref5\">[5]<\/a><\/p><\/blockquote>\n<p>Das gilt als Straftat und wird mit bis zu drei Jahren Haft oder Geldstrafe geahndet. Entsprechende Urteile sind bereits ergangen.<a href=\"#_edn6\" name=\"_ednref6\">[6]<\/a><\/p>\n<p>Deutsche Gerichte ber\u00fccksichtigen nicht, dass der globale S\u00fcden, die Mehrheit der Weltbev\u00f6lkerung, sich nicht an der westlichen Sanktionspolitik beteiligt. Zudem lassen die deutsche Justiz (und f\u00fcglich auch die konformistische Tagesschau) au\u00dfer Acht, dass sich Russland bei seiner milit\u00e4rischen Aktion gegen die Ukraine \u2013 ob zu Recht oder Unrecht bleibt offen \u2013 auf Art. 51 der UN-Charta beruft; dieser Artikel betrifft die Selbstverteidigung und schlie\u00dft sogar eine pr\u00e4ventive (=vorbeugende) Selbstverteidigung nicht aus.<a href=\"#_edn7\" name=\"_ednref7\">[7]<\/a><\/p>\n<p>Justitia, die G\u00f6ttin der Gerechtigkeit, ist angeblich blind und wird meist mit verbundenen Augen dargestellt. Ihre deutsche Ausgabe gibt sich hingegen als offen ein\u00e4ugig. Sie setzt durch, dass die Masse der Bev\u00f6lkerung das Geschehen in der Ukraine nicht einmal mehr von beiden Seiten betrachten kann: von der NATO-transatlantischen und von der russischen Seite \u2013 der Beleg unserer zunehmenden Unfreiheit.<\/p>\n<h5>Ex-Kanzlerin Schamlos und Kanzler Tunichtgut<\/h5>\n<p>Das l\u00e4sst sich exemplarisch auch am Umgang mit dem Eingest\u00e4ndnis der Altkanzlerin Merkel sowie der vormaligen Staatspr\u00e4sidenten Poroschenko (Ukraine) und Hollande (Frankreich) aufzeigen. Alle drei gaben bekanntlich aus freien St\u00fccken zu erkennen, das v\u00f6lkerrechtlich abgesicherte Minsk-II-Abkommen mit voller Absicht gebrochen und Putin hintergangen zu haben. Sie wollten den seit Mitte 2014 von Kiew gef\u00fchrten B\u00fcrgerkrieg<a href=\"#_edn8\" name=\"_ednref8\">[8]<\/a> gegen die ukrainischen (russischsprachigen) Donbass-Provinzen nicht beenden lassen (das Abkommen sah daf\u00fcr enge Fristen von wenigen Monaten vor), sondern \u2013 vertragswidrig \u2013 der Ukraine jede Menge \u201eZeit geben\u201c zu hemmungsloser Hochr\u00fcstung. Sie kalkulierten Russlands milit\u00e4rische Reaktion und brachen somit einen v\u00f6lkerrechtlich g\u00fcltigen Vertrag.<\/p>\n<p>Schon Monate vor Russlands Invasion hatten sie bis ins Detail geplant, womit sie ihren schon mehr als zehn Jahre gef\u00fchrten Wirtschaftskrieg zu versch\u00e4rfen gedachten; die Angeberei des Merkel-Nachfolgers und vordem Vizekanzlers Scholz im Bundestag verr\u00e4t alles:<\/p>\n<blockquote><p><em>\u201e\u2026Sanktionen \u2026, die ihresgleichen suchen. \u00dcber Monate hinweg haben wir sie bis ins kleinste Detail vorbereitet \u2026. Weltweit haben wir f\u00fcr Unterst\u00fctzung geworben.\u201c<a href=\"#_edn9\" name=\"_ednref9\"><strong>[9]<\/strong><\/a> <\/em><\/p><\/blockquote>\n<p>Sie wussten, was kam. Sie hatten es ja genau darauf angelegt.<\/p>\n<p>ARD-aktuell berichtete \u00fcber diesen Skandal mit keinem Wort. Wenn schon ein\u00e4ugige Justiz, dann erst recht tendenzi\u00f6ser Qualit\u00e4tsjournalismus.<\/p>\n<p>Keine offizielle Instanz in Deutschland regt sich dar\u00fcber auf, dass Ex-Kanzlerin Merkel in ihrem \u201eZeit\u201c-Interview<a href=\"#_edn10\" name=\"_ednref10\">[10]<\/a> zugleich einen mehrfachen Verfassungsbruch schamlos eingestand: Das Grundgesetz bindet n\u00e4mlich alle staatlichen Organe an die \u201eallgemeinen Regeln des V\u00f6lkerrechts\u201c.<a href=\"#_edn11\" name=\"_ednref11\">[11]<\/a>\u00a0Zugleich verbietet es \u201eHandlungen, die geeignet sind und in der Absicht vorgenommen werden, das friedliche Zusammenleben der V\u00f6lker zu st\u00f6ren\u201c.<a href=\"#_edn12\" name=\"_ednref12\">[12]<\/a> Offen bleibt die Frage, ob au\u00dferdem noch ein strafbarer Fall von Friedensverrat vorliegt.<a href=\"#_edn13\" name=\"_ednref13\">[13]<\/a><\/p>\n<p>Reden wir lieber \u00fcber den regierenden Kanzler Scholz und seine infantile Au\u00dfenministerin Baerbock. Beider Rechtsverst\u00e4ndnis reicht ebenfalls nicht so weit, dass sie sich um eine Wiederbelebung des Minsk II-Abkommens bem\u00fchten. Im Gegenteil, sie verweigern Gespr\u00e4che mit Moskau und konterkarieren das, was die UN-Generalversammlung gerade erst wieder beschlossen hat:<\/p>\n<blockquote><p><em>\u201eDie Generalversammlung\u00a0fordert nachdr\u00fccklich die sofortige friedliche Beilegung des Konflikts zwischen der Russischen F\u00f6deration und der Ukraine durch politischen Dialog, Verhandlungen, Vermittlung und andere friedliche Mittel.\u201c<a href=\"#_edn14\" name=\"_ednref14\">[14]<\/a>\u00a0<\/em><\/p><\/blockquote>\n<p>Mit Ignoranz und Arroganz setzen sie vielmehr auf weitere Waffenlieferungen an die Ukraine<a href=\"#_edn15\" name=\"_ednref15\">[15]<\/a>, auf grundgesetzwidrige Kriegsbeteiligung mittels Ausbildung ukrainischer Soldaten an deutschen Angriffswaffen<a href=\"#_edn16\" name=\"_ednref16\">[16]<\/a><sup>, <a href=\"#_edn17\" name=\"_ednref17\">[17]<\/a><\/sup> und auf v\u00f6lkerrechtswidrige Sanktionen. Im Gegensatz zu aller Berliner Heuchelei dient diese Politik den USA und deren Ziel, den Krieg zu verl\u00e4ngern.<\/p>\n<p>Das Einzige, was man Kanzler Scholz zugutehalten kann:<\/p>\n<blockquote><p><em>Er hat sich noch nicht \u00f6ffentlich bei den Amis f\u00fcr ihren Terroranschlag auf die Nord-Stream-Gasleitungen bedankt.<\/em><\/p><\/blockquote>\n<p>Aber das kann ja auch noch kommen.<\/p>\n<h5>Legal, illegal? Schei\u00dfegal<\/h5>\n<p>Man sollte eigentlich meinen, die UN-Charta sei auch in Art. 2, Absatz 4 unmissverst\u00e4ndlich:<\/p>\n<blockquote><p><em>\u201eAlle Mitglieder unterlassen \u2026 jede gegen die territoriale Unversehrtheit oder die politische Unabh\u00e4ngigkeit eines Staates gerichtete oder sonst mit den Zielen der Vereinten Nationen unvereinbare Androhung oder Anwendung von Gewalt\u201c<a href=\"#_edn18\" name=\"_ednref18\">[18]<\/a>,<\/em><\/p><\/blockquote>\n<p>doch machte man dann die Rechnung ohne den Wirt. Nach Auslegung der USA ist in der Charta lediglich die \u201emilit\u00e4rische Gewalt\u201c gemeint. Der globale S\u00fcden beharrt hingegen darauf, das Gewaltverbot gelte auch f\u00fcr Wirtschaftssanktionen.<a href=\"#_edn19\" name=\"_ednref19\">[19]<\/a> Wird hier Haarspalterei betrieben? Das kann nur jemand meinen, der nicht wahrhaben will, dass Sanktionen eine ebenso existenzvernichtende, f\u00fcr Millionen Menschen t\u00f6dliche Gewaltform darstellen k\u00f6nnen wie die milit\u00e4rische Gewalt.<\/p>\n<p>Damit auch das endlich gekl\u00e4rt ist: Baerbocks gro\u00dfm\u00e4ulige Ansage, die Sanktionen w\u00fcrden (sollten) \u201e<em>Russland ruinieren<\/em>\u201c<a href=\"#_edn20\" name=\"_ednref20\">[20]<\/a> ist eine Missachtung des V\u00f6lkerrechts. Ein Ausdruck vollendet selbstherrlicher Ignoranz. Denn laut UN-Charta ist nur der UN-Sicherheitsrat und niemand sonst ausdr\u00fccklich befugt, zur zwischenstaatlichen Streitbeilegung und zur Sicherung des Friedens schwerwiegende Sanktionen zu verh\u00e4ngen.<a href=\"#_edn21\" name=\"_ednref21\">[21]<\/a><\/p>\n<p>Mit hasserf\u00fclltem Aktionismus verf\u00fcgte die EU allein in den ersten zwei Monaten nach Beginn der russischen Milit\u00e4roperation sage und schreibe 3913 Sanktionen.<a href=\"#_edn22\" name=\"_ednref22\">[22]<\/a> Per Verordnung, ohne gesetzliche Grundlage, auf rechtlich \u00e4u\u00dferst fragw\u00fcrdiger Basis.<\/p>\n<p>Dass diese \u00fcbersch\u00e4umende Sanktionitis ihren gegen Russland gerichteten Zweck verfehlt, ist das Eine; das Andere aber, dass sie inzwischen die deutsche Wirtschaft massiv sch\u00e4digt. Das f\u00fchrte selbst in Baerbocks Ministerium zu Nebenwirkungen:<\/p>\n<blockquote><p><em>\u201eBei vielen Mitarbeitern hat sich ein enormes Ma\u00df an Frustration und Fremdscham angeh\u00e4uft \u2026 zunehmendes Unverst\u00e4ndnis \u00fcber die Art und Weise der Sanktionspolitik ohne jede R\u00fccksichtnahme auf deutsche Interessen \u2026\u201c<\/em><a href=\"#_edn23\" name=\"_ednref23\">[23]<\/a><\/p><\/blockquote>\n<p>Ob die Sanktionen mit dem in Deutschland geltenden Recht vereinbar sind, ist l\u00e4ngst nicht so eindeutig gekl\u00e4rt, wie die f\u00fchrenden Politiker und ihre journalistischen Wassertr\u00e4ger uns weismachen wollen.<a href=\"#_edn24\" name=\"_ednref24\">[24]<\/a> Beabsichtigt war, die russische Bev\u00f6lkerung dazu zu bringen, den innenpolitischen Druck auf ihre F\u00fchrung zu verst\u00e4rken,\u00a0um\u00a0deren Au\u00dfenpolitik zu \u00e4ndern. Das Gegenteil ist eingetreten. Putin wird von 80 Prozent der Russen unterst\u00fctzt.<a href=\"#_edn25\" name=\"_ednref25\">[25]<\/a> Logisch und rechtlich geboten w\u00e4re es folglich, die Sanktionen aufzuheben.<\/p>\n<h5>\u00dcber Berge von Leichen<\/h5>\n<p>Doch weder mit Logik noch mit rechtsstaatlichem Bewusstsein ist unsere Ampelregierung sonderlich gesegnet. Vielmehr treibt sie der gleiche krankhafte Wille, die Widersacher der USA zu vernichten, wie ihn Washington gegen\u00fcber Kuba, Venezuela, Irak, Iran und derzeit in schlimmster Form gegen\u00fcber Syrien auslebt. Da gehen die Scholz-Regierung und die Biden-Aministration Arm in Arm \u2013 und zwar \u00fcber Berge von Leichen.<\/p>\n<p>Menschenleben z\u00e4hlen nicht, entgegen dem frommen Schein auch keine ukrainischen. Waffen liefern f\u00fcr den Krieg, auf dass er bald zu Ende gehe? Gegenfrage: Kennen Sie in der vieltausendj\u00e4hrigen Geschichte der Menschheit auch nur einen einzigen Fall, dass ein Krieg mittels Waffenlieferungen beendet wurde?<\/p>\n<p>Michail Gorbatschow, der letzte Pr\u00e4sident der abgestorbenen Sowjetunion, politischer Vater auch der DDR-Selbstaufgabe und einst der Deutschen Lieblingsrusse:<\/p>\n<blockquote><p><em>\u201eDie deutsche Presse ist die b\u00f6sartigste \u00fcberhaupt.\u201c<\/em><a href=\"#_edn26\" name=\"_ednref26\">[26]<\/a><\/p><\/blockquote>\n<p>Sie \u00e4ndert sich nicht und garantiert damit, dass sich auch in unserem politischen Alltag nichts Wesentliches \u00e4ndert. Gleiches gilt f\u00fcr die EU und den gesamten \u201eWerte-Westen\u201c: Ihre \u201eregelbasierte Ordnung\u201c ist ein orchestrierter Bruch des V\u00f6lkerrechts. Menschenverachtende Willk\u00fcr. G\u00e4be es au\u00dferhalb der bewussten Medien (Internet-Portale, Blogs, einige kleine Tages- und Wochenzeitungen) tats\u00e4chlich einen distanziert-kritischen, um Wahrhaftigkeit und um Aufkl\u00e4rung bem\u00fchten Journalismus, dann gingen die Massen heute nicht nur zu Arbeitsk\u00e4mpfen auf die Stra\u00dfe, sondern regelm\u00e4\u00dfig auch gegen politische Korruption und gegen Kriegstreiberei.<\/p>\n<h5>Die Pest der Zensur<\/h5>\n<p>Mit ihr wei\u00df unsere politische und gesellschaftliche Elite allerdings gut umzugehen und dem Volkszorn vorzubeugen. Mit Zuckerbrot (Journalisten schmieren, sie mit gut dotierten Posten und Privilegien korrumpieren<a href=\"#_edn27\" name=\"_ednref27\">[27]<\/a>) und Peitsche: Maulkorb und Strafandrohung, von Staats wegen.<\/p>\n<p>\u00dcber die Informationsfreiheit hei\u00dft es in Art. 11 der Charta der Europ\u00e4ischen Union:<\/p>\n<blockquote><p><em>\u201eJede Person hat das Recht auf freie Meinungs\u00e4u\u00dferung. Dieses Recht schlie\u00dft die Meinungsfreiheit und die Freiheit ein, Informationen und Ideen ohne beh\u00f6rdliche Eingriffe und ohne R\u00fccksicht auf Staatsgrenzen zu empfangen und weiterzugeben.\u00a0Die Freiheit der Medien und ihre Pluralit\u00e4t werden geachtet.\u201c<\/em><a href=\"#_edn28\" name=\"_ednref28\">[28]<\/a><\/p><\/blockquote>\n<p>Das Entsprechende in unserem Grundgesetz Art. 5:<\/p>\n<blockquote><p>\u00a0<em>Jeder hat das Recht, seine Meinung in Wort, Schrift und Bild frei zu \u00e4u\u00dfern und zu verbreiten und sich aus allgemein zug\u00e4nglichen Quellen ungehindert zu unterrichten. Die Pressefreiheit und die Freiheit der Berichterstattung durch Rundfunk und Film werden gew\u00e4hrleistet. Eine Zensur findet nicht statt.<\/em><a href=\"#_edn29\" name=\"_ednref29\">[29]<\/a><\/p><\/blockquote>\n<p>Diese Grundrechte sind das Papier nicht mehr wert, auf dem sie gedruckt stehen. Bereits bevor Russland in den Ukraine-Krieg eingriff, verweigerten deutsche und europ\u00e4ische Beh\u00f6rden <em>RT Deutsch<\/em> die Sendeerlaubnis, obwohl RT bereits eine europaweit geltende, von Serbien ausgestellte Sendelizenz hatte.<a href=\"#_edn30\" name=\"_ednref30\">[30]<\/a> Die russische Nachrichtenagentur \u201eSputnik\u201c wurde ebenfalls gesperrt. Ausgerechnet EU-Kommissionspr\u00e4sidentin v.d. Leyen, selbst unter Korruptionsverdacht und ge\u00fcbt in schamloser L\u00fcge, durfte sich da hervortun:<\/p>\n<blockquote><p><em>\u201eAls Sprachrohre Putins haben diese Fernsehkan\u00e4le seine L\u00fcgen und Propaganda erwiesenerma\u00dfen aggressiv verbreitet.\u201c<\/em> Man solle ihnen <em>\u201ekeine B\u00fchne mehr zur Verbreitung dieser L\u00fcgen geben.\u201c<a href=\"#_edn31\" name=\"_ednref31\">[31]<\/a><\/em><\/p><\/blockquote>\n<p>Tobias Schmid, Direktor der Landesmedienanstalt Nordrhein-Westfalen sah f\u00fcr das Vorgehen allerdings keine Rechtsgrundlage:<\/p>\n<blockquote><p><em>\u201eDie Europ\u00e4ische Kommission ist gefordert, eine gesetzgeberische L\u00f6sung zu finden.\u201c<\/em><a href=\"#_edn32\" name=\"_ednref32\">[32]<\/a><\/p><\/blockquote>\n<p>Mit anderen Worten: Das Verbot war rechtswidrig. Und das ist es bis heute.<\/p>\n<p>Die Bundesnetzagentur gab sich zur Durchsetzung der Zensurma\u00dfnahmen her.<a href=\"#_edn33\" name=\"_ednref33\">[33]<\/a> Auch sie handelte rechtswidrig, wenn man eine grundlegende Entscheidung des Bundesverfassungsgerichts beachtet:<\/p>\n<blockquote><p><em>\u201eDem Einzelnen soll erm\u00f6glicht werden, sich seine Meinung auf Grund eines weitgestreuten Informationsmaterials zu bilden. Er soll bei der Auswahl des Materials keiner Beeinflussung durch den Staat unterliegen. Da die Informationsfreiheit \u2026 auch dazu bestimmt ist, ein Urteil \u00fcber die Politik der eigenen Staatsorgane vorzubereiten, muss das Grundrecht vor Einschr\u00e4nkungen durch diese Staatsorgane weitgehend bewahrt werden.<\/em><\/p>\n<p><em>Die Informationsfreiheit wurde \u2026 verfassungsrechtlich garantiert, um die ungehinderte Unterrichtung auch aus Quellen, die au\u00dferhalb des Herrschaftsbereiches der Staatsgewalt der Bundesrepublik bestehen, zu gew\u00e4hrleisten. Wenn die Informationsquelle an irgendeinem Ort allgemein zug\u00e4nglich ist, mag dieser auch au\u00dferhalb der Bundesrepublik liegen, dann kann auch ein rechtskr\u00e4ftiger Einziehungsbeschluss nicht dazu f\u00fchren, dieser Informationsquelle die Eigenschaft der allgemeinen Zug\u00e4nglichkeit zu nehmen.\u201c<a href=\"#_edn34\" name=\"_ednref34\">[34]<\/a><\/em><\/p><\/blockquote>\n<p>Diese vorbildliche Entscheidung stammt allerdings aus einer Zeit, als Politiker und Richter noch bem\u00fcht waren, \u201eDemokratie zu wagen\u201c.<\/p>\n<h5>Zwei staubige Br\u00fcder<\/h5>\n<p>Hatten wir eingangs des Kanzlers charakterlos schleimige Bemerkungen zitiert, so wollen wir hier mit vergleichbar Geistreichem von ihm fortfahren. Scholz:<\/p>\n<blockquote><p><em>\u201eNiemand steht \u00fcber Recht und Gesetz\u201c.<\/em><a href=\"#_edn35\" name=\"_ednref35\">[35]<\/a><\/p><\/blockquote>\n<p>Um Legendenbildungen vorzubeugen: Er bezog das auf Putin, nicht auf sich selbst.<\/p>\n<p>Ein klassischer Fall von Cum-Ex-Ged\u00e4chtnisl\u00fccke. Doch bei diesem folgenlosen Vorwurf wollen wir es nicht belassen. Scholz habe am neuesten M\u00e4rchen \u00fcber die Nord-Stream-Gasr\u00f6hren mitgestrickt, behauptet der weltbekannte Investigativ-Journalist Seymour Hersh<a href=\"#_edn36\" name=\"_ednref36\">[36]<\/a>; er habe beim T\u00eate-\u00e0-T\u00eate mit US-Pr\u00e4sident Biden in Washington vereinbart, dessen T\u00e4terschaft zu vertuschen. Beide h\u00e4tten die CIA und den BND beauftragt, eine Tarngeschichte f\u00fcr die Zerst\u00f6rung der Nord-Stream-R\u00f6hren zu erfinden und sie zu lancieren.<\/p>\n<p>Heraus kam dabei die Story von ukrainischen Segelbootfahrern als angebliche Nord-Stream-Bombenleger. Die Tagesschau behauptete sogar, nicht die Einfl\u00fcsterung der Geheimdienste, sondern eigene Recherchen der ARD h\u00e4tten zu dieser \u201eSpur\u201c gef\u00fchrt.<a href=\"#_edn37\" name=\"_ednref37\">[37]<\/a> Das klang so gro\u00dfm\u00e4ulig wie unglaubw\u00fcrdig.<\/p>\n<p>Sollte Hersh mit seiner Behauptung Recht haben, Scholz sei Mitwisser der fiesen Geschichte, dann geh\u00f6rte der Kanzler wegen eines B\u00fcndels von Straftaten vor den Richter, unter anderem wegen Unterst\u00fctzung einer ausl\u00e4ndischen terroristischen Vereinigung<a href=\"#_edn38\" name=\"_ednref38\">[38]<\/a> und Strafvereitelung im Amt.<a href=\"#_edn39\" name=\"_ednref39\">[39]<\/a><\/p>\n<p>Was aber macht ein deutscher Bundeskanzler heutzutage, wenn er mit sch\u00e4ndlich unterw\u00fcrfigen Aussagen gepatzt hat? Zieht er sich ins Trappistenkloster zur\u00fcck und legt ein Schweigegel\u00fcbde ab? Aber nicht doch! Entgegen seiner Pflicht, selbst aktiv zur Konfliktbew\u00e4ltigung beizutragen, tut er so, als sei sein geopolitischer Widerpart ein Schwachkopf \u2013 und l\u00e4sst schnellstm\u00f6glich die n\u00e4chste Sottise raus:<\/p>\n<blockquote><p><em>\u201cEs ist wichtig, dass Putin versteht, dass er seine Truppen zur\u00fcckziehen muss\u201c.<a href=\"#_edn40\" name=\"_ednref40\">[40]<\/a> <\/em><\/p><\/blockquote>\n<p>Man nennt das verbale Vorne-Verteidigung. Die Tagesschau bringt derart hohle Phrasen garantiert im O-Ton und kommentarlos auf den Schirm, statt sie als Realsatire zu brandmarken. Das Publikum l\u00e4sst es sich ja gefallen. Noch.<\/p>\n<p style=\"text-align: right;\"><em>Friedhelm Klinkhammer und Volker Br\u00e4utigam sind Mitglieder des Beirates des Deutschen Freidenker-Verbandes<\/em><\/p>\n<p>&nbsp;<\/p>\n<p><strong>Quellen:<\/strong><\/p>\n<p><a href=\"#_ednref1\" name=\"_edn1\">[1]<\/a> <a href=\"https:\/\/www.tagesschau.de\/inland\/scholz-washington-105.html\" target=\"_blank\" rel=\"noopener\">https:\/\/www.tagesschau.de\/inland\/scholz-washington-105.html<\/a><\/p>\n<p><a href=\"#_ednref2\" name=\"_edn2\">[2]<\/a> <a href=\"https:\/\/www.tagesschau.de\/ausland\/amerika\/scholz-biden-111.html\" target=\"_blank\" rel=\"noopener\">https:\/\/www.tagesschau.de\/ausland\/amerika\/scholz-biden-111.html<\/a><\/p>\n<p><a href=\"#_ednref3\" name=\"_edn3\">[3]<\/a> <a href=\"https:\/\/www.tagesschau.de\/multimedia\/sendung\/tt-9971.html\">https:\/\/www.tagesschau.de\/multimedia\/sendung\/tt-9971.html <\/a><\/p>\n<p><a href=\"#_ednref4\" name=\"_edn4\">[4]<\/a> <a href=\"https:\/\/www.tagesschau.de\/multimedia\/sendung\/ts-56347.html\" target=\"_blank\" rel=\"noopener\">https:\/\/www.tagesschau.de\/multimedia\/sendung\/ts-56347.html<\/a><\/p>\n<p><a href=\"#_ednref5\" name=\"_edn5\">[5]<\/a> <a href=\"https:\/\/dejure.org\/gesetze\/StGB\/140.html\" target=\"_blank\" rel=\"noopener\">https:\/\/dejure.org\/gesetze\/StGB\/140.html<\/a><\/p>\n<p><a href=\"#_ednref6\" name=\"_edn6\">[6]<\/a> <a href=\"https:\/\/www.infosperber.ch\/freiheit-recht\/buergerrechte\/russlandversteher-in-berlin-mit-2000-euro-bestraft\/\" target=\"_blank\" rel=\"noopener\">https:\/\/www.infosperber.ch\/freiheit-recht\/buergerrechte\/russlandversteher-in-berlin-mit-2000-euro-bestraft\/<\/a><\/p>\n<p><a href=\"#_ednref7\" name=\"_edn7\">[7]<\/a> <a href=\"https:\/\/www.bundestag.de\/resource\/blob\/414640\/44a2b7337d3b8fd94962639cb365c9c8\/WD-2-049-07-pdf-data.pdf\" target=\"_blank\" rel=\"noopener\">https:\/\/www.bundestag.de\/resource\/blob\/414640\/44a2b7337d3b8fd94962639cb365c9c8\/WD-2-049-07-pdf-data.pdf<\/a><\/p>\n<p><a href=\"#_ednref8\" name=\"_edn8\">[8]<\/a> <a href=\"https:\/\/www.zeitgeschehen-im-fokus.ch\/de\/newspaper-ausgabe\/nr-21-vom-30-november-2022.html\" target=\"_blank\" rel=\"noopener\">https:\/\/www.zeitgeschehen-im-fokus.ch\/de\/newspaper-ausgabe\/nr-21-vom-30-november-2022.html<\/a><\/p>\n<p><a href=\"#_ednref9\" name=\"_edn9\">[9]<\/a> <a href=\"https:\/\/www.bundesregierung.de\/breg-de\/service\/bulletin\/rede-von-bundeskanzler-olaf-scholz-2019954\" target=\"_blank\" rel=\"noopener\">https:\/\/www.bundesregierung.de\/breg-de\/service\/bulletin\/rede-von-bundeskanzler-olaf-scholz-2019954<\/a><\/p>\n<p><a href=\"#_ednref10\" name=\"_edn10\">[10]<\/a> <a href=\"https:\/\/www.zeit.de\/2022\/51\/angela-merkel-russland-fluechtlingskrise-bundeskanzler\" target=\"_blank\" rel=\"noopener\">https:\/\/www.zeit.de\/2022\/51\/angela-merkel-russland-fluechtlingskrise-bundeskanzler<\/a><\/p>\n<p><a href=\"#_ednref11\" name=\"_edn11\">[11]<\/a> <a href=\"https:\/\/lxgesetze.de\/gg\/24\" target=\"_blank\" rel=\"noopener\">https:\/\/lxgesetze.de\/gg\/24<\/a><\/p>\n<p><a href=\"#_ednref12\" name=\"_edn12\">[12]<\/a> <a href=\"https:\/\/www.gesetze-im-internet.de\/gg\/art_26.html\" target=\"_blank\" rel=\"noopener\">https:\/\/www.gesetze-im-internet.de\/gg\/art_26.html<\/a><\/p>\n<p><a href=\"#_ednref13\" name=\"_edn13\">[13]<\/a> <a href=\"http:\/\/stgb-online.de\/verrat.html\" target=\"_blank\" rel=\"noopener\">http:\/\/stgb-online.de\/verrat.html<\/a><\/p>\n<p><a href=\"#_ednref14\" name=\"_edn14\">[14]<\/a> <a href=\"https:\/\/www.un.org\/depts\/german\/gv-notsondert\/a-es11-1.pdf\" target=\"_blank\" rel=\"noopener\">https:\/\/www.un.org\/depts\/german\/gv-notsondert\/a-es11-1.pdf<\/a><\/p>\n<p><a href=\"#_ednref15\" name=\"_edn15\">[15]<\/a> <a href=\"https:\/\/www.wallstreet-online.de\/nachricht\/16690507-scholz-kuendigt-kontinuierliche-waffenlieferungen-ukraine\" target=\"_blank\" rel=\"noopener\">https:\/\/www.wallstreet-online.de\/nachricht\/16690507-scholz-kuendigt-kontinuierliche-waffenlieferungen-ukraine<\/a><\/p>\n<p><a href=\"#_ednref16\" name=\"_edn16\">[16]<\/a> <a href=\"https:\/\/www.bundestag.de\/resource\/blob\/892384\/d9b4c174ae0e0af275b8f42b143b2308\/WD-2-019-22-pdf-data.pdf\" target=\"_blank\" rel=\"noopener\">https:\/\/www.bundestag.de\/resource\/blob\/892384\/d9b4c174ae0e0af275b8f42b143b2308\/WD-2-019-22-pdf-data.pdf<\/a><\/p>\n<p><a href=\"#_ednref17\" name=\"_edn17\">[17]<\/a> <a href=\"https:\/\/www.tagesschau.de\/ausland\/scholz-kampfpanzer-leopard-ukraine-101.html\" target=\"_blank\" rel=\"noopener\">https:\/\/www.tagesschau.de\/ausland\/scholz-kampfpanzer-leopard-ukraine-101.html<\/a><\/p>\n<p><a href=\"#_ednref18\" name=\"_edn18\">[18]<\/a> <a href=\"https:\/\/www.nachhaltigkeit.info\/artikel\/un_charta_666.htm\" target=\"_blank\" rel=\"noopener\">https:\/\/www.nachhaltigkeit.info\/artikel\/un_charta_666.htm<\/a><\/p>\n<p><a href=\"#_ednref19\" name=\"_edn19\">[19]<\/a> <a href=\"https:\/\/www.mpil.de\/files\/pdf1\/vrz.gewaltverbot.pdf\" target=\"_blank\" rel=\"noopener\">https:\/\/www.mpil.de\/files\/pdf1\/vrz.gewaltverbot.pdf<\/a><\/p>\n<p><a href=\"#_ednref20\" name=\"_edn20\">[20]<\/a> <a href=\"https:\/\/www.rnd.de\/politik\/ukraine-krieg-baerbock-ueber-sanktionen-das-wird-russland-ruinieren-RZDYS2DEPRK5OST7ZGGRZ6UN4I.html\" target=\"_blank\" rel=\"noopener\">https:\/\/www.rnd.de\/politik\/ukraine-krieg-baerbock-ueber-sanktionen-das-wird-russland-ruinieren-RZDYS2DEPRK5OST7ZGGRZ6UN4I.html<\/a><\/p>\n<p><a href=\"#_ednref21\" name=\"_edn21\">[21]<\/a> <a href=\"https:\/\/unric.org\/de\/un-aufgaben-ziele\/frieden-und-sicherheit\/\" target=\"_blank\" rel=\"noopener\">https:\/\/unric.org\/de\/un-aufgaben-ziele\/frieden-und-sicherheit\/<\/a><\/p>\n<p><a href=\"#_ednref22\" name=\"_edn22\">[22]<\/a> <a href=\"https:\/\/de.statista.com\/themen\/9109\/sanktionen-gegen-russland\/#topicOverview\" target=\"_blank\" rel=\"noopener\">https:\/\/de.statista.com\/themen\/9109\/sanktionen-gegen-russland\/#topicOverview<\/a><\/p>\n<p><a href=\"#_ednref23\" name=\"_edn23\">[23]<\/a> <a href=\"https:\/\/www.nachdenkseiten.de\/?p=95404\" target=\"_blank\" rel=\"noopener\">https:\/\/www.nachdenkseiten.de\/?p=95404<\/a><\/p>\n<p><a href=\"#_ednref24\" name=\"_edn24\">[24]<\/a> <a href=\"https:\/\/verfassungsblog.de\/wirtschaftssanktionen-gegen-russland-und-ihre-rechtlichen-grenzen\" target=\"_blank\" rel=\"noopener\">https:\/\/verfassungsblog.de\/wirtschaftssanktionen-gegen-russland-und-ihre-rechtlichen-grenzen<\/a><\/p>\n<p><a href=\"#_ednref25\" name=\"_edn25\">[25]<\/a> <a href=\"https:\/\/de.statista.com\/statistik\/daten\/studie\/1293274\/umfrage\/umfrage-zu-den-zustimmungswerten-fuer-wladimir-putin-in-russland\/\" target=\"_blank\" rel=\"noopener\">https:\/\/de.statista.com\/statistik\/daten\/studie\/1293274\/umfrage\/umfrage-zu-den-zustimmungswerten-fuer-wladimir-putin-in-russland\/<\/a><\/p>\n<p><a href=\"#_ednref26\" name=\"_edn26\">[26]<\/a> <a href=\"https:\/\/www.tagesspiegel.de\/politik\/russland-gorbatschow-deutsche-presse-ist-die-boesartigste-ueberhaupt\/1512810.html\" target=\"_blank\" rel=\"noopener\">https:\/\/www.tagesspiegel.de\/politik\/russland-gorbatschow-deutsche-presse-ist-die-boesartigste-ueberhaupt\/1512810.html<\/a><\/p>\n<p><a href=\"#_ednref27\" name=\"_edn27\">[27]<\/a> <a href=\"https:\/\/uebermedien.de\/82771\/landesregierung-will-veroeffentlichte-preistraeger-noch-mal-veroeffentlichen\/\" target=\"_blank\" rel=\"noopener\">https:\/\/uebermedien.de\/82771\/landesregierung-will-veroeffentlichte-preistraeger-noch-mal-veroeffentlichen\/<\/a><\/p>\n<p><a href=\"#_ednref28\" name=\"_edn28\">[28]<\/a> <a href=\"https:\/\/fra.europa.eu\/de\/eu-charter\/article\/11-freiheit-der-meinungsaeusserung-und-informationsfreiheit\" target=\"_blank\" rel=\"noopener\">https:\/\/fra.europa.eu\/de\/eu-charter\/article\/11-freiheit-der-meinungsaeusserung-und-informationsfreiheit<\/a><\/p>\n<p><a href=\"#_ednref29\" name=\"_edn29\">[29]<\/a> <a href=\"https:\/\/www.gesetze-im-internet.de\/gg\/art_5.html\" target=\"_blank\" rel=\"noopener\">https:\/\/www.gesetze-im-internet.de\/gg\/art_5.html<\/a><\/p>\n<p><a href=\"#_ednref30\" name=\"_edn30\">[30]<\/a> <a href=\"https:\/\/www.tagesschau.de\/inland\/rt-de-rundfunklizenz-101.html\" target=\"_blank\" rel=\"noopener\">https:\/\/www.tagesschau.de\/inland\/rt-de-rundfunklizenz-101.html<\/a><\/p>\n<p><a href=\"#_ednref31\" name=\"_edn31\">[31]<\/a> <a href=\"https:\/\/www.tagesschau.de\/investigativ\/hr\/verbot-russische-staatssender-101.html\" target=\"_blank\" rel=\"noopener\">https:\/\/www.tagesschau.de\/investigativ\/hr\/verbot-russische-staatssender-101.html<\/a><\/p>\n<p><a href=\"#_ednref32\" name=\"_edn32\">[32]<\/a> <a href=\"https:\/\/www.deutschlandfunk.de\/putin-medien-propaganda-russland-europa-eu-kommission-sender-100.html\" target=\"_blank\" rel=\"noopener\">https:\/\/www.deutschlandfunk.de\/putin-medien-propaganda-russland-europa-eu-kommission-sender-100.html<\/a><\/p>\n<p><a href=\"#_ednref33\" name=\"_edn33\">[33]<\/a> <a href=\"https:\/\/www.bundesnetzagentur.de\/DE\/Fachthemen\/Digitalisierung\/Internet\/Netzneutralitaet\/DNSsperren\/start.html\" target=\"_blank\" rel=\"noopener\">https:\/\/www.bundesnetzagentur.de\/DE\/Fachthemen\/Digitalisierung\/Internet\/Netzneutralitaet\/DNSsperren\/start.html<\/a><\/p>\n<p><a href=\"#_ednref34\" name=\"_edn34\">[34]<\/a> <a href=\"https:\/\/www.fallrecht.de\/bv027071.html#080\" target=\"_blank\" rel=\"noopener\">https:\/\/www.fallrecht.de\/bv027071.html#080<\/a><\/p>\n<p><a href=\"#_ednref35\" name=\"_edn35\">[35]<\/a> <a href=\"https:\/\/www.berliner-zeitung.de\/news\/scholz-zu-putin-haftbefehl-niemand-steht-ueber-recht-und-gesetz-li.329010\" target=\"_blank\" rel=\"noopener\">https:\/\/www.berliner-zeitung.de\/news\/scholz-zu-putin-haftbefehl-niemand-steht-ueber-recht-und-gesetz-li.329010<\/a><\/p>\n<p><a href=\"#_ednref36\" name=\"_edn36\">[36]<\/a> <a href=\"https:\/\/www.youtube.com\/watch?v=bfKjvk-ACFQ\" target=\"_blank\" rel=\"noopener\">https:\/\/www.youtube.com\/watch?v=bfKjvk-ACFQ<\/a><\/p>\n<p><a href=\"#_ednref37\" name=\"_edn37\">[37]<\/a> <a href=\"https:\/\/www.tagesschau.de\/multimedia\/sendung\/ts-56079.html\" target=\"_blank\" rel=\"noopener\">https:\/\/www.tagesschau.de\/multimedia\/sendung\/ts-56079.html<\/a><\/p>\n<p><a href=\"#_ednref38\" name=\"_edn38\">[38]<\/a> <a href=\"https:\/\/www.gesetze-im-internet.de\/stgb\/__129a.html\" target=\"_blank\" rel=\"noopener\">https:\/\/www.gesetze-im-internet.de\/stgb\/__129a.html<\/a><\/p>\n<p><a href=\"#_ednref39\" name=\"_edn39\">[39]<\/a> <a href=\"https:\/\/dejure.org\/gesetze\/StGB\/258a.html\" target=\"_blank\" rel=\"noopener\">https:\/\/dejure.org\/gesetze\/StGB\/258a.html<\/a><\/p>\n<p><a href=\"#_ednref40\" name=\"_edn40\">[40]<\/a> <a href=\"https:\/\/www.tagesschau.de\/ausland\/scholz-cnn-103.html\">https:\/\/www.tagesschau.de\/ausland\/scholz-cnn-103.html<\/a><\/p>\n<p>&nbsp;<\/p>\n<p><span style=\"font-size: 10pt;\">Der Beitrag wurde am 28.03.2023 auch ver\u00f6ffentlicht auf <a href=\"https:\/\/publikumskonferenz.de\/blog\/2023\/03\/28\/kanzler-scholz-gibt-den-watschenmann\/\" target=\"_blank\" rel=\"noopener\">publikumskonferenz.de<\/a><\/span><\/p>\n<hr \/>\n<p><span style=\"font-size: 10pt;\">Bild oben: Collage von Ralf Lux, unter Verwendung von:<\/span><\/p>\n<p><span style=\"font-size: 10pt;\">Der &#8222;Watschenmann&#8220; im Wiener Prater, 1950er Jahre<\/span><br \/>\n<span style=\"font-size: 10pt;\">Foto: United States Information Agency, Public Domain<\/span><br \/>\n<span style=\"font-size: 10pt;\">Quelle: <a href=\"https:\/\/commons.wikimedia.org\/w\/index.php?curid=67162375\" target=\"_blank\" rel=\"noopener\">https:\/\/commons.wikimedia.org\/w\/index.php?curid=67162375<\/a><\/span><\/p>\n<p><span style=\"font-size: 10pt;\">Olaf Scholz bei einer Wahlkampfveranstaltung 2022 in K\u00f6ln<\/span><br \/>\n<span style=\"font-size: 10pt;\">Foto: Raimond Spekking \/ <a href=\"https:\/\/creativecommons.org\/licenses\/by-sa\/4.0\" target=\"_blank\" rel=\"noopener\">CC BY-SA 4.0<\/a> <\/span><br \/>\n<span style=\"font-size: 10pt;\">Quelle: <a href=\"https:\/\/commons.wikimedia.org\/w\/index.php?curid=117989875\" target=\"_blank\" rel=\"noopener\">https:\/\/commons.wikimedia.org\/w\/index.php?curid=117989875<\/a><\/span><\/p>\n<p>&nbsp;<\/p>\n<p>&nbsp;<\/p>\n","protected":false},"excerpt":{"rendered":"<p><b>Beitrag von Friedhelm Klinkhammer und Volker Br\u00e4utigam<\/b><br \/>\nDeutschland, der Pausenhof: Big Joe knallt dem Olaf ein Ding an den Nischel, so einen Wumms h\u00e4lt kein Gasrohr aus. Olaf sieht Sterne und Streifen. Aber er versichert den Umstehenden: \u201eUnsere Partnerschaft ist enger und vertrauensvoller denn je.\u201c Big Joe bestellt den Olaf wenig sp\u00e4ter zu sich nach \u00dcbersee und fl\u00fcstert ihm was. Die ARD-aktuell aber macht daraus einen \u201eBesuch bei Freunden\u201c. Manipulation geh\u00f6rt eben zur Tagesschau wie Mattscheibe zur Caren Miosga. Drei Tage sp\u00e4ter hei\u00dft es aus Hamburg, Big Joe habe dem Olaf \u00fcberhaupt keine reingehauen, sondern, ganz anders, einige pro-ukrainische R\u00fcpel h\u00e4tten mit einem Segelboot Knallfr\u00f6sche in Olafs Badewanne \u2026 <\/p>\n","protected":false},"author":3,"featured_media":15664,"comment_status":"closed","ping_status":"closed","sticky":false,"template":"","format":"standard","meta":{"colormag_page_container_layout":"default_layout","colormag_page_sidebar_layout":"default_layout","advanced_seo_description":"","jetpack_seo_html_title":"","jetpack_seo_noindex":false,"jetpack_post_was_ever_published":false,"footnotes":""},"categories":[12],"tags":[682,1679,1094,1032,1635,1317,1662,719,1472,1126,639,1120,345,527],"class_list":["post-15633","post","type-post","status-publish","format-standard","has-post-thumbnail","hentry","category-demokratie-medien-aufklaerung","tag-angela-merkel","tag-angriffskrieg","tag-ard","tag-bundesregierung","tag-faschisierung","tag-nord-stream","tag-olaf-scholz","tag-sanktionen","tag-selbstbestimmung","tag-tagesschau","tag-ukraine-konflikt","tag-uno","tag-voelkerrecht","tag-zensur"],"jetpack_featured_media_url":"https:\/\/i0.wp.com\/www.freidenker.org\/fw17\/wp-content\/uploads\/2023\/03\/Scholz_Watschenmann_v2a_800x450.jpg?fit=800%2C450&ssl=1","jetpack_shortlink":"https:\/\/wp.me\/p9stpK-449","jetpack-related-posts":[{"id":16291,"url":"https:\/\/www.freidenker.org\/?p=16291","url_meta":{"origin":15633,"position":0},"title":"Der Blasen-Kanzler","author":"Webredaktion","date":"10. Juni 2023","format":false,"excerpt":"Kaum trifft Olaf Scholz auf echte Menschen, flippt er aus Von\u00a0Tom J. Wellbrock Sawsan Chebli (SPD) ist bekannt f\u00fcr ihren unerm\u00fcdlichen Kampf gegen Hass und Hetze. K\u00fcrzlich hat sie sogar ein Buch mit dem Titel \"Laut\" herausgebracht, das seitdem viel diskutiert wird \u2013 vor allem von Chebli selbst. Sie wird\u2026","rel":"","context":"In &quot;Demokratie \u2013 Medien \u2013 Aufkl\u00e4rung&quot;","block_context":{"text":"Demokratie \u2013 Medien \u2013 Aufkl\u00e4rung","link":"https:\/\/www.freidenker.org\/?cat=12"},"img":{"alt_text":"","src":"https:\/\/i0.wp.com\/www.freidenker.org\/fw17\/wp-content\/uploads\/2023\/06\/Wahlplakat_Wahlen_2021_Olaf_Scholz_800x450.jpg?fit=800%2C450&ssl=1&resize=350%2C200","width":350,"height":200,"srcset":"https:\/\/i0.wp.com\/www.freidenker.org\/fw17\/wp-content\/uploads\/2023\/06\/Wahlplakat_Wahlen_2021_Olaf_Scholz_800x450.jpg?fit=800%2C450&ssl=1&resize=350%2C200 1x, https:\/\/i0.wp.com\/www.freidenker.org\/fw17\/wp-content\/uploads\/2023\/06\/Wahlplakat_Wahlen_2021_Olaf_Scholz_800x450.jpg?fit=800%2C450&ssl=1&resize=525%2C300 1.5x, https:\/\/i0.wp.com\/www.freidenker.org\/fw17\/wp-content\/uploads\/2023\/06\/Wahlplakat_Wahlen_2021_Olaf_Scholz_800x450.jpg?fit=800%2C450&ssl=1&resize=700%2C400 2x"},"classes":[]},{"id":14673,"url":"https:\/\/www.freidenker.org\/?p=14673","url_meta":{"origin":15633,"position":1},"title":"Der Kanzler mit dem kurzen Ged\u00e4chtnis: Olaf Scholz in Vietnam","author":"Webredaktion","date":"15. November 2022","format":false,"excerpt":"Beitrag von Dagmar Henn Olaf Scholz h\u00e4tte es besser wissen m\u00fcssen. Aber vermutlich hatte er gehofft, wenn ihn die Chinesen schon nicht lieben, dann wenigstens die Vietnamesen, schon allein, weil deren Verh\u00e4ltnis untereinander nicht ganz frei von Komplikationen ist. Jedenfalls hat er, Pressemeldungen zufolge, in Vietnam erkl\u00e4rt, er w\u00fcnsche sich\u2026","rel":"","context":"In &quot;Demokratie \u2013 Medien \u2013 Aufkl\u00e4rung&quot;","block_context":{"text":"Demokratie \u2013 Medien \u2013 Aufkl\u00e4rung","link":"https:\/\/www.freidenker.org\/?cat=12"},"img":{"alt_text":"","src":"https:\/\/i0.wp.com\/www.freidenker.org\/fw17\/wp-content\/uploads\/2022\/11\/Ho_Chi_Minh_Mausoleum_7360943118_800x450.jpg?fit=800%2C450&ssl=1&resize=350%2C200","width":350,"height":200,"srcset":"https:\/\/i0.wp.com\/www.freidenker.org\/fw17\/wp-content\/uploads\/2022\/11\/Ho_Chi_Minh_Mausoleum_7360943118_800x450.jpg?fit=800%2C450&ssl=1&resize=350%2C200 1x, https:\/\/i0.wp.com\/www.freidenker.org\/fw17\/wp-content\/uploads\/2022\/11\/Ho_Chi_Minh_Mausoleum_7360943118_800x450.jpg?fit=800%2C450&ssl=1&resize=525%2C300 1.5x, https:\/\/i0.wp.com\/www.freidenker.org\/fw17\/wp-content\/uploads\/2022\/11\/Ho_Chi_Minh_Mausoleum_7360943118_800x450.jpg?fit=800%2C450&ssl=1&resize=700%2C400 2x"},"classes":[]},{"id":14954,"url":"https:\/\/www.freidenker.org\/?p=14954","url_meta":{"origin":15633,"position":2},"title":"Kanzler Scholz, vor aller Welt gedeckelt","author":"Webredaktion","date":"7. Januar 2023","format":false,"excerpt":"Von Friedhelm Klinkhammer und Volker Br\u00e4utigam 60 Tage lang konnte Olaf Scholz erfolgversprechend so tun, als sei er Kanzler eines souver\u00e4nen Deutschlands. Er gab in seinen ersten Amtstagen sogar vor, er f\u00fchle sich mitverantwortlich f\u00fcr den Frieden in Europa. Am 7. Februar 2022 war dann Schluss mit lustig. Scholz musste\u2026","rel":"","context":"In &quot;Demokratie \u2013 Medien \u2013 Aufkl\u00e4rung&quot;","block_context":{"text":"Demokratie \u2013 Medien \u2013 Aufkl\u00e4rung","link":"https:\/\/www.freidenker.org\/?cat=12"},"img":{"alt_text":"","src":"https:\/\/i0.wp.com\/www.freidenker.org\/fw17\/wp-content\/uploads\/2023\/01\/Scholz_Wahlkampf_NRW_2022_800x450.jpg?fit=800%2C450&ssl=1&resize=350%2C200","width":350,"height":200,"srcset":"https:\/\/i0.wp.com\/www.freidenker.org\/fw17\/wp-content\/uploads\/2023\/01\/Scholz_Wahlkampf_NRW_2022_800x450.jpg?fit=800%2C450&ssl=1&resize=350%2C200 1x, https:\/\/i0.wp.com\/www.freidenker.org\/fw17\/wp-content\/uploads\/2023\/01\/Scholz_Wahlkampf_NRW_2022_800x450.jpg?fit=800%2C450&ssl=1&resize=525%2C300 1.5x, https:\/\/i0.wp.com\/www.freidenker.org\/fw17\/wp-content\/uploads\/2023\/01\/Scholz_Wahlkampf_NRW_2022_800x450.jpg?fit=800%2C450&ssl=1&resize=700%2C400 2x"},"classes":[]},{"id":19586,"url":"https:\/\/www.freidenker.org\/?p=19586","url_meta":{"origin":15633,"position":3},"title":"Dressierter Journalismus: Wie der Bundeskanzler Fake News streut","author":"Webredaktion","date":"28. Juli 2024","format":false,"excerpt":"Beitrag von Gert Ewen Ungar Die Bundespressekonferenz (BPK) mit Bundeskanzler Olaf Scholz lieferte einen Eindruck davon, welche Auswirkungen Zensur und Einschr\u00e4nkung der Pressefreiheit auf den Journalismus haben. Handzahme, gut domestizierte Journalisten stellten absehbare Fragen, die den Themenkreis, in dem sich der \u00f6ffentliche Diskurs in Deutschland bewegen darf, nicht einen Millimeter\u2026","rel":"","context":"In &quot;Demokratie \u2013 Medien \u2013 Aufkl\u00e4rung&quot;","block_context":{"text":"Demokratie \u2013 Medien \u2013 Aufkl\u00e4rung","link":"https:\/\/www.freidenker.org\/?cat=12"},"img":{"alt_text":"","src":"https:\/\/i0.wp.com\/www.freidenker.org\/fw17\/wp-content\/uploads\/2024\/07\/Sunak_press_conference_with_Scholz_2024.jpg?fit=800%2C450&ssl=1&resize=350%2C200","width":350,"height":200,"srcset":"https:\/\/i0.wp.com\/www.freidenker.org\/fw17\/wp-content\/uploads\/2024\/07\/Sunak_press_conference_with_Scholz_2024.jpg?fit=800%2C450&ssl=1&resize=350%2C200 1x, https:\/\/i0.wp.com\/www.freidenker.org\/fw17\/wp-content\/uploads\/2024\/07\/Sunak_press_conference_with_Scholz_2024.jpg?fit=800%2C450&ssl=1&resize=525%2C300 1.5x, https:\/\/i0.wp.com\/www.freidenker.org\/fw17\/wp-content\/uploads\/2024\/07\/Sunak_press_conference_with_Scholz_2024.jpg?fit=800%2C450&ssl=1&resize=700%2C400 2x"},"classes":[]},{"id":18909,"url":"https:\/\/www.freidenker.org\/?p=18909","url_meta":{"origin":15633,"position":4},"title":"Die vergessene Aufkl\u00e4rung: Wie in Deutschland Kants 300. Geburtstag instrumentalisiert wird","author":"Webredaktion","date":"30. April 2024","format":false,"excerpt":"Beitrag von Gert Ewen Ungar Immanuel Kant hatte Geburtstag. W\u00fcrde er noch leben, h\u00e4tte er gestern seinen 300. Geburtstag feiern k\u00f6nnen. Er ist jedoch tot, feiert daher nicht mehr, kann sich aber vor allem nun auch nicht mehr gegen Vereinnahmung wehren. Kant wurde anl\u00e4sslich seines Geburtstages massiv instrumentalisiert. Einer, der\u2026","rel":"","context":"In &quot;Demokratie \u2013 Medien \u2013 Aufkl\u00e4rung&quot;","block_context":{"text":"Demokratie \u2013 Medien \u2013 Aufkl\u00e4rung","link":"https:\/\/www.freidenker.org\/?cat=12"},"img":{"alt_text":"","src":"https:\/\/i0.wp.com\/www.freidenker.org\/fw17\/wp-content\/uploads\/2024\/04\/kant_grab_44965531381_fb426147a8_c_800x450.jpg?fit=800%2C450&ssl=1&resize=350%2C200","width":350,"height":200,"srcset":"https:\/\/i0.wp.com\/www.freidenker.org\/fw17\/wp-content\/uploads\/2024\/04\/kant_grab_44965531381_fb426147a8_c_800x450.jpg?fit=800%2C450&ssl=1&resize=350%2C200 1x, https:\/\/i0.wp.com\/www.freidenker.org\/fw17\/wp-content\/uploads\/2024\/04\/kant_grab_44965531381_fb426147a8_c_800x450.jpg?fit=800%2C450&ssl=1&resize=525%2C300 1.5x, https:\/\/i0.wp.com\/www.freidenker.org\/fw17\/wp-content\/uploads\/2024\/04\/kant_grab_44965531381_fb426147a8_c_800x450.jpg?fit=800%2C450&ssl=1&resize=700%2C400 2x"},"classes":[]},{"id":19320,"url":"https:\/\/www.freidenker.org\/?p=19320","url_meta":{"origin":15633,"position":5},"title":"Olaf Scholz \u2013 das Problem des aufrechten Ganges","author":"Webredaktion","date":"11. Juni 2024","format":false,"excerpt":"Beitrag von Dagmar Henn Man kann nicht behaupten, der DFB habe kein Geschichtsbewusstsein. Ein Fu\u00dfballspiel Deutschland \u2013 Ukraine im N\u00fcrnberger Stadion abzuhalten, das hatte schon was. Schlie\u00dflich liegt dieses Stadion mitten im ehemals sogenannten \"Reichsparteitagsgel\u00e4nde\", da k\u00f6nnen dann die ukrainischen Fans gleich eine Pilgertour anschlie\u00dfen. Und bestimmt fand sich in\u2026","rel":"","context":"In &quot;Demokratie \u2013 Medien \u2013 Aufkl\u00e4rung&quot;","block_context":{"text":"Demokratie \u2013 Medien \u2013 Aufkl\u00e4rung","link":"https:\/\/www.freidenker.org\/?cat=12"},"img":{"alt_text":"","src":"https:\/\/i0.wp.com\/www.freidenker.org\/fw17\/wp-content\/uploads\/2024\/06\/Scholz_in_Italy_2024_2_800x450.jpg?fit=800%2C450&ssl=1&resize=350%2C200","width":350,"height":200,"srcset":"https:\/\/i0.wp.com\/www.freidenker.org\/fw17\/wp-content\/uploads\/2024\/06\/Scholz_in_Italy_2024_2_800x450.jpg?fit=800%2C450&ssl=1&resize=350%2C200 1x, https:\/\/i0.wp.com\/www.freidenker.org\/fw17\/wp-content\/uploads\/2024\/06\/Scholz_in_Italy_2024_2_800x450.jpg?fit=800%2C450&ssl=1&resize=525%2C300 1.5x, https:\/\/i0.wp.com\/www.freidenker.org\/fw17\/wp-content\/uploads\/2024\/06\/Scholz_in_Italy_2024_2_800x450.jpg?fit=800%2C450&ssl=1&resize=700%2C400 2x"},"classes":[]}],"_links":{"self":[{"href":"https:\/\/www.freidenker.org\/index.php?rest_route=\/wp\/v2\/posts\/15633","targetHints":{"allow":["GET"]}}],"collection":[{"href":"https:\/\/www.freidenker.org\/index.php?rest_route=\/wp\/v2\/posts"}],"about":[{"href":"https:\/\/www.freidenker.org\/index.php?rest_route=\/wp\/v2\/types\/post"}],"author":[{"embeddable":true,"href":"https:\/\/www.freidenker.org\/index.php?rest_route=\/wp\/v2\/users\/3"}],"replies":[{"embeddable":true,"href":"https:\/\/www.freidenker.org\/index.php?rest_route=%2Fwp%2Fv2%2Fcomments&post=15633"}],"version-history":[{"count":0,"href":"https:\/\/www.freidenker.org\/index.php?rest_route=\/wp\/v2\/posts\/15633\/revisions"}],"wp:featuredmedia":[{"embeddable":true,"href":"https:\/\/www.freidenker.org\/index.php?rest_route=\/wp\/v2\/media\/15664"}],"wp:attachment":[{"href":"https:\/\/www.freidenker.org\/index.php?rest_route=%2Fwp%2Fv2%2Fmedia&parent=15633"}],"wp:term":[{"taxonomy":"category","embeddable":true,"href":"https:\/\/www.freidenker.org\/index.php?rest_route=%2Fwp%2Fv2%2Fcategories&post=15633"},{"taxonomy":"post_tag","embeddable":true,"href":"https:\/\/www.freidenker.org\/index.php?rest_route=%2Fwp%2Fv2%2Ftags&post=15633"}],"curies":[{"name":"wp","href":"https:\/\/api.w.org\/{rel}","templated":true}]}}