{"id":15619,"date":"2023-03-28T21:11:44","date_gmt":"2023-03-28T19:11:44","guid":{"rendered":"https:\/\/www.freidenker.org\/?p=15619"},"modified":"2023-10-14T14:38:50","modified_gmt":"2023-10-14T12:38:50","slug":"der-klimaglaube-ein-wahn-dessen-zeit-ablaeuft","status":"publish","type":"post","link":"https:\/\/www.freidenker.org\/?p=15619","title":{"rendered":"Der Klimaglaube \u2013 ein Wahn, dessen Zeit abl\u00e4uft"},"content":{"rendered":"<p><strong>Erst der Klimaglaube hat es geschafft, das Atmen selbst zur S\u00fcnde zu erkl\u00e4ren. Aber seine beste Zeit ist bereits vor\u00fcber. Nicht einmal in Berlin kann er genug Gl\u00e4ubige mobilisieren. Und in der Welt au\u00dferhalb des Westens d\u00fcrfte er bald der Vergangenheit angeh\u00f6ren. <\/strong><\/p>\n<p><em>Von <strong>Dagmar Henn<\/strong><\/em><\/p>\n<p><span style=\"font-size: 10pt;\">Erstver\u00f6ffentlichung am 17.03.2023 auf <a href=\"https:\/\/gegenzensur.rtde.life\/international\/166359-klimaglaube-wahn-zeit-ablaeuft\/\" target=\"_blank\" rel=\"noopener\">RT DE<\/a><br \/>\n<\/span><\/p>\n<table style=\"width: 100%; border-collapse: collapse; background-color: #ebd9b7;\" cellpadding=\"1\">\n<tbody>\n<tr>\n<td style=\"width: 100%;\"><span style=\"font-size: 10pt;\"><strong>Hinweis<\/strong>: Die wissenschaftliche Frage der menschengemachten Erderw\u00e4rmung wird im Deutschen Freidenker-Verband nicht als entschieden betrachtet und offen diskutiert. Entscheidend ist f\u00fcr uns als Freidenker die Enth\u00fcllung, dass mit dem sch\u00f6nen Wort &#8222;Klimaschutz&#8220; der Widerstand gegen reaktion\u00e4rste politische Ma\u00dfnahmen gebrochen werden soll und ein irrationales Angstklima in der Gesellschaft erzeugt wird.<\/span><\/td>\n<p><strong><span style=\"font-size: 10pt;\"><a href=\"#selinger\">\u2193\u00a0Eine kritische Erwiderung<\/a> von Dr. Helmut Selinger zu diesem Artikel folgt direkt darunter.<\/span><\/strong><br \/>\n<\/tr>\n<\/tbody>\n<\/table>\n<p>Trotz aller Absurdit\u00e4ten der Wokeness bleibt das eine der sch\u00f6nsten Filmszenen der Filmgeschichte \u2013 der Moment, an dem Jack Lemmon in &#8222;Manche m\u00f6gen&#8217;s hei\u00df&#8220; seine Per\u00fccke abnimmt und seinem Million\u00e4rs-Verehrer im Boot zuruft: &#8222;Ich bin ein Mann&#8220;, und die Antwort schlicht lautet: &#8222;Niemand ist vollkommen.&#8220;<\/p>\n<p>Dieser Moment ist so sch\u00f6n, weil dieser Satz &#8222;niemand ist vollkommen&#8220; befreiend wirkt. Er ist eine von zwei historisch konkurrierenden Lesarten der alten Geschichte mit der Erbs\u00fcnde, die so viele menschliche Religionen mit sich schleifen. Du musst nicht vollkommen sein, denn du bist ein Mensch. Die andere Lesart lautet, du bist unvollkommen, fehlerhaft und daher schuldig. Das ist die Version, die genutzt werden kann, um Menschen zu kontrollieren. Schuld ist dabei ein wesentlich wirkungsvolleres Mittel als Hoffnung, Erwartung oder rationale \u00dcberzeugung. Es ist daher nicht \u00fcberraschend, dass Herrschaftsideologien immer neue Versionen vermeintlicher Schuld, gekoppelt mit drohenden Unterg\u00e4ngen, liefern; da unterscheidet sich der Klimaglaube nicht vom Hexenwahn des 16. Jahrhunderts.<\/p>\n<p>Macht es Sinn, sich mit den Begr\u00fcndungen auseinanderzusetzen, darauf hinzuweisen, dass ein Zeitrahmen zur Beurteilung einer Ver\u00e4nderung auch die mittelalterliche W\u00e4rmeperiode beinhalten sollte und nicht nur die Erw\u00e4rmung aus der kleinen Eiszeit der letzten Jahrhunderte heraus, oder anzumerken, dass die Einf\u00fchrung digitaler Thermometer allein bereits eine scheinbare Erh\u00f6hung ausl\u00f6ste? Nicht wirklich. Weil es die einen gibt, bei denen der Glaube ohnehin nicht verf\u00e4ngt, die also mit den daraus abgeleiteten Forderungen rational umgehen k\u00f6nnen, und die anderen, die davon \u00fcberzeugt sind, durch Erzeugung von Kohlendioxid zu s\u00fcndigen, f\u00fcr Argumente schwer erreichbar sind. Wodurch sollte man auch den Schub f\u00fcr das Selbstbewusstsein ersetzen, der dadurch entsteht, sich selbst f\u00fcr den Retter der Welt zu halten?<\/p>\n<p>Immerhin, die Ergebnisse des Berliner Volksentscheids scheinen anzudeuten, dass die Klimaerz\u00e4hlung den H\u00f6hepunkt ihrer Wirksamkeit bereits \u00fcberschritten haben k\u00f6nnte. Das ist nicht wirklich ein Wunder, schlie\u00dflich m\u00fcsste Hamburg, wenn man die Prognosen aus den 1980ern betrachtet, seit Jahren unter Wasser stehen, aber nicht einmal die Pazifikinseln, deren Untergang beschworen wurde, sind bisher tats\u00e4chlich untergegangen. Der reale Verlauf hat, nicht anders als bei den Endzeitprognosen des Club of Rome aus den 1970ern, nach denen s\u00e4mtliche Rohstoffe in B\u00e4lde endeten, wenig mit den Prognosen zu tun. Allerdings gelingt es, wie bei den Zeugen Jehovas, immer wieder, den angek\u00fcndigten Untergang etwas zu vertagen, ohne gleich die gesamte Glaubw\u00fcrdigkeit zu verlieren.<\/p>\n<p>Die konkreten politischen Ergebnisse sind katastrophal, allerdings \u2013 und das scheint inzwischen doch aufzufallen \u2013 mit einer heftigen Schlagseite f\u00fcr die unteren Etagen der Gesellschaft wie der globalen Wirtschaft versehen. Es sind nicht die Reichen, die nicht mehr heizen oder reisen k\u00f6nnen, wenn all die &#8222;klimaschonenden&#8220; Projekte realisiert w\u00fcrden. Die Verteuerung der Nahrungsmittel, die durch Wahnideen wie die Stickstoffeinsparungen in\u00a0den Niederlanden ausgel\u00f6st wird, trifft vor allem \u00c4rmere, die einen weit gr\u00f6\u00dferen Teil ihres Budgets f\u00fcr Nahrung ausgeben, und wer schon jetzt die H\u00e4lfte seines Einkommens f\u00fcr die Miete auf den Tisch legt, hat auch keinen Spielraum f\u00fcr h\u00f6here Energiekosten. Die Klimagl\u00e4ubigen erweisen sich in diesem Fall als die gesellschaftlichen Hilfstruppen, die es braucht, um Angriffe auf den Lebensstandard der Massen durchzuf\u00fchren, die zu Zeiten, als das Wohl der Menschen (wenn auch vor\u00fcbergehend) das h\u00f6chste Ziel der Politik war, nicht vorstellbar waren.<\/p>\n<p>Dass diese Dystopien f\u00fcr Jugendliche so attraktiv sind, ergibt sich aus den angebotenen Rollen. Abgesehen davon, dass das Problem des Schamgef\u00fchls nicht verschwindet, wenn eine Gesellschaft angeblich sexuell frei ist, und diese pubert\u00e4ren Empfindungen von Schuld irgendwohin m\u00fcssen \u2013 die gew\u00f6hnliche menschliche Utopie einer besseren Gesellschaft bietet zwar die M\u00f6glichkeit des Mitwirkens, aber wenig Heldenrollen. Im Gegensatz dazu macht die Dystopie ein geradezu paradiesisches Angebot. Die Schuldgef\u00fchle bekommen einen Ort, und gleichzeitig darf man sich den anderen \u00fcberlegen f\u00fchlen und geradezu die Rolle eines Helden einnehmen; schlie\u00dflich muss ein Weltuntergang abgewendet werden.<\/p>\n<p>Ist es vorstellbar, dass so gro\u00dfe Teile gerade des vermeintlich intellektuellen Teils der deutschen Gesellschaft einem absoluten Irrglauben aufsitzen? Leider sind die Phasen solchen Irrglaubens ausgepr\u00e4gter als die einer wirklich rationalen Weltsicht. Man muss nur einen Blick in die Museen werfen, oder vielmehr in ihre Depots. Phrenologie, die vermeintliche Wissenschaft von der Vermessung des Sch\u00e4dels, galt Ende des 19. Jahrhunderts als hochmoderne Forschung. In der ersten H\u00e4lfte des 20. Jahrhunderts galt das Gleiche f\u00fcr die Eugenik, die die menschlichen Bev\u00f6lkerungen betrachtete wie Viehherden. Beides w\u00fcrde kaum jemand heutzutage mehr als Wissenschaft akzeptieren; das Schicksal des Klimaglaubens wird letztlich dasselbe sein.<\/p>\n<p>Was alle drei, die Phrenologie, die Eugenik und den Klimaglauben, miteinander verbindet, ist die Vorstellung, menschliche Gesellschaft zu ver\u00e4ndern, ohne sich mit den Gegebenheiten der menschlichen Gesellschaft auseinanderzusetzen. Phrenologen glaubten, man k\u00f6nne z. B. zuk\u00fcnftige Kriminelle an der Sch\u00e4delform erkennen, und wenn man diese aus der Bev\u00f6lkerung filtern k\u00f6nne &#8230; die Eugeniker wollten Menschen z\u00fcchten wie Sch\u00e4ferhunde und kategorisierten nach guten oder schlechten Erbanlagen. Die Klimagl\u00e4ubigen gehen davon aus, dass die Menschen selbst das Klima unter Kontrolle h\u00e4tten; eine Megalomanie, die als solche nur deshalb nicht sofort kenntlich ist, weil sie negativ formuliert ist. In allen drei F\u00e4llen geht es um Machtaus\u00fcbung \u00fcber Menschen unter Verleugnung gesellschaftlicher Zusammenh\u00e4nge; konkrete Menschen haben in dieser Denkweise keinen Wert, sie existieren nur als abstrakte, zu behandelnde Bestandteile. Was nat\u00fcrlich in jedem der besagten drei F\u00e4lle dadurch erleichtert wurde, dass die Anh\u00e4nger sich selbst im Besitz \u00fcberlegener Erkenntnis sehen.<\/p>\n<p>Ist es m\u00f6glich, eine wissenschaftliche Fiktion zu erzeugen? Selbstverst\u00e4ndlich. Das historisch Verbl\u00fcffende an den Hexenprozessen des 16. Jahrhunderts ist, dass sie gerade vom heranreifenden wissenschaftlichen Apparat vorangetrieben wurden, f\u00fcr den die Hexerei an die Stelle des blinden Schicksals trat und der die Quelle f\u00fcr Naturereignisse in der Mitte der menschlichen Gesellschaft verortete; und wenn man betrachtet, wie heutzutage den &#8222;Klimas\u00fcndern&#8220; die Verantwortung f\u00fcr Unwetter zugeschoben wird, findet sich ein ganz \u00e4hnliches Muster.<\/p>\n<p>In jedem dieser F\u00e4lle \u2013 und im Umgang mit der Wissenschaft an sich \u2013 gibt es eine einfache Frage, die zur Korrektur solcher Verirrungen gen\u00fcgt: Cui bono? Wem nutzt es? Etwa dem F\u00fcrstbischof von W\u00fcrzburg, der durch die &#8222;Enttarnung&#8220; einer Reihe vermeintlicher Hexen in den Reihen der wohlhabenderen B\u00fcrger seiner Stadt seinen neuen Palast finanzierte, \u00e4hnlich wie die angeblich wissenschaftliche Notwendigkeit, gegen Corona zu impfen, der Firma Pfizer und deren Hilfskr\u00e4ften Milliardenertr\u00e4ge verschaffte. Beim Klimaglauben sind es die konkreten Ma\u00dfnahmen, die letztlich verraten, zu wessen Nutzen sie stattfinden. Sie erzeugen zum einen an vielen Stellen eine v\u00f6llig k\u00fcnstliche Nachfrage, in vielen F\u00e4llen, ohne sie \u00fcberhaupt befriedigen zu k\u00f6nnen (wie im Falle der erzwungenen energetischen Sanierungen der Wohnungen oder der Umstellung auf Elektromobilit\u00e4t), aber vor allem rechtfertigen sie eine Absenkung des Lebensstandards der Masse der Bev\u00f6lkerung weit unter das Niveau, das realisierbar w\u00e4re.<\/p>\n<p>Genau das w\u00e4re auch der Effekt des Berliner Volksentscheids gewesen, der selbst typisch nebul\u00f6s bleibt und nur raunt, die &#8222;Umsetzung der Klima-Verpflichtungen&#8220; d\u00fcrfe nicht auf Kosten der Mieter gehen. Denn nat\u00fcrlich w\u00e4re sie letzten Endes auf Kosten der Mieter gegangen, selbst wenn Mieterh\u00f6hungen untersagt w\u00fcrden \u2013 weder Genossenschaften noch \u00f6ffentliche Wohnungsbaugesellschaften k\u00f6nnen sich die Sanierungen leisten, was entsprechend den Beschl\u00fcssen des EU-Parlaments schlicht die Konsequenz h\u00e4tte, dass diese Wohnungen dann ab 2030 nicht mehr vermietet werden d\u00fcrften. In einer Stadt, in der ohnehin bereits massive Wohnungslosigkeit herrscht, w\u00e4re das die R\u00fcckkehr zur Zille&#8217;schen Mietskasernenromantik mit Schichtschlafpl\u00e4tzen. Sogar dann, wenn der &#8222;soziale Ausgleich&#8220; ausnahmsweise mal nicht nur auf dem Papier st\u00fcnde.<\/p>\n<p>Die Berliner haben sich nicht in ausreichender Zahl bereit erkl\u00e4rt, diese Blankovollmacht auszustellen. Der EU-Beschluss zu energetischen Sanierungen mag ebenso dazu beigetragen haben wie die konkrete Erfahrung innerhalb des letzten Jahres, dass auch auf Bundesebene die Aussagen gr\u00fcner Politiker selten von Fakten getragen werden; so, wie auch die ma\u00dflose Arroganz der Klimakleber, die ihren Strau\u00df eben weder mit den politisch noch mit den wirtschaftlich M\u00e4chtigen ausfechten, sondern nur das Leben der gew\u00f6hnlichen B\u00fcrger beeintr\u00e4chtigen.<\/p>\n<p>Aber verschwinden wird der Klimaspuk eher nicht durch eine pl\u00f6tzliche Erkenntnis der westlichen B\u00fcrger, sondern dadurch, dass Schritt f\u00fcr Schritt die Abkommen gel\u00f6st werden, mit denen diese Politik als allgemeing\u00fcltig etabliert wurde. Im Verlauf des letzten Jahres wurde f\u00fcr alle sichtbar vorgef\u00fchrt, wie UN-Mehrheitsbeschl\u00fcsse zustande kommen: unter reichlich Einsatz von Erpressung und Manipulation.<\/p>\n<p>Das ganze Gemenge aus Organisationen, die im Auftrag der USA oder deren Oligarchen handeln, auch die EU-Stiftungen, wird inzwischen in gro\u00dfen Teilen der Welt als eine Struktur gesehen, die fremden Interessen dient. China hat in der Praxis seinen eigenen Weg verfolgt, etwa mit gro\u00dffl\u00e4chigen Aufforstungen, aber keine Stellung gegen die Erz\u00e4hlung an sich bezogen. Das k\u00f6nnte sich demn\u00e4chst \u00e4ndern. Ebenso wie viele L\u00e4nder in Afrika und Lateinamerika die Gelegenheit nutzen werden, Regeln aufzuheben, die nur ihre Entwicklung behindern sollen, und die M\u00f6glichkeit wahrnehmen werden, sich aus den Klammern der IWF-Kredite zu befreien, die ebenfalls zur Durchsetzung der Klima-Agenda genutzt werden.<\/p>\n<p>Ob in Deutschland weiterhin Vergebung f\u00fcr den Klimafu\u00dfabdruck gesucht oder auf Windr\u00e4der vertraut wird, bleibt am Ende ein deutsches Problem. Auch wenn jedes Jahr, in dem weiter diesem Fetisch gehuldigt wird, die Bedingungen f\u00fcr das Leben in der neuen, postamerikanischen Welt weiter verschlechtert.<\/p>\n<p style=\"text-align: right;\"><em>Dagmar Henn ist Mitglied des Deutschen Freidenker-Verbandes<\/em><\/p>\n<hr \/>\n<h5><a id=\"selinger\"><\/a>Kommentar zu vorstehendem Artikel <strong>\u201eDer Klimaglaube \u2013 ein Wahn, dessen Zeit abl\u00e4uft\u201c \u00a0\u00a0\u00a0\u00a0\u00a0\u00a0\u00a0\u00a0\u00a0\u00a0\u00a0\u00a0\u00a0\u00a0\u00a0\u00a0\u00a0\u00a0\u00a0\u00a0\u00a0\u00a0\u00a0\u00a0\u00a0\u00a0\u00a0\u00a0\u00a0\u00a0\u00a0\u00a0\u00a0\u00a0\u00a0\u00a0\u00a0\u00a0\u00a0\u00a0\u00a0\u00a0\u00a0\u00a0\u00a0\u00a0\u00a0\u00a0\u00a0\u00a0\u00a0\u00a0\u00a0\u00a0\u00a0\u00a0\u00a0\u00a0\u00a0\u00a0\u00a0\u00a0\u00a0\u00a0\u00a0\u00a0\u00a0<\/strong><\/h5>\n<p><em>von <strong>Dr. Helmut Selinger<\/strong><\/em><\/p>\n<p>Mit Schrecken habe ich wahrgenommen, dass Ihr diesen Beitrag von Dagmar Henn (D.H.) ver\u00f6ffentlicht habt. Auch wenn ich ab und zu Artikel von D.H. zu au\u00dfenpolitischen Themen interessant und beachtenswert finde, so muss ich doch meinen sch\u00e4rfsten Protest gegen einen solchen unqualifizierten und hetzerischen Artikel zu der Thematik \u201eanthropogener Klimawandel\u201c \u00e4u\u00dfern.<\/p>\n<p>Angesichts der redaktionellen Vorbemerkung \u201e<em>Die wissenschaftliche Frage der menschengemachten Erderw\u00e4rmung wird im Deutschen Freidenker-Verband nicht als entschieden betrachtet und offen diskutiert<\/em>\u201c muss ich feststellen: Von einer Diskussion der wissenschaftlichen Frage der menschengemachten Erderw\u00e4rmung kann in diesem unqualifizierten Artikel noch nicht einmal ansatzweise gesprochen werden.<\/p>\n<p>F\u00fcr einen Verband, der sein Freidenkertum u.a. so definiert (s. <a href=\"https:\/\/www.freidenker.org\/?page_id=64\">DFV-Website<\/a>):<\/p>\n<ul>\n<li>eine rationale Weltsicht ohne \u201eh\u00f6here Wesen\u201c, \u00fcbersinnliche M\u00e4chte und Irrationalismus,<\/li>\n<li>eine Welt- und Selbsterkenntnis auf dem Niveau der Wissenschaft unserer Zeit, damit Wirklichkeit und Entwicklung erkennbar und ihre Gestaltung im Sinne menschlicher Verh\u00e4ltnisse m\u00f6glich ist,<\/li>\n<li>Fragen, Zweifel und Kritik als Mittel zur Erkenntnis zu nutzen,<\/li>\n<li>Freies Denken soll zugleich dem Zweck dienen, .. die gesellschaftlichen Verh\u00e4ltnisse und die internationalen Beziehungen nach dem Ma\u00dfstab der Vernunft und Toleranz, der Solidarit\u00e4t und t\u00e4tigen Humanit\u00e4t sowie des gesellschaftlichen Fortschritts einzurichten.<\/li>\n<li>Alles politische Handeln muss dem Ziel dienen, Gerechtigkeit zu verwirklichen, Frieden herzustellen und zu bewahren, es muss sozial, human und \u00f6kologisch sein.<\/li>\n<li>Notwendig ist eine neue Mensch-Natur-Beziehung, in der nicht der Mensch die Natur ausbeutet, sondern durch Kenntnis der Naturgesetze in \u00dcbereinstimmung mit ihnen handelt und nur solche Ziele der Umweltgestaltung anstrebt, die die nat\u00fcrlichen Existenzgrundlagen k\u00fcnftiger Generationen nicht gef\u00e4hrdet.<\/li>\n<li>Dies bedeutet, nicht den unmittelbaren Nutzen, sondern die Folgewirkungen zum Ma\u00dfstab des Handelns zu machen, Schonung und Erneuerung von Ressourcen sowie abfallarme, geschlossene Produktionskreisl\u00e4ufe zu verwirklichen.<\/li>\n<li>Diese Aufgabe stellt sich auch mit Blick auf die unterentwickelt gehaltenen L\u00e4nder, wo fortschreitende Armut und Hunger den Raubbau an der Natur, \u00dcberbev\u00f6lkerung und st\u00e4ndig steigende Verelendung bewirken. Die Politik der fortgesetzten neokolonialistischen Auspl\u00fcnderung dieser L\u00e4nder mit Hilfe der internationalen Finanzinstitutionen, insbesondere Weltbank und Internationaler W\u00e4hrungsfond, muss beendet werden.<\/li>\n<li>Neue internationale partnerschaftliche Beziehungen und solidarische Hilfen m\u00fcssen echte Entwicklung und gerechte Verteilung f\u00f6rdern, &#8230;<\/li>\n<\/ul>\n<p>widerspricht dieser Artikel in fast allen Punkten dem m.E. richtigen Selbstverst\u00e4ndnis des DFV.<\/p>\n<p>Im Einzelnen:<\/p>\n<ol>\n<li>Schon der Titel l\u00e4sst Schlimmes bef\u00fcrchten, keine Argumente, sondern eine Verunglimpfung aller Menschen, Wissenschaftler, Alte, Junge, die sich mit den Tatsachen und Argumenten zum menschengemachten Klimawandel auseinandergesetzt haben und diesen nach ihrem besten Wissen und Gewissen f\u00fcr nachvollziehbar halten, werden schon im Titel als gl\u00e4ubig (=doof) und wahnhaft tituliert, wobei dr\u00e4uend droht, dass die Zeit dieses Wahns abl\u00e4uft.<\/li>\n<li>Der erste Satz ist Programm f\u00fcr den ganzen Artikel: eine \u00fcble Unterstellung, die durch nichts belegt und gerechtfertigt ist: <em>\u201eDer Klimaglaube hat es geschafft, das Atmen selbst zur S\u00fcnde zu erkl\u00e4ren.\u201c<\/em> Ich kenne keinen einzigen Menschen\/Wissenschaftler, der den menschengemachten Klimawandel ernst nimmt und so etwas jemals behauptet hat, D.H. schafft es, so einen Unsinn als unumst\u00f6\u00dfliche Tatsache an den Beginn ihres Ergusses zu stellen.<\/li>\n<li>Weiter geht es: <em>\u201eUnd in der Welt au\u00dferhalb des Westens d\u00fcrfte der Klimaglaube bald der Vergangenheit angeh\u00f6ren.\u201c <\/em>Hat D.H. schon von den j\u00e4hrlichen UN-Klimakonferenzen und dem UN-Weltklimarat geh\u00f6rt in dem fast alle L\u00e4nder der Erde (\u00fcbrigens quer durch alle gesellschaftlichen Systeme) beteiligt sind. Auch die zahllosen Diskussionen weltweit zwischen den L\u00e4ndern und in der UNO vermitteln ein anderes Bild &#8230;.<\/li>\n<li>Doller geht\u2019s wohl kaum: nach D.H. <em>\u201eunterscheidet sich der Klimaglaube nicht vom Hexenwahn des 16. Jahrhunderts\u201c<\/em> Werden also die Diskussionspartner \u2013 auch im DFV? &#8211; wirklich ernst genommen &#8230;!? Sie sind lt. D.H. einfach wahnhaft wie im 16. Jhd.<\/li>\n<li>Nun kommen die einzigen halbwegs diskussionsw\u00fcrdigen \u201eArgumente\u201c: lt. D.H. \u201e<em>sollte ein Zeitrahmen zur Beurteilung einer Ver\u00e4nderung auch die mittelalterliche W\u00e4rmeperiode beinhalten und nicht nur die Erw\u00e4rmung aus der kleinen Eiszeit der letzten Jahrhunderte heraus\u201c, oder \u201edie Einf\u00fchrung digitaler Thermometer allein l\u00f6ste bereits eine scheinbare Erh\u00f6hung aus?\u201c <\/em>Bei beiden Argumenten wird jedoch keinerlei Literaturangabe oder ein sonstiger Hinweis gegeben, welche Studie bzw. welche Aussage aus den IPCC-Berichten konkret kritisiert wird&#8230;. In dieser Form kann man nur ebenso allgemein antworten, so ist das nicht&#8230;!<\/li>\n<li>Aber lt. D.H. braucht man bei Gl\u00e4ubigen nicht zu argumentieren, da sie ja ohnehin \u201e<em>davon \u00fcberzeugt sind, durch Erzeugung von Kohlendioxid zu s\u00fcndigen&#8230;. Wodurch sollte man auch den Schub f\u00fcr das Selbstbewusstsein ersetzen, der dadurch entsteht, sich selbst f\u00fcr den Retter der Welt zu halten? <\/em>Soweit der Stil der Auseinandersetzung bei D.H. !!<\/li>\n<li>Ich will nun nicht weiter im Detail auf den Text eingehen&#8230;, es geht in diesem Stil der Psychologisiererei, der billigen und \u00fcberheblichen Polemik und der uns\u00e4glichen Vergleiche von Klimaglaube mit Phrenologie und sogar Eugenik (!!) weiter. Ich nenne dies Irrationalismus und uns\u00e4gliches, billiges Gerede und ich denke, dass dies genau das Gegenteil dessen ist, wie sich Freidenker mit einer Problematik befassen sollten.<\/li>\n<li>Am Ende will D.H. wohl die soziale Frage adressieren, das ist zweifellos eine wichtige Aufgabe \u2013 auch im Zusammenhang von Klimama\u00dfnahmen im eigenen Land und auch international, aber auf der Basis der o.g. Art von Irrationalismus und billiger Polemik m.E. nicht konstruktiv und sinnvoll zu diskutieren<\/li>\n<\/ol>\n<p><em>Dr. Helmut Selinger<\/em>, <em>(im Vorstand des DFV-M\u00fcnchen)<\/em><br \/>\n<a href=\"mailto:h.selinger@web.de\" target=\"_blank\" rel=\"noopener\">h.selinger@web.de<\/a><\/p>\n<p>&nbsp;<\/p>\n<hr \/>\n<p><span style=\"font-size: 10pt;\"><span class=\"mw-mmv-title\">Bild oben: Blockadeaktion der &#8222;Letzten Generation&#8220; auf der Luitpoldbr\u00fccke in M\u00fcnchen am 21.11.2022<br \/>\nFoto: <\/span>Telegramkanal der Letzten Generation, <a href=\"https:\/\/creativecommons.org\/licenses\/by-sa\/4.0\" target=\"_blank\" rel=\"noopener\">CC BY-SA 4.0<\/a><\/span><br \/>\n<span style=\"font-size: 10pt;\">Quelle: <a href=\"https:\/\/commons.wikimedia.org\/w\/index.php?curid=125807306\" target=\"_blank\" rel=\"noopener\">https:\/\/commons.wikimedia.org\/w\/index.php?curid=125807306<\/a><\/span><\/p>\n","protected":false},"excerpt":{"rendered":"<p><b>Beitrag von Dagmar Henn<\/b><br \/>\nTrotz aller Absurdit\u00e4ten der Wokeness bleibt das eine der sch\u00f6nsten Filmszenen der Filmgeschichte \u2013 der Moment, an dem Jack Lemmon in &#8222;Manche m\u00f6gen&#8217;s hei\u00df&#8220; seine Per\u00fccke abnimmt und seinem Million\u00e4rs-Verehrer im Boot zuruft: &#8222;Ich bin ein Mann&#8220;, und die Antwort schlicht lautet: &#8222;Niemand ist vollkommen.&#8220; Dieser Moment ist so sch\u00f6n, weil dieser Satz &#8222;niemand ist vollkommen&#8220; befreiend wirkt. Er ist eine von zwei historisch konkurrierenden Lesarten der alten Geschichte mit der Erbs\u00fcnde, die so viele menschliche Religionen mit sich schleifen. Du musst nicht vollkommen sein, denn du bist ein Mensch. Die andere Lesart lautet, du bist unvollkommen, fehlerhaft und daher schuldig. Das ist die Version, die genutzt werden kann, um Menschen zu kontrollieren. <\/p>\n","protected":false},"author":3,"featured_media":15621,"comment_status":"closed","ping_status":"closed","sticky":false,"template":"","format":"standard","meta":{"colormag_page_container_layout":"default_layout","colormag_page_sidebar_layout":"default_layout","advanced_seo_description":"","jetpack_seo_html_title":"","jetpack_seo_noindex":false,"jetpack_post_was_ever_published":false,"footnotes":""},"categories":[16],"tags":[409,1170,1755,627,319,84,72,636,1017,123],"class_list":["post-15619","post","type-post","status-publish","format-standard","has-post-thumbnail","hentry","category-weltanschauung-philosophie","tag-berlin","tag-co2","tag-dystopie","tag-energiepolitik","tag-glaube","tag-klima","tag-klimaschutz","tag-manipulation","tag-volksentscheid","tag-wissenschaft"],"jetpack_featured_media_url":"https:\/\/i0.wp.com\/www.freidenker.org\/fw17\/wp-content\/uploads\/2023\/03\/Letzte_Generation_Blockadeaktion_Klimademo_Luitpoldbruecke_Muenchen_2022-11-21_800x450.jpg?fit=800%2C450&ssl=1","jetpack_shortlink":"https:\/\/wp.me\/p9stpK-43V","jetpack-related-posts":[{"id":22764,"url":"https:\/\/www.freidenker.org\/?p=22764","url_meta":{"origin":15619,"position":0},"title":"Bundeskanzler Merz, Putin und die Geografie","author":"Webredaktion","date":"7. September 2025","format":false,"excerpt":"Beitrag von Dagmar Henn Wom\u00f6glich l\u00f6st Bundeskanzler Friedrich Merz mit einer Aussage in seinem Interview mit dem franz\u00f6sischen Sender TF1 ganz andere Empfindungen aus, als er beabsichtigt. Denn neben seiner Betonung, er wolle wieder eine Wehrpflicht\u00a0\u2012 auch f\u00fcr Frauen \u2012, lieferte er auch noch eine eigenartige Begr\u00fcndung. So zitiert das\u2026","rel":"","context":"In &quot;Demokratie \u2013 Medien \u2013 Aufkl\u00e4rung&quot;","block_context":{"text":"Demokratie \u2013 Medien \u2013 Aufkl\u00e4rung","link":"https:\/\/www.freidenker.org\/?cat=12"},"img":{"alt_text":"","src":"https:\/\/i0.wp.com\/www.freidenker.org\/fw17\/wp-content\/uploads\/2025\/09\/Merz_Grenzen1937.jpg?fit=800%2C450&ssl=1&resize=350%2C200","width":350,"height":200,"srcset":"https:\/\/i0.wp.com\/www.freidenker.org\/fw17\/wp-content\/uploads\/2025\/09\/Merz_Grenzen1937.jpg?fit=800%2C450&ssl=1&resize=350%2C200 1x, https:\/\/i0.wp.com\/www.freidenker.org\/fw17\/wp-content\/uploads\/2025\/09\/Merz_Grenzen1937.jpg?fit=800%2C450&ssl=1&resize=525%2C300 1.5x, https:\/\/i0.wp.com\/www.freidenker.org\/fw17\/wp-content\/uploads\/2025\/09\/Merz_Grenzen1937.jpg?fit=800%2C450&ssl=1&resize=700%2C400 2x"},"classes":[]},{"id":22450,"url":"https:\/\/www.freidenker.org\/?p=22450","url_meta":{"origin":15619,"position":1},"title":"Der IGH, der &#8222;Klimaschutz&#8220; und seine deutschen Teilzeitfans","author":"Webredaktion","date":"27. Juli 2025","format":false,"excerpt":"Beitrag von Dagmar Henn Die deutschen Medien, allen voran die Tagesschau, jubeln \u00fcber das \"wegweisende Gutachten\", das der Internationale Gerichtshof in Den Haag zu den \"Verpflichtungen von Staaten in Bezug auf den Klimawandel\" ver\u00f6ffentlicht hat. \"Wegweisend\" wird es genannt (Tagesschau), oder \"saubere Umwelt ist ein Menschenrecht\" (heute); oder \"Vers\u00e4umnisse beim\u2026","rel":"","context":"In &quot;Demokratie \u2013 Medien \u2013 Aufkl\u00e4rung&quot;","block_context":{"text":"Demokratie \u2013 Medien \u2013 Aufkl\u00e4rung","link":"https:\/\/www.freidenker.org\/?cat=12"},"img":{"alt_text":"","src":"https:\/\/i0.wp.com\/www.freidenker.org\/fw17\/wp-content\/uploads\/2025\/07\/International_Court_of_Justice_HQ_2006_800x450.jpg?fit=800%2C450&ssl=1&resize=350%2C200","width":350,"height":200,"srcset":"https:\/\/i0.wp.com\/www.freidenker.org\/fw17\/wp-content\/uploads\/2025\/07\/International_Court_of_Justice_HQ_2006_800x450.jpg?fit=800%2C450&ssl=1&resize=350%2C200 1x, https:\/\/i0.wp.com\/www.freidenker.org\/fw17\/wp-content\/uploads\/2025\/07\/International_Court_of_Justice_HQ_2006_800x450.jpg?fit=800%2C450&ssl=1&resize=525%2C300 1.5x, https:\/\/i0.wp.com\/www.freidenker.org\/fw17\/wp-content\/uploads\/2025\/07\/International_Court_of_Justice_HQ_2006_800x450.jpg?fit=800%2C450&ssl=1&resize=700%2C400 2x"},"classes":[]},{"id":16110,"url":"https:\/\/www.freidenker.org\/?p=16110","url_meta":{"origin":15619,"position":2},"title":"Wenn man Faschismus nicht versteht: Ein Soziologe \u00fcber Hitler und die Autobahn","author":"Webredaktion","date":"21. Mai 2023","format":false,"excerpt":"Beitrag von Dagmar Henn \"Die Autobahn war Hitlers Antwort auf die Krise der M\u00e4nnlichkeit\", erkl\u00e4rt der Soziologe und Historiker Conrad Kunze allen Ernstes heute in der Berliner Zeitung. Das war dann vermutlich in den Vereinigten Staaten genauso, schlie\u00dflich wurden zu dieser Zeit nicht nur in Deutschland Autobahnen gebaut. Und als\u2026","rel":"","context":"In &quot;Demokratie \u2013 Medien \u2013 Aufkl\u00e4rung&quot;","block_context":{"text":"Demokratie \u2013 Medien \u2013 Aufkl\u00e4rung","link":"https:\/\/www.freidenker.org\/?cat=12"},"img":{"alt_text":"","src":"https:\/\/i0.wp.com\/www.freidenker.org\/fw17\/wp-content\/uploads\/2023\/05\/Bundesarchiv_Bild_146-1979-096-13A_Reichsautobahn_800x450.jpg?fit=800%2C450&ssl=1&resize=350%2C200","width":350,"height":200,"srcset":"https:\/\/i0.wp.com\/www.freidenker.org\/fw17\/wp-content\/uploads\/2023\/05\/Bundesarchiv_Bild_146-1979-096-13A_Reichsautobahn_800x450.jpg?fit=800%2C450&ssl=1&resize=350%2C200 1x, https:\/\/i0.wp.com\/www.freidenker.org\/fw17\/wp-content\/uploads\/2023\/05\/Bundesarchiv_Bild_146-1979-096-13A_Reichsautobahn_800x450.jpg?fit=800%2C450&ssl=1&resize=525%2C300 1.5x, https:\/\/i0.wp.com\/www.freidenker.org\/fw17\/wp-content\/uploads\/2023\/05\/Bundesarchiv_Bild_146-1979-096-13A_Reichsautobahn_800x450.jpg?fit=800%2C450&ssl=1&resize=700%2C400 2x"},"classes":[]},{"id":19914,"url":"https:\/\/www.freidenker.org\/?p=19914","url_meta":{"origin":15619,"position":3},"title":"&#8222;Nie wieder Krieg!&#8220; &#8211; Freidenker-Verband ruft zur Teilnahme am 3. Oktober auf","author":"Webredaktion","date":"27. September 2024","format":false,"excerpt":"Aufruf von Sebastian Bahlo Um den Aufruf zur Demonstration \"Nie wieder Krieg!\", zu der am 3. Oktober 2024 in Berlin aufgerufen wird, gibt es aus naheliegenden Gr\u00fcnden Kontroversen. Nicht ohne Grund hatten wir den Meinungsbeitrag unserer Genossin Dagmar Henn ver\u00f6ffentlicht, der den Text des Aufrufs scharf kritisiert. Diese Kritik teilen\u2026","rel":"","context":"In &quot;Frieden - Antifaschismus - Solidarit\u00e4t&quot;","block_context":{"text":"Frieden - Antifaschismus - Solidarit\u00e4t","link":"https:\/\/www.freidenker.org\/?cat=13"},"img":{"alt_text":"","src":"https:\/\/i0.wp.com\/www.freidenker.org\/fw17\/wp-content\/uploads\/2024\/09\/plakat-demo_2024-10-03_800x450.jpg?fit=800%2C450&ssl=1&resize=350%2C200","width":350,"height":200,"srcset":"https:\/\/i0.wp.com\/www.freidenker.org\/fw17\/wp-content\/uploads\/2024\/09\/plakat-demo_2024-10-03_800x450.jpg?fit=800%2C450&ssl=1&resize=350%2C200 1x, https:\/\/i0.wp.com\/www.freidenker.org\/fw17\/wp-content\/uploads\/2024\/09\/plakat-demo_2024-10-03_800x450.jpg?fit=800%2C450&ssl=1&resize=525%2C300 1.5x, https:\/\/i0.wp.com\/www.freidenker.org\/fw17\/wp-content\/uploads\/2024\/09\/plakat-demo_2024-10-03_800x450.jpg?fit=800%2C450&ssl=1&resize=700%2C400 2x"},"classes":[]},{"id":17602,"url":"https:\/\/www.freidenker.org\/?p=17602","url_meta":{"origin":15619,"position":4},"title":"Ampelregierung: Dieser Papagei ist tot","author":"Webredaktion","date":"5. Dezember 2023","format":false,"excerpt":"Beitrag von Dagmar Henn Erstaunlich. Es knirscht und bebt in allen Teilen der \u00f6konomischen und politischen Maschinerie, und immer noch werden in deutschen Gazetten Lobeshymnen auf die Ampelpolitiker geschrieben, wie gerade erst in der Welt auf Bundeswirtschaftsminister Robert Habeck. Nur, weil das kinderbuchschreibende Anzugmodel auf einem Kongress in Berlin auftauchte,\u2026","rel":"","context":"In &quot;Demokratie \u2013 Medien \u2013 Aufkl\u00e4rung&quot;","block_context":{"text":"Demokratie \u2013 Medien \u2013 Aufkl\u00e4rung","link":"https:\/\/www.freidenker.org\/?cat=12"},"img":{"alt_text":"","src":"https:\/\/i0.wp.com\/www.freidenker.org\/fw17\/wp-content\/uploads\/2023\/12\/parrot-6651195_800x450.jpg?fit=800%2C450&ssl=1&resize=350%2C200","width":350,"height":200,"srcset":"https:\/\/i0.wp.com\/www.freidenker.org\/fw17\/wp-content\/uploads\/2023\/12\/parrot-6651195_800x450.jpg?fit=800%2C450&ssl=1&resize=350%2C200 1x, https:\/\/i0.wp.com\/www.freidenker.org\/fw17\/wp-content\/uploads\/2023\/12\/parrot-6651195_800x450.jpg?fit=800%2C450&ssl=1&resize=525%2C300 1.5x, https:\/\/i0.wp.com\/www.freidenker.org\/fw17\/wp-content\/uploads\/2023\/12\/parrot-6651195_800x450.jpg?fit=800%2C450&ssl=1&resize=700%2C400 2x"},"classes":[]},{"id":18504,"url":"https:\/\/www.freidenker.org\/?p=18504","url_meta":{"origin":15619,"position":5},"title":"Kiesewetter, die Taurus und ein neuer See am Landwehrkanal","author":"Webredaktion","date":"8. M\u00e4rz 2024","format":false,"excerpt":"Beitrag von Dagmar Henn Unzweifelhaft, es gibt Dumme. Und dann gibt es solche, die sich dumm stellen. Wie Roderich Kiesewetter, einer der sichtbarsten Kriegstreiber der CDU im Bundestag. Denn viele andere m\u00f6gen allerlei Dinge \u00fcber die Taurus-Marschflugk\u00f6rper glauben und aus diesen Gr\u00fcnden irgendwelches Zeug erz\u00e4hlen; aber Kiesewetter war nicht immer\u2026","rel":"","context":"In &quot;Demokratie \u2013 Medien \u2013 Aufkl\u00e4rung&quot;","block_context":{"text":"Demokratie \u2013 Medien \u2013 Aufkl\u00e4rung","link":"https:\/\/www.freidenker.org\/?cat=12"},"img":{"alt_text":"","src":"https:\/\/i0.wp.com\/www.freidenker.org\/fw17\/wp-content\/uploads\/2024\/03\/Roderich_Kiesewetter_-_17._Jahreskonferenz_der_Kyjiwer_Gespraeche_800x450.jpg?fit=800%2C450&ssl=1&resize=350%2C200","width":350,"height":200,"srcset":"https:\/\/i0.wp.com\/www.freidenker.org\/fw17\/wp-content\/uploads\/2024\/03\/Roderich_Kiesewetter_-_17._Jahreskonferenz_der_Kyjiwer_Gespraeche_800x450.jpg?fit=800%2C450&ssl=1&resize=350%2C200 1x, https:\/\/i0.wp.com\/www.freidenker.org\/fw17\/wp-content\/uploads\/2024\/03\/Roderich_Kiesewetter_-_17._Jahreskonferenz_der_Kyjiwer_Gespraeche_800x450.jpg?fit=800%2C450&ssl=1&resize=525%2C300 1.5x, https:\/\/i0.wp.com\/www.freidenker.org\/fw17\/wp-content\/uploads\/2024\/03\/Roderich_Kiesewetter_-_17._Jahreskonferenz_der_Kyjiwer_Gespraeche_800x450.jpg?fit=800%2C450&ssl=1&resize=700%2C400 2x"},"classes":[]}],"_links":{"self":[{"href":"https:\/\/www.freidenker.org\/index.php?rest_route=\/wp\/v2\/posts\/15619","targetHints":{"allow":["GET"]}}],"collection":[{"href":"https:\/\/www.freidenker.org\/index.php?rest_route=\/wp\/v2\/posts"}],"about":[{"href":"https:\/\/www.freidenker.org\/index.php?rest_route=\/wp\/v2\/types\/post"}],"author":[{"embeddable":true,"href":"https:\/\/www.freidenker.org\/index.php?rest_route=\/wp\/v2\/users\/3"}],"replies":[{"embeddable":true,"href":"https:\/\/www.freidenker.org\/index.php?rest_route=%2Fwp%2Fv2%2Fcomments&post=15619"}],"version-history":[{"count":0,"href":"https:\/\/www.freidenker.org\/index.php?rest_route=\/wp\/v2\/posts\/15619\/revisions"}],"wp:featuredmedia":[{"embeddable":true,"href":"https:\/\/www.freidenker.org\/index.php?rest_route=\/wp\/v2\/media\/15621"}],"wp:attachment":[{"href":"https:\/\/www.freidenker.org\/index.php?rest_route=%2Fwp%2Fv2%2Fmedia&parent=15619"}],"wp:term":[{"taxonomy":"category","embeddable":true,"href":"https:\/\/www.freidenker.org\/index.php?rest_route=%2Fwp%2Fv2%2Fcategories&post=15619"},{"taxonomy":"post_tag","embeddable":true,"href":"https:\/\/www.freidenker.org\/index.php?rest_route=%2Fwp%2Fv2%2Ftags&post=15619"}],"curies":[{"name":"wp","href":"https:\/\/api.w.org\/{rel}","templated":true}]}}