{"id":15615,"date":"2023-03-28T21:11:13","date_gmt":"2023-03-28T19:11:13","guid":{"rendered":"https:\/\/www.freidenker.org\/?p=15615"},"modified":"2023-04-24T00:35:29","modified_gmt":"2023-04-23T22:35:29","slug":"frankreich-was-nun","status":"publish","type":"post","link":"https:\/\/www.freidenker.org\/?p=15615","title":{"rendered":"Frankreich, was nun?"},"content":{"rendered":"<p><strong>Die Proteste in Frankreich ebben nicht ab; seit Wochen sorgt Staatspr\u00e4sident Macron mit dem hartn\u00e4ckigen Festhalten an seinen Renten-&#8222;Reform&#8220;-Pl\u00e4nen f\u00fcr erhitzte politische Stimmung unter den Franzosen. Die Proteste haben nicht nur eine innerfranz\u00f6sische sozialpolitische Dimension, sondern auch eine EU-politische. <\/strong><\/p>\n<p><em>von <strong>Pierre L\u00e9vy<\/strong><\/em><\/p>\n<p><span style=\"font-size: 10pt;\">Erstver\u00f6ffentlichung am 27.03.2023 auf <a href=\"https:\/\/gegenzensur.rtde.life\/europa\/166285-frankreich-was-nun\/\" target=\"_blank\" rel=\"noopener\">RT DE<\/a><\/span><\/p>\n<p>Steht Frankreich am Vorabend eines Aufstandes? Wurde der Staatsbesuch des englischen K\u00f6nigs in Frankreich (und insbesondere in Versailles) verschoben, weil man bef\u00fcrchtete, dass Charles III. ein indirektes Opfer der Volksrache werden k\u00f6nnte, \u00e4hnlich wie sein franz\u00f6sischer Kollege Ludwig XVI. im Jahr 1793? Ernsthaft: Wird der Monarch-Pr\u00e4sident Emmanuel Macron seine Rentenreform aufgeben m\u00fcssen?<\/p>\n<p>Denn die Bewegung gegen diese l\u00e4sst nicht nach. Am neunten Aktionstag, dem 23. M\u00e4rz, wurde ein neuer Rekord an Demonstranten auf den Stra\u00dfen verzeichnet, fast so viele wie am 7. M\u00e4rz. Nach Angaben der Polizei oder der Gewerkschaften beliefen sich die Demonstrationsz\u00fcge in den gro\u00dfen und kleinen St\u00e4dten auf \u00fcber eine bis drei Millionen Menschen.<\/p>\n<p>An mehreren Orten errichteten kleine Gruppen (die maskiert waren, in Wirklichkeit aber im Gegensatz zu den Demonstranten eher aus dem gutb\u00fcrgerlichen Milieu stammten) Barrikaden, versuchten, \u00f6ffentliche Geb\u00e4ude (darunter Rath\u00e4user) in Brand zu setzen, und griffen die Sicherheitskr\u00e4fte an (wobei unter diesen mehr als 400 Personen verletzt wurden). Die Bilder gingen in ganz Europa herum.<\/p>\n<p>Vor allem aber, so die Gewerkschaftsf\u00fchrer, best\u00e4tigen Umfragen, dass der Regierungstext bei einem betr\u00e4chtlichen Teil der Bev\u00f6lkerung auf Ablehnung st\u00f6\u00dft, die auf \u00fcber 70 Prozent gesch\u00e4tzt wird. Und das, obwohl das Gesetz zur Anhebung des Renteneintrittsalters um zwei Jahre am 16. M\u00e4rz formell verabschiedet wurde, indem ein Verfassungsartikel angewandt wurde, der es der Exekutive erm\u00f6glicht, ihr Vorhaben ohne Abstimmung in der Nationalversammlung durchzusetzen, sofern diese im Anschluss daran nicht einen Misstrauensantrag annimmt. Es wurden zwei solcher Antr\u00e4ge eingebracht, einer davon schrammte nur um neun Stimmen an seiner Annahme vorbei &#8230;<\/p>\n<p>Die meisten Beobachter stellten fest, dass dieses knallharte Vorgehen den Volkszorn und die Beteiligung an Demonstrationen verst\u00e4rkte. Am 28. M\u00e4rz findet ein zehnter Aktionstag statt. Viele Kommentatoren \u2013 auch regierungsnahe \u2013 fragen sich, wie lange die sich abzeichnende politische Krise dauern wird: Wird Premierministerin Elisabeth Borne, der die absolute Mehrheit in der Versammlung fehlt, im Amt bleiben k\u00f6nnen? Und wie kann die zweite Amtszeit des Staatspr\u00e4sidenten selbst, die erst in vier Jahren endet, weitergehen?<\/p>\n<p>Es ist immer riskant, die Zukunft einer sozialen Bewegung und ihre F\u00e4higkeit, ihre Forderungen durchzusetzen, mit Sicherheit vorherzusagen. Daher ist Vorsicht geboten. Zwei grundlegende Faktoren deuten jedoch darauf hin, dass der Staatschef auf dem Weg ist, seine Reform erfolgreich durchzusetzen.<\/p>\n<p>Der erste liegt in der Art der Mobilisierung begr\u00fcndet. Nat\u00fcrlich sind die Demonstrationen massiv; nat\u00fcrlich ist die &#8222;\u00f6ffentliche Meinung&#8220; nach wie vor weitgehend gegen den gro\u00dfen sozialen R\u00fcckschritt, der darin besteht, zwei weitere Jahre zu arbeiten; nat\u00fcrlich werden bestimmte Sektoren besonders stark mobilisiert \u2013 das gilt f\u00fcr den Transportsektor, die Raffinerien oder die M\u00fcllabfuhr. Das f\u00fchrt oder kann zu spektakul\u00e4ren Folgen f\u00fchren.<\/p>\n<p>Aber all diese Elemente sind nicht unbedingt ausschlaggebend f\u00fcr das Kr\u00e4fteverh\u00e4ltnis, verglichen mit dem, was entscheidend w\u00e4re, um das umstrittene Projekt zu Fall zu bringen: ein Massenstreik, der sich auf Tausende von Unternehmen, Fabriken und B\u00fcros ausdehnen w\u00fcrde \u2013 was sehr weit davon entfernt ist, der Fall zu sein. Die Referenzen in diesem Bereich bleiben 1936 (le &#8222;Front populaire&#8220;) oder Mai\/Juni 1968.<\/p>\n<p>Als Beispiel wird oft die Bewegung 1995 angef\u00fchrt, als der lange und massive Streik der Eisenbahner und anderer \u00f6ffentlicher Dienste zwar die Abschaffung von Rentensonderregelungen ausgesetzt hatte, aber keineswegs eine radikale Reform der Sozialversicherung verhindern konnte. Aus diesem Jahr stammt auch der Ausdruck &#8222;Stellvertreterstreik&#8220;.<\/p>\n<p>Dieses Ph\u00e4nomen tritt heute wieder auf: Millionen von B\u00fcrgern sympathisieren zwar mit den Streikenden in einigen bestimmten Sektoren, aber sagen ihnen im Wesentlichen: Macht weiter, euer Kampf ist unser Kampf, wir unterst\u00fctzen euch. Auf diese Weise kann das Kr\u00e4fteverh\u00e4ltnis wahrscheinlich nicht kippen. Applaudieren, einem Meinungsforscher antworten, sogar demonstrieren \u2013 das hat noch nie eine Massenmobilisierung in den Betrieben ersetzen k\u00f6nnen.<\/p>\n<p>Der zweite Faktor ist die Blindheit gegen\u00fcber den tats\u00e4chlichen Verantwortlichkeiten f\u00fcr die Reform. Diese sind in Br\u00fcssel zu suchen (was den franz\u00f6sischen Pr\u00e4sidenten keineswegs entlastet, da er Mitverfasser der auf europ\u00e4ischer Ebene beschlossenen Leitlinien ist). Blindheit? Oder, schlimmer noch, die absichtliche Verblendung derjenigen, die um jeden Preis versuchen, die Europ\u00e4ische Union zu schonen, in der (absurden) Hoffnung, dass sie &#8222;sozialer&#8220; wird.<\/p>\n<p>Es gibt zwar keine EU-Richtlinie, die ein einheitliches Rentenalter in allen Mitgliedsl\u00e4ndern vorschreibt. Aber es gibt sehr wohl einen vielschichtigen Druck, dieses \u00fcberall nach oben zu ziehen. Ein Beispiel daf\u00fcr ist Spanien, wo das Renteneintrittsalter trotz ausgleichender &#8222;Gerechtigkeitsma\u00dfnahmen&#8220;, die von der &#8222;linken&#8220; Regierung in ihrer j\u00fcngsten Reform betont wurden, jetzt bei 66 Jahren liegt und auf 67 Jahre steigen wird.<\/p>\n<p>Der EU-Rat hatte Frankreich am 12. Juli 2022 &#8222;empfohlen&#8220;, das Rentensystem zu reformieren. Dann hatte die Europ\u00e4ische Kommission vor der Vorstellung der Reform durch Emmanuel Macron eine gewisse Ungeduld durchblicken lassen: &#8222;Bisher wurden noch keine konkreten Ma\u00dfnahmen angegeben&#8220;.<\/p>\n<p>Dar\u00fcber hinaus strebt der franz\u00f6sische Pr\u00e4sident eine f\u00fchrende Rolle in der Union an, muss daf\u00fcr aber gegen\u00fcber seinen Amtskollegen, insbesondere gegen\u00fcber Berlin, glaubw\u00fcrdig sein. Er m\u00f6chte daher als eifriger Reformer erscheinen.<\/p>\n<p>Und wer noch Zweifel am Tatort und den T\u00e4tern hat, sollte sich an den Europ\u00e4ischen Rat von Barcelona erinnern, der vom 15.\/16. M\u00e4rz 2002 datiert. In den Schlussfolgerungen dieses Gipfels steht in aller Deutlichkeit die Anweisung, &#8222;bis 2010 eine schrittweise Erh\u00f6hung des effektiven Durchschnittsalters, in dem die Erwerbst\u00e4tigkeit in der Europ\u00e4ischen Union endet, um etwa f\u00fcnf Jahre anzustreben&#8220;.<\/p>\n<p>Damals wurde diese Formulierung von Pr\u00e4sident Jacques Chirac (rechts) und Premierminister Lionel Jospin (sozialistisch) abgesegnet. Der (jedoch sehr EU-freundliche) Zentrist Fran\u00e7ois Bayrou (der heute der Mehrheit von Emmanuel Macron angeh\u00f6rt) hatte zu dieser Zeit scharf reagiert:<\/p>\n<blockquote><p><em>&#8222;Jacques Chirac und Lionel Jospin haben eine wichtige Entscheidung \u00fcber die Verl\u00e4ngerung der Beitragsdauer f\u00fcr die Renten in Europa unterzeichnet. Wer hat dar\u00fcber diskutiert? Wer hat auch nur ein Wort dar\u00fcber verloren? Welcher B\u00fcrger, welcher Abgeordnete, welcher Parlamentarier wurde zur Vorbereitung dieser wichtigen Entscheidung eingeladen? Niemand&#8220;.<\/em><\/p><\/blockquote>\n<p>Heute bestimmt die Verpflichtung von Barcelona weiterhin die aktuelle Politik, im Namen der &#8222;rigorosen&#8220; Verwaltung der \u00f6ffentlichen Finanzen &#8230; und zur gr\u00f6\u00dften Zufriedenheit der &#8222;Finanzm\u00e4rkte&#8220;.<\/p>\n<p>Im franz\u00f6sischen Parlament gibt es jedoch keine politische Kraft, die eine Befreiung von der EU in Aussicht stellt: nat\u00fcrlich weder die Abgeordneten der Macronisten, noch die der klassischen Rechten oder der traditionellen Linken \u2013 aber auch nicht die, die h\u00e4ufig als links- oder rechtsextrem eingestuft werden.<\/p>\n<p>Solange diese Verleugnung anh\u00e4lt, wird die soziale Bewegung, so stark sie auch sein mag, unter einem Handicap leiden, das ihre Erfolgschancen stark einschr\u00e4nkt.<\/p>\n<p style=\"text-align: right;\"><em>Pierre L\u00e9vy war Gewerkschaftsfunktion\u00e4r der CGT-Metall und von 1996 bis 2001 Redakteur\u00a0 bei \u201cL\u2019Humanit\u00e9\u201c. Er lancierte 2000 eine\u00a0 \u201eradikal eurokritische, fortschrittliche Monatszeitung\u201c unter dem symbolischen Titel \u201eBastille-R\u00e9publique-Nation\u201c, die ab Fr\u00fchjahr 2015 als\u00a0 \u201eRuptures\u201c (dt. \u201eBr\u00fcche\u201c) fortgesetzt wird, zus\u00e4tzlich mit der\u00a0 Webseite:\u00a0<a class=\"moz-txt-link-freetext\" href=\"https:\/\/ruptures-presse.fr\/\">https:\/\/ruptures-presse.fr\/<\/a>.\u00a0<\/em><\/p>\n<hr \/>\n<p><span style=\"font-size: 10pt;\">Bild oben: Proteste gegen die Rentenreform am 11. M\u00e4rz in Paris. Aufschrift auf dem Transparent: &#8222;Jugendliche gegen die Rentenreform.&#8220;<\/span><br \/>\n<span style=\"font-size: 10pt;\">Foto: Roland Godefroy, <a href=\"https:\/\/creativecommons.org\/licenses\/by-sa\/4.0\" target=\"_blank\" rel=\"noopener\">CC BY-SA 4.0<\/a><\/span><br \/>\n<span style=\"font-size: 10pt;\">Quelle: <a href=\"https:\/\/commons.wikimedia.org\/w\/index.php?curid=129504443\" target=\"_blank\" rel=\"noopener\">https:\/\/commons.wikimedia.org\/w\/index.php?curid=129504443<\/a><\/span><\/p>\n","protected":false},"excerpt":{"rendered":"<p><b>Beitrag von Pierre L\u00e9vy<\/b><br \/>\nSteht Frankreich am Vorabend eines Aufstandes? Wurde der Staatsbesuch des englischen K\u00f6nigs in Frankreich (und insbesondere in Versailles) verschoben, weil man bef\u00fcrchtete, dass Charles III. ein indirektes Opfer der Volksrache werden k\u00f6nnte, \u00e4hnlich wie sein franz\u00f6sischer Kollege Ludwig XVI. im Jahr 1793? Ernsthaft: Wird der Monarch-Pr\u00e4sident Emmanuel Macron seine Rentenreform aufgeben m\u00fcssen? Denn die Bewegung gegen diese l\u00e4sst nicht nach. Am neunten Aktionstag, dem 23. M\u00e4rz, wurde ein neuer Rekord an Demonstranten auf den Stra\u00dfen verzeichnet, fast so viele wie am 7. M\u00e4rz. Nach Angaben der Polizei oder der Gewerkschaften beliefen sich die Demonstrationsz\u00fcge in den gro\u00dfen und kleinen St\u00e4dten auf \u00fcber eine bis drei Millionen Menschen.<\/p>\n","protected":false},"author":3,"featured_media":15617,"comment_status":"closed","ping_status":"closed","sticky":false,"template":"","format":"standard","meta":{"colormag_page_container_layout":"default_layout","colormag_page_sidebar_layout":"default_layout","advanced_seo_description":"","jetpack_seo_html_title":"","jetpack_seo_noindex":false,"jetpack_post_was_ever_published":false,"footnotes":""},"categories":[11],"tags":[411,182,1027,358,1150,1007,812,1714,1505],"class_list":["post-15615","post","type-post","status-publish","format-standard","has-post-thumbnail","hentry","category-arbeit-soziales","tag-demonstration","tag-eu","tag-frankreich","tag-gewerkschaft","tag-parlament","tag-politischer-streik","tag-protest","tag-rentenreform","tag-sozialabbau"],"jetpack_featured_media_url":"https:\/\/i0.wp.com\/www.freidenker.org\/fw17\/wp-content\/uploads\/2023\/03\/Paris-2023-03-11-manifretraites24_800x450.jpg?fit=800%2C450&ssl=1","jetpack_shortlink":"https:\/\/wp.me\/p9stpK-43R","jetpack-related-posts":[{"id":15174,"url":"https:\/\/www.freidenker.org\/?p=15174","url_meta":{"origin":15615,"position":0},"title":"Rentenreform in Kriegszeiten \u2013 Frankreich erlebt die gr\u00f6\u00dfte Protestbewegung seit Jahrzehnten","author":"Webredaktion","date":"6. Februar 2023","format":false,"excerpt":"Eine Analyse von Pierre L\u00e9vy Bereits am 19. Januar hatte es bez\u00fcglich der Zahl der Demonstranten im ganzen Land und der Streiks in vielen Bereichen eine beachtliche Mobilisierung gegen die Rentenreform, die die Regierung von Emmanuel Macron durchzusetzen versucht, gegeben. Die Mobilisierung jedoch, die am 31. Januar zustande kam, ging\u2026","rel":"","context":"In &quot;Arbeit &amp; Soziales&quot;","block_context":{"text":"Arbeit &amp; Soziales","link":"https:\/\/www.freidenker.org\/?cat=11"},"img":{"alt_text":"","src":"https:\/\/i0.wp.com\/www.freidenker.org\/fw17\/wp-content\/uploads\/2023\/02\/visuel_manif_19janv_800x450.jpg?fit=800%2C450&ssl=1&resize=350%2C200","width":350,"height":200,"srcset":"https:\/\/i0.wp.com\/www.freidenker.org\/fw17\/wp-content\/uploads\/2023\/02\/visuel_manif_19janv_800x450.jpg?fit=800%2C450&ssl=1&resize=350%2C200 1x, https:\/\/i0.wp.com\/www.freidenker.org\/fw17\/wp-content\/uploads\/2023\/02\/visuel_manif_19janv_800x450.jpg?fit=800%2C450&ssl=1&resize=525%2C300 1.5x, https:\/\/i0.wp.com\/www.freidenker.org\/fw17\/wp-content\/uploads\/2023\/02\/visuel_manif_19janv_800x450.jpg?fit=800%2C450&ssl=1&resize=700%2C400 2x"},"classes":[]},{"id":16407,"url":"https:\/\/www.freidenker.org\/?p=16407","url_meta":{"origin":15615,"position":1},"title":"Die G\u00e4rten des Josep Borrell","author":"Webredaktion","date":"5. Juli 2023","format":false,"excerpt":"Beitrag von Gert Ewen Ungar Mit einem rassistischen, chauvinistischen\u00a0Statement\u00a0sorgte der Au\u00dfenbeauftragte der EU, Josep Borrell, im Oktober des vergangenen Jahres f\u00fcr Aufsehen. Die EU sei der Garten, der Rest der Welt ein Dschungel, lie\u00df der Chefdiplomat seine Zuh\u00f6rer wissen.\u00a0 Inzwischen sieht es in der EU deutlich mehr nach Dschungel aus\u2026","rel":"","context":"In &quot;Demokratie \u2013 Medien \u2013 Aufkl\u00e4rung&quot;","block_context":{"text":"Demokratie \u2013 Medien \u2013 Aufkl\u00e4rung","link":"https:\/\/www.freidenker.org\/?cat=12"},"img":{"alt_text":"","src":"https:\/\/i0.wp.com\/www.freidenker.org\/fw17\/wp-content\/uploads\/2023\/07\/Josep_Borrell_52359673274_800x450.jpg?fit=800%2C450&ssl=1&resize=350%2C200","width":350,"height":200,"srcset":"https:\/\/i0.wp.com\/www.freidenker.org\/fw17\/wp-content\/uploads\/2023\/07\/Josep_Borrell_52359673274_800x450.jpg?fit=800%2C450&ssl=1&resize=350%2C200 1x, https:\/\/i0.wp.com\/www.freidenker.org\/fw17\/wp-content\/uploads\/2023\/07\/Josep_Borrell_52359673274_800x450.jpg?fit=800%2C450&ssl=1&resize=525%2C300 1.5x, https:\/\/i0.wp.com\/www.freidenker.org\/fw17\/wp-content\/uploads\/2023\/07\/Josep_Borrell_52359673274_800x450.jpg?fit=800%2C450&ssl=1&resize=700%2C400 2x"},"classes":[]},{"id":23224,"url":"https:\/\/www.freidenker.org\/?p=23224","url_meta":{"origin":15615,"position":2},"title":"Macron auf Kurs Richtung Abgrund","author":"Webredaktion","date":"17. Oktober 2025","format":false,"excerpt":"Versuch, die Vorg\u00e4nge im Nachbarland zu verstehen Ein Kommentar von Tilo Gr\u00e4ser Die spinnen, die Franzosen \u2013 das lie\u00dfe sich angesichts der Vorg\u00e4nge im Nachbarland sagen. Wobei das nicht f\u00fcr alle Franzosen gilt, sondern insbesondere f\u00fcr die politischen F\u00fchrungskr\u00e4fte wie Pr\u00e4sident Emmanuel Macron. Der hat den zuvor gescheiterten Premierminister S\u00e9bastien\u2026","rel":"","context":"In &quot;Demokratie \u2013 Medien \u2013 Aufkl\u00e4rung&quot;","block_context":{"text":"Demokratie \u2013 Medien \u2013 Aufkl\u00e4rung","link":"https:\/\/www.freidenker.org\/?cat=12"},"img":{"alt_text":"","src":"https:\/\/i0.wp.com\/www.freidenker.org\/fw17\/wp-content\/uploads\/2025\/10\/Macron_on_Anniversary_of_D-Day_in_Normandy_800x450.jpg?fit=800%2C450&ssl=1&resize=350%2C200","width":350,"height":200,"srcset":"https:\/\/i0.wp.com\/www.freidenker.org\/fw17\/wp-content\/uploads\/2025\/10\/Macron_on_Anniversary_of_D-Day_in_Normandy_800x450.jpg?fit=800%2C450&ssl=1&resize=350%2C200 1x, https:\/\/i0.wp.com\/www.freidenker.org\/fw17\/wp-content\/uploads\/2025\/10\/Macron_on_Anniversary_of_D-Day_in_Normandy_800x450.jpg?fit=800%2C450&ssl=1&resize=525%2C300 1.5x, https:\/\/i0.wp.com\/www.freidenker.org\/fw17\/wp-content\/uploads\/2025\/10\/Macron_on_Anniversary_of_D-Day_in_Normandy_800x450.jpg?fit=800%2C450&ssl=1&resize=700%2C400 2x"},"classes":[]},{"id":18646,"url":"https:\/\/www.freidenker.org\/?p=18646","url_meta":{"origin":15615,"position":3},"title":"Warum Macron so auf Odessa fixiert ist","author":"Webredaktion","date":"31. M\u00e4rz 2024","format":false,"excerpt":"Von Dagmar Henn Bei den schwankenden \u00c4u\u00dferungen des franz\u00f6sischen Pr\u00e4sidenten Emmanuel Macron sticht ein Detail\u00a0ins Auge \u2013 immer wieder taucht Odessa auf. Nicht Kiew, nicht Charkow, nein, es scheint eine Befreiung Odessas zu sein, die um jeden Preis verhindert werden m\u00fcsse. \u00dcbrigens schreibe ich in diesem Fall ganz absichtlich explizit\u2026","rel":"","context":"In &quot;Demokratie \u2013 Medien \u2013 Aufkl\u00e4rung&quot;","block_context":{"text":"Demokratie \u2013 Medien \u2013 Aufkl\u00e4rung","link":"https:\/\/www.freidenker.org\/?cat=12"},"img":{"alt_text":"","src":"https:\/\/i0.wp.com\/www.freidenker.org\/fw17\/wp-content\/uploads\/2024\/03\/Emmanuel_Macron_-_51830991330_800x450.jpg?fit=800%2C450&ssl=1&resize=350%2C200","width":350,"height":200,"srcset":"https:\/\/i0.wp.com\/www.freidenker.org\/fw17\/wp-content\/uploads\/2024\/03\/Emmanuel_Macron_-_51830991330_800x450.jpg?fit=800%2C450&ssl=1&resize=350%2C200 1x, https:\/\/i0.wp.com\/www.freidenker.org\/fw17\/wp-content\/uploads\/2024\/03\/Emmanuel_Macron_-_51830991330_800x450.jpg?fit=800%2C450&ssl=1&resize=525%2C300 1.5x, https:\/\/i0.wp.com\/www.freidenker.org\/fw17\/wp-content\/uploads\/2024\/03\/Emmanuel_Macron_-_51830991330_800x450.jpg?fit=800%2C450&ssl=1&resize=700%2C400 2x"},"classes":[]},{"id":6534,"url":"https:\/\/www.freidenker.org\/?p=6534","url_meta":{"origin":15615,"position":4},"title":"\u201eFrexit\u201c \u2013 Eine Strategie der progressiven Kr\u00e4fte?","author":"Webredaktion","date":"21. Juni 2019","format":false,"excerpt":"Beitrag von Klaus von Raussendorff \u201eFrexit \u2013 Alle Macht dem Volke\u201c. So lautet nun in Frankreich nach dem Euro-Wahlzirkus umso mehr die Parole einer marxistisch-leninistischen Partei, n\u00e4mlich des \u201eP\u00f4le de Renaissance Communiste en France\u201c (\u201ePRCF\u201c), deutsch etwa \u201ePol der kommunistischen Wiedergeburt in Frankreich\u201c... Der PRCF schl\u00e4gt in einem \u201eOffenen Brief\u2026","rel":"","context":"In &quot;Demokratie \u2013 Medien \u2013 Aufkl\u00e4rung&quot;","block_context":{"text":"Demokratie \u2013 Medien \u2013 Aufkl\u00e4rung","link":"https:\/\/www.freidenker.org\/?cat=12"},"img":{"alt_text":"","src":"https:\/\/i0.wp.com\/www.freidenker.org\/fw17\/wp-content\/uploads\/2019\/06\/EU_Soviet_800x445.jpg?fit=800%2C445&ssl=1&resize=350%2C200","width":350,"height":200,"srcset":"https:\/\/i0.wp.com\/www.freidenker.org\/fw17\/wp-content\/uploads\/2019\/06\/EU_Soviet_800x445.jpg?fit=800%2C445&ssl=1&resize=350%2C200 1x, https:\/\/i0.wp.com\/www.freidenker.org\/fw17\/wp-content\/uploads\/2019\/06\/EU_Soviet_800x445.jpg?fit=800%2C445&ssl=1&resize=525%2C300 1.5x, https:\/\/i0.wp.com\/www.freidenker.org\/fw17\/wp-content\/uploads\/2019\/06\/EU_Soviet_800x445.jpg?fit=800%2C445&ssl=1&resize=700%2C400 2x"},"classes":[]},{"id":7568,"url":"https:\/\/www.freidenker.org\/?p=7568","url_meta":{"origin":15615,"position":5},"title":"Heuchelei ist deutsche Staatsr\u00e4son","author":"Webredaktion","date":"17. Februar 2020","format":false,"excerpt":"Beitrag von Friedhelm Klinkhammer und Volker Br\u00e4utigam Prinzipienlos und ethikfrei: Die Tagesschau publiziert die Scheinman\u00f6ver der Regierungspolitik ohne jede Kritik Kennen Sie den? \u201eVon deutschem Boden darf nie wieder Krieg ausgehen.\u201c Ach ja? Zog nicht eben erst eine US-gef\u00fchrte Armee mit 40 000 Soldaten von Deutschland aus gen Osten, trainieren\u2026","rel":"","context":"In &quot;Demokratie \u2013 Medien \u2013 Aufkl\u00e4rung&quot;","block_context":{"text":"Demokratie \u2013 Medien \u2013 Aufkl\u00e4rung","link":"https:\/\/www.freidenker.org\/?cat=12"},"img":{"alt_text":"","src":"https:\/\/i0.wp.com\/www.freidenker.org\/fw17\/wp-content\/uploads\/2020\/02\/Tagesschau-Studio_800x445.jpg?fit=800%2C445&ssl=1&resize=350%2C200","width":350,"height":200,"srcset":"https:\/\/i0.wp.com\/www.freidenker.org\/fw17\/wp-content\/uploads\/2020\/02\/Tagesschau-Studio_800x445.jpg?fit=800%2C445&ssl=1&resize=350%2C200 1x, https:\/\/i0.wp.com\/www.freidenker.org\/fw17\/wp-content\/uploads\/2020\/02\/Tagesschau-Studio_800x445.jpg?fit=800%2C445&ssl=1&resize=525%2C300 1.5x, https:\/\/i0.wp.com\/www.freidenker.org\/fw17\/wp-content\/uploads\/2020\/02\/Tagesschau-Studio_800x445.jpg?fit=800%2C445&ssl=1&resize=700%2C400 2x"},"classes":[]}],"_links":{"self":[{"href":"https:\/\/www.freidenker.org\/index.php?rest_route=\/wp\/v2\/posts\/15615","targetHints":{"allow":["GET"]}}],"collection":[{"href":"https:\/\/www.freidenker.org\/index.php?rest_route=\/wp\/v2\/posts"}],"about":[{"href":"https:\/\/www.freidenker.org\/index.php?rest_route=\/wp\/v2\/types\/post"}],"author":[{"embeddable":true,"href":"https:\/\/www.freidenker.org\/index.php?rest_route=\/wp\/v2\/users\/3"}],"replies":[{"embeddable":true,"href":"https:\/\/www.freidenker.org\/index.php?rest_route=%2Fwp%2Fv2%2Fcomments&post=15615"}],"version-history":[{"count":0,"href":"https:\/\/www.freidenker.org\/index.php?rest_route=\/wp\/v2\/posts\/15615\/revisions"}],"wp:featuredmedia":[{"embeddable":true,"href":"https:\/\/www.freidenker.org\/index.php?rest_route=\/wp\/v2\/media\/15617"}],"wp:attachment":[{"href":"https:\/\/www.freidenker.org\/index.php?rest_route=%2Fwp%2Fv2%2Fmedia&parent=15615"}],"wp:term":[{"taxonomy":"category","embeddable":true,"href":"https:\/\/www.freidenker.org\/index.php?rest_route=%2Fwp%2Fv2%2Fcategories&post=15615"},{"taxonomy":"post_tag","embeddable":true,"href":"https:\/\/www.freidenker.org\/index.php?rest_route=%2Fwp%2Fv2%2Ftags&post=15615"}],"curies":[{"name":"wp","href":"https:\/\/api.w.org\/{rel}","templated":true}]}}