{"id":15594,"date":"2023-03-25T13:40:58","date_gmt":"2023-03-25T12:40:58","guid":{"rendered":"https:\/\/www.freidenker.org\/?p=15594"},"modified":"2023-04-06T14:57:36","modified_gmt":"2023-04-06T12:57:36","slug":"strandmuell-im-friedensjournal","status":"publish","type":"post","link":"https:\/\/www.freidenker.org\/?p=15594","title":{"rendered":"Strandm\u00fcll im FriedensJournal"},"content":{"rendered":"<h5>Gerhard Hanloser im Organ des Friedensratschlags, Ausgabe 2\/2023<\/h5>\n<p><em>Von <strong>Anneliese Fikentscher<\/strong> und <strong>Andreas Neumann<\/strong><\/em><\/p>\n<p><span style=\"font-size: 10pt;\">Erstver\u00f6ffentlichung am 17.03.2023 in der <a href=\"http:\/\/www.nrhz.de\/flyer\/beitrag.php?id=28539\" target=\"_blank\" rel=\"noopener\">NRhZ <span class=\"text_small_linespace\">\u00a0<\/span><\/a><\/span><\/p>\n<p>Was w\u00e4re, wenn das FriedensJournal, Organ des &#8222;Bundesausschusses Friedensratschlag&#8220;, als &#8222;h\u00e4sslicher Strandm\u00fcll&#8220; bezeichnet w\u00fcrde? W\u00e4re das eine angemessene Form der Kritik? Wohl kaum! Aber es ist Gerhard Hanloser, der in einem FriedensJournal-Artikel mit dem Titel &#8222;Neue Friedensbewegte auf der Stra\u00dfe \u2013 Eine Reportage&#8220; \u00fcber eine von der Demokratie-Bewegung organisierte Friedensdemonstration, davon schreibt, dass \u2013 nachdem sich die Linke mit den Gr\u00fcnen, der SPD und dem DGB aus dem Protest gegen den Krieg verabschiedet haben \u2013 &#8222;man sich kaum wundern&#8220; m\u00fcsse, &#8222;dass die &#8218;Spinner&#8216; zur\u00fcckbleiben und wie h\u00e4sslicher Strandm\u00fcll nach der Bewegungsflut in der Ebbe sichtbar werden&#8220;. (1) Was ist das f\u00fcr ein Stil in einer Publikation aus der Friedensbewegung, Friedensbewegte aus der Demokratie-Bewegung mit dem Etikett &#8222;Spinner&#8220; und &#8222;h\u00e4sslicher Strandm\u00fcll&#8220; zu versehen \u2013 und das in einem Moment, wo sich die St\u00e4rke der neuen Bewegung zeigt? Ein besonderes Augenmerk richtet Hanloser in seiner Reportage auf die Basisdemokratische Partei Deutschland (dieBASIS).<\/p>\n<p>Der Artikel von Gerhard Hanloser tr\u00e4gt den neutral klingenden Titel &#8222;Neue Friedensbewegte auf der Stra\u00dfe \u2013 Eine Reportage&#8220;, und er beginnt in einer Weise, dass die Leserinnen und Leser davon ausgehen k\u00f6nnen, es handele sich um eine objektive, wenn nicht gar wohlwollende Charakterisierung der neuen Protestbewegung. Doch es dauert nicht lange, und es tauchen \u2013 beil\u00e4ufig eingestreut \u2013 diskreditierende Begriffe auf. Einem Aufkleber, auf dem die Friedenstauben &#8222;eine etwas dynamischere Variation der alten klassischen Friedenstaube der 1980erJahre&#8220; seien, dichtet Hanloser eine &#8222;militante Diktion&#8220; an. Und Hanloser l\u00e4sst seine Leserschaft wissen, dass Demo-Teilnehmer &#8222;zusammengetrommelt&#8220; worden seien. Wen meint er damit? Hat der DGB am 1. Mai seine Mitglieder &#8222;zusammengetrommelt&#8220;? Nein! Der Begriff f\u00e4llt in Zusammenhang mit der Grundrechte- und Demokratie-Bewegung. Es hei\u00dft: &#8222;vor allem: als Aufrufer fungiert eine Organisation namens FreiSein Freiburg. Vor zwei Jahren schaffte es diese Gruppe bis zu 7.500 Teilnehmer auf Demos gegen die Corona-Ma\u00dfnahmen zusammenzutrommeln.&#8220;<\/p>\n<p>Bald kommt Gerhard Hanloser auf ein Mitglied der Basisdemokratischen Partei Deutschland (dieBASIS) zu sprechen. Er charakterisiert ihn wie folgt: &#8222;Eine Diskussion mit dem Mann ist schwer, er unterbricht st\u00e4ndig, hat eine durchgehend arrogant-belehrende Haltung, ist im Grunde desinteressiert am Gegen\u00fcber und unterstellt Dinge, die gar nicht im Gespr\u00e4ch gesagt wurden.&#8220; Und dann geht seine diskreditierende Litanei weiter mit: &#8222;Er kommt mir vor wie der Prototyp des von Carolin Amlinger und Oliver Nachtwey diagnostizierten autorit\u00e4ren Libert\u00e4ren, hart am Rande des Typus des &#8218;Spinners&#8216;, wie die beiden unter R\u00fcckgriff auf Adornos Pers\u00f6nlichkeitsanalysen des autorit\u00e4ren Charakters eine Unterform der aktuellen autorit\u00e4ren Rebellen, die voller projektiver und ressentimentgeladener Wut sind, nennen.&#8220; Oliver Nachtwey ist ein herrschaftskonformer Soziologe, der kritische Stimmen mit der Vokabel &#8222;Verschw\u00f6rungstheoretiker&#8220; ins Abseits zu stellen versucht. Wenn Gerhard Hanloser auf ihn positiv Bezug nimmt, l\u00e4sst er damit erkennen, auf welcher Seite er steht.<\/p>\n<p>Immer wieder ist Hanlosers Artikel mit merkw\u00fcrdigen Begriffen gespickt, die unterschwellig \u2013 wenn nicht gar offen \u2013 die Friedensaktivisten diskreditieren sollen. In der Aussage &#8222;Wir sind eine Menschheitsfamilie&#8220; auf dem zentralen Fronttransparent erkennt er &#8222;hippieske T\u00f6ne&#8220;. Zwei Frauen, die Plakate mit den Aufschriften &#8222;Hinterfrage alles&#8220; bzw. &#8222;Raus aus der NATO. Frieden mit Russland&#8220; mit sich f\u00fchren, tragen mit seinen Worten &#8222;quietschbunte M\u00e4ntel&#8220;. Ein Demonstrant, den er anspricht, antwortet \u2013 so seine Formulierung \u2013 &#8222;sehr glatt&#8220;. Ein Demonstrant sei mit einer Russlandfahne &#8222;anger\u00fcckt&#8220;. Man &#8222;k\u00f6nnte es sich einfach machen&#8220; \u2013 so formuliert er mit scheinbarer Distanz \u2013 und die Demonstration als &#8222;Querfrontveranstaltung der rechtsoffenen &#8218;Schwurbler&#8216; etikettieren&#8220;.<\/p>\n<p>Gerhard Hanlosers vernichtendes Fazit lautet: &#8222;Tats\u00e4chlich ist ja auch hier und an diesem Tag die Friedensforderung von Rechten, Verwirrten und Obskurantisten gehijackt worden. Verzweifelte und Suchende gesellten sich dazu. Doch dies ist nur ein Teil des viel gr\u00f6\u00dferen Dramas, das zu analysieren und abzuwenden der Mehrheit einer selbstzufriedenen und angepassten Milieu-Linken offensichtlich nicht gelingt.&#8220; Wenn Gerhard Hanloser in aller Offenheit \u2013 den Herrschaftsmedien entsprechend \u2013 Begriffe wie &#8222;rechts&#8220; oder &#8222;verwirrt&#8220; verwendet, bedarf es keiner aufwendigen Enttarnung mehr. F\u00fcr ihn ist es also \u2013 wie f\u00fcr die Kriegstreiber \u2013 ein Drama, wenn es den herrschenden Kreisen und ihren schein-linken Kr\u00e4ften nicht gelingt, der sich aus der Grundrechte- und Demokratie-Bewegung entwickelnde Friedensbewegung Herr zu werden.<\/p>\n<p>Abschlie\u00dfend weist das FriedensJournal darauf hin, dass der Beitrag zuerst am 11.2.2023 bei Telepolis erschienen ist und er in Absprache mit dem Autor gek\u00fcrzt wurde (2). Herausgek\u00fcrzt ist z.B. Hanlosers verunglimpfende Bemerkung, dass die Aussage, Deutschland sei ein Vasall der USA, &#8222;rechts-souver\u00e4nistisch&#8220; sei. Telepolis ist eine Online-Publikation, der ein herrschaftskritisches Image anhaftet, diesem aber oft nicht gerecht wird. Es stellt sich also die Frage, was die FriedensJournal-Redaktion veranlasst hat, diesen Beitrag ohne Not zu \u00fcbernehmen. Und es stellt sich die Frage, wie es sein kann, dass dieser Beitrag in einem Organ der Friedensbewegung erschienen ist, das von jemandem verantwortet wird, der erkl\u00e4rt hat, die traditionelle und neue (aus der Grundrechte- und Demokratie-Bewegung hervorgegangene) Friedensbewegung zusammen f\u00fchren zu wollen.<\/p>\n<p style=\"text-align: right;\"><em>Anneliese Fikentscher und Andreas Neumann sind Herausgeber der\u00a0<a href=\"http:\/\/www.nrhz.de\/flyer\/\" target=\"_blank\" rel=\"noopener noreferrer\">Neuen Rheinischen Zeitung<\/a>,<br \/>\nVorstandsmitglieder des\u00a0<a href=\"http:\/\/www.arbeiterfotografie.com\/verband\/index.html\" target=\"_blank\" rel=\"noopener noreferrer\">Bundesverbandes Arbeiterfotografie<\/a><br \/>\nund Mitglieder des Deutschen Freidenker-Verbandes<\/em><\/p>\n<p><strong>Fu\u00dfnoten:<\/strong><\/p>\n<p>(1) Artikel von Gerhard Hanloser im FriedensJournal, Ausgabe 2\/2023 (M\u00e4rz\/April 2023)<br \/>\nNeue Friedensbewegte auf der Stra\u00dfe \u2013 Eine Reportage<br \/>\n<a href=\"https:\/\/www.frieden-und-zukunft.de\/pdf\/fj\/FJ_2023-2_Web.pdf\" target=\"_blank\" rel=\"noopener\">https:\/\/www.frieden-und-zukunft.de\/pdf\/fj\/FJ_2023-2_Web.pdf<\/a><\/p>\n<p>(2) Artikel von Gerhard Hanloser bei Telepolis, 11. Februar 2023<br \/>\nKrieg und Frieden: In einer kleinen Stadt<br \/>\n<a href=\"https:\/\/www.telepolis.de\/features\/Krieg-und-Frieden-In-einer-kleinen-Stadt-7491994.html\" target=\"_blank\" rel=\"noopener\">https:\/\/www.telepolis.de\/features\/Krieg-und-Frieden-In-einer-kleinen-Stadt-7491994.html<\/a><\/p>\n<hr \/>\n<p><span style=\"font-size: 10pt;\">Bild oben: Collage, unter Verwendung von Screenshots aus dem <a href=\"https:\/\/www.frieden-und-zukunft.de\/pdf\/fj\/FJ_2023-2_Web.pdf\" target=\"_blank\" rel=\"noopener\">FriedensJournal, Ausgabe 2\/2023<\/a><\/span><\/p>\n<p>&nbsp;<\/p>\n","protected":false},"excerpt":{"rendered":"<p><b>Beitrag von Anneliese Fikentscher und Andreas Neumann<\/b><br \/>\nWas w\u00e4re, wenn das FriedensJournal, Organ des &#8222;Bundesausschusses Friedensratschlag&#8220;, als &#8222;h\u00e4sslicher Strandm\u00fcll&#8220; bezeichnet w\u00fcrde? W\u00e4re das eine angemessene Form der Kritik? Wohl kaum! Aber es ist Gerhard Hanloser, der in einem FriedensJournal-Artikel mit dem Titel &#8222;Neue Friedensbewegte auf der Stra\u00dfe \u2013 Eine Reportage&#8220; \u00fcber eine von der Demokratie-Bewegung organisierte Friedensdemonstration, davon schreibt, dass \u2013 nachdem sich die Linke mit den Gr\u00fcnen, der SPD und dem DGB aus dem Protest gegen den Krieg verabschiedet haben \u2013 &#8222;man sich kaum wundern&#8220; m\u00fcsse, &#8222;dass die &#8218;Spinner&#8216; zur\u00fcckbleiben und wie h\u00e4sslicher Strandm\u00fcll nach der Bewegungsflut in der Ebbe sichtbar werden&#8220;.<\/p>\n","protected":false},"author":3,"featured_media":15600,"comment_status":"closed","ping_status":"closed","sticky":false,"template":"","format":"standard","meta":{"colormag_page_container_layout":"default_layout","colormag_page_sidebar_layout":"default_layout","advanced_seo_description":"","jetpack_seo_html_title":"","jetpack_seo_noindex":false,"jetpack_post_was_ever_published":false,"footnotes":""},"categories":[13],"tags":[162,1273,1752,43,1282,1491,1030],"class_list":["post-15594","post","type-post","status-publish","format-standard","has-post-thumbnail","hentry","category-frieden-antifaschismus-solidaritaet","tag-demokratie","tag-demokratische-grundrechte","tag-diebasis","tag-friedensbewegung","tag-gruene","tag-kriegstreiberei","tag-linke"],"jetpack_featured_media_url":"https:\/\/i0.wp.com\/www.freidenker.org\/fw17\/wp-content\/uploads\/2023\/03\/Hanloser_Friedensbewegte_3_800x450.jpg?fit=800%2C450&ssl=1","jetpack_shortlink":"https:\/\/wp.me\/p9stpK-43w","jetpack-related-posts":[{"id":5183,"url":"https:\/\/www.freidenker.org\/?p=5183","url_meta":{"origin":15594,"position":0},"title":"Gaza-Berichterstattung: H\u00f6hepunkt des politischen Zynismus","author":"Webredaktion","date":"20. Mai 2018","format":false,"excerpt":"Beitrag von Rainer Rupp Wenn vor dem Hintergrund der allein am letzten Montag mit gezielten Sch\u00fcssen get\u00f6teten 52 pal\u00e4stinensischen Jugendlichen und der \u00fcber 1.200 zum Teil schwerverletzten Menschen verharmlosend von \"gewaltt\u00e4tigen Auseinandersetzungen\" gesprochen wird, als h\u00e4tte es sich um eine 1.-Mai-Demo in Berlin gehandelt, dann ist das eine ungeheuerliche Beleidigung\u2026","rel":"","context":"In &quot;Frieden - Antifaschismus - Solidarit\u00e4t&quot;","block_context":{"text":"Frieden - Antifaschismus - Solidarit\u00e4t","link":"https:\/\/www.freidenker.org\/?cat=13"},"img":{"alt_text":"","src":"https:\/\/i0.wp.com\/www.freidenker.org\/fw17\/wp-content\/uploads\/2018\/06\/Destruction_of_Gaza_800x445.jpg?fit=800%2C445&ssl=1&resize=350%2C200","width":350,"height":200,"srcset":"https:\/\/i0.wp.com\/www.freidenker.org\/fw17\/wp-content\/uploads\/2018\/06\/Destruction_of_Gaza_800x445.jpg?fit=800%2C445&ssl=1&resize=350%2C200 1x, https:\/\/i0.wp.com\/www.freidenker.org\/fw17\/wp-content\/uploads\/2018\/06\/Destruction_of_Gaza_800x445.jpg?fit=800%2C445&ssl=1&resize=525%2C300 1.5x, https:\/\/i0.wp.com\/www.freidenker.org\/fw17\/wp-content\/uploads\/2018\/06\/Destruction_of_Gaza_800x445.jpg?fit=800%2C445&ssl=1&resize=700%2C400 2x"},"classes":[]},{"id":20794,"url":"https:\/\/www.freidenker.org\/?p=20794","url_meta":{"origin":15594,"position":1},"title":"Jan van Aken: Kriegstreiber von links","author":"Webredaktion","date":"20. Januar 2025","format":false,"excerpt":"Beitrag von Andreas Wehr Die Frankfurter Allgemeine Zeitung (FAZ) f\u00fchrte kurz vor Ende des Jahres ein Interview mit Jan van Aken, Parteivorsitzender und Spitzenkandidat der Linken, in dem es vor allem um seine Haltung zum Krieg um die Ukraine ging. Van Aken forderte darin eine diplomatische L\u00f6sung des Konflikts. Hoffnungen\u2026","rel":"","context":"In &quot;Demokratie \u2013 Medien \u2013 Aufkl\u00e4rung&quot;","block_context":{"text":"Demokratie \u2013 Medien \u2013 Aufkl\u00e4rung","link":"https:\/\/www.freidenker.org\/?cat=12"},"img":{"alt_text":"","src":"https:\/\/i0.wp.com\/www.freidenker.org\/fw17\/wp-content\/uploads\/2025\/01\/2025-01-18_Ausserordentlicher_Bundesparteitag_Die_Linke_2025_in_Berlin_by_Sandro_Halank%E2%80%93099_800x450.jpg?fit=800%2C450&ssl=1&resize=350%2C200","width":350,"height":200,"srcset":"https:\/\/i0.wp.com\/www.freidenker.org\/fw17\/wp-content\/uploads\/2025\/01\/2025-01-18_Ausserordentlicher_Bundesparteitag_Die_Linke_2025_in_Berlin_by_Sandro_Halank%E2%80%93099_800x450.jpg?fit=800%2C450&ssl=1&resize=350%2C200 1x, https:\/\/i0.wp.com\/www.freidenker.org\/fw17\/wp-content\/uploads\/2025\/01\/2025-01-18_Ausserordentlicher_Bundesparteitag_Die_Linke_2025_in_Berlin_by_Sandro_Halank%E2%80%93099_800x450.jpg?fit=800%2C450&ssl=1&resize=525%2C300 1.5x, https:\/\/i0.wp.com\/www.freidenker.org\/fw17\/wp-content\/uploads\/2025\/01\/2025-01-18_Ausserordentlicher_Bundesparteitag_Die_Linke_2025_in_Berlin_by_Sandro_Halank%E2%80%93099_800x450.jpg?fit=800%2C450&ssl=1&resize=700%2C400 2x"},"classes":[]},{"id":6410,"url":"https:\/\/www.freidenker.org\/?p=6410","url_meta":{"origin":15594,"position":2},"title":"\u201eWas immer Du w\u00e4hlst, w\u00e4hle Europa\u201c","author":"Webredaktion","date":"16. Mai 2019","format":false,"excerpt":"Beitrag von Andreas Wehr Im Wahlkampf zum Europ\u00e4ischen Parlament am 26. Mai 2019 kommt die Partei DIE LINKE kaum vor. Ihre Spitzenkandidaten sind weitgehend unbekannt. Ihre Wahlkampfslogans und Plakate unterscheiden sich kaum von denen der anderen Parteien. Mit Sahra Wagenknecht fehlt auf den Kundgebungen ihre wichtigste Politikerin. So bleibt es\u2026","rel":"","context":"In &quot;Demokratie \u2013 Medien \u2013 Aufkl\u00e4rung&quot;","block_context":{"text":"Demokratie \u2013 Medien \u2013 Aufkl\u00e4rung","link":"https:\/\/www.freidenker.org\/?cat=12"},"img":{"alt_text":"","src":"https:\/\/i0.wp.com\/www.freidenker.org\/fw17\/wp-content\/uploads\/2019\/05\/Linke_Wahlprogramm_Header_800x445.jpg?fit=800%2C445&ssl=1&resize=350%2C200","width":350,"height":200,"srcset":"https:\/\/i0.wp.com\/www.freidenker.org\/fw17\/wp-content\/uploads\/2019\/05\/Linke_Wahlprogramm_Header_800x445.jpg?fit=800%2C445&ssl=1&resize=350%2C200 1x, https:\/\/i0.wp.com\/www.freidenker.org\/fw17\/wp-content\/uploads\/2019\/05\/Linke_Wahlprogramm_Header_800x445.jpg?fit=800%2C445&ssl=1&resize=525%2C300 1.5x, https:\/\/i0.wp.com\/www.freidenker.org\/fw17\/wp-content\/uploads\/2019\/05\/Linke_Wahlprogramm_Header_800x445.jpg?fit=800%2C445&ssl=1&resize=700%2C400 2x"},"classes":[]},{"id":7307,"url":"https:\/\/www.freidenker.org\/?p=7307","url_meta":{"origin":15594,"position":3},"title":"Doppelb\u00f6diges Spiel von Antideutschen?","author":"Webredaktion","date":"17. Dezember 2019","format":false,"excerpt":"Beitrag von Anneliese Fikentscher und Andreas Neumann Es ist bemerkenswert, dass Autoren, die im \"antideutschen\" Spektrum \u2013 also als im Interesse imperialer M\u00e4chte wie USA und Israel operierende Kr\u00e4fte \u2013 in Erscheinung getreten sind, (neuerdings) in einer Weise ver\u00f6ffentlichen, die zu ihrem sonstigen (fr\u00fcheren) Auftreten im Widerspruch zu stehen scheint.\u2026","rel":"","context":"In &quot;Zeit der Verleumder - Freidenker f\u00fcr Klartext&quot;","block_context":{"text":"Zeit der Verleumder - Freidenker f\u00fcr Klartext","link":"https:\/\/www.freidenker.org\/?cat=937"},"img":{"alt_text":"","src":"https:\/\/i0.wp.com\/www.freidenker.org\/fw17\/wp-content\/uploads\/2019\/12\/mask-3829017_800x445.jpg?fit=800%2C445&ssl=1&resize=350%2C200","width":350,"height":200,"srcset":"https:\/\/i0.wp.com\/www.freidenker.org\/fw17\/wp-content\/uploads\/2019\/12\/mask-3829017_800x445.jpg?fit=800%2C445&ssl=1&resize=350%2C200 1x, https:\/\/i0.wp.com\/www.freidenker.org\/fw17\/wp-content\/uploads\/2019\/12\/mask-3829017_800x445.jpg?fit=800%2C445&ssl=1&resize=525%2C300 1.5x, https:\/\/i0.wp.com\/www.freidenker.org\/fw17\/wp-content\/uploads\/2019\/12\/mask-3829017_800x445.jpg?fit=800%2C445&ssl=1&resize=700%2C400 2x"},"classes":[]},{"id":11447,"url":"https:\/\/www.freidenker.org\/?p=11447","url_meta":{"origin":15594,"position":4},"title":"\u201eHeulen und Z\u00e4hneknirschen\u201c in der Partei Die Linke","author":"Webredaktion","date":"24. Oktober 2021","format":false,"excerpt":"Ein Kommentar von Rainer Rupp Der biblische Begriff \u201eHeulen und Z\u00e4hneknirschen\u201c ruft starke Emotionen hervor. Er wird im Neuen Testament insgesamt siebenmal benutzt, um zu warnen: Wenn du so weitermachst wie bisher, dann\u2026. Der Begriff soll die Qualen beschreiben, die die von Gott dem Herrn Verdammten in der H\u00f6lle erleiden.\u2026","rel":"","context":"In &quot;Demokratie \u2013 Medien \u2013 Aufkl\u00e4rung&quot;","block_context":{"text":"Demokratie \u2013 Medien \u2013 Aufkl\u00e4rung","link":"https:\/\/www.freidenker.org\/?cat=12"},"img":{"alt_text":"","src":"https:\/\/i0.wp.com\/www.freidenker.org\/fw17\/wp-content\/uploads\/2021\/10\/Linke_Bartsch_Jalousie_800x450.jpg?fit=800%2C450&ssl=1&resize=350%2C200","width":350,"height":200,"srcset":"https:\/\/i0.wp.com\/www.freidenker.org\/fw17\/wp-content\/uploads\/2021\/10\/Linke_Bartsch_Jalousie_800x450.jpg?fit=800%2C450&ssl=1&resize=350%2C200 1x, https:\/\/i0.wp.com\/www.freidenker.org\/fw17\/wp-content\/uploads\/2021\/10\/Linke_Bartsch_Jalousie_800x450.jpg?fit=800%2C450&ssl=1&resize=525%2C300 1.5x, https:\/\/i0.wp.com\/www.freidenker.org\/fw17\/wp-content\/uploads\/2021\/10\/Linke_Bartsch_Jalousie_800x450.jpg?fit=800%2C450&ssl=1&resize=700%2C400 2x"},"classes":[]},{"id":559,"url":"https:\/\/www.freidenker.org\/?p=559","url_meta":{"origin":15594,"position":5},"title":"[SB] Eine Burg und linke Lieder &#8211; Nicht weichen, sondern Analyse, Klaus Hartmann im Gespr\u00e4ch","author":"Webmaster","date":"7. August 2013","format":false,"excerpt":"Klaus Hartmann, Vorsitzender des Deutschen Freidenker-Verbandes, beantwortete dem Online-Magazin \"Schattenblick\" am Randes des Linken Liedersommers 2013 auf Burg Waldeck einige Fragen zur kulturellen und politischen Ausrichtung der Freidenker-Bewegung. Zitat: \"Ich will darauf hinweisen, da\u00df Atheismus f\u00fcr Freidenker zwar ein auch zutreffendes Attribut ist, aber keineswegs das wichtigste oder das ausschlie\u00dfliche\u2026","rel":"","context":"In &quot;Demokratie \u2013 Medien \u2013 Aufkl\u00e4rung&quot;","block_context":{"text":"Demokratie \u2013 Medien \u2013 Aufkl\u00e4rung","link":"https:\/\/www.freidenker.org\/?cat=12"},"img":{"alt_text":"","src":"https:\/\/i0.wp.com\/www.freidenker.org\/fw17\/wp-content\/uploads\/2016\/08\/Klaus_Hartmann_02.jpg?fit=800%2C445&ssl=1&resize=350%2C200","width":350,"height":200,"srcset":"https:\/\/i0.wp.com\/www.freidenker.org\/fw17\/wp-content\/uploads\/2016\/08\/Klaus_Hartmann_02.jpg?fit=800%2C445&ssl=1&resize=350%2C200 1x, https:\/\/i0.wp.com\/www.freidenker.org\/fw17\/wp-content\/uploads\/2016\/08\/Klaus_Hartmann_02.jpg?fit=800%2C445&ssl=1&resize=525%2C300 1.5x, https:\/\/i0.wp.com\/www.freidenker.org\/fw17\/wp-content\/uploads\/2016\/08\/Klaus_Hartmann_02.jpg?fit=800%2C445&ssl=1&resize=700%2C400 2x"},"classes":[]}],"_links":{"self":[{"href":"https:\/\/www.freidenker.org\/index.php?rest_route=\/wp\/v2\/posts\/15594","targetHints":{"allow":["GET"]}}],"collection":[{"href":"https:\/\/www.freidenker.org\/index.php?rest_route=\/wp\/v2\/posts"}],"about":[{"href":"https:\/\/www.freidenker.org\/index.php?rest_route=\/wp\/v2\/types\/post"}],"author":[{"embeddable":true,"href":"https:\/\/www.freidenker.org\/index.php?rest_route=\/wp\/v2\/users\/3"}],"replies":[{"embeddable":true,"href":"https:\/\/www.freidenker.org\/index.php?rest_route=%2Fwp%2Fv2%2Fcomments&post=15594"}],"version-history":[{"count":0,"href":"https:\/\/www.freidenker.org\/index.php?rest_route=\/wp\/v2\/posts\/15594\/revisions"}],"wp:featuredmedia":[{"embeddable":true,"href":"https:\/\/www.freidenker.org\/index.php?rest_route=\/wp\/v2\/media\/15600"}],"wp:attachment":[{"href":"https:\/\/www.freidenker.org\/index.php?rest_route=%2Fwp%2Fv2%2Fmedia&parent=15594"}],"wp:term":[{"taxonomy":"category","embeddable":true,"href":"https:\/\/www.freidenker.org\/index.php?rest_route=%2Fwp%2Fv2%2Fcategories&post=15594"},{"taxonomy":"post_tag","embeddable":true,"href":"https:\/\/www.freidenker.org\/index.php?rest_route=%2Fwp%2Fv2%2Ftags&post=15594"}],"curies":[{"name":"wp","href":"https:\/\/api.w.org\/{rel}","templated":true}]}}