{"id":15571,"date":"2023-03-22T23:46:48","date_gmt":"2023-03-22T22:46:48","guid":{"rendered":"https:\/\/www.freidenker.org\/?p=15571"},"modified":"2023-04-06T14:54:46","modified_gmt":"2023-04-06T12:54:46","slug":"sehr-geehrte-damen-und-herren-liebe-indianer-habeck-macht-den-luebke","status":"publish","type":"post","link":"https:\/\/www.freidenker.org\/?p=15571","title":{"rendered":"Sehr geehrte Damen und Herren, liebe Indianer \u2013 Habeck macht den L\u00fcbke"},"content":{"rendered":"<p><strong>Robert Habeck bezeichnet sich im Amazonas als H\u00e4uptling. Mit diesem Statement entlarvt Habeck das Selbstverst\u00e4ndnis der Gr\u00fcnen als neokolonial und arrogant. Das Welt- und Menschenbild der Gr\u00fcnen ist ewig gestrig. Das trifft auch auf ihr Bild von Russland und den Russen zu. <\/strong><\/p>\n<p><em>von <strong>Gert Ewen Ungar<\/strong><\/em><\/p>\n<p><span style=\"font-size: 10pt;\">Erstver\u00f6ffentlichung am 16.03.2023 auf <a href=\"https:\/\/pressefreiheit.rtde.live\/meinung\/165465-sehr-geehrte-damen-und-herren\/\" target=\"_blank\" rel=\"noopener\">RT DE<\/a><\/span><\/p>\n<div class=\"EmbedBlock-root EmbedBlock-all\">\n<div class=\"AllEmbed\"><iframe loading=\"lazy\" title=\"Sehr geehrte Damen und Herren, liebe Indianer \u2013 Habeck macht den L\u00fcbke\" src=\"https:\/\/www.podbean.com\/player-v2\/?i=cuu9k-13bd5d6-pb&amp;from=pb6admin&amp;share=1&amp;download=1&amp;rtl=0&amp;fonts=Arial&amp;skin=1&amp;font-color=auto&amp;logo_link=episode_page&amp;btn-skin=7\" width=\"100%\" height=\"150\" scrolling=\"no\" data-name=\"pb-iframe-player\" data-mce-fragment=\"1\"><\/iframe><\/div>\n<\/div>\n<p>Der zweite deutsche Bundespr\u00e4sident Heinrich L\u00fcbke war f\u00fcr seine skurrilen \u00c4u\u00dferungen bekannt. So soll L\u00fcbke bei einem Staatsbesuch in Liberia im Jahr 1962 die Anwesenden mit &#8222;Sehr geehrte Damen und Herren, liebe Neger&#8220; begr\u00fc\u00dft haben. Da es damals weder Internet noch Smartphones gab, ist die Geschichte nicht durch Video- oder Tondokumente belegt. Belegt dagegen ist, dass Robert Habeck, der sich mit Landwirtschaftsminister Cem \u00d6zdemir auf einer Reise in S\u00fcdamerika befindet, sich und \u00d6zdemir als H\u00e4uptlinge bezeichnet hat.<\/p>\n<p>Habeck sagte beim Besuch eines indigenen Volkes im Amazonas w\u00f6rtlich:<\/p>\n<blockquote><p><em>&#8222;Ich bin Robert, das ist Cem und wir sind Minister in der deutschen Regierung \u2013 das ist etwas wie euer H\u00e4uptling, aber in einem anderen Land.&#8220;<\/em><\/p><\/blockquote>\n<p>Habecks Anliegen ist es, den Regenwald zu retten. Er fragt deshalb bei den umstehenden Indianern, wie man das machen k\u00f6nnte, denn Augenh\u00f6he ist ein Grundprinzip feministischer Au\u00dfenpolitik, wie sie die Gr\u00fcnen der Bundesrepublik verordnet haben.<\/p>\n<p>Wie kann man den Regenwald sch\u00fctzen und gleichzeitig darin leben, m\u00f6chte Habeck vor Ort in Erfahrung bringen und wendet sich als deutscher H\u00e4uptling v\u00e4terlich an die Eingeborenen. In Deutschland h\u00e4tte man das nicht geschafft, f\u00fcgt Habeck Bescheidenheit heuchelnd hinzu. Da sei der Wald praktisch weg, behauptet er faktenwidrig, denn in Deutschland sind knapp 30 Prozent der Landesfl\u00e4che bewaldet.<\/p>\n<p>Es ist ein unangenehmer, peinlicher Auftritt, der den unangenehmen und peinlichen Auftritten der deutschen Au\u00dfenministerin in nichts nachsteht.<\/p>\n<p>Sicher, Deutsche im Ausland \u2013 das ist ein schwieriges Thema. Mangelnde interkulturelle Kompetenz, wenig Einf\u00fchlung und Sensibilit\u00e4t sind Kennzeichen, mit denen sich Deutsche im Ausland gerne unbeliebt machen. Wenn deutsche Rucksacktouristen sich in den Tropen an der Schlichtheit des dortigen Lebensstils erfreuen und dabei \u00fcbersehen, dass diese mit freiwillig gew\u00e4hlter\u00a0Einfachheit verwechselte Armut der kolonialen Ausbeutung durch die L\u00e4nder des Westens geschuldet ist, mag man das als Bildungsproblem abtun.<\/p>\n<p>Habeck macht mit seinem Auftritt jedoch deutlich, dass diese Form neokolonialer Arroganz und Ignoranz jetzt auf der Ministerebene angekommen und zum deutschen Politikstil erhoben ist.<\/p>\n<p>Verst\u00e4rkt wird der Eindruck der Ignoranz noch dadurch, dass Deutschland Kolumbien jetzt mit deutschem Wissen und Know-how beim Kohleausstieg unterst\u00fctzen m\u00f6chte. Ein echter Schenkelklopfer. Kolumbien lebt unter anderem vom Kohlebergbau. Deutschland m\u00f6chte dem Land nun helfen, davon unabh\u00e4ngig zu werden. Da ist der Misserfolg vorprogrammiert.<\/p>\n<p>Das Land, das den Kohleausstieg angesichts einer v\u00f6llig irren Sanktionspolitik gerade r\u00fcckg\u00e4ngig machen muss, schwingt sich in anderen Teilen der Welt zum vermeintlich kompetenten Berater in Sachen Umwelt und Ausstieg aus fossilen Energietr\u00e4gern auf. Man kann sich dabei sicher sein, dass dem gr\u00fcnen Minister die gesamte Widerspr\u00fcchlichkeit und der inh\u00e4rente Rassismus seines Auftretens noch nicht einmal in Ans\u00e4tzen bewusst ist.<\/p>\n<p>Habeck und Baerbock stellen auf ihren Auslandsreisen der Welt\u00f6ffentlichkeit unter Beweis, wie r\u00fcckst\u00e4ndig und unaufgekl\u00e4rt das Welt- und Menschenbild der Gr\u00fcnen als Partei ist. Sie stellen es auch in ihrem offen aggressiven Umgang mit Russland unter Beweis, denn so wie Habecks Bild von indigenen V\u00f6lkern offensichtlich auf der Lekt\u00fcre von Karl May basiert, so basiert das Russenbild von Katrin G\u00f6ring-Eckardt, Annalena Baerbock und Robert Habeck ganz offenbar auf der Rassenlehre des Nationalsozialismus.<\/p>\n<p>Es wird Zeit, dass die Gr\u00fcnen dieses typisch deutsche \u00dcberlegenheitsgef\u00fchl \u00fcberwinden, die realen Verh\u00e4ltnisse in Augenschein nehmen und sich um ein zeitgem\u00e4\u00dfes Menschenbild ohne neokoloniale Ankl\u00e4nge bem\u00fchen. Es w\u00fcrde ihnen und vor allem Deutschland viele Peinlichkeiten ersparen und zudem dem Frieden und einer echten Verst\u00e4ndigung der V\u00f6lker in Europa und der Welt dienen.<\/p>\n<p style=\"text-align: right;\"><em><span style=\"font-size: 12pt;\">Gert-Ewen Ungar studierte Philosophie und Germanistik und arbeitet als P\u00e4dagoge in der Sozialpsychiatrie in Berlin<\/span><\/em><\/p>\n<hr \/>\n<p><span style=\"font-size: 10pt;\">Bild: <a href=\"https:\/\/pixabay.com\/de\/photos\/amazonas-indianer-regenwald-69589\/\" target=\"_blank\" rel=\"noopener\">pixabay.com<\/a> \/ <a class=\"hover_opacity\" href=\"https:\/\/pixabay.com\/de\/users\/eismannhans-5686\/\">eismannhans<\/a> \/ <a href=\"https:\/\/pixabay.com\/de\/service\/terms\/\">Pixabay License<\/a><\/span><\/p>\n","protected":false},"excerpt":{"rendered":"<p><b>Beitrag von Gert Ewen Ungar<\/b><br \/>\nDer zweite deutsche Bundespr\u00e4sident Heinrich L\u00fcbke war f\u00fcr seine skurrilen \u00c4u\u00dferungen bekannt. So soll L\u00fcbke bei einem Staatsbesuch in Liberia im Jahr 1962 die Anwesenden mit &#8222;Sehr geehrte Damen und Herren, liebe Neger&#8220; begr\u00fc\u00dft haben. Da es damals weder Internet noch Smartphones gab, ist die Geschichte nicht durch Video- oder Tondokumente belegt. Belegt dagegen ist, dass Robert Habeck, der sich mit Landwirtschaftsminister Cem \u00d6zdemir auf einer Reise in S\u00fcdamerika befindet, sich und \u00d6zdemir als H\u00e4uptlinge bezeichnet hat.\u00a0Habeck sagte beim Besuch eines indigenen Volkes im Amazonas w\u00f6rtlich: &#8222;Ich bin Robert, das ist Cem und wir sind Minister in der deutschen Regierung \u2013 das ist etwas wie euer H\u00e4uptling, aber in einem anderen Land.&#8220;<\/p>\n","protected":false},"author":3,"featured_media":15572,"comment_status":"closed","ping_status":"closed","sticky":false,"template":"","format":"standard","meta":{"colormag_page_container_layout":"default_layout","colormag_page_sidebar_layout":"default_layout","advanced_seo_description":"","jetpack_seo_html_title":"","jetpack_seo_noindex":false,"jetpack_post_was_ever_published":false,"footnotes":""},"categories":[11],"tags":[1746,699,1032,1282,1745,1748,900,653,1747],"class_list":["post-15571","post","type-post","status-publish","format-standard","has-post-thumbnail","hentry","category-arbeit-soziales","tag-amazonas","tag-aussenpolitik","tag-bundesregierung","tag-gruene","tag-habeck","tag-ignoranz","tag-neokolonialismus","tag-rassismus","tag-suedamerika"],"jetpack_featured_media_url":"https:\/\/i0.wp.com\/www.freidenker.org\/fw17\/wp-content\/uploads\/2023\/03\/amazon-indians-69589_800x450.jpg?fit=800%2C450&ssl=1","jetpack_shortlink":"https:\/\/wp.me\/p9stpK-439","jetpack-related-posts":[{"id":17638,"url":"https:\/\/www.freidenker.org\/?p=17638","url_meta":{"origin":15571,"position":0},"title":"Versager im Amt: Robert Habeck und das Schweigen des Mainstreams","author":"Webredaktion","date":"12. Dezember 2023","format":false,"excerpt":"Beitrag von Gert Ewen Ungar Die Menschen in Deutschland merken es. Robert Habeck (B\u00fcndnis 90\/Die Gr\u00fcnen) ruiniert in seiner Eigenschaft als Wirtschaftsminister Deutschland. Es brodelt regelrecht unter dem Deckel, der vom deutschen Mainstream trotz allem noch immer dicht gehalten wird. Was sich jedem erschlie\u00dft, bleibt in den gro\u00dfen deutschen Medien\u2026","rel":"","context":"In &quot;Arbeit &amp; Soziales&quot;","block_context":{"text":"Arbeit &amp; Soziales","link":"https:\/\/www.freidenker.org\/?cat=11"},"img":{"alt_text":"","src":"https:\/\/i0.wp.com\/www.freidenker.org\/fw17\/wp-content\/uploads\/2023\/12\/Publikumsgespraech_Boell-Stiftung_Habeck_800x450.jpg?fit=800%2C450&ssl=1&resize=350%2C200","width":350,"height":200,"srcset":"https:\/\/i0.wp.com\/www.freidenker.org\/fw17\/wp-content\/uploads\/2023\/12\/Publikumsgespraech_Boell-Stiftung_Habeck_800x450.jpg?fit=800%2C450&ssl=1&resize=350%2C200 1x, https:\/\/i0.wp.com\/www.freidenker.org\/fw17\/wp-content\/uploads\/2023\/12\/Publikumsgespraech_Boell-Stiftung_Habeck_800x450.jpg?fit=800%2C450&ssl=1&resize=525%2C300 1.5x, https:\/\/i0.wp.com\/www.freidenker.org\/fw17\/wp-content\/uploads\/2023\/12\/Publikumsgespraech_Boell-Stiftung_Habeck_800x450.jpg?fit=800%2C450&ssl=1&resize=700%2C400 2x"},"classes":[]},{"id":17680,"url":"https:\/\/www.freidenker.org\/?p=17680","url_meta":{"origin":15571,"position":1},"title":"Mit der Ampel ins Chaos","author":"Webredaktion","date":"24. Dezember 2023","format":false,"excerpt":"Beitrag von Gert Ewen Ungar Am 13. Dezember verk\u00fcndeten Kanzler Scholz (SPD), Wirtschaftsminister Habeck (B\u00fcndnis 90\/Die Gr\u00fcnen) und Finanzminister Lindner (FDP), einen tragf\u00e4higen Kompromiss im Haushaltsstreit gefunden zu haben. Heute, am 18. Dezember, lediglich f\u00fcnf Tage sp\u00e4ter, droht der Kompromiss bereits zu scheitern. Nicht am Widerstand der Opposition wohlgemerkt, sondern\u2026","rel":"","context":"In &quot;Arbeit &amp; Soziales&quot;","block_context":{"text":"Arbeit &amp; Soziales","link":"https:\/\/www.freidenker.org\/?cat=11"},"img":{"alt_text":"","src":"https:\/\/i0.wp.com\/www.freidenker.org\/fw17\/wp-content\/uploads\/2023\/12\/Ampel_dd330a22bd_c_800x450.jpg?fit=800%2C450&ssl=1&resize=350%2C200","width":350,"height":200,"srcset":"https:\/\/i0.wp.com\/www.freidenker.org\/fw17\/wp-content\/uploads\/2023\/12\/Ampel_dd330a22bd_c_800x450.jpg?fit=800%2C450&ssl=1&resize=350%2C200 1x, https:\/\/i0.wp.com\/www.freidenker.org\/fw17\/wp-content\/uploads\/2023\/12\/Ampel_dd330a22bd_c_800x450.jpg?fit=800%2C450&ssl=1&resize=525%2C300 1.5x, https:\/\/i0.wp.com\/www.freidenker.org\/fw17\/wp-content\/uploads\/2023\/12\/Ampel_dd330a22bd_c_800x450.jpg?fit=800%2C450&ssl=1&resize=700%2C400 2x"},"classes":[]},{"id":17980,"url":"https:\/\/www.freidenker.org\/?p=17980","url_meta":{"origin":15571,"position":2},"title":"Die Bauernproteste in russischen Medien","author":"Webredaktion","date":"23. Januar 2024","format":false,"excerpt":"Beitrag von Gert Ewen Ungar Es wird Lenin zugeschrieben, gesagt zu haben, wenn die Deutschen einen Bahnhof st\u00fcrmen wollen, kaufen sie vorher eine Bahnsteigkarte. Mit umso mehr Erstaunen nahm man in Russland die Bauernproteste und ihren enormen Umfang zur Kenntnis. Russische Medien haben breit \u00fcber die landesweiten Aktionen berichtet. Die\u2026","rel":"","context":"In &quot;Demokratie \u2013 Medien \u2013 Aufkl\u00e4rung&quot;","block_context":{"text":"Demokratie \u2013 Medien \u2013 Aufkl\u00e4rung","link":"https:\/\/www.freidenker.org\/?cat=12"},"img":{"alt_text":"","src":"https:\/\/i0.wp.com\/www.freidenker.org\/fw17\/wp-content\/uploads\/2024\/01\/Bauernproteste_Nordhausen-6890_800x450.jpg?fit=800%2C450&ssl=1&resize=350%2C200","width":350,"height":200,"srcset":"https:\/\/i0.wp.com\/www.freidenker.org\/fw17\/wp-content\/uploads\/2024\/01\/Bauernproteste_Nordhausen-6890_800x450.jpg?fit=800%2C450&ssl=1&resize=350%2C200 1x, https:\/\/i0.wp.com\/www.freidenker.org\/fw17\/wp-content\/uploads\/2024\/01\/Bauernproteste_Nordhausen-6890_800x450.jpg?fit=800%2C450&ssl=1&resize=525%2C300 1.5x, https:\/\/i0.wp.com\/www.freidenker.org\/fw17\/wp-content\/uploads\/2024\/01\/Bauernproteste_Nordhausen-6890_800x450.jpg?fit=800%2C450&ssl=1&resize=700%2C400 2x"},"classes":[]},{"id":17706,"url":"https:\/\/www.freidenker.org\/?p=17706","url_meta":{"origin":15571,"position":3},"title":"Zeugnis des doppelten Standards: Baerbock im Interview","author":"Webredaktion","date":"29. Dezember 2023","format":false,"excerpt":"Beitrag von Gert Ewen Ungar Bez\u00fcglich des Ukraine-Konflikts werden die Deutschen fl\u00e4chendeckend von den verantwortlichen Politikern und von den mitverantwortlichen Medien des Mainstreams desinformiert. Dass die deutsche Au\u00dfenministerin da keine Ausnahme bildet, ist nicht \u00fcberraschend. Sie tut sich im Gegenteil seit Langem damit hervor, die Unwahrheiten besonders dick aufzutragen.\u00a0In einem\u2026","rel":"","context":"In &quot;Demokratie \u2013 Medien \u2013 Aufkl\u00e4rung&quot;","block_context":{"text":"Demokratie \u2013 Medien \u2013 Aufkl\u00e4rung","link":"https:\/\/www.freidenker.org\/?cat=12"},"img":{"alt_text":"","src":"https:\/\/i0.wp.com\/www.freidenker.org\/fw17\/wp-content\/uploads\/2023\/12\/BDK_Karlsruhe_Nov_2023_Annalena_Baerbock_11_800x450.jpg?fit=800%2C450&ssl=1&resize=350%2C200","width":350,"height":200,"srcset":"https:\/\/i0.wp.com\/www.freidenker.org\/fw17\/wp-content\/uploads\/2023\/12\/BDK_Karlsruhe_Nov_2023_Annalena_Baerbock_11_800x450.jpg?fit=800%2C450&ssl=1&resize=350%2C200 1x, https:\/\/i0.wp.com\/www.freidenker.org\/fw17\/wp-content\/uploads\/2023\/12\/BDK_Karlsruhe_Nov_2023_Annalena_Baerbock_11_800x450.jpg?fit=800%2C450&ssl=1&resize=525%2C300 1.5x, https:\/\/i0.wp.com\/www.freidenker.org\/fw17\/wp-content\/uploads\/2023\/12\/BDK_Karlsruhe_Nov_2023_Annalena_Baerbock_11_800x450.jpg?fit=800%2C450&ssl=1&resize=700%2C400 2x"},"classes":[]},{"id":16295,"url":"https:\/\/www.freidenker.org\/?p=16295","url_meta":{"origin":15571,"position":4},"title":"&#8222;Durch einen Ozean getrennt, durch unsere Werte verbunden&#8220;","author":"Webredaktion","date":"10. Juni 2023","format":false,"excerpt":"Baerbock in Lateinamerika Beitrag von Gert Ewen Ungar Mit ihrem kolossal dissonanten Geschwurbel \u00fcber \"Werte\" beschallt die deutsche Bundesau\u00dfenministerin Annalena Baerbock (B\u00fcndnis 90\/Die Gr\u00fcnen) in diesen Tagen Lateinamerika.\u00a0Gemeinsam mit dem Bundesminister f\u00fcr Arbeit und Soziales Hubertus Heil reiste sie zun\u00e4chst nach Brasilien. Der Bundesarbeitsminister will dort mit sozialen K\u00f6dern Fachkr\u00e4fte\u2026","rel":"","context":"In &quot;Demokratie \u2013 Medien \u2013 Aufkl\u00e4rung&quot;","block_context":{"text":"Demokratie \u2013 Medien \u2013 Aufkl\u00e4rung","link":"https:\/\/www.freidenker.org\/?cat=12"},"img":{"alt_text":"","src":"https:\/\/i0.wp.com\/www.freidenker.org\/fw17\/wp-content\/uploads\/2023\/06\/baerbock_brasilien_800x450.jpg?fit=800%2C450&ssl=1&resize=350%2C200","width":350,"height":200,"srcset":"https:\/\/i0.wp.com\/www.freidenker.org\/fw17\/wp-content\/uploads\/2023\/06\/baerbock_brasilien_800x450.jpg?fit=800%2C450&ssl=1&resize=350%2C200 1x, https:\/\/i0.wp.com\/www.freidenker.org\/fw17\/wp-content\/uploads\/2023\/06\/baerbock_brasilien_800x450.jpg?fit=800%2C450&ssl=1&resize=525%2C300 1.5x, https:\/\/i0.wp.com\/www.freidenker.org\/fw17\/wp-content\/uploads\/2023\/06\/baerbock_brasilien_800x450.jpg?fit=800%2C450&ssl=1&resize=700%2C400 2x"},"classes":[]},{"id":17602,"url":"https:\/\/www.freidenker.org\/?p=17602","url_meta":{"origin":15571,"position":5},"title":"Ampelregierung: Dieser Papagei ist tot","author":"Webredaktion","date":"5. Dezember 2023","format":false,"excerpt":"Beitrag von Dagmar Henn Erstaunlich. Es knirscht und bebt in allen Teilen der \u00f6konomischen und politischen Maschinerie, und immer noch werden in deutschen Gazetten Lobeshymnen auf die Ampelpolitiker geschrieben, wie gerade erst in der Welt auf Bundeswirtschaftsminister Robert Habeck. Nur, weil das kinderbuchschreibende Anzugmodel auf einem Kongress in Berlin auftauchte,\u2026","rel":"","context":"In &quot;Demokratie \u2013 Medien \u2013 Aufkl\u00e4rung&quot;","block_context":{"text":"Demokratie \u2013 Medien \u2013 Aufkl\u00e4rung","link":"https:\/\/www.freidenker.org\/?cat=12"},"img":{"alt_text":"","src":"https:\/\/i0.wp.com\/www.freidenker.org\/fw17\/wp-content\/uploads\/2023\/12\/parrot-6651195_800x450.jpg?fit=800%2C450&ssl=1&resize=350%2C200","width":350,"height":200,"srcset":"https:\/\/i0.wp.com\/www.freidenker.org\/fw17\/wp-content\/uploads\/2023\/12\/parrot-6651195_800x450.jpg?fit=800%2C450&ssl=1&resize=350%2C200 1x, https:\/\/i0.wp.com\/www.freidenker.org\/fw17\/wp-content\/uploads\/2023\/12\/parrot-6651195_800x450.jpg?fit=800%2C450&ssl=1&resize=525%2C300 1.5x, https:\/\/i0.wp.com\/www.freidenker.org\/fw17\/wp-content\/uploads\/2023\/12\/parrot-6651195_800x450.jpg?fit=800%2C450&ssl=1&resize=700%2C400 2x"},"classes":[]}],"_links":{"self":[{"href":"https:\/\/www.freidenker.org\/index.php?rest_route=\/wp\/v2\/posts\/15571","targetHints":{"allow":["GET"]}}],"collection":[{"href":"https:\/\/www.freidenker.org\/index.php?rest_route=\/wp\/v2\/posts"}],"about":[{"href":"https:\/\/www.freidenker.org\/index.php?rest_route=\/wp\/v2\/types\/post"}],"author":[{"embeddable":true,"href":"https:\/\/www.freidenker.org\/index.php?rest_route=\/wp\/v2\/users\/3"}],"replies":[{"embeddable":true,"href":"https:\/\/www.freidenker.org\/index.php?rest_route=%2Fwp%2Fv2%2Fcomments&post=15571"}],"version-history":[{"count":0,"href":"https:\/\/www.freidenker.org\/index.php?rest_route=\/wp\/v2\/posts\/15571\/revisions"}],"wp:featuredmedia":[{"embeddable":true,"href":"https:\/\/www.freidenker.org\/index.php?rest_route=\/wp\/v2\/media\/15572"}],"wp:attachment":[{"href":"https:\/\/www.freidenker.org\/index.php?rest_route=%2Fwp%2Fv2%2Fmedia&parent=15571"}],"wp:term":[{"taxonomy":"category","embeddable":true,"href":"https:\/\/www.freidenker.org\/index.php?rest_route=%2Fwp%2Fv2%2Fcategories&post=15571"},{"taxonomy":"post_tag","embeddable":true,"href":"https:\/\/www.freidenker.org\/index.php?rest_route=%2Fwp%2Fv2%2Ftags&post=15571"}],"curies":[{"name":"wp","href":"https:\/\/api.w.org\/{rel}","templated":true}]}}