{"id":15541,"date":"2023-03-18T00:01:09","date_gmt":"2023-03-17T23:01:09","guid":{"rendered":"https:\/\/www.freidenker.org\/?p=15541"},"modified":"2023-04-06T14:54:23","modified_gmt":"2023-04-06T12:54:23","slug":"grusswort-an-den-25-parteitag-der-dkp","status":"publish","type":"post","link":"https:\/\/www.freidenker.org\/?p=15541","title":{"rendered":"Gru\u00dfwort an den 25. Parteitag der DKP"},"content":{"rendered":"<p><em>Unser Vorsitzender Sebastian Bahlo hat an den Parteitag der Deutschen Kommunistischen Partei, der vom 17. bis 19. M\u00e4rz 2023 in Gotha tagt, ein Gru\u00dfschreiben des Deutschen Freidenker-Verbandes geschickt. Da seine Aussagen zum Niedergang des imperialistischen Systems, den erstarkenden Gegenkr\u00e4ften und der aktuellen antifaschistischen Aufgabenstellung von grunds\u00e4tzlicher Bedeutung sind, die \u00fcber den parteipolitschen Rahmen hinausweisen, dokumentieren wir nachfolgend dieses Gru\u00dfwort.<\/em><\/p>\n<p style=\"text-align: right;\"><em>Webredaktion<\/em><\/p>\n<hr \/>\n<p><strong>Liebe Freunde, Genossinnen und Genossen beim 25. Parteitag der DKP in Gotha,<\/strong><\/p>\n<p>mit der Lawine von L\u00fcgen und dummdreisten Phrasen, welche die NATO-Propagandisten seit dem Beginn der russischen Intervention in der Ukraine \u00fcber uns geschickt haben, ist immerhin ein richtiges Wort ins allgemeine Bewu\u00dftsein gelangt: die von Bundeskanzler Scholz verk\u00fcndete \u201eZeitenwende\u201c. Denn als Zeitenwende mu\u00df man es in der Tat ansehen, da\u00df die Russische F\u00f6deration nach drei\u00dfigj\u00e4hriger fortschreitender geographischer Einkreisung, wirtschaftspolitischer Eind\u00e4mmung, milit\u00e4rischen Provokationen einschlie\u00dflich des acht Jahre w\u00e4hrenden Abschlachtens der russischst\u00e4mmigen Bev\u00f6lkerung im Donezbecken die milit\u00e4rische Beantwortung der NATO-Aggression aufgenommen hat. Wir wissen, da\u00df dieser Zeitenwende eine historische Notwendigkeit innewohnt. Die imperialistischen R\u00e4uber, deren Weltbeherrschung auf der jahrhundertelangen Auspl\u00fcnderung der Menschheit beruht, m\u00fcssen einer neuen Weltordnung weichen, die auf der souver\u00e4nen Gleichheit aller V\u00f6lker beruht. Pr\u00e4sident Putin hat die G\u00e4rung in den internationalen Beziehungen in Analogie zu Lenin charakterisiert: \u201eDer Westen ist nicht in der Lage, die Menschheit im Alleingang zu f\u00fchren, versucht es aber verzweifelt, und die meisten V\u00f6lker der Welt wollen sich das nicht l\u00e4nger gefallen lassen. Das ist der Hauptwiderspruch der neuen Epoche. Um es mit den Worten eines Klassikers zu sagen, die Situation ist gewisserma\u00dfen revolution\u00e4r: die oben k\u00f6nnen nicht mehr, und die unten wollen nicht mehr.\u201c<\/p>\n<p>Bedingt durch die Gesetze des Imperialismus hat die Hauptfront des globalen Klassenkampfes die Gestalt eines Weltordnungskrieges auf noch kapitalistischer Grundlage angenommen. Doch wir haben keinen Zweifel, da\u00df k\u00fcnftige Historiker einmal feststellen werden, da\u00df die russische Oktoberrevolution und der chinesische Volksbefreiungskrieg, beide von kommunistischen Parteien angef\u00fchrt, trotz allen Niederlagen, R\u00fcckschritten und Korrekturen das Fundament schufen, um China und Ru\u00dfland zu den m\u00e4chtigen Endgegnern des Imperialismus zu machen. In aller Klarheit erkannte Fidel Castro das schon 2014, als er schrieb, da\u00df \u201eReaktion\u00e4re (&#8230;) sowohl Marx als auch Lenin als Theoretiker (&#8230;) bezeichnen, ohne zu ber\u00fccksichtigen, da\u00df deren Utopien Ru\u00dfland und China inspirierten. Diese beiden L\u00e4nder sind berufen, eine neue Welt anzuf\u00fchren, die das \u00dcberleben der Menschheit erm\u00f6glichen w\u00fcrde, wenn der Imperialismus nicht vorher einen kriminellen Ausrottungskrieg entfesselt.\u201c<\/p>\n<p>Die Begleit- und Folgeerscheinungen in unserem Land, das dem NATO-Block angeh\u00f6rt, auf wirtschaftlichem, politischem und geistigem Gebiet, tragen den Charakter einer extremen Zuspitzung. In der offenbar gewollten Deindustrialisierung, der Enteignung breiter Schichten, dem enthemmten Militarismus, der Unterordnung der deutschen Politik unter das US-Diktat, der Gleichschaltung der Medien samt Sperrung kritischer Medienangebote, der systematischen Verleumdung und Kriminalisierung von Kritik und Protest zeigen sich unverkennbar faschistische Tendenzen. Den Massen Orientierung im Abwehrkampf gegen diese Angriffe der Reaktion zu geben, ist als wesentlich antifaschistische Aufgabe zu begreifen. Ein scharfer Trennungsstrich zu jedem Pseudoantifaschismus, der das Volk im Kern f\u00fcr reaktion\u00e4r h\u00e4lt, mu\u00df unbedingt gezogen werden.<\/p>\n<p>Die Deutsche Kommunistische Partei besitzt trotz ihrer geringen Gr\u00f6\u00dfe, und obwohl ihre\u00a0W\u00e4hlerschaft derzeit vernachl\u00e4ssigbar ist, eine unverzichtbare Bedeutung f\u00fcr die ideologische R\u00fcstung der fortschrittlichen Kr\u00e4fte. Denn ihre Aufgabe ist es, die Gegebenheiten des Klassenkampfes objektiv und wissenschaftlich zu analysieren, unbeeinflu\u00dft von Propaganda, Glaubensbekenntnissen und modischen Worth\u00fclsen, aber auch ohne in Dogmatismus und Denkfaulheit zu verfallen, und schlie\u00dflich Opportunismus und Kapitulantentum nicht nur in ihren offen rechten Gestalten, sondern auch in ihren ultralinken Tarnkleidern zu entlarven. Die Ergebnisse wirken sich unvermeidlich auf das politische Bewu\u00dftsein der besten K\u00f6pfe in anderen fortschrittlichen Organisationen und Bewegungen aus.<\/p>\n<p>Dies alles gibt Euch zu diesem Zeitpunkt eine schwere Verantwortung, den richtigen Weg f\u00fcr die kommenden Jahre festzulegen. Wir w\u00fcnschen Euch dazu Mut und Entschlossenheit.<\/p>\n<p>Mit herzlichen solidarischen Gr\u00fc\u00dfen<\/p>\n<p>Sebastian Bahlo<\/p>\n<p>Bundesvorsitzender<br \/>\nDeutscher Freidenker-Verband e.V.<\/p>\n<hr \/>\n<h5>Download<\/h5>\n<p><img data-recalc-dims=\"1\" loading=\"lazy\" decoding=\"async\" data-attachment-id=\"1076\" data-permalink=\"https:\/\/www.freidenker.org\/?attachment_id=1076\" data-orig-file=\"https:\/\/i0.wp.com\/www.freidenker.org\/fw17\/wp-content\/uploads\/2017\/10\/pdf_icon-2.png?fit=32%2C32&amp;ssl=1\" data-orig-size=\"32,32\" data-comments-opened=\"0\" data-image-meta=\"{&quot;aperture&quot;:&quot;0&quot;,&quot;credit&quot;:&quot;&quot;,&quot;camera&quot;:&quot;&quot;,&quot;caption&quot;:&quot;&quot;,&quot;created_timestamp&quot;:&quot;0&quot;,&quot;copyright&quot;:&quot;&quot;,&quot;focal_length&quot;:&quot;0&quot;,&quot;iso&quot;:&quot;0&quot;,&quot;shutter_speed&quot;:&quot;0&quot;,&quot;title&quot;:&quot;&quot;,&quot;orientation&quot;:&quot;0&quot;}\" data-image-title=\"pdf_icon\" data-image-description=\"\" data-image-caption=\"\" data-large-file=\"https:\/\/i0.wp.com\/www.freidenker.org\/fw17\/wp-content\/uploads\/2017\/10\/pdf_icon-2.png?fit=32%2C32&amp;ssl=1\" class=\"alignnone size-full wp-image-1076\" src=\"https:\/\/i0.wp.com\/www.freidenker.org\/fw17\/wp-content\/uploads\/2017\/10\/pdf_icon-2.png?resize=32%2C32&#038;ssl=1\" alt=\"\" width=\"32\" height=\"32\" \/>\u00a0Das <a href=\"https:\/\/www.freidenker.org\/fw17\/wp-content\/uploads\/2023\/03\/230317-DKP25Ptt.pdf\" target=\"_blank\" rel=\"noopener\">Gru\u00dfwort als PDF-Dokument<\/a> ansehen oder herunterladen (PDF-Dokument, ca. 159 KB)<\/p>\n<hr \/>\n<p><span style=\"font-size: 10pt;\">Bild oben: Mitglieder der DKP bei der Liebknecht-Luxemburg-Demo am 15.01.2023 in Berlin<\/span><br \/>\n<span style=\"font-size: 10pt;\">Foto: Ralf Lux<\/span><\/p>\n","protected":false},"excerpt":{"rendered":"<p>Unser Vorsitzender <b>Sebastian Bahlo<\/b> hat an den Parteitag der Deutschen Kommunistischen Partei, der vom 17. bis 19. M\u00e4rz 2023 in Gotha tagt, ein Gru\u00dfschreiben des Deutschen Freidenker-Verbandes geschickt. Da seine Aussagen zum Niedergang des imperialistischen Systems, den erstarkenden Gegenkr\u00e4ften und der aktuellen antifaschistischen Aufgabenstellung von grunds\u00e4tzlicher Bedeutung sind, die \u00fcber den parteipolitschen Rahmen hinausweisen, dokumentieren wir nachfolgend dieses Gru\u00dfwort. &#8230;<br \/>\nMit der Lawine von L\u00fcgen und dummdreisten Phrasen, welche die NATO-Propagandisten seit dem Beginn der russischen Intervention in der Ukraine \u00fcber uns geschickt haben, ist immerhin ein richtiges Wort ins allgemeine Bewu\u00dftsein gelangt: die von Bundeskanzler Scholz verk\u00fcndete \u201eZeitenwende\u201c. &#8230;<\/p>\n","protected":false},"author":3,"featured_media":15545,"comment_status":"closed","ping_status":"closed","sticky":false,"template":"","format":"standard","meta":{"colormag_page_container_layout":"default_layout","colormag_page_sidebar_layout":"default_layout","advanced_seo_description":"","jetpack_seo_html_title":"","jetpack_seo_noindex":false,"jetpack_post_was_ever_published":false,"footnotes":""},"categories":[12],"tags":[370,789,1531,1495,404,1065,565,56,637,222,639],"class_list":["post-15541","post","type-post","status-publish","format-standard","has-post-thumbnail","hentry","category-demokratie-medien-aufklaerung","tag-antifaschismus","tag-dkp","tag-gleichschaltung","tag-globalstrategie","tag-imperialismus","tag-klassenkampf","tag-kommunismus","tag-nato","tag-propaganda","tag-russland","tag-ukraine-konflikt"],"jetpack_featured_media_url":"https:\/\/i0.wp.com\/www.freidenker.org\/fw17\/wp-content\/uploads\/2023\/03\/DKP_LL-Demo_2023.jpg?fit=800%2C450&ssl=1","jetpack_shortlink":"https:\/\/wp.me\/p9stpK-42F","jetpack-related-posts":[{"id":11065,"url":"https:\/\/www.freidenker.org\/?p=11065","url_meta":{"origin":15541,"position":0},"title":"&#8222;Hebt den gesenkten Kopf wieder!&#8220;","author":"Webredaktion","date":"16. August 2021","format":false,"excerpt":"Gru\u00dfwort von Klaus Linder auf dem \"Drushba!-Friedensfest\" der DKP Brandenburg am 14.08.2021 Zu dieser\u00a0 Bundestagswahl unter Ausnahezustand\u00a0 hat immerhin die DKP die K-Frage positiv beantwortet: N\u00e4mlich, ob auf dem Wahlzettel die\u00a0 Partei stehen darf, die das \u201eK\u201c im Namen hat. Sie darf es und sie wird es. Herzliche Gratulation dazu\u2026","rel":"","context":"In &quot;Demokratie \u2013 Medien \u2013 Aufkl\u00e4rung&quot;","block_context":{"text":"Demokratie \u2013 Medien \u2013 Aufkl\u00e4rung","link":"https:\/\/www.freidenker.org\/?cat=12"},"img":{"alt_text":"","src":"https:\/\/i0.wp.com\/www.freidenker.org\/fw17\/wp-content\/uploads\/2021\/08\/Linder_Gruess_DKP-Sommerfest-20210814_800x450.jpg?fit=800%2C450&ssl=1&resize=350%2C200","width":350,"height":200,"srcset":"https:\/\/i0.wp.com\/www.freidenker.org\/fw17\/wp-content\/uploads\/2021\/08\/Linder_Gruess_DKP-Sommerfest-20210814_800x450.jpg?fit=800%2C450&ssl=1&resize=350%2C200 1x, https:\/\/i0.wp.com\/www.freidenker.org\/fw17\/wp-content\/uploads\/2021\/08\/Linder_Gruess_DKP-Sommerfest-20210814_800x450.jpg?fit=800%2C450&ssl=1&resize=525%2C300 1.5x, https:\/\/i0.wp.com\/www.freidenker.org\/fw17\/wp-content\/uploads\/2021\/08\/Linder_Gruess_DKP-Sommerfest-20210814_800x450.jpg?fit=800%2C450&ssl=1&resize=700%2C400 2x"},"classes":[]},{"id":14494,"url":"https:\/\/www.freidenker.org\/?p=14494","url_meta":{"origin":15541,"position":1},"title":"Medienfirlefanz, Chip-Krieg und BND","author":"Webredaktion","date":"21. Oktober 2022","format":false,"excerpt":"Beitrag von Arnold Sch\u00f6lzel Der \u201eSpiegel\u201c bem\u00fchte das Vaterunser und titelte am Samstag: \u201eSein Wille geschehe. Was Chinas Alleinherrscher Xi Jinping mit der Welt vorhat.\u201c Auf dem Heft war der KP-Vorsitzende abgebildet: Er h\u00e4lt auf einem Finger die Weltkugel wie einst Chaplins \u201eDictator\u201c, also Hitler. Die sonstige \u201eBerichterstattung\u201c zum 20.\u2026","rel":"","context":"In &quot;Demokratie \u2013 Medien \u2013 Aufkl\u00e4rung&quot;","block_context":{"text":"Demokratie \u2013 Medien \u2013 Aufkl\u00e4rung","link":"https:\/\/www.freidenker.org\/?cat=12"},"img":{"alt_text":"","src":"https:\/\/i0.wp.com\/www.freidenker.org\/fw17\/wp-content\/uploads\/2022\/10\/xijinping_2022_800x450.jpg?fit=800%2C450&ssl=1&resize=350%2C200","width":350,"height":200,"srcset":"https:\/\/i0.wp.com\/www.freidenker.org\/fw17\/wp-content\/uploads\/2022\/10\/xijinping_2022_800x450.jpg?fit=800%2C450&ssl=1&resize=350%2C200 1x, https:\/\/i0.wp.com\/www.freidenker.org\/fw17\/wp-content\/uploads\/2022\/10\/xijinping_2022_800x450.jpg?fit=800%2C450&ssl=1&resize=525%2C300 1.5x, https:\/\/i0.wp.com\/www.freidenker.org\/fw17\/wp-content\/uploads\/2022\/10\/xijinping_2022_800x450.jpg?fit=800%2C450&ssl=1&resize=700%2C400 2x"},"classes":[]},{"id":12804,"url":"https:\/\/www.freidenker.org\/?p=12804","url_meta":{"origin":15541,"position":2},"title":"Auf zum \u201eTag der Begegnung\u201c am 23. April 2022 nach Torgau!","author":"Webredaktion","date":"16. April 2022","format":false,"excerpt":"Am 23. April 2022 wird in Torgau anl\u00e4sslich des \u201eTages der Begegnung\u201c erneut eine Friedensdemonstration stattfinden. Der \u201eTag der Begegnung\u201c erinnert an das Zusammentreffen der Soldaten der Roten Armee und der US\u2013Armee am 25.April 1945 an der Elbe und Ihren historischen Handschlag, der zum Symbol der Befreiung vom Faschismus und\u2026","rel":"","context":"In &quot;Frieden - Antifaschismus - Solidarit\u00e4t&quot;","block_context":{"text":"Frieden - Antifaschismus - Solidarit\u00e4t","link":"https:\/\/www.freidenker.org\/?cat=13"},"img":{"alt_text":"","src":"https:\/\/i0.wp.com\/www.freidenker.org\/fw17\/wp-content\/uploads\/2022\/04\/DEMONSTRATION-AM-23.-APRIL-2022-800x450-1.jpg?fit=800%2C450&ssl=1&resize=350%2C200","width":350,"height":200,"srcset":"https:\/\/i0.wp.com\/www.freidenker.org\/fw17\/wp-content\/uploads\/2022\/04\/DEMONSTRATION-AM-23.-APRIL-2022-800x450-1.jpg?fit=800%2C450&ssl=1&resize=350%2C200 1x, https:\/\/i0.wp.com\/www.freidenker.org\/fw17\/wp-content\/uploads\/2022\/04\/DEMONSTRATION-AM-23.-APRIL-2022-800x450-1.jpg?fit=800%2C450&ssl=1&resize=525%2C300 1.5x, https:\/\/i0.wp.com\/www.freidenker.org\/fw17\/wp-content\/uploads\/2022\/04\/DEMONSTRATION-AM-23.-APRIL-2022-800x450-1.jpg?fit=800%2C450&ssl=1&resize=700%2C400 2x"},"classes":[]},{"id":14560,"url":"https:\/\/www.freidenker.org\/?p=14560","url_meta":{"origin":15541,"position":3},"title":"Die Drushba-Pipeline muss offen bleiben","author":"Webredaktion","date":"1. November 2022","format":false,"excerpt":"Unter dem Motto \"Drushba-Pipeline offen halten! PCK & Schwedt m\u00fcssen leben! Nord Stream 2 in Betrieb nehmen\" fand am 29.10.2022 eine Solidarit\u00e4tskundgebung mit den Besch\u00e4ftigten der PCK-Raffinerie und ihren Familien statt. Aufgerufen hatten die DKP Berlin & DKP Brandenburg. Wir dokumentieren hier den Aufruf der DKP zur Kundgebung und die\u2026","rel":"","context":"In &quot;Frieden - Antifaschismus - Solidarit\u00e4t&quot;","block_context":{"text":"Frieden - Antifaschismus - Solidarit\u00e4t","link":"https:\/\/www.freidenker.org\/?cat=13"},"img":{"alt_text":"","src":"https:\/\/i0.wp.com\/www.freidenker.org\/fw17\/wp-content\/uploads\/2022\/11\/221029schwedt2_800x450.jpg?fit=800%2C450&ssl=1&resize=350%2C200","width":350,"height":200,"srcset":"https:\/\/i0.wp.com\/www.freidenker.org\/fw17\/wp-content\/uploads\/2022\/11\/221029schwedt2_800x450.jpg?fit=800%2C450&ssl=1&resize=350%2C200 1x, https:\/\/i0.wp.com\/www.freidenker.org\/fw17\/wp-content\/uploads\/2022\/11\/221029schwedt2_800x450.jpg?fit=800%2C450&ssl=1&resize=525%2C300 1.5x, https:\/\/i0.wp.com\/www.freidenker.org\/fw17\/wp-content\/uploads\/2022\/11\/221029schwedt2_800x450.jpg?fit=800%2C450&ssl=1&resize=700%2C400 2x"},"classes":[]},{"id":11346,"url":"https:\/\/www.freidenker.org\/?p=11346","url_meta":{"origin":15541,"position":4},"title":"Bundestagswahl: Unterst\u00fctzung der DKP durch Genossen der PRCF","author":"Webredaktion","date":"4. Oktober 2021","format":false,"excerpt":"Wir dokumentieren ein Video mit der auf Deutsch gehaltenen Rede von Aymeric Monville, dem Leiter der internationalen Kommission des PRCF, bei einer Demonstration vor der Deutschen Botschaft in Paris am Sonntag, am 26. September \u00a02021, dem Tag der Bundestagwahl. Der PRCF hat schon mehrfach vor Botschaften in Paris gegen das\u2026","rel":"","context":"In &quot;Demokratie \u2013 Medien \u2013 Aufkl\u00e4rung&quot;","block_context":{"text":"Demokratie \u2013 Medien \u2013 Aufkl\u00e4rung","link":"https:\/\/www.freidenker.org\/?cat=12"},"img":{"alt_text":"","src":"https:\/\/i0.wp.com\/www.freidenker.org\/fw17\/wp-content\/uploads\/2021\/10\/DKP_Wahlunterstuetzung_Paris_800x450.jpg?fit=800%2C450&ssl=1&resize=350%2C200","width":350,"height":200,"srcset":"https:\/\/i0.wp.com\/www.freidenker.org\/fw17\/wp-content\/uploads\/2021\/10\/DKP_Wahlunterstuetzung_Paris_800x450.jpg?fit=800%2C450&ssl=1&resize=350%2C200 1x, https:\/\/i0.wp.com\/www.freidenker.org\/fw17\/wp-content\/uploads\/2021\/10\/DKP_Wahlunterstuetzung_Paris_800x450.jpg?fit=800%2C450&ssl=1&resize=525%2C300 1.5x, https:\/\/i0.wp.com\/www.freidenker.org\/fw17\/wp-content\/uploads\/2021\/10\/DKP_Wahlunterstuetzung_Paris_800x450.jpg?fit=800%2C450&ssl=1&resize=700%2C400 2x"},"classes":[]},{"id":20199,"url":"https:\/\/www.freidenker.org\/?p=20199","url_meta":{"origin":15541,"position":5},"title":"Wir sagen zusammen Halt! Kriegshetzer raus!","author":"Webredaktion","date":"5. November 2024","format":false,"excerpt":"Gegen den GR\u00dcNEN-Parteitag in Wiesbaden, 15. - 17. November 2024 Die Gr\u00fcnen sind eine in weiten Teilen kriegs\u00adgeile Partei, die Hitlers m\u00f6rderischem Russ\u00adlandhass nacheifert. In Wiesbaden ist kein Platz f\u00fcr russophobe Hetzer und Kriegs\u00adtreiber! Pleite-Minister Habeck jubelt \u00fcber die \u201eUnab\u00adh\u00e4ngigkeit von russischer Energie\u201c und verord\u00adnet uns die Abh\u00e4ngigkeit von umweltsch\u00e4d\u00adlichem\u2026","rel":"","context":"In &quot;Frieden - Antifaschismus - Solidarit\u00e4t&quot;","block_context":{"text":"Frieden - Antifaschismus - Solidarit\u00e4t","link":"https:\/\/www.freidenker.org\/?cat=13"},"img":{"alt_text":"","src":"https:\/\/i0.wp.com\/www.freidenker.org\/fw17\/wp-content\/uploads\/2024\/11\/Baerbock_Karikatur_v2_800x450.jpg?fit=800%2C450&ssl=1&resize=350%2C200","width":350,"height":200,"srcset":"https:\/\/i0.wp.com\/www.freidenker.org\/fw17\/wp-content\/uploads\/2024\/11\/Baerbock_Karikatur_v2_800x450.jpg?fit=800%2C450&ssl=1&resize=350%2C200 1x, https:\/\/i0.wp.com\/www.freidenker.org\/fw17\/wp-content\/uploads\/2024\/11\/Baerbock_Karikatur_v2_800x450.jpg?fit=800%2C450&ssl=1&resize=525%2C300 1.5x, https:\/\/i0.wp.com\/www.freidenker.org\/fw17\/wp-content\/uploads\/2024\/11\/Baerbock_Karikatur_v2_800x450.jpg?fit=800%2C450&ssl=1&resize=700%2C400 2x"},"classes":[]}],"_links":{"self":[{"href":"https:\/\/www.freidenker.org\/index.php?rest_route=\/wp\/v2\/posts\/15541","targetHints":{"allow":["GET"]}}],"collection":[{"href":"https:\/\/www.freidenker.org\/index.php?rest_route=\/wp\/v2\/posts"}],"about":[{"href":"https:\/\/www.freidenker.org\/index.php?rest_route=\/wp\/v2\/types\/post"}],"author":[{"embeddable":true,"href":"https:\/\/www.freidenker.org\/index.php?rest_route=\/wp\/v2\/users\/3"}],"replies":[{"embeddable":true,"href":"https:\/\/www.freidenker.org\/index.php?rest_route=%2Fwp%2Fv2%2Fcomments&post=15541"}],"version-history":[{"count":0,"href":"https:\/\/www.freidenker.org\/index.php?rest_route=\/wp\/v2\/posts\/15541\/revisions"}],"wp:featuredmedia":[{"embeddable":true,"href":"https:\/\/www.freidenker.org\/index.php?rest_route=\/wp\/v2\/media\/15545"}],"wp:attachment":[{"href":"https:\/\/www.freidenker.org\/index.php?rest_route=%2Fwp%2Fv2%2Fmedia&parent=15541"}],"wp:term":[{"taxonomy":"category","embeddable":true,"href":"https:\/\/www.freidenker.org\/index.php?rest_route=%2Fwp%2Fv2%2Fcategories&post=15541"},{"taxonomy":"post_tag","embeddable":true,"href":"https:\/\/www.freidenker.org\/index.php?rest_route=%2Fwp%2Fv2%2Ftags&post=15541"}],"curies":[{"name":"wp","href":"https:\/\/api.w.org\/{rel}","templated":true}]}}