{"id":15511,"date":"2023-03-16T23:53:37","date_gmt":"2023-03-16T22:53:37","guid":{"rendered":"https:\/\/www.freidenker.org\/?p=15511"},"modified":"2023-04-06T14:54:06","modified_gmt":"2023-04-06T12:54:06","slug":"zwei-deutsche-angriffskriege-waren-genug","status":"publish","type":"post","link":"https:\/\/www.freidenker.org\/?p=15511","title":{"rendered":"Zwei deutsche Angriffskriege waren genug!"},"content":{"rendered":"<h4>Nichts gelernt aus der Geschichte?<\/h4>\n<p><strong>Kommentar vom Hochblauen<\/strong><\/p>\n<p><em>Von <strong>Evelyn Hecht-Galinski<\/strong><\/em><\/p>\n<p><span style=\"font-size: 10pt;\">Erstver\u00f6ffentlichung am 14.03.2023 im Blog <a href=\"https:\/\/sicht-vom-hochblauen.de\/kommentar-vom-hochblauen-zwei-deutsche-angriffskriege-waren-genug-nichts-gelernt-aus-der-geschichte-von-evelyn-hecht-galinski\/\" target=\"_blank\" rel=\"noopener\">Sicht vom Hochblauen<\/a><\/span><\/p>\n<p>Wer gehofft hatte, dass vielleicht ein Umdenken stattfinden k\u00f6nnte, hat sich gr\u00fcndlich geirrt. Wir rutschen immer tiefer in den Irrsinn der blinden, ja fanatischen Ukraine-Unterst\u00fctzung hinein. Wenn der Kommissar der EU, Borell gar von \u201eKriegsmentalit\u00e4t\u201c spricht, in die wir kommen sollten, da sie uns noch zu fehlen scheint, dann ist das so wenig hinnehmbar, wie ein mehr als fragw\u00fcrdiges \u201eF\u00fchrungspersonal\u201c, dass in blinder Untergebenheit zugunsten der US-Nato-Politik agiert und daf\u00fcr schamlos eigene Interessen aufgibt. Schon der Friedensnobelpreis f\u00fcr diese kriegsl\u00fcsterne und keinesfalls Frieden schaffende EU war ein trauriger Fehlgriff, wie schon so viele zuvor. Eine EU, die zusammen mit USA-finanzierten Umbenennungen \u201ezu Ehren\u201c von Nazi-Kollaborateuren und Antisemiten an die Ukraine finanziert, die ganze St\u00e4dte und Siedlungen zu Ehren von Nazi-Kollaborateuren umbenennt und russische Kultur-Denkm\u00e4ler zerst\u00f6rt, hat sich au\u00dferhalb aller \u201eWerte\u201c und Demokratie ins nazistische Abseits begeben. Alles unter der Regie eines \u201eAlibi-Juden\u201c, eines Schmierenkomiker-Darstellers, dessen Vorbild das faschistische \u201eGro\u00df-Israel\u201c und seine Expansionsgel\u00fcste ist.<\/p>\n<h5>Was soll man da noch sagen?<\/h5>\n<p>Wenn die finnische Ministerpr\u00e4sidentin Sanna Marin zusammen mit Wolodomyr Selenskyj Dmytro Kotsiubailo (Spitzname: Da Vinci), einen ukrainischen gefallenen Neo-Nazi, einen Mann des \u201eRechten Sektors\u201c ehrt, was soll man da noch sagen? Der \u201eRechte Sektor\u201c: was f\u00fcr ein Organisation! Er geht auf nationalistische Bewegungen des 20. Jahrhunderts zur\u00fcck und z\u00e4hlt Nazi-Kollaborateure wie Stepan Bandera und Roman Shukhovych zu seinen Helden. Sie spielte eine entscheidende Rolle beim Machtwechsel in Kiew 2014. Ihre Mitglieder inszenierten gewaltsame Zusammenst\u00f6\u00dfe und nahmen Verwaltungsgeb\u00e4ude in Beschlag. Anschlie\u00dfend unterdr\u00fcckten sie Proteste in der Ostukraine, was den bewaffneten Konflikt in der Region ausl\u00f6ste. Der Oberste Gerichtshof Russlands stufte sie als extremistische Organisation ein und verbot ihre Aktivit\u00e4ten im Lande.<\/p>\n<p>Ja die Geschichte wiederholt sich, und der faschistische Bruderkreis schlie\u00dft sich erneut. Wir stehen wieder an der Ostfront im Baltikum, und uns und den Soldaten wird suggeriert, dass wir \u201eunsere\u201c Werte und \u201eunsere\u201c Freiheit gegen den Feind Russland verteidigen. Schon wird aufger\u00fcstet wie nie zuvor. Alle Schleusen sind ge\u00f6ffnet, die uns direkt in den Krieg f\u00fchren. Fast t\u00e4glich sollen wir mit Begriffen, die immer mit der Notwendigkeit von Krieg und Waffen und Sieg der Ukraine, uns von der Richtigkeit der Ma\u00dfnahmen \u00fcberzeugen sollen. Zweifel und Kritik sind nat\u00fcrlich unerw\u00fcnscht und werden nicht mehr geduldet, au\u00dfer man stellt sich in die Ecke der Au\u00dfenseiter, der Unerw\u00fcnschten.<\/p>\n<h5>Schnurstracks in den Krieg und einen neuen Gr\u00f6\u00dfenwahn?<\/h5>\n<p>Deutsche Medien st\u00fcrmen schnurstracks in den Krieg, sie r\u00fcsten t\u00e4glich auf, zu \u201eneuen Ufern\u201c, um uns, die noch zahlenden Leser und verbliebenen Abonnenten, voll einzustimmen in eine entbehrungsreiche \u201eZeitenwende\u201c. Die gr\u00fcn-rot-gelb-schwarzen Politiker und auch die so genannte Linke haben sich v\u00f6llig auf den transatlantischen Trip der Russland- und Putinhasser begeben. Nun k\u00f6nnen sie endlich ihrem Hass freien Lauf lassen und das tun, was schon lange in ihnen g\u00e4rte, ein Ventil f\u00fcr das Ende der deutschen Minderwertigkeitskomplexe und einen neuen Gr\u00f6\u00dfenwahn.<\/p>\n<p>Auch wenn Kanzler Scholz es bestreitet, alles scheint im Sprung auf Kriegswirtschaft zu sein. Man schw\u00f6rt uns ein auf auf Verzicht und Sparen \u2013 alles, um die steigenden NATO- und Ukraine-Kosten bew\u00e4ltigen zu k\u00f6nnen. Wir haben zwar noch keinen \u201eF\u00fchrer\u201c, aber unsere Politiker f\u00fchren uns t\u00e4glich vor, wie leicht es ist, an eine Machtergreifung eines Volkes ganz \u201eohne Zwang\u201c und auf so \u201edemokratischem\u201c Weg zu gelangen.<\/p>\n<h5>Geschichtsbewusstsein: nicht gefragt?<\/h5>\n<p>Jetzt begreife ich es auch immer mehr, wie das \u201edeutsche Volk\u201c in die F\u00e4nge der Nazis gelangte und jubelte. Nie wieder: was f\u00fcr ein Spruch! Nie wieder Krieg: was f\u00fcr eine Farce! Wir stecken tiefer in Kriegen weltweit, als ich es jemals f\u00fcr m\u00f6glich hielt. Ich frage mich nur, wann werden wir wieder gegen Russen in den Krieg ziehen, entgegen aller Beteuerungen? Haben uns die zwei Weltkriege noch nicht gereicht? Hat uns nicht gereicht, dass wir 27 Millionen Rote-Armee-Kriegsopfer auf dem Gewissen haben? Geschichtsbewusstsein: nicht gefragt, wenn es um Russland geht?<\/p>\n<p>Aber wenn es um das zionistische Apartheid-Besatzungs-Regime geht, dann wird die Geschichte gern bem\u00fcht und die Einmaligkeit des Holocaust immer wieder betont, obwohl diese Einseitigkeit heute auch und gerade unter j\u00fcdischen Historikern als mehr als umstritten gilt. Nehmen wir doch ein aktuelles Beispiel. Am letzten Freitag besuchte Bundespr\u00e4sident Steinmeier in einem fast \u201ekonspirativen\u201c, medial kaum beachteten Kurz-Trip den \u201ej\u00fcdischen Staat\u201c anl\u00e4sslich des f\u00fcnfzigj\u00e4hrigen Bestehens der Universit\u00e4t Haifa. Dort \u201esorgte\u201c er sich um den geplanten \u201eUmbau des Rechtsstaats\u201c \u2013 eine mehr als vage und schwammige Erkl\u00e4rung, aber nicht ohne darauf hinzuweisen, dass Deutschland immer \u201emit gro\u00dfer Bewunderung auf den starken und lebendigen Rechtsstaat in Israel geschaut\u201c hat.<\/p>\n<h5>Kein Ort f\u00fcr jemanden, der Rassegesetze\u201c einf\u00fchrt!<\/h5>\n<p>Also: da rieb ich mir die Augen und fragte mich , wie kann man einen j\u00fcdischen Besatzungsstaat, der sich seit Staatsgr\u00fcndung um nichts anderes bem\u00fcht, als die Judaisierung Pal\u00e4stinas auf Kosten der Ur-Bev\u00f6lkerung der Pal\u00e4stinenser zu vollenden, als \u201elebendigen Rechtsstaat\u201c bezeichnen, der das Recht nur f\u00fcr einen j\u00fcdischen Teil der Bev\u00f6lkerung gelten lassen will? Wenn am Donnerstag Ministerpr\u00e4sident Netanjahu zum Gegenbesuch nach Berlin kommt, dann sollte er unmissverst\u00e4ndlich darauf hingewiesen werden, dass solange er diese faschistische Koalition leitet und die \u201eJerusalemer Rassegesetze\u201c einf\u00fchrt, er unwillkommen ist! Ich hoffe sehr, dass ich es noch erlebe, dass Steinmeier sich in Deutschland und Pal\u00e4stina daf\u00fcr entschuldigen muss, wie falsch er die Politik in Pal\u00e4stina einsch\u00e4tzte.<\/p>\n<p>Jetzt verstehe ich auch das Beharren des Zentralratsvorsitzenden Schuster auf den Begriff \u201eRasse\u201c, schlie\u00dflich erinnert er nicht nur an die rassistische Judenvernichtung in Deutschland, sondern steht auch als warnendes Menetekel \u00fcber den \u201eJerusalemer Rassegesetzen\u201c, die so sehr an die \u201eN\u00fcrnberger Gesetze\u201c erinnern. Nur dann und nur dann lasse ich diesen Wunsch gelten. Aber solange Schuster weder den \u201ej\u00fcdischen Staat\u201c f\u00fcr seine faschistische Politik kritisiert und die Solidarit\u00e4t verweigert, solange ist sein Einspruch unglaubw\u00fcrdig. Jeder Jude ist aufgerufen, sich gegen diesen Staat und seine Politik aufzub\u00e4umen.<\/p>\n<h5>Sage niemand, er habe es nicht gewusst!<\/h5>\n<p>Also: da rieb ich mir die Augen und fragte mich, wie kann man einen j\u00fcdischen Besatzungsstaat, der sich seit Staatsgr\u00fcndung um nichts anderes bem\u00fcht als die Judaisierung Pal\u00e4stinas auf Kosten der Ur-Bev\u00f6lkerung der Pal\u00e4stinenser zu vollenden, als \u201elebendigen Rechtsstaat\u201c bezeichnen, der das Recht nur f\u00fcr einen j\u00fcdischen Teil der Bev\u00f6lkerung gelten lassen will? Ich hoffe sehr, dass ich es noch erlebe, dass Steinmeier sich in Deutschland und Pal\u00e4stina daf\u00fcr entschuldigen muss, wie falsch er die Politik in Pal\u00e4stina einsch\u00e4tzte. Wenn\u00a0 Ministerpr\u00e4sident Netanjahu von Mittwoch , bis Freitag zu dem Besuch, zu dem er sich selbst eingeladen hat, nach Berlin kommt, dann sollte er unmissverst\u00e4ndlich darauf hingewiesen werden, dass Deutschland und Israel keine \u201cgemeinsamen Werte\u201d teilt, und dass \u2013 solange er diese faschistische Besatzungskoalition leitet und die \u201eJerusalemer Rassegesetze\u201c einf\u00fchrt \u2013 er unwillkommen ist! Israelische und deutsche Israel-Kritiker haben Demonstrationen angek\u00fcndigt. Sie wollen ihren Protest gegen diesen Besuch zeigen. Es w\u00e4re sch\u00f6n, wenn es au\u00dfer den Zehntausenden Israelis auch viele engagierte Deutsche sind, die gegen Netanjahu ihren Unmut bekunden. F\u00fcr Mittwoch, wenn Netanjahu nach Berlin fliegt, sind in Israel Stra\u00dfenblockaden auf den Zufahrtswegen zum Flughafen, f\u00fcr Donnerstag ein landesweiter \u201eTag des eskalierenden Widerstands\u201c angek\u00fcndigt. M\u00f6ge dieser Tag hier auch unterst\u00fctzt werden. Gerade in Israel und Pal\u00e4stina erwartet man ein deutliches Zeichen der Politik. Kritik ist nicht heikel, sondern erw\u00fcnscht und n\u00f6tig \u2013 wie ein Ende der deutschen Staatsr\u00e4son f\u00fcr den \u201cj\u00fcdischen Staat\u201d.<\/p>\n<p style=\"text-align: right;\"><em>Evelyn Hecht-Galinski ist Mitglied des Deutschen Freidenker-Verbandes<\/em><\/p>\n<hr \/>\n<h4><strong>An die Soldaten<\/strong><\/h4>\n<p><em>Von Erich M\u00fchsam<\/em><\/p>\n<p>Sauft, Soldaten!<br \/>\nda\u00df das Blut<br \/>\nhei\u00dfer durch die Adern rinnt!<br \/>\nSaufen macht zum Sterben Mut.<br \/>\nSauft! Die Zeit der Heldentaten<br \/>\nfordert saftige Teufelsbraten.<br \/>\nSauft! Der heilige Krieg beginnt.<\/p>\n<p>Sauft und betet!<br \/>\nGott erh\u00f6rt<br \/>\nliebvoll der Gl\u00e4ubigen Ruf.<br \/>\nW\u00fcnscht, da\u00df er den Feind zerst\u00f6rt!<br \/>\nWenn ihr \u00fcber Leichen tretet,<br \/>\ndankt dem Herrn, zu dem ihr flehtet,<br \/>\nda\u00df er euch zu M\u00f6rdern schuf.<\/p>\n<p>Feindeskissen<br \/>\nbettet weich.<br \/>\nWo des Feindes Witwe weint,<br \/>\nist des Siegers Himmelreich.<br \/>\nFremde Weiber \u2013 Leckerbissen \u2013<br \/>\nSchnaps, Gebet und kein Gewissen \u2013<br \/>\nKrieg ist Krieg und Feind ist Feind.<\/p>\n<p>Tapfrer Krieger,<br \/>\nder vergi\u00dft,<br \/>\nda\u00df ein Herz im Leibe schl\u00e4gt,<br \/>\nda\u00df er Mensch gewesen ist,<br \/>\neh er K\u00e4mpfer war und Sieger.<br \/>\nEdler Held, der gleich dem Tiger<br \/>\nblutige Beute heimw\u00e4rts tr\u00e4gt.<\/p>\n<p>Heldenscharen<br \/>\nkehrt ihr heim,<br \/>\nfielt ihr nicht von Feindeshand.<br \/>\nIn der Brust den Todeskeim,<br \/>\nKr\u00fcppel mit gebleichten Haaren,<br \/>\nsucht, wo eure St\u00e4tten waren<br \/>\nim zerw\u00fchlten Vaterland.<\/p>\n<p>Qual und Lasten<br \/>\nsind der Dank.<br \/>\nWeib und Kind in bittrer Not.<br \/>\nEuer Heldentum versank.<br \/>\nDarben lernt ihr nun und fasten.<br \/>\nBettelnd mit dem Leierkasten<br \/>\nwinselt ihr ums Gnadenbrot.<\/p>\n<p>&nbsp;<\/p>\n<p><span style=\"font-size: 10pt;\">Der Beitrag wurde auch ver\u00f6ffentlicht in der Neuen Rheinischen Zeitung (NRhZ) in Ausgabe 808 vom 15.03.2023:\u00a0 <a href=\"http:\/\/www.nrhz.de\/flyer\/beitrag.php?id=28516\">http:\/\/www.nrhz.de\/flyer\/beitrag.php?id=28516<\/a><\/span><\/p>\n<hr \/>\n<p><span style=\"font-size: 10pt;\">Bild: <a href=\"https:\/\/pixabay.com\/de\/photos\/armageddon-zerst%c3%b6rung-apokalypse-2546068\/\" target=\"_blank\" rel=\"noopener\">pixabay.com<\/a> \/ <a class=\"hover_opacity\" href=\"https:\/\/pixabay.com\/de\/users\/thedigitalartist-202249\/\">TheDigitalArtist<\/a> \/ <a href=\"https:\/\/pixabay.com\/de\/service\/terms\/\">Pixabay License<\/a><\/span><\/p>\n","protected":false},"excerpt":{"rendered":"<p><b>Kommentar von Evelyn Hecht-Galinski<\/b><br \/>\nWer gehofft hatte, dass vielleicht ein Umdenken stattfinden k\u00f6nnte, hat sich gr\u00fcndlich geirrt. Wir rutschen immer tiefer in den Irrsinn der blinden, ja fanatischen Ukraine-Unterst\u00fctzung hinein. Wenn der Kommissar der EU, Borell gar von \u201eKriegsmentalit\u00e4t\u201c spricht, in die wir kommen sollten, da sie uns noch zu fehlen scheint, dann ist das so wenig hinnehmbar, wie ein mehr als fragw\u00fcrdiges \u201eF\u00fchrungspersonal\u201c, dass in blinder Untergebenheit zugunsten der US-Nato-Politik agiert und daf\u00fcr schamlos eigene Interessen aufgibt. Schon der Friedensnobelpreis f\u00fcr diese kriegsl\u00fcsterne und keinesfalls Frieden schaffende EU war ein trauriger Fehlgriff, wie schon so viele zuvor.<\/p>\n","protected":false},"author":3,"featured_media":15512,"comment_status":"closed","ping_status":"closed","sticky":false,"template":"","format":"standard","meta":{"colormag_page_container_layout":"default_layout","colormag_page_sidebar_layout":"default_layout","advanced_seo_description":"","jetpack_seo_html_title":"","jetpack_seo_noindex":false,"jetpack_post_was_ever_published":false,"footnotes":""},"categories":[13],"tags":[1032,451,491,393,1491,964,394,794,639,1624],"class_list":["post-15511","post","type-post","status-publish","format-standard","has-post-thumbnail","hentry","category-frieden-antifaschismus-solidaritaet","tag-bundesregierung","tag-faschismus","tag-geschichte","tag-israel","tag-kriegstreiberei","tag-medienhetze","tag-palaestina","tag-rechtsstaatlichkeit","tag-ukraine-konflikt","tag-werte"],"jetpack_featured_media_url":"https:\/\/i0.wp.com\/www.freidenker.org\/fw17\/wp-content\/uploads\/2023\/03\/armageddon-2546068_1280.jpg?fit=800%2C450&ssl=1","jetpack_shortlink":"https:\/\/wp.me\/p9stpK-42b","jetpack-related-posts":[{"id":16979,"url":"https:\/\/www.freidenker.org\/?p=16979","url_meta":{"origin":15511,"position":0},"title":"Tod und Verderben: \u201eFest eingeplant\u201c","author":"Webredaktion","date":"19. September 2023","format":false,"excerpt":"Kommentar von Evelyn Hecht-Galinski Wenn ein deutscher Finanzminister in die Ukraine reist, dann kann der deutsche Steuerzahler etwas erleben. Als FDP-Lindner am letzten Montag im Sonderzug in der Ukraine einfuhr, da wollte er in seinem 12-Stunden-Blitzbesuch \u201eein Zeichen setzen\u201c \u2013 in dem Land, in dem auch \u201eunsere Werte verteidigt\u201c werden.\u2026","rel":"","context":"In &quot;Demokratie \u2013 Medien \u2013 Aufkl\u00e4rung&quot;","block_context":{"text":"Demokratie \u2013 Medien \u2013 Aufkl\u00e4rung","link":"https:\/\/www.freidenker.org\/?cat=12"},"img":{"alt_text":"","src":"https:\/\/i0.wp.com\/www.freidenker.org\/fw17\/wp-content\/uploads\/2023\/09\/cost-4164565_800x450.jpg?fit=800%2C450&ssl=1&resize=350%2C200","width":350,"height":200,"srcset":"https:\/\/i0.wp.com\/www.freidenker.org\/fw17\/wp-content\/uploads\/2023\/09\/cost-4164565_800x450.jpg?fit=800%2C450&ssl=1&resize=350%2C200 1x, https:\/\/i0.wp.com\/www.freidenker.org\/fw17\/wp-content\/uploads\/2023\/09\/cost-4164565_800x450.jpg?fit=800%2C450&ssl=1&resize=525%2C300 1.5x, https:\/\/i0.wp.com\/www.freidenker.org\/fw17\/wp-content\/uploads\/2023\/09\/cost-4164565_800x450.jpg?fit=800%2C450&ssl=1&resize=700%2C400 2x"},"classes":[]},{"id":15692,"url":"https:\/\/www.freidenker.org\/?p=15692","url_meta":{"origin":15511,"position":1},"title":"Mit propagandistischem Bombenhagel in Bombenstimmung?","author":"Webredaktion","date":"5. April 2023","format":false,"excerpt":"Kommentar vom Evelyn Hecht-Galinski Es ist unfassbar, wie sich der mediale Propagandakrieg parallel zum anhaltenden Krieg in der Ukraine entwickelt. Nicht nur, dass die deutsche Regierung Steuer-Milliarden und \u201cSonderverm\u00f6gen\u201d in die korrupte Nazi-Ukraine geradezu hineinschmei\u00dft, sondern auch die Selbstverst\u00e4ndlichkeit, mit der das geschieht, macht so zornig. Nichts mehr ist geblieben\u2026","rel":"","context":"In &quot;Frieden - Antifaschismus - Solidarit\u00e4t&quot;","block_context":{"text":"Frieden - Antifaschismus - Solidarit\u00e4t","link":"https:\/\/www.freidenker.org\/?cat=13"},"img":{"alt_text":"","src":"https:\/\/i0.wp.com\/www.freidenker.org\/fw17\/wp-content\/uploads\/2023\/04\/building-7051359_800x450.jpg?fit=800%2C450&ssl=1&resize=350%2C200","width":350,"height":200,"srcset":"https:\/\/i0.wp.com\/www.freidenker.org\/fw17\/wp-content\/uploads\/2023\/04\/building-7051359_800x450.jpg?fit=800%2C450&ssl=1&resize=350%2C200 1x, https:\/\/i0.wp.com\/www.freidenker.org\/fw17\/wp-content\/uploads\/2023\/04\/building-7051359_800x450.jpg?fit=800%2C450&ssl=1&resize=525%2C300 1.5x, https:\/\/i0.wp.com\/www.freidenker.org\/fw17\/wp-content\/uploads\/2023\/04\/building-7051359_800x450.jpg?fit=800%2C450&ssl=1&resize=700%2C400 2x"},"classes":[]},{"id":16194,"url":"https:\/\/www.freidenker.org\/?p=16194","url_meta":{"origin":15511,"position":2},"title":"Braune Bande rosten nicht!","author":"Webredaktion","date":"29. Mai 2023","format":false,"excerpt":"Kommentar von Evelyn Hecht-Galinski Was sich am letzten Wochenende in Berlin und Aachen abspielte, war so exemplarisch f\u00fcr die sogenannte \u201eZeitenwende\u201c, die in Wirklichkeit nichts anderes ist als eine transatlantische Arschleckerei schleimender Funktionstr\u00e4ger und Ampel-Regierender, die sich durch alle Parteien zieht. Es war geradezu erschreckend, wie schon im Vorfeld des\u2026","rel":"","context":"In &quot;Demokratie \u2013 Medien \u2013 Aufkl\u00e4rung&quot;","block_context":{"text":"Demokratie \u2013 Medien \u2013 Aufkl\u00e4rung","link":"https:\/\/www.freidenker.org\/?cat=12"},"img":{"alt_text":"","src":"https:\/\/i0.wp.com\/www.freidenker.org\/fw17\/wp-content\/uploads\/2023\/05\/selenski_scholz_800x450.jpg?fit=800%2C450&ssl=1&resize=350%2C200","width":350,"height":200,"srcset":"https:\/\/i0.wp.com\/www.freidenker.org\/fw17\/wp-content\/uploads\/2023\/05\/selenski_scholz_800x450.jpg?fit=800%2C450&ssl=1&resize=350%2C200 1x, https:\/\/i0.wp.com\/www.freidenker.org\/fw17\/wp-content\/uploads\/2023\/05\/selenski_scholz_800x450.jpg?fit=800%2C450&ssl=1&resize=525%2C300 1.5x, https:\/\/i0.wp.com\/www.freidenker.org\/fw17\/wp-content\/uploads\/2023\/05\/selenski_scholz_800x450.jpg?fit=800%2C450&ssl=1&resize=700%2C400 2x"},"classes":[]},{"id":14838,"url":"https:\/\/www.freidenker.org\/?p=14838","url_meta":{"origin":15511,"position":3},"title":"Sch\u00f6n war die Zeit","author":"Webredaktion","date":"17. Dezember 2022","format":false,"excerpt":"Kommentar von\u00a0Evelyn Hecht-Galinski Als wir noch nicht Tag und Nacht mit Propaganda-Nachrichten \u00fcberrollt wurden, die das Feindbild Russland mit seinem Pr\u00e4sidenten an die Wand malten, unter Auslassung wichtiger Informationen zur Ursache des Krieges in der Ukraine. Und als die deutsche Bev\u00f6lkerung noch nicht zu 82 Prozent Angst hatte, den Mund\u2026","rel":"","context":"In &quot;Demokratie \u2013 Medien \u2013 Aufkl\u00e4rung&quot;","block_context":{"text":"Demokratie \u2013 Medien \u2013 Aufkl\u00e4rung","link":"https:\/\/www.freidenker.org\/?cat=12"},"img":{"alt_text":"","src":"https:\/\/i0.wp.com\/www.freidenker.org\/fw17\/wp-content\/uploads\/2022\/12\/russland_deutschland_haende_800x450.jpg?fit=800%2C450&ssl=1&resize=350%2C200","width":350,"height":200,"srcset":"https:\/\/i0.wp.com\/www.freidenker.org\/fw17\/wp-content\/uploads\/2022\/12\/russland_deutschland_haende_800x450.jpg?fit=800%2C450&ssl=1&resize=350%2C200 1x, https:\/\/i0.wp.com\/www.freidenker.org\/fw17\/wp-content\/uploads\/2022\/12\/russland_deutschland_haende_800x450.jpg?fit=800%2C450&ssl=1&resize=525%2C300 1.5x, https:\/\/i0.wp.com\/www.freidenker.org\/fw17\/wp-content\/uploads\/2022\/12\/russland_deutschland_haende_800x450.jpg?fit=800%2C450&ssl=1&resize=700%2C400 2x"},"classes":[]},{"id":14771,"url":"https:\/\/www.freidenker.org\/?p=14771","url_meta":{"origin":15511,"position":4},"title":"Weltmeister in Doppelmoral","author":"Webredaktion","date":"30. November 2022","format":false,"excerpt":"Kommentar von Evelyn Hecht-Galinski Wenn der Bundestag am 30. November auf massiven jahrzehntelangen Druck der Ukraine-Lobby die Hungersnot in der Ukraine 1932\/33, den so genannten \u201eHolodomor\u201c, zum Genozid erkl\u00e4ren wird, w\u00e4re das nur ein weiterer Tiefpunkt der deutschen Au\u00dfenpolitik. Dieser \u201eHolodomor\u201c war den meisten Historikern gem\u00e4\u00df kein Genozid, sondern eine\u2026","rel":"","context":"In &quot;Demokratie \u2013 Medien \u2013 Aufkl\u00e4rung&quot;","block_context":{"text":"Demokratie \u2013 Medien \u2013 Aufkl\u00e4rung","link":"https:\/\/www.freidenker.org\/?cat=12"},"img":{"alt_text":"","src":"https:\/\/i0.wp.com\/www.freidenker.org\/fw17\/wp-content\/uploads\/2022\/11\/holodomor_montage_800x450.jpg?fit=800%2C450&ssl=1&resize=350%2C200","width":350,"height":200,"srcset":"https:\/\/i0.wp.com\/www.freidenker.org\/fw17\/wp-content\/uploads\/2022\/11\/holodomor_montage_800x450.jpg?fit=800%2C450&ssl=1&resize=350%2C200 1x, https:\/\/i0.wp.com\/www.freidenker.org\/fw17\/wp-content\/uploads\/2022\/11\/holodomor_montage_800x450.jpg?fit=800%2C450&ssl=1&resize=525%2C300 1.5x, https:\/\/i0.wp.com\/www.freidenker.org\/fw17\/wp-content\/uploads\/2022\/11\/holodomor_montage_800x450.jpg?fit=800%2C450&ssl=1&resize=700%2C400 2x"},"classes":[]},{"id":18518,"url":"https:\/\/www.freidenker.org\/?p=18518","url_meta":{"origin":15511,"position":5},"title":"Nichts aus der Geschichte gelernt \u2013 Isoliert am moralischen Abgrund","author":"Webredaktion","date":"9. M\u00e4rz 2024","format":false,"excerpt":"Kommentar von Evelyn Hecht-Galinski Was haben die F\u00fchrer der Ukraine und des \u201ej\u00fcdischen Staats\u201c gemeinsam? Beide sind machthungrig und beide sind skrupellos, wenn es um das Erreichen ihrer m\u00f6rderischen Ziele geht. W\u00e4hrend Wolodomyr Selenskyj Abend f\u00fcr Abend \u2013 um Hilfe schnorrend, immer werbetechnisch \u201ekriegerisch-olivgr\u00fcn\u201c perfekt gestylt und seinem so bescheiden\u2026","rel":"","context":"In &quot;Demokratie \u2013 Medien \u2013 Aufkl\u00e4rung&quot;","block_context":{"text":"Demokratie \u2013 Medien \u2013 Aufkl\u00e4rung","link":"https:\/\/www.freidenker.org\/?cat=12"},"img":{"alt_text":"","src":"https:\/\/i0.wp.com\/www.freidenker.org\/fw17\/wp-content\/uploads\/2024\/03\/existenz-3-galinski3_800x450.jpg?fit=800%2C450&ssl=1&resize=350%2C200","width":350,"height":200,"srcset":"https:\/\/i0.wp.com\/www.freidenker.org\/fw17\/wp-content\/uploads\/2024\/03\/existenz-3-galinski3_800x450.jpg?fit=800%2C450&ssl=1&resize=350%2C200 1x, https:\/\/i0.wp.com\/www.freidenker.org\/fw17\/wp-content\/uploads\/2024\/03\/existenz-3-galinski3_800x450.jpg?fit=800%2C450&ssl=1&resize=525%2C300 1.5x, https:\/\/i0.wp.com\/www.freidenker.org\/fw17\/wp-content\/uploads\/2024\/03\/existenz-3-galinski3_800x450.jpg?fit=800%2C450&ssl=1&resize=700%2C400 2x"},"classes":[]}],"_links":{"self":[{"href":"https:\/\/www.freidenker.org\/index.php?rest_route=\/wp\/v2\/posts\/15511","targetHints":{"allow":["GET"]}}],"collection":[{"href":"https:\/\/www.freidenker.org\/index.php?rest_route=\/wp\/v2\/posts"}],"about":[{"href":"https:\/\/www.freidenker.org\/index.php?rest_route=\/wp\/v2\/types\/post"}],"author":[{"embeddable":true,"href":"https:\/\/www.freidenker.org\/index.php?rest_route=\/wp\/v2\/users\/3"}],"replies":[{"embeddable":true,"href":"https:\/\/www.freidenker.org\/index.php?rest_route=%2Fwp%2Fv2%2Fcomments&post=15511"}],"version-history":[{"count":0,"href":"https:\/\/www.freidenker.org\/index.php?rest_route=\/wp\/v2\/posts\/15511\/revisions"}],"wp:featuredmedia":[{"embeddable":true,"href":"https:\/\/www.freidenker.org\/index.php?rest_route=\/wp\/v2\/media\/15512"}],"wp:attachment":[{"href":"https:\/\/www.freidenker.org\/index.php?rest_route=%2Fwp%2Fv2%2Fmedia&parent=15511"}],"wp:term":[{"taxonomy":"category","embeddable":true,"href":"https:\/\/www.freidenker.org\/index.php?rest_route=%2Fwp%2Fv2%2Fcategories&post=15511"},{"taxonomy":"post_tag","embeddable":true,"href":"https:\/\/www.freidenker.org\/index.php?rest_route=%2Fwp%2Fv2%2Ftags&post=15511"}],"curies":[{"name":"wp","href":"https:\/\/api.w.org\/{rel}","templated":true}]}}