{"id":15501,"date":"2023-03-16T23:53:13","date_gmt":"2023-03-16T22:53:13","guid":{"rendered":"https:\/\/www.freidenker.org\/?p=15501"},"modified":"2023-04-06T14:59:17","modified_gmt":"2023-04-06T12:59:17","slug":"kriegste-nicht-zusammen-im-kopf","status":"publish","type":"post","link":"https:\/\/www.freidenker.org\/?p=15501","title":{"rendered":"&#8222;Kriegste nicht zusammen im Kopf&#8220;"},"content":{"rendered":"<h4>ARD-Korrespondentin Ina Ruck entdeckt die Grenze des Narrativs<\/h4>\n<p><strong>In drei Tweets bekundet die Russland-Korrespondentin Ina Ruck ihr Unverst\u00e4ndnis gegen\u00fcber der russischen Wahrnehmung des Krieges. Sie entdeckt damit die Grenze der deutschen Erz\u00e4hlung \u00fcber den Krieg in der Ukraine. Diese Erfahrung steht Deutschland noch bevor. <\/strong><\/p>\n<p><em>von <strong>Gert Ewen Ungar<\/strong><\/em><\/p>\n<p><span style=\"font-size: 10pt;\">Erstver\u00f6ffentlichung am 14.03.2023 auf <a href=\"https:\/\/freeassange.rtde.live\/meinung\/165202-kriegste-nicht-zusammen-im-kopf\/\" target=\"_blank\" rel=\"noopener\">RT DE<\/a><\/span><\/p>\n<p>Ina Ruck ist <em>ARD<\/em>-Moskau-Korrespondentin. Sie berichtet aus Russland und bedient sich dabei gern in Deutschland verbreiteten Klischees \u00fcber Russland und die Russen. Ihr wird oft Einseitigkeit in der Berichterstattung vorgeworfen und die Vorw\u00fcrfe sind begr\u00fcndet. Schon an ihrer Berichterstattung zu Nawalny wurde deutlich, dass Ruck nicht aus Russland berichtet, um den deutschen Zuschauern Vorg\u00e4nge in Russland verst\u00e4ndlich zu machen, sondern dass sie Geschehnisse in Russland in ein westliches Narrativ einordnet. Die in Deutschland verbreitete Geschichte \u00fcber Nawalny als angeblich wichtigsten russischen Oppositionellen hat sie nicht angetastet, und das, obwohl in Russland jeder wei\u00df, dass sie nicht stimmt. Ruck war in Russland und sie wusste es daher auch. Dessen ungeachtet st\u00fctzte sie in der <em>ARD<\/em> die frei erfundene Erz\u00e4hlung \u00fcber Nawalny als eine der gr\u00f6\u00dften Gefahren f\u00fcr das bestehende politische System in Russland. Ein Mann\u00a0ohne jedes erkennbare politische Profil und mit zwielichtiger Vergangenheit wohlgemerkt \u2013 den Deutschen wurde eine R\u00e4uberpistole vorgesetzt, und Ruck hat sich ma\u00dfgeblich daran beteiligt.<\/p>\n<p>Ruck\u00a0wertet, wo sie berichten soll, suggeriert Zusammenh\u00e4nge, wo ihr Fakten fehlen, und unterschl\u00e4gt sie, wenn sie nicht ins Bild \u00fcber Russland passen. Dieser Strategie ist sie auch im Hinblick auf den Ukraine-Konflikt treu geblieben. Das ist selbstverst\u00e4ndlich das Gegenteil von Journalismus und auch das Gegenteil des Auftrags der \u00d6ffentlich-Rechtlichen.<\/p>\n<p>Die Erz\u00e4hlungen \u00fcber Russland, die in deutschen Medien in einer Art von freiwilliger Gleichschaltung einheitlich verbreitet und gepflegt werden, haben mit der russischen Lebenswirklichkeit wenig gemeinsam. Wer in der deutschen Medienlandschaft nach Journalisten sucht, die sich um ein ausgewogenes Bild von Russland und russischer Politik bem\u00fchen, wird in den gro\u00dfen Medien nicht f\u00fcndig. Auch der Blick deutscher Medien auf den Ukraine-Konflikt ist von tiefer Einseitigkeit und von Auslassungen gepr\u00e4gt.<\/p>\n<p>Diese Technik der Propaganda hat selbstverst\u00e4ndlich ihre Grenzen. Ina Ruck hat eine davon entdeckt \u2013 die geografische. Dort, wo deutsche und westliche Medien kaum hingelangen, ist ihre desinformierende Wirkung gering.<\/p>\n<blockquote class=\"twitter-tweet\" data-width=\"550\" data-dnt=\"true\">\n<p lang=\"de\" dir=\"ltr\">\u201eEin Kollege ist nicht zur\u00fcckgekommen. Sein Foto h\u00e4ngt jetzt an der Berufsschule\u201c. \u201eFreitag haben sie wieder drei gebracht\u201c.Der Krieg ist pr\u00e4sent in der sibirischen Kleinstadt. Die Plakate mit Gefallenen-Portr\u00e4ts wechseln. Keine\/r derer, mit denen wir reden, hinterfragt den Krieg <a href=\"https:\/\/t.co\/wJ4tgTGR3E\">pic.twitter.com\/wJ4tgTGR3E<\/a><\/p>\n<p>&mdash; Ina Ruck (@InaRuck) <a href=\"https:\/\/twitter.com\/InaRuck\/status\/1634232676017160205?ref_src=twsrc%5Etfw\">March 10, 2023<\/a><\/p><\/blockquote>\n<p><script async src=\"https:\/\/platform.twitter.com\/widgets.js\" charset=\"utf-8\"><\/script><\/p>\n<p>Die <em>ARD<\/em>-Korrespondentin ist derzeit in Sibirien unterwegs, und dort auf die Grenze der deutschen Erz\u00e4hlung \u00fcber den Ukraine-Konflikt gesto\u00dfen. Darauf macht sie in drei Tweets aufmerksam. Die Menschen w\u00fcrden den Krieg nicht hinterfragen, schreibt Ruck und man merkt ihr das Unverst\u00e4ndnis an. Sie seien gastfreundlich, fragen dann aber, warum der Westen den Krieg gegen Russland begonnen habt, warum er Faschisten mit Waffen ausr\u00fcstet? &#8222;Kriegste im Kopf nicht zusammen&#8220;, entr\u00fcstet sich Ruck glaubhaft. Wahrscheinlich versteht sie es wirklich nicht.<\/p>\n<blockquote class=\"twitter-tweet\" data-width=\"550\" data-dnt=\"true\">\n<p lang=\"de\" dir=\"ltr\">Auf dem Fluss sagt einer der Eisfischer: \u201eIch versteh\u2019s nicht. Wir haben ihnen in der Sowjetunion ihre Stra\u00dfen und Schulen gebaut &#8211; den Esten, Georgiern, Ukrainern. Und jetzt sind sie gegen uns\u201c. Feldstudie in Kolonialismus: Der sitzt so fest in den K\u00f6pfen wie das Eis auf dem Ob <a href=\"https:\/\/t.co\/RHTDVnL9Zz\">pic.twitter.com\/RHTDVnL9Zz<\/a><\/p>\n<p>&mdash; Ina Ruck (@InaRuck) <a href=\"https:\/\/twitter.com\/InaRuck\/status\/1634233090854797326?ref_src=twsrc%5Etfw\">March 10, 2023<\/a><\/p><\/blockquote>\n<p><script async src=\"https:\/\/platform.twitter.com\/widgets.js\" charset=\"utf-8\"><\/script><\/p>\n<p>Der Fehler, der ihr unterl\u00e4uft, ist ein zweifacher: Sie glaubt daran, dass die deutsche Sicht auf den Konflikt die richtige ist. Und sie glaubt auch daran, dass diese Sicht unstrittig\u00a0und daher \u00fcberall g\u00fcltig ist. Das ist keineswegs der Fall. Das, woran Ruck im Hinblick auf den Ukraine-Konflikt glaubt, hat enge regionale Grenzen.<\/p>\n<blockquote class=\"twitter-tweet\" data-width=\"550\" data-dnt=\"true\">\n<p lang=\"de\" dir=\"ltr\">\u00dcberall herzliche Gastfreundschaft. Dann Fragen wie: \u201eWarum hat der Westen den Krieg gegen uns begonnen?\u201c, \u201eWarum gebt ihr den Faschisten Waffen?\u201c Sie glauben das, mit aufrichtiger Emp\u00f6rung. Und sind v\u00f6llig perplex, wenn man nicht zustimmt. <br \/>Kriegste nicht zusammen im Kopf<\/p>\n<p>&mdash; Ina Ruck (@InaRuck) <a href=\"https:\/\/twitter.com\/InaRuck\/status\/1634244552197324800?ref_src=twsrc%5Etfw\">March 10, 2023<\/a><\/p><\/blockquote>\n<p><script async src=\"https:\/\/platform.twitter.com\/widgets.js\" charset=\"utf-8\"><\/script><\/p>\n<p>An die Erfahrungen, die Ruck in Sibirien gemacht hat, wird nicht nur sie, sondern werden sich die Deutschen insgesamt gew\u00f6hnen m\u00fcssen. Die Erz\u00e4hlung eines unprovozierten \u00dcberfalls Russland auf die Ukraine wird sich nicht halten lassen. Deutsche Medien werden sie korrigieren und ihre Geschichte \u00fcber den Konflikt den tats\u00e4chlichen Abl\u00e4ufen anpassen m\u00fcssen.<\/p>\n<p>Nein, man versteht in Russland das Verhalten Deutschlands wirklich nicht, und man versteht es aus guten Gr\u00fcnden nicht. Das hat nat\u00fcrlich zum einen mit dem besonderen deutsch-russischen Verh\u00e4ltnis zu tun, mit engen historischen Verbindungen, mit der Wiedervereinigung, mit einer besonderen Schuld Deutschlands als Nachfolgestaat des Deutschen Reichs gegen\u00fcber Russland als Nachfolgestaat der Sowjetunion. Das hat aber auch mit einer anderen Berichterstattung zu tun. In russischen Medien wird \u00fcber die Geschehnisse in der Ukraine ausf\u00fchrlich berichtet, in Deutschland wird viel verschwiegen \u2013 die ukrainischen Kriegsverbrechen beispielsweise.<\/p>\n<p>Man wei\u00df in Russland von den t\u00e4glichen Bombardements des Donbass durch die Ukraine, die t\u00e4glichen Opfer unter Zivilisten.\u00a0Deutsche Medien verschweigen dies ihrem Publikum\u00a0\u2013 so auch Ruck. Vermutlich ist es ihr schlicht verboten, dar\u00fcber zu berichten. Das bedeutet nicht, dass angebliche russische Kriegsverbrechen in der russischen Berichterstattung keinen Platz haben. Aber sie kommen eben als das vor, was sie auch faktisch sind: bisher unbewiesene Anschuldigungen. W\u00e4hrend sie dem deutschen Publikum als Tatsachen verkauft werden. Die Berichterstattung zum Ukraine-Konflikt ist in Russland sicher gewichtet, aber insgesamt ausgewogener als die deutsche.<\/p>\n<p>Wer die Kriegsverbrechen der Ukraine aber zur Kenntnis nimmt, wird die deutschen Waffenlieferungen nicht verstehen k\u00f6nnen. Auch \u00fcber die umfassende Zensur, das Verbot von Opposition, die S\u00e4uberungen im Machtapparat durch Selenskij wird in den russischen Medien berichtet, in den deutschen kommen sie nur am Rande vor und werden relativiert.\u00a0Auch diejenigen, die den Begriff Faschismus in Bezug auf die Ukraine ablehnen, werden angesichts dieser innenpolitischen Zust\u00e4nde in der Ukraine zugestehen m\u00fcssen, dass dort etwas ganz grundlegend nicht stimmt. Die Geschichte von einer demokratischen Ukraine ist angesichts der tats\u00e4chlichen Entwicklung frei erfunden. In Sibirien wisse man das deutlich besser als in den Redaktionen deutscher &#8222;Qualit\u00e4tsmedien&#8220;, wird Ruck mitgeteilt. Sie will es nicht wahrhaben.<\/p>\n<p>Die Erfahrung, die Ruck machte, ist im Gegensatz zu Rucks Nicht-verstehen-Wollen keine Verweigerung. In Russland ist die Berichterstattung zum Ukraine-Konflikt breiter als in Deutschland. Ruck versteht nicht, weil sie ausl\u00e4sst, weil sie sich weigert, Fakten zur Kenntnis zu nehmen, weil sie leugnet. Es fehlt ihr obendrein an interkultureller Kompetenz. Sie ist nicht in Russland, um zu verstehen, sondern um die Russen deutsches Verst\u00e4ndnis und die deutsche Sicht zu lehren. Das haben vor ihr schon viele versucht und sind gescheitert. Sie wird es auch.<\/p>\n<p>Ihre Bemerkung \u00fcber einen angeblichen sowjetischen Kolonialismus ist in diesem Zusammenhang besonders entlarvend. Die Sowjetunion war kein imperialistisches Projekt. Es war kein Projekt der Ausbeutung der Peripherie zugunsten eines Zentrums, wie es die westlichen Kolonialstaaten praktizierten. Ruck bleibt in den engen Grenzen ihres deutschen Geistes gefangen und sieht vor lauter deutscher Pr\u00e4gung die russische Weite nicht.\u00a0Ihre Tweets\u00a0dr\u00fccken aus, wie fremd ihr das Land und seine Geschichte geblieben sind.<\/p>\n<p>Dabei verstrickt sie sich obendrein in Widerspr\u00fcche. W\u00e4hrend Ruck in ihren Fernsehbeitr\u00e4gen immer wieder behauptet und suggeriert, dass in Russland eine strenge Zensur herrschen w\u00fcrde, dass man aufpassen m\u00fcsse, was man \u00e4u\u00dfere und dass man zum Beispiel nicht von Krieg sprechen d\u00fcrfe, macht sie von genau diesem Wort in ihren Tweets munter Gebrauch und beweist damit, dass ihre Behauptungen aus der Luft gegriffen sind.<\/p>\n<p>Die Welt au\u00dferhalb des Westens tr\u00e4gt dessen Narrativ vom unprovozierten \u00dcberfall Russlands auf eine an der Entwicklung unschuldigen Ukraine nicht mit. Die Mehrheit der L\u00e4nder unterst\u00fctzt auch die Idee einer milit\u00e4rischen L\u00f6sung des Konflikts durch immer weitere Waffenlieferungen und den Ausschluss von Verhandlungen nicht. Es widerspricht dem Gr\u00fcndungsgedanken der UN. Abgelehnt wird auch die Anma\u00dfung des Westens, mit Sanktionen, die die gesamte Weltwirtschaft treffen, das Ziel der Vernichtung der russischen Wirtschaft auf Kosten unbeteiligter L\u00e4nder durchzusetzen.<\/p>\n<p>Wie Ina Ruck wird sich auch Deutschland an den Gedanken gew\u00f6hnen m\u00fcssen, auch dieses Mal wieder auf der falschen Seite gestanden zu haben. Deutschland ist in seiner Wahrnehmung des Konflikts isoliert und wird aufgrund der umfassenden Inkonsistenz seiner Erz\u00e4hlung \u00fcber die Entstehung und den Verlauf des Ukraine-Konflikts sich letztlich nicht behaupten k\u00f6nnen.\u00a0Das wird man im Kopf zusammenkriegen m\u00fcssen \u2013 nicht nur Ina Ruck.<\/p>\n<p style=\"text-align: right;\"><em>Gert-Ewen Ungar studierte Philosophie und Germanistik und arbeitet als P\u00e4dagoge in der Sozialpsychiatrie in Berlin<\/em><\/p>\n<hr \/>\n<p><span style=\"font-size: 10pt;\">Bild oben: Collage von Ralf Lux, unter Verwendung von:<br \/>\nIna Ruck, 2019<\/span><br \/>\n<span style=\"font-size: 10pt;\">Foto: Stefanie Loos, <a href=\"https:\/\/creativecommons.org\/licenses\/by-sa\/2.0\" target=\"_blank\" rel=\"noopener\">CC BY-SA 2.0<\/a><\/span><br \/>\n<span style=\"font-size: 10pt;\">Quelle: <a href=\"https:\/\/commons.wikimedia.org\/w\/index.php?curid=78974968\" target=\"_blank\" rel=\"noopener\">https:\/\/commons.wikimedia.org\/w\/index.php?curid=78974968<\/a><\/span><\/p>\n<p>&nbsp;<\/p>\n","protected":false},"excerpt":{"rendered":"<p><b>Beitrag von Gert Ewen Ungar<\/b><br \/>\nIna Ruck ist ARD-Moskau-Korrespondentin. Sie berichtet aus Russland und bedient sich dabei gern in Deutschland verbreiteten Klischees \u00fcber Russland und die Russen. Ihr wird oft Einseitigkeit in der Berichterstattung vorgeworfen und die Vorw\u00fcrfe sind begr\u00fcndet. Schon an ihrer Berichterstattung zu Nawalny wurde deutlich, dass Ruck nicht aus Russland berichtet, um den deutschen Zuschauern Vorg\u00e4nge in Russland verst\u00e4ndlich zu machen, sondern dass sie Geschehnisse in Russland in ein westliches Narrativ einordnet. Die in Deutschland verbreitete Geschichte \u00fcber Nawalny als angeblich wichtigsten russischen Oppositionellen hat sie nicht angetastet, und das, obwohl in Russland jeder wei\u00df, dass sie nicht stimmt.<\/p>\n","protected":false},"author":3,"featured_media":15515,"comment_status":"closed","ping_status":"closed","sticky":false,"template":"","format":"standard","meta":{"colormag_page_container_layout":"default_layout","colormag_page_sidebar_layout":"default_layout","advanced_seo_description":"","jetpack_seo_html_title":"","jetpack_seo_noindex":false,"jetpack_post_was_ever_published":false,"footnotes":""},"categories":[12],"tags":[1094,1121,491,1531,746,121,638,685,637,222,430,1111,639],"class_list":["post-15501","post","type-post","status-publish","format-standard","has-post-thumbnail","hentry","category-demokratie-medien-aufklaerung","tag-ard","tag-donbass","tag-geschichte","tag-gleichschaltung","tag-kriegsverbrechen","tag-medien","tag-medienverantwortung","tag-moskau","tag-propaganda","tag-russland","tag-sowjetunion","tag-ukraine","tag-ukraine-konflikt"],"jetpack_featured_media_url":"https:\/\/i0.wp.com\/www.freidenker.org\/fw17\/wp-content\/uploads\/2023\/03\/ina_ruck_coll_800x450.jpg?fit=800%2C450&ssl=1","jetpack_shortlink":"https:\/\/wp.me\/p9stpK-421","jetpack-related-posts":[{"id":17980,"url":"https:\/\/www.freidenker.org\/?p=17980","url_meta":{"origin":15501,"position":0},"title":"Die Bauernproteste in russischen Medien","author":"Webredaktion","date":"23. Januar 2024","format":false,"excerpt":"Beitrag von Gert Ewen Ungar Es wird Lenin zugeschrieben, gesagt zu haben, wenn die Deutschen einen Bahnhof st\u00fcrmen wollen, kaufen sie vorher eine Bahnsteigkarte. Mit umso mehr Erstaunen nahm man in Russland die Bauernproteste und ihren enormen Umfang zur Kenntnis. Russische Medien haben breit \u00fcber die landesweiten Aktionen berichtet. Die\u2026","rel":"","context":"In &quot;Demokratie \u2013 Medien \u2013 Aufkl\u00e4rung&quot;","block_context":{"text":"Demokratie \u2013 Medien \u2013 Aufkl\u00e4rung","link":"https:\/\/www.freidenker.org\/?cat=12"},"img":{"alt_text":"","src":"https:\/\/i0.wp.com\/www.freidenker.org\/fw17\/wp-content\/uploads\/2024\/01\/Bauernproteste_Nordhausen-6890_800x450.jpg?fit=800%2C450&ssl=1&resize=350%2C200","width":350,"height":200,"srcset":"https:\/\/i0.wp.com\/www.freidenker.org\/fw17\/wp-content\/uploads\/2024\/01\/Bauernproteste_Nordhausen-6890_800x450.jpg?fit=800%2C450&ssl=1&resize=350%2C200 1x, https:\/\/i0.wp.com\/www.freidenker.org\/fw17\/wp-content\/uploads\/2024\/01\/Bauernproteste_Nordhausen-6890_800x450.jpg?fit=800%2C450&ssl=1&resize=525%2C300 1.5x, https:\/\/i0.wp.com\/www.freidenker.org\/fw17\/wp-content\/uploads\/2024\/01\/Bauernproteste_Nordhausen-6890_800x450.jpg?fit=800%2C450&ssl=1&resize=700%2C400 2x"},"classes":[]},{"id":15135,"url":"https:\/\/www.freidenker.org\/?p=15135","url_meta":{"origin":15501,"position":1},"title":"Kriegshysterie im Westen \u2013 Russen unaufgeregt und gelassen","author":"Webredaktion","date":"4. Februar 2023","format":false,"excerpt":"Beitrag von Rainer Rupp In ihrer narzisstischen Art plapperte die deutsche Bundesau\u00dfenministerin Annalena Baerbock unverbl\u00fcmt ein unter deutschen Politikern sprachlich sorgsam umgangenes Tabu aus. Dabei sagte sie im Gegensatz zu ihren sonstigen Verlautbarungen \u00fcber die Ukraine diesmal sogar die Wahrheit. Das geschah am Dienstag dieser Woche w\u00e4hrend einer Debatte in\u2026","rel":"","context":"In &quot;Demokratie \u2013 Medien \u2013 Aufkl\u00e4rung&quot;","block_context":{"text":"Demokratie \u2013 Medien \u2013 Aufkl\u00e4rung","link":"https:\/\/www.freidenker.org\/?cat=12"},"img":{"alt_text":"","src":"https:\/\/i0.wp.com\/www.freidenker.org\/fw17\/wp-content\/uploads\/2023\/02\/Haubitze_1984_800x450.jpg?fit=800%2C450&ssl=1&resize=350%2C200","width":350,"height":200,"srcset":"https:\/\/i0.wp.com\/www.freidenker.org\/fw17\/wp-content\/uploads\/2023\/02\/Haubitze_1984_800x450.jpg?fit=800%2C450&ssl=1&resize=350%2C200 1x, https:\/\/i0.wp.com\/www.freidenker.org\/fw17\/wp-content\/uploads\/2023\/02\/Haubitze_1984_800x450.jpg?fit=800%2C450&ssl=1&resize=525%2C300 1.5x, https:\/\/i0.wp.com\/www.freidenker.org\/fw17\/wp-content\/uploads\/2023\/02\/Haubitze_1984_800x450.jpg?fit=800%2C450&ssl=1&resize=700%2C400 2x"},"classes":[]},{"id":8589,"url":"https:\/\/www.freidenker.org\/?p=8589","url_meta":{"origin":15501,"position":2},"title":"Nawalny-Nachrichten: Merkel erwirkt Denkverbot","author":"Webredaktion","date":"10. September 2020","format":false,"excerpt":"Beitrag von Friedhelm Klinkhammer und Volker Br\u00e4utigam Es ist unglaublich, was die deutsche Politelite und der ihr h\u00f6rige Medien-Mainstream der \u00d6ffentlichkeit mit der Nawalny-Nummer zugemutet haben. Selbst nach einer Woche lebt die Story immer noch: Der b\u00f6se Wladimir Putin und seine Geheimdienstkiller haben den \u201ef\u00fchrenden russischen Oppositionspolitiker\u201c Alexei Nawalny im\u2026","rel":"","context":"In &quot;Demokratie \u2013 Medien \u2013 Aufkl\u00e4rung&quot;","block_context":{"text":"Demokratie \u2013 Medien \u2013 Aufkl\u00e4rung","link":"https:\/\/www.freidenker.org\/?cat=12"},"img":{"alt_text":"","src":"https:\/\/i0.wp.com\/www.freidenker.org\/fw17\/wp-content\/uploads\/2020\/09\/ARD_ZDF_Gehirnwaesche_800x450_v2.jpg?fit=800%2C450&ssl=1&resize=350%2C200","width":350,"height":200,"srcset":"https:\/\/i0.wp.com\/www.freidenker.org\/fw17\/wp-content\/uploads\/2020\/09\/ARD_ZDF_Gehirnwaesche_800x450_v2.jpg?fit=800%2C450&ssl=1&resize=350%2C200 1x, https:\/\/i0.wp.com\/www.freidenker.org\/fw17\/wp-content\/uploads\/2020\/09\/ARD_ZDF_Gehirnwaesche_800x450_v2.jpg?fit=800%2C450&ssl=1&resize=525%2C300 1.5x, https:\/\/i0.wp.com\/www.freidenker.org\/fw17\/wp-content\/uploads\/2020\/09\/ARD_ZDF_Gehirnwaesche_800x450_v2.jpg?fit=800%2C450&ssl=1&resize=700%2C400 2x"},"classes":[]},{"id":6067,"url":"https:\/\/www.freidenker.org\/?p=6067","url_meta":{"origin":15501,"position":3},"title":"Ukraine? Geht Sie nichts an!","author":"Webredaktion","date":"22. M\u00e4rz 2019","format":false,"excerpt":"Von Friedhelm Klinkhammer und Volker Br\u00e4utigam In nicht einmal mehr zwei Wochen, am 31. M\u00e4rz, d\u00fcrfen die Ukrainer ihren n\u00e4chsten Pr\u00e4sidenten w\u00e4hlen. Die Aussichten f\u00fcr den erneut kandidierenden Amtsinhaber Petro Poroschenko sind beinah genauso gering wie die Kenntnis des deutschen Durchschnitts-Fernsehzuschauers von den Verh\u00e4ltnissen im osteurop\u00e4ischen Nachbarland. Wer wei\u00df schon,\u2026","rel":"","context":"In &quot;Demokratie \u2013 Medien \u2013 Aufkl\u00e4rung&quot;","block_context":{"text":"Demokratie \u2013 Medien \u2013 Aufkl\u00e4rung","link":"https:\/\/www.freidenker.org\/?cat=12"},"img":{"alt_text":"","src":"https:\/\/i0.wp.com\/www.freidenker.org\/fw17\/wp-content\/uploads\/2019\/03\/Poroschenko_EU_800x445.jpg?fit=800%2C445&ssl=1&resize=350%2C200","width":350,"height":200,"srcset":"https:\/\/i0.wp.com\/www.freidenker.org\/fw17\/wp-content\/uploads\/2019\/03\/Poroschenko_EU_800x445.jpg?fit=800%2C445&ssl=1&resize=350%2C200 1x, https:\/\/i0.wp.com\/www.freidenker.org\/fw17\/wp-content\/uploads\/2019\/03\/Poroschenko_EU_800x445.jpg?fit=800%2C445&ssl=1&resize=525%2C300 1.5x, https:\/\/i0.wp.com\/www.freidenker.org\/fw17\/wp-content\/uploads\/2019\/03\/Poroschenko_EU_800x445.jpg?fit=800%2C445&ssl=1&resize=700%2C400 2x"},"classes":[]},{"id":14665,"url":"https:\/\/www.freidenker.org\/?p=14665","url_meta":{"origin":15501,"position":4},"title":"&#8222;Warum stoppt niemand RT DE?&#8220;","author":"Webredaktion","date":"15. November 2022","format":false,"excerpt":"Beitrag von Gert Ewen Ungar Mit dem\u00a0der als Dokumentation getarnten Propagandasendung \"Russlands deutsche Propagandakrieger\" l\u00e4utet das ZDF die n\u00e4chste Runde im Kampf gegen russische Medien, vor allem aber gegen eine ausgewogene Berichterstattung und Diskussion zum Themenkomplex Ukraine-Konflikt ein.\u00a0Es ist ein weiterer Schritt in Richtung einer bereitwilligen Preisgabe grundlegender journalistischer Standards\u2026","rel":"","context":"In &quot;Demokratie \u2013 Medien \u2013 Aufkl\u00e4rung&quot;","block_context":{"text":"Demokratie \u2013 Medien \u2013 Aufkl\u00e4rung","link":"https:\/\/www.freidenker.org\/?cat=12"},"img":{"alt_text":"","src":"https:\/\/i0.wp.com\/www.freidenker.org\/fw17\/wp-content\/uploads\/2022\/11\/Lampe_-Russia_Today_800x450.jpg?fit=800%2C450&ssl=1&resize=350%2C200","width":350,"height":200,"srcset":"https:\/\/i0.wp.com\/www.freidenker.org\/fw17\/wp-content\/uploads\/2022\/11\/Lampe_-Russia_Today_800x450.jpg?fit=800%2C450&ssl=1&resize=350%2C200 1x, https:\/\/i0.wp.com\/www.freidenker.org\/fw17\/wp-content\/uploads\/2022\/11\/Lampe_-Russia_Today_800x450.jpg?fit=800%2C450&ssl=1&resize=525%2C300 1.5x, https:\/\/i0.wp.com\/www.freidenker.org\/fw17\/wp-content\/uploads\/2022\/11\/Lampe_-Russia_Today_800x450.jpg?fit=800%2C450&ssl=1&resize=700%2C400 2x"},"classes":[]},{"id":6844,"url":"https:\/\/www.freidenker.org\/?p=6844","url_meta":{"origin":15501,"position":5},"title":"Zerrbild Ukraine st\u00fctzt Feindbild\u00a0Russland","author":"Webredaktion","date":"22. August 2019","format":false,"excerpt":"Beitrag von Friedhelm Klinkhammer und Volker Br\u00e4utigam Seit dem Maidan-Putsch sendet ARD-aktuell transatlantische Propaganda \u00fcber unser osteurop\u00e4isches Nachbarland und unterschl\u00e4gt wichtige Informationen. Statt Fakten und gut recherchierter Hintergr\u00fcnde gibt es russophobe Klischees zum Fremdsch\u00e4men.","rel":"","context":"In &quot;Demokratie \u2013 Medien \u2013 Aufkl\u00e4rung&quot;","block_context":{"text":"Demokratie \u2013 Medien \u2013 Aufkl\u00e4rung","link":"https:\/\/www.freidenker.org\/?cat=12"},"img":{"alt_text":"","src":"https:\/\/i0.wp.com\/www.freidenker.org\/fw17\/wp-content\/uploads\/2019\/08\/ARD_-_Hauptstadtstudio_in_Berlin_800x445.jpg?fit=800%2C445&ssl=1&resize=350%2C200","width":350,"height":200,"srcset":"https:\/\/i0.wp.com\/www.freidenker.org\/fw17\/wp-content\/uploads\/2019\/08\/ARD_-_Hauptstadtstudio_in_Berlin_800x445.jpg?fit=800%2C445&ssl=1&resize=350%2C200 1x, https:\/\/i0.wp.com\/www.freidenker.org\/fw17\/wp-content\/uploads\/2019\/08\/ARD_-_Hauptstadtstudio_in_Berlin_800x445.jpg?fit=800%2C445&ssl=1&resize=525%2C300 1.5x, https:\/\/i0.wp.com\/www.freidenker.org\/fw17\/wp-content\/uploads\/2019\/08\/ARD_-_Hauptstadtstudio_in_Berlin_800x445.jpg?fit=800%2C445&ssl=1&resize=700%2C400 2x"},"classes":[]}],"_links":{"self":[{"href":"https:\/\/www.freidenker.org\/index.php?rest_route=\/wp\/v2\/posts\/15501","targetHints":{"allow":["GET"]}}],"collection":[{"href":"https:\/\/www.freidenker.org\/index.php?rest_route=\/wp\/v2\/posts"}],"about":[{"href":"https:\/\/www.freidenker.org\/index.php?rest_route=\/wp\/v2\/types\/post"}],"author":[{"embeddable":true,"href":"https:\/\/www.freidenker.org\/index.php?rest_route=\/wp\/v2\/users\/3"}],"replies":[{"embeddable":true,"href":"https:\/\/www.freidenker.org\/index.php?rest_route=%2Fwp%2Fv2%2Fcomments&post=15501"}],"version-history":[{"count":0,"href":"https:\/\/www.freidenker.org\/index.php?rest_route=\/wp\/v2\/posts\/15501\/revisions"}],"wp:featuredmedia":[{"embeddable":true,"href":"https:\/\/www.freidenker.org\/index.php?rest_route=\/wp\/v2\/media\/15515"}],"wp:attachment":[{"href":"https:\/\/www.freidenker.org\/index.php?rest_route=%2Fwp%2Fv2%2Fmedia&parent=15501"}],"wp:term":[{"taxonomy":"category","embeddable":true,"href":"https:\/\/www.freidenker.org\/index.php?rest_route=%2Fwp%2Fv2%2Fcategories&post=15501"},{"taxonomy":"post_tag","embeddable":true,"href":"https:\/\/www.freidenker.org\/index.php?rest_route=%2Fwp%2Fv2%2Ftags&post=15501"}],"curies":[{"name":"wp","href":"https:\/\/api.w.org\/{rel}","templated":true}]}}