{"id":15480,"date":"2023-03-13T00:34:17","date_gmt":"2023-03-12T23:34:17","guid":{"rendered":"https:\/\/www.freidenker.org\/?p=15480"},"modified":"2023-03-28T12:02:06","modified_gmt":"2023-03-28T10:02:06","slug":"veranstaltung-vor-50-jahren-zeitenwende-in-chile","status":"publish","type":"post","link":"https:\/\/www.freidenker.org\/?p=15480","title":{"rendered":"Veranstaltung &#8211; Vor 50 Jahren:  \u201eZeiten\u00adwende\u201c  in Chile"},"content":{"rendered":"<p><strong>Einladung zur Diskussion<\/strong><\/p>\n<h4>\u201e09-11\u201c 1973<\/h4>\n<h5>CIA-Regimechange &#8211; Putsch gegen die Unidad-Popular-Regierung von Pr\u00e4sident Salvador Allende<\/h5>\n<p>Wann: <strong>Sonnabend, 18. M\u00e4rz 2023, 10:00 Uhr<\/strong><\/p>\n<p>Wo: <strong>Jugendherberge Leiterstra\u00dfe 10, 39104 Magdeburg<\/strong><\/p>\n<p>Einleitungsreferat:<\/p>\n<p><strong>Florian Warweg<br \/>\n<\/strong>Redakteur &amp; Parlamentsberichterstatter f\u00fcr NachDenkSeiten<\/p>\n<ul>\n<li>Milton Friedmann und Friedrich A. v. Hayek als Paten der \u201eChicago-Boys\u201c<\/li>\n<li>Chile: der erste \u201eLaborversuch des Neoliberalismus\u201c und die nachfolgenden Vollstrecker Reagan, Thatcher, Kohl und Schr\u00f6der<\/li>\n<li>Geheimdienste, Stiftungen, Thinktanks &amp; NGOs<\/li>\n<li>Von Santiago de Chile zum Maidan in Kiew: Putsche und Kriege als Instrumente der \u201eUS-regelbasierten Neuen Weltordnung\u201c<\/li>\n<li>Kr\u00e4fte gegen Faschismus und Kriege<\/li>\n<\/ul>\n<hr \/>\n<p><strong>Download<\/strong><\/p>\n<p><img loading=\"lazy\" decoding=\"async\" data-attachment-id=\"1076\" data-permalink=\"https:\/\/www.freidenker.org\/?attachment_id=1076\" data-orig-file=\"https:\/\/i0.wp.com\/www.freidenker.org\/fw17\/wp-content\/uploads\/2017\/10\/pdf_icon-2.png?fit=32%2C32&amp;ssl=1\" data-orig-size=\"32,32\" data-comments-opened=\"0\" data-image-meta=\"{&quot;aperture&quot;:&quot;0&quot;,&quot;credit&quot;:&quot;&quot;,&quot;camera&quot;:&quot;&quot;,&quot;caption&quot;:&quot;&quot;,&quot;created_timestamp&quot;:&quot;0&quot;,&quot;copyright&quot;:&quot;&quot;,&quot;focal_length&quot;:&quot;0&quot;,&quot;iso&quot;:&quot;0&quot;,&quot;shutter_speed&quot;:&quot;0&quot;,&quot;title&quot;:&quot;&quot;,&quot;orientation&quot;:&quot;0&quot;}\" data-image-title=\"pdf_icon\" data-image-description=\"\" data-image-caption=\"\" data-large-file=\"https:\/\/i0.wp.com\/www.freidenker.org\/fw17\/wp-content\/uploads\/2017\/10\/pdf_icon-2.png?fit=32%2C32&amp;ssl=1\" class=\"alignnone size-full wp-image-1076\" src=\"https:\/\/i0.wp.com\/www.freidenker.org\/fw17\/wp-content\/uploads\/2017\/10\/pdf_icon-2.png?resize=32%2C32&amp;ssl=1\" alt=\"\" width=\"32\" height=\"32\" data-attachment-id=\"1076\" data-permalink=\"https:\/\/www.freidenker.org\/?attachment_id=1076\" data-orig-file=\"https:\/\/i0.wp.com\/www.freidenker.org\/fw17\/wp-content\/uploads\/2017\/10\/pdf_icon-2.png?fit=32%2C32&amp;ssl=1\" data-orig-size=\"32,32\" data-comments-opened=\"0\" data-image-meta=\"{&quot;aperture&quot;:&quot;0&quot;,&quot;credit&quot;:&quot;&quot;,&quot;camera&quot;:&quot;&quot;,&quot;caption&quot;:&quot;&quot;,&quot;created_timestamp&quot;:&quot;0&quot;,&quot;copyright&quot;:&quot;&quot;,&quot;focal_length&quot;:&quot;0&quot;,&quot;iso&quot;:&quot;0&quot;,&quot;shutter_speed&quot;:&quot;0&quot;,&quot;title&quot;:&quot;&quot;,&quot;orientation&quot;:&quot;0&quot;}\" data-image-title=\"pdf_icon\" data-image-description=\"\" data-image-caption=\"\" data-medium-file=\"https:\/\/i0.wp.com\/www.freidenker.org\/fw17\/wp-content\/uploads\/2017\/10\/pdf_icon-2.png?fit=32%2C32&amp;ssl=1\" data-large-file=\"https:\/\/i0.wp.com\/www.freidenker.org\/fw17\/wp-content\/uploads\/2017\/10\/pdf_icon-2.png?fit=32%2C32&amp;ssl=1\" data-recalc-dims=\"1\" \/> Den <a href=\"https:\/\/www.freidenker.org\/fw17\/wp-content\/uploads\/2023\/03\/VV-230317-Veranstaltung.pdf\" target=\"_blank\" rel=\"noopener\">Flyer zur Veranstaltung<\/a> als PDF ansehen oder herunterladen<\/p>\n<hr \/>\n<p><span style=\"font-size: 10pt;\">Bild oben: Bombardierung des Pr\u00e4sidentenpalastes La Moneda in Santiago de Chile am 11. September 1973<\/span><br \/>\n<span style=\"font-size: 10pt;\">Quelle: Biblioteca del Congreso Nacional de Chile, CC 3.0<\/span><\/p>\n","protected":false},"excerpt":{"rendered":"<p>Einladung zur Diskussion: \u201e09-11\u201c 1973. CIA-Regimechange &#8211; Putsch gegen die Unidad-Popular-Regierung von Pr\u00e4sident Salvador Allende<br \/>\nSonnabend, 18. M\u00e4rz 2023, 10:00 Uhr, Jugendherberge Leiterstra\u00dfe 10, 39104 Magdeburg<br \/>\nEinleitungsreferat: <b>Florian Warweg<\/b>, Redakteur &#038; Parlamentsberichterstatter f\u00fcr NachDenkSeiten<br \/>\n&#8211; Milton Friedmann und Friedrich A. v. Hayek als Paten der \u201eChicago-Boys\u201c<br \/>\n&#8211; Chile: der erste \u201eLaborversuch des Neoliberalismus\u201c und die nachfolgenden Vollstrecker Reagan, Thatcher, Kohl und Schr\u00f6der<br \/>\n&#8211; Geheimdienste, Stiftungen, Thinktanks &#038; NGOs &#8230;<\/p>\n","protected":false},"author":3,"featured_media":15482,"comment_status":"closed","ping_status":"closed","sticky":false,"template":"","format":"standard","meta":{"colormag_page_container_layout":"default_layout","colormag_page_sidebar_layout":"default_layout","advanced_seo_description":"","jetpack_seo_html_title":"","jetpack_seo_noindex":false,"jetpack_post_was_ever_published":false,"footnotes":""},"categories":[20],"tags":[1200,1358,1296,188,693,1103,1154,185,1524],"class_list":["post-15480","post","type-post","status-publish","format-standard","has-post-thumbnail","hentry","category-zentrale-veranstaltungen","tag-chile","tag-cia","tag-diskussion","tag-krieg","tag-neoliberalismus","tag-putsch","tag-regime-change","tag-usa","tag-vortrag"],"jetpack_featured_media_url":"https:\/\/i0.wp.com\/www.freidenker.org\/fw17\/wp-content\/uploads\/2023\/03\/Bombardierung_LaMoneda_800x450.jpg?fit=800%2C450&ssl=1","jetpack_shortlink":"https:\/\/wp.me\/p9stpK-41G","jetpack-related-posts":[{"id":7188,"url":"https:\/\/www.freidenker.org\/?p=7188","url_meta":{"origin":15480,"position":0},"title":"Solidarit\u00e4t mit dem k\u00e4mpfenden chilenischen Volk","author":"Webredaktion","date":"12. November 2019","format":false,"excerpt":"Gru\u00dfschreiben des Vorsitzenden des Deutschen Freidenker-Verbandes, Klaus Hartmann an die Partido Comunista Chileno (Acci\u00f3n Proletaria) Der Deutsche Freidenker-Verband gratuliert Euch herzlich zum 40. Jahrestag der Gr\u00fcndung des Partido Comunista Chileno (Acci\u00f3n Proletaria). ... Die Parteigr\u00fcndung am 08. November 1979 fand in der Nacht des Faschismus statt, die durch den CIA-gest\u00fctzten\u2026","rel":"","context":"In &quot;Frieden - Antifaschismus - Solidarit\u00e4t&quot;","block_context":{"text":"Frieden - Antifaschismus - Solidarit\u00e4t","link":"https:\/\/www.freidenker.org\/?cat=13"},"img":{"alt_text":"","src":"https:\/\/i0.wp.com\/www.freidenker.org\/fw17\/wp-content\/uploads\/2019\/11\/demo_santiago_de_chile_2019_800x445.jpg?fit=800%2C445&ssl=1&resize=350%2C200","width":350,"height":200,"srcset":"https:\/\/i0.wp.com\/www.freidenker.org\/fw17\/wp-content\/uploads\/2019\/11\/demo_santiago_de_chile_2019_800x445.jpg?fit=800%2C445&ssl=1&resize=350%2C200 1x, https:\/\/i0.wp.com\/www.freidenker.org\/fw17\/wp-content\/uploads\/2019\/11\/demo_santiago_de_chile_2019_800x445.jpg?fit=800%2C445&ssl=1&resize=525%2C300 1.5x, https:\/\/i0.wp.com\/www.freidenker.org\/fw17\/wp-content\/uploads\/2019\/11\/demo_santiago_de_chile_2019_800x445.jpg?fit=800%2C445&ssl=1&resize=700%2C400 2x"},"classes":[]},{"id":16951,"url":"https:\/\/www.freidenker.org\/?p=16951","url_meta":{"origin":15480,"position":1},"title":"FREIDENKER Nr. 3-23 \u2013 Faschismus in Chile 11.9.1973","author":"Webredaktion","date":"16. September 2023","format":false,"excerpt":"Die Ausgabe 3-23 des Verbandsorgans FREIDENKER hat das Schwerpunkt-Thema \u201eFaschismus\u00a0in Chile 11.9.1973 - USA lassen gegen das Volk putschen\u201c und enth\u00e4lt u.a. folgende Beitr\u00e4ge: - Manfred Sohn: Putsch gegen das Volk, f\u00fcr das Monolkapital - Gina Pietsch: Ein \u201eNeuer Weg\u201c - Volodia Teitelboim: Ein Dichter, der auf Erden wohnt -\u2026","rel":"","context":"In &quot;Geschichte&quot;","block_context":{"text":"Geschichte","link":"https:\/\/www.freidenker.org\/?cat=1162"},"img":{"alt_text":"","src":"https:\/\/i0.wp.com\/www.freidenker.org\/fw17\/wp-content\/uploads\/2023\/09\/FD_2023-03_Titel_mR.jpg?fit=800%2C445&ssl=1&resize=350%2C200","width":350,"height":200,"srcset":"https:\/\/i0.wp.com\/www.freidenker.org\/fw17\/wp-content\/uploads\/2023\/09\/FD_2023-03_Titel_mR.jpg?fit=800%2C445&ssl=1&resize=350%2C200 1x, https:\/\/i0.wp.com\/www.freidenker.org\/fw17\/wp-content\/uploads\/2023\/09\/FD_2023-03_Titel_mR.jpg?fit=800%2C445&ssl=1&resize=525%2C300 1.5x, https:\/\/i0.wp.com\/www.freidenker.org\/fw17\/wp-content\/uploads\/2023\/09\/FD_2023-03_Titel_mR.jpg?fit=800%2C445&ssl=1&resize=700%2C400 2x"},"classes":[]},{"id":456,"url":"https:\/\/www.freidenker.org\/?p=456","url_meta":{"origin":15480,"position":2},"title":"Freidenker-Verbandstag 2016","author":"Webmaster","date":"6. Juni 2016","format":false,"excerpt":"\"Wie wollen wir leben? Solidarisch und selbstbestimmt \u2013 ohne Kapitalismus und ohne Kriege\" - Unter diesem Motto tagte am 4. und 5. Juni 2016 in Potsdam der alle vier Jahre stattfindende Verbandstag des Deutschen Freidenker-Verbandes. Mehr als 50 Delegierte aus allen Bundesl\u00e4ndern sowie einige Dutzend weitere Funktion\u00e4re und G\u00e4ste gestalteten\u2026","rel":"","context":"In &quot;Zentrale Veranstaltungen&quot;","block_context":{"text":"Zentrale Veranstaltungen","link":"https:\/\/www.freidenker.org\/?cat=20"},"img":{"alt_text":"","src":"https:\/\/i0.wp.com\/www.freidenker.org\/fw17\/wp-content\/uploads\/2016\/08\/Verbandstag-2016.jpg?fit=800%2C445&ssl=1&resize=350%2C200","width":350,"height":200,"srcset":"https:\/\/i0.wp.com\/www.freidenker.org\/fw17\/wp-content\/uploads\/2016\/08\/Verbandstag-2016.jpg?fit=800%2C445&ssl=1&resize=350%2C200 1x, https:\/\/i0.wp.com\/www.freidenker.org\/fw17\/wp-content\/uploads\/2016\/08\/Verbandstag-2016.jpg?fit=800%2C445&ssl=1&resize=525%2C300 1.5x, https:\/\/i0.wp.com\/www.freidenker.org\/fw17\/wp-content\/uploads\/2016\/08\/Verbandstag-2016.jpg?fit=800%2C445&ssl=1&resize=700%2C400 2x"},"classes":[]},{"id":12886,"url":"https:\/\/www.freidenker.org\/?p=12886","url_meta":{"origin":15480,"position":3},"title":"Autorenlesung: Die Wurzeln des ukrainischen Konflikts","author":"Webredaktion","date":"20. April 2022","format":false,"excerpt":"Einladung zur Autorenlesung und Diskussion mit Vougar Aslanov Samstag, 30. April 2022, 15:00 Uhr im Saalbau Dornbusch, Eschersheimer Landstra\u00dfe 248, 60320 Frankfurt am Main Die Wurzeln des ukrainischen Konflikts anhand der historischen Romane \u201eRussisches Gesetz\u201c und \u201eZarend\u00e4mmerung\u201c Protagonisten im historischen Roman \u201eRussisches Gesetz\u201c sind junge Gardisten aus adligen Familien, die\u2026","rel":"","context":"In &quot;Kultur &amp; Kunst&quot;","block_context":{"text":"Kultur &amp; Kunst","link":"https:\/\/www.freidenker.org\/?cat=913"},"img":{"alt_text":"","src":"https:\/\/i0.wp.com\/www.freidenker.org\/fw17\/wp-content\/uploads\/2022\/04\/aslanov_ukraine_800x450.jpg?fit=800%2C450&ssl=1&resize=350%2C200","width":350,"height":200,"srcset":"https:\/\/i0.wp.com\/www.freidenker.org\/fw17\/wp-content\/uploads\/2022\/04\/aslanov_ukraine_800x450.jpg?fit=800%2C450&ssl=1&resize=350%2C200 1x, https:\/\/i0.wp.com\/www.freidenker.org\/fw17\/wp-content\/uploads\/2022\/04\/aslanov_ukraine_800x450.jpg?fit=800%2C450&ssl=1&resize=525%2C300 1.5x, https:\/\/i0.wp.com\/www.freidenker.org\/fw17\/wp-content\/uploads\/2022\/04\/aslanov_ukraine_800x450.jpg?fit=800%2C450&ssl=1&resize=700%2C400 2x"},"classes":[]},{"id":5808,"url":"https:\/\/www.freidenker.org\/?p=5808","url_meta":{"origin":15480,"position":4},"title":"Diskussion: 20 Jahre nach dem NATO-\u00dcberfall auf Jugoslawien","author":"Webredaktion","date":"30. Januar 2019","format":false,"excerpt":"Am 16.01.2019 folgten mehr als 65 Interessierte der Einladung der Berliner Freidenker zur Diskussion mit Klaus Hartmann zum Thema \"20 Jahre nach dem NATO-\u00dcberfall auf Jugoslawien \u2013 Die neokoloniale Neuaufteilung der Welt und der Kampf f\u00fcr die multipolare Weltordnung\". Klaus Hartmann wies auf die fr\u00fche Einsch\u00e4tzung der Freidenker in den\u2026","rel":"","context":"In &quot;Frieden - Antifaschismus - Solidarit\u00e4t&quot;","block_context":{"text":"Frieden - Antifaschismus - Solidarit\u00e4t","link":"https:\/\/www.freidenker.org\/?cat=13"},"img":{"alt_text":"","src":"https:\/\/i0.wp.com\/www.freidenker.org\/fw17\/wp-content\/uploads\/2019\/01\/190116_Podium_ND_02.jpg?fit=800%2C445&ssl=1&resize=350%2C200","width":350,"height":200,"srcset":"https:\/\/i0.wp.com\/www.freidenker.org\/fw17\/wp-content\/uploads\/2019\/01\/190116_Podium_ND_02.jpg?fit=800%2C445&ssl=1&resize=350%2C200 1x, https:\/\/i0.wp.com\/www.freidenker.org\/fw17\/wp-content\/uploads\/2019\/01\/190116_Podium_ND_02.jpg?fit=800%2C445&ssl=1&resize=525%2C300 1.5x, https:\/\/i0.wp.com\/www.freidenker.org\/fw17\/wp-content\/uploads\/2019\/01\/190116_Podium_ND_02.jpg?fit=800%2C445&ssl=1&resize=700%2C400 2x"},"classes":[]},{"id":16982,"url":"https:\/\/www.freidenker.org\/?p=16982","url_meta":{"origin":15480,"position":5},"title":"Nie wieder Faschismus!","author":"Webredaktion","date":"19. September 2023","format":false,"excerpt":"Das B\u00fcndnis f\u00fcr Frieden Brandenburg und DIE LINKE BO DOM gedenken am 20. September 2023 den Opfern des chilenischen Pinochet-Putsches vor 50 Jahren und laden zu einer diesem Thema gewidmeten Veranstaltung mit Gina Pietsch und Fabio Costa am 29.09.2023 ein. Vor 50 Jahren, im September 1973, ereignete sich in Chile\u2026","rel":"","context":"In &quot;Frieden - Antifaschismus - Solidarit\u00e4t&quot;","block_context":{"text":"Frieden - Antifaschismus - Solidarit\u00e4t","link":"https:\/\/www.freidenker.org\/?cat=13"},"img":{"alt_text":"","src":"https:\/\/i0.wp.com\/www.freidenker.org\/fw17\/wp-content\/uploads\/2023\/09\/chile_dossier_putsch_fuenfzig_jahre_800x448.jpg?fit=800%2C448&ssl=1&resize=350%2C200","width":350,"height":200,"srcset":"https:\/\/i0.wp.com\/www.freidenker.org\/fw17\/wp-content\/uploads\/2023\/09\/chile_dossier_putsch_fuenfzig_jahre_800x448.jpg?fit=800%2C448&ssl=1&resize=350%2C200 1x, https:\/\/i0.wp.com\/www.freidenker.org\/fw17\/wp-content\/uploads\/2023\/09\/chile_dossier_putsch_fuenfzig_jahre_800x448.jpg?fit=800%2C448&ssl=1&resize=525%2C300 1.5x, https:\/\/i0.wp.com\/www.freidenker.org\/fw17\/wp-content\/uploads\/2023\/09\/chile_dossier_putsch_fuenfzig_jahre_800x448.jpg?fit=800%2C448&ssl=1&resize=700%2C400 2x"},"classes":[]}],"_links":{"self":[{"href":"https:\/\/www.freidenker.org\/index.php?rest_route=\/wp\/v2\/posts\/15480","targetHints":{"allow":["GET"]}}],"collection":[{"href":"https:\/\/www.freidenker.org\/index.php?rest_route=\/wp\/v2\/posts"}],"about":[{"href":"https:\/\/www.freidenker.org\/index.php?rest_route=\/wp\/v2\/types\/post"}],"author":[{"embeddable":true,"href":"https:\/\/www.freidenker.org\/index.php?rest_route=\/wp\/v2\/users\/3"}],"replies":[{"embeddable":true,"href":"https:\/\/www.freidenker.org\/index.php?rest_route=%2Fwp%2Fv2%2Fcomments&post=15480"}],"version-history":[{"count":0,"href":"https:\/\/www.freidenker.org\/index.php?rest_route=\/wp\/v2\/posts\/15480\/revisions"}],"wp:featuredmedia":[{"embeddable":true,"href":"https:\/\/www.freidenker.org\/index.php?rest_route=\/wp\/v2\/media\/15482"}],"wp:attachment":[{"href":"https:\/\/www.freidenker.org\/index.php?rest_route=%2Fwp%2Fv2%2Fmedia&parent=15480"}],"wp:term":[{"taxonomy":"category","embeddable":true,"href":"https:\/\/www.freidenker.org\/index.php?rest_route=%2Fwp%2Fv2%2Fcategories&post=15480"},{"taxonomy":"post_tag","embeddable":true,"href":"https:\/\/www.freidenker.org\/index.php?rest_route=%2Fwp%2Fv2%2Ftags&post=15480"}],"curies":[{"name":"wp","href":"https:\/\/api.w.org\/{rel}","templated":true}]}}