{"id":15457,"date":"2023-03-08T01:25:52","date_gmt":"2023-03-08T00:25:52","guid":{"rendered":"https:\/\/www.freidenker.org\/?p=15457"},"modified":"2023-03-28T12:01:18","modified_gmt":"2023-03-28T10:01:18","slug":"das-russische-fernsehen-ueber-onkel-joe-und-klein-olaf","status":"publish","type":"post","link":"https:\/\/www.freidenker.org\/?p=15457","title":{"rendered":"Das russische Fernsehen \u00fcber Onkel Joe und Klein-Olaf"},"content":{"rendered":"<h5>Scholz in Washington<\/h5>\n<p><strong>Der USA-Besuch von Bundeskanzler Scholz war auch in russischen Medien ein wichtiges Thema, allerdings war die Sicht darauf eine andere als in deutschen Medien.<\/strong><\/p>\n<p><em>von\u00a0<strong>Anti-Spiegel<\/strong>\u00a0(d.i.\u00a0<strong>Thomas R\u00f6per)<\/strong><\/em><\/p>\n<p><span style=\"font-size: 10pt;\">Erstver\u00f6ffentlichung am 06.03.2024 auf <a href=\"https:\/\/www.anti-spiegel.ru\/2023\/das-russische-fernsehen-ueber-onkel-joe-und-klein-olaf\/\" target=\"_blank\" rel=\"noopener\">anti-spiegel.ru<\/a><\/span><\/p>\n<p>Dieser USA-Besuch von Bundeskanzler Scholz war wohl eine Premiere. Ich jedenfalls kann mich nicht daran erinnern, dass ein deutscher Kanzler (oder Kanzlerin) jemals ohne seine Berater und ohne Journalisten zum US-Pr\u00e4sidenten geflogen ist. Der Grund daf\u00fcr k\u00f6nnte sein, dass man \u201edumme Fragen\u201c von Journalisten vermeiden wollte, denn eine Wiederholung der Situation, in der Scholz mit betretenem Gesicht und hilflosem Stammeln vor etwas \u00fcber einem Jahr, als US-Pr\u00e4sident Biden neben Scholz stehend <a href=\"https:\/\/www.youtube.com\/watch?v=OS4O8rGRLf8\" target=\"_blank\" rel=\"noreferrer noopener\">offen das Ende f\u00fcr die Nord Streams versprochen<\/a> hatte, wollte man wohl vermeiden. Also am besten gar keine Presse beim Washington-Besuch des Bundeskanzlers.<\/p>\n<p>Der USA-Besuch von Scholz war zwar das wichtigste, aber nicht das einzige Thema, \u00fcber das der Deutschland-Korrespondent in seinem <a href=\"https:\/\/vesti7.ru\/video\/2574723\/episode\/05-03-2023\/\" target=\"_blank\" rel=\"noreferrer noopener\">Bericht<\/a> f\u00fcr den w\u00f6chentlichen Nachrichtenr\u00fcckblick des russischen Fernsehens berichtet habe und ich habe den Bericht, wie fast jede Woche, \u00fcbersetzt.<\/p>\n<pre>Beginn der \u00dcbersetzung:<\/pre>\n<h4 style=\"padding-left: 40px;\">Details der Beziehung von \u201eOnkel\u201c Biden und dem \u201eBuben\u201c Scholz<\/h4>\n<p style=\"padding-left: 40px;\">W\u00e4hrend des Besuchs bei Biden sa\u00df Scholz in geschlossener Haltung: Die Beine eng beieinander, die Arme vor dem K\u00f6rper verschr\u00e4nkt. Das ist etwas aus dem Bereich des Unbewussten. Psychologen w\u00fcrden sagen, dieser Mann traut seinem Gespr\u00e4chspartner nicht, innerlich ist er anderer Meinung. Ansonsten ist er nat\u00fcrlich sehr gl\u00fccklich.<\/p>\n<p style=\"padding-left: 40px;\">\u201eIch sch\u00e4tze die sehr gute Zusammenarbeit zwischen uns, unseren Regierungen der USA, Deutschlands und Europas sehr. Und die transatlantische Partnerschaft, die heute wirklich sehr gut ist, das ist weitgehend Ihrer F\u00fchrung zu verdanken. Deshalb freue ich mich sehr, hier zu sein und mit Ihnen zu sprechen\u201c, sagte Olaf Scholz.<\/p>\n<p style=\"padding-left: 40px;\">Er h\u00e4tte zum Beispiel \u00fcber die Abrams sprechen und Biden fragen k\u00f6nnen, wo die der Ukraine versprochenen amerikanische Panzer sind, die die Vorbedingung f\u00fcr die Lieferung deutscher Panzer waren. Oder waren sie das nicht? Anfang dieser Woche best\u00e4tigte US-Pr\u00e4sidentenberater Sullivan, dass das Wei\u00dfe Haus zugestimmt hatte, Abrams zu schicken, aber nicht, um das Versprechen zu erf\u00fcllen, sondern um Deutschland dazu zu bewegen, Leoparden zu schicken. Gleichzeitig bestreitet der deutsche Regierungssprecher Hebestreit, dass Berlin diese Bedingung f\u00fcr die Entsendung von Panzern in die Ukraine gestellt hat.<\/p>\n<p style=\"padding-left: 40px;\">Einer von beiden l\u00fcgt. Wohl eher Hebestreit, denn die Deutschen wollen nicht als diejenigen dastehen, die zynisch benutzt wurden. Aber was tun, bei einer solchen Freundschaft?<\/p>\n<p style=\"padding-left: 40px;\">\u201eIch m\u00f6chte Dir, Olaf, f\u00fcr Deine entschlossene und zuversichtliche F\u00fchrung danken. Ich sage das ganz ehrlich. Ich w\u00fcrde sagen, dass neben der milit\u00e4rischen Unterst\u00fctzung auch die moralische Unterst\u00fctzung, die Du den Ukrainern gegeben hast, tiefgreifend war. Und Du hast im eigenen Land einen historischen Wandel erm\u00f6glicht, indem Du die Verteidigungsausgaben erh\u00f6ht und die russischen Energietr\u00e4ger diversifiziert hast. Ich wei\u00df, dass das nicht einfach war, es war sehr schwierig f\u00fcr Dich\u201c, sagte Biden.<\/p>\n<p style=\"padding-left: 40px;\">Die Diversifizierung der Quellen war schwierig, aber die Amerikaner haben geholfen. Wie Biden bei ihrem letzten Treffen im Wei\u00dfen Haus am 7. Februar letzten Jahres versprochen hatte, sind die Nord Streams zu Ende. Eine Gruppe europ\u00e4ischer Wissenschaftler hat letzte Woche einen Bericht \u00fcber die Umweltsch\u00e4den ver\u00f6ffentlicht, die durch die Terroranschl\u00e4ge auf die Pipelines entstanden sind: Bei den vier Explosionen wurden sch\u00e4tzungsweise 250.000 Tonnen Erde vom Meeresboden aufgewirbelt. Im Umkreis von vier Kilometern wurde die gesamte Tierwelt abget\u00f6tet und sie wurde im Umkreis von 50 Kilometern stark beeintr\u00e4chtigt. Gleichzeitig wurden Hunderttausende von Kubikmetern eines Treibhausgasgemischs in die Atmosph\u00e4re freigesetzt. Und das Schlimmste: Die Explosionen wirbelten den Boden auf, der bereits mit chemischen Giften verseucht war, die im letzten Jahrhundert in der Ostsee versenkt worden waren.<\/p>\n<p style=\"padding-left: 40px;\">\u201eNat\u00fcrlich haben das die USA getan. Es ist in ihrem Interesse. Jetzt k\u00f6nnen sie Gas zu einem Preis nach Europa verkaufen, der drei bis vier Mal h\u00f6her ist als in den USA. Das ist eine Art Wirtschaftsterrorismus\u201c, sagt Jan Oberg, Mitbegr\u00fcnder der Transnationalen Stiftung f\u00fcr Friedens- und Zukunftsstudien.<\/p>\n<p style=\"padding-left: 40px;\">\u201eWo zum Teufel sind diese Greta Thunberg und all diese Umweltaktivisten? Warum sagt Greta Thunberg nichts \u00fcber die von den USA organisierte Sprengung der Nord Streams?\u201c, emp\u00f6rt sich George Galway, Publizist und Vorsitzender der britischen Workers Party.<\/p>\n<p style=\"padding-left: 40px;\">Wenn man Scholz glaubt, dass die Alliierten gemeinsam handeln, dann war er wohl eingeweiht, bevor das passiert ist. Aber es gab niemanden, der eine Diskussion \u00fcber das so sensible Thema begonnen h\u00e4tte, denn um so etwas wie eine Konfrontation zu verhindern, nahm der Kanzler diesmal keine Journalisten mit nach Washington, damit sie keine Fragen stellen konnten. Und die amerikanischen Medien kann man sehr leicht ignorieren, weil sie immer alles zu einer Farce machen. 18 Stunden hin und zur\u00fcck in der Luft f\u00fcr zwei Stunden im Wei\u00dfen Haus. Der Kanzler scheint den sicheren Telefonleitungen nicht genug zu trauen, um sie f\u00fcr die Gespr\u00e4che \u00fcber die Ukraine zu nutzen.<\/p>\n<p style=\"padding-left: 40px;\">Sie war das einzige best\u00e4tigte Gespr\u00e4chsthema. Das Kiewer Regime soll vom Westen so viel Unterst\u00fctzung erhalten, wie es braucht. Allerdings verbirgt sich f\u00fcr Berlin hinter dieser bis zum Erbrechen wiederholten These die wichtigste Frage: Was soll Deutschland tun, wenn China beginnt, Russland offensichtlicher zu unterst\u00fctzen? Ja, die deutsche Regierung versucht, ihre Abh\u00e4ngigkeit vom Handel mit China zu verringern, was auch als offizielle Politik festgehalten wurde. Deutschland sucht verzweifelt nach neuen Partnern in Asien. Scholz war gerade in Indien, aber es gab keine Resultate, \u00fcberhaupt sind \u00fcberall sehr d\u00fcstere Perspektiven.<\/p>\n<p style=\"padding-left: 40px;\">Aber die 300 Milliarden Dollar im Handel mit China sind immer noch da. China ist Deutschlands weltweit wichtigster Wirtschaftspartner. Wie kann man den verlieren? Biden konnte Scholz das nat\u00fcrlich nicht sagen, er konnte sich nur die Sorgen anh\u00f6ren. Als n\u00e4chstes passiert wahrscheinlich das gleiche, wie mit den fr\u00fcheren deutschen Sorgen \u00fcber die Energiepartnerschaft mit Russland oder \u00fcber die Abwerbung deutscher Industrien in die USA: Die Amerikaner werden die W\u00fcnsche der Deutschen nicht ber\u00fccksichtigen, denn sie m\u00fcssen alles geben. Und bisher klappt das.<\/p>\n<p style=\"padding-left: 40px;\">\u201eUnsere Streitkr\u00e4fte sind nicht verteidigungsf\u00e4hig, sie k\u00f6nnen keinen offensiven, brutalen Krieg abwehren\u201c, sagte der deutsche Verteidigungsminister Boris Pistorius. Letzte Woche hat er den v\u00f6lligen Verfall des deutschen Milit\u00e4rs konstatiert. Wo sind die hundert Milliarden Euro, die die Regierung Scholz noch im Juni letzten Jahres f\u00fcr die Modernisierung der Bundeswehr versprochen hatte? Pistorius h\u00e4tte kaum so dramatisch geklungen, wenn ihre Verwendung in der Armee auch nur ansatzweise sp\u00fcrbar w\u00e4re. Die gro\u00dfe Neuigkeit ist, dass der Konzern Rheinmetall in Gespr\u00e4chen \u00fcber den Bau einer Panzerfabrik ist, die 400 Panzer pro Jahr produzieren soll. Dabei geht es sich nicht um den Leopard, sondern um den neuesten Panther, der erst vor ein paar Jahren vorgestellt wurde. Und es ist geplant, diese Fabrik in der Ukraine zu bauen, um den Bedarf der ukrainischen Streitkr\u00e4fte zu decken.<\/p>\n<p style=\"padding-left: 40px;\">Wahrscheinlich hat das jetzt Priorit\u00e4t, aber man d\u00fcrfe sich selbst nicht vergessen, dr\u00e4ngte die CDU-Opposition Scholz: \u201eWir m\u00fcssen Sicherheit in Europa f\u00fcr die n\u00e4chsten Jahrzehnte nicht mit Russland, sondern vor Russland aufbauen. Und daf\u00fcr, Herr Bundeskanzler, m\u00fcssen Entscheidungen getroffen, und nicht nur Regierungserkl\u00e4rungen abgegeben werden.\u201c<\/p>\n<p style=\"padding-left: 40px;\">Die Financial Times schreibt, dass die deutschen Waffenarsenale wegen der Munitionslieferungen in die Ukraine v\u00f6llig ersch\u00f6pft sind. Allein 20 Milliarden Euro werden ben\u00f6tigt, um sie wieder aufzuf\u00fcllen, w\u00e4hrend gleichzeitig Munition am Flie\u00dfband an die Ostfront geschickt werden muss. Mit anderen Worten: Es geht um Dutzende Milliarden. Hinzu kommt, dass Deutschland laut \u201eBild\u201c nun v\u00f6llig ungesch\u00fctzt vor Luftangriffen ist, denn die gesamte deutsche Luftabwehr wurde in die Ukraine verlegt. Auch das sind Milliarden, und Entschuldigungen gelten nicht: die Alliierten erwarten, dass Europas Wirtschaftsmotor milit\u00e4risch voll durchstartet.<\/p>\n<p style=\"padding-left: 40px;\">\u201eWir werden unsere Streitkr\u00e4fte und unsere Milit\u00e4rindustrie auf Jahre im Voraus anpassen m\u00fcssen, um die gro\u00dfe Herausforderung annehmen zu k\u00f6nnen\u201c, betont der lettischer Ministerpr\u00e4sident Kri\u0161j\u0101nis Kari\u0146\u0161.<\/p>\n<p style=\"padding-left: 40px;\">Nat\u00fcrlich ist es l\u00e4cherlich, vom lettischen Ministerpr\u00e4sidenten etwas \u00fcber Industrie zu h\u00f6ren, aber am Wesentlichen \u00e4ndert das nichts: Mit der Entscheidung, Panzer zu liefern, hat Scholz Deutschland auf einen Weg getrieben, aus dem es nicht raus kann. Und es gibt keinen R\u00fcckw\u00e4rtsgang, nur den Vorw\u00e4rtsgang. Die Dynamik ist \u00fcbrigens beeindruckend.<\/p>\n<p style=\"padding-left: 40px;\">\u201e2021 konnten wir mit einem Schuldendienst von vier Milliarden Euro abschlie\u00dfen, 2023 werden wir einen Schuldendienst von 40 Milliarden Euro haben\u201c, sagte der deutsche Finanzminister Christian Lindner. Das wird noch mehr, denn es gibt keine andere M\u00f6glichkeit, als das Land in die Verschuldung zu treiben. Und das vor dem Hintergrund der steigenden Inflation. Sie liegt im Februar bei 8,7 Prozent.<\/p>\n<p style=\"padding-left: 40px;\">In Berlin haben diese Woche Studenten protestiert. Normalerweise haben junge Leute ihr Studium mit einem Nebenjob kombiniert, was ausreichte, um Kleidung zu kaufen, zu essen und die Miete zu bezahlen, aber jetzt kommen sie nicht mehr \u00fcber die Runden, denn Vermieter verlangen von Neumietern exorbitante Preise. Anfang der Woche streikte das Personal an den zwei gro\u00dfen Flugh\u00e4fen in K\u00f6ln und D\u00fcsseldorf, 300 Fl\u00fcge wurden abgesagt. Am Freitag kamen in M\u00fcnchen alle \u00f6ffentlichen Verkehrsmittel zum Stillstand, weil die Mitarbeiter eine Lohnerh\u00f6hung mindestens in H\u00f6he der Inflationsrate fordern. Aber es ist kein Geld da. Nicht daf\u00fcr.<\/p>\n<p style=\"padding-left: 40px;\">Aber die Menschen sehen, dass f\u00fcr die Ukraine Geld da ist. Und in der Zukunft w\u00e4re es logisch, zu erwarten, dass sich gewerkschaftliche und pazifistische Gruppen zusammenschlie\u00dfen. In M\u00fcnchen, N\u00fcrnberg und K\u00f6ln fanden Demonstrationen gegen Waffenlieferungen an Kiew statt. Wohl zum ersten Mal seit dem \u201ehei\u00dfen Herbst\u201c 1983 marschierten mehrere tausend Menschen vor die Tore des amerikanischen St\u00fctzpunktes Ramstein.<\/p>\n<p style=\"padding-left: 40px;\">\u201eWir glauben, dass alles, was jetzt in Europa passiert, n\u00e4mlich die Kriegstreiberei, der Krieg in der Ukraine, das sind alles Themen, die auf der US-Agenda stehen, auch die Ereignisse auf dem Maidan und acht Jahre B\u00fcrgerkrieg in der Ukraine, das ist das Ergebnis transatlantischer Einflussnahme\u201c, sagt ein Demonstrant.<\/p>\n<p style=\"padding-left: 40px;\">Die H\u00e4lfte der Deutschen h\u00e4lt die Waffenlieferungen an die Ukraine f\u00fcr einen Fehler der Regierung Scholz. Politisch wird diese Ansicht derzeit jedoch nur von der Linken und der AfD vertreten, zwei kleinen Parteien an entgegengesetzten Enden des Spektrums, was jede Koordinierung zwischen ihnen unm\u00f6glich macht.<\/p>\n<p style=\"padding-left: 40px;\">\u201eWer ein Ende des Krieges will, ist kein Verschw\u00f6rungstheoretiker oder Putin-Anh\u00e4nger. Wer Friedensgespr\u00e4che fordert, will Tod und Leid in der Ukraine beenden und eine atomare Eskalation verhindern. Die Jagd auf diejenigen, die den Kurs der Bundesregierung f\u00fcr falsch halten, muss aufh\u00f6ren\u201c, sagte der Vorsitzende der Linksfraktion im Bundestag Dietmar Bartsch.<\/p>\n<p style=\"padding-left: 40px;\">\u201eIn diesem Krieg gibt es nur einen Gewinner. Und dieser Gewinner sind die USA. Wie oft war dieses Land in den letzten Jahren am Rande des Bankrotts? Und wie reagieren wir hier in Europa? Wir finanzieren mit unseren Steuergeldern das amerikanische Lend-Lease zur Verteidigung der Ukraine und gleichzeitig einen Krieg auf unserem eigenen Kontinent\u201c, betont der AfD-Vorsitzende Tino Chrupalla.<\/p>\n<p style=\"padding-left: 40px;\">Sie klingen \u00e4hnlich, aber es gibt in Deutschland keine innenpolitische Kraft, um Scholz zu korrigieren. Aber es gibt jemanden von au\u00dfen, der den Weg weist. Der gro\u00dfe Bruder ist wieder da, ironisiert das Magazin Stern, das auf seinem Titelbild den gro\u00dfen Biden zeigt, der den kleinen Scholz an der Hand hat. Aber ist das nur ein Bruder oder ein erwachsener Onkel, der den kleinen Jungen irgendwohin f\u00fchrt\u2026?<\/p>\n<p style=\"padding-left: 40px;\">Interessant ist, dass der Onkel nicht einmal einen Schokoriegel braucht, um den Jungen zu verf\u00fchren. Alles ist einvernehmlich. Die deutschen Eliten, abgesehen von der Linken und der AfD, sind sich sicher, dass sie aus eigenem Antrieb handeln und das Richtige tun. Dabei gibt es sehr viele Signale daf\u00fcr, dass dieser Weg nicht zum Guten f\u00fchrt, zumindest wird Deutschland aus der Krise sehr geschw\u00e4cht hervorgehen. Man bekommt das Gef\u00fchl, dass die deutschen Politiker mit dieser Zuversicht versuchen, das ebenso starke Gef\u00fchl des Untergangs zu \u00fcberspielen.<\/p>\n<pre>Ende der \u00dcbersetzung<\/pre>\n<p style=\"text-align: right;\"><em>Thomas R\u00f6per, geboren 1971, lebt seit \u00fcber 15 Jahren in Russland. Die Schwerpunkte seiner medienkritischen Arbeit sind das (mediale) Russlandbild in Deutschland, Kritik an der Berichterstattung westlicher Medien im Allgemeinen und die Themen (Geo-)Politik und Wirtschaft.<\/em><\/p>\n<hr \/>\n<p><span style=\"font-size: 10pt;\">Bild oben: Olaf Scholz und Joe Biden am 03.03.2023 in Washington<\/span><br \/>\n<span style=\"font-size: 10pt;\">Foto: The White House, Gemeinfrei<\/span><br \/>\n<span style=\"font-size: 10pt;\">Quelle: <a href=\"https:\/\/commons.wikimedia.org\/w\/index.php?curid=129249260\" target=\"_blank\" rel=\"noopener\">https:\/\/commons.wikimedia.org\/w\/index.php?curid=129249260<\/a><\/span><\/p>\n","protected":false},"excerpt":{"rendered":"<p><b>Beitrag von\u00a0Anti-Spiegel\u00a0(d.i.\u00a0Thomas R\u00f6per)<\/b><br \/>\nDieser USA-Besuch von Bundeskanzler Scholz war wohl eine Premiere. Ich jedenfalls kann mich nicht daran erinnern, dass ein deutscher Kanzler (oder Kanzlerin) jemals ohne seine Berater und ohne Journalisten zum US-Pr\u00e4sidenten geflogen ist. Der Grund daf\u00fcr k\u00f6nnte sein, dass man \u201edumme Fragen\u201c von Journalisten vermeiden wollte, denn eine Wiederholung der Situation, in der Scholz mit betretenem Gesicht und hilflosem Stammeln vor etwas \u00fcber einem Jahr, als US-Pr\u00e4sident Biden neben Scholz stehend offen das Ende f\u00fcr die Nord Streams versprochen hatte, wollte man wohl vermeiden. Also am besten gar keine Presse beim Washington-Besuch des Bundeskanzlers.<\/p>\n","protected":false},"author":3,"featured_media":15459,"comment_status":"closed","ping_status":"closed","sticky":false,"template":"","format":"standard","meta":{"colormag_page_container_layout":"default_layout","colormag_page_sidebar_layout":"default_layout","advanced_seo_description":"","jetpack_seo_html_title":"","jetpack_seo_noindex":false,"jetpack_post_was_ever_published":false,"footnotes":""},"categories":[12],"tags":[452,1171,1332,1491,1340,1317,1662,1388,222,1556,628,185],"class_list":["post-15457","post","type-post","status-publish","format-standard","has-post-thumbnail","hentry","category-demokratie-medien-aufklaerung","tag-deutschland","tag-greta-thunberg","tag-joe-biden","tag-kriegstreiberei","tag-militaeretat","tag-nord-stream","tag-olaf-scholz","tag-presse","tag-russland","tag-sicherheitspolitik","tag-umweltschutz","tag-usa"],"jetpack_featured_media_url":"https:\/\/i0.wp.com\/www.freidenker.org\/fw17\/wp-content\/uploads\/2023\/03\/President_Joe_Biden_and_Chancellor_Olaf_Scholz_800x450.jpg?fit=800%2C450&ssl=1","jetpack_shortlink":"https:\/\/wp.me\/p9stpK-41j","jetpack-related-posts":[{"id":14669,"url":"https:\/\/www.freidenker.org\/?p=14669","url_meta":{"origin":15457,"position":0},"title":"Was geschah wirklich beim China-Besuch von Olaf Scholz?","author":"Webredaktion","date":"15. November 2022","format":false,"excerpt":"Beitrag von Rainer Rupp Der eint\u00e4gige Besuch von Bundeskanzler Olaf Scholz in Peking bei Pr\u00e4sident Xi Jinping am 4. November 2022 war mit den USA offensichtlich nicht abgesprochen worden. Das lie\u00df sich deutlich aus den Reaktionen Washingtons herauslesen. Dessen Strategie zielt darauf ab, China politisch einzugrenzen und dessen wirtschaftliche und\u2026","rel":"","context":"In &quot;Demokratie \u2013 Medien \u2013 Aufkl\u00e4rung&quot;","block_context":{"text":"Demokratie \u2013 Medien \u2013 Aufkl\u00e4rung","link":"https:\/\/www.freidenker.org\/?cat=12"},"img":{"alt_text":"","src":"https:\/\/i0.wp.com\/www.freidenker.org\/fw17\/wp-content\/uploads\/2022\/11\/scholz_china_800x450.jpg?fit=800%2C450&ssl=1&resize=350%2C200","width":350,"height":200,"srcset":"https:\/\/i0.wp.com\/www.freidenker.org\/fw17\/wp-content\/uploads\/2022\/11\/scholz_china_800x450.jpg?fit=800%2C450&ssl=1&resize=350%2C200 1x, https:\/\/i0.wp.com\/www.freidenker.org\/fw17\/wp-content\/uploads\/2022\/11\/scholz_china_800x450.jpg?fit=800%2C450&ssl=1&resize=525%2C300 1.5x, https:\/\/i0.wp.com\/www.freidenker.org\/fw17\/wp-content\/uploads\/2022\/11\/scholz_china_800x450.jpg?fit=800%2C450&ssl=1&resize=700%2C400 2x"},"classes":[]},{"id":14673,"url":"https:\/\/www.freidenker.org\/?p=14673","url_meta":{"origin":15457,"position":1},"title":"Der Kanzler mit dem kurzen Ged\u00e4chtnis: Olaf Scholz in Vietnam","author":"Webredaktion","date":"15. November 2022","format":false,"excerpt":"Beitrag von Dagmar Henn Olaf Scholz h\u00e4tte es besser wissen m\u00fcssen. Aber vermutlich hatte er gehofft, wenn ihn die Chinesen schon nicht lieben, dann wenigstens die Vietnamesen, schon allein, weil deren Verh\u00e4ltnis untereinander nicht ganz frei von Komplikationen ist. Jedenfalls hat er, Pressemeldungen zufolge, in Vietnam erkl\u00e4rt, er w\u00fcnsche sich\u2026","rel":"","context":"In &quot;Demokratie \u2013 Medien \u2013 Aufkl\u00e4rung&quot;","block_context":{"text":"Demokratie \u2013 Medien \u2013 Aufkl\u00e4rung","link":"https:\/\/www.freidenker.org\/?cat=12"},"img":{"alt_text":"","src":"https:\/\/i0.wp.com\/www.freidenker.org\/fw17\/wp-content\/uploads\/2022\/11\/Ho_Chi_Minh_Mausoleum_7360943118_800x450.jpg?fit=800%2C450&ssl=1&resize=350%2C200","width":350,"height":200,"srcset":"https:\/\/i0.wp.com\/www.freidenker.org\/fw17\/wp-content\/uploads\/2022\/11\/Ho_Chi_Minh_Mausoleum_7360943118_800x450.jpg?fit=800%2C450&ssl=1&resize=350%2C200 1x, https:\/\/i0.wp.com\/www.freidenker.org\/fw17\/wp-content\/uploads\/2022\/11\/Ho_Chi_Minh_Mausoleum_7360943118_800x450.jpg?fit=800%2C450&ssl=1&resize=525%2C300 1.5x, https:\/\/i0.wp.com\/www.freidenker.org\/fw17\/wp-content\/uploads\/2022\/11\/Ho_Chi_Minh_Mausoleum_7360943118_800x450.jpg?fit=800%2C450&ssl=1&resize=700%2C400 2x"},"classes":[]},{"id":19320,"url":"https:\/\/www.freidenker.org\/?p=19320","url_meta":{"origin":15457,"position":2},"title":"Olaf Scholz \u2013 das Problem des aufrechten Ganges","author":"Webredaktion","date":"11. Juni 2024","format":false,"excerpt":"Beitrag von Dagmar Henn Man kann nicht behaupten, der DFB habe kein Geschichtsbewusstsein. Ein Fu\u00dfballspiel Deutschland \u2013 Ukraine im N\u00fcrnberger Stadion abzuhalten, das hatte schon was. Schlie\u00dflich liegt dieses Stadion mitten im ehemals sogenannten \"Reichsparteitagsgel\u00e4nde\", da k\u00f6nnen dann die ukrainischen Fans gleich eine Pilgertour anschlie\u00dfen. Und bestimmt fand sich in\u2026","rel":"","context":"In &quot;Demokratie \u2013 Medien \u2013 Aufkl\u00e4rung&quot;","block_context":{"text":"Demokratie \u2013 Medien \u2013 Aufkl\u00e4rung","link":"https:\/\/www.freidenker.org\/?cat=12"},"img":{"alt_text":"","src":"https:\/\/i0.wp.com\/www.freidenker.org\/fw17\/wp-content\/uploads\/2024\/06\/Scholz_in_Italy_2024_2_800x450.jpg?fit=800%2C450&ssl=1&resize=350%2C200","width":350,"height":200,"srcset":"https:\/\/i0.wp.com\/www.freidenker.org\/fw17\/wp-content\/uploads\/2024\/06\/Scholz_in_Italy_2024_2_800x450.jpg?fit=800%2C450&ssl=1&resize=350%2C200 1x, https:\/\/i0.wp.com\/www.freidenker.org\/fw17\/wp-content\/uploads\/2024\/06\/Scholz_in_Italy_2024_2_800x450.jpg?fit=800%2C450&ssl=1&resize=525%2C300 1.5x, https:\/\/i0.wp.com\/www.freidenker.org\/fw17\/wp-content\/uploads\/2024\/06\/Scholz_in_Italy_2024_2_800x450.jpg?fit=800%2C450&ssl=1&resize=700%2C400 2x"},"classes":[]},{"id":17654,"url":"https:\/\/www.freidenker.org\/?p=17654","url_meta":{"origin":15457,"position":3},"title":"Die L\u00fcgenrede von Scholz auf dem SPD-Parteitag","author":"Webredaktion","date":"13. Dezember 2023","format":false,"excerpt":"Beitrag von Anti-Spiegel (d.i. Thomas R\u00f6per) Wie schon bei seiner Regierungserkl\u00e4rung vor einigen Tagen zum Urteil des Verfassungsgerichtes, dass die Haushaltspolitik der Scholz-Regierung als verfassungswidrig eingestuft und damit die Haushaltskrise ausgel\u00f6st hat, hat Scholz auch die Rede beim SPD-Parteitag damit begonnen, dass er und seine Regierung an allen Problemen in\u2026","rel":"","context":"In &quot;Demokratie \u2013 Medien \u2013 Aufkl\u00e4rung&quot;","block_context":{"text":"Demokratie \u2013 Medien \u2013 Aufkl\u00e4rung","link":"https:\/\/www.freidenker.org\/?cat=12"},"img":{"alt_text":"","src":"https:\/\/i0.wp.com\/www.freidenker.org\/fw17\/wp-content\/uploads\/2023\/12\/scholz_nase_800x450.jpg?fit=797%2C449&ssl=1&resize=350%2C200","width":350,"height":200,"srcset":"https:\/\/i0.wp.com\/www.freidenker.org\/fw17\/wp-content\/uploads\/2023\/12\/scholz_nase_800x450.jpg?fit=797%2C449&ssl=1&resize=350%2C200 1x, https:\/\/i0.wp.com\/www.freidenker.org\/fw17\/wp-content\/uploads\/2023\/12\/scholz_nase_800x450.jpg?fit=797%2C449&ssl=1&resize=525%2C300 1.5x, https:\/\/i0.wp.com\/www.freidenker.org\/fw17\/wp-content\/uploads\/2023\/12\/scholz_nase_800x450.jpg?fit=797%2C449&ssl=1&resize=700%2C400 2x"},"classes":[]},{"id":16291,"url":"https:\/\/www.freidenker.org\/?p=16291","url_meta":{"origin":15457,"position":4},"title":"Der Blasen-Kanzler","author":"Webredaktion","date":"10. Juni 2023","format":false,"excerpt":"Kaum trifft Olaf Scholz auf echte Menschen, flippt er aus Von\u00a0Tom J. Wellbrock Sawsan Chebli (SPD) ist bekannt f\u00fcr ihren unerm\u00fcdlichen Kampf gegen Hass und Hetze. K\u00fcrzlich hat sie sogar ein Buch mit dem Titel \"Laut\" herausgebracht, das seitdem viel diskutiert wird \u2013 vor allem von Chebli selbst. Sie wird\u2026","rel":"","context":"In &quot;Demokratie \u2013 Medien \u2013 Aufkl\u00e4rung&quot;","block_context":{"text":"Demokratie \u2013 Medien \u2013 Aufkl\u00e4rung","link":"https:\/\/www.freidenker.org\/?cat=12"},"img":{"alt_text":"","src":"https:\/\/i0.wp.com\/www.freidenker.org\/fw17\/wp-content\/uploads\/2023\/06\/Wahlplakat_Wahlen_2021_Olaf_Scholz_800x450.jpg?fit=800%2C450&ssl=1&resize=350%2C200","width":350,"height":200,"srcset":"https:\/\/i0.wp.com\/www.freidenker.org\/fw17\/wp-content\/uploads\/2023\/06\/Wahlplakat_Wahlen_2021_Olaf_Scholz_800x450.jpg?fit=800%2C450&ssl=1&resize=350%2C200 1x, https:\/\/i0.wp.com\/www.freidenker.org\/fw17\/wp-content\/uploads\/2023\/06\/Wahlplakat_Wahlen_2021_Olaf_Scholz_800x450.jpg?fit=800%2C450&ssl=1&resize=525%2C300 1.5x, https:\/\/i0.wp.com\/www.freidenker.org\/fw17\/wp-content\/uploads\/2023\/06\/Wahlplakat_Wahlen_2021_Olaf_Scholz_800x450.jpg?fit=800%2C450&ssl=1&resize=700%2C400 2x"},"classes":[]},{"id":18909,"url":"https:\/\/www.freidenker.org\/?p=18909","url_meta":{"origin":15457,"position":5},"title":"Die vergessene Aufkl\u00e4rung: Wie in Deutschland Kants 300. Geburtstag instrumentalisiert wird","author":"Webredaktion","date":"30. April 2024","format":false,"excerpt":"Beitrag von Gert Ewen Ungar Immanuel Kant hatte Geburtstag. W\u00fcrde er noch leben, h\u00e4tte er gestern seinen 300. Geburtstag feiern k\u00f6nnen. Er ist jedoch tot, feiert daher nicht mehr, kann sich aber vor allem nun auch nicht mehr gegen Vereinnahmung wehren. Kant wurde anl\u00e4sslich seines Geburtstages massiv instrumentalisiert. Einer, der\u2026","rel":"","context":"In &quot;Demokratie \u2013 Medien \u2013 Aufkl\u00e4rung&quot;","block_context":{"text":"Demokratie \u2013 Medien \u2013 Aufkl\u00e4rung","link":"https:\/\/www.freidenker.org\/?cat=12"},"img":{"alt_text":"","src":"https:\/\/i0.wp.com\/www.freidenker.org\/fw17\/wp-content\/uploads\/2024\/04\/kant_grab_44965531381_fb426147a8_c_800x450.jpg?fit=800%2C450&ssl=1&resize=350%2C200","width":350,"height":200,"srcset":"https:\/\/i0.wp.com\/www.freidenker.org\/fw17\/wp-content\/uploads\/2024\/04\/kant_grab_44965531381_fb426147a8_c_800x450.jpg?fit=800%2C450&ssl=1&resize=350%2C200 1x, https:\/\/i0.wp.com\/www.freidenker.org\/fw17\/wp-content\/uploads\/2024\/04\/kant_grab_44965531381_fb426147a8_c_800x450.jpg?fit=800%2C450&ssl=1&resize=525%2C300 1.5x, https:\/\/i0.wp.com\/www.freidenker.org\/fw17\/wp-content\/uploads\/2024\/04\/kant_grab_44965531381_fb426147a8_c_800x450.jpg?fit=800%2C450&ssl=1&resize=700%2C400 2x"},"classes":[]}],"_links":{"self":[{"href":"https:\/\/www.freidenker.org\/index.php?rest_route=\/wp\/v2\/posts\/15457","targetHints":{"allow":["GET"]}}],"collection":[{"href":"https:\/\/www.freidenker.org\/index.php?rest_route=\/wp\/v2\/posts"}],"about":[{"href":"https:\/\/www.freidenker.org\/index.php?rest_route=\/wp\/v2\/types\/post"}],"author":[{"embeddable":true,"href":"https:\/\/www.freidenker.org\/index.php?rest_route=\/wp\/v2\/users\/3"}],"replies":[{"embeddable":true,"href":"https:\/\/www.freidenker.org\/index.php?rest_route=%2Fwp%2Fv2%2Fcomments&post=15457"}],"version-history":[{"count":0,"href":"https:\/\/www.freidenker.org\/index.php?rest_route=\/wp\/v2\/posts\/15457\/revisions"}],"wp:featuredmedia":[{"embeddable":true,"href":"https:\/\/www.freidenker.org\/index.php?rest_route=\/wp\/v2\/media\/15459"}],"wp:attachment":[{"href":"https:\/\/www.freidenker.org\/index.php?rest_route=%2Fwp%2Fv2%2Fmedia&parent=15457"}],"wp:term":[{"taxonomy":"category","embeddable":true,"href":"https:\/\/www.freidenker.org\/index.php?rest_route=%2Fwp%2Fv2%2Fcategories&post=15457"},{"taxonomy":"post_tag","embeddable":true,"href":"https:\/\/www.freidenker.org\/index.php?rest_route=%2Fwp%2Fv2%2Ftags&post=15457"}],"curies":[{"name":"wp","href":"https:\/\/api.w.org\/{rel}","templated":true}]}}