{"id":15432,"date":"2023-03-04T21:40:31","date_gmt":"2023-03-04T20:40:31","guid":{"rendered":"https:\/\/www.freidenker.org\/?p=15432"},"modified":"2023-03-28T12:00:25","modified_gmt":"2023-03-28T10:00:25","slug":"rechte-die-den-frieden-wollen","status":"publish","type":"post","link":"https:\/\/www.freidenker.org\/?p=15432","title":{"rendered":"Rechte, die den Frieden wollen"},"content":{"rendered":"<p><strong>Wagenknecht und Schwarzer erkl\u00e4rten, jeder sei willkommen, um f\u00fcr den Frieden einzustehen: Auch Rechte. Das d\u00fcrfe nicht sein, las man daraufhin. Warum eigentlich?<\/strong><\/p>\n<p><em>von <strong>Roberto J. De Lapuente<\/strong><\/em><\/p>\n<p><span style=\"font-size: 10pt;\">Erstver\u00f6ffentlichung am 27.02.2023 auf <a href=\"https:\/\/www.neulandrebellen.de\/2023\/02\/rechte-die-den-frieden-wollen\/\" target=\"_blank\" rel=\"noopener\">neulandrebellen.de<\/a><\/span><\/p>\n<p>Ein Aufschrei der Emp\u00f6rung ging neulich durch die Gazetten: Sahra Wagenknecht und Alice Schwarzer wurden <a href=\"https:\/\/www.spiegel.de\/politik\/deutschland\/alice-schwarzer-und-sahra-wagenknecht-im-interview-es-wird-ernst-lasst-uns-schluss-machen-mit-diesem-krieg-a-1445cd6b-9c00-4504-8403-3b0c429f0bad\" target=\"_blank\" rel=\"noopener\">zum Gespr\u00e4ch mit dem <em>Spiegel<\/em><\/a> geladen. Grund war ihr Manifest f\u00fcr den Frieden, das recht erfolgreich gezeichnet wird. In diesem Gespr\u00e4ch wurden beide gefragt, was denn sei, wenn auch Rechte mit ihnen protestieren w\u00fcrden. Die Antwort kam selbstbewusst: \u00bbJeder ist willkommen, der f\u00fcr Frieden demonstrieren m\u00f6chte.\u00ab<\/p>\n<p>Das sa\u00df, prompt wurde davon berichtet. Grenzen die beiden R\u00e4delsf\u00fchrerinnen sich nicht genug von den Rechten ab? Ein prominenter Unterzeichner, Politikwissenschaftler Johannes Varwick n\u00e4mlich, zog seine Solidarit\u00e4t umgehend zur\u00fcck. Frieden muss warten, wenn das eigene Image Schaden nehmen k\u00f6nnte. Endlich w\u00fcrden die beiden Frauen darlegen, wes Geistes Kind sie sind: Man betrachtete die Aussage als Symptom ihres Rechtsruckes. Jetzt k\u00f6nnten sie nicht mehr leugnen, auf falschen Wegen zu lustwandeln. Von recht spielten sie Putin in die Karten.<\/p>\n<h5><strong>Come as you are: Von Corona lernen<\/strong><\/h5>\n<p>Diese Betrachtungen sind nat\u00fcrlich allzu choreographiert. Alleine diese Fragestellung zielt darauf ab, das Friedensmanifest zu diskreditieren. Denn was h\u00e4tten die beiden Initiatorinnen auch antworten sollen auf eine Frage, die nur gestellt wurde, um das Anliegen f\u00fcr unm\u00f6glich zu erkl\u00e4ren? H\u00e4tten sie sich zur\u00fcckziehen, die Friedensbem\u00fchungen ad acta legen sollen? Ganz nach dem Motto: Wir suchen uns lieber aus, wer den Frieden m\u00f6chte und wer nicht? Jede denkbare Antwort war pr\u00e4destiniert daf\u00fcr, dass die Initiative sich selbst sch\u00e4digt. Denn entweder antwortet man wie es die beiden getan haben \u2013 und erntet Emp\u00f6rung. Oder aber man l\u00e4dt Friedenswillige aus, deren Nase einem nicht passt.<\/p>\n<p>\u00dcberhaupt ist die Frage unsinnig, Demonstrationen finden auf Stra\u00dfen statt. Und die sind in diesem Lande noch immer freie Zone. Wer soll denn kontrollieren, wer kommt? Und wenn sich Demonstranten einreihen, was dann? Bedarf es einer Gesinnungskontrolle? Wer f\u00fchrt die aus? Braucht es einen Fragenkatalog? Checkt man das Parteibuch?<\/p>\n<p>Die Corona-Zeit lehrt uns doch eines: Damals gingen Menschen <a href=\"https:\/\/www.neulandrebellen.de\/2022\/08\/corona-krise-notstandserkenntnisse\/\" target=\"_blank\" rel=\"noopener\">mit verschiedenen politischen Ausrichtungen<\/a> zusammen auf die Stra\u00dfe. In der Sache des Anliegens war man vereint: Man lehnte sich gegen einen \u00fcbergriffigen, unangemessen \u00fcberzogen reagierenden Staat auf. Was der einzelne Teilnehmer \u00fcber Wirtschaftspolitik zu sagen oder welche Haltung er zur Fl\u00fcchtlingsfrage einnahm, spielte eine bestenfalls untergeordnete Rolle. Man fokussierte sich auf das Wesentliche, auf das, was zur Stunde von Relevanz war: Denn in dieser Sache war man zum Protest gekommen.<\/p>\n<p>Das alles lief nach dem Motto: <em>Come as you are!<\/em> Mag sein, dass die Vorstellungen desjenigen, der neben einem lief, nicht die eigenen waren. Vielleicht war er ausl\u00e4nderfeindlich, kann sein. Aber deswegen waren wir nicht da. Es ging gegen Ma\u00dfnahmen, Seuchenschutzgesetz und Impfzwang. H\u00e4tten wir damals erstmal Gesinnungsschn\u00fcffelei begangen, wer w\u00e4re denn noch gegen diesen Wahnsinn aufgestanden? Aber genau das war ja die Absicht derer, die die Proteste als rechte Veranstaltung deklarierten.<\/p>\n<h5><strong>Lieber Rechte, die f\u00fcr Frieden sind, als Linke, die den Krieg wollen<\/strong><\/h5>\n<p>Denn nat\u00fcrlich gab es dort auch jene, die man Rechte nennt \u2013 man wollte diesen Umstand zur Zersetzung nutzen. Tat es auch. Es ging um Diskreditierung. Um die Spaltung derer, die widerst\u00e4ndig waren, indem man die Gruppen gegenseitig ausspielte. Dabei war schon damals klar, die Stra\u00dfe geh\u00f6rt niemanden \u2013 und damit allen. Man musste seinen Nebenmann nicht grunds\u00e4tzlich gut finden, aber einen gemeinsamen Nenner kann man haben. Und auf den kam es an. Aus meiner pers\u00f6nlichen Warte konnte ich sagen: Mir waren Leute, die ansonsten krude Ansichten pflegten und sich nicht unterbuttern lie\u00dfen lieber, als jene, deren Ansichten ich gemeinhin teilte, die aber pl\u00f6tzlich einer Impfpflicht das Wort redeten.<\/p>\n<p>Warum sollte das heute, da es um die nicht ganz unwesentliche Frage geht, ob Krieg oder Frieden unsere kontinentale Zukunft bestimmen sollten, so viel anders sein?<\/p>\n<p>Jeden normal denkenden Mensch muss doch ein Rechter \u2013 was immer das dann ist, ein AfDler? \u2013, der sich f\u00fcr Frieden ausspricht, lieber sein, als ein Linker oder vermeintlich Progressiver, der die Eskalation eines Krieges f\u00fcr eine gute Idee h\u00e4lt. Es geht bei dieser kruden Debatte ja darum, dem Klischee etwaiger schlechter Menschen grunds\u00e4tzlich die Kraft abzusprechen, auch etwas Gutes zu wollen. Was im Umkehrschluss bedeutet, dass die, die sich als die Guten sehen, nichts Schlechtes sagen k\u00f6nnen, auch wenn sie objektiv betrachtet genau das tun.<br \/>\n<img loading=\"lazy\" decoding=\"async\" src=\"https:\/\/vg07.met.vgwort.de\/na\/1eba6da29d2d4005899a47e4f55f7dcc\" alt=\"\" width=\"1\" height=\"1\" \/><br \/>\nWenn es dann Frieden gibt, wenn die Gesellschaft nicht v\u00f6llig in den Vernichtungswahn verf\u00e4llt, dann kann man ja mal wieder \u00fcber Richtungsangaben sprechen. Denn das sind Themen f\u00fcr eine Zeit, in der wir keinen anderen Probleme haben. Und das Wort <em>Problem<\/em> ist hier absichtlich als Understatement gew\u00e4hlt. Denn klar ist, dass das mehr als ein Problem ist. Und ob mein Nebenmann im Spalier derer, die den Frieden wollen, gendert oder nicht, kritisch die Fl\u00fcchtlingspolitik be\u00e4ugt oder nicht: So eine Betrachtung kann man sich nicht leisten, wenn es eventuell bald Bomben regnet.<\/p>\n<p style=\"text-align: right;\"><em> Roberto J. De Lapuente ist freier Publizist und Mitherausgeber der Internet-Seite &#8222;Neulandrebellen&#8220;<\/em><\/p>\n<hr \/>\n<p><span style=\"font-size: 10pt;\">Bild oben: Friedenssymbol mit Schriftzug &#8222;Imagine&#8220; auf der John Lennon Mauer in Prag<\/span><br \/>\n<span style=\"font-size: 10pt;\">Foto: Marko Kaf\u00e9, <a href=\"https:\/\/creativecommons.org\/licenses\/by-sa\/4.0\" target=\"_blank\" rel=\"noopener\">CC BY-SA 4.0<\/a><\/span><br \/>\n<span style=\"font-size: 10pt;\">Quelle: <a href=\"https:\/\/commons.wikimedia.org\/w\/index.php?curid=102395390\" target=\"_blank\" rel=\"noopener\">https:\/\/commons.wikimedia.org\/w\/index.php?curid=102395390<\/a><\/span><\/p>\n<p>&nbsp;<\/p>\n<p>&nbsp;<\/p>\n","protected":false},"excerpt":{"rendered":"<p><b>Beitrag von Roberto J. De Lapuente<\/b><br \/>\nEin Aufschrei der Emp\u00f6rung ging neulich durch die Gazetten: Sahra Wagenknecht und Alice Schwarzer wurden zum Gespr\u00e4ch mit dem Spiegel geladen. Grund war ihr Manifest f\u00fcr den Frieden, das recht erfolgreich gezeichnet wird. In diesem Gespr\u00e4ch wurden beide gefragt, was denn sei, wenn auch Rechte mit ihnen protestieren w\u00fcrden. Die Antwort kam selbstbewusst: \u00bbJeder ist willkommen, der f\u00fcr Frieden demonstrieren m\u00f6chte.\u00ab Das sa\u00df, prompt wurde davon berichtet. Grenzen die beiden R\u00e4delsf\u00fchrerinnen sich nicht genug von den Rechten ab? Ein prominenter Unterzeichner, Politikwissenschaftler Johannes Varwick n\u00e4mlich, zog seine Solidarit\u00e4t umgehend zur\u00fcck.<\/p>\n","protected":false},"author":3,"featured_media":15433,"comment_status":"closed","ping_status":"closed","sticky":false,"template":"","format":"standard","meta":{"colormag_page_container_layout":"default_layout","colormag_page_sidebar_layout":"default_layout","advanced_seo_description":"","jetpack_seo_html_title":"","jetpack_seo_noindex":false,"jetpack_post_was_ever_published":false,"footnotes":""},"categories":[13],"tags":[1201,411,335,43,1491,1091,1733],"class_list":["post-15432","post","type-post","status-publish","format-standard","has-post-thumbnail","hentry","category-frieden-antifaschismus-solidaritaet","tag-aufruf","tag-demonstration","tag-frieden","tag-friedensbewegung","tag-kriegstreiberei","tag-links-rechts","tag-manifest"],"jetpack_featured_media_url":"https:\/\/i0.wp.com\/www.freidenker.org\/fw17\/wp-content\/uploads\/2023\/03\/Peace-Imagine-Lennon_800x450.jpg?fit=800%2C450&ssl=1","jetpack_shortlink":"https:\/\/wp.me\/p9stpK-40U","jetpack-related-posts":[{"id":20884,"url":"https:\/\/www.freidenker.org\/?p=20884","url_meta":{"origin":15432,"position":0},"title":"\u201eMehr Druck f\u00fcr Frieden mit Russland und f\u00fcr eine Zweistaatenl\u00f6sung im Nahen Osten\u201c","author":"Webredaktion","date":"1. Februar 2025","format":false,"excerpt":"Video-Interview: Diether Dehm im Gespr\u00e4ch mit Albrecht M\u00fcller Diether Dehm ist ein vielseitig begabter Zeitgenosse. Er hat gute Liedertexte geschrieben und auch sonst n\u00fctzliche Ideen. Er war Mitglied des Deutschen Bundestags. Mit ihm sprach der Herausgeber der NachDenkSeiten. Schwerpunkt: Frieden mit Russland; woher kommt der Hass auf die Russen? Es\u2026","rel":"","context":"In &quot;Frieden - Antifaschismus - Solidarit\u00e4t&quot;","block_context":{"text":"Frieden - Antifaschismus - Solidarit\u00e4t","link":"https:\/\/www.freidenker.org\/?cat=13"},"img":{"alt_text":"","src":"https:\/\/i0.wp.com\/www.freidenker.org\/fw17\/wp-content\/uploads\/2025\/01\/dehm-mueller-2025-01_800x450.jpg?fit=800%2C450&ssl=1&resize=350%2C200","width":350,"height":200,"srcset":"https:\/\/i0.wp.com\/www.freidenker.org\/fw17\/wp-content\/uploads\/2025\/01\/dehm-mueller-2025-01_800x450.jpg?fit=800%2C450&ssl=1&resize=350%2C200 1x, https:\/\/i0.wp.com\/www.freidenker.org\/fw17\/wp-content\/uploads\/2025\/01\/dehm-mueller-2025-01_800x450.jpg?fit=800%2C450&ssl=1&resize=525%2C300 1.5x, https:\/\/i0.wp.com\/www.freidenker.org\/fw17\/wp-content\/uploads\/2025\/01\/dehm-mueller-2025-01_800x450.jpg?fit=800%2C450&ssl=1&resize=700%2C400 2x"},"classes":[]},{"id":15380,"url":"https:\/\/www.freidenker.org\/?p=15380","url_meta":{"origin":15432,"position":1},"title":"Friedensmanifeste und die Kriegspropaganda des Westens","author":"Webredaktion","date":"24. Februar 2023","format":false,"excerpt":"Beitrag von Rainer Rupp Was haben Kriegspropaganda und Narrativ gemeinsam? Wie viel Ukraine-Narrativ steckt im Manifest f\u00fcr den Frieden von Alice Schwarzer und Sahra Wagenknecht? Eine falsche Diagnose kann verheerende Folgen haben. Am Ende k\u00f6nnte sich Schwarzers und Wagenknechts Manifest sogar als hilfreich f\u00fcr die Kriegstreiber erweisen. ... Heute wird\u2026","rel":"","context":"In &quot;Frieden - Antifaschismus - Solidarit\u00e4t&quot;","block_context":{"text":"Frieden - Antifaschismus - Solidarit\u00e4t","link":"https:\/\/www.freidenker.org\/?cat=13"},"img":{"alt_text":"","src":"https:\/\/i0.wp.com\/www.freidenker.org\/fw17\/wp-content\/uploads\/2023\/02\/NATO_Plakat_800x450.jpg?fit=800%2C450&ssl=1&resize=350%2C200","width":350,"height":200,"srcset":"https:\/\/i0.wp.com\/www.freidenker.org\/fw17\/wp-content\/uploads\/2023\/02\/NATO_Plakat_800x450.jpg?fit=800%2C450&ssl=1&resize=350%2C200 1x, https:\/\/i0.wp.com\/www.freidenker.org\/fw17\/wp-content\/uploads\/2023\/02\/NATO_Plakat_800x450.jpg?fit=800%2C450&ssl=1&resize=525%2C300 1.5x, https:\/\/i0.wp.com\/www.freidenker.org\/fw17\/wp-content\/uploads\/2023\/02\/NATO_Plakat_800x450.jpg?fit=800%2C450&ssl=1&resize=700%2C400 2x"},"classes":[]},{"id":17924,"url":"https:\/\/www.freidenker.org\/?p=17924","url_meta":{"origin":15432,"position":2},"title":"Lanz wird r\u00fcckf\u00e4llig gegen Wagenknecht","author":"Webredaktion","date":"21. Januar 2024","format":false,"excerpt":"Beitrag von Diether Dehm Im Januar 2014 hatte Lanz schon einmal seinen Verh\u00f6rstil gegen Sahra Wagenknecht\u00a0versucht, sie maltr\u00e4tiert und nicht zu Wort kommen lassen. Das hatte ihm Hunderttausende von Protestmails eingebracht. In der Nachfolgesendung entschuldigte er sich und verfuhr\u00a0bei k\u00fcnftigen Einladungen gn\u00e4diger mit der TV-Quotenbringerin Wagenknecht. Gestern ist\u00a0Lanz wieder r\u00fcckf\u00e4llig\u2026","rel":"","context":"In &quot;Zeit der Verleumder - Freidenker f\u00fcr Klartext&quot;","block_context":{"text":"Zeit der Verleumder - Freidenker f\u00fcr Klartext","link":"https:\/\/www.freidenker.org\/?cat=937"},"img":{"alt_text":"","src":"https:\/\/i0.wp.com\/www.freidenker.org\/fw17\/wp-content\/uploads\/2024\/01\/Wagenknecht_Lanz_800x450.jpg?fit=800%2C450&ssl=1&resize=350%2C200","width":350,"height":200,"srcset":"https:\/\/i0.wp.com\/www.freidenker.org\/fw17\/wp-content\/uploads\/2024\/01\/Wagenknecht_Lanz_800x450.jpg?fit=800%2C450&ssl=1&resize=350%2C200 1x, https:\/\/i0.wp.com\/www.freidenker.org\/fw17\/wp-content\/uploads\/2024\/01\/Wagenknecht_Lanz_800x450.jpg?fit=800%2C450&ssl=1&resize=525%2C300 1.5x, https:\/\/i0.wp.com\/www.freidenker.org\/fw17\/wp-content\/uploads\/2024\/01\/Wagenknecht_Lanz_800x450.jpg?fit=800%2C450&ssl=1&resize=700%2C400 2x"},"classes":[]},{"id":20089,"url":"https:\/\/www.freidenker.org\/?p=20089","url_meta":{"origin":15432,"position":3},"title":"Wagenknecht, Lanz und Th\u00fcringer Druckwellen","author":"Webredaktion","date":"14. Oktober 2024","format":false,"excerpt":"Beitrag von Dr. Diether Dehm Wenn sich etwas Gr\u00f6\u00dferes im Kleinen spiegelt und bewegt, wenn Marx ergo \"alle bisherige Geschichte von Klassenk\u00e4mpfen\" bestimmt sieht und Lenin die Parlamente als \"Trib\u00fcne\" dieser Klassenk\u00e4mpfe, dann sind Talkshows ihr ideologischer Infight. Auch um jedes einzelne Wort. Dabei sollen widerst\u00e4ndige Pers\u00f6nlichkeiten \u00f6ffentlich domestiziert, TV-Zuschauer\u2026","rel":"","context":"In &quot;Demokratie \u2013 Medien \u2013 Aufkl\u00e4rung&quot;","block_context":{"text":"Demokratie \u2013 Medien \u2013 Aufkl\u00e4rung","link":"https:\/\/www.freidenker.org\/?cat=12"},"img":{"alt_text":"","src":"https:\/\/i0.wp.com\/www.freidenker.org\/fw17\/wp-content\/uploads\/2024\/10\/wagenknecht_lanz_800x450_2.jpg?fit=800%2C450&ssl=1&resize=350%2C200","width":350,"height":200,"srcset":"https:\/\/i0.wp.com\/www.freidenker.org\/fw17\/wp-content\/uploads\/2024\/10\/wagenknecht_lanz_800x450_2.jpg?fit=800%2C450&ssl=1&resize=350%2C200 1x, https:\/\/i0.wp.com\/www.freidenker.org\/fw17\/wp-content\/uploads\/2024\/10\/wagenknecht_lanz_800x450_2.jpg?fit=800%2C450&ssl=1&resize=525%2C300 1.5x, https:\/\/i0.wp.com\/www.freidenker.org\/fw17\/wp-content\/uploads\/2024\/10\/wagenknecht_lanz_800x450_2.jpg?fit=800%2C450&ssl=1&resize=700%2C400 2x"},"classes":[]},{"id":20977,"url":"https:\/\/www.freidenker.org\/?p=20977","url_meta":{"origin":15432,"position":4},"title":"Diether Dehm: \u201eWarum ich trotzdem BSW w\u00e4hle\u201c","author":"Webredaktion","date":"18. Februar 2025","format":false,"excerpt":"Interview von J\u00fcrgen Els\u00e4sser mit Diether Dehm Der langj\u00e4hrige Bundestagsabgeordnete der Linken, Diether Dehm, erl\u00e4utert im COMPACT-Interview, warum er Gauland und Chrupalla sch\u00e4tzt, was er an Wagenknecht kritisiert \u2013 und warum er trotzdem empfiehlt, das BSW zu w\u00e4hlen. Die Fragen stellte J\u00fcrgen Els\u00e4sser. Frage: Warum werden Sie als sozialer Patriot\u2026","rel":"","context":"In &quot;Demokratie \u2013 Medien \u2013 Aufkl\u00e4rung&quot;","block_context":{"text":"Demokratie \u2013 Medien \u2013 Aufkl\u00e4rung","link":"https:\/\/www.freidenker.org\/?cat=12"},"img":{"alt_text":"","src":"https:\/\/i0.wp.com\/www.freidenker.org\/fw17\/wp-content\/uploads\/2025\/02\/Demo_Muenchen_Sicherheitskonferenz_Diether_Dehm_Online_4_800x450.jpg?fit=800%2C450&ssl=1&resize=350%2C200","width":350,"height":200,"srcset":"https:\/\/i0.wp.com\/www.freidenker.org\/fw17\/wp-content\/uploads\/2025\/02\/Demo_Muenchen_Sicherheitskonferenz_Diether_Dehm_Online_4_800x450.jpg?fit=800%2C450&ssl=1&resize=350%2C200 1x, https:\/\/i0.wp.com\/www.freidenker.org\/fw17\/wp-content\/uploads\/2025\/02\/Demo_Muenchen_Sicherheitskonferenz_Diether_Dehm_Online_4_800x450.jpg?fit=800%2C450&ssl=1&resize=525%2C300 1.5x, https:\/\/i0.wp.com\/www.freidenker.org\/fw17\/wp-content\/uploads\/2025\/02\/Demo_Muenchen_Sicherheitskonferenz_Diether_Dehm_Online_4_800x450.jpg?fit=800%2C450&ssl=1&resize=700%2C400 2x"},"classes":[]},{"id":6202,"url":"https:\/\/www.freidenker.org\/?p=6202","url_meta":{"origin":15432,"position":5},"title":"Sahra-Bashing oder: Journaille der Verhetzung","author":"Webredaktion","date":"14. April 2019","format":false,"excerpt":"In der Rubrik Tagesdosis wurde am 12.04.2019 bei KenFM der Beitrag \u201eSahra-Bashing oder: Journaille der Verhetzung\u201c von Klaus Hartmann, Bundesvorsitzender des Deutschen Freidenker-Verbandes, ver\u00f6ffentlicht. Ausgerechnet in der \u201ejungen Welt\u201c \u2013 nach Selbsteinsch\u00e4tzung eine \u201emarxistische Tageszeitung\u201c \u2013 erh\u00e4lt einer Gelegenheit, auf vollen zwei Seiten (\u201eThema\u201c) \u00fcber Sahra Wagenknecht abzul\u00e4stern. ... Verhandelt\u2026","rel":"","context":"In &quot;Zeit der Verleumder - Freidenker f\u00fcr Klartext&quot;","block_context":{"text":"Zeit der Verleumder - Freidenker f\u00fcr Klartext","link":"https:\/\/www.freidenker.org\/?cat=937"},"img":{"alt_text":"","src":"https:\/\/i0.wp.com\/www.freidenker.org\/fw17\/wp-content\/uploads\/2019\/04\/klartext_sahra_wagenknecht_2_800x445.jpg?fit=800%2C445&ssl=1&resize=350%2C200","width":350,"height":200,"srcset":"https:\/\/i0.wp.com\/www.freidenker.org\/fw17\/wp-content\/uploads\/2019\/04\/klartext_sahra_wagenknecht_2_800x445.jpg?fit=800%2C445&ssl=1&resize=350%2C200 1x, https:\/\/i0.wp.com\/www.freidenker.org\/fw17\/wp-content\/uploads\/2019\/04\/klartext_sahra_wagenknecht_2_800x445.jpg?fit=800%2C445&ssl=1&resize=525%2C300 1.5x, https:\/\/i0.wp.com\/www.freidenker.org\/fw17\/wp-content\/uploads\/2019\/04\/klartext_sahra_wagenknecht_2_800x445.jpg?fit=800%2C445&ssl=1&resize=700%2C400 2x"},"classes":[]}],"_links":{"self":[{"href":"https:\/\/www.freidenker.org\/index.php?rest_route=\/wp\/v2\/posts\/15432","targetHints":{"allow":["GET"]}}],"collection":[{"href":"https:\/\/www.freidenker.org\/index.php?rest_route=\/wp\/v2\/posts"}],"about":[{"href":"https:\/\/www.freidenker.org\/index.php?rest_route=\/wp\/v2\/types\/post"}],"author":[{"embeddable":true,"href":"https:\/\/www.freidenker.org\/index.php?rest_route=\/wp\/v2\/users\/3"}],"replies":[{"embeddable":true,"href":"https:\/\/www.freidenker.org\/index.php?rest_route=%2Fwp%2Fv2%2Fcomments&post=15432"}],"version-history":[{"count":0,"href":"https:\/\/www.freidenker.org\/index.php?rest_route=\/wp\/v2\/posts\/15432\/revisions"}],"wp:featuredmedia":[{"embeddable":true,"href":"https:\/\/www.freidenker.org\/index.php?rest_route=\/wp\/v2\/media\/15433"}],"wp:attachment":[{"href":"https:\/\/www.freidenker.org\/index.php?rest_route=%2Fwp%2Fv2%2Fmedia&parent=15432"}],"wp:term":[{"taxonomy":"category","embeddable":true,"href":"https:\/\/www.freidenker.org\/index.php?rest_route=%2Fwp%2Fv2%2Fcategories&post=15432"},{"taxonomy":"post_tag","embeddable":true,"href":"https:\/\/www.freidenker.org\/index.php?rest_route=%2Fwp%2Fv2%2Ftags&post=15432"}],"curies":[{"name":"wp","href":"https:\/\/api.w.org\/{rel}","templated":true}]}}