{"id":15421,"date":"2023-03-02T03:06:48","date_gmt":"2023-03-02T02:06:48","guid":{"rendered":"https:\/\/www.freidenker.org\/?p=15421"},"modified":"2023-03-28T12:00:06","modified_gmt":"2023-03-28T10:00:06","slug":"kriegskabinett-scholz-gegen-volksentscheid","status":"publish","type":"post","link":"https:\/\/www.freidenker.org\/?p=15421","title":{"rendered":"Kriegskabinett Scholz gegen Volksentscheid"},"content":{"rendered":"<h5>Unsere Parteien-Oligarchie garantiert, dass Tr\u00e4ume von direkter Demokratie auch Tr\u00e4ume bleiben<\/h5>\n<p><em>\u00a0<\/em><em>Von <strong>Friedhelm Klinkhammer<\/strong> und <strong>Volker Br\u00e4utigam<\/strong><\/em><\/p>\n<p><strong>Ein Kanzler ohne Glaubw\u00fcrdigkeit. Ein Vizekanzler ohne Sachverstand. Eine bildungsferne Au\u00dfenministerin ohne Kontrolle \u00fcber ihr Mundwerk: drei Repr\u00e4sentanten einer grauenhaften Regierung, die den \u00fcblen Zustand unserer Republik zu verantworten hat und mit ihrem antirussischen Kriegsgeschrei Deutschlands Vernichtung riskiert. \u201eWem Gott ein Amt gibt, dem gibt er auch den Verstand\u201c, behauptet der Volksmund. Auf derlei Kalenderspr\u00fcche ist nur leider kein Verlass. Der Satiriker Uwe Steimle, pulvertrocken: <em>\u201eMan kann Kabinett nicht mehr von Kabarett unterscheiden.\u201c<\/em><\/strong><a href=\"#_edn1\" name=\"_ednref1\">[1]<\/a> <strong>Vor solchen Geistesblitzen sind die Regierungs-Hiwis der ARD-Tagesschau allerdings gut gesch\u00fctzt. Sonst k\u00f6nnte ihr Zentralinstitut f\u00fcr \u201emediale Massenverbl\u00f6dung\u201c<\/strong><a href=\"#_edn2\" name=\"_ednref2\">[2]<\/a> <strong>seine staatstragende Aufgabe auch nicht erf\u00fcllen. Zu resignieren brauchen wir aber nicht; es wachsen Umfang und Kr\u00e4fte der basisdemokratischen Gegen\u00f6ffentlichkeit. <\/strong><\/p>\n<p>Bleiben wir protokollarisch korrekt. Nehmen wir uns die genannten \u201eVolksvertreter\u201c in deren Rangfolge zur Brust. Zuerst also Olaf Scholz, den Chef. Als er noch Finanzminister des Merkel-Kabinetts war, lie\u00df seine Rolle im Wirecard-Skandal im Bundestags-Untersuchungsausschuss die Frage aufkommen:<\/p>\n<blockquote><p><em>\u201eKann ein Finanzminister Kanzler werden, der trotz seines riesigen Apparats, trotz Warnungen und Hinweisen, den gr\u00f6\u00dften Bilanzskandal der Nachkriegsgeschichte \u00fcbersehen hat?\u201c<\/em><a href=\"#_edn3\" name=\"_ednref3\">[3]<\/a><\/p><\/blockquote>\n<p>Er konnte, wir mussten es erleben. Als Befragter vor dem Untersuchungsausschuss der Hamburger B\u00fcrgerschaft zum Cum-Ex-Skandal<a href=\"#_edn4\" name=\"_ednref4\">[4]<\/a> berief sich Scholz auf Ged\u00e4chtnisl\u00fccken. Angeblich wusste er nicht einmal mehr, ob und was er mit dem Inhaber der Warburg-Bank \u00fcber dessen 47-Millionen-Euro-Steuerschuld beraten hatte.<a href=\"#_edn5\" name=\"_ednref5\">[5]<\/a> Das kostete ihn \u201enur\u201c den Verlust seiner Glaubw\u00fcrdigkeit, seine Karriere beendete es nicht.<\/p>\n<p>Kaum zum Kanzler gew\u00e4hlt, bew\u00e4hrte sich Scholz als Washingtons Spielball. Er kniff vor US-Pr\u00e4sident Biden den Schwanz ein, als \u201eSleepy Joe\u201c ihm mit der Zerst\u00f6rung der Nord-Stream-Pipeline drohte.<a href=\"#_edn6\" name=\"_ednref6\">[6]<\/a> Er unterst\u00fctzte zum Schaden der deutschen Volkswirtschaft die aggressive und kontraproduktive Sanktionspolitik der Amis und der EU gegen Russland, China und Iran. Er leitete eine gigantische zus\u00e4tzliche Staatsverschuldung ein (\u201eDoppel-Wumms\u201c<a href=\"#_edn7\" name=\"_ednref7\">[7]<\/a>) und \u00fcbernahm schlie\u00dflich sogar die Spitze bei den westeurop\u00e4ischen Waffenlieferungen an die Ukraine. Es ist sein Werk, dass die Bundeswehr jetzt Ukrainer an deutschen Waffen ausbildet,<a href=\"#_edn8\" name=\"_ednref8\">[8]<\/a> und dass Deutschland damit Kriegspartei gegen Russland wurde.<a href=\"#_edn9\" name=\"_ednref9\">[9]<\/a><\/p>\n<p>Scholz w\u00e4re ein klassischer Grund f\u00fcr einen Regierungssturz, wenn, ja wenn \u2026<\/p>\n<h5>Wie der Herr, so\u2019s Gescherr<\/h5>\n<p>Kommen wir zu seinem Vize, Wirtschaftsminister Robert Habeck. Dass der f\u00fcr sein Amt kaum mehr Eignung und Fachwissen mitbrachte als ein Sack Rindenmulch (vom Bio-S\u00e4gewerk), hat sich unaufhaltsam herumgesprochen. H\u00e4ufig wird Bezug auf einen seiner l\u00e4cherlichen Fernseh-Auftritte genommen, in dem er wissen lie\u00df, dass eine erzwungene Betriebseinstellung keine Pleite sei.<a href=\"#_edn10\" name=\"_ednref10\">[10]<\/a> Seine folgenreichen Fehlleistungen bei der Energieversorgung, seine absurd preistreibenden Gaseink\u00e4ufe und seine Unf\u00e4higkeit, vor autorit\u00e4ren arabischen Staatenlenkern den R\u00fccken gerade zu halten,<a href=\"#_edn11\" name=\"_ednref11\">[11]<\/a> haben ihn diskreditiert. Neuerdings ist er voll dabei, ein Einfuhrverbot von russischem \u00d6l durchzusetzen und die brandenburgische Raffinerie Schwedt<a href=\"#_edn12\" name=\"_ednref12\">[12]<\/a> sowie etliche Chemieunternehmen<a href=\"#_edn13\" name=\"_ednref13\">[13]<\/a> zu ruinieren, die darauf spezialisiert sind, die schwere \u00d6lsorte \u201eUrals\u201c zu verarbeiten.<a href=\"#_edn14\" name=\"_ednref14\">[14]<\/a><\/p>\n<p>Habeck, das ist vorhersehbar, wird als unf\u00e4higster Wirtschaftsminister in die Geschichte eingehen.\u00a04 Prozent des deutschen Bruttoinlandsprodukts werden bis zum Ende dieses Jahres verloren gehen. Urteil der Deutschen Handelskammer:<\/p>\n<blockquote><p><em>\u201eDamit werden rund 160 Milliarden Euro weniger erwirtschaftet \u2013 umgerechnet etwa 2000 Euro pro Kopf.\u201c <\/em><a href=\"#_edn15\" name=\"_ednref15\">[15]<\/a><\/p><\/blockquote>\n<p>Die Kostenexplosion bei Gas und Strom verursacht Standortnachteile f\u00fcr die deutsche Exportwirtschaft. Habecks Russenhass trieb ihn dazu, die \u201eAbh\u00e4ngigkeit von russischem Gas und \u00d6l\u201c gegen die wesentlich teurere Abh\u00e4ngigkeit von schlechterem US-Fracking-Gas und ung\u00fcnstigerem \u00d6l von den B\u00f6rsen zu tauschen. \u00d6konomisch blanker Unfug, \u00f6kologisch kontraproduktiv und f\u00fcr die \u00e4rmeren Staaten weltweit Ursache einer katastrophalen Teuerungswelle.<\/p>\n<p>Habecks vorerst letzte Schubkarre zum Scherbenhaufen: Der superteure Gaslieferungsvertrag mit Norwegen. Unsere Nachbarn im Norden k\u00f6nnen ihn auf Dauer nur erf\u00fcllen, wenn sie neue \u00d6l- und Gasfelder erschlie\u00dfen. Sie haben dazu bereits die Arktis ins Visier genommen.<a href=\"#_edn16\" name=\"_ednref16\">[16]<\/a> Ein fundamentaler Konflikt mit ihren eigenen Umweltsch\u00fctzern und mit dem russischen Anrainer ist vorprogrammiert. Norwegen kann sein Gas zum Spitzenpreis an Deutschland verkaufen, und unsere US-h\u00f6rige Regierung muss es abnehmen; so zahlen wir den Norwegern die US-Belohnung f\u00fcr ihre Mithilfe bei der Sprengung der deutsch-russischen Pipelines.<a href=\"#_edn17\" name=\"_ednref17\">[17]<\/a> Nebenwirkung: Polen, der Stammkunde im norwegischen Gashandel, muss die H\u00f6chstpreise nun ebenfalls zahlen.<a href=\"#_edn18\" name=\"_ednref18\">[18]<\/a> Das versch\u00e4rft den Zoff zwischen Warschau und Berlin.<a href=\"#_edn19\" name=\"_ednref19\">[19]<\/a><\/p>\n<p>Einen Habeck juckt das alles nicht. Wie viele seiner Kollegen (z.B. Lauterbach, \u00d6zdemir) fantasiert er sich geradezu zwanghaft die Welt zurecht. F\u00fcr heuer prognostiziert er ein Wirtschaftswachstum von 0,2 Prozent. Und der Gro\u00dfdeutsche Rundfunk aus Hamburg verbreitet das als eine unbestreitbare Tatsache.<a href=\"#_edn20\" name=\"_ednref20\">[20]<\/a><\/p>\n<p>Zur Vervollst\u00e4ndigung des Habeck-Kurzportr\u00e4ts nur noch dies: Beamte des Wirtschaftsministeriums, die sich erlaubten, eigene, abweichende Meinungen zu \u00e4u\u00dfern, lie\u00df der Chef vom Verfassungsschutz \u00fcberpr\u00fcfen.<a href=\"#_edn21\" name=\"_ednref21\">[21]<\/a> Man kann das getrost als faschistoiden Meinungsterror bezeichnen. Das Passst\u00fcck zu dieser Niedertracht ist Habecks Absicht, sich von einem Leibfotografen begleiten zu lassen und 350 000 Euro Steuergeld zu verschwenden, damit der seinen Minister von der Schokoladenseite zeigt.<a href=\"#_edn22\" name=\"_ednref22\">[22]<\/a> Es sei wichtig, die \u201eB\u00fcrgerinnen und B\u00fcrger transparent \u00fcber seine Arbeit und Termine zu informieren,\u201c hie\u00df es aus dem Gr\u00fcnen Gespensterhaus.<a href=\"#_edn23\" name=\"_ednref23\">[23]<\/a><\/p>\n<p>Habeck w\u00e4re ein klassischer Grund f\u00fcr einen Regierungssturz, wenn, ja wenn \u2026<\/p>\n<h5>Annalena Sabbeltasche<\/h5>\n<p>Kommen wir zur Au\u00dfenministerin Annalena Baerbock. Inzwischen gibt es bereits Internet-Seiten, die den dummdreisten und fallweise gef\u00e4hrlichen verbalen Unfug dieser Fehlbesetzung sammeln und dokumentieren.<a href=\"#_edn24\" name=\"_ednref24\">[24]<\/a> Immerhin machte sie quasi-amtlich, dass wir Krieg gegen Russland f\u00fchren (<em>\u201e\u2026we are at war against Russia\u201c<\/em>).<a href=\"#_edn25\" name=\"_ednref25\">[25]<\/a><\/p>\n<div class=\"jetpack-video-wrapper\"><span class=\"embed-youtube\" style=\"text-align:center; display: block;\"><iframe loading=\"lazy\" class=\"youtube-player\" width=\"800\" height=\"450\" src=\"https:\/\/www.youtube.com\/embed\/LmSZQS3HdTI?version=3&#038;rel=1&#038;showsearch=0&#038;showinfo=1&#038;iv_load_policy=1&#038;fs=1&#038;hl=de-DE&#038;autohide=2&#038;wmode=transparent\" allowfullscreen=\"true\" style=\"border:0;\" sandbox=\"allow-scripts allow-same-origin allow-popups allow-presentation allow-popups-to-escape-sandbox\"><\/iframe><\/span><\/div>\n<p>Die <em>\u201e\u2026 egal, was meine W\u00e4hler denken\u201c<\/em>-Gr\u00fcne genie\u00dft angeblich trotzdem gro\u00dfe Beliebtheit (zu den Umfrage-Instituten kommen wir gleich). Wie schafft sie das, ungeachtet ihrer zahlreichen Attentate auf menschliche Intelligenz? Etwa damit, dass sie sich auf Steuerzahlers Kosten f\u00fcr sagenhafte 136 500 Euro pro Jahr schminken und frisieren l\u00e4sst<a href=\"#_edn26\" name=\"_ednref26\">[26]<\/a>? Kann ma\u00dflos kostspieliges \u201eStyling\u201c tats\u00e4chlich Baerbocks intellektuellen Notstand kaschieren? So, wie das lose Mundwerk ihren ersch\u00fctternden Bildungs- und Kenntnismangel \u00fcberpl\u00e4tschert?<a href=\"#_edn27\" name=\"_ednref27\">[27]<\/a><\/p>\n<p>Kann \u201eder W\u00e4hler\u201c wirklich fortw\u00e4hrend ignorieren, dass Annalena Baerbocks \u201eerst quatschen, dann denken\u201c sie schon meilenweit \u00fcber die Grenze zur Peinlichkeit hinausgetragen hat? Meinte sie doch tats\u00e4chlich, die V\u00f6lker h\u00e4tten schon zu Napoleons Zeiten \u00fcber Panzer verf\u00fcgt<a href=\"#_edn28\" name=\"_ednref28\">[28]<\/a>; es gebe L\u00e4nder, die \u201ehunderttausende Kilometer\u201c entfernt von uns liegen<a href=\"#_edn29\" name=\"_ednref29\">[29]<\/a>; zwischen Deutschland und Nigeria laste \u201edunkle Kolonialgeschichte\u201c.<a href=\"#_edn30\" name=\"_ednref30\">[30]<\/a><\/p>\n<p>Dass Baerbock nicht nur an Bildungsarmut leidet, sondern es ihr auch an Wahrheitsliebe mangelt, trat bereits im Wahlkampf zutage.<a href=\"#_edn31\" name=\"_ednref31\">[31]<\/a> Dass sie sich gegen\u00fcber dem Kanzler illoyal verh\u00e4lt und gerne auch \u00f6ffentlich gegen ihn st\u00e4nkert,<a href=\"#_edn32\" name=\"_ednref32\">[32]<\/a> macht sie durchaus nicht respektabler.<\/p>\n<p>Baerbock w\u00e4re ein klassischer Grund f\u00fcr einen Regierungssturz, wenn, ja wenn \u2026<\/p>\n<h5>Auftrag: Volksverdummung<\/h5>\n<p>Wenn, ja wenn der \u00f6ffentlich-rechtliche Rundfunk seine gesetzliche Informationspflicht erf\u00fcllte! Doch ARD-aktuell, ZDF-heute und Deutschlandradio \u201edokumentieren\u201c,<\/p>\n<blockquote><p><em>\u201e\u2026 dass ehemalige gut b\u00fcrgerliche Nachrichtenorgane l\u00e4ngst zu kriminellen Vereinigungen mutiert sind.\u201c<a href=\"#_edn33\" name=\"_ednref33\"><strong>[33]<\/strong><\/a> <\/em><\/p><\/blockquote>\n<p>Wenn der Tagesschau-Sprecher statt der gewohnten Agitprop ein Rezept f\u00fcr <em>Gr\u00fcnkohl mit Pinkel<\/em> verl\u00e4se, w\u00e4re das schon ein Qualit\u00e4tssprung \u2013 wegen des gr\u00f6\u00dferen Realit\u00e4tsbezugs dieser Ansage. Leider aber d\u00fcrfen die journalistischen Olaf-Scholz- und Robert-Habeck-Versteher dem friedliebenden Mitmenschen tagt\u00e4glich die Meinung verbiegen. Gegen selbst\u00e4ndiges Denken hat sich deshalb schon eine Herdenimmunit\u00e4t entwickelt.<\/p>\n<p>Dazu tragen die Demoskopie-Institute bei. Im Auftrag der Massenmedien ermitteln sie per (meist telefonischer) Umfrage die Urteile ihrer Zufallsopfer \u00fcber Politik und Politiker, ohne Vorpr\u00fcfung des Kenntnisstandes und der Kompetenz der Befragten. Aus dieser Flickensammlung stoppeln sie in jeweils eigener, pseudowissenschaftlicher Methodik \u201eMeinungsbilder\u201c zusammen. Welch d\u00fcrftige Aussagekraft die haben, zeigt das ZDF-\u201ePolitbarometer\u201c ganz schamfrei:<\/p>\n<blockquote><p><em>\u201eBei der Beurteilung nach Sympathie und Leistung (&#8222;Was halten Sie von?&#8220;) steigt Neuzugang Boris Pistorius\u00a0gleich auf Platz eins ein.\u201c<a href=\"#_edn34\" name=\"_ednref34\"><strong>[34]<\/strong><\/a><\/em><\/p><\/blockquote>\n<p>Zum Zeitpunkt dieser Umfrage war der Mann gerade mal drei Wochen im Amt und hatte nur gezeigt, wie locker ein Sozi sich in die Riege der Kriegstreiber einf\u00fcgt.<\/p>\n<p>Das gleiche kleine Methodik-Karo weist auch der ARD-\u201eDeutschland-Trend\u201c auf:<\/p>\n<blockquote><p><em>\u201eRund 33 Prozent waren mit der politischen Leistung der Bundesregierung um Kanzler Olaf Scholz jedoch (sehr) zufrieden.\u201c<a href=\"#_edn35\" name=\"_ednref35\"><strong>[35]<\/strong><\/a><\/em><\/p><\/blockquote>\n<p>Au\u00dfen vor bleibt bei solchen demoskopischen Verfahren, dass sich ein sattes Viertel der Wahlberechtigten dem pseudodemokratischen Wahlzirkus verweigert.<a href=\"#_edn36\" name=\"_ednref36\">[36]<\/a> Der Anteil der W\u00e4hler der rot-gelb-gr\u00fcnen Regierungskoalition am gesamten W\u00e4hlerpotenzial betr\u00e4gt lediglich 39 Prozent.<\/p>\n<p>Die im Reichstag etablierten Herrschaften verdanken ihre Sinekure dem deutschen Haltungsjournalismus, \u201e\u2026 <em>der <\/em><em>nicht mehr faszinieren, aufdecken und anklagen will, sondern nachbetet, reproduziert und darstellt, was der Regierung gef\u00e4llt<\/em>.\u201c<a href=\"#_edn37\" name=\"_ednref37\">[37]<\/a> Um ihre einflussreichen Posten und Di\u00e4ten zu behalten, m\u00fcssen sie nat\u00fcrlich <em>\u201evieles mitmachen, wovor gut erzogene Mitmenschen zur\u00fcckschrecken w\u00fcrden.\u201c<\/em><a href=\"#_edn38\" name=\"_ednref38\">[38]<\/a> Den Bruch von Wahlversprechen inklusive.<\/p>\n<h5>Heute versprochen, morgen gebrochen<\/h5>\n<p>Laut ihrem Wahlprogramm 2021 wollten die Gr\u00fcnen R\u00fcstungsexporte <em>\u201ean Diktatoren, menschenrechtsverachtende Regime und in Kriegsgebiete\u201c <\/em>verbieten. Sie waren dann die ersten, die schwere Waffen f\u00fcr die Ukraine forderten. Die SPD wollte sich vor der Wahl f\u00fcr <em>\u201erestriktive R\u00fcstungsexportkontrolle\u201c <\/em>einsetzen. Ein halbes Jahr sp\u00e4ter dr\u00e4ngten sie darauf, Panzer, Gesch\u00fctze und Raketensysteme in die Ukraine zu schicken \u2013 zur Unterst\u00fctzung des Neonazi-affinen und korrupten Selenskyj-Regimes.<\/p>\n<p>Gegen den Bruch von Wahlversprechen<a href=\"#_edn39\" name=\"_ednref39\">[39]<\/a> gibt es mindestens bis zur n\u00e4chsten Wahl keine Handhabe. Wenn wieder zu diesem l\u00e4ngst kindisch anmutenden Ritual der Schaufensterauslage-Demokratie aufgerufen wird, ist der vorausgegangene, systemtypische W\u00e4hler-Betrug l\u00e4ngst vergessen. Die Herrschenden tun und lassen was beliebt. Ihre anlassbezogene Abwahl ist rechtlich nicht vorgesehen.<\/p>\n<p>Deutschlands politische Klasse umfasst Figuren, die unter obskuren Umst\u00e4nden in den Parteiapparaten hochgesp\u00fclt wurden. Ihr Werdegang setzt ein ger\u00fcttelt Ma\u00df an Schauspielerei, Anpasserei und R\u00fccksichtslosigkeit voraus. Die Parteien sollen laut Grundgesetz lediglich<em> \u201ean der politischen Willensbildung des Volkes<\/em> <em>mitwirken\u201c<\/em>,<a href=\"#_edn40\" name=\"_ednref40\">[40]<\/a> haben aber faktisch das Monopol auf die Vergabe von Kandidaturen f\u00fcr Direktmandate und Listenpl\u00e4tze. Noch nie ist es einem unbekannten Parteilosen (Non-Promi) gelungen, aus eigener Kraft einen Parlamentssitz zu ergattern.<\/p>\n<p>Angesichts der systembedingt verengten Kandidatenauswahl verwundert es nicht, dass medial Allgegenw\u00e4rtige wie Baerbock, K\u00fchnert, Klingbeil, G\u00f6ring-Eckardt, Lindner, Strack-Zimmermann, R\u00f6ttgen und viele Andere ohne besondere Leistungsnachweise an die Fleischt\u00f6pfe im Reichstag gelangen. Mit Aussicht auf Rente vom Allerfeinsten.<\/p>\n<p>2021waren 60,4 Millionen Deutsche wahlberechtigt.<a href=\"#_edn41\" name=\"_ednref41\">[41]<\/a> Die Bundestagsparteien haben zusammengez\u00e4hlt aber nur 1,2 Millionen Mitglieder.<a href=\"#_edn42\" name=\"_ednref42\">[42]<\/a> Gro\u00dfz\u00fcgig gerechnet sind das gerade mal 1,8 Prozent Anteil an der W\u00e4hlerschaft. Doch diese winzige Minderheit gen\u00fcgt in der repr\u00e4sentativen Demokratie, die Vormacht der Parteien zu zementieren. Entsprechend gering ist das Vertrauen in diese Apparate. Laut Umfragen bringen es nur 30 Prozent der Befragten auf.<a href=\"#_edn43\" name=\"_ednref43\">[43]<\/a> Denkt man an Skandalfiguren vom Schlage \u201eAndi\u201c Scheuer<a href=\"#_edn44\" name=\"_ednref44\">[44]<\/a>, Franziska Giffey<a href=\"#_edn45\" name=\"_ednref45\">[45]<\/a>, Ursula v.d. Leyen<a href=\"#_edn46\" name=\"_ednref46\">[46]<\/a>, Philipp Amthor<a href=\"#_edn47\" name=\"_ednref47\">[47]<\/a>, Jens Spahn<a href=\"#_edn48\" name=\"_ednref48\">[48]<\/a> oder Nancy Faeser<a href=\"#_edn49\" name=\"_ednref49\">[49]<\/a>, dann versteht man das Misstrauen.<\/p>\n<p>Dass der ins Parlament gehievte Politiker selbst nicht eben viel f\u00fcr Demokratie und Volkswillen \u00fcbrig hat, wies eine von der Regierung eingesetzte Expertengruppe nach. Sie hatte untersucht, inwieweit die Regierung (im Zeitraum 1998\u20132015) tats\u00e4chlich mit Beschl\u00fcssen und Gesetzen dem Willen der Bev\u00f6lkerung nachkam.<a href=\"#_edn50\" name=\"_ednref50\">[50]<\/a> Ergebnis:<\/p>\n<blockquote><p><em>\u201eWas B\u00fcrger mit geringem Einkommen in besonders gro\u00dfer Zahl wollen, hatte &#8230; eine besonders niedrige Wahrscheinlichkeit, umgesetzt zu werden.\u201c <\/em><\/p><\/blockquote>\n<p>Beispielsweise stimmten 70 Prozent der Armen der Idee zu, Verm\u00f6gende st\u00e4rker zum Abbau der \u00f6ffentlichen Schulden heranzuziehen; nur 43 Prozent der Reichen waren gleichfalls einverstanden. Die Regierung orientierte sich an der ablehnenden Mehrheit der Reichen. Dem m\u00f6glichst schnellen Abzug der Bundeswehr aus Afghanistan stimmten 75 Prozent der Armen zu, nur 43 Prozent der Reichen waren daf\u00fcr (anno 2007). Die Regierung steigerte jedoch den Afghanistan-Einsatz. <sup>(ebd., S. 13 ff)<\/sup><\/p>\n<p>Das kommt davon, dass unsere b\u00fcrgerliche Gesellschaft an die Verk\u00fcmmerung des unabh\u00e4ngigen, kritischen Journalismus\u2018 gew\u00f6hnt und zum kritiklosen Konsum demokratiesch\u00e4digender Propaganda verleitet wurde: pro US-NATO-EU-Aggression, pro Selbstbestrafung per Sanktionspolitik, pro mordwillige Panzerlieferung aufs Ukraine-Schlachtfeld, aber kontra Friedenssuche und Verhandlungsbereitschaft. Das gewollte und konzertierte Medienversagen erm\u00f6glichte den kollektiven R\u00fcckfall in die allerprimitivste Art, Andersdenkende zu betrachten; daher auch die Hasstiraden gegen unseren vorgeblichen Feind Russland, die wir gegenw\u00e4rtig wieder von fr\u00fch bis sp\u00e4t zu h\u00f6ren kriegen. Ein Goebbels oder eine Neuauflage des sozialen Elends vor 1933 waren zu diesem kulturellen Absturz nicht mehr notwendig.<\/p>\n<h5>Was tun?<\/h5>\n<p>Volksentscheide w\u00e4ren das wirksamste Mittel gegen die finale Erosion der Demokratie. Direkte B\u00fcrgerbeteiligung nach Schweizer Vorbild sei ein Schrecken f\u00fcr unser politisches F\u00fchrungspersonal und ein Segen f\u00fcr alle aufrechten Demokraten; an wessen Widerstand sie bisher scheiterte, beschreibt Paul Schreyer in <em>\u201eDie Angst der Eliten \u2013 wer f\u00fcrchtet die Demokratie?\u201c<a href=\"#_edn51\" name=\"_ednref51\"><strong>[51]<\/strong><\/a><\/em> h\u00f6chst anschaulich und aufschlussreich.<\/p>\n<p>Im Grundgesetz, Art. 20, (2) hei\u00dft es:<\/p>\n<blockquote><p><em>\u201eAlle Staatsgewalt geht vom Volke aus. Sie wird vom Volke in Wahlen und Abstimmungen \u2026 ausge\u00fcbt.\u201c<a href=\"#_edn52\" name=\"_ednref52\"><strong>[52]<\/strong><\/a><\/em><\/p><\/blockquote>\n<p>Dieser Vorgabe gem\u00e4\u00df wurde ein B\u00fcndel von Gesetzen verabschiedet, mit Regeln f\u00fcr die Organisation und Durchf\u00fchrung von Wahlen. Eine Gesetzgebung f\u00fcr das Verfahren bei Abstimmungen \u2013 \u201eVolksentscheiden\u201c \u2013 aber fehlt bis heute, obwohl sie jederzeit m\u00f6glich w\u00e4re. Mit ihr h\u00e4tte unser Vasallenstaat zwar noch l\u00e4ngst keine echte Verfassung und volle Souver\u00e4nit\u00e4t. Doch ein erster demokratischer, freiheitlicher Fortschritt w\u00e4re getan.<\/p>\n<p>Die im DDR-Sterbebett geborene B\u00fcrgerrechtsbewegung \u201eDemokratie Jetzt\u201c<a href=\"#_edn53\" name=\"_ednref53\">[53]<\/a> verk\u00fcmmerte in der bundesdeutschen Realit\u00e4t. Aber ihr Idearium \u00fcberlebte und organisierte sich neu: <em>Mehr Demokratie e.V.<\/em><a href=\"#_edn54\" name=\"_ednref54\">[54]<\/a> und <em>Abstimmung24 e.V.<\/em><a href=\"#_edn55\" name=\"_ednref55\">[55]<\/a> k\u00e4mpfen f\u00fcr den Volksentscheid. <em>Gemeingut in B\u00fcrgerhand e.V.<\/em><a href=\"#_edn56\" name=\"_ednref56\">[56]<\/a>, a<em>bgeordnetenwatch.de<\/em><a href=\"#_edn57\" name=\"_ednref57\">[57]<\/a><em>, Lobby Control<a href=\"#_edn58\" name=\"_ednref58\"><strong>[58]<\/strong><\/a><\/em> und andere verfolgen anteilige Ziele. W\u00fcrden sie unter Verzicht auf eigenbr\u00f6tlerische Geltungsbed\u00fcrfnisse einen Dachverband bilden und f\u00e4nde sich der zur Zusammenarbeit mit einer ebenso w\u00fcnschenswerten Kooperative der bewussten (\u201ealternativen\u201c) Medien zusammen, dann, ja dann \u2026<\/p>\n<p>\u2026 dann h\u00e4tten wir ihn in Reichweite, den Volksentscheid.<\/p>\n<p>Ein Deutschland mit Elementen der direkten Demokratie lie\u00dfe Tr\u00e4ume wahr werden. Sie wurden schon einmal getr\u00e4umt, 2013 war das, zu Zeiten der schwarz-roten \u201egro\u00dfen\u201c Koalition. Deren Kanzlerin Merkel machte die Pl\u00e4ne zunichte.<a href=\"#_edn59\" name=\"_ednref59\">[59]<\/a> H\u00e4tte sie ihnen stattgegeben, dann w\u00e4re Deutschland wahrscheinlich heute keine Kriegspartei. Es k\u00f6nnte sogar eine weltweit geachtete Vermittlerrolle \u00fcbernehmen. Volksentscheide w\u00fcrden mutma\u00dflich auch die ruin\u00f6se Sanktionspolitik beenden.<\/p>\n<p>Und was ist jetzt mit dem Volksentscheid? Die rot-gelb-gr\u00fcne Ampel hat ihre Abneigung dagegen unter einer dicken Schicht verbaler S\u00fclze versteckt:<\/p>\n<blockquote><p><em>\u201e\u2026 neue Formen des B\u00fcrgerdialogs wie etwa B\u00fcrgerr\u00e4te nutzen, ohne das Prinzip der Repr\u00e4sentation aufzugeben \u2026\u201c<\/em><a href=\"#_edn60\" name=\"_ednref60\">[60]<\/a><\/p><\/blockquote>\n<p>Ein oberfaules Ablenkungsman\u00f6ver. Die Lordsiegelbewahrer unserer Fassadendemokratie lassen sich eben nicht vom gemeinen Volk in die Suppe spucken. Mal sehen, wie lange sie das noch durchhalten.<\/p>\n<p style=\"text-align: right;\"><em>Friedhelm Klinkhammer und\u00a0<\/em><em>Volker Br\u00e4utigam sind\u00a0<\/em><em>Mitglieder des Beirates des Deutschen Freidenker-Verbandes<\/em><\/p>\n<p><a href=\"#_ednref1\" name=\"_edn1\"><\/a><strong>Quellen:<\/strong><\/p>\n<p><a href=\"#_ednref1\" name=\"_edn1\">[1]<\/a> <a href=\"https:\/\/www.youtube.com\/watch?v=ieixJNz4HhI\">https:\/\/www.youtube.com\/watch?v=ieixJNz4HhI <\/a><\/p>\n<p><a href=\"#_ednref2\" name=\"_edn2\">[2]<\/a> <a href=\"https:\/\/friedensblick.de\/33503\/scholl-latour-zum-ukraine-konflikt-wir-leben-in-einer-zeit-der-massenverbloedung\/\">https:\/\/friedensblick.de\/33503\/scholl-latour-zum-ukraine-konflikt-wir-leben-in-einer-zeit-der-massenverbloedung\/<\/a><\/p>\n<p><a href=\"#_ednref3\" name=\"_edn3\">[3]<\/a> <a href=\"https:\/\/www.zdf.de\/nachrichten\/politik\/scholz-wirecard-untersuchungsausschuss-100.html\">https:\/\/www.zdf.de\/nachrichten\/politik\/scholz-wirecard-untersuchungsausschuss-100.html<\/a><\/p>\n<p><a href=\"#_ednref4\" name=\"_edn4\">[4]<\/a> <a href=\"https:\/\/www.finanzwende.de\/themen\/cumex\/\">https:\/\/www.finanzwende.de\/themen\/cumex\/<\/a><\/p>\n<p><a href=\"#_ednref5\" name=\"_edn5\">[5]<\/a> <a href=\"https:\/\/de.wikipedia.org\/wiki\/Olaf_Scholz#:~:text=Er%20ist%20Partner%20der%20Anwaltskanzlei,kleine%20Anteile%20der%20Tageszeitung%20taz\">https:\/\/de.wikipedia.org\/wiki\/Olaf_Scholz#:~:text=Er%20ist%20Partner%20der%20Anwaltskanzlei,kleine%20Anteile%20der%20Tageszeitung%20taz<\/a>.<\/p>\n<p><a href=\"#_ednref6\" name=\"_edn6\">[6]<\/a> <a href=\"https:\/\/www.luzernerzeitung.ch\/international\/ukraine-krise-putin-versucht-die-nato-zu-trennen-so-wollen-biden-und-scholz-dies-verhindern-ld.2247785\">https:\/\/www.luzernerzeitung.ch\/international\/ukraine-krise-putin-versucht-die-nato-zu-trennen-so-wollen-biden-und-scholz-dies-verhindern-ld.2247785<\/a><\/p>\n<p><a href=\"#_ednref7\" name=\"_edn7\">[7]<\/a> <a href=\"https:\/\/www.spd.de\/aktuelles\/detail\/news\/doppel-wumms-fuer-bezahlbare-energie\/29\/09\/2022\/\">https:\/\/www.spd.de\/aktuelles\/detail\/news\/doppel-wumms-fuer-bezahlbare-energie\/29\/09\/2022\/<\/a><\/p>\n<p><a href=\"#_ednref8\" name=\"_edn8\">[8]<\/a> <a href=\"https:\/\/www.bundeswehr.de\/de\/aktuelles\/meldungen\/ausbildung-ukrainischer-soldaten-5586210\">https:\/\/www.bundeswehr.de\/de\/aktuelles\/meldungen\/ausbildung-ukrainischer-soldaten-5586210<\/a><\/p>\n<p><a href=\"#_ednref9\" name=\"_edn9\">[9]<\/a> <a href=\"https:\/\/www.bundestag.de\/resource\/blob\/892384\/d9b4c174ae0e0af275b8f42b143b2308\/WD-2-019-22-pdf-data.pdf\">https:\/\/www.bundestag.de\/resource\/blob\/892384\/d9b4c174ae0e0af275b8f42b143b2308\/WD-2-019-22-pdf-data.pdf<\/a><\/p>\n<p><a href=\"#_ednref10\" name=\"_edn10\">[10]<\/a> <a href=\"https:\/\/www.youtube.com\/watch?v=3F3XjET9aCM\">https:\/\/www.youtube.com\/watch?v=3F3XjET9aCM<\/a><\/p>\n<p><a href=\"#_ednref11\" name=\"_edn11\">[11]<\/a> <a href=\"https:\/\/www.deutschlandfunkkultur.de\/energiepakt-mit-katar-bundesminister-robert-habeck-bittet-um-fluessiggas-100.html\">https:\/\/www.deutschlandfunkkultur.de\/energiepakt-mit-katar-bundesminister-robert-habeck-bittet-um-fluessiggas-100.html<\/a><\/p>\n<p><a href=\"#_ednref12\" name=\"_edn12\">[12]<\/a> <a href=\"https:\/\/deutsche-wirtschafts-nachrichten.de\/702368\/Krise-in-Schwedt-fliegt-Habeck-um-die-Ohren?src=live\">https:\/\/deutsche-wirtschafts-nachrichten.de\/702368\/Krise-in-Schwedt-fliegt-Habeck-um-die-Ohren?src=live<\/a><\/p>\n<p><a href=\"#_ednref13\" name=\"_edn13\">[13]<\/a> <a href=\"https:\/\/deutsche-wirtschafts-nachrichten.de\/702423\/Russland-Sanktionen-der-Politik-setzen-BASF-schwer-zu\">https:\/\/deutsche-wirtschafts-nachrichten.de\/702423\/Russland-Sanktionen-der-Politik-setzen-BASF-schwer-zu<\/a><\/p>\n<p><a href=\"#_ednref14\" name=\"_edn14\">[14]<\/a> <a href=\"https:\/\/de.wikipedia.org\/wiki\/Urals-\u00d6l\">https:\/\/de.wikipedia.org\/wiki\/Urals-\u00d6l<\/a><\/p>\n<p><a href=\"#_ednref15\" name=\"_edn15\">[15]<\/a> <a href=\"https:\/\/www.rnd.de\/wirtschaft\/wohlstandsverlust-in-deutschland-dhk-warnt-bip-sinkt-bis-ende-2023-um-voraussichtlich-vier-prozent-HV5RDXUITD7XORZUTVS2ADGPUA.html\">https:\/\/www.rnd.de\/wirtschaft\/wohlstandsverlust-in-deutschland-dhk-warnt-bip-sinkt-bis-ende-2023-um-voraussichtlich-vier-prozent-HV5RDXUITD7XORZUTVS2ADGPUA.html<\/a><\/p>\n<p><a href=\"#_ednref16\" name=\"_edn16\">[16]<\/a> <a href=\"https:\/\/www.fr.de\/politik\/norwegen-energie-deutschland-krise-gas-oel-europa-eu-oekonomie-umweltschutz-zr-91749623.html\">https:\/\/www.fr.de\/politik\/norwegen-energie-deutschland-krise-gas-oel-europa-eu-oekonomie-umweltschutz-zr-91749623.html<\/a><\/p>\n<p><a href=\"#_ednref17\" name=\"_edn17\">[17]<\/a> <a href=\"https:\/\/www.berliner-zeitung.de\/politik-gesellschaft\/seymour-hersh-im-interview-joe-biden-sprengte-nord-stream-weil-er-deutschland-nicht-traut-li.317700\">https:\/\/www.berliner-zeitung.de\/politik-gesellschaft\/seymour-hersh-im-interview-joe-biden-sprengte-nord-stream-weil-er-deutschland-nicht-traut-li.317700<\/a><\/p>\n<p><a href=\"#_ednref18\" name=\"_edn18\">[18]<\/a> <a href=\"https:\/\/www.n-tv.de\/wirtschaft\/Norwegen-kassiert-Polen-ist-wuetend-article23561487.html\">https:\/\/www.n-tv.de\/wirtschaft\/Norwegen-kassiert-Polen-ist-wuetend-article23561487.html<\/a><\/p>\n<p><a href=\"#_ednref19\" name=\"_edn19\">[19]<\/a> <a href=\"https:\/\/deutsche-wirtschafts-nachrichten.de\/701681\/Diplomatische-Spannungen-zwischen-Warschau-und-Berlin-wachsen\">https:\/\/deutsche-wirtschafts-nachrichten.de\/701681\/Diplomatische-Spannungen-zwischen-Warschau-und-Berlin-wachsen<\/a><\/p>\n<p><a href=\"#_ednref20\" name=\"_edn20\">[20]<\/a> <a href=\"https:\/\/www.tagesschau.de\/wirtschaft\/konjunktur\/wirtschaftspolitik-perspektive-jahreswirtschaftsbericht-habeck-101.html\">https:\/\/www.tagesschau.de\/wirtschaft\/konjunktur\/wirtschaftspolitik-perspektive-jahreswirtschaftsbericht-habeck-101.html<\/a><\/p>\n<p><a href=\"#_ednref21\" name=\"_edn21\">[21]<\/a> <a href=\"https:\/\/www.nachdenkseiten.de\/?p=88286\">https:\/\/www.nachdenkseiten.de\/?p=88286<\/a><\/p>\n<p><a href=\"#_ednref22\" name=\"_edn22\">[22]<\/a> <a href=\"https:\/\/www.focus.de\/politik\/deutschland\/da-sollte-er-zweimal-hingucken-habeck-ministerium-sucht-fotografen-fuer-350-000-euro-ueber-vier-jahre_id_180014875.html\">https:\/\/www.focus.de\/politik\/deutschland\/da-sollte-er-zweimal-hingucken-habeck-ministerium-sucht-fotografen-fuer-350-000-euro-ueber-vier-jahre_id_180014875.html<\/a><\/p>\n<p><a href=\"#_ednref23\" name=\"_edn23\">[23]<\/a> <a href=\"https:\/\/www.tag24.de\/nachrichten\/politik\/deutschland\/politiker\/robert-habeck\/robert-habeck-wirtschaftsminister-zahlt-400-000-euro-fuer-instagram-fotos-2668451\">https:\/\/www.tag24.de\/nachrichten\/politik\/deutschland\/politiker\/robert-habeck\/robert-habeck-wirtschaftsminister-zahlt-400-000-euro-fuer-instagram-fotos-2668451<\/a><\/p>\n<p><a href=\"#_ednref24\" name=\"_edn24\">[24]<\/a> <a href=\"https:\/\/www.myzitate.de\/annalena-baerbock\/\">https:\/\/www.myzitate.de\/annalena-baerbock\/<\/a><\/p>\n<p><a href=\"#_ednref25\" name=\"_edn25\">[25]<\/a> <a href=\"https:\/\/www.youtube.com\/watch?v=LmSZQS3HdTI\">https:\/\/www.youtube.com\/watch?v=LmSZQS3HdTI<\/a><\/p>\n<p><a href=\"#_ednref26\" name=\"_edn26\">[26]<\/a> <a href=\"https:\/\/www.focus.de\/kultur\/stars\/christian-lindner-annalena-baerbock-co-so-viel-geben-sie-fuer-make-up-aus_id_184016992.html\">https:\/\/www.focus.de\/kultur\/stars\/christian-lindner-annalena-baerbock-co-so-viel-geben-sie-fuer-make-up-aus_id_184016992.html<\/a><\/p>\n<p><a href=\"#_ednref27\" name=\"_edn27\">[27]<\/a> <a href=\"https:\/\/www.tichyseinblick.de\/gastbeitrag\/aussenministerin-baerbock-deutschland\/\">https:\/\/www.tichyseinblick.de\/gastbeitrag\/aussenministerin-baerbock-deutschland\/<\/a><\/p>\n<p><a href=\"#_ednref28\" name=\"_edn28\">[28]<\/a> <a href=\"https:\/\/exxpress.at\/seit-wann-kaempfte-napoleon-mit-panzern-frau-ministerin-baerbock\/\">https:\/\/exxpress.at\/seit-wann-kaempfte-napoleon-mit-panzern-frau-ministerin-baerbock\/<\/a><\/p>\n<p><a href=\"#_ednref29\" name=\"_edn29\">[29]<\/a> <a href=\"https:\/\/www.gutefrage.net\/frage\/annalena-baerbock-kennt-laender-die-hunderttausende-kilometer-entfernt-sind\">https:\/\/www.gutefrage.net\/frage\/annalena-baerbock-kennt-laender-die-hunderttausende-kilometer-entfernt-sind<\/a><\/p>\n<p><a href=\"#_ednref30\" name=\"_edn30\">[30]<\/a> <a href=\"https:\/\/exxpress.at\/baerbock-sorgt-erneut-fuer-irritation-nigeria-eine-kolonie-deutschlands\/\">https:\/\/exxpress.at\/baerbock-sorgt-erneut-fuer-irritation-nigeria-eine-kolonie-deutschlands\/<\/a><\/p>\n<p><a href=\"#_ednref31\" name=\"_edn31\">[31]<\/a> <a href=\"https:\/\/www.faz.net\/aktuell\/karriere-hochschule\/hoersaal\/annalena-baerbocks-studium-in-london-master-ohne-bachelor-17336848.html\">https:\/\/www.faz.net\/aktuell\/karriere-hochschule\/hoersaal\/annalena-baerbocks-studium-in-london-master-ohne-bachelor-17336848.html<\/a><\/p>\n<p><a href=\"#_ednref32\" name=\"_edn32\">[32]<\/a> <a href=\"https:\/\/www.srf.ch\/news\/international\/baerbock-gegen-scholz-klartext-statt-scholzen-es-brodelt-in-der-ampelkoalition\">https:\/\/www.srf.ch\/news\/international\/baerbock-gegen-scholz-klartext-statt-scholzen-es-brodelt-in-der-ampelkoalition<\/a><\/p>\n<p><a href=\"#_ednref33\" name=\"_edn33\">[33]<\/a> <a href=\"https:\/\/neuedebatte.wpcomstaging.com\/2023\/02\/12\/die-nato-9-11-und-die-die-nord-stream-pipelines\/\">https:\/\/neuedebatte.wpcomstaging.com\/2023\/02\/12\/die-nato-9-11-und-die-die-nord-stream-pipelines\/<\/a><\/p>\n<p><a href=\"#_ednref34\" name=\"_edn34\">[34]<\/a> <a href=\"https:\/\/www.zdf.de\/nachrichten\/politik\/politbarometer-bundesregierung-pistorius-ukraine-krieg-china-100.html\">https:\/\/www.zdf.de\/nachrichten\/politik\/politbarometer-bundesregierung-pistorius-ukraine-krieg-china-100.html<\/a><\/p>\n<p><a href=\"#_ednref35\" name=\"_edn35\">[35]<\/a> <a href=\"https:\/\/de.statista.com\/statistik\/daten\/studie\/2953\/umfrage\/zufriedenheit-mit-der-arbeit-der-bundesregierung\/#statisticContainer\">https:\/\/de.statista.com\/statistik\/daten\/studie\/2953\/umfrage\/zufriedenheit-mit-der-arbeit-der-bundesregierung\/#statisticContainer<\/a><\/p>\n<p><a href=\"#_ednref36\" name=\"_edn36\">[36]<\/a> <a href=\"https:\/\/www.bundeswahlleiter.de\/bundestagswahlen\/2021\/ergebnisse\/bund-99.html#stimmentabelle14\">https:\/\/www.bundeswahlleiter.de\/bundestagswahlen\/2021\/ergebnisse\/bund-99.html#stimmentabelle14<\/a><\/p>\n<p><a href=\"#_ednref37\" name=\"_edn37\">[37]<\/a> <a href=\"https:\/\/www.tichyseinblick.de\/tichys-einblick\/der-brutale-kahlschlag-bei-grunerjahr-und-rtl\/\">https:\/\/www.tichyseinblick.de\/tichys-einblick\/der-brutale-kahlschlag-bei-grunerjahr-und-rtl\/<\/a><\/p>\n<p><a href=\"#_ednref38\" name=\"_edn38\">[38]<\/a> <a href=\"https:\/\/neue-debatte.com\/2022\/03\/29\/gruene-usa-und-europa-oh-welch-ein-malheur\/\">https:\/\/neue-debatte.com\/2022\/03\/29\/gruene-usa-und-europa-oh-welch-ein-malheur\/<\/a><\/p>\n<p><a href=\"#_ednref39\" name=\"_edn39\">[39]<\/a> <a href=\"https:\/\/www.ohne-ruestung-leben.de\/nachrichten\/article\/bundestagswahl-2021-wahlprogramme-abruestung-ruestungsexport-friedenspolitik-atomwaffen-431.html\">https:\/\/www.ohne-ruestung-leben.de\/nachrichten\/article\/bundestagswahl-2021-wahlprogramme-abruestung-ruestungsexport-friedenspolitik-atomwaffen-431.html<\/a><\/p>\n<p><a href=\"#_ednref40\" name=\"_edn40\">[40]<\/a> <a href=\"https:\/\/dejure.org\/gesetze\/GG\/21.html\">https:\/\/dejure.org\/gesetze\/GG\/21.html<\/a><\/p>\n<p><a href=\"#_ednref41\" name=\"_edn41\">[41]<\/a> <a href=\"https:\/\/www.bundeswahlleiter.de\/info\/presse\/mitteilungen\/bundestagswahl-2021\/01_21_wahlberechtigte-geschaetzt.html\">https:\/\/www.bundeswahlleiter.de\/info\/presse\/mitteilungen\/bundestagswahl-2021\/01_21_wahlberechtigte-geschaetzt.html<\/a><\/p>\n<p><a href=\"#_ednref42\" name=\"_edn42\">[42]<\/a> <a href=\"https:\/\/de.wikipedia.org\/wiki\/Mitgliederentwicklung_der_deutschen_Parteien\">https:\/\/de.wikipedia.org\/wiki\/Mitgliederentwicklung_der_deutschen_Parteien<\/a><\/p>\n<p><a href=\"#_ednref43\" name=\"_edn43\">[43]<\/a> <a href=\"https:\/\/de.statista.com\/statistik\/daten\/studie\/153820\/umfrage\/allgemeines-vertrauen-in-die-parteien\/\">https:\/\/de.statista.com\/statistik\/daten\/studie\/153820\/umfrage\/allgemeines-vertrauen-in-die-parteien\/<\/a><\/p>\n<p><a href=\"#_ednref44\" name=\"_edn44\">[44]<\/a> <a href=\"https:\/\/www.tagesschau.de\/inland\/innenpolitik\/scheuer-maut-125.html\">https:\/\/www.tagesschau.de\/inland\/innenpolitik\/scheuer-maut-125.html<\/a><\/p>\n<p><a href=\"#_ednref45\" name=\"_edn45\">[45]<\/a> <a href=\"https:\/\/www.forschung-und-lehre.de\/politik\/universitaet-entzieht-giffey-doktorgrad-3787\">https:\/\/www.forschung-und-lehre.de\/politik\/universitaet-entzieht-giffey-doktorgrad-3787<\/a><\/p>\n<p><a href=\"#_ednref46\" name=\"_edn46\">[46]<\/a> <a href=\"https:\/\/weltwoche.ch\/daily\/eu-korruption-eu-chefin-von-der-leyen-verweigert-jede-aussage-wie-wird-das-erst-wenn-ihre-sms-an-den-pfizer-ceo-ueber-den-18-milliarden-impf-deal-aufgearbeitet-wird\/\">https:\/\/weltwoche.ch\/daily\/eu-korruption-eu-chefin-von-der-leyen-verweigert-jede-aussage-wie-wird-das-erst-wenn-ihre-sms-an-den-pfizer-ceo-ueber-den-18-milliarden-impf-deal-aufgearbeitet-wird\/<\/a><\/p>\n<p><a href=\"#_ednref47\" name=\"_edn47\">[47]<\/a> <a href=\"https:\/\/www.deutschlandfunk.de\/lobby-affaere-um-philipp-amthor-hier-ist-eine-grenze-100.html\">https:\/\/www.deutschlandfunk.de\/lobby-affaere-um-philipp-amthor-hier-ist-eine-grenze-100.html<\/a><\/p>\n<p><a href=\"#_ednref48\" name=\"_edn48\">[48]<\/a> <a href=\"https:\/\/www.merkur.de\/politik\/cdu-maskendeal-jens-spahn-druck-maskenaffaere-spendendinner-91363289.html\">https:\/\/www.merkur.de\/politik\/cdu-maskendeal-jens-spahn-druck-maskenaffaere-spendendinner-91363289.html<\/a><\/p>\n<p><a href=\"#_ednref49\" name=\"_edn49\">[49]<\/a> https:\/\/www.focus.de\/politik\/deutschland\/kritik-an-teurem-wohnungsumbau-faesers-vermieter-arbeitet-fuer-sie-und-wurde-ploetzlich-sprungbefoerdert_id_184795236.html<\/p>\n<p><a href=\"#_ednref50\" name=\"_edn50\">[50]<\/a> <a href=\"https:\/\/www.armin-schaefer.de\/wp-content\/uploads\/2016\/12\/endbericht-systematisch-verzerrte-entscheidungen.pdf\">https:\/\/www.armin-schaefer.de\/wp-content\/uploads\/2016\/12\/endbericht-systematisch-verzerrte-entscheidungen.pdf<\/a><\/p>\n<p><a href=\"#_ednref51\" name=\"_edn51\">[51]<\/a> <a href=\"https:\/\/www.thalia.de\/shop\/home\/artikeldetails\/A1048216102?ProvID=11007205&amp;msclkid=041f9703444a1a16b415f4f4983012fb&amp;gclsrc=ds&amp;gclsrc=dss\">https:\/\/www.thalia.de\/shop\/home\/artikeldetails\/A1048216102?ProvID=11007205&amp;msclkid=041f9703444a1a16b415f4f4983012fb&amp;gclsrc=ds&amp;gclsrc=dss<\/a><\/p>\n<p><a href=\"#_ednref52\" name=\"_edn52\">[52]<\/a> <a href=\"https:\/\/www.gesetze-im-internet.de\/gg\/art_20.html\">https:\/\/www.gesetze-im-internet.de\/gg\/art_20.html<\/a><\/p>\n<p><a href=\"#_ednref53\" name=\"_edn53\">[53]<\/a> <a href=\"https:\/\/www.ddr89.de\/dj\/DJ.html\">https:\/\/www.ddr89.de\/dj\/DJ.html<\/a><\/p>\n<p><a href=\"#_ednref54\" name=\"_edn54\">[54]<\/a> <a href=\"https:\/\/www.mehr-demokratie.de\">https:\/\/www.mehr-demokratie.de<\/a><\/p>\n<p><a href=\"#_ednref55\" name=\"_edn55\">[55]<\/a> <a href=\"https:\/\/abstimmung21.de\">https:\/\/abstimmung21.de<\/a><\/p>\n<p><a href=\"#_ednref56\" name=\"_edn56\">[56]<\/a> <a href=\"https:\/\/www.gemeingut.org\">https:\/\/www.gemeingut.org<\/a><\/p>\n<p><a href=\"#_ednref57\" name=\"_edn57\">[57]<\/a> <a href=\"https:\/\/www.abgeordnetenwatch.de\/bundestag\">https:\/\/www.abgeordnetenwatch.de\/bundestag<\/a><\/p>\n<p><a href=\"#_ednref58\" name=\"_edn58\">[58]<\/a> <a href=\"https:\/\/www.lobbycontrol.de\/\">https:\/\/www.lobbycontrol.de\/<\/a><\/p>\n<p><a href=\"#_ednref59\" name=\"_edn59\">[59]<\/a> <a href=\"https:\/\/www.welt.de\/politik\/deutschland\/article121806429\/Merkel-pfeift-ihren-Innenminister-zurueck.html\">https:\/\/www.welt.de\/politik\/deutschland\/article121806429\/Merkel-pfeift-ihren-Innenminister-zurueck.html<\/a><\/p>\n<p><a href=\"#_ednref60\" name=\"_edn60\">[60]<\/a> <a href=\"https:\/\/www.bundesregierung.de\/resource\/blob\/974430\/1990812\/1f422c60505b6a88f8f3b3b5b8720bd4\/2021-12-10-koav2021-data.pdf?download=1\">https:\/\/www.bundesregierung.de\/resource\/blob\/974430\/1990812\/1f422c60505b6a88f8f3b3b5b8720bd4\/2021-12-10-koav2021-data.pdf?download=1<\/a><\/p>\n<p>&nbsp;<\/p>\n<p><span style=\"font-size: 10pt;\">Der Beitrag erschien am 27.02.2023 auch auf <a href=\"https:\/\/publikumskonferenz.de\/blog\/2023\/02\/27\/kriegskabinett-scholz-gegen-volksentscheid\/\" target=\"_blank\" rel=\"noopener\">publikumskonferenz.de<\/a><\/span><\/p>\n<hr \/>\n<p><span style=\"font-size: 10pt;\">Bild oben: Olaf Scholz vor dem &#8222;Triell&#8220; zur Bundestagswahl, 2021<\/span><br \/>\n<span style=\"font-size: 10pt;\">Foto: Steffen Pr\u00f6\u00dfdorf, <a href=\"https:\/\/creativecommons.org\/licenses\/by-sa\/4.0\" target=\"_blank\" rel=\"noopener\">CC BY-SA 4.0<\/a><\/span><br \/>\n<span style=\"font-size: 10pt;\">Quelle: <a href=\"https:\/\/commons.wikimedia.org\/w\/index.php?curid=110044700\" target=\"_blank\" rel=\"noopener\">https:\/\/commons.wikimedia.org\/w\/index.php?curid=110044700<\/a><\/span><\/p>\n<p>&nbsp;<\/p>\n","protected":false},"excerpt":{"rendered":"<p><b>Beitrag von Friedhelm Klinkhammer und Volker Br\u00e4utigam<\/b><br \/>\nEin Kanzler ohne Glaubw\u00fcrdigkeit. Ein Vizekanzler ohne Sachverstand. Eine bildungsferne Au\u00dfenministerin ohne Kontrolle \u00fcber ihr Mundwerk: drei Repr\u00e4sentanten einer grauenhaften Regierung, die den \u00fcblen Zustand unserer Republik zu verantworten hat und mit ihrem antirussischen Kriegsgeschrei Deutschlands Vernichtung riskiert. \u201eWem Gott ein Amt gibt, dem gibt er auch den Verstand\u201c, behauptet der Volksmund. Auf derlei Kalenderspr\u00fcche ist nur leider kein Verlass. Der Satiriker Uwe Steimle, pulvertrocken: \u201eMan kann Kabinett nicht mehr von Kabarett unterscheiden.\u201c Vor solchen Geistesblitzen sind die Regierungs-Hiwis der ARD-Tagesschau allerdings gut gesch\u00fctzt. Sonst k\u00f6nnte ihr Zentralinstitut f\u00fcr \u201emediale Massenverbl\u00f6dung\u201c seine staatstragende Aufgabe auch nicht erf\u00fcllen.<\/p>\n","protected":false},"author":3,"featured_media":15423,"comment_status":"closed","ping_status":"closed","sticky":false,"template":"","format":"standard","meta":{"colormag_page_container_layout":"default_layout","colormag_page_sidebar_layout":"default_layout","advanced_seo_description":"","jetpack_seo_html_title":"","jetpack_seo_noindex":false,"jetpack_post_was_ever_published":false,"footnotes":""},"categories":[12],"tags":[1094,699,1423,567,162,1473,1328,1282,1527,339,1662,1017,543,717,1528,1110],"class_list":["post-15421","post","type-post","status-publish","format-standard","has-post-thumbnail","hentry","category-demokratie-medien-aufklaerung","tag-ard","tag-aussenpolitik","tag-baerbock","tag-bildung","tag-demokratie","tag-erdgas","tag-erdoel","tag-gruene","tag-kriegspartei","tag-kriegspropaganda","tag-olaf-scholz","tag-volksentscheid","tag-volksverdummung","tag-wahrheit","tag-wirtschaftspolitik","tag-zdf"],"jetpack_featured_media_url":"https:\/\/i0.wp.com\/www.freidenker.org\/fw17\/wp-content\/uploads\/2023\/03\/Scholz_TV-Triell_Bundestagswahl_2021_1DX_3801_by_Stepro_800x450.jpg?fit=800%2C450&ssl=1","jetpack_shortlink":"https:\/\/wp.me\/p9stpK-40J","jetpack-related-posts":[{"id":21013,"url":"https:\/\/www.freidenker.org\/?p=21013","url_meta":{"origin":15421,"position":0},"title":"USA und Russland: Kooperation \u2013 Ein grundlegender Politikwechsel","author":"Webredaktion","date":"20. Februar 2025","format":false,"excerpt":"Beitrag von Wolfgang Bittner Nach wie vor wandern deutsche Unternehmen ins Ausland ab, t\u00e4glich werden neue Insolvenzen gemeldet und immer mehr leidet die Bev\u00f6lkerung unter den hohen Mieten und Lebensmittelpreisen. Doch die Regierung tut nichts dagegen. \u00dcber die Ursachen, die zu dieser ruin\u00f6sen Situation gef\u00fchrt haben, wird Stillschweigen bewahrt \u2013\u2026","rel":"","context":"In &quot;Demokratie \u2013 Medien \u2013 Aufkl\u00e4rung&quot;","block_context":{"text":"Demokratie \u2013 Medien \u2013 Aufkl\u00e4rung","link":"https:\/\/www.freidenker.org\/?cat=12"},"img":{"alt_text":"","src":"https:\/\/i0.wp.com\/www.freidenker.org\/fw17\/wp-content\/uploads\/2025\/02\/Vladimir_Putin_and_Donald_Trump_2019-06-28_06_800x450.jpg?fit=800%2C450&ssl=1&resize=350%2C200","width":350,"height":200,"srcset":"https:\/\/i0.wp.com\/www.freidenker.org\/fw17\/wp-content\/uploads\/2025\/02\/Vladimir_Putin_and_Donald_Trump_2019-06-28_06_800x450.jpg?fit=800%2C450&ssl=1&resize=350%2C200 1x, https:\/\/i0.wp.com\/www.freidenker.org\/fw17\/wp-content\/uploads\/2025\/02\/Vladimir_Putin_and_Donald_Trump_2019-06-28_06_800x450.jpg?fit=800%2C450&ssl=1&resize=525%2C300 1.5x, https:\/\/i0.wp.com\/www.freidenker.org\/fw17\/wp-content\/uploads\/2025\/02\/Vladimir_Putin_and_Donald_Trump_2019-06-28_06_800x450.jpg?fit=800%2C450&ssl=1&resize=700%2C400 2x"},"classes":[]},{"id":402,"url":"https:\/\/www.freidenker.org\/?p=402","url_meta":{"origin":15421,"position":1},"title":"Demokratie?","author":"Webmaster","date":"17. Juli 2010","format":false,"excerpt":"Beitrag von Klaus Hartmann aus FREIDENKER 2-10 Vor einigen Jahren wurde in der Diskussion, ob die Freidenker eine andere Gesellschaft jenseits des Kapitalismus anstreben, den Sozialismus propagieren sollen, die Frage gestellt: \u201eReicht unser Bekenntnis zur Demokratie denn nicht aus?\u201c. Die Erwiderung verbl\u00fcffte manche: \u201eSo was haben wir gar nicht, ein\u2026","rel":"","context":"In &quot;Demokratie \u2013 Medien \u2013 Aufkl\u00e4rung&quot;","block_context":{"text":"Demokratie \u2013 Medien \u2013 Aufkl\u00e4rung","link":"https:\/\/www.freidenker.org\/?cat=12"},"img":{"alt_text":"","src":"https:\/\/i0.wp.com\/www.freidenker.org\/fw17\/wp-content\/uploads\/2016\/08\/Griechenland-Sonnenuntergang.jpg?fit=800%2C445&ssl=1&resize=350%2C200","width":350,"height":200,"srcset":"https:\/\/i0.wp.com\/www.freidenker.org\/fw17\/wp-content\/uploads\/2016\/08\/Griechenland-Sonnenuntergang.jpg?fit=800%2C445&ssl=1&resize=350%2C200 1x, https:\/\/i0.wp.com\/www.freidenker.org\/fw17\/wp-content\/uploads\/2016\/08\/Griechenland-Sonnenuntergang.jpg?fit=800%2C445&ssl=1&resize=525%2C300 1.5x, https:\/\/i0.wp.com\/www.freidenker.org\/fw17\/wp-content\/uploads\/2016\/08\/Griechenland-Sonnenuntergang.jpg?fit=800%2C445&ssl=1&resize=700%2C400 2x"},"classes":[]},{"id":19835,"url":"https:\/\/www.freidenker.org\/?p=19835","url_meta":{"origin":15421,"position":2},"title":"Putin war&#8217;s \u2013 &#8222;Die Zeit&#8220; sieht Russland f\u00fcr Wahlergebnisse verantwortlich","author":"Webredaktion","date":"14. September 2024","format":false,"excerpt":"Von Gert Ewen Ungar Immer mehr Deutsche w\u00e4hlen in Deutschland nach Auffassung des Mainstreams die falschen Parteien. Daf\u00fcr muss es einen Grund geben. Die Zeit-Kolumnist Michael Thumann kennt ihn. Der Grund hei\u00dft Putin. In seiner Einfallslosigkeit ist das wenig \u00fcberraschend. Statt Analyse und Korrektur setzt man in Deutschland auf Propaganda\u2026","rel":"","context":"In &quot;Demokratie \u2013 Medien \u2013 Aufkl\u00e4rung&quot;","block_context":{"text":"Demokratie \u2013 Medien \u2013 Aufkl\u00e4rung","link":"https:\/\/www.freidenker.org\/?cat=12"},"img":{"alt_text":"","src":"https:\/\/i0.wp.com\/www.freidenker.org\/fw17\/wp-content\/uploads\/2024\/09\/Frankfurter_Buchmesse_2016_-_Die_Zeit_2._800x450jpg.jpg?fit=800%2C450&ssl=1&resize=350%2C200","width":350,"height":200,"srcset":"https:\/\/i0.wp.com\/www.freidenker.org\/fw17\/wp-content\/uploads\/2024\/09\/Frankfurter_Buchmesse_2016_-_Die_Zeit_2._800x450jpg.jpg?fit=800%2C450&ssl=1&resize=350%2C200 1x, https:\/\/i0.wp.com\/www.freidenker.org\/fw17\/wp-content\/uploads\/2024\/09\/Frankfurter_Buchmesse_2016_-_Die_Zeit_2._800x450jpg.jpg?fit=800%2C450&ssl=1&resize=525%2C300 1.5x, https:\/\/i0.wp.com\/www.freidenker.org\/fw17\/wp-content\/uploads\/2024\/09\/Frankfurter_Buchmesse_2016_-_Die_Zeit_2._800x450jpg.jpg?fit=800%2C450&ssl=1&resize=700%2C400 2x"},"classes":[]},{"id":16291,"url":"https:\/\/www.freidenker.org\/?p=16291","url_meta":{"origin":15421,"position":3},"title":"Der Blasen-Kanzler","author":"Webredaktion","date":"10. Juni 2023","format":false,"excerpt":"Kaum trifft Olaf Scholz auf echte Menschen, flippt er aus Von\u00a0Tom J. Wellbrock Sawsan Chebli (SPD) ist bekannt f\u00fcr ihren unerm\u00fcdlichen Kampf gegen Hass und Hetze. K\u00fcrzlich hat sie sogar ein Buch mit dem Titel \"Laut\" herausgebracht, das seitdem viel diskutiert wird \u2013 vor allem von Chebli selbst. Sie wird\u2026","rel":"","context":"In &quot;Demokratie \u2013 Medien \u2013 Aufkl\u00e4rung&quot;","block_context":{"text":"Demokratie \u2013 Medien \u2013 Aufkl\u00e4rung","link":"https:\/\/www.freidenker.org\/?cat=12"},"img":{"alt_text":"","src":"https:\/\/i0.wp.com\/www.freidenker.org\/fw17\/wp-content\/uploads\/2023\/06\/Wahlplakat_Wahlen_2021_Olaf_Scholz_800x450.jpg?fit=800%2C450&ssl=1&resize=350%2C200","width":350,"height":200,"srcset":"https:\/\/i0.wp.com\/www.freidenker.org\/fw17\/wp-content\/uploads\/2023\/06\/Wahlplakat_Wahlen_2021_Olaf_Scholz_800x450.jpg?fit=800%2C450&ssl=1&resize=350%2C200 1x, https:\/\/i0.wp.com\/www.freidenker.org\/fw17\/wp-content\/uploads\/2023\/06\/Wahlplakat_Wahlen_2021_Olaf_Scholz_800x450.jpg?fit=800%2C450&ssl=1&resize=525%2C300 1.5x, https:\/\/i0.wp.com\/www.freidenker.org\/fw17\/wp-content\/uploads\/2023\/06\/Wahlplakat_Wahlen_2021_Olaf_Scholz_800x450.jpg?fit=800%2C450&ssl=1&resize=700%2C400 2x"},"classes":[]},{"id":14669,"url":"https:\/\/www.freidenker.org\/?p=14669","url_meta":{"origin":15421,"position":4},"title":"Was geschah wirklich beim China-Besuch von Olaf Scholz?","author":"Webredaktion","date":"15. November 2022","format":false,"excerpt":"Beitrag von Rainer Rupp Der eint\u00e4gige Besuch von Bundeskanzler Olaf Scholz in Peking bei Pr\u00e4sident Xi Jinping am 4. November 2022 war mit den USA offensichtlich nicht abgesprochen worden. Das lie\u00df sich deutlich aus den Reaktionen Washingtons herauslesen. Dessen Strategie zielt darauf ab, China politisch einzugrenzen und dessen wirtschaftliche und\u2026","rel":"","context":"In &quot;Demokratie \u2013 Medien \u2013 Aufkl\u00e4rung&quot;","block_context":{"text":"Demokratie \u2013 Medien \u2013 Aufkl\u00e4rung","link":"https:\/\/www.freidenker.org\/?cat=12"},"img":{"alt_text":"","src":"https:\/\/i0.wp.com\/www.freidenker.org\/fw17\/wp-content\/uploads\/2022\/11\/scholz_china_800x450.jpg?fit=800%2C450&ssl=1&resize=350%2C200","width":350,"height":200,"srcset":"https:\/\/i0.wp.com\/www.freidenker.org\/fw17\/wp-content\/uploads\/2022\/11\/scholz_china_800x450.jpg?fit=800%2C450&ssl=1&resize=350%2C200 1x, https:\/\/i0.wp.com\/www.freidenker.org\/fw17\/wp-content\/uploads\/2022\/11\/scholz_china_800x450.jpg?fit=800%2C450&ssl=1&resize=525%2C300 1.5x, https:\/\/i0.wp.com\/www.freidenker.org\/fw17\/wp-content\/uploads\/2022\/11\/scholz_china_800x450.jpg?fit=800%2C450&ssl=1&resize=700%2C400 2x"},"classes":[]},{"id":18845,"url":"https:\/\/www.freidenker.org\/?p=18845","url_meta":{"origin":15421,"position":5},"title":"&#8222;Gerechter Friede&#8220;?","author":"Webredaktion","date":"20. April 2024","format":false,"excerpt":"Scholz ist das Problem, nicht die L\u00f6sung \u2013 Kanzler blitzt in China ab Beitrag von Gert Ewen Ungar Es gehe ihm um einen gerechten Frieden, behauptet Scholz, wenn er \u00fcber die Ukraine spricht. \"Gerechter Frieden f\u00fcr die Ukraine\" ist die neue rhetorische Verpackung f\u00fcr das immer gleiche Ziel: Der Ukraine\u2026","rel":"","context":"In &quot;Demokratie \u2013 Medien \u2013 Aufkl\u00e4rung&quot;","block_context":{"text":"Demokratie \u2013 Medien \u2013 Aufkl\u00e4rung","link":"https:\/\/www.freidenker.org\/?cat=12"},"img":{"alt_text":"","src":"https:\/\/i0.wp.com\/www.freidenker.org\/fw17\/wp-content\/uploads\/2024\/04\/Scholz_in_Slowenien_53612855283_Ausschnitt_800x450.jpg?fit=800%2C450&ssl=1&resize=350%2C200","width":350,"height":200,"srcset":"https:\/\/i0.wp.com\/www.freidenker.org\/fw17\/wp-content\/uploads\/2024\/04\/Scholz_in_Slowenien_53612855283_Ausschnitt_800x450.jpg?fit=800%2C450&ssl=1&resize=350%2C200 1x, https:\/\/i0.wp.com\/www.freidenker.org\/fw17\/wp-content\/uploads\/2024\/04\/Scholz_in_Slowenien_53612855283_Ausschnitt_800x450.jpg?fit=800%2C450&ssl=1&resize=525%2C300 1.5x, https:\/\/i0.wp.com\/www.freidenker.org\/fw17\/wp-content\/uploads\/2024\/04\/Scholz_in_Slowenien_53612855283_Ausschnitt_800x450.jpg?fit=800%2C450&ssl=1&resize=700%2C400 2x"},"classes":[]}],"_links":{"self":[{"href":"https:\/\/www.freidenker.org\/index.php?rest_route=\/wp\/v2\/posts\/15421","targetHints":{"allow":["GET"]}}],"collection":[{"href":"https:\/\/www.freidenker.org\/index.php?rest_route=\/wp\/v2\/posts"}],"about":[{"href":"https:\/\/www.freidenker.org\/index.php?rest_route=\/wp\/v2\/types\/post"}],"author":[{"embeddable":true,"href":"https:\/\/www.freidenker.org\/index.php?rest_route=\/wp\/v2\/users\/3"}],"replies":[{"embeddable":true,"href":"https:\/\/www.freidenker.org\/index.php?rest_route=%2Fwp%2Fv2%2Fcomments&post=15421"}],"version-history":[{"count":0,"href":"https:\/\/www.freidenker.org\/index.php?rest_route=\/wp\/v2\/posts\/15421\/revisions"}],"wp:featuredmedia":[{"embeddable":true,"href":"https:\/\/www.freidenker.org\/index.php?rest_route=\/wp\/v2\/media\/15423"}],"wp:attachment":[{"href":"https:\/\/www.freidenker.org\/index.php?rest_route=%2Fwp%2Fv2%2Fmedia&parent=15421"}],"wp:term":[{"taxonomy":"category","embeddable":true,"href":"https:\/\/www.freidenker.org\/index.php?rest_route=%2Fwp%2Fv2%2Fcategories&post=15421"},{"taxonomy":"post_tag","embeddable":true,"href":"https:\/\/www.freidenker.org\/index.php?rest_route=%2Fwp%2Fv2%2Ftags&post=15421"}],"curies":[{"name":"wp","href":"https:\/\/api.w.org\/{rel}","templated":true}]}}