{"id":15411,"date":"2023-03-01T02:02:27","date_gmt":"2023-03-01T01:02:27","guid":{"rendered":"https:\/\/www.freidenker.org\/?p=15411"},"modified":"2023-03-28T11:59:56","modified_gmt":"2023-03-28T09:59:56","slug":"den-frieden-gewinnen-nicht-den-krieg","status":"publish","type":"post","link":"https:\/\/www.freidenker.org\/?p=15411","title":{"rendered":"Den Frieden gewinnen \u2013 nicht den Krieg!"},"content":{"rendered":"<h5>Rede anl\u00e4sslich der Kundgebung der \u201eFriedenskoordination Berlin \u2013 Netzwerk gegen den Krieg\u201c am Brandenburger Tor am 24. Februar 2023<\/h5>\n<p><em>von <strong>J\u00fcrgen Rose<\/strong><\/em><\/p>\n<p>Sehr geehrte Versammelte, liebe Friedensfreundinnen und Friedensfreunde!<\/p>\n<p>Es ehrt Sie sehr, dass Sie heute, an jenem Tag, an dem vor einem Jahr das gro\u00dfe Schlachten in der Ukraine seinen Lauf nahm, hier so zahlreich erschienen sind, um ein Zeichen zu setzen f\u00fcr den Frieden auf der Welt und gegen jenes barbarische Gemetzel. Denn es braucht durchaus Mut, um in diesen Zeiten allgegenw\u00e4rtigen und allumfassenden Kriegs- und Sieggetrommels aufzustehen und die Stimme zu erheben gegen das massenhafte Morden auf den Schlachtfeldern im Osten Europas.<\/p>\n<p>Heute \u00fcbersteigt die Zahl der willigen Koalition\u00e4re, die sich unter Federf\u00fchrung der USA im Kampf gegen Russland zusammengeschlossen haben, den Umfang der Anti-Hitler-Allianz im Widerstand gegen Nazi-Deutschland. Damals nannte man dies einen Weltkrieg, n\u00e4mlich den Zweiten Weltkrieg \u2013 womit also haben wir es heutzutage im Hinblick auf das Kriegsgeschehen in der Ukraine zu tun? Befinden wir uns nicht l\u00e4ngst in einem Dritten Weltkrieg, den die gesamte NATO im Verein mit zahlreichen willigen Helfershelfern unter ebenso zynischer wie menschenverachtender Ausbeutung von Selbstbehauptungswillen und Opferbereitschaft der ukrainischen M\u00e4nner und Frauen f\u00fchrt, gem\u00e4\u00df der von der amtierenden Au\u00dfenministerin Deutschlands propagierten, widerw\u00e4rtigen Parole: \u201eWir werden Russland ruinieren\u201c? Und laufen diejenigen, die auf beiden Seiten der Front diesen m\u00f6rderischen Krieg immer weiter eskalieren, nicht erhebliche Gefahr, dass dieser zuletzt in einer unkontrollierbaren nuklearen Konfrontation endet?<\/p>\n<p>Gem\u00e4\u00df der dem Publikum von Politik und Massenmedien pausenlos eingeh\u00e4mmerten Darstellung handelt es sich bei dem Krieg in der Ukraine um einen glasklaren Angriffskrieg. Und ein solcher stellt laut dem Urteilsspruch des N\u00fcrnberger Kriegsverbrechertribunals von 1946 \u201edas gr\u00f6\u00dfte internationale Verbrechen [dar], das sich von anderen Kriegsverbrechen nur dadurch unterscheidet, dass es in sich alle Schrecken vereinigt und anh\u00e4uft\u201c. Im Hinblick auf dieses Narrativ scheint mir \u00e4u\u00dferst bedeutsam, was ein h\u00f6chst renommierter US-amerikanischer Historiker, Politik- und Wirtschaftswissenschaftler zur Problematik der Entscheidung dar\u00fcber, wer in einem Krieg denn jeweils als Angreifer und als Verteidiger zu gelten habe, geschrieben hat. Der Mann hie\u00df Stefan T. Possony, war als \u00f6sterreichischer Jude nur knapp den Gestapo-Schergen Adolf Hitlers entkommen und diente nach einer spektakul\u00e4ren akademischen Karriere an US-amerikanischen Spitzenuniversit\u00e4ten dem US-Pr\u00e4sidenten Ronald Reagan als Berater in Sachen Strategische Raketenabwehr (SDI) \u2013 ein knallharter erzkonservativer Falke und folglich keinesfalls ein \u201elinker Pazifistenspinner\u201c. Jener Professor Possony also merkte zur Problematik von Angriff und Verteidigung folgendes an:<\/p>\n<blockquote><p>\u201eBei der strategisch-politischen Beurteilung einer konkreten Situation ist es oft schwierig, Angriff von Verteidigung zu unterscheiden. \u2026 Der Befehl, einen vorliegenden Offensivplan durchzuf\u00fchren, mag milit\u00e4risch einen Angriff darstellen, die Offensive, selbst wenn es sich um einen bewaffneten Einzelfall handelt, mag jedoch strategisch-politisch rein defensiven Motiven entspringen. \u2026 Trotz der offensichtlichen Schwierigkeiten, die eine klare und rechtsverbindliche Definition ausschlie\u00dfen \u2013 es h\u00e4ngt eben alles von den Umst\u00e4nden ab \u2013, l\u00e4sst sich, theoretisch gesprochen, jene Regierung oder konspirative Gruppe als Angreifer kennzeichnen, die die Entscheidung trifft, Krieg zu f\u00fchren, um die internationale Machtverteilung zugunsten der eigenen Seite zu ver\u00e4ndern. Hingegen l\u00e4sst sich die Regierung, die einen Krieg f\u00fchrt, um die eigene Schw\u00e4chung oder Zerst\u00f6rung oder eine wesentliche Ver\u00e4nderung der gegebenen internationalen Machtlage zu verhindern, als Verteidiger bezeichnen.\u201c<\/p><\/blockquote>\n<p>Ganz \u00e4hnlich muss das vor mehr als f\u00fcnfhundert Jahren schon einer der Gr\u00fcnderv\u00e4ter der Politischen Theorie, der italienische Philosoph und Machttheoretiker Niccol\u00f2 Machiavelli gesehen haben, als er konstatierte:<\/p>\n<blockquote><p>\u201eNicht wer zuerst zu den Waffen greift, ist der Anstifter des Unheils, sondern wer dazu n\u00f6tigt.\u201c<\/p><\/blockquote>\n<p>Wer in der Ukraine zuerst zu den Waffen gegriffen hat, steht scheinbar fest, obwohl die OSCE Special Monitoring Mission to Ukraine (SMM), die Beobachtungsmission der Organisation f\u00fcr Sicherheit und Zusammenarbeit in Europa, vor einem Jahr g\u00e4nzlich Anderes aus dem Donbass zu berichten hatte: Acht Tage vor dem Beginn des russischen Einmarsches hatten die ukrainischen Streitkr\u00e4fte n\u00e4mlich eine gro\u00dfangelegte Artillerieoffensive gegen die abtr\u00fcnnigen Volksrepubliken begonnen, um diese mittels milit\u00e4rischer Gewalt zur\u00fcckzuerobern, ganz so wie Pr\u00e4sident Selenskyj dies im M\u00e4rz des Vorjahres bereits angeordnet hatte \u2013 unter grober Missachtung des durch den Sicherheitsrat der Vereinten Nationen f\u00fcr v\u00f6lkerrechtlich verbindlich erkl\u00e4rten Minsker Abkommens, in dem unter anderem eine Autonomieregelung f\u00fcr den Donbass vereinbart worden war. Dem durch milit\u00e4rische Gewaltanwendung verschuldeten V\u00f6lkerrechtsbruch Russlands ging der ebenso qua milit\u00e4rischer Gewaltanwendung ver\u00fcbte V\u00f6lkerrechtsbruch der Ukraine voraus! Diesen h\u00f6chst bedeutsamen Umstand verschweigen freilich unsere NATO-treuen Mainstream-Propagandamedien geflissentlich bis heute.<\/p>\n<p>Wer also sind jene Anstifter des Unheils, die zum Krieg in der Ukraine gen\u00f6tigt haben? Denn folgt man Machiavellis Erkenntnis, dann begeht nicht nur, wer einen Angriffskrieg beginnt, dieses laut Urteil von N\u00fcrnberg \u201egr\u00f6\u00dfte internationale Verbrechen\u201c, sondern auch derjenige, welcher einem derartigen Verbrechen dadurch Vorschub leistet, dass er es unterl\u00e4sst, alles Menschenm\u00f6gliche zur Erhaltung des Friedens, also zur Verhinderung jenes V\u00f6lkerrechtsverbrechen, zu tun. Auch friedensst\u00f6rende Handlungen, die einen politischen Akteur zu einer kriegerischen Aggression zu provozieren geeignet sind, wie beispielsweise die skrupellose Ausdehnung eines Milit\u00e4rb\u00fcndnisses unter ignoranter Vernachl\u00e4ssigung von Sicherheitsinteressen anderer Staaten, die einseitige Aufk\u00fcndigung essentieller R\u00fcstungskontroll- und Abr\u00fcstungsvertr\u00e4ge, die v\u00f6lkerrechtswidrige Intervention in die von der Satzung der Vereinten Nationen gesch\u00fctzten inneren Angelegenheiten souver\u00e4ner Staaten oder sicherheitsdestabilisierende, ma\u00dflose Aufr\u00fcstungsma\u00dfnahmen konstituieren (regierungs-)kriminelle Akte.<\/p>\n<p>Um uns der Beantwortung der Frage nach den Anstiftern des Unheils in der Ukraine anzun\u00e4hern, werden wir, um dem Vorwurf vorzubeugen, wir w\u00e4ren \u201eRussland-\u201c oder \u2013 horribile dictu \u2013 gar \u201ePutin-Versteher\u201c, nachfolgend ausschlie\u00dflich Kronzeugen heranziehen, die \u00fcber einen derartigen Verdacht vollkommen erhaben sind.<\/p>\n<p>Als ersten solchen Kronzeugen rufe ich den ehemaligen US-Botschafter in der Sowjetunion und Direktor f\u00fcr europ\u00e4ische Angelegenheiten im Nationalen Sicherheitsrat der USA, Jack F. Matlock, auf. Dieser konstatiert im Hinblick auf die vielbeschworene \u201eregelbasierte Weltordnung\u201c:<\/p>\n<blockquote><p>\u201eAber es war der Westen, der damit begonnen hat, dieselben internationalen Regeln zu brechen, als die Nato wegen Kosovo Serbien bombardiert hat. Unsere zweite Verletzung der Schlussakte von Helsinki \u2013 wonach Grenzen nur ver\u00e4nderbar sind, wenn beide Seiten zustimmen \u2013 war, als wir die Unabh\u00e4ngigkeit von Kosovo akzeptiert haben. Putin sagt: Ihr habt den Pr\u00e4zedenzfall geschaffen. Jetzt verletze ich die Regeln. Das m\u00fcssen wir ber\u00fccksichtigen, wenn wir \u00fcber Legalit\u00e4t reden. So zu tun, als ob Russland etwas Einzigartiges t\u00e4te und Russland zu einem besonderen Ausgesto\u00dfenen zu machen, ist unfair.\u201c Und weiterhin f\u00fchrt Matlock aus: \u201e2008 entschied die Nato, die Ukraine auf eine Spur zur Mitgliedschaft zu setzen. Ein in seinem Inneren tief gespaltenes Land, direkt vor Russlands T\u00fcre. Das alles waren sehr dumme Schachz\u00fcge des Westens. Heute haben wir die Reaktion darauf. Wenn China anfangen w\u00fcrde, eine Milit\u00e4rallianz mit Kanada und Mexiko zu organisieren, w\u00fcrden die USA das nicht tolerieren. Wir w\u00fcrden uns auch nicht auf abstrakte Prinzipien von internationalem Recht beschr\u00e4nken lassen. Wir w\u00fcrden das verhindern. Mit jedem Mittel, das wir haben. Jedes Land, das die Macht dazu hat, w\u00fcrde das tun. (\u2026) Putin handelt so, wie jeder russische politische Verantwortliche unter diesen Umst\u00e4nden handeln w\u00fcrde.\u201c<\/p><\/blockquote>\n<p>Bei meinem zweiten Kronzeugen handelt es sich um den ehemaligen Verteidigungsminister und Bundeskanzler der Bundesrepublik Deutschland, Helmut Schmidt. Der in der Wolle gef\u00e4rbte Transatlantiker, der wegen seines unbeirrten Festhaltens am Beschluss der NATO zur nuklearen Nachr\u00fcstung sein Amt verloren hatte, gab im August 1993 zu Protokoll:<\/p>\n<blockquote><p>\u201eWenn ich ein sowjetischer Marschall w\u00e4re oder ein Oberst, w\u00fcrde ich die Ausdehnung der Nato-Grenzen, erst von der Elbe bis an die Oder und dann \u00fcber die Weichsel hinaus bis an die polnische Ostgrenze, f\u00fcr eine Provokation und eine Bedrohung des Heiligen Russland halten. Und dagegen w\u00fcrde ich mich wehren. Und wenn ich mich heute dagegen nicht wehren kann, werde ich mir vornehmen, diese morgen zu Fall zu bringen.\u201c<\/p><\/blockquote>\n<p>Mir scheint, dass Helmut Schmidt seinen Possony gelesen hatte.<\/p>\n<p>Als letzten in meiner Reihe von Kronzeugen m\u00f6chte ich Papst Franziskus zu Wort kommen lassen, der sich in einem Interview zum Ukrainekrieg ge\u00e4u\u00dfert hat. Dort sagte er:<\/p>\n<blockquote><p>\u201eUm diese Frage [nach dem Angriffskrieg] zu beantworten, m\u00fcssen wir uns von dem \u00fcblichen Schema des \u201eRotk\u00e4ppchens\u201c l\u00f6sen: Rotk\u00e4ppchen war gut, und der Wolf war der B\u00f6sewicht. Hier gibt es keine metaphysisch Guten und B\u00f6sen auf abstrakte Art und Weise. \u2026 Die NATO-Staaten bellen vor den Toren Russlands und sie verstehen nicht, dass die Russen imperial sind und keiner fremden Macht erlauben, sich ihnen zu n\u00e4hern \u2026 Die Situation k\u00f6nnte zu einem Krieg f\u00fchren. \u2026 Aber die Gefahr ist, dass wir nur das sehen, was ungeheuerlich ist, und nicht das ganze Drama sehen, das sich hinter diesem Krieg abspielt, der vielleicht in gewisser Weise entweder provoziert oder nicht verhindert wurde. Und ich registriere das Interesse am Testen und Verkaufen von Waffen. Das ist sehr traurig, aber darum geht es ja offensichtlich. \u2026Ich bin einfach dagegen, die Komplexit\u00e4t auf die Unterscheidung zwischen Guten und B\u00f6sen zu reduzieren, ohne \u00fcber die Wurzeln und Interessen nachzudenken, die sehr komplex sind.\u201c<\/p><\/blockquote>\n<p>Da an dieser Stelle nunmehr Klarheit dar\u00fcber besteht, wer das Unheil in der Ukraine angestiftet hat, steht zugleich fest, an wen sich die Forderung nach einer umgehenden Beendigung des Krieges und einer Friedensregelung auf diplomatischem Wege zu richten hat: n\u00e4mlich zuv\u00f6rderst an die NATO-Kriegstreiber in Washington, Br\u00fcssel, London und Warschau.<\/p>\n<p>Genau dies hat j\u00fcngst Deutschlands ber\u00fchmtester lebender Philosoph, J\u00fcrgen Habermas, getan, als er erkl\u00e4rte:<\/p>\n<blockquote><p>\u201eMir geht es um den vorbeugenden Charakter von rechtzeitigen Verhandlungen, die verhindern, dass ein langer Krieg noch mehr Menschenleben und Zerst\u00f6rungen fordert und uns am Ende vor eine ausweglose Wahl stellt: entweder aktiv in den Krieg einzugreifen oder, um nicht den ersten Weltkrieg unter nuklear bewaffneten M\u00e4chten auszul\u00f6sen, die Ukraine ihrem Schicksal zu \u00fcberlassen.\u201c<\/p><\/blockquote>\n<p>F\u00fcr derartige diplomatische Initiativen liegen ernsthafte und ernstzunehmende Vorschl\u00e4ge schon l\u00e4ngst auf dem Tisch. So hat beispielsweise schon im Sommer letzten Jahres die UN-Studiengruppe \u201eWissenschaft und Ethik des Gl\u00fccks\u201c\u00a0 in ihrer \u201e<a href=\"https:\/\/www.jeffsachs.org\/newspaper-articles\/lljyk5p69dhcrm8epskjc7zh9d9n42\" target=\"_blank\" rel=\"noopener\">Erkl\u00e4rung Frieden und Gerechtigkeit<\/a>\u201c eine Reihe von \u201eEckpunkten f\u00fcr einen Waffenstillstand und ein positives Friedensabkommen\u201c formuliert. Diese lauten:<\/p>\n<p><strong>(1) Neutralit\u00e4t der Ukraine, d.h. Verzicht auf die nationalen Ambitionen, der NATO beizutreten, bei gleichzeitiger Anerkennung der Freiheit der Ukraine, Abkommen mit der Europ\u00e4ischen Union und anderen zu schlie\u00dfen;<\/strong><\/p>\n<p><strong>(2) Sicherheitsgarantien f\u00fcr die Souver\u00e4nit\u00e4t, Unabh\u00e4ngigkeit und territoriale Integrit\u00e4t der Ukraine, die von den P-5-Mitgliedern der Vereinten Nationen (China, Frankreich, Russland, Vereinigtes K\u00f6nigreich und Vereinigte Staaten) sowie der Europ\u00e4ischen Union und der T\u00fcrkei gegeben werden, was milit\u00e4rische Transparenz und Beschr\u00e4nkungen der milit\u00e4rischen Stationierung und gro\u00df angelegter \u00dcbungen in Grenzgebieten unter internationaler Beobachtung in Verbindung mit der Aufhebung von Wirtschaftssanktionen beinhalten k\u00f6nnte;<\/strong><\/p>\n<p><strong>(3) Russische De-facto-Kontrolle der Krim f\u00fcr einen Zeitraum von mehreren Jahren, nach dem die Parteien auf diplomatischem Wege eine dauerhafte De-jure-Regelung anstreben w\u00fcrden, die einen erleichterten Zugang der lokalen Gemeinschaften sowohl zur Ukraine als auch zu Russland, eine liberale Grenz\u00fcbergangspolitik f\u00fcr Personen und Handel, die Stationierung der russischen Schwarzmeerflotte und finanzielle Entsch\u00e4digungen umfassen k\u00f6nnte;<\/strong><\/p>\n<p><strong>(4) Autonomie der Regionen Lugansk und Donezk innerhalb der Ukraine, die wirtschaftliche, politische und kulturelle Aspekte umfassen k\u00f6nnte, die innerhalb kurzer Zeit n\u00e4her zu bestimmen sind;<\/strong><\/p>\n<p><strong>(5) Garantierter kommerzieller Zugang sowohl der Ukraine als auch Russlands zu den Schwarzmeerh\u00e4fen der beiden L\u00e4nder;<\/strong><\/p>\n<p><strong>(6) Die schrittweise Aufhebung der westlichen Sanktionen gegen Russland in Verbindung mit dem R\u00fcckzug des russischen Milit\u00e4rs gem\u00e4\u00df der Vereinbarung;<\/strong><\/p>\n<p><strong>(7) Ein multilateraler Fonds f\u00fcr den Wiederaufbau und die Entwicklung der vom Krieg zerst\u00f6rten Regionen der Ukraine \u2013 an dem sich auch Russland beteiligt \u2013 und sofortiger Zugang f\u00fcr humanit\u00e4re Hilfe;<\/strong><\/p>\n<p><strong>(8) eine Resolution des UN-Sicherheitsrates zur Schaffung internationaler \u00dcberwachungsmechanismen zur Unterst\u00fctzung des Friedensabkommens (\u2026).<\/strong><\/p>\n<p>Leider geben jedoch die ebenso verantwortungslosen wie haneb\u00fcchenen Begr\u00fcndungen zu uferlosen Waffen- und Munitionslieferungen im Verlauf des NATO-Warlord-Treffens in M\u00fcnchen am letzten Wochenende keinerlei Anlass zu irgendwelchen Hoffnungen auf Umsetzung einer derartigen Friedensregelung, denn die Kriegstreiber und -hetzer der NATO lassen keinerlei Bereitschaft erkennen, mit der russischen Regierung \u00fcberhaupt nur zu reden, w\u00e4hrend sie Russland im selben Atemzug fehlende Verhandlungsbereitschaft vorhalten \u2013 so funktioniert Kriegspropaganda.<\/p>\n<p>Angesichts dieser fatalen Lage steht umso mehr eine breite zivilgesellschaftliche Friedensbewegung in der Pflicht, ihren Protest gegen die bellizistische Enthemmung zu artikulieren. Wie schon zu Zeiten des verbrecherischen Krieges der USA in Vietnam und wie in Zeiten einer ma\u00dflosen nuklearen Hochr\u00fcstung in den achtziger Jahren des vergangenen Jahrhunderts muss es wieder hei\u00dfen:<\/p>\n<p><strong>\u201eAufstehen f\u00fcr den Frieden\u201c, \u201eSchwerter zu Pflugscharen\u201c und \u201eFrieden schaffen mit weniger \u2013 oder besser noch \u2013 ganz ohne Waffen!\u201c<\/strong><\/p>\n<p style=\"text-align: right;\"><em>Oberstleutnant a.D. J\u00fcrgen Rose ist Vorsitzender des Arbeitskreises &#8222;Darmst\u00e4dter Signal&#8220; und Mitglied des Beirats des Deutschen Freidenker-Verbandes<\/em><\/p>\n<hr \/>\n<p><img data-recalc-dims=\"1\" loading=\"lazy\" decoding=\"async\" data-attachment-id=\"11819\" data-permalink=\"https:\/\/www.freidenker.org\/?attachment_id=11819\" data-orig-file=\"https:\/\/i0.wp.com\/www.freidenker.org\/fw17\/wp-content\/uploads\/2021\/12\/icon_grafik_32x32.jpg?fit=32%2C32&amp;ssl=1\" data-orig-size=\"32,32\" data-comments-opened=\"0\" data-image-meta=\"{&quot;aperture&quot;:&quot;0&quot;,&quot;credit&quot;:&quot;&quot;,&quot;camera&quot;:&quot;&quot;,&quot;caption&quot;:&quot;&quot;,&quot;created_timestamp&quot;:&quot;0&quot;,&quot;copyright&quot;:&quot;&quot;,&quot;focal_length&quot;:&quot;0&quot;,&quot;iso&quot;:&quot;0&quot;,&quot;shutter_speed&quot;:&quot;0&quot;,&quot;title&quot;:&quot;&quot;,&quot;orientation&quot;:&quot;1&quot;}\" data-image-title=\"icon_grafik_32x32\" data-image-description=\"\" data-image-caption=\"\" data-large-file=\"https:\/\/i0.wp.com\/www.freidenker.org\/fw17\/wp-content\/uploads\/2021\/12\/icon_grafik_32x32.jpg?fit=32%2C32&amp;ssl=1\" class=\"alignnone size-full wp-image-11819\" src=\"https:\/\/i0.wp.com\/www.freidenker.org\/fw17\/wp-content\/uploads\/2021\/12\/icon_grafik_32x32.jpg?resize=32%2C32&#038;ssl=1\" alt=\"\" width=\"32\" height=\"32\" \/>\u00a0Bilder von der Kundgebung am 24.02.2023 findet ihr hier: <a href=\"https:\/\/www.flickr.com\/photos\/frikoberlin\/albums\/72177720306280941\/with\/52712181696\/\" target=\"_blank\" rel=\"noopener\">https:\/\/www.flickr.com\/photos\/frikoberlin\/albums\/72177720306280941\/with\/52712181696\/<\/a><\/p>\n<hr \/>\n<h5>Downloads<\/h5>\n<p><img data-recalc-dims=\"1\" loading=\"lazy\" decoding=\"async\" data-attachment-id=\"1076\" data-permalink=\"https:\/\/www.freidenker.org\/?attachment_id=1076\" data-orig-file=\"https:\/\/i0.wp.com\/www.freidenker.org\/fw17\/wp-content\/uploads\/2017\/10\/pdf_icon-2.png?fit=32%2C32&amp;ssl=1\" data-orig-size=\"32,32\" data-comments-opened=\"0\" data-image-meta=\"{&quot;aperture&quot;:&quot;0&quot;,&quot;credit&quot;:&quot;&quot;,&quot;camera&quot;:&quot;&quot;,&quot;caption&quot;:&quot;&quot;,&quot;created_timestamp&quot;:&quot;0&quot;,&quot;copyright&quot;:&quot;&quot;,&quot;focal_length&quot;:&quot;0&quot;,&quot;iso&quot;:&quot;0&quot;,&quot;shutter_speed&quot;:&quot;0&quot;,&quot;title&quot;:&quot;&quot;,&quot;orientation&quot;:&quot;0&quot;}\" data-image-title=\"pdf_icon\" data-image-description=\"\" data-image-caption=\"\" data-large-file=\"https:\/\/i0.wp.com\/www.freidenker.org\/fw17\/wp-content\/uploads\/2017\/10\/pdf_icon-2.png?fit=32%2C32&amp;ssl=1\" class=\"alignnone size-full wp-image-1076\" src=\"https:\/\/i0.wp.com\/www.freidenker.org\/fw17\/wp-content\/uploads\/2017\/10\/pdf_icon-2.png?resize=32%2C32&#038;ssl=1\" alt=\"\" width=\"32\" height=\"32\" \/> die <a href=\"https:\/\/www.freidenker.org\/fw17\/wp-content\/uploads\/2023\/03\/Rede-von-Juergen-Rosen-am-Brandenburger-Tor-am-24.-Februar-2023.pdf\" target=\"_blank\" rel=\"noopener\">Rede von J\u00fcrgen Rose<\/a> als PDF-Dokument ansehen oder herunterladen (ca. 442 KB)<\/p>\n<p><img data-recalc-dims=\"1\" loading=\"lazy\" decoding=\"async\" data-attachment-id=\"1076\" data-permalink=\"https:\/\/www.freidenker.org\/?attachment_id=1076\" data-orig-file=\"https:\/\/i0.wp.com\/www.freidenker.org\/fw17\/wp-content\/uploads\/2017\/10\/pdf_icon-2.png?fit=32%2C32&amp;ssl=1\" data-orig-size=\"32,32\" data-comments-opened=\"0\" data-image-meta=\"{&quot;aperture&quot;:&quot;0&quot;,&quot;credit&quot;:&quot;&quot;,&quot;camera&quot;:&quot;&quot;,&quot;caption&quot;:&quot;&quot;,&quot;created_timestamp&quot;:&quot;0&quot;,&quot;copyright&quot;:&quot;&quot;,&quot;focal_length&quot;:&quot;0&quot;,&quot;iso&quot;:&quot;0&quot;,&quot;shutter_speed&quot;:&quot;0&quot;,&quot;title&quot;:&quot;&quot;,&quot;orientation&quot;:&quot;0&quot;}\" data-image-title=\"pdf_icon\" data-image-description=\"\" data-image-caption=\"\" data-large-file=\"https:\/\/i0.wp.com\/www.freidenker.org\/fw17\/wp-content\/uploads\/2017\/10\/pdf_icon-2.png?fit=32%2C32&amp;ssl=1\" class=\"alignnone size-full wp-image-1076\" src=\"https:\/\/i0.wp.com\/www.freidenker.org\/fw17\/wp-content\/uploads\/2017\/10\/pdf_icon-2.png?resize=32%2C32&#038;ssl=1\" alt=\"\" width=\"32\" height=\"32\" \/> <a href=\"https:\/\/www.freidenker.org\/fw17\/wp-content\/uploads\/2023\/03\/Flyer-Rose-Berlin.pdf\" target=\"_blank\" rel=\"noopener\">Einladung zu einer Veranstaltung mit J\u00fcrgen Rose am Vorabend der Kundgebung<\/a> (PDF-Dokument, ca. 2,1 MB)<\/p>\n<hr \/>\n<p><span style=\"font-size: 10pt;\">Bild oben: J\u00fcrgen Rose w\u00e4hrend seiner Rede auf der Kundgebung am 24.02.2023 am Brandenburger Tor in Berlin<\/span><br \/>\n<span style=\"font-size: 10pt;\">Foto: Friko Berlin<\/span><br \/>\n<span style=\"font-size: 10pt;\">Quelle: <a href=\"https:\/\/www.flickr.com\/photos\/frikoberlin\/52712181696\/in\/album-72177720306280941\/\" target=\"_blank\" rel=\"noopener\">https:\/\/www.flickr.com\/photos\/frikoberlin\/52712181696\/in\/album-72177720306280941\/<\/a><\/span><\/p>\n","protected":false},"excerpt":{"rendered":"<p><b>Rede von J\u00fcrgen Rose<\/b> anl\u00e4sslich der Kundgebung der \u201eFriedenskoordination Berlin \u2013 Netzwerk gegen den Krieg\u201c am Brandenburger Tor am 24. Februar 2023<br \/>\nEs ehrt Sie sehr, dass Sie heute, an jenem Tag, an dem vor einem Jahr das gro\u00dfe Schlachten in der Ukraine seinen Lauf nahm, hier so zahlreich erschienen sind, um ein Zeichen zu setzen f\u00fcr den Frieden auf der Welt und gegen jenes barbarische Gemetzel. Denn es braucht durchaus Mut, um in diesen Zeiten allgegenw\u00e4rtigen und allumfassenden Kriegs- und Sieggetrommels aufzustehen und die Stimme zu erheben gegen das massenhafte Morden auf den Schlachtfeldern im Osten Europas. Heute \u00fcbersteigt die Zahl der willigen Koalition\u00e4re, die sich unter Federf\u00fchrung der USA im Kampf gegen Russland zusammengeschlossen haben, den Umfang der Anti-Hitler-Allianz im Widerstand gegen Nazi-Deutschland.<\/p>\n","protected":false},"author":3,"featured_media":15413,"comment_status":"closed","ping_status":"closed","sticky":false,"template":"","format":"standard","meta":{"colormag_page_container_layout":"default_layout","colormag_page_sidebar_layout":"default_layout","advanced_seo_description":"","jetpack_seo_html_title":"","jetpack_seo_noindex":false,"jetpack_post_was_ever_published":false,"footnotes":""},"categories":[13],"tags":[648,1679,43,56,269,1731,223,422,639,796,185,1732],"class_list":["post-15411","post","type-post","status-publish","format-standard","has-post-thumbnail","hentry","category-frieden-antifaschismus-solidaritaet","tag-2-weltkrieg","tag-angriffskrieg","tag-friedensbewegung","tag-nato","tag-nato-ueberfall-auf-jugoslawien","tag-osze","tag-putin","tag-ruestung","tag-ukraine-konflikt","tag-un-sicherheitsrat","tag-usa","tag-waffenstillstand"],"jetpack_featured_media_url":"https:\/\/i0.wp.com\/www.freidenker.org\/fw17\/wp-content\/uploads\/2023\/03\/rose_52712181696_b0a4d2f500_c_800x450.jpg?fit=800%2C450&ssl=1","jetpack_shortlink":"https:\/\/wp.me\/p9stpK-40z","jetpack-related-posts":[{"id":18316,"url":"https:\/\/www.freidenker.org\/?p=18316","url_meta":{"origin":15411,"position":0},"title":"Kriegstreiber unerw\u00fcnscht!","author":"Webredaktion","date":"23. Februar 2024","format":false,"excerpt":"Rede von J\u00fcrgen Rose anl\u00e4sslich der 60. M\u00fcnchner (Un-)Sicherheitskonferenz am 17. Februar 2024 Sehr geehrte Versammelte, liebe Friedensfreundinnen und Friedensfreunde! Es ehrt Sie sehr, dass Sie heute hier so zahlreich erschienen sind und damit ein Zeichen setzen f\u00fcr den Frieden auf der Welt, obschon es durchaus Elan und Mut braucht,\u2026","rel":"","context":"In &quot;Frieden - Antifaschismus - Solidarit\u00e4t&quot;","block_context":{"text":"Frieden - Antifaschismus - Solidarit\u00e4t","link":"https:\/\/www.freidenker.org\/?cat=13"},"img":{"alt_text":"","src":"https:\/\/i0.wp.com\/www.freidenker.org\/fw17\/wp-content\/uploads\/2024\/02\/Rose_Rede_Siko_2024_800x450.jpg?fit=800%2C450&ssl=1&resize=350%2C200","width":350,"height":200,"srcset":"https:\/\/i0.wp.com\/www.freidenker.org\/fw17\/wp-content\/uploads\/2024\/02\/Rose_Rede_Siko_2024_800x450.jpg?fit=800%2C450&ssl=1&resize=350%2C200 1x, https:\/\/i0.wp.com\/www.freidenker.org\/fw17\/wp-content\/uploads\/2024\/02\/Rose_Rede_Siko_2024_800x450.jpg?fit=800%2C450&ssl=1&resize=525%2C300 1.5x, https:\/\/i0.wp.com\/www.freidenker.org\/fw17\/wp-content\/uploads\/2024\/02\/Rose_Rede_Siko_2024_800x450.jpg?fit=800%2C450&ssl=1&resize=700%2C400 2x"},"classes":[]},{"id":24364,"url":"https:\/\/www.freidenker.org\/?p=24364","url_meta":{"origin":15411,"position":1},"title":"14.02.2026 M\u00fcnchen: Den Frieden gewinnen, nicht den Krieg","author":"Webredaktion","date":"6. Februar 2026","format":false,"excerpt":"Aufruf zur Protestdemo gegen die \"M\u00fcnchner Sicherheitskonferenz\" 2026 Wir protestieren gegen den NATO-Kriegsrat, euphemistisch \u201eSicherheitskonferenz\u201c genannt, der vom 13. bis 15. Februar 2026 in M\u00fcnchen tagt. Am Samstag den 14. Februar tragen wir unseren Protest in M\u00fcnchen auf die Stra\u00dfe. Wer den Frieden will, muss den Kriegsministern laut und deutlich\u2026","rel":"","context":"In &quot;Frieden - Antifaschismus - Solidarit\u00e4t&quot;","block_context":{"text":"Frieden - Antifaschismus - Solidarit\u00e4t","link":"https:\/\/www.freidenker.org\/?cat=13"},"img":{"alt_text":"","src":"https:\/\/i0.wp.com\/www.freidenker.org\/fw17\/wp-content\/uploads\/2026\/02\/Siko_Muenchen_2026_1600x900.jpg?fit=1200%2C674&ssl=1&resize=350%2C200","width":350,"height":200,"srcset":"https:\/\/i0.wp.com\/www.freidenker.org\/fw17\/wp-content\/uploads\/2026\/02\/Siko_Muenchen_2026_1600x900.jpg?fit=1200%2C674&ssl=1&resize=350%2C200 1x, https:\/\/i0.wp.com\/www.freidenker.org\/fw17\/wp-content\/uploads\/2026\/02\/Siko_Muenchen_2026_1600x900.jpg?fit=1200%2C674&ssl=1&resize=525%2C300 1.5x, https:\/\/i0.wp.com\/www.freidenker.org\/fw17\/wp-content\/uploads\/2026\/02\/Siko_Muenchen_2026_1600x900.jpg?fit=1200%2C674&ssl=1&resize=700%2C400 2x, https:\/\/i0.wp.com\/www.freidenker.org\/fw17\/wp-content\/uploads\/2026\/02\/Siko_Muenchen_2026_1600x900.jpg?fit=1200%2C674&ssl=1&resize=1050%2C600 3x"},"classes":[]},{"id":24554,"url":"https:\/\/www.freidenker.org\/?p=24554","url_meta":{"origin":15411,"position":2},"title":"Ukraine-Krieg: Ausbleibender Frieden und Deutschlands Mitverantwortung","author":"Webredaktion","date":"9. M\u00e4rz 2026","format":false,"excerpt":"Kommentar von Tilo Gr\u00e4ser Am 24. Februar j\u00e4hrte sich zum vierten Mal der Einmarsch der russischen Armee mit sch\u00e4tzungsweise 150.000 Mann ins Nachbarland Ukraine. Aus dem jahrelangen Konflikt in und um das Land wurde ein Krieg, bei dem inzwischen beide Seiten mehrere Hunderttausend Soldaten einsetzen sowie viele ihr Leben lie\u00dfen.\u2026","rel":"","context":"In &quot;Frieden - Antifaschismus - Solidarit\u00e4t&quot;","block_context":{"text":"Frieden - Antifaschismus - Solidarit\u00e4t","link":"https:\/\/www.freidenker.org\/?cat=13"},"img":{"alt_text":"","src":"https:\/\/i0.wp.com\/www.freidenker.org\/fw17\/wp-content\/uploads\/2026\/03\/Soldier_of_the_Ukrainian_800x450.jpg?fit=800%2C450&ssl=1&resize=350%2C200","width":350,"height":200,"srcset":"https:\/\/i0.wp.com\/www.freidenker.org\/fw17\/wp-content\/uploads\/2026\/03\/Soldier_of_the_Ukrainian_800x450.jpg?fit=800%2C450&ssl=1&resize=350%2C200 1x, https:\/\/i0.wp.com\/www.freidenker.org\/fw17\/wp-content\/uploads\/2026\/03\/Soldier_of_the_Ukrainian_800x450.jpg?fit=800%2C450&ssl=1&resize=525%2C300 1.5x, https:\/\/i0.wp.com\/www.freidenker.org\/fw17\/wp-content\/uploads\/2026\/03\/Soldier_of_the_Ukrainian_800x450.jpg?fit=800%2C450&ssl=1&resize=700%2C400 2x"},"classes":[]},{"id":23856,"url":"https:\/\/www.freidenker.org\/?p=23856","url_meta":{"origin":15411,"position":3},"title":"Kein Frieden f\u00fcr die Ukraine","author":"Webredaktion","date":"12. Dezember 2025","format":false,"excerpt":"Warum Selenskyj, Merz & Co. nicht vom Krieg lassen k\u00f6nnen Ein Kommentar von Tilo Gr\u00e4ser Manches deutet darauf hin, dass der neue Friedensplan von US-Pr\u00e4sident Donald Trump zum Scheitern verurteilt sein k\u00f6nnte. Die Trump-Administration macht Berichten zufolge Druck auf die ukrainische F\u00fchrung, f\u00fcr den Frieden auf verlorenes Territorium zu verzichten.\u2026","rel":"","context":"In &quot;Frieden - Antifaschismus - Solidarit\u00e4t&quot;","block_context":{"text":"Frieden - Antifaschismus - Solidarit\u00e4t","link":"https:\/\/www.freidenker.org\/?cat=13"},"img":{"alt_text":"","src":"https:\/\/i0.wp.com\/www.freidenker.org\/fw17\/wp-content\/uploads\/2025\/12\/Selenskij_Rutte_Costa_von_der_Leyen_2025-12-08_800x450.jpg?fit=800%2C450&ssl=1&resize=350%2C200","width":350,"height":200,"srcset":"https:\/\/i0.wp.com\/www.freidenker.org\/fw17\/wp-content\/uploads\/2025\/12\/Selenskij_Rutte_Costa_von_der_Leyen_2025-12-08_800x450.jpg?fit=800%2C450&ssl=1&resize=350%2C200 1x, https:\/\/i0.wp.com\/www.freidenker.org\/fw17\/wp-content\/uploads\/2025\/12\/Selenskij_Rutte_Costa_von_der_Leyen_2025-12-08_800x450.jpg?fit=800%2C450&ssl=1&resize=525%2C300 1.5x, https:\/\/i0.wp.com\/www.freidenker.org\/fw17\/wp-content\/uploads\/2025\/12\/Selenskij_Rutte_Costa_von_der_Leyen_2025-12-08_800x450.jpg?fit=800%2C450&ssl=1&resize=700%2C400 2x"},"classes":[]},{"id":18839,"url":"https:\/\/www.freidenker.org\/?p=18839","url_meta":{"origin":15411,"position":4},"title":"Wir wollen Ihren Krieg nicht!","author":"Webredaktion","date":"20. April 2024","format":false,"excerpt":"Verteidigungsrede von Kay Strathus vor dem Amtsgericht in D\u00fcsseldorf Am Mittwoch vergangener Woche stand der Kriegsgegner Kay Strathus in D\u00fcsseldorf vor Gericht. Ihm wurde ein Versto\u00df gegen Paragraf 140 des Strafgesetzbuchs (Billigung von Straftaten) vorgeworfen, weil er auf unterschiedliche v\u00f6lkerrechtliche Betrachtungsweisen auf das russische Handeln im Ukraine-Krieg hingewiesen hatte. Das\u2026","rel":"","context":"In &quot;Demokratie \u2013 Medien \u2013 Aufkl\u00e4rung&quot;","block_context":{"text":"Demokratie \u2013 Medien \u2013 Aufkl\u00e4rung","link":"https:\/\/www.freidenker.org\/?cat=12"},"img":{"alt_text":"","src":"https:\/\/i0.wp.com\/www.freidenker.org\/fw17\/wp-content\/uploads\/2024\/04\/kay_strathus_800x445_v2.jpg?fit=800%2C445&ssl=1&resize=350%2C200","width":350,"height":200,"srcset":"https:\/\/i0.wp.com\/www.freidenker.org\/fw17\/wp-content\/uploads\/2024\/04\/kay_strathus_800x445_v2.jpg?fit=800%2C445&ssl=1&resize=350%2C200 1x, https:\/\/i0.wp.com\/www.freidenker.org\/fw17\/wp-content\/uploads\/2024\/04\/kay_strathus_800x445_v2.jpg?fit=800%2C445&ssl=1&resize=525%2C300 1.5x, https:\/\/i0.wp.com\/www.freidenker.org\/fw17\/wp-content\/uploads\/2024\/04\/kay_strathus_800x445_v2.jpg?fit=800%2C445&ssl=1&resize=700%2C400 2x"},"classes":[]},{"id":14867,"url":"https:\/\/www.freidenker.org\/?p=14867","url_meta":{"origin":15411,"position":5},"title":"Karin Leukefeld: Erlebe Friedensbewegung zersplittert und zerstritten","author":"Webredaktion","date":"23. Dezember 2022","format":false,"excerpt":"Interview von\u00a0Felicitas Rabe mit Karin Leukefeld F: Frau Leukefeld, am zweiten Dezemberwochenende fand in Kassel der 29. Friedensratschlag statt. Wie haben sich Vertreter der deutschen Friedensbewegung zum Krieg in der Ukraine positioniert? ... A: Sehr viele Menschen waren zu dem \"Friedensratschlag\" gekommen, das ist sicherlich ein Erfolg. Auf den Podien\u2026","rel":"","context":"In &quot;Frieden - Antifaschismus - Solidarit\u00e4t&quot;","block_context":{"text":"Frieden - Antifaschismus - Solidarit\u00e4t","link":"https:\/\/www.freidenker.org\/?cat=13"},"img":{"alt_text":"","src":"https:\/\/i0.wp.com\/www.freidenker.org\/fw17\/wp-content\/uploads\/2022\/12\/Bremen_01-2022-09-01-gmv-0021_800x450.jpg?fit=800%2C450&ssl=1&resize=350%2C200","width":350,"height":200,"srcset":"https:\/\/i0.wp.com\/www.freidenker.org\/fw17\/wp-content\/uploads\/2022\/12\/Bremen_01-2022-09-01-gmv-0021_800x450.jpg?fit=800%2C450&ssl=1&resize=350%2C200 1x, https:\/\/i0.wp.com\/www.freidenker.org\/fw17\/wp-content\/uploads\/2022\/12\/Bremen_01-2022-09-01-gmv-0021_800x450.jpg?fit=800%2C450&ssl=1&resize=525%2C300 1.5x, https:\/\/i0.wp.com\/www.freidenker.org\/fw17\/wp-content\/uploads\/2022\/12\/Bremen_01-2022-09-01-gmv-0021_800x450.jpg?fit=800%2C450&ssl=1&resize=700%2C400 2x"},"classes":[]}],"_links":{"self":[{"href":"https:\/\/www.freidenker.org\/index.php?rest_route=\/wp\/v2\/posts\/15411","targetHints":{"allow":["GET"]}}],"collection":[{"href":"https:\/\/www.freidenker.org\/index.php?rest_route=\/wp\/v2\/posts"}],"about":[{"href":"https:\/\/www.freidenker.org\/index.php?rest_route=\/wp\/v2\/types\/post"}],"author":[{"embeddable":true,"href":"https:\/\/www.freidenker.org\/index.php?rest_route=\/wp\/v2\/users\/3"}],"replies":[{"embeddable":true,"href":"https:\/\/www.freidenker.org\/index.php?rest_route=%2Fwp%2Fv2%2Fcomments&post=15411"}],"version-history":[{"count":0,"href":"https:\/\/www.freidenker.org\/index.php?rest_route=\/wp\/v2\/posts\/15411\/revisions"}],"wp:featuredmedia":[{"embeddable":true,"href":"https:\/\/www.freidenker.org\/index.php?rest_route=\/wp\/v2\/media\/15413"}],"wp:attachment":[{"href":"https:\/\/www.freidenker.org\/index.php?rest_route=%2Fwp%2Fv2%2Fmedia&parent=15411"}],"wp:term":[{"taxonomy":"category","embeddable":true,"href":"https:\/\/www.freidenker.org\/index.php?rest_route=%2Fwp%2Fv2%2Fcategories&post=15411"},{"taxonomy":"post_tag","embeddable":true,"href":"https:\/\/www.freidenker.org\/index.php?rest_route=%2Fwp%2Fv2%2Ftags&post=15411"}],"curies":[{"name":"wp","href":"https:\/\/api.w.org\/{rel}","templated":true}]}}