{"id":15352,"date":"2023-02-23T05:12:41","date_gmt":"2023-02-23T04:12:41","guid":{"rendered":"https:\/\/www.freidenker.org\/?p=15352"},"modified":"2023-03-17T00:03:35","modified_gmt":"2023-03-16T23:03:35","slug":"bandera-champion-des-westens","status":"publish","type":"post","link":"https:\/\/www.freidenker.org\/?p=15352","title":{"rendered":"Bandera &#8211; Champion des \u00abWESTENS\u00bb"},"content":{"rendered":"<h5>Kontinuit\u00e4t der deutschen, englischen und amerikanischen W\u00fchlarbeit in der Ukraine<\/h5>\n<p><em>von <strong>Prof. Annie Lacroix-Riz<\/strong><\/em><\/p>\n<p><em>\u00dcbersetzung aus dem Franz\u00f6sischen von <strong>Tobias Baumann<\/strong><\/em><\/p>\n<p><span style=\"font-size: 10pt;\">Im Original erschienen am 21.01.2023 auf <a href=\"https:\/\/www.initiative-communiste.fr\/articles\/europe-capital\/bandera-et-le-nazisme-ukrainien-champions-de-l-occident-par-annie-lacroix-riz-historienne\/\">initiative-communiste.fr\/<\/a><br \/>\n<\/span><span style=\"font-size: 10pt;\">Deutsche Erstver\u00f6ffentlichung auf <a href=\"https:\/\/weltnetz.tv\/story\/2833-bandera-champion-des-westens\" target=\"_blank\" rel=\"noopener\">weltnetz.tv<\/a><\/span><\/p>\n<p>&nbsp;<\/p>\n<p>Der Ukraine-Krieg wurde von Russland nach acht Jahren ukrainisch-westlicher Aggression (2014-2022) gegen die russischsprachigen Menschen in der Ostukraine begonnen. Ihre 14.000 Toten, \u00fcberwiegend Zivilisten, hatten unsere Mainstream-Medien ebenso wenig interessiert wie die Todesf\u00e4lle im Irak, in Serbien, Afghanistan und Syrien, die seit 1991 von den USA angegriffen werden. Die Nordamerikaner streben weltweit nach der Kontrolle \u00fcber \u00d6l, Gas und andere Rohstoffe und zwar unter dem Deckmantel der NATO, die seit ihrer Gr\u00fcndung (1950) einem einzigen US-Kommando untersteht. Die westliche Koalition, die das offizielle russische Ziel der \u00ab Entnazifizierung \u00bb, welche im Februar 2022 angek\u00fcndigt wurde und den \u00ab politischen Prinzipien \u00bb des Protokolls der Potsdamer Konferenz (1. August 1945)[1]\u00a0 entspricht, von Anfang an l\u00e4cherlich gemacht hat, behauptet, im Namen der \u00ab Demokratie \u00bb (neuer Name f\u00fcr die \u00ab Freie Welt \u00bb w\u00e4hrend der Sowjetzeit) gegen Russland zu handeln. Als der Krieg weiterging, entwickelte der \u00ab Westen \u00bb das Konzept der \u00ab Demokratie \u00bb weiter und \u00ab deckte \u00bb die Verehrung des \u00ab verb\u00fcndeten \u00bb ukrainischen Staates f\u00fcr seine Vorkriegs- und Kriegsverbrecher. So erhebt er den ukrainischen Nazi Stepan Bandera (1909-1959) zum Herold der \u00ab ukrainischen Unabh\u00e4ngigkeit \u00bb: Ein kleiner Sch\u00f6nheitsfehler, dass er ihm und der ukrainischen \u00ab Demokratie \u00bb nach dem Maidan die F\u00f6rderung von Nazi-Gruppierungen ebenso verzeiht wie die Kn\u00fcppel, die der Milliard\u00e4r Selenski, ein w\u00fcrdiger Nachfolger des Milliard\u00e4rs Poroschenko, dem ukrainischen Volk verabreicht: Zerst\u00f6rung des Arbeitsgesetzes, von den Arbeitszeiten bis zu den L\u00f6hnen, und Verbot von Oppositionsparteien und -zeitungen, wie von den US-amerikanischen \u00ab Investoren \u00bb gefordert.<\/p>\n<h4>Die Ukrainisch-Amerikanische \u00ab Demokratie \u00bb seit 2004: \u00ab Nationalheld \u00bb und US-Amerikanische \u00d6lmagnaten<\/h4>\n<p><img data-recalc-dims=\"1\" loading=\"lazy\" decoding=\"async\" data-attachment-id=\"15357\" data-permalink=\"https:\/\/www.freidenker.org\/?attachment_id=15357\" data-orig-file=\"https:\/\/i0.wp.com\/www.freidenker.org\/fw17\/wp-content\/uploads\/2023\/02\/Lacroix-Riz_Bild1_bandera_kiev-750x422-1.jpg?fit=750%2C422&amp;ssl=1\" data-orig-size=\"750,422\" data-comments-opened=\"0\" data-image-meta=\"{&quot;aperture&quot;:&quot;0&quot;,&quot;credit&quot;:&quot;&quot;,&quot;camera&quot;:&quot;&quot;,&quot;caption&quot;:&quot;&quot;,&quot;created_timestamp&quot;:&quot;0&quot;,&quot;copyright&quot;:&quot;&quot;,&quot;focal_length&quot;:&quot;0&quot;,&quot;iso&quot;:&quot;0&quot;,&quot;shutter_speed&quot;:&quot;0&quot;,&quot;title&quot;:&quot;&quot;,&quot;orientation&quot;:&quot;0&quot;}\" data-image-title=\"Lacroix-Riz_Bild1_bandera_kiev-750&amp;#215;422\" data-image-description=\"\" data-image-caption=\"\" data-large-file=\"https:\/\/i0.wp.com\/www.freidenker.org\/fw17\/wp-content\/uploads\/2023\/02\/Lacroix-Riz_Bild1_bandera_kiev-750x422-1.jpg?fit=750%2C422&amp;ssl=1\" class=\"alignnone wp-image-15357 size-full\" src=\"https:\/\/i0.wp.com\/www.freidenker.org\/fw17\/wp-content\/uploads\/2023\/02\/Lacroix-Riz_Bild1_bandera_kiev-750x422-1.jpg?resize=750%2C422&#038;ssl=1\" alt=\"\" width=\"750\" height=\"422\" srcset=\"https:\/\/i0.wp.com\/www.freidenker.org\/fw17\/wp-content\/uploads\/2023\/02\/Lacroix-Riz_Bild1_bandera_kiev-750x422-1.jpg?w=750&amp;ssl=1 750w, https:\/\/i0.wp.com\/www.freidenker.org\/fw17\/wp-content\/uploads\/2023\/02\/Lacroix-Riz_Bild1_bandera_kiev-750x422-1.jpg?resize=300%2C169&amp;ssl=1 300w\" sizes=\"auto, (max-width: 750px) 100vw, 750px\" \/><\/p>\n<p>Bandera ist erst seit der amerikanischen \u00ab orangenen Revolution \u00bb von 2004 und vor allem seit dem von Washington gegen eine untragbare, legale, aber prorussische ukrainische Regierung organisierten Maidan-Putsch im Februar 2014 zu einem \u00ab Nationalhelden \u00bb geworden. Die stellvertretende Au\u00dfenministerin f\u00fcr politische Angelegenheiten, Victoria Nuland, eine neokonservative Madonna des <em>National Endowment for Democracy<\/em> (CIA) und zwanghafte Russophobikerin (sowie Sinophobikerin), hat ihren ukrainischen Posten seit 1993 unter demokratischer oder republikanischer F\u00fchrung (au\u00dferhalb der Pr\u00e4sidentschaft Trumps) inne. Sie gestand am 13. Dezember 2013 vor dem <em>National Press Club<\/em> auf einer vom \u00d6lkonzern Chevron[2] finanzierten Konferenz und am 15. Januar 2014 vor dem au\u00dfenpolitischen Ausschuss des Senats, dass die US-Regierung seit dem Zusammenbruch der UdSSR \u00ab f\u00fcnf Milliarden Dollar ausgegeben \u00bb habe, um der \u00ab Demokratie \u00bb in der Ukraine zum Sieg zu verhelfen, und dass Chevron am 5. November zuvor einen Vertrag \u00fcber Investitionen in H\u00f6he von zehn Milliarden Dollar f\u00fcr Bohrungen unterzeichnet habe, welche die \u00ab Abh\u00e4ngigkeit des Landes von Russland \u00bb[3] beenden w\u00fcrden. Frau Nuland, die Kantinenwirtin der Maidan-Putschisten, hat seitdem die ukrainischen Regierungen ausgeheckt und zusammen mit dem Rest des Staatsapparats die intensive Aufr\u00fcstung der Ukraine vorangetrieben, die Washington ab Juli 2021 de facto in die NATO-Operationen integriert hat.<\/p>\n<figure id=\"attachment_15353\" aria-describedby=\"caption-attachment-15353\" style=\"width: 800px\" class=\"wp-caption alignnone\"><img data-recalc-dims=\"1\" loading=\"lazy\" decoding=\"async\" data-attachment-id=\"15353\" data-permalink=\"https:\/\/www.freidenker.org\/?attachment_id=15353\" data-orig-file=\"https:\/\/i0.wp.com\/www.freidenker.org\/fw17\/wp-content\/uploads\/2023\/02\/Lacroix-Riz_Bild2_ArmeeKiev-Zaloujni-collaborateur-nazi_klein.jpg?fit=800%2C600&amp;ssl=1\" data-orig-size=\"800,600\" data-comments-opened=\"0\" data-image-meta=\"{&quot;aperture&quot;:&quot;0&quot;,&quot;credit&quot;:&quot;&quot;,&quot;camera&quot;:&quot;&quot;,&quot;caption&quot;:&quot;&quot;,&quot;created_timestamp&quot;:&quot;0&quot;,&quot;copyright&quot;:&quot;&quot;,&quot;focal_length&quot;:&quot;0&quot;,&quot;iso&quot;:&quot;0&quot;,&quot;shutter_speed&quot;:&quot;0&quot;,&quot;title&quot;:&quot;&quot;,&quot;orientation&quot;:&quot;1&quot;}\" data-image-title=\"Lacroix-Riz_Bild2_ArmeeKiev-Zaloujni-collaborateur-nazi_klein\" data-image-description=\"\" data-image-caption=\"\" data-large-file=\"https:\/\/i0.wp.com\/www.freidenker.org\/fw17\/wp-content\/uploads\/2023\/02\/Lacroix-Riz_Bild2_ArmeeKiev-Zaloujni-collaborateur-nazi_klein.jpg?fit=800%2C600&amp;ssl=1\" class=\"wp-image-15353\" src=\"https:\/\/i0.wp.com\/www.freidenker.org\/fw17\/wp-content\/uploads\/2023\/02\/Lacroix-Riz_Bild2_ArmeeKiev-Zaloujni-collaborateur-nazi_klein.jpg?resize=800%2C600&#038;ssl=1\" alt=\"\" width=\"800\" height=\"600\" srcset=\"https:\/\/i0.wp.com\/www.freidenker.org\/fw17\/wp-content\/uploads\/2023\/02\/Lacroix-Riz_Bild2_ArmeeKiev-Zaloujni-collaborateur-nazi_klein.jpg?w=800&amp;ssl=1 800w, https:\/\/i0.wp.com\/www.freidenker.org\/fw17\/wp-content\/uploads\/2023\/02\/Lacroix-Riz_Bild2_ArmeeKiev-Zaloujni-collaborateur-nazi_klein.jpg?resize=300%2C225&amp;ssl=1 300w, https:\/\/i0.wp.com\/www.freidenker.org\/fw17\/wp-content\/uploads\/2023\/02\/Lacroix-Riz_Bild2_ArmeeKiev-Zaloujni-collaborateur-nazi_klein.jpg?resize=768%2C576&amp;ssl=1 768w\" sizes=\"auto, (max-width: 800px) 100vw, 800px\" \/><figcaption id=\"caption-attachment-15353\" class=\"wp-caption-text\"><span style=\"font-size: 10pt;\">Der Generalstabschef der Kiewer Armee posiert mit Neonazis des &#8222;Rechten Sektors&#8220; in einem Raum voller Portr\u00e4ts und Statuen der ukrainischen Kollaborationsf\u00fchrer des Dritten Reichs.<\/span><\/figcaption><\/figure>\n<figure id=\"attachment_15356\" aria-describedby=\"caption-attachment-15356\" style=\"width: 800px\" class=\"wp-caption alignnone\"><a href=\"https:\/\/i0.wp.com\/www.freidenker.org\/fw17\/wp-content\/uploads\/2023\/02\/Lacroix-Riz_Bild3_monument-nazis-ukraine.jpg?ssl=1\"><img data-recalc-dims=\"1\" loading=\"lazy\" decoding=\"async\" data-attachment-id=\"15356\" data-permalink=\"https:\/\/www.freidenker.org\/?attachment_id=15356\" data-orig-file=\"https:\/\/i0.wp.com\/www.freidenker.org\/fw17\/wp-content\/uploads\/2023\/02\/Lacroix-Riz_Bild3_monument-nazis-ukraine.jpg?fit=1920%2C1080&amp;ssl=1\" data-orig-size=\"1920,1080\" data-comments-opened=\"0\" data-image-meta=\"{&quot;aperture&quot;:&quot;0&quot;,&quot;credit&quot;:&quot;&quot;,&quot;camera&quot;:&quot;&quot;,&quot;caption&quot;:&quot;&quot;,&quot;created_timestamp&quot;:&quot;0&quot;,&quot;copyright&quot;:&quot;&quot;,&quot;focal_length&quot;:&quot;0&quot;,&quot;iso&quot;:&quot;0&quot;,&quot;shutter_speed&quot;:&quot;0&quot;,&quot;title&quot;:&quot;&quot;,&quot;orientation&quot;:&quot;0&quot;}\" data-image-title=\"Lacroix-Riz_Bild3_monument-nazis-ukraine\" data-image-description=\"\" data-image-caption=\"\" data-large-file=\"https:\/\/i0.wp.com\/www.freidenker.org\/fw17\/wp-content\/uploads\/2023\/02\/Lacroix-Riz_Bild3_monument-nazis-ukraine.jpg?fit=800%2C450&amp;ssl=1\" class=\"wp-image-15356\" src=\"https:\/\/i0.wp.com\/www.freidenker.org\/fw17\/wp-content\/uploads\/2023\/02\/Lacroix-Riz_Bild3_monument-nazis-ukraine.jpg?resize=800%2C450&#038;ssl=1\" alt=\"\" width=\"800\" height=\"450\" srcset=\"https:\/\/i0.wp.com\/www.freidenker.org\/fw17\/wp-content\/uploads\/2023\/02\/Lacroix-Riz_Bild3_monument-nazis-ukraine.jpg?resize=300%2C169&amp;ssl=1 300w, https:\/\/i0.wp.com\/www.freidenker.org\/fw17\/wp-content\/uploads\/2023\/02\/Lacroix-Riz_Bild3_monument-nazis-ukraine.jpg?resize=1024%2C576&amp;ssl=1 1024w, https:\/\/i0.wp.com\/www.freidenker.org\/fw17\/wp-content\/uploads\/2023\/02\/Lacroix-Riz_Bild3_monument-nazis-ukraine.jpg?resize=768%2C432&amp;ssl=1 768w, https:\/\/i0.wp.com\/www.freidenker.org\/fw17\/wp-content\/uploads\/2023\/02\/Lacroix-Riz_Bild3_monument-nazis-ukraine.jpg?resize=1536%2C864&amp;ssl=1 1536w, https:\/\/i0.wp.com\/www.freidenker.org\/fw17\/wp-content\/uploads\/2023\/02\/Lacroix-Riz_Bild3_monument-nazis-ukraine.jpg?w=1920&amp;ssl=1 1920w, https:\/\/i0.wp.com\/www.freidenker.org\/fw17\/wp-content\/uploads\/2023\/02\/Lacroix-Riz_Bild3_monument-nazis-ukraine.jpg?w=1600&amp;ssl=1 1600w\" sizes=\"auto, (max-width: 800px) 100vw, 800px\" \/><\/a><figcaption id=\"caption-attachment-15356\" class=\"wp-caption-text\"><span style=\"font-size: 10pt;\">Bestandsaufnahme einiger der Nazi-Denkm\u00e4ler in der Ukraine. Quelle: <a href=\"https:\/\/forward.com\/news\/462916\/nazi-collaborator-monuments-in-ukraine\/\" target=\"blank\" rel=\"noopener\">forward.com<\/a><\/span><\/figcaption><\/figure>\n<p>Die Vertrautheit der USA mit dem ukrainischen Nationalsozialismus im Allgemeinen bestand schon vor dem Zusammenbruch der UdSSR. Ihr Interesse an der ukrainischen Ali-Baba-H\u00f6hle hat, wie das aller Imperialismen, seit der \u00ab \u00d6ffnung \u00bb des zaristischen Russlands, das ihnen seine moderne, konzentrierte Wirtschaft \u2013 vom Bankwesen bis zu den Rohstoffen \u2013 \u00fcberlassen hatte, nie aufgeh\u00f6rt. Da das Deutsche Reich vor allem seit dem Ersten Weltkrieg lange Zeit die Hauptrolle in der Ukraine spielte, begleiteten die amerikanischen Banken in der Zwischenkriegszeit die des Deutschen Reiches. Allerdings spielten sie nur eine untergeordnete Rolle, wie es der deutsche Primat damals diktierte.<\/p>\n<h4>Die deutsche \u00c4ra des ukrainischen Nazismus<\/h4>\n<p>Denn das Deutsche Reich, das 1922 als erste Macht Russland anerkannte, behielt die Oberhand in Sowjetrussland, das von der imperialistischen \u00ab internationalen Gemeinschaft \u00bb als Paria behandelt wurde. Selbst in der Ukraine, die es 1918 (bis zu seiner Niederlage im November) dem von 1918 bis 1920 von vierzehn imperialistischen M\u00e4chten von allen Seiten angegriffenen Russland abgerungen hatte,[4] und das die Bolschewiken seit 1920 zur\u00fcckeroberten. Durch die Anerkennung des Sowjetstaates gewann Berlin seine F\u00e4higkeit zur\u00fcck, Schaden anzurichten, und wurde dabei vom Vatikan \u00ab gedeckt \u00bb: Die Kurie war seit dem Ende des 19. Jahrhunderts und verst\u00e4rkt seit 1914 eine Hilfstruppe des Reiches und beauftragte den katholischen Klerus in Deutschland mit Milit\u00e4rspionage zur Vorbereitung des geplanten neuen Angriffs.[5]<\/p>\n<h5>Die Bandera-Nazis in der Vorkriegszeit<\/h5>\n<p>In diesem Umfeld wuchs Bandera auf, gepr\u00e4gt durch den ostgalizischen (westukrainischen) Uniatismus, der seit 1595-1596 die Kriegswaffe der r\u00f6misch-apostolischen Kirche gegen die Orthodoxie war. Als Sohn eines unierten Priesters wurde er wie seine Altersgenossen unter Andrej Szepticky, dem 1900 ernannten unierten Bischof von Lemberg (polnisch Lwow, russisch Lvov, ukrainisch Lviv), zu fanatischem Hass auf Polen, Russen, Juden und Andersgl\u00e4ubige erzogen. Der russophobe, polonophobe und schockierend antisemitische Szepticky sollte wie alle seine Vorg\u00e4nger die Orthodoxen im Osten bekehren, eine Aufgabe, die mit der germanischen Eroberung verbunden war. Da Pius X. seit 1907 die m\u00e4chtigen Hohenzollern den sterbenden Habsburgern vorzog, begleitete der Bischof bis zu seinem Tod (November 1944) den Drang nach Osten des kaiserlichen, \u00ab republikanischen \u00bb und Hitlerschen Reiches.<\/p>\n<p>Das Deutsche Reich, das vor 1914 den \u00ab ukrainischen Autonomismus \u00bb gegen Russland finanziert hatte, verwandelte die Ukraine w\u00e4hrend des Ersten Weltkriegs in eine milit\u00e4rische Hochburg. Seit 1929 unterhielt Berlin die \u00ab Organisation Nationalistischer Ukrainer \u00bb (OUN), die Stefan Bandera (20), der \u00ab F\u00fchrer der ukrainischen Terrororganisation in Polen \u00bb, zusammen mit seinen treuen Leutnants Mykola Lebed und Jaroslaw Stetsko gegr\u00fcndet hatte. Sie beteiligten sich an der antisowjetischen Kampagne \u00fcber die \u00ab genozidale Hungersnot in der Ukraine \u00bb, welche der kanadische Fotograf und Gewerkschaftsaktivist Douglas Tottle, ein Pionier der Erforschung des ukrainischen Nationalsozialismus, bereits 1987 beschrieben hatte.[6] Diese Kampagne wurde vom Deutschen Reich und dem Vatikan im Sommer 1933 gestartet, d. h. nachdem die ausgezeichnete Ernte im Juli die Hungersnot beendet hatte; von allen ihren Verb\u00fcndeten, einschlie\u00dflich Polen, eifrig weiterverbreitet, mit Lwow als Zentrum, und bereitete ideologisch die Eroberung der Ukraine vor. Berlin und der Vatikan hatten sich in einem der beiden geheimen Artikel des Reichskonkordats vom Juli 1933 verpflichtet, sie gemeinsam durchzuf\u00fchren.[7]<\/p>\n<p>Auch in Polen leisteten die Banderisten gro\u00dfe Dienste, nicht nur gegen die Juden, sondern auch gegen den Staat. Bandera und Lebed ermordeten am 15. Juni 1934, dem Glanzjahr deutscher Attentate auf Staatsoberh\u00e4upter und Minister, den polnischen Innenminister Bronis\u0142aw Pieracki, obwohl er wie seine Chefs Pilsudski und Beck in Ekstase \u00fcber den \u00ab deutschen Freund \u00bb war. Die OUN-Nazis spielten in Ostgalizien, so schrieb Grzegorz Rossolinski-Liebe 2014 in seiner Standard-Dissertation \u00fcber Bandera, die gleiche Rolle wie die kroatischen Ustascha unter Ante Pavelitsch, die slowakischen Nazis der Hlinka-Partei, die rum\u00e4nischen Eisernen Garden und andere osteurop\u00e4ische Nazis: Mit Reichsmark vollgestopft, hatten sie alle \u00ab Faschismus, Antisemitismus, Rassensuprematismus, Kriegskult und eine ganze Reihe von rechtsextremen Werten \u00fcbernommen \u00bb.[8] Um seine deutschen \u00ab Freunde \u00bb nicht zu br\u00fcskieren, wandelte Warschau die (erst) 1936 verh\u00e4ngte Todesstrafe f\u00fcr Bandera und Lebed in lebenslange Haft um. Die deutschen Besatzer lie\u00dfen sie nach der Invasion im September 1939 wieder frei.<\/p>\n<h5>Die Bandera-Nazis im Zweiten Weltkrieg<\/h5>\n<p>Seitdem war die unierte OUN, die in der slowakischen und polnischen Ukraine stark war (in der Sowjetukraine fehlte sie), der Lakai des Deutschen Reiches. Sie wurde 1939\/40 in die OUN-M und OUN-B unter Andrej Melnik bzw. dem Trio Bandera-Lebed-Stetsko unterteilt, die nur durch ihre vordergr\u00fcndige Meinungsverschiedenheit \u00fcber die \u00ab ukrainische Unabh\u00e4ngigkeit \u00bb gespalten waren: Melnik sprach nicht mehr davon, Bandera hielt mit dem Verb \u00ab die Unabh\u00e4ngigkeit \u00bb hoch, die das Reich um keinen Preis wollte.<\/p>\n<p>Die beiden OUN halfen der Sipo-SD (Gestapo) und der Abwehr bei der Vorbereitung der Besetzung Polens und sp\u00e4ter der UdSSR. Ihre Mitglieder bev\u00f6lkerten die \u00ab Polizeiakademien \u00bb im besetzten Polen und steigerten ihre Verheerungen nach Barbarossa: An der Seite der Wehrmacht liquidierten sie sofort 12.000 Juden in Ostgalizien und h\u00f6rten nicht mehr auf. Als Handlanger der Sipo-SD folterten und vernichteten sie unerbittlich mit dem Segen unierter Geistlicher, darunter Szepticky, der die Banderisten in der 14. Legion der Waffen-SS Galizien (1943-1944) und anderswo segnete. In den Einsatzkommandos, Gef\u00e4ngnissen, Konzentrationslagern und anderswo massakrierten beide OUN die \u00ab Feinde der ukrainischen Nation \u00bb: \u00ab illoyale \u00bb Ukrainer, Juden aller Nationalit\u00e4ten, Russen und nichtj\u00fcdische Polen, darunter die 100.000 von Wolhynien, eine Heldentat Banderas, welche die derzeitigen (f\u00e4lschlich) idyllischen Beziehungen zwischen Warschau und Kiew st\u00f6rt. In Polen und der UdSSR spielten diese Meister der \u00ab ethnischen S\u00e4uberung \u00bb bis zur vollst\u00e4ndigen sowjetischen Befreiung der Ukraine (Lemberg, Juli 1944) bei der \u00ab Vernichtung der Juden \u00bb eine \u00e4hnliche Rolle wie die \u00ab Satellitenstaaten [des Reiches] par excellence \u00bb (Kroatien und Slowakei).[9] Der offizielle, sehr nebens\u00e4chliche Konflikt zwischen Berlin und den Banderisten \u00fcber die ukrainische \u00ab Unabh\u00e4ngigkeit \u00bb brachte Bandera und Stetsko 1942 die Inhaftierung im \u00ab Ehrenlager \u00bb in Sachsenhausen (30 km von Berlin entfernt) ein. Der geflohene Lebed f\u00fchrte in ihrem Namen die \u00ab Ukrainische Aufstandsarmee \u00bb (UPA) an: 1942 aus diesen Hilfspolizeien der Wehrmacht und der SS gebildet, liquidierte die UPA gemeinsame Feinde.<\/p>\n<p>Bandera und Stetsko sollen bis September 1944 aus ihrem Hotel-\u00ab Ehrenbunker \u00bb befreit worden sein, wie sie im Nachhinein gegen\u00fcber der CIA erz\u00e4hlten. Im Juli 1944 hatte ein Gro\u00dfteil der Massenm\u00f6rder die Ukraine in deutschen Transportern verlassen. Berlin gr\u00fcndete f\u00fcr seine ukrainischen Nazis den \u00ab Obersten Ukrainischen Befreiungsrat \u00bb (UHVR) und im November 1944 ein \u00ab Ukrainisches Nationalkomitee \u00bb, das mehrheitlich aus Banderisten bestand. Das war ein Beweis f\u00fcr \u00ab nationalen und antinazistischen Widerstand \u00bb! Die sowjetische Eroberung Berlins f\u00fchrte sie nach M\u00fcnchen, dem historischen Zentrum des inneren Nationalsozialismus und der Ausbreitung des Deutschtums in der Zwischenkriegszeit,[10] das im Fr\u00fchjahr 1945 zu einer der Hauptst\u00e4dte der amerikanischen Besatzungszone wurde. Von den \u00ab 250.000 Ukrainern \u00bb, die sich 1947 \u00ab in Deutschland, \u00d6sterreich und Italien \u00bb als angebliche \u00ab Vertriebene \u00bb niedergelassen hatten, \u00ab waren viele nachweislich Mitglieder oder Sympathisanten der OUN \u00bb.[11]<\/p>\n<p>Der Rest der OUN-UPA-Verbrecher war im nunmehr sowjetischen Ostgalizien geblieben, wo sie im Untergrund unter der F\u00fchrung ihrer unierten Kleriker immer noch Massaker ver\u00fcbten: \u00ab In der Westukraine \u00bb t\u00f6teten \u00ab Zehntausende \u00bb von ihnen \u00ab 35.000 sowjetische Armee- und Parteikader zwischen 1945 und 1951 \u00bb,[12] von ihren ausl\u00e4ndischen Freunden gelenkt, nicht mehr nur von den Deutschen, sondern auch von den Amerikanern.<\/p>\n<h5>Von der Post-Stalingrad-Legende vom Kampf f\u00fcr die nationale Unabh\u00e4ngigkeit zu den Artikeln in <em>Le Monde<\/em> vom Januar 2023<\/h5>\n<p>Als sich nach Stalingrad die Niederlage des Deutschen Reiches abzeichnete, begann die OUN-UPA, sich eine \u00ab Widerstands \u00bb-Geschichte zu erfinden: Diese Legende ist der Schl\u00fcssel zur heutigen russophoben Propaganda und wurde im gesamten \u00ab Westen \u00bb verbreitet, als die Bandera-Clique offiziell zum \u00ab Verb\u00fcndeten \u00bb gegen die UdSSR wurde. So entwickelte sich der Mythos vom \u00ab Widerstand der ukrainischen Nationalisten \u00bb, der ebenso antinazistisch wie antibolschewistisch war, und der nun von der gro\u00dfen \u00ab westlichen \u00bb Presse gepflegt wird. <em>Le Monde <\/em>widmete Bandera am 7. und 8. Januar zwei Artikel, die sich mit diesem naiven Helden der ukrainischen Unabh\u00e4ngigkeit befassten. Der erste, \u00ab <em>Stepan Bandera, l\u2019antih\u00e9ros ukrainien glorifi\u00e9 apr\u00e8s l\u2019agression russe<\/em> \u00bb (\u201eStepan Bandera, der ukrainische Antiheld, der nach der russischen Aggression verherrlicht wurde\u201c), trieb die Nachsicht so weit, dass es, vielleicht aufgrund der zahlreichen Reaktionen, einen zweiten Artikel gab. Der Titel war ansprechender: \u00ab Krieg in der Ukraine: Der Mythos Bandera und die Realit\u00e4t eines Nazi-Kollaborateurs \u00bb. \u00a0 Bandera \u00ab k\u00e4mpfte mit allen Mitteln, um die Ukraine von den aufeinanderfolgenden Jochs Polens und der Sowjetunion zu befreien \u00bb. Er arbeitete mit \u00ab Nazi-Deutschland \u00bb nur f\u00fcr dieses edle Ziel zusammen, das ihn in Hitler \u00ab einen m\u00f6glichen Verb\u00fcndeten sehen lie\u00df, um die ukrainische nationale Revolution gegen den sowjetischen Unterdr\u00fccker zu starten, der neben anderen Gr\u00e4ueltaten die gro\u00dfe Hungersnot von 1932-1933, den Holodomor, inszeniert hatte, bei der 3 bis 5 Millionen Ukrainer dezimiert wurden. \u00bb Bandera hatte also viele Ausreden.<\/p>\n<p>Die beiden Artikel, die mit gro\u00dfen L\u00fcgen und Auslassungsl\u00fcgen gespickt sind, machen aus Bandera \u00ab ein Symbol des Widerstands und der nationalen Einheit \u00bb, einen komplexen und \u00ab umstrittenen \u00bb Helden. Diese Bezeichnung emp\u00f6rte Arno Klarsfeld, den nun die \u00ab westliche \u00bb Glorifizierung der ukrainischen Nazis alarmiert: \u00ab <em>Le Monde<\/em> wird zu einer voreingenommenen und verlogenen Zeitung: Bandera ist keine `umstrittene\u00b4 Figur, er hat aktiv am Holocaust teilgenommen. Wie w\u00fcrde <em>Le Monde<\/em> G\u00f6ring bezeichnen? Auch er ist `umstritten\u00b4 \u2026 eine Schande f\u00fcr eine seri\u00f6se Zeitung!!! das ist wirklich besch\u00e4mend. \u00bb Am 15. M\u00e4rz 2014 gab die Zeitung noch zu, dass der Maidan-Putsch die Nazis an die Spitze der Ukraine gebracht habe. Allerdings mit ihrer Russophobie, die sie vom Vorg\u00e4ngerorgan des <em>Comit\u00e9 des Forges<\/em>, <em>Le Temps<\/em>, geerbt hatte: \u00ab Die ukrainische extreme Rechte, ein unverhofftes Ziel f\u00fcr Moskau. Die Sichtbarkeit der ultraminorit\u00e4ren Neonazi-Gruppierungen auf dem Maidan n\u00e4hrt die russische Propaganda gegen die neue Macht in Kiew \u00bb. Begr\u00fcndet oder nicht? Die Geschichtswissenschaft hatte bereits 1987 mit Tottle \u00fcber die \u00ab genozidale Hungersnot \u00bb, die Massaker und die Betr\u00fcgereien der OUN-OPA \u00fcber ihre Aktivit\u00e4ten von 1929 bis 1945 Fortschritte gemacht.[13] Rossolinski-Liebe \u2011 dessen pers\u00f6nliche Sicherheit nach der \u00ab orangenen Revolution \u00bb in der Ukraine bedroht und dessen Vortr\u00e4ge verboten wurden \u2013 hat das Bild \u00fcber den absoluten Verbrecher Bandera vervollst\u00e4ndigt. Der Artikel in <em>Le Monde<\/em> vom 8. Januar erw\u00e4hnt seine These, ohne ein Wort \u00fcber ihren Inhalt zu verlieren, und das aus gutem Grund.<\/p>\n<h4>Die amerikanische Vormundschaft \u00fcber die ukrainische Frage seit 1944\/45<\/h4>\n<p>Die ukrainisch-nazistischen Helden der \u00ab nationalen Unabh\u00e4ngigkeit \u00bb hatten einen gro\u00dfen Anteil an den langen Vorbereitungen f\u00fcr die gegenw\u00e4rtige amerikanische \u00c4ra der Ukraine. Die USA schlossen Russland im Allgemeinen und die Ukraine im Besonderen in ihr Ziel der Welteroberung ein, mussten sich hier aber in der deutschen \u00ab Europa \u00bb-\u00c4ra mit einer untergeordneten Rolle begn\u00fcgen.[14] Das amerikanische Finanzkapital hatte sich seit 1919 mit dem deutschen Kapital in Osteuropa verb\u00fcndet. Seine gro\u00dfe Presse, darunter Hearst als Sprachrohr der deutsch-amerikanischen Kreise, beteiligte sich ab 1935 an der Kampagne \u00fcber die \u00ab genozidale Hungersnot in der Ukraine \u00bb \u2013 f\u00fcnfzig Jahre vor dem Reaganschen Get\u00f6se \u00fcber den \u00ab Holodomor \u00bb (so sein neuer Name).[15] Das Ende des Zweiten Weltkriegs l\u00e4utete die Stunde, wenn nicht der Abl\u00f6sung des Reichs, so doch der Zusammenarbeit mit den Erben des Reichs, die unter anderem die Eroberung der Ukraine zum Ziel hatte.<\/p>\n<p>Die amerikanische Strategie, ganz Europa zu erobern, offenbarte sich zwischen dem von Anfang an verhassten territorialen Kompromiss von Jalta im Februar 1945 und der endg\u00fcltigen Entscheidung 1947\/48, nicht nur die sowjetische Einflusszone, sondern auch den sowjetischen Staat mit ihr zu liquidieren. Mit dieser Aufgabe wurden Frank Wisner und George Kennan betraut. Wisner, ein Wirtschaftsanwalt von der Wall Street, war 1944 von dem Wirtschaftsanwalt Allen Dulles, seit November 1942 Chef des OSS-Europa in Bern, nach Rum\u00e4nien geschickt worden: Man sollte diesem Land, das Meister antisemitischer Massaker war, eine sowjetische Zukunft ersparen, indem man mit den Eliten, die in diese Massaker verwickelt waren, verhandelte.[16] Kennan, ein Diplomat, hatte seine Karriere seit 1931 in Riga (Lettland) und dann in verschiedenen Positionen damit verbracht, die UdSSR zu bek\u00e4mpfen.[17] Das <em>State Department<\/em> beauftragte daher dieses Tandem im Rahmen der im Juli 1947 gegr\u00fcndeten CIA (offizieller Nachfolger des OSS) mit der Umsetzung der Direktive 10\/2 des <em>National Security Council<\/em> vom 18. Juni 1948, die die allgemeine Liquidierung des europ\u00e4ischen Sozialismus vorschrieb.[18] Als Star des Kalten Krieges warnte der seit seiner Pensionierung vern\u00fcnftige Kennan Washington vergeblich davor, mit der NATO nach 1991 gen Osten gegen Russland zu expandieren.[19]<\/p>\n<p>Die Ukraine nahm in dieser Linie eine zentrale Rolle ein, und Washington st\u00fctzte sich auf die Erfahrung, dass (West-)Deutschland nach einer Niederlage wieder zum Verb\u00fcndeten wurde (wie nach dem Ersten Weltkrieg). Der Historiker Christopher Simpson beschrieb bereits 1988 die unglaubliche Rettung und Wiederverwertung europ\u00e4ischer Kriegsverbrecher durch das OSS und seine Nachfolger (\u00ab Strategic Services Unit \u00bb und sp\u00e4ter CIA), allen voran Deutsche und Ukrainer. Harry Rositzke, seit 1945 in M\u00fcnchen Leiter der \u00ab geheimen Operationen innerhalb der UdSSR \u00bb der ukrainischen Nazis \u2013 und ein loyaler Agent, der keine Namen nannte \u2013 gab 1985 zu: \u00ab Wir wussten genau, was wir taten. Die Grundlage des Jobs war es, jeden Abschaum zu benutzen, solange er antikommunistisch war \u00bb.[20] Die amerikanischen Historiker Breitman und Goda, Spezialisten f\u00fcr den \u00ab Holocaust \u00bb und regul\u00e4re Mitarbeiter des US-Au\u00dfenministeriums, haben das Dossier 2010 vervollst\u00e4ndigt.<\/p>\n<p>Washington brauchte den Vatikan dringend, der als Massenretter von Kriegsverbrechern \u00fcber den europ\u00e4ischen Klerus seine Zusammenarbeit mit den Erben des Deutschen Reichs fortsetzte, sie aber an seine Ausrichtung auf die Vereinigten Staaten als Herrscher \u00fcber \u00ab Westeuropa \u00bb und gro\u00dfe Geldgeber (f\u00fcr inl\u00e4ndische, italienische und internationale Zwecke) anpasste. Die Kurie verwaltete weiterhin ihren unierten Pool in Lemberg \u00fcber Pr\u00e4laten und Untergrundpriester. Nachfolger des im November 1944 verstorbenen Szepticky war der Chef-Banderist Ivan Bucko, ein ehemaliger \u00ab Weihbischof von Lemberg \u00bb (seit 1929), der an den Vorbereitungen f\u00fcr Barbarossa und der gescheiterten \u00ab Rechristianisierung \u00bb der Russen beteiligt war. Washington lie\u00df diesen \u00ab vatikanischen Experten f\u00fcr ukrainische Fragen mit radikal antirussischen Ansichten \u00bb im Sommer 1945 als \u00ab Apostolischen Visitator der Ruthenen der Ukrainischen Armee \u00bb (OUN-UPA) zu, der bis 1971 in Rom das Oberhaupt der \u00ab Ukrainer in Westeuropa \u00bb war.[21]<\/p>\n<p>Bereits im Juli 1944, kurz bevor die Rote Armee in Lemberg einmarschierte, hatten die Massenm\u00f6rder des \u00ab Obersten Ukrainischen Befreiungsrats \u00bb (UHVR), Pr\u00e4laten eingeschlossen, unter r\u00f6mischen Fittichen \u00ab mit den westlichen Regierungen \u00bb verhandelt. Die britischen und amerikanischen Rivalen-Alliierten arbeiteten mit den Gruppen zusammen, die einerseits von Bandera-Stetsko (80% des ukrainischen Personals in den \u00ab Lagern f\u00fcr Vertriebene in Australien, Kanada, Gro\u00dfbritannien, den USA und anderen westlichen L\u00e4ndern Ende der 1940er Jahre \u00bb) und andererseits von Lebed und dem unierten Pr\u00e4laten Ivan Hrinioch, der Verbindungsmann zum Vatikan war, angef\u00fchrt wurden.[22]<\/p>\n<p>Die Amerikaner hatten bereits im Mai 1945 den Nazi-General (Mitglied der NSDAP) der Wehrmacht Reinhard Gehlen in der N\u00e4he von M\u00fcnchen als Chefspion \u00fcbernommen und eingesetzt: Gehlen, Chef des \u00ab deutschen milit\u00e4rischen Nachrichtendienstes an der Ostfront \u00bb in der besetzten UdSSR (Fremde Heere Ost, FHO), war f\u00fcr die \u00ab Verh\u00f6re \u00bb zust\u00e4ndig und hatte die sowjetischen Kollaborateure in allen besetzten Gebieten, einschlie\u00dflich der Ukraine, geleitet und seit 1942 die Wlassow-Armee aufgebaut. Diese Soldaten der Roten Armee, die sich der Wehrmacht angeschlossen hatten, um nicht zugrunde zu gehen, bildeten kriminelle Banden, die in der UdSSR und 1943\/44 sogar gegen die franz\u00f6sischen Widerstandsk\u00e4mpfer vorgingen ebenso wie die unierten Nazis.[23] Gehlen, ein gro\u00dfer Kriegsverbrecher, erhielt 1945 immense Verantwortung: Geheimdienst- und subversive Aggressionsspionage gegen die UdSSR, aber auch antikommunistische Aktionen in der amerikanischen Zone. Adenauer, der ihn ebenso sch\u00e4tzte, \u00fcbertrug ihm bei der Gr\u00fcndung der Bundesrepublik Deutschland im Herbst 1949 seinen Geheimdienst: Der gro\u00dfe Nazi Gehlen leitete also den Bundesnachrichtendienst (BND) bis zu seiner Pensionierung 1968.[24] Angesichts der deutschen Erfahrung, die er seit den 1930er Jahren gesammelt hatte, war sein Beitrag in der Ukraine entscheidend. Da Gehlen ausschlie\u00dflich von ehemaligen Nazis umgeben war, darunter seine ehemaligen Stellvertreter in der besetzten UdSSR, setzte er die deutsch-ukrainische Zusammenarbeit ohne Bruch fort.<\/p>\n<figure id=\"attachment_15355\" aria-describedby=\"caption-attachment-15355\" style=\"width: 720px\" class=\"wp-caption alignnone\"><img data-recalc-dims=\"1\" loading=\"lazy\" decoding=\"async\" data-attachment-id=\"15355\" data-permalink=\"https:\/\/www.freidenker.org\/?attachment_id=15355\" data-orig-file=\"https:\/\/i0.wp.com\/www.freidenker.org\/fw17\/wp-content\/uploads\/2023\/02\/Lacroix-Riz_Bild4_Annie-lacroix-riz-livres.jpg?fit=720%2C315&amp;ssl=1\" data-orig-size=\"720,315\" data-comments-opened=\"0\" data-image-meta=\"{&quot;aperture&quot;:&quot;0&quot;,&quot;credit&quot;:&quot;&quot;,&quot;camera&quot;:&quot;&quot;,&quot;caption&quot;:&quot;&quot;,&quot;created_timestamp&quot;:&quot;0&quot;,&quot;copyright&quot;:&quot;&quot;,&quot;focal_length&quot;:&quot;0&quot;,&quot;iso&quot;:&quot;0&quot;,&quot;shutter_speed&quot;:&quot;0&quot;,&quot;title&quot;:&quot;&quot;,&quot;orientation&quot;:&quot;0&quot;}\" data-image-title=\"Lacroix-Riz_Bild4_Annie-lacroix-riz-livres\" data-image-description=\"\" data-image-caption=\"\" data-large-file=\"https:\/\/i0.wp.com\/www.freidenker.org\/fw17\/wp-content\/uploads\/2023\/02\/Lacroix-Riz_Bild4_Annie-lacroix-riz-livres.jpg?fit=720%2C315&amp;ssl=1\" class=\"wp-image-15355 size-full\" src=\"https:\/\/i0.wp.com\/www.freidenker.org\/fw17\/wp-content\/uploads\/2023\/02\/Lacroix-Riz_Bild4_Annie-lacroix-riz-livres.jpg?resize=720%2C315&#038;ssl=1\" alt=\"\" width=\"720\" height=\"315\" srcset=\"https:\/\/i0.wp.com\/www.freidenker.org\/fw17\/wp-content\/uploads\/2023\/02\/Lacroix-Riz_Bild4_Annie-lacroix-riz-livres.jpg?w=720&amp;ssl=1 720w, https:\/\/i0.wp.com\/www.freidenker.org\/fw17\/wp-content\/uploads\/2023\/02\/Lacroix-Riz_Bild4_Annie-lacroix-riz-livres.jpg?resize=300%2C131&amp;ssl=1 300w\" sizes=\"auto, (max-width: 720px) 100vw, 720px\" \/><figcaption id=\"caption-attachment-15355\" class=\"wp-caption-text\"><span style=\"font-size: 10pt;\">Collage unter Verwendung von Buchtiteln von Annie Lacroix-Riz<\/span><\/figcaption><\/figure>\n<p>London und Washington arbeiteten zusammen und wetteiferten im Einsatz von Bandera und seinen Schergen. Washington war diskreter, lie\u00df aber zu, dass sich die Banderisten (in der Mehrheit) und andere Mitglieder der OUN in M\u00fcnchen und Umgebung neu formierten. Die alliierten Rivalen weigerten sich unter allen Vorw\u00e4nden, Bandera und andere \u00ab gefl\u00fcchtete \u00bb ukrainische Kriegsverbrecher an die UdSSR auszuliefern, die seit Anfang 1946 nach ihnen verlangte, um sie vor Gericht zu stellen. Die Amerikaner halfen Bandera, sich ab August 1945 in M\u00fcnchen niederzulassen, f\u00e4lschten f\u00fcr ihn Ausweise (auf den Namen Stefan Popel) und andere gef\u00e4lschte Dokumente, darunter eines \u00fcber \u00ab Interniert in Nazi-Konzentrationslagern vom 15. September 1941 bis 6. Mai 1945 [und] befreit aus dem Konzentrationslager Mauthausen \u00bb, eine der Legenden der heutigen \u00ab westlichen \u00bb Presse. Sie brachten ihn unter und verschafften ihm zahlreiche Verg\u00fcnstigungen, darunter eine Reihe von Journalistenausweisen, auch f\u00fcr eine \u00ab franz\u00f6sische \u00bb Zeitung.<\/p>\n<figure id=\"attachment_15359\" aria-describedby=\"caption-attachment-15359\" style=\"width: 800px\" class=\"wp-caption alignnone\"><img data-recalc-dims=\"1\" loading=\"lazy\" decoding=\"async\" data-attachment-id=\"15359\" data-permalink=\"https:\/\/www.freidenker.org\/?attachment_id=15359\" data-orig-file=\"https:\/\/i0.wp.com\/www.freidenker.org\/fw17\/wp-content\/uploads\/2023\/02\/Lacroix-Riz_Bild5_Bush-Stetsko-OUN_cut.jpg?fit=800%2C475&amp;ssl=1\" data-orig-size=\"800,475\" data-comments-opened=\"0\" data-image-meta=\"{&quot;aperture&quot;:&quot;0&quot;,&quot;credit&quot;:&quot;&quot;,&quot;camera&quot;:&quot;&quot;,&quot;caption&quot;:&quot;&quot;,&quot;created_timestamp&quot;:&quot;0&quot;,&quot;copyright&quot;:&quot;&quot;,&quot;focal_length&quot;:&quot;0&quot;,&quot;iso&quot;:&quot;0&quot;,&quot;shutter_speed&quot;:&quot;0&quot;,&quot;title&quot;:&quot;&quot;,&quot;orientation&quot;:&quot;1&quot;}\" data-image-title=\"Lacroix-Riz_Bild5_Bush-Stetsko-OUN_cut\" data-image-description=\"\" data-image-caption=\"\" data-large-file=\"https:\/\/i0.wp.com\/www.freidenker.org\/fw17\/wp-content\/uploads\/2023\/02\/Lacroix-Riz_Bild5_Bush-Stetsko-OUN_cut.jpg?fit=800%2C475&amp;ssl=1\" class=\"wp-image-15359 size-full\" src=\"https:\/\/i0.wp.com\/www.freidenker.org\/fw17\/wp-content\/uploads\/2023\/02\/Lacroix-Riz_Bild5_Bush-Stetsko-OUN_cut.jpg?resize=800%2C475&#038;ssl=1\" alt=\"\" width=\"800\" height=\"475\" srcset=\"https:\/\/i0.wp.com\/www.freidenker.org\/fw17\/wp-content\/uploads\/2023\/02\/Lacroix-Riz_Bild5_Bush-Stetsko-OUN_cut.jpg?w=800&amp;ssl=1 800w, https:\/\/i0.wp.com\/www.freidenker.org\/fw17\/wp-content\/uploads\/2023\/02\/Lacroix-Riz_Bild5_Bush-Stetsko-OUN_cut.jpg?resize=300%2C178&amp;ssl=1 300w, https:\/\/i0.wp.com\/www.freidenker.org\/fw17\/wp-content\/uploads\/2023\/02\/Lacroix-Riz_Bild5_Bush-Stetsko-OUN_cut.jpg?resize=768%2C456&amp;ssl=1 768w\" sizes=\"auto, (max-width: 800px) 100vw, 800px\" \/><figcaption id=\"caption-attachment-15359\" class=\"wp-caption-text\"><span style=\"font-size: 10pt;\">Jaroslav Stetsko trifft George H. W. Bush. Das Bild wurde dem Artikel \u201eDie Bandera-Miliz und Lviv- Progrome von 1941\u201c der russischen Internetseite Live Journal entnommen<\/span><\/figcaption><\/figure>\n<p>Die CIA beauftragte Gehlen und seinen BND mit der \u00ab Bearbeitung \u00bb des kompromittierenden Bandera im Dienste der milit\u00e4rischen \u00ab Operationen \u00bb in der Ukraine \u2013 welche immer noch als geheim klassifiziert sind. Bandera berichtete direkt an Heinz Danko Herre, Gehlens ehemaligen Stellvertreter in der Fremde Heere Ost, der unter anderem in der Wlassow-Armee eingesetzt war und als \u00ab Gehlens Hauptberater \u00bb beim BND Bandera verehrte: \u00ab Wir kennen ihn seit etwa 20 Jahren, und er hat in und au\u00dferhalb Deutschlands mehr als eine halbe Million Anh\u00e4nger. \u00bb Washington verschleppte Banderas seit 1955 gestellten Antrag auf ein Visum f\u00fcr die USA, aber der BND wollte seinen geliebten Bandera direkt mit den ukrainischen Nazis in Amerika in Kontakt bringen, die seit Ende der 1940er Jahre zu Zehntausenden eingewandert waren: Die Komplizenschaft zwischen der CIA und dem US-Justizministerium erm\u00f6glichte es, gegen das Gesetz zu versto\u00dfen, das Nazis die Einwanderung untersagte. \u00ab Die CIA-Beamten in M\u00fcnchen \u00bb stimmten schlie\u00dflich der Erteilung des Visums im Jahr 1959\u2033 zu, aber Bandera konnte nicht in die USA gelangen: Ein KGB-Agent richtete ihn am 15. Oktober 1959 in M\u00fcnchen hin, da die Sowjets beschlossen hatten, dass sie sich die Wiederbelebung der Allianz zwischen der deutschen Spionage und den ukrainischen Fanatikern nicht leisten konnten \u00bb (Breitman und Goda). Aus diesem Grund weitete der heutige \u00ab Nationalheld \u00bb der \u00ab unabh\u00e4ngigen \u00bb Ukraine seine Aktivit\u00e4ten nicht \u00fcber den Atlantik aus.<\/p>\n<p>Washington setzte seine Arbeit in der Ukraine und Umgebung, insbesondere in der Tschechoslowakei, in Zusammenarbeit mit dem BND fort, wobei \u00ab die CIA Geld, Vorr\u00e4te, Ausbildung, Funkverbindungen und Fallschirmabw\u00fcrfe f\u00fcr die ausgebildeten Agenten \u00bb der UPA bereitstellte. In den Vereinigten Staaten selbst bef\u00f6rderte die CIA andere banderistische Verb\u00fcndete zu Vorboten der ukrainischen \u00ab Demokratie \u00bb, wie Mykola Lebed, ein \u00ab notorischer Sadist und Kollaborateur der Deutschen \u00bb, der Anfang 1945 mit Allen Dulles in Bern Kontakt aufgenommen hatte: Sie lie\u00df diesen \u00ab Anf\u00fchrer, der f\u00fcr `Massenmorde an Ukrainern, Polen und Juden\u00b4 verantwortlich war \u00bb und von osteurop\u00e4ischen Einwanderern denunziert worden war, einwandern, siedelte ihn als \u00ab st\u00e4ndigen Residenten \u00bb in New York an und lie\u00df diesen Anf\u00fchrer der \u00ab ukrainisch-nationalen \u00bb Propaganda in den USA einb\u00fcrgern. Seit 1955 wurden \u00ab Flugbl\u00e4tter aus Flugzeugen \u00fcber der Ukraine abgeworfen und Radiosendungen mit dem Titel <em>Nova Ukraina<\/em> aus Athen f\u00fcr ukrainischen Konsum gesendet \u00bb. Alle NATO-L\u00e4nder wurden zu diesem Zweck mobilisiert.<\/p>\n<p>Als das ungarische Fiasko vom November 1956 die Milit\u00e4raktionen in Osteuropa gestoppt hatte (und den obsessiven Wisner in den Wahnsinn trieb)[25], bl\u00fchte eine sogenannte \u00ab gemeinn\u00fctzige Organisation \u00bb (die wie alles andere von der CIA finanziert wurde) namens Prolog auf, welche die Ukraine mit antisowjetischer Propaganda \u00fcberschwemmen sollte. Hrinioch, Lebeds Stellvertreter, leitete den M\u00fcnchner Ableger der Organisation, die \u00ab Ukrainische Gesellschaft f\u00fcr Auslandsstudien \u00bb. Im Jahr \u00ab 1957 sendete Prolog 1.200 Radioprogramme mit 70 Stunden pro Monat und verteilte 200.000 Zeitungen und 5.000 Flugbl\u00e4tter. \u00bb Sie organisierte den Vertrieb von \u00ab B\u00fcchern ukrainischer nationalistischer Schriftsteller und Dichter \u00bb auch in der Sowjetukraine \u00ab bis zum Ende des Kalten Krieges \u00bb. Sie \u00ab finanzierte die Reise ukrainischer Studenten und Akademiker zu Hochschulkonferenzen, internationalen Jugendfestivals \u00bb und anderen Veranstaltungen: Nach ihrer R\u00fcckkehr erstatteten die Gef\u00f6rderten der CIA Bericht. Prolog war die einzige \u00ab Verbindungsorganisation f\u00fcr die Operationen der CIA in Richtung der Ukrainischen Sowjetrepublik und ihrer 40 Millionen ukrainischen B\u00fcrger \u00bb.<\/p>\n<p>In den 1960er Jahren bekehrten sich die amerikanischen Banderisten, darunter Lebed, \u00f6ffentlich zum Philosemitismus und prangerten systematisch \u00ab die Sowjets wegen ihres Antisemitismus \u00bb an, ein Thema, das heutzutage sehr beliebt ist. Der polnisch-amerikanische katholische Aristokrat Zbigniew Brzezinski, seit den 1950er Jahren eine tragende S\u00e4ule der permanenten Subversion der UdSSR und der Spaltung der Ukraine und Russlands,[26] bef\u00fcrwortete 1977 als Nationaler Sicherheitsberater von Jimmy Carter die Ausweitung dieses gro\u00dfartigen Programms. In den 1980er Jahren, zwischen Carter und Ronald Reagan, diversifizierte Prolog in Richtung \u00ab andere sowjetische Nationalit\u00e4ten, zu denen auch j\u00fcdische sowjetische Dissidenten geh\u00f6rten \u2013 h\u00f6chste Ironie \u00bb, so Breitman und Goda. Geniale Taktik, nach Jahrzehnten der Feindseligkeit oder Gleichg\u00fcltigkeit gegen\u00fcber europ\u00e4ischen Juden,[27] da die \u00ab westliche \u00bb Propaganda die einst als j\u00fcdisch-bolschewistisch verhasste UdSSR in ein Symbol des Antisemitismus verwandelte.<\/p>\n<p>Die US-amerikanisch-deutsch-ukrainisch-nazistischen Operationen gegen die UdSSR und Osteuropa, die zun\u00e4chst \u00ab Kartell \u00bb, dann \u00ab Aerodynamic \u00bb und in den 1980er Jahren \u00ab Qrdynamic \u00bb, \u00ab Pddynamic \u00bb und \u00ab Qrplumb \u00bb genannt wurden,[28] hatten nie aufgeh\u00f6rt. Die Studie von Breitman und Goda endet 1990, \u00ab an der Schwelle zum Zusammenbruch \u00bb der UdSSR: In der Ukraine war alles bereit f\u00fcr die n\u00e4chste Phase, die von Frau Nuland und ihren Leuten geleitet wurde.<\/p>\n<p><strong>Quellen<\/strong><\/p>\n<p>[1] <em>La Documentation, <\/em>frz., n\u00b0 664, 10.07.1947, online.<\/p>\n<p>[2]<a href=\"https:\/\/www.youtube.com\/watch?v=rPVs5VuI8XI\"> https:\/\/www.youtube.com\/watch?v=rPVs5VuI8XI(link is external)<\/a><\/p>\n<p>[3]<a href=\"https:\/\/www.govinfo.gov\/content\/pkg\/CHRG-113shrg91859\/html\/CHRG-113shrg91859.htm\"> https:\/\/www.govinfo.gov\/content\/pkg\/CHRG-113shrg91859\/html\/CHRG-113shrg91859.htm(link is external)<\/a><\/p>\n<p>[4] Ausgenommen China; in Russland fielen\u00a0 damals\u00ab demokratische \u00bb Staaten ein der bekannten russophoben Koalition der NATO von 2022, daruter die Vereinigten Staaten, das fr\u00fchere britische Weltreich (Kanada und Australien inbegriffen), Frankreich, Japan, Polen, Italien (vollst\u00e4ndige Liste:<a href=\"https:\/\/fr.wikipedia.org\/wiki\/Intervention_alli%C3%A9e_pendant_la_guerre_civile_russe\"> https:\/\/fr.wikipedia.org\/wiki\/Intervention_alli%C3%A9e_pendant_la_guerre_civile_russe(link is external)<\/a> )<\/p>\n<p>[5] Lacroix-Riz, <em>Le Vatican, l\u2019Europe et le Reich de la Premi\u00e8re Guerre mondiale \u00e0 la Guerre froide (1914-1955)<\/em>, Paris, Armand Colin, 2010, Kapitel 6 und <em>passim<\/em>.<\/p>\n<p>[6] <em>\u00a0<\/em>Tottle, <em>Fraud, Famine and Fascism<\/em>, <em>The Ukrainian Genocide Myth from Hitler to Harvard<\/em>, Toronto, Progress Book, 1987, online, Kapitel 1-2.<\/p>\n<p>[7] <em>Le Vatican, l\u2019Europe et le Reich, <\/em>Kapitel 7, S. 332-333 ; und<a href=\"https:\/\/www.historiographie.info\/ukr33maj2008.pdf\"> https:\/\/www.historiographie.info\/ukr33maj2008.pdf(link is external)<\/a><\/p>\n<p>[8] <em>Stepan Bandera, The Life and Afterlife of a Ukrainian Nationalist<\/em>.<em>Fascism, Genocide and Cult<\/em>, Stuttgart, ibidem Press, 2014.<\/p>\n<p>[9] <em>Le Vatican, l\u2019Europe et le Reich, <\/em>Kapitel 7, S. 332-333 ; und<a href=\"https:\/\/www.historiographie.info\/ukr33maj2008.pdf\"> https:\/\/www.historiographie.info\/ukr33maj2008.pdf(link is external)<\/a><\/p>\n<p>[10] <em>Le Vatican, l\u2019Europe et le Reich<\/em>, <em>passim<\/em>.<\/p>\n<p>[11] Richard Breitman et Norman Goda,<em> Hitler\u2019s Shadow : Nazi War Criminals, US Intelligence and the Cold War<\/em>, Nationalarchive, 2010,<a href=\"http:\/\/www.archives.gov\/iwg\/reports\/hitlers-shadow.pdf\"> http:\/\/www.archives.gov\/iwg\/reports\/hitlers-shadow.pdf(link is external)<\/a>, S. 76, und das gesamte Kapitel 5 \u00ab Collaborators : Allied intelligence and the Organization of Ukrainian Nationalists \u00bb, S. 73-97 (\u00fcbersetzt ins Franz\u00f6sische <em>\u00c0 l\u2019ombre d\u2019Hitler. <\/em><em>Les services secrets am\u00e9ricains et les criminels nazis pendant la Guerre froide<\/em>, Paris, J.-C. Godefroy, 2022, Kapitel 5 : \u00ab Collaborateurs : l\u2019espionnage alli\u00e9 et l\u2019organisation des nationalistes ukrainiens (OUN) \u00bb).<\/p>\n<p>[12] Geoffrey Roberts, <em>Les guerres de Staline<\/em>, Paris, Delga, 2014 S. 437 (1. Ausgabe, <em>Stalin\u2019s Wars<\/em>, 2006).<\/p>\n<p>[13] Tottle,<em> Fraud, Famine and Fascism, <\/em>Kapitel 9, \u00ab Collaboration and collusion \u00bb<\/p>\n<p>[14] Roman Dmowski, <em>L\u2019avenir de la Pologne, <\/em>Kapitel \u00ab La question ukrainienne \u00bb, dem Brief Nr. 396 beigef\u00fcgte \u00dcbersetzung von Jules Laroche, Warschau, 24. August 1930, UdSSR 1918-1940, Bd. 678, Diplomatisches Archiv.<\/p>\n<p>[15] \u00ab The Hearst press. The campaign continues \u00bb,Tottle, <em>Fraud, Famine and Fascism<\/em>, Kapitel 2, S. 13-21.<\/p>\n<p>[16] Burton Hersh,<em> The American Elite and the origins of the CIA<\/em>, New York, Scribners, 1992, index Wisner.<\/p>\n<p>[17]<a href=\"https:\/\/en.wikipedia.org\/wiki\/George_F._Kennan#Diplomatic_career\"> https:\/\/en.wikipedia.org\/wiki\/George_F._Kennan#Diplomatic_career(link is external)<\/a>, bibliographie \u00e9norme.<\/p>\n<p>[18] Bibliographie Lacroix-Riz<strong>.<\/strong> \u00ab Imp\u00e9rialismes dominants en Ukraine de l\u2019avant 1914 au sauvetage-recyclage germano-am\u00e9ricain des criminels de guerre band\u00e9ristes (1890-1990) \u00bb, chapitre de <em>La Russie sans \u0153ill\u00e8res<\/em>, Paris, Delga, p. 145-169, 2022.<\/p>\n<p>[19] Entretien James Peck, professeur d\u2019histoire adjoint, New York University, collaborateur de Kennan pour ses ouvrages depuis les ann\u00e9es 1980, avec le journaliste chinois Xia Wenxin, <em>Global Times<\/em> (GT), 29 mars 2022, <a href=\"https:\/\/www.globaltimes.cn\/page\/202203\/1257094.shtml\">https:\/\/www.globaltimes.cn\/page\/202203\/1257094.shtml(link is external)<\/a><\/p>\n<p>[20] Interview du 16 janvier 1985, cit\u00e9e <em>in <\/em>Simpson, <em>Blowback<\/em>, p. 159, ce chapitre 12, et index Bandera et Lebed ; Rositzke, <em>The CIA\u2019s Secret Operations : espionage, counterespionage, and covert action<\/em>, New York, Routledge, 2019 (1e \u00e9dition, 1977).<\/p>\n<p>[21] <em>Le Vatican, l\u2019Europe et le Reich<\/em>, chap. 10-11, sur l\u2019Ukraine sovi\u00e9tique, p. 614-615 et index Bucko.<\/p>\n<p>[22] M\u00eal\u00e9s, Breitman et Goda, <em>Hitler\u2019s Shadow<\/em>, p. 77, et Rossolinski-Liebe, <em>Stepan Bandera<\/em>, plus pr\u00e9cis, p. 280.<\/p>\n<p>[23] Lacroix-Riz, <em>La Non-\u00e9puration en France<\/em> <em>de 1943 aux ann\u00e9es 1950<\/em>, Paris, Dunod-Armand Colin, 2019, poche, 2022, p. 47, 82.<\/p>\n<p>[24] Simpson, <em>Blowback<\/em> ; Naftali, \u00ab Reinhard Gehlen and the United States \u00bb, <em>in<\/em> Breitman et al., <em>U.S. Intelligence and the Nazis<\/em>, p. 375-418. Pionnier, le journaliste E.H. Cookridge, agent de renseignements des Anglo-Am\u00e9ricains pendant la guerre, <em>Gehlen, spy of the century<\/em>, London, Hodder and Stoughton, 1971.<\/p>\n<p>[25] Puis au suicide (1965), Hersh, <em>The old boys<\/em>, et Simpson, <em>Blowback<\/em>, Index Wisner.<\/p>\n<p>[26]<a href=\"https:\/\/en.wikipedia.org\/wiki\/Zbigniew_Brzezinski\"> https:\/\/en.wikipedia.org\/wiki\/Zbigniew_Brzezinski(link is external)<\/a><\/p>\n<p>[27] Peter Novick, <em>The Holocaust in American Life<\/em>, Boston, Houghton Mifflin, 1999, und David Wyman, <em>The Abandonment of the Jews: America and the Holocaust 1941-1945<\/em>, New York, Pantheon Books, 1984.<\/p>\n<p>[28] Breitman und Goda, <em>Hitler\u2019s Shadow<\/em>, Kapitel 5, <em>passim<\/em> (und Simpson, <em>Blowback<\/em>, Kapitel 12 und Rossolinski-Liebe, <em>Bandera<\/em>, Kapitel 7).<\/p>\n<p>&nbsp;<\/p>\n<p style=\"text-align: right;\"><em>Annie Lacroix-Riz ist emeritierte Professorin f\u00fcr neuzeitliche Geschichte an der Universit\u00e4t Paris 7<\/em><\/p>\n<p style=\"text-align: right;\"><em>Tobias Baumann ist \u00dcbersetzer und Historiker in Berlin<\/em><\/p>\n<p><span style=\"font-size: 10pt;\">Im Original erschienen auf <a href=\"https:\/\/www.initiative-communiste.fr\/articles\/europe-capital\/bandera-et-le-nazisme-ukrainien-champions-de-l-occident-par-annie-lacroix-riz-historienne\/\">initiative-communiste.fr\/<\/a><\/span><\/p>\n<hr \/>\n<p><span style=\"font-size: 10pt;\">Bilder im Text sind \u00fcbernommen von\u00a0<a href=\"https:\/\/www.initiative-communiste.fr\/articles\/europe-capital\/bandera-et-le-nazisme-ukrainien-champions-de-l-occident-par-annie-lacroix-riz-historienne\/\">initiative-communiste.fr\/<\/a><\/span><\/p>\n<p><span style=\"font-size: 10pt;\">Bild oben: Jaroslav Stetsko trifft George H. W. Bush. <\/span><br \/>\n<span style=\"font-size: 10pt;\">\u00fcbernommen von <a href=\"https:\/\/weltnetz.tv\/story\/2833-bandera-champion-des-westens\" target=\"_blank\" rel=\"noopener\">weltnetz.tv<\/a><\/span><\/p>\n","protected":false},"excerpt":{"rendered":"<p><b>Beitrag von Prof. Annie Lacroix-Riz<\/b> &#8211; \u00dcbersetzung aus dem Franz\u00f6sischen von Tobias Baumann<br \/>\nDer Ukraine-Krieg wurde von Russland nach acht Jahren ukrainisch-westlicher Aggression (2014-2022) gegen die russischsprachigen Menschen in der Ostukraine begonnen. Ihre 14.000 Toten, \u00fcberwiegend Zivilisten, hatten unsere Mainstream-Medien ebenso wenig interessiert wie die Todesf\u00e4lle im Irak, in Serbien, Afghanistan und Syrien, die seit 1991 von den USA angegriffen werden. Die Nordamerikaner streben weltweit nach der Kontrolle \u00fcber \u00d6l, Gas und andere Rohstoffe und zwar unter dem Deckmantel der NATO, die seit ihrer Gr\u00fcndung (1950) einem einzigen US-Kommando untersteht. Die westliche Koalition, die das offizielle russische Ziel der \u00ab Entnazifizierung \u00bb &#8230; von Anfang an l\u00e4cherlich gemacht hat, behauptet, im Namen der \u00ab Demokratie \u00bb &#8230; gegen Russland zu handeln.<\/p>\n","protected":false},"author":3,"featured_media":15361,"comment_status":"closed","ping_status":"closed","sticky":false,"template":"","format":"standard","meta":{"colormag_page_container_layout":"default_layout","colormag_page_sidebar_layout":"default_layout","advanced_seo_description":"","jetpack_seo_html_title":"","jetpack_seo_noindex":false,"jetpack_post_was_ever_published":false,"footnotes":""},"categories":[12],"tags":[648,1641,451,759,222,1168,430,1111,639,185],"class_list":["post-15352","post","type-post","status-publish","format-standard","has-post-thumbnail","hentry","category-demokratie-medien-aufklaerung","tag-2-weltkrieg","tag-bandera","tag-faschismus","tag-geheimdienste","tag-russland","tag-russophobie","tag-sowjetunion","tag-ukraine","tag-ukraine-konflikt","tag-usa"],"jetpack_featured_media_url":"https:\/\/i0.wp.com\/www.freidenker.org\/fw17\/wp-content\/uploads\/2023\/02\/Lacroix-Riz_Titel_800x450.jpg?fit=800%2C450&ssl=1","jetpack_shortlink":"https:\/\/wp.me\/p9stpK-3ZC","jetpack-related-posts":[{"id":21627,"url":"https:\/\/www.freidenker.org\/?p=21627","url_meta":{"origin":15352,"position":0},"title":"Interview mit Prof. Dr. Annie Lacroix-Riz: \u201eDiktatur der Banque de France\u201c","author":"Webredaktion","date":"28. April 2025","format":false,"excerpt":"Die Berliner Freidenker organisierten im Mai 2024 einen Vortrag mit der Pariser Wissenschaftlerin Dr. Annie Lacroix-Riz. Der Journalist Robert Cibis von Ovalmedia war zu dieser Veranstaltung anwesend und interviewte Dr. Annie Lacroix-Riz am Folgetag. In diesem drei\u00dfigmin\u00fctigen Interview beleuchtet die f\u00fcr ihre Kollaborationsarchivforschungen bekannte Geschichtswissenschaftlerin Themen wie etwa die mangelhafte\u2026","rel":"","context":"In &quot;Demokratie \u2013 Medien \u2013 Aufkl\u00e4rung&quot;","block_context":{"text":"Demokratie \u2013 Medien \u2013 Aufkl\u00e4rung","link":"https:\/\/www.freidenker.org\/?cat=12"},"img":{"alt_text":"","src":"https:\/\/i0.wp.com\/www.freidenker.org\/fw17\/wp-content\/uploads\/2025\/04\/Lacroix-Riz_ovalmedia_800x450.jpg?fit=800%2C450&ssl=1&resize=350%2C200","width":350,"height":200,"srcset":"https:\/\/i0.wp.com\/www.freidenker.org\/fw17\/wp-content\/uploads\/2025\/04\/Lacroix-Riz_ovalmedia_800x450.jpg?fit=800%2C450&ssl=1&resize=350%2C200 1x, https:\/\/i0.wp.com\/www.freidenker.org\/fw17\/wp-content\/uploads\/2025\/04\/Lacroix-Riz_ovalmedia_800x450.jpg?fit=800%2C450&ssl=1&resize=525%2C300 1.5x, https:\/\/i0.wp.com\/www.freidenker.org\/fw17\/wp-content\/uploads\/2025\/04\/Lacroix-Riz_ovalmedia_800x450.jpg?fit=800%2C450&ssl=1&resize=700%2C400 2x"},"classes":[]},{"id":19291,"url":"https:\/\/www.freidenker.org\/?p=19291","url_meta":{"origin":15352,"position":1},"title":"Berliner Freidenker lernen vom franz\u00f6sischen Marxismus","author":"Webredaktion","date":"7. Juni 2024","format":false,"excerpt":"Pressemitteilung des Landesverbandes Berlin des Deutschen Freidenker-Verbandes vom 30.05.2024 Mitte Mai dieses Jahres sprach die franz\u00f6sische Historikerin Dr. Annie Lacroix-Riz, Spezialistin f\u00fcr Kollaborationsforschung und f\u00fcr die Geschichte der intraeurop\u00e4ischen Beziehungen sowie der europ\u00e4isch-nordamerikanischen Beziehungen des 20. Jahrhunderts, bei einer von den Berliner Freidenkern organisierten Veranstaltung im Sprechsaal \u00fcber den realkapitalistischen\u2026","rel":"","context":"In &quot;Veranstaltungen in den DFV-Landesverb\u00e4nden&quot;","block_context":{"text":"Veranstaltungen in den DFV-Landesverb\u00e4nden","link":"https:\/\/www.freidenker.org\/?cat=19"},"img":{"alt_text":"","src":"https:\/\/i0.wp.com\/www.freidenker.org\/fw17\/wp-content\/uploads\/2024\/06\/Lacroix-Riz_Berlin_01_800x450.jpg?fit=800%2C450&ssl=1&resize=350%2C200","width":350,"height":200,"srcset":"https:\/\/i0.wp.com\/www.freidenker.org\/fw17\/wp-content\/uploads\/2024\/06\/Lacroix-Riz_Berlin_01_800x450.jpg?fit=800%2C450&ssl=1&resize=350%2C200 1x, https:\/\/i0.wp.com\/www.freidenker.org\/fw17\/wp-content\/uploads\/2024\/06\/Lacroix-Riz_Berlin_01_800x450.jpg?fit=800%2C450&ssl=1&resize=525%2C300 1.5x, https:\/\/i0.wp.com\/www.freidenker.org\/fw17\/wp-content\/uploads\/2024\/06\/Lacroix-Riz_Berlin_01_800x450.jpg?fit=800%2C450&ssl=1&resize=700%2C400 2x"},"classes":[]},{"id":12444,"url":"https:\/\/www.freidenker.org\/?p=12444","url_meta":{"origin":15352,"position":2},"title":"Die USA und die EU steuern auf die Rehabilitierung des Faschismus zu","author":"Webredaktion","date":"12. M\u00e4rz 2022","format":false,"excerpt":"Appell des Pr\u00e4sidiums des Zentralkomitees der Kommunistischen Partei der Russischen F\u00f6deration (KPRF) In diesen Tagen nehmen die Bandera-Faschisten Hunderttausende von Einwohnern ukrainischer St\u00e4dte als Geiseln, um eine vollst\u00e4ndige Niederlage zu vermeiden. Unter Androhung des Todes lassen die Nazis die Zivilbev\u00f6lkerung nicht aus dem Kampfgebiet heraus und verdammen sie zur Rolle\u2026","rel":"","context":"In &quot;Frieden - Antifaschismus - Solidarit\u00e4t&quot;","block_context":{"text":"Frieden - Antifaschismus - Solidarit\u00e4t","link":"https:\/\/www.freidenker.org\/?cat=13"},"img":{"alt_text":"","src":"https:\/\/i0.wp.com\/www.freidenker.org\/fw17\/wp-content\/uploads\/2022\/03\/Sjuganow_KPRF_800x450.jpg?fit=800%2C450&ssl=1&resize=350%2C200","width":350,"height":200,"srcset":"https:\/\/i0.wp.com\/www.freidenker.org\/fw17\/wp-content\/uploads\/2022\/03\/Sjuganow_KPRF_800x450.jpg?fit=800%2C450&ssl=1&resize=350%2C200 1x, https:\/\/i0.wp.com\/www.freidenker.org\/fw17\/wp-content\/uploads\/2022\/03\/Sjuganow_KPRF_800x450.jpg?fit=800%2C450&ssl=1&resize=525%2C300 1.5x, https:\/\/i0.wp.com\/www.freidenker.org\/fw17\/wp-content\/uploads\/2022\/03\/Sjuganow_KPRF_800x450.jpg?fit=800%2C450&ssl=1&resize=700%2C400 2x"},"classes":[]},{"id":20407,"url":"https:\/\/www.freidenker.org\/?p=20407","url_meta":{"origin":15352,"position":3},"title":"Rede im O-Ton: Putin k\u00fcndigt Angriffe an","author":"Webredaktion","date":"24. November 2024","format":false,"excerpt":"Beitrag von Thomas R\u00f6per Am Donnerstag wurde gemeldet, dass Russland angeblich mit einer ballistischen Rakete ein Ziel in der Ukraine angegriffen hat. Wie sich nun herausstellt, war das eine neue, bisher geheime Hyperschallwaffe, die Russland als Warnung an den Westen eingesetzt hat. Das hat der russische Pr\u00e4sident Putin in seiner\u2026","rel":"","context":"In &quot;Demokratie \u2013 Medien \u2013 Aufkl\u00e4rung&quot;","block_context":{"text":"Demokratie \u2013 Medien \u2013 Aufkl\u00e4rung","link":"https:\/\/www.freidenker.org\/?cat=12"},"img":{"alt_text":"","src":"https:\/\/i0.wp.com\/www.freidenker.org\/fw17\/wp-content\/uploads\/2024\/11\/putin-ansprache_800x450.jpg?fit=800%2C450&ssl=1&resize=350%2C200","width":350,"height":200,"srcset":"https:\/\/i0.wp.com\/www.freidenker.org\/fw17\/wp-content\/uploads\/2024\/11\/putin-ansprache_800x450.jpg?fit=800%2C450&ssl=1&resize=350%2C200 1x, https:\/\/i0.wp.com\/www.freidenker.org\/fw17\/wp-content\/uploads\/2024\/11\/putin-ansprache_800x450.jpg?fit=800%2C450&ssl=1&resize=525%2C300 1.5x, https:\/\/i0.wp.com\/www.freidenker.org\/fw17\/wp-content\/uploads\/2024\/11\/putin-ansprache_800x450.jpg?fit=800%2C450&ssl=1&resize=700%2C400 2x"},"classes":[]},{"id":24973,"url":"https:\/\/www.freidenker.org\/?p=24973","url_meta":{"origin":15352,"position":4},"title":"Der pers\u00f6nliche Einsatz des Friedrich Merz f\u00fcr die Ukraine","author":"Webredaktion","date":"23. April 2026","format":false,"excerpt":"Buchauszug von Wolfgang Bittner Der deutsche Bundeskanzler Friedrich Merz freut sich, dass Victor Orb\u00e1n nicht wiedergew\u00e4hlt wurde und dass die EU jetzt 90 Milliarden Euro an die Ukraine \u00fcberweisen kann. Am 14. April hat Merz den ukrainischen Machthaber Wolodymyr Selenskyj mit milit\u00e4rischen Ehren in Berlin empfangen. Unter anderem wurde eine\u2026","rel":"","context":"In &quot;Aktuelles&quot;","block_context":{"text":"Aktuelles","link":"https:\/\/www.freidenker.org\/?cat=574"},"img":{"alt_text":"","src":"https:\/\/i0.wp.com\/www.freidenker.org\/fw17\/wp-content\/uploads\/2026\/04\/merz_selenskyj_berlin_2026-04-14_800x450.jpg?fit=800%2C450&ssl=1&resize=350%2C200","width":350,"height":200,"srcset":"https:\/\/i0.wp.com\/www.freidenker.org\/fw17\/wp-content\/uploads\/2026\/04\/merz_selenskyj_berlin_2026-04-14_800x450.jpg?fit=800%2C450&ssl=1&resize=350%2C200 1x, https:\/\/i0.wp.com\/www.freidenker.org\/fw17\/wp-content\/uploads\/2026\/04\/merz_selenskyj_berlin_2026-04-14_800x450.jpg?fit=800%2C450&ssl=1&resize=525%2C300 1.5x, https:\/\/i0.wp.com\/www.freidenker.org\/fw17\/wp-content\/uploads\/2026\/04\/merz_selenskyj_berlin_2026-04-14_800x450.jpg?fit=800%2C450&ssl=1&resize=700%2C400 2x"},"classes":[]},{"id":12356,"url":"https:\/\/www.freidenker.org\/?p=12356","url_meta":{"origin":15352,"position":5},"title":"Ein irrer Propagandafeldzug gegen Russland","author":"Webredaktion","date":"3. M\u00e4rz 2022","format":false,"excerpt":"Ein Kommentar von Wolfgang Bittner Putin sei ein M\u00f6rder, sagte Joe Biden im M\u00e4rz 2021, und Ronald Reagan hatte Russland 1983 kurzerhand zum ''Reich des B\u00f6sen'' erkl\u00e4rt. Damit lie\u00dfen sich alle Aggressionen und Sanktionen gegen ein europ\u00e4isches Land und dessen Pr\u00e4sidenten, der sich den Machtanspr\u00fcchen der USA widersetzte, vor den\u2026","rel":"","context":"In &quot;Demokratie \u2013 Medien \u2013 Aufkl\u00e4rung&quot;","block_context":{"text":"Demokratie \u2013 Medien \u2013 Aufkl\u00e4rung","link":"https:\/\/www.freidenker.org\/?cat=12"},"img":{"alt_text":"","src":"https:\/\/i0.wp.com\/www.freidenker.org\/fw17\/wp-content\/uploads\/2022\/03\/Collage_Screenshots_russland-hass_800x450-1.jpg?fit=800%2C445&ssl=1&resize=350%2C200","width":350,"height":200,"srcset":"https:\/\/i0.wp.com\/www.freidenker.org\/fw17\/wp-content\/uploads\/2022\/03\/Collage_Screenshots_russland-hass_800x450-1.jpg?fit=800%2C445&ssl=1&resize=350%2C200 1x, https:\/\/i0.wp.com\/www.freidenker.org\/fw17\/wp-content\/uploads\/2022\/03\/Collage_Screenshots_russland-hass_800x450-1.jpg?fit=800%2C445&ssl=1&resize=525%2C300 1.5x, https:\/\/i0.wp.com\/www.freidenker.org\/fw17\/wp-content\/uploads\/2022\/03\/Collage_Screenshots_russland-hass_800x450-1.jpg?fit=800%2C445&ssl=1&resize=700%2C400 2x"},"classes":[]}],"_links":{"self":[{"href":"https:\/\/www.freidenker.org\/index.php?rest_route=\/wp\/v2\/posts\/15352","targetHints":{"allow":["GET"]}}],"collection":[{"href":"https:\/\/www.freidenker.org\/index.php?rest_route=\/wp\/v2\/posts"}],"about":[{"href":"https:\/\/www.freidenker.org\/index.php?rest_route=\/wp\/v2\/types\/post"}],"author":[{"embeddable":true,"href":"https:\/\/www.freidenker.org\/index.php?rest_route=\/wp\/v2\/users\/3"}],"replies":[{"embeddable":true,"href":"https:\/\/www.freidenker.org\/index.php?rest_route=%2Fwp%2Fv2%2Fcomments&post=15352"}],"version-history":[{"count":0,"href":"https:\/\/www.freidenker.org\/index.php?rest_route=\/wp\/v2\/posts\/15352\/revisions"}],"wp:featuredmedia":[{"embeddable":true,"href":"https:\/\/www.freidenker.org\/index.php?rest_route=\/wp\/v2\/media\/15361"}],"wp:attachment":[{"href":"https:\/\/www.freidenker.org\/index.php?rest_route=%2Fwp%2Fv2%2Fmedia&parent=15352"}],"wp:term":[{"taxonomy":"category","embeddable":true,"href":"https:\/\/www.freidenker.org\/index.php?rest_route=%2Fwp%2Fv2%2Fcategories&post=15352"},{"taxonomy":"post_tag","embeddable":true,"href":"https:\/\/www.freidenker.org\/index.php?rest_route=%2Fwp%2Fv2%2Ftags&post=15352"}],"curies":[{"name":"wp","href":"https:\/\/api.w.org\/{rel}","templated":true}]}}