{"id":15293,"date":"2023-02-19T23:39:23","date_gmt":"2023-02-19T22:39:23","guid":{"rendered":"https:\/\/www.freidenker.org\/?p=15293"},"modified":"2023-03-11T18:36:35","modified_gmt":"2023-03-11T17:36:35","slug":"ende-der-westlichen-dominanz","status":"publish","type":"post","link":"https:\/\/www.freidenker.org\/?p=15293","title":{"rendered":"Ende der westlichen Dominanz?"},"content":{"rendered":"<h5>Vortrag und Diskussion mit J\u00f6rg Kronauer<\/h5>\n<p><strong><span style=\"font-size: 14pt;\">Montag, 06. 03.2023, 19.00 Uhr<\/span><\/strong><br \/>\n<strong><span style=\"font-size: 14pt;\">EineWeltHaus M\u00fcnchen, Gro\u00dfer Saal<\/span><\/strong><br \/>\n<span style=\"font-size: 12pt;\">Schwanthalerstr. 80, 80336 M\u00fcnchen<\/span><br \/>\n<span style=\"font-size: 12pt;\">U-Bahn-Station Theresienwiese<\/span><\/p>\n<p>Die globalen Kr\u00e4fteverh\u00e4ltnisse haben sich ver\u00e4ndert. Chinas vieldiskutierter Aufstieg, Indiens \u201eAsiatisches Jahrhundert\u201c und Lateinamerika gehen eigene Wege und l\u00f6sen sich aus der US-Hegemonie. Neue nichtwestliche B\u00fcndnisse wie BRICS oder die Shanghai Cooperation Organisation (SCO). Selbst die Staaten der Arabischen Halbinsel, traditionell sehr enge Parteig\u00e4nger des Westens, beginnen eigene Wege zu gehen. Mit ihrer Weigerung, sich an den Russland-Sanktionen zu beteiligen, widersetzen sich erstmals beinahe alle L\u00e4nder Asiens, Afrikas sowie Lateinamerikas einer zentralen weltpolitischen Forderung des Westens. Doch dieser verzichtet auf seine Dominanz nicht kampflos.<\/p>\n<h5>J\u00f6rg Kronauer<\/h5>\n<p>ist Journalist und Autor mehrerer B\u00fccher u.a. zu Russland und China. Seine Schwerpunkte sind Neofaschismus und internationale Politik.<\/p>\n<p>&nbsp;<\/p>\n<p>Eintritt frei.<\/p>\n<p><img data-recalc-dims=\"1\" loading=\"lazy\" decoding=\"async\" data-attachment-id=\"15295\" data-permalink=\"https:\/\/www.freidenker.org\/?attachment_id=15295\" data-orig-file=\"https:\/\/i0.wp.com\/www.freidenker.org\/fw17\/wp-content\/uploads\/2023\/02\/DFV_Muenchen.jpg?fit=674%2C199&amp;ssl=1\" data-orig-size=\"674,199\" data-comments-opened=\"0\" data-image-meta=\"{&quot;aperture&quot;:&quot;0&quot;,&quot;credit&quot;:&quot;&quot;,&quot;camera&quot;:&quot;&quot;,&quot;caption&quot;:&quot;&quot;,&quot;created_timestamp&quot;:&quot;0&quot;,&quot;copyright&quot;:&quot;&quot;,&quot;focal_length&quot;:&quot;0&quot;,&quot;iso&quot;:&quot;0&quot;,&quot;shutter_speed&quot;:&quot;0&quot;,&quot;title&quot;:&quot;&quot;,&quot;orientation&quot;:&quot;1&quot;}\" data-image-title=\"DFV_M\u00fcnchen\" data-image-description=\"\" data-image-caption=\"\" data-large-file=\"https:\/\/i0.wp.com\/www.freidenker.org\/fw17\/wp-content\/uploads\/2023\/02\/DFV_Muenchen.jpg?fit=674%2C199&amp;ssl=1\" class=\"alignnone wp-image-15295 size-medium\" src=\"https:\/\/i0.wp.com\/www.freidenker.org\/fw17\/wp-content\/uploads\/2023\/02\/DFV_Muenchen.jpg?resize=300%2C89&#038;ssl=1\" alt=\"\" width=\"300\" height=\"89\" srcset=\"https:\/\/i0.wp.com\/www.freidenker.org\/fw17\/wp-content\/uploads\/2023\/02\/DFV_Muenchen.jpg?resize=300%2C89&amp;ssl=1 300w, https:\/\/i0.wp.com\/www.freidenker.org\/fw17\/wp-content\/uploads\/2023\/02\/DFV_Muenchen.jpg?w=674&amp;ssl=1 674w\" sizes=\"auto, (max-width: 300px) 100vw, 300px\" \/><img data-recalc-dims=\"1\" loading=\"lazy\" decoding=\"async\" data-attachment-id=\"15298\" data-permalink=\"https:\/\/www.freidenker.org\/?attachment_id=15298\" data-orig-file=\"https:\/\/i0.wp.com\/www.freidenker.org\/fw17\/wp-content\/uploads\/2023\/02\/MES_Logo-768x362-1.jpg?fit=768%2C362&amp;ssl=1\" data-orig-size=\"768,362\" data-comments-opened=\"0\" data-image-meta=\"{&quot;aperture&quot;:&quot;0&quot;,&quot;credit&quot;:&quot;&quot;,&quot;camera&quot;:&quot;&quot;,&quot;caption&quot;:&quot;&quot;,&quot;created_timestamp&quot;:&quot;0&quot;,&quot;copyright&quot;:&quot;&quot;,&quot;focal_length&quot;:&quot;0&quot;,&quot;iso&quot;:&quot;0&quot;,&quot;shutter_speed&quot;:&quot;0&quot;,&quot;title&quot;:&quot;&quot;,&quot;orientation&quot;:&quot;0&quot;}\" data-image-title=\"MES_Logo-768&amp;#215;362\" data-image-description=\"\" data-image-caption=\"\" data-large-file=\"https:\/\/i0.wp.com\/www.freidenker.org\/fw17\/wp-content\/uploads\/2023\/02\/MES_Logo-768x362-1.jpg?fit=768%2C362&amp;ssl=1\" class=\"alignnone wp-image-15298 size-medium\" src=\"https:\/\/i0.wp.com\/www.freidenker.org\/fw17\/wp-content\/uploads\/2023\/02\/MES_Logo-768x362-1.jpg?resize=300%2C141&#038;ssl=1\" alt=\"\" width=\"300\" height=\"141\" srcset=\"https:\/\/i0.wp.com\/www.freidenker.org\/fw17\/wp-content\/uploads\/2023\/02\/MES_Logo-768x362-1.jpg?resize=300%2C141&amp;ssl=1 300w, https:\/\/i0.wp.com\/www.freidenker.org\/fw17\/wp-content\/uploads\/2023\/02\/MES_Logo-768x362-1.jpg?w=768&amp;ssl=1 768w\" sizes=\"auto, (max-width: 300px) 100vw, 300px\" \/><\/p>\n<p>Eine Veranstaltung des Deutschen Freidenker-Verbandes, Ortsverband M\u00fcnchen in Zusammenarbeit mit der Marx-Engels-Stiftung und mit freundlicher Unterst\u00fctzung der JW-Leserini<\/p>\n<hr \/>\n<p><strong>Download<\/strong><\/p>\n<p><img loading=\"lazy\" decoding=\"async\" data-attachment-id=\"1076\" data-permalink=\"https:\/\/www.freidenker.org\/?attachment_id=1076\" data-orig-file=\"https:\/\/i0.wp.com\/www.freidenker.org\/fw17\/wp-content\/uploads\/2017\/10\/pdf_icon-2.png?fit=32%2C32&amp;ssl=1\" data-orig-size=\"32,32\" data-comments-opened=\"0\" data-image-meta=\"{&quot;aperture&quot;:&quot;0&quot;,&quot;credit&quot;:&quot;&quot;,&quot;camera&quot;:&quot;&quot;,&quot;caption&quot;:&quot;&quot;,&quot;created_timestamp&quot;:&quot;0&quot;,&quot;copyright&quot;:&quot;&quot;,&quot;focal_length&quot;:&quot;0&quot;,&quot;iso&quot;:&quot;0&quot;,&quot;shutter_speed&quot;:&quot;0&quot;,&quot;title&quot;:&quot;&quot;,&quot;orientation&quot;:&quot;0&quot;}\" data-image-title=\"pdf_icon\" data-image-description=\"\" data-image-caption=\"\" data-large-file=\"https:\/\/i0.wp.com\/www.freidenker.org\/fw17\/wp-content\/uploads\/2017\/10\/pdf_icon-2.png?fit=32%2C32&amp;ssl=1\" class=\"alignnone size-full wp-image-1076\" src=\"https:\/\/i0.wp.com\/www.freidenker.org\/fw17\/wp-content\/uploads\/2017\/10\/pdf_icon-2.png?resize=32%2C32&amp;ssl=1\" alt=\"\" width=\"32\" height=\"32\" data-attachment-id=\"1076\" data-permalink=\"https:\/\/www.freidenker.org\/?attachment_id=1076\" data-orig-file=\"https:\/\/i0.wp.com\/www.freidenker.org\/fw17\/wp-content\/uploads\/2017\/10\/pdf_icon-2.png?fit=32%2C32&amp;ssl=1\" data-orig-size=\"32,32\" data-comments-opened=\"0\" data-image-meta=\"{&quot;aperture&quot;:&quot;0&quot;,&quot;credit&quot;:&quot;&quot;,&quot;camera&quot;:&quot;&quot;,&quot;caption&quot;:&quot;&quot;,&quot;created_timestamp&quot;:&quot;0&quot;,&quot;copyright&quot;:&quot;&quot;,&quot;focal_length&quot;:&quot;0&quot;,&quot;iso&quot;:&quot;0&quot;,&quot;shutter_speed&quot;:&quot;0&quot;,&quot;title&quot;:&quot;&quot;,&quot;orientation&quot;:&quot;0&quot;}\" data-image-title=\"pdf_icon\" data-image-description=\"\" data-image-caption=\"\" data-medium-file=\"https:\/\/i0.wp.com\/www.freidenker.org\/fw17\/wp-content\/uploads\/2017\/10\/pdf_icon-2.png?fit=32%2C32&amp;ssl=1\" data-large-file=\"https:\/\/i0.wp.com\/www.freidenker.org\/fw17\/wp-content\/uploads\/2017\/10\/pdf_icon-2.png?fit=32%2C32&amp;ssl=1\" \/>\u00a0Den\u00a0<a href=\"https:\/\/www.freidenker.org\/fw17\/wp-content\/uploads\/2023\/02\/Kronauer_out-0016.pdf\" target=\"_blank\" rel=\"noopener\">Flyer zur Veranstaltung<\/a> ansehen oder herunterladen (PDF-Dokument, ca. 341 KB)<\/p>\n<hr \/>\n<p><span style=\"font-size: 10pt;\">Bild oben: J\u00f6rg Kronauer 2016<\/span><br \/>\n<span style=\"font-size: 10pt;\">Screenshot aus einem <a href=\"https:\/\/www.youtube.com\/watch?v=fo9vuywEeno\" target=\"_blank\" rel=\"noopener\">Video von MrMarxismo II<\/a><\/span><\/p>\n","protected":false},"excerpt":{"rendered":"<p><b>Vortrag und Diskussion mit J\u00f6rg Kronauer<\/b><br \/>\nMontag, 06. 03.2023, 19.00 Uhr, EineWeltHaus M\u00fcnchen<br \/>\nDie globalen Kr\u00e4fteverh\u00e4ltnisse haben sich ver\u00e4ndert. Chinas vieldiskutierter Aufstieg, Indiens \u201eAsiatisches Jahrhundert\u201c und Lateinamerika gehen eigene Wege und l\u00f6sen sich aus der US-Hegemonie. Neue nichtwestliche B\u00fcndnisse wie BRICS oder die Shanghai Cooperation Organisation (SCO). Selbst die Staaten der Arabischen Halbinsel, traditionell sehr enge Parteig\u00e4nger des Westens, beginnen eigene Wege zu gehen. Mit ihrer Weigerung, sich an den Russland-Sanktionen zu beteiligen, widersetzen sich erstmals beinahe alle L\u00e4nder Asiens, Afrikas sowie Lateinamerikas einer zentralen weltpolitischen Forderung des Westens. Doch dieser verzichtet auf seine Dominanz nicht kampflos.<\/p>\n","protected":false},"author":3,"featured_media":15299,"comment_status":"closed","ping_status":"closed","sticky":false,"template":"","format":"standard","meta":{"colormag_page_container_layout":"default_layout","colormag_page_sidebar_layout":"default_layout","advanced_seo_description":"","jetpack_seo_html_title":"","jetpack_seo_noindex":false,"jetpack_post_was_ever_published":false,"footnotes":""},"categories":[19],"tags":[709,413,1631,1495,1451,222,719,1721],"class_list":["post-15293","post","type-post","status-publish","format-standard","has-post-thumbnail","hentry","category-veranstaltungen-in-den-dfv-landesverbaenden","tag-brics-staaten","tag-china","tag-geopolitik","tag-globalstrategie","tag-lv-bayern","tag-russland","tag-sanktionen","tag-westen"],"jetpack_featured_media_url":"https:\/\/i0.wp.com\/www.freidenker.org\/fw17\/wp-content\/uploads\/2023\/02\/kronauer_800x450.jpg?fit=800%2C450&ssl=1","jetpack_shortlink":"https:\/\/wp.me\/p9stpK-3YF","jetpack-related-posts":[{"id":19756,"url":"https:\/\/www.freidenker.org\/?p=19756","url_meta":{"origin":15293,"position":0},"title":"Die zwei Pfeiler der BRICS: Russland und China als treibende Kr\u00e4fte einer neuen Weltordnung","author":"Webredaktion","date":"21. August 2024","format":false,"excerpt":"Beitrag von Rainer Rupp Im Oktober versammelt sich die BRICS-Gruppe in Kasan, Tatarstan \u2013 \u00fcber 90 Staaten sind dabei, als Mitglieder, Anw\u00e4rter oder Beobachter. Doch wie wurden die BRICS zu einer derart m\u00e4chtigen Kraft, die nicht nur den Globalen S\u00fcden, sondern auch europ\u00e4ische Nationen in ihren Bann zieht? Die BRICS-Vereinigung,\u00a0in\u2026","rel":"","context":"In &quot;Demokratie \u2013 Medien \u2013 Aufkl\u00e4rung&quot;","block_context":{"text":"Demokratie \u2013 Medien \u2013 Aufkl\u00e4rung","link":"https:\/\/www.freidenker.org\/?cat=12"},"img":{"alt_text":"","src":"https:\/\/i0.wp.com\/www.freidenker.org\/fw17\/wp-content\/uploads\/2024\/08\/BRICS_Brasil_2019_48531502032_800x450.jpg?fit=800%2C450&ssl=1&resize=350%2C200","width":350,"height":200,"srcset":"https:\/\/i0.wp.com\/www.freidenker.org\/fw17\/wp-content\/uploads\/2024\/08\/BRICS_Brasil_2019_48531502032_800x450.jpg?fit=800%2C450&ssl=1&resize=350%2C200 1x, https:\/\/i0.wp.com\/www.freidenker.org\/fw17\/wp-content\/uploads\/2024\/08\/BRICS_Brasil_2019_48531502032_800x450.jpg?fit=800%2C450&ssl=1&resize=525%2C300 1.5x, https:\/\/i0.wp.com\/www.freidenker.org\/fw17\/wp-content\/uploads\/2024\/08\/BRICS_Brasil_2019_48531502032_800x450.jpg?fit=800%2C450&ssl=1&resize=700%2C400 2x"},"classes":[]},{"id":24644,"url":"https:\/\/www.freidenker.org\/?p=24644","url_meta":{"origin":15293,"position":1},"title":"FREIDENKER 1-26 \u2013 Multipolare Welt gegen imperialistische Hegemonie","author":"Webredaktion","date":"23. M\u00e4rz 2026","format":false,"excerpt":"Die Ausgabe 1-26 des Verbandsorgans FREIDENKER hat das Schwerpunkt-Thema \u201eMultipolare Welt gegen imperialistische Hegemonie\u201c und enth\u00e4lt u.a. folgende Beitr\u00e4ge: - Elke Zwinge-Makamizile: Die BRICS-Staaten \u2013 Motor der multipolaren Entwicklung - Uwe Behrens: China und die Neue Seidenstra\u00dfe - Ibrahim Traor\u00e9: Neutralit\u00e4t ist keine Option - Werner R\u00fcgemer: Das gef\u00e4hrliche Endspiel\u2026","rel":"","context":"In &quot;Verbandsorgan FREIDENKER&quot;","block_context":{"text":"Verbandsorgan FREIDENKER","link":"https:\/\/www.freidenker.org\/?cat=8"},"img":{"alt_text":"","src":"https:\/\/i0.wp.com\/www.freidenker.org\/fw17\/wp-content\/uploads\/2026\/03\/FD_2026-01_Titel.jpg?fit=800%2C445&ssl=1&resize=350%2C200","width":350,"height":200,"srcset":"https:\/\/i0.wp.com\/www.freidenker.org\/fw17\/wp-content\/uploads\/2026\/03\/FD_2026-01_Titel.jpg?fit=800%2C445&ssl=1&resize=350%2C200 1x, https:\/\/i0.wp.com\/www.freidenker.org\/fw17\/wp-content\/uploads\/2026\/03\/FD_2026-01_Titel.jpg?fit=800%2C445&ssl=1&resize=525%2C300 1.5x, https:\/\/i0.wp.com\/www.freidenker.org\/fw17\/wp-content\/uploads\/2026\/03\/FD_2026-01_Titel.jpg?fit=800%2C445&ssl=1&resize=700%2C400 2x"},"classes":[]},{"id":17587,"url":"https:\/\/www.freidenker.org\/?p=17587","url_meta":{"origin":15293,"position":2},"title":"Selbstst\u00e4ndige Au\u00dfenpolitik Serbiens wird nicht akzeptiert","author":"Webredaktion","date":"29. November 2023","format":false,"excerpt":"Aleksandar Vulin als Leiter der serbischen Geheimdienste zur\u00fcckgetreten Beitrag von Bernd Duschner Aleksandar Vulin geh\u00f6rt zu den wichtigsten Vertrauten und St\u00fctzen des serbischen Pr\u00e4sidenten Aleksandar Vu\u010di\u0107.\u00a0Seit 2014 f\u00fchrt dessen Fortschrittspartei (SNS) die Regierungen in Serbien und seit 2014 war Vulin stets Mitglied des Kabinetts, zun\u00e4chst als Minister f\u00fcr Arbeit und\u00a0\u2026","rel":"","context":"In &quot;Demokratie \u2013 Medien \u2013 Aufkl\u00e4rung&quot;","block_context":{"text":"Demokratie \u2013 Medien \u2013 Aufkl\u00e4rung","link":"https:\/\/www.freidenker.org\/?cat=12"},"img":{"alt_text":"","src":"https:\/\/i0.wp.com\/www.freidenker.org\/fw17\/wp-content\/uploads\/2023\/11\/Aleksandar_Vulin_800x450.jpg?fit=800%2C450&ssl=1&resize=350%2C200","width":350,"height":200,"srcset":"https:\/\/i0.wp.com\/www.freidenker.org\/fw17\/wp-content\/uploads\/2023\/11\/Aleksandar_Vulin_800x450.jpg?fit=800%2C450&ssl=1&resize=350%2C200 1x, https:\/\/i0.wp.com\/www.freidenker.org\/fw17\/wp-content\/uploads\/2023\/11\/Aleksandar_Vulin_800x450.jpg?fit=800%2C450&ssl=1&resize=525%2C300 1.5x, https:\/\/i0.wp.com\/www.freidenker.org\/fw17\/wp-content\/uploads\/2023\/11\/Aleksandar_Vulin_800x450.jpg?fit=800%2C450&ssl=1&resize=700%2C400 2x"},"classes":[]},{"id":19272,"url":"https:\/\/www.freidenker.org\/?p=19272","url_meta":{"origin":15293,"position":3},"title":"Weil der Westen es will: Es wird Krieg geben","author":"Webredaktion","date":"3. Juni 2024","format":false,"excerpt":"Beitrag von Tom J. Wellbrock Die Argumentation des Westens \u2013 und auch Deutschlands \u2013 hat sich ge\u00e4ndert. Dadurch begibt er sich in eine Situation, aus der er, selbst wenn er es wollte, nicht mehr so leicht herauskommt. Man kann sich den Kopf dar\u00fcber zerbrechen, welchen Antrieb die einzelnen Beteiligten haben,\u2026","rel":"","context":"In &quot;Demokratie \u2013 Medien \u2013 Aufkl\u00e4rung&quot;","block_context":{"text":"Demokratie \u2013 Medien \u2013 Aufkl\u00e4rung","link":"https:\/\/www.freidenker.org\/?cat=12"},"img":{"alt_text":"","src":"https:\/\/i0.wp.com\/www.freidenker.org\/fw17\/wp-content\/uploads\/2024\/06\/soldier-8499586_800x450.jpg?fit=800%2C450&ssl=1&resize=350%2C200","width":350,"height":200,"srcset":"https:\/\/i0.wp.com\/www.freidenker.org\/fw17\/wp-content\/uploads\/2024\/06\/soldier-8499586_800x450.jpg?fit=800%2C450&ssl=1&resize=350%2C200 1x, https:\/\/i0.wp.com\/www.freidenker.org\/fw17\/wp-content\/uploads\/2024\/06\/soldier-8499586_800x450.jpg?fit=800%2C450&ssl=1&resize=525%2C300 1.5x, https:\/\/i0.wp.com\/www.freidenker.org\/fw17\/wp-content\/uploads\/2024\/06\/soldier-8499586_800x450.jpg?fit=800%2C450&ssl=1&resize=700%2C400 2x"},"classes":[]},{"id":15200,"url":"https:\/\/www.freidenker.org\/?p=15200","url_meta":{"origin":15293,"position":4},"title":"Wir sind im Kriegsmodus","author":"Webredaktion","date":"11. Februar 2023","format":false,"excerpt":"Rede von Wolfgang Bittner Als Joseph Biden 2014 davon sprach, Wladimir Putin m\u00fcsse die Souver\u00e4nit\u00e4t der Ukraine respektieren, sonst werde sich Russland zunehmenden Konsequenzen gegen\u00fcbersehen, war der von den USA lange vorbereitete Staatsstreich in Kiew \u2013 unter Missachtung der Souver\u00e4nit\u00e4t der Ukraine \u2013 bereits vollzogen, und der B\u00fcrgerkrieg in der\u2026","rel":"","context":"In &quot;Frieden - Antifaschismus - Solidarit\u00e4t&quot;","block_context":{"text":"Frieden - Antifaschismus - Solidarit\u00e4t","link":"https:\/\/www.freidenker.org\/?cat=13"},"img":{"alt_text":"","src":"https:\/\/i0.wp.com\/www.freidenker.org\/fw17\/wp-content\/uploads\/2023\/02\/bittner_kriegsmodus_800x450.jpg?fit=800%2C450&ssl=1&resize=350%2C200","width":350,"height":200,"srcset":"https:\/\/i0.wp.com\/www.freidenker.org\/fw17\/wp-content\/uploads\/2023\/02\/bittner_kriegsmodus_800x450.jpg?fit=800%2C450&ssl=1&resize=350%2C200 1x, https:\/\/i0.wp.com\/www.freidenker.org\/fw17\/wp-content\/uploads\/2023\/02\/bittner_kriegsmodus_800x450.jpg?fit=800%2C450&ssl=1&resize=525%2C300 1.5x, https:\/\/i0.wp.com\/www.freidenker.org\/fw17\/wp-content\/uploads\/2023\/02\/bittner_kriegsmodus_800x450.jpg?fit=800%2C450&ssl=1&resize=700%2C400 2x"},"classes":[]},{"id":21075,"url":"https:\/\/www.freidenker.org\/?p=21075","url_meta":{"origin":15293,"position":5},"title":"Auf dem Weg zu einer &#8222;Multipolaren Friedensordnung&#8220;?","author":"Webredaktion","date":"3. M\u00e4rz 2025","format":false,"excerpt":"Die beachtliche Rede des chinesischen Au\u00dfenministers Wang Yi auf der SiKo. Trump \u00fcbt sich im \"Echternacher Pilgerschritt\" und Deutschland st\u00f6\u00dft in die Kriegsfanfare. Standpunkt von Wolfgang Effenberger Die 61. M\u00fcnchner Sicherheitskonferenz fand vom 14. bis 16. Februar 2025 im Hotel Bayerischer Hof in M\u00fcnchen statt. W\u00e4hrend der Konferenz hielt der\u2026","rel":"","context":"In &quot;Demokratie \u2013 Medien \u2013 Aufkl\u00e4rung&quot;","block_context":{"text":"Demokratie \u2013 Medien \u2013 Aufkl\u00e4rung","link":"https:\/\/www.freidenker.org\/?cat=12"},"img":{"alt_text":"","src":"https:\/\/i0.wp.com\/www.freidenker.org\/fw17\/wp-content\/uploads\/2025\/03\/Wang_Yi_02_cropped_800x450.jpg?fit=800%2C450&ssl=1&resize=350%2C200","width":350,"height":200,"srcset":"https:\/\/i0.wp.com\/www.freidenker.org\/fw17\/wp-content\/uploads\/2025\/03\/Wang_Yi_02_cropped_800x450.jpg?fit=800%2C450&ssl=1&resize=350%2C200 1x, https:\/\/i0.wp.com\/www.freidenker.org\/fw17\/wp-content\/uploads\/2025\/03\/Wang_Yi_02_cropped_800x450.jpg?fit=800%2C450&ssl=1&resize=525%2C300 1.5x, https:\/\/i0.wp.com\/www.freidenker.org\/fw17\/wp-content\/uploads\/2025\/03\/Wang_Yi_02_cropped_800x450.jpg?fit=800%2C450&ssl=1&resize=700%2C400 2x"},"classes":[]}],"_links":{"self":[{"href":"https:\/\/www.freidenker.org\/index.php?rest_route=\/wp\/v2\/posts\/15293","targetHints":{"allow":["GET"]}}],"collection":[{"href":"https:\/\/www.freidenker.org\/index.php?rest_route=\/wp\/v2\/posts"}],"about":[{"href":"https:\/\/www.freidenker.org\/index.php?rest_route=\/wp\/v2\/types\/post"}],"author":[{"embeddable":true,"href":"https:\/\/www.freidenker.org\/index.php?rest_route=\/wp\/v2\/users\/3"}],"replies":[{"embeddable":true,"href":"https:\/\/www.freidenker.org\/index.php?rest_route=%2Fwp%2Fv2%2Fcomments&post=15293"}],"version-history":[{"count":0,"href":"https:\/\/www.freidenker.org\/index.php?rest_route=\/wp\/v2\/posts\/15293\/revisions"}],"wp:featuredmedia":[{"embeddable":true,"href":"https:\/\/www.freidenker.org\/index.php?rest_route=\/wp\/v2\/media\/15299"}],"wp:attachment":[{"href":"https:\/\/www.freidenker.org\/index.php?rest_route=%2Fwp%2Fv2%2Fmedia&parent=15293"}],"wp:term":[{"taxonomy":"category","embeddable":true,"href":"https:\/\/www.freidenker.org\/index.php?rest_route=%2Fwp%2Fv2%2Fcategories&post=15293"},{"taxonomy":"post_tag","embeddable":true,"href":"https:\/\/www.freidenker.org\/index.php?rest_route=%2Fwp%2Fv2%2Ftags&post=15293"}],"curies":[{"name":"wp","href":"https:\/\/api.w.org\/{rel}","templated":true}]}}